{"id":59231,"date":"2018-08-07T14:33:55","date_gmt":"2018-08-07T17:33:55","guid":{"rendered":"http:\/\/anoticiaonline.com.br\/site\/?p=59231"},"modified":"2018-08-07T14:33:55","modified_gmt":"2018-08-07T17:33:55","slug":"campanha-de-vacinacao-antirrabica-acontecera-no-final-de-agosto-em-muriae","status":"publish","type":"post","link":"https:\/\/anoticiaonline.com.br\/site\/campanha-de-vacinacao-antirrabica-acontecera-no-final-de-agosto-em-muriae\/","title":{"rendered":"Campanha de Vacina\u00e7\u00e3o Antirr\u00e1bica acontecer\u00e1 no final de agosto em Muria\u00e9"},"content":{"rendered":"<p><a href=\"https:\/\/anoticiaonline.com.br\/site\/wp-content\/uploads\/2018\/08\/Campanha-de-Vacina\u00e7\u00e3o-Antirr\u00e1bica-acontecer\u00e1-no-final-de-agosto-em-Muria\u00e9.jpg\"><img fetchpriority=\"high\" decoding=\"async\" class=\"alignnone size-full wp-image-59232\" src=\"https:\/\/anoticiaonline.com.br\/site\/wp-content\/uploads\/2018\/08\/Campanha-de-Vacina\u00e7\u00e3o-Antirr\u00e1bica-acontecer\u00e1-no-final-de-agosto-em-Muria\u00e9.jpg\" alt=\"\" width=\"800\" height=\"534\" srcset=\"https:\/\/anoticiaonline.com.br\/site\/wp-content\/uploads\/2018\/08\/Campanha-de-Vacina\u00e7\u00e3o-Antirr\u00e1bica-acontecer\u00e1-no-final-de-agosto-em-Muria\u00e9.jpg 800w, https:\/\/anoticiaonline.com.br\/site\/wp-content\/uploads\/2018\/08\/Campanha-de-Vacina\u00e7\u00e3o-Antirr\u00e1bica-acontecer\u00e1-no-final-de-agosto-em-Muria\u00e9-300x200.jpg 300w, https:\/\/anoticiaonline.com.br\/site\/wp-content\/uploads\/2018\/08\/Campanha-de-Vacina\u00e7\u00e3o-Antirr\u00e1bica-acontecer\u00e1-no-final-de-agosto-em-Muria\u00e9-768x513.jpg 768w\" sizes=\"(max-width: 800px) 100vw, 800px\" \/><\/a><\/p>\n<p>Os donos de c\u00e3es e gatos devem ficar atentos. A Campanha de Vacina\u00e7\u00e3o Antirr\u00e1bica ser\u00e1 realizada no final de agosto na cidade. Este ano, a meta \u00e9 imunizar, de forma gratuita, aproximadamente 15 mil caninos e felinos.<\/p>\n<p>A vacina\u00e7\u00e3o come\u00e7a pela \u00e1rea urbana no dia 25. J\u00e1 na \u00e1rea rural, a campanha ter\u00e1 in\u00edcio no dia 27 deste m\u00eas e prosseguir\u00e1 at\u00e9 o dia 31 de agosto. A orienta\u00e7\u00e3o aos tutores \u00e9 para que os c\u00e3es sejam levados presos em guias e os gatos sejam transportados em gaiolas ou caixas especiais para evitar acidentes. Caso os animais estejam doentes ou em tratamento de sa\u00fade, devem esperar a recupera\u00e7\u00e3o para receber a vacina &#8211; isso vale tamb\u00e9m para as f\u00eameas que estejam prenhas.<\/p>\n<p>Em 2017, foram vacinados 15.800 c\u00e3es e gatos, um aumento de 30% se comparado aos n\u00fameros da vacina\u00e7\u00e3o de 2016 (12.114). Neste ano, al\u00e9m dos pontos nos bairros, as equipes da Prefeitura ir\u00e3o \u00e0s casas de pessoas que possuem mais de dez animais, para facilitar a imuniza\u00e7\u00e3o. Para isso, o dono deve se apresentar at\u00e9 o dia 20 de agosto no Setor de Vigil\u00e2ncia Ambiental (localizado na Rua Vereador Jos\u00e9 Messias, 65, Santo Ant\u00f4nio) para agendamento.<\/p>\n<p>A raiva \u00e9 uma zoonose que pode matar se n\u00e3o for prevenida e cuidada. Segundo a diretora da Sa\u00fade Ambiental da Secretaria Municipal de Sa\u00fade, Carla Morcerf, a vacina antirr\u00e1bica \u00e9, ainda hoje, a \u00fanica forma de preven\u00e7\u00e3o contra a doen\u00e7a. \u201cEmbora a raiva seja uma doen\u00e7a controlada, ela ainda gera grande preocupa\u00e7\u00e3o. Por isso, a vacina\u00e7\u00e3o tem que ser refor\u00e7ada todos os anos. \u00c9 preciso que os propriet\u00e1rios de c\u00e3es e gatos levem seus animais de estima\u00e7\u00e3o para se vacinar, para que continuem saud\u00e1veis e fiquem livres desta doen\u00e7a\u201d, diz.<\/p>\n<p>Cr\u00e9ditos: ASCOM PMM<\/p>\n","protected":false},"excerpt":{"rendered":"<p>Os donos de c\u00e3es e gatos devem ficar atentos. A Campanha de Vacina\u00e7\u00e3o Antirr\u00e1bica ser\u00e1 realizada no final de agosto na cidade. Este ano, a meta \u00e9 imunizar, de forma gratuita, aproximadamente 15 mil caninos e felinos. A vacina\u00e7\u00e3o come\u00e7a pela \u00e1rea urbana no dia 25. J\u00e1 na \u00e1rea rural, a campanha ter\u00e1 in\u00edcio no &#8230; <a title=\"Campanha de Vacina\u00e7\u00e3o Antirr\u00e1bica acontecer\u00e1 no final de agosto em Muria\u00e9\" class=\"read-more\" href=\"https:\/\/anoticiaonline.com.br\/site\/campanha-de-vacinacao-antirrabica-acontecera-no-final-de-agosto-em-muriae\/\" aria-label=\"Read more about Campanha de Vacina\u00e7\u00e3o Antirr\u00e1bica acontecer\u00e1 no final de agosto em Muria\u00e9\">Ler mais<\/a><\/p>\n","protected":false},"author":2,"featured_media":59232,"comment_status":"open","ping_status":"open","sticky":false,"template":"","format":"standard","meta":{"_acf_changed":false,"_monsterinsights_skip_tracking":false,"footnotes":""},"categories":[30,2893],"tags":[426,74,50],"class_list":["post-59231","post","type-post","status-publish","format-standard","has-post-thumbnail","hentry","category-muriae","category-cotidiano","tag-campanha-de-vacinacao","tag-muriae","tag-vacinacao"],"acf":[],"aioseo_notices":[],"aioseo_head":"\n\t\t<!-- All in One SEO 5.0.0.1 - aioseo.com -->\n\t<meta name=\"description\" content=\"Os donos de c\u00e3es e gatos devem ficar atentos. A Campanha de Vacina\u00e7\u00e3o Antirr\u00e1bica ser\u00e1 realizada no final de agosto na cidade. Este ano, a meta \u00e9 imunizar, de forma gratuita, aproximadamente 15 mil caninos e felinos. A vacina\u00e7\u00e3o come\u00e7a pela \u00e1rea urbana no dia 25. J\u00e1 na \u00e1rea rural, a campanha ter\u00e1 in\u00edcio no\" \/>\n\t<meta name=\"robots\" content=\"max-image-preview:large\" \/>\n\t<meta name=\"author\" content=\"Juliana Laviola\"\/>\n\t<link rel=\"canonical\" href=\"https:\/\/anoticiaonline.com.br\/site\/campanha-de-vacinacao-antirrabica-acontecera-no-final-de-agosto-em-muriae\/\" \/>\n\t<meta name=\"generator\" content=\"All in One SEO (AIOSEO) 5.0.0.1\" \/>\n\t\t<meta property=\"og:locale\" content=\"pt_BR\" \/>\n\t\t<meta property=\"og:site_name\" content=\"A Not\u00edcia Online - Noticias de Muria\u00e9 e regi\u00e3o\" \/>\n\t\t<meta property=\"og:type\" content=\"article\" \/>\n\t\t<meta property=\"og:title\" content=\"Campanha de Vacina\u00e7\u00e3o Antirr\u00e1bica acontecer\u00e1 no final de agosto em Muria\u00e9 - A Not\u00edcia Online\" \/>\n\t\t<meta property=\"og:description\" content=\"Os donos de c\u00e3es e gatos devem ficar atentos. A Campanha de Vacina\u00e7\u00e3o Antirr\u00e1bica ser\u00e1 realizada no final de agosto na cidade. Este ano, a meta \u00e9 imunizar, de forma gratuita, aproximadamente 15 mil caninos e felinos. A vacina\u00e7\u00e3o come\u00e7a pela \u00e1rea urbana no dia 25. J\u00e1 na \u00e1rea rural, a campanha ter\u00e1 in\u00edcio no\" \/>\n\t\t<meta property=\"og:url\" content=\"https:\/\/anoticiaonline.com.br\/site\/campanha-de-vacinacao-antirrabica-acontecera-no-final-de-agosto-em-muriae\/\" \/>\n\t\t<meta property=\"og:image\" content=\"https:\/\/scontent-gig4-1.xx.fbcdn.net\/v\/t39.30808-1\/270437624_4564083193639691_6907940295614233970_n.jpg?stp=dst-jpg_s200x200_tt6&#038;_nc_cat=111&#038;ccb=1-7&#038;_nc_sid=f907e8&#038;_nc_ohc=SM1wRlP3lJwQ7kNvwEPuBYA&#038;_nc_oc=AdnqrjDN_BNjSSHWO-GbkIWH6fkGMLw4bqvL_NH6e2wMveX7G-rP2dAqsDSq1mJMOaY&#038;_nc_zt=24&#038;_nc_ht=scontent-gig4-1.xx&#038;_nc_gid=AoBFJeGrT1hVaew_6rchkQ&#038;oh=00_AfX7QmFGhQhG2jAllVgXCiM1ZrWgvtp80-Bfppyexh1QEg&#038;oe=689E923C\" \/>\n\t\t<meta property=\"og:image:secure_url\" content=\"https:\/\/scontent-gig4-1.xx.fbcdn.net\/v\/t39.30808-1\/270437624_4564083193639691_6907940295614233970_n.jpg?stp=dst-jpg_s200x200_tt6&#038;_nc_cat=111&#038;ccb=1-7&#038;_nc_sid=f907e8&#038;_nc_ohc=SM1wRlP3lJwQ7kNvwEPuBYA&#038;_nc_oc=AdnqrjDN_BNjSSHWO-GbkIWH6fkGMLw4bqvL_NH6e2wMveX7G-rP2dAqsDSq1mJMOaY&#038;_nc_zt=24&#038;_nc_ht=scontent-gig4-1.xx&#038;_nc_gid=AoBFJeGrT1hVaew_6rchkQ&#038;oh=00_AfX7QmFGhQhG2jAllVgXCiM1ZrWgvtp80-Bfppyexh1QEg&#038;oe=689E923C\" \/>\n\t\t<meta property=\"article:published_time\" content=\"2018-08-07T17:33:55+00:00\" \/>\n\t\t<meta property=\"article:modified_time\" content=\"2018-08-07T17:33:55+00:00\" \/>\n\t\t<meta name=\"twitter:card\" content=\"summary_large_image\" \/>\n\t\t<meta name=\"twitter:title\" content=\"Campanha de Vacina\u00e7\u00e3o Antirr\u00e1bica acontecer\u00e1 no final de agosto em Muria\u00e9 - A Not\u00edcia Online\" \/>\n\t\t<meta name=\"twitter:description\" content=\"Os donos de c\u00e3es e gatos devem ficar atentos. A Campanha de Vacina\u00e7\u00e3o Antirr\u00e1bica ser\u00e1 realizada no final de agosto na cidade. Este ano, a meta \u00e9 imunizar, de forma gratuita, aproximadamente 15 mil caninos e felinos. A vacina\u00e7\u00e3o come\u00e7a pela \u00e1rea urbana no dia 25. J\u00e1 na \u00e1rea rural, a campanha ter\u00e1 in\u00edcio no\" \/>\n\t\t<meta name=\"twitter:image\" content=\"https:\/\/scontent-gig4-1.xx.fbcdn.net\/v\/t39.30808-1\/270437624_4564083193639691_6907940295614233970_n.jpg?stp=dst-jpg_s200x200_tt6&amp;_nc_cat=111&amp;ccb=1-7&amp;_nc_sid=f907e8&amp;_nc_ohc=SM1wRlP3lJwQ7kNvwEPuBYA&amp;_nc_oc=AdnqrjDN_BNjSSHWO-GbkIWH6fkGMLw4bqvL_NH6e2wMveX7G-rP2dAqsDSq1mJMOaY&amp;_nc_zt=24&amp;_nc_ht=scontent-gig4-1.xx&amp;_nc_gid=AoBFJeGrT1hVaew_6rchkQ&amp;oh=00_AfX7QmFGhQhG2jAllVgXCiM1ZrWgvtp80-Bfppyexh1QEg&amp;oe=689E923C\" \/>\n\t\t<script type=\"application\/ld+json\" class=\"aioseo-schema\">\n\t\t\t{\"@context\":\"https:\\\/\\\/schema.org\",\"@graph\":[{\"@type\":\"BlogPosting\",\"@id\":\"https:\\\/\\\/anoticiaonline.com.br\\\/site\\\/campanha-de-vacinacao-antirrabica-acontecera-no-final-de-agosto-em-muriae\\\/#blogposting\",\"name\":\"Campanha de Vacina\\u00e7\\u00e3o Antirr\\u00e1bica acontecer\\u00e1 no final de agosto em Muria\\u00e9 - A Not\\u00edcia Online\",\"headline\":\"Campanha de Vacina\\u00e7\\u00e3o Antirr\\u00e1bica acontecer\\u00e1 no final de agosto em Muria\\u00e9\",\"author\":{\"@id\":\"https:\\\/\\\/anoticiaonline.com.br\\\/site\\\/author\\\/juliana\\\/#author\"},\"publisher\":{\"@id\":\"https:\\\/\\\/anoticiaonline.com.br\\\/site\\\/#organization\"},\"image\":{\"@type\":\"ImageObject\",\"url\":\"https:\\\/\\\/anoticiaonline.com.br\\\/site\\\/wp-content\\\/uploads\\\/2018\\\/08\\\/Campanha-de-Vacina\\u00e7\\u00e3o-Antirr\\u00e1bica-acontecer\\u00e1-no-final-de-agosto-em-Muria\\u00e9.jpg\",\"width\":800,\"height\":534},\"datePublished\":\"2018-08-07T14:33:55-03:00\",\"dateModified\":\"2018-08-07T14:33:55-03:00\",\"inLanguage\":\"pt-BR\",\"mainEntityOfPage\":{\"@id\":\"https:\\\/\\\/anoticiaonline.com.br\\\/site\\\/campanha-de-vacinacao-antirrabica-acontecera-no-final-de-agosto-em-muriae\\\/#webpage\"},\"isPartOf\":{\"@id\":\"https:\\\/\\\/anoticiaonline.com.br\\\/site\\\/campanha-de-vacinacao-antirrabica-acontecera-no-final-de-agosto-em-muriae\\\/#webpage\"},\"articleSection\":\"Blog, Cotidiano, campanha de vacina\\u00e7\\u00e3o, Muria\\u00e9, vacina\\u00e7\\u00e3o\"},{\"@type\":\"BreadcrumbList\",\"@id\":\"https:\\\/\\\/anoticiaonline.com.br\\\/site\\\/campanha-de-vacinacao-antirrabica-acontecera-no-final-de-agosto-em-muriae\\\/#breadcrumblist\",\"itemListElement\":[{\"@type\":\"ListItem\",\"@id\":\"https:\\\/\\\/anoticiaonline.com.br\\\/site#listItem\",\"position\":1,\"name\":\"Home\",\"item\":\"https:\\\/\\\/anoticiaonline.com.br\\\/site\",\"nextItem\":{\"@type\":\"ListItem\",\"@id\":\"https:\\\/\\\/anoticiaonline.com.br\\\/site\\\/categoria\\\/muriae\\\/#listItem\",\"name\":\"Blog\"}},{\"@type\":\"ListItem\",\"@id\":\"https:\\\/\\\/anoticiaonline.com.br\\\/site\\\/categoria\\\/muriae\\\/#listItem\",\"position\":2,\"name\":\"Blog\",\"item\":\"https:\\\/\\\/anoticiaonline.com.br\\\/site\\\/categoria\\\/muriae\\\/\",\"nextItem\":{\"@type\":\"ListItem\",\"@id\":\"https:\\\/\\\/anoticiaonline.com.br\\\/site\\\/categoria\\\/muriae\\\/cotidiano\\\/#listItem\",\"name\":\"Cotidiano\"},\"previousItem\":{\"@type\":\"ListItem\",\"@id\":\"https:\\\/\\\/anoticiaonline.com.br\\\/site#listItem\",\"name\":\"Home\"}},{\"@type\":\"ListItem\",\"@id\":\"https:\\\/\\\/anoticiaonline.com.br\\\/site\\\/categoria\\\/muriae\\\/cotidiano\\\/#listItem\",\"position\":3,\"name\":\"Cotidiano\",\"item\":\"https:\\\/\\\/anoticiaonline.com.br\\\/site\\\/categoria\\\/muriae\\\/cotidiano\\\/\",\"nextItem\":{\"@type\":\"ListItem\",\"@id\":\"https:\\\/\\\/anoticiaonline.com.br\\\/site\\\/campanha-de-vacinacao-antirrabica-acontecera-no-final-de-agosto-em-muriae\\\/#listItem\",\"name\":\"Campanha de Vacina\\u00e7\\u00e3o Antirr\\u00e1bica acontecer\\u00e1 no final de agosto em Muria\\u00e9\"},\"previousItem\":{\"@type\":\"ListItem\",\"@id\":\"https:\\\/\\\/anoticiaonline.com.br\\\/site\\\/categoria\\\/muriae\\\/#listItem\",\"name\":\"Blog\"}},{\"@type\":\"ListItem\",\"@id\":\"https:\\\/\\\/anoticiaonline.com.br\\\/site\\\/campanha-de-vacinacao-antirrabica-acontecera-no-final-de-agosto-em-muriae\\\/#listItem\",\"position\":4,\"name\":\"Campanha de Vacina\\u00e7\\u00e3o Antirr\\u00e1bica acontecer\\u00e1 no final de agosto em Muria\\u00e9\",\"previousItem\":{\"@type\":\"ListItem\",\"@id\":\"https:\\\/\\\/anoticiaonline.com.br\\\/site\\\/categoria\\\/muriae\\\/cotidiano\\\/#listItem\",\"name\":\"Cotidiano\"}}]},{\"@type\":\"Organization\",\"@id\":\"https:\\\/\\\/anoticiaonline.com.br\\\/site\\\/#organization\",\"name\":\"A Not\\u00edcia Online\",\"description\":\"Noticias de Muria\\u00e9 e regi\\u00e3o\",\"url\":\"https:\\\/\\\/anoticiaonline.com.br\\\/site\\\/\",\"logo\":{\"@type\":\"ImageObject\",\"url\":\"https:\\\/\\\/scontent-gig4-1.xx.fbcdn.net\\\/v\\\/t39.30808-1\\\/270437624_4564083193639691_6907940295614233970_n.jpg?stp=dst-jpg_s200x200_tt6&_nc_cat=111&ccb=1-7&_nc_sid=f907e8&_nc_ohc=SM1wRlP3lJwQ7kNvwEPuBYA&_nc_oc=AdnqrjDN_BNjSSHWO-GbkIWH6fkGMLw4bqvL_NH6e2wMveX7G-rP2dAqsDSq1mJMOaY&_nc_zt=24&_nc_ht=scontent-gig4-1.xx&_nc_gid=AoBFJeGrT1hVaew_6rchkQ&oh=00_AfX7QmFGhQhG2jAllVgXCiM1ZrWgvtp80-Bfppyexh1QEg&oe=689E923C\",\"@id\":\"https:\\\/\\\/anoticiaonline.com.br\\\/site\\\/campanha-de-vacinacao-antirrabica-acontecera-no-final-de-agosto-em-muriae\\\/#organizationLogo\"},\"image\":{\"@id\":\"https:\\\/\\\/anoticiaonline.com.br\\\/site\\\/campanha-de-vacinacao-antirrabica-acontecera-no-final-de-agosto-em-muriae\\\/#organizationLogo\"}},{\"@type\":\"Person\",\"@id\":\"https:\\\/\\\/anoticiaonline.com.br\\\/site\\\/author\\\/juliana\\\/#author\",\"url\":\"https:\\\/\\\/anoticiaonline.com.br\\\/site\\\/author\\\/juliana\\\/\",\"name\":\"Juliana Laviola\",\"image\":{\"@type\":\"ImageObject\",\"@id\":\"https:\\\/\\\/anoticiaonline.com.br\\\/site\\\/campanha-de-vacinacao-antirrabica-acontecera-no-final-de-agosto-em-muriae\\\/#authorImage\",\"url\":\"https:\\\/\\\/secure.gravatar.com\\\/avatar\\\/b8d45f5c699b100dfaf0e543582f38f38bf94cb7ae3a5e9abf8d891a34773335?s=96&d=mm&r=g\",\"width\":96,\"height\":96,\"caption\":\"Juliana Laviola\"}},{\"@type\":\"WebPage\",\"@id\":\"https:\\\/\\\/anoticiaonline.com.br\\\/site\\\/campanha-de-vacinacao-antirrabica-acontecera-no-final-de-agosto-em-muriae\\\/#webpage\",\"url\":\"https:\\\/\\\/anoticiaonline.com.br\\\/site\\\/campanha-de-vacinacao-antirrabica-acontecera-no-final-de-agosto-em-muriae\\\/\",\"name\":\"Campanha de Vacina\\u00e7\\u00e3o Antirr\\u00e1bica acontecer\\u00e1 no final de agosto em Muria\\u00e9 - A Not\\u00edcia Online\",\"description\":\"Os donos de c\\u00e3es e gatos devem ficar atentos. A Campanha de Vacina\\u00e7\\u00e3o Antirr\\u00e1bica ser\\u00e1 realizada no final de agosto na cidade. Este ano, a meta \\u00e9 imunizar, de forma gratuita, aproximadamente 15 mil caninos e felinos. A vacina\\u00e7\\u00e3o come\\u00e7a pela \\u00e1rea urbana no dia 25. J\\u00e1 na \\u00e1rea rural, a campanha ter\\u00e1 in\\u00edcio no\",\"inLanguage\":\"pt-BR\",\"isPartOf\":{\"@id\":\"https:\\\/\\\/anoticiaonline.com.br\\\/site\\\/#website\"},\"breadcrumb\":{\"@id\":\"https:\\\/\\\/anoticiaonline.com.br\\\/site\\\/campanha-de-vacinacao-antirrabica-acontecera-no-final-de-agosto-em-muriae\\\/#breadcrumblist\"},\"author\":{\"@id\":\"https:\\\/\\\/anoticiaonline.com.br\\\/site\\\/author\\\/juliana\\\/#author\"},\"creator\":{\"@id\":\"https:\\\/\\\/anoticiaonline.com.br\\\/site\\\/author\\\/juliana\\\/#author\"},\"image\":{\"@type\":\"ImageObject\",\"url\":\"https:\\\/\\\/anoticiaonline.com.br\\\/site\\\/wp-content\\\/uploads\\\/2018\\\/08\\\/Campanha-de-Vacina\\u00e7\\u00e3o-Antirr\\u00e1bica-acontecer\\u00e1-no-final-de-agosto-em-Muria\\u00e9.jpg\",\"@id\":\"https:\\\/\\\/anoticiaonline.com.br\\\/site\\\/campanha-de-vacinacao-antirrabica-acontecera-no-final-de-agosto-em-muriae\\\/#mainImage\",\"width\":800,\"height\":534},\"primaryImageOfPage\":{\"@id\":\"https:\\\/\\\/anoticiaonline.com.br\\\/site\\\/campanha-de-vacinacao-antirrabica-acontecera-no-final-de-agosto-em-muriae\\\/#mainImage\"},\"datePublished\":\"2018-08-07T14:33:55-03:00\",\"dateModified\":\"2018-08-07T14:33:55-03:00\"},{\"@type\":\"WebSite\",\"@id\":\"https:\\\/\\\/anoticiaonline.com.br\\\/site\\\/#website\",\"url\":\"https:\\\/\\\/anoticiaonline.com.br\\\/site\\\/\",\"name\":\"A Not\\u00edcia Online\",\"description\":\"Noticias de Muria\\u00e9 e regi\\u00e3o\",\"inLanguage\":\"pt-BR\",\"publisher\":{\"@id\":\"https:\\\/\\\/anoticiaonline.com.br\\\/site\\\/#organization\"}}]}\n\t\t<\/script>\n\t\t<!-- All in One SEO -->\n\n","aioseo_head_json":{"title":"Campanha de Vacina\u00e7\u00e3o Antirr\u00e1bica acontecer\u00e1 no final de agosto em Muria\u00e9 - A Not\u00edcia Online","description":"Os donos de c\u00e3es e gatos devem ficar atentos. A Campanha de Vacina\u00e7\u00e3o Antirr\u00e1bica ser\u00e1 realizada no final de agosto na cidade. Este ano, a meta \u00e9 imunizar, de forma gratuita, aproximadamente 15 mil caninos e felinos. A vacina\u00e7\u00e3o come\u00e7a pela \u00e1rea urbana no dia 25. J\u00e1 na \u00e1rea rural, a campanha ter\u00e1 in\u00edcio no","canonical_url":"https:\/\/anoticiaonline.com.br\/site\/campanha-de-vacinacao-antirrabica-acontecera-no-final-de-agosto-em-muriae\/","robots":"max-image-preview:large","keywords":"","webmasterTools":{"miscellaneous":""},"schema":{"@context":"https:\/\/schema.org","@graph":[{"@type":"BlogPosting","@id":"https:\/\/anoticiaonline.com.br\/site\/campanha-de-vacinacao-antirrabica-acontecera-no-final-de-agosto-em-muriae\/#blogposting","name":"Campanha de Vacina\u00e7\u00e3o Antirr\u00e1bica acontecer\u00e1 no final de agosto em Muria\u00e9 - A Not\u00edcia Online","headline":"Campanha de Vacina\u00e7\u00e3o Antirr\u00e1bica acontecer\u00e1 no final de agosto em Muria\u00e9","author":{"@id":"https:\/\/anoticiaonline.com.br\/site\/author\/juliana\/#author"},"publisher":{"@id":"https:\/\/anoticiaonline.com.br\/site\/#organization"},"image":{"@type":"ImageObject","url":"https:\/\/anoticiaonline.com.br\/site\/wp-content\/uploads\/2018\/08\/Campanha-de-Vacina\u00e7\u00e3o-Antirr\u00e1bica-acontecer\u00e1-no-final-de-agosto-em-Muria\u00e9.jpg","width":800,"height":534},"datePublished":"2018-08-07T14:33:55-03:00","dateModified":"2018-08-07T14:33:55-03:00","inLanguage":"pt-BR","mainEntityOfPage":{"@id":"https:\/\/anoticiaonline.com.br\/site\/campanha-de-vacinacao-antirrabica-acontecera-no-final-de-agosto-em-muriae\/#webpage"},"isPartOf":{"@id":"https:\/\/anoticiaonline.com.br\/site\/campanha-de-vacinacao-antirrabica-acontecera-no-final-de-agosto-em-muriae\/#webpage"},"articleSection":"Blog, Cotidiano, campanha de vacina\u00e7\u00e3o, Muria\u00e9, vacina\u00e7\u00e3o"},{"@type":"BreadcrumbList","@id":"https:\/\/anoticiaonline.com.br\/site\/campanha-de-vacinacao-antirrabica-acontecera-no-final-de-agosto-em-muriae\/#breadcrumblist","itemListElement":[{"@type":"ListItem","@id":"https:\/\/anoticiaonline.com.br\/site#listItem","position":1,"name":"Home","item":"https:\/\/anoticiaonline.com.br\/site","nextItem":{"@type":"ListItem","@id":"https:\/\/anoticiaonline.com.br\/site\/categoria\/muriae\/#listItem","name":"Blog"}},{"@type":"ListItem","@id":"https:\/\/anoticiaonline.com.br\/site\/categoria\/muriae\/#listItem","position":2,"name":"Blog","item":"https:\/\/anoticiaonline.com.br\/site\/categoria\/muriae\/","nextItem":{"@type":"ListItem","@id":"https:\/\/anoticiaonline.com.br\/site\/categoria\/muriae\/cotidiano\/#listItem","name":"Cotidiano"},"previousItem":{"@type":"ListItem","@id":"https:\/\/anoticiaonline.com.br\/site#listItem","name":"Home"}},{"@type":"ListItem","@id":"https:\/\/anoticiaonline.com.br\/site\/categoria\/muriae\/cotidiano\/#listItem","position":3,"name":"Cotidiano","item":"https:\/\/anoticiaonline.com.br\/site\/categoria\/muriae\/cotidiano\/","nextItem":{"@type":"ListItem","@id":"https:\/\/anoticiaonline.com.br\/site\/campanha-de-vacinacao-antirrabica-acontecera-no-final-de-agosto-em-muriae\/#listItem","name":"Campanha de Vacina\u00e7\u00e3o Antirr\u00e1bica acontecer\u00e1 no final de agosto em Muria\u00e9"},"previousItem":{"@type":"ListItem","@id":"https:\/\/anoticiaonline.com.br\/site\/categoria\/muriae\/#listItem","name":"Blog"}},{"@type":"ListItem","@id":"https:\/\/anoticiaonline.com.br\/site\/campanha-de-vacinacao-antirrabica-acontecera-no-final-de-agosto-em-muriae\/#listItem","position":4,"name":"Campanha de Vacina\u00e7\u00e3o Antirr\u00e1bica acontecer\u00e1 no final de agosto em Muria\u00e9","previousItem":{"@type":"ListItem","@id":"https:\/\/anoticiaonline.com.br\/site\/categoria\/muriae\/cotidiano\/#listItem","name":"Cotidiano"}}]},{"@type":"Organization","@id":"https:\/\/anoticiaonline.com.br\/site\/#organization","name":"A Not\u00edcia Online","description":"Noticias de Muria\u00e9 e regi\u00e3o","url":"https:\/\/anoticiaonline.com.br\/site\/","logo":{"@type":"ImageObject","url":"https:\/\/scontent-gig4-1.xx.fbcdn.net\/v\/t39.30808-1\/270437624_4564083193639691_6907940295614233970_n.jpg?stp=dst-jpg_s200x200_tt6&_nc_cat=111&ccb=1-7&_nc_sid=f907e8&_nc_ohc=SM1wRlP3lJwQ7kNvwEPuBYA&_nc_oc=AdnqrjDN_BNjSSHWO-GbkIWH6fkGMLw4bqvL_NH6e2wMveX7G-rP2dAqsDSq1mJMOaY&_nc_zt=24&_nc_ht=scontent-gig4-1.xx&_nc_gid=AoBFJeGrT1hVaew_6rchkQ&oh=00_AfX7QmFGhQhG2jAllVgXCiM1ZrWgvtp80-Bfppyexh1QEg&oe=689E923C","@id":"https:\/\/anoticiaonline.com.br\/site\/campanha-de-vacinacao-antirrabica-acontecera-no-final-de-agosto-em-muriae\/#organizationLogo"},"image":{"@id":"https:\/\/anoticiaonline.com.br\/site\/campanha-de-vacinacao-antirrabica-acontecera-no-final-de-agosto-em-muriae\/#organizationLogo"}},{"@type":"Person","@id":"https:\/\/anoticiaonline.com.br\/site\/author\/juliana\/#author","url":"https:\/\/anoticiaonline.com.br\/site\/author\/juliana\/","name":"Juliana Laviola","image":{"@type":"ImageObject","@id":"https:\/\/anoticiaonline.com.br\/site\/campanha-de-vacinacao-antirrabica-acontecera-no-final-de-agosto-em-muriae\/#authorImage","url":"https:\/\/secure.gravatar.com\/avatar\/b8d45f5c699b100dfaf0e543582f38f38bf94cb7ae3a5e9abf8d891a34773335?s=96&d=mm&r=g","width":96,"height":96,"caption":"Juliana Laviola"}},{"@type":"WebPage","@id":"https:\/\/anoticiaonline.com.br\/site\/campanha-de-vacinacao-antirrabica-acontecera-no-final-de-agosto-em-muriae\/#webpage","url":"https:\/\/anoticiaonline.com.br\/site\/campanha-de-vacinacao-antirrabica-acontecera-no-final-de-agosto-em-muriae\/","name":"Campanha de Vacina\u00e7\u00e3o Antirr\u00e1bica acontecer\u00e1 no final de agosto em Muria\u00e9 - A Not\u00edcia Online","description":"Os donos de c\u00e3es e gatos devem ficar atentos. A Campanha de Vacina\u00e7\u00e3o Antirr\u00e1bica ser\u00e1 realizada no final de agosto na cidade. Este ano, a meta \u00e9 imunizar, de forma gratuita, aproximadamente 15 mil caninos e felinos. A vacina\u00e7\u00e3o come\u00e7a pela \u00e1rea urbana no dia 25. J\u00e1 na \u00e1rea rural, a campanha ter\u00e1 in\u00edcio no","inLanguage":"pt-BR","isPartOf":{"@id":"https:\/\/anoticiaonline.com.br\/site\/#website"},"breadcrumb":{"@id":"https:\/\/anoticiaonline.com.br\/site\/campanha-de-vacinacao-antirrabica-acontecera-no-final-de-agosto-em-muriae\/#breadcrumblist"},"author":{"@id":"https:\/\/anoticiaonline.com.br\/site\/author\/juliana\/#author"},"creator":{"@id":"https:\/\/anoticiaonline.com.br\/site\/author\/juliana\/#author"},"image":{"@type":"ImageObject","url":"https:\/\/anoticiaonline.com.br\/site\/wp-content\/uploads\/2018\/08\/Campanha-de-Vacina\u00e7\u00e3o-Antirr\u00e1bica-acontecer\u00e1-no-final-de-agosto-em-Muria\u00e9.jpg","@id":"https:\/\/anoticiaonline.com.br\/site\/campanha-de-vacinacao-antirrabica-acontecera-no-final-de-agosto-em-muriae\/#mainImage","width":800,"height":534},"primaryImageOfPage":{"@id":"https:\/\/anoticiaonline.com.br\/site\/campanha-de-vacinacao-antirrabica-acontecera-no-final-de-agosto-em-muriae\/#mainImage"},"datePublished":"2018-08-07T14:33:55-03:00","dateModified":"2018-08-07T14:33:55-03:00"},{"@type":"WebSite","@id":"https:\/\/anoticiaonline.com.br\/site\/#website","url":"https:\/\/anoticiaonline.com.br\/site\/","name":"A Not\u00edcia Online","description":"Noticias de Muria\u00e9 e regi\u00e3o","inLanguage":"pt-BR","publisher":{"@id":"https:\/\/anoticiaonline.com.br\/site\/#organization"}}]},"og:locale":"pt_BR","og:site_name":"A Not\u00edcia Online - Noticias de Muria\u00e9 e regi\u00e3o","og:type":"article","og:title":"Campanha de Vacina\u00e7\u00e3o Antirr\u00e1bica acontecer\u00e1 no final de agosto em Muria\u00e9 - A Not\u00edcia Online","og:description":"Os donos de c\u00e3es e gatos devem ficar atentos. A Campanha de Vacina\u00e7\u00e3o Antirr\u00e1bica ser\u00e1 realizada no final de agosto na cidade. Este ano, a meta \u00e9 imunizar, de forma gratuita, aproximadamente 15 mil caninos e felinos. A vacina\u00e7\u00e3o come\u00e7a pela \u00e1rea urbana no dia 25. J\u00e1 na \u00e1rea rural, a campanha ter\u00e1 in\u00edcio no","og:url":"https:\/\/anoticiaonline.com.br\/site\/campanha-de-vacinacao-antirrabica-acontecera-no-final-de-agosto-em-muriae\/","og:image":"https:\/\/scontent-gig4-1.xx.fbcdn.net\/v\/t39.30808-1\/270437624_4564083193639691_6907940295614233970_n.jpg?stp=dst-jpg_s200x200_tt6&#038;_nc_cat=111&#038;ccb=1-7&#038;_nc_sid=f907e8&#038;_nc_ohc=SM1wRlP3lJwQ7kNvwEPuBYA&#038;_nc_oc=AdnqrjDN_BNjSSHWO-GbkIWH6fkGMLw4bqvL_NH6e2wMveX7G-rP2dAqsDSq1mJMOaY&#038;_nc_zt=24&#038;_nc_ht=scontent-gig4-1.xx&#038;_nc_gid=AoBFJeGrT1hVaew_6rchkQ&#038;oh=00_AfX7QmFGhQhG2jAllVgXCiM1ZrWgvtp80-Bfppyexh1QEg&#038;oe=689E923C","og:image:secure_url":"https:\/\/scontent-gig4-1.xx.fbcdn.net\/v\/t39.30808-1\/270437624_4564083193639691_6907940295614233970_n.jpg?stp=dst-jpg_s200x200_tt6&#038;_nc_cat=111&#038;ccb=1-7&#038;_nc_sid=f907e8&#038;_nc_ohc=SM1wRlP3lJwQ7kNvwEPuBYA&#038;_nc_oc=AdnqrjDN_BNjSSHWO-GbkIWH6fkGMLw4bqvL_NH6e2wMveX7G-rP2dAqsDSq1mJMOaY&#038;_nc_zt=24&#038;_nc_ht=scontent-gig4-1.xx&#038;_nc_gid=AoBFJeGrT1hVaew_6rchkQ&#038;oh=00_AfX7QmFGhQhG2jAllVgXCiM1ZrWgvtp80-Bfppyexh1QEg&#038;oe=689E923C","article:published_time":"2018-08-07T17:33:55+00:00","article:modified_time":"2018-08-07T17:33:55+00:00","twitter:card":"summary_large_image","twitter:title":"Campanha de Vacina\u00e7\u00e3o Antirr\u00e1bica acontecer\u00e1 no final de agosto em Muria\u00e9 - A Not\u00edcia Online","twitter:description":"Os donos de c\u00e3es e gatos devem ficar atentos. A Campanha de Vacina\u00e7\u00e3o Antirr\u00e1bica ser\u00e1 realizada no final de agosto na cidade. Este ano, a meta \u00e9 imunizar, de forma gratuita, aproximadamente 15 mil caninos e felinos. A vacina\u00e7\u00e3o come\u00e7a pela \u00e1rea urbana no dia 25. J\u00e1 na \u00e1rea rural, a campanha ter\u00e1 in\u00edcio no","twitter:image":"https:\/\/scontent-gig4-1.xx.fbcdn.net\/v\/t39.30808-1\/270437624_4564083193639691_6907940295614233970_n.jpg?stp=dst-jpg_s200x200_tt6&_nc_cat=111&ccb=1-7&_nc_sid=f907e8&_nc_ohc=SM1wRlP3lJwQ7kNvwEPuBYA&_nc_oc=AdnqrjDN_BNjSSHWO-GbkIWH6fkGMLw4bqvL_NH6e2wMveX7G-rP2dAqsDSq1mJMOaY&_nc_zt=24&_nc_ht=scontent-gig4-1.xx&_nc_gid=AoBFJeGrT1hVaew_6rchkQ&oh=00_AfX7QmFGhQhG2jAllVgXCiM1ZrWgvtp80-Bfppyexh1QEg&oe=689E923C"},"aioseo_meta_data":{"post_id":"59231","title":null,"description":null,"keywords":null,"keyphrases":null,"primary_term":null,"canonical_url":null,"og_title":null,"og_description":null,"og_object_type":"default","og_image_type":"default","og_image_url":null,"og_image_width":null,"og_image_height":null,"og_image_custom_url":null,"og_image_custom_fields":null,"og_video":null,"og_custom_url":null,"og_article_section":null,"og_article_tags":null,"twitter_use_og":false,"twitter_card":"default","twitter_image_type":"default","twitter_image_url":null,"twitter_image_custom_url":null,"twitter_image_custom_fields":null,"twitter_title":null,"twitter_description":null,"schema":{"blockGraphs":[],"customGraphs":[],"default":{"data":{"Article":[],"Course":[],"Dataset":[],"FAQPage":[],"Movie":[],"Person":[],"Product":[],"ProductReview":[],"Car":[],"Recipe":[],"Service":[],"SoftwareApplication":[],"WebPage":[]},"graphName":"","isEnabled":true},"graphs":[]},"schema_type":"default","schema_type_options":null,"pillar_content":false,"robots_default":true,"robots_noindex":false,"robots_noarchive":false,"robots_nosnippet":false,"robots_nofollow":false,"robots_noimageindex":false,"robots_noodp":false,"robots_notranslate":false,"robots_max_snippet":null,"robots_max_videopreview":null,"robots_max_imagepreview":"large","priority":null,"frequency":null,"local_seo":null,"breadcrumb_settings":null,"limit_modified_date":false,"ai":null,"created":"2025-08-16 21:21:49","updated":"2025-08-16 21:21:49","focus_keyword":null,"additional_keywords":null,"truseo_locale":null,"seo_analyzer_scan_date":null},"aioseo_breadcrumb":"<div class=\"aioseo-breadcrumbs\"><span class=\"aioseo-breadcrumb\">\n\t\t\t<a href=\"https:\/\/anoticiaonline.com.br\/site\" title=\"Home\">Home<\/a>\n\t\t<\/span><span class=\"aioseo-breadcrumb-separator\">&raquo;<\/span><span class=\"aioseo-breadcrumb\">\n\t\t\t<a href=\"https:\/\/anoticiaonline.com.br\/site\/categoria\/muriae\/\" title=\"Blog\">Blog<\/a>\n\t\t<\/span><span class=\"aioseo-breadcrumb-separator\">&raquo;<\/span><span class=\"aioseo-breadcrumb\">\n\t\t\t<a href=\"https:\/\/anoticiaonline.com.br\/site\/categoria\/muriae\/cotidiano\/\" title=\"Cotidiano\">Cotidiano<\/a>\n\t\t<\/span><span class=\"aioseo-breadcrumb-separator\">&raquo;<\/span><span class=\"aioseo-breadcrumb\">\n\t\t\tCampanha de Vacina\u00e7\u00e3o Antirr\u00e1bica acontecer\u00e1 no final de agosto em Muria\u00e9\n\t\t<\/span><\/div>","aioseo_breadcrumb_json":[{"label":"Home","link":"https:\/\/anoticiaonline.com.br\/site"},{"label":"Blog","link":"https:\/\/anoticiaonline.com.br\/site\/categoria\/muriae\/"},{"label":"Cotidiano","link":"https:\/\/anoticiaonline.com.br\/site\/categoria\/muriae\/cotidiano\/"},{"label":"Campanha de Vacina\u00e7\u00e3o Antirr\u00e1bica acontecer\u00e1 no final de agosto em Muria\u00e9","link":"https:\/\/anoticiaonline.com.br\/site\/campanha-de-vacinacao-antirrabica-acontecera-no-final-de-agosto-em-muriae\/"}],"views":191,"_links":{"self":[{"href":"https:\/\/anoticiaonline.com.br\/site\/wp-json\/wp\/v2\/posts\/59231","targetHints":{"allow":["GET"]}}],"collection":[{"href":"https:\/\/anoticiaonline.com.br\/site\/wp-json\/wp\/v2\/posts"}],"about":[{"href":"https:\/\/anoticiaonline.com.br\/site\/wp-json\/wp\/v2\/types\/post"}],"author":[{"embeddable":true,"href":"https:\/\/anoticiaonline.com.br\/site\/wp-json\/wp\/v2\/users\/2"}],"replies":[{"embeddable":true,"href":"https:\/\/anoticiaonline.com.br\/site\/wp-json\/wp\/v2\/comments?post=59231"}],"version-history":[{"count":0,"href":"https:\/\/anoticiaonline.com.br\/site\/wp-json\/wp\/v2\/posts\/59231\/revisions"}],"wp:featuredmedia":[{"embeddable":true,"href":"https:\/\/anoticiaonline.com.br\/site\/wp-json\/wp\/v2\/media\/59232"}],"wp:attachment":[{"href":"https:\/\/anoticiaonline.com.br\/site\/wp-json\/wp\/v2\/media?parent=59231"}],"wp:term":[{"taxonomy":"category","embeddable":true,"href":"https:\/\/anoticiaonline.com.br\/site\/wp-json\/wp\/v2\/categories?post=59231"},{"taxonomy":"post_tag","embeddable":true,"href":"https:\/\/anoticiaonline.com.br\/site\/wp-json\/wp\/v2\/tags?post=59231"}],"curies":[{"name":"wp","href":"https:\/\/api.w.org\/{rel}","templated":true}]}}