{"id":59195,"date":"2018-08-02T21:08:46","date_gmt":"2018-08-03T00:08:46","guid":{"rendered":"http:\/\/anoticiaonline.com.br\/site\/?p=59195"},"modified":"2018-08-02T21:08:46","modified_gmt":"2018-08-03T00:08:46","slug":"festa-junina-do-sitio-recanto-tricolor-e-sucesso-em-mais-uma-edicao","status":"publish","type":"post","link":"https:\/\/anoticiaonline.com.br\/site\/festa-junina-do-sitio-recanto-tricolor-e-sucesso-em-mais-uma-edicao\/","title":{"rendered":"Festa Junina do S\u00edtio Recanto Tricolor \u00e9 sucesso em mais uma edi\u00e7\u00e3o"},"content":{"rendered":"<p>A 4\u00aa Edi\u00e7\u00e3o da Festa Junina do S\u00edtio Recanto Tricolor foi, mais uma vez, um grande sucesso de p\u00fablico na noite de sexta-feira (27). De propriedade de Jos\u00e9 Geraldo Martins, o evento reuniu amigos e convidados em um clima familiar com comidas t\u00edpicas, entretenimento, brincadeiras para as crian\u00e7as e m\u00fasica ao vivo com F\u00e1bio Ohany e Banda.<\/p>\n<p>Jos\u00e9 Geraldo\u00a0disse que \u00e9 sempre uma grande alegria ver o S\u00edtio Recanto Tricolor com cheio de familiares e amigos. \u201c\u00c9 muito gratificante ver todos nos prestigiando mais uma vez e trazendo seus familiares para curtir conosco\u201d, conta.<\/p>\n<p>De acordo com um dos organizadores do evento, o jovem Wesley Alves Martins, a festa cresce a cada ano. \u201cEsta \u00e9 uma \u00f3tima oportunidade para reunir nossos amigos, principalmente fam\u00edlias inteiras. Este ano, at\u00e9 nossas crian\u00e7as ajudaram na decora\u00e7\u00e3o e na organiza\u00e7\u00e3o das barraquinhas. Agrade\u00e7o todos que vieram nos prestigiar nesta noite especial e, com toda a certeza, estaremos juntos novamente no ano que vem\u201d, conta.<\/p>\n<p>Vale ressaltar que toda a fam\u00edlia de Jos\u00e9 Geraldo Martins se envolve na festa e cuida minuciosamente para que ela aconte\u00e7a perfeitamente. Desde a prepara\u00e7\u00e3o e ornamenta\u00e7\u00e3o do ambiente, passando pelos caldos, doces e bolos servidos, indo at\u00e9 a escolha das atra\u00e7\u00f5es no dia do evento.<\/p>\n<p><a href=\"https:\/\/anoticiaonline.com.br\/site\/wp-content\/uploads\/2018\/08\/Bruna-Braz-Renan-CarvalhoFabr\u00edcio-vieira-e-Mayara.jpg\"><img fetchpriority=\"high\" decoding=\"async\" class=\"alignnone size-full wp-image-59196\" src=\"https:\/\/anoticiaonline.com.br\/site\/wp-content\/uploads\/2018\/08\/Bruna-Braz-Renan-CarvalhoFabr\u00edcio-vieira-e-Mayara.jpg\" alt=\"\" width=\"1000\" height=\"666\" srcset=\"https:\/\/anoticiaonline.com.br\/site\/wp-content\/uploads\/2018\/08\/Bruna-Braz-Renan-CarvalhoFabr\u00edcio-vieira-e-Mayara.jpg 1000w, https:\/\/anoticiaonline.com.br\/site\/wp-content\/uploads\/2018\/08\/Bruna-Braz-Renan-CarvalhoFabr\u00edcio-vieira-e-Mayara-300x200.jpg 300w, https:\/\/anoticiaonline.com.br\/site\/wp-content\/uploads\/2018\/08\/Bruna-Braz-Renan-CarvalhoFabr\u00edcio-vieira-e-Mayara-768x511.jpg 768w, https:\/\/anoticiaonline.com.br\/site\/wp-content\/uploads\/2018\/08\/Bruna-Braz-Renan-CarvalhoFabr\u00edcio-vieira-e-Mayara-900x599.jpg 900w\" sizes=\"(max-width: 1000px) 100vw, 1000px\" \/><\/a> <a href=\"https:\/\/anoticiaonline.com.br\/site\/wp-content\/uploads\/2018\/08\/Bruno-e-Wania-Mazal.jpg\"><img decoding=\"async\" class=\"alignnone size-full wp-image-59197\" src=\"https:\/\/anoticiaonline.com.br\/site\/wp-content\/uploads\/2018\/08\/Bruno-e-Wania-Mazal.jpg\" alt=\"\" width=\"1000\" height=\"662\" srcset=\"https:\/\/anoticiaonline.com.br\/site\/wp-content\/uploads\/2018\/08\/Bruno-e-Wania-Mazal.jpg 1000w, https:\/\/anoticiaonline.com.br\/site\/wp-content\/uploads\/2018\/08\/Bruno-e-Wania-Mazal-300x199.jpg 300w, https:\/\/anoticiaonline.com.br\/site\/wp-content\/uploads\/2018\/08\/Bruno-e-Wania-Mazal-768x508.jpg 768w, https:\/\/anoticiaonline.com.br\/site\/wp-content\/uploads\/2018\/08\/Bruno-e-Wania-Mazal-900x596.jpg 900w\" sizes=\"(max-width: 1000px) 100vw, 1000px\" \/><\/a> <a href=\"https:\/\/anoticiaonline.com.br\/site\/wp-content\/uploads\/2018\/08\/Cristiano-e-Deiziele.jpg\"><img decoding=\"async\" class=\"alignnone size-full wp-image-59198\" src=\"https:\/\/anoticiaonline.com.br\/site\/wp-content\/uploads\/2018\/08\/Cristiano-e-Deiziele.jpg\" alt=\"\" width=\"500\" height=\"750\" srcset=\"https:\/\/anoticiaonline.com.br\/site\/wp-content\/uploads\/2018\/08\/Cristiano-e-Deiziele.jpg 500w, https:\/\/anoticiaonline.com.br\/site\/wp-content\/uploads\/2018\/08\/Cristiano-e-Deiziele-200x300.jpg 200w\" sizes=\"(max-width: 500px) 100vw, 500px\" \/><\/a> <a href=\"https:\/\/anoticiaonline.com.br\/site\/wp-content\/uploads\/2018\/08\/Diego-Cardoso-Renata-Fabiola-Jos\u00e9-Claudio-e-Hugo.jpg\"><img loading=\"lazy\" decoding=\"async\" class=\"alignnone size-full wp-image-59199\" src=\"https:\/\/anoticiaonline.com.br\/site\/wp-content\/uploads\/2018\/08\/Diego-Cardoso-Renata-Fabiola-Jos\u00e9-Claudio-e-Hugo.jpg\" alt=\"\" width=\"1000\" height=\"666\" srcset=\"https:\/\/anoticiaonline.com.br\/site\/wp-content\/uploads\/2018\/08\/Diego-Cardoso-Renata-Fabiola-Jos\u00e9-Claudio-e-Hugo.jpg 1000w, https:\/\/anoticiaonline.com.br\/site\/wp-content\/uploads\/2018\/08\/Diego-Cardoso-Renata-Fabiola-Jos\u00e9-Claudio-e-Hugo-300x200.jpg 300w, https:\/\/anoticiaonline.com.br\/site\/wp-content\/uploads\/2018\/08\/Diego-Cardoso-Renata-Fabiola-Jos\u00e9-Claudio-e-Hugo-768x511.jpg 768w, https:\/\/anoticiaonline.com.br\/site\/wp-content\/uploads\/2018\/08\/Diego-Cardoso-Renata-Fabiola-Jos\u00e9-Claudio-e-Hugo-900x599.jpg 900w\" sizes=\"(max-width: 1000px) 100vw, 1000px\" \/><\/a> <a href=\"https:\/\/anoticiaonline.com.br\/site\/wp-content\/uploads\/2018\/08\/Fabio-Ohany-e-Banda.jpg\"><img loading=\"lazy\" decoding=\"async\" class=\"alignnone size-full wp-image-59200\" src=\"https:\/\/anoticiaonline.com.br\/site\/wp-content\/uploads\/2018\/08\/Fabio-Ohany-e-Banda.jpg\" alt=\"\" width=\"1000\" height=\"667\" srcset=\"https:\/\/anoticiaonline.com.br\/site\/wp-content\/uploads\/2018\/08\/Fabio-Ohany-e-Banda.jpg 1000w, https:\/\/anoticiaonline.com.br\/site\/wp-content\/uploads\/2018\/08\/Fabio-Ohany-e-Banda-300x200.jpg 300w, https:\/\/anoticiaonline.com.br\/site\/wp-content\/uploads\/2018\/08\/Fabio-Ohany-e-Banda-768x512.jpg 768w, https:\/\/anoticiaonline.com.br\/site\/wp-content\/uploads\/2018\/08\/Fabio-Ohany-e-Banda-900x600.jpg 900w\" sizes=\"(max-width: 1000px) 100vw, 1000px\" \/><\/a> <a href=\"https:\/\/anoticiaonline.com.br\/site\/wp-content\/uploads\/2018\/08\/Luiz-Cleo-e-Jos\u00e9-Geraldo.jpg\"><img loading=\"lazy\" decoding=\"async\" class=\"alignnone size-full wp-image-59201\" src=\"https:\/\/anoticiaonline.com.br\/site\/wp-content\/uploads\/2018\/08\/Luiz-Cleo-e-Jos\u00e9-Geraldo.jpg\" alt=\"\" width=\"496\" height=\"750\" srcset=\"https:\/\/anoticiaonline.com.br\/site\/wp-content\/uploads\/2018\/08\/Luiz-Cleo-e-Jos\u00e9-Geraldo.jpg 496w, https:\/\/anoticiaonline.com.br\/site\/wp-content\/uploads\/2018\/08\/Luiz-Cleo-e-Jos\u00e9-Geraldo-198x300.jpg 198w\" sizes=\"(max-width: 496px) 100vw, 496px\" \/><\/a> <a href=\"https:\/\/anoticiaonline.com.br\/site\/wp-content\/uploads\/2018\/08\/Marco-Ant\u00f4nio-Rosiane-Helena-Lidiane-e-Vin\u00edcius.jpg\"><img loading=\"lazy\" decoding=\"async\" class=\"alignnone size-full wp-image-59202\" src=\"https:\/\/anoticiaonline.com.br\/site\/wp-content\/uploads\/2018\/08\/Marco-Ant\u00f4nio-Rosiane-Helena-Lidiane-e-Vin\u00edcius.jpg\" alt=\"\" width=\"1000\" height=\"662\" srcset=\"https:\/\/anoticiaonline.com.br\/site\/wp-content\/uploads\/2018\/08\/Marco-Ant\u00f4nio-Rosiane-Helena-Lidiane-e-Vin\u00edcius.jpg 1000w, https:\/\/anoticiaonline.com.br\/site\/wp-content\/uploads\/2018\/08\/Marco-Ant\u00f4nio-Rosiane-Helena-Lidiane-e-Vin\u00edcius-300x199.jpg 300w, https:\/\/anoticiaonline.com.br\/site\/wp-content\/uploads\/2018\/08\/Marco-Ant\u00f4nio-Rosiane-Helena-Lidiane-e-Vin\u00edcius-768x508.jpg 768w, https:\/\/anoticiaonline.com.br\/site\/wp-content\/uploads\/2018\/08\/Marco-Ant\u00f4nio-Rosiane-Helena-Lidiane-e-Vin\u00edcius-900x596.jpg 900w\" sizes=\"(max-width: 1000px) 100vw, 1000px\" \/><\/a> <a href=\"https:\/\/anoticiaonline.com.br\/site\/wp-content\/uploads\/2018\/08\/Oneida-e-Ten-Rocha.jpg\"><img loading=\"lazy\" decoding=\"async\" class=\"alignnone size-full wp-image-59203\" src=\"https:\/\/anoticiaonline.com.br\/site\/wp-content\/uploads\/2018\/08\/Oneida-e-Ten-Rocha.jpg\" alt=\"\" width=\"1000\" height=\"662\" srcset=\"https:\/\/anoticiaonline.com.br\/site\/wp-content\/uploads\/2018\/08\/Oneida-e-Ten-Rocha.jpg 1000w, https:\/\/anoticiaonline.com.br\/site\/wp-content\/uploads\/2018\/08\/Oneida-e-Ten-Rocha-300x199.jpg 300w, https:\/\/anoticiaonline.com.br\/site\/wp-content\/uploads\/2018\/08\/Oneida-e-Ten-Rocha-768x508.jpg 768w, https:\/\/anoticiaonline.com.br\/site\/wp-content\/uploads\/2018\/08\/Oneida-e-Ten-Rocha-900x596.jpg 900w\" sizes=\"(max-width: 1000px) 100vw, 1000px\" \/><\/a> <a href=\"https:\/\/anoticiaonline.com.br\/site\/wp-content\/uploads\/2018\/08\/Restaurante-Santana-sempre-presente-nos-grandes-eventos.jpg\"><img loading=\"lazy\" decoding=\"async\" class=\"alignnone size-full wp-image-59204\" src=\"https:\/\/anoticiaonline.com.br\/site\/wp-content\/uploads\/2018\/08\/Restaurante-Santana-sempre-presente-nos-grandes-eventos.jpg\" alt=\"\" width=\"1000\" height=\"662\" srcset=\"https:\/\/anoticiaonline.com.br\/site\/wp-content\/uploads\/2018\/08\/Restaurante-Santana-sempre-presente-nos-grandes-eventos.jpg 1000w, https:\/\/anoticiaonline.com.br\/site\/wp-content\/uploads\/2018\/08\/Restaurante-Santana-sempre-presente-nos-grandes-eventos-300x199.jpg 300w, https:\/\/anoticiaonline.com.br\/site\/wp-content\/uploads\/2018\/08\/Restaurante-Santana-sempre-presente-nos-grandes-eventos-768x508.jpg 768w, https:\/\/anoticiaonline.com.br\/site\/wp-content\/uploads\/2018\/08\/Restaurante-Santana-sempre-presente-nos-grandes-eventos-900x596.jpg 900w\" sizes=\"(max-width: 1000px) 100vw, 1000px\" \/><\/a> <a href=\"https:\/\/anoticiaonline.com.br\/site\/wp-content\/uploads\/2018\/08\/Thiago-e-Elydiany.jpg\"><img loading=\"lazy\" decoding=\"async\" class=\"alignnone size-full wp-image-59205\" src=\"https:\/\/anoticiaonline.com.br\/site\/wp-content\/uploads\/2018\/08\/Thiago-e-Elydiany.jpg\" alt=\"\" width=\"1000\" height=\"667\" srcset=\"https:\/\/anoticiaonline.com.br\/site\/wp-content\/uploads\/2018\/08\/Thiago-e-Elydiany.jpg 1000w, https:\/\/anoticiaonline.com.br\/site\/wp-content\/uploads\/2018\/08\/Thiago-e-Elydiany-300x200.jpg 300w, https:\/\/anoticiaonline.com.br\/site\/wp-content\/uploads\/2018\/08\/Thiago-e-Elydiany-768x512.jpg 768w, https:\/\/anoticiaonline.com.br\/site\/wp-content\/uploads\/2018\/08\/Thiago-e-Elydiany-900x600.jpg 900w\" sizes=\"(max-width: 1000px) 100vw, 1000px\" \/><\/a> <a href=\"https:\/\/anoticiaonline.com.br\/site\/wp-content\/uploads\/2018\/08\/Um-Grande-p\u00fablico-agitou-o-evento.jpg\"><img loading=\"lazy\" decoding=\"async\" class=\"alignnone size-full wp-image-59206\" src=\"https:\/\/anoticiaonline.com.br\/site\/wp-content\/uploads\/2018\/08\/Um-Grande-p\u00fablico-agitou-o-evento.jpg\" alt=\"\" width=\"1000\" height=\"667\" srcset=\"https:\/\/anoticiaonline.com.br\/site\/wp-content\/uploads\/2018\/08\/Um-Grande-p\u00fablico-agitou-o-evento.jpg 1000w, https:\/\/anoticiaonline.com.br\/site\/wp-content\/uploads\/2018\/08\/Um-Grande-p\u00fablico-agitou-o-evento-300x200.jpg 300w, https:\/\/anoticiaonline.com.br\/site\/wp-content\/uploads\/2018\/08\/Um-Grande-p\u00fablico-agitou-o-evento-768x512.jpg 768w, https:\/\/anoticiaonline.com.br\/site\/wp-content\/uploads\/2018\/08\/Um-Grande-p\u00fablico-agitou-o-evento-900x600.jpg 900w\" sizes=\"(max-width: 1000px) 100vw, 1000px\" \/><\/a> <a href=\"https:\/\/anoticiaonline.com.br\/site\/wp-content\/uploads\/2018\/08\/Val\u00e9ria-Ronny-Wesley-Loyana-Em\u00edlia-Luciana-Jos\u00e9-Geraldo-e-Alexandre.jpg\"><img loading=\"lazy\" decoding=\"async\" class=\"alignnone size-full wp-image-59207\" src=\"https:\/\/anoticiaonline.com.br\/site\/wp-content\/uploads\/2018\/08\/Val\u00e9ria-Ronny-Wesley-Loyana-Em\u00edlia-Luciana-Jos\u00e9-Geraldo-e-Alexandre.jpg\" alt=\"\" width=\"1000\" height=\"662\" srcset=\"https:\/\/anoticiaonline.com.br\/site\/wp-content\/uploads\/2018\/08\/Val\u00e9ria-Ronny-Wesley-Loyana-Em\u00edlia-Luciana-Jos\u00e9-Geraldo-e-Alexandre.jpg 1000w, https:\/\/anoticiaonline.com.br\/site\/wp-content\/uploads\/2018\/08\/Val\u00e9ria-Ronny-Wesley-Loyana-Em\u00edlia-Luciana-Jos\u00e9-Geraldo-e-Alexandre-300x199.jpg 300w, https:\/\/anoticiaonline.com.br\/site\/wp-content\/uploads\/2018\/08\/Val\u00e9ria-Ronny-Wesley-Loyana-Em\u00edlia-Luciana-Jos\u00e9-Geraldo-e-Alexandre-768x508.jpg 768w, https:\/\/anoticiaonline.com.br\/site\/wp-content\/uploads\/2018\/08\/Val\u00e9ria-Ronny-Wesley-Loyana-Em\u00edlia-Luciana-Jos\u00e9-Geraldo-e-Alexandre-900x596.jpg 900w\" sizes=\"(max-width: 1000px) 100vw, 1000px\" \/><\/a><\/p>\n","protected":false},"excerpt":{"rendered":"<p>A 4\u00aa Edi\u00e7\u00e3o da Festa Junina do S\u00edtio Recanto Tricolor foi, mais uma vez, um grande sucesso de p\u00fablico na noite de sexta-feira (27). De propriedade de Jos\u00e9 Geraldo Martins, o evento reuniu amigos e convidados em um clima familiar com comidas t\u00edpicas, entretenimento, brincadeiras para as crian\u00e7as e m\u00fasica ao vivo com F\u00e1bio Ohany &#8230; <a title=\"Festa Junina do S\u00edtio Recanto Tricolor \u00e9 sucesso em mais uma edi\u00e7\u00e3o\" class=\"read-more\" href=\"https:\/\/anoticiaonline.com.br\/site\/festa-junina-do-sitio-recanto-tricolor-e-sucesso-em-mais-uma-edicao\/\" aria-label=\"Read more about Festa Junina do S\u00edtio Recanto Tricolor \u00e9 sucesso em mais uma edi\u00e7\u00e3o\">Ler mais<\/a><\/p>\n","protected":false},"author":2,"featured_media":59206,"comment_status":"open","ping_status":"open","sticky":false,"template":"","format":"standard","meta":{"_acf_changed":false,"_monsterinsights_skip_tracking":false,"footnotes":""},"categories":[30],"tags":[],"class_list":["post-59195","post","type-post","status-publish","format-standard","has-post-thumbnail","hentry","category-muriae"],"acf":[],"aioseo_notices":[],"aioseo_head":"\n\t\t<!-- All in One SEO 5.0.0.1 - aioseo.com -->\n\t<meta name=\"description\" content=\"A 4\u00aa Edi\u00e7\u00e3o da Festa Junina do S\u00edtio Recanto Tricolor foi, mais uma vez, um grande sucesso de p\u00fablico na noite de sexta-feira (27). De propriedade de Jos\u00e9 Geraldo Martins, o evento reuniu amigos e convidados em um clima familiar com comidas t\u00edpicas, entretenimento, brincadeiras para as crian\u00e7as e m\u00fasica ao vivo com F\u00e1bio Ohany\" \/>\n\t<meta name=\"robots\" content=\"max-image-preview:large\" \/>\n\t<meta name=\"author\" content=\"Juliana Laviola\"\/>\n\t<link rel=\"canonical\" href=\"https:\/\/anoticiaonline.com.br\/site\/festa-junina-do-sitio-recanto-tricolor-e-sucesso-em-mais-uma-edicao\/\" \/>\n\t<meta name=\"generator\" content=\"All in One SEO (AIOSEO) 5.0.0.1\" \/>\n\t\t<meta property=\"og:locale\" content=\"pt_BR\" \/>\n\t\t<meta property=\"og:site_name\" content=\"A Not\u00edcia Online - Noticias de Muria\u00e9 e regi\u00e3o\" \/>\n\t\t<meta property=\"og:type\" content=\"article\" \/>\n\t\t<meta property=\"og:title\" content=\"Festa Junina do S\u00edtio Recanto Tricolor \u00e9 sucesso em mais uma edi\u00e7\u00e3o - A Not\u00edcia Online\" \/>\n\t\t<meta property=\"og:description\" content=\"A 4\u00aa Edi\u00e7\u00e3o da Festa Junina do S\u00edtio Recanto Tricolor foi, mais uma vez, um grande sucesso de p\u00fablico na noite de sexta-feira (27). De propriedade de Jos\u00e9 Geraldo Martins, o evento reuniu amigos e convidados em um clima familiar com comidas t\u00edpicas, entretenimento, brincadeiras para as crian\u00e7as e m\u00fasica ao vivo com F\u00e1bio Ohany\" \/>\n\t\t<meta property=\"og:url\" content=\"https:\/\/anoticiaonline.com.br\/site\/festa-junina-do-sitio-recanto-tricolor-e-sucesso-em-mais-uma-edicao\/\" \/>\n\t\t<meta property=\"og:image\" content=\"https:\/\/scontent-gig4-1.xx.fbcdn.net\/v\/t39.30808-1\/270437624_4564083193639691_6907940295614233970_n.jpg?stp=dst-jpg_s200x200_tt6&#038;_nc_cat=111&#038;ccb=1-7&#038;_nc_sid=f907e8&#038;_nc_ohc=SM1wRlP3lJwQ7kNvwEPuBYA&#038;_nc_oc=AdnqrjDN_BNjSSHWO-GbkIWH6fkGMLw4bqvL_NH6e2wMveX7G-rP2dAqsDSq1mJMOaY&#038;_nc_zt=24&#038;_nc_ht=scontent-gig4-1.xx&#038;_nc_gid=AoBFJeGrT1hVaew_6rchkQ&#038;oh=00_AfX7QmFGhQhG2jAllVgXCiM1ZrWgvtp80-Bfppyexh1QEg&#038;oe=689E923C\" \/>\n\t\t<meta property=\"og:image:secure_url\" content=\"https:\/\/scontent-gig4-1.xx.fbcdn.net\/v\/t39.30808-1\/270437624_4564083193639691_6907940295614233970_n.jpg?stp=dst-jpg_s200x200_tt6&#038;_nc_cat=111&#038;ccb=1-7&#038;_nc_sid=f907e8&#038;_nc_ohc=SM1wRlP3lJwQ7kNvwEPuBYA&#038;_nc_oc=AdnqrjDN_BNjSSHWO-GbkIWH6fkGMLw4bqvL_NH6e2wMveX7G-rP2dAqsDSq1mJMOaY&#038;_nc_zt=24&#038;_nc_ht=scontent-gig4-1.xx&#038;_nc_gid=AoBFJeGrT1hVaew_6rchkQ&#038;oh=00_AfX7QmFGhQhG2jAllVgXCiM1ZrWgvtp80-Bfppyexh1QEg&#038;oe=689E923C\" \/>\n\t\t<meta property=\"article:published_time\" content=\"2018-08-03T00:08:46+00:00\" \/>\n\t\t<meta property=\"article:modified_time\" content=\"2018-08-03T00:08:46+00:00\" \/>\n\t\t<meta name=\"twitter:card\" content=\"summary_large_image\" \/>\n\t\t<meta name=\"twitter:title\" content=\"Festa Junina do S\u00edtio Recanto Tricolor \u00e9 sucesso em mais uma edi\u00e7\u00e3o - A Not\u00edcia Online\" \/>\n\t\t<meta name=\"twitter:description\" content=\"A 4\u00aa Edi\u00e7\u00e3o da Festa Junina do S\u00edtio Recanto Tricolor foi, mais uma vez, um grande sucesso de p\u00fablico na noite de sexta-feira (27). De propriedade de Jos\u00e9 Geraldo Martins, o evento reuniu amigos e convidados em um clima familiar com comidas t\u00edpicas, entretenimento, brincadeiras para as crian\u00e7as e m\u00fasica ao vivo com F\u00e1bio Ohany\" \/>\n\t\t<meta name=\"twitter:image\" content=\"https:\/\/scontent-gig4-1.xx.fbcdn.net\/v\/t39.30808-1\/270437624_4564083193639691_6907940295614233970_n.jpg?stp=dst-jpg_s200x200_tt6&amp;_nc_cat=111&amp;ccb=1-7&amp;_nc_sid=f907e8&amp;_nc_ohc=SM1wRlP3lJwQ7kNvwEPuBYA&amp;_nc_oc=AdnqrjDN_BNjSSHWO-GbkIWH6fkGMLw4bqvL_NH6e2wMveX7G-rP2dAqsDSq1mJMOaY&amp;_nc_zt=24&amp;_nc_ht=scontent-gig4-1.xx&amp;_nc_gid=AoBFJeGrT1hVaew_6rchkQ&amp;oh=00_AfX7QmFGhQhG2jAllVgXCiM1ZrWgvtp80-Bfppyexh1QEg&amp;oe=689E923C\" \/>\n\t\t<script type=\"application\/ld+json\" class=\"aioseo-schema\">\n\t\t\t{\"@context\":\"https:\\\/\\\/schema.org\",\"@graph\":[{\"@type\":\"BlogPosting\",\"@id\":\"https:\\\/\\\/anoticiaonline.com.br\\\/site\\\/festa-junina-do-sitio-recanto-tricolor-e-sucesso-em-mais-uma-edicao\\\/#blogposting\",\"name\":\"Festa Junina do S\\u00edtio Recanto Tricolor \\u00e9 sucesso em mais uma edi\\u00e7\\u00e3o - A Not\\u00edcia Online\",\"headline\":\"Festa Junina do S\\u00edtio Recanto Tricolor \\u00e9 sucesso em mais uma edi\\u00e7\\u00e3o\",\"author\":{\"@id\":\"https:\\\/\\\/anoticiaonline.com.br\\\/site\\\/author\\\/juliana\\\/#author\"},\"publisher\":{\"@id\":\"https:\\\/\\\/anoticiaonline.com.br\\\/site\\\/#organization\"},\"image\":{\"@type\":\"ImageObject\",\"url\":\"https:\\\/\\\/anoticiaonline.com.br\\\/site\\\/wp-content\\\/uploads\\\/2018\\\/08\\\/Um-Grande-p\\u00fablico-agitou-o-evento.jpg\",\"width\":1000,\"height\":667},\"datePublished\":\"2018-08-02T21:08:46-03:00\",\"dateModified\":\"2018-08-02T21:08:46-03:00\",\"inLanguage\":\"pt-BR\",\"mainEntityOfPage\":{\"@id\":\"https:\\\/\\\/anoticiaonline.com.br\\\/site\\\/festa-junina-do-sitio-recanto-tricolor-e-sucesso-em-mais-uma-edicao\\\/#webpage\"},\"isPartOf\":{\"@id\":\"https:\\\/\\\/anoticiaonline.com.br\\\/site\\\/festa-junina-do-sitio-recanto-tricolor-e-sucesso-em-mais-uma-edicao\\\/#webpage\"},\"articleSection\":\"Blog\"},{\"@type\":\"BreadcrumbList\",\"@id\":\"https:\\\/\\\/anoticiaonline.com.br\\\/site\\\/festa-junina-do-sitio-recanto-tricolor-e-sucesso-em-mais-uma-edicao\\\/#breadcrumblist\",\"itemListElement\":[{\"@type\":\"ListItem\",\"@id\":\"https:\\\/\\\/anoticiaonline.com.br\\\/site#listItem\",\"position\":1,\"name\":\"Home\",\"item\":\"https:\\\/\\\/anoticiaonline.com.br\\\/site\",\"nextItem\":{\"@type\":\"ListItem\",\"@id\":\"https:\\\/\\\/anoticiaonline.com.br\\\/site\\\/categoria\\\/muriae\\\/#listItem\",\"name\":\"Blog\"}},{\"@type\":\"ListItem\",\"@id\":\"https:\\\/\\\/anoticiaonline.com.br\\\/site\\\/categoria\\\/muriae\\\/#listItem\",\"position\":2,\"name\":\"Blog\",\"item\":\"https:\\\/\\\/anoticiaonline.com.br\\\/site\\\/categoria\\\/muriae\\\/\",\"nextItem\":{\"@type\":\"ListItem\",\"@id\":\"https:\\\/\\\/anoticiaonline.com.br\\\/site\\\/festa-junina-do-sitio-recanto-tricolor-e-sucesso-em-mais-uma-edicao\\\/#listItem\",\"name\":\"Festa Junina do S\\u00edtio Recanto Tricolor \\u00e9 sucesso em mais uma edi\\u00e7\\u00e3o\"},\"previousItem\":{\"@type\":\"ListItem\",\"@id\":\"https:\\\/\\\/anoticiaonline.com.br\\\/site#listItem\",\"name\":\"Home\"}},{\"@type\":\"ListItem\",\"@id\":\"https:\\\/\\\/anoticiaonline.com.br\\\/site\\\/festa-junina-do-sitio-recanto-tricolor-e-sucesso-em-mais-uma-edicao\\\/#listItem\",\"position\":3,\"name\":\"Festa Junina do S\\u00edtio Recanto Tricolor \\u00e9 sucesso em mais uma edi\\u00e7\\u00e3o\",\"previousItem\":{\"@type\":\"ListItem\",\"@id\":\"https:\\\/\\\/anoticiaonline.com.br\\\/site\\\/categoria\\\/muriae\\\/#listItem\",\"name\":\"Blog\"}}]},{\"@type\":\"Organization\",\"@id\":\"https:\\\/\\\/anoticiaonline.com.br\\\/site\\\/#organization\",\"name\":\"A Not\\u00edcia Online\",\"description\":\"Noticias de Muria\\u00e9 e regi\\u00e3o\",\"url\":\"https:\\\/\\\/anoticiaonline.com.br\\\/site\\\/\",\"logo\":{\"@type\":\"ImageObject\",\"url\":\"https:\\\/\\\/scontent-gig4-1.xx.fbcdn.net\\\/v\\\/t39.30808-1\\\/270437624_4564083193639691_6907940295614233970_n.jpg?stp=dst-jpg_s200x200_tt6&_nc_cat=111&ccb=1-7&_nc_sid=f907e8&_nc_ohc=SM1wRlP3lJwQ7kNvwEPuBYA&_nc_oc=AdnqrjDN_BNjSSHWO-GbkIWH6fkGMLw4bqvL_NH6e2wMveX7G-rP2dAqsDSq1mJMOaY&_nc_zt=24&_nc_ht=scontent-gig4-1.xx&_nc_gid=AoBFJeGrT1hVaew_6rchkQ&oh=00_AfX7QmFGhQhG2jAllVgXCiM1ZrWgvtp80-Bfppyexh1QEg&oe=689E923C\",\"@id\":\"https:\\\/\\\/anoticiaonline.com.br\\\/site\\\/festa-junina-do-sitio-recanto-tricolor-e-sucesso-em-mais-uma-edicao\\\/#organizationLogo\"},\"image\":{\"@id\":\"https:\\\/\\\/anoticiaonline.com.br\\\/site\\\/festa-junina-do-sitio-recanto-tricolor-e-sucesso-em-mais-uma-edicao\\\/#organizationLogo\"}},{\"@type\":\"Person\",\"@id\":\"https:\\\/\\\/anoticiaonline.com.br\\\/site\\\/author\\\/juliana\\\/#author\",\"url\":\"https:\\\/\\\/anoticiaonline.com.br\\\/site\\\/author\\\/juliana\\\/\",\"name\":\"Juliana Laviola\",\"image\":{\"@type\":\"ImageObject\",\"@id\":\"https:\\\/\\\/anoticiaonline.com.br\\\/site\\\/festa-junina-do-sitio-recanto-tricolor-e-sucesso-em-mais-uma-edicao\\\/#authorImage\",\"url\":\"https:\\\/\\\/secure.gravatar.com\\\/avatar\\\/b8d45f5c699b100dfaf0e543582f38f38bf94cb7ae3a5e9abf8d891a34773335?s=96&d=mm&r=g\",\"width\":96,\"height\":96,\"caption\":\"Juliana Laviola\"}},{\"@type\":\"WebPage\",\"@id\":\"https:\\\/\\\/anoticiaonline.com.br\\\/site\\\/festa-junina-do-sitio-recanto-tricolor-e-sucesso-em-mais-uma-edicao\\\/#webpage\",\"url\":\"https:\\\/\\\/anoticiaonline.com.br\\\/site\\\/festa-junina-do-sitio-recanto-tricolor-e-sucesso-em-mais-uma-edicao\\\/\",\"name\":\"Festa Junina do S\\u00edtio Recanto Tricolor \\u00e9 sucesso em mais uma edi\\u00e7\\u00e3o - A Not\\u00edcia Online\",\"description\":\"A 4\\u00aa Edi\\u00e7\\u00e3o da Festa Junina do S\\u00edtio Recanto Tricolor foi, mais uma vez, um grande sucesso de p\\u00fablico na noite de sexta-feira (27). De propriedade de Jos\\u00e9 Geraldo Martins, o evento reuniu amigos e convidados em um clima familiar com comidas t\\u00edpicas, entretenimento, brincadeiras para as crian\\u00e7as e m\\u00fasica ao vivo com F\\u00e1bio Ohany\",\"inLanguage\":\"pt-BR\",\"isPartOf\":{\"@id\":\"https:\\\/\\\/anoticiaonline.com.br\\\/site\\\/#website\"},\"breadcrumb\":{\"@id\":\"https:\\\/\\\/anoticiaonline.com.br\\\/site\\\/festa-junina-do-sitio-recanto-tricolor-e-sucesso-em-mais-uma-edicao\\\/#breadcrumblist\"},\"author\":{\"@id\":\"https:\\\/\\\/anoticiaonline.com.br\\\/site\\\/author\\\/juliana\\\/#author\"},\"creator\":{\"@id\":\"https:\\\/\\\/anoticiaonline.com.br\\\/site\\\/author\\\/juliana\\\/#author\"},\"image\":{\"@type\":\"ImageObject\",\"url\":\"https:\\\/\\\/anoticiaonline.com.br\\\/site\\\/wp-content\\\/uploads\\\/2018\\\/08\\\/Um-Grande-p\\u00fablico-agitou-o-evento.jpg\",\"@id\":\"https:\\\/\\\/anoticiaonline.com.br\\\/site\\\/festa-junina-do-sitio-recanto-tricolor-e-sucesso-em-mais-uma-edicao\\\/#mainImage\",\"width\":1000,\"height\":667},\"primaryImageOfPage\":{\"@id\":\"https:\\\/\\\/anoticiaonline.com.br\\\/site\\\/festa-junina-do-sitio-recanto-tricolor-e-sucesso-em-mais-uma-edicao\\\/#mainImage\"},\"datePublished\":\"2018-08-02T21:08:46-03:00\",\"dateModified\":\"2018-08-02T21:08:46-03:00\"},{\"@type\":\"WebSite\",\"@id\":\"https:\\\/\\\/anoticiaonline.com.br\\\/site\\\/#website\",\"url\":\"https:\\\/\\\/anoticiaonline.com.br\\\/site\\\/\",\"name\":\"A Not\\u00edcia Online\",\"description\":\"Noticias de Muria\\u00e9 e regi\\u00e3o\",\"inLanguage\":\"pt-BR\",\"publisher\":{\"@id\":\"https:\\\/\\\/anoticiaonline.com.br\\\/site\\\/#organization\"}}]}\n\t\t<\/script>\n\t\t<!-- All in One SEO -->\n\n","aioseo_head_json":{"title":"Festa Junina do S\u00edtio Recanto Tricolor \u00e9 sucesso em mais uma edi\u00e7\u00e3o - A Not\u00edcia Online","description":"A 4\u00aa Edi\u00e7\u00e3o da Festa Junina do S\u00edtio Recanto Tricolor foi, mais uma vez, um grande sucesso de p\u00fablico na noite de sexta-feira (27). De propriedade de Jos\u00e9 Geraldo Martins, o evento reuniu amigos e convidados em um clima familiar com comidas t\u00edpicas, entretenimento, brincadeiras para as crian\u00e7as e m\u00fasica ao vivo com F\u00e1bio Ohany","canonical_url":"https:\/\/anoticiaonline.com.br\/site\/festa-junina-do-sitio-recanto-tricolor-e-sucesso-em-mais-uma-edicao\/","robots":"max-image-preview:large","keywords":"","webmasterTools":{"miscellaneous":""},"schema":{"@context":"https:\/\/schema.org","@graph":[{"@type":"BlogPosting","@id":"https:\/\/anoticiaonline.com.br\/site\/festa-junina-do-sitio-recanto-tricolor-e-sucesso-em-mais-uma-edicao\/#blogposting","name":"Festa Junina do S\u00edtio Recanto Tricolor \u00e9 sucesso em mais uma edi\u00e7\u00e3o - A Not\u00edcia Online","headline":"Festa Junina do S\u00edtio Recanto Tricolor \u00e9 sucesso em mais uma edi\u00e7\u00e3o","author":{"@id":"https:\/\/anoticiaonline.com.br\/site\/author\/juliana\/#author"},"publisher":{"@id":"https:\/\/anoticiaonline.com.br\/site\/#organization"},"image":{"@type":"ImageObject","url":"https:\/\/anoticiaonline.com.br\/site\/wp-content\/uploads\/2018\/08\/Um-Grande-p\u00fablico-agitou-o-evento.jpg","width":1000,"height":667},"datePublished":"2018-08-02T21:08:46-03:00","dateModified":"2018-08-02T21:08:46-03:00","inLanguage":"pt-BR","mainEntityOfPage":{"@id":"https:\/\/anoticiaonline.com.br\/site\/festa-junina-do-sitio-recanto-tricolor-e-sucesso-em-mais-uma-edicao\/#webpage"},"isPartOf":{"@id":"https:\/\/anoticiaonline.com.br\/site\/festa-junina-do-sitio-recanto-tricolor-e-sucesso-em-mais-uma-edicao\/#webpage"},"articleSection":"Blog"},{"@type":"BreadcrumbList","@id":"https:\/\/anoticiaonline.com.br\/site\/festa-junina-do-sitio-recanto-tricolor-e-sucesso-em-mais-uma-edicao\/#breadcrumblist","itemListElement":[{"@type":"ListItem","@id":"https:\/\/anoticiaonline.com.br\/site#listItem","position":1,"name":"Home","item":"https:\/\/anoticiaonline.com.br\/site","nextItem":{"@type":"ListItem","@id":"https:\/\/anoticiaonline.com.br\/site\/categoria\/muriae\/#listItem","name":"Blog"}},{"@type":"ListItem","@id":"https:\/\/anoticiaonline.com.br\/site\/categoria\/muriae\/#listItem","position":2,"name":"Blog","item":"https:\/\/anoticiaonline.com.br\/site\/categoria\/muriae\/","nextItem":{"@type":"ListItem","@id":"https:\/\/anoticiaonline.com.br\/site\/festa-junina-do-sitio-recanto-tricolor-e-sucesso-em-mais-uma-edicao\/#listItem","name":"Festa Junina do S\u00edtio Recanto Tricolor \u00e9 sucesso em mais uma edi\u00e7\u00e3o"},"previousItem":{"@type":"ListItem","@id":"https:\/\/anoticiaonline.com.br\/site#listItem","name":"Home"}},{"@type":"ListItem","@id":"https:\/\/anoticiaonline.com.br\/site\/festa-junina-do-sitio-recanto-tricolor-e-sucesso-em-mais-uma-edicao\/#listItem","position":3,"name":"Festa Junina do S\u00edtio Recanto Tricolor \u00e9 sucesso em mais uma edi\u00e7\u00e3o","previousItem":{"@type":"ListItem","@id":"https:\/\/anoticiaonline.com.br\/site\/categoria\/muriae\/#listItem","name":"Blog"}}]},{"@type":"Organization","@id":"https:\/\/anoticiaonline.com.br\/site\/#organization","name":"A Not\u00edcia Online","description":"Noticias de Muria\u00e9 e regi\u00e3o","url":"https:\/\/anoticiaonline.com.br\/site\/","logo":{"@type":"ImageObject","url":"https:\/\/scontent-gig4-1.xx.fbcdn.net\/v\/t39.30808-1\/270437624_4564083193639691_6907940295614233970_n.jpg?stp=dst-jpg_s200x200_tt6&_nc_cat=111&ccb=1-7&_nc_sid=f907e8&_nc_ohc=SM1wRlP3lJwQ7kNvwEPuBYA&_nc_oc=AdnqrjDN_BNjSSHWO-GbkIWH6fkGMLw4bqvL_NH6e2wMveX7G-rP2dAqsDSq1mJMOaY&_nc_zt=24&_nc_ht=scontent-gig4-1.xx&_nc_gid=AoBFJeGrT1hVaew_6rchkQ&oh=00_AfX7QmFGhQhG2jAllVgXCiM1ZrWgvtp80-Bfppyexh1QEg&oe=689E923C","@id":"https:\/\/anoticiaonline.com.br\/site\/festa-junina-do-sitio-recanto-tricolor-e-sucesso-em-mais-uma-edicao\/#organizationLogo"},"image":{"@id":"https:\/\/anoticiaonline.com.br\/site\/festa-junina-do-sitio-recanto-tricolor-e-sucesso-em-mais-uma-edicao\/#organizationLogo"}},{"@type":"Person","@id":"https:\/\/anoticiaonline.com.br\/site\/author\/juliana\/#author","url":"https:\/\/anoticiaonline.com.br\/site\/author\/juliana\/","name":"Juliana Laviola","image":{"@type":"ImageObject","@id":"https:\/\/anoticiaonline.com.br\/site\/festa-junina-do-sitio-recanto-tricolor-e-sucesso-em-mais-uma-edicao\/#authorImage","url":"https:\/\/secure.gravatar.com\/avatar\/b8d45f5c699b100dfaf0e543582f38f38bf94cb7ae3a5e9abf8d891a34773335?s=96&d=mm&r=g","width":96,"height":96,"caption":"Juliana Laviola"}},{"@type":"WebPage","@id":"https:\/\/anoticiaonline.com.br\/site\/festa-junina-do-sitio-recanto-tricolor-e-sucesso-em-mais-uma-edicao\/#webpage","url":"https:\/\/anoticiaonline.com.br\/site\/festa-junina-do-sitio-recanto-tricolor-e-sucesso-em-mais-uma-edicao\/","name":"Festa Junina do S\u00edtio Recanto Tricolor \u00e9 sucesso em mais uma edi\u00e7\u00e3o - A Not\u00edcia Online","description":"A 4\u00aa Edi\u00e7\u00e3o da Festa Junina do S\u00edtio Recanto Tricolor foi, mais uma vez, um grande sucesso de p\u00fablico na noite de sexta-feira (27). De propriedade de Jos\u00e9 Geraldo Martins, o evento reuniu amigos e convidados em um clima familiar com comidas t\u00edpicas, entretenimento, brincadeiras para as crian\u00e7as e m\u00fasica ao vivo com F\u00e1bio Ohany","inLanguage":"pt-BR","isPartOf":{"@id":"https:\/\/anoticiaonline.com.br\/site\/#website"},"breadcrumb":{"@id":"https:\/\/anoticiaonline.com.br\/site\/festa-junina-do-sitio-recanto-tricolor-e-sucesso-em-mais-uma-edicao\/#breadcrumblist"},"author":{"@id":"https:\/\/anoticiaonline.com.br\/site\/author\/juliana\/#author"},"creator":{"@id":"https:\/\/anoticiaonline.com.br\/site\/author\/juliana\/#author"},"image":{"@type":"ImageObject","url":"https:\/\/anoticiaonline.com.br\/site\/wp-content\/uploads\/2018\/08\/Um-Grande-p\u00fablico-agitou-o-evento.jpg","@id":"https:\/\/anoticiaonline.com.br\/site\/festa-junina-do-sitio-recanto-tricolor-e-sucesso-em-mais-uma-edicao\/#mainImage","width":1000,"height":667},"primaryImageOfPage":{"@id":"https:\/\/anoticiaonline.com.br\/site\/festa-junina-do-sitio-recanto-tricolor-e-sucesso-em-mais-uma-edicao\/#mainImage"},"datePublished":"2018-08-02T21:08:46-03:00","dateModified":"2018-08-02T21:08:46-03:00"},{"@type":"WebSite","@id":"https:\/\/anoticiaonline.com.br\/site\/#website","url":"https:\/\/anoticiaonline.com.br\/site\/","name":"A Not\u00edcia Online","description":"Noticias de Muria\u00e9 e regi\u00e3o","inLanguage":"pt-BR","publisher":{"@id":"https:\/\/anoticiaonline.com.br\/site\/#organization"}}]},"og:locale":"pt_BR","og:site_name":"A Not\u00edcia Online - Noticias de Muria\u00e9 e regi\u00e3o","og:type":"article","og:title":"Festa Junina do S\u00edtio Recanto Tricolor \u00e9 sucesso em mais uma edi\u00e7\u00e3o - A Not\u00edcia Online","og:description":"A 4\u00aa Edi\u00e7\u00e3o da Festa Junina do S\u00edtio Recanto Tricolor foi, mais uma vez, um grande sucesso de p\u00fablico na noite de sexta-feira (27). De propriedade de Jos\u00e9 Geraldo Martins, o evento reuniu amigos e convidados em um clima familiar com comidas t\u00edpicas, entretenimento, brincadeiras para as crian\u00e7as e m\u00fasica ao vivo com F\u00e1bio Ohany","og:url":"https:\/\/anoticiaonline.com.br\/site\/festa-junina-do-sitio-recanto-tricolor-e-sucesso-em-mais-uma-edicao\/","og:image":"https:\/\/scontent-gig4-1.xx.fbcdn.net\/v\/t39.30808-1\/270437624_4564083193639691_6907940295614233970_n.jpg?stp=dst-jpg_s200x200_tt6&#038;_nc_cat=111&#038;ccb=1-7&#038;_nc_sid=f907e8&#038;_nc_ohc=SM1wRlP3lJwQ7kNvwEPuBYA&#038;_nc_oc=AdnqrjDN_BNjSSHWO-GbkIWH6fkGMLw4bqvL_NH6e2wMveX7G-rP2dAqsDSq1mJMOaY&#038;_nc_zt=24&#038;_nc_ht=scontent-gig4-1.xx&#038;_nc_gid=AoBFJeGrT1hVaew_6rchkQ&#038;oh=00_AfX7QmFGhQhG2jAllVgXCiM1ZrWgvtp80-Bfppyexh1QEg&#038;oe=689E923C","og:image:secure_url":"https:\/\/scontent-gig4-1.xx.fbcdn.net\/v\/t39.30808-1\/270437624_4564083193639691_6907940295614233970_n.jpg?stp=dst-jpg_s200x200_tt6&#038;_nc_cat=111&#038;ccb=1-7&#038;_nc_sid=f907e8&#038;_nc_ohc=SM1wRlP3lJwQ7kNvwEPuBYA&#038;_nc_oc=AdnqrjDN_BNjSSHWO-GbkIWH6fkGMLw4bqvL_NH6e2wMveX7G-rP2dAqsDSq1mJMOaY&#038;_nc_zt=24&#038;_nc_ht=scontent-gig4-1.xx&#038;_nc_gid=AoBFJeGrT1hVaew_6rchkQ&#038;oh=00_AfX7QmFGhQhG2jAllVgXCiM1ZrWgvtp80-Bfppyexh1QEg&#038;oe=689E923C","article:published_time":"2018-08-03T00:08:46+00:00","article:modified_time":"2018-08-03T00:08:46+00:00","twitter:card":"summary_large_image","twitter:title":"Festa Junina do S\u00edtio Recanto Tricolor \u00e9 sucesso em mais uma edi\u00e7\u00e3o - A Not\u00edcia Online","twitter:description":"A 4\u00aa Edi\u00e7\u00e3o da Festa Junina do S\u00edtio Recanto Tricolor foi, mais uma vez, um grande sucesso de p\u00fablico na noite de sexta-feira (27). De propriedade de Jos\u00e9 Geraldo Martins, o evento reuniu amigos e convidados em um clima familiar com comidas t\u00edpicas, entretenimento, brincadeiras para as crian\u00e7as e m\u00fasica ao vivo com F\u00e1bio Ohany","twitter:image":"https:\/\/scontent-gig4-1.xx.fbcdn.net\/v\/t39.30808-1\/270437624_4564083193639691_6907940295614233970_n.jpg?stp=dst-jpg_s200x200_tt6&_nc_cat=111&ccb=1-7&_nc_sid=f907e8&_nc_ohc=SM1wRlP3lJwQ7kNvwEPuBYA&_nc_oc=AdnqrjDN_BNjSSHWO-GbkIWH6fkGMLw4bqvL_NH6e2wMveX7G-rP2dAqsDSq1mJMOaY&_nc_zt=24&_nc_ht=scontent-gig4-1.xx&_nc_gid=AoBFJeGrT1hVaew_6rchkQ&oh=00_AfX7QmFGhQhG2jAllVgXCiM1ZrWgvtp80-Bfppyexh1QEg&oe=689E923C"},"aioseo_meta_data":{"post_id":"59195","title":null,"description":null,"keywords":null,"keyphrases":null,"primary_term":null,"canonical_url":null,"og_title":null,"og_description":null,"og_object_type":"default","og_image_type":"default","og_image_url":null,"og_image_width":null,"og_image_height":null,"og_image_custom_url":null,"og_image_custom_fields":null,"og_video":null,"og_custom_url":null,"og_article_section":null,"og_article_tags":null,"twitter_use_og":false,"twitter_card":"default","twitter_image_type":"default","twitter_image_url":null,"twitter_image_custom_url":null,"twitter_image_custom_fields":null,"twitter_title":null,"twitter_description":null,"schema":{"blockGraphs":[],"customGraphs":[],"default":{"data":{"Article":[],"Course":[],"Dataset":[],"FAQPage":[],"Movie":[],"Person":[],"Product":[],"ProductReview":[],"Car":[],"Recipe":[],"Service":[],"SoftwareApplication":[],"WebPage":[]},"graphName":"","isEnabled":true},"graphs":[]},"schema_type":"default","schema_type_options":null,"pillar_content":false,"robots_default":true,"robots_noindex":false,"robots_noarchive":false,"robots_nosnippet":false,"robots_nofollow":false,"robots_noimageindex":false,"robots_noodp":false,"robots_notranslate":false,"robots_max_snippet":null,"robots_max_videopreview":null,"robots_max_imagepreview":"large","priority":null,"frequency":null,"local_seo":null,"breadcrumb_settings":null,"limit_modified_date":false,"ai":null,"created":"2025-08-16 21:21:49","updated":"2025-08-16 21:21:49","focus_keyword":null,"additional_keywords":null,"truseo_locale":null,"seo_analyzer_scan_date":null},"aioseo_breadcrumb":"<div class=\"aioseo-breadcrumbs\"><span class=\"aioseo-breadcrumb\">\n\t\t\t<a href=\"https:\/\/anoticiaonline.com.br\/site\" title=\"Home\">Home<\/a>\n\t\t<\/span><span class=\"aioseo-breadcrumb-separator\">&raquo;<\/span><span class=\"aioseo-breadcrumb\">\n\t\t\t<a href=\"https:\/\/anoticiaonline.com.br\/site\/categoria\/muriae\/\" title=\"Blog\">Blog<\/a>\n\t\t<\/span><span class=\"aioseo-breadcrumb-separator\">&raquo;<\/span><span class=\"aioseo-breadcrumb\">\n\t\t\tFesta Junina do S\u00edtio Recanto Tricolor \u00e9 sucesso em mais uma edi\u00e7\u00e3o\n\t\t<\/span><\/div>","aioseo_breadcrumb_json":[{"label":"Home","link":"https:\/\/anoticiaonline.com.br\/site"},{"label":"Blog","link":"https:\/\/anoticiaonline.com.br\/site\/categoria\/muriae\/"},{"label":"Festa Junina do S\u00edtio Recanto Tricolor \u00e9 sucesso em mais uma edi\u00e7\u00e3o","link":"https:\/\/anoticiaonline.com.br\/site\/festa-junina-do-sitio-recanto-tricolor-e-sucesso-em-mais-uma-edicao\/"}],"views":128,"_links":{"self":[{"href":"https:\/\/anoticiaonline.com.br\/site\/wp-json\/wp\/v2\/posts\/59195","targetHints":{"allow":["GET"]}}],"collection":[{"href":"https:\/\/anoticiaonline.com.br\/site\/wp-json\/wp\/v2\/posts"}],"about":[{"href":"https:\/\/anoticiaonline.com.br\/site\/wp-json\/wp\/v2\/types\/post"}],"author":[{"embeddable":true,"href":"https:\/\/anoticiaonline.com.br\/site\/wp-json\/wp\/v2\/users\/2"}],"replies":[{"embeddable":true,"href":"https:\/\/anoticiaonline.com.br\/site\/wp-json\/wp\/v2\/comments?post=59195"}],"version-history":[{"count":0,"href":"https:\/\/anoticiaonline.com.br\/site\/wp-json\/wp\/v2\/posts\/59195\/revisions"}],"wp:featuredmedia":[{"embeddable":true,"href":"https:\/\/anoticiaonline.com.br\/site\/wp-json\/wp\/v2\/media\/59206"}],"wp:attachment":[{"href":"https:\/\/anoticiaonline.com.br\/site\/wp-json\/wp\/v2\/media?parent=59195"}],"wp:term":[{"taxonomy":"category","embeddable":true,"href":"https:\/\/anoticiaonline.com.br\/site\/wp-json\/wp\/v2\/categories?post=59195"},{"taxonomy":"post_tag","embeddable":true,"href":"https:\/\/anoticiaonline.com.br\/site\/wp-json\/wp\/v2\/tags?post=59195"}],"curies":[{"name":"wp","href":"https:\/\/api.w.org\/{rel}","templated":true}]}}