{"id":59132,"date":"2018-08-02T20:34:17","date_gmt":"2018-08-02T23:34:17","guid":{"rendered":"http:\/\/anoticiaonline.com.br\/site\/?p=59132"},"modified":"2018-08-04T10:11:06","modified_gmt":"2018-08-04T13:11:06","slug":"cefas-empossa-nova-diretoria","status":"publish","type":"post","link":"https:\/\/anoticiaonline.com.br\/site\/cefas-empossa-nova-diretoria\/","title":{"rendered":"CEFAS com nova diretoria"},"content":{"rendered":"<p><a href=\"https:\/\/anoticiaonline.com.br\/site\/wp-content\/uploads\/2018\/08\/DSC_0662.jpg\"><img fetchpriority=\"high\" decoding=\"async\" class=\"aligncenter size-full wp-image-59133\" src=\"https:\/\/anoticiaonline.com.br\/site\/wp-content\/uploads\/2018\/08\/DSC_0662.jpg\" alt=\"\" width=\"1000\" height=\"667\" srcset=\"https:\/\/anoticiaonline.com.br\/site\/wp-content\/uploads\/2018\/08\/DSC_0662.jpg 1000w, https:\/\/anoticiaonline.com.br\/site\/wp-content\/uploads\/2018\/08\/DSC_0662-300x200.jpg 300w, https:\/\/anoticiaonline.com.br\/site\/wp-content\/uploads\/2018\/08\/DSC_0662-768x512.jpg 768w, https:\/\/anoticiaonline.com.br\/site\/wp-content\/uploads\/2018\/08\/DSC_0662-900x600.jpg 900w\" sizes=\"(max-width: 1000px) 100vw, 1000px\" \/><\/a>O Centro de Forma\u00e7\u00e3o e Ascen\u00e7\u00e3o Social (CEFAS) teve nova diretoria empossada na noite de quinta-feira (26). O mandato ter\u00e1 vig\u00eancia at\u00e9 o dia 14 de junho de 2020.<\/p>\n<p>Durante entrevista, o novo presidente do CEFAS, M\u00e1rio L\u00facio Rodrigues aproveitou para agradecer o trabalho feito pela gest\u00e3o anterior, presidida por Ant\u00f4nio Gomes de Souza. \u201c\u00c9 com muita honra e senso de responsabilidade que assumo a presid\u00eancia do CEFAS. A nova diretoria e seus demais conselheiros participantes ser\u00e3o continuadores do excelente trabalho realizado pela gest\u00e3o anterior, com o ent\u00e3o presidente Ant\u00f4nio Gomes de Souza e tamb\u00e9m com todos os outros que, com muito amor e dedica\u00e7\u00e3o, constru\u00edram o CEFAS de hoje\u201d, conta.<\/p>\n<p>De acordo com M\u00e1rio L\u00facio, \u201ceste \u00e9 um per\u00edodo de mudan\u00e7as principalmente no que diz respeito ao resgate da presen\u00e7a dos padres e representantes das par\u00f3quias da cidade na administra\u00e7\u00e3o do CEFAS. A partir de agora, ao final de cada mandato de dois anos, haver\u00e1 um rod\u00edzio de par\u00f3quias, que assumir\u00e3o o CEFAS, juntamente com seu respectivo p\u00e1roco, respons\u00e1vel por montar um corpo administrativo\u201d, diz.<\/p>\n<p>A ordem do rod\u00edzio de par\u00f3quias ser\u00e1 a seguinte:<\/p>\n<ul>\n<li>Primeiro mandato: Par\u00f3quia Imaculada Concei\u00e7\u00e3o (Barra);<\/li>\n<li>Segundo mandato: Par\u00f3quia Santa Cruz (Safira);<\/li>\n<li>Terceiro mandato: Par\u00f3quia Nossa Senhora Aparecida (Porto);<\/li>\n<li>Quarto mandato: Par\u00f3quia S\u00e3o Paulo (Centro);<\/li>\n<li>Quinto mandato: Par\u00f3quia Nossa Senhora do Sagrado Cora\u00e7\u00e3o (Dornelas).<\/li>\n<\/ul>\n<p><a href=\"https:\/\/anoticiaonline.com.br\/site\/wp-content\/uploads\/2018\/08\/DSC_0666.jpg\"><img decoding=\"async\" class=\"aligncenter size-full wp-image-59134\" src=\"https:\/\/anoticiaonline.com.br\/site\/wp-content\/uploads\/2018\/08\/DSC_0666.jpg\" alt=\"\" width=\"1000\" height=\"667\" srcset=\"https:\/\/anoticiaonline.com.br\/site\/wp-content\/uploads\/2018\/08\/DSC_0666.jpg 1000w, https:\/\/anoticiaonline.com.br\/site\/wp-content\/uploads\/2018\/08\/DSC_0666-300x200.jpg 300w, https:\/\/anoticiaonline.com.br\/site\/wp-content\/uploads\/2018\/08\/DSC_0666-768x512.jpg 768w, https:\/\/anoticiaonline.com.br\/site\/wp-content\/uploads\/2018\/08\/DSC_0666-900x600.jpg 900w\" sizes=\"(max-width: 1000px) 100vw, 1000px\" \/><\/a>O padre Carlos Roberto Moreira de Oliveira, p\u00e1roco da Igreja Imaculada Concei\u00e7\u00e3o, localizada no Bairro da Barra, disse que o CEFAS \u00e9 de grande import\u00e2ncia para a comunidade cat\u00f3lica.<\/p>\n<p>\u201cA ideia principal da cria\u00e7\u00e3o do CEFAS foi contribuir para a forma\u00e7\u00e3o do crist\u00e3o. Por isso, este espa\u00e7o foi criado justamente para a realiza\u00e7\u00e3o de eventos como Encontro de Jovens, Encontro de Casais, Cursos de Noivos, retiros espirituais, atividades e projetos que visam crescimento espiritual e social. Muitos eventos deste tipo deixaram de ser realizados aqui e passaram a ser realizados nos sal\u00f5es das pr\u00f3prias igrejas da cidade, mas a partir de agora, o desejo \u00e9 que estas atividades retornem ao CEFAS. Mesmo assim, muitos eventos sociais continuar\u00e3o acontecendo no local, como formaturas, palestras, casamentos e eventos p\u00fablicos. Por isso, o espa\u00e7o deve ser melhorado e, consequentemente, preservado para que mais eventos possam acontecer e contribuir para o bem da sociedade. Acredito que a nova administra\u00e7\u00e3o atender\u00e1 muito bem estas novas demandas, n\u00e3o somente para a comunidade cat\u00f3lica, mas para todos os muriaeenses\u201d, conta.<\/p>\n<p><strong>Nova diretoria: <\/strong><\/p>\n<p>Presidente \u2013 M\u00e1rio L\u00facio Rodrigues &#8211; Par\u00f3quia Imaculada Concei\u00e7\u00e3o (Barra);<\/p>\n<p>Vice-presidente \u2013 Jo\u00e3o Batista dos Santos Lima &#8211; Par\u00f3quia Santa Cruz (Safira);<\/p>\n<p>1\u00ba Secret\u00e1rio \u2013 Luiz Adolfo Duvanel Chaves &#8211; Par\u00f3quia Santa Cruz (Safira);<\/p>\n<p>2\u00ba Secret\u00e1rio \u2013 Nilson Francisco Rodrigues &#8211; Par\u00f3quia Nossa Senhora Aparecida (Porto);<\/p>\n<p><a href=\"https:\/\/anoticiaonline.com.br\/site\/wp-content\/uploads\/2018\/08\/DSC_0669-1.jpg\"><img decoding=\"async\" class=\"aligncenter size-full wp-image-59135\" src=\"https:\/\/anoticiaonline.com.br\/site\/wp-content\/uploads\/2018\/08\/DSC_0669-1.jpg\" alt=\"\" width=\"1000\" height=\"667\" srcset=\"https:\/\/anoticiaonline.com.br\/site\/wp-content\/uploads\/2018\/08\/DSC_0669-1.jpg 1000w, https:\/\/anoticiaonline.com.br\/site\/wp-content\/uploads\/2018\/08\/DSC_0669-1-300x200.jpg 300w, https:\/\/anoticiaonline.com.br\/site\/wp-content\/uploads\/2018\/08\/DSC_0669-1-768x512.jpg 768w, https:\/\/anoticiaonline.com.br\/site\/wp-content\/uploads\/2018\/08\/DSC_0669-1-900x600.jpg 900w\" sizes=\"(max-width: 1000px) 100vw, 1000px\" \/><\/a><\/p>\n","protected":false},"excerpt":{"rendered":"<p>O Centro de Forma\u00e7\u00e3o e Ascen\u00e7\u00e3o Social (CEFAS) teve nova diretoria empossada na noite de quinta-feira (26). O mandato ter\u00e1 vig\u00eancia at\u00e9 o dia 14 de junho de 2020. Durante entrevista, o novo presidente do CEFAS, M\u00e1rio L\u00facio Rodrigues aproveitou para agradecer o trabalho feito pela gest\u00e3o anterior, presidida por Ant\u00f4nio Gomes de Souza. \u201c\u00c9 &#8230; <a title=\"CEFAS com nova diretoria\" class=\"read-more\" href=\"https:\/\/anoticiaonline.com.br\/site\/cefas-empossa-nova-diretoria\/\" aria-label=\"Read more about CEFAS com nova diretoria\">Ler mais<\/a><\/p>\n","protected":false},"author":7,"featured_media":59133,"comment_status":"open","ping_status":"open","sticky":false,"template":"","format":"standard","meta":{"_acf_changed":false,"_monsterinsights_skip_tracking":false,"footnotes":""},"categories":[30,24],"tags":[2895,2896],"class_list":["post-59132","post","type-post","status-publish","format-standard","has-post-thumbnail","hentry","category-muriae","category-eventos","tag-cefas","tag-mario-lucio-rodrigues"],"acf":[],"aioseo_notices":[],"aioseo_head":"\n\t\t<!-- All in One SEO 5.0.0.1 - aioseo.com -->\n\t<meta name=\"description\" content=\"O Centro de Forma\u00e7\u00e3o e Ascen\u00e7\u00e3o Social (CEFAS) teve nova diretoria empossada na noite de quinta-feira (26). O mandato ter\u00e1 vig\u00eancia at\u00e9 o dia 14 de junho de 2020. Durante entrevista, o novo presidente do CEFAS, M\u00e1rio L\u00facio Rodrigues aproveitou para agradecer o trabalho feito pela gest\u00e3o anterior, presidida por Ant\u00f4nio Gomes de Souza. \u201c\u00c9\" \/>\n\t<meta name=\"robots\" content=\"max-image-preview:large\" \/>\n\t<meta name=\"author\" content=\"Leandro Bebiano\"\/>\n\t<link rel=\"canonical\" href=\"https:\/\/anoticiaonline.com.br\/site\/cefas-empossa-nova-diretoria\/\" \/>\n\t<meta name=\"generator\" content=\"All in One SEO (AIOSEO) 5.0.0.1\" \/>\n\t\t<meta property=\"og:locale\" content=\"pt_BR\" \/>\n\t\t<meta property=\"og:site_name\" content=\"A Not\u00edcia Online - Noticias de Muria\u00e9 e regi\u00e3o\" \/>\n\t\t<meta property=\"og:type\" content=\"article\" \/>\n\t\t<meta property=\"og:title\" content=\"CEFAS com nova diretoria - A Not\u00edcia Online\" \/>\n\t\t<meta property=\"og:description\" content=\"O Centro de Forma\u00e7\u00e3o e Ascen\u00e7\u00e3o Social (CEFAS) teve nova diretoria empossada na noite de quinta-feira (26). O mandato ter\u00e1 vig\u00eancia at\u00e9 o dia 14 de junho de 2020. Durante entrevista, o novo presidente do CEFAS, M\u00e1rio L\u00facio Rodrigues aproveitou para agradecer o trabalho feito pela gest\u00e3o anterior, presidida por Ant\u00f4nio Gomes de Souza. \u201c\u00c9\" \/>\n\t\t<meta property=\"og:url\" content=\"https:\/\/anoticiaonline.com.br\/site\/cefas-empossa-nova-diretoria\/\" \/>\n\t\t<meta property=\"og:image\" content=\"https:\/\/scontent-gig4-1.xx.fbcdn.net\/v\/t39.30808-1\/270437624_4564083193639691_6907940295614233970_n.jpg?stp=dst-jpg_s200x200_tt6&#038;_nc_cat=111&#038;ccb=1-7&#038;_nc_sid=f907e8&#038;_nc_ohc=SM1wRlP3lJwQ7kNvwEPuBYA&#038;_nc_oc=AdnqrjDN_BNjSSHWO-GbkIWH6fkGMLw4bqvL_NH6e2wMveX7G-rP2dAqsDSq1mJMOaY&#038;_nc_zt=24&#038;_nc_ht=scontent-gig4-1.xx&#038;_nc_gid=AoBFJeGrT1hVaew_6rchkQ&#038;oh=00_AfX7QmFGhQhG2jAllVgXCiM1ZrWgvtp80-Bfppyexh1QEg&#038;oe=689E923C\" \/>\n\t\t<meta property=\"og:image:secure_url\" content=\"https:\/\/scontent-gig4-1.xx.fbcdn.net\/v\/t39.30808-1\/270437624_4564083193639691_6907940295614233970_n.jpg?stp=dst-jpg_s200x200_tt6&#038;_nc_cat=111&#038;ccb=1-7&#038;_nc_sid=f907e8&#038;_nc_ohc=SM1wRlP3lJwQ7kNvwEPuBYA&#038;_nc_oc=AdnqrjDN_BNjSSHWO-GbkIWH6fkGMLw4bqvL_NH6e2wMveX7G-rP2dAqsDSq1mJMOaY&#038;_nc_zt=24&#038;_nc_ht=scontent-gig4-1.xx&#038;_nc_gid=AoBFJeGrT1hVaew_6rchkQ&#038;oh=00_AfX7QmFGhQhG2jAllVgXCiM1ZrWgvtp80-Bfppyexh1QEg&#038;oe=689E923C\" \/>\n\t\t<meta property=\"article:published_time\" content=\"2018-08-02T23:34:17+00:00\" \/>\n\t\t<meta property=\"article:modified_time\" content=\"2018-08-04T13:11:06+00:00\" \/>\n\t\t<meta name=\"twitter:card\" content=\"summary_large_image\" \/>\n\t\t<meta name=\"twitter:title\" content=\"CEFAS com nova diretoria - A Not\u00edcia Online\" \/>\n\t\t<meta name=\"twitter:description\" content=\"O Centro de Forma\u00e7\u00e3o e Ascen\u00e7\u00e3o Social (CEFAS) teve nova diretoria empossada na noite de quinta-feira (26). O mandato ter\u00e1 vig\u00eancia at\u00e9 o dia 14 de junho de 2020. Durante entrevista, o novo presidente do CEFAS, M\u00e1rio L\u00facio Rodrigues aproveitou para agradecer o trabalho feito pela gest\u00e3o anterior, presidida por Ant\u00f4nio Gomes de Souza. \u201c\u00c9\" \/>\n\t\t<meta name=\"twitter:image\" content=\"https:\/\/scontent-gig4-1.xx.fbcdn.net\/v\/t39.30808-1\/270437624_4564083193639691_6907940295614233970_n.jpg?stp=dst-jpg_s200x200_tt6&amp;_nc_cat=111&amp;ccb=1-7&amp;_nc_sid=f907e8&amp;_nc_ohc=SM1wRlP3lJwQ7kNvwEPuBYA&amp;_nc_oc=AdnqrjDN_BNjSSHWO-GbkIWH6fkGMLw4bqvL_NH6e2wMveX7G-rP2dAqsDSq1mJMOaY&amp;_nc_zt=24&amp;_nc_ht=scontent-gig4-1.xx&amp;_nc_gid=AoBFJeGrT1hVaew_6rchkQ&amp;oh=00_AfX7QmFGhQhG2jAllVgXCiM1ZrWgvtp80-Bfppyexh1QEg&amp;oe=689E923C\" \/>\n\t\t<script type=\"application\/ld+json\" class=\"aioseo-schema\">\n\t\t\t{\"@context\":\"https:\\\/\\\/schema.org\",\"@graph\":[{\"@type\":\"BlogPosting\",\"@id\":\"https:\\\/\\\/anoticiaonline.com.br\\\/site\\\/cefas-empossa-nova-diretoria\\\/#blogposting\",\"name\":\"CEFAS com nova diretoria - A Not\\u00edcia Online\",\"headline\":\"CEFAS com nova diretoria\",\"author\":{\"@id\":\"https:\\\/\\\/anoticiaonline.com.br\\\/site\\\/author\\\/leandro\\\/#author\"},\"publisher\":{\"@id\":\"https:\\\/\\\/anoticiaonline.com.br\\\/site\\\/#organization\"},\"image\":{\"@type\":\"ImageObject\",\"url\":\"https:\\\/\\\/anoticiaonline.com.br\\\/site\\\/wp-content\\\/uploads\\\/2018\\\/08\\\/DSC_0662.jpg\",\"width\":1000,\"height\":667},\"datePublished\":\"2018-08-02T20:34:17-03:00\",\"dateModified\":\"2018-08-04T10:11:06-03:00\",\"inLanguage\":\"pt-BR\",\"mainEntityOfPage\":{\"@id\":\"https:\\\/\\\/anoticiaonline.com.br\\\/site\\\/cefas-empossa-nova-diretoria\\\/#webpage\"},\"isPartOf\":{\"@id\":\"https:\\\/\\\/anoticiaonline.com.br\\\/site\\\/cefas-empossa-nova-diretoria\\\/#webpage\"},\"articleSection\":\"Blog, Eventos, CEFAS, M\\u00e1rio L\\u00facio Rodrigues\"},{\"@type\":\"BreadcrumbList\",\"@id\":\"https:\\\/\\\/anoticiaonline.com.br\\\/site\\\/cefas-empossa-nova-diretoria\\\/#breadcrumblist\",\"itemListElement\":[{\"@type\":\"ListItem\",\"@id\":\"https:\\\/\\\/anoticiaonline.com.br\\\/site#listItem\",\"position\":1,\"name\":\"Home\",\"item\":\"https:\\\/\\\/anoticiaonline.com.br\\\/site\",\"nextItem\":{\"@type\":\"ListItem\",\"@id\":\"https:\\\/\\\/anoticiaonline.com.br\\\/site\\\/categoria\\\/eventos\\\/#listItem\",\"name\":\"Eventos\"}},{\"@type\":\"ListItem\",\"@id\":\"https:\\\/\\\/anoticiaonline.com.br\\\/site\\\/categoria\\\/eventos\\\/#listItem\",\"position\":2,\"name\":\"Eventos\",\"item\":\"https:\\\/\\\/anoticiaonline.com.br\\\/site\\\/categoria\\\/eventos\\\/\",\"nextItem\":{\"@type\":\"ListItem\",\"@id\":\"https:\\\/\\\/anoticiaonline.com.br\\\/site\\\/cefas-empossa-nova-diretoria\\\/#listItem\",\"name\":\"CEFAS com nova diretoria\"},\"previousItem\":{\"@type\":\"ListItem\",\"@id\":\"https:\\\/\\\/anoticiaonline.com.br\\\/site#listItem\",\"name\":\"Home\"}},{\"@type\":\"ListItem\",\"@id\":\"https:\\\/\\\/anoticiaonline.com.br\\\/site\\\/cefas-empossa-nova-diretoria\\\/#listItem\",\"position\":3,\"name\":\"CEFAS com nova diretoria\",\"previousItem\":{\"@type\":\"ListItem\",\"@id\":\"https:\\\/\\\/anoticiaonline.com.br\\\/site\\\/categoria\\\/eventos\\\/#listItem\",\"name\":\"Eventos\"}}]},{\"@type\":\"Organization\",\"@id\":\"https:\\\/\\\/anoticiaonline.com.br\\\/site\\\/#organization\",\"name\":\"A Not\\u00edcia Online\",\"description\":\"Noticias de Muria\\u00e9 e regi\\u00e3o\",\"url\":\"https:\\\/\\\/anoticiaonline.com.br\\\/site\\\/\",\"logo\":{\"@type\":\"ImageObject\",\"url\":\"https:\\\/\\\/scontent-gig4-1.xx.fbcdn.net\\\/v\\\/t39.30808-1\\\/270437624_4564083193639691_6907940295614233970_n.jpg?stp=dst-jpg_s200x200_tt6&_nc_cat=111&ccb=1-7&_nc_sid=f907e8&_nc_ohc=SM1wRlP3lJwQ7kNvwEPuBYA&_nc_oc=AdnqrjDN_BNjSSHWO-GbkIWH6fkGMLw4bqvL_NH6e2wMveX7G-rP2dAqsDSq1mJMOaY&_nc_zt=24&_nc_ht=scontent-gig4-1.xx&_nc_gid=AoBFJeGrT1hVaew_6rchkQ&oh=00_AfX7QmFGhQhG2jAllVgXCiM1ZrWgvtp80-Bfppyexh1QEg&oe=689E923C\",\"@id\":\"https:\\\/\\\/anoticiaonline.com.br\\\/site\\\/cefas-empossa-nova-diretoria\\\/#organizationLogo\"},\"image\":{\"@id\":\"https:\\\/\\\/anoticiaonline.com.br\\\/site\\\/cefas-empossa-nova-diretoria\\\/#organizationLogo\"}},{\"@type\":\"Person\",\"@id\":\"https:\\\/\\\/anoticiaonline.com.br\\\/site\\\/author\\\/leandro\\\/#author\",\"url\":\"https:\\\/\\\/anoticiaonline.com.br\\\/site\\\/author\\\/leandro\\\/\",\"name\":\"Leandro Bebiano\",\"image\":{\"@type\":\"ImageObject\",\"@id\":\"https:\\\/\\\/anoticiaonline.com.br\\\/site\\\/cefas-empossa-nova-diretoria\\\/#authorImage\",\"url\":\"https:\\\/\\\/secure.gravatar.com\\\/avatar\\\/99966a20c143db97c8590c2013307c7c234a4cca48ed5657cbb47e22a400bd5f?s=96&d=mm&r=g\",\"width\":96,\"height\":96,\"caption\":\"Leandro Bebiano\"}},{\"@type\":\"WebPage\",\"@id\":\"https:\\\/\\\/anoticiaonline.com.br\\\/site\\\/cefas-empossa-nova-diretoria\\\/#webpage\",\"url\":\"https:\\\/\\\/anoticiaonline.com.br\\\/site\\\/cefas-empossa-nova-diretoria\\\/\",\"name\":\"CEFAS com nova diretoria - A Not\\u00edcia Online\",\"description\":\"O Centro de Forma\\u00e7\\u00e3o e Ascen\\u00e7\\u00e3o Social (CEFAS) teve nova diretoria empossada na noite de quinta-feira (26). O mandato ter\\u00e1 vig\\u00eancia at\\u00e9 o dia 14 de junho de 2020. Durante entrevista, o novo presidente do CEFAS, M\\u00e1rio L\\u00facio Rodrigues aproveitou para agradecer o trabalho feito pela gest\\u00e3o anterior, presidida por Ant\\u00f4nio Gomes de Souza. \\u201c\\u00c9\",\"inLanguage\":\"pt-BR\",\"isPartOf\":{\"@id\":\"https:\\\/\\\/anoticiaonline.com.br\\\/site\\\/#website\"},\"breadcrumb\":{\"@id\":\"https:\\\/\\\/anoticiaonline.com.br\\\/site\\\/cefas-empossa-nova-diretoria\\\/#breadcrumblist\"},\"author\":{\"@id\":\"https:\\\/\\\/anoticiaonline.com.br\\\/site\\\/author\\\/leandro\\\/#author\"},\"creator\":{\"@id\":\"https:\\\/\\\/anoticiaonline.com.br\\\/site\\\/author\\\/leandro\\\/#author\"},\"image\":{\"@type\":\"ImageObject\",\"url\":\"https:\\\/\\\/anoticiaonline.com.br\\\/site\\\/wp-content\\\/uploads\\\/2018\\\/08\\\/DSC_0662.jpg\",\"@id\":\"https:\\\/\\\/anoticiaonline.com.br\\\/site\\\/cefas-empossa-nova-diretoria\\\/#mainImage\",\"width\":1000,\"height\":667},\"primaryImageOfPage\":{\"@id\":\"https:\\\/\\\/anoticiaonline.com.br\\\/site\\\/cefas-empossa-nova-diretoria\\\/#mainImage\"},\"datePublished\":\"2018-08-02T20:34:17-03:00\",\"dateModified\":\"2018-08-04T10:11:06-03:00\"},{\"@type\":\"WebSite\",\"@id\":\"https:\\\/\\\/anoticiaonline.com.br\\\/site\\\/#website\",\"url\":\"https:\\\/\\\/anoticiaonline.com.br\\\/site\\\/\",\"name\":\"A Not\\u00edcia Online\",\"description\":\"Noticias de Muria\\u00e9 e regi\\u00e3o\",\"inLanguage\":\"pt-BR\",\"publisher\":{\"@id\":\"https:\\\/\\\/anoticiaonline.com.br\\\/site\\\/#organization\"}}]}\n\t\t<\/script>\n\t\t<!-- All in One SEO -->\n\n","aioseo_head_json":{"title":"CEFAS com nova diretoria - A Not\u00edcia Online","description":"O Centro de Forma\u00e7\u00e3o e Ascen\u00e7\u00e3o Social (CEFAS) teve nova diretoria empossada na noite de quinta-feira (26). O mandato ter\u00e1 vig\u00eancia at\u00e9 o dia 14 de junho de 2020. Durante entrevista, o novo presidente do CEFAS, M\u00e1rio L\u00facio Rodrigues aproveitou para agradecer o trabalho feito pela gest\u00e3o anterior, presidida por Ant\u00f4nio Gomes de Souza. \u201c\u00c9","canonical_url":"https:\/\/anoticiaonline.com.br\/site\/cefas-empossa-nova-diretoria\/","robots":"max-image-preview:large","keywords":"","webmasterTools":{"miscellaneous":""},"schema":{"@context":"https:\/\/schema.org","@graph":[{"@type":"BlogPosting","@id":"https:\/\/anoticiaonline.com.br\/site\/cefas-empossa-nova-diretoria\/#blogposting","name":"CEFAS com nova diretoria - A Not\u00edcia Online","headline":"CEFAS com nova diretoria","author":{"@id":"https:\/\/anoticiaonline.com.br\/site\/author\/leandro\/#author"},"publisher":{"@id":"https:\/\/anoticiaonline.com.br\/site\/#organization"},"image":{"@type":"ImageObject","url":"https:\/\/anoticiaonline.com.br\/site\/wp-content\/uploads\/2018\/08\/DSC_0662.jpg","width":1000,"height":667},"datePublished":"2018-08-02T20:34:17-03:00","dateModified":"2018-08-04T10:11:06-03:00","inLanguage":"pt-BR","mainEntityOfPage":{"@id":"https:\/\/anoticiaonline.com.br\/site\/cefas-empossa-nova-diretoria\/#webpage"},"isPartOf":{"@id":"https:\/\/anoticiaonline.com.br\/site\/cefas-empossa-nova-diretoria\/#webpage"},"articleSection":"Blog, Eventos, CEFAS, M\u00e1rio L\u00facio Rodrigues"},{"@type":"BreadcrumbList","@id":"https:\/\/anoticiaonline.com.br\/site\/cefas-empossa-nova-diretoria\/#breadcrumblist","itemListElement":[{"@type":"ListItem","@id":"https:\/\/anoticiaonline.com.br\/site#listItem","position":1,"name":"Home","item":"https:\/\/anoticiaonline.com.br\/site","nextItem":{"@type":"ListItem","@id":"https:\/\/anoticiaonline.com.br\/site\/categoria\/eventos\/#listItem","name":"Eventos"}},{"@type":"ListItem","@id":"https:\/\/anoticiaonline.com.br\/site\/categoria\/eventos\/#listItem","position":2,"name":"Eventos","item":"https:\/\/anoticiaonline.com.br\/site\/categoria\/eventos\/","nextItem":{"@type":"ListItem","@id":"https:\/\/anoticiaonline.com.br\/site\/cefas-empossa-nova-diretoria\/#listItem","name":"CEFAS com nova diretoria"},"previousItem":{"@type":"ListItem","@id":"https:\/\/anoticiaonline.com.br\/site#listItem","name":"Home"}},{"@type":"ListItem","@id":"https:\/\/anoticiaonline.com.br\/site\/cefas-empossa-nova-diretoria\/#listItem","position":3,"name":"CEFAS com nova diretoria","previousItem":{"@type":"ListItem","@id":"https:\/\/anoticiaonline.com.br\/site\/categoria\/eventos\/#listItem","name":"Eventos"}}]},{"@type":"Organization","@id":"https:\/\/anoticiaonline.com.br\/site\/#organization","name":"A Not\u00edcia Online","description":"Noticias de Muria\u00e9 e regi\u00e3o","url":"https:\/\/anoticiaonline.com.br\/site\/","logo":{"@type":"ImageObject","url":"https:\/\/scontent-gig4-1.xx.fbcdn.net\/v\/t39.30808-1\/270437624_4564083193639691_6907940295614233970_n.jpg?stp=dst-jpg_s200x200_tt6&_nc_cat=111&ccb=1-7&_nc_sid=f907e8&_nc_ohc=SM1wRlP3lJwQ7kNvwEPuBYA&_nc_oc=AdnqrjDN_BNjSSHWO-GbkIWH6fkGMLw4bqvL_NH6e2wMveX7G-rP2dAqsDSq1mJMOaY&_nc_zt=24&_nc_ht=scontent-gig4-1.xx&_nc_gid=AoBFJeGrT1hVaew_6rchkQ&oh=00_AfX7QmFGhQhG2jAllVgXCiM1ZrWgvtp80-Bfppyexh1QEg&oe=689E923C","@id":"https:\/\/anoticiaonline.com.br\/site\/cefas-empossa-nova-diretoria\/#organizationLogo"},"image":{"@id":"https:\/\/anoticiaonline.com.br\/site\/cefas-empossa-nova-diretoria\/#organizationLogo"}},{"@type":"Person","@id":"https:\/\/anoticiaonline.com.br\/site\/author\/leandro\/#author","url":"https:\/\/anoticiaonline.com.br\/site\/author\/leandro\/","name":"Leandro Bebiano","image":{"@type":"ImageObject","@id":"https:\/\/anoticiaonline.com.br\/site\/cefas-empossa-nova-diretoria\/#authorImage","url":"https:\/\/secure.gravatar.com\/avatar\/99966a20c143db97c8590c2013307c7c234a4cca48ed5657cbb47e22a400bd5f?s=96&d=mm&r=g","width":96,"height":96,"caption":"Leandro Bebiano"}},{"@type":"WebPage","@id":"https:\/\/anoticiaonline.com.br\/site\/cefas-empossa-nova-diretoria\/#webpage","url":"https:\/\/anoticiaonline.com.br\/site\/cefas-empossa-nova-diretoria\/","name":"CEFAS com nova diretoria - A Not\u00edcia Online","description":"O Centro de Forma\u00e7\u00e3o e Ascen\u00e7\u00e3o Social (CEFAS) teve nova diretoria empossada na noite de quinta-feira (26). O mandato ter\u00e1 vig\u00eancia at\u00e9 o dia 14 de junho de 2020. Durante entrevista, o novo presidente do CEFAS, M\u00e1rio L\u00facio Rodrigues aproveitou para agradecer o trabalho feito pela gest\u00e3o anterior, presidida por Ant\u00f4nio Gomes de Souza. \u201c\u00c9","inLanguage":"pt-BR","isPartOf":{"@id":"https:\/\/anoticiaonline.com.br\/site\/#website"},"breadcrumb":{"@id":"https:\/\/anoticiaonline.com.br\/site\/cefas-empossa-nova-diretoria\/#breadcrumblist"},"author":{"@id":"https:\/\/anoticiaonline.com.br\/site\/author\/leandro\/#author"},"creator":{"@id":"https:\/\/anoticiaonline.com.br\/site\/author\/leandro\/#author"},"image":{"@type":"ImageObject","url":"https:\/\/anoticiaonline.com.br\/site\/wp-content\/uploads\/2018\/08\/DSC_0662.jpg","@id":"https:\/\/anoticiaonline.com.br\/site\/cefas-empossa-nova-diretoria\/#mainImage","width":1000,"height":667},"primaryImageOfPage":{"@id":"https:\/\/anoticiaonline.com.br\/site\/cefas-empossa-nova-diretoria\/#mainImage"},"datePublished":"2018-08-02T20:34:17-03:00","dateModified":"2018-08-04T10:11:06-03:00"},{"@type":"WebSite","@id":"https:\/\/anoticiaonline.com.br\/site\/#website","url":"https:\/\/anoticiaonline.com.br\/site\/","name":"A Not\u00edcia Online","description":"Noticias de Muria\u00e9 e regi\u00e3o","inLanguage":"pt-BR","publisher":{"@id":"https:\/\/anoticiaonline.com.br\/site\/#organization"}}]},"og:locale":"pt_BR","og:site_name":"A Not\u00edcia Online - Noticias de Muria\u00e9 e regi\u00e3o","og:type":"article","og:title":"CEFAS com nova diretoria - A Not\u00edcia Online","og:description":"O Centro de Forma\u00e7\u00e3o e Ascen\u00e7\u00e3o Social (CEFAS) teve nova diretoria empossada na noite de quinta-feira (26). O mandato ter\u00e1 vig\u00eancia at\u00e9 o dia 14 de junho de 2020. Durante entrevista, o novo presidente do CEFAS, M\u00e1rio L\u00facio Rodrigues aproveitou para agradecer o trabalho feito pela gest\u00e3o anterior, presidida por Ant\u00f4nio Gomes de Souza. \u201c\u00c9","og:url":"https:\/\/anoticiaonline.com.br\/site\/cefas-empossa-nova-diretoria\/","og:image":"https:\/\/scontent-gig4-1.xx.fbcdn.net\/v\/t39.30808-1\/270437624_4564083193639691_6907940295614233970_n.jpg?stp=dst-jpg_s200x200_tt6&#038;_nc_cat=111&#038;ccb=1-7&#038;_nc_sid=f907e8&#038;_nc_ohc=SM1wRlP3lJwQ7kNvwEPuBYA&#038;_nc_oc=AdnqrjDN_BNjSSHWO-GbkIWH6fkGMLw4bqvL_NH6e2wMveX7G-rP2dAqsDSq1mJMOaY&#038;_nc_zt=24&#038;_nc_ht=scontent-gig4-1.xx&#038;_nc_gid=AoBFJeGrT1hVaew_6rchkQ&#038;oh=00_AfX7QmFGhQhG2jAllVgXCiM1ZrWgvtp80-Bfppyexh1QEg&#038;oe=689E923C","og:image:secure_url":"https:\/\/scontent-gig4-1.xx.fbcdn.net\/v\/t39.30808-1\/270437624_4564083193639691_6907940295614233970_n.jpg?stp=dst-jpg_s200x200_tt6&#038;_nc_cat=111&#038;ccb=1-7&#038;_nc_sid=f907e8&#038;_nc_ohc=SM1wRlP3lJwQ7kNvwEPuBYA&#038;_nc_oc=AdnqrjDN_BNjSSHWO-GbkIWH6fkGMLw4bqvL_NH6e2wMveX7G-rP2dAqsDSq1mJMOaY&#038;_nc_zt=24&#038;_nc_ht=scontent-gig4-1.xx&#038;_nc_gid=AoBFJeGrT1hVaew_6rchkQ&#038;oh=00_AfX7QmFGhQhG2jAllVgXCiM1ZrWgvtp80-Bfppyexh1QEg&#038;oe=689E923C","article:published_time":"2018-08-02T23:34:17+00:00","article:modified_time":"2018-08-04T13:11:06+00:00","twitter:card":"summary_large_image","twitter:title":"CEFAS com nova diretoria - A Not\u00edcia Online","twitter:description":"O Centro de Forma\u00e7\u00e3o e Ascen\u00e7\u00e3o Social (CEFAS) teve nova diretoria empossada na noite de quinta-feira (26). O mandato ter\u00e1 vig\u00eancia at\u00e9 o dia 14 de junho de 2020. Durante entrevista, o novo presidente do CEFAS, M\u00e1rio L\u00facio Rodrigues aproveitou para agradecer o trabalho feito pela gest\u00e3o anterior, presidida por Ant\u00f4nio Gomes de Souza. \u201c\u00c9","twitter:image":"https:\/\/scontent-gig4-1.xx.fbcdn.net\/v\/t39.30808-1\/270437624_4564083193639691_6907940295614233970_n.jpg?stp=dst-jpg_s200x200_tt6&_nc_cat=111&ccb=1-7&_nc_sid=f907e8&_nc_ohc=SM1wRlP3lJwQ7kNvwEPuBYA&_nc_oc=AdnqrjDN_BNjSSHWO-GbkIWH6fkGMLw4bqvL_NH6e2wMveX7G-rP2dAqsDSq1mJMOaY&_nc_zt=24&_nc_ht=scontent-gig4-1.xx&_nc_gid=AoBFJeGrT1hVaew_6rchkQ&oh=00_AfX7QmFGhQhG2jAllVgXCiM1ZrWgvtp80-Bfppyexh1QEg&oe=689E923C"},"aioseo_meta_data":{"post_id":"59132","title":null,"description":null,"keywords":null,"keyphrases":null,"primary_term":null,"canonical_url":null,"og_title":null,"og_description":null,"og_object_type":"default","og_image_type":"default","og_image_url":null,"og_image_width":null,"og_image_height":null,"og_image_custom_url":null,"og_image_custom_fields":null,"og_video":null,"og_custom_url":null,"og_article_section":null,"og_article_tags":null,"twitter_use_og":false,"twitter_card":"default","twitter_image_type":"default","twitter_image_url":null,"twitter_image_custom_url":null,"twitter_image_custom_fields":null,"twitter_title":null,"twitter_description":null,"schema":{"blockGraphs":[],"customGraphs":[],"default":{"data":{"Article":[],"Course":[],"Dataset":[],"FAQPage":[],"Movie":[],"Person":[],"Product":[],"ProductReview":[],"Car":[],"Recipe":[],"Service":[],"SoftwareApplication":[],"WebPage":[]},"graphName":"","isEnabled":true},"graphs":[]},"schema_type":"default","schema_type_options":null,"pillar_content":false,"robots_default":true,"robots_noindex":false,"robots_noarchive":false,"robots_nosnippet":false,"robots_nofollow":false,"robots_noimageindex":false,"robots_noodp":false,"robots_notranslate":false,"robots_max_snippet":null,"robots_max_videopreview":null,"robots_max_imagepreview":"large","priority":null,"frequency":null,"local_seo":null,"breadcrumb_settings":null,"limit_modified_date":false,"ai":null,"created":"2025-08-16 21:21:49","updated":"2025-08-16 21:21:49","focus_keyword":null,"additional_keywords":null,"truseo_locale":null,"seo_analyzer_scan_date":null},"aioseo_breadcrumb":"<div class=\"aioseo-breadcrumbs\"><span class=\"aioseo-breadcrumb\">\n\t\t\t<a href=\"https:\/\/anoticiaonline.com.br\/site\" title=\"Home\">Home<\/a>\n\t\t<\/span><span class=\"aioseo-breadcrumb-separator\">&raquo;<\/span><span class=\"aioseo-breadcrumb\">\n\t\t\t<a href=\"https:\/\/anoticiaonline.com.br\/site\/categoria\/eventos\/\" title=\"Eventos\">Eventos<\/a>\n\t\t<\/span><span class=\"aioseo-breadcrumb-separator\">&raquo;<\/span><span class=\"aioseo-breadcrumb\">\n\t\t\tCEFAS com nova diretoria\n\t\t<\/span><\/div>","aioseo_breadcrumb_json":[{"label":"Home","link":"https:\/\/anoticiaonline.com.br\/site"},{"label":"Eventos","link":"https:\/\/anoticiaonline.com.br\/site\/categoria\/eventos\/"},{"label":"CEFAS com nova diretoria","link":"https:\/\/anoticiaonline.com.br\/site\/cefas-empossa-nova-diretoria\/"}],"views":151,"_links":{"self":[{"href":"https:\/\/anoticiaonline.com.br\/site\/wp-json\/wp\/v2\/posts\/59132","targetHints":{"allow":["GET"]}}],"collection":[{"href":"https:\/\/anoticiaonline.com.br\/site\/wp-json\/wp\/v2\/posts"}],"about":[{"href":"https:\/\/anoticiaonline.com.br\/site\/wp-json\/wp\/v2\/types\/post"}],"author":[{"embeddable":true,"href":"https:\/\/anoticiaonline.com.br\/site\/wp-json\/wp\/v2\/users\/7"}],"replies":[{"embeddable":true,"href":"https:\/\/anoticiaonline.com.br\/site\/wp-json\/wp\/v2\/comments?post=59132"}],"version-history":[{"count":0,"href":"https:\/\/anoticiaonline.com.br\/site\/wp-json\/wp\/v2\/posts\/59132\/revisions"}],"wp:featuredmedia":[{"embeddable":true,"href":"https:\/\/anoticiaonline.com.br\/site\/wp-json\/wp\/v2\/media\/59133"}],"wp:attachment":[{"href":"https:\/\/anoticiaonline.com.br\/site\/wp-json\/wp\/v2\/media?parent=59132"}],"wp:term":[{"taxonomy":"category","embeddable":true,"href":"https:\/\/anoticiaonline.com.br\/site\/wp-json\/wp\/v2\/categories?post=59132"},{"taxonomy":"post_tag","embeddable":true,"href":"https:\/\/anoticiaonline.com.br\/site\/wp-json\/wp\/v2\/tags?post=59132"}],"curies":[{"name":"wp","href":"https:\/\/api.w.org\/{rel}","templated":true}]}}