{"id":59123,"date":"2018-08-02T20:26:11","date_gmt":"2018-08-02T23:26:11","guid":{"rendered":"http:\/\/anoticiaonline.com.br\/site\/?p=59123"},"modified":"2018-08-04T10:14:03","modified_gmt":"2018-08-04T13:14:03","slug":"colina-country-club-realiza-assembleia-2","status":"publish","type":"post","link":"https:\/\/anoticiaonline.com.br\/site\/colina-country-club-realiza-assembleia-2\/","title":{"rendered":"Colina realiza assembleia"},"content":{"rendered":"<p>Os associados do Colina Country Club, atendendo ao Edital de Convoca\u00e7\u00e3o, reuniram-se, na manh\u00e3 de domingo (29), para participarem de uma Assembleia para fortalecer a administra\u00e7\u00e3o do clube.<\/p>\n<p>De acordo com Tarcisio Pereira da Rocha, presidente do Conselho Deliberativo do clube, o objetivo da reuni\u00e3o foi discutir sobre alguns artigos do Estatuto do Colina.<\/p>\n<p>\u201cNosso intuito foi adequar alguns pontos para que administra\u00e7\u00f5es futuras n\u00e3o tenham problemas em determinadas quest\u00f5es, como, por exemplo, resguardar o patrim\u00f4nio do clube. Aproveito a oportunidade para agradecer ao presidente do Colina, Ant\u00f4nio Gomes, al\u00e9m da presen\u00e7a de todos os associados que vieram participar desta Assembleia\u201d, conta.<\/p>\n<p><a href=\"https:\/\/anoticiaonline.com.br\/site\/wp-content\/uploads\/2018\/08\/DSC_0826.jpg\"><img fetchpriority=\"high\" decoding=\"async\" class=\"alignnone size-full wp-image-59124\" src=\"https:\/\/anoticiaonline.com.br\/site\/wp-content\/uploads\/2018\/08\/DSC_0826.jpg\" alt=\"\" width=\"1000\" height=\"667\" srcset=\"https:\/\/anoticiaonline.com.br\/site\/wp-content\/uploads\/2018\/08\/DSC_0826.jpg 1000w, https:\/\/anoticiaonline.com.br\/site\/wp-content\/uploads\/2018\/08\/DSC_0826-300x200.jpg 300w, https:\/\/anoticiaonline.com.br\/site\/wp-content\/uploads\/2018\/08\/DSC_0826-768x512.jpg 768w, https:\/\/anoticiaonline.com.br\/site\/wp-content\/uploads\/2018\/08\/DSC_0826-900x600.jpg 900w\" sizes=\"(max-width: 1000px) 100vw, 1000px\" \/><\/a> <a href=\"https:\/\/anoticiaonline.com.br\/site\/wp-content\/uploads\/2018\/08\/DSC_0835.jpg\"><img decoding=\"async\" class=\"alignnone size-full wp-image-59125\" src=\"https:\/\/anoticiaonline.com.br\/site\/wp-content\/uploads\/2018\/08\/DSC_0835.jpg\" alt=\"\" width=\"1000\" height=\"667\" srcset=\"https:\/\/anoticiaonline.com.br\/site\/wp-content\/uploads\/2018\/08\/DSC_0835.jpg 1000w, https:\/\/anoticiaonline.com.br\/site\/wp-content\/uploads\/2018\/08\/DSC_0835-300x200.jpg 300w, https:\/\/anoticiaonline.com.br\/site\/wp-content\/uploads\/2018\/08\/DSC_0835-768x512.jpg 768w, https:\/\/anoticiaonline.com.br\/site\/wp-content\/uploads\/2018\/08\/DSC_0835-900x600.jpg 900w\" sizes=\"(max-width: 1000px) 100vw, 1000px\" \/><\/a> <a href=\"https:\/\/anoticiaonline.com.br\/site\/wp-content\/uploads\/2018\/08\/DSC_0848.jpg\"><img decoding=\"async\" class=\"alignnone size-full wp-image-59126\" src=\"https:\/\/anoticiaonline.com.br\/site\/wp-content\/uploads\/2018\/08\/DSC_0848.jpg\" alt=\"\" width=\"1000\" height=\"667\" srcset=\"https:\/\/anoticiaonline.com.br\/site\/wp-content\/uploads\/2018\/08\/DSC_0848.jpg 1000w, https:\/\/anoticiaonline.com.br\/site\/wp-content\/uploads\/2018\/08\/DSC_0848-300x200.jpg 300w, https:\/\/anoticiaonline.com.br\/site\/wp-content\/uploads\/2018\/08\/DSC_0848-768x512.jpg 768w, https:\/\/anoticiaonline.com.br\/site\/wp-content\/uploads\/2018\/08\/DSC_0848-900x600.jpg 900w\" sizes=\"(max-width: 1000px) 100vw, 1000px\" \/><\/a> <a href=\"https:\/\/anoticiaonline.com.br\/site\/wp-content\/uploads\/2018\/08\/DSC_0854.jpg\"><img loading=\"lazy\" decoding=\"async\" class=\"alignnone size-full wp-image-59127\" src=\"https:\/\/anoticiaonline.com.br\/site\/wp-content\/uploads\/2018\/08\/DSC_0854.jpg\" alt=\"\" width=\"1000\" height=\"667\" srcset=\"https:\/\/anoticiaonline.com.br\/site\/wp-content\/uploads\/2018\/08\/DSC_0854.jpg 1000w, https:\/\/anoticiaonline.com.br\/site\/wp-content\/uploads\/2018\/08\/DSC_0854-300x200.jpg 300w, https:\/\/anoticiaonline.com.br\/site\/wp-content\/uploads\/2018\/08\/DSC_0854-768x512.jpg 768w, https:\/\/anoticiaonline.com.br\/site\/wp-content\/uploads\/2018\/08\/DSC_0854-900x600.jpg 900w\" sizes=\"(max-width: 1000px) 100vw, 1000px\" \/><\/a> <a href=\"https:\/\/anoticiaonline.com.br\/site\/wp-content\/uploads\/2018\/08\/DSC_0856.jpg\"><img loading=\"lazy\" decoding=\"async\" class=\"alignnone size-full wp-image-59128\" src=\"https:\/\/anoticiaonline.com.br\/site\/wp-content\/uploads\/2018\/08\/DSC_0856.jpg\" alt=\"\" width=\"1000\" height=\"667\" srcset=\"https:\/\/anoticiaonline.com.br\/site\/wp-content\/uploads\/2018\/08\/DSC_0856.jpg 1000w, https:\/\/anoticiaonline.com.br\/site\/wp-content\/uploads\/2018\/08\/DSC_0856-300x200.jpg 300w, https:\/\/anoticiaonline.com.br\/site\/wp-content\/uploads\/2018\/08\/DSC_0856-768x512.jpg 768w, https:\/\/anoticiaonline.com.br\/site\/wp-content\/uploads\/2018\/08\/DSC_0856-900x600.jpg 900w\" sizes=\"(max-width: 1000px) 100vw, 1000px\" \/><\/a> <a href=\"https:\/\/anoticiaonline.com.br\/site\/wp-content\/uploads\/2018\/08\/DSC_0862.jpg\"><img loading=\"lazy\" decoding=\"async\" class=\"alignnone size-full wp-image-59129\" src=\"https:\/\/anoticiaonline.com.br\/site\/wp-content\/uploads\/2018\/08\/DSC_0862.jpg\" alt=\"\" width=\"1000\" height=\"667\" srcset=\"https:\/\/anoticiaonline.com.br\/site\/wp-content\/uploads\/2018\/08\/DSC_0862.jpg 1000w, https:\/\/anoticiaonline.com.br\/site\/wp-content\/uploads\/2018\/08\/DSC_0862-300x200.jpg 300w, https:\/\/anoticiaonline.com.br\/site\/wp-content\/uploads\/2018\/08\/DSC_0862-768x512.jpg 768w, https:\/\/anoticiaonline.com.br\/site\/wp-content\/uploads\/2018\/08\/DSC_0862-900x600.jpg 900w\" sizes=\"(max-width: 1000px) 100vw, 1000px\" \/><\/a> <a href=\"https:\/\/anoticiaonline.com.br\/site\/wp-content\/uploads\/2018\/08\/DSC_0865.jpg\"><img loading=\"lazy\" decoding=\"async\" class=\"alignnone size-full wp-image-59130\" src=\"https:\/\/anoticiaonline.com.br\/site\/wp-content\/uploads\/2018\/08\/DSC_0865.jpg\" alt=\"\" width=\"1000\" height=\"667\" srcset=\"https:\/\/anoticiaonline.com.br\/site\/wp-content\/uploads\/2018\/08\/DSC_0865.jpg 1000w, https:\/\/anoticiaonline.com.br\/site\/wp-content\/uploads\/2018\/08\/DSC_0865-300x200.jpg 300w, https:\/\/anoticiaonline.com.br\/site\/wp-content\/uploads\/2018\/08\/DSC_0865-768x512.jpg 768w, https:\/\/anoticiaonline.com.br\/site\/wp-content\/uploads\/2018\/08\/DSC_0865-900x600.jpg 900w\" sizes=\"(max-width: 1000px) 100vw, 1000px\" \/><\/a><\/p>\n<p><strong>Proposta de altera\u00e7\u00e3o do Estatuto do Colina Country Club:<\/strong><\/p>\n<p><strong>Proposta de Retifica\u00e7\u00e3o que ficou aprovada<\/strong><\/p>\n<ol>\n<li>Par\u00e1grafo 2o &#8211; Cada s\u00f3cio propriet\u00e1rio ter\u00e1 direito a 4 (quatro) convites por ano, desde que o convidado resida fora da cidade, podendo o mesmo utilizar-se das depend\u00eancias do clube. Caso seja fam\u00edlia (pai, m\u00e3e e filhos solteiros) usar\u00e1 apenas 1 (um) convite.<\/li>\n<li><strong> Proposta de Retifica\u00e7\u00e3o aprovada<\/strong><\/li>\n<\/ol>\n<p>Art. 15 \u2013 \u00c9 admitido ainda, o Dependente Contribuinte, no m\u00e1ximo de 2 (dois) por cada<\/p>\n<p>titular de cota, desde que este pague o valor correspondente a 50% (cinquenta por cento) da taxa de manuten\u00e7\u00e3o mensal, assim definido: O sobrinho ou sobrinha, o primo ou prima em primeiro grau (comprovadamente), o irm\u00e3o ou irm\u00e3, o sogro ou sogra, o cunhado ou cunhada, desde que seja solteiro.<\/p>\n<ol start=\"3\">\n<li><strong> O artigo 36 passa a ter a seguinte reda\u00e7\u00e3o: discutido e aprovado<\/strong><\/li>\n<\/ol>\n<p>Art. 36 \u2013 Ressalvado os casos previsto em lei e no estatuto, a Assembleia instalar-se-\u00e1, em primeira convoca\u00e7\u00e3o, com a presen\u00e7a m\u00ednima de 1\/3 (um ter\u00e7o) dos s\u00f3cios com direito a voto, e em segunda convoca\u00e7\u00e3o, com a presen\u00e7a m\u00ednima de 30 (trinta) s\u00f3cios quites com o clube.<\/p>\n<ol start=\"4\">\n<li><strong> Art. 41 &#8211; Retifica\u00e7\u00e3o e inclus\u00e3o aprovada<\/strong><\/li>\n<\/ol>\n<p>Par\u00e1grafo 2o &#8211; As delibera\u00e7\u00f5es sobre altera\u00e7\u00e3o do Estatuto ser\u00e3o sempre tomadas por dois quintos dos s\u00f3cios com direito a voto na primeira chamada e um quinto na segunda chamada. Exigindo no m\u00ednimo 60 associados presentes com direito a voto.<\/p>\n<p>Par\u00e1grafo 3o &#8211; Para aliena\u00e7\u00e3o de bens (vendas, garantia e hipot\u00e9ticas) ou constitui\u00e7\u00e3o de \u00f4nus reais, ser\u00e1 necess\u00e1ria a presen\u00e7a de dois ter\u00e7os dos s\u00f3cios com direito a voto na primeira chamada e um quinto na segunda chamada, sendo que o terreno da sede principal e o terreno onde se situa o po\u00e7o de \u00e1gua que abastece o clube n\u00e3o poder\u00e3o ser alienados em nenhuma hip\u00f3tese.<\/p>\n<p>Art. 63 &#8211; Manteve a antiga reda\u00e7\u00e3o do Estatuto<\/p>\n<p>ALINEA III &#8211; n\u00e3o ser funcion\u00e1rio, cession\u00e1rio ou prestador de servi\u00e7o de natureza permanente remunerada, nos \u00faltimos 12 (doze) meses anteriores \u00e0 elei\u00e7\u00e3o;<\/p>\n<ol start=\"5\">\n<li><strong> Art. 84 &#8211; Proposta de retifica\u00e7\u00e3o aprovada<\/strong><\/li>\n<\/ol>\n<p>Par\u00e1grafo 2o &#8211; O diretor de esportes tamb\u00e9m ter\u00e1 direito a uma ajuda de custo mensal, cujo valor ser\u00e1 limitado a 1 (um do sal\u00e1rio m\u00ednimo) regional e tamb\u00e9m ter\u00e1 direito a isen\u00e7\u00e3o de sua mensalidade durante o per\u00edodo que exercer o mandato, para que possa cumprir as atividades esportivas que s\u00e3o ass\u00edduas e permanentes, determinadas pela diretoria.<\/p>\n","protected":false},"excerpt":{"rendered":"<p>Os associados do Colina Country Club, atendendo ao Edital de Convoca\u00e7\u00e3o, reuniram-se, na manh\u00e3 de domingo (29), para participarem de uma Assembleia para fortalecer a administra\u00e7\u00e3o do clube. De acordo com Tarcisio Pereira da Rocha, presidente do Conselho Deliberativo do clube, o objetivo da reuni\u00e3o foi discutir sobre alguns artigos do Estatuto do Colina. \u201cNosso &#8230; <a title=\"Colina realiza assembleia\" class=\"read-more\" href=\"https:\/\/anoticiaonline.com.br\/site\/colina-country-club-realiza-assembleia-2\/\" aria-label=\"Read more about Colina realiza assembleia\">Ler mais<\/a><\/p>\n","protected":false},"author":2,"featured_media":59129,"comment_status":"open","ping_status":"open","sticky":false,"template":"","format":"standard","meta":{"_acf_changed":false,"_monsterinsights_skip_tracking":false,"footnotes":""},"categories":[30],"tags":[],"class_list":["post-59123","post","type-post","status-publish","format-standard","has-post-thumbnail","hentry","category-muriae"],"acf":[],"aioseo_notices":[],"aioseo_head":"\n\t\t<!-- All in One SEO 5.0.0.1 - aioseo.com -->\n\t<meta name=\"description\" content=\"Os associados do Colina Country Club, atendendo ao Edital de Convoca\u00e7\u00e3o, reuniram-se, na manh\u00e3 de domingo (29), para participarem de uma Assembleia para fortalecer a administra\u00e7\u00e3o do clube. De acordo com Tarcisio Pereira da Rocha, presidente do Conselho Deliberativo do clube, o objetivo da reuni\u00e3o foi discutir sobre alguns artigos do Estatuto do Colina. \u201cNosso\" \/>\n\t<meta name=\"robots\" content=\"max-image-preview:large\" \/>\n\t<meta name=\"author\" content=\"Juliana Laviola\"\/>\n\t<link rel=\"canonical\" href=\"https:\/\/anoticiaonline.com.br\/site\/colina-country-club-realiza-assembleia-2\/\" \/>\n\t<meta name=\"generator\" content=\"All in One SEO (AIOSEO) 5.0.0.1\" \/>\n\t\t<meta property=\"og:locale\" content=\"pt_BR\" \/>\n\t\t<meta property=\"og:site_name\" content=\"A Not\u00edcia Online - Noticias de Muria\u00e9 e regi\u00e3o\" \/>\n\t\t<meta property=\"og:type\" content=\"article\" \/>\n\t\t<meta property=\"og:title\" content=\"Colina realiza assembleia - A Not\u00edcia Online\" \/>\n\t\t<meta property=\"og:description\" content=\"Os associados do Colina Country Club, atendendo ao Edital de Convoca\u00e7\u00e3o, reuniram-se, na manh\u00e3 de domingo (29), para participarem de uma Assembleia para fortalecer a administra\u00e7\u00e3o do clube. De acordo com Tarcisio Pereira da Rocha, presidente do Conselho Deliberativo do clube, o objetivo da reuni\u00e3o foi discutir sobre alguns artigos do Estatuto do Colina. \u201cNosso\" \/>\n\t\t<meta property=\"og:url\" content=\"https:\/\/anoticiaonline.com.br\/site\/colina-country-club-realiza-assembleia-2\/\" \/>\n\t\t<meta property=\"og:image\" content=\"https:\/\/scontent-gig4-1.xx.fbcdn.net\/v\/t39.30808-1\/270437624_4564083193639691_6907940295614233970_n.jpg?stp=dst-jpg_s200x200_tt6&#038;_nc_cat=111&#038;ccb=1-7&#038;_nc_sid=f907e8&#038;_nc_ohc=SM1wRlP3lJwQ7kNvwEPuBYA&#038;_nc_oc=AdnqrjDN_BNjSSHWO-GbkIWH6fkGMLw4bqvL_NH6e2wMveX7G-rP2dAqsDSq1mJMOaY&#038;_nc_zt=24&#038;_nc_ht=scontent-gig4-1.xx&#038;_nc_gid=AoBFJeGrT1hVaew_6rchkQ&#038;oh=00_AfX7QmFGhQhG2jAllVgXCiM1ZrWgvtp80-Bfppyexh1QEg&#038;oe=689E923C\" \/>\n\t\t<meta property=\"og:image:secure_url\" content=\"https:\/\/scontent-gig4-1.xx.fbcdn.net\/v\/t39.30808-1\/270437624_4564083193639691_6907940295614233970_n.jpg?stp=dst-jpg_s200x200_tt6&#038;_nc_cat=111&#038;ccb=1-7&#038;_nc_sid=f907e8&#038;_nc_ohc=SM1wRlP3lJwQ7kNvwEPuBYA&#038;_nc_oc=AdnqrjDN_BNjSSHWO-GbkIWH6fkGMLw4bqvL_NH6e2wMveX7G-rP2dAqsDSq1mJMOaY&#038;_nc_zt=24&#038;_nc_ht=scontent-gig4-1.xx&#038;_nc_gid=AoBFJeGrT1hVaew_6rchkQ&#038;oh=00_AfX7QmFGhQhG2jAllVgXCiM1ZrWgvtp80-Bfppyexh1QEg&#038;oe=689E923C\" \/>\n\t\t<meta property=\"article:published_time\" content=\"2018-08-02T23:26:11+00:00\" \/>\n\t\t<meta property=\"article:modified_time\" content=\"2018-08-04T13:14:03+00:00\" \/>\n\t\t<meta name=\"twitter:card\" content=\"summary_large_image\" \/>\n\t\t<meta name=\"twitter:title\" content=\"Colina realiza assembleia - A Not\u00edcia Online\" \/>\n\t\t<meta name=\"twitter:description\" content=\"Os associados do Colina Country Club, atendendo ao Edital de Convoca\u00e7\u00e3o, reuniram-se, na manh\u00e3 de domingo (29), para participarem de uma Assembleia para fortalecer a administra\u00e7\u00e3o do clube. De acordo com Tarcisio Pereira da Rocha, presidente do Conselho Deliberativo do clube, o objetivo da reuni\u00e3o foi discutir sobre alguns artigos do Estatuto do Colina. \u201cNosso\" \/>\n\t\t<meta name=\"twitter:image\" content=\"https:\/\/scontent-gig4-1.xx.fbcdn.net\/v\/t39.30808-1\/270437624_4564083193639691_6907940295614233970_n.jpg?stp=dst-jpg_s200x200_tt6&amp;_nc_cat=111&amp;ccb=1-7&amp;_nc_sid=f907e8&amp;_nc_ohc=SM1wRlP3lJwQ7kNvwEPuBYA&amp;_nc_oc=AdnqrjDN_BNjSSHWO-GbkIWH6fkGMLw4bqvL_NH6e2wMveX7G-rP2dAqsDSq1mJMOaY&amp;_nc_zt=24&amp;_nc_ht=scontent-gig4-1.xx&amp;_nc_gid=AoBFJeGrT1hVaew_6rchkQ&amp;oh=00_AfX7QmFGhQhG2jAllVgXCiM1ZrWgvtp80-Bfppyexh1QEg&amp;oe=689E923C\" \/>\n\t\t<script type=\"application\/ld+json\" class=\"aioseo-schema\">\n\t\t\t{\"@context\":\"https:\\\/\\\/schema.org\",\"@graph\":[{\"@type\":\"BlogPosting\",\"@id\":\"https:\\\/\\\/anoticiaonline.com.br\\\/site\\\/colina-country-club-realiza-assembleia-2\\\/#blogposting\",\"name\":\"Colina realiza assembleia - A Not\\u00edcia Online\",\"headline\":\"Colina realiza assembleia\",\"author\":{\"@id\":\"https:\\\/\\\/anoticiaonline.com.br\\\/site\\\/author\\\/juliana\\\/#author\"},\"publisher\":{\"@id\":\"https:\\\/\\\/anoticiaonline.com.br\\\/site\\\/#organization\"},\"image\":{\"@type\":\"ImageObject\",\"url\":\"https:\\\/\\\/anoticiaonline.com.br\\\/site\\\/wp-content\\\/uploads\\\/2018\\\/08\\\/DSC_0862.jpg\",\"width\":1000,\"height\":667},\"datePublished\":\"2018-08-02T20:26:11-03:00\",\"dateModified\":\"2018-08-04T10:14:03-03:00\",\"inLanguage\":\"pt-BR\",\"mainEntityOfPage\":{\"@id\":\"https:\\\/\\\/anoticiaonline.com.br\\\/site\\\/colina-country-club-realiza-assembleia-2\\\/#webpage\"},\"isPartOf\":{\"@id\":\"https:\\\/\\\/anoticiaonline.com.br\\\/site\\\/colina-country-club-realiza-assembleia-2\\\/#webpage\"},\"articleSection\":\"Blog\"},{\"@type\":\"BreadcrumbList\",\"@id\":\"https:\\\/\\\/anoticiaonline.com.br\\\/site\\\/colina-country-club-realiza-assembleia-2\\\/#breadcrumblist\",\"itemListElement\":[{\"@type\":\"ListItem\",\"@id\":\"https:\\\/\\\/anoticiaonline.com.br\\\/site#listItem\",\"position\":1,\"name\":\"Home\",\"item\":\"https:\\\/\\\/anoticiaonline.com.br\\\/site\",\"nextItem\":{\"@type\":\"ListItem\",\"@id\":\"https:\\\/\\\/anoticiaonline.com.br\\\/site\\\/categoria\\\/muriae\\\/#listItem\",\"name\":\"Blog\"}},{\"@type\":\"ListItem\",\"@id\":\"https:\\\/\\\/anoticiaonline.com.br\\\/site\\\/categoria\\\/muriae\\\/#listItem\",\"position\":2,\"name\":\"Blog\",\"item\":\"https:\\\/\\\/anoticiaonline.com.br\\\/site\\\/categoria\\\/muriae\\\/\",\"nextItem\":{\"@type\":\"ListItem\",\"@id\":\"https:\\\/\\\/anoticiaonline.com.br\\\/site\\\/colina-country-club-realiza-assembleia-2\\\/#listItem\",\"name\":\"Colina realiza assembleia\"},\"previousItem\":{\"@type\":\"ListItem\",\"@id\":\"https:\\\/\\\/anoticiaonline.com.br\\\/site#listItem\",\"name\":\"Home\"}},{\"@type\":\"ListItem\",\"@id\":\"https:\\\/\\\/anoticiaonline.com.br\\\/site\\\/colina-country-club-realiza-assembleia-2\\\/#listItem\",\"position\":3,\"name\":\"Colina realiza assembleia\",\"previousItem\":{\"@type\":\"ListItem\",\"@id\":\"https:\\\/\\\/anoticiaonline.com.br\\\/site\\\/categoria\\\/muriae\\\/#listItem\",\"name\":\"Blog\"}}]},{\"@type\":\"Organization\",\"@id\":\"https:\\\/\\\/anoticiaonline.com.br\\\/site\\\/#organization\",\"name\":\"A Not\\u00edcia Online\",\"description\":\"Noticias de Muria\\u00e9 e regi\\u00e3o\",\"url\":\"https:\\\/\\\/anoticiaonline.com.br\\\/site\\\/\",\"logo\":{\"@type\":\"ImageObject\",\"url\":\"https:\\\/\\\/scontent-gig4-1.xx.fbcdn.net\\\/v\\\/t39.30808-1\\\/270437624_4564083193639691_6907940295614233970_n.jpg?stp=dst-jpg_s200x200_tt6&_nc_cat=111&ccb=1-7&_nc_sid=f907e8&_nc_ohc=SM1wRlP3lJwQ7kNvwEPuBYA&_nc_oc=AdnqrjDN_BNjSSHWO-GbkIWH6fkGMLw4bqvL_NH6e2wMveX7G-rP2dAqsDSq1mJMOaY&_nc_zt=24&_nc_ht=scontent-gig4-1.xx&_nc_gid=AoBFJeGrT1hVaew_6rchkQ&oh=00_AfX7QmFGhQhG2jAllVgXCiM1ZrWgvtp80-Bfppyexh1QEg&oe=689E923C\",\"@id\":\"https:\\\/\\\/anoticiaonline.com.br\\\/site\\\/colina-country-club-realiza-assembleia-2\\\/#organizationLogo\"},\"image\":{\"@id\":\"https:\\\/\\\/anoticiaonline.com.br\\\/site\\\/colina-country-club-realiza-assembleia-2\\\/#organizationLogo\"}},{\"@type\":\"Person\",\"@id\":\"https:\\\/\\\/anoticiaonline.com.br\\\/site\\\/author\\\/juliana\\\/#author\",\"url\":\"https:\\\/\\\/anoticiaonline.com.br\\\/site\\\/author\\\/juliana\\\/\",\"name\":\"Juliana Laviola\",\"image\":{\"@type\":\"ImageObject\",\"@id\":\"https:\\\/\\\/anoticiaonline.com.br\\\/site\\\/colina-country-club-realiza-assembleia-2\\\/#authorImage\",\"url\":\"https:\\\/\\\/secure.gravatar.com\\\/avatar\\\/b8d45f5c699b100dfaf0e543582f38f38bf94cb7ae3a5e9abf8d891a34773335?s=96&d=mm&r=g\",\"width\":96,\"height\":96,\"caption\":\"Juliana Laviola\"}},{\"@type\":\"WebPage\",\"@id\":\"https:\\\/\\\/anoticiaonline.com.br\\\/site\\\/colina-country-club-realiza-assembleia-2\\\/#webpage\",\"url\":\"https:\\\/\\\/anoticiaonline.com.br\\\/site\\\/colina-country-club-realiza-assembleia-2\\\/\",\"name\":\"Colina realiza assembleia - A Not\\u00edcia Online\",\"description\":\"Os associados do Colina Country Club, atendendo ao Edital de Convoca\\u00e7\\u00e3o, reuniram-se, na manh\\u00e3 de domingo (29), para participarem de uma Assembleia para fortalecer a administra\\u00e7\\u00e3o do clube. De acordo com Tarcisio Pereira da Rocha, presidente do Conselho Deliberativo do clube, o objetivo da reuni\\u00e3o foi discutir sobre alguns artigos do Estatuto do Colina. \\u201cNosso\",\"inLanguage\":\"pt-BR\",\"isPartOf\":{\"@id\":\"https:\\\/\\\/anoticiaonline.com.br\\\/site\\\/#website\"},\"breadcrumb\":{\"@id\":\"https:\\\/\\\/anoticiaonline.com.br\\\/site\\\/colina-country-club-realiza-assembleia-2\\\/#breadcrumblist\"},\"author\":{\"@id\":\"https:\\\/\\\/anoticiaonline.com.br\\\/site\\\/author\\\/juliana\\\/#author\"},\"creator\":{\"@id\":\"https:\\\/\\\/anoticiaonline.com.br\\\/site\\\/author\\\/juliana\\\/#author\"},\"image\":{\"@type\":\"ImageObject\",\"url\":\"https:\\\/\\\/anoticiaonline.com.br\\\/site\\\/wp-content\\\/uploads\\\/2018\\\/08\\\/DSC_0862.jpg\",\"@id\":\"https:\\\/\\\/anoticiaonline.com.br\\\/site\\\/colina-country-club-realiza-assembleia-2\\\/#mainImage\",\"width\":1000,\"height\":667},\"primaryImageOfPage\":{\"@id\":\"https:\\\/\\\/anoticiaonline.com.br\\\/site\\\/colina-country-club-realiza-assembleia-2\\\/#mainImage\"},\"datePublished\":\"2018-08-02T20:26:11-03:00\",\"dateModified\":\"2018-08-04T10:14:03-03:00\"},{\"@type\":\"WebSite\",\"@id\":\"https:\\\/\\\/anoticiaonline.com.br\\\/site\\\/#website\",\"url\":\"https:\\\/\\\/anoticiaonline.com.br\\\/site\\\/\",\"name\":\"A Not\\u00edcia Online\",\"description\":\"Noticias de Muria\\u00e9 e regi\\u00e3o\",\"inLanguage\":\"pt-BR\",\"publisher\":{\"@id\":\"https:\\\/\\\/anoticiaonline.com.br\\\/site\\\/#organization\"}}]}\n\t\t<\/script>\n\t\t<!-- All in One SEO -->\n\n","aioseo_head_json":{"title":"Colina realiza assembleia - A Not\u00edcia Online","description":"Os associados do Colina Country Club, atendendo ao Edital de Convoca\u00e7\u00e3o, reuniram-se, na manh\u00e3 de domingo (29), para participarem de uma Assembleia para fortalecer a administra\u00e7\u00e3o do clube. De acordo com Tarcisio Pereira da Rocha, presidente do Conselho Deliberativo do clube, o objetivo da reuni\u00e3o foi discutir sobre alguns artigos do Estatuto do Colina. \u201cNosso","canonical_url":"https:\/\/anoticiaonline.com.br\/site\/colina-country-club-realiza-assembleia-2\/","robots":"max-image-preview:large","keywords":"","webmasterTools":{"miscellaneous":""},"schema":{"@context":"https:\/\/schema.org","@graph":[{"@type":"BlogPosting","@id":"https:\/\/anoticiaonline.com.br\/site\/colina-country-club-realiza-assembleia-2\/#blogposting","name":"Colina realiza assembleia - A Not\u00edcia Online","headline":"Colina realiza assembleia","author":{"@id":"https:\/\/anoticiaonline.com.br\/site\/author\/juliana\/#author"},"publisher":{"@id":"https:\/\/anoticiaonline.com.br\/site\/#organization"},"image":{"@type":"ImageObject","url":"https:\/\/anoticiaonline.com.br\/site\/wp-content\/uploads\/2018\/08\/DSC_0862.jpg","width":1000,"height":667},"datePublished":"2018-08-02T20:26:11-03:00","dateModified":"2018-08-04T10:14:03-03:00","inLanguage":"pt-BR","mainEntityOfPage":{"@id":"https:\/\/anoticiaonline.com.br\/site\/colina-country-club-realiza-assembleia-2\/#webpage"},"isPartOf":{"@id":"https:\/\/anoticiaonline.com.br\/site\/colina-country-club-realiza-assembleia-2\/#webpage"},"articleSection":"Blog"},{"@type":"BreadcrumbList","@id":"https:\/\/anoticiaonline.com.br\/site\/colina-country-club-realiza-assembleia-2\/#breadcrumblist","itemListElement":[{"@type":"ListItem","@id":"https:\/\/anoticiaonline.com.br\/site#listItem","position":1,"name":"Home","item":"https:\/\/anoticiaonline.com.br\/site","nextItem":{"@type":"ListItem","@id":"https:\/\/anoticiaonline.com.br\/site\/categoria\/muriae\/#listItem","name":"Blog"}},{"@type":"ListItem","@id":"https:\/\/anoticiaonline.com.br\/site\/categoria\/muriae\/#listItem","position":2,"name":"Blog","item":"https:\/\/anoticiaonline.com.br\/site\/categoria\/muriae\/","nextItem":{"@type":"ListItem","@id":"https:\/\/anoticiaonline.com.br\/site\/colina-country-club-realiza-assembleia-2\/#listItem","name":"Colina realiza assembleia"},"previousItem":{"@type":"ListItem","@id":"https:\/\/anoticiaonline.com.br\/site#listItem","name":"Home"}},{"@type":"ListItem","@id":"https:\/\/anoticiaonline.com.br\/site\/colina-country-club-realiza-assembleia-2\/#listItem","position":3,"name":"Colina realiza assembleia","previousItem":{"@type":"ListItem","@id":"https:\/\/anoticiaonline.com.br\/site\/categoria\/muriae\/#listItem","name":"Blog"}}]},{"@type":"Organization","@id":"https:\/\/anoticiaonline.com.br\/site\/#organization","name":"A Not\u00edcia Online","description":"Noticias de Muria\u00e9 e regi\u00e3o","url":"https:\/\/anoticiaonline.com.br\/site\/","logo":{"@type":"ImageObject","url":"https:\/\/scontent-gig4-1.xx.fbcdn.net\/v\/t39.30808-1\/270437624_4564083193639691_6907940295614233970_n.jpg?stp=dst-jpg_s200x200_tt6&_nc_cat=111&ccb=1-7&_nc_sid=f907e8&_nc_ohc=SM1wRlP3lJwQ7kNvwEPuBYA&_nc_oc=AdnqrjDN_BNjSSHWO-GbkIWH6fkGMLw4bqvL_NH6e2wMveX7G-rP2dAqsDSq1mJMOaY&_nc_zt=24&_nc_ht=scontent-gig4-1.xx&_nc_gid=AoBFJeGrT1hVaew_6rchkQ&oh=00_AfX7QmFGhQhG2jAllVgXCiM1ZrWgvtp80-Bfppyexh1QEg&oe=689E923C","@id":"https:\/\/anoticiaonline.com.br\/site\/colina-country-club-realiza-assembleia-2\/#organizationLogo"},"image":{"@id":"https:\/\/anoticiaonline.com.br\/site\/colina-country-club-realiza-assembleia-2\/#organizationLogo"}},{"@type":"Person","@id":"https:\/\/anoticiaonline.com.br\/site\/author\/juliana\/#author","url":"https:\/\/anoticiaonline.com.br\/site\/author\/juliana\/","name":"Juliana Laviola","image":{"@type":"ImageObject","@id":"https:\/\/anoticiaonline.com.br\/site\/colina-country-club-realiza-assembleia-2\/#authorImage","url":"https:\/\/secure.gravatar.com\/avatar\/b8d45f5c699b100dfaf0e543582f38f38bf94cb7ae3a5e9abf8d891a34773335?s=96&d=mm&r=g","width":96,"height":96,"caption":"Juliana Laviola"}},{"@type":"WebPage","@id":"https:\/\/anoticiaonline.com.br\/site\/colina-country-club-realiza-assembleia-2\/#webpage","url":"https:\/\/anoticiaonline.com.br\/site\/colina-country-club-realiza-assembleia-2\/","name":"Colina realiza assembleia - A Not\u00edcia Online","description":"Os associados do Colina Country Club, atendendo ao Edital de Convoca\u00e7\u00e3o, reuniram-se, na manh\u00e3 de domingo (29), para participarem de uma Assembleia para fortalecer a administra\u00e7\u00e3o do clube. De acordo com Tarcisio Pereira da Rocha, presidente do Conselho Deliberativo do clube, o objetivo da reuni\u00e3o foi discutir sobre alguns artigos do Estatuto do Colina. \u201cNosso","inLanguage":"pt-BR","isPartOf":{"@id":"https:\/\/anoticiaonline.com.br\/site\/#website"},"breadcrumb":{"@id":"https:\/\/anoticiaonline.com.br\/site\/colina-country-club-realiza-assembleia-2\/#breadcrumblist"},"author":{"@id":"https:\/\/anoticiaonline.com.br\/site\/author\/juliana\/#author"},"creator":{"@id":"https:\/\/anoticiaonline.com.br\/site\/author\/juliana\/#author"},"image":{"@type":"ImageObject","url":"https:\/\/anoticiaonline.com.br\/site\/wp-content\/uploads\/2018\/08\/DSC_0862.jpg","@id":"https:\/\/anoticiaonline.com.br\/site\/colina-country-club-realiza-assembleia-2\/#mainImage","width":1000,"height":667},"primaryImageOfPage":{"@id":"https:\/\/anoticiaonline.com.br\/site\/colina-country-club-realiza-assembleia-2\/#mainImage"},"datePublished":"2018-08-02T20:26:11-03:00","dateModified":"2018-08-04T10:14:03-03:00"},{"@type":"WebSite","@id":"https:\/\/anoticiaonline.com.br\/site\/#website","url":"https:\/\/anoticiaonline.com.br\/site\/","name":"A Not\u00edcia Online","description":"Noticias de Muria\u00e9 e regi\u00e3o","inLanguage":"pt-BR","publisher":{"@id":"https:\/\/anoticiaonline.com.br\/site\/#organization"}}]},"og:locale":"pt_BR","og:site_name":"A Not\u00edcia Online - Noticias de Muria\u00e9 e regi\u00e3o","og:type":"article","og:title":"Colina realiza assembleia - A Not\u00edcia Online","og:description":"Os associados do Colina Country Club, atendendo ao Edital de Convoca\u00e7\u00e3o, reuniram-se, na manh\u00e3 de domingo (29), para participarem de uma Assembleia para fortalecer a administra\u00e7\u00e3o do clube. De acordo com Tarcisio Pereira da Rocha, presidente do Conselho Deliberativo do clube, o objetivo da reuni\u00e3o foi discutir sobre alguns artigos do Estatuto do Colina. \u201cNosso","og:url":"https:\/\/anoticiaonline.com.br\/site\/colina-country-club-realiza-assembleia-2\/","og:image":"https:\/\/scontent-gig4-1.xx.fbcdn.net\/v\/t39.30808-1\/270437624_4564083193639691_6907940295614233970_n.jpg?stp=dst-jpg_s200x200_tt6&#038;_nc_cat=111&#038;ccb=1-7&#038;_nc_sid=f907e8&#038;_nc_ohc=SM1wRlP3lJwQ7kNvwEPuBYA&#038;_nc_oc=AdnqrjDN_BNjSSHWO-GbkIWH6fkGMLw4bqvL_NH6e2wMveX7G-rP2dAqsDSq1mJMOaY&#038;_nc_zt=24&#038;_nc_ht=scontent-gig4-1.xx&#038;_nc_gid=AoBFJeGrT1hVaew_6rchkQ&#038;oh=00_AfX7QmFGhQhG2jAllVgXCiM1ZrWgvtp80-Bfppyexh1QEg&#038;oe=689E923C","og:image:secure_url":"https:\/\/scontent-gig4-1.xx.fbcdn.net\/v\/t39.30808-1\/270437624_4564083193639691_6907940295614233970_n.jpg?stp=dst-jpg_s200x200_tt6&#038;_nc_cat=111&#038;ccb=1-7&#038;_nc_sid=f907e8&#038;_nc_ohc=SM1wRlP3lJwQ7kNvwEPuBYA&#038;_nc_oc=AdnqrjDN_BNjSSHWO-GbkIWH6fkGMLw4bqvL_NH6e2wMveX7G-rP2dAqsDSq1mJMOaY&#038;_nc_zt=24&#038;_nc_ht=scontent-gig4-1.xx&#038;_nc_gid=AoBFJeGrT1hVaew_6rchkQ&#038;oh=00_AfX7QmFGhQhG2jAllVgXCiM1ZrWgvtp80-Bfppyexh1QEg&#038;oe=689E923C","article:published_time":"2018-08-02T23:26:11+00:00","article:modified_time":"2018-08-04T13:14:03+00:00","twitter:card":"summary_large_image","twitter:title":"Colina realiza assembleia - A Not\u00edcia Online","twitter:description":"Os associados do Colina Country Club, atendendo ao Edital de Convoca\u00e7\u00e3o, reuniram-se, na manh\u00e3 de domingo (29), para participarem de uma Assembleia para fortalecer a administra\u00e7\u00e3o do clube. De acordo com Tarcisio Pereira da Rocha, presidente do Conselho Deliberativo do clube, o objetivo da reuni\u00e3o foi discutir sobre alguns artigos do Estatuto do Colina. \u201cNosso","twitter:image":"https:\/\/scontent-gig4-1.xx.fbcdn.net\/v\/t39.30808-1\/270437624_4564083193639691_6907940295614233970_n.jpg?stp=dst-jpg_s200x200_tt6&_nc_cat=111&ccb=1-7&_nc_sid=f907e8&_nc_ohc=SM1wRlP3lJwQ7kNvwEPuBYA&_nc_oc=AdnqrjDN_BNjSSHWO-GbkIWH6fkGMLw4bqvL_NH6e2wMveX7G-rP2dAqsDSq1mJMOaY&_nc_zt=24&_nc_ht=scontent-gig4-1.xx&_nc_gid=AoBFJeGrT1hVaew_6rchkQ&oh=00_AfX7QmFGhQhG2jAllVgXCiM1ZrWgvtp80-Bfppyexh1QEg&oe=689E923C"},"aioseo_meta_data":{"post_id":"59123","title":null,"description":null,"keywords":null,"keyphrases":null,"primary_term":null,"canonical_url":null,"og_title":null,"og_description":null,"og_object_type":"default","og_image_type":"default","og_image_url":null,"og_image_width":null,"og_image_height":null,"og_image_custom_url":null,"og_image_custom_fields":null,"og_video":null,"og_custom_url":null,"og_article_section":null,"og_article_tags":null,"twitter_use_og":false,"twitter_card":"default","twitter_image_type":"default","twitter_image_url":null,"twitter_image_custom_url":null,"twitter_image_custom_fields":null,"twitter_title":null,"twitter_description":null,"schema":{"blockGraphs":[],"customGraphs":[],"default":{"data":{"Article":[],"Course":[],"Dataset":[],"FAQPage":[],"Movie":[],"Person":[],"Product":[],"ProductReview":[],"Car":[],"Recipe":[],"Service":[],"SoftwareApplication":[],"WebPage":[]},"graphName":"","isEnabled":true},"graphs":[]},"schema_type":"default","schema_type_options":null,"pillar_content":false,"robots_default":true,"robots_noindex":false,"robots_noarchive":false,"robots_nosnippet":false,"robots_nofollow":false,"robots_noimageindex":false,"robots_noodp":false,"robots_notranslate":false,"robots_max_snippet":null,"robots_max_videopreview":null,"robots_max_imagepreview":"large","priority":null,"frequency":null,"local_seo":null,"breadcrumb_settings":null,"limit_modified_date":false,"ai":null,"created":"2025-08-16 21:21:49","updated":"2025-08-16 21:21:49","focus_keyword":null,"additional_keywords":null,"truseo_locale":null,"seo_analyzer_scan_date":null},"aioseo_breadcrumb":"<div class=\"aioseo-breadcrumbs\"><span class=\"aioseo-breadcrumb\">\n\t\t\t<a href=\"https:\/\/anoticiaonline.com.br\/site\" title=\"Home\">Home<\/a>\n\t\t<\/span><span class=\"aioseo-breadcrumb-separator\">&raquo;<\/span><span class=\"aioseo-breadcrumb\">\n\t\t\t<a href=\"https:\/\/anoticiaonline.com.br\/site\/categoria\/muriae\/\" title=\"Blog\">Blog<\/a>\n\t\t<\/span><span class=\"aioseo-breadcrumb-separator\">&raquo;<\/span><span class=\"aioseo-breadcrumb\">\n\t\t\tColina realiza assembleia\n\t\t<\/span><\/div>","aioseo_breadcrumb_json":[{"label":"Home","link":"https:\/\/anoticiaonline.com.br\/site"},{"label":"Blog","link":"https:\/\/anoticiaonline.com.br\/site\/categoria\/muriae\/"},{"label":"Colina realiza assembleia","link":"https:\/\/anoticiaonline.com.br\/site\/colina-country-club-realiza-assembleia-2\/"}],"views":152,"_links":{"self":[{"href":"https:\/\/anoticiaonline.com.br\/site\/wp-json\/wp\/v2\/posts\/59123","targetHints":{"allow":["GET"]}}],"collection":[{"href":"https:\/\/anoticiaonline.com.br\/site\/wp-json\/wp\/v2\/posts"}],"about":[{"href":"https:\/\/anoticiaonline.com.br\/site\/wp-json\/wp\/v2\/types\/post"}],"author":[{"embeddable":true,"href":"https:\/\/anoticiaonline.com.br\/site\/wp-json\/wp\/v2\/users\/2"}],"replies":[{"embeddable":true,"href":"https:\/\/anoticiaonline.com.br\/site\/wp-json\/wp\/v2\/comments?post=59123"}],"version-history":[{"count":0,"href":"https:\/\/anoticiaonline.com.br\/site\/wp-json\/wp\/v2\/posts\/59123\/revisions"}],"wp:featuredmedia":[{"embeddable":true,"href":"https:\/\/anoticiaonline.com.br\/site\/wp-json\/wp\/v2\/media\/59129"}],"wp:attachment":[{"href":"https:\/\/anoticiaonline.com.br\/site\/wp-json\/wp\/v2\/media?parent=59123"}],"wp:term":[{"taxonomy":"category","embeddable":true,"href":"https:\/\/anoticiaonline.com.br\/site\/wp-json\/wp\/v2\/categories?post=59123"},{"taxonomy":"post_tag","embeddable":true,"href":"https:\/\/anoticiaonline.com.br\/site\/wp-json\/wp\/v2\/tags?post=59123"}],"curies":[{"name":"wp","href":"https:\/\/api.w.org\/{rel}","templated":true}]}}