{"id":59110,"date":"2018-08-02T19:04:07","date_gmt":"2018-08-02T22:04:07","guid":{"rendered":"http:\/\/anoticiaonline.com.br\/site\/?p=59110"},"modified":"2018-08-02T19:05:49","modified_gmt":"2018-08-02T22:05:49","slug":"fabrica-de-fraldas-geriatricas-da-loja-maconica-gloriam-et-sapentiam-retoma-suas-atividades","status":"publish","type":"post","link":"https:\/\/anoticiaonline.com.br\/site\/fabrica-de-fraldas-geriatricas-da-loja-maconica-gloriam-et-sapentiam-retoma-suas-atividades\/","title":{"rendered":"F\u00e1brica de Fraldas Geri\u00e1tricas da Loja Ma\u00e7\u00f4nica Gloriam et Sapentiam retoma suas atividades"},"content":{"rendered":"<p><em>Toda produ\u00e7\u00e3o \u00e9 doada aos idosos necessitados de Muria\u00e9 e regi\u00e3o<\/em><\/p>\n<p>A F\u00e1brica de Fraldas Geri\u00e1tricas da Loja Ma\u00e7\u00f4nica Gloriam et Sapentiam, localizada no Bairro S\u00e3o Crist\u00f3v\u00e3o, em Muria\u00e9,\u00a0retomou suas atividades recentemente. Toda a sua produ\u00e7\u00e3o \u00e9 doada aos idosos mais necessitados, tanto daqueles que vivem em Muria\u00e9 quanto na regi\u00e3o.<\/p>\n<p><a href=\"https:\/\/anoticiaonline.com.br\/site\/wp-content\/uploads\/2018\/08\/F\u00e1brica-de-Fraldas-Geri\u00e1tricas-da-Loja-Ma\u00e7\u00f4nica-Gloriam-et-Sapentiam-retoma-suas-atividades.jpg\"><img fetchpriority=\"high\" decoding=\"async\" class=\"alignnone size-full wp-image-59111\" src=\"https:\/\/anoticiaonline.com.br\/site\/wp-content\/uploads\/2018\/08\/F\u00e1brica-de-Fraldas-Geri\u00e1tricas-da-Loja-Ma\u00e7\u00f4nica-Gloriam-et-Sapentiam-retoma-suas-atividades.jpg\" alt=\"\" width=\"800\" height=\"534\" srcset=\"https:\/\/anoticiaonline.com.br\/site\/wp-content\/uploads\/2018\/08\/F\u00e1brica-de-Fraldas-Geri\u00e1tricas-da-Loja-Ma\u00e7\u00f4nica-Gloriam-et-Sapentiam-retoma-suas-atividades.jpg 800w, https:\/\/anoticiaonline.com.br\/site\/wp-content\/uploads\/2018\/08\/F\u00e1brica-de-Fraldas-Geri\u00e1tricas-da-Loja-Ma\u00e7\u00f4nica-Gloriam-et-Sapentiam-retoma-suas-atividades-300x200.jpg 300w, https:\/\/anoticiaonline.com.br\/site\/wp-content\/uploads\/2018\/08\/F\u00e1brica-de-Fraldas-Geri\u00e1tricas-da-Loja-Ma\u00e7\u00f4nica-Gloriam-et-Sapentiam-retoma-suas-atividades-768x513.jpg 768w\" sizes=\"(max-width: 800px) 100vw, 800px\" \/><\/a><\/p>\n<p>De acordo com o vener\u00e1vel Adriano Oliveira Souza, a F\u00e1brica, que existe desde 2015, ficou desativada por um ano e meio. Com a retomada da fabrica\u00e7\u00e3o, a inten\u00e7\u00e3o \u00e9 produzir, aproximadamente 1.500 fraldas por m\u00eas, que ser\u00e3o doadas para idosos do Lar Ozanam de Muria\u00e9 e Mira\u00ed, al\u00e9m de cidades como Palmas, Recreio, Leopoldina, Bom Jesus e, tamb\u00e9m, a alguns necessitados do pr\u00f3prio Bairro S\u00e3o Crist\u00f3v\u00e3o.<\/p>\n<p><a href=\"https:\/\/anoticiaonline.com.br\/site\/wp-content\/uploads\/2018\/08\/F\u00e1brica-de-Fraldas-Geri\u00e1tricas-da-Loja-Ma\u00e7\u00f4nica-Gloriam-et-Sapentiam-retoma-suas-atividades-2.jpg\"><img decoding=\"async\" class=\"alignnone size-full wp-image-59112\" src=\"https:\/\/anoticiaonline.com.br\/site\/wp-content\/uploads\/2018\/08\/F\u00e1brica-de-Fraldas-Geri\u00e1tricas-da-Loja-Ma\u00e7\u00f4nica-Gloriam-et-Sapentiam-retoma-suas-atividades-2.jpg\" alt=\"\" width=\"800\" height=\"534\" srcset=\"https:\/\/anoticiaonline.com.br\/site\/wp-content\/uploads\/2018\/08\/F\u00e1brica-de-Fraldas-Geri\u00e1tricas-da-Loja-Ma\u00e7\u00f4nica-Gloriam-et-Sapentiam-retoma-suas-atividades-2.jpg 800w, https:\/\/anoticiaonline.com.br\/site\/wp-content\/uploads\/2018\/08\/F\u00e1brica-de-Fraldas-Geri\u00e1tricas-da-Loja-Ma\u00e7\u00f4nica-Gloriam-et-Sapentiam-retoma-suas-atividades-2-300x200.jpg 300w, https:\/\/anoticiaonline.com.br\/site\/wp-content\/uploads\/2018\/08\/F\u00e1brica-de-Fraldas-Geri\u00e1tricas-da-Loja-Ma\u00e7\u00f4nica-Gloriam-et-Sapentiam-retoma-suas-atividades-2-768x513.jpg 768w\" sizes=\"(max-width: 800px) 100vw, 800px\" \/><\/a><\/p>\n<p>O funcionamento da F\u00e1brica \u00e9 mantido atrav\u00e9s das a\u00e7\u00f5es e eventos beneficentes realizados pela pr\u00f3pria Loja Ma\u00e7\u00f4nica Gloriam et Sapentiam, como por exemplo a II Feijoada Beneficente, promovida em junho deste ano.<\/p>\n","protected":false},"excerpt":{"rendered":"<p>Toda produ\u00e7\u00e3o \u00e9 doada aos idosos necessitados de Muria\u00e9 e regi\u00e3o A F\u00e1brica de Fraldas Geri\u00e1tricas da Loja Ma\u00e7\u00f4nica Gloriam et Sapentiam, localizada no Bairro S\u00e3o Crist\u00f3v\u00e3o, em Muria\u00e9,\u00a0retomou suas atividades recentemente. Toda a sua produ\u00e7\u00e3o \u00e9 doada aos idosos mais necessitados, tanto daqueles que vivem em Muria\u00e9 quanto na regi\u00e3o. De acordo com o &#8230; <a title=\"F\u00e1brica de Fraldas Geri\u00e1tricas da Loja Ma\u00e7\u00f4nica Gloriam et Sapentiam retoma suas atividades\" class=\"read-more\" href=\"https:\/\/anoticiaonline.com.br\/site\/fabrica-de-fraldas-geriatricas-da-loja-maconica-gloriam-et-sapentiam-retoma-suas-atividades\/\" aria-label=\"Read more about F\u00e1brica de Fraldas Geri\u00e1tricas da Loja Ma\u00e7\u00f4nica Gloriam et Sapentiam retoma suas atividades\">Ler mais<\/a><\/p>\n","protected":false},"author":2,"featured_media":59111,"comment_status":"open","ping_status":"open","sticky":false,"template":"","format":"standard","meta":{"_acf_changed":false,"_monsterinsights_skip_tracking":false,"footnotes":""},"categories":[30],"tags":[2894,2730,27],"class_list":["post-59110","post","type-post","status-publish","format-standard","has-post-thumbnail","hentry","category-muriae","tag-fabrica-de-fralda","tag-loja-maconica","tag-solidariedade"],"acf":[],"aioseo_notices":[],"aioseo_head":"\n\t\t<!-- All in One SEO 5.0.0.1 - aioseo.com -->\n\t<meta name=\"description\" content=\"Toda produ\u00e7\u00e3o \u00e9 doada aos idosos necessitados de Muria\u00e9 e regi\u00e3o A F\u00e1brica de Fraldas Geri\u00e1tricas da Loja Ma\u00e7\u00f4nica Gloriam et Sapentiam, localizada no Bairro S\u00e3o Crist\u00f3v\u00e3o, em Muria\u00e9, retomou suas atividades recentemente. Toda a sua produ\u00e7\u00e3o \u00e9 doada aos idosos mais necessitados, tanto daqueles que vivem em Muria\u00e9 quanto na regi\u00e3o. De acordo com o\" \/>\n\t<meta name=\"robots\" content=\"max-image-preview:large\" \/>\n\t<meta name=\"author\" content=\"Juliana Laviola\"\/>\n\t<link rel=\"canonical\" href=\"https:\/\/anoticiaonline.com.br\/site\/fabrica-de-fraldas-geriatricas-da-loja-maconica-gloriam-et-sapentiam-retoma-suas-atividades\/\" \/>\n\t<meta name=\"generator\" content=\"All in One SEO (AIOSEO) 5.0.0.1\" \/>\n\t\t<meta property=\"og:locale\" content=\"pt_BR\" \/>\n\t\t<meta property=\"og:site_name\" content=\"A Not\u00edcia Online - Noticias de Muria\u00e9 e regi\u00e3o\" \/>\n\t\t<meta property=\"og:type\" content=\"article\" \/>\n\t\t<meta property=\"og:title\" content=\"F\u00e1brica de Fraldas Geri\u00e1tricas da Loja Ma\u00e7\u00f4nica Gloriam et Sapentiam retoma suas atividades - A Not\u00edcia Online\" \/>\n\t\t<meta property=\"og:description\" content=\"Toda produ\u00e7\u00e3o \u00e9 doada aos idosos necessitados de Muria\u00e9 e regi\u00e3o A F\u00e1brica de Fraldas Geri\u00e1tricas da Loja Ma\u00e7\u00f4nica Gloriam et Sapentiam, localizada no Bairro S\u00e3o Crist\u00f3v\u00e3o, em Muria\u00e9, retomou suas atividades recentemente. Toda a sua produ\u00e7\u00e3o \u00e9 doada aos idosos mais necessitados, tanto daqueles que vivem em Muria\u00e9 quanto na regi\u00e3o. De acordo com o\" \/>\n\t\t<meta property=\"og:url\" content=\"https:\/\/anoticiaonline.com.br\/site\/fabrica-de-fraldas-geriatricas-da-loja-maconica-gloriam-et-sapentiam-retoma-suas-atividades\/\" \/>\n\t\t<meta property=\"og:image\" content=\"https:\/\/scontent-gig4-1.xx.fbcdn.net\/v\/t39.30808-1\/270437624_4564083193639691_6907940295614233970_n.jpg?stp=dst-jpg_s200x200_tt6&#038;_nc_cat=111&#038;ccb=1-7&#038;_nc_sid=f907e8&#038;_nc_ohc=SM1wRlP3lJwQ7kNvwEPuBYA&#038;_nc_oc=AdnqrjDN_BNjSSHWO-GbkIWH6fkGMLw4bqvL_NH6e2wMveX7G-rP2dAqsDSq1mJMOaY&#038;_nc_zt=24&#038;_nc_ht=scontent-gig4-1.xx&#038;_nc_gid=AoBFJeGrT1hVaew_6rchkQ&#038;oh=00_AfX7QmFGhQhG2jAllVgXCiM1ZrWgvtp80-Bfppyexh1QEg&#038;oe=689E923C\" \/>\n\t\t<meta property=\"og:image:secure_url\" content=\"https:\/\/scontent-gig4-1.xx.fbcdn.net\/v\/t39.30808-1\/270437624_4564083193639691_6907940295614233970_n.jpg?stp=dst-jpg_s200x200_tt6&#038;_nc_cat=111&#038;ccb=1-7&#038;_nc_sid=f907e8&#038;_nc_ohc=SM1wRlP3lJwQ7kNvwEPuBYA&#038;_nc_oc=AdnqrjDN_BNjSSHWO-GbkIWH6fkGMLw4bqvL_NH6e2wMveX7G-rP2dAqsDSq1mJMOaY&#038;_nc_zt=24&#038;_nc_ht=scontent-gig4-1.xx&#038;_nc_gid=AoBFJeGrT1hVaew_6rchkQ&#038;oh=00_AfX7QmFGhQhG2jAllVgXCiM1ZrWgvtp80-Bfppyexh1QEg&#038;oe=689E923C\" \/>\n\t\t<meta property=\"article:published_time\" content=\"2018-08-02T22:04:07+00:00\" \/>\n\t\t<meta property=\"article:modified_time\" content=\"2018-08-02T22:05:49+00:00\" \/>\n\t\t<meta name=\"twitter:card\" content=\"summary_large_image\" \/>\n\t\t<meta name=\"twitter:title\" content=\"F\u00e1brica de Fraldas Geri\u00e1tricas da Loja Ma\u00e7\u00f4nica Gloriam et Sapentiam retoma suas atividades - A Not\u00edcia Online\" \/>\n\t\t<meta name=\"twitter:description\" content=\"Toda produ\u00e7\u00e3o \u00e9 doada aos idosos necessitados de Muria\u00e9 e regi\u00e3o A F\u00e1brica de Fraldas Geri\u00e1tricas da Loja Ma\u00e7\u00f4nica Gloriam et Sapentiam, localizada no Bairro S\u00e3o Crist\u00f3v\u00e3o, em Muria\u00e9, retomou suas atividades recentemente. Toda a sua produ\u00e7\u00e3o \u00e9 doada aos idosos mais necessitados, tanto daqueles que vivem em Muria\u00e9 quanto na regi\u00e3o. De acordo com o\" \/>\n\t\t<meta name=\"twitter:image\" content=\"https:\/\/scontent-gig4-1.xx.fbcdn.net\/v\/t39.30808-1\/270437624_4564083193639691_6907940295614233970_n.jpg?stp=dst-jpg_s200x200_tt6&amp;_nc_cat=111&amp;ccb=1-7&amp;_nc_sid=f907e8&amp;_nc_ohc=SM1wRlP3lJwQ7kNvwEPuBYA&amp;_nc_oc=AdnqrjDN_BNjSSHWO-GbkIWH6fkGMLw4bqvL_NH6e2wMveX7G-rP2dAqsDSq1mJMOaY&amp;_nc_zt=24&amp;_nc_ht=scontent-gig4-1.xx&amp;_nc_gid=AoBFJeGrT1hVaew_6rchkQ&amp;oh=00_AfX7QmFGhQhG2jAllVgXCiM1ZrWgvtp80-Bfppyexh1QEg&amp;oe=689E923C\" \/>\n\t\t<script type=\"application\/ld+json\" class=\"aioseo-schema\">\n\t\t\t{\"@context\":\"https:\\\/\\\/schema.org\",\"@graph\":[{\"@type\":\"BlogPosting\",\"@id\":\"https:\\\/\\\/anoticiaonline.com.br\\\/site\\\/fabrica-de-fraldas-geriatricas-da-loja-maconica-gloriam-et-sapentiam-retoma-suas-atividades\\\/#blogposting\",\"name\":\"F\\u00e1brica de Fraldas Geri\\u00e1tricas da Loja Ma\\u00e7\\u00f4nica Gloriam et Sapentiam retoma suas atividades - A Not\\u00edcia Online\",\"headline\":\"F\\u00e1brica de Fraldas Geri\\u00e1tricas da Loja Ma\\u00e7\\u00f4nica Gloriam et Sapentiam retoma suas atividades\",\"author\":{\"@id\":\"https:\\\/\\\/anoticiaonline.com.br\\\/site\\\/author\\\/juliana\\\/#author\"},\"publisher\":{\"@id\":\"https:\\\/\\\/anoticiaonline.com.br\\\/site\\\/#organization\"},\"image\":{\"@type\":\"ImageObject\",\"url\":\"https:\\\/\\\/anoticiaonline.com.br\\\/site\\\/wp-content\\\/uploads\\\/2018\\\/08\\\/F\\u00e1brica-de-Fraldas-Geri\\u00e1tricas-da-Loja-Ma\\u00e7\\u00f4nica-Gloriam-et-Sapentiam-retoma-suas-atividades.jpg\",\"width\":800,\"height\":534},\"datePublished\":\"2018-08-02T19:04:07-03:00\",\"dateModified\":\"2018-08-02T19:05:49-03:00\",\"inLanguage\":\"pt-BR\",\"commentCount\":1,\"mainEntityOfPage\":{\"@id\":\"https:\\\/\\\/anoticiaonline.com.br\\\/site\\\/fabrica-de-fraldas-geriatricas-da-loja-maconica-gloriam-et-sapentiam-retoma-suas-atividades\\\/#webpage\"},\"isPartOf\":{\"@id\":\"https:\\\/\\\/anoticiaonline.com.br\\\/site\\\/fabrica-de-fraldas-geriatricas-da-loja-maconica-gloriam-et-sapentiam-retoma-suas-atividades\\\/#webpage\"},\"articleSection\":\"Blog, f\\u00e1brica de fralda, Loja Ma\\u00e7\\u00f4nica, Solidariedade\"},{\"@type\":\"BreadcrumbList\",\"@id\":\"https:\\\/\\\/anoticiaonline.com.br\\\/site\\\/fabrica-de-fraldas-geriatricas-da-loja-maconica-gloriam-et-sapentiam-retoma-suas-atividades\\\/#breadcrumblist\",\"itemListElement\":[{\"@type\":\"ListItem\",\"@id\":\"https:\\\/\\\/anoticiaonline.com.br\\\/site#listItem\",\"position\":1,\"name\":\"Home\",\"item\":\"https:\\\/\\\/anoticiaonline.com.br\\\/site\",\"nextItem\":{\"@type\":\"ListItem\",\"@id\":\"https:\\\/\\\/anoticiaonline.com.br\\\/site\\\/categoria\\\/muriae\\\/#listItem\",\"name\":\"Blog\"}},{\"@type\":\"ListItem\",\"@id\":\"https:\\\/\\\/anoticiaonline.com.br\\\/site\\\/categoria\\\/muriae\\\/#listItem\",\"position\":2,\"name\":\"Blog\",\"item\":\"https:\\\/\\\/anoticiaonline.com.br\\\/site\\\/categoria\\\/muriae\\\/\",\"nextItem\":{\"@type\":\"ListItem\",\"@id\":\"https:\\\/\\\/anoticiaonline.com.br\\\/site\\\/fabrica-de-fraldas-geriatricas-da-loja-maconica-gloriam-et-sapentiam-retoma-suas-atividades\\\/#listItem\",\"name\":\"F\\u00e1brica de Fraldas Geri\\u00e1tricas da Loja Ma\\u00e7\\u00f4nica Gloriam et Sapentiam retoma suas atividades\"},\"previousItem\":{\"@type\":\"ListItem\",\"@id\":\"https:\\\/\\\/anoticiaonline.com.br\\\/site#listItem\",\"name\":\"Home\"}},{\"@type\":\"ListItem\",\"@id\":\"https:\\\/\\\/anoticiaonline.com.br\\\/site\\\/fabrica-de-fraldas-geriatricas-da-loja-maconica-gloriam-et-sapentiam-retoma-suas-atividades\\\/#listItem\",\"position\":3,\"name\":\"F\\u00e1brica de Fraldas Geri\\u00e1tricas da Loja Ma\\u00e7\\u00f4nica Gloriam et Sapentiam retoma suas atividades\",\"previousItem\":{\"@type\":\"ListItem\",\"@id\":\"https:\\\/\\\/anoticiaonline.com.br\\\/site\\\/categoria\\\/muriae\\\/#listItem\",\"name\":\"Blog\"}}]},{\"@type\":\"Organization\",\"@id\":\"https:\\\/\\\/anoticiaonline.com.br\\\/site\\\/#organization\",\"name\":\"A Not\\u00edcia Online\",\"description\":\"Noticias de Muria\\u00e9 e regi\\u00e3o\",\"url\":\"https:\\\/\\\/anoticiaonline.com.br\\\/site\\\/\",\"logo\":{\"@type\":\"ImageObject\",\"url\":\"https:\\\/\\\/scontent-gig4-1.xx.fbcdn.net\\\/v\\\/t39.30808-1\\\/270437624_4564083193639691_6907940295614233970_n.jpg?stp=dst-jpg_s200x200_tt6&_nc_cat=111&ccb=1-7&_nc_sid=f907e8&_nc_ohc=SM1wRlP3lJwQ7kNvwEPuBYA&_nc_oc=AdnqrjDN_BNjSSHWO-GbkIWH6fkGMLw4bqvL_NH6e2wMveX7G-rP2dAqsDSq1mJMOaY&_nc_zt=24&_nc_ht=scontent-gig4-1.xx&_nc_gid=AoBFJeGrT1hVaew_6rchkQ&oh=00_AfX7QmFGhQhG2jAllVgXCiM1ZrWgvtp80-Bfppyexh1QEg&oe=689E923C\",\"@id\":\"https:\\\/\\\/anoticiaonline.com.br\\\/site\\\/fabrica-de-fraldas-geriatricas-da-loja-maconica-gloriam-et-sapentiam-retoma-suas-atividades\\\/#organizationLogo\"},\"image\":{\"@id\":\"https:\\\/\\\/anoticiaonline.com.br\\\/site\\\/fabrica-de-fraldas-geriatricas-da-loja-maconica-gloriam-et-sapentiam-retoma-suas-atividades\\\/#organizationLogo\"}},{\"@type\":\"Person\",\"@id\":\"https:\\\/\\\/anoticiaonline.com.br\\\/site\\\/author\\\/juliana\\\/#author\",\"url\":\"https:\\\/\\\/anoticiaonline.com.br\\\/site\\\/author\\\/juliana\\\/\",\"name\":\"Juliana Laviola\",\"image\":{\"@type\":\"ImageObject\",\"@id\":\"https:\\\/\\\/anoticiaonline.com.br\\\/site\\\/fabrica-de-fraldas-geriatricas-da-loja-maconica-gloriam-et-sapentiam-retoma-suas-atividades\\\/#authorImage\",\"url\":\"https:\\\/\\\/secure.gravatar.com\\\/avatar\\\/b8d45f5c699b100dfaf0e543582f38f38bf94cb7ae3a5e9abf8d891a34773335?s=96&d=mm&r=g\",\"width\":96,\"height\":96,\"caption\":\"Juliana Laviola\"}},{\"@type\":\"WebPage\",\"@id\":\"https:\\\/\\\/anoticiaonline.com.br\\\/site\\\/fabrica-de-fraldas-geriatricas-da-loja-maconica-gloriam-et-sapentiam-retoma-suas-atividades\\\/#webpage\",\"url\":\"https:\\\/\\\/anoticiaonline.com.br\\\/site\\\/fabrica-de-fraldas-geriatricas-da-loja-maconica-gloriam-et-sapentiam-retoma-suas-atividades\\\/\",\"name\":\"F\\u00e1brica de Fraldas Geri\\u00e1tricas da Loja Ma\\u00e7\\u00f4nica Gloriam et Sapentiam retoma suas atividades - A Not\\u00edcia Online\",\"description\":\"Toda produ\\u00e7\\u00e3o \\u00e9 doada aos idosos necessitados de Muria\\u00e9 e regi\\u00e3o A F\\u00e1brica de Fraldas Geri\\u00e1tricas da Loja Ma\\u00e7\\u00f4nica Gloriam et Sapentiam, localizada no Bairro S\\u00e3o Crist\\u00f3v\\u00e3o, em Muria\\u00e9, retomou suas atividades recentemente. Toda a sua produ\\u00e7\\u00e3o \\u00e9 doada aos idosos mais necessitados, tanto daqueles que vivem em Muria\\u00e9 quanto na regi\\u00e3o. De acordo com o\",\"inLanguage\":\"pt-BR\",\"isPartOf\":{\"@id\":\"https:\\\/\\\/anoticiaonline.com.br\\\/site\\\/#website\"},\"breadcrumb\":{\"@id\":\"https:\\\/\\\/anoticiaonline.com.br\\\/site\\\/fabrica-de-fraldas-geriatricas-da-loja-maconica-gloriam-et-sapentiam-retoma-suas-atividades\\\/#breadcrumblist\"},\"author\":{\"@id\":\"https:\\\/\\\/anoticiaonline.com.br\\\/site\\\/author\\\/juliana\\\/#author\"},\"creator\":{\"@id\":\"https:\\\/\\\/anoticiaonline.com.br\\\/site\\\/author\\\/juliana\\\/#author\"},\"image\":{\"@type\":\"ImageObject\",\"url\":\"https:\\\/\\\/anoticiaonline.com.br\\\/site\\\/wp-content\\\/uploads\\\/2018\\\/08\\\/F\\u00e1brica-de-Fraldas-Geri\\u00e1tricas-da-Loja-Ma\\u00e7\\u00f4nica-Gloriam-et-Sapentiam-retoma-suas-atividades.jpg\",\"@id\":\"https:\\\/\\\/anoticiaonline.com.br\\\/site\\\/fabrica-de-fraldas-geriatricas-da-loja-maconica-gloriam-et-sapentiam-retoma-suas-atividades\\\/#mainImage\",\"width\":800,\"height\":534},\"primaryImageOfPage\":{\"@id\":\"https:\\\/\\\/anoticiaonline.com.br\\\/site\\\/fabrica-de-fraldas-geriatricas-da-loja-maconica-gloriam-et-sapentiam-retoma-suas-atividades\\\/#mainImage\"},\"datePublished\":\"2018-08-02T19:04:07-03:00\",\"dateModified\":\"2018-08-02T19:05:49-03:00\"},{\"@type\":\"WebSite\",\"@id\":\"https:\\\/\\\/anoticiaonline.com.br\\\/site\\\/#website\",\"url\":\"https:\\\/\\\/anoticiaonline.com.br\\\/site\\\/\",\"name\":\"A Not\\u00edcia Online\",\"description\":\"Noticias de Muria\\u00e9 e regi\\u00e3o\",\"inLanguage\":\"pt-BR\",\"publisher\":{\"@id\":\"https:\\\/\\\/anoticiaonline.com.br\\\/site\\\/#organization\"}}]}\n\t\t<\/script>\n\t\t<!-- All in One SEO -->\n\n","aioseo_head_json":{"title":"F\u00e1brica de Fraldas Geri\u00e1tricas da Loja Ma\u00e7\u00f4nica Gloriam et Sapentiam retoma suas atividades - A Not\u00edcia Online","description":"Toda produ\u00e7\u00e3o \u00e9 doada aos idosos necessitados de Muria\u00e9 e regi\u00e3o A F\u00e1brica de Fraldas Geri\u00e1tricas da Loja Ma\u00e7\u00f4nica Gloriam et Sapentiam, localizada no Bairro S\u00e3o Crist\u00f3v\u00e3o, em Muria\u00e9, retomou suas atividades recentemente. Toda a sua produ\u00e7\u00e3o \u00e9 doada aos idosos mais necessitados, tanto daqueles que vivem em Muria\u00e9 quanto na regi\u00e3o. De acordo com o","canonical_url":"https:\/\/anoticiaonline.com.br\/site\/fabrica-de-fraldas-geriatricas-da-loja-maconica-gloriam-et-sapentiam-retoma-suas-atividades\/","robots":"max-image-preview:large","keywords":"","webmasterTools":{"miscellaneous":""},"schema":{"@context":"https:\/\/schema.org","@graph":[{"@type":"BlogPosting","@id":"https:\/\/anoticiaonline.com.br\/site\/fabrica-de-fraldas-geriatricas-da-loja-maconica-gloriam-et-sapentiam-retoma-suas-atividades\/#blogposting","name":"F\u00e1brica de Fraldas Geri\u00e1tricas da Loja Ma\u00e7\u00f4nica Gloriam et Sapentiam retoma suas atividades - A Not\u00edcia Online","headline":"F\u00e1brica de Fraldas Geri\u00e1tricas da Loja Ma\u00e7\u00f4nica Gloriam et Sapentiam retoma suas atividades","author":{"@id":"https:\/\/anoticiaonline.com.br\/site\/author\/juliana\/#author"},"publisher":{"@id":"https:\/\/anoticiaonline.com.br\/site\/#organization"},"image":{"@type":"ImageObject","url":"https:\/\/anoticiaonline.com.br\/site\/wp-content\/uploads\/2018\/08\/F\u00e1brica-de-Fraldas-Geri\u00e1tricas-da-Loja-Ma\u00e7\u00f4nica-Gloriam-et-Sapentiam-retoma-suas-atividades.jpg","width":800,"height":534},"datePublished":"2018-08-02T19:04:07-03:00","dateModified":"2018-08-02T19:05:49-03:00","inLanguage":"pt-BR","commentCount":1,"mainEntityOfPage":{"@id":"https:\/\/anoticiaonline.com.br\/site\/fabrica-de-fraldas-geriatricas-da-loja-maconica-gloriam-et-sapentiam-retoma-suas-atividades\/#webpage"},"isPartOf":{"@id":"https:\/\/anoticiaonline.com.br\/site\/fabrica-de-fraldas-geriatricas-da-loja-maconica-gloriam-et-sapentiam-retoma-suas-atividades\/#webpage"},"articleSection":"Blog, f\u00e1brica de fralda, Loja Ma\u00e7\u00f4nica, Solidariedade"},{"@type":"BreadcrumbList","@id":"https:\/\/anoticiaonline.com.br\/site\/fabrica-de-fraldas-geriatricas-da-loja-maconica-gloriam-et-sapentiam-retoma-suas-atividades\/#breadcrumblist","itemListElement":[{"@type":"ListItem","@id":"https:\/\/anoticiaonline.com.br\/site#listItem","position":1,"name":"Home","item":"https:\/\/anoticiaonline.com.br\/site","nextItem":{"@type":"ListItem","@id":"https:\/\/anoticiaonline.com.br\/site\/categoria\/muriae\/#listItem","name":"Blog"}},{"@type":"ListItem","@id":"https:\/\/anoticiaonline.com.br\/site\/categoria\/muriae\/#listItem","position":2,"name":"Blog","item":"https:\/\/anoticiaonline.com.br\/site\/categoria\/muriae\/","nextItem":{"@type":"ListItem","@id":"https:\/\/anoticiaonline.com.br\/site\/fabrica-de-fraldas-geriatricas-da-loja-maconica-gloriam-et-sapentiam-retoma-suas-atividades\/#listItem","name":"F\u00e1brica de Fraldas Geri\u00e1tricas da Loja Ma\u00e7\u00f4nica Gloriam et Sapentiam retoma suas atividades"},"previousItem":{"@type":"ListItem","@id":"https:\/\/anoticiaonline.com.br\/site#listItem","name":"Home"}},{"@type":"ListItem","@id":"https:\/\/anoticiaonline.com.br\/site\/fabrica-de-fraldas-geriatricas-da-loja-maconica-gloriam-et-sapentiam-retoma-suas-atividades\/#listItem","position":3,"name":"F\u00e1brica de Fraldas Geri\u00e1tricas da Loja Ma\u00e7\u00f4nica Gloriam et Sapentiam retoma suas atividades","previousItem":{"@type":"ListItem","@id":"https:\/\/anoticiaonline.com.br\/site\/categoria\/muriae\/#listItem","name":"Blog"}}]},{"@type":"Organization","@id":"https:\/\/anoticiaonline.com.br\/site\/#organization","name":"A Not\u00edcia Online","description":"Noticias de Muria\u00e9 e regi\u00e3o","url":"https:\/\/anoticiaonline.com.br\/site\/","logo":{"@type":"ImageObject","url":"https:\/\/scontent-gig4-1.xx.fbcdn.net\/v\/t39.30808-1\/270437624_4564083193639691_6907940295614233970_n.jpg?stp=dst-jpg_s200x200_tt6&_nc_cat=111&ccb=1-7&_nc_sid=f907e8&_nc_ohc=SM1wRlP3lJwQ7kNvwEPuBYA&_nc_oc=AdnqrjDN_BNjSSHWO-GbkIWH6fkGMLw4bqvL_NH6e2wMveX7G-rP2dAqsDSq1mJMOaY&_nc_zt=24&_nc_ht=scontent-gig4-1.xx&_nc_gid=AoBFJeGrT1hVaew_6rchkQ&oh=00_AfX7QmFGhQhG2jAllVgXCiM1ZrWgvtp80-Bfppyexh1QEg&oe=689E923C","@id":"https:\/\/anoticiaonline.com.br\/site\/fabrica-de-fraldas-geriatricas-da-loja-maconica-gloriam-et-sapentiam-retoma-suas-atividades\/#organizationLogo"},"image":{"@id":"https:\/\/anoticiaonline.com.br\/site\/fabrica-de-fraldas-geriatricas-da-loja-maconica-gloriam-et-sapentiam-retoma-suas-atividades\/#organizationLogo"}},{"@type":"Person","@id":"https:\/\/anoticiaonline.com.br\/site\/author\/juliana\/#author","url":"https:\/\/anoticiaonline.com.br\/site\/author\/juliana\/","name":"Juliana Laviola","image":{"@type":"ImageObject","@id":"https:\/\/anoticiaonline.com.br\/site\/fabrica-de-fraldas-geriatricas-da-loja-maconica-gloriam-et-sapentiam-retoma-suas-atividades\/#authorImage","url":"https:\/\/secure.gravatar.com\/avatar\/b8d45f5c699b100dfaf0e543582f38f38bf94cb7ae3a5e9abf8d891a34773335?s=96&d=mm&r=g","width":96,"height":96,"caption":"Juliana Laviola"}},{"@type":"WebPage","@id":"https:\/\/anoticiaonline.com.br\/site\/fabrica-de-fraldas-geriatricas-da-loja-maconica-gloriam-et-sapentiam-retoma-suas-atividades\/#webpage","url":"https:\/\/anoticiaonline.com.br\/site\/fabrica-de-fraldas-geriatricas-da-loja-maconica-gloriam-et-sapentiam-retoma-suas-atividades\/","name":"F\u00e1brica de Fraldas Geri\u00e1tricas da Loja Ma\u00e7\u00f4nica Gloriam et Sapentiam retoma suas atividades - A Not\u00edcia Online","description":"Toda produ\u00e7\u00e3o \u00e9 doada aos idosos necessitados de Muria\u00e9 e regi\u00e3o A F\u00e1brica de Fraldas Geri\u00e1tricas da Loja Ma\u00e7\u00f4nica Gloriam et Sapentiam, localizada no Bairro S\u00e3o Crist\u00f3v\u00e3o, em Muria\u00e9, retomou suas atividades recentemente. Toda a sua produ\u00e7\u00e3o \u00e9 doada aos idosos mais necessitados, tanto daqueles que vivem em Muria\u00e9 quanto na regi\u00e3o. De acordo com o","inLanguage":"pt-BR","isPartOf":{"@id":"https:\/\/anoticiaonline.com.br\/site\/#website"},"breadcrumb":{"@id":"https:\/\/anoticiaonline.com.br\/site\/fabrica-de-fraldas-geriatricas-da-loja-maconica-gloriam-et-sapentiam-retoma-suas-atividades\/#breadcrumblist"},"author":{"@id":"https:\/\/anoticiaonline.com.br\/site\/author\/juliana\/#author"},"creator":{"@id":"https:\/\/anoticiaonline.com.br\/site\/author\/juliana\/#author"},"image":{"@type":"ImageObject","url":"https:\/\/anoticiaonline.com.br\/site\/wp-content\/uploads\/2018\/08\/F\u00e1brica-de-Fraldas-Geri\u00e1tricas-da-Loja-Ma\u00e7\u00f4nica-Gloriam-et-Sapentiam-retoma-suas-atividades.jpg","@id":"https:\/\/anoticiaonline.com.br\/site\/fabrica-de-fraldas-geriatricas-da-loja-maconica-gloriam-et-sapentiam-retoma-suas-atividades\/#mainImage","width":800,"height":534},"primaryImageOfPage":{"@id":"https:\/\/anoticiaonline.com.br\/site\/fabrica-de-fraldas-geriatricas-da-loja-maconica-gloriam-et-sapentiam-retoma-suas-atividades\/#mainImage"},"datePublished":"2018-08-02T19:04:07-03:00","dateModified":"2018-08-02T19:05:49-03:00"},{"@type":"WebSite","@id":"https:\/\/anoticiaonline.com.br\/site\/#website","url":"https:\/\/anoticiaonline.com.br\/site\/","name":"A Not\u00edcia Online","description":"Noticias de Muria\u00e9 e regi\u00e3o","inLanguage":"pt-BR","publisher":{"@id":"https:\/\/anoticiaonline.com.br\/site\/#organization"}}]},"og:locale":"pt_BR","og:site_name":"A Not\u00edcia Online - Noticias de Muria\u00e9 e regi\u00e3o","og:type":"article","og:title":"F\u00e1brica de Fraldas Geri\u00e1tricas da Loja Ma\u00e7\u00f4nica Gloriam et Sapentiam retoma suas atividades - A Not\u00edcia Online","og:description":"Toda produ\u00e7\u00e3o \u00e9 doada aos idosos necessitados de Muria\u00e9 e regi\u00e3o A F\u00e1brica de Fraldas Geri\u00e1tricas da Loja Ma\u00e7\u00f4nica Gloriam et Sapentiam, localizada no Bairro S\u00e3o Crist\u00f3v\u00e3o, em Muria\u00e9, retomou suas atividades recentemente. Toda a sua produ\u00e7\u00e3o \u00e9 doada aos idosos mais necessitados, tanto daqueles que vivem em Muria\u00e9 quanto na regi\u00e3o. De acordo com o","og:url":"https:\/\/anoticiaonline.com.br\/site\/fabrica-de-fraldas-geriatricas-da-loja-maconica-gloriam-et-sapentiam-retoma-suas-atividades\/","og:image":"https:\/\/scontent-gig4-1.xx.fbcdn.net\/v\/t39.30808-1\/270437624_4564083193639691_6907940295614233970_n.jpg?stp=dst-jpg_s200x200_tt6&#038;_nc_cat=111&#038;ccb=1-7&#038;_nc_sid=f907e8&#038;_nc_ohc=SM1wRlP3lJwQ7kNvwEPuBYA&#038;_nc_oc=AdnqrjDN_BNjSSHWO-GbkIWH6fkGMLw4bqvL_NH6e2wMveX7G-rP2dAqsDSq1mJMOaY&#038;_nc_zt=24&#038;_nc_ht=scontent-gig4-1.xx&#038;_nc_gid=AoBFJeGrT1hVaew_6rchkQ&#038;oh=00_AfX7QmFGhQhG2jAllVgXCiM1ZrWgvtp80-Bfppyexh1QEg&#038;oe=689E923C","og:image:secure_url":"https:\/\/scontent-gig4-1.xx.fbcdn.net\/v\/t39.30808-1\/270437624_4564083193639691_6907940295614233970_n.jpg?stp=dst-jpg_s200x200_tt6&#038;_nc_cat=111&#038;ccb=1-7&#038;_nc_sid=f907e8&#038;_nc_ohc=SM1wRlP3lJwQ7kNvwEPuBYA&#038;_nc_oc=AdnqrjDN_BNjSSHWO-GbkIWH6fkGMLw4bqvL_NH6e2wMveX7G-rP2dAqsDSq1mJMOaY&#038;_nc_zt=24&#038;_nc_ht=scontent-gig4-1.xx&#038;_nc_gid=AoBFJeGrT1hVaew_6rchkQ&#038;oh=00_AfX7QmFGhQhG2jAllVgXCiM1ZrWgvtp80-Bfppyexh1QEg&#038;oe=689E923C","article:published_time":"2018-08-02T22:04:07+00:00","article:modified_time":"2018-08-02T22:05:49+00:00","twitter:card":"summary_large_image","twitter:title":"F\u00e1brica de Fraldas Geri\u00e1tricas da Loja Ma\u00e7\u00f4nica Gloriam et Sapentiam retoma suas atividades - A Not\u00edcia Online","twitter:description":"Toda produ\u00e7\u00e3o \u00e9 doada aos idosos necessitados de Muria\u00e9 e regi\u00e3o A F\u00e1brica de Fraldas Geri\u00e1tricas da Loja Ma\u00e7\u00f4nica Gloriam et Sapentiam, localizada no Bairro S\u00e3o Crist\u00f3v\u00e3o, em Muria\u00e9, retomou suas atividades recentemente. Toda a sua produ\u00e7\u00e3o \u00e9 doada aos idosos mais necessitados, tanto daqueles que vivem em Muria\u00e9 quanto na regi\u00e3o. De acordo com o","twitter:image":"https:\/\/scontent-gig4-1.xx.fbcdn.net\/v\/t39.30808-1\/270437624_4564083193639691_6907940295614233970_n.jpg?stp=dst-jpg_s200x200_tt6&_nc_cat=111&ccb=1-7&_nc_sid=f907e8&_nc_ohc=SM1wRlP3lJwQ7kNvwEPuBYA&_nc_oc=AdnqrjDN_BNjSSHWO-GbkIWH6fkGMLw4bqvL_NH6e2wMveX7G-rP2dAqsDSq1mJMOaY&_nc_zt=24&_nc_ht=scontent-gig4-1.xx&_nc_gid=AoBFJeGrT1hVaew_6rchkQ&oh=00_AfX7QmFGhQhG2jAllVgXCiM1ZrWgvtp80-Bfppyexh1QEg&oe=689E923C"},"aioseo_meta_data":{"post_id":"59110","title":null,"description":null,"keywords":null,"keyphrases":null,"primary_term":null,"canonical_url":null,"og_title":null,"og_description":null,"og_object_type":"default","og_image_type":"default","og_image_url":null,"og_image_width":null,"og_image_height":null,"og_image_custom_url":null,"og_image_custom_fields":null,"og_video":null,"og_custom_url":null,"og_article_section":null,"og_article_tags":null,"twitter_use_og":false,"twitter_card":"default","twitter_image_type":"default","twitter_image_url":null,"twitter_image_custom_url":null,"twitter_image_custom_fields":null,"twitter_title":null,"twitter_description":null,"schema":{"blockGraphs":[],"customGraphs":[],"default":{"data":{"Article":[],"Course":[],"Dataset":[],"FAQPage":[],"Movie":[],"Person":[],"Product":[],"ProductReview":[],"Car":[],"Recipe":[],"Service":[],"SoftwareApplication":[],"WebPage":[]},"graphName":"","isEnabled":true},"graphs":[]},"schema_type":"default","schema_type_options":null,"pillar_content":false,"robots_default":true,"robots_noindex":false,"robots_noarchive":false,"robots_nosnippet":false,"robots_nofollow":false,"robots_noimageindex":false,"robots_noodp":false,"robots_notranslate":false,"robots_max_snippet":null,"robots_max_videopreview":null,"robots_max_imagepreview":"large","priority":null,"frequency":null,"local_seo":null,"breadcrumb_settings":null,"limit_modified_date":false,"ai":null,"created":"2025-08-16 21:19:25","updated":"2025-08-16 21:19:25","focus_keyword":null,"additional_keywords":null,"truseo_locale":null,"seo_analyzer_scan_date":null},"aioseo_breadcrumb":"<div class=\"aioseo-breadcrumbs\"><span class=\"aioseo-breadcrumb\">\n\t\t\t<a href=\"https:\/\/anoticiaonline.com.br\/site\" title=\"Home\">Home<\/a>\n\t\t<\/span><span class=\"aioseo-breadcrumb-separator\">&raquo;<\/span><span class=\"aioseo-breadcrumb\">\n\t\t\t<a href=\"https:\/\/anoticiaonline.com.br\/site\/categoria\/muriae\/\" title=\"Blog\">Blog<\/a>\n\t\t<\/span><span class=\"aioseo-breadcrumb-separator\">&raquo;<\/span><span class=\"aioseo-breadcrumb\">\n\t\t\tF\u00e1brica de Fraldas Geri\u00e1tricas da Loja Ma\u00e7\u00f4nica Gloriam et Sapentiam retoma suas atividades\n\t\t<\/span><\/div>","aioseo_breadcrumb_json":[{"label":"Home","link":"https:\/\/anoticiaonline.com.br\/site"},{"label":"Blog","link":"https:\/\/anoticiaonline.com.br\/site\/categoria\/muriae\/"},{"label":"F\u00e1brica de Fraldas Geri\u00e1tricas da Loja Ma\u00e7\u00f4nica Gloriam et Sapentiam retoma suas atividades","link":"https:\/\/anoticiaonline.com.br\/site\/fabrica-de-fraldas-geriatricas-da-loja-maconica-gloriam-et-sapentiam-retoma-suas-atividades\/"}],"views":221,"_links":{"self":[{"href":"https:\/\/anoticiaonline.com.br\/site\/wp-json\/wp\/v2\/posts\/59110","targetHints":{"allow":["GET"]}}],"collection":[{"href":"https:\/\/anoticiaonline.com.br\/site\/wp-json\/wp\/v2\/posts"}],"about":[{"href":"https:\/\/anoticiaonline.com.br\/site\/wp-json\/wp\/v2\/types\/post"}],"author":[{"embeddable":true,"href":"https:\/\/anoticiaonline.com.br\/site\/wp-json\/wp\/v2\/users\/2"}],"replies":[{"embeddable":true,"href":"https:\/\/anoticiaonline.com.br\/site\/wp-json\/wp\/v2\/comments?post=59110"}],"version-history":[{"count":0,"href":"https:\/\/anoticiaonline.com.br\/site\/wp-json\/wp\/v2\/posts\/59110\/revisions"}],"wp:featuredmedia":[{"embeddable":true,"href":"https:\/\/anoticiaonline.com.br\/site\/wp-json\/wp\/v2\/media\/59111"}],"wp:attachment":[{"href":"https:\/\/anoticiaonline.com.br\/site\/wp-json\/wp\/v2\/media?parent=59110"}],"wp:term":[{"taxonomy":"category","embeddable":true,"href":"https:\/\/anoticiaonline.com.br\/site\/wp-json\/wp\/v2\/categories?post=59110"},{"taxonomy":"post_tag","embeddable":true,"href":"https:\/\/anoticiaonline.com.br\/site\/wp-json\/wp\/v2\/tags?post=59110"}],"curies":[{"name":"wp","href":"https:\/\/api.w.org\/{rel}","templated":true}]}}