{"id":59106,"date":"2018-08-02T18:43:09","date_gmt":"2018-08-02T21:43:09","guid":{"rendered":"http:\/\/anoticiaonline.com.br\/site\/?p=59106"},"modified":"2018-08-02T18:43:09","modified_gmt":"2018-08-02T21:43:09","slug":"rosario-da-limeira-e-destaque-no-xxxiv-congresso-nacional-de-secretarias-municipais-de-saude","status":"publish","type":"post","link":"https:\/\/anoticiaonline.com.br\/site\/rosario-da-limeira-e-destaque-no-xxxiv-congresso-nacional-de-secretarias-municipais-de-saude\/","title":{"rendered":"Ros\u00e1rio da Limeira \u00e9 destaque no XXXIV Congresso Nacional de Secretarias Municipais de Sa\u00fade"},"content":{"rendered":"<p>A secret\u00e1ria municipal de Sa\u00fade, Fernanda Chemp, representou o munic\u00edpio de Ros\u00e1rio da Limeira no XXXIV Congresso Nacional de Secretarias Municipais de Sa\u00fade (CONASEMS), realizado entre os dias 25 e 27 de julho, na cidade de Bel\u00e9m, estado do Par\u00e1. O CONASEMS promoveu o encontro de gestores municipais de sa\u00fade, trabalhadores do SUS e de todas as esferas de governo, representantes de institui\u00e7\u00f5es ligadas \u00e0 sa\u00fade p\u00fablica e autoridades.<\/p>\n<p>O evento contou com a \u201c15\u00ba Mostra Brasil, aqui tem SUS\u201d, um espa\u00e7o destinado para divulga\u00e7\u00e3o dos trabalhos de secretarias municipais de sa\u00fade de todos os estados e que tem como objetivo mostrar experi\u00eancias bem-sucedidas para inspirar profissionais e gestores de sa\u00fade. O trabalho \u201cCarteira de Servi\u00e7o da Aten\u00e7\u00e3o Prim\u00e1ria a Sa\u00fade: Desafios e Potencialidades para a integralidade do cuidado no munic\u00edpio de Ros\u00e1rio da Limeira\u201d, desenvolvido pela Secretaria, foi um dos escolhidos para apresenta\u00e7\u00e3o na mostra e para integrar a revista \u201cExperi\u00eancias Mineiras, Sabores e Viv\u00eancias\u201d do Conselho de Secretarias Municipais de Sa\u00fade (COSEMS) de Minas Gerais.<\/p>\n<p>O trabalho foi escrito pela coordenadora da Aten\u00e7\u00e3o Prim\u00e1ria, M\u00edriam de Oliveira \u00c1vila Moreira, pela enfermeira, Renata Cristina Aparecida da Silva, pelo coordenador de Vigil\u00e2ncia em Sa\u00fade Alex Jos\u00e9 da Silva e pela Secret\u00e1ria Fernanda Chemp.<\/p>\n<p>A secret\u00e1ria Fernanda destaca a import\u00e2ncia da participa\u00e7\u00e3o ao evento: \u201cFoi a forma integra\u00e7\u00e3o nacional de experi\u00eancias exitosas tanto para Minas Gerais e todos os estados, onde aprendermos com cada estado do Brasil sobre as diversidades e necessidades na sa\u00fade p\u00fablica de nosso povo. Al\u00e9m de trazer novas experi\u00eancias a serem implementadas na sa\u00fade do Munic\u00edpio de Ros\u00e1rio da Limeira\u201d.<\/p>\n<p><a href=\"https:\/\/anoticiaonline.com.br\/site\/wp-content\/uploads\/2018\/08\/Ros\u00e1rio-da-Limeira-\u00e9-destaque-no-XXXIV-Congresso-Nacional-de-Secretarias-Municipais-de-Sa\u00fade.jpg\"><img fetchpriority=\"high\" decoding=\"async\" class=\"alignnone size-full wp-image-59107\" src=\"https:\/\/anoticiaonline.com.br\/site\/wp-content\/uploads\/2018\/08\/Ros\u00e1rio-da-Limeira-\u00e9-destaque-no-XXXIV-Congresso-Nacional-de-Secretarias-Municipais-de-Sa\u00fade.jpg\" alt=\"\" width=\"800\" height=\"534\" srcset=\"https:\/\/anoticiaonline.com.br\/site\/wp-content\/uploads\/2018\/08\/Ros\u00e1rio-da-Limeira-\u00e9-destaque-no-XXXIV-Congresso-Nacional-de-Secretarias-Municipais-de-Sa\u00fade.jpg 800w, https:\/\/anoticiaonline.com.br\/site\/wp-content\/uploads\/2018\/08\/Ros\u00e1rio-da-Limeira-\u00e9-destaque-no-XXXIV-Congresso-Nacional-de-Secretarias-Municipais-de-Sa\u00fade-300x200.jpg 300w, https:\/\/anoticiaonline.com.br\/site\/wp-content\/uploads\/2018\/08\/Ros\u00e1rio-da-Limeira-\u00e9-destaque-no-XXXIV-Congresso-Nacional-de-Secretarias-Municipais-de-Sa\u00fade-768x513.jpg 768w\" sizes=\"(max-width: 800px) 100vw, 800px\" \/><\/a> <a href=\"https:\/\/anoticiaonline.com.br\/site\/wp-content\/uploads\/2018\/08\/Ros\u00e1rio-da-Limeira-\u00e9-destaque-no-XXXIV-Congresso-Nacional-de-Secretarias-Municipais-de-Sa\u00fade-2.jpg\"><img decoding=\"async\" class=\"alignnone size-full wp-image-59108\" src=\"https:\/\/anoticiaonline.com.br\/site\/wp-content\/uploads\/2018\/08\/Ros\u00e1rio-da-Limeira-\u00e9-destaque-no-XXXIV-Congresso-Nacional-de-Secretarias-Municipais-de-Sa\u00fade-2.jpg\" alt=\"\" width=\"800\" height=\"534\" srcset=\"https:\/\/anoticiaonline.com.br\/site\/wp-content\/uploads\/2018\/08\/Ros\u00e1rio-da-Limeira-\u00e9-destaque-no-XXXIV-Congresso-Nacional-de-Secretarias-Municipais-de-Sa\u00fade-2.jpg 800w, https:\/\/anoticiaonline.com.br\/site\/wp-content\/uploads\/2018\/08\/Ros\u00e1rio-da-Limeira-\u00e9-destaque-no-XXXIV-Congresso-Nacional-de-Secretarias-Municipais-de-Sa\u00fade-2-300x200.jpg 300w, https:\/\/anoticiaonline.com.br\/site\/wp-content\/uploads\/2018\/08\/Ros\u00e1rio-da-Limeira-\u00e9-destaque-no-XXXIV-Congresso-Nacional-de-Secretarias-Municipais-de-Sa\u00fade-2-768x513.jpg 768w\" sizes=\"(max-width: 800px) 100vw, 800px\" \/><\/a><\/p>\n<p>Cr\u00e9ditos: ASCOM PRL<\/p>\n","protected":false},"excerpt":{"rendered":"<p>A secret\u00e1ria municipal de Sa\u00fade, Fernanda Chemp, representou o munic\u00edpio de Ros\u00e1rio da Limeira no XXXIV Congresso Nacional de Secretarias Municipais de Sa\u00fade (CONASEMS), realizado entre os dias 25 e 27 de julho, na cidade de Bel\u00e9m, estado do Par\u00e1. O CONASEMS promoveu o encontro de gestores municipais de sa\u00fade, trabalhadores do SUS e de &#8230; <a title=\"Ros\u00e1rio da Limeira \u00e9 destaque no XXXIV Congresso Nacional de Secretarias Municipais de Sa\u00fade\" class=\"read-more\" href=\"https:\/\/anoticiaonline.com.br\/site\/rosario-da-limeira-e-destaque-no-xxxiv-congresso-nacional-de-secretarias-municipais-de-saude\/\" aria-label=\"Read more about Ros\u00e1rio da Limeira \u00e9 destaque no XXXIV Congresso Nacional de Secretarias Municipais de Sa\u00fade\">Ler mais<\/a><\/p>\n","protected":false},"author":2,"featured_media":59107,"comment_status":"open","ping_status":"open","sticky":false,"template":"","format":"standard","meta":{"_acf_changed":false,"_monsterinsights_skip_tracking":false,"footnotes":""},"categories":[6],"tags":[],"class_list":["post-59106","post","type-post","status-publish","format-standard","has-post-thumbnail","hentry","category-regiao"],"acf":[],"aioseo_notices":[],"aioseo_head":"\n\t\t<!-- All in One SEO 5.0.0.1 - aioseo.com -->\n\t<meta name=\"description\" content=\"A secret\u00e1ria municipal de Sa\u00fade, Fernanda Chemp, representou o munic\u00edpio de Ros\u00e1rio da Limeira no XXXIV Congresso Nacional de Secretarias Municipais de Sa\u00fade (CONASEMS), realizado entre os dias 25 e 27 de julho, na cidade de Bel\u00e9m, estado do Par\u00e1. O CONASEMS promoveu o encontro de gestores municipais de sa\u00fade, trabalhadores do SUS e de\" \/>\n\t<meta name=\"robots\" content=\"max-image-preview:large\" \/>\n\t<meta name=\"author\" content=\"Juliana Laviola\"\/>\n\t<link rel=\"canonical\" href=\"https:\/\/anoticiaonline.com.br\/site\/rosario-da-limeira-e-destaque-no-xxxiv-congresso-nacional-de-secretarias-municipais-de-saude\/\" \/>\n\t<meta name=\"generator\" content=\"All in One SEO (AIOSEO) 5.0.0.1\" \/>\n\t\t<meta property=\"og:locale\" content=\"pt_BR\" \/>\n\t\t<meta property=\"og:site_name\" content=\"A Not\u00edcia Online - Noticias de Muria\u00e9 e regi\u00e3o\" \/>\n\t\t<meta property=\"og:type\" content=\"article\" \/>\n\t\t<meta property=\"og:title\" content=\"Ros\u00e1rio da Limeira \u00e9 destaque no XXXIV Congresso Nacional de Secretarias Municipais de Sa\u00fade - A Not\u00edcia Online\" \/>\n\t\t<meta property=\"og:description\" content=\"A secret\u00e1ria municipal de Sa\u00fade, Fernanda Chemp, representou o munic\u00edpio de Ros\u00e1rio da Limeira no XXXIV Congresso Nacional de Secretarias Municipais de Sa\u00fade (CONASEMS), realizado entre os dias 25 e 27 de julho, na cidade de Bel\u00e9m, estado do Par\u00e1. O CONASEMS promoveu o encontro de gestores municipais de sa\u00fade, trabalhadores do SUS e de\" \/>\n\t\t<meta property=\"og:url\" content=\"https:\/\/anoticiaonline.com.br\/site\/rosario-da-limeira-e-destaque-no-xxxiv-congresso-nacional-de-secretarias-municipais-de-saude\/\" \/>\n\t\t<meta property=\"og:image\" content=\"https:\/\/scontent-gig4-1.xx.fbcdn.net\/v\/t39.30808-1\/270437624_4564083193639691_6907940295614233970_n.jpg?stp=dst-jpg_s200x200_tt6&#038;_nc_cat=111&#038;ccb=1-7&#038;_nc_sid=f907e8&#038;_nc_ohc=SM1wRlP3lJwQ7kNvwEPuBYA&#038;_nc_oc=AdnqrjDN_BNjSSHWO-GbkIWH6fkGMLw4bqvL_NH6e2wMveX7G-rP2dAqsDSq1mJMOaY&#038;_nc_zt=24&#038;_nc_ht=scontent-gig4-1.xx&#038;_nc_gid=AoBFJeGrT1hVaew_6rchkQ&#038;oh=00_AfX7QmFGhQhG2jAllVgXCiM1ZrWgvtp80-Bfppyexh1QEg&#038;oe=689E923C\" \/>\n\t\t<meta property=\"og:image:secure_url\" content=\"https:\/\/scontent-gig4-1.xx.fbcdn.net\/v\/t39.30808-1\/270437624_4564083193639691_6907940295614233970_n.jpg?stp=dst-jpg_s200x200_tt6&#038;_nc_cat=111&#038;ccb=1-7&#038;_nc_sid=f907e8&#038;_nc_ohc=SM1wRlP3lJwQ7kNvwEPuBYA&#038;_nc_oc=AdnqrjDN_BNjSSHWO-GbkIWH6fkGMLw4bqvL_NH6e2wMveX7G-rP2dAqsDSq1mJMOaY&#038;_nc_zt=24&#038;_nc_ht=scontent-gig4-1.xx&#038;_nc_gid=AoBFJeGrT1hVaew_6rchkQ&#038;oh=00_AfX7QmFGhQhG2jAllVgXCiM1ZrWgvtp80-Bfppyexh1QEg&#038;oe=689E923C\" \/>\n\t\t<meta property=\"article:published_time\" content=\"2018-08-02T21:43:09+00:00\" \/>\n\t\t<meta property=\"article:modified_time\" content=\"2018-08-02T21:43:09+00:00\" \/>\n\t\t<meta name=\"twitter:card\" content=\"summary_large_image\" \/>\n\t\t<meta name=\"twitter:title\" content=\"Ros\u00e1rio da Limeira \u00e9 destaque no XXXIV Congresso Nacional de Secretarias Municipais de Sa\u00fade - A Not\u00edcia Online\" \/>\n\t\t<meta name=\"twitter:description\" content=\"A secret\u00e1ria municipal de Sa\u00fade, Fernanda Chemp, representou o munic\u00edpio de Ros\u00e1rio da Limeira no XXXIV Congresso Nacional de Secretarias Municipais de Sa\u00fade (CONASEMS), realizado entre os dias 25 e 27 de julho, na cidade de Bel\u00e9m, estado do Par\u00e1. O CONASEMS promoveu o encontro de gestores municipais de sa\u00fade, trabalhadores do SUS e de\" \/>\n\t\t<meta name=\"twitter:image\" content=\"https:\/\/scontent-gig4-1.xx.fbcdn.net\/v\/t39.30808-1\/270437624_4564083193639691_6907940295614233970_n.jpg?stp=dst-jpg_s200x200_tt6&amp;_nc_cat=111&amp;ccb=1-7&amp;_nc_sid=f907e8&amp;_nc_ohc=SM1wRlP3lJwQ7kNvwEPuBYA&amp;_nc_oc=AdnqrjDN_BNjSSHWO-GbkIWH6fkGMLw4bqvL_NH6e2wMveX7G-rP2dAqsDSq1mJMOaY&amp;_nc_zt=24&amp;_nc_ht=scontent-gig4-1.xx&amp;_nc_gid=AoBFJeGrT1hVaew_6rchkQ&amp;oh=00_AfX7QmFGhQhG2jAllVgXCiM1ZrWgvtp80-Bfppyexh1QEg&amp;oe=689E923C\" \/>\n\t\t<script type=\"application\/ld+json\" class=\"aioseo-schema\">\n\t\t\t{\"@context\":\"https:\\\/\\\/schema.org\",\"@graph\":[{\"@type\":\"BlogPosting\",\"@id\":\"https:\\\/\\\/anoticiaonline.com.br\\\/site\\\/rosario-da-limeira-e-destaque-no-xxxiv-congresso-nacional-de-secretarias-municipais-de-saude\\\/#blogposting\",\"name\":\"Ros\\u00e1rio da Limeira \\u00e9 destaque no XXXIV Congresso Nacional de Secretarias Municipais de Sa\\u00fade - A Not\\u00edcia Online\",\"headline\":\"Ros\\u00e1rio da Limeira \\u00e9 destaque no XXXIV Congresso Nacional de Secretarias Municipais de Sa\\u00fade\",\"author\":{\"@id\":\"https:\\\/\\\/anoticiaonline.com.br\\\/site\\\/author\\\/juliana\\\/#author\"},\"publisher\":{\"@id\":\"https:\\\/\\\/anoticiaonline.com.br\\\/site\\\/#organization\"},\"image\":{\"@type\":\"ImageObject\",\"url\":\"https:\\\/\\\/anoticiaonline.com.br\\\/site\\\/wp-content\\\/uploads\\\/2018\\\/08\\\/Ros\\u00e1rio-da-Limeira-\\u00e9-destaque-no-XXXIV-Congresso-Nacional-de-Secretarias-Municipais-de-Sa\\u00fade.jpg\",\"width\":800,\"height\":534},\"datePublished\":\"2018-08-02T18:43:09-03:00\",\"dateModified\":\"2018-08-02T18:43:09-03:00\",\"inLanguage\":\"pt-BR\",\"mainEntityOfPage\":{\"@id\":\"https:\\\/\\\/anoticiaonline.com.br\\\/site\\\/rosario-da-limeira-e-destaque-no-xxxiv-congresso-nacional-de-secretarias-municipais-de-saude\\\/#webpage\"},\"isPartOf\":{\"@id\":\"https:\\\/\\\/anoticiaonline.com.br\\\/site\\\/rosario-da-limeira-e-destaque-no-xxxiv-congresso-nacional-de-secretarias-municipais-de-saude\\\/#webpage\"},\"articleSection\":\"Regi\\u00e3o\"},{\"@type\":\"BreadcrumbList\",\"@id\":\"https:\\\/\\\/anoticiaonline.com.br\\\/site\\\/rosario-da-limeira-e-destaque-no-xxxiv-congresso-nacional-de-secretarias-municipais-de-saude\\\/#breadcrumblist\",\"itemListElement\":[{\"@type\":\"ListItem\",\"@id\":\"https:\\\/\\\/anoticiaonline.com.br\\\/site#listItem\",\"position\":1,\"name\":\"Home\",\"item\":\"https:\\\/\\\/anoticiaonline.com.br\\\/site\",\"nextItem\":{\"@type\":\"ListItem\",\"@id\":\"https:\\\/\\\/anoticiaonline.com.br\\\/site\\\/categoria\\\/regiao\\\/#listItem\",\"name\":\"Regi\\u00e3o\"}},{\"@type\":\"ListItem\",\"@id\":\"https:\\\/\\\/anoticiaonline.com.br\\\/site\\\/categoria\\\/regiao\\\/#listItem\",\"position\":2,\"name\":\"Regi\\u00e3o\",\"item\":\"https:\\\/\\\/anoticiaonline.com.br\\\/site\\\/categoria\\\/regiao\\\/\",\"nextItem\":{\"@type\":\"ListItem\",\"@id\":\"https:\\\/\\\/anoticiaonline.com.br\\\/site\\\/rosario-da-limeira-e-destaque-no-xxxiv-congresso-nacional-de-secretarias-municipais-de-saude\\\/#listItem\",\"name\":\"Ros\\u00e1rio da Limeira \\u00e9 destaque no XXXIV Congresso Nacional de Secretarias Municipais de Sa\\u00fade\"},\"previousItem\":{\"@type\":\"ListItem\",\"@id\":\"https:\\\/\\\/anoticiaonline.com.br\\\/site#listItem\",\"name\":\"Home\"}},{\"@type\":\"ListItem\",\"@id\":\"https:\\\/\\\/anoticiaonline.com.br\\\/site\\\/rosario-da-limeira-e-destaque-no-xxxiv-congresso-nacional-de-secretarias-municipais-de-saude\\\/#listItem\",\"position\":3,\"name\":\"Ros\\u00e1rio da Limeira \\u00e9 destaque no XXXIV Congresso Nacional de Secretarias Municipais de Sa\\u00fade\",\"previousItem\":{\"@type\":\"ListItem\",\"@id\":\"https:\\\/\\\/anoticiaonline.com.br\\\/site\\\/categoria\\\/regiao\\\/#listItem\",\"name\":\"Regi\\u00e3o\"}}]},{\"@type\":\"Organization\",\"@id\":\"https:\\\/\\\/anoticiaonline.com.br\\\/site\\\/#organization\",\"name\":\"A Not\\u00edcia Online\",\"description\":\"Noticias de Muria\\u00e9 e regi\\u00e3o\",\"url\":\"https:\\\/\\\/anoticiaonline.com.br\\\/site\\\/\",\"logo\":{\"@type\":\"ImageObject\",\"url\":\"https:\\\/\\\/scontent-gig4-1.xx.fbcdn.net\\\/v\\\/t39.30808-1\\\/270437624_4564083193639691_6907940295614233970_n.jpg?stp=dst-jpg_s200x200_tt6&_nc_cat=111&ccb=1-7&_nc_sid=f907e8&_nc_ohc=SM1wRlP3lJwQ7kNvwEPuBYA&_nc_oc=AdnqrjDN_BNjSSHWO-GbkIWH6fkGMLw4bqvL_NH6e2wMveX7G-rP2dAqsDSq1mJMOaY&_nc_zt=24&_nc_ht=scontent-gig4-1.xx&_nc_gid=AoBFJeGrT1hVaew_6rchkQ&oh=00_AfX7QmFGhQhG2jAllVgXCiM1ZrWgvtp80-Bfppyexh1QEg&oe=689E923C\",\"@id\":\"https:\\\/\\\/anoticiaonline.com.br\\\/site\\\/rosario-da-limeira-e-destaque-no-xxxiv-congresso-nacional-de-secretarias-municipais-de-saude\\\/#organizationLogo\"},\"image\":{\"@id\":\"https:\\\/\\\/anoticiaonline.com.br\\\/site\\\/rosario-da-limeira-e-destaque-no-xxxiv-congresso-nacional-de-secretarias-municipais-de-saude\\\/#organizationLogo\"}},{\"@type\":\"Person\",\"@id\":\"https:\\\/\\\/anoticiaonline.com.br\\\/site\\\/author\\\/juliana\\\/#author\",\"url\":\"https:\\\/\\\/anoticiaonline.com.br\\\/site\\\/author\\\/juliana\\\/\",\"name\":\"Juliana Laviola\",\"image\":{\"@type\":\"ImageObject\",\"@id\":\"https:\\\/\\\/anoticiaonline.com.br\\\/site\\\/rosario-da-limeira-e-destaque-no-xxxiv-congresso-nacional-de-secretarias-municipais-de-saude\\\/#authorImage\",\"url\":\"https:\\\/\\\/secure.gravatar.com\\\/avatar\\\/b8d45f5c699b100dfaf0e543582f38f38bf94cb7ae3a5e9abf8d891a34773335?s=96&d=mm&r=g\",\"width\":96,\"height\":96,\"caption\":\"Juliana Laviola\"}},{\"@type\":\"WebPage\",\"@id\":\"https:\\\/\\\/anoticiaonline.com.br\\\/site\\\/rosario-da-limeira-e-destaque-no-xxxiv-congresso-nacional-de-secretarias-municipais-de-saude\\\/#webpage\",\"url\":\"https:\\\/\\\/anoticiaonline.com.br\\\/site\\\/rosario-da-limeira-e-destaque-no-xxxiv-congresso-nacional-de-secretarias-municipais-de-saude\\\/\",\"name\":\"Ros\\u00e1rio da Limeira \\u00e9 destaque no XXXIV Congresso Nacional de Secretarias Municipais de Sa\\u00fade - A Not\\u00edcia Online\",\"description\":\"A secret\\u00e1ria municipal de Sa\\u00fade, Fernanda Chemp, representou o munic\\u00edpio de Ros\\u00e1rio da Limeira no XXXIV Congresso Nacional de Secretarias Municipais de Sa\\u00fade (CONASEMS), realizado entre os dias 25 e 27 de julho, na cidade de Bel\\u00e9m, estado do Par\\u00e1. O CONASEMS promoveu o encontro de gestores municipais de sa\\u00fade, trabalhadores do SUS e de\",\"inLanguage\":\"pt-BR\",\"isPartOf\":{\"@id\":\"https:\\\/\\\/anoticiaonline.com.br\\\/site\\\/#website\"},\"breadcrumb\":{\"@id\":\"https:\\\/\\\/anoticiaonline.com.br\\\/site\\\/rosario-da-limeira-e-destaque-no-xxxiv-congresso-nacional-de-secretarias-municipais-de-saude\\\/#breadcrumblist\"},\"author\":{\"@id\":\"https:\\\/\\\/anoticiaonline.com.br\\\/site\\\/author\\\/juliana\\\/#author\"},\"creator\":{\"@id\":\"https:\\\/\\\/anoticiaonline.com.br\\\/site\\\/author\\\/juliana\\\/#author\"},\"image\":{\"@type\":\"ImageObject\",\"url\":\"https:\\\/\\\/anoticiaonline.com.br\\\/site\\\/wp-content\\\/uploads\\\/2018\\\/08\\\/Ros\\u00e1rio-da-Limeira-\\u00e9-destaque-no-XXXIV-Congresso-Nacional-de-Secretarias-Municipais-de-Sa\\u00fade.jpg\",\"@id\":\"https:\\\/\\\/anoticiaonline.com.br\\\/site\\\/rosario-da-limeira-e-destaque-no-xxxiv-congresso-nacional-de-secretarias-municipais-de-saude\\\/#mainImage\",\"width\":800,\"height\":534},\"primaryImageOfPage\":{\"@id\":\"https:\\\/\\\/anoticiaonline.com.br\\\/site\\\/rosario-da-limeira-e-destaque-no-xxxiv-congresso-nacional-de-secretarias-municipais-de-saude\\\/#mainImage\"},\"datePublished\":\"2018-08-02T18:43:09-03:00\",\"dateModified\":\"2018-08-02T18:43:09-03:00\"},{\"@type\":\"WebSite\",\"@id\":\"https:\\\/\\\/anoticiaonline.com.br\\\/site\\\/#website\",\"url\":\"https:\\\/\\\/anoticiaonline.com.br\\\/site\\\/\",\"name\":\"A Not\\u00edcia Online\",\"description\":\"Noticias de Muria\\u00e9 e regi\\u00e3o\",\"inLanguage\":\"pt-BR\",\"publisher\":{\"@id\":\"https:\\\/\\\/anoticiaonline.com.br\\\/site\\\/#organization\"}}]}\n\t\t<\/script>\n\t\t<!-- All in One SEO -->\n\n","aioseo_head_json":{"title":"Ros\u00e1rio da Limeira \u00e9 destaque no XXXIV Congresso Nacional de Secretarias Municipais de Sa\u00fade - A Not\u00edcia Online","description":"A secret\u00e1ria municipal de Sa\u00fade, Fernanda Chemp, representou o munic\u00edpio de Ros\u00e1rio da Limeira no XXXIV Congresso Nacional de Secretarias Municipais de Sa\u00fade (CONASEMS), realizado entre os dias 25 e 27 de julho, na cidade de Bel\u00e9m, estado do Par\u00e1. O CONASEMS promoveu o encontro de gestores municipais de sa\u00fade, trabalhadores do SUS e de","canonical_url":"https:\/\/anoticiaonline.com.br\/site\/rosario-da-limeira-e-destaque-no-xxxiv-congresso-nacional-de-secretarias-municipais-de-saude\/","robots":"max-image-preview:large","keywords":"","webmasterTools":{"miscellaneous":""},"schema":{"@context":"https:\/\/schema.org","@graph":[{"@type":"BlogPosting","@id":"https:\/\/anoticiaonline.com.br\/site\/rosario-da-limeira-e-destaque-no-xxxiv-congresso-nacional-de-secretarias-municipais-de-saude\/#blogposting","name":"Ros\u00e1rio da Limeira \u00e9 destaque no XXXIV Congresso Nacional de Secretarias Municipais de Sa\u00fade - A Not\u00edcia Online","headline":"Ros\u00e1rio da Limeira \u00e9 destaque no XXXIV Congresso Nacional de Secretarias Municipais de Sa\u00fade","author":{"@id":"https:\/\/anoticiaonline.com.br\/site\/author\/juliana\/#author"},"publisher":{"@id":"https:\/\/anoticiaonline.com.br\/site\/#organization"},"image":{"@type":"ImageObject","url":"https:\/\/anoticiaonline.com.br\/site\/wp-content\/uploads\/2018\/08\/Ros\u00e1rio-da-Limeira-\u00e9-destaque-no-XXXIV-Congresso-Nacional-de-Secretarias-Municipais-de-Sa\u00fade.jpg","width":800,"height":534},"datePublished":"2018-08-02T18:43:09-03:00","dateModified":"2018-08-02T18:43:09-03:00","inLanguage":"pt-BR","mainEntityOfPage":{"@id":"https:\/\/anoticiaonline.com.br\/site\/rosario-da-limeira-e-destaque-no-xxxiv-congresso-nacional-de-secretarias-municipais-de-saude\/#webpage"},"isPartOf":{"@id":"https:\/\/anoticiaonline.com.br\/site\/rosario-da-limeira-e-destaque-no-xxxiv-congresso-nacional-de-secretarias-municipais-de-saude\/#webpage"},"articleSection":"Regi\u00e3o"},{"@type":"BreadcrumbList","@id":"https:\/\/anoticiaonline.com.br\/site\/rosario-da-limeira-e-destaque-no-xxxiv-congresso-nacional-de-secretarias-municipais-de-saude\/#breadcrumblist","itemListElement":[{"@type":"ListItem","@id":"https:\/\/anoticiaonline.com.br\/site#listItem","position":1,"name":"Home","item":"https:\/\/anoticiaonline.com.br\/site","nextItem":{"@type":"ListItem","@id":"https:\/\/anoticiaonline.com.br\/site\/categoria\/regiao\/#listItem","name":"Regi\u00e3o"}},{"@type":"ListItem","@id":"https:\/\/anoticiaonline.com.br\/site\/categoria\/regiao\/#listItem","position":2,"name":"Regi\u00e3o","item":"https:\/\/anoticiaonline.com.br\/site\/categoria\/regiao\/","nextItem":{"@type":"ListItem","@id":"https:\/\/anoticiaonline.com.br\/site\/rosario-da-limeira-e-destaque-no-xxxiv-congresso-nacional-de-secretarias-municipais-de-saude\/#listItem","name":"Ros\u00e1rio da Limeira \u00e9 destaque no XXXIV Congresso Nacional de Secretarias Municipais de Sa\u00fade"},"previousItem":{"@type":"ListItem","@id":"https:\/\/anoticiaonline.com.br\/site#listItem","name":"Home"}},{"@type":"ListItem","@id":"https:\/\/anoticiaonline.com.br\/site\/rosario-da-limeira-e-destaque-no-xxxiv-congresso-nacional-de-secretarias-municipais-de-saude\/#listItem","position":3,"name":"Ros\u00e1rio da Limeira \u00e9 destaque no XXXIV Congresso Nacional de Secretarias Municipais de Sa\u00fade","previousItem":{"@type":"ListItem","@id":"https:\/\/anoticiaonline.com.br\/site\/categoria\/regiao\/#listItem","name":"Regi\u00e3o"}}]},{"@type":"Organization","@id":"https:\/\/anoticiaonline.com.br\/site\/#organization","name":"A Not\u00edcia Online","description":"Noticias de Muria\u00e9 e regi\u00e3o","url":"https:\/\/anoticiaonline.com.br\/site\/","logo":{"@type":"ImageObject","url":"https:\/\/scontent-gig4-1.xx.fbcdn.net\/v\/t39.30808-1\/270437624_4564083193639691_6907940295614233970_n.jpg?stp=dst-jpg_s200x200_tt6&_nc_cat=111&ccb=1-7&_nc_sid=f907e8&_nc_ohc=SM1wRlP3lJwQ7kNvwEPuBYA&_nc_oc=AdnqrjDN_BNjSSHWO-GbkIWH6fkGMLw4bqvL_NH6e2wMveX7G-rP2dAqsDSq1mJMOaY&_nc_zt=24&_nc_ht=scontent-gig4-1.xx&_nc_gid=AoBFJeGrT1hVaew_6rchkQ&oh=00_AfX7QmFGhQhG2jAllVgXCiM1ZrWgvtp80-Bfppyexh1QEg&oe=689E923C","@id":"https:\/\/anoticiaonline.com.br\/site\/rosario-da-limeira-e-destaque-no-xxxiv-congresso-nacional-de-secretarias-municipais-de-saude\/#organizationLogo"},"image":{"@id":"https:\/\/anoticiaonline.com.br\/site\/rosario-da-limeira-e-destaque-no-xxxiv-congresso-nacional-de-secretarias-municipais-de-saude\/#organizationLogo"}},{"@type":"Person","@id":"https:\/\/anoticiaonline.com.br\/site\/author\/juliana\/#author","url":"https:\/\/anoticiaonline.com.br\/site\/author\/juliana\/","name":"Juliana Laviola","image":{"@type":"ImageObject","@id":"https:\/\/anoticiaonline.com.br\/site\/rosario-da-limeira-e-destaque-no-xxxiv-congresso-nacional-de-secretarias-municipais-de-saude\/#authorImage","url":"https:\/\/secure.gravatar.com\/avatar\/b8d45f5c699b100dfaf0e543582f38f38bf94cb7ae3a5e9abf8d891a34773335?s=96&d=mm&r=g","width":96,"height":96,"caption":"Juliana Laviola"}},{"@type":"WebPage","@id":"https:\/\/anoticiaonline.com.br\/site\/rosario-da-limeira-e-destaque-no-xxxiv-congresso-nacional-de-secretarias-municipais-de-saude\/#webpage","url":"https:\/\/anoticiaonline.com.br\/site\/rosario-da-limeira-e-destaque-no-xxxiv-congresso-nacional-de-secretarias-municipais-de-saude\/","name":"Ros\u00e1rio da Limeira \u00e9 destaque no XXXIV Congresso Nacional de Secretarias Municipais de Sa\u00fade - A Not\u00edcia Online","description":"A secret\u00e1ria municipal de Sa\u00fade, Fernanda Chemp, representou o munic\u00edpio de Ros\u00e1rio da Limeira no XXXIV Congresso Nacional de Secretarias Municipais de Sa\u00fade (CONASEMS), realizado entre os dias 25 e 27 de julho, na cidade de Bel\u00e9m, estado do Par\u00e1. O CONASEMS promoveu o encontro de gestores municipais de sa\u00fade, trabalhadores do SUS e de","inLanguage":"pt-BR","isPartOf":{"@id":"https:\/\/anoticiaonline.com.br\/site\/#website"},"breadcrumb":{"@id":"https:\/\/anoticiaonline.com.br\/site\/rosario-da-limeira-e-destaque-no-xxxiv-congresso-nacional-de-secretarias-municipais-de-saude\/#breadcrumblist"},"author":{"@id":"https:\/\/anoticiaonline.com.br\/site\/author\/juliana\/#author"},"creator":{"@id":"https:\/\/anoticiaonline.com.br\/site\/author\/juliana\/#author"},"image":{"@type":"ImageObject","url":"https:\/\/anoticiaonline.com.br\/site\/wp-content\/uploads\/2018\/08\/Ros\u00e1rio-da-Limeira-\u00e9-destaque-no-XXXIV-Congresso-Nacional-de-Secretarias-Municipais-de-Sa\u00fade.jpg","@id":"https:\/\/anoticiaonline.com.br\/site\/rosario-da-limeira-e-destaque-no-xxxiv-congresso-nacional-de-secretarias-municipais-de-saude\/#mainImage","width":800,"height":534},"primaryImageOfPage":{"@id":"https:\/\/anoticiaonline.com.br\/site\/rosario-da-limeira-e-destaque-no-xxxiv-congresso-nacional-de-secretarias-municipais-de-saude\/#mainImage"},"datePublished":"2018-08-02T18:43:09-03:00","dateModified":"2018-08-02T18:43:09-03:00"},{"@type":"WebSite","@id":"https:\/\/anoticiaonline.com.br\/site\/#website","url":"https:\/\/anoticiaonline.com.br\/site\/","name":"A Not\u00edcia Online","description":"Noticias de Muria\u00e9 e regi\u00e3o","inLanguage":"pt-BR","publisher":{"@id":"https:\/\/anoticiaonline.com.br\/site\/#organization"}}]},"og:locale":"pt_BR","og:site_name":"A Not\u00edcia Online - Noticias de Muria\u00e9 e regi\u00e3o","og:type":"article","og:title":"Ros\u00e1rio da Limeira \u00e9 destaque no XXXIV Congresso Nacional de Secretarias Municipais de Sa\u00fade - A Not\u00edcia Online","og:description":"A secret\u00e1ria municipal de Sa\u00fade, Fernanda Chemp, representou o munic\u00edpio de Ros\u00e1rio da Limeira no XXXIV Congresso Nacional de Secretarias Municipais de Sa\u00fade (CONASEMS), realizado entre os dias 25 e 27 de julho, na cidade de Bel\u00e9m, estado do Par\u00e1. O CONASEMS promoveu o encontro de gestores municipais de sa\u00fade, trabalhadores do SUS e de","og:url":"https:\/\/anoticiaonline.com.br\/site\/rosario-da-limeira-e-destaque-no-xxxiv-congresso-nacional-de-secretarias-municipais-de-saude\/","og:image":"https:\/\/scontent-gig4-1.xx.fbcdn.net\/v\/t39.30808-1\/270437624_4564083193639691_6907940295614233970_n.jpg?stp=dst-jpg_s200x200_tt6&#038;_nc_cat=111&#038;ccb=1-7&#038;_nc_sid=f907e8&#038;_nc_ohc=SM1wRlP3lJwQ7kNvwEPuBYA&#038;_nc_oc=AdnqrjDN_BNjSSHWO-GbkIWH6fkGMLw4bqvL_NH6e2wMveX7G-rP2dAqsDSq1mJMOaY&#038;_nc_zt=24&#038;_nc_ht=scontent-gig4-1.xx&#038;_nc_gid=AoBFJeGrT1hVaew_6rchkQ&#038;oh=00_AfX7QmFGhQhG2jAllVgXCiM1ZrWgvtp80-Bfppyexh1QEg&#038;oe=689E923C","og:image:secure_url":"https:\/\/scontent-gig4-1.xx.fbcdn.net\/v\/t39.30808-1\/270437624_4564083193639691_6907940295614233970_n.jpg?stp=dst-jpg_s200x200_tt6&#038;_nc_cat=111&#038;ccb=1-7&#038;_nc_sid=f907e8&#038;_nc_ohc=SM1wRlP3lJwQ7kNvwEPuBYA&#038;_nc_oc=AdnqrjDN_BNjSSHWO-GbkIWH6fkGMLw4bqvL_NH6e2wMveX7G-rP2dAqsDSq1mJMOaY&#038;_nc_zt=24&#038;_nc_ht=scontent-gig4-1.xx&#038;_nc_gid=AoBFJeGrT1hVaew_6rchkQ&#038;oh=00_AfX7QmFGhQhG2jAllVgXCiM1ZrWgvtp80-Bfppyexh1QEg&#038;oe=689E923C","article:published_time":"2018-08-02T21:43:09+00:00","article:modified_time":"2018-08-02T21:43:09+00:00","twitter:card":"summary_large_image","twitter:title":"Ros\u00e1rio da Limeira \u00e9 destaque no XXXIV Congresso Nacional de Secretarias Municipais de Sa\u00fade - A Not\u00edcia Online","twitter:description":"A secret\u00e1ria municipal de Sa\u00fade, Fernanda Chemp, representou o munic\u00edpio de Ros\u00e1rio da Limeira no XXXIV Congresso Nacional de Secretarias Municipais de Sa\u00fade (CONASEMS), realizado entre os dias 25 e 27 de julho, na cidade de Bel\u00e9m, estado do Par\u00e1. O CONASEMS promoveu o encontro de gestores municipais de sa\u00fade, trabalhadores do SUS e de","twitter:image":"https:\/\/scontent-gig4-1.xx.fbcdn.net\/v\/t39.30808-1\/270437624_4564083193639691_6907940295614233970_n.jpg?stp=dst-jpg_s200x200_tt6&_nc_cat=111&ccb=1-7&_nc_sid=f907e8&_nc_ohc=SM1wRlP3lJwQ7kNvwEPuBYA&_nc_oc=AdnqrjDN_BNjSSHWO-GbkIWH6fkGMLw4bqvL_NH6e2wMveX7G-rP2dAqsDSq1mJMOaY&_nc_zt=24&_nc_ht=scontent-gig4-1.xx&_nc_gid=AoBFJeGrT1hVaew_6rchkQ&oh=00_AfX7QmFGhQhG2jAllVgXCiM1ZrWgvtp80-Bfppyexh1QEg&oe=689E923C"},"aioseo_meta_data":{"post_id":"59106","title":null,"description":null,"keywords":null,"keyphrases":null,"primary_term":null,"canonical_url":null,"og_title":null,"og_description":null,"og_object_type":"default","og_image_type":"default","og_image_url":null,"og_image_width":null,"og_image_height":null,"og_image_custom_url":null,"og_image_custom_fields":null,"og_video":null,"og_custom_url":null,"og_article_section":null,"og_article_tags":null,"twitter_use_og":false,"twitter_card":"default","twitter_image_type":"default","twitter_image_url":null,"twitter_image_custom_url":null,"twitter_image_custom_fields":null,"twitter_title":null,"twitter_description":null,"schema":{"blockGraphs":[],"customGraphs":[],"default":{"data":{"Article":[],"Course":[],"Dataset":[],"FAQPage":[],"Movie":[],"Person":[],"Product":[],"ProductReview":[],"Car":[],"Recipe":[],"Service":[],"SoftwareApplication":[],"WebPage":[]},"graphName":"","isEnabled":true},"graphs":[]},"schema_type":"default","schema_type_options":null,"pillar_content":false,"robots_default":true,"robots_noindex":false,"robots_noarchive":false,"robots_nosnippet":false,"robots_nofollow":false,"robots_noimageindex":false,"robots_noodp":false,"robots_notranslate":false,"robots_max_snippet":null,"robots_max_videopreview":null,"robots_max_imagepreview":"large","priority":null,"frequency":null,"local_seo":null,"breadcrumb_settings":null,"limit_modified_date":false,"ai":null,"created":"2025-08-16 21:19:25","updated":"2025-08-16 21:19:25","focus_keyword":null,"additional_keywords":null,"truseo_locale":null,"seo_analyzer_scan_date":null},"aioseo_breadcrumb":"<div class=\"aioseo-breadcrumbs\"><span class=\"aioseo-breadcrumb\">\n\t\t\t<a href=\"https:\/\/anoticiaonline.com.br\/site\" title=\"Home\">Home<\/a>\n\t\t<\/span><span class=\"aioseo-breadcrumb-separator\">&raquo;<\/span><span class=\"aioseo-breadcrumb\">\n\t\t\t<a href=\"https:\/\/anoticiaonline.com.br\/site\/categoria\/regiao\/\" title=\"Regi\u00e3o\">Regi\u00e3o<\/a>\n\t\t<\/span><span class=\"aioseo-breadcrumb-separator\">&raquo;<\/span><span class=\"aioseo-breadcrumb\">\n\t\t\tRos\u00e1rio da Limeira \u00e9 destaque no XXXIV Congresso Nacional de Secretarias Municipais de Sa\u00fade\n\t\t<\/span><\/div>","aioseo_breadcrumb_json":[{"label":"Home","link":"https:\/\/anoticiaonline.com.br\/site"},{"label":"Regi\u00e3o","link":"https:\/\/anoticiaonline.com.br\/site\/categoria\/regiao\/"},{"label":"Ros\u00e1rio da Limeira \u00e9 destaque no XXXIV Congresso Nacional de Secretarias Municipais de Sa\u00fade","link":"https:\/\/anoticiaonline.com.br\/site\/rosario-da-limeira-e-destaque-no-xxxiv-congresso-nacional-de-secretarias-municipais-de-saude\/"}],"views":179,"_links":{"self":[{"href":"https:\/\/anoticiaonline.com.br\/site\/wp-json\/wp\/v2\/posts\/59106","targetHints":{"allow":["GET"]}}],"collection":[{"href":"https:\/\/anoticiaonline.com.br\/site\/wp-json\/wp\/v2\/posts"}],"about":[{"href":"https:\/\/anoticiaonline.com.br\/site\/wp-json\/wp\/v2\/types\/post"}],"author":[{"embeddable":true,"href":"https:\/\/anoticiaonline.com.br\/site\/wp-json\/wp\/v2\/users\/2"}],"replies":[{"embeddable":true,"href":"https:\/\/anoticiaonline.com.br\/site\/wp-json\/wp\/v2\/comments?post=59106"}],"version-history":[{"count":0,"href":"https:\/\/anoticiaonline.com.br\/site\/wp-json\/wp\/v2\/posts\/59106\/revisions"}],"wp:featuredmedia":[{"embeddable":true,"href":"https:\/\/anoticiaonline.com.br\/site\/wp-json\/wp\/v2\/media\/59107"}],"wp:attachment":[{"href":"https:\/\/anoticiaonline.com.br\/site\/wp-json\/wp\/v2\/media?parent=59106"}],"wp:term":[{"taxonomy":"category","embeddable":true,"href":"https:\/\/anoticiaonline.com.br\/site\/wp-json\/wp\/v2\/categories?post=59106"},{"taxonomy":"post_tag","embeddable":true,"href":"https:\/\/anoticiaonline.com.br\/site\/wp-json\/wp\/v2\/tags?post=59106"}],"curies":[{"name":"wp","href":"https:\/\/api.w.org\/{rel}","templated":true}]}}