{"id":59043,"date":"2018-08-01T18:05:38","date_gmt":"2018-08-01T21:05:38","guid":{"rendered":"http:\/\/anoticiaonline.com.br\/site\/?p=59043"},"modified":"2018-08-01T18:14:06","modified_gmt":"2018-08-01T21:14:06","slug":"confeccao-beleza-rara-e-patrona-da-tradicional-festa-de-sao-cristovao","status":"publish","type":"post","link":"https:\/\/anoticiaonline.com.br\/site\/confeccao-beleza-rara-e-patrona-da-tradicional-festa-de-sao-cristovao\/","title":{"rendered":"Confec\u00e7\u00e3o Beleza Rara \u00e9 patrona da tradicional Festa de S\u00e3o Crist\u00f3v\u00e3o"},"content":{"rendered":"<p><a href=\"https:\/\/anoticiaonline.com.br\/site\/wp-content\/uploads\/2018\/08\/DSC_1325.jpg\"><img fetchpriority=\"high\" decoding=\"async\" class=\"aligncenter size-full wp-image-59044\" src=\"https:\/\/anoticiaonline.com.br\/site\/wp-content\/uploads\/2018\/08\/DSC_1325.jpg\" alt=\"\" width=\"640\" height=\"424\" srcset=\"https:\/\/anoticiaonline.com.br\/site\/wp-content\/uploads\/2018\/08\/DSC_1325.jpg 640w, https:\/\/anoticiaonline.com.br\/site\/wp-content\/uploads\/2018\/08\/DSC_1325-300x199.jpg 300w\" sizes=\"(max-width: 640px) 100vw, 640px\" \/><\/a>Milhares de fi\u00e9is participaram da Festa de S\u00e3o Crist\u00f3v\u00e3o, promovida pela Par\u00f3quia Nossa Senhora Aparecida, localizada no Porto. Considerado padroeiro dos motoristas, viajantes e peregrinos, o santo, martirizado no s\u00e9culo III, tem seu dia comemorado em 25 de julho.<\/p>\n<p>Os festejos tiveram in\u00edcio no dia 27, com missas e vendas de comidas e bebidas, e se encerraram no domingo (29), com a tradicional carreata onde foram aben\u00e7oados centenas de ve\u00edculos e de seus condutores.<\/p>\n<p>Este ano a empresa escolhida para ser a patrona da festa foi a confec\u00e7\u00e3o Beleza Rara, do empres\u00e1rio Carlos Magno. \u00a0O empres\u00e1rio, que esteve presente na carreata falou sobre a honra de patrocinar o evento.<\/p>\n<p><a href=\"https:\/\/anoticiaonline.com.br\/site\/wp-content\/uploads\/2018\/08\/DSC_0300.jpg\"><img decoding=\"async\" class=\"aligncenter size-full wp-image-59045\" src=\"https:\/\/anoticiaonline.com.br\/site\/wp-content\/uploads\/2018\/08\/DSC_0300.jpg\" alt=\"\" width=\"640\" height=\"427\" srcset=\"https:\/\/anoticiaonline.com.br\/site\/wp-content\/uploads\/2018\/08\/DSC_0300.jpg 640w, https:\/\/anoticiaonline.com.br\/site\/wp-content\/uploads\/2018\/08\/DSC_0300-300x200.jpg 300w\" sizes=\"(max-width: 640px) 100vw, 640px\" \/><\/a>\u201cAceitei este desafio, que gra\u00e7as a Deus, s\u00f3 foi poss\u00edvel ser alcan\u00e7ado devido \u00e0 parceria com empresas e \u00e0 colabora\u00e7\u00e3o de amigos. Fiquei muito feliz em ter abra\u00e7ado esta causa e atendido um chamado de Deus. Desde pequeno, sempre quis participar da Carreata de S\u00e3o Crist\u00f3v\u00e3o. Foi uma honra ter sido o patrono da festa e ter conduzido a imagem do santo neste dia\u201d, conta o empres\u00e1rio, que percorreu a cidade com o \u201cLivro de Ouro\u201d da Par\u00f3quia obtendo doa\u00e7\u00f5es feitas por colegas empres\u00e1rios.<\/p>\n<p>Na oportunidade, o Carlos Magno recebeu das m\u00e3os do p\u00e1roco Carlos Henrique Mariosa uma imagem do santo. Segundo o padre, as doa\u00e7\u00f5es recolhidas por Carlos Magno ser\u00e3o destinadas \u00e0s obras do Centro Pastoral Catequ\u00e9tico. \u201cAproveito a oportunidade para agradecer ao empres\u00e1rio e todos os seus amigos que doaram para continuarmos nossa caminhada com Jesus. Que Deus aben\u00e7oe o trabalho e a fam\u00edlia de cada um\u201d, diz.<\/p>\n<p><a href=\"https:\/\/anoticiaonline.com.br\/site\/wp-content\/uploads\/2018\/08\/DSC_0304-2.jpg\"><img decoding=\"async\" class=\"aligncenter size-full wp-image-59046\" src=\"https:\/\/anoticiaonline.com.br\/site\/wp-content\/uploads\/2018\/08\/DSC_0304-2.jpg\" alt=\"\" width=\"640\" height=\"428\" srcset=\"https:\/\/anoticiaonline.com.br\/site\/wp-content\/uploads\/2018\/08\/DSC_0304-2.jpg 640w, https:\/\/anoticiaonline.com.br\/site\/wp-content\/uploads\/2018\/08\/DSC_0304-2-300x201.jpg 300w\" sizes=\"(max-width: 640px) 100vw, 640px\" \/><\/a> <a href=\"https:\/\/anoticiaonline.com.br\/site\/wp-content\/uploads\/2018\/08\/DSC_0306.jpg\"><img loading=\"lazy\" decoding=\"async\" class=\"aligncenter size-full wp-image-59047\" src=\"https:\/\/anoticiaonline.com.br\/site\/wp-content\/uploads\/2018\/08\/DSC_0306.jpg\" alt=\"\" width=\"640\" height=\"427\" srcset=\"https:\/\/anoticiaonline.com.br\/site\/wp-content\/uploads\/2018\/08\/DSC_0306.jpg 640w, https:\/\/anoticiaonline.com.br\/site\/wp-content\/uploads\/2018\/08\/DSC_0306-300x200.jpg 300w\" sizes=\"(max-width: 640px) 100vw, 640px\" \/><\/a> <a href=\"https:\/\/anoticiaonline.com.br\/site\/wp-content\/uploads\/2018\/08\/IMG_7914.jpg\"><img loading=\"lazy\" decoding=\"async\" class=\"aligncenter size-full wp-image-59048\" src=\"https:\/\/anoticiaonline.com.br\/site\/wp-content\/uploads\/2018\/08\/IMG_7914.jpg\" alt=\"\" width=\"640\" height=\"480\" srcset=\"https:\/\/anoticiaonline.com.br\/site\/wp-content\/uploads\/2018\/08\/IMG_7914.jpg 640w, https:\/\/anoticiaonline.com.br\/site\/wp-content\/uploads\/2018\/08\/IMG_7914-300x225.jpg 300w\" sizes=\"(max-width: 640px) 100vw, 640px\" \/><\/a><a href=\"https:\/\/anoticiaonline.com.br\/site\/wp-content\/uploads\/2018\/08\/DSC_1233.jpg\"><img loading=\"lazy\" decoding=\"async\" class=\"aligncenter size-full wp-image-59049\" src=\"https:\/\/anoticiaonline.com.br\/site\/wp-content\/uploads\/2018\/08\/DSC_1233.jpg\" alt=\"\" width=\"424\" height=\"640\" srcset=\"https:\/\/anoticiaonline.com.br\/site\/wp-content\/uploads\/2018\/08\/DSC_1233.jpg 424w, https:\/\/anoticiaonline.com.br\/site\/wp-content\/uploads\/2018\/08\/DSC_1233-199x300.jpg 199w\" sizes=\"(max-width: 424px) 100vw, 424px\" \/><\/a><a href=\"https:\/\/anoticiaonline.com.br\/site\/wp-content\/uploads\/2018\/08\/IMG_8303.jpg\"><img loading=\"lazy\" decoding=\"async\" class=\"aligncenter size-full wp-image-59062\" src=\"https:\/\/anoticiaonline.com.br\/site\/wp-content\/uploads\/2018\/08\/IMG_8303.jpg\" alt=\"\" width=\"640\" height=\"480\" srcset=\"https:\/\/anoticiaonline.com.br\/site\/wp-content\/uploads\/2018\/08\/IMG_8303.jpg 640w, https:\/\/anoticiaonline.com.br\/site\/wp-content\/uploads\/2018\/08\/IMG_8303-300x225.jpg 300w\" sizes=\"(max-width: 640px) 100vw, 640px\" \/><\/a><a href=\"https:\/\/anoticiaonline.com.br\/site\/wp-content\/uploads\/2018\/08\/DSC_1308.jpg\"><img loading=\"lazy\" decoding=\"async\" class=\"aligncenter size-full wp-image-59050\" src=\"https:\/\/anoticiaonline.com.br\/site\/wp-content\/uploads\/2018\/08\/DSC_1308.jpg\" alt=\"\" width=\"640\" height=\"424\" srcset=\"https:\/\/anoticiaonline.com.br\/site\/wp-content\/uploads\/2018\/08\/DSC_1308.jpg 640w, https:\/\/anoticiaonline.com.br\/site\/wp-content\/uploads\/2018\/08\/DSC_1308-300x199.jpg 300w\" sizes=\"(max-width: 640px) 100vw, 640px\" \/><\/a><a href=\"https:\/\/anoticiaonline.com.br\/site\/wp-content\/uploads\/2018\/08\/filho.jpeg\"><img loading=\"lazy\" decoding=\"async\" class=\"aligncenter size-full wp-image-59051\" src=\"https:\/\/anoticiaonline.com.br\/site\/wp-content\/uploads\/2018\/08\/filho.jpeg\" alt=\"\" width=\"311\" height=\"640\" srcset=\"https:\/\/anoticiaonline.com.br\/site\/wp-content\/uploads\/2018\/08\/filho.jpeg 311w, https:\/\/anoticiaonline.com.br\/site\/wp-content\/uploads\/2018\/08\/filho-146x300.jpeg 146w\" sizes=\"(max-width: 311px) 100vw, 311px\" \/><\/a><a href=\"https:\/\/anoticiaonline.com.br\/site\/wp-content\/uploads\/2018\/08\/IMG_8309.jpg\"><img loading=\"lazy\" decoding=\"async\" class=\"aligncenter size-full wp-image-59052\" src=\"https:\/\/anoticiaonline.com.br\/site\/wp-content\/uploads\/2018\/08\/IMG_8309.jpg\" alt=\"\" width=\"640\" height=\"480\" srcset=\"https:\/\/anoticiaonline.com.br\/site\/wp-content\/uploads\/2018\/08\/IMG_8309.jpg 640w, https:\/\/anoticiaonline.com.br\/site\/wp-content\/uploads\/2018\/08\/IMG_8309-300x225.jpg 300w\" sizes=\"(max-width: 640px) 100vw, 640px\" \/><\/a><a href=\"https:\/\/anoticiaonline.com.br\/site\/wp-content\/uploads\/2018\/08\/IMG_8310.jpg\"><img loading=\"lazy\" decoding=\"async\" class=\"aligncenter size-full wp-image-59053\" src=\"https:\/\/anoticiaonline.com.br\/site\/wp-content\/uploads\/2018\/08\/IMG_8310.jpg\" alt=\"\" width=\"640\" height=\"480\" srcset=\"https:\/\/anoticiaonline.com.br\/site\/wp-content\/uploads\/2018\/08\/IMG_8310.jpg 640w, https:\/\/anoticiaonline.com.br\/site\/wp-content\/uploads\/2018\/08\/IMG_8310-300x225.jpg 300w\" sizes=\"(max-width: 640px) 100vw, 640px\" \/><\/a><a href=\"https:\/\/anoticiaonline.com.br\/site\/wp-content\/uploads\/2018\/08\/IMG_8328.jpg\"><img loading=\"lazy\" decoding=\"async\" class=\"aligncenter size-full wp-image-59054\" src=\"https:\/\/anoticiaonline.com.br\/site\/wp-content\/uploads\/2018\/08\/IMG_8328.jpg\" alt=\"\" width=\"640\" height=\"480\" srcset=\"https:\/\/anoticiaonline.com.br\/site\/wp-content\/uploads\/2018\/08\/IMG_8328.jpg 640w, https:\/\/anoticiaonline.com.br\/site\/wp-content\/uploads\/2018\/08\/IMG_8328-300x225.jpg 300w\" sizes=\"(max-width: 640px) 100vw, 640px\" \/><\/a><a href=\"https:\/\/anoticiaonline.com.br\/site\/wp-content\/uploads\/2018\/08\/DSC_0304.jpg\"><img loading=\"lazy\" decoding=\"async\" class=\"aligncenter size-full wp-image-59055\" src=\"https:\/\/anoticiaonline.com.br\/site\/wp-content\/uploads\/2018\/08\/DSC_0304.jpg\" alt=\"\" width=\"640\" height=\"427\" srcset=\"https:\/\/anoticiaonline.com.br\/site\/wp-content\/uploads\/2018\/08\/DSC_0304.jpg 640w, https:\/\/anoticiaonline.com.br\/site\/wp-content\/uploads\/2018\/08\/DSC_0304-300x200.jpg 300w\" sizes=\"(max-width: 640px) 100vw, 640px\" \/><\/a><a href=\"https:\/\/anoticiaonline.com.br\/site\/wp-content\/uploads\/2018\/08\/DSC_0310.jpg\"><img loading=\"lazy\" decoding=\"async\" class=\"aligncenter size-full wp-image-59056\" src=\"https:\/\/anoticiaonline.com.br\/site\/wp-content\/uploads\/2018\/08\/DSC_0310.jpg\" alt=\"\" width=\"427\" height=\"640\" srcset=\"https:\/\/anoticiaonline.com.br\/site\/wp-content\/uploads\/2018\/08\/DSC_0310.jpg 427w, https:\/\/anoticiaonline.com.br\/site\/wp-content\/uploads\/2018\/08\/DSC_0310-200x300.jpg 200w\" sizes=\"(max-width: 427px) 100vw, 427px\" \/><\/a><a href=\"https:\/\/anoticiaonline.com.br\/site\/wp-content\/uploads\/2018\/08\/DSC_0314.jpg\"><img loading=\"lazy\" decoding=\"async\" class=\"aligncenter size-full wp-image-59057\" src=\"https:\/\/anoticiaonline.com.br\/site\/wp-content\/uploads\/2018\/08\/DSC_0314.jpg\" alt=\"\" width=\"427\" height=\"640\" srcset=\"https:\/\/anoticiaonline.com.br\/site\/wp-content\/uploads\/2018\/08\/DSC_0314.jpg 427w, https:\/\/anoticiaonline.com.br\/site\/wp-content\/uploads\/2018\/08\/DSC_0314-200x300.jpg 200w\" sizes=\"(max-width: 427px) 100vw, 427px\" \/><\/a><a href=\"https:\/\/anoticiaonline.com.br\/site\/wp-content\/uploads\/2018\/08\/DSC_0319.jpg\"><img loading=\"lazy\" decoding=\"async\" class=\"aligncenter size-full wp-image-59058\" src=\"https:\/\/anoticiaonline.com.br\/site\/wp-content\/uploads\/2018\/08\/DSC_0319.jpg\" alt=\"\" width=\"427\" height=\"640\" srcset=\"https:\/\/anoticiaonline.com.br\/site\/wp-content\/uploads\/2018\/08\/DSC_0319.jpg 427w, https:\/\/anoticiaonline.com.br\/site\/wp-content\/uploads\/2018\/08\/DSC_0319-200x300.jpg 200w\" sizes=\"(max-width: 427px) 100vw, 427px\" \/><\/a><a href=\"https:\/\/anoticiaonline.com.br\/site\/wp-content\/uploads\/2018\/08\/DSC_0358.jpg\"><img loading=\"lazy\" decoding=\"async\" class=\"aligncenter size-full wp-image-59059\" src=\"https:\/\/anoticiaonline.com.br\/site\/wp-content\/uploads\/2018\/08\/DSC_0358.jpg\" alt=\"\" width=\"640\" height=\"427\" srcset=\"https:\/\/anoticiaonline.com.br\/site\/wp-content\/uploads\/2018\/08\/DSC_0358.jpg 640w, https:\/\/anoticiaonline.com.br\/site\/wp-content\/uploads\/2018\/08\/DSC_0358-300x200.jpg 300w\" sizes=\"(max-width: 640px) 100vw, 640px\" \/><\/a><a href=\"https:\/\/anoticiaonline.com.br\/site\/wp-content\/uploads\/2018\/08\/DSC_0371.jpg\"><img loading=\"lazy\" decoding=\"async\" class=\"aligncenter size-full wp-image-59060\" src=\"https:\/\/anoticiaonline.com.br\/site\/wp-content\/uploads\/2018\/08\/DSC_0371.jpg\" alt=\"\" width=\"640\" height=\"427\" srcset=\"https:\/\/anoticiaonline.com.br\/site\/wp-content\/uploads\/2018\/08\/DSC_0371.jpg 640w, https:\/\/anoticiaonline.com.br\/site\/wp-content\/uploads\/2018\/08\/DSC_0371-300x200.jpg 300w\" sizes=\"(max-width: 640px) 100vw, 640px\" \/><\/a><a href=\"https:\/\/anoticiaonline.com.br\/site\/wp-content\/uploads\/2018\/08\/DSC_0620.jpg\"><img loading=\"lazy\" decoding=\"async\" class=\"aligncenter size-full wp-image-59061\" src=\"https:\/\/anoticiaonline.com.br\/site\/wp-content\/uploads\/2018\/08\/DSC_0620.jpg\" alt=\"\" width=\"640\" height=\"427\" srcset=\"https:\/\/anoticiaonline.com.br\/site\/wp-content\/uploads\/2018\/08\/DSC_0620.jpg 640w, https:\/\/anoticiaonline.com.br\/site\/wp-content\/uploads\/2018\/08\/DSC_0620-300x200.jpg 300w\" sizes=\"(max-width: 640px) 100vw, 640px\" \/><\/a><a href=\"https:\/\/anoticiaonline.com.br\/site\/wp-content\/uploads\/2018\/08\/IMG_8342.jpg\"><img loading=\"lazy\" decoding=\"async\" class=\"aligncenter size-full wp-image-59063\" src=\"https:\/\/anoticiaonline.com.br\/site\/wp-content\/uploads\/2018\/08\/IMG_8342.jpg\" alt=\"\" width=\"480\" height=\"640\" srcset=\"https:\/\/anoticiaonline.com.br\/site\/wp-content\/uploads\/2018\/08\/IMG_8342.jpg 480w, https:\/\/anoticiaonline.com.br\/site\/wp-content\/uploads\/2018\/08\/IMG_8342-225x300.jpg 225w\" sizes=\"(max-width: 480px) 100vw, 480px\" \/><\/a><a href=\"https:\/\/anoticiaonline.com.br\/site\/wp-content\/uploads\/2018\/08\/IMG_8352.jpg\"><img loading=\"lazy\" decoding=\"async\" class=\"aligncenter size-full wp-image-59064\" src=\"https:\/\/anoticiaonline.com.br\/site\/wp-content\/uploads\/2018\/08\/IMG_8352.jpg\" alt=\"\" width=\"640\" height=\"480\" srcset=\"https:\/\/anoticiaonline.com.br\/site\/wp-content\/uploads\/2018\/08\/IMG_8352.jpg 640w, https:\/\/anoticiaonline.com.br\/site\/wp-content\/uploads\/2018\/08\/IMG_8352-300x225.jpg 300w\" sizes=\"(max-width: 640px) 100vw, 640px\" \/><\/a><\/p>\n","protected":false},"excerpt":{"rendered":"<p>Milhares de fi\u00e9is participaram da Festa de S\u00e3o Crist\u00f3v\u00e3o, promovida pela Par\u00f3quia Nossa Senhora Aparecida, localizada no Porto. Considerado padroeiro dos motoristas, viajantes e peregrinos, o santo, martirizado no s\u00e9culo III, tem seu dia comemorado em 25 de julho. Os festejos tiveram in\u00edcio no dia 27, com missas e vendas de comidas e bebidas, e &#8230; <a title=\"Confec\u00e7\u00e3o Beleza Rara \u00e9 patrona da tradicional Festa de S\u00e3o Crist\u00f3v\u00e3o\" class=\"read-more\" href=\"https:\/\/anoticiaonline.com.br\/site\/confeccao-beleza-rara-e-patrona-da-tradicional-festa-de-sao-cristovao\/\" aria-label=\"Read more about Confec\u00e7\u00e3o Beleza Rara \u00e9 patrona da tradicional Festa de S\u00e3o Crist\u00f3v\u00e3o\">Ler mais<\/a><\/p>\n","protected":false},"author":7,"featured_media":59044,"comment_status":"open","ping_status":"open","sticky":false,"template":"","format":"standard","meta":{"_acf_changed":false,"_monsterinsights_skip_tracking":false,"footnotes":""},"categories":[30,24],"tags":[2889,743,746],"class_list":["post-59043","post","type-post","status-publish","format-standard","has-post-thumbnail","hentry","category-muriae","category-eventos","tag-beleza-rara","tag-festa-de-sao-cristovao","tag-paroquia-nossa-senhora-aparecida"],"acf":[],"aioseo_notices":[],"aioseo_head":"\n\t\t<!-- All in One SEO 5.0.0.1 - aioseo.com -->\n\t<meta name=\"description\" content=\"Milhares de fi\u00e9is participaram da Festa de S\u00e3o Crist\u00f3v\u00e3o, promovida pela Par\u00f3quia Nossa Senhora Aparecida, localizada no Porto. Considerado padroeiro dos motoristas, viajantes e peregrinos, o santo, martirizado no s\u00e9culo III, tem seu dia comemorado em 25 de julho. Os festejos tiveram in\u00edcio no dia 27, com missas e vendas de comidas e bebidas, e\" \/>\n\t<meta name=\"robots\" content=\"max-image-preview:large\" \/>\n\t<meta name=\"author\" content=\"Leandro Bebiano\"\/>\n\t<link rel=\"canonical\" href=\"https:\/\/anoticiaonline.com.br\/site\/confeccao-beleza-rara-e-patrona-da-tradicional-festa-de-sao-cristovao\/\" \/>\n\t<meta name=\"generator\" content=\"All in One SEO (AIOSEO) 5.0.0.1\" \/>\n\t\t<meta property=\"og:locale\" content=\"pt_BR\" \/>\n\t\t<meta property=\"og:site_name\" content=\"A Not\u00edcia Online - Noticias de Muria\u00e9 e regi\u00e3o\" \/>\n\t\t<meta property=\"og:type\" content=\"article\" \/>\n\t\t<meta property=\"og:title\" content=\"Confec\u00e7\u00e3o Beleza Rara \u00e9 patrona da tradicional Festa de S\u00e3o Crist\u00f3v\u00e3o - A Not\u00edcia Online\" \/>\n\t\t<meta property=\"og:description\" content=\"Milhares de fi\u00e9is participaram da Festa de S\u00e3o Crist\u00f3v\u00e3o, promovida pela Par\u00f3quia Nossa Senhora Aparecida, localizada no Porto. Considerado padroeiro dos motoristas, viajantes e peregrinos, o santo, martirizado no s\u00e9culo III, tem seu dia comemorado em 25 de julho. Os festejos tiveram in\u00edcio no dia 27, com missas e vendas de comidas e bebidas, e\" \/>\n\t\t<meta property=\"og:url\" content=\"https:\/\/anoticiaonline.com.br\/site\/confeccao-beleza-rara-e-patrona-da-tradicional-festa-de-sao-cristovao\/\" \/>\n\t\t<meta property=\"og:image\" content=\"https:\/\/scontent-gig4-1.xx.fbcdn.net\/v\/t39.30808-1\/270437624_4564083193639691_6907940295614233970_n.jpg?stp=dst-jpg_s200x200_tt6&#038;_nc_cat=111&#038;ccb=1-7&#038;_nc_sid=f907e8&#038;_nc_ohc=SM1wRlP3lJwQ7kNvwEPuBYA&#038;_nc_oc=AdnqrjDN_BNjSSHWO-GbkIWH6fkGMLw4bqvL_NH6e2wMveX7G-rP2dAqsDSq1mJMOaY&#038;_nc_zt=24&#038;_nc_ht=scontent-gig4-1.xx&#038;_nc_gid=AoBFJeGrT1hVaew_6rchkQ&#038;oh=00_AfX7QmFGhQhG2jAllVgXCiM1ZrWgvtp80-Bfppyexh1QEg&#038;oe=689E923C\" \/>\n\t\t<meta property=\"og:image:secure_url\" content=\"https:\/\/scontent-gig4-1.xx.fbcdn.net\/v\/t39.30808-1\/270437624_4564083193639691_6907940295614233970_n.jpg?stp=dst-jpg_s200x200_tt6&#038;_nc_cat=111&#038;ccb=1-7&#038;_nc_sid=f907e8&#038;_nc_ohc=SM1wRlP3lJwQ7kNvwEPuBYA&#038;_nc_oc=AdnqrjDN_BNjSSHWO-GbkIWH6fkGMLw4bqvL_NH6e2wMveX7G-rP2dAqsDSq1mJMOaY&#038;_nc_zt=24&#038;_nc_ht=scontent-gig4-1.xx&#038;_nc_gid=AoBFJeGrT1hVaew_6rchkQ&#038;oh=00_AfX7QmFGhQhG2jAllVgXCiM1ZrWgvtp80-Bfppyexh1QEg&#038;oe=689E923C\" \/>\n\t\t<meta property=\"article:published_time\" content=\"2018-08-01T21:05:38+00:00\" \/>\n\t\t<meta property=\"article:modified_time\" content=\"2018-08-01T21:14:06+00:00\" \/>\n\t\t<meta name=\"twitter:card\" content=\"summary_large_image\" \/>\n\t\t<meta name=\"twitter:title\" content=\"Confec\u00e7\u00e3o Beleza Rara \u00e9 patrona da tradicional Festa de S\u00e3o Crist\u00f3v\u00e3o - A Not\u00edcia Online\" \/>\n\t\t<meta name=\"twitter:description\" content=\"Milhares de fi\u00e9is participaram da Festa de S\u00e3o Crist\u00f3v\u00e3o, promovida pela Par\u00f3quia Nossa Senhora Aparecida, localizada no Porto. Considerado padroeiro dos motoristas, viajantes e peregrinos, o santo, martirizado no s\u00e9culo III, tem seu dia comemorado em 25 de julho. Os festejos tiveram in\u00edcio no dia 27, com missas e vendas de comidas e bebidas, e\" \/>\n\t\t<meta name=\"twitter:image\" content=\"https:\/\/scontent-gig4-1.xx.fbcdn.net\/v\/t39.30808-1\/270437624_4564083193639691_6907940295614233970_n.jpg?stp=dst-jpg_s200x200_tt6&amp;_nc_cat=111&amp;ccb=1-7&amp;_nc_sid=f907e8&amp;_nc_ohc=SM1wRlP3lJwQ7kNvwEPuBYA&amp;_nc_oc=AdnqrjDN_BNjSSHWO-GbkIWH6fkGMLw4bqvL_NH6e2wMveX7G-rP2dAqsDSq1mJMOaY&amp;_nc_zt=24&amp;_nc_ht=scontent-gig4-1.xx&amp;_nc_gid=AoBFJeGrT1hVaew_6rchkQ&amp;oh=00_AfX7QmFGhQhG2jAllVgXCiM1ZrWgvtp80-Bfppyexh1QEg&amp;oe=689E923C\" \/>\n\t\t<script type=\"application\/ld+json\" class=\"aioseo-schema\">\n\t\t\t{\"@context\":\"https:\\\/\\\/schema.org\",\"@graph\":[{\"@type\":\"BlogPosting\",\"@id\":\"https:\\\/\\\/anoticiaonline.com.br\\\/site\\\/confeccao-beleza-rara-e-patrona-da-tradicional-festa-de-sao-cristovao\\\/#blogposting\",\"name\":\"Confec\\u00e7\\u00e3o Beleza Rara \\u00e9 patrona da tradicional Festa de S\\u00e3o Crist\\u00f3v\\u00e3o - A Not\\u00edcia Online\",\"headline\":\"Confec\\u00e7\\u00e3o Beleza Rara \\u00e9 patrona da tradicional Festa de S\\u00e3o Crist\\u00f3v\\u00e3o\",\"author\":{\"@id\":\"https:\\\/\\\/anoticiaonline.com.br\\\/site\\\/author\\\/leandro\\\/#author\"},\"publisher\":{\"@id\":\"https:\\\/\\\/anoticiaonline.com.br\\\/site\\\/#organization\"},\"image\":{\"@type\":\"ImageObject\",\"url\":\"https:\\\/\\\/anoticiaonline.com.br\\\/site\\\/wp-content\\\/uploads\\\/2018\\\/08\\\/DSC_1325.jpg\",\"width\":640,\"height\":424},\"datePublished\":\"2018-08-01T18:05:38-03:00\",\"dateModified\":\"2018-08-01T18:14:06-03:00\",\"inLanguage\":\"pt-BR\",\"mainEntityOfPage\":{\"@id\":\"https:\\\/\\\/anoticiaonline.com.br\\\/site\\\/confeccao-beleza-rara-e-patrona-da-tradicional-festa-de-sao-cristovao\\\/#webpage\"},\"isPartOf\":{\"@id\":\"https:\\\/\\\/anoticiaonline.com.br\\\/site\\\/confeccao-beleza-rara-e-patrona-da-tradicional-festa-de-sao-cristovao\\\/#webpage\"},\"articleSection\":\"Blog, Eventos, Beleza Rara, Festa de S\\u00e3o Crist\\u00f3v\\u00e3o, Par\\u00f3quia Nossa Senhora Aparecida\"},{\"@type\":\"BreadcrumbList\",\"@id\":\"https:\\\/\\\/anoticiaonline.com.br\\\/site\\\/confeccao-beleza-rara-e-patrona-da-tradicional-festa-de-sao-cristovao\\\/#breadcrumblist\",\"itemListElement\":[{\"@type\":\"ListItem\",\"@id\":\"https:\\\/\\\/anoticiaonline.com.br\\\/site#listItem\",\"position\":1,\"name\":\"Home\",\"item\":\"https:\\\/\\\/anoticiaonline.com.br\\\/site\",\"nextItem\":{\"@type\":\"ListItem\",\"@id\":\"https:\\\/\\\/anoticiaonline.com.br\\\/site\\\/categoria\\\/eventos\\\/#listItem\",\"name\":\"Eventos\"}},{\"@type\":\"ListItem\",\"@id\":\"https:\\\/\\\/anoticiaonline.com.br\\\/site\\\/categoria\\\/eventos\\\/#listItem\",\"position\":2,\"name\":\"Eventos\",\"item\":\"https:\\\/\\\/anoticiaonline.com.br\\\/site\\\/categoria\\\/eventos\\\/\",\"nextItem\":{\"@type\":\"ListItem\",\"@id\":\"https:\\\/\\\/anoticiaonline.com.br\\\/site\\\/confeccao-beleza-rara-e-patrona-da-tradicional-festa-de-sao-cristovao\\\/#listItem\",\"name\":\"Confec\\u00e7\\u00e3o Beleza Rara \\u00e9 patrona da tradicional Festa de S\\u00e3o Crist\\u00f3v\\u00e3o\"},\"previousItem\":{\"@type\":\"ListItem\",\"@id\":\"https:\\\/\\\/anoticiaonline.com.br\\\/site#listItem\",\"name\":\"Home\"}},{\"@type\":\"ListItem\",\"@id\":\"https:\\\/\\\/anoticiaonline.com.br\\\/site\\\/confeccao-beleza-rara-e-patrona-da-tradicional-festa-de-sao-cristovao\\\/#listItem\",\"position\":3,\"name\":\"Confec\\u00e7\\u00e3o Beleza Rara \\u00e9 patrona da tradicional Festa de S\\u00e3o Crist\\u00f3v\\u00e3o\",\"previousItem\":{\"@type\":\"ListItem\",\"@id\":\"https:\\\/\\\/anoticiaonline.com.br\\\/site\\\/categoria\\\/eventos\\\/#listItem\",\"name\":\"Eventos\"}}]},{\"@type\":\"Organization\",\"@id\":\"https:\\\/\\\/anoticiaonline.com.br\\\/site\\\/#organization\",\"name\":\"A Not\\u00edcia Online\",\"description\":\"Noticias de Muria\\u00e9 e regi\\u00e3o\",\"url\":\"https:\\\/\\\/anoticiaonline.com.br\\\/site\\\/\",\"logo\":{\"@type\":\"ImageObject\",\"url\":\"https:\\\/\\\/scontent-gig4-1.xx.fbcdn.net\\\/v\\\/t39.30808-1\\\/270437624_4564083193639691_6907940295614233970_n.jpg?stp=dst-jpg_s200x200_tt6&_nc_cat=111&ccb=1-7&_nc_sid=f907e8&_nc_ohc=SM1wRlP3lJwQ7kNvwEPuBYA&_nc_oc=AdnqrjDN_BNjSSHWO-GbkIWH6fkGMLw4bqvL_NH6e2wMveX7G-rP2dAqsDSq1mJMOaY&_nc_zt=24&_nc_ht=scontent-gig4-1.xx&_nc_gid=AoBFJeGrT1hVaew_6rchkQ&oh=00_AfX7QmFGhQhG2jAllVgXCiM1ZrWgvtp80-Bfppyexh1QEg&oe=689E923C\",\"@id\":\"https:\\\/\\\/anoticiaonline.com.br\\\/site\\\/confeccao-beleza-rara-e-patrona-da-tradicional-festa-de-sao-cristovao\\\/#organizationLogo\"},\"image\":{\"@id\":\"https:\\\/\\\/anoticiaonline.com.br\\\/site\\\/confeccao-beleza-rara-e-patrona-da-tradicional-festa-de-sao-cristovao\\\/#organizationLogo\"}},{\"@type\":\"Person\",\"@id\":\"https:\\\/\\\/anoticiaonline.com.br\\\/site\\\/author\\\/leandro\\\/#author\",\"url\":\"https:\\\/\\\/anoticiaonline.com.br\\\/site\\\/author\\\/leandro\\\/\",\"name\":\"Leandro Bebiano\",\"image\":{\"@type\":\"ImageObject\",\"@id\":\"https:\\\/\\\/anoticiaonline.com.br\\\/site\\\/confeccao-beleza-rara-e-patrona-da-tradicional-festa-de-sao-cristovao\\\/#authorImage\",\"url\":\"https:\\\/\\\/secure.gravatar.com\\\/avatar\\\/99966a20c143db97c8590c2013307c7c234a4cca48ed5657cbb47e22a400bd5f?s=96&d=mm&r=g\",\"width\":96,\"height\":96,\"caption\":\"Leandro Bebiano\"}},{\"@type\":\"WebPage\",\"@id\":\"https:\\\/\\\/anoticiaonline.com.br\\\/site\\\/confeccao-beleza-rara-e-patrona-da-tradicional-festa-de-sao-cristovao\\\/#webpage\",\"url\":\"https:\\\/\\\/anoticiaonline.com.br\\\/site\\\/confeccao-beleza-rara-e-patrona-da-tradicional-festa-de-sao-cristovao\\\/\",\"name\":\"Confec\\u00e7\\u00e3o Beleza Rara \\u00e9 patrona da tradicional Festa de S\\u00e3o Crist\\u00f3v\\u00e3o - A Not\\u00edcia Online\",\"description\":\"Milhares de fi\\u00e9is participaram da Festa de S\\u00e3o Crist\\u00f3v\\u00e3o, promovida pela Par\\u00f3quia Nossa Senhora Aparecida, localizada no Porto. Considerado padroeiro dos motoristas, viajantes e peregrinos, o santo, martirizado no s\\u00e9culo III, tem seu dia comemorado em 25 de julho. Os festejos tiveram in\\u00edcio no dia 27, com missas e vendas de comidas e bebidas, e\",\"inLanguage\":\"pt-BR\",\"isPartOf\":{\"@id\":\"https:\\\/\\\/anoticiaonline.com.br\\\/site\\\/#website\"},\"breadcrumb\":{\"@id\":\"https:\\\/\\\/anoticiaonline.com.br\\\/site\\\/confeccao-beleza-rara-e-patrona-da-tradicional-festa-de-sao-cristovao\\\/#breadcrumblist\"},\"author\":{\"@id\":\"https:\\\/\\\/anoticiaonline.com.br\\\/site\\\/author\\\/leandro\\\/#author\"},\"creator\":{\"@id\":\"https:\\\/\\\/anoticiaonline.com.br\\\/site\\\/author\\\/leandro\\\/#author\"},\"image\":{\"@type\":\"ImageObject\",\"url\":\"https:\\\/\\\/anoticiaonline.com.br\\\/site\\\/wp-content\\\/uploads\\\/2018\\\/08\\\/DSC_1325.jpg\",\"@id\":\"https:\\\/\\\/anoticiaonline.com.br\\\/site\\\/confeccao-beleza-rara-e-patrona-da-tradicional-festa-de-sao-cristovao\\\/#mainImage\",\"width\":640,\"height\":424},\"primaryImageOfPage\":{\"@id\":\"https:\\\/\\\/anoticiaonline.com.br\\\/site\\\/confeccao-beleza-rara-e-patrona-da-tradicional-festa-de-sao-cristovao\\\/#mainImage\"},\"datePublished\":\"2018-08-01T18:05:38-03:00\",\"dateModified\":\"2018-08-01T18:14:06-03:00\"},{\"@type\":\"WebSite\",\"@id\":\"https:\\\/\\\/anoticiaonline.com.br\\\/site\\\/#website\",\"url\":\"https:\\\/\\\/anoticiaonline.com.br\\\/site\\\/\",\"name\":\"A Not\\u00edcia Online\",\"description\":\"Noticias de Muria\\u00e9 e regi\\u00e3o\",\"inLanguage\":\"pt-BR\",\"publisher\":{\"@id\":\"https:\\\/\\\/anoticiaonline.com.br\\\/site\\\/#organization\"}}]}\n\t\t<\/script>\n\t\t<!-- All in One SEO -->\n\n","aioseo_head_json":{"title":"Confec\u00e7\u00e3o Beleza Rara \u00e9 patrona da tradicional Festa de S\u00e3o Crist\u00f3v\u00e3o - A Not\u00edcia Online","description":"Milhares de fi\u00e9is participaram da Festa de S\u00e3o Crist\u00f3v\u00e3o, promovida pela Par\u00f3quia Nossa Senhora Aparecida, localizada no Porto. Considerado padroeiro dos motoristas, viajantes e peregrinos, o santo, martirizado no s\u00e9culo III, tem seu dia comemorado em 25 de julho. Os festejos tiveram in\u00edcio no dia 27, com missas e vendas de comidas e bebidas, e","canonical_url":"https:\/\/anoticiaonline.com.br\/site\/confeccao-beleza-rara-e-patrona-da-tradicional-festa-de-sao-cristovao\/","robots":"max-image-preview:large","keywords":"","webmasterTools":{"miscellaneous":""},"schema":{"@context":"https:\/\/schema.org","@graph":[{"@type":"BlogPosting","@id":"https:\/\/anoticiaonline.com.br\/site\/confeccao-beleza-rara-e-patrona-da-tradicional-festa-de-sao-cristovao\/#blogposting","name":"Confec\u00e7\u00e3o Beleza Rara \u00e9 patrona da tradicional Festa de S\u00e3o Crist\u00f3v\u00e3o - A Not\u00edcia Online","headline":"Confec\u00e7\u00e3o Beleza Rara \u00e9 patrona da tradicional Festa de S\u00e3o Crist\u00f3v\u00e3o","author":{"@id":"https:\/\/anoticiaonline.com.br\/site\/author\/leandro\/#author"},"publisher":{"@id":"https:\/\/anoticiaonline.com.br\/site\/#organization"},"image":{"@type":"ImageObject","url":"https:\/\/anoticiaonline.com.br\/site\/wp-content\/uploads\/2018\/08\/DSC_1325.jpg","width":640,"height":424},"datePublished":"2018-08-01T18:05:38-03:00","dateModified":"2018-08-01T18:14:06-03:00","inLanguage":"pt-BR","mainEntityOfPage":{"@id":"https:\/\/anoticiaonline.com.br\/site\/confeccao-beleza-rara-e-patrona-da-tradicional-festa-de-sao-cristovao\/#webpage"},"isPartOf":{"@id":"https:\/\/anoticiaonline.com.br\/site\/confeccao-beleza-rara-e-patrona-da-tradicional-festa-de-sao-cristovao\/#webpage"},"articleSection":"Blog, Eventos, Beleza Rara, Festa de S\u00e3o Crist\u00f3v\u00e3o, Par\u00f3quia Nossa Senhora Aparecida"},{"@type":"BreadcrumbList","@id":"https:\/\/anoticiaonline.com.br\/site\/confeccao-beleza-rara-e-patrona-da-tradicional-festa-de-sao-cristovao\/#breadcrumblist","itemListElement":[{"@type":"ListItem","@id":"https:\/\/anoticiaonline.com.br\/site#listItem","position":1,"name":"Home","item":"https:\/\/anoticiaonline.com.br\/site","nextItem":{"@type":"ListItem","@id":"https:\/\/anoticiaonline.com.br\/site\/categoria\/eventos\/#listItem","name":"Eventos"}},{"@type":"ListItem","@id":"https:\/\/anoticiaonline.com.br\/site\/categoria\/eventos\/#listItem","position":2,"name":"Eventos","item":"https:\/\/anoticiaonline.com.br\/site\/categoria\/eventos\/","nextItem":{"@type":"ListItem","@id":"https:\/\/anoticiaonline.com.br\/site\/confeccao-beleza-rara-e-patrona-da-tradicional-festa-de-sao-cristovao\/#listItem","name":"Confec\u00e7\u00e3o Beleza Rara \u00e9 patrona da tradicional Festa de S\u00e3o Crist\u00f3v\u00e3o"},"previousItem":{"@type":"ListItem","@id":"https:\/\/anoticiaonline.com.br\/site#listItem","name":"Home"}},{"@type":"ListItem","@id":"https:\/\/anoticiaonline.com.br\/site\/confeccao-beleza-rara-e-patrona-da-tradicional-festa-de-sao-cristovao\/#listItem","position":3,"name":"Confec\u00e7\u00e3o Beleza Rara \u00e9 patrona da tradicional Festa de S\u00e3o Crist\u00f3v\u00e3o","previousItem":{"@type":"ListItem","@id":"https:\/\/anoticiaonline.com.br\/site\/categoria\/eventos\/#listItem","name":"Eventos"}}]},{"@type":"Organization","@id":"https:\/\/anoticiaonline.com.br\/site\/#organization","name":"A Not\u00edcia Online","description":"Noticias de Muria\u00e9 e regi\u00e3o","url":"https:\/\/anoticiaonline.com.br\/site\/","logo":{"@type":"ImageObject","url":"https:\/\/scontent-gig4-1.xx.fbcdn.net\/v\/t39.30808-1\/270437624_4564083193639691_6907940295614233970_n.jpg?stp=dst-jpg_s200x200_tt6&_nc_cat=111&ccb=1-7&_nc_sid=f907e8&_nc_ohc=SM1wRlP3lJwQ7kNvwEPuBYA&_nc_oc=AdnqrjDN_BNjSSHWO-GbkIWH6fkGMLw4bqvL_NH6e2wMveX7G-rP2dAqsDSq1mJMOaY&_nc_zt=24&_nc_ht=scontent-gig4-1.xx&_nc_gid=AoBFJeGrT1hVaew_6rchkQ&oh=00_AfX7QmFGhQhG2jAllVgXCiM1ZrWgvtp80-Bfppyexh1QEg&oe=689E923C","@id":"https:\/\/anoticiaonline.com.br\/site\/confeccao-beleza-rara-e-patrona-da-tradicional-festa-de-sao-cristovao\/#organizationLogo"},"image":{"@id":"https:\/\/anoticiaonline.com.br\/site\/confeccao-beleza-rara-e-patrona-da-tradicional-festa-de-sao-cristovao\/#organizationLogo"}},{"@type":"Person","@id":"https:\/\/anoticiaonline.com.br\/site\/author\/leandro\/#author","url":"https:\/\/anoticiaonline.com.br\/site\/author\/leandro\/","name":"Leandro Bebiano","image":{"@type":"ImageObject","@id":"https:\/\/anoticiaonline.com.br\/site\/confeccao-beleza-rara-e-patrona-da-tradicional-festa-de-sao-cristovao\/#authorImage","url":"https:\/\/secure.gravatar.com\/avatar\/99966a20c143db97c8590c2013307c7c234a4cca48ed5657cbb47e22a400bd5f?s=96&d=mm&r=g","width":96,"height":96,"caption":"Leandro Bebiano"}},{"@type":"WebPage","@id":"https:\/\/anoticiaonline.com.br\/site\/confeccao-beleza-rara-e-patrona-da-tradicional-festa-de-sao-cristovao\/#webpage","url":"https:\/\/anoticiaonline.com.br\/site\/confeccao-beleza-rara-e-patrona-da-tradicional-festa-de-sao-cristovao\/","name":"Confec\u00e7\u00e3o Beleza Rara \u00e9 patrona da tradicional Festa de S\u00e3o Crist\u00f3v\u00e3o - A Not\u00edcia Online","description":"Milhares de fi\u00e9is participaram da Festa de S\u00e3o Crist\u00f3v\u00e3o, promovida pela Par\u00f3quia Nossa Senhora Aparecida, localizada no Porto. Considerado padroeiro dos motoristas, viajantes e peregrinos, o santo, martirizado no s\u00e9culo III, tem seu dia comemorado em 25 de julho. Os festejos tiveram in\u00edcio no dia 27, com missas e vendas de comidas e bebidas, e","inLanguage":"pt-BR","isPartOf":{"@id":"https:\/\/anoticiaonline.com.br\/site\/#website"},"breadcrumb":{"@id":"https:\/\/anoticiaonline.com.br\/site\/confeccao-beleza-rara-e-patrona-da-tradicional-festa-de-sao-cristovao\/#breadcrumblist"},"author":{"@id":"https:\/\/anoticiaonline.com.br\/site\/author\/leandro\/#author"},"creator":{"@id":"https:\/\/anoticiaonline.com.br\/site\/author\/leandro\/#author"},"image":{"@type":"ImageObject","url":"https:\/\/anoticiaonline.com.br\/site\/wp-content\/uploads\/2018\/08\/DSC_1325.jpg","@id":"https:\/\/anoticiaonline.com.br\/site\/confeccao-beleza-rara-e-patrona-da-tradicional-festa-de-sao-cristovao\/#mainImage","width":640,"height":424},"primaryImageOfPage":{"@id":"https:\/\/anoticiaonline.com.br\/site\/confeccao-beleza-rara-e-patrona-da-tradicional-festa-de-sao-cristovao\/#mainImage"},"datePublished":"2018-08-01T18:05:38-03:00","dateModified":"2018-08-01T18:14:06-03:00"},{"@type":"WebSite","@id":"https:\/\/anoticiaonline.com.br\/site\/#website","url":"https:\/\/anoticiaonline.com.br\/site\/","name":"A Not\u00edcia Online","description":"Noticias de Muria\u00e9 e regi\u00e3o","inLanguage":"pt-BR","publisher":{"@id":"https:\/\/anoticiaonline.com.br\/site\/#organization"}}]},"og:locale":"pt_BR","og:site_name":"A Not\u00edcia Online - Noticias de Muria\u00e9 e regi\u00e3o","og:type":"article","og:title":"Confec\u00e7\u00e3o Beleza Rara \u00e9 patrona da tradicional Festa de S\u00e3o Crist\u00f3v\u00e3o - A Not\u00edcia Online","og:description":"Milhares de fi\u00e9is participaram da Festa de S\u00e3o Crist\u00f3v\u00e3o, promovida pela Par\u00f3quia Nossa Senhora Aparecida, localizada no Porto. Considerado padroeiro dos motoristas, viajantes e peregrinos, o santo, martirizado no s\u00e9culo III, tem seu dia comemorado em 25 de julho. Os festejos tiveram in\u00edcio no dia 27, com missas e vendas de comidas e bebidas, e","og:url":"https:\/\/anoticiaonline.com.br\/site\/confeccao-beleza-rara-e-patrona-da-tradicional-festa-de-sao-cristovao\/","og:image":"https:\/\/scontent-gig4-1.xx.fbcdn.net\/v\/t39.30808-1\/270437624_4564083193639691_6907940295614233970_n.jpg?stp=dst-jpg_s200x200_tt6&#038;_nc_cat=111&#038;ccb=1-7&#038;_nc_sid=f907e8&#038;_nc_ohc=SM1wRlP3lJwQ7kNvwEPuBYA&#038;_nc_oc=AdnqrjDN_BNjSSHWO-GbkIWH6fkGMLw4bqvL_NH6e2wMveX7G-rP2dAqsDSq1mJMOaY&#038;_nc_zt=24&#038;_nc_ht=scontent-gig4-1.xx&#038;_nc_gid=AoBFJeGrT1hVaew_6rchkQ&#038;oh=00_AfX7QmFGhQhG2jAllVgXCiM1ZrWgvtp80-Bfppyexh1QEg&#038;oe=689E923C","og:image:secure_url":"https:\/\/scontent-gig4-1.xx.fbcdn.net\/v\/t39.30808-1\/270437624_4564083193639691_6907940295614233970_n.jpg?stp=dst-jpg_s200x200_tt6&#038;_nc_cat=111&#038;ccb=1-7&#038;_nc_sid=f907e8&#038;_nc_ohc=SM1wRlP3lJwQ7kNvwEPuBYA&#038;_nc_oc=AdnqrjDN_BNjSSHWO-GbkIWH6fkGMLw4bqvL_NH6e2wMveX7G-rP2dAqsDSq1mJMOaY&#038;_nc_zt=24&#038;_nc_ht=scontent-gig4-1.xx&#038;_nc_gid=AoBFJeGrT1hVaew_6rchkQ&#038;oh=00_AfX7QmFGhQhG2jAllVgXCiM1ZrWgvtp80-Bfppyexh1QEg&#038;oe=689E923C","article:published_time":"2018-08-01T21:05:38+00:00","article:modified_time":"2018-08-01T21:14:06+00:00","twitter:card":"summary_large_image","twitter:title":"Confec\u00e7\u00e3o Beleza Rara \u00e9 patrona da tradicional Festa de S\u00e3o Crist\u00f3v\u00e3o - A Not\u00edcia Online","twitter:description":"Milhares de fi\u00e9is participaram da Festa de S\u00e3o Crist\u00f3v\u00e3o, promovida pela Par\u00f3quia Nossa Senhora Aparecida, localizada no Porto. Considerado padroeiro dos motoristas, viajantes e peregrinos, o santo, martirizado no s\u00e9culo III, tem seu dia comemorado em 25 de julho. Os festejos tiveram in\u00edcio no dia 27, com missas e vendas de comidas e bebidas, e","twitter:image":"https:\/\/scontent-gig4-1.xx.fbcdn.net\/v\/t39.30808-1\/270437624_4564083193639691_6907940295614233970_n.jpg?stp=dst-jpg_s200x200_tt6&_nc_cat=111&ccb=1-7&_nc_sid=f907e8&_nc_ohc=SM1wRlP3lJwQ7kNvwEPuBYA&_nc_oc=AdnqrjDN_BNjSSHWO-GbkIWH6fkGMLw4bqvL_NH6e2wMveX7G-rP2dAqsDSq1mJMOaY&_nc_zt=24&_nc_ht=scontent-gig4-1.xx&_nc_gid=AoBFJeGrT1hVaew_6rchkQ&oh=00_AfX7QmFGhQhG2jAllVgXCiM1ZrWgvtp80-Bfppyexh1QEg&oe=689E923C"},"aioseo_meta_data":{"post_id":"59043","title":null,"description":null,"keywords":null,"keyphrases":null,"primary_term":null,"canonical_url":null,"og_title":null,"og_description":null,"og_object_type":"default","og_image_type":"default","og_image_url":null,"og_image_width":null,"og_image_height":null,"og_image_custom_url":null,"og_image_custom_fields":null,"og_video":null,"og_custom_url":null,"og_article_section":null,"og_article_tags":null,"twitter_use_og":false,"twitter_card":"default","twitter_image_type":"default","twitter_image_url":null,"twitter_image_custom_url":null,"twitter_image_custom_fields":null,"twitter_title":null,"twitter_description":null,"schema":{"blockGraphs":[],"customGraphs":[],"default":{"data":{"Article":[],"Course":[],"Dataset":[],"FAQPage":[],"Movie":[],"Person":[],"Product":[],"ProductReview":[],"Car":[],"Recipe":[],"Service":[],"SoftwareApplication":[],"WebPage":[]},"graphName":"","isEnabled":true},"graphs":[]},"schema_type":"default","schema_type_options":null,"pillar_content":false,"robots_default":true,"robots_noindex":false,"robots_noarchive":false,"robots_nosnippet":false,"robots_nofollow":false,"robots_noimageindex":false,"robots_noodp":false,"robots_notranslate":false,"robots_max_snippet":null,"robots_max_videopreview":null,"robots_max_imagepreview":"large","priority":null,"frequency":null,"local_seo":null,"breadcrumb_settings":null,"limit_modified_date":false,"ai":null,"created":"2025-08-16 21:19:25","updated":"2025-08-16 21:19:25","focus_keyword":null,"additional_keywords":null,"truseo_locale":null,"seo_analyzer_scan_date":null},"aioseo_breadcrumb":"<div class=\"aioseo-breadcrumbs\"><span class=\"aioseo-breadcrumb\">\n\t\t\t<a href=\"https:\/\/anoticiaonline.com.br\/site\" title=\"Home\">Home<\/a>\n\t\t<\/span><span class=\"aioseo-breadcrumb-separator\">&raquo;<\/span><span class=\"aioseo-breadcrumb\">\n\t\t\t<a href=\"https:\/\/anoticiaonline.com.br\/site\/categoria\/eventos\/\" title=\"Eventos\">Eventos<\/a>\n\t\t<\/span><span class=\"aioseo-breadcrumb-separator\">&raquo;<\/span><span class=\"aioseo-breadcrumb\">\n\t\t\tConfec\u00e7\u00e3o Beleza Rara \u00e9 patrona da tradicional Festa de S\u00e3o Crist\u00f3v\u00e3o\n\t\t<\/span><\/div>","aioseo_breadcrumb_json":[{"label":"Home","link":"https:\/\/anoticiaonline.com.br\/site"},{"label":"Eventos","link":"https:\/\/anoticiaonline.com.br\/site\/categoria\/eventos\/"},{"label":"Confec\u00e7\u00e3o Beleza Rara \u00e9 patrona da tradicional Festa de S\u00e3o Crist\u00f3v\u00e3o","link":"https:\/\/anoticiaonline.com.br\/site\/confeccao-beleza-rara-e-patrona-da-tradicional-festa-de-sao-cristovao\/"}],"views":156,"_links":{"self":[{"href":"https:\/\/anoticiaonline.com.br\/site\/wp-json\/wp\/v2\/posts\/59043","targetHints":{"allow":["GET"]}}],"collection":[{"href":"https:\/\/anoticiaonline.com.br\/site\/wp-json\/wp\/v2\/posts"}],"about":[{"href":"https:\/\/anoticiaonline.com.br\/site\/wp-json\/wp\/v2\/types\/post"}],"author":[{"embeddable":true,"href":"https:\/\/anoticiaonline.com.br\/site\/wp-json\/wp\/v2\/users\/7"}],"replies":[{"embeddable":true,"href":"https:\/\/anoticiaonline.com.br\/site\/wp-json\/wp\/v2\/comments?post=59043"}],"version-history":[{"count":0,"href":"https:\/\/anoticiaonline.com.br\/site\/wp-json\/wp\/v2\/posts\/59043\/revisions"}],"wp:featuredmedia":[{"embeddable":true,"href":"https:\/\/anoticiaonline.com.br\/site\/wp-json\/wp\/v2\/media\/59044"}],"wp:attachment":[{"href":"https:\/\/anoticiaonline.com.br\/site\/wp-json\/wp\/v2\/media?parent=59043"}],"wp:term":[{"taxonomy":"category","embeddable":true,"href":"https:\/\/anoticiaonline.com.br\/site\/wp-json\/wp\/v2\/categories?post=59043"},{"taxonomy":"post_tag","embeddable":true,"href":"https:\/\/anoticiaonline.com.br\/site\/wp-json\/wp\/v2\/tags?post=59043"}],"curies":[{"name":"wp","href":"https:\/\/api.w.org\/{rel}","templated":true}]}}