{"id":58987,"date":"2018-08-01T12:34:43","date_gmt":"2018-08-01T15:34:43","guid":{"rendered":"http:\/\/anoticiaonline.com.br\/site\/?p=58987"},"modified":"2018-08-01T12:41:51","modified_gmt":"2018-08-01T15:41:51","slug":"historias-que-vivi-na-historia-sera-lancado-em-muriae-nesta-quarta-1","status":"publish","type":"post","link":"https:\/\/anoticiaonline.com.br\/site\/historias-que-vivi-na-historia-sera-lancado-em-muriae-nesta-quarta-1\/","title":{"rendered":"\u201cHist\u00f3rias que vivi na Hist\u00f3ria\u201d ser\u00e1 lan\u00e7ado em Muria\u00e9 nesta quarta (1\u00ba)"},"content":{"rendered":"<p><a href=\"https:\/\/anoticiaonline.com.br\/site\/wp-content\/uploads\/2018\/08\/convite-web-muria\u00e91-768x1024.jpg\"><img fetchpriority=\"high\" decoding=\"async\" class=\"aligncenter size-full wp-image-58988\" src=\"https:\/\/anoticiaonline.com.br\/site\/wp-content\/uploads\/2018\/08\/convite-web-muria\u00e91-768x1024.jpg\" alt=\"\" width=\"480\" height=\"640\" srcset=\"https:\/\/anoticiaonline.com.br\/site\/wp-content\/uploads\/2018\/08\/convite-web-muria\u00e91-768x1024.jpg 480w, https:\/\/anoticiaonline.com.br\/site\/wp-content\/uploads\/2018\/08\/convite-web-muria\u00e91-768x1024-225x300.jpg 225w\" sizes=\"(max-width: 480px) 100vw, 480px\" \/><\/a>O jornalista, pol\u00edtico e militante dos direitos humanos Nilm\u00e1rio Miranda lan\u00e7a nesta quarta-feira (1\u00ba\/8), em\u00a0<span class=\"m_-5289964025301008231gmail-m_-6804226541779955131gmail-il\">Muria\u00e9<\/span>\u00a0o livro de mem\u00f3rias \u201cHist\u00f3rias que vivi na Hist\u00f3ria\u201d.<\/p>\n<p>A\u00a0\u00a0obra apresenta o testemunho de\u00a0quem sentiu na pele o golpe civil-militar de 1964, a instaura\u00e7\u00e3o do terror de Estado e lutou pelo\u00a0restabelecimento\u00a0da democracia. O relato come\u00e7a pela forma\u00e7\u00e3o pol\u00edtica em Te\u00f3filo Otoni, passa pelo per\u00edodo de clandestinidade e pris\u00e3o pol\u00edtica, at\u00e9 chegar ao atual panorama do Brasil, com destaque para Minas Gerais.<\/p>\n<p>Nilm\u00e1rio faz um balan\u00e7o dos avan\u00e7os e retrocessos das conquistas sociais no Brasil, sobretudo a partir da Constitui\u00e7\u00e3o \u201cCidad\u00e3\u201d de 1988. Destaca a contribui\u00e7\u00e3o do PT e de outros partidos de esquerda na redu\u00e7\u00e3o das desigualdades e da injusti\u00e7a, mas n\u00e3o deixa de reconhecer erros pol\u00edticos desses grupos, o que contribuiu para \u201co golpe parlamentar de 2016\u201d.<\/p>\n<p>Aponta, ainda, os estragos do \u201cgoverno ileg\u00edtimo\u201d, como \u201ca eros\u00e3o do Estado Democr\u00e1tico de Direito\u201d e o \u201cdesmanche das conquistas sociais\u201d.<\/p>\n<p>O jornalista revela que a conjuntura pol\u00edtica do pa\u00eds impulsionou o processo de escrita. \u201cDecidi escrever Hist\u00f3rias que vivi na Hist\u00f3ria depois do golpe de 2016, que liberou tanta intoler\u00e2ncia, viol\u00eancia e \u00f3dio. Nossa gera\u00e7\u00e3o n\u00e3o esperava que f\u00f4ssemos viver de novo tanto retrocesso. Cada um tem o dever e a obriga\u00e7\u00e3o de fazer o que sempre fazemos: lutar, e, n\u00e3o havendo o que fazer, lutar\u201d, conta o Nilm\u00e1rio na introdu\u00e7\u00e3o do livro.<\/p>\n<p>Primeiro ministro dos Direitos Humanos do Brasil, no governo Lula da Silva e secret\u00e1rio da mesma pasta no governo\u00a0de Minas Gerais, Nilm\u00e1rio nos d\u00e1 a vis\u00e3o de um Brasil que muito j\u00e1 caminhou, mas ainda tem um longo percurso a cumprir para se tornar de fato um Estado\u00a0<a name=\"m_-5289964025301008231_m_-6804226541779955131_m_-1854737266739953827_m_2492265230851032653_m_-8305151617226995402_m_3018992558274772715_m_1356967385181517636_m_-2224828917771364833_m_-6632749600952996103_m_-4274065557697603561_m_5795787575730582300_m_5569056368780245819_m_6360952581052782937_x__GoBack\"><\/a>Democr\u00e1tico em toda a plenitude.<\/p>\n<p>A obra foi publicada pela Gera\u00e7\u00e3o Editorial.<\/p>\n<p><strong>Local:<\/strong> Kombeerlisario Garage Brew Pub \u2013\u00a0<a href=\"http:\/\/maps.google.com\/?q=Rua+Irm%C3%A3+Gertrudes+Monozi,+158&amp;entry=gmail&amp;source=g\">Rua Irm\u00e3 Gertrudes Monozi, 158<\/a>\u2013 S\u00e3o Francisco<\/p>\n<p><strong>Hor\u00e1rio:<\/strong> 19h<\/p>\n<p>&nbsp;<\/p>\n<p><em>*Foto e texto: ASCOM\u00a0Nilm\u00e1rio Miranda<\/em><\/p>\n<p>Mar\u00edlia C\u00e2ndido \u2013 (31) 99265-5595<\/p>\n<p>Jefferson Lorentz \u2013 ( 31) 97564-7469<\/p>\n","protected":false},"excerpt":{"rendered":"<p>O jornalista, pol\u00edtico e militante dos direitos humanos Nilm\u00e1rio Miranda lan\u00e7a nesta quarta-feira (1\u00ba\/8), em\u00a0Muria\u00e9\u00a0o livro de mem\u00f3rias \u201cHist\u00f3rias que vivi na Hist\u00f3ria\u201d. A\u00a0\u00a0obra apresenta o testemunho de\u00a0quem sentiu na pele o golpe civil-militar de 1964, a instaura\u00e7\u00e3o do terror de Estado e lutou pelo\u00a0restabelecimento\u00a0da democracia. O relato come\u00e7a pela forma\u00e7\u00e3o pol\u00edtica em Te\u00f3filo Otoni, &#8230; <a title=\"\u201cHist\u00f3rias que vivi na Hist\u00f3ria\u201d ser\u00e1 lan\u00e7ado em Muria\u00e9 nesta quarta (1\u00ba)\" class=\"read-more\" href=\"https:\/\/anoticiaonline.com.br\/site\/historias-que-vivi-na-historia-sera-lancado-em-muriae-nesta-quarta-1\/\" aria-label=\"Read more about \u201cHist\u00f3rias que vivi na Hist\u00f3ria\u201d ser\u00e1 lan\u00e7ado em Muria\u00e9 nesta quarta (1\u00ba)\">Ler mais<\/a><\/p>\n","protected":false},"author":2,"featured_media":58988,"comment_status":"open","ping_status":"open","sticky":false,"template":"","format":"standard","meta":{"_acf_changed":false,"_monsterinsights_skip_tracking":false,"footnotes":""},"categories":[30,19],"tags":[2886,151,215,216,2885,2884,2887],"class_list":["post-58987","post","type-post","status-publish","format-standard","has-post-thumbnail","hentry","category-muriae","category-cultura","tag-historias-que-vivi-na-historia","tag-jornalista","tag-lancamento","tag-livro","tag-nilmario-miranda","tag-politico","tag-teofilo-otoni"],"acf":[],"aioseo_notices":[],"aioseo_head":"\n\t\t<!-- All in One SEO 5.0.0.1 - aioseo.com -->\n\t<meta name=\"description\" content=\"O jornalista, pol\u00edtico e militante dos direitos humanos Nilm\u00e1rio Miranda lan\u00e7a nesta quarta-feira (1\u00ba\/8), em Muria\u00e9 o livro de mem\u00f3rias \u201cHist\u00f3rias que vivi na Hist\u00f3ria\u201d. A obra apresenta o testemunho de quem sentiu na pele o golpe civil-militar de 1964, a instaura\u00e7\u00e3o do terror de Estado e lutou pelo restabelecimento da democracia. O relato come\u00e7a pela forma\u00e7\u00e3o pol\u00edtica em Te\u00f3filo Otoni,\" \/>\n\t<meta name=\"robots\" content=\"max-image-preview:large\" \/>\n\t<meta name=\"author\" content=\"Juliana Laviola\"\/>\n\t<link rel=\"canonical\" href=\"https:\/\/anoticiaonline.com.br\/site\/historias-que-vivi-na-historia-sera-lancado-em-muriae-nesta-quarta-1\/\" \/>\n\t<meta name=\"generator\" content=\"All in One SEO (AIOSEO) 5.0.0.1\" \/>\n\t\t<meta property=\"og:locale\" content=\"pt_BR\" \/>\n\t\t<meta property=\"og:site_name\" content=\"A Not\u00edcia Online - Noticias de Muria\u00e9 e regi\u00e3o\" \/>\n\t\t<meta property=\"og:type\" content=\"article\" \/>\n\t\t<meta property=\"og:title\" content=\"\u201cHist\u00f3rias que vivi na Hist\u00f3ria\u201d ser\u00e1 lan\u00e7ado em Muria\u00e9 nesta quarta (1\u00ba) - A Not\u00edcia Online\" \/>\n\t\t<meta property=\"og:description\" content=\"O jornalista, pol\u00edtico e militante dos direitos humanos Nilm\u00e1rio Miranda lan\u00e7a nesta quarta-feira (1\u00ba\/8), em Muria\u00e9 o livro de mem\u00f3rias \u201cHist\u00f3rias que vivi na Hist\u00f3ria\u201d. A obra apresenta o testemunho de quem sentiu na pele o golpe civil-militar de 1964, a instaura\u00e7\u00e3o do terror de Estado e lutou pelo restabelecimento da democracia. O relato come\u00e7a pela forma\u00e7\u00e3o pol\u00edtica em Te\u00f3filo Otoni,\" \/>\n\t\t<meta property=\"og:url\" content=\"https:\/\/anoticiaonline.com.br\/site\/historias-que-vivi-na-historia-sera-lancado-em-muriae-nesta-quarta-1\/\" \/>\n\t\t<meta property=\"og:image\" content=\"https:\/\/scontent-gig4-1.xx.fbcdn.net\/v\/t39.30808-1\/270437624_4564083193639691_6907940295614233970_n.jpg?stp=dst-jpg_s200x200_tt6&#038;_nc_cat=111&#038;ccb=1-7&#038;_nc_sid=f907e8&#038;_nc_ohc=SM1wRlP3lJwQ7kNvwEPuBYA&#038;_nc_oc=AdnqrjDN_BNjSSHWO-GbkIWH6fkGMLw4bqvL_NH6e2wMveX7G-rP2dAqsDSq1mJMOaY&#038;_nc_zt=24&#038;_nc_ht=scontent-gig4-1.xx&#038;_nc_gid=AoBFJeGrT1hVaew_6rchkQ&#038;oh=00_AfX7QmFGhQhG2jAllVgXCiM1ZrWgvtp80-Bfppyexh1QEg&#038;oe=689E923C\" \/>\n\t\t<meta property=\"og:image:secure_url\" content=\"https:\/\/scontent-gig4-1.xx.fbcdn.net\/v\/t39.30808-1\/270437624_4564083193639691_6907940295614233970_n.jpg?stp=dst-jpg_s200x200_tt6&#038;_nc_cat=111&#038;ccb=1-7&#038;_nc_sid=f907e8&#038;_nc_ohc=SM1wRlP3lJwQ7kNvwEPuBYA&#038;_nc_oc=AdnqrjDN_BNjSSHWO-GbkIWH6fkGMLw4bqvL_NH6e2wMveX7G-rP2dAqsDSq1mJMOaY&#038;_nc_zt=24&#038;_nc_ht=scontent-gig4-1.xx&#038;_nc_gid=AoBFJeGrT1hVaew_6rchkQ&#038;oh=00_AfX7QmFGhQhG2jAllVgXCiM1ZrWgvtp80-Bfppyexh1QEg&#038;oe=689E923C\" \/>\n\t\t<meta property=\"article:published_time\" content=\"2018-08-01T15:34:43+00:00\" \/>\n\t\t<meta property=\"article:modified_time\" content=\"2018-08-01T15:41:51+00:00\" \/>\n\t\t<meta name=\"twitter:card\" content=\"summary_large_image\" \/>\n\t\t<meta name=\"twitter:title\" content=\"\u201cHist\u00f3rias que vivi na Hist\u00f3ria\u201d ser\u00e1 lan\u00e7ado em Muria\u00e9 nesta quarta (1\u00ba) - A Not\u00edcia Online\" \/>\n\t\t<meta name=\"twitter:description\" content=\"O jornalista, pol\u00edtico e militante dos direitos humanos Nilm\u00e1rio Miranda lan\u00e7a nesta quarta-feira (1\u00ba\/8), em Muria\u00e9 o livro de mem\u00f3rias \u201cHist\u00f3rias que vivi na Hist\u00f3ria\u201d. A obra apresenta o testemunho de quem sentiu na pele o golpe civil-militar de 1964, a instaura\u00e7\u00e3o do terror de Estado e lutou pelo restabelecimento da democracia. O relato come\u00e7a pela forma\u00e7\u00e3o pol\u00edtica em Te\u00f3filo Otoni,\" \/>\n\t\t<meta name=\"twitter:image\" content=\"https:\/\/scontent-gig4-1.xx.fbcdn.net\/v\/t39.30808-1\/270437624_4564083193639691_6907940295614233970_n.jpg?stp=dst-jpg_s200x200_tt6&amp;_nc_cat=111&amp;ccb=1-7&amp;_nc_sid=f907e8&amp;_nc_ohc=SM1wRlP3lJwQ7kNvwEPuBYA&amp;_nc_oc=AdnqrjDN_BNjSSHWO-GbkIWH6fkGMLw4bqvL_NH6e2wMveX7G-rP2dAqsDSq1mJMOaY&amp;_nc_zt=24&amp;_nc_ht=scontent-gig4-1.xx&amp;_nc_gid=AoBFJeGrT1hVaew_6rchkQ&amp;oh=00_AfX7QmFGhQhG2jAllVgXCiM1ZrWgvtp80-Bfppyexh1QEg&amp;oe=689E923C\" \/>\n\t\t<script type=\"application\/ld+json\" class=\"aioseo-schema\">\n\t\t\t{\"@context\":\"https:\\\/\\\/schema.org\",\"@graph\":[{\"@type\":\"BlogPosting\",\"@id\":\"https:\\\/\\\/anoticiaonline.com.br\\\/site\\\/historias-que-vivi-na-historia-sera-lancado-em-muriae-nesta-quarta-1\\\/#blogposting\",\"name\":\"\\u201cHist\\u00f3rias que vivi na Hist\\u00f3ria\\u201d ser\\u00e1 lan\\u00e7ado em Muria\\u00e9 nesta quarta (1\\u00ba) - A Not\\u00edcia Online\",\"headline\":\"\\u201cHist\\u00f3rias que vivi na Hist\\u00f3ria\\u201d ser\\u00e1 lan\\u00e7ado em Muria\\u00e9 nesta quarta (1\\u00ba)\",\"author\":{\"@id\":\"https:\\\/\\\/anoticiaonline.com.br\\\/site\\\/author\\\/juliana\\\/#author\"},\"publisher\":{\"@id\":\"https:\\\/\\\/anoticiaonline.com.br\\\/site\\\/#organization\"},\"image\":{\"@type\":\"ImageObject\",\"url\":\"https:\\\/\\\/anoticiaonline.com.br\\\/site\\\/wp-content\\\/uploads\\\/2018\\\/08\\\/convite-web-muria\\u00e91-768x1024.jpg\",\"width\":480,\"height\":640},\"datePublished\":\"2018-08-01T12:34:43-03:00\",\"dateModified\":\"2018-08-01T12:41:51-03:00\",\"inLanguage\":\"pt-BR\",\"mainEntityOfPage\":{\"@id\":\"https:\\\/\\\/anoticiaonline.com.br\\\/site\\\/historias-que-vivi-na-historia-sera-lancado-em-muriae-nesta-quarta-1\\\/#webpage\"},\"isPartOf\":{\"@id\":\"https:\\\/\\\/anoticiaonline.com.br\\\/site\\\/historias-que-vivi-na-historia-sera-lancado-em-muriae-nesta-quarta-1\\\/#webpage\"},\"articleSection\":\"Blog, Cultura, \\u201cHist\\u00f3rias que vivi na Hist\\u00f3ria\\u201d, jornalista, lan\\u00e7amento, livro, Nilm\\u00e1rio Miranda, pol\\u00edtico, Te\\u00f3filo Otoni\"},{\"@type\":\"BreadcrumbList\",\"@id\":\"https:\\\/\\\/anoticiaonline.com.br\\\/site\\\/historias-que-vivi-na-historia-sera-lancado-em-muriae-nesta-quarta-1\\\/#breadcrumblist\",\"itemListElement\":[{\"@type\":\"ListItem\",\"@id\":\"https:\\\/\\\/anoticiaonline.com.br\\\/site#listItem\",\"position\":1,\"name\":\"Home\",\"item\":\"https:\\\/\\\/anoticiaonline.com.br\\\/site\",\"nextItem\":{\"@type\":\"ListItem\",\"@id\":\"https:\\\/\\\/anoticiaonline.com.br\\\/site\\\/categoria\\\/muriae\\\/#listItem\",\"name\":\"Blog\"}},{\"@type\":\"ListItem\",\"@id\":\"https:\\\/\\\/anoticiaonline.com.br\\\/site\\\/categoria\\\/muriae\\\/#listItem\",\"position\":2,\"name\":\"Blog\",\"item\":\"https:\\\/\\\/anoticiaonline.com.br\\\/site\\\/categoria\\\/muriae\\\/\",\"nextItem\":{\"@type\":\"ListItem\",\"@id\":\"https:\\\/\\\/anoticiaonline.com.br\\\/site\\\/categoria\\\/muriae\\\/cultura\\\/#listItem\",\"name\":\"Cultura\"},\"previousItem\":{\"@type\":\"ListItem\",\"@id\":\"https:\\\/\\\/anoticiaonline.com.br\\\/site#listItem\",\"name\":\"Home\"}},{\"@type\":\"ListItem\",\"@id\":\"https:\\\/\\\/anoticiaonline.com.br\\\/site\\\/categoria\\\/muriae\\\/cultura\\\/#listItem\",\"position\":3,\"name\":\"Cultura\",\"item\":\"https:\\\/\\\/anoticiaonline.com.br\\\/site\\\/categoria\\\/muriae\\\/cultura\\\/\",\"nextItem\":{\"@type\":\"ListItem\",\"@id\":\"https:\\\/\\\/anoticiaonline.com.br\\\/site\\\/historias-que-vivi-na-historia-sera-lancado-em-muriae-nesta-quarta-1\\\/#listItem\",\"name\":\"\\u201cHist\\u00f3rias que vivi na Hist\\u00f3ria\\u201d ser\\u00e1 lan\\u00e7ado em Muria\\u00e9 nesta quarta (1\\u00ba)\"},\"previousItem\":{\"@type\":\"ListItem\",\"@id\":\"https:\\\/\\\/anoticiaonline.com.br\\\/site\\\/categoria\\\/muriae\\\/#listItem\",\"name\":\"Blog\"}},{\"@type\":\"ListItem\",\"@id\":\"https:\\\/\\\/anoticiaonline.com.br\\\/site\\\/historias-que-vivi-na-historia-sera-lancado-em-muriae-nesta-quarta-1\\\/#listItem\",\"position\":4,\"name\":\"\\u201cHist\\u00f3rias que vivi na Hist\\u00f3ria\\u201d ser\\u00e1 lan\\u00e7ado em Muria\\u00e9 nesta quarta (1\\u00ba)\",\"previousItem\":{\"@type\":\"ListItem\",\"@id\":\"https:\\\/\\\/anoticiaonline.com.br\\\/site\\\/categoria\\\/muriae\\\/cultura\\\/#listItem\",\"name\":\"Cultura\"}}]},{\"@type\":\"Organization\",\"@id\":\"https:\\\/\\\/anoticiaonline.com.br\\\/site\\\/#organization\",\"name\":\"A Not\\u00edcia Online\",\"description\":\"Noticias de Muria\\u00e9 e regi\\u00e3o\",\"url\":\"https:\\\/\\\/anoticiaonline.com.br\\\/site\\\/\",\"logo\":{\"@type\":\"ImageObject\",\"url\":\"https:\\\/\\\/scontent-gig4-1.xx.fbcdn.net\\\/v\\\/t39.30808-1\\\/270437624_4564083193639691_6907940295614233970_n.jpg?stp=dst-jpg_s200x200_tt6&_nc_cat=111&ccb=1-7&_nc_sid=f907e8&_nc_ohc=SM1wRlP3lJwQ7kNvwEPuBYA&_nc_oc=AdnqrjDN_BNjSSHWO-GbkIWH6fkGMLw4bqvL_NH6e2wMveX7G-rP2dAqsDSq1mJMOaY&_nc_zt=24&_nc_ht=scontent-gig4-1.xx&_nc_gid=AoBFJeGrT1hVaew_6rchkQ&oh=00_AfX7QmFGhQhG2jAllVgXCiM1ZrWgvtp80-Bfppyexh1QEg&oe=689E923C\",\"@id\":\"https:\\\/\\\/anoticiaonline.com.br\\\/site\\\/historias-que-vivi-na-historia-sera-lancado-em-muriae-nesta-quarta-1\\\/#organizationLogo\"},\"image\":{\"@id\":\"https:\\\/\\\/anoticiaonline.com.br\\\/site\\\/historias-que-vivi-na-historia-sera-lancado-em-muriae-nesta-quarta-1\\\/#organizationLogo\"}},{\"@type\":\"Person\",\"@id\":\"https:\\\/\\\/anoticiaonline.com.br\\\/site\\\/author\\\/juliana\\\/#author\",\"url\":\"https:\\\/\\\/anoticiaonline.com.br\\\/site\\\/author\\\/juliana\\\/\",\"name\":\"Juliana Laviola\",\"image\":{\"@type\":\"ImageObject\",\"@id\":\"https:\\\/\\\/anoticiaonline.com.br\\\/site\\\/historias-que-vivi-na-historia-sera-lancado-em-muriae-nesta-quarta-1\\\/#authorImage\",\"url\":\"https:\\\/\\\/secure.gravatar.com\\\/avatar\\\/b8d45f5c699b100dfaf0e543582f38f38bf94cb7ae3a5e9abf8d891a34773335?s=96&d=mm&r=g\",\"width\":96,\"height\":96,\"caption\":\"Juliana Laviola\"}},{\"@type\":\"WebPage\",\"@id\":\"https:\\\/\\\/anoticiaonline.com.br\\\/site\\\/historias-que-vivi-na-historia-sera-lancado-em-muriae-nesta-quarta-1\\\/#webpage\",\"url\":\"https:\\\/\\\/anoticiaonline.com.br\\\/site\\\/historias-que-vivi-na-historia-sera-lancado-em-muriae-nesta-quarta-1\\\/\",\"name\":\"\\u201cHist\\u00f3rias que vivi na Hist\\u00f3ria\\u201d ser\\u00e1 lan\\u00e7ado em Muria\\u00e9 nesta quarta (1\\u00ba) - A Not\\u00edcia Online\",\"description\":\"O jornalista, pol\\u00edtico e militante dos direitos humanos Nilm\\u00e1rio Miranda lan\\u00e7a nesta quarta-feira (1\\u00ba\\\/8), em Muria\\u00e9 o livro de mem\\u00f3rias \\u201cHist\\u00f3rias que vivi na Hist\\u00f3ria\\u201d. A obra apresenta o testemunho de quem sentiu na pele o golpe civil-militar de 1964, a instaura\\u00e7\\u00e3o do terror de Estado e lutou pelo restabelecimento da democracia. O relato come\\u00e7a pela forma\\u00e7\\u00e3o pol\\u00edtica em Te\\u00f3filo Otoni,\",\"inLanguage\":\"pt-BR\",\"isPartOf\":{\"@id\":\"https:\\\/\\\/anoticiaonline.com.br\\\/site\\\/#website\"},\"breadcrumb\":{\"@id\":\"https:\\\/\\\/anoticiaonline.com.br\\\/site\\\/historias-que-vivi-na-historia-sera-lancado-em-muriae-nesta-quarta-1\\\/#breadcrumblist\"},\"author\":{\"@id\":\"https:\\\/\\\/anoticiaonline.com.br\\\/site\\\/author\\\/juliana\\\/#author\"},\"creator\":{\"@id\":\"https:\\\/\\\/anoticiaonline.com.br\\\/site\\\/author\\\/juliana\\\/#author\"},\"image\":{\"@type\":\"ImageObject\",\"url\":\"https:\\\/\\\/anoticiaonline.com.br\\\/site\\\/wp-content\\\/uploads\\\/2018\\\/08\\\/convite-web-muria\\u00e91-768x1024.jpg\",\"@id\":\"https:\\\/\\\/anoticiaonline.com.br\\\/site\\\/historias-que-vivi-na-historia-sera-lancado-em-muriae-nesta-quarta-1\\\/#mainImage\",\"width\":480,\"height\":640},\"primaryImageOfPage\":{\"@id\":\"https:\\\/\\\/anoticiaonline.com.br\\\/site\\\/historias-que-vivi-na-historia-sera-lancado-em-muriae-nesta-quarta-1\\\/#mainImage\"},\"datePublished\":\"2018-08-01T12:34:43-03:00\",\"dateModified\":\"2018-08-01T12:41:51-03:00\"},{\"@type\":\"WebSite\",\"@id\":\"https:\\\/\\\/anoticiaonline.com.br\\\/site\\\/#website\",\"url\":\"https:\\\/\\\/anoticiaonline.com.br\\\/site\\\/\",\"name\":\"A Not\\u00edcia Online\",\"description\":\"Noticias de Muria\\u00e9 e regi\\u00e3o\",\"inLanguage\":\"pt-BR\",\"publisher\":{\"@id\":\"https:\\\/\\\/anoticiaonline.com.br\\\/site\\\/#organization\"}}]}\n\t\t<\/script>\n\t\t<!-- All in One SEO -->\n\n","aioseo_head_json":{"title":"\u201cHist\u00f3rias que vivi na Hist\u00f3ria\u201d ser\u00e1 lan\u00e7ado em Muria\u00e9 nesta quarta (1\u00ba) - A Not\u00edcia Online","description":"O jornalista, pol\u00edtico e militante dos direitos humanos Nilm\u00e1rio Miranda lan\u00e7a nesta quarta-feira (1\u00ba\/8), em Muria\u00e9 o livro de mem\u00f3rias \u201cHist\u00f3rias que vivi na Hist\u00f3ria\u201d. A obra apresenta o testemunho de quem sentiu na pele o golpe civil-militar de 1964, a instaura\u00e7\u00e3o do terror de Estado e lutou pelo restabelecimento da democracia. O relato come\u00e7a pela forma\u00e7\u00e3o pol\u00edtica em Te\u00f3filo Otoni,","canonical_url":"https:\/\/anoticiaonline.com.br\/site\/historias-que-vivi-na-historia-sera-lancado-em-muriae-nesta-quarta-1\/","robots":"max-image-preview:large","keywords":"","webmasterTools":{"miscellaneous":""},"schema":{"@context":"https:\/\/schema.org","@graph":[{"@type":"BlogPosting","@id":"https:\/\/anoticiaonline.com.br\/site\/historias-que-vivi-na-historia-sera-lancado-em-muriae-nesta-quarta-1\/#blogposting","name":"\u201cHist\u00f3rias que vivi na Hist\u00f3ria\u201d ser\u00e1 lan\u00e7ado em Muria\u00e9 nesta quarta (1\u00ba) - A Not\u00edcia Online","headline":"\u201cHist\u00f3rias que vivi na Hist\u00f3ria\u201d ser\u00e1 lan\u00e7ado em Muria\u00e9 nesta quarta (1\u00ba)","author":{"@id":"https:\/\/anoticiaonline.com.br\/site\/author\/juliana\/#author"},"publisher":{"@id":"https:\/\/anoticiaonline.com.br\/site\/#organization"},"image":{"@type":"ImageObject","url":"https:\/\/anoticiaonline.com.br\/site\/wp-content\/uploads\/2018\/08\/convite-web-muria\u00e91-768x1024.jpg","width":480,"height":640},"datePublished":"2018-08-01T12:34:43-03:00","dateModified":"2018-08-01T12:41:51-03:00","inLanguage":"pt-BR","mainEntityOfPage":{"@id":"https:\/\/anoticiaonline.com.br\/site\/historias-que-vivi-na-historia-sera-lancado-em-muriae-nesta-quarta-1\/#webpage"},"isPartOf":{"@id":"https:\/\/anoticiaonline.com.br\/site\/historias-que-vivi-na-historia-sera-lancado-em-muriae-nesta-quarta-1\/#webpage"},"articleSection":"Blog, Cultura, \u201cHist\u00f3rias que vivi na Hist\u00f3ria\u201d, jornalista, lan\u00e7amento, livro, Nilm\u00e1rio Miranda, pol\u00edtico, Te\u00f3filo Otoni"},{"@type":"BreadcrumbList","@id":"https:\/\/anoticiaonline.com.br\/site\/historias-que-vivi-na-historia-sera-lancado-em-muriae-nesta-quarta-1\/#breadcrumblist","itemListElement":[{"@type":"ListItem","@id":"https:\/\/anoticiaonline.com.br\/site#listItem","position":1,"name":"Home","item":"https:\/\/anoticiaonline.com.br\/site","nextItem":{"@type":"ListItem","@id":"https:\/\/anoticiaonline.com.br\/site\/categoria\/muriae\/#listItem","name":"Blog"}},{"@type":"ListItem","@id":"https:\/\/anoticiaonline.com.br\/site\/categoria\/muriae\/#listItem","position":2,"name":"Blog","item":"https:\/\/anoticiaonline.com.br\/site\/categoria\/muriae\/","nextItem":{"@type":"ListItem","@id":"https:\/\/anoticiaonline.com.br\/site\/categoria\/muriae\/cultura\/#listItem","name":"Cultura"},"previousItem":{"@type":"ListItem","@id":"https:\/\/anoticiaonline.com.br\/site#listItem","name":"Home"}},{"@type":"ListItem","@id":"https:\/\/anoticiaonline.com.br\/site\/categoria\/muriae\/cultura\/#listItem","position":3,"name":"Cultura","item":"https:\/\/anoticiaonline.com.br\/site\/categoria\/muriae\/cultura\/","nextItem":{"@type":"ListItem","@id":"https:\/\/anoticiaonline.com.br\/site\/historias-que-vivi-na-historia-sera-lancado-em-muriae-nesta-quarta-1\/#listItem","name":"\u201cHist\u00f3rias que vivi na Hist\u00f3ria\u201d ser\u00e1 lan\u00e7ado em Muria\u00e9 nesta quarta (1\u00ba)"},"previousItem":{"@type":"ListItem","@id":"https:\/\/anoticiaonline.com.br\/site\/categoria\/muriae\/#listItem","name":"Blog"}},{"@type":"ListItem","@id":"https:\/\/anoticiaonline.com.br\/site\/historias-que-vivi-na-historia-sera-lancado-em-muriae-nesta-quarta-1\/#listItem","position":4,"name":"\u201cHist\u00f3rias que vivi na Hist\u00f3ria\u201d ser\u00e1 lan\u00e7ado em Muria\u00e9 nesta quarta (1\u00ba)","previousItem":{"@type":"ListItem","@id":"https:\/\/anoticiaonline.com.br\/site\/categoria\/muriae\/cultura\/#listItem","name":"Cultura"}}]},{"@type":"Organization","@id":"https:\/\/anoticiaonline.com.br\/site\/#organization","name":"A Not\u00edcia Online","description":"Noticias de Muria\u00e9 e regi\u00e3o","url":"https:\/\/anoticiaonline.com.br\/site\/","logo":{"@type":"ImageObject","url":"https:\/\/scontent-gig4-1.xx.fbcdn.net\/v\/t39.30808-1\/270437624_4564083193639691_6907940295614233970_n.jpg?stp=dst-jpg_s200x200_tt6&_nc_cat=111&ccb=1-7&_nc_sid=f907e8&_nc_ohc=SM1wRlP3lJwQ7kNvwEPuBYA&_nc_oc=AdnqrjDN_BNjSSHWO-GbkIWH6fkGMLw4bqvL_NH6e2wMveX7G-rP2dAqsDSq1mJMOaY&_nc_zt=24&_nc_ht=scontent-gig4-1.xx&_nc_gid=AoBFJeGrT1hVaew_6rchkQ&oh=00_AfX7QmFGhQhG2jAllVgXCiM1ZrWgvtp80-Bfppyexh1QEg&oe=689E923C","@id":"https:\/\/anoticiaonline.com.br\/site\/historias-que-vivi-na-historia-sera-lancado-em-muriae-nesta-quarta-1\/#organizationLogo"},"image":{"@id":"https:\/\/anoticiaonline.com.br\/site\/historias-que-vivi-na-historia-sera-lancado-em-muriae-nesta-quarta-1\/#organizationLogo"}},{"@type":"Person","@id":"https:\/\/anoticiaonline.com.br\/site\/author\/juliana\/#author","url":"https:\/\/anoticiaonline.com.br\/site\/author\/juliana\/","name":"Juliana Laviola","image":{"@type":"ImageObject","@id":"https:\/\/anoticiaonline.com.br\/site\/historias-que-vivi-na-historia-sera-lancado-em-muriae-nesta-quarta-1\/#authorImage","url":"https:\/\/secure.gravatar.com\/avatar\/b8d45f5c699b100dfaf0e543582f38f38bf94cb7ae3a5e9abf8d891a34773335?s=96&d=mm&r=g","width":96,"height":96,"caption":"Juliana Laviola"}},{"@type":"WebPage","@id":"https:\/\/anoticiaonline.com.br\/site\/historias-que-vivi-na-historia-sera-lancado-em-muriae-nesta-quarta-1\/#webpage","url":"https:\/\/anoticiaonline.com.br\/site\/historias-que-vivi-na-historia-sera-lancado-em-muriae-nesta-quarta-1\/","name":"\u201cHist\u00f3rias que vivi na Hist\u00f3ria\u201d ser\u00e1 lan\u00e7ado em Muria\u00e9 nesta quarta (1\u00ba) - A Not\u00edcia Online","description":"O jornalista, pol\u00edtico e militante dos direitos humanos Nilm\u00e1rio Miranda lan\u00e7a nesta quarta-feira (1\u00ba\/8), em Muria\u00e9 o livro de mem\u00f3rias \u201cHist\u00f3rias que vivi na Hist\u00f3ria\u201d. A obra apresenta o testemunho de quem sentiu na pele o golpe civil-militar de 1964, a instaura\u00e7\u00e3o do terror de Estado e lutou pelo restabelecimento da democracia. O relato come\u00e7a pela forma\u00e7\u00e3o pol\u00edtica em Te\u00f3filo Otoni,","inLanguage":"pt-BR","isPartOf":{"@id":"https:\/\/anoticiaonline.com.br\/site\/#website"},"breadcrumb":{"@id":"https:\/\/anoticiaonline.com.br\/site\/historias-que-vivi-na-historia-sera-lancado-em-muriae-nesta-quarta-1\/#breadcrumblist"},"author":{"@id":"https:\/\/anoticiaonline.com.br\/site\/author\/juliana\/#author"},"creator":{"@id":"https:\/\/anoticiaonline.com.br\/site\/author\/juliana\/#author"},"image":{"@type":"ImageObject","url":"https:\/\/anoticiaonline.com.br\/site\/wp-content\/uploads\/2018\/08\/convite-web-muria\u00e91-768x1024.jpg","@id":"https:\/\/anoticiaonline.com.br\/site\/historias-que-vivi-na-historia-sera-lancado-em-muriae-nesta-quarta-1\/#mainImage","width":480,"height":640},"primaryImageOfPage":{"@id":"https:\/\/anoticiaonline.com.br\/site\/historias-que-vivi-na-historia-sera-lancado-em-muriae-nesta-quarta-1\/#mainImage"},"datePublished":"2018-08-01T12:34:43-03:00","dateModified":"2018-08-01T12:41:51-03:00"},{"@type":"WebSite","@id":"https:\/\/anoticiaonline.com.br\/site\/#website","url":"https:\/\/anoticiaonline.com.br\/site\/","name":"A Not\u00edcia Online","description":"Noticias de Muria\u00e9 e regi\u00e3o","inLanguage":"pt-BR","publisher":{"@id":"https:\/\/anoticiaonline.com.br\/site\/#organization"}}]},"og:locale":"pt_BR","og:site_name":"A Not\u00edcia Online - Noticias de Muria\u00e9 e regi\u00e3o","og:type":"article","og:title":"\u201cHist\u00f3rias que vivi na Hist\u00f3ria\u201d ser\u00e1 lan\u00e7ado em Muria\u00e9 nesta quarta (1\u00ba) - A Not\u00edcia Online","og:description":"O jornalista, pol\u00edtico e militante dos direitos humanos Nilm\u00e1rio Miranda lan\u00e7a nesta quarta-feira (1\u00ba\/8), em Muria\u00e9 o livro de mem\u00f3rias \u201cHist\u00f3rias que vivi na Hist\u00f3ria\u201d. A obra apresenta o testemunho de quem sentiu na pele o golpe civil-militar de 1964, a instaura\u00e7\u00e3o do terror de Estado e lutou pelo restabelecimento da democracia. O relato come\u00e7a pela forma\u00e7\u00e3o pol\u00edtica em Te\u00f3filo Otoni,","og:url":"https:\/\/anoticiaonline.com.br\/site\/historias-que-vivi-na-historia-sera-lancado-em-muriae-nesta-quarta-1\/","og:image":"https:\/\/scontent-gig4-1.xx.fbcdn.net\/v\/t39.30808-1\/270437624_4564083193639691_6907940295614233970_n.jpg?stp=dst-jpg_s200x200_tt6&#038;_nc_cat=111&#038;ccb=1-7&#038;_nc_sid=f907e8&#038;_nc_ohc=SM1wRlP3lJwQ7kNvwEPuBYA&#038;_nc_oc=AdnqrjDN_BNjSSHWO-GbkIWH6fkGMLw4bqvL_NH6e2wMveX7G-rP2dAqsDSq1mJMOaY&#038;_nc_zt=24&#038;_nc_ht=scontent-gig4-1.xx&#038;_nc_gid=AoBFJeGrT1hVaew_6rchkQ&#038;oh=00_AfX7QmFGhQhG2jAllVgXCiM1ZrWgvtp80-Bfppyexh1QEg&#038;oe=689E923C","og:image:secure_url":"https:\/\/scontent-gig4-1.xx.fbcdn.net\/v\/t39.30808-1\/270437624_4564083193639691_6907940295614233970_n.jpg?stp=dst-jpg_s200x200_tt6&#038;_nc_cat=111&#038;ccb=1-7&#038;_nc_sid=f907e8&#038;_nc_ohc=SM1wRlP3lJwQ7kNvwEPuBYA&#038;_nc_oc=AdnqrjDN_BNjSSHWO-GbkIWH6fkGMLw4bqvL_NH6e2wMveX7G-rP2dAqsDSq1mJMOaY&#038;_nc_zt=24&#038;_nc_ht=scontent-gig4-1.xx&#038;_nc_gid=AoBFJeGrT1hVaew_6rchkQ&#038;oh=00_AfX7QmFGhQhG2jAllVgXCiM1ZrWgvtp80-Bfppyexh1QEg&#038;oe=689E923C","article:published_time":"2018-08-01T15:34:43+00:00","article:modified_time":"2018-08-01T15:41:51+00:00","twitter:card":"summary_large_image","twitter:title":"\u201cHist\u00f3rias que vivi na Hist\u00f3ria\u201d ser\u00e1 lan\u00e7ado em Muria\u00e9 nesta quarta (1\u00ba) - A Not\u00edcia Online","twitter:description":"O jornalista, pol\u00edtico e militante dos direitos humanos Nilm\u00e1rio Miranda lan\u00e7a nesta quarta-feira (1\u00ba\/8), em Muria\u00e9 o livro de mem\u00f3rias \u201cHist\u00f3rias que vivi na Hist\u00f3ria\u201d. A obra apresenta o testemunho de quem sentiu na pele o golpe civil-militar de 1964, a instaura\u00e7\u00e3o do terror de Estado e lutou pelo restabelecimento da democracia. O relato come\u00e7a pela forma\u00e7\u00e3o pol\u00edtica em Te\u00f3filo Otoni,","twitter:image":"https:\/\/scontent-gig4-1.xx.fbcdn.net\/v\/t39.30808-1\/270437624_4564083193639691_6907940295614233970_n.jpg?stp=dst-jpg_s200x200_tt6&_nc_cat=111&ccb=1-7&_nc_sid=f907e8&_nc_ohc=SM1wRlP3lJwQ7kNvwEPuBYA&_nc_oc=AdnqrjDN_BNjSSHWO-GbkIWH6fkGMLw4bqvL_NH6e2wMveX7G-rP2dAqsDSq1mJMOaY&_nc_zt=24&_nc_ht=scontent-gig4-1.xx&_nc_gid=AoBFJeGrT1hVaew_6rchkQ&oh=00_AfX7QmFGhQhG2jAllVgXCiM1ZrWgvtp80-Bfppyexh1QEg&oe=689E923C"},"aioseo_meta_data":{"post_id":"58987","title":null,"description":null,"keywords":null,"keyphrases":null,"primary_term":null,"canonical_url":null,"og_title":null,"og_description":null,"og_object_type":"default","og_image_type":"default","og_image_url":null,"og_image_width":null,"og_image_height":null,"og_image_custom_url":null,"og_image_custom_fields":null,"og_video":null,"og_custom_url":null,"og_article_section":null,"og_article_tags":null,"twitter_use_og":false,"twitter_card":"default","twitter_image_type":"default","twitter_image_url":null,"twitter_image_custom_url":null,"twitter_image_custom_fields":null,"twitter_title":null,"twitter_description":null,"schema":{"blockGraphs":[],"customGraphs":[],"default":{"data":{"Article":[],"Course":[],"Dataset":[],"FAQPage":[],"Movie":[],"Person":[],"Product":[],"ProductReview":[],"Car":[],"Recipe":[],"Service":[],"SoftwareApplication":[],"WebPage":[]},"graphName":"","isEnabled":true},"graphs":[]},"schema_type":"default","schema_type_options":null,"pillar_content":false,"robots_default":true,"robots_noindex":false,"robots_noarchive":false,"robots_nosnippet":false,"robots_nofollow":false,"robots_noimageindex":false,"robots_noodp":false,"robots_notranslate":false,"robots_max_snippet":null,"robots_max_videopreview":null,"robots_max_imagepreview":"large","priority":null,"frequency":null,"local_seo":null,"breadcrumb_settings":null,"limit_modified_date":false,"ai":null,"created":"2025-08-16 21:19:25","updated":"2025-08-16 21:19:25","focus_keyword":null,"additional_keywords":null,"truseo_locale":null,"seo_analyzer_scan_date":null},"aioseo_breadcrumb":"<div class=\"aioseo-breadcrumbs\"><span class=\"aioseo-breadcrumb\">\n\t\t\t<a href=\"https:\/\/anoticiaonline.com.br\/site\" title=\"Home\">Home<\/a>\n\t\t<\/span><span class=\"aioseo-breadcrumb-separator\">&raquo;<\/span><span class=\"aioseo-breadcrumb\">\n\t\t\t<a href=\"https:\/\/anoticiaonline.com.br\/site\/categoria\/muriae\/\" title=\"Blog\">Blog<\/a>\n\t\t<\/span><span class=\"aioseo-breadcrumb-separator\">&raquo;<\/span><span class=\"aioseo-breadcrumb\">\n\t\t\t<a href=\"https:\/\/anoticiaonline.com.br\/site\/categoria\/muriae\/cultura\/\" title=\"Cultura\">Cultura<\/a>\n\t\t<\/span><span class=\"aioseo-breadcrumb-separator\">&raquo;<\/span><span class=\"aioseo-breadcrumb\">\n\t\t\t\u201cHist\u00f3rias que vivi na Hist\u00f3ria\u201d ser\u00e1 lan\u00e7ado em Muria\u00e9 nesta quarta (1\u00ba)\n\t\t<\/span><\/div>","aioseo_breadcrumb_json":[{"label":"Home","link":"https:\/\/anoticiaonline.com.br\/site"},{"label":"Blog","link":"https:\/\/anoticiaonline.com.br\/site\/categoria\/muriae\/"},{"label":"Cultura","link":"https:\/\/anoticiaonline.com.br\/site\/categoria\/muriae\/cultura\/"},{"label":"\u201cHist\u00f3rias que vivi na Hist\u00f3ria\u201d ser\u00e1 lan\u00e7ado em Muria\u00e9 nesta quarta (1\u00ba)","link":"https:\/\/anoticiaonline.com.br\/site\/historias-que-vivi-na-historia-sera-lancado-em-muriae-nesta-quarta-1\/"}],"views":144,"_links":{"self":[{"href":"https:\/\/anoticiaonline.com.br\/site\/wp-json\/wp\/v2\/posts\/58987","targetHints":{"allow":["GET"]}}],"collection":[{"href":"https:\/\/anoticiaonline.com.br\/site\/wp-json\/wp\/v2\/posts"}],"about":[{"href":"https:\/\/anoticiaonline.com.br\/site\/wp-json\/wp\/v2\/types\/post"}],"author":[{"embeddable":true,"href":"https:\/\/anoticiaonline.com.br\/site\/wp-json\/wp\/v2\/users\/2"}],"replies":[{"embeddable":true,"href":"https:\/\/anoticiaonline.com.br\/site\/wp-json\/wp\/v2\/comments?post=58987"}],"version-history":[{"count":0,"href":"https:\/\/anoticiaonline.com.br\/site\/wp-json\/wp\/v2\/posts\/58987\/revisions"}],"wp:featuredmedia":[{"embeddable":true,"href":"https:\/\/anoticiaonline.com.br\/site\/wp-json\/wp\/v2\/media\/58988"}],"wp:attachment":[{"href":"https:\/\/anoticiaonline.com.br\/site\/wp-json\/wp\/v2\/media?parent=58987"}],"wp:term":[{"taxonomy":"category","embeddable":true,"href":"https:\/\/anoticiaonline.com.br\/site\/wp-json\/wp\/v2\/categories?post=58987"},{"taxonomy":"post_tag","embeddable":true,"href":"https:\/\/anoticiaonline.com.br\/site\/wp-json\/wp\/v2\/tags?post=58987"}],"curies":[{"name":"wp","href":"https:\/\/api.w.org\/{rel}","templated":true}]}}