{"id":58983,"date":"2018-08-01T12:21:43","date_gmt":"2018-08-01T15:21:43","guid":{"rendered":"http:\/\/anoticiaonline.com.br\/site\/?p=58983"},"modified":"2018-08-01T12:25:32","modified_gmt":"2018-08-01T15:25:32","slug":"eleicoes-2018-nei-chicareli-ex-prefeito-de-vieiras-esta-confirmado-como-candidato-a-deputado-estadual-pela-rede","status":"publish","type":"post","link":"https:\/\/anoticiaonline.com.br\/site\/eleicoes-2018-nei-chicareli-ex-prefeito-de-vieiras-esta-confirmado-como-candidato-a-deputado-estadual-pela-rede\/","title":{"rendered":"Elei\u00e7\u00f5es 2018: Nei\u00a0Chicareli, ex-prefeito de Vieiras, est\u00e1 confirmado como candidato a deputado estadual pela Rede"},"content":{"rendered":"<p style=\"font-weight: 400;\"><a href=\"https:\/\/anoticiaonline.com.br\/site\/wp-content\/uploads\/2018\/08\/Pre-candidato-Nei-Chicareli-da-Rede-Sustentabilidade-1.jpg\"><img fetchpriority=\"high\" decoding=\"async\" class=\"aligncenter size-full wp-image-58985\" src=\"https:\/\/anoticiaonline.com.br\/site\/wp-content\/uploads\/2018\/08\/Pre-candidato-Nei-Chicareli-da-Rede-Sustentabilidade-1.jpg\" alt=\"\" width=\"640\" height=\"473\" srcset=\"https:\/\/anoticiaonline.com.br\/site\/wp-content\/uploads\/2018\/08\/Pre-candidato-Nei-Chicareli-da-Rede-Sustentabilidade-1.jpg 640w, https:\/\/anoticiaonline.com.br\/site\/wp-content\/uploads\/2018\/08\/Pre-candidato-Nei-Chicareli-da-Rede-Sustentabilidade-1-300x222.jpg 300w\" sizes=\"(max-width: 640px) 100vw, 640px\" \/><\/a>O empreendedor e ex-prefeito de Vieiras, na Zona da Mata, Nei Chicareli, teve o nome confirmado como pr\u00e9-candidato a deputado estadual pela Rede Sustentabilidade durante a conven\u00e7\u00e3o do partido em Minas, realizada nessa segunda-feira (30\/07) em Belo Horizonte. O pr\u00e9-candidato esteve presente no encontro e, ao final, destacou a import\u00e2ncia de haver renova\u00e7\u00e3o no quadro pol\u00edtico atual.<br \/>\n&#8220;Parte da popula\u00e7\u00e3o est\u00e1 desacreditada da pol\u00edtica e, infelizmente, alguns dos representantes p\u00fablicos no poder hoje n\u00e3o contribuem para mudar essa vis\u00e3o, aprovando medidas e reformas que prejudicam os trabalhadores e aposentados. Mas a boa not\u00edcia \u00e9 que chegou a hora da decis\u00e3o: se as pessoas est\u00e3o insatisfeitas, ent\u00e3o, a elei\u00e7\u00e3o \u00e9 o momento ideal para trocar essas lideran\u00e7as e seus comparsas&#8221;, pontua.<br \/>\n&#8220;Desde a pr\u00e9-campanha, eu tenho proposto um di\u00e1logo aberto e transparente com as comunidades na Zona da Mata e Leste de Minas, visitando diversos munic\u00edpios. Apesar da situa\u00e7\u00e3o delicada que o Brasil enfrenta, percebo que os cidad\u00e3os est\u00e3o dispostos a fazer a sua parte, elegendo candidatos com um passado limpo, honestos e comprometidos com a mudan\u00e7a. Dessa forma, fa\u00e7o o convite para que conhe\u00e7am minha hist\u00f3ria e, assim, poder\u00e3o perceber como \u00e9 poss\u00edvel fazer uma pol\u00edtica diferente, com mais respeito ao povo&#8221;, acrescenta Nei Chicareli.<br \/>\nO pr\u00e9-candidato a deputado estadual \u00e9 conhecido por sua gest\u00e3o na prefeitura de Vieiras, quando o munic\u00edpio figurou entre os melhores de Minas em v\u00e1rios indicadores, principalmente nas \u00e1reas da Sa\u00fade, Meio Ambiente e Educa\u00e7\u00e3o. Nei Chicareli recebeu pr\u00eamios pelos projetos implementados no munic\u00edpio e tamb\u00e9m foi condecorado com a importante Medalha Santos Dumont. Al\u00e9m disso, a experi\u00eancia no setor privado lhe deu grande destaque, pois contribuiu para colocar a Zona da Mata como principal produtora de peixes de aqu\u00e1rio do pa\u00eds: hoje a regi\u00e3o responde por 70% da produ\u00e7\u00e3o nacional no setor, sendo Nei um dos vanguardistas no estado em piscicultura ornamental.<br \/>\n&#8220;De Vieiras, n\u00f3s demos o exemplo para outros administradores de que uma gest\u00e3o eficiente, estrat\u00e9gica e comprometida com o povo gera resultados positivos. Agora, queremos expandir o desenvolvimento e levar propostas para o Legislativo Estadual, com o intuito de lutar por toda a nossa regi\u00e3o&#8221;, conclui o representante da Rede Sustentabilidade, partido que tamb\u00e9m lan\u00e7ou candidatos ao Senado (Kak\u00e1 Menezes) e ao Governo de Minas (Jo\u00e3o Batista Mares Guia).<\/p>\n<p><a href=\"https:\/\/anoticiaonline.com.br\/site\/wp-content\/uploads\/2018\/08\/Nei-Chicareli-Conven\u00e7\u00e3o-Rede-Sustentabilidade-Minas.jpg\"><img decoding=\"async\" class=\"aligncenter size-full wp-image-58984\" src=\"https:\/\/anoticiaonline.com.br\/site\/wp-content\/uploads\/2018\/08\/Nei-Chicareli-Conven\u00e7\u00e3o-Rede-Sustentabilidade-Minas.jpg\" alt=\"\" width=\"640\" height=\"377\" srcset=\"https:\/\/anoticiaonline.com.br\/site\/wp-content\/uploads\/2018\/08\/Nei-Chicareli-Conven\u00e7\u00e3o-Rede-Sustentabilidade-Minas.jpg 640w, https:\/\/anoticiaonline.com.br\/site\/wp-content\/uploads\/2018\/08\/Nei-Chicareli-Conven\u00e7\u00e3o-Rede-Sustentabilidade-Minas-300x177.jpg 300w\" sizes=\"(max-width: 640px) 100vw, 640px\" \/><\/a><\/p>\n<p>*Fotos e texto: ASCOM\u00a0Nei Chicareli<\/p>\n","protected":false},"excerpt":{"rendered":"<p>O empreendedor e ex-prefeito de Vieiras, na Zona da Mata, Nei Chicareli, teve o nome confirmado como pr\u00e9-candidato a deputado estadual pela Rede Sustentabilidade durante a conven\u00e7\u00e3o do partido em Minas, realizada nessa segunda-feira (30\/07) em Belo Horizonte. O pr\u00e9-candidato esteve presente no encontro e, ao final, destacou a import\u00e2ncia de haver renova\u00e7\u00e3o no quadro &#8230; <a title=\"Elei\u00e7\u00f5es 2018: Nei\u00a0Chicareli, ex-prefeito de Vieiras, est\u00e1 confirmado como candidato a deputado estadual pela Rede\" class=\"read-more\" href=\"https:\/\/anoticiaonline.com.br\/site\/eleicoes-2018-nei-chicareli-ex-prefeito-de-vieiras-esta-confirmado-como-candidato-a-deputado-estadual-pela-rede\/\" aria-label=\"Read more about Elei\u00e7\u00f5es 2018: Nei\u00a0Chicareli, ex-prefeito de Vieiras, est\u00e1 confirmado como candidato a deputado estadual pela Rede\">Ler mais<\/a><\/p>\n","protected":false},"author":2,"featured_media":58985,"comment_status":"open","ping_status":"open","sticky":false,"template":"","format":"standard","meta":{"_acf_changed":false,"_monsterinsights_skip_tracking":false,"footnotes":""},"categories":[6],"tags":[2881,2882,732,2883,1624],"class_list":["post-58983","post","type-post","status-publish","format-standard","has-post-thumbnail","hentry","category-regiao","tag-candidato-deputado-estadual","tag-canditato","tag-deputado-estadual","tag-eleicoes-2018","tag-nei-chicareli"],"acf":[],"aioseo_notices":[],"aioseo_head":"\n\t\t<!-- All in One SEO 5.0.0.1 - aioseo.com -->\n\t<meta name=\"description\" content=\"O empreendedor e ex-prefeito de Vieiras, na Zona da Mata, Nei Chicareli, teve o nome confirmado como pr\u00e9-candidato a deputado estadual pela Rede Sustentabilidade durante a conven\u00e7\u00e3o do partido em Minas, realizada nessa segunda-feira (30\/07) em Belo Horizonte. O pr\u00e9-candidato esteve presente no encontro e, ao final, destacou a import\u00e2ncia de haver renova\u00e7\u00e3o no quadro\" \/>\n\t<meta name=\"robots\" content=\"max-image-preview:large\" \/>\n\t<meta name=\"author\" content=\"Juliana Laviola\"\/>\n\t<link rel=\"canonical\" href=\"https:\/\/anoticiaonline.com.br\/site\/eleicoes-2018-nei-chicareli-ex-prefeito-de-vieiras-esta-confirmado-como-candidato-a-deputado-estadual-pela-rede\/\" \/>\n\t<meta name=\"generator\" content=\"All in One SEO (AIOSEO) 5.0.0.1\" \/>\n\t\t<meta property=\"og:locale\" content=\"pt_BR\" \/>\n\t\t<meta property=\"og:site_name\" content=\"A Not\u00edcia Online - Noticias de Muria\u00e9 e regi\u00e3o\" \/>\n\t\t<meta property=\"og:type\" content=\"article\" \/>\n\t\t<meta property=\"og:title\" content=\"Elei\u00e7\u00f5es 2018: Nei Chicareli, ex-prefeito de Vieiras, est\u00e1 confirmado como candidato a deputado estadual pela Rede - A Not\u00edcia Online\" \/>\n\t\t<meta property=\"og:description\" content=\"O empreendedor e ex-prefeito de Vieiras, na Zona da Mata, Nei Chicareli, teve o nome confirmado como pr\u00e9-candidato a deputado estadual pela Rede Sustentabilidade durante a conven\u00e7\u00e3o do partido em Minas, realizada nessa segunda-feira (30\/07) em Belo Horizonte. O pr\u00e9-candidato esteve presente no encontro e, ao final, destacou a import\u00e2ncia de haver renova\u00e7\u00e3o no quadro\" \/>\n\t\t<meta property=\"og:url\" content=\"https:\/\/anoticiaonline.com.br\/site\/eleicoes-2018-nei-chicareli-ex-prefeito-de-vieiras-esta-confirmado-como-candidato-a-deputado-estadual-pela-rede\/\" \/>\n\t\t<meta property=\"og:image\" content=\"https:\/\/scontent-gig4-1.xx.fbcdn.net\/v\/t39.30808-1\/270437624_4564083193639691_6907940295614233970_n.jpg?stp=dst-jpg_s200x200_tt6&#038;_nc_cat=111&#038;ccb=1-7&#038;_nc_sid=f907e8&#038;_nc_ohc=SM1wRlP3lJwQ7kNvwEPuBYA&#038;_nc_oc=AdnqrjDN_BNjSSHWO-GbkIWH6fkGMLw4bqvL_NH6e2wMveX7G-rP2dAqsDSq1mJMOaY&#038;_nc_zt=24&#038;_nc_ht=scontent-gig4-1.xx&#038;_nc_gid=AoBFJeGrT1hVaew_6rchkQ&#038;oh=00_AfX7QmFGhQhG2jAllVgXCiM1ZrWgvtp80-Bfppyexh1QEg&#038;oe=689E923C\" \/>\n\t\t<meta property=\"og:image:secure_url\" content=\"https:\/\/scontent-gig4-1.xx.fbcdn.net\/v\/t39.30808-1\/270437624_4564083193639691_6907940295614233970_n.jpg?stp=dst-jpg_s200x200_tt6&#038;_nc_cat=111&#038;ccb=1-7&#038;_nc_sid=f907e8&#038;_nc_ohc=SM1wRlP3lJwQ7kNvwEPuBYA&#038;_nc_oc=AdnqrjDN_BNjSSHWO-GbkIWH6fkGMLw4bqvL_NH6e2wMveX7G-rP2dAqsDSq1mJMOaY&#038;_nc_zt=24&#038;_nc_ht=scontent-gig4-1.xx&#038;_nc_gid=AoBFJeGrT1hVaew_6rchkQ&#038;oh=00_AfX7QmFGhQhG2jAllVgXCiM1ZrWgvtp80-Bfppyexh1QEg&#038;oe=689E923C\" \/>\n\t\t<meta property=\"article:published_time\" content=\"2018-08-01T15:21:43+00:00\" \/>\n\t\t<meta property=\"article:modified_time\" content=\"2018-08-01T15:25:32+00:00\" \/>\n\t\t<meta name=\"twitter:card\" content=\"summary_large_image\" \/>\n\t\t<meta name=\"twitter:title\" content=\"Elei\u00e7\u00f5es 2018: Nei Chicareli, ex-prefeito de Vieiras, est\u00e1 confirmado como candidato a deputado estadual pela Rede - A Not\u00edcia Online\" \/>\n\t\t<meta name=\"twitter:description\" content=\"O empreendedor e ex-prefeito de Vieiras, na Zona da Mata, Nei Chicareli, teve o nome confirmado como pr\u00e9-candidato a deputado estadual pela Rede Sustentabilidade durante a conven\u00e7\u00e3o do partido em Minas, realizada nessa segunda-feira (30\/07) em Belo Horizonte. O pr\u00e9-candidato esteve presente no encontro e, ao final, destacou a import\u00e2ncia de haver renova\u00e7\u00e3o no quadro\" \/>\n\t\t<meta name=\"twitter:image\" content=\"https:\/\/scontent-gig4-1.xx.fbcdn.net\/v\/t39.30808-1\/270437624_4564083193639691_6907940295614233970_n.jpg?stp=dst-jpg_s200x200_tt6&amp;_nc_cat=111&amp;ccb=1-7&amp;_nc_sid=f907e8&amp;_nc_ohc=SM1wRlP3lJwQ7kNvwEPuBYA&amp;_nc_oc=AdnqrjDN_BNjSSHWO-GbkIWH6fkGMLw4bqvL_NH6e2wMveX7G-rP2dAqsDSq1mJMOaY&amp;_nc_zt=24&amp;_nc_ht=scontent-gig4-1.xx&amp;_nc_gid=AoBFJeGrT1hVaew_6rchkQ&amp;oh=00_AfX7QmFGhQhG2jAllVgXCiM1ZrWgvtp80-Bfppyexh1QEg&amp;oe=689E923C\" \/>\n\t\t<script type=\"application\/ld+json\" class=\"aioseo-schema\">\n\t\t\t{\"@context\":\"https:\\\/\\\/schema.org\",\"@graph\":[{\"@type\":\"BlogPosting\",\"@id\":\"https:\\\/\\\/anoticiaonline.com.br\\\/site\\\/eleicoes-2018-nei-chicareli-ex-prefeito-de-vieiras-esta-confirmado-como-candidato-a-deputado-estadual-pela-rede\\\/#blogposting\",\"name\":\"Elei\\u00e7\\u00f5es 2018: Nei Chicareli, ex-prefeito de Vieiras, est\\u00e1 confirmado como candidato a deputado estadual pela Rede - A Not\\u00edcia Online\",\"headline\":\"Elei\\u00e7\\u00f5es 2018: Nei\\u00a0Chicareli, ex-prefeito de Vieiras, est\\u00e1 confirmado como candidato a deputado estadual pela Rede\",\"author\":{\"@id\":\"https:\\\/\\\/anoticiaonline.com.br\\\/site\\\/author\\\/juliana\\\/#author\"},\"publisher\":{\"@id\":\"https:\\\/\\\/anoticiaonline.com.br\\\/site\\\/#organization\"},\"image\":{\"@type\":\"ImageObject\",\"url\":\"https:\\\/\\\/anoticiaonline.com.br\\\/site\\\/wp-content\\\/uploads\\\/2018\\\/08\\\/Pre-candidato-Nei-Chicareli-da-Rede-Sustentabilidade-1.jpg\",\"width\":640,\"height\":473},\"datePublished\":\"2018-08-01T12:21:43-03:00\",\"dateModified\":\"2018-08-01T12:25:32-03:00\",\"inLanguage\":\"pt-BR\",\"commentCount\":1,\"mainEntityOfPage\":{\"@id\":\"https:\\\/\\\/anoticiaonline.com.br\\\/site\\\/eleicoes-2018-nei-chicareli-ex-prefeito-de-vieiras-esta-confirmado-como-candidato-a-deputado-estadual-pela-rede\\\/#webpage\"},\"isPartOf\":{\"@id\":\"https:\\\/\\\/anoticiaonline.com.br\\\/site\\\/eleicoes-2018-nei-chicareli-ex-prefeito-de-vieiras-esta-confirmado-como-candidato-a-deputado-estadual-pela-rede\\\/#webpage\"},\"articleSection\":\"Regi\\u00e3o, candidato deputado estadual, canditato, deputado estadual, ELEI\\u00c7\\u00d5ES 2018, Nei Chicareli\"},{\"@type\":\"BreadcrumbList\",\"@id\":\"https:\\\/\\\/anoticiaonline.com.br\\\/site\\\/eleicoes-2018-nei-chicareli-ex-prefeito-de-vieiras-esta-confirmado-como-candidato-a-deputado-estadual-pela-rede\\\/#breadcrumblist\",\"itemListElement\":[{\"@type\":\"ListItem\",\"@id\":\"https:\\\/\\\/anoticiaonline.com.br\\\/site#listItem\",\"position\":1,\"name\":\"Home\",\"item\":\"https:\\\/\\\/anoticiaonline.com.br\\\/site\",\"nextItem\":{\"@type\":\"ListItem\",\"@id\":\"https:\\\/\\\/anoticiaonline.com.br\\\/site\\\/categoria\\\/regiao\\\/#listItem\",\"name\":\"Regi\\u00e3o\"}},{\"@type\":\"ListItem\",\"@id\":\"https:\\\/\\\/anoticiaonline.com.br\\\/site\\\/categoria\\\/regiao\\\/#listItem\",\"position\":2,\"name\":\"Regi\\u00e3o\",\"item\":\"https:\\\/\\\/anoticiaonline.com.br\\\/site\\\/categoria\\\/regiao\\\/\",\"nextItem\":{\"@type\":\"ListItem\",\"@id\":\"https:\\\/\\\/anoticiaonline.com.br\\\/site\\\/eleicoes-2018-nei-chicareli-ex-prefeito-de-vieiras-esta-confirmado-como-candidato-a-deputado-estadual-pela-rede\\\/#listItem\",\"name\":\"Elei\\u00e7\\u00f5es 2018: Nei\\u00a0Chicareli, ex-prefeito de Vieiras, est\\u00e1 confirmado como candidato a deputado estadual pela Rede\"},\"previousItem\":{\"@type\":\"ListItem\",\"@id\":\"https:\\\/\\\/anoticiaonline.com.br\\\/site#listItem\",\"name\":\"Home\"}},{\"@type\":\"ListItem\",\"@id\":\"https:\\\/\\\/anoticiaonline.com.br\\\/site\\\/eleicoes-2018-nei-chicareli-ex-prefeito-de-vieiras-esta-confirmado-como-candidato-a-deputado-estadual-pela-rede\\\/#listItem\",\"position\":3,\"name\":\"Elei\\u00e7\\u00f5es 2018: Nei\\u00a0Chicareli, ex-prefeito de Vieiras, est\\u00e1 confirmado como candidato a deputado estadual pela Rede\",\"previousItem\":{\"@type\":\"ListItem\",\"@id\":\"https:\\\/\\\/anoticiaonline.com.br\\\/site\\\/categoria\\\/regiao\\\/#listItem\",\"name\":\"Regi\\u00e3o\"}}]},{\"@type\":\"Organization\",\"@id\":\"https:\\\/\\\/anoticiaonline.com.br\\\/site\\\/#organization\",\"name\":\"A Not\\u00edcia Online\",\"description\":\"Noticias de Muria\\u00e9 e regi\\u00e3o\",\"url\":\"https:\\\/\\\/anoticiaonline.com.br\\\/site\\\/\",\"logo\":{\"@type\":\"ImageObject\",\"url\":\"https:\\\/\\\/scontent-gig4-1.xx.fbcdn.net\\\/v\\\/t39.30808-1\\\/270437624_4564083193639691_6907940295614233970_n.jpg?stp=dst-jpg_s200x200_tt6&_nc_cat=111&ccb=1-7&_nc_sid=f907e8&_nc_ohc=SM1wRlP3lJwQ7kNvwEPuBYA&_nc_oc=AdnqrjDN_BNjSSHWO-GbkIWH6fkGMLw4bqvL_NH6e2wMveX7G-rP2dAqsDSq1mJMOaY&_nc_zt=24&_nc_ht=scontent-gig4-1.xx&_nc_gid=AoBFJeGrT1hVaew_6rchkQ&oh=00_AfX7QmFGhQhG2jAllVgXCiM1ZrWgvtp80-Bfppyexh1QEg&oe=689E923C\",\"@id\":\"https:\\\/\\\/anoticiaonline.com.br\\\/site\\\/eleicoes-2018-nei-chicareli-ex-prefeito-de-vieiras-esta-confirmado-como-candidato-a-deputado-estadual-pela-rede\\\/#organizationLogo\"},\"image\":{\"@id\":\"https:\\\/\\\/anoticiaonline.com.br\\\/site\\\/eleicoes-2018-nei-chicareli-ex-prefeito-de-vieiras-esta-confirmado-como-candidato-a-deputado-estadual-pela-rede\\\/#organizationLogo\"}},{\"@type\":\"Person\",\"@id\":\"https:\\\/\\\/anoticiaonline.com.br\\\/site\\\/author\\\/juliana\\\/#author\",\"url\":\"https:\\\/\\\/anoticiaonline.com.br\\\/site\\\/author\\\/juliana\\\/\",\"name\":\"Juliana Laviola\",\"image\":{\"@type\":\"ImageObject\",\"@id\":\"https:\\\/\\\/anoticiaonline.com.br\\\/site\\\/eleicoes-2018-nei-chicareli-ex-prefeito-de-vieiras-esta-confirmado-como-candidato-a-deputado-estadual-pela-rede\\\/#authorImage\",\"url\":\"https:\\\/\\\/secure.gravatar.com\\\/avatar\\\/b8d45f5c699b100dfaf0e543582f38f38bf94cb7ae3a5e9abf8d891a34773335?s=96&d=mm&r=g\",\"width\":96,\"height\":96,\"caption\":\"Juliana Laviola\"}},{\"@type\":\"WebPage\",\"@id\":\"https:\\\/\\\/anoticiaonline.com.br\\\/site\\\/eleicoes-2018-nei-chicareli-ex-prefeito-de-vieiras-esta-confirmado-como-candidato-a-deputado-estadual-pela-rede\\\/#webpage\",\"url\":\"https:\\\/\\\/anoticiaonline.com.br\\\/site\\\/eleicoes-2018-nei-chicareli-ex-prefeito-de-vieiras-esta-confirmado-como-candidato-a-deputado-estadual-pela-rede\\\/\",\"name\":\"Elei\\u00e7\\u00f5es 2018: Nei Chicareli, ex-prefeito de Vieiras, est\\u00e1 confirmado como candidato a deputado estadual pela Rede - A Not\\u00edcia Online\",\"description\":\"O empreendedor e ex-prefeito de Vieiras, na Zona da Mata, Nei Chicareli, teve o nome confirmado como pr\\u00e9-candidato a deputado estadual pela Rede Sustentabilidade durante a conven\\u00e7\\u00e3o do partido em Minas, realizada nessa segunda-feira (30\\\/07) em Belo Horizonte. O pr\\u00e9-candidato esteve presente no encontro e, ao final, destacou a import\\u00e2ncia de haver renova\\u00e7\\u00e3o no quadro\",\"inLanguage\":\"pt-BR\",\"isPartOf\":{\"@id\":\"https:\\\/\\\/anoticiaonline.com.br\\\/site\\\/#website\"},\"breadcrumb\":{\"@id\":\"https:\\\/\\\/anoticiaonline.com.br\\\/site\\\/eleicoes-2018-nei-chicareli-ex-prefeito-de-vieiras-esta-confirmado-como-candidato-a-deputado-estadual-pela-rede\\\/#breadcrumblist\"},\"author\":{\"@id\":\"https:\\\/\\\/anoticiaonline.com.br\\\/site\\\/author\\\/juliana\\\/#author\"},\"creator\":{\"@id\":\"https:\\\/\\\/anoticiaonline.com.br\\\/site\\\/author\\\/juliana\\\/#author\"},\"image\":{\"@type\":\"ImageObject\",\"url\":\"https:\\\/\\\/anoticiaonline.com.br\\\/site\\\/wp-content\\\/uploads\\\/2018\\\/08\\\/Pre-candidato-Nei-Chicareli-da-Rede-Sustentabilidade-1.jpg\",\"@id\":\"https:\\\/\\\/anoticiaonline.com.br\\\/site\\\/eleicoes-2018-nei-chicareli-ex-prefeito-de-vieiras-esta-confirmado-como-candidato-a-deputado-estadual-pela-rede\\\/#mainImage\",\"width\":640,\"height\":473},\"primaryImageOfPage\":{\"@id\":\"https:\\\/\\\/anoticiaonline.com.br\\\/site\\\/eleicoes-2018-nei-chicareli-ex-prefeito-de-vieiras-esta-confirmado-como-candidato-a-deputado-estadual-pela-rede\\\/#mainImage\"},\"datePublished\":\"2018-08-01T12:21:43-03:00\",\"dateModified\":\"2018-08-01T12:25:32-03:00\"},{\"@type\":\"WebSite\",\"@id\":\"https:\\\/\\\/anoticiaonline.com.br\\\/site\\\/#website\",\"url\":\"https:\\\/\\\/anoticiaonline.com.br\\\/site\\\/\",\"name\":\"A Not\\u00edcia Online\",\"description\":\"Noticias de Muria\\u00e9 e regi\\u00e3o\",\"inLanguage\":\"pt-BR\",\"publisher\":{\"@id\":\"https:\\\/\\\/anoticiaonline.com.br\\\/site\\\/#organization\"}}]}\n\t\t<\/script>\n\t\t<!-- All in One SEO -->\n\n","aioseo_head_json":{"title":"Elei\u00e7\u00f5es 2018: Nei Chicareli, ex-prefeito de Vieiras, est\u00e1 confirmado como candidato a deputado estadual pela Rede - A Not\u00edcia Online","description":"O empreendedor e ex-prefeito de Vieiras, na Zona da Mata, Nei Chicareli, teve o nome confirmado como pr\u00e9-candidato a deputado estadual pela Rede Sustentabilidade durante a conven\u00e7\u00e3o do partido em Minas, realizada nessa segunda-feira (30\/07) em Belo Horizonte. O pr\u00e9-candidato esteve presente no encontro e, ao final, destacou a import\u00e2ncia de haver renova\u00e7\u00e3o no quadro","canonical_url":"https:\/\/anoticiaonline.com.br\/site\/eleicoes-2018-nei-chicareli-ex-prefeito-de-vieiras-esta-confirmado-como-candidato-a-deputado-estadual-pela-rede\/","robots":"max-image-preview:large","keywords":"","webmasterTools":{"miscellaneous":""},"schema":{"@context":"https:\/\/schema.org","@graph":[{"@type":"BlogPosting","@id":"https:\/\/anoticiaonline.com.br\/site\/eleicoes-2018-nei-chicareli-ex-prefeito-de-vieiras-esta-confirmado-como-candidato-a-deputado-estadual-pela-rede\/#blogposting","name":"Elei\u00e7\u00f5es 2018: Nei Chicareli, ex-prefeito de Vieiras, est\u00e1 confirmado como candidato a deputado estadual pela Rede - A Not\u00edcia Online","headline":"Elei\u00e7\u00f5es 2018: Nei\u00a0Chicareli, ex-prefeito de Vieiras, est\u00e1 confirmado como candidato a deputado estadual pela Rede","author":{"@id":"https:\/\/anoticiaonline.com.br\/site\/author\/juliana\/#author"},"publisher":{"@id":"https:\/\/anoticiaonline.com.br\/site\/#organization"},"image":{"@type":"ImageObject","url":"https:\/\/anoticiaonline.com.br\/site\/wp-content\/uploads\/2018\/08\/Pre-candidato-Nei-Chicareli-da-Rede-Sustentabilidade-1.jpg","width":640,"height":473},"datePublished":"2018-08-01T12:21:43-03:00","dateModified":"2018-08-01T12:25:32-03:00","inLanguage":"pt-BR","commentCount":1,"mainEntityOfPage":{"@id":"https:\/\/anoticiaonline.com.br\/site\/eleicoes-2018-nei-chicareli-ex-prefeito-de-vieiras-esta-confirmado-como-candidato-a-deputado-estadual-pela-rede\/#webpage"},"isPartOf":{"@id":"https:\/\/anoticiaonline.com.br\/site\/eleicoes-2018-nei-chicareli-ex-prefeito-de-vieiras-esta-confirmado-como-candidato-a-deputado-estadual-pela-rede\/#webpage"},"articleSection":"Regi\u00e3o, candidato deputado estadual, canditato, deputado estadual, ELEI\u00c7\u00d5ES 2018, Nei Chicareli"},{"@type":"BreadcrumbList","@id":"https:\/\/anoticiaonline.com.br\/site\/eleicoes-2018-nei-chicareli-ex-prefeito-de-vieiras-esta-confirmado-como-candidato-a-deputado-estadual-pela-rede\/#breadcrumblist","itemListElement":[{"@type":"ListItem","@id":"https:\/\/anoticiaonline.com.br\/site#listItem","position":1,"name":"Home","item":"https:\/\/anoticiaonline.com.br\/site","nextItem":{"@type":"ListItem","@id":"https:\/\/anoticiaonline.com.br\/site\/categoria\/regiao\/#listItem","name":"Regi\u00e3o"}},{"@type":"ListItem","@id":"https:\/\/anoticiaonline.com.br\/site\/categoria\/regiao\/#listItem","position":2,"name":"Regi\u00e3o","item":"https:\/\/anoticiaonline.com.br\/site\/categoria\/regiao\/","nextItem":{"@type":"ListItem","@id":"https:\/\/anoticiaonline.com.br\/site\/eleicoes-2018-nei-chicareli-ex-prefeito-de-vieiras-esta-confirmado-como-candidato-a-deputado-estadual-pela-rede\/#listItem","name":"Elei\u00e7\u00f5es 2018: Nei\u00a0Chicareli, ex-prefeito de Vieiras, est\u00e1 confirmado como candidato a deputado estadual pela Rede"},"previousItem":{"@type":"ListItem","@id":"https:\/\/anoticiaonline.com.br\/site#listItem","name":"Home"}},{"@type":"ListItem","@id":"https:\/\/anoticiaonline.com.br\/site\/eleicoes-2018-nei-chicareli-ex-prefeito-de-vieiras-esta-confirmado-como-candidato-a-deputado-estadual-pela-rede\/#listItem","position":3,"name":"Elei\u00e7\u00f5es 2018: Nei\u00a0Chicareli, ex-prefeito de Vieiras, est\u00e1 confirmado como candidato a deputado estadual pela Rede","previousItem":{"@type":"ListItem","@id":"https:\/\/anoticiaonline.com.br\/site\/categoria\/regiao\/#listItem","name":"Regi\u00e3o"}}]},{"@type":"Organization","@id":"https:\/\/anoticiaonline.com.br\/site\/#organization","name":"A Not\u00edcia Online","description":"Noticias de Muria\u00e9 e regi\u00e3o","url":"https:\/\/anoticiaonline.com.br\/site\/","logo":{"@type":"ImageObject","url":"https:\/\/scontent-gig4-1.xx.fbcdn.net\/v\/t39.30808-1\/270437624_4564083193639691_6907940295614233970_n.jpg?stp=dst-jpg_s200x200_tt6&_nc_cat=111&ccb=1-7&_nc_sid=f907e8&_nc_ohc=SM1wRlP3lJwQ7kNvwEPuBYA&_nc_oc=AdnqrjDN_BNjSSHWO-GbkIWH6fkGMLw4bqvL_NH6e2wMveX7G-rP2dAqsDSq1mJMOaY&_nc_zt=24&_nc_ht=scontent-gig4-1.xx&_nc_gid=AoBFJeGrT1hVaew_6rchkQ&oh=00_AfX7QmFGhQhG2jAllVgXCiM1ZrWgvtp80-Bfppyexh1QEg&oe=689E923C","@id":"https:\/\/anoticiaonline.com.br\/site\/eleicoes-2018-nei-chicareli-ex-prefeito-de-vieiras-esta-confirmado-como-candidato-a-deputado-estadual-pela-rede\/#organizationLogo"},"image":{"@id":"https:\/\/anoticiaonline.com.br\/site\/eleicoes-2018-nei-chicareli-ex-prefeito-de-vieiras-esta-confirmado-como-candidato-a-deputado-estadual-pela-rede\/#organizationLogo"}},{"@type":"Person","@id":"https:\/\/anoticiaonline.com.br\/site\/author\/juliana\/#author","url":"https:\/\/anoticiaonline.com.br\/site\/author\/juliana\/","name":"Juliana Laviola","image":{"@type":"ImageObject","@id":"https:\/\/anoticiaonline.com.br\/site\/eleicoes-2018-nei-chicareli-ex-prefeito-de-vieiras-esta-confirmado-como-candidato-a-deputado-estadual-pela-rede\/#authorImage","url":"https:\/\/secure.gravatar.com\/avatar\/b8d45f5c699b100dfaf0e543582f38f38bf94cb7ae3a5e9abf8d891a34773335?s=96&d=mm&r=g","width":96,"height":96,"caption":"Juliana Laviola"}},{"@type":"WebPage","@id":"https:\/\/anoticiaonline.com.br\/site\/eleicoes-2018-nei-chicareli-ex-prefeito-de-vieiras-esta-confirmado-como-candidato-a-deputado-estadual-pela-rede\/#webpage","url":"https:\/\/anoticiaonline.com.br\/site\/eleicoes-2018-nei-chicareli-ex-prefeito-de-vieiras-esta-confirmado-como-candidato-a-deputado-estadual-pela-rede\/","name":"Elei\u00e7\u00f5es 2018: Nei Chicareli, ex-prefeito de Vieiras, est\u00e1 confirmado como candidato a deputado estadual pela Rede - A Not\u00edcia Online","description":"O empreendedor e ex-prefeito de Vieiras, na Zona da Mata, Nei Chicareli, teve o nome confirmado como pr\u00e9-candidato a deputado estadual pela Rede Sustentabilidade durante a conven\u00e7\u00e3o do partido em Minas, realizada nessa segunda-feira (30\/07) em Belo Horizonte. O pr\u00e9-candidato esteve presente no encontro e, ao final, destacou a import\u00e2ncia de haver renova\u00e7\u00e3o no quadro","inLanguage":"pt-BR","isPartOf":{"@id":"https:\/\/anoticiaonline.com.br\/site\/#website"},"breadcrumb":{"@id":"https:\/\/anoticiaonline.com.br\/site\/eleicoes-2018-nei-chicareli-ex-prefeito-de-vieiras-esta-confirmado-como-candidato-a-deputado-estadual-pela-rede\/#breadcrumblist"},"author":{"@id":"https:\/\/anoticiaonline.com.br\/site\/author\/juliana\/#author"},"creator":{"@id":"https:\/\/anoticiaonline.com.br\/site\/author\/juliana\/#author"},"image":{"@type":"ImageObject","url":"https:\/\/anoticiaonline.com.br\/site\/wp-content\/uploads\/2018\/08\/Pre-candidato-Nei-Chicareli-da-Rede-Sustentabilidade-1.jpg","@id":"https:\/\/anoticiaonline.com.br\/site\/eleicoes-2018-nei-chicareli-ex-prefeito-de-vieiras-esta-confirmado-como-candidato-a-deputado-estadual-pela-rede\/#mainImage","width":640,"height":473},"primaryImageOfPage":{"@id":"https:\/\/anoticiaonline.com.br\/site\/eleicoes-2018-nei-chicareli-ex-prefeito-de-vieiras-esta-confirmado-como-candidato-a-deputado-estadual-pela-rede\/#mainImage"},"datePublished":"2018-08-01T12:21:43-03:00","dateModified":"2018-08-01T12:25:32-03:00"},{"@type":"WebSite","@id":"https:\/\/anoticiaonline.com.br\/site\/#website","url":"https:\/\/anoticiaonline.com.br\/site\/","name":"A Not\u00edcia Online","description":"Noticias de Muria\u00e9 e regi\u00e3o","inLanguage":"pt-BR","publisher":{"@id":"https:\/\/anoticiaonline.com.br\/site\/#organization"}}]},"og:locale":"pt_BR","og:site_name":"A Not\u00edcia Online - Noticias de Muria\u00e9 e regi\u00e3o","og:type":"article","og:title":"Elei\u00e7\u00f5es 2018: Nei Chicareli, ex-prefeito de Vieiras, est\u00e1 confirmado como candidato a deputado estadual pela Rede - A Not\u00edcia Online","og:description":"O empreendedor e ex-prefeito de Vieiras, na Zona da Mata, Nei Chicareli, teve o nome confirmado como pr\u00e9-candidato a deputado estadual pela Rede Sustentabilidade durante a conven\u00e7\u00e3o do partido em Minas, realizada nessa segunda-feira (30\/07) em Belo Horizonte. O pr\u00e9-candidato esteve presente no encontro e, ao final, destacou a import\u00e2ncia de haver renova\u00e7\u00e3o no quadro","og:url":"https:\/\/anoticiaonline.com.br\/site\/eleicoes-2018-nei-chicareli-ex-prefeito-de-vieiras-esta-confirmado-como-candidato-a-deputado-estadual-pela-rede\/","og:image":"https:\/\/scontent-gig4-1.xx.fbcdn.net\/v\/t39.30808-1\/270437624_4564083193639691_6907940295614233970_n.jpg?stp=dst-jpg_s200x200_tt6&#038;_nc_cat=111&#038;ccb=1-7&#038;_nc_sid=f907e8&#038;_nc_ohc=SM1wRlP3lJwQ7kNvwEPuBYA&#038;_nc_oc=AdnqrjDN_BNjSSHWO-GbkIWH6fkGMLw4bqvL_NH6e2wMveX7G-rP2dAqsDSq1mJMOaY&#038;_nc_zt=24&#038;_nc_ht=scontent-gig4-1.xx&#038;_nc_gid=AoBFJeGrT1hVaew_6rchkQ&#038;oh=00_AfX7QmFGhQhG2jAllVgXCiM1ZrWgvtp80-Bfppyexh1QEg&#038;oe=689E923C","og:image:secure_url":"https:\/\/scontent-gig4-1.xx.fbcdn.net\/v\/t39.30808-1\/270437624_4564083193639691_6907940295614233970_n.jpg?stp=dst-jpg_s200x200_tt6&#038;_nc_cat=111&#038;ccb=1-7&#038;_nc_sid=f907e8&#038;_nc_ohc=SM1wRlP3lJwQ7kNvwEPuBYA&#038;_nc_oc=AdnqrjDN_BNjSSHWO-GbkIWH6fkGMLw4bqvL_NH6e2wMveX7G-rP2dAqsDSq1mJMOaY&#038;_nc_zt=24&#038;_nc_ht=scontent-gig4-1.xx&#038;_nc_gid=AoBFJeGrT1hVaew_6rchkQ&#038;oh=00_AfX7QmFGhQhG2jAllVgXCiM1ZrWgvtp80-Bfppyexh1QEg&#038;oe=689E923C","article:published_time":"2018-08-01T15:21:43+00:00","article:modified_time":"2018-08-01T15:25:32+00:00","twitter:card":"summary_large_image","twitter:title":"Elei\u00e7\u00f5es 2018: Nei Chicareli, ex-prefeito de Vieiras, est\u00e1 confirmado como candidato a deputado estadual pela Rede - A Not\u00edcia Online","twitter:description":"O empreendedor e ex-prefeito de Vieiras, na Zona da Mata, Nei Chicareli, teve o nome confirmado como pr\u00e9-candidato a deputado estadual pela Rede Sustentabilidade durante a conven\u00e7\u00e3o do partido em Minas, realizada nessa segunda-feira (30\/07) em Belo Horizonte. O pr\u00e9-candidato esteve presente no encontro e, ao final, destacou a import\u00e2ncia de haver renova\u00e7\u00e3o no quadro","twitter:image":"https:\/\/scontent-gig4-1.xx.fbcdn.net\/v\/t39.30808-1\/270437624_4564083193639691_6907940295614233970_n.jpg?stp=dst-jpg_s200x200_tt6&_nc_cat=111&ccb=1-7&_nc_sid=f907e8&_nc_ohc=SM1wRlP3lJwQ7kNvwEPuBYA&_nc_oc=AdnqrjDN_BNjSSHWO-GbkIWH6fkGMLw4bqvL_NH6e2wMveX7G-rP2dAqsDSq1mJMOaY&_nc_zt=24&_nc_ht=scontent-gig4-1.xx&_nc_gid=AoBFJeGrT1hVaew_6rchkQ&oh=00_AfX7QmFGhQhG2jAllVgXCiM1ZrWgvtp80-Bfppyexh1QEg&oe=689E923C"},"aioseo_meta_data":{"post_id":"58983","title":null,"description":null,"keywords":null,"keyphrases":null,"primary_term":null,"canonical_url":null,"og_title":null,"og_description":null,"og_object_type":"default","og_image_type":"default","og_image_url":null,"og_image_width":null,"og_image_height":null,"og_image_custom_url":null,"og_image_custom_fields":null,"og_video":null,"og_custom_url":null,"og_article_section":null,"og_article_tags":null,"twitter_use_og":false,"twitter_card":"default","twitter_image_type":"default","twitter_image_url":null,"twitter_image_custom_url":null,"twitter_image_custom_fields":null,"twitter_title":null,"twitter_description":null,"schema":{"blockGraphs":[],"customGraphs":[],"default":{"data":{"Article":[],"Course":[],"Dataset":[],"FAQPage":[],"Movie":[],"Person":[],"Product":[],"ProductReview":[],"Car":[],"Recipe":[],"Service":[],"SoftwareApplication":[],"WebPage":[]},"graphName":"","isEnabled":true},"graphs":[]},"schema_type":"default","schema_type_options":null,"pillar_content":false,"robots_default":true,"robots_noindex":false,"robots_noarchive":false,"robots_nosnippet":false,"robots_nofollow":false,"robots_noimageindex":false,"robots_noodp":false,"robots_notranslate":false,"robots_max_snippet":null,"robots_max_videopreview":null,"robots_max_imagepreview":"large","priority":null,"frequency":null,"local_seo":null,"breadcrumb_settings":null,"limit_modified_date":false,"ai":null,"created":"2025-08-16 21:19:23","updated":"2025-08-16 21:19:23","focus_keyword":null,"additional_keywords":null,"truseo_locale":null,"seo_analyzer_scan_date":null},"aioseo_breadcrumb":"<div class=\"aioseo-breadcrumbs\"><span class=\"aioseo-breadcrumb\">\n\t\t\t<a href=\"https:\/\/anoticiaonline.com.br\/site\" title=\"Home\">Home<\/a>\n\t\t<\/span><span class=\"aioseo-breadcrumb-separator\">&raquo;<\/span><span class=\"aioseo-breadcrumb\">\n\t\t\t<a href=\"https:\/\/anoticiaonline.com.br\/site\/categoria\/regiao\/\" title=\"Regi\u00e3o\">Regi\u00e3o<\/a>\n\t\t<\/span><span class=\"aioseo-breadcrumb-separator\">&raquo;<\/span><span class=\"aioseo-breadcrumb\">\n\t\t\tElei\u00e7\u00f5es 2018: Nei Chicareli, ex-prefeito de Vieiras, est\u00e1 confirmado como candidato a deputado estadual pela Rede\n\t\t<\/span><\/div>","aioseo_breadcrumb_json":[{"label":"Home","link":"https:\/\/anoticiaonline.com.br\/site"},{"label":"Regi\u00e3o","link":"https:\/\/anoticiaonline.com.br\/site\/categoria\/regiao\/"},{"label":"Elei\u00e7\u00f5es 2018: Nei\u00a0Chicareli, ex-prefeito de Vieiras, est\u00e1 confirmado como candidato a deputado estadual pela Rede","link":"https:\/\/anoticiaonline.com.br\/site\/eleicoes-2018-nei-chicareli-ex-prefeito-de-vieiras-esta-confirmado-como-candidato-a-deputado-estadual-pela-rede\/"}],"views":184,"_links":{"self":[{"href":"https:\/\/anoticiaonline.com.br\/site\/wp-json\/wp\/v2\/posts\/58983","targetHints":{"allow":["GET"]}}],"collection":[{"href":"https:\/\/anoticiaonline.com.br\/site\/wp-json\/wp\/v2\/posts"}],"about":[{"href":"https:\/\/anoticiaonline.com.br\/site\/wp-json\/wp\/v2\/types\/post"}],"author":[{"embeddable":true,"href":"https:\/\/anoticiaonline.com.br\/site\/wp-json\/wp\/v2\/users\/2"}],"replies":[{"embeddable":true,"href":"https:\/\/anoticiaonline.com.br\/site\/wp-json\/wp\/v2\/comments?post=58983"}],"version-history":[{"count":0,"href":"https:\/\/anoticiaonline.com.br\/site\/wp-json\/wp\/v2\/posts\/58983\/revisions"}],"wp:featuredmedia":[{"embeddable":true,"href":"https:\/\/anoticiaonline.com.br\/site\/wp-json\/wp\/v2\/media\/58985"}],"wp:attachment":[{"href":"https:\/\/anoticiaonline.com.br\/site\/wp-json\/wp\/v2\/media?parent=58983"}],"wp:term":[{"taxonomy":"category","embeddable":true,"href":"https:\/\/anoticiaonline.com.br\/site\/wp-json\/wp\/v2\/categories?post=58983"},{"taxonomy":"post_tag","embeddable":true,"href":"https:\/\/anoticiaonline.com.br\/site\/wp-json\/wp\/v2\/tags?post=58983"}],"curies":[{"name":"wp","href":"https:\/\/api.w.org\/{rel}","templated":true}]}}