{"id":58814,"date":"2018-07-26T16:57:30","date_gmt":"2018-07-26T19:57:30","guid":{"rendered":"http:\/\/anoticiaonline.com.br\/site\/?p=58814"},"modified":"2018-07-26T16:57:30","modified_gmt":"2018-07-26T19:57:30","slug":"dia-de-cooperar-sicoob-credisudeste-realiza-acao-em-prol-do-lar-ozanam","status":"publish","type":"post","link":"https:\/\/anoticiaonline.com.br\/site\/dia-de-cooperar-sicoob-credisudeste-realiza-acao-em-prol-do-lar-ozanam\/","title":{"rendered":"Dia de Cooperar: Sicoob Credisudeste realiza a\u00e7\u00e3o em prol do Lar Ozanam"},"content":{"rendered":"<p><a href=\"https:\/\/anoticiaonline.com.br\/site\/wp-content\/uploads\/2018\/07\/Dia-de-Cooperar-Sicoob-Credisudeste-realiza-a\u00e7\u00e3o-em-prol-do-Lar-Ozanam.jpg\"><img fetchpriority=\"high\" decoding=\"async\" class=\"alignnone size-full wp-image-58815\" src=\"https:\/\/anoticiaonline.com.br\/site\/wp-content\/uploads\/2018\/07\/Dia-de-Cooperar-Sicoob-Credisudeste-realiza-a\u00e7\u00e3o-em-prol-do-Lar-Ozanam.jpg\" alt=\"\" width=\"640\" height=\"427\" srcset=\"https:\/\/anoticiaonline.com.br\/site\/wp-content\/uploads\/2018\/07\/Dia-de-Cooperar-Sicoob-Credisudeste-realiza-a\u00e7\u00e3o-em-prol-do-Lar-Ozanam.jpg 640w, https:\/\/anoticiaonline.com.br\/site\/wp-content\/uploads\/2018\/07\/Dia-de-Cooperar-Sicoob-Credisudeste-realiza-a\u00e7\u00e3o-em-prol-do-Lar-Ozanam-300x200.jpg 300w\" sizes=\"(max-width: 640px) 100vw, 640px\" \/><\/a><\/p>\n<p>Comemorado mundialmente, o Dia de Cooperar (Dia C) do Sicoob Credisudeste foi marcado por uma a\u00e7\u00e3o na Pra\u00e7a Jo\u00e3o Pinheiro, na manh\u00e3 do \u00faltimo s\u00e1bado (21), com muita pipoca, algod\u00e3o doce, pula-pula, m\u00fasica ao vivo e distribui\u00e7\u00e3o de brindes.<\/p>\n<p>O evento contou com atividades de lazer para toda a fam\u00edlia muriaeense, que p\u00f4de despertar o seu lado solid\u00e1rio atrav\u00e9s da doa\u00e7\u00e3o de fraldas geri\u00e1tricas para o Lar Ozanam.<\/p>\n<p>Em entrevista, Gullherme Almeida, gerente de Pessoa Jur\u00eddica do Sicoob Credisudeste, disse que as a\u00e7\u00f5es do Dia de Cooperar acabam sendo estendidas durante todo o ano. \u201cN\u00f3s do Sicoob Credisudeste entramos em contato com o Lar Ozanam para saber quais as necessidades mais urgentes. Entre elas estava a necessidade de fraldas G e GG. Com isso, conseguimos arrecadar mais de 350 unidades, nas tr\u00eas ag\u00eancias de Muria\u00e9 (Centro, Barra e Dornelas). Com isso, viemos para a Pra\u00e7a Jo\u00e3o Pinheiro neste s\u00e1bado para tentar arrecadar mais fraldas. Lembrando que esta corrente de solidariedade poder\u00e1 ser feita durante todo o ano, tanto diretamente com o Lar Ozanam ou em uma de nossas ag\u00eancias\u201d, conta.<\/p>\n<p><a href=\"https:\/\/anoticiaonline.com.br\/site\/wp-content\/uploads\/2018\/07\/Dia-de-Cooperar-Sicoob-Credisudeste-realiza-a\u00e7\u00e3o-em-prol-do-Lar-Ozanam-4.jpg\"><img decoding=\"async\" class=\"alignnone size-full wp-image-58816\" src=\"https:\/\/anoticiaonline.com.br\/site\/wp-content\/uploads\/2018\/07\/Dia-de-Cooperar-Sicoob-Credisudeste-realiza-a\u00e7\u00e3o-em-prol-do-Lar-Ozanam-4.jpg\" alt=\"\" width=\"640\" height=\"427\" srcset=\"https:\/\/anoticiaonline.com.br\/site\/wp-content\/uploads\/2018\/07\/Dia-de-Cooperar-Sicoob-Credisudeste-realiza-a\u00e7\u00e3o-em-prol-do-Lar-Ozanam-4.jpg 640w, https:\/\/anoticiaonline.com.br\/site\/wp-content\/uploads\/2018\/07\/Dia-de-Cooperar-Sicoob-Credisudeste-realiza-a\u00e7\u00e3o-em-prol-do-Lar-Ozanam-4-300x200.jpg 300w\" sizes=\"(max-width: 640px) 100vw, 640px\" \/><\/a> <a href=\"https:\/\/anoticiaonline.com.br\/site\/wp-content\/uploads\/2018\/07\/Dia-de-Cooperar-Sicoob-Credisudeste-realiza-a\u00e7\u00e3o-em-prol-do-Lar-Ozanam-2.jpg\"><img decoding=\"async\" class=\"alignnone size-full wp-image-58817\" src=\"https:\/\/anoticiaonline.com.br\/site\/wp-content\/uploads\/2018\/07\/Dia-de-Cooperar-Sicoob-Credisudeste-realiza-a\u00e7\u00e3o-em-prol-do-Lar-Ozanam-2.jpg\" alt=\"\" width=\"640\" height=\"427\" srcset=\"https:\/\/anoticiaonline.com.br\/site\/wp-content\/uploads\/2018\/07\/Dia-de-Cooperar-Sicoob-Credisudeste-realiza-a\u00e7\u00e3o-em-prol-do-Lar-Ozanam-2.jpg 640w, https:\/\/anoticiaonline.com.br\/site\/wp-content\/uploads\/2018\/07\/Dia-de-Cooperar-Sicoob-Credisudeste-realiza-a\u00e7\u00e3o-em-prol-do-Lar-Ozanam-2-300x200.jpg 300w\" sizes=\"(max-width: 640px) 100vw, 640px\" \/><\/a> <a href=\"https:\/\/anoticiaonline.com.br\/site\/wp-content\/uploads\/2018\/07\/Dia-de-Cooperar-Sicoob-Credisudeste-realiza-a\u00e7\u00e3o-em-prol-do-Lar-Ozanam-3.jpg\"><img loading=\"lazy\" decoding=\"async\" class=\"alignnone size-full wp-image-58818\" src=\"https:\/\/anoticiaonline.com.br\/site\/wp-content\/uploads\/2018\/07\/Dia-de-Cooperar-Sicoob-Credisudeste-realiza-a\u00e7\u00e3o-em-prol-do-Lar-Ozanam-3.jpg\" alt=\"\" width=\"640\" height=\"427\" srcset=\"https:\/\/anoticiaonline.com.br\/site\/wp-content\/uploads\/2018\/07\/Dia-de-Cooperar-Sicoob-Credisudeste-realiza-a\u00e7\u00e3o-em-prol-do-Lar-Ozanam-3.jpg 640w, https:\/\/anoticiaonline.com.br\/site\/wp-content\/uploads\/2018\/07\/Dia-de-Cooperar-Sicoob-Credisudeste-realiza-a\u00e7\u00e3o-em-prol-do-Lar-Ozanam-3-300x200.jpg 300w\" sizes=\"(max-width: 640px) 100vw, 640px\" \/><\/a><\/p>\n","protected":false},"excerpt":{"rendered":"<p>Comemorado mundialmente, o Dia de Cooperar (Dia C) do Sicoob Credisudeste foi marcado por uma a\u00e7\u00e3o na Pra\u00e7a Jo\u00e3o Pinheiro, na manh\u00e3 do \u00faltimo s\u00e1bado (21), com muita pipoca, algod\u00e3o doce, pula-pula, m\u00fasica ao vivo e distribui\u00e7\u00e3o de brindes. O evento contou com atividades de lazer para toda a fam\u00edlia muriaeense, que p\u00f4de despertar o &#8230; <a title=\"Dia de Cooperar: Sicoob Credisudeste realiza a\u00e7\u00e3o em prol do Lar Ozanam\" class=\"read-more\" href=\"https:\/\/anoticiaonline.com.br\/site\/dia-de-cooperar-sicoob-credisudeste-realiza-acao-em-prol-do-lar-ozanam\/\" aria-label=\"Read more about Dia de Cooperar: Sicoob Credisudeste realiza a\u00e7\u00e3o em prol do Lar Ozanam\">Ler mais<\/a><\/p>\n","protected":false},"author":2,"featured_media":58815,"comment_status":"open","ping_status":"open","sticky":false,"template":"","format":"standard","meta":{"_acf_changed":false,"_monsterinsights_skip_tracking":false,"footnotes":""},"categories":[30],"tags":[],"class_list":["post-58814","post","type-post","status-publish","format-standard","has-post-thumbnail","hentry","category-muriae"],"acf":[],"aioseo_notices":[],"aioseo_head":"\n\t\t<!-- All in One SEO 5.0.0.1 - aioseo.com -->\n\t<meta name=\"description\" content=\"Comemorado mundialmente, o Dia de Cooperar (Dia C) do Sicoob Credisudeste foi marcado por uma a\u00e7\u00e3o na Pra\u00e7a Jo\u00e3o Pinheiro, na manh\u00e3 do \u00faltimo s\u00e1bado (21), com muita pipoca, algod\u00e3o doce, pula-pula, m\u00fasica ao vivo e distribui\u00e7\u00e3o de brindes. O evento contou com atividades de lazer para toda a fam\u00edlia muriaeense, que p\u00f4de despertar o\" \/>\n\t<meta name=\"robots\" content=\"max-image-preview:large\" \/>\n\t<meta name=\"author\" content=\"Juliana Laviola\"\/>\n\t<link rel=\"canonical\" href=\"https:\/\/anoticiaonline.com.br\/site\/dia-de-cooperar-sicoob-credisudeste-realiza-acao-em-prol-do-lar-ozanam\/\" \/>\n\t<meta name=\"generator\" content=\"All in One SEO (AIOSEO) 5.0.0.1\" \/>\n\t\t<meta property=\"og:locale\" content=\"pt_BR\" \/>\n\t\t<meta property=\"og:site_name\" content=\"A Not\u00edcia Online - Noticias de Muria\u00e9 e regi\u00e3o\" \/>\n\t\t<meta property=\"og:type\" content=\"article\" \/>\n\t\t<meta property=\"og:title\" content=\"Dia de Cooperar: Sicoob Credisudeste realiza a\u00e7\u00e3o em prol do Lar Ozanam - A Not\u00edcia Online\" \/>\n\t\t<meta property=\"og:description\" content=\"Comemorado mundialmente, o Dia de Cooperar (Dia C) do Sicoob Credisudeste foi marcado por uma a\u00e7\u00e3o na Pra\u00e7a Jo\u00e3o Pinheiro, na manh\u00e3 do \u00faltimo s\u00e1bado (21), com muita pipoca, algod\u00e3o doce, pula-pula, m\u00fasica ao vivo e distribui\u00e7\u00e3o de brindes. O evento contou com atividades de lazer para toda a fam\u00edlia muriaeense, que p\u00f4de despertar o\" \/>\n\t\t<meta property=\"og:url\" content=\"https:\/\/anoticiaonline.com.br\/site\/dia-de-cooperar-sicoob-credisudeste-realiza-acao-em-prol-do-lar-ozanam\/\" \/>\n\t\t<meta property=\"og:image\" content=\"https:\/\/scontent-gig4-1.xx.fbcdn.net\/v\/t39.30808-1\/270437624_4564083193639691_6907940295614233970_n.jpg?stp=dst-jpg_s200x200_tt6&#038;_nc_cat=111&#038;ccb=1-7&#038;_nc_sid=f907e8&#038;_nc_ohc=SM1wRlP3lJwQ7kNvwEPuBYA&#038;_nc_oc=AdnqrjDN_BNjSSHWO-GbkIWH6fkGMLw4bqvL_NH6e2wMveX7G-rP2dAqsDSq1mJMOaY&#038;_nc_zt=24&#038;_nc_ht=scontent-gig4-1.xx&#038;_nc_gid=AoBFJeGrT1hVaew_6rchkQ&#038;oh=00_AfX7QmFGhQhG2jAllVgXCiM1ZrWgvtp80-Bfppyexh1QEg&#038;oe=689E923C\" \/>\n\t\t<meta property=\"og:image:secure_url\" content=\"https:\/\/scontent-gig4-1.xx.fbcdn.net\/v\/t39.30808-1\/270437624_4564083193639691_6907940295614233970_n.jpg?stp=dst-jpg_s200x200_tt6&#038;_nc_cat=111&#038;ccb=1-7&#038;_nc_sid=f907e8&#038;_nc_ohc=SM1wRlP3lJwQ7kNvwEPuBYA&#038;_nc_oc=AdnqrjDN_BNjSSHWO-GbkIWH6fkGMLw4bqvL_NH6e2wMveX7G-rP2dAqsDSq1mJMOaY&#038;_nc_zt=24&#038;_nc_ht=scontent-gig4-1.xx&#038;_nc_gid=AoBFJeGrT1hVaew_6rchkQ&#038;oh=00_AfX7QmFGhQhG2jAllVgXCiM1ZrWgvtp80-Bfppyexh1QEg&#038;oe=689E923C\" \/>\n\t\t<meta property=\"article:published_time\" content=\"2018-07-26T19:57:30+00:00\" \/>\n\t\t<meta property=\"article:modified_time\" content=\"2018-07-26T19:57:30+00:00\" \/>\n\t\t<meta name=\"twitter:card\" content=\"summary_large_image\" \/>\n\t\t<meta name=\"twitter:title\" content=\"Dia de Cooperar: Sicoob Credisudeste realiza a\u00e7\u00e3o em prol do Lar Ozanam - A Not\u00edcia Online\" \/>\n\t\t<meta name=\"twitter:description\" content=\"Comemorado mundialmente, o Dia de Cooperar (Dia C) do Sicoob Credisudeste foi marcado por uma a\u00e7\u00e3o na Pra\u00e7a Jo\u00e3o Pinheiro, na manh\u00e3 do \u00faltimo s\u00e1bado (21), com muita pipoca, algod\u00e3o doce, pula-pula, m\u00fasica ao vivo e distribui\u00e7\u00e3o de brindes. O evento contou com atividades de lazer para toda a fam\u00edlia muriaeense, que p\u00f4de despertar o\" \/>\n\t\t<meta name=\"twitter:image\" content=\"https:\/\/scontent-gig4-1.xx.fbcdn.net\/v\/t39.30808-1\/270437624_4564083193639691_6907940295614233970_n.jpg?stp=dst-jpg_s200x200_tt6&amp;_nc_cat=111&amp;ccb=1-7&amp;_nc_sid=f907e8&amp;_nc_ohc=SM1wRlP3lJwQ7kNvwEPuBYA&amp;_nc_oc=AdnqrjDN_BNjSSHWO-GbkIWH6fkGMLw4bqvL_NH6e2wMveX7G-rP2dAqsDSq1mJMOaY&amp;_nc_zt=24&amp;_nc_ht=scontent-gig4-1.xx&amp;_nc_gid=AoBFJeGrT1hVaew_6rchkQ&amp;oh=00_AfX7QmFGhQhG2jAllVgXCiM1ZrWgvtp80-Bfppyexh1QEg&amp;oe=689E923C\" \/>\n\t\t<script type=\"application\/ld+json\" class=\"aioseo-schema\">\n\t\t\t{\"@context\":\"https:\\\/\\\/schema.org\",\"@graph\":[{\"@type\":\"BlogPosting\",\"@id\":\"https:\\\/\\\/anoticiaonline.com.br\\\/site\\\/dia-de-cooperar-sicoob-credisudeste-realiza-acao-em-prol-do-lar-ozanam\\\/#blogposting\",\"name\":\"Dia de Cooperar: Sicoob Credisudeste realiza a\\u00e7\\u00e3o em prol do Lar Ozanam - A Not\\u00edcia Online\",\"headline\":\"Dia de Cooperar: Sicoob Credisudeste realiza a\\u00e7\\u00e3o em prol do Lar Ozanam\",\"author\":{\"@id\":\"https:\\\/\\\/anoticiaonline.com.br\\\/site\\\/author\\\/juliana\\\/#author\"},\"publisher\":{\"@id\":\"https:\\\/\\\/anoticiaonline.com.br\\\/site\\\/#organization\"},\"image\":{\"@type\":\"ImageObject\",\"url\":\"https:\\\/\\\/anoticiaonline.com.br\\\/site\\\/wp-content\\\/uploads\\\/2018\\\/07\\\/Dia-de-Cooperar-Sicoob-Credisudeste-realiza-a\\u00e7\\u00e3o-em-prol-do-Lar-Ozanam.jpg\",\"width\":640,\"height\":427},\"datePublished\":\"2018-07-26T16:57:30-03:00\",\"dateModified\":\"2018-07-26T16:57:30-03:00\",\"inLanguage\":\"pt-BR\",\"mainEntityOfPage\":{\"@id\":\"https:\\\/\\\/anoticiaonline.com.br\\\/site\\\/dia-de-cooperar-sicoob-credisudeste-realiza-acao-em-prol-do-lar-ozanam\\\/#webpage\"},\"isPartOf\":{\"@id\":\"https:\\\/\\\/anoticiaonline.com.br\\\/site\\\/dia-de-cooperar-sicoob-credisudeste-realiza-acao-em-prol-do-lar-ozanam\\\/#webpage\"},\"articleSection\":\"Blog\"},{\"@type\":\"BreadcrumbList\",\"@id\":\"https:\\\/\\\/anoticiaonline.com.br\\\/site\\\/dia-de-cooperar-sicoob-credisudeste-realiza-acao-em-prol-do-lar-ozanam\\\/#breadcrumblist\",\"itemListElement\":[{\"@type\":\"ListItem\",\"@id\":\"https:\\\/\\\/anoticiaonline.com.br\\\/site#listItem\",\"position\":1,\"name\":\"Home\",\"item\":\"https:\\\/\\\/anoticiaonline.com.br\\\/site\",\"nextItem\":{\"@type\":\"ListItem\",\"@id\":\"https:\\\/\\\/anoticiaonline.com.br\\\/site\\\/categoria\\\/muriae\\\/#listItem\",\"name\":\"Blog\"}},{\"@type\":\"ListItem\",\"@id\":\"https:\\\/\\\/anoticiaonline.com.br\\\/site\\\/categoria\\\/muriae\\\/#listItem\",\"position\":2,\"name\":\"Blog\",\"item\":\"https:\\\/\\\/anoticiaonline.com.br\\\/site\\\/categoria\\\/muriae\\\/\",\"nextItem\":{\"@type\":\"ListItem\",\"@id\":\"https:\\\/\\\/anoticiaonline.com.br\\\/site\\\/dia-de-cooperar-sicoob-credisudeste-realiza-acao-em-prol-do-lar-ozanam\\\/#listItem\",\"name\":\"Dia de Cooperar: Sicoob Credisudeste realiza a\\u00e7\\u00e3o em prol do Lar Ozanam\"},\"previousItem\":{\"@type\":\"ListItem\",\"@id\":\"https:\\\/\\\/anoticiaonline.com.br\\\/site#listItem\",\"name\":\"Home\"}},{\"@type\":\"ListItem\",\"@id\":\"https:\\\/\\\/anoticiaonline.com.br\\\/site\\\/dia-de-cooperar-sicoob-credisudeste-realiza-acao-em-prol-do-lar-ozanam\\\/#listItem\",\"position\":3,\"name\":\"Dia de Cooperar: Sicoob Credisudeste realiza a\\u00e7\\u00e3o em prol do Lar Ozanam\",\"previousItem\":{\"@type\":\"ListItem\",\"@id\":\"https:\\\/\\\/anoticiaonline.com.br\\\/site\\\/categoria\\\/muriae\\\/#listItem\",\"name\":\"Blog\"}}]},{\"@type\":\"Organization\",\"@id\":\"https:\\\/\\\/anoticiaonline.com.br\\\/site\\\/#organization\",\"name\":\"A Not\\u00edcia Online\",\"description\":\"Noticias de Muria\\u00e9 e regi\\u00e3o\",\"url\":\"https:\\\/\\\/anoticiaonline.com.br\\\/site\\\/\",\"logo\":{\"@type\":\"ImageObject\",\"url\":\"https:\\\/\\\/scontent-gig4-1.xx.fbcdn.net\\\/v\\\/t39.30808-1\\\/270437624_4564083193639691_6907940295614233970_n.jpg?stp=dst-jpg_s200x200_tt6&_nc_cat=111&ccb=1-7&_nc_sid=f907e8&_nc_ohc=SM1wRlP3lJwQ7kNvwEPuBYA&_nc_oc=AdnqrjDN_BNjSSHWO-GbkIWH6fkGMLw4bqvL_NH6e2wMveX7G-rP2dAqsDSq1mJMOaY&_nc_zt=24&_nc_ht=scontent-gig4-1.xx&_nc_gid=AoBFJeGrT1hVaew_6rchkQ&oh=00_AfX7QmFGhQhG2jAllVgXCiM1ZrWgvtp80-Bfppyexh1QEg&oe=689E923C\",\"@id\":\"https:\\\/\\\/anoticiaonline.com.br\\\/site\\\/dia-de-cooperar-sicoob-credisudeste-realiza-acao-em-prol-do-lar-ozanam\\\/#organizationLogo\"},\"image\":{\"@id\":\"https:\\\/\\\/anoticiaonline.com.br\\\/site\\\/dia-de-cooperar-sicoob-credisudeste-realiza-acao-em-prol-do-lar-ozanam\\\/#organizationLogo\"}},{\"@type\":\"Person\",\"@id\":\"https:\\\/\\\/anoticiaonline.com.br\\\/site\\\/author\\\/juliana\\\/#author\",\"url\":\"https:\\\/\\\/anoticiaonline.com.br\\\/site\\\/author\\\/juliana\\\/\",\"name\":\"Juliana Laviola\",\"image\":{\"@type\":\"ImageObject\",\"@id\":\"https:\\\/\\\/anoticiaonline.com.br\\\/site\\\/dia-de-cooperar-sicoob-credisudeste-realiza-acao-em-prol-do-lar-ozanam\\\/#authorImage\",\"url\":\"https:\\\/\\\/secure.gravatar.com\\\/avatar\\\/b8d45f5c699b100dfaf0e543582f38f38bf94cb7ae3a5e9abf8d891a34773335?s=96&d=mm&r=g\",\"width\":96,\"height\":96,\"caption\":\"Juliana Laviola\"}},{\"@type\":\"WebPage\",\"@id\":\"https:\\\/\\\/anoticiaonline.com.br\\\/site\\\/dia-de-cooperar-sicoob-credisudeste-realiza-acao-em-prol-do-lar-ozanam\\\/#webpage\",\"url\":\"https:\\\/\\\/anoticiaonline.com.br\\\/site\\\/dia-de-cooperar-sicoob-credisudeste-realiza-acao-em-prol-do-lar-ozanam\\\/\",\"name\":\"Dia de Cooperar: Sicoob Credisudeste realiza a\\u00e7\\u00e3o em prol do Lar Ozanam - A Not\\u00edcia Online\",\"description\":\"Comemorado mundialmente, o Dia de Cooperar (Dia C) do Sicoob Credisudeste foi marcado por uma a\\u00e7\\u00e3o na Pra\\u00e7a Jo\\u00e3o Pinheiro, na manh\\u00e3 do \\u00faltimo s\\u00e1bado (21), com muita pipoca, algod\\u00e3o doce, pula-pula, m\\u00fasica ao vivo e distribui\\u00e7\\u00e3o de brindes. O evento contou com atividades de lazer para toda a fam\\u00edlia muriaeense, que p\\u00f4de despertar o\",\"inLanguage\":\"pt-BR\",\"isPartOf\":{\"@id\":\"https:\\\/\\\/anoticiaonline.com.br\\\/site\\\/#website\"},\"breadcrumb\":{\"@id\":\"https:\\\/\\\/anoticiaonline.com.br\\\/site\\\/dia-de-cooperar-sicoob-credisudeste-realiza-acao-em-prol-do-lar-ozanam\\\/#breadcrumblist\"},\"author\":{\"@id\":\"https:\\\/\\\/anoticiaonline.com.br\\\/site\\\/author\\\/juliana\\\/#author\"},\"creator\":{\"@id\":\"https:\\\/\\\/anoticiaonline.com.br\\\/site\\\/author\\\/juliana\\\/#author\"},\"image\":{\"@type\":\"ImageObject\",\"url\":\"https:\\\/\\\/anoticiaonline.com.br\\\/site\\\/wp-content\\\/uploads\\\/2018\\\/07\\\/Dia-de-Cooperar-Sicoob-Credisudeste-realiza-a\\u00e7\\u00e3o-em-prol-do-Lar-Ozanam.jpg\",\"@id\":\"https:\\\/\\\/anoticiaonline.com.br\\\/site\\\/dia-de-cooperar-sicoob-credisudeste-realiza-acao-em-prol-do-lar-ozanam\\\/#mainImage\",\"width\":640,\"height\":427},\"primaryImageOfPage\":{\"@id\":\"https:\\\/\\\/anoticiaonline.com.br\\\/site\\\/dia-de-cooperar-sicoob-credisudeste-realiza-acao-em-prol-do-lar-ozanam\\\/#mainImage\"},\"datePublished\":\"2018-07-26T16:57:30-03:00\",\"dateModified\":\"2018-07-26T16:57:30-03:00\"},{\"@type\":\"WebSite\",\"@id\":\"https:\\\/\\\/anoticiaonline.com.br\\\/site\\\/#website\",\"url\":\"https:\\\/\\\/anoticiaonline.com.br\\\/site\\\/\",\"name\":\"A Not\\u00edcia Online\",\"description\":\"Noticias de Muria\\u00e9 e regi\\u00e3o\",\"inLanguage\":\"pt-BR\",\"publisher\":{\"@id\":\"https:\\\/\\\/anoticiaonline.com.br\\\/site\\\/#organization\"}}]}\n\t\t<\/script>\n\t\t<!-- All in One SEO -->\n\n","aioseo_head_json":{"title":"Dia de Cooperar: Sicoob Credisudeste realiza a\u00e7\u00e3o em prol do Lar Ozanam - A Not\u00edcia Online","description":"Comemorado mundialmente, o Dia de Cooperar (Dia C) do Sicoob Credisudeste foi marcado por uma a\u00e7\u00e3o na Pra\u00e7a Jo\u00e3o Pinheiro, na manh\u00e3 do \u00faltimo s\u00e1bado (21), com muita pipoca, algod\u00e3o doce, pula-pula, m\u00fasica ao vivo e distribui\u00e7\u00e3o de brindes. O evento contou com atividades de lazer para toda a fam\u00edlia muriaeense, que p\u00f4de despertar o","canonical_url":"https:\/\/anoticiaonline.com.br\/site\/dia-de-cooperar-sicoob-credisudeste-realiza-acao-em-prol-do-lar-ozanam\/","robots":"max-image-preview:large","keywords":"","webmasterTools":{"miscellaneous":""},"schema":{"@context":"https:\/\/schema.org","@graph":[{"@type":"BlogPosting","@id":"https:\/\/anoticiaonline.com.br\/site\/dia-de-cooperar-sicoob-credisudeste-realiza-acao-em-prol-do-lar-ozanam\/#blogposting","name":"Dia de Cooperar: Sicoob Credisudeste realiza a\u00e7\u00e3o em prol do Lar Ozanam - A Not\u00edcia Online","headline":"Dia de Cooperar: Sicoob Credisudeste realiza a\u00e7\u00e3o em prol do Lar Ozanam","author":{"@id":"https:\/\/anoticiaonline.com.br\/site\/author\/juliana\/#author"},"publisher":{"@id":"https:\/\/anoticiaonline.com.br\/site\/#organization"},"image":{"@type":"ImageObject","url":"https:\/\/anoticiaonline.com.br\/site\/wp-content\/uploads\/2018\/07\/Dia-de-Cooperar-Sicoob-Credisudeste-realiza-a\u00e7\u00e3o-em-prol-do-Lar-Ozanam.jpg","width":640,"height":427},"datePublished":"2018-07-26T16:57:30-03:00","dateModified":"2018-07-26T16:57:30-03:00","inLanguage":"pt-BR","mainEntityOfPage":{"@id":"https:\/\/anoticiaonline.com.br\/site\/dia-de-cooperar-sicoob-credisudeste-realiza-acao-em-prol-do-lar-ozanam\/#webpage"},"isPartOf":{"@id":"https:\/\/anoticiaonline.com.br\/site\/dia-de-cooperar-sicoob-credisudeste-realiza-acao-em-prol-do-lar-ozanam\/#webpage"},"articleSection":"Blog"},{"@type":"BreadcrumbList","@id":"https:\/\/anoticiaonline.com.br\/site\/dia-de-cooperar-sicoob-credisudeste-realiza-acao-em-prol-do-lar-ozanam\/#breadcrumblist","itemListElement":[{"@type":"ListItem","@id":"https:\/\/anoticiaonline.com.br\/site#listItem","position":1,"name":"Home","item":"https:\/\/anoticiaonline.com.br\/site","nextItem":{"@type":"ListItem","@id":"https:\/\/anoticiaonline.com.br\/site\/categoria\/muriae\/#listItem","name":"Blog"}},{"@type":"ListItem","@id":"https:\/\/anoticiaonline.com.br\/site\/categoria\/muriae\/#listItem","position":2,"name":"Blog","item":"https:\/\/anoticiaonline.com.br\/site\/categoria\/muriae\/","nextItem":{"@type":"ListItem","@id":"https:\/\/anoticiaonline.com.br\/site\/dia-de-cooperar-sicoob-credisudeste-realiza-acao-em-prol-do-lar-ozanam\/#listItem","name":"Dia de Cooperar: Sicoob Credisudeste realiza a\u00e7\u00e3o em prol do Lar Ozanam"},"previousItem":{"@type":"ListItem","@id":"https:\/\/anoticiaonline.com.br\/site#listItem","name":"Home"}},{"@type":"ListItem","@id":"https:\/\/anoticiaonline.com.br\/site\/dia-de-cooperar-sicoob-credisudeste-realiza-acao-em-prol-do-lar-ozanam\/#listItem","position":3,"name":"Dia de Cooperar: Sicoob Credisudeste realiza a\u00e7\u00e3o em prol do Lar Ozanam","previousItem":{"@type":"ListItem","@id":"https:\/\/anoticiaonline.com.br\/site\/categoria\/muriae\/#listItem","name":"Blog"}}]},{"@type":"Organization","@id":"https:\/\/anoticiaonline.com.br\/site\/#organization","name":"A Not\u00edcia Online","description":"Noticias de Muria\u00e9 e regi\u00e3o","url":"https:\/\/anoticiaonline.com.br\/site\/","logo":{"@type":"ImageObject","url":"https:\/\/scontent-gig4-1.xx.fbcdn.net\/v\/t39.30808-1\/270437624_4564083193639691_6907940295614233970_n.jpg?stp=dst-jpg_s200x200_tt6&_nc_cat=111&ccb=1-7&_nc_sid=f907e8&_nc_ohc=SM1wRlP3lJwQ7kNvwEPuBYA&_nc_oc=AdnqrjDN_BNjSSHWO-GbkIWH6fkGMLw4bqvL_NH6e2wMveX7G-rP2dAqsDSq1mJMOaY&_nc_zt=24&_nc_ht=scontent-gig4-1.xx&_nc_gid=AoBFJeGrT1hVaew_6rchkQ&oh=00_AfX7QmFGhQhG2jAllVgXCiM1ZrWgvtp80-Bfppyexh1QEg&oe=689E923C","@id":"https:\/\/anoticiaonline.com.br\/site\/dia-de-cooperar-sicoob-credisudeste-realiza-acao-em-prol-do-lar-ozanam\/#organizationLogo"},"image":{"@id":"https:\/\/anoticiaonline.com.br\/site\/dia-de-cooperar-sicoob-credisudeste-realiza-acao-em-prol-do-lar-ozanam\/#organizationLogo"}},{"@type":"Person","@id":"https:\/\/anoticiaonline.com.br\/site\/author\/juliana\/#author","url":"https:\/\/anoticiaonline.com.br\/site\/author\/juliana\/","name":"Juliana Laviola","image":{"@type":"ImageObject","@id":"https:\/\/anoticiaonline.com.br\/site\/dia-de-cooperar-sicoob-credisudeste-realiza-acao-em-prol-do-lar-ozanam\/#authorImage","url":"https:\/\/secure.gravatar.com\/avatar\/b8d45f5c699b100dfaf0e543582f38f38bf94cb7ae3a5e9abf8d891a34773335?s=96&d=mm&r=g","width":96,"height":96,"caption":"Juliana Laviola"}},{"@type":"WebPage","@id":"https:\/\/anoticiaonline.com.br\/site\/dia-de-cooperar-sicoob-credisudeste-realiza-acao-em-prol-do-lar-ozanam\/#webpage","url":"https:\/\/anoticiaonline.com.br\/site\/dia-de-cooperar-sicoob-credisudeste-realiza-acao-em-prol-do-lar-ozanam\/","name":"Dia de Cooperar: Sicoob Credisudeste realiza a\u00e7\u00e3o em prol do Lar Ozanam - A Not\u00edcia Online","description":"Comemorado mundialmente, o Dia de Cooperar (Dia C) do Sicoob Credisudeste foi marcado por uma a\u00e7\u00e3o na Pra\u00e7a Jo\u00e3o Pinheiro, na manh\u00e3 do \u00faltimo s\u00e1bado (21), com muita pipoca, algod\u00e3o doce, pula-pula, m\u00fasica ao vivo e distribui\u00e7\u00e3o de brindes. O evento contou com atividades de lazer para toda a fam\u00edlia muriaeense, que p\u00f4de despertar o","inLanguage":"pt-BR","isPartOf":{"@id":"https:\/\/anoticiaonline.com.br\/site\/#website"},"breadcrumb":{"@id":"https:\/\/anoticiaonline.com.br\/site\/dia-de-cooperar-sicoob-credisudeste-realiza-acao-em-prol-do-lar-ozanam\/#breadcrumblist"},"author":{"@id":"https:\/\/anoticiaonline.com.br\/site\/author\/juliana\/#author"},"creator":{"@id":"https:\/\/anoticiaonline.com.br\/site\/author\/juliana\/#author"},"image":{"@type":"ImageObject","url":"https:\/\/anoticiaonline.com.br\/site\/wp-content\/uploads\/2018\/07\/Dia-de-Cooperar-Sicoob-Credisudeste-realiza-a\u00e7\u00e3o-em-prol-do-Lar-Ozanam.jpg","@id":"https:\/\/anoticiaonline.com.br\/site\/dia-de-cooperar-sicoob-credisudeste-realiza-acao-em-prol-do-lar-ozanam\/#mainImage","width":640,"height":427},"primaryImageOfPage":{"@id":"https:\/\/anoticiaonline.com.br\/site\/dia-de-cooperar-sicoob-credisudeste-realiza-acao-em-prol-do-lar-ozanam\/#mainImage"},"datePublished":"2018-07-26T16:57:30-03:00","dateModified":"2018-07-26T16:57:30-03:00"},{"@type":"WebSite","@id":"https:\/\/anoticiaonline.com.br\/site\/#website","url":"https:\/\/anoticiaonline.com.br\/site\/","name":"A Not\u00edcia Online","description":"Noticias de Muria\u00e9 e regi\u00e3o","inLanguage":"pt-BR","publisher":{"@id":"https:\/\/anoticiaonline.com.br\/site\/#organization"}}]},"og:locale":"pt_BR","og:site_name":"A Not\u00edcia Online - Noticias de Muria\u00e9 e regi\u00e3o","og:type":"article","og:title":"Dia de Cooperar: Sicoob Credisudeste realiza a\u00e7\u00e3o em prol do Lar Ozanam - A Not\u00edcia Online","og:description":"Comemorado mundialmente, o Dia de Cooperar (Dia C) do Sicoob Credisudeste foi marcado por uma a\u00e7\u00e3o na Pra\u00e7a Jo\u00e3o Pinheiro, na manh\u00e3 do \u00faltimo s\u00e1bado (21), com muita pipoca, algod\u00e3o doce, pula-pula, m\u00fasica ao vivo e distribui\u00e7\u00e3o de brindes. O evento contou com atividades de lazer para toda a fam\u00edlia muriaeense, que p\u00f4de despertar o","og:url":"https:\/\/anoticiaonline.com.br\/site\/dia-de-cooperar-sicoob-credisudeste-realiza-acao-em-prol-do-lar-ozanam\/","og:image":"https:\/\/scontent-gig4-1.xx.fbcdn.net\/v\/t39.30808-1\/270437624_4564083193639691_6907940295614233970_n.jpg?stp=dst-jpg_s200x200_tt6&#038;_nc_cat=111&#038;ccb=1-7&#038;_nc_sid=f907e8&#038;_nc_ohc=SM1wRlP3lJwQ7kNvwEPuBYA&#038;_nc_oc=AdnqrjDN_BNjSSHWO-GbkIWH6fkGMLw4bqvL_NH6e2wMveX7G-rP2dAqsDSq1mJMOaY&#038;_nc_zt=24&#038;_nc_ht=scontent-gig4-1.xx&#038;_nc_gid=AoBFJeGrT1hVaew_6rchkQ&#038;oh=00_AfX7QmFGhQhG2jAllVgXCiM1ZrWgvtp80-Bfppyexh1QEg&#038;oe=689E923C","og:image:secure_url":"https:\/\/scontent-gig4-1.xx.fbcdn.net\/v\/t39.30808-1\/270437624_4564083193639691_6907940295614233970_n.jpg?stp=dst-jpg_s200x200_tt6&#038;_nc_cat=111&#038;ccb=1-7&#038;_nc_sid=f907e8&#038;_nc_ohc=SM1wRlP3lJwQ7kNvwEPuBYA&#038;_nc_oc=AdnqrjDN_BNjSSHWO-GbkIWH6fkGMLw4bqvL_NH6e2wMveX7G-rP2dAqsDSq1mJMOaY&#038;_nc_zt=24&#038;_nc_ht=scontent-gig4-1.xx&#038;_nc_gid=AoBFJeGrT1hVaew_6rchkQ&#038;oh=00_AfX7QmFGhQhG2jAllVgXCiM1ZrWgvtp80-Bfppyexh1QEg&#038;oe=689E923C","article:published_time":"2018-07-26T19:57:30+00:00","article:modified_time":"2018-07-26T19:57:30+00:00","twitter:card":"summary_large_image","twitter:title":"Dia de Cooperar: Sicoob Credisudeste realiza a\u00e7\u00e3o em prol do Lar Ozanam - A Not\u00edcia Online","twitter:description":"Comemorado mundialmente, o Dia de Cooperar (Dia C) do Sicoob Credisudeste foi marcado por uma a\u00e7\u00e3o na Pra\u00e7a Jo\u00e3o Pinheiro, na manh\u00e3 do \u00faltimo s\u00e1bado (21), com muita pipoca, algod\u00e3o doce, pula-pula, m\u00fasica ao vivo e distribui\u00e7\u00e3o de brindes. O evento contou com atividades de lazer para toda a fam\u00edlia muriaeense, que p\u00f4de despertar o","twitter:image":"https:\/\/scontent-gig4-1.xx.fbcdn.net\/v\/t39.30808-1\/270437624_4564083193639691_6907940295614233970_n.jpg?stp=dst-jpg_s200x200_tt6&_nc_cat=111&ccb=1-7&_nc_sid=f907e8&_nc_ohc=SM1wRlP3lJwQ7kNvwEPuBYA&_nc_oc=AdnqrjDN_BNjSSHWO-GbkIWH6fkGMLw4bqvL_NH6e2wMveX7G-rP2dAqsDSq1mJMOaY&_nc_zt=24&_nc_ht=scontent-gig4-1.xx&_nc_gid=AoBFJeGrT1hVaew_6rchkQ&oh=00_AfX7QmFGhQhG2jAllVgXCiM1ZrWgvtp80-Bfppyexh1QEg&oe=689E923C"},"aioseo_meta_data":{"post_id":"58814","title":null,"description":null,"keywords":null,"keyphrases":null,"primary_term":null,"canonical_url":null,"og_title":null,"og_description":null,"og_object_type":"default","og_image_type":"default","og_image_url":null,"og_image_width":null,"og_image_height":null,"og_image_custom_url":null,"og_image_custom_fields":null,"og_video":null,"og_custom_url":null,"og_article_section":null,"og_article_tags":null,"twitter_use_og":false,"twitter_card":"default","twitter_image_type":"default","twitter_image_url":null,"twitter_image_custom_url":null,"twitter_image_custom_fields":null,"twitter_title":null,"twitter_description":null,"schema":{"blockGraphs":[],"customGraphs":[],"default":{"data":{"Article":[],"Course":[],"Dataset":[],"FAQPage":[],"Movie":[],"Person":[],"Product":[],"ProductReview":[],"Car":[],"Recipe":[],"Service":[],"SoftwareApplication":[],"WebPage":[]},"graphName":"","isEnabled":true},"graphs":[]},"schema_type":"default","schema_type_options":null,"pillar_content":false,"robots_default":true,"robots_noindex":false,"robots_noarchive":false,"robots_nosnippet":false,"robots_nofollow":false,"robots_noimageindex":false,"robots_noodp":false,"robots_notranslate":false,"robots_max_snippet":null,"robots_max_videopreview":null,"robots_max_imagepreview":"large","priority":null,"frequency":null,"local_seo":null,"breadcrumb_settings":null,"limit_modified_date":false,"ai":null,"created":"2025-08-16 21:18:33","updated":"2025-08-16 21:18:33","focus_keyword":null,"additional_keywords":null,"truseo_locale":null,"seo_analyzer_scan_date":null},"aioseo_breadcrumb":"<div class=\"aioseo-breadcrumbs\"><span class=\"aioseo-breadcrumb\">\n\t\t\t<a href=\"https:\/\/anoticiaonline.com.br\/site\" title=\"Home\">Home<\/a>\n\t\t<\/span><span class=\"aioseo-breadcrumb-separator\">&raquo;<\/span><span class=\"aioseo-breadcrumb\">\n\t\t\t<a href=\"https:\/\/anoticiaonline.com.br\/site\/categoria\/muriae\/\" title=\"Blog\">Blog<\/a>\n\t\t<\/span><span class=\"aioseo-breadcrumb-separator\">&raquo;<\/span><span class=\"aioseo-breadcrumb\">\n\t\t\tDia de Cooperar: Sicoob Credisudeste realiza a\u00e7\u00e3o em prol do Lar Ozanam\n\t\t<\/span><\/div>","aioseo_breadcrumb_json":[{"label":"Home","link":"https:\/\/anoticiaonline.com.br\/site"},{"label":"Blog","link":"https:\/\/anoticiaonline.com.br\/site\/categoria\/muriae\/"},{"label":"Dia de Cooperar: Sicoob Credisudeste realiza a\u00e7\u00e3o em prol do Lar Ozanam","link":"https:\/\/anoticiaonline.com.br\/site\/dia-de-cooperar-sicoob-credisudeste-realiza-acao-em-prol-do-lar-ozanam\/"}],"views":146,"_links":{"self":[{"href":"https:\/\/anoticiaonline.com.br\/site\/wp-json\/wp\/v2\/posts\/58814","targetHints":{"allow":["GET"]}}],"collection":[{"href":"https:\/\/anoticiaonline.com.br\/site\/wp-json\/wp\/v2\/posts"}],"about":[{"href":"https:\/\/anoticiaonline.com.br\/site\/wp-json\/wp\/v2\/types\/post"}],"author":[{"embeddable":true,"href":"https:\/\/anoticiaonline.com.br\/site\/wp-json\/wp\/v2\/users\/2"}],"replies":[{"embeddable":true,"href":"https:\/\/anoticiaonline.com.br\/site\/wp-json\/wp\/v2\/comments?post=58814"}],"version-history":[{"count":0,"href":"https:\/\/anoticiaonline.com.br\/site\/wp-json\/wp\/v2\/posts\/58814\/revisions"}],"wp:featuredmedia":[{"embeddable":true,"href":"https:\/\/anoticiaonline.com.br\/site\/wp-json\/wp\/v2\/media\/58815"}],"wp:attachment":[{"href":"https:\/\/anoticiaonline.com.br\/site\/wp-json\/wp\/v2\/media?parent=58814"}],"wp:term":[{"taxonomy":"category","embeddable":true,"href":"https:\/\/anoticiaonline.com.br\/site\/wp-json\/wp\/v2\/categories?post=58814"},{"taxonomy":"post_tag","embeddable":true,"href":"https:\/\/anoticiaonline.com.br\/site\/wp-json\/wp\/v2\/tags?post=58814"}],"curies":[{"name":"wp","href":"https:\/\/api.w.org\/{rel}","templated":true}]}}