{"id":58792,"date":"2018-07-25T17:38:23","date_gmt":"2018-07-25T20:38:23","guid":{"rendered":"http:\/\/anoticiaonline.com.br\/site\/?p=58792"},"modified":"2018-07-25T17:38:23","modified_gmt":"2018-07-25T20:38:23","slug":"garoto-radical-marcelinho-sobe-ao-podio-em-americana-sao-paulo","status":"publish","type":"post","link":"https:\/\/anoticiaonline.com.br\/site\/garoto-radical-marcelinho-sobe-ao-podio-em-americana-sao-paulo\/","title":{"rendered":"Garoto radical: Marcelinho sobe ao p\u00f3dio em Americana, S\u00e3o Paulo"},"content":{"rendered":"<p><a href=\"https:\/\/anoticiaonline.com.br\/site\/wp-content\/uploads\/2018\/07\/Garoto-radical-Marcelinho-sobe-ao-p\u00f3dio-em-Americana-S\u00e3o-Paulo-5.jpeg\"><img fetchpriority=\"high\" decoding=\"async\" class=\"alignnone size-full wp-image-58793\" src=\"https:\/\/anoticiaonline.com.br\/site\/wp-content\/uploads\/2018\/07\/Garoto-radical-Marcelinho-sobe-ao-p\u00f3dio-em-Americana-S\u00e3o-Paulo-5.jpeg\" alt=\"\" width=\"640\" height=\"427\" srcset=\"https:\/\/anoticiaonline.com.br\/site\/wp-content\/uploads\/2018\/07\/Garoto-radical-Marcelinho-sobe-ao-p\u00f3dio-em-Americana-S\u00e3o-Paulo-5.jpeg 640w, https:\/\/anoticiaonline.com.br\/site\/wp-content\/uploads\/2018\/07\/Garoto-radical-Marcelinho-sobe-ao-p\u00f3dio-em-Americana-S\u00e3o-Paulo-5-300x200.jpeg 300w\" sizes=\"(max-width: 640px) 100vw, 640px\" \/><\/a><\/p>\n<p>O muriaeense Marcelo Rodrigues Feler Guimar\u00e3es, o \u201cMarcelo Cepinha\u201d, de sete anos, subiu novamente ao p\u00f3dio ap\u00f3s conquistar o segundo lugar do Campeonato Brasileiro de BMX 2018, disputado nos dias 7 e 8 de julho, no Complexo Esportivo Ayrton Senna, localizado na cidade de Americana, no estado de S\u00e3o Paulo.<\/p>\n<p>\u201cCepinha\u201d disputou com outros 23 garotos na categoria Boys 7 anos e, atualmente, lidera o raking em Minas Gerais. Neste fim de semana (28 e 29), \u201cCepinha\u201d disputar\u00e1 a 4\u00aa Etapa do Campeonato Mineiro, em Curvelo.<\/p>\n<p>Orgulhosos, os pais, Jos\u00e9 Marcelo Feler Guimar\u00e3es e Aline Silveira Rodrigues Feler Guimar\u00e3es, contam que h\u00e1 tr\u00eas anos retiraram as rodinhas de apoio da bicicleta do garoto e, em poucos dias, Marcelinho j\u00e1 estava participando das etapas do Campeonato Mineiro de Bicicross, realizadas em Muria\u00e9.\u00a0\u201cAproveitamos a oportunidade para agradecer o apoio dos patrocinadores e todos \u00e0queles que acompanham o desempenho do nosso filho nas pistas\u201d, contam.<\/p>\n<p><a href=\"https:\/\/anoticiaonline.com.br\/site\/wp-content\/uploads\/2018\/07\/Garoto-radical-Marcelinho-sobe-ao-p\u00f3dio-em-Americana-S\u00e3o-Paulo-6.jpeg\"><img decoding=\"async\" class=\"alignnone size-full wp-image-58794\" src=\"https:\/\/anoticiaonline.com.br\/site\/wp-content\/uploads\/2018\/07\/Garoto-radical-Marcelinho-sobe-ao-p\u00f3dio-em-Americana-S\u00e3o-Paulo-6.jpeg\" alt=\"\" width=\"640\" height=\"427\" srcset=\"https:\/\/anoticiaonline.com.br\/site\/wp-content\/uploads\/2018\/07\/Garoto-radical-Marcelinho-sobe-ao-p\u00f3dio-em-Americana-S\u00e3o-Paulo-6.jpeg 640w, https:\/\/anoticiaonline.com.br\/site\/wp-content\/uploads\/2018\/07\/Garoto-radical-Marcelinho-sobe-ao-p\u00f3dio-em-Americana-S\u00e3o-Paulo-6-300x200.jpeg 300w\" sizes=\"(max-width: 640px) 100vw, 640px\" \/><\/a> <a href=\"https:\/\/anoticiaonline.com.br\/site\/wp-content\/uploads\/2018\/07\/Garoto-radical-Marcelinho-sobe-ao-p\u00f3dio-em-Americana-S\u00e3o-Paulo.jpeg\"><img decoding=\"async\" class=\"alignnone size-full wp-image-58795\" src=\"https:\/\/anoticiaonline.com.br\/site\/wp-content\/uploads\/2018\/07\/Garoto-radical-Marcelinho-sobe-ao-p\u00f3dio-em-Americana-S\u00e3o-Paulo.jpeg\" alt=\"\" width=\"640\" height=\"427\" srcset=\"https:\/\/anoticiaonline.com.br\/site\/wp-content\/uploads\/2018\/07\/Garoto-radical-Marcelinho-sobe-ao-p\u00f3dio-em-Americana-S\u00e3o-Paulo.jpeg 640w, https:\/\/anoticiaonline.com.br\/site\/wp-content\/uploads\/2018\/07\/Garoto-radical-Marcelinho-sobe-ao-p\u00f3dio-em-Americana-S\u00e3o-Paulo-300x200.jpeg 300w\" sizes=\"(max-width: 640px) 100vw, 640px\" \/><\/a> <a href=\"https:\/\/anoticiaonline.com.br\/site\/wp-content\/uploads\/2018\/07\/Garoto-radical-Marcelinho-sobe-ao-p\u00f3dio-em-Americana-S\u00e3o-Paulo-2.jpeg\"><img loading=\"lazy\" decoding=\"async\" class=\"alignnone size-full wp-image-58796\" src=\"https:\/\/anoticiaonline.com.br\/site\/wp-content\/uploads\/2018\/07\/Garoto-radical-Marcelinho-sobe-ao-p\u00f3dio-em-Americana-S\u00e3o-Paulo-2.jpeg\" alt=\"\" width=\"640\" height=\"427\" srcset=\"https:\/\/anoticiaonline.com.br\/site\/wp-content\/uploads\/2018\/07\/Garoto-radical-Marcelinho-sobe-ao-p\u00f3dio-em-Americana-S\u00e3o-Paulo-2.jpeg 640w, https:\/\/anoticiaonline.com.br\/site\/wp-content\/uploads\/2018\/07\/Garoto-radical-Marcelinho-sobe-ao-p\u00f3dio-em-Americana-S\u00e3o-Paulo-2-300x200.jpeg 300w\" sizes=\"(max-width: 640px) 100vw, 640px\" \/><\/a> <a href=\"https:\/\/anoticiaonline.com.br\/site\/wp-content\/uploads\/2018\/07\/Garoto-radical-Marcelinho-sobe-ao-p\u00f3dio-em-Americana-S\u00e3o-Paulo-3.jpeg\"><img loading=\"lazy\" decoding=\"async\" class=\"alignnone size-full wp-image-58797\" src=\"https:\/\/anoticiaonline.com.br\/site\/wp-content\/uploads\/2018\/07\/Garoto-radical-Marcelinho-sobe-ao-p\u00f3dio-em-Americana-S\u00e3o-Paulo-3.jpeg\" alt=\"\" width=\"640\" height=\"427\" srcset=\"https:\/\/anoticiaonline.com.br\/site\/wp-content\/uploads\/2018\/07\/Garoto-radical-Marcelinho-sobe-ao-p\u00f3dio-em-Americana-S\u00e3o-Paulo-3.jpeg 640w, https:\/\/anoticiaonline.com.br\/site\/wp-content\/uploads\/2018\/07\/Garoto-radical-Marcelinho-sobe-ao-p\u00f3dio-em-Americana-S\u00e3o-Paulo-3-300x200.jpeg 300w\" sizes=\"(max-width: 640px) 100vw, 640px\" \/><\/a> <a href=\"https:\/\/anoticiaonline.com.br\/site\/wp-content\/uploads\/2018\/07\/Garoto-radical-Marcelinho-sobe-ao-p\u00f3dio-em-Americana-S\u00e3o-Paulo-4.jpeg\"><img loading=\"lazy\" decoding=\"async\" class=\"alignnone size-full wp-image-58798\" src=\"https:\/\/anoticiaonline.com.br\/site\/wp-content\/uploads\/2018\/07\/Garoto-radical-Marcelinho-sobe-ao-p\u00f3dio-em-Americana-S\u00e3o-Paulo-4.jpeg\" alt=\"\" width=\"640\" height=\"427\" srcset=\"https:\/\/anoticiaonline.com.br\/site\/wp-content\/uploads\/2018\/07\/Garoto-radical-Marcelinho-sobe-ao-p\u00f3dio-em-Americana-S\u00e3o-Paulo-4.jpeg 640w, https:\/\/anoticiaonline.com.br\/site\/wp-content\/uploads\/2018\/07\/Garoto-radical-Marcelinho-sobe-ao-p\u00f3dio-em-Americana-S\u00e3o-Paulo-4-300x200.jpeg 300w\" sizes=\"(max-width: 640px) 100vw, 640px\" \/><\/a><\/p>\n","protected":false},"excerpt":{"rendered":"<p>O muriaeense Marcelo Rodrigues Feler Guimar\u00e3es, o \u201cMarcelo Cepinha\u201d, de sete anos, subiu novamente ao p\u00f3dio ap\u00f3s conquistar o segundo lugar do Campeonato Brasileiro de BMX 2018, disputado nos dias 7 e 8 de julho, no Complexo Esportivo Ayrton Senna, localizado na cidade de Americana, no estado de S\u00e3o Paulo. \u201cCepinha\u201d disputou com outros 23 &#8230; <a title=\"Garoto radical: Marcelinho sobe ao p\u00f3dio em Americana, S\u00e3o Paulo\" class=\"read-more\" href=\"https:\/\/anoticiaonline.com.br\/site\/garoto-radical-marcelinho-sobe-ao-podio-em-americana-sao-paulo\/\" aria-label=\"Read more about Garoto radical: Marcelinho sobe ao p\u00f3dio em Americana, S\u00e3o Paulo\">Ler mais<\/a><\/p>\n","protected":false},"author":2,"featured_media":58793,"comment_status":"open","ping_status":"open","sticky":false,"template":"","format":"standard","meta":{"_acf_changed":false,"_monsterinsights_skip_tracking":false,"footnotes":""},"categories":[30],"tags":[2865,1133,2866,47,1467,74,2444],"class_list":["post-58792","post","type-post","status-publish","format-standard","has-post-thumbnail","hentry","category-muriae","tag-americana","tag-bmx","tag-cepinha","tag-esporte","tag-marcelinho","tag-muriae","tag-sao-paulo"],"acf":[],"aioseo_notices":[],"aioseo_head":"\n\t\t<!-- All in One SEO 5.0.0.1 - aioseo.com -->\n\t<meta name=\"description\" content=\"O muriaeense Marcelo Rodrigues Feler Guimar\u00e3es, o \u201cMarcelo Cepinha\u201d, de sete anos, subiu novamente ao p\u00f3dio ap\u00f3s conquistar o segundo lugar do Campeonato Brasileiro de BMX 2018, disputado nos dias 7 e 8 de julho, no Complexo Esportivo Ayrton Senna, localizado na cidade de Americana, no estado de S\u00e3o Paulo. \u201cCepinha\u201d disputou com outros 23\" \/>\n\t<meta name=\"robots\" content=\"max-image-preview:large\" \/>\n\t<meta name=\"author\" content=\"Juliana Laviola\"\/>\n\t<link rel=\"canonical\" href=\"https:\/\/anoticiaonline.com.br\/site\/garoto-radical-marcelinho-sobe-ao-podio-em-americana-sao-paulo\/\" \/>\n\t<meta name=\"generator\" content=\"All in One SEO (AIOSEO) 5.0.0.1\" \/>\n\t\t<meta property=\"og:locale\" content=\"pt_BR\" \/>\n\t\t<meta property=\"og:site_name\" content=\"A Not\u00edcia Online - Noticias de Muria\u00e9 e regi\u00e3o\" \/>\n\t\t<meta property=\"og:type\" content=\"article\" \/>\n\t\t<meta property=\"og:title\" content=\"Garoto radical: Marcelinho sobe ao p\u00f3dio em Americana, S\u00e3o Paulo - A Not\u00edcia Online\" \/>\n\t\t<meta property=\"og:description\" content=\"O muriaeense Marcelo Rodrigues Feler Guimar\u00e3es, o \u201cMarcelo Cepinha\u201d, de sete anos, subiu novamente ao p\u00f3dio ap\u00f3s conquistar o segundo lugar do Campeonato Brasileiro de BMX 2018, disputado nos dias 7 e 8 de julho, no Complexo Esportivo Ayrton Senna, localizado na cidade de Americana, no estado de S\u00e3o Paulo. \u201cCepinha\u201d disputou com outros 23\" \/>\n\t\t<meta property=\"og:url\" content=\"https:\/\/anoticiaonline.com.br\/site\/garoto-radical-marcelinho-sobe-ao-podio-em-americana-sao-paulo\/\" \/>\n\t\t<meta property=\"og:image\" content=\"https:\/\/scontent-gig4-1.xx.fbcdn.net\/v\/t39.30808-1\/270437624_4564083193639691_6907940295614233970_n.jpg?stp=dst-jpg_s200x200_tt6&#038;_nc_cat=111&#038;ccb=1-7&#038;_nc_sid=f907e8&#038;_nc_ohc=SM1wRlP3lJwQ7kNvwEPuBYA&#038;_nc_oc=AdnqrjDN_BNjSSHWO-GbkIWH6fkGMLw4bqvL_NH6e2wMveX7G-rP2dAqsDSq1mJMOaY&#038;_nc_zt=24&#038;_nc_ht=scontent-gig4-1.xx&#038;_nc_gid=AoBFJeGrT1hVaew_6rchkQ&#038;oh=00_AfX7QmFGhQhG2jAllVgXCiM1ZrWgvtp80-Bfppyexh1QEg&#038;oe=689E923C\" \/>\n\t\t<meta property=\"og:image:secure_url\" content=\"https:\/\/scontent-gig4-1.xx.fbcdn.net\/v\/t39.30808-1\/270437624_4564083193639691_6907940295614233970_n.jpg?stp=dst-jpg_s200x200_tt6&#038;_nc_cat=111&#038;ccb=1-7&#038;_nc_sid=f907e8&#038;_nc_ohc=SM1wRlP3lJwQ7kNvwEPuBYA&#038;_nc_oc=AdnqrjDN_BNjSSHWO-GbkIWH6fkGMLw4bqvL_NH6e2wMveX7G-rP2dAqsDSq1mJMOaY&#038;_nc_zt=24&#038;_nc_ht=scontent-gig4-1.xx&#038;_nc_gid=AoBFJeGrT1hVaew_6rchkQ&#038;oh=00_AfX7QmFGhQhG2jAllVgXCiM1ZrWgvtp80-Bfppyexh1QEg&#038;oe=689E923C\" \/>\n\t\t<meta property=\"article:published_time\" content=\"2018-07-25T20:38:23+00:00\" \/>\n\t\t<meta property=\"article:modified_time\" content=\"2018-07-25T20:38:23+00:00\" \/>\n\t\t<meta name=\"twitter:card\" content=\"summary_large_image\" \/>\n\t\t<meta name=\"twitter:title\" content=\"Garoto radical: Marcelinho sobe ao p\u00f3dio em Americana, S\u00e3o Paulo - A Not\u00edcia Online\" \/>\n\t\t<meta name=\"twitter:description\" content=\"O muriaeense Marcelo Rodrigues Feler Guimar\u00e3es, o \u201cMarcelo Cepinha\u201d, de sete anos, subiu novamente ao p\u00f3dio ap\u00f3s conquistar o segundo lugar do Campeonato Brasileiro de BMX 2018, disputado nos dias 7 e 8 de julho, no Complexo Esportivo Ayrton Senna, localizado na cidade de Americana, no estado de S\u00e3o Paulo. \u201cCepinha\u201d disputou com outros 23\" \/>\n\t\t<meta name=\"twitter:image\" content=\"https:\/\/scontent-gig4-1.xx.fbcdn.net\/v\/t39.30808-1\/270437624_4564083193639691_6907940295614233970_n.jpg?stp=dst-jpg_s200x200_tt6&amp;_nc_cat=111&amp;ccb=1-7&amp;_nc_sid=f907e8&amp;_nc_ohc=SM1wRlP3lJwQ7kNvwEPuBYA&amp;_nc_oc=AdnqrjDN_BNjSSHWO-GbkIWH6fkGMLw4bqvL_NH6e2wMveX7G-rP2dAqsDSq1mJMOaY&amp;_nc_zt=24&amp;_nc_ht=scontent-gig4-1.xx&amp;_nc_gid=AoBFJeGrT1hVaew_6rchkQ&amp;oh=00_AfX7QmFGhQhG2jAllVgXCiM1ZrWgvtp80-Bfppyexh1QEg&amp;oe=689E923C\" \/>\n\t\t<script type=\"application\/ld+json\" class=\"aioseo-schema\">\n\t\t\t{\"@context\":\"https:\\\/\\\/schema.org\",\"@graph\":[{\"@type\":\"BlogPosting\",\"@id\":\"https:\\\/\\\/anoticiaonline.com.br\\\/site\\\/garoto-radical-marcelinho-sobe-ao-podio-em-americana-sao-paulo\\\/#blogposting\",\"name\":\"Garoto radical: Marcelinho sobe ao p\\u00f3dio em Americana, S\\u00e3o Paulo - A Not\\u00edcia Online\",\"headline\":\"Garoto radical: Marcelinho sobe ao p\\u00f3dio em Americana, S\\u00e3o Paulo\",\"author\":{\"@id\":\"https:\\\/\\\/anoticiaonline.com.br\\\/site\\\/author\\\/juliana\\\/#author\"},\"publisher\":{\"@id\":\"https:\\\/\\\/anoticiaonline.com.br\\\/site\\\/#organization\"},\"image\":{\"@type\":\"ImageObject\",\"url\":\"https:\\\/\\\/anoticiaonline.com.br\\\/site\\\/wp-content\\\/uploads\\\/2018\\\/07\\\/Garoto-radical-Marcelinho-sobe-ao-p\\u00f3dio-em-Americana-S\\u00e3o-Paulo-5.jpeg\",\"width\":640,\"height\":427},\"datePublished\":\"2018-07-25T17:38:23-03:00\",\"dateModified\":\"2018-07-25T17:38:23-03:00\",\"inLanguage\":\"pt-BR\",\"mainEntityOfPage\":{\"@id\":\"https:\\\/\\\/anoticiaonline.com.br\\\/site\\\/garoto-radical-marcelinho-sobe-ao-podio-em-americana-sao-paulo\\\/#webpage\"},\"isPartOf\":{\"@id\":\"https:\\\/\\\/anoticiaonline.com.br\\\/site\\\/garoto-radical-marcelinho-sobe-ao-podio-em-americana-sao-paulo\\\/#webpage\"},\"articleSection\":\"Blog, americana, bmx, cepinha, esporte, marcelinho, Muria\\u00e9, s\\u00e3o paulo\"},{\"@type\":\"BreadcrumbList\",\"@id\":\"https:\\\/\\\/anoticiaonline.com.br\\\/site\\\/garoto-radical-marcelinho-sobe-ao-podio-em-americana-sao-paulo\\\/#breadcrumblist\",\"itemListElement\":[{\"@type\":\"ListItem\",\"@id\":\"https:\\\/\\\/anoticiaonline.com.br\\\/site#listItem\",\"position\":1,\"name\":\"Home\",\"item\":\"https:\\\/\\\/anoticiaonline.com.br\\\/site\",\"nextItem\":{\"@type\":\"ListItem\",\"@id\":\"https:\\\/\\\/anoticiaonline.com.br\\\/site\\\/categoria\\\/muriae\\\/#listItem\",\"name\":\"Blog\"}},{\"@type\":\"ListItem\",\"@id\":\"https:\\\/\\\/anoticiaonline.com.br\\\/site\\\/categoria\\\/muriae\\\/#listItem\",\"position\":2,\"name\":\"Blog\",\"item\":\"https:\\\/\\\/anoticiaonline.com.br\\\/site\\\/categoria\\\/muriae\\\/\",\"nextItem\":{\"@type\":\"ListItem\",\"@id\":\"https:\\\/\\\/anoticiaonline.com.br\\\/site\\\/garoto-radical-marcelinho-sobe-ao-podio-em-americana-sao-paulo\\\/#listItem\",\"name\":\"Garoto radical: Marcelinho sobe ao p\\u00f3dio em Americana, S\\u00e3o Paulo\"},\"previousItem\":{\"@type\":\"ListItem\",\"@id\":\"https:\\\/\\\/anoticiaonline.com.br\\\/site#listItem\",\"name\":\"Home\"}},{\"@type\":\"ListItem\",\"@id\":\"https:\\\/\\\/anoticiaonline.com.br\\\/site\\\/garoto-radical-marcelinho-sobe-ao-podio-em-americana-sao-paulo\\\/#listItem\",\"position\":3,\"name\":\"Garoto radical: Marcelinho sobe ao p\\u00f3dio em Americana, S\\u00e3o Paulo\",\"previousItem\":{\"@type\":\"ListItem\",\"@id\":\"https:\\\/\\\/anoticiaonline.com.br\\\/site\\\/categoria\\\/muriae\\\/#listItem\",\"name\":\"Blog\"}}]},{\"@type\":\"Organization\",\"@id\":\"https:\\\/\\\/anoticiaonline.com.br\\\/site\\\/#organization\",\"name\":\"A Not\\u00edcia Online\",\"description\":\"Noticias de Muria\\u00e9 e regi\\u00e3o\",\"url\":\"https:\\\/\\\/anoticiaonline.com.br\\\/site\\\/\",\"logo\":{\"@type\":\"ImageObject\",\"url\":\"https:\\\/\\\/scontent-gig4-1.xx.fbcdn.net\\\/v\\\/t39.30808-1\\\/270437624_4564083193639691_6907940295614233970_n.jpg?stp=dst-jpg_s200x200_tt6&_nc_cat=111&ccb=1-7&_nc_sid=f907e8&_nc_ohc=SM1wRlP3lJwQ7kNvwEPuBYA&_nc_oc=AdnqrjDN_BNjSSHWO-GbkIWH6fkGMLw4bqvL_NH6e2wMveX7G-rP2dAqsDSq1mJMOaY&_nc_zt=24&_nc_ht=scontent-gig4-1.xx&_nc_gid=AoBFJeGrT1hVaew_6rchkQ&oh=00_AfX7QmFGhQhG2jAllVgXCiM1ZrWgvtp80-Bfppyexh1QEg&oe=689E923C\",\"@id\":\"https:\\\/\\\/anoticiaonline.com.br\\\/site\\\/garoto-radical-marcelinho-sobe-ao-podio-em-americana-sao-paulo\\\/#organizationLogo\"},\"image\":{\"@id\":\"https:\\\/\\\/anoticiaonline.com.br\\\/site\\\/garoto-radical-marcelinho-sobe-ao-podio-em-americana-sao-paulo\\\/#organizationLogo\"}},{\"@type\":\"Person\",\"@id\":\"https:\\\/\\\/anoticiaonline.com.br\\\/site\\\/author\\\/juliana\\\/#author\",\"url\":\"https:\\\/\\\/anoticiaonline.com.br\\\/site\\\/author\\\/juliana\\\/\",\"name\":\"Juliana Laviola\",\"image\":{\"@type\":\"ImageObject\",\"@id\":\"https:\\\/\\\/anoticiaonline.com.br\\\/site\\\/garoto-radical-marcelinho-sobe-ao-podio-em-americana-sao-paulo\\\/#authorImage\",\"url\":\"https:\\\/\\\/secure.gravatar.com\\\/avatar\\\/b8d45f5c699b100dfaf0e543582f38f38bf94cb7ae3a5e9abf8d891a34773335?s=96&d=mm&r=g\",\"width\":96,\"height\":96,\"caption\":\"Juliana Laviola\"}},{\"@type\":\"WebPage\",\"@id\":\"https:\\\/\\\/anoticiaonline.com.br\\\/site\\\/garoto-radical-marcelinho-sobe-ao-podio-em-americana-sao-paulo\\\/#webpage\",\"url\":\"https:\\\/\\\/anoticiaonline.com.br\\\/site\\\/garoto-radical-marcelinho-sobe-ao-podio-em-americana-sao-paulo\\\/\",\"name\":\"Garoto radical: Marcelinho sobe ao p\\u00f3dio em Americana, S\\u00e3o Paulo - A Not\\u00edcia Online\",\"description\":\"O muriaeense Marcelo Rodrigues Feler Guimar\\u00e3es, o \\u201cMarcelo Cepinha\\u201d, de sete anos, subiu novamente ao p\\u00f3dio ap\\u00f3s conquistar o segundo lugar do Campeonato Brasileiro de BMX 2018, disputado nos dias 7 e 8 de julho, no Complexo Esportivo Ayrton Senna, localizado na cidade de Americana, no estado de S\\u00e3o Paulo. \\u201cCepinha\\u201d disputou com outros 23\",\"inLanguage\":\"pt-BR\",\"isPartOf\":{\"@id\":\"https:\\\/\\\/anoticiaonline.com.br\\\/site\\\/#website\"},\"breadcrumb\":{\"@id\":\"https:\\\/\\\/anoticiaonline.com.br\\\/site\\\/garoto-radical-marcelinho-sobe-ao-podio-em-americana-sao-paulo\\\/#breadcrumblist\"},\"author\":{\"@id\":\"https:\\\/\\\/anoticiaonline.com.br\\\/site\\\/author\\\/juliana\\\/#author\"},\"creator\":{\"@id\":\"https:\\\/\\\/anoticiaonline.com.br\\\/site\\\/author\\\/juliana\\\/#author\"},\"image\":{\"@type\":\"ImageObject\",\"url\":\"https:\\\/\\\/anoticiaonline.com.br\\\/site\\\/wp-content\\\/uploads\\\/2018\\\/07\\\/Garoto-radical-Marcelinho-sobe-ao-p\\u00f3dio-em-Americana-S\\u00e3o-Paulo-5.jpeg\",\"@id\":\"https:\\\/\\\/anoticiaonline.com.br\\\/site\\\/garoto-radical-marcelinho-sobe-ao-podio-em-americana-sao-paulo\\\/#mainImage\",\"width\":640,\"height\":427},\"primaryImageOfPage\":{\"@id\":\"https:\\\/\\\/anoticiaonline.com.br\\\/site\\\/garoto-radical-marcelinho-sobe-ao-podio-em-americana-sao-paulo\\\/#mainImage\"},\"datePublished\":\"2018-07-25T17:38:23-03:00\",\"dateModified\":\"2018-07-25T17:38:23-03:00\"},{\"@type\":\"WebSite\",\"@id\":\"https:\\\/\\\/anoticiaonline.com.br\\\/site\\\/#website\",\"url\":\"https:\\\/\\\/anoticiaonline.com.br\\\/site\\\/\",\"name\":\"A Not\\u00edcia Online\",\"description\":\"Noticias de Muria\\u00e9 e regi\\u00e3o\",\"inLanguage\":\"pt-BR\",\"publisher\":{\"@id\":\"https:\\\/\\\/anoticiaonline.com.br\\\/site\\\/#organization\"}}]}\n\t\t<\/script>\n\t\t<!-- All in One SEO -->\n\n","aioseo_head_json":{"title":"Garoto radical: Marcelinho sobe ao p\u00f3dio em Americana, S\u00e3o Paulo - A Not\u00edcia Online","description":"O muriaeense Marcelo Rodrigues Feler Guimar\u00e3es, o \u201cMarcelo Cepinha\u201d, de sete anos, subiu novamente ao p\u00f3dio ap\u00f3s conquistar o segundo lugar do Campeonato Brasileiro de BMX 2018, disputado nos dias 7 e 8 de julho, no Complexo Esportivo Ayrton Senna, localizado na cidade de Americana, no estado de S\u00e3o Paulo. \u201cCepinha\u201d disputou com outros 23","canonical_url":"https:\/\/anoticiaonline.com.br\/site\/garoto-radical-marcelinho-sobe-ao-podio-em-americana-sao-paulo\/","robots":"max-image-preview:large","keywords":"","webmasterTools":{"miscellaneous":""},"schema":{"@context":"https:\/\/schema.org","@graph":[{"@type":"BlogPosting","@id":"https:\/\/anoticiaonline.com.br\/site\/garoto-radical-marcelinho-sobe-ao-podio-em-americana-sao-paulo\/#blogposting","name":"Garoto radical: Marcelinho sobe ao p\u00f3dio em Americana, S\u00e3o Paulo - A Not\u00edcia Online","headline":"Garoto radical: Marcelinho sobe ao p\u00f3dio em Americana, S\u00e3o Paulo","author":{"@id":"https:\/\/anoticiaonline.com.br\/site\/author\/juliana\/#author"},"publisher":{"@id":"https:\/\/anoticiaonline.com.br\/site\/#organization"},"image":{"@type":"ImageObject","url":"https:\/\/anoticiaonline.com.br\/site\/wp-content\/uploads\/2018\/07\/Garoto-radical-Marcelinho-sobe-ao-p\u00f3dio-em-Americana-S\u00e3o-Paulo-5.jpeg","width":640,"height":427},"datePublished":"2018-07-25T17:38:23-03:00","dateModified":"2018-07-25T17:38:23-03:00","inLanguage":"pt-BR","mainEntityOfPage":{"@id":"https:\/\/anoticiaonline.com.br\/site\/garoto-radical-marcelinho-sobe-ao-podio-em-americana-sao-paulo\/#webpage"},"isPartOf":{"@id":"https:\/\/anoticiaonline.com.br\/site\/garoto-radical-marcelinho-sobe-ao-podio-em-americana-sao-paulo\/#webpage"},"articleSection":"Blog, americana, bmx, cepinha, esporte, marcelinho, Muria\u00e9, s\u00e3o paulo"},{"@type":"BreadcrumbList","@id":"https:\/\/anoticiaonline.com.br\/site\/garoto-radical-marcelinho-sobe-ao-podio-em-americana-sao-paulo\/#breadcrumblist","itemListElement":[{"@type":"ListItem","@id":"https:\/\/anoticiaonline.com.br\/site#listItem","position":1,"name":"Home","item":"https:\/\/anoticiaonline.com.br\/site","nextItem":{"@type":"ListItem","@id":"https:\/\/anoticiaonline.com.br\/site\/categoria\/muriae\/#listItem","name":"Blog"}},{"@type":"ListItem","@id":"https:\/\/anoticiaonline.com.br\/site\/categoria\/muriae\/#listItem","position":2,"name":"Blog","item":"https:\/\/anoticiaonline.com.br\/site\/categoria\/muriae\/","nextItem":{"@type":"ListItem","@id":"https:\/\/anoticiaonline.com.br\/site\/garoto-radical-marcelinho-sobe-ao-podio-em-americana-sao-paulo\/#listItem","name":"Garoto radical: Marcelinho sobe ao p\u00f3dio em Americana, S\u00e3o Paulo"},"previousItem":{"@type":"ListItem","@id":"https:\/\/anoticiaonline.com.br\/site#listItem","name":"Home"}},{"@type":"ListItem","@id":"https:\/\/anoticiaonline.com.br\/site\/garoto-radical-marcelinho-sobe-ao-podio-em-americana-sao-paulo\/#listItem","position":3,"name":"Garoto radical: Marcelinho sobe ao p\u00f3dio em Americana, S\u00e3o Paulo","previousItem":{"@type":"ListItem","@id":"https:\/\/anoticiaonline.com.br\/site\/categoria\/muriae\/#listItem","name":"Blog"}}]},{"@type":"Organization","@id":"https:\/\/anoticiaonline.com.br\/site\/#organization","name":"A Not\u00edcia Online","description":"Noticias de Muria\u00e9 e regi\u00e3o","url":"https:\/\/anoticiaonline.com.br\/site\/","logo":{"@type":"ImageObject","url":"https:\/\/scontent-gig4-1.xx.fbcdn.net\/v\/t39.30808-1\/270437624_4564083193639691_6907940295614233970_n.jpg?stp=dst-jpg_s200x200_tt6&_nc_cat=111&ccb=1-7&_nc_sid=f907e8&_nc_ohc=SM1wRlP3lJwQ7kNvwEPuBYA&_nc_oc=AdnqrjDN_BNjSSHWO-GbkIWH6fkGMLw4bqvL_NH6e2wMveX7G-rP2dAqsDSq1mJMOaY&_nc_zt=24&_nc_ht=scontent-gig4-1.xx&_nc_gid=AoBFJeGrT1hVaew_6rchkQ&oh=00_AfX7QmFGhQhG2jAllVgXCiM1ZrWgvtp80-Bfppyexh1QEg&oe=689E923C","@id":"https:\/\/anoticiaonline.com.br\/site\/garoto-radical-marcelinho-sobe-ao-podio-em-americana-sao-paulo\/#organizationLogo"},"image":{"@id":"https:\/\/anoticiaonline.com.br\/site\/garoto-radical-marcelinho-sobe-ao-podio-em-americana-sao-paulo\/#organizationLogo"}},{"@type":"Person","@id":"https:\/\/anoticiaonline.com.br\/site\/author\/juliana\/#author","url":"https:\/\/anoticiaonline.com.br\/site\/author\/juliana\/","name":"Juliana Laviola","image":{"@type":"ImageObject","@id":"https:\/\/anoticiaonline.com.br\/site\/garoto-radical-marcelinho-sobe-ao-podio-em-americana-sao-paulo\/#authorImage","url":"https:\/\/secure.gravatar.com\/avatar\/b8d45f5c699b100dfaf0e543582f38f38bf94cb7ae3a5e9abf8d891a34773335?s=96&d=mm&r=g","width":96,"height":96,"caption":"Juliana Laviola"}},{"@type":"WebPage","@id":"https:\/\/anoticiaonline.com.br\/site\/garoto-radical-marcelinho-sobe-ao-podio-em-americana-sao-paulo\/#webpage","url":"https:\/\/anoticiaonline.com.br\/site\/garoto-radical-marcelinho-sobe-ao-podio-em-americana-sao-paulo\/","name":"Garoto radical: Marcelinho sobe ao p\u00f3dio em Americana, S\u00e3o Paulo - A Not\u00edcia Online","description":"O muriaeense Marcelo Rodrigues Feler Guimar\u00e3es, o \u201cMarcelo Cepinha\u201d, de sete anos, subiu novamente ao p\u00f3dio ap\u00f3s conquistar o segundo lugar do Campeonato Brasileiro de BMX 2018, disputado nos dias 7 e 8 de julho, no Complexo Esportivo Ayrton Senna, localizado na cidade de Americana, no estado de S\u00e3o Paulo. \u201cCepinha\u201d disputou com outros 23","inLanguage":"pt-BR","isPartOf":{"@id":"https:\/\/anoticiaonline.com.br\/site\/#website"},"breadcrumb":{"@id":"https:\/\/anoticiaonline.com.br\/site\/garoto-radical-marcelinho-sobe-ao-podio-em-americana-sao-paulo\/#breadcrumblist"},"author":{"@id":"https:\/\/anoticiaonline.com.br\/site\/author\/juliana\/#author"},"creator":{"@id":"https:\/\/anoticiaonline.com.br\/site\/author\/juliana\/#author"},"image":{"@type":"ImageObject","url":"https:\/\/anoticiaonline.com.br\/site\/wp-content\/uploads\/2018\/07\/Garoto-radical-Marcelinho-sobe-ao-p\u00f3dio-em-Americana-S\u00e3o-Paulo-5.jpeg","@id":"https:\/\/anoticiaonline.com.br\/site\/garoto-radical-marcelinho-sobe-ao-podio-em-americana-sao-paulo\/#mainImage","width":640,"height":427},"primaryImageOfPage":{"@id":"https:\/\/anoticiaonline.com.br\/site\/garoto-radical-marcelinho-sobe-ao-podio-em-americana-sao-paulo\/#mainImage"},"datePublished":"2018-07-25T17:38:23-03:00","dateModified":"2018-07-25T17:38:23-03:00"},{"@type":"WebSite","@id":"https:\/\/anoticiaonline.com.br\/site\/#website","url":"https:\/\/anoticiaonline.com.br\/site\/","name":"A Not\u00edcia Online","description":"Noticias de Muria\u00e9 e regi\u00e3o","inLanguage":"pt-BR","publisher":{"@id":"https:\/\/anoticiaonline.com.br\/site\/#organization"}}]},"og:locale":"pt_BR","og:site_name":"A Not\u00edcia Online - Noticias de Muria\u00e9 e regi\u00e3o","og:type":"article","og:title":"Garoto radical: Marcelinho sobe ao p\u00f3dio em Americana, S\u00e3o Paulo - A Not\u00edcia Online","og:description":"O muriaeense Marcelo Rodrigues Feler Guimar\u00e3es, o \u201cMarcelo Cepinha\u201d, de sete anos, subiu novamente ao p\u00f3dio ap\u00f3s conquistar o segundo lugar do Campeonato Brasileiro de BMX 2018, disputado nos dias 7 e 8 de julho, no Complexo Esportivo Ayrton Senna, localizado na cidade de Americana, no estado de S\u00e3o Paulo. \u201cCepinha\u201d disputou com outros 23","og:url":"https:\/\/anoticiaonline.com.br\/site\/garoto-radical-marcelinho-sobe-ao-podio-em-americana-sao-paulo\/","og:image":"https:\/\/scontent-gig4-1.xx.fbcdn.net\/v\/t39.30808-1\/270437624_4564083193639691_6907940295614233970_n.jpg?stp=dst-jpg_s200x200_tt6&#038;_nc_cat=111&#038;ccb=1-7&#038;_nc_sid=f907e8&#038;_nc_ohc=SM1wRlP3lJwQ7kNvwEPuBYA&#038;_nc_oc=AdnqrjDN_BNjSSHWO-GbkIWH6fkGMLw4bqvL_NH6e2wMveX7G-rP2dAqsDSq1mJMOaY&#038;_nc_zt=24&#038;_nc_ht=scontent-gig4-1.xx&#038;_nc_gid=AoBFJeGrT1hVaew_6rchkQ&#038;oh=00_AfX7QmFGhQhG2jAllVgXCiM1ZrWgvtp80-Bfppyexh1QEg&#038;oe=689E923C","og:image:secure_url":"https:\/\/scontent-gig4-1.xx.fbcdn.net\/v\/t39.30808-1\/270437624_4564083193639691_6907940295614233970_n.jpg?stp=dst-jpg_s200x200_tt6&#038;_nc_cat=111&#038;ccb=1-7&#038;_nc_sid=f907e8&#038;_nc_ohc=SM1wRlP3lJwQ7kNvwEPuBYA&#038;_nc_oc=AdnqrjDN_BNjSSHWO-GbkIWH6fkGMLw4bqvL_NH6e2wMveX7G-rP2dAqsDSq1mJMOaY&#038;_nc_zt=24&#038;_nc_ht=scontent-gig4-1.xx&#038;_nc_gid=AoBFJeGrT1hVaew_6rchkQ&#038;oh=00_AfX7QmFGhQhG2jAllVgXCiM1ZrWgvtp80-Bfppyexh1QEg&#038;oe=689E923C","article:published_time":"2018-07-25T20:38:23+00:00","article:modified_time":"2018-07-25T20:38:23+00:00","twitter:card":"summary_large_image","twitter:title":"Garoto radical: Marcelinho sobe ao p\u00f3dio em Americana, S\u00e3o Paulo - A Not\u00edcia Online","twitter:description":"O muriaeense Marcelo Rodrigues Feler Guimar\u00e3es, o \u201cMarcelo Cepinha\u201d, de sete anos, subiu novamente ao p\u00f3dio ap\u00f3s conquistar o segundo lugar do Campeonato Brasileiro de BMX 2018, disputado nos dias 7 e 8 de julho, no Complexo Esportivo Ayrton Senna, localizado na cidade de Americana, no estado de S\u00e3o Paulo. \u201cCepinha\u201d disputou com outros 23","twitter:image":"https:\/\/scontent-gig4-1.xx.fbcdn.net\/v\/t39.30808-1\/270437624_4564083193639691_6907940295614233970_n.jpg?stp=dst-jpg_s200x200_tt6&_nc_cat=111&ccb=1-7&_nc_sid=f907e8&_nc_ohc=SM1wRlP3lJwQ7kNvwEPuBYA&_nc_oc=AdnqrjDN_BNjSSHWO-GbkIWH6fkGMLw4bqvL_NH6e2wMveX7G-rP2dAqsDSq1mJMOaY&_nc_zt=24&_nc_ht=scontent-gig4-1.xx&_nc_gid=AoBFJeGrT1hVaew_6rchkQ&oh=00_AfX7QmFGhQhG2jAllVgXCiM1ZrWgvtp80-Bfppyexh1QEg&oe=689E923C"},"aioseo_meta_data":{"post_id":"58792","title":null,"description":null,"keywords":null,"keyphrases":null,"primary_term":null,"canonical_url":null,"og_title":null,"og_description":null,"og_object_type":"default","og_image_type":"default","og_image_url":null,"og_image_width":null,"og_image_height":null,"og_image_custom_url":null,"og_image_custom_fields":null,"og_video":null,"og_custom_url":null,"og_article_section":null,"og_article_tags":null,"twitter_use_og":false,"twitter_card":"default","twitter_image_type":"default","twitter_image_url":null,"twitter_image_custom_url":null,"twitter_image_custom_fields":null,"twitter_title":null,"twitter_description":null,"schema":{"blockGraphs":[],"customGraphs":[],"default":{"data":{"Article":[],"Course":[],"Dataset":[],"FAQPage":[],"Movie":[],"Person":[],"Product":[],"ProductReview":[],"Car":[],"Recipe":[],"Service":[],"SoftwareApplication":[],"WebPage":[]},"graphName":"","isEnabled":true},"graphs":[]},"schema_type":"default","schema_type_options":null,"pillar_content":false,"robots_default":true,"robots_noindex":false,"robots_noarchive":false,"robots_nosnippet":false,"robots_nofollow":false,"robots_noimageindex":false,"robots_noodp":false,"robots_notranslate":false,"robots_max_snippet":null,"robots_max_videopreview":null,"robots_max_imagepreview":"large","priority":null,"frequency":null,"local_seo":null,"breadcrumb_settings":null,"limit_modified_date":false,"ai":null,"created":"2025-08-16 21:17:59","updated":"2025-08-16 21:17:59","focus_keyword":null,"additional_keywords":null,"truseo_locale":null,"seo_analyzer_scan_date":null},"aioseo_breadcrumb":"<div class=\"aioseo-breadcrumbs\"><span class=\"aioseo-breadcrumb\">\n\t\t\t<a href=\"https:\/\/anoticiaonline.com.br\/site\" title=\"Home\">Home<\/a>\n\t\t<\/span><span class=\"aioseo-breadcrumb-separator\">&raquo;<\/span><span class=\"aioseo-breadcrumb\">\n\t\t\t<a href=\"https:\/\/anoticiaonline.com.br\/site\/categoria\/muriae\/\" title=\"Blog\">Blog<\/a>\n\t\t<\/span><span class=\"aioseo-breadcrumb-separator\">&raquo;<\/span><span class=\"aioseo-breadcrumb\">\n\t\t\tGaroto radical: Marcelinho sobe ao p\u00f3dio em Americana, S\u00e3o Paulo\n\t\t<\/span><\/div>","aioseo_breadcrumb_json":[{"label":"Home","link":"https:\/\/anoticiaonline.com.br\/site"},{"label":"Blog","link":"https:\/\/anoticiaonline.com.br\/site\/categoria\/muriae\/"},{"label":"Garoto radical: Marcelinho sobe ao p\u00f3dio em Americana, S\u00e3o Paulo","link":"https:\/\/anoticiaonline.com.br\/site\/garoto-radical-marcelinho-sobe-ao-podio-em-americana-sao-paulo\/"}],"views":142,"_links":{"self":[{"href":"https:\/\/anoticiaonline.com.br\/site\/wp-json\/wp\/v2\/posts\/58792","targetHints":{"allow":["GET"]}}],"collection":[{"href":"https:\/\/anoticiaonline.com.br\/site\/wp-json\/wp\/v2\/posts"}],"about":[{"href":"https:\/\/anoticiaonline.com.br\/site\/wp-json\/wp\/v2\/types\/post"}],"author":[{"embeddable":true,"href":"https:\/\/anoticiaonline.com.br\/site\/wp-json\/wp\/v2\/users\/2"}],"replies":[{"embeddable":true,"href":"https:\/\/anoticiaonline.com.br\/site\/wp-json\/wp\/v2\/comments?post=58792"}],"version-history":[{"count":0,"href":"https:\/\/anoticiaonline.com.br\/site\/wp-json\/wp\/v2\/posts\/58792\/revisions"}],"wp:featuredmedia":[{"embeddable":true,"href":"https:\/\/anoticiaonline.com.br\/site\/wp-json\/wp\/v2\/media\/58793"}],"wp:attachment":[{"href":"https:\/\/anoticiaonline.com.br\/site\/wp-json\/wp\/v2\/media?parent=58792"}],"wp:term":[{"taxonomy":"category","embeddable":true,"href":"https:\/\/anoticiaonline.com.br\/site\/wp-json\/wp\/v2\/categories?post=58792"},{"taxonomy":"post_tag","embeddable":true,"href":"https:\/\/anoticiaonline.com.br\/site\/wp-json\/wp\/v2\/tags?post=58792"}],"curies":[{"name":"wp","href":"https:\/\/api.w.org\/{rel}","templated":true}]}}