{"id":58697,"date":"2018-07-24T17:17:50","date_gmt":"2018-07-24T20:17:50","guid":{"rendered":"http:\/\/anoticiaonline.com.br\/site\/?p=58697"},"modified":"2018-07-24T17:18:49","modified_gmt":"2018-07-24T20:18:49","slug":"muriae-recebe-o-monologo-julia-e-a-memoria-do-futuro","status":"publish","type":"post","link":"https:\/\/anoticiaonline.com.br\/site\/muriae-recebe-o-monologo-julia-e-a-memoria-do-futuro\/","title":{"rendered":"Muria\u00e9 recebe o mon\u00f3logo &#8220;J\u00falia e a Mem\u00f3ria do Futuro&#8221;"},"content":{"rendered":"<p><a href=\"https:\/\/anoticiaonline.com.br\/site\/wp-content\/uploads\/2018\/07\/Muria\u00e9-recebe-o-mon\u00f3logo-J\u00falia-e-a-Mem\u00f3ria-do-Futuro.jpg\"><img fetchpriority=\"high\" decoding=\"async\" class=\"alignnone size-full wp-image-58698\" src=\"https:\/\/anoticiaonline.com.br\/site\/wp-content\/uploads\/2018\/07\/Muria\u00e9-recebe-o-mon\u00f3logo-J\u00falia-e-a-Mem\u00f3ria-do-Futuro.jpg\" alt=\"\" width=\"640\" height=\"427\" srcset=\"https:\/\/anoticiaonline.com.br\/site\/wp-content\/uploads\/2018\/07\/Muria\u00e9-recebe-o-mon\u00f3logo-J\u00falia-e-a-Mem\u00f3ria-do-Futuro.jpg 640w, https:\/\/anoticiaonline.com.br\/site\/wp-content\/uploads\/2018\/07\/Muria\u00e9-recebe-o-mon\u00f3logo-J\u00falia-e-a-Mem\u00f3ria-do-Futuro-300x200.jpg 300w\" sizes=\"(max-width: 640px) 100vw, 640px\" \/><\/a><\/p>\n<p>Muria\u00e9 receber\u00e1 o mon\u00f3logo &#8220;J\u00falia e a Mem\u00f3ria do Futuro&#8221; neste final de semana. O espet\u00e1culo, que tem a atriz\u00a0Ju\u00e7ara Costa\u00a0no palco, ser\u00e1 apresentado nos dias 28 e 29 de julho, s\u00e1bado e domingo, \u00e0s 20h, no Teatro Municipal Belmira Vilas Boas (Cel. Domiciano, 13) com entrada franca.\u00a0 A apresenta\u00e7\u00e3o conta com o patroc\u00ednio da Vilma, por meio da Lei Estadual de Incentivo a Cultura de Minas Gerais e o apoio da Fundarte, Prefeitura de Muria\u00e9 e Ciranda Cultural.<\/p>\n<p>De forma l\u00fadica e emocionante\u00a0a pe\u00e7a conta a hist\u00f3ria de uma mulher\u00a0que se (re) descobre com muito mais maturidade ao se deparar com o seu poder de reconstruir sua pr\u00f3pria hist\u00f3ria, mem\u00f3rias e\u00a0cotidiano,\u00a0tecendo em seus retalhos o novo roteiro de sua vida com humor e emo\u00e7\u00e3o.<\/p>\n<p>O autor\u00a0Jair Raso\u00a0mergulha com sensibilidade no universo feminino e traz os retalhos coloridos das J\u00falias silenciosas que est\u00e3o por a\u00ed, tecendo com arte e sabedoria suas hist\u00f3rias diante da vida e da morte.\u00a0Kalluh Ara\u00fajo,\u00a0diretor do espet\u00e1culo, recolhe esses retalhos e hist\u00f3rias com encanto e beleza e em cena aberta prop\u00f5e uma reflex\u00e3o mais ampla do universo feminino e seus desafios nos dias atuais.<\/p>\n<p><strong>Sobre Ju\u00e7ara Costa<\/strong> &#8211; Atriz e artista pl\u00e1stica iniciou sua carreira no teatro na Funda\u00e7\u00e3o Cl\u00f3vis Salgado em 1977. Atuou em pe\u00e7as como &#8220;Me Aperta, Te Espeta?&#8221;, &#8220;Suburbana&#8221;, &#8220;Ensina me a Viver&#8221;, &#8220;Dona Beja&#8221;, &#8221; Laio ou o Poder&#8221;, \u201cToda Nudez Ser\u00e1 Castigada\u201d, \u201cBranca De Neve e os Sete An\u00f5es\u201d.\u00a0 Recebeu em 1983 o trof\u00e9u Jo\u00e3o Ceschiatti de atriz coadjuvante. A artista mineira, teve seus trabalhos expostos nos Estados Unidos e Europa. Participou tamb\u00e9m de dois filmes: &#8220;Ela e os Homens&#8221; e &#8220;Um Filme Cem por Cento Brasileiro&#8221;.<\/p>\n<p>Cr\u00e9dito: Fot\u00f3grafa Dathne<\/p>\n","protected":false},"excerpt":{"rendered":"<p>Muria\u00e9 receber\u00e1 o mon\u00f3logo &#8220;J\u00falia e a Mem\u00f3ria do Futuro&#8221; neste final de semana. O espet\u00e1culo, que tem a atriz\u00a0Ju\u00e7ara Costa\u00a0no palco, ser\u00e1 apresentado nos dias 28 e 29 de julho, s\u00e1bado e domingo, \u00e0s 20h, no Teatro Municipal Belmira Vilas Boas (Cel. Domiciano, 13) com entrada franca.\u00a0 A apresenta\u00e7\u00e3o conta com o patroc\u00ednio da &#8230; <a title=\"Muria\u00e9 recebe o mon\u00f3logo &#8220;J\u00falia e a Mem\u00f3ria do Futuro&#8221;\" class=\"read-more\" href=\"https:\/\/anoticiaonline.com.br\/site\/muriae-recebe-o-monologo-julia-e-a-memoria-do-futuro\/\" aria-label=\"Read more about Muria\u00e9 recebe o mon\u00f3logo &#8220;J\u00falia e a Mem\u00f3ria do Futuro&#8221;\">Ler mais<\/a><\/p>\n","protected":false},"author":2,"featured_media":58698,"comment_status":"open","ping_status":"open","sticky":false,"template":"","format":"standard","meta":{"_acf_changed":false,"_monsterinsights_skip_tracking":false,"footnotes":""},"categories":[30,19],"tags":[64,74,152],"class_list":["post-58697","post","type-post","status-publish","format-standard","has-post-thumbnail","hentry","category-muriae","category-cultura","tag-cultura","tag-muriae","tag-teatro"],"acf":[],"aioseo_notices":[],"aioseo_head":"\n\t\t<!-- All in One SEO 5.0.0.1 - aioseo.com -->\n\t<meta name=\"description\" content=\"Muria\u00e9 receber\u00e1 o mon\u00f3logo &quot;J\u00falia e a Mem\u00f3ria do Futuro&quot; neste final de semana. O espet\u00e1culo, que tem a atriz Ju\u00e7ara Costa no palco, ser\u00e1 apresentado nos dias 28 e 29 de julho, s\u00e1bado e domingo, \u00e0s 20h, no Teatro Municipal Belmira Vilas Boas (Cel. Domiciano, 13) com entrada franca. A apresenta\u00e7\u00e3o conta com o patroc\u00ednio da\" \/>\n\t<meta name=\"robots\" content=\"max-image-preview:large\" \/>\n\t<meta name=\"author\" content=\"Juliana Laviola\"\/>\n\t<link rel=\"canonical\" href=\"https:\/\/anoticiaonline.com.br\/site\/muriae-recebe-o-monologo-julia-e-a-memoria-do-futuro\/\" \/>\n\t<meta name=\"generator\" content=\"All in One SEO (AIOSEO) 5.0.0.1\" \/>\n\t\t<meta property=\"og:locale\" content=\"pt_BR\" \/>\n\t\t<meta property=\"og:site_name\" content=\"A Not\u00edcia Online - Noticias de Muria\u00e9 e regi\u00e3o\" \/>\n\t\t<meta property=\"og:type\" content=\"article\" \/>\n\t\t<meta property=\"og:title\" content=\"Muria\u00e9 recebe o mon\u00f3logo \u201cJ\u00falia e a Mem\u00f3ria do Futuro\u201d - A Not\u00edcia Online\" \/>\n\t\t<meta property=\"og:description\" content=\"Muria\u00e9 receber\u00e1 o mon\u00f3logo &quot;J\u00falia e a Mem\u00f3ria do Futuro&quot; neste final de semana. O espet\u00e1culo, que tem a atriz Ju\u00e7ara Costa no palco, ser\u00e1 apresentado nos dias 28 e 29 de julho, s\u00e1bado e domingo, \u00e0s 20h, no Teatro Municipal Belmira Vilas Boas (Cel. Domiciano, 13) com entrada franca. A apresenta\u00e7\u00e3o conta com o patroc\u00ednio da\" \/>\n\t\t<meta property=\"og:url\" content=\"https:\/\/anoticiaonline.com.br\/site\/muriae-recebe-o-monologo-julia-e-a-memoria-do-futuro\/\" \/>\n\t\t<meta property=\"og:image\" content=\"https:\/\/scontent-gig4-1.xx.fbcdn.net\/v\/t39.30808-1\/270437624_4564083193639691_6907940295614233970_n.jpg?stp=dst-jpg_s200x200_tt6&#038;_nc_cat=111&#038;ccb=1-7&#038;_nc_sid=f907e8&#038;_nc_ohc=SM1wRlP3lJwQ7kNvwEPuBYA&#038;_nc_oc=AdnqrjDN_BNjSSHWO-GbkIWH6fkGMLw4bqvL_NH6e2wMveX7G-rP2dAqsDSq1mJMOaY&#038;_nc_zt=24&#038;_nc_ht=scontent-gig4-1.xx&#038;_nc_gid=AoBFJeGrT1hVaew_6rchkQ&#038;oh=00_AfX7QmFGhQhG2jAllVgXCiM1ZrWgvtp80-Bfppyexh1QEg&#038;oe=689E923C\" \/>\n\t\t<meta property=\"og:image:secure_url\" content=\"https:\/\/scontent-gig4-1.xx.fbcdn.net\/v\/t39.30808-1\/270437624_4564083193639691_6907940295614233970_n.jpg?stp=dst-jpg_s200x200_tt6&#038;_nc_cat=111&#038;ccb=1-7&#038;_nc_sid=f907e8&#038;_nc_ohc=SM1wRlP3lJwQ7kNvwEPuBYA&#038;_nc_oc=AdnqrjDN_BNjSSHWO-GbkIWH6fkGMLw4bqvL_NH6e2wMveX7G-rP2dAqsDSq1mJMOaY&#038;_nc_zt=24&#038;_nc_ht=scontent-gig4-1.xx&#038;_nc_gid=AoBFJeGrT1hVaew_6rchkQ&#038;oh=00_AfX7QmFGhQhG2jAllVgXCiM1ZrWgvtp80-Bfppyexh1QEg&#038;oe=689E923C\" \/>\n\t\t<meta property=\"article:published_time\" content=\"2018-07-24T20:17:50+00:00\" \/>\n\t\t<meta property=\"article:modified_time\" content=\"2018-07-24T20:18:49+00:00\" \/>\n\t\t<meta name=\"twitter:card\" content=\"summary_large_image\" \/>\n\t\t<meta name=\"twitter:title\" content=\"Muria\u00e9 recebe o mon\u00f3logo \u201cJ\u00falia e a Mem\u00f3ria do Futuro\u201d - A Not\u00edcia Online\" \/>\n\t\t<meta name=\"twitter:description\" content=\"Muria\u00e9 receber\u00e1 o mon\u00f3logo &quot;J\u00falia e a Mem\u00f3ria do Futuro&quot; neste final de semana. O espet\u00e1culo, que tem a atriz Ju\u00e7ara Costa no palco, ser\u00e1 apresentado nos dias 28 e 29 de julho, s\u00e1bado e domingo, \u00e0s 20h, no Teatro Municipal Belmira Vilas Boas (Cel. Domiciano, 13) com entrada franca. A apresenta\u00e7\u00e3o conta com o patroc\u00ednio da\" \/>\n\t\t<meta name=\"twitter:image\" content=\"https:\/\/scontent-gig4-1.xx.fbcdn.net\/v\/t39.30808-1\/270437624_4564083193639691_6907940295614233970_n.jpg?stp=dst-jpg_s200x200_tt6&amp;_nc_cat=111&amp;ccb=1-7&amp;_nc_sid=f907e8&amp;_nc_ohc=SM1wRlP3lJwQ7kNvwEPuBYA&amp;_nc_oc=AdnqrjDN_BNjSSHWO-GbkIWH6fkGMLw4bqvL_NH6e2wMveX7G-rP2dAqsDSq1mJMOaY&amp;_nc_zt=24&amp;_nc_ht=scontent-gig4-1.xx&amp;_nc_gid=AoBFJeGrT1hVaew_6rchkQ&amp;oh=00_AfX7QmFGhQhG2jAllVgXCiM1ZrWgvtp80-Bfppyexh1QEg&amp;oe=689E923C\" \/>\n\t\t<script type=\"application\/ld+json\" class=\"aioseo-schema\">\n\t\t\t{\"@context\":\"https:\\\/\\\/schema.org\",\"@graph\":[{\"@type\":\"BlogPosting\",\"@id\":\"https:\\\/\\\/anoticiaonline.com.br\\\/site\\\/muriae-recebe-o-monologo-julia-e-a-memoria-do-futuro\\\/#blogposting\",\"name\":\"Muria\\u00e9 recebe o mon\\u00f3logo \\u201cJ\\u00falia e a Mem\\u00f3ria do Futuro\\u201d - A Not\\u00edcia Online\",\"headline\":\"Muria\\u00e9 recebe o mon\\u00f3logo &#8220;J\\u00falia e a Mem\\u00f3ria do Futuro&#8221;\",\"author\":{\"@id\":\"https:\\\/\\\/anoticiaonline.com.br\\\/site\\\/author\\\/juliana\\\/#author\"},\"publisher\":{\"@id\":\"https:\\\/\\\/anoticiaonline.com.br\\\/site\\\/#organization\"},\"image\":{\"@type\":\"ImageObject\",\"url\":\"https:\\\/\\\/anoticiaonline.com.br\\\/site\\\/wp-content\\\/uploads\\\/2018\\\/07\\\/Muria\\u00e9-recebe-o-mon\\u00f3logo-J\\u00falia-e-a-Mem\\u00f3ria-do-Futuro.jpg\",\"width\":640,\"height\":427},\"datePublished\":\"2018-07-24T17:17:50-03:00\",\"dateModified\":\"2018-07-24T17:18:49-03:00\",\"inLanguage\":\"pt-BR\",\"mainEntityOfPage\":{\"@id\":\"https:\\\/\\\/anoticiaonline.com.br\\\/site\\\/muriae-recebe-o-monologo-julia-e-a-memoria-do-futuro\\\/#webpage\"},\"isPartOf\":{\"@id\":\"https:\\\/\\\/anoticiaonline.com.br\\\/site\\\/muriae-recebe-o-monologo-julia-e-a-memoria-do-futuro\\\/#webpage\"},\"articleSection\":\"Blog, Cultura, cultura, Muria\\u00e9, teatro\"},{\"@type\":\"BreadcrumbList\",\"@id\":\"https:\\\/\\\/anoticiaonline.com.br\\\/site\\\/muriae-recebe-o-monologo-julia-e-a-memoria-do-futuro\\\/#breadcrumblist\",\"itemListElement\":[{\"@type\":\"ListItem\",\"@id\":\"https:\\\/\\\/anoticiaonline.com.br\\\/site#listItem\",\"position\":1,\"name\":\"Home\",\"item\":\"https:\\\/\\\/anoticiaonline.com.br\\\/site\",\"nextItem\":{\"@type\":\"ListItem\",\"@id\":\"https:\\\/\\\/anoticiaonline.com.br\\\/site\\\/categoria\\\/muriae\\\/#listItem\",\"name\":\"Blog\"}},{\"@type\":\"ListItem\",\"@id\":\"https:\\\/\\\/anoticiaonline.com.br\\\/site\\\/categoria\\\/muriae\\\/#listItem\",\"position\":2,\"name\":\"Blog\",\"item\":\"https:\\\/\\\/anoticiaonline.com.br\\\/site\\\/categoria\\\/muriae\\\/\",\"nextItem\":{\"@type\":\"ListItem\",\"@id\":\"https:\\\/\\\/anoticiaonline.com.br\\\/site\\\/categoria\\\/muriae\\\/cultura\\\/#listItem\",\"name\":\"Cultura\"},\"previousItem\":{\"@type\":\"ListItem\",\"@id\":\"https:\\\/\\\/anoticiaonline.com.br\\\/site#listItem\",\"name\":\"Home\"}},{\"@type\":\"ListItem\",\"@id\":\"https:\\\/\\\/anoticiaonline.com.br\\\/site\\\/categoria\\\/muriae\\\/cultura\\\/#listItem\",\"position\":3,\"name\":\"Cultura\",\"item\":\"https:\\\/\\\/anoticiaonline.com.br\\\/site\\\/categoria\\\/muriae\\\/cultura\\\/\",\"nextItem\":{\"@type\":\"ListItem\",\"@id\":\"https:\\\/\\\/anoticiaonline.com.br\\\/site\\\/muriae-recebe-o-monologo-julia-e-a-memoria-do-futuro\\\/#listItem\",\"name\":\"Muria\\u00e9 recebe o mon\\u00f3logo &#8220;J\\u00falia e a Mem\\u00f3ria do Futuro&#8221;\"},\"previousItem\":{\"@type\":\"ListItem\",\"@id\":\"https:\\\/\\\/anoticiaonline.com.br\\\/site\\\/categoria\\\/muriae\\\/#listItem\",\"name\":\"Blog\"}},{\"@type\":\"ListItem\",\"@id\":\"https:\\\/\\\/anoticiaonline.com.br\\\/site\\\/muriae-recebe-o-monologo-julia-e-a-memoria-do-futuro\\\/#listItem\",\"position\":4,\"name\":\"Muria\\u00e9 recebe o mon\\u00f3logo &#8220;J\\u00falia e a Mem\\u00f3ria do Futuro&#8221;\",\"previousItem\":{\"@type\":\"ListItem\",\"@id\":\"https:\\\/\\\/anoticiaonline.com.br\\\/site\\\/categoria\\\/muriae\\\/cultura\\\/#listItem\",\"name\":\"Cultura\"}}]},{\"@type\":\"Organization\",\"@id\":\"https:\\\/\\\/anoticiaonline.com.br\\\/site\\\/#organization\",\"name\":\"A Not\\u00edcia Online\",\"description\":\"Noticias de Muria\\u00e9 e regi\\u00e3o\",\"url\":\"https:\\\/\\\/anoticiaonline.com.br\\\/site\\\/\",\"logo\":{\"@type\":\"ImageObject\",\"url\":\"https:\\\/\\\/scontent-gig4-1.xx.fbcdn.net\\\/v\\\/t39.30808-1\\\/270437624_4564083193639691_6907940295614233970_n.jpg?stp=dst-jpg_s200x200_tt6&_nc_cat=111&ccb=1-7&_nc_sid=f907e8&_nc_ohc=SM1wRlP3lJwQ7kNvwEPuBYA&_nc_oc=AdnqrjDN_BNjSSHWO-GbkIWH6fkGMLw4bqvL_NH6e2wMveX7G-rP2dAqsDSq1mJMOaY&_nc_zt=24&_nc_ht=scontent-gig4-1.xx&_nc_gid=AoBFJeGrT1hVaew_6rchkQ&oh=00_AfX7QmFGhQhG2jAllVgXCiM1ZrWgvtp80-Bfppyexh1QEg&oe=689E923C\",\"@id\":\"https:\\\/\\\/anoticiaonline.com.br\\\/site\\\/muriae-recebe-o-monologo-julia-e-a-memoria-do-futuro\\\/#organizationLogo\"},\"image\":{\"@id\":\"https:\\\/\\\/anoticiaonline.com.br\\\/site\\\/muriae-recebe-o-monologo-julia-e-a-memoria-do-futuro\\\/#organizationLogo\"}},{\"@type\":\"Person\",\"@id\":\"https:\\\/\\\/anoticiaonline.com.br\\\/site\\\/author\\\/juliana\\\/#author\",\"url\":\"https:\\\/\\\/anoticiaonline.com.br\\\/site\\\/author\\\/juliana\\\/\",\"name\":\"Juliana Laviola\",\"image\":{\"@type\":\"ImageObject\",\"@id\":\"https:\\\/\\\/anoticiaonline.com.br\\\/site\\\/muriae-recebe-o-monologo-julia-e-a-memoria-do-futuro\\\/#authorImage\",\"url\":\"https:\\\/\\\/secure.gravatar.com\\\/avatar\\\/b8d45f5c699b100dfaf0e543582f38f38bf94cb7ae3a5e9abf8d891a34773335?s=96&d=mm&r=g\",\"width\":96,\"height\":96,\"caption\":\"Juliana Laviola\"}},{\"@type\":\"WebPage\",\"@id\":\"https:\\\/\\\/anoticiaonline.com.br\\\/site\\\/muriae-recebe-o-monologo-julia-e-a-memoria-do-futuro\\\/#webpage\",\"url\":\"https:\\\/\\\/anoticiaonline.com.br\\\/site\\\/muriae-recebe-o-monologo-julia-e-a-memoria-do-futuro\\\/\",\"name\":\"Muria\\u00e9 recebe o mon\\u00f3logo \\u201cJ\\u00falia e a Mem\\u00f3ria do Futuro\\u201d - A Not\\u00edcia Online\",\"description\":\"Muria\\u00e9 receber\\u00e1 o mon\\u00f3logo \\\"J\\u00falia e a Mem\\u00f3ria do Futuro\\\" neste final de semana. O espet\\u00e1culo, que tem a atriz Ju\\u00e7ara Costa no palco, ser\\u00e1 apresentado nos dias 28 e 29 de julho, s\\u00e1bado e domingo, \\u00e0s 20h, no Teatro Municipal Belmira Vilas Boas (Cel. Domiciano, 13) com entrada franca. A apresenta\\u00e7\\u00e3o conta com o patroc\\u00ednio da\",\"inLanguage\":\"pt-BR\",\"isPartOf\":{\"@id\":\"https:\\\/\\\/anoticiaonline.com.br\\\/site\\\/#website\"},\"breadcrumb\":{\"@id\":\"https:\\\/\\\/anoticiaonline.com.br\\\/site\\\/muriae-recebe-o-monologo-julia-e-a-memoria-do-futuro\\\/#breadcrumblist\"},\"author\":{\"@id\":\"https:\\\/\\\/anoticiaonline.com.br\\\/site\\\/author\\\/juliana\\\/#author\"},\"creator\":{\"@id\":\"https:\\\/\\\/anoticiaonline.com.br\\\/site\\\/author\\\/juliana\\\/#author\"},\"image\":{\"@type\":\"ImageObject\",\"url\":\"https:\\\/\\\/anoticiaonline.com.br\\\/site\\\/wp-content\\\/uploads\\\/2018\\\/07\\\/Muria\\u00e9-recebe-o-mon\\u00f3logo-J\\u00falia-e-a-Mem\\u00f3ria-do-Futuro.jpg\",\"@id\":\"https:\\\/\\\/anoticiaonline.com.br\\\/site\\\/muriae-recebe-o-monologo-julia-e-a-memoria-do-futuro\\\/#mainImage\",\"width\":640,\"height\":427},\"primaryImageOfPage\":{\"@id\":\"https:\\\/\\\/anoticiaonline.com.br\\\/site\\\/muriae-recebe-o-monologo-julia-e-a-memoria-do-futuro\\\/#mainImage\"},\"datePublished\":\"2018-07-24T17:17:50-03:00\",\"dateModified\":\"2018-07-24T17:18:49-03:00\"},{\"@type\":\"WebSite\",\"@id\":\"https:\\\/\\\/anoticiaonline.com.br\\\/site\\\/#website\",\"url\":\"https:\\\/\\\/anoticiaonline.com.br\\\/site\\\/\",\"name\":\"A Not\\u00edcia Online\",\"description\":\"Noticias de Muria\\u00e9 e regi\\u00e3o\",\"inLanguage\":\"pt-BR\",\"publisher\":{\"@id\":\"https:\\\/\\\/anoticiaonline.com.br\\\/site\\\/#organization\"}}]}\n\t\t<\/script>\n\t\t<!-- All in One SEO -->\n\n","aioseo_head_json":{"title":"Muria\u00e9 recebe o mon\u00f3logo \u201cJ\u00falia e a Mem\u00f3ria do Futuro\u201d - A Not\u00edcia Online","description":"Muria\u00e9 receber\u00e1 o mon\u00f3logo \"J\u00falia e a Mem\u00f3ria do Futuro\" neste final de semana. O espet\u00e1culo, que tem a atriz Ju\u00e7ara Costa no palco, ser\u00e1 apresentado nos dias 28 e 29 de julho, s\u00e1bado e domingo, \u00e0s 20h, no Teatro Municipal Belmira Vilas Boas (Cel. Domiciano, 13) com entrada franca. A apresenta\u00e7\u00e3o conta com o patroc\u00ednio da","canonical_url":"https:\/\/anoticiaonline.com.br\/site\/muriae-recebe-o-monologo-julia-e-a-memoria-do-futuro\/","robots":"max-image-preview:large","keywords":"","webmasterTools":{"miscellaneous":""},"schema":{"@context":"https:\/\/schema.org","@graph":[{"@type":"BlogPosting","@id":"https:\/\/anoticiaonline.com.br\/site\/muriae-recebe-o-monologo-julia-e-a-memoria-do-futuro\/#blogposting","name":"Muria\u00e9 recebe o mon\u00f3logo \u201cJ\u00falia e a Mem\u00f3ria do Futuro\u201d - A Not\u00edcia Online","headline":"Muria\u00e9 recebe o mon\u00f3logo &#8220;J\u00falia e a Mem\u00f3ria do Futuro&#8221;","author":{"@id":"https:\/\/anoticiaonline.com.br\/site\/author\/juliana\/#author"},"publisher":{"@id":"https:\/\/anoticiaonline.com.br\/site\/#organization"},"image":{"@type":"ImageObject","url":"https:\/\/anoticiaonline.com.br\/site\/wp-content\/uploads\/2018\/07\/Muria\u00e9-recebe-o-mon\u00f3logo-J\u00falia-e-a-Mem\u00f3ria-do-Futuro.jpg","width":640,"height":427},"datePublished":"2018-07-24T17:17:50-03:00","dateModified":"2018-07-24T17:18:49-03:00","inLanguage":"pt-BR","mainEntityOfPage":{"@id":"https:\/\/anoticiaonline.com.br\/site\/muriae-recebe-o-monologo-julia-e-a-memoria-do-futuro\/#webpage"},"isPartOf":{"@id":"https:\/\/anoticiaonline.com.br\/site\/muriae-recebe-o-monologo-julia-e-a-memoria-do-futuro\/#webpage"},"articleSection":"Blog, Cultura, cultura, Muria\u00e9, teatro"},{"@type":"BreadcrumbList","@id":"https:\/\/anoticiaonline.com.br\/site\/muriae-recebe-o-monologo-julia-e-a-memoria-do-futuro\/#breadcrumblist","itemListElement":[{"@type":"ListItem","@id":"https:\/\/anoticiaonline.com.br\/site#listItem","position":1,"name":"Home","item":"https:\/\/anoticiaonline.com.br\/site","nextItem":{"@type":"ListItem","@id":"https:\/\/anoticiaonline.com.br\/site\/categoria\/muriae\/#listItem","name":"Blog"}},{"@type":"ListItem","@id":"https:\/\/anoticiaonline.com.br\/site\/categoria\/muriae\/#listItem","position":2,"name":"Blog","item":"https:\/\/anoticiaonline.com.br\/site\/categoria\/muriae\/","nextItem":{"@type":"ListItem","@id":"https:\/\/anoticiaonline.com.br\/site\/categoria\/muriae\/cultura\/#listItem","name":"Cultura"},"previousItem":{"@type":"ListItem","@id":"https:\/\/anoticiaonline.com.br\/site#listItem","name":"Home"}},{"@type":"ListItem","@id":"https:\/\/anoticiaonline.com.br\/site\/categoria\/muriae\/cultura\/#listItem","position":3,"name":"Cultura","item":"https:\/\/anoticiaonline.com.br\/site\/categoria\/muriae\/cultura\/","nextItem":{"@type":"ListItem","@id":"https:\/\/anoticiaonline.com.br\/site\/muriae-recebe-o-monologo-julia-e-a-memoria-do-futuro\/#listItem","name":"Muria\u00e9 recebe o mon\u00f3logo &#8220;J\u00falia e a Mem\u00f3ria do Futuro&#8221;"},"previousItem":{"@type":"ListItem","@id":"https:\/\/anoticiaonline.com.br\/site\/categoria\/muriae\/#listItem","name":"Blog"}},{"@type":"ListItem","@id":"https:\/\/anoticiaonline.com.br\/site\/muriae-recebe-o-monologo-julia-e-a-memoria-do-futuro\/#listItem","position":4,"name":"Muria\u00e9 recebe o mon\u00f3logo &#8220;J\u00falia e a Mem\u00f3ria do Futuro&#8221;","previousItem":{"@type":"ListItem","@id":"https:\/\/anoticiaonline.com.br\/site\/categoria\/muriae\/cultura\/#listItem","name":"Cultura"}}]},{"@type":"Organization","@id":"https:\/\/anoticiaonline.com.br\/site\/#organization","name":"A Not\u00edcia Online","description":"Noticias de Muria\u00e9 e regi\u00e3o","url":"https:\/\/anoticiaonline.com.br\/site\/","logo":{"@type":"ImageObject","url":"https:\/\/scontent-gig4-1.xx.fbcdn.net\/v\/t39.30808-1\/270437624_4564083193639691_6907940295614233970_n.jpg?stp=dst-jpg_s200x200_tt6&_nc_cat=111&ccb=1-7&_nc_sid=f907e8&_nc_ohc=SM1wRlP3lJwQ7kNvwEPuBYA&_nc_oc=AdnqrjDN_BNjSSHWO-GbkIWH6fkGMLw4bqvL_NH6e2wMveX7G-rP2dAqsDSq1mJMOaY&_nc_zt=24&_nc_ht=scontent-gig4-1.xx&_nc_gid=AoBFJeGrT1hVaew_6rchkQ&oh=00_AfX7QmFGhQhG2jAllVgXCiM1ZrWgvtp80-Bfppyexh1QEg&oe=689E923C","@id":"https:\/\/anoticiaonline.com.br\/site\/muriae-recebe-o-monologo-julia-e-a-memoria-do-futuro\/#organizationLogo"},"image":{"@id":"https:\/\/anoticiaonline.com.br\/site\/muriae-recebe-o-monologo-julia-e-a-memoria-do-futuro\/#organizationLogo"}},{"@type":"Person","@id":"https:\/\/anoticiaonline.com.br\/site\/author\/juliana\/#author","url":"https:\/\/anoticiaonline.com.br\/site\/author\/juliana\/","name":"Juliana Laviola","image":{"@type":"ImageObject","@id":"https:\/\/anoticiaonline.com.br\/site\/muriae-recebe-o-monologo-julia-e-a-memoria-do-futuro\/#authorImage","url":"https:\/\/secure.gravatar.com\/avatar\/b8d45f5c699b100dfaf0e543582f38f38bf94cb7ae3a5e9abf8d891a34773335?s=96&d=mm&r=g","width":96,"height":96,"caption":"Juliana Laviola"}},{"@type":"WebPage","@id":"https:\/\/anoticiaonline.com.br\/site\/muriae-recebe-o-monologo-julia-e-a-memoria-do-futuro\/#webpage","url":"https:\/\/anoticiaonline.com.br\/site\/muriae-recebe-o-monologo-julia-e-a-memoria-do-futuro\/","name":"Muria\u00e9 recebe o mon\u00f3logo \u201cJ\u00falia e a Mem\u00f3ria do Futuro\u201d - A Not\u00edcia Online","description":"Muria\u00e9 receber\u00e1 o mon\u00f3logo \"J\u00falia e a Mem\u00f3ria do Futuro\" neste final de semana. O espet\u00e1culo, que tem a atriz Ju\u00e7ara Costa no palco, ser\u00e1 apresentado nos dias 28 e 29 de julho, s\u00e1bado e domingo, \u00e0s 20h, no Teatro Municipal Belmira Vilas Boas (Cel. Domiciano, 13) com entrada franca. A apresenta\u00e7\u00e3o conta com o patroc\u00ednio da","inLanguage":"pt-BR","isPartOf":{"@id":"https:\/\/anoticiaonline.com.br\/site\/#website"},"breadcrumb":{"@id":"https:\/\/anoticiaonline.com.br\/site\/muriae-recebe-o-monologo-julia-e-a-memoria-do-futuro\/#breadcrumblist"},"author":{"@id":"https:\/\/anoticiaonline.com.br\/site\/author\/juliana\/#author"},"creator":{"@id":"https:\/\/anoticiaonline.com.br\/site\/author\/juliana\/#author"},"image":{"@type":"ImageObject","url":"https:\/\/anoticiaonline.com.br\/site\/wp-content\/uploads\/2018\/07\/Muria\u00e9-recebe-o-mon\u00f3logo-J\u00falia-e-a-Mem\u00f3ria-do-Futuro.jpg","@id":"https:\/\/anoticiaonline.com.br\/site\/muriae-recebe-o-monologo-julia-e-a-memoria-do-futuro\/#mainImage","width":640,"height":427},"primaryImageOfPage":{"@id":"https:\/\/anoticiaonline.com.br\/site\/muriae-recebe-o-monologo-julia-e-a-memoria-do-futuro\/#mainImage"},"datePublished":"2018-07-24T17:17:50-03:00","dateModified":"2018-07-24T17:18:49-03:00"},{"@type":"WebSite","@id":"https:\/\/anoticiaonline.com.br\/site\/#website","url":"https:\/\/anoticiaonline.com.br\/site\/","name":"A Not\u00edcia Online","description":"Noticias de Muria\u00e9 e regi\u00e3o","inLanguage":"pt-BR","publisher":{"@id":"https:\/\/anoticiaonline.com.br\/site\/#organization"}}]},"og:locale":"pt_BR","og:site_name":"A Not\u00edcia Online - Noticias de Muria\u00e9 e regi\u00e3o","og:type":"article","og:title":"Muria\u00e9 recebe o mon\u00f3logo \u201cJ\u00falia e a Mem\u00f3ria do Futuro\u201d - A Not\u00edcia Online","og:description":"Muria\u00e9 receber\u00e1 o mon\u00f3logo &quot;J\u00falia e a Mem\u00f3ria do Futuro&quot; neste final de semana. O espet\u00e1culo, que tem a atriz Ju\u00e7ara Costa no palco, ser\u00e1 apresentado nos dias 28 e 29 de julho, s\u00e1bado e domingo, \u00e0s 20h, no Teatro Municipal Belmira Vilas Boas (Cel. Domiciano, 13) com entrada franca. A apresenta\u00e7\u00e3o conta com o patroc\u00ednio da","og:url":"https:\/\/anoticiaonline.com.br\/site\/muriae-recebe-o-monologo-julia-e-a-memoria-do-futuro\/","og:image":"https:\/\/scontent-gig4-1.xx.fbcdn.net\/v\/t39.30808-1\/270437624_4564083193639691_6907940295614233970_n.jpg?stp=dst-jpg_s200x200_tt6&#038;_nc_cat=111&#038;ccb=1-7&#038;_nc_sid=f907e8&#038;_nc_ohc=SM1wRlP3lJwQ7kNvwEPuBYA&#038;_nc_oc=AdnqrjDN_BNjSSHWO-GbkIWH6fkGMLw4bqvL_NH6e2wMveX7G-rP2dAqsDSq1mJMOaY&#038;_nc_zt=24&#038;_nc_ht=scontent-gig4-1.xx&#038;_nc_gid=AoBFJeGrT1hVaew_6rchkQ&#038;oh=00_AfX7QmFGhQhG2jAllVgXCiM1ZrWgvtp80-Bfppyexh1QEg&#038;oe=689E923C","og:image:secure_url":"https:\/\/scontent-gig4-1.xx.fbcdn.net\/v\/t39.30808-1\/270437624_4564083193639691_6907940295614233970_n.jpg?stp=dst-jpg_s200x200_tt6&#038;_nc_cat=111&#038;ccb=1-7&#038;_nc_sid=f907e8&#038;_nc_ohc=SM1wRlP3lJwQ7kNvwEPuBYA&#038;_nc_oc=AdnqrjDN_BNjSSHWO-GbkIWH6fkGMLw4bqvL_NH6e2wMveX7G-rP2dAqsDSq1mJMOaY&#038;_nc_zt=24&#038;_nc_ht=scontent-gig4-1.xx&#038;_nc_gid=AoBFJeGrT1hVaew_6rchkQ&#038;oh=00_AfX7QmFGhQhG2jAllVgXCiM1ZrWgvtp80-Bfppyexh1QEg&#038;oe=689E923C","article:published_time":"2018-07-24T20:17:50+00:00","article:modified_time":"2018-07-24T20:18:49+00:00","twitter:card":"summary_large_image","twitter:title":"Muria\u00e9 recebe o mon\u00f3logo \u201cJ\u00falia e a Mem\u00f3ria do Futuro\u201d - A Not\u00edcia Online","twitter:description":"Muria\u00e9 receber\u00e1 o mon\u00f3logo &quot;J\u00falia e a Mem\u00f3ria do Futuro&quot; neste final de semana. O espet\u00e1culo, que tem a atriz Ju\u00e7ara Costa no palco, ser\u00e1 apresentado nos dias 28 e 29 de julho, s\u00e1bado e domingo, \u00e0s 20h, no Teatro Municipal Belmira Vilas Boas (Cel. Domiciano, 13) com entrada franca. A apresenta\u00e7\u00e3o conta com o patroc\u00ednio da","twitter:image":"https:\/\/scontent-gig4-1.xx.fbcdn.net\/v\/t39.30808-1\/270437624_4564083193639691_6907940295614233970_n.jpg?stp=dst-jpg_s200x200_tt6&_nc_cat=111&ccb=1-7&_nc_sid=f907e8&_nc_ohc=SM1wRlP3lJwQ7kNvwEPuBYA&_nc_oc=AdnqrjDN_BNjSSHWO-GbkIWH6fkGMLw4bqvL_NH6e2wMveX7G-rP2dAqsDSq1mJMOaY&_nc_zt=24&_nc_ht=scontent-gig4-1.xx&_nc_gid=AoBFJeGrT1hVaew_6rchkQ&oh=00_AfX7QmFGhQhG2jAllVgXCiM1ZrWgvtp80-Bfppyexh1QEg&oe=689E923C"},"aioseo_meta_data":{"post_id":"58697","title":null,"description":null,"keywords":null,"keyphrases":null,"primary_term":null,"canonical_url":null,"og_title":null,"og_description":null,"og_object_type":"default","og_image_type":"default","og_image_url":null,"og_image_width":null,"og_image_height":null,"og_image_custom_url":null,"og_image_custom_fields":null,"og_video":null,"og_custom_url":null,"og_article_section":null,"og_article_tags":null,"twitter_use_og":false,"twitter_card":"default","twitter_image_type":"default","twitter_image_url":null,"twitter_image_custom_url":null,"twitter_image_custom_fields":null,"twitter_title":null,"twitter_description":null,"schema":{"blockGraphs":[],"customGraphs":[],"default":{"data":{"Article":[],"Course":[],"Dataset":[],"FAQPage":[],"Movie":[],"Person":[],"Product":[],"ProductReview":[],"Car":[],"Recipe":[],"Service":[],"SoftwareApplication":[],"WebPage":[]},"graphName":"","isEnabled":true},"graphs":[]},"schema_type":"default","schema_type_options":null,"pillar_content":false,"robots_default":true,"robots_noindex":false,"robots_noarchive":false,"robots_nosnippet":false,"robots_nofollow":false,"robots_noimageindex":false,"robots_noodp":false,"robots_notranslate":false,"robots_max_snippet":null,"robots_max_videopreview":null,"robots_max_imagepreview":"large","priority":null,"frequency":null,"local_seo":null,"breadcrumb_settings":null,"limit_modified_date":false,"ai":null,"created":"2025-08-16 21:17:58","updated":"2025-08-16 21:17:58","focus_keyword":null,"additional_keywords":null,"truseo_locale":null,"seo_analyzer_scan_date":null},"aioseo_breadcrumb":"<div class=\"aioseo-breadcrumbs\"><span class=\"aioseo-breadcrumb\">\n\t\t\t<a href=\"https:\/\/anoticiaonline.com.br\/site\" title=\"Home\">Home<\/a>\n\t\t<\/span><span class=\"aioseo-breadcrumb-separator\">&raquo;<\/span><span class=\"aioseo-breadcrumb\">\n\t\t\t<a href=\"https:\/\/anoticiaonline.com.br\/site\/categoria\/muriae\/\" title=\"Blog\">Blog<\/a>\n\t\t<\/span><span class=\"aioseo-breadcrumb-separator\">&raquo;<\/span><span class=\"aioseo-breadcrumb\">\n\t\t\t<a href=\"https:\/\/anoticiaonline.com.br\/site\/categoria\/muriae\/cultura\/\" title=\"Cultura\">Cultura<\/a>\n\t\t<\/span><span class=\"aioseo-breadcrumb-separator\">&raquo;<\/span><span class=\"aioseo-breadcrumb\">\n\t\t\tMuria\u00e9 recebe o mon\u00f3logo \u201cJ\u00falia e a Mem\u00f3ria do Futuro\u201d\n\t\t<\/span><\/div>","aioseo_breadcrumb_json":[{"label":"Home","link":"https:\/\/anoticiaonline.com.br\/site"},{"label":"Blog","link":"https:\/\/anoticiaonline.com.br\/site\/categoria\/muriae\/"},{"label":"Cultura","link":"https:\/\/anoticiaonline.com.br\/site\/categoria\/muriae\/cultura\/"},{"label":"Muria\u00e9 recebe o mon\u00f3logo &#8220;J\u00falia e a Mem\u00f3ria do Futuro&#8221;","link":"https:\/\/anoticiaonline.com.br\/site\/muriae-recebe-o-monologo-julia-e-a-memoria-do-futuro\/"}],"views":145,"_links":{"self":[{"href":"https:\/\/anoticiaonline.com.br\/site\/wp-json\/wp\/v2\/posts\/58697","targetHints":{"allow":["GET"]}}],"collection":[{"href":"https:\/\/anoticiaonline.com.br\/site\/wp-json\/wp\/v2\/posts"}],"about":[{"href":"https:\/\/anoticiaonline.com.br\/site\/wp-json\/wp\/v2\/types\/post"}],"author":[{"embeddable":true,"href":"https:\/\/anoticiaonline.com.br\/site\/wp-json\/wp\/v2\/users\/2"}],"replies":[{"embeddable":true,"href":"https:\/\/anoticiaonline.com.br\/site\/wp-json\/wp\/v2\/comments?post=58697"}],"version-history":[{"count":0,"href":"https:\/\/anoticiaonline.com.br\/site\/wp-json\/wp\/v2\/posts\/58697\/revisions"}],"wp:featuredmedia":[{"embeddable":true,"href":"https:\/\/anoticiaonline.com.br\/site\/wp-json\/wp\/v2\/media\/58698"}],"wp:attachment":[{"href":"https:\/\/anoticiaonline.com.br\/site\/wp-json\/wp\/v2\/media?parent=58697"}],"wp:term":[{"taxonomy":"category","embeddable":true,"href":"https:\/\/anoticiaonline.com.br\/site\/wp-json\/wp\/v2\/categories?post=58697"},{"taxonomy":"post_tag","embeddable":true,"href":"https:\/\/anoticiaonline.com.br\/site\/wp-json\/wp\/v2\/tags?post=58697"}],"curies":[{"name":"wp","href":"https:\/\/api.w.org\/{rel}","templated":true}]}}