{"id":58571,"date":"2018-07-19T18:15:45","date_gmt":"2018-07-19T21:15:45","guid":{"rendered":"http:\/\/anoticiaonline.com.br\/site\/?p=58571"},"modified":"2018-07-19T18:15:45","modified_gmt":"2018-07-19T21:15:45","slug":"sociarte-19-07","status":"publish","type":"post","link":"https:\/\/anoticiaonline.com.br\/site\/sociarte-19-07\/","title":{"rendered":"Sociarte 19\/07:"},"content":{"rendered":"<p><strong>Sociarte:<\/strong><\/p>\n<p><strong>\u00a0<a href=\"https:\/\/anoticiaonline.com.br\/site\/wp-content\/uploads\/2018\/07\/Parab\u00e9ns-Let\u00edcia.jpeg\"><img fetchpriority=\"high\" decoding=\"async\" class=\"alignnone size-full wp-image-58567\" src=\"https:\/\/anoticiaonline.com.br\/site\/wp-content\/uploads\/2018\/07\/Parab\u00e9ns-Let\u00edcia.jpeg\" alt=\"\" width=\"480\" height=\"480\" srcset=\"https:\/\/anoticiaonline.com.br\/site\/wp-content\/uploads\/2018\/07\/Parab\u00e9ns-Let\u00edcia.jpeg 480w, https:\/\/anoticiaonline.com.br\/site\/wp-content\/uploads\/2018\/07\/Parab\u00e9ns-Let\u00edcia-150x150.jpeg 150w, https:\/\/anoticiaonline.com.br\/site\/wp-content\/uploads\/2018\/07\/Parab\u00e9ns-Let\u00edcia-300x300.jpeg 300w, https:\/\/anoticiaonline.com.br\/site\/wp-content\/uploads\/2018\/07\/Parab\u00e9ns-Let\u00edcia-144x144.jpeg 144w\" sizes=\"(max-width: 480px) 100vw, 480px\" \/><\/a><\/strong><\/p>\n<p><strong>Parab\u00e9ns, Let\u00edcia<\/strong><\/p>\n<p>Quem completou 19 anos no \u00faltimo domingo (15) foi a nossa querida corretora de marketing, Let\u00edcia da Silveira Oliveira, filha de Arauleni da Silveira de Oliveira e Jos\u00e9 Roberto de Oliveira e irm\u00e3 de Ruan da Silveira Oliveira. Parab\u00e9ns, Let\u00edcia! Desejamos tudo de melhor para voc\u00ea!<\/p>\n<p><a href=\"https:\/\/anoticiaonline.com.br\/site\/wp-content\/uploads\/2018\/07\/Niver-de-Pedro-e-Rayane.jpeg\"><img decoding=\"async\" class=\"alignnone size-full wp-image-58569\" src=\"https:\/\/anoticiaonline.com.br\/site\/wp-content\/uploads\/2018\/07\/Niver-de-Pedro-e-Rayane.jpeg\" alt=\"\" width=\"427\" height=\"640\" srcset=\"https:\/\/anoticiaonline.com.br\/site\/wp-content\/uploads\/2018\/07\/Niver-de-Pedro-e-Rayane.jpeg 427w, https:\/\/anoticiaonline.com.br\/site\/wp-content\/uploads\/2018\/07\/Niver-de-Pedro-e-Rayane-200x300.jpeg 200w\" sizes=\"(max-width: 427px) 100vw, 427px\" \/><\/a><\/p>\n<p><strong>Niver de Pedro e Rayane<\/strong><\/p>\n<p>Os irm\u00e3os, Pedro Henrique da Silva Moura e Rayane Fernanda Moura da Silva, filhos de Fl\u00e1via Aparecida de Moura, comemoram idade nova no dia 21 de junho e 17 de julho, respectivamente. Desejamos muitas felicidades aos dois. Parab\u00e9ns!<\/p>\n<p><a href=\"https:\/\/anoticiaonline.com.br\/site\/wp-content\/uploads\/2018\/07\/Parab\u00e9ns-Eliza.jpg\"><img decoding=\"async\" class=\"alignnone size-full wp-image-58573\" src=\"https:\/\/anoticiaonline.com.br\/site\/wp-content\/uploads\/2018\/07\/Parab\u00e9ns-Eliza.jpg\" alt=\"\" width=\"640\" height=\"427\" srcset=\"https:\/\/anoticiaonline.com.br\/site\/wp-content\/uploads\/2018\/07\/Parab\u00e9ns-Eliza.jpg 640w, https:\/\/anoticiaonline.com.br\/site\/wp-content\/uploads\/2018\/07\/Parab\u00e9ns-Eliza-300x200.jpg 300w\" sizes=\"(max-width: 640px) 100vw, 640px\" \/><\/a><\/p>\n<p><strong>Parab\u00e9ns Eliza<\/strong><\/p>\n<p>A fof\u00edssima Eliza Castro dos Santos reuniu amigos e familiares para celebrar a chegada da sua idade nova, a festa aconteceu nos sal\u00f5es do La Castro. Eliza escolheu o tema \u201cFesta Junina\u201d e recebeu a car\u00e1ter os seus convidados. Por l\u00e1, estiveram os pais Beth e Paulo dos Santos, sua irm\u00e3 Paula, al\u00e9m de muita gente bonita. Parab\u00e9ns Eliza, que Deus te d\u00ea muita sa\u00fade e conserve sempre a sua alegria!<\/p>\n<p><a href=\"https:\/\/anoticiaonline.com.br\/site\/wp-content\/uploads\/2018\/07\/Bodas-de-Safira.jpg\"><img loading=\"lazy\" decoding=\"async\" class=\"alignnone size-full wp-image-58574\" src=\"https:\/\/anoticiaonline.com.br\/site\/wp-content\/uploads\/2018\/07\/Bodas-de-Safira.jpg\" alt=\"\" width=\"270\" height=\"405\" srcset=\"https:\/\/anoticiaonline.com.br\/site\/wp-content\/uploads\/2018\/07\/Bodas-de-Safira.jpg 270w, https:\/\/anoticiaonline.com.br\/site\/wp-content\/uploads\/2018\/07\/Bodas-de-Safira-200x300.jpg 200w\" sizes=\"(max-width: 270px) 100vw, 270px\" \/><\/a><\/p>\n<p><strong>Bodas de Safira<\/strong><\/p>\n<p>O querido casal Mariana Carvalho Amaral e Paulo S\u00e9rgio Amaral comemoram, na sexta-feira (15), a chegada das Bodas de Safira, ou seja, 16 anos de uni\u00e3o matrimonial. Aos dois, que s\u00e3o papais dos lindos Luiza e Joaquim, desejamos muitos e muitos anos mais de carinho, compreens\u00e3o e muito amor. Parab\u00e9ns ao casal!<\/p>\n<p><a href=\"https:\/\/anoticiaonline.com.br\/site\/wp-content\/uploads\/2018\/07\/WhatsApp-Image-2018-07-19-at-18.04.32.jpeg\"><img loading=\"lazy\" decoding=\"async\" class=\"alignnone size-full wp-image-58575\" src=\"https:\/\/anoticiaonline.com.br\/site\/wp-content\/uploads\/2018\/07\/WhatsApp-Image-2018-07-19-at-18.04.32.jpeg\" alt=\"\" width=\"640\" height=\"427\" srcset=\"https:\/\/anoticiaonline.com.br\/site\/wp-content\/uploads\/2018\/07\/WhatsApp-Image-2018-07-19-at-18.04.32.jpeg 640w, https:\/\/anoticiaonline.com.br\/site\/wp-content\/uploads\/2018\/07\/WhatsApp-Image-2018-07-19-at-18.04.32-300x200.jpeg 300w\" sizes=\"(max-width: 640px) 100vw, 640px\" \/><\/a><\/p>\n<p><strong>Anivers\u00e1rio de Lucas<\/strong><\/p>\n<p>O pequeno Lucas Miranda Bebiano escolheu o tema \u201cBen 10\u201d para comemorar junto aos seus amiguinhos e familiares a chegada dos seus 4 aninhos de vida. Ele, que \u00e9 filho do nosso colaborador Leandro Bebiano (diagramador do jornal A Not\u00edcia) e de Juliana Miranda (faturista da Casa de Sa\u00fade), \u00e9 irm\u00e3o da simp\u00e1tica Giovana Bebiano. Parab\u00e9ns Lucas, muitos anos de sa\u00fade para voc\u00ea!<\/p>\n<p>&nbsp;<\/p>\n<p><a href=\"https:\/\/anoticiaonline.com.br\/site\/wp-content\/uploads\/2018\/07\/Niver-de-Edna.jpg\"><img loading=\"lazy\" decoding=\"async\" class=\"alignnone size-full wp-image-58576\" src=\"https:\/\/anoticiaonline.com.br\/site\/wp-content\/uploads\/2018\/07\/Niver-de-Edna.jpg\" alt=\"\" width=\"268\" height=\"640\" srcset=\"https:\/\/anoticiaonline.com.br\/site\/wp-content\/uploads\/2018\/07\/Niver-de-Edna.jpg 268w, https:\/\/anoticiaonline.com.br\/site\/wp-content\/uploads\/2018\/07\/Niver-de-Edna-126x300.jpg 126w\" sizes=\"(max-width: 268px) 100vw, 268px\" \/><\/a><\/p>\n<p><strong>Anivers\u00e1rio de Ednna Paulla<\/strong><\/p>\n<p>A quinta-feira (19) foi de comemora\u00e7\u00e3o para a jovem Ednna Paulla da Silva Mendes Freitas, que completou idade nova. A ela que \u00e9 filha de Ostimara C\u00e2ndida da Silva, enviamos votos de muitas felicidades, amor e paz. Parab\u00e9ns Edna!!!<\/p>\n","protected":false},"excerpt":{"rendered":"<p>Sociarte: \u00a0 Parab\u00e9ns, Let\u00edcia Quem completou 19 anos no \u00faltimo domingo (15) foi a nossa querida corretora de marketing, Let\u00edcia da Silveira Oliveira, filha de Arauleni da Silveira de Oliveira e Jos\u00e9 Roberto de Oliveira e irm\u00e3 de Ruan da Silveira Oliveira. Parab\u00e9ns, Let\u00edcia! Desejamos tudo de melhor para voc\u00ea! Niver de Pedro e Rayane &#8230; <a title=\"Sociarte 19\/07:\" class=\"read-more\" href=\"https:\/\/anoticiaonline.com.br\/site\/sociarte-19-07\/\" aria-label=\"Read more about Sociarte 19\/07:\">Ler mais<\/a><\/p>\n","protected":false},"author":2,"featured_media":0,"comment_status":"open","ping_status":"open","sticky":false,"template":"","format":"standard","meta":{"_acf_changed":false,"_monsterinsights_skip_tracking":false,"footnotes":""},"categories":[38],"tags":[],"class_list":["post-58571","post","type-post","status-publish","format-standard","hentry","category-sociarte"],"acf":[],"aioseo_notices":[],"aioseo_head":"\n\t\t<!-- All in One SEO 5.0.0.1 - aioseo.com -->\n\t<meta name=\"description\" content=\"Sociarte: Parab\u00e9ns, Let\u00edcia Quem completou 19 anos no \u00faltimo domingo (15) foi a nossa querida corretora de marketing, Let\u00edcia da Silveira Oliveira, filha de Arauleni da Silveira de Oliveira e Jos\u00e9 Roberto de Oliveira e irm\u00e3 de Ruan da Silveira Oliveira. Parab\u00e9ns, Let\u00edcia! Desejamos tudo de melhor para voc\u00ea! Niver de Pedro e Rayane\" \/>\n\t<meta name=\"robots\" content=\"max-image-preview:large\" \/>\n\t<meta name=\"author\" content=\"Juliana Laviola\"\/>\n\t<link rel=\"canonical\" href=\"https:\/\/anoticiaonline.com.br\/site\/sociarte-19-07\/\" \/>\n\t<meta name=\"generator\" content=\"All in One SEO (AIOSEO) 5.0.0.1\" \/>\n\t\t<meta property=\"og:locale\" content=\"pt_BR\" \/>\n\t\t<meta property=\"og:site_name\" content=\"A Not\u00edcia Online - Noticias de Muria\u00e9 e regi\u00e3o\" \/>\n\t\t<meta property=\"og:type\" content=\"article\" \/>\n\t\t<meta property=\"og:title\" content=\"Sociarte 19\/07: - A Not\u00edcia Online\" \/>\n\t\t<meta property=\"og:description\" content=\"Sociarte: Parab\u00e9ns, Let\u00edcia Quem completou 19 anos no \u00faltimo domingo (15) foi a nossa querida corretora de marketing, Let\u00edcia da Silveira Oliveira, filha de Arauleni da Silveira de Oliveira e Jos\u00e9 Roberto de Oliveira e irm\u00e3 de Ruan da Silveira Oliveira. Parab\u00e9ns, Let\u00edcia! Desejamos tudo de melhor para voc\u00ea! Niver de Pedro e Rayane\" \/>\n\t\t<meta property=\"og:url\" content=\"https:\/\/anoticiaonline.com.br\/site\/sociarte-19-07\/\" \/>\n\t\t<meta property=\"og:image\" content=\"https:\/\/scontent-gig4-1.xx.fbcdn.net\/v\/t39.30808-1\/270437624_4564083193639691_6907940295614233970_n.jpg?stp=dst-jpg_s200x200_tt6&#038;_nc_cat=111&#038;ccb=1-7&#038;_nc_sid=f907e8&#038;_nc_ohc=SM1wRlP3lJwQ7kNvwEPuBYA&#038;_nc_oc=AdnqrjDN_BNjSSHWO-GbkIWH6fkGMLw4bqvL_NH6e2wMveX7G-rP2dAqsDSq1mJMOaY&#038;_nc_zt=24&#038;_nc_ht=scontent-gig4-1.xx&#038;_nc_gid=AoBFJeGrT1hVaew_6rchkQ&#038;oh=00_AfX7QmFGhQhG2jAllVgXCiM1ZrWgvtp80-Bfppyexh1QEg&#038;oe=689E923C\" \/>\n\t\t<meta property=\"og:image:secure_url\" content=\"https:\/\/scontent-gig4-1.xx.fbcdn.net\/v\/t39.30808-1\/270437624_4564083193639691_6907940295614233970_n.jpg?stp=dst-jpg_s200x200_tt6&#038;_nc_cat=111&#038;ccb=1-7&#038;_nc_sid=f907e8&#038;_nc_ohc=SM1wRlP3lJwQ7kNvwEPuBYA&#038;_nc_oc=AdnqrjDN_BNjSSHWO-GbkIWH6fkGMLw4bqvL_NH6e2wMveX7G-rP2dAqsDSq1mJMOaY&#038;_nc_zt=24&#038;_nc_ht=scontent-gig4-1.xx&#038;_nc_gid=AoBFJeGrT1hVaew_6rchkQ&#038;oh=00_AfX7QmFGhQhG2jAllVgXCiM1ZrWgvtp80-Bfppyexh1QEg&#038;oe=689E923C\" \/>\n\t\t<meta property=\"article:published_time\" content=\"2018-07-19T21:15:45+00:00\" \/>\n\t\t<meta property=\"article:modified_time\" content=\"2018-07-19T21:15:45+00:00\" \/>\n\t\t<meta name=\"twitter:card\" content=\"summary_large_image\" \/>\n\t\t<meta name=\"twitter:title\" content=\"Sociarte 19\/07: - A Not\u00edcia Online\" \/>\n\t\t<meta name=\"twitter:description\" content=\"Sociarte: Parab\u00e9ns, Let\u00edcia Quem completou 19 anos no \u00faltimo domingo (15) foi a nossa querida corretora de marketing, Let\u00edcia da Silveira Oliveira, filha de Arauleni da Silveira de Oliveira e Jos\u00e9 Roberto de Oliveira e irm\u00e3 de Ruan da Silveira Oliveira. Parab\u00e9ns, Let\u00edcia! Desejamos tudo de melhor para voc\u00ea! Niver de Pedro e Rayane\" \/>\n\t\t<meta name=\"twitter:image\" content=\"https:\/\/scontent-gig4-1.xx.fbcdn.net\/v\/t39.30808-1\/270437624_4564083193639691_6907940295614233970_n.jpg?stp=dst-jpg_s200x200_tt6&amp;_nc_cat=111&amp;ccb=1-7&amp;_nc_sid=f907e8&amp;_nc_ohc=SM1wRlP3lJwQ7kNvwEPuBYA&amp;_nc_oc=AdnqrjDN_BNjSSHWO-GbkIWH6fkGMLw4bqvL_NH6e2wMveX7G-rP2dAqsDSq1mJMOaY&amp;_nc_zt=24&amp;_nc_ht=scontent-gig4-1.xx&amp;_nc_gid=AoBFJeGrT1hVaew_6rchkQ&amp;oh=00_AfX7QmFGhQhG2jAllVgXCiM1ZrWgvtp80-Bfppyexh1QEg&amp;oe=689E923C\" \/>\n\t\t<script type=\"application\/ld+json\" class=\"aioseo-schema\">\n\t\t\t{\"@context\":\"https:\\\/\\\/schema.org\",\"@graph\":[{\"@type\":\"BlogPosting\",\"@id\":\"https:\\\/\\\/anoticiaonline.com.br\\\/site\\\/sociarte-19-07\\\/#blogposting\",\"name\":\"Sociarte 19\\\/07: - A Not\\u00edcia Online\",\"headline\":\"Sociarte 19\\\/07:\",\"author\":{\"@id\":\"https:\\\/\\\/anoticiaonline.com.br\\\/site\\\/author\\\/juliana\\\/#author\"},\"publisher\":{\"@id\":\"https:\\\/\\\/anoticiaonline.com.br\\\/site\\\/#organization\"},\"image\":{\"@type\":\"ImageObject\",\"url\":\"https:\\\/\\\/anoticiaonline.com.br\\\/site\\\/wp-content\\\/uploads\\\/2018\\\/07\\\/Parab\\u00e9ns-Let\\u00edcia.jpeg\",\"@id\":\"https:\\\/\\\/anoticiaonline.com.br\\\/site\\\/sociarte-19-07\\\/#articleImage\",\"width\":480,\"height\":480},\"datePublished\":\"2018-07-19T18:15:45-03:00\",\"dateModified\":\"2018-07-19T18:15:45-03:00\",\"inLanguage\":\"pt-BR\",\"mainEntityOfPage\":{\"@id\":\"https:\\\/\\\/anoticiaonline.com.br\\\/site\\\/sociarte-19-07\\\/#webpage\"},\"isPartOf\":{\"@id\":\"https:\\\/\\\/anoticiaonline.com.br\\\/site\\\/sociarte-19-07\\\/#webpage\"},\"articleSection\":\"Sociarte\"},{\"@type\":\"BreadcrumbList\",\"@id\":\"https:\\\/\\\/anoticiaonline.com.br\\\/site\\\/sociarte-19-07\\\/#breadcrumblist\",\"itemListElement\":[{\"@type\":\"ListItem\",\"@id\":\"https:\\\/\\\/anoticiaonline.com.br\\\/site#listItem\",\"position\":1,\"name\":\"Home\",\"item\":\"https:\\\/\\\/anoticiaonline.com.br\\\/site\",\"nextItem\":{\"@type\":\"ListItem\",\"@id\":\"https:\\\/\\\/anoticiaonline.com.br\\\/site\\\/categoria\\\/colunistas\\\/#listItem\",\"name\":\"Colunistas\"}},{\"@type\":\"ListItem\",\"@id\":\"https:\\\/\\\/anoticiaonline.com.br\\\/site\\\/categoria\\\/colunistas\\\/#listItem\",\"position\":2,\"name\":\"Colunistas\",\"item\":\"https:\\\/\\\/anoticiaonline.com.br\\\/site\\\/categoria\\\/colunistas\\\/\",\"nextItem\":{\"@type\":\"ListItem\",\"@id\":\"https:\\\/\\\/anoticiaonline.com.br\\\/site\\\/categoria\\\/colunistas\\\/sociarte\\\/#listItem\",\"name\":\"Sociarte\"},\"previousItem\":{\"@type\":\"ListItem\",\"@id\":\"https:\\\/\\\/anoticiaonline.com.br\\\/site#listItem\",\"name\":\"Home\"}},{\"@type\":\"ListItem\",\"@id\":\"https:\\\/\\\/anoticiaonline.com.br\\\/site\\\/categoria\\\/colunistas\\\/sociarte\\\/#listItem\",\"position\":3,\"name\":\"Sociarte\",\"item\":\"https:\\\/\\\/anoticiaonline.com.br\\\/site\\\/categoria\\\/colunistas\\\/sociarte\\\/\",\"nextItem\":{\"@type\":\"ListItem\",\"@id\":\"https:\\\/\\\/anoticiaonline.com.br\\\/site\\\/sociarte-19-07\\\/#listItem\",\"name\":\"Sociarte 19\\\/07:\"},\"previousItem\":{\"@type\":\"ListItem\",\"@id\":\"https:\\\/\\\/anoticiaonline.com.br\\\/site\\\/categoria\\\/colunistas\\\/#listItem\",\"name\":\"Colunistas\"}},{\"@type\":\"ListItem\",\"@id\":\"https:\\\/\\\/anoticiaonline.com.br\\\/site\\\/sociarte-19-07\\\/#listItem\",\"position\":4,\"name\":\"Sociarte 19\\\/07:\",\"previousItem\":{\"@type\":\"ListItem\",\"@id\":\"https:\\\/\\\/anoticiaonline.com.br\\\/site\\\/categoria\\\/colunistas\\\/sociarte\\\/#listItem\",\"name\":\"Sociarte\"}}]},{\"@type\":\"Organization\",\"@id\":\"https:\\\/\\\/anoticiaonline.com.br\\\/site\\\/#organization\",\"name\":\"A Not\\u00edcia Online\",\"description\":\"Noticias de Muria\\u00e9 e regi\\u00e3o\",\"url\":\"https:\\\/\\\/anoticiaonline.com.br\\\/site\\\/\",\"logo\":{\"@type\":\"ImageObject\",\"url\":\"https:\\\/\\\/scontent-gig4-1.xx.fbcdn.net\\\/v\\\/t39.30808-1\\\/270437624_4564083193639691_6907940295614233970_n.jpg?stp=dst-jpg_s200x200_tt6&_nc_cat=111&ccb=1-7&_nc_sid=f907e8&_nc_ohc=SM1wRlP3lJwQ7kNvwEPuBYA&_nc_oc=AdnqrjDN_BNjSSHWO-GbkIWH6fkGMLw4bqvL_NH6e2wMveX7G-rP2dAqsDSq1mJMOaY&_nc_zt=24&_nc_ht=scontent-gig4-1.xx&_nc_gid=AoBFJeGrT1hVaew_6rchkQ&oh=00_AfX7QmFGhQhG2jAllVgXCiM1ZrWgvtp80-Bfppyexh1QEg&oe=689E923C\",\"@id\":\"https:\\\/\\\/anoticiaonline.com.br\\\/site\\\/sociarte-19-07\\\/#organizationLogo\"},\"image\":{\"@id\":\"https:\\\/\\\/anoticiaonline.com.br\\\/site\\\/sociarte-19-07\\\/#organizationLogo\"}},{\"@type\":\"Person\",\"@id\":\"https:\\\/\\\/anoticiaonline.com.br\\\/site\\\/author\\\/juliana\\\/#author\",\"url\":\"https:\\\/\\\/anoticiaonline.com.br\\\/site\\\/author\\\/juliana\\\/\",\"name\":\"Juliana Laviola\",\"image\":{\"@type\":\"ImageObject\",\"@id\":\"https:\\\/\\\/anoticiaonline.com.br\\\/site\\\/sociarte-19-07\\\/#authorImage\",\"url\":\"https:\\\/\\\/secure.gravatar.com\\\/avatar\\\/b8d45f5c699b100dfaf0e543582f38f38bf94cb7ae3a5e9abf8d891a34773335?s=96&d=mm&r=g\",\"width\":96,\"height\":96,\"caption\":\"Juliana Laviola\"}},{\"@type\":\"WebPage\",\"@id\":\"https:\\\/\\\/anoticiaonline.com.br\\\/site\\\/sociarte-19-07\\\/#webpage\",\"url\":\"https:\\\/\\\/anoticiaonline.com.br\\\/site\\\/sociarte-19-07\\\/\",\"name\":\"Sociarte 19\\\/07: - A Not\\u00edcia Online\",\"description\":\"Sociarte: Parab\\u00e9ns, Let\\u00edcia Quem completou 19 anos no \\u00faltimo domingo (15) foi a nossa querida corretora de marketing, Let\\u00edcia da Silveira Oliveira, filha de Arauleni da Silveira de Oliveira e Jos\\u00e9 Roberto de Oliveira e irm\\u00e3 de Ruan da Silveira Oliveira. Parab\\u00e9ns, Let\\u00edcia! Desejamos tudo de melhor para voc\\u00ea! Niver de Pedro e Rayane\",\"inLanguage\":\"pt-BR\",\"isPartOf\":{\"@id\":\"https:\\\/\\\/anoticiaonline.com.br\\\/site\\\/#website\"},\"breadcrumb\":{\"@id\":\"https:\\\/\\\/anoticiaonline.com.br\\\/site\\\/sociarte-19-07\\\/#breadcrumblist\"},\"author\":{\"@id\":\"https:\\\/\\\/anoticiaonline.com.br\\\/site\\\/author\\\/juliana\\\/#author\"},\"creator\":{\"@id\":\"https:\\\/\\\/anoticiaonline.com.br\\\/site\\\/author\\\/juliana\\\/#author\"},\"datePublished\":\"2018-07-19T18:15:45-03:00\",\"dateModified\":\"2018-07-19T18:15:45-03:00\"},{\"@type\":\"WebSite\",\"@id\":\"https:\\\/\\\/anoticiaonline.com.br\\\/site\\\/#website\",\"url\":\"https:\\\/\\\/anoticiaonline.com.br\\\/site\\\/\",\"name\":\"A Not\\u00edcia Online\",\"description\":\"Noticias de Muria\\u00e9 e regi\\u00e3o\",\"inLanguage\":\"pt-BR\",\"publisher\":{\"@id\":\"https:\\\/\\\/anoticiaonline.com.br\\\/site\\\/#organization\"}}]}\n\t\t<\/script>\n\t\t<!-- All in One SEO -->\n\n","aioseo_head_json":{"title":"Sociarte 19\/07: - A Not\u00edcia Online","description":"Sociarte: Parab\u00e9ns, Let\u00edcia Quem completou 19 anos no \u00faltimo domingo (15) foi a nossa querida corretora de marketing, Let\u00edcia da Silveira Oliveira, filha de Arauleni da Silveira de Oliveira e Jos\u00e9 Roberto de Oliveira e irm\u00e3 de Ruan da Silveira Oliveira. Parab\u00e9ns, Let\u00edcia! Desejamos tudo de melhor para voc\u00ea! Niver de Pedro e Rayane","canonical_url":"https:\/\/anoticiaonline.com.br\/site\/sociarte-19-07\/","robots":"max-image-preview:large","keywords":"","webmasterTools":{"miscellaneous":""},"schema":{"@context":"https:\/\/schema.org","@graph":[{"@type":"BlogPosting","@id":"https:\/\/anoticiaonline.com.br\/site\/sociarte-19-07\/#blogposting","name":"Sociarte 19\/07: - A Not\u00edcia Online","headline":"Sociarte 19\/07:","author":{"@id":"https:\/\/anoticiaonline.com.br\/site\/author\/juliana\/#author"},"publisher":{"@id":"https:\/\/anoticiaonline.com.br\/site\/#organization"},"image":{"@type":"ImageObject","url":"https:\/\/anoticiaonline.com.br\/site\/wp-content\/uploads\/2018\/07\/Parab\u00e9ns-Let\u00edcia.jpeg","@id":"https:\/\/anoticiaonline.com.br\/site\/sociarte-19-07\/#articleImage","width":480,"height":480},"datePublished":"2018-07-19T18:15:45-03:00","dateModified":"2018-07-19T18:15:45-03:00","inLanguage":"pt-BR","mainEntityOfPage":{"@id":"https:\/\/anoticiaonline.com.br\/site\/sociarte-19-07\/#webpage"},"isPartOf":{"@id":"https:\/\/anoticiaonline.com.br\/site\/sociarte-19-07\/#webpage"},"articleSection":"Sociarte"},{"@type":"BreadcrumbList","@id":"https:\/\/anoticiaonline.com.br\/site\/sociarte-19-07\/#breadcrumblist","itemListElement":[{"@type":"ListItem","@id":"https:\/\/anoticiaonline.com.br\/site#listItem","position":1,"name":"Home","item":"https:\/\/anoticiaonline.com.br\/site","nextItem":{"@type":"ListItem","@id":"https:\/\/anoticiaonline.com.br\/site\/categoria\/colunistas\/#listItem","name":"Colunistas"}},{"@type":"ListItem","@id":"https:\/\/anoticiaonline.com.br\/site\/categoria\/colunistas\/#listItem","position":2,"name":"Colunistas","item":"https:\/\/anoticiaonline.com.br\/site\/categoria\/colunistas\/","nextItem":{"@type":"ListItem","@id":"https:\/\/anoticiaonline.com.br\/site\/categoria\/colunistas\/sociarte\/#listItem","name":"Sociarte"},"previousItem":{"@type":"ListItem","@id":"https:\/\/anoticiaonline.com.br\/site#listItem","name":"Home"}},{"@type":"ListItem","@id":"https:\/\/anoticiaonline.com.br\/site\/categoria\/colunistas\/sociarte\/#listItem","position":3,"name":"Sociarte","item":"https:\/\/anoticiaonline.com.br\/site\/categoria\/colunistas\/sociarte\/","nextItem":{"@type":"ListItem","@id":"https:\/\/anoticiaonline.com.br\/site\/sociarte-19-07\/#listItem","name":"Sociarte 19\/07:"},"previousItem":{"@type":"ListItem","@id":"https:\/\/anoticiaonline.com.br\/site\/categoria\/colunistas\/#listItem","name":"Colunistas"}},{"@type":"ListItem","@id":"https:\/\/anoticiaonline.com.br\/site\/sociarte-19-07\/#listItem","position":4,"name":"Sociarte 19\/07:","previousItem":{"@type":"ListItem","@id":"https:\/\/anoticiaonline.com.br\/site\/categoria\/colunistas\/sociarte\/#listItem","name":"Sociarte"}}]},{"@type":"Organization","@id":"https:\/\/anoticiaonline.com.br\/site\/#organization","name":"A Not\u00edcia Online","description":"Noticias de Muria\u00e9 e regi\u00e3o","url":"https:\/\/anoticiaonline.com.br\/site\/","logo":{"@type":"ImageObject","url":"https:\/\/scontent-gig4-1.xx.fbcdn.net\/v\/t39.30808-1\/270437624_4564083193639691_6907940295614233970_n.jpg?stp=dst-jpg_s200x200_tt6&_nc_cat=111&ccb=1-7&_nc_sid=f907e8&_nc_ohc=SM1wRlP3lJwQ7kNvwEPuBYA&_nc_oc=AdnqrjDN_BNjSSHWO-GbkIWH6fkGMLw4bqvL_NH6e2wMveX7G-rP2dAqsDSq1mJMOaY&_nc_zt=24&_nc_ht=scontent-gig4-1.xx&_nc_gid=AoBFJeGrT1hVaew_6rchkQ&oh=00_AfX7QmFGhQhG2jAllVgXCiM1ZrWgvtp80-Bfppyexh1QEg&oe=689E923C","@id":"https:\/\/anoticiaonline.com.br\/site\/sociarte-19-07\/#organizationLogo"},"image":{"@id":"https:\/\/anoticiaonline.com.br\/site\/sociarte-19-07\/#organizationLogo"}},{"@type":"Person","@id":"https:\/\/anoticiaonline.com.br\/site\/author\/juliana\/#author","url":"https:\/\/anoticiaonline.com.br\/site\/author\/juliana\/","name":"Juliana Laviola","image":{"@type":"ImageObject","@id":"https:\/\/anoticiaonline.com.br\/site\/sociarte-19-07\/#authorImage","url":"https:\/\/secure.gravatar.com\/avatar\/b8d45f5c699b100dfaf0e543582f38f38bf94cb7ae3a5e9abf8d891a34773335?s=96&d=mm&r=g","width":96,"height":96,"caption":"Juliana Laviola"}},{"@type":"WebPage","@id":"https:\/\/anoticiaonline.com.br\/site\/sociarte-19-07\/#webpage","url":"https:\/\/anoticiaonline.com.br\/site\/sociarte-19-07\/","name":"Sociarte 19\/07: - A Not\u00edcia Online","description":"Sociarte: Parab\u00e9ns, Let\u00edcia Quem completou 19 anos no \u00faltimo domingo (15) foi a nossa querida corretora de marketing, Let\u00edcia da Silveira Oliveira, filha de Arauleni da Silveira de Oliveira e Jos\u00e9 Roberto de Oliveira e irm\u00e3 de Ruan da Silveira Oliveira. Parab\u00e9ns, Let\u00edcia! Desejamos tudo de melhor para voc\u00ea! Niver de Pedro e Rayane","inLanguage":"pt-BR","isPartOf":{"@id":"https:\/\/anoticiaonline.com.br\/site\/#website"},"breadcrumb":{"@id":"https:\/\/anoticiaonline.com.br\/site\/sociarte-19-07\/#breadcrumblist"},"author":{"@id":"https:\/\/anoticiaonline.com.br\/site\/author\/juliana\/#author"},"creator":{"@id":"https:\/\/anoticiaonline.com.br\/site\/author\/juliana\/#author"},"datePublished":"2018-07-19T18:15:45-03:00","dateModified":"2018-07-19T18:15:45-03:00"},{"@type":"WebSite","@id":"https:\/\/anoticiaonline.com.br\/site\/#website","url":"https:\/\/anoticiaonline.com.br\/site\/","name":"A Not\u00edcia Online","description":"Noticias de Muria\u00e9 e regi\u00e3o","inLanguage":"pt-BR","publisher":{"@id":"https:\/\/anoticiaonline.com.br\/site\/#organization"}}]},"og:locale":"pt_BR","og:site_name":"A Not\u00edcia Online - Noticias de Muria\u00e9 e regi\u00e3o","og:type":"article","og:title":"Sociarte 19\/07: - A Not\u00edcia Online","og:description":"Sociarte: Parab\u00e9ns, Let\u00edcia Quem completou 19 anos no \u00faltimo domingo (15) foi a nossa querida corretora de marketing, Let\u00edcia da Silveira Oliveira, filha de Arauleni da Silveira de Oliveira e Jos\u00e9 Roberto de Oliveira e irm\u00e3 de Ruan da Silveira Oliveira. Parab\u00e9ns, Let\u00edcia! Desejamos tudo de melhor para voc\u00ea! Niver de Pedro e Rayane","og:url":"https:\/\/anoticiaonline.com.br\/site\/sociarte-19-07\/","og:image":"https:\/\/scontent-gig4-1.xx.fbcdn.net\/v\/t39.30808-1\/270437624_4564083193639691_6907940295614233970_n.jpg?stp=dst-jpg_s200x200_tt6&#038;_nc_cat=111&#038;ccb=1-7&#038;_nc_sid=f907e8&#038;_nc_ohc=SM1wRlP3lJwQ7kNvwEPuBYA&#038;_nc_oc=AdnqrjDN_BNjSSHWO-GbkIWH6fkGMLw4bqvL_NH6e2wMveX7G-rP2dAqsDSq1mJMOaY&#038;_nc_zt=24&#038;_nc_ht=scontent-gig4-1.xx&#038;_nc_gid=AoBFJeGrT1hVaew_6rchkQ&#038;oh=00_AfX7QmFGhQhG2jAllVgXCiM1ZrWgvtp80-Bfppyexh1QEg&#038;oe=689E923C","og:image:secure_url":"https:\/\/scontent-gig4-1.xx.fbcdn.net\/v\/t39.30808-1\/270437624_4564083193639691_6907940295614233970_n.jpg?stp=dst-jpg_s200x200_tt6&#038;_nc_cat=111&#038;ccb=1-7&#038;_nc_sid=f907e8&#038;_nc_ohc=SM1wRlP3lJwQ7kNvwEPuBYA&#038;_nc_oc=AdnqrjDN_BNjSSHWO-GbkIWH6fkGMLw4bqvL_NH6e2wMveX7G-rP2dAqsDSq1mJMOaY&#038;_nc_zt=24&#038;_nc_ht=scontent-gig4-1.xx&#038;_nc_gid=AoBFJeGrT1hVaew_6rchkQ&#038;oh=00_AfX7QmFGhQhG2jAllVgXCiM1ZrWgvtp80-Bfppyexh1QEg&#038;oe=689E923C","article:published_time":"2018-07-19T21:15:45+00:00","article:modified_time":"2018-07-19T21:15:45+00:00","twitter:card":"summary_large_image","twitter:title":"Sociarte 19\/07: - A Not\u00edcia Online","twitter:description":"Sociarte: Parab\u00e9ns, Let\u00edcia Quem completou 19 anos no \u00faltimo domingo (15) foi a nossa querida corretora de marketing, Let\u00edcia da Silveira Oliveira, filha de Arauleni da Silveira de Oliveira e Jos\u00e9 Roberto de Oliveira e irm\u00e3 de Ruan da Silveira Oliveira. Parab\u00e9ns, Let\u00edcia! Desejamos tudo de melhor para voc\u00ea! Niver de Pedro e Rayane","twitter:image":"https:\/\/scontent-gig4-1.xx.fbcdn.net\/v\/t39.30808-1\/270437624_4564083193639691_6907940295614233970_n.jpg?stp=dst-jpg_s200x200_tt6&_nc_cat=111&ccb=1-7&_nc_sid=f907e8&_nc_ohc=SM1wRlP3lJwQ7kNvwEPuBYA&_nc_oc=AdnqrjDN_BNjSSHWO-GbkIWH6fkGMLw4bqvL_NH6e2wMveX7G-rP2dAqsDSq1mJMOaY&_nc_zt=24&_nc_ht=scontent-gig4-1.xx&_nc_gid=AoBFJeGrT1hVaew_6rchkQ&oh=00_AfX7QmFGhQhG2jAllVgXCiM1ZrWgvtp80-Bfppyexh1QEg&oe=689E923C"},"aioseo_meta_data":{"post_id":"58571","title":null,"description":null,"keywords":null,"keyphrases":null,"primary_term":null,"canonical_url":null,"og_title":null,"og_description":null,"og_object_type":"default","og_image_type":"default","og_image_url":null,"og_image_width":null,"og_image_height":null,"og_image_custom_url":null,"og_image_custom_fields":null,"og_video":null,"og_custom_url":null,"og_article_section":null,"og_article_tags":null,"twitter_use_og":false,"twitter_card":"default","twitter_image_type":"default","twitter_image_url":null,"twitter_image_custom_url":null,"twitter_image_custom_fields":null,"twitter_title":null,"twitter_description":null,"schema":{"blockGraphs":[],"customGraphs":[],"default":{"data":{"Article":[],"Course":[],"Dataset":[],"FAQPage":[],"Movie":[],"Person":[],"Product":[],"ProductReview":[],"Car":[],"Recipe":[],"Service":[],"SoftwareApplication":[],"WebPage":[]},"graphName":"","isEnabled":true},"graphs":[]},"schema_type":"default","schema_type_options":null,"pillar_content":false,"robots_default":true,"robots_noindex":false,"robots_noarchive":false,"robots_nosnippet":false,"robots_nofollow":false,"robots_noimageindex":false,"robots_noodp":false,"robots_notranslate":false,"robots_max_snippet":null,"robots_max_videopreview":null,"robots_max_imagepreview":"large","priority":null,"frequency":null,"local_seo":null,"breadcrumb_settings":null,"limit_modified_date":false,"ai":null,"created":"2025-08-16 21:16:46","updated":"2025-08-16 21:16:46","focus_keyword":null,"additional_keywords":null,"truseo_locale":null,"seo_analyzer_scan_date":null},"aioseo_breadcrumb":"<div class=\"aioseo-breadcrumbs\"><span class=\"aioseo-breadcrumb\">\n\t\t\t<a href=\"https:\/\/anoticiaonline.com.br\/site\" title=\"Home\">Home<\/a>\n\t\t<\/span><span class=\"aioseo-breadcrumb-separator\">&raquo;<\/span><span class=\"aioseo-breadcrumb\">\n\t\t\t<a href=\"https:\/\/anoticiaonline.com.br\/site\/categoria\/colunistas\/\" title=\"Colunistas\">Colunistas<\/a>\n\t\t<\/span><span class=\"aioseo-breadcrumb-separator\">&raquo;<\/span><span class=\"aioseo-breadcrumb\">\n\t\t\t<a href=\"https:\/\/anoticiaonline.com.br\/site\/categoria\/colunistas\/sociarte\/\" title=\"Sociarte\">Sociarte<\/a>\n\t\t<\/span><span class=\"aioseo-breadcrumb-separator\">&raquo;<\/span><span class=\"aioseo-breadcrumb\">\n\t\t\tSociarte 19\/07:\n\t\t<\/span><\/div>","aioseo_breadcrumb_json":[{"label":"Home","link":"https:\/\/anoticiaonline.com.br\/site"},{"label":"Colunistas","link":"https:\/\/anoticiaonline.com.br\/site\/categoria\/colunistas\/"},{"label":"Sociarte","link":"https:\/\/anoticiaonline.com.br\/site\/categoria\/colunistas\/sociarte\/"},{"label":"Sociarte 19\/07:","link":"https:\/\/anoticiaonline.com.br\/site\/sociarte-19-07\/"}],"views":164,"_links":{"self":[{"href":"https:\/\/anoticiaonline.com.br\/site\/wp-json\/wp\/v2\/posts\/58571","targetHints":{"allow":["GET"]}}],"collection":[{"href":"https:\/\/anoticiaonline.com.br\/site\/wp-json\/wp\/v2\/posts"}],"about":[{"href":"https:\/\/anoticiaonline.com.br\/site\/wp-json\/wp\/v2\/types\/post"}],"author":[{"embeddable":true,"href":"https:\/\/anoticiaonline.com.br\/site\/wp-json\/wp\/v2\/users\/2"}],"replies":[{"embeddable":true,"href":"https:\/\/anoticiaonline.com.br\/site\/wp-json\/wp\/v2\/comments?post=58571"}],"version-history":[{"count":0,"href":"https:\/\/anoticiaonline.com.br\/site\/wp-json\/wp\/v2\/posts\/58571\/revisions"}],"wp:attachment":[{"href":"https:\/\/anoticiaonline.com.br\/site\/wp-json\/wp\/v2\/media?parent=58571"}],"wp:term":[{"taxonomy":"category","embeddable":true,"href":"https:\/\/anoticiaonline.com.br\/site\/wp-json\/wp\/v2\/categories?post=58571"},{"taxonomy":"post_tag","embeddable":true,"href":"https:\/\/anoticiaonline.com.br\/site\/wp-json\/wp\/v2\/tags?post=58571"}],"curies":[{"name":"wp","href":"https:\/\/api.w.org\/{rel}","templated":true}]}}