{"id":58393,"date":"2018-07-12T21:30:14","date_gmt":"2018-07-13T00:30:14","guid":{"rendered":"http:\/\/anoticiaonline.com.br\/site\/?p=58393"},"modified":"2018-07-12T21:48:39","modified_gmt":"2018-07-13T00:48:39","slug":"costelao-no-bafo-e-reinaugurado-em-muriae","status":"publish","type":"post","link":"https:\/\/anoticiaonline.com.br\/site\/costelao-no-bafo-e-reinaugurado-em-muriae\/","title":{"rendered":"Costel\u00e3o no Bafo \u00e9 reinaugurado em Muria\u00e9"},"content":{"rendered":"<p><a href=\"https:\/\/anoticiaonline.com.br\/site\/wp-content\/uploads\/2018\/07\/DSC_0184.jpg\"><img fetchpriority=\"high\" decoding=\"async\" class=\"aligncenter size-full wp-image-58394\" src=\"https:\/\/anoticiaonline.com.br\/site\/wp-content\/uploads\/2018\/07\/DSC_0184.jpg\" alt=\"\" width=\"640\" height=\"424\" srcset=\"https:\/\/anoticiaonline.com.br\/site\/wp-content\/uploads\/2018\/07\/DSC_0184.jpg 640w, https:\/\/anoticiaonline.com.br\/site\/wp-content\/uploads\/2018\/07\/DSC_0184-300x199.jpg 300w\" sizes=\"(max-width: 640px) 100vw, 640px\" \/><\/a>O restaurante Costel\u00e3o no Bafo foi reinaugurado no \u00faltimo s\u00e1bado (7) para a alegria de todos os muriaeenses que apreciam uma deliciosa refei\u00e7\u00e3o em um ambiente agrad\u00e1vel e familiar.<\/p>\n<p>O Costel\u00e3o no Bafo, de propriedade de Vandinho Portilho Vieira, o \u201cBatateiro\u201d, o restaurante oferecer\u00e1 almo\u00e7o al\u00e9m da famosa costela no bafo, acompanhada de arroz, farofa e vinagrete.<\/p>\n<p>O Costel\u00e3o no Bafo funciona de segunda a s\u00e1bado, das 8h \u00e0s 23h e est\u00e1 localizado na Avenida Jos\u00e9 M\u00e1ximo Ribeiro, no Bairro Jo\u00e3o XXIII, em frente \u00e0 loja Centro Automotivo.<\/p>\n<p><a href=\"https:\/\/anoticiaonline.com.br\/site\/wp-content\/uploads\/2018\/07\/DSC_0164-1.jpg\"><img decoding=\"async\" class=\"aligncenter size-full wp-image-58395\" src=\"https:\/\/anoticiaonline.com.br\/site\/wp-content\/uploads\/2018\/07\/DSC_0164-1.jpg\" alt=\"\" width=\"640\" height=\"424\" srcset=\"https:\/\/anoticiaonline.com.br\/site\/wp-content\/uploads\/2018\/07\/DSC_0164-1.jpg 640w, https:\/\/anoticiaonline.com.br\/site\/wp-content\/uploads\/2018\/07\/DSC_0164-1-300x199.jpg 300w\" sizes=\"(max-width: 640px) 100vw, 640px\" \/><\/a> <a href=\"https:\/\/anoticiaonline.com.br\/site\/wp-content\/uploads\/2018\/07\/DSC_0170.jpg\"><img decoding=\"async\" class=\"aligncenter size-full wp-image-58396\" src=\"https:\/\/anoticiaonline.com.br\/site\/wp-content\/uploads\/2018\/07\/DSC_0170.jpg\" alt=\"\" width=\"354\" height=\"534\" srcset=\"https:\/\/anoticiaonline.com.br\/site\/wp-content\/uploads\/2018\/07\/DSC_0170.jpg 354w, https:\/\/anoticiaonline.com.br\/site\/wp-content\/uploads\/2018\/07\/DSC_0170-199x300.jpg 199w\" sizes=\"(max-width: 354px) 100vw, 354px\" \/><\/a> <a href=\"https:\/\/anoticiaonline.com.br\/site\/wp-content\/uploads\/2018\/07\/DSC_0175.jpg\"><img loading=\"lazy\" decoding=\"async\" class=\"aligncenter size-full wp-image-58397\" src=\"https:\/\/anoticiaonline.com.br\/site\/wp-content\/uploads\/2018\/07\/DSC_0175.jpg\" alt=\"\" width=\"640\" height=\"424\" srcset=\"https:\/\/anoticiaonline.com.br\/site\/wp-content\/uploads\/2018\/07\/DSC_0175.jpg 640w, https:\/\/anoticiaonline.com.br\/site\/wp-content\/uploads\/2018\/07\/DSC_0175-300x199.jpg 300w\" sizes=\"(max-width: 640px) 100vw, 640px\" \/><\/a> <a href=\"https:\/\/anoticiaonline.com.br\/site\/wp-content\/uploads\/2018\/07\/DSC_0178.jpg\"><img loading=\"lazy\" decoding=\"async\" class=\"aligncenter size-full wp-image-58398\" src=\"https:\/\/anoticiaonline.com.br\/site\/wp-content\/uploads\/2018\/07\/DSC_0178.jpg\" alt=\"\" width=\"640\" height=\"424\" srcset=\"https:\/\/anoticiaonline.com.br\/site\/wp-content\/uploads\/2018\/07\/DSC_0178.jpg 640w, https:\/\/anoticiaonline.com.br\/site\/wp-content\/uploads\/2018\/07\/DSC_0178-300x199.jpg 300w\" sizes=\"(max-width: 640px) 100vw, 640px\" \/><\/a> <a href=\"https:\/\/anoticiaonline.com.br\/site\/wp-content\/uploads\/2018\/07\/DSC_0181.jpg\"><img loading=\"lazy\" decoding=\"async\" class=\"aligncenter size-full wp-image-58399\" src=\"https:\/\/anoticiaonline.com.br\/site\/wp-content\/uploads\/2018\/07\/DSC_0181.jpg\" alt=\"\" width=\"640\" height=\"424\" srcset=\"https:\/\/anoticiaonline.com.br\/site\/wp-content\/uploads\/2018\/07\/DSC_0181.jpg 640w, https:\/\/anoticiaonline.com.br\/site\/wp-content\/uploads\/2018\/07\/DSC_0181-300x199.jpg 300w\" sizes=\"(max-width: 640px) 100vw, 640px\" \/><\/a> <a href=\"https:\/\/anoticiaonline.com.br\/site\/wp-content\/uploads\/2018\/07\/DSC_0186-1.jpg\"><img loading=\"lazy\" decoding=\"async\" class=\"aligncenter size-full wp-image-58400\" src=\"https:\/\/anoticiaonline.com.br\/site\/wp-content\/uploads\/2018\/07\/DSC_0186-1.jpg\" alt=\"\" width=\"640\" height=\"424\" srcset=\"https:\/\/anoticiaonline.com.br\/site\/wp-content\/uploads\/2018\/07\/DSC_0186-1.jpg 640w, https:\/\/anoticiaonline.com.br\/site\/wp-content\/uploads\/2018\/07\/DSC_0186-1-300x199.jpg 300w\" sizes=\"(max-width: 640px) 100vw, 640px\" \/><\/a>,<\/p>\n","protected":false},"excerpt":{"rendered":"<p>O restaurante Costel\u00e3o no Bafo foi reinaugurado no \u00faltimo s\u00e1bado (7) para a alegria de todos os muriaeenses que apreciam uma deliciosa refei\u00e7\u00e3o em um ambiente agrad\u00e1vel e familiar. O Costel\u00e3o no Bafo, de propriedade de Vandinho Portilho Vieira, o \u201cBatateiro\u201d, o restaurante oferecer\u00e1 almo\u00e7o al\u00e9m da famosa costela no bafo, acompanhada de arroz, farofa &#8230; <a title=\"Costel\u00e3o no Bafo \u00e9 reinaugurado em Muria\u00e9\" class=\"read-more\" href=\"https:\/\/anoticiaonline.com.br\/site\/costelao-no-bafo-e-reinaugurado-em-muriae\/\" aria-label=\"Read more about Costel\u00e3o no Bafo \u00e9 reinaugurado em Muria\u00e9\">Ler mais<\/a><\/p>\n","protected":false},"author":7,"featured_media":58394,"comment_status":"open","ping_status":"open","sticky":false,"template":"","format":"standard","meta":{"_acf_changed":false,"_monsterinsights_skip_tracking":false,"footnotes":""},"categories":[30,24],"tags":[2354,2818],"class_list":["post-58393","post","type-post","status-publish","format-standard","has-post-thumbnail","hentry","category-muriae","category-eventos","tag-churrasco","tag-costelao-no-bafo"],"acf":[],"aioseo_notices":[],"aioseo_head":"\n\t\t<!-- All in One SEO 5.0.0.1 - aioseo.com -->\n\t<meta name=\"description\" content=\"O restaurante Costel\u00e3o no Bafo foi reinaugurado no \u00faltimo s\u00e1bado (7) para a alegria de todos os muriaeenses que apreciam uma deliciosa refei\u00e7\u00e3o em um ambiente agrad\u00e1vel e familiar. O Costel\u00e3o no Bafo, de propriedade de Vandinho Portilho Vieira, o \u201cBatateiro\u201d, o restaurante oferecer\u00e1 almo\u00e7o al\u00e9m da famosa costela no bafo, acompanhada de arroz, farofa\" \/>\n\t<meta name=\"robots\" content=\"max-image-preview:large\" \/>\n\t<meta name=\"author\" content=\"Leandro Bebiano\"\/>\n\t<link rel=\"canonical\" href=\"https:\/\/anoticiaonline.com.br\/site\/costelao-no-bafo-e-reinaugurado-em-muriae\/\" \/>\n\t<meta name=\"generator\" content=\"All in One SEO (AIOSEO) 5.0.0.1\" \/>\n\t\t<meta property=\"og:locale\" content=\"pt_BR\" \/>\n\t\t<meta property=\"og:site_name\" content=\"A Not\u00edcia Online - Noticias de Muria\u00e9 e regi\u00e3o\" \/>\n\t\t<meta property=\"og:type\" content=\"article\" \/>\n\t\t<meta property=\"og:title\" content=\"Costel\u00e3o no Bafo \u00e9 reinaugurado em Muria\u00e9 - A Not\u00edcia Online\" \/>\n\t\t<meta property=\"og:description\" content=\"O restaurante Costel\u00e3o no Bafo foi reinaugurado no \u00faltimo s\u00e1bado (7) para a alegria de todos os muriaeenses que apreciam uma deliciosa refei\u00e7\u00e3o em um ambiente agrad\u00e1vel e familiar. O Costel\u00e3o no Bafo, de propriedade de Vandinho Portilho Vieira, o \u201cBatateiro\u201d, o restaurante oferecer\u00e1 almo\u00e7o al\u00e9m da famosa costela no bafo, acompanhada de arroz, farofa\" \/>\n\t\t<meta property=\"og:url\" content=\"https:\/\/anoticiaonline.com.br\/site\/costelao-no-bafo-e-reinaugurado-em-muriae\/\" \/>\n\t\t<meta property=\"og:image\" content=\"https:\/\/scontent-gig4-1.xx.fbcdn.net\/v\/t39.30808-1\/270437624_4564083193639691_6907940295614233970_n.jpg?stp=dst-jpg_s200x200_tt6&#038;_nc_cat=111&#038;ccb=1-7&#038;_nc_sid=f907e8&#038;_nc_ohc=SM1wRlP3lJwQ7kNvwEPuBYA&#038;_nc_oc=AdnqrjDN_BNjSSHWO-GbkIWH6fkGMLw4bqvL_NH6e2wMveX7G-rP2dAqsDSq1mJMOaY&#038;_nc_zt=24&#038;_nc_ht=scontent-gig4-1.xx&#038;_nc_gid=AoBFJeGrT1hVaew_6rchkQ&#038;oh=00_AfX7QmFGhQhG2jAllVgXCiM1ZrWgvtp80-Bfppyexh1QEg&#038;oe=689E923C\" \/>\n\t\t<meta property=\"og:image:secure_url\" content=\"https:\/\/scontent-gig4-1.xx.fbcdn.net\/v\/t39.30808-1\/270437624_4564083193639691_6907940295614233970_n.jpg?stp=dst-jpg_s200x200_tt6&#038;_nc_cat=111&#038;ccb=1-7&#038;_nc_sid=f907e8&#038;_nc_ohc=SM1wRlP3lJwQ7kNvwEPuBYA&#038;_nc_oc=AdnqrjDN_BNjSSHWO-GbkIWH6fkGMLw4bqvL_NH6e2wMveX7G-rP2dAqsDSq1mJMOaY&#038;_nc_zt=24&#038;_nc_ht=scontent-gig4-1.xx&#038;_nc_gid=AoBFJeGrT1hVaew_6rchkQ&#038;oh=00_AfX7QmFGhQhG2jAllVgXCiM1ZrWgvtp80-Bfppyexh1QEg&#038;oe=689E923C\" \/>\n\t\t<meta property=\"article:published_time\" content=\"2018-07-13T00:30:14+00:00\" \/>\n\t\t<meta property=\"article:modified_time\" content=\"2018-07-13T00:48:39+00:00\" \/>\n\t\t<meta name=\"twitter:card\" content=\"summary_large_image\" \/>\n\t\t<meta name=\"twitter:title\" content=\"Costel\u00e3o no Bafo \u00e9 reinaugurado em Muria\u00e9 - A Not\u00edcia Online\" \/>\n\t\t<meta name=\"twitter:description\" content=\"O restaurante Costel\u00e3o no Bafo foi reinaugurado no \u00faltimo s\u00e1bado (7) para a alegria de todos os muriaeenses que apreciam uma deliciosa refei\u00e7\u00e3o em um ambiente agrad\u00e1vel e familiar. O Costel\u00e3o no Bafo, de propriedade de Vandinho Portilho Vieira, o \u201cBatateiro\u201d, o restaurante oferecer\u00e1 almo\u00e7o al\u00e9m da famosa costela no bafo, acompanhada de arroz, farofa\" \/>\n\t\t<meta name=\"twitter:image\" content=\"https:\/\/scontent-gig4-1.xx.fbcdn.net\/v\/t39.30808-1\/270437624_4564083193639691_6907940295614233970_n.jpg?stp=dst-jpg_s200x200_tt6&amp;_nc_cat=111&amp;ccb=1-7&amp;_nc_sid=f907e8&amp;_nc_ohc=SM1wRlP3lJwQ7kNvwEPuBYA&amp;_nc_oc=AdnqrjDN_BNjSSHWO-GbkIWH6fkGMLw4bqvL_NH6e2wMveX7G-rP2dAqsDSq1mJMOaY&amp;_nc_zt=24&amp;_nc_ht=scontent-gig4-1.xx&amp;_nc_gid=AoBFJeGrT1hVaew_6rchkQ&amp;oh=00_AfX7QmFGhQhG2jAllVgXCiM1ZrWgvtp80-Bfppyexh1QEg&amp;oe=689E923C\" \/>\n\t\t<script type=\"application\/ld+json\" class=\"aioseo-schema\">\n\t\t\t{\"@context\":\"https:\\\/\\\/schema.org\",\"@graph\":[{\"@type\":\"BlogPosting\",\"@id\":\"https:\\\/\\\/anoticiaonline.com.br\\\/site\\\/costelao-no-bafo-e-reinaugurado-em-muriae\\\/#blogposting\",\"name\":\"Costel\\u00e3o no Bafo \\u00e9 reinaugurado em Muria\\u00e9 - A Not\\u00edcia Online\",\"headline\":\"Costel\\u00e3o no Bafo \\u00e9 reinaugurado em Muria\\u00e9\",\"author\":{\"@id\":\"https:\\\/\\\/anoticiaonline.com.br\\\/site\\\/author\\\/leandro\\\/#author\"},\"publisher\":{\"@id\":\"https:\\\/\\\/anoticiaonline.com.br\\\/site\\\/#organization\"},\"image\":{\"@type\":\"ImageObject\",\"url\":\"https:\\\/\\\/anoticiaonline.com.br\\\/site\\\/wp-content\\\/uploads\\\/2018\\\/07\\\/DSC_0184.jpg\",\"width\":640,\"height\":424},\"datePublished\":\"2018-07-12T21:30:14-03:00\",\"dateModified\":\"2018-07-12T21:48:39-03:00\",\"inLanguage\":\"pt-BR\",\"mainEntityOfPage\":{\"@id\":\"https:\\\/\\\/anoticiaonline.com.br\\\/site\\\/costelao-no-bafo-e-reinaugurado-em-muriae\\\/#webpage\"},\"isPartOf\":{\"@id\":\"https:\\\/\\\/anoticiaonline.com.br\\\/site\\\/costelao-no-bafo-e-reinaugurado-em-muriae\\\/#webpage\"},\"articleSection\":\"Blog, Eventos, churrasco, Costel\\u00e3o no Bafo\"},{\"@type\":\"BreadcrumbList\",\"@id\":\"https:\\\/\\\/anoticiaonline.com.br\\\/site\\\/costelao-no-bafo-e-reinaugurado-em-muriae\\\/#breadcrumblist\",\"itemListElement\":[{\"@type\":\"ListItem\",\"@id\":\"https:\\\/\\\/anoticiaonline.com.br\\\/site#listItem\",\"position\":1,\"name\":\"Home\",\"item\":\"https:\\\/\\\/anoticiaonline.com.br\\\/site\",\"nextItem\":{\"@type\":\"ListItem\",\"@id\":\"https:\\\/\\\/anoticiaonline.com.br\\\/site\\\/categoria\\\/eventos\\\/#listItem\",\"name\":\"Eventos\"}},{\"@type\":\"ListItem\",\"@id\":\"https:\\\/\\\/anoticiaonline.com.br\\\/site\\\/categoria\\\/eventos\\\/#listItem\",\"position\":2,\"name\":\"Eventos\",\"item\":\"https:\\\/\\\/anoticiaonline.com.br\\\/site\\\/categoria\\\/eventos\\\/\",\"nextItem\":{\"@type\":\"ListItem\",\"@id\":\"https:\\\/\\\/anoticiaonline.com.br\\\/site\\\/costelao-no-bafo-e-reinaugurado-em-muriae\\\/#listItem\",\"name\":\"Costel\\u00e3o no Bafo \\u00e9 reinaugurado em Muria\\u00e9\"},\"previousItem\":{\"@type\":\"ListItem\",\"@id\":\"https:\\\/\\\/anoticiaonline.com.br\\\/site#listItem\",\"name\":\"Home\"}},{\"@type\":\"ListItem\",\"@id\":\"https:\\\/\\\/anoticiaonline.com.br\\\/site\\\/costelao-no-bafo-e-reinaugurado-em-muriae\\\/#listItem\",\"position\":3,\"name\":\"Costel\\u00e3o no Bafo \\u00e9 reinaugurado em Muria\\u00e9\",\"previousItem\":{\"@type\":\"ListItem\",\"@id\":\"https:\\\/\\\/anoticiaonline.com.br\\\/site\\\/categoria\\\/eventos\\\/#listItem\",\"name\":\"Eventos\"}}]},{\"@type\":\"Organization\",\"@id\":\"https:\\\/\\\/anoticiaonline.com.br\\\/site\\\/#organization\",\"name\":\"A Not\\u00edcia Online\",\"description\":\"Noticias de Muria\\u00e9 e regi\\u00e3o\",\"url\":\"https:\\\/\\\/anoticiaonline.com.br\\\/site\\\/\",\"logo\":{\"@type\":\"ImageObject\",\"url\":\"https:\\\/\\\/scontent-gig4-1.xx.fbcdn.net\\\/v\\\/t39.30808-1\\\/270437624_4564083193639691_6907940295614233970_n.jpg?stp=dst-jpg_s200x200_tt6&_nc_cat=111&ccb=1-7&_nc_sid=f907e8&_nc_ohc=SM1wRlP3lJwQ7kNvwEPuBYA&_nc_oc=AdnqrjDN_BNjSSHWO-GbkIWH6fkGMLw4bqvL_NH6e2wMveX7G-rP2dAqsDSq1mJMOaY&_nc_zt=24&_nc_ht=scontent-gig4-1.xx&_nc_gid=AoBFJeGrT1hVaew_6rchkQ&oh=00_AfX7QmFGhQhG2jAllVgXCiM1ZrWgvtp80-Bfppyexh1QEg&oe=689E923C\",\"@id\":\"https:\\\/\\\/anoticiaonline.com.br\\\/site\\\/costelao-no-bafo-e-reinaugurado-em-muriae\\\/#organizationLogo\"},\"image\":{\"@id\":\"https:\\\/\\\/anoticiaonline.com.br\\\/site\\\/costelao-no-bafo-e-reinaugurado-em-muriae\\\/#organizationLogo\"}},{\"@type\":\"Person\",\"@id\":\"https:\\\/\\\/anoticiaonline.com.br\\\/site\\\/author\\\/leandro\\\/#author\",\"url\":\"https:\\\/\\\/anoticiaonline.com.br\\\/site\\\/author\\\/leandro\\\/\",\"name\":\"Leandro Bebiano\",\"image\":{\"@type\":\"ImageObject\",\"@id\":\"https:\\\/\\\/anoticiaonline.com.br\\\/site\\\/costelao-no-bafo-e-reinaugurado-em-muriae\\\/#authorImage\",\"url\":\"https:\\\/\\\/secure.gravatar.com\\\/avatar\\\/99966a20c143db97c8590c2013307c7c234a4cca48ed5657cbb47e22a400bd5f?s=96&d=mm&r=g\",\"width\":96,\"height\":96,\"caption\":\"Leandro Bebiano\"}},{\"@type\":\"WebPage\",\"@id\":\"https:\\\/\\\/anoticiaonline.com.br\\\/site\\\/costelao-no-bafo-e-reinaugurado-em-muriae\\\/#webpage\",\"url\":\"https:\\\/\\\/anoticiaonline.com.br\\\/site\\\/costelao-no-bafo-e-reinaugurado-em-muriae\\\/\",\"name\":\"Costel\\u00e3o no Bafo \\u00e9 reinaugurado em Muria\\u00e9 - A Not\\u00edcia Online\",\"description\":\"O restaurante Costel\\u00e3o no Bafo foi reinaugurado no \\u00faltimo s\\u00e1bado (7) para a alegria de todos os muriaeenses que apreciam uma deliciosa refei\\u00e7\\u00e3o em um ambiente agrad\\u00e1vel e familiar. O Costel\\u00e3o no Bafo, de propriedade de Vandinho Portilho Vieira, o \\u201cBatateiro\\u201d, o restaurante oferecer\\u00e1 almo\\u00e7o al\\u00e9m da famosa costela no bafo, acompanhada de arroz, farofa\",\"inLanguage\":\"pt-BR\",\"isPartOf\":{\"@id\":\"https:\\\/\\\/anoticiaonline.com.br\\\/site\\\/#website\"},\"breadcrumb\":{\"@id\":\"https:\\\/\\\/anoticiaonline.com.br\\\/site\\\/costelao-no-bafo-e-reinaugurado-em-muriae\\\/#breadcrumblist\"},\"author\":{\"@id\":\"https:\\\/\\\/anoticiaonline.com.br\\\/site\\\/author\\\/leandro\\\/#author\"},\"creator\":{\"@id\":\"https:\\\/\\\/anoticiaonline.com.br\\\/site\\\/author\\\/leandro\\\/#author\"},\"image\":{\"@type\":\"ImageObject\",\"url\":\"https:\\\/\\\/anoticiaonline.com.br\\\/site\\\/wp-content\\\/uploads\\\/2018\\\/07\\\/DSC_0184.jpg\",\"@id\":\"https:\\\/\\\/anoticiaonline.com.br\\\/site\\\/costelao-no-bafo-e-reinaugurado-em-muriae\\\/#mainImage\",\"width\":640,\"height\":424},\"primaryImageOfPage\":{\"@id\":\"https:\\\/\\\/anoticiaonline.com.br\\\/site\\\/costelao-no-bafo-e-reinaugurado-em-muriae\\\/#mainImage\"},\"datePublished\":\"2018-07-12T21:30:14-03:00\",\"dateModified\":\"2018-07-12T21:48:39-03:00\"},{\"@type\":\"WebSite\",\"@id\":\"https:\\\/\\\/anoticiaonline.com.br\\\/site\\\/#website\",\"url\":\"https:\\\/\\\/anoticiaonline.com.br\\\/site\\\/\",\"name\":\"A Not\\u00edcia Online\",\"description\":\"Noticias de Muria\\u00e9 e regi\\u00e3o\",\"inLanguage\":\"pt-BR\",\"publisher\":{\"@id\":\"https:\\\/\\\/anoticiaonline.com.br\\\/site\\\/#organization\"}}]}\n\t\t<\/script>\n\t\t<!-- All in One SEO -->\n\n","aioseo_head_json":{"title":"Costel\u00e3o no Bafo \u00e9 reinaugurado em Muria\u00e9 - A Not\u00edcia Online","description":"O restaurante Costel\u00e3o no Bafo foi reinaugurado no \u00faltimo s\u00e1bado (7) para a alegria de todos os muriaeenses que apreciam uma deliciosa refei\u00e7\u00e3o em um ambiente agrad\u00e1vel e familiar. O Costel\u00e3o no Bafo, de propriedade de Vandinho Portilho Vieira, o \u201cBatateiro\u201d, o restaurante oferecer\u00e1 almo\u00e7o al\u00e9m da famosa costela no bafo, acompanhada de arroz, farofa","canonical_url":"https:\/\/anoticiaonline.com.br\/site\/costelao-no-bafo-e-reinaugurado-em-muriae\/","robots":"max-image-preview:large","keywords":"","webmasterTools":{"miscellaneous":""},"schema":{"@context":"https:\/\/schema.org","@graph":[{"@type":"BlogPosting","@id":"https:\/\/anoticiaonline.com.br\/site\/costelao-no-bafo-e-reinaugurado-em-muriae\/#blogposting","name":"Costel\u00e3o no Bafo \u00e9 reinaugurado em Muria\u00e9 - A Not\u00edcia Online","headline":"Costel\u00e3o no Bafo \u00e9 reinaugurado em Muria\u00e9","author":{"@id":"https:\/\/anoticiaonline.com.br\/site\/author\/leandro\/#author"},"publisher":{"@id":"https:\/\/anoticiaonline.com.br\/site\/#organization"},"image":{"@type":"ImageObject","url":"https:\/\/anoticiaonline.com.br\/site\/wp-content\/uploads\/2018\/07\/DSC_0184.jpg","width":640,"height":424},"datePublished":"2018-07-12T21:30:14-03:00","dateModified":"2018-07-12T21:48:39-03:00","inLanguage":"pt-BR","mainEntityOfPage":{"@id":"https:\/\/anoticiaonline.com.br\/site\/costelao-no-bafo-e-reinaugurado-em-muriae\/#webpage"},"isPartOf":{"@id":"https:\/\/anoticiaonline.com.br\/site\/costelao-no-bafo-e-reinaugurado-em-muriae\/#webpage"},"articleSection":"Blog, Eventos, churrasco, Costel\u00e3o no Bafo"},{"@type":"BreadcrumbList","@id":"https:\/\/anoticiaonline.com.br\/site\/costelao-no-bafo-e-reinaugurado-em-muriae\/#breadcrumblist","itemListElement":[{"@type":"ListItem","@id":"https:\/\/anoticiaonline.com.br\/site#listItem","position":1,"name":"Home","item":"https:\/\/anoticiaonline.com.br\/site","nextItem":{"@type":"ListItem","@id":"https:\/\/anoticiaonline.com.br\/site\/categoria\/eventos\/#listItem","name":"Eventos"}},{"@type":"ListItem","@id":"https:\/\/anoticiaonline.com.br\/site\/categoria\/eventos\/#listItem","position":2,"name":"Eventos","item":"https:\/\/anoticiaonline.com.br\/site\/categoria\/eventos\/","nextItem":{"@type":"ListItem","@id":"https:\/\/anoticiaonline.com.br\/site\/costelao-no-bafo-e-reinaugurado-em-muriae\/#listItem","name":"Costel\u00e3o no Bafo \u00e9 reinaugurado em Muria\u00e9"},"previousItem":{"@type":"ListItem","@id":"https:\/\/anoticiaonline.com.br\/site#listItem","name":"Home"}},{"@type":"ListItem","@id":"https:\/\/anoticiaonline.com.br\/site\/costelao-no-bafo-e-reinaugurado-em-muriae\/#listItem","position":3,"name":"Costel\u00e3o no Bafo \u00e9 reinaugurado em Muria\u00e9","previousItem":{"@type":"ListItem","@id":"https:\/\/anoticiaonline.com.br\/site\/categoria\/eventos\/#listItem","name":"Eventos"}}]},{"@type":"Organization","@id":"https:\/\/anoticiaonline.com.br\/site\/#organization","name":"A Not\u00edcia Online","description":"Noticias de Muria\u00e9 e regi\u00e3o","url":"https:\/\/anoticiaonline.com.br\/site\/","logo":{"@type":"ImageObject","url":"https:\/\/scontent-gig4-1.xx.fbcdn.net\/v\/t39.30808-1\/270437624_4564083193639691_6907940295614233970_n.jpg?stp=dst-jpg_s200x200_tt6&_nc_cat=111&ccb=1-7&_nc_sid=f907e8&_nc_ohc=SM1wRlP3lJwQ7kNvwEPuBYA&_nc_oc=AdnqrjDN_BNjSSHWO-GbkIWH6fkGMLw4bqvL_NH6e2wMveX7G-rP2dAqsDSq1mJMOaY&_nc_zt=24&_nc_ht=scontent-gig4-1.xx&_nc_gid=AoBFJeGrT1hVaew_6rchkQ&oh=00_AfX7QmFGhQhG2jAllVgXCiM1ZrWgvtp80-Bfppyexh1QEg&oe=689E923C","@id":"https:\/\/anoticiaonline.com.br\/site\/costelao-no-bafo-e-reinaugurado-em-muriae\/#organizationLogo"},"image":{"@id":"https:\/\/anoticiaonline.com.br\/site\/costelao-no-bafo-e-reinaugurado-em-muriae\/#organizationLogo"}},{"@type":"Person","@id":"https:\/\/anoticiaonline.com.br\/site\/author\/leandro\/#author","url":"https:\/\/anoticiaonline.com.br\/site\/author\/leandro\/","name":"Leandro Bebiano","image":{"@type":"ImageObject","@id":"https:\/\/anoticiaonline.com.br\/site\/costelao-no-bafo-e-reinaugurado-em-muriae\/#authorImage","url":"https:\/\/secure.gravatar.com\/avatar\/99966a20c143db97c8590c2013307c7c234a4cca48ed5657cbb47e22a400bd5f?s=96&d=mm&r=g","width":96,"height":96,"caption":"Leandro Bebiano"}},{"@type":"WebPage","@id":"https:\/\/anoticiaonline.com.br\/site\/costelao-no-bafo-e-reinaugurado-em-muriae\/#webpage","url":"https:\/\/anoticiaonline.com.br\/site\/costelao-no-bafo-e-reinaugurado-em-muriae\/","name":"Costel\u00e3o no Bafo \u00e9 reinaugurado em Muria\u00e9 - A Not\u00edcia Online","description":"O restaurante Costel\u00e3o no Bafo foi reinaugurado no \u00faltimo s\u00e1bado (7) para a alegria de todos os muriaeenses que apreciam uma deliciosa refei\u00e7\u00e3o em um ambiente agrad\u00e1vel e familiar. O Costel\u00e3o no Bafo, de propriedade de Vandinho Portilho Vieira, o \u201cBatateiro\u201d, o restaurante oferecer\u00e1 almo\u00e7o al\u00e9m da famosa costela no bafo, acompanhada de arroz, farofa","inLanguage":"pt-BR","isPartOf":{"@id":"https:\/\/anoticiaonline.com.br\/site\/#website"},"breadcrumb":{"@id":"https:\/\/anoticiaonline.com.br\/site\/costelao-no-bafo-e-reinaugurado-em-muriae\/#breadcrumblist"},"author":{"@id":"https:\/\/anoticiaonline.com.br\/site\/author\/leandro\/#author"},"creator":{"@id":"https:\/\/anoticiaonline.com.br\/site\/author\/leandro\/#author"},"image":{"@type":"ImageObject","url":"https:\/\/anoticiaonline.com.br\/site\/wp-content\/uploads\/2018\/07\/DSC_0184.jpg","@id":"https:\/\/anoticiaonline.com.br\/site\/costelao-no-bafo-e-reinaugurado-em-muriae\/#mainImage","width":640,"height":424},"primaryImageOfPage":{"@id":"https:\/\/anoticiaonline.com.br\/site\/costelao-no-bafo-e-reinaugurado-em-muriae\/#mainImage"},"datePublished":"2018-07-12T21:30:14-03:00","dateModified":"2018-07-12T21:48:39-03:00"},{"@type":"WebSite","@id":"https:\/\/anoticiaonline.com.br\/site\/#website","url":"https:\/\/anoticiaonline.com.br\/site\/","name":"A Not\u00edcia Online","description":"Noticias de Muria\u00e9 e regi\u00e3o","inLanguage":"pt-BR","publisher":{"@id":"https:\/\/anoticiaonline.com.br\/site\/#organization"}}]},"og:locale":"pt_BR","og:site_name":"A Not\u00edcia Online - Noticias de Muria\u00e9 e regi\u00e3o","og:type":"article","og:title":"Costel\u00e3o no Bafo \u00e9 reinaugurado em Muria\u00e9 - A Not\u00edcia Online","og:description":"O restaurante Costel\u00e3o no Bafo foi reinaugurado no \u00faltimo s\u00e1bado (7) para a alegria de todos os muriaeenses que apreciam uma deliciosa refei\u00e7\u00e3o em um ambiente agrad\u00e1vel e familiar. O Costel\u00e3o no Bafo, de propriedade de Vandinho Portilho Vieira, o \u201cBatateiro\u201d, o restaurante oferecer\u00e1 almo\u00e7o al\u00e9m da famosa costela no bafo, acompanhada de arroz, farofa","og:url":"https:\/\/anoticiaonline.com.br\/site\/costelao-no-bafo-e-reinaugurado-em-muriae\/","og:image":"https:\/\/scontent-gig4-1.xx.fbcdn.net\/v\/t39.30808-1\/270437624_4564083193639691_6907940295614233970_n.jpg?stp=dst-jpg_s200x200_tt6&#038;_nc_cat=111&#038;ccb=1-7&#038;_nc_sid=f907e8&#038;_nc_ohc=SM1wRlP3lJwQ7kNvwEPuBYA&#038;_nc_oc=AdnqrjDN_BNjSSHWO-GbkIWH6fkGMLw4bqvL_NH6e2wMveX7G-rP2dAqsDSq1mJMOaY&#038;_nc_zt=24&#038;_nc_ht=scontent-gig4-1.xx&#038;_nc_gid=AoBFJeGrT1hVaew_6rchkQ&#038;oh=00_AfX7QmFGhQhG2jAllVgXCiM1ZrWgvtp80-Bfppyexh1QEg&#038;oe=689E923C","og:image:secure_url":"https:\/\/scontent-gig4-1.xx.fbcdn.net\/v\/t39.30808-1\/270437624_4564083193639691_6907940295614233970_n.jpg?stp=dst-jpg_s200x200_tt6&#038;_nc_cat=111&#038;ccb=1-7&#038;_nc_sid=f907e8&#038;_nc_ohc=SM1wRlP3lJwQ7kNvwEPuBYA&#038;_nc_oc=AdnqrjDN_BNjSSHWO-GbkIWH6fkGMLw4bqvL_NH6e2wMveX7G-rP2dAqsDSq1mJMOaY&#038;_nc_zt=24&#038;_nc_ht=scontent-gig4-1.xx&#038;_nc_gid=AoBFJeGrT1hVaew_6rchkQ&#038;oh=00_AfX7QmFGhQhG2jAllVgXCiM1ZrWgvtp80-Bfppyexh1QEg&#038;oe=689E923C","article:published_time":"2018-07-13T00:30:14+00:00","article:modified_time":"2018-07-13T00:48:39+00:00","twitter:card":"summary_large_image","twitter:title":"Costel\u00e3o no Bafo \u00e9 reinaugurado em Muria\u00e9 - A Not\u00edcia Online","twitter:description":"O restaurante Costel\u00e3o no Bafo foi reinaugurado no \u00faltimo s\u00e1bado (7) para a alegria de todos os muriaeenses que apreciam uma deliciosa refei\u00e7\u00e3o em um ambiente agrad\u00e1vel e familiar. O Costel\u00e3o no Bafo, de propriedade de Vandinho Portilho Vieira, o \u201cBatateiro\u201d, o restaurante oferecer\u00e1 almo\u00e7o al\u00e9m da famosa costela no bafo, acompanhada de arroz, farofa","twitter:image":"https:\/\/scontent-gig4-1.xx.fbcdn.net\/v\/t39.30808-1\/270437624_4564083193639691_6907940295614233970_n.jpg?stp=dst-jpg_s200x200_tt6&_nc_cat=111&ccb=1-7&_nc_sid=f907e8&_nc_ohc=SM1wRlP3lJwQ7kNvwEPuBYA&_nc_oc=AdnqrjDN_BNjSSHWO-GbkIWH6fkGMLw4bqvL_NH6e2wMveX7G-rP2dAqsDSq1mJMOaY&_nc_zt=24&_nc_ht=scontent-gig4-1.xx&_nc_gid=AoBFJeGrT1hVaew_6rchkQ&oh=00_AfX7QmFGhQhG2jAllVgXCiM1ZrWgvtp80-Bfppyexh1QEg&oe=689E923C"},"aioseo_meta_data":{"post_id":"58393","title":null,"description":null,"keywords":null,"keyphrases":null,"primary_term":null,"canonical_url":null,"og_title":null,"og_description":null,"og_object_type":"default","og_image_type":"default","og_image_url":null,"og_image_width":null,"og_image_height":null,"og_image_custom_url":null,"og_image_custom_fields":null,"og_video":null,"og_custom_url":null,"og_article_section":null,"og_article_tags":null,"twitter_use_og":false,"twitter_card":"default","twitter_image_type":"default","twitter_image_url":null,"twitter_image_custom_url":null,"twitter_image_custom_fields":null,"twitter_title":null,"twitter_description":null,"schema":{"blockGraphs":[],"customGraphs":[],"default":{"data":{"Article":[],"Course":[],"Dataset":[],"FAQPage":[],"Movie":[],"Person":[],"Product":[],"ProductReview":[],"Car":[],"Recipe":[],"Service":[],"SoftwareApplication":[],"WebPage":[]},"graphName":"","isEnabled":true},"graphs":[]},"schema_type":"default","schema_type_options":null,"pillar_content":false,"robots_default":true,"robots_noindex":false,"robots_noarchive":false,"robots_nosnippet":false,"robots_nofollow":false,"robots_noimageindex":false,"robots_noodp":false,"robots_notranslate":false,"robots_max_snippet":null,"robots_max_videopreview":null,"robots_max_imagepreview":"large","priority":null,"frequency":null,"local_seo":null,"breadcrumb_settings":null,"limit_modified_date":false,"ai":null,"created":"2025-08-16 21:14:19","updated":"2025-08-16 21:14:19","focus_keyword":null,"additional_keywords":null,"truseo_locale":null,"seo_analyzer_scan_date":null},"aioseo_breadcrumb":"<div class=\"aioseo-breadcrumbs\"><span class=\"aioseo-breadcrumb\">\n\t\t\t<a href=\"https:\/\/anoticiaonline.com.br\/site\" title=\"Home\">Home<\/a>\n\t\t<\/span><span class=\"aioseo-breadcrumb-separator\">&raquo;<\/span><span class=\"aioseo-breadcrumb\">\n\t\t\t<a href=\"https:\/\/anoticiaonline.com.br\/site\/categoria\/eventos\/\" title=\"Eventos\">Eventos<\/a>\n\t\t<\/span><span class=\"aioseo-breadcrumb-separator\">&raquo;<\/span><span class=\"aioseo-breadcrumb\">\n\t\t\tCostel\u00e3o no Bafo \u00e9 reinaugurado em Muria\u00e9\n\t\t<\/span><\/div>","aioseo_breadcrumb_json":[{"label":"Home","link":"https:\/\/anoticiaonline.com.br\/site"},{"label":"Eventos","link":"https:\/\/anoticiaonline.com.br\/site\/categoria\/eventos\/"},{"label":"Costel\u00e3o no Bafo \u00e9 reinaugurado em Muria\u00e9","link":"https:\/\/anoticiaonline.com.br\/site\/costelao-no-bafo-e-reinaugurado-em-muriae\/"}],"views":273,"_links":{"self":[{"href":"https:\/\/anoticiaonline.com.br\/site\/wp-json\/wp\/v2\/posts\/58393","targetHints":{"allow":["GET"]}}],"collection":[{"href":"https:\/\/anoticiaonline.com.br\/site\/wp-json\/wp\/v2\/posts"}],"about":[{"href":"https:\/\/anoticiaonline.com.br\/site\/wp-json\/wp\/v2\/types\/post"}],"author":[{"embeddable":true,"href":"https:\/\/anoticiaonline.com.br\/site\/wp-json\/wp\/v2\/users\/7"}],"replies":[{"embeddable":true,"href":"https:\/\/anoticiaonline.com.br\/site\/wp-json\/wp\/v2\/comments?post=58393"}],"version-history":[{"count":0,"href":"https:\/\/anoticiaonline.com.br\/site\/wp-json\/wp\/v2\/posts\/58393\/revisions"}],"wp:featuredmedia":[{"embeddable":true,"href":"https:\/\/anoticiaonline.com.br\/site\/wp-json\/wp\/v2\/media\/58394"}],"wp:attachment":[{"href":"https:\/\/anoticiaonline.com.br\/site\/wp-json\/wp\/v2\/media?parent=58393"}],"wp:term":[{"taxonomy":"category","embeddable":true,"href":"https:\/\/anoticiaonline.com.br\/site\/wp-json\/wp\/v2\/categories?post=58393"},{"taxonomy":"post_tag","embeddable":true,"href":"https:\/\/anoticiaonline.com.br\/site\/wp-json\/wp\/v2\/tags?post=58393"}],"curies":[{"name":"wp","href":"https:\/\/api.w.org\/{rel}","templated":true}]}}