{"id":5836,"date":"2015-11-06T08:00:10","date_gmt":"2015-11-06T11:00:10","guid":{"rendered":"http:\/\/anoticiaonline.com.br\/site\/?p=5836"},"modified":"2015-11-05T18:44:54","modified_gmt":"2015-11-05T21:44:54","slug":"faminas-realiza-a-quarta-edicao-da-roda-de-profissoes","status":"publish","type":"post","link":"https:\/\/anoticiaonline.com.br\/site\/faminas-realiza-a-quarta-edicao-da-roda-de-profissoes\/","title":{"rendered":"FAMINAS realiza a quarta edi\u00e7\u00e3o da \u201cRoda de Profiss\u00f5es\u201d"},"content":{"rendered":"<p><a href=\"https:\/\/anoticiaonline.com.br\/site\/wp-content\/uploads\/2015\/11\/DSC_0950.jpg\"><img fetchpriority=\"high\" decoding=\"async\" class=\" size-medium wp-image-5838 alignleft\" src=\"https:\/\/anoticiaonline.com.br\/site\/wp-content\/uploads\/2015\/11\/DSC_0950-300x199.jpg\" alt=\"DSC_0950\" width=\"300\" height=\"199\" srcset=\"https:\/\/anoticiaonline.com.br\/site\/wp-content\/uploads\/2015\/11\/DSC_0950-300x199.jpg 300w, https:\/\/anoticiaonline.com.br\/site\/wp-content\/uploads\/2015\/11\/DSC_0950.jpg 640w\" sizes=\"(max-width: 300px) 100vw, 300px\" \/><\/a>Alunos do 3\u00ba ano do Ensino M\u00e9dio de todas as escolas de Muria\u00e9 e da regi\u00e3o participaram da \u201cIV Roda de Profiss\u00f5es\u201d, promovido pela FAMINAS na manh\u00e3 desta quarta-feira (4). Durante o evento, foi abordado um assunto que interessa aos jovens nesta fase da vida escolar: a escolha da profiss\u00e3o. \u00c9 neste momento que os futuros acad\u00eamicos decidem a carreira que querem seguir.<\/p>\n<p>O gerente Administrativo e Financeiro da FAMINAS, Eduardo Goulart Gomes, destaca que a \u201cRoda de Profiss\u00f5es\u201d auxilia o aluno concluinte do Ensino M\u00e9dio na escolha da profiss\u00e3o. \u201cDurante o evento, os alunos ouvem os coordenadores de curso e os profissionais da \u00e1rea. Eles tamb\u00e9m t\u00eam a oportunidade de saber mais sobre as profiss\u00f5es e o mercado de trabalho. Al\u00e9m disso, motiva o aluno a continuar os seus estudos\u201d, ressalta. \u201cO mercado de trabalho est\u00e1 cada vez mais acirrado. S\u00f3 os preparados sobreviver\u00e3o. E uma forma de se preparar \u00e9 fazendo um curso superior\u201d, salienta.<\/p>\n<p>Os alunos puderam conhecer a estrutura da FAMINAS, como salas de aula, laborat\u00f3rios, complexo esportivo, biblioteca, entre outros, e um pouco do dia a dia de uma faculdade, al\u00e9m de bater um papo com mais de 15 profissionais das mais diversas \u00e1reas do conhecimento durante palestra no Sal\u00e3o Nobre.<\/p>\n<p>Para o coordenador de Extens\u00e3o, Nilton Freitas J\u00fanior, visitar a faculdade \u00e9 uma oportunidade que os alunos t\u00eam de conhecer a infraestutura, os cursos, ter contato direto com os professores e os acad\u00eamicos. \u201cEsses alunos est\u00e3o no momento de tomar decis\u00f5es na vida acad\u00eamica e v\u00e3o ter que escolher o seu curso superior. Nossa inten\u00e7\u00e3o, com este evento, \u00e9 mostrar para eles que temos condi\u00e7\u00f5es de receb\u00ea-los e que a FAMINAS d\u00e1 oportunidade para que eles construam suas carreiras\u201d, afirma.<\/p>\n<p>A FAMINAS \u00e9 uma das institui\u00e7\u00f5es particulares da regi\u00e3o mais completas nos quesitos de estrutura f\u00edsica, laborat\u00f3rios e equipamentos. Al\u00e9m disso, possui um grande n\u00famero de parceiros para est\u00e1gios, nas esferas p\u00fablica e privada.<\/p>\n<p><img decoding=\"async\" class=\"ngg_displayed_gallery mceItem\" src=\"https:\/\/anoticiaonline.com.br\/site\/nextgen-attach_to_post\/preview\/id--5930\" alt=\"\" \/><\/p>\n","protected":false},"excerpt":{"rendered":"<p>Alunos do 3\u00ba ano do Ensino M\u00e9dio de todas as escolas de Muria\u00e9 e da regi\u00e3o participaram da \u201cIV Roda de Profiss\u00f5es\u201d, promovido pela FAMINAS na manh\u00e3 desta quarta-feira (4). Durante o evento, foi abordado um assunto que interessa aos jovens nesta fase da vida escolar: a escolha da profiss\u00e3o. \u00c9 neste momento que os &#8230; <a title=\"FAMINAS realiza a quarta edi\u00e7\u00e3o da \u201cRoda de Profiss\u00f5es\u201d\" class=\"read-more\" href=\"https:\/\/anoticiaonline.com.br\/site\/faminas-realiza-a-quarta-edicao-da-roda-de-profissoes\/\" aria-label=\"Read more about FAMINAS realiza a quarta edi\u00e7\u00e3o da \u201cRoda de Profiss\u00f5es\u201d\">Ler mais<\/a><\/p>\n","protected":false},"author":2,"featured_media":5838,"comment_status":"open","ping_status":"open","sticky":false,"template":"","format":"standard","meta":{"_acf_changed":false,"_monsterinsights_skip_tracking":false,"footnotes":""},"categories":[24],"tags":[3],"class_list":["post-5836","post","type-post","status-publish","format-standard","has-post-thumbnail","hentry","category-eventos","tag-slide"],"acf":[],"aioseo_notices":[],"aioseo_head":"\n\t\t<!-- All in One SEO 5.0.0.1 - aioseo.com -->\n\t<meta name=\"description\" content=\"Alunos do 3\u00ba ano do Ensino M\u00e9dio de todas as escolas de Muria\u00e9 e da regi\u00e3o participaram da \u201cIV Roda de Profiss\u00f5es\u201d, promovido pela FAMINAS na manh\u00e3 desta quarta-feira (4). Durante o evento, foi abordado um assunto que interessa aos jovens nesta fase da vida escolar: a escolha da profiss\u00e3o. \u00c9 neste momento que os\" \/>\n\t<meta name=\"robots\" content=\"max-image-preview:large\" \/>\n\t<meta name=\"author\" content=\"Juliana Laviola\"\/>\n\t<link rel=\"canonical\" href=\"https:\/\/anoticiaonline.com.br\/site\/faminas-realiza-a-quarta-edicao-da-roda-de-profissoes\/\" \/>\n\t<meta name=\"generator\" content=\"All in One SEO (AIOSEO) 5.0.0.1\" \/>\n\t\t<meta property=\"og:locale\" content=\"pt_BR\" \/>\n\t\t<meta property=\"og:site_name\" content=\"A Not\u00edcia Online - Noticias de Muria\u00e9 e regi\u00e3o\" \/>\n\t\t<meta property=\"og:type\" content=\"article\" \/>\n\t\t<meta property=\"og:title\" content=\"FAMINAS realiza a quarta edi\u00e7\u00e3o da \u201cRoda de Profiss\u00f5es\u201d - A Not\u00edcia Online\" \/>\n\t\t<meta property=\"og:description\" content=\"Alunos do 3\u00ba ano do Ensino M\u00e9dio de todas as escolas de Muria\u00e9 e da regi\u00e3o participaram da \u201cIV Roda de Profiss\u00f5es\u201d, promovido pela FAMINAS na manh\u00e3 desta quarta-feira (4). Durante o evento, foi abordado um assunto que interessa aos jovens nesta fase da vida escolar: a escolha da profiss\u00e3o. \u00c9 neste momento que os\" \/>\n\t\t<meta property=\"og:url\" content=\"https:\/\/anoticiaonline.com.br\/site\/faminas-realiza-a-quarta-edicao-da-roda-de-profissoes\/\" \/>\n\t\t<meta property=\"og:image\" content=\"https:\/\/scontent-gig4-1.xx.fbcdn.net\/v\/t39.30808-1\/270437624_4564083193639691_6907940295614233970_n.jpg?stp=dst-jpg_s200x200_tt6&#038;_nc_cat=111&#038;ccb=1-7&#038;_nc_sid=f907e8&#038;_nc_ohc=SM1wRlP3lJwQ7kNvwEPuBYA&#038;_nc_oc=AdnqrjDN_BNjSSHWO-GbkIWH6fkGMLw4bqvL_NH6e2wMveX7G-rP2dAqsDSq1mJMOaY&#038;_nc_zt=24&#038;_nc_ht=scontent-gig4-1.xx&#038;_nc_gid=AoBFJeGrT1hVaew_6rchkQ&#038;oh=00_AfX7QmFGhQhG2jAllVgXCiM1ZrWgvtp80-Bfppyexh1QEg&#038;oe=689E923C\" \/>\n\t\t<meta property=\"og:image:secure_url\" content=\"https:\/\/scontent-gig4-1.xx.fbcdn.net\/v\/t39.30808-1\/270437624_4564083193639691_6907940295614233970_n.jpg?stp=dst-jpg_s200x200_tt6&#038;_nc_cat=111&#038;ccb=1-7&#038;_nc_sid=f907e8&#038;_nc_ohc=SM1wRlP3lJwQ7kNvwEPuBYA&#038;_nc_oc=AdnqrjDN_BNjSSHWO-GbkIWH6fkGMLw4bqvL_NH6e2wMveX7G-rP2dAqsDSq1mJMOaY&#038;_nc_zt=24&#038;_nc_ht=scontent-gig4-1.xx&#038;_nc_gid=AoBFJeGrT1hVaew_6rchkQ&#038;oh=00_AfX7QmFGhQhG2jAllVgXCiM1ZrWgvtp80-Bfppyexh1QEg&#038;oe=689E923C\" \/>\n\t\t<meta property=\"article:published_time\" content=\"2015-11-06T11:00:10+00:00\" \/>\n\t\t<meta property=\"article:modified_time\" content=\"2015-11-05T21:44:54+00:00\" \/>\n\t\t<meta name=\"twitter:card\" content=\"summary_large_image\" \/>\n\t\t<meta name=\"twitter:title\" content=\"FAMINAS realiza a quarta edi\u00e7\u00e3o da \u201cRoda de Profiss\u00f5es\u201d - A Not\u00edcia Online\" \/>\n\t\t<meta name=\"twitter:description\" content=\"Alunos do 3\u00ba ano do Ensino M\u00e9dio de todas as escolas de Muria\u00e9 e da regi\u00e3o participaram da \u201cIV Roda de Profiss\u00f5es\u201d, promovido pela FAMINAS na manh\u00e3 desta quarta-feira (4). Durante o evento, foi abordado um assunto que interessa aos jovens nesta fase da vida escolar: a escolha da profiss\u00e3o. \u00c9 neste momento que os\" \/>\n\t\t<meta name=\"twitter:image\" content=\"https:\/\/scontent-gig4-1.xx.fbcdn.net\/v\/t39.30808-1\/270437624_4564083193639691_6907940295614233970_n.jpg?stp=dst-jpg_s200x200_tt6&amp;_nc_cat=111&amp;ccb=1-7&amp;_nc_sid=f907e8&amp;_nc_ohc=SM1wRlP3lJwQ7kNvwEPuBYA&amp;_nc_oc=AdnqrjDN_BNjSSHWO-GbkIWH6fkGMLw4bqvL_NH6e2wMveX7G-rP2dAqsDSq1mJMOaY&amp;_nc_zt=24&amp;_nc_ht=scontent-gig4-1.xx&amp;_nc_gid=AoBFJeGrT1hVaew_6rchkQ&amp;oh=00_AfX7QmFGhQhG2jAllVgXCiM1ZrWgvtp80-Bfppyexh1QEg&amp;oe=689E923C\" \/>\n\t\t<script type=\"application\/ld+json\" class=\"aioseo-schema\">\n\t\t\t{\"@context\":\"https:\\\/\\\/schema.org\",\"@graph\":[{\"@type\":\"BlogPosting\",\"@id\":\"https:\\\/\\\/anoticiaonline.com.br\\\/site\\\/faminas-realiza-a-quarta-edicao-da-roda-de-profissoes\\\/#blogposting\",\"name\":\"FAMINAS realiza a quarta edi\\u00e7\\u00e3o da \\u201cRoda de Profiss\\u00f5es\\u201d - A Not\\u00edcia Online\",\"headline\":\"FAMINAS realiza a quarta edi\\u00e7\\u00e3o da \\u201cRoda de Profiss\\u00f5es\\u201d\",\"author\":{\"@id\":\"https:\\\/\\\/anoticiaonline.com.br\\\/site\\\/author\\\/juliana\\\/#author\"},\"publisher\":{\"@id\":\"https:\\\/\\\/anoticiaonline.com.br\\\/site\\\/#organization\"},\"image\":{\"@type\":\"ImageObject\",\"url\":\"https:\\\/\\\/anoticiaonline.com.br\\\/site\\\/wp-content\\\/uploads\\\/2015\\\/11\\\/DSC_0950.jpg\",\"width\":640,\"height\":424},\"datePublished\":\"2015-11-06T08:00:10-03:00\",\"dateModified\":\"2015-11-05T18:44:54-03:00\",\"inLanguage\":\"pt-BR\",\"mainEntityOfPage\":{\"@id\":\"https:\\\/\\\/anoticiaonline.com.br\\\/site\\\/faminas-realiza-a-quarta-edicao-da-roda-de-profissoes\\\/#webpage\"},\"isPartOf\":{\"@id\":\"https:\\\/\\\/anoticiaonline.com.br\\\/site\\\/faminas-realiza-a-quarta-edicao-da-roda-de-profissoes\\\/#webpage\"},\"articleSection\":\"Eventos, slide\"},{\"@type\":\"BreadcrumbList\",\"@id\":\"https:\\\/\\\/anoticiaonline.com.br\\\/site\\\/faminas-realiza-a-quarta-edicao-da-roda-de-profissoes\\\/#breadcrumblist\",\"itemListElement\":[{\"@type\":\"ListItem\",\"@id\":\"https:\\\/\\\/anoticiaonline.com.br\\\/site#listItem\",\"position\":1,\"name\":\"Home\",\"item\":\"https:\\\/\\\/anoticiaonline.com.br\\\/site\",\"nextItem\":{\"@type\":\"ListItem\",\"@id\":\"https:\\\/\\\/anoticiaonline.com.br\\\/site\\\/categoria\\\/eventos\\\/#listItem\",\"name\":\"Eventos\"}},{\"@type\":\"ListItem\",\"@id\":\"https:\\\/\\\/anoticiaonline.com.br\\\/site\\\/categoria\\\/eventos\\\/#listItem\",\"position\":2,\"name\":\"Eventos\",\"item\":\"https:\\\/\\\/anoticiaonline.com.br\\\/site\\\/categoria\\\/eventos\\\/\",\"nextItem\":{\"@type\":\"ListItem\",\"@id\":\"https:\\\/\\\/anoticiaonline.com.br\\\/site\\\/faminas-realiza-a-quarta-edicao-da-roda-de-profissoes\\\/#listItem\",\"name\":\"FAMINAS realiza a quarta edi\\u00e7\\u00e3o da \\u201cRoda de Profiss\\u00f5es\\u201d\"},\"previousItem\":{\"@type\":\"ListItem\",\"@id\":\"https:\\\/\\\/anoticiaonline.com.br\\\/site#listItem\",\"name\":\"Home\"}},{\"@type\":\"ListItem\",\"@id\":\"https:\\\/\\\/anoticiaonline.com.br\\\/site\\\/faminas-realiza-a-quarta-edicao-da-roda-de-profissoes\\\/#listItem\",\"position\":3,\"name\":\"FAMINAS realiza a quarta edi\\u00e7\\u00e3o da \\u201cRoda de Profiss\\u00f5es\\u201d\",\"previousItem\":{\"@type\":\"ListItem\",\"@id\":\"https:\\\/\\\/anoticiaonline.com.br\\\/site\\\/categoria\\\/eventos\\\/#listItem\",\"name\":\"Eventos\"}}]},{\"@type\":\"Organization\",\"@id\":\"https:\\\/\\\/anoticiaonline.com.br\\\/site\\\/#organization\",\"name\":\"A Not\\u00edcia Online\",\"description\":\"Noticias de Muria\\u00e9 e regi\\u00e3o\",\"url\":\"https:\\\/\\\/anoticiaonline.com.br\\\/site\\\/\",\"logo\":{\"@type\":\"ImageObject\",\"url\":\"https:\\\/\\\/scontent-gig4-1.xx.fbcdn.net\\\/v\\\/t39.30808-1\\\/270437624_4564083193639691_6907940295614233970_n.jpg?stp=dst-jpg_s200x200_tt6&_nc_cat=111&ccb=1-7&_nc_sid=f907e8&_nc_ohc=SM1wRlP3lJwQ7kNvwEPuBYA&_nc_oc=AdnqrjDN_BNjSSHWO-GbkIWH6fkGMLw4bqvL_NH6e2wMveX7G-rP2dAqsDSq1mJMOaY&_nc_zt=24&_nc_ht=scontent-gig4-1.xx&_nc_gid=AoBFJeGrT1hVaew_6rchkQ&oh=00_AfX7QmFGhQhG2jAllVgXCiM1ZrWgvtp80-Bfppyexh1QEg&oe=689E923C\",\"@id\":\"https:\\\/\\\/anoticiaonline.com.br\\\/site\\\/faminas-realiza-a-quarta-edicao-da-roda-de-profissoes\\\/#organizationLogo\"},\"image\":{\"@id\":\"https:\\\/\\\/anoticiaonline.com.br\\\/site\\\/faminas-realiza-a-quarta-edicao-da-roda-de-profissoes\\\/#organizationLogo\"}},{\"@type\":\"Person\",\"@id\":\"https:\\\/\\\/anoticiaonline.com.br\\\/site\\\/author\\\/juliana\\\/#author\",\"url\":\"https:\\\/\\\/anoticiaonline.com.br\\\/site\\\/author\\\/juliana\\\/\",\"name\":\"Juliana Laviola\",\"image\":{\"@type\":\"ImageObject\",\"@id\":\"https:\\\/\\\/anoticiaonline.com.br\\\/site\\\/faminas-realiza-a-quarta-edicao-da-roda-de-profissoes\\\/#authorImage\",\"url\":\"https:\\\/\\\/secure.gravatar.com\\\/avatar\\\/b8d45f5c699b100dfaf0e543582f38f38bf94cb7ae3a5e9abf8d891a34773335?s=96&d=mm&r=g\",\"width\":96,\"height\":96,\"caption\":\"Juliana Laviola\"}},{\"@type\":\"WebPage\",\"@id\":\"https:\\\/\\\/anoticiaonline.com.br\\\/site\\\/faminas-realiza-a-quarta-edicao-da-roda-de-profissoes\\\/#webpage\",\"url\":\"https:\\\/\\\/anoticiaonline.com.br\\\/site\\\/faminas-realiza-a-quarta-edicao-da-roda-de-profissoes\\\/\",\"name\":\"FAMINAS realiza a quarta edi\\u00e7\\u00e3o da \\u201cRoda de Profiss\\u00f5es\\u201d - A Not\\u00edcia Online\",\"description\":\"Alunos do 3\\u00ba ano do Ensino M\\u00e9dio de todas as escolas de Muria\\u00e9 e da regi\\u00e3o participaram da \\u201cIV Roda de Profiss\\u00f5es\\u201d, promovido pela FAMINAS na manh\\u00e3 desta quarta-feira (4). Durante o evento, foi abordado um assunto que interessa aos jovens nesta fase da vida escolar: a escolha da profiss\\u00e3o. \\u00c9 neste momento que os\",\"inLanguage\":\"pt-BR\",\"isPartOf\":{\"@id\":\"https:\\\/\\\/anoticiaonline.com.br\\\/site\\\/#website\"},\"breadcrumb\":{\"@id\":\"https:\\\/\\\/anoticiaonline.com.br\\\/site\\\/faminas-realiza-a-quarta-edicao-da-roda-de-profissoes\\\/#breadcrumblist\"},\"author\":{\"@id\":\"https:\\\/\\\/anoticiaonline.com.br\\\/site\\\/author\\\/juliana\\\/#author\"},\"creator\":{\"@id\":\"https:\\\/\\\/anoticiaonline.com.br\\\/site\\\/author\\\/juliana\\\/#author\"},\"image\":{\"@type\":\"ImageObject\",\"url\":\"https:\\\/\\\/anoticiaonline.com.br\\\/site\\\/wp-content\\\/uploads\\\/2015\\\/11\\\/DSC_0950.jpg\",\"@id\":\"https:\\\/\\\/anoticiaonline.com.br\\\/site\\\/faminas-realiza-a-quarta-edicao-da-roda-de-profissoes\\\/#mainImage\",\"width\":640,\"height\":424},\"primaryImageOfPage\":{\"@id\":\"https:\\\/\\\/anoticiaonline.com.br\\\/site\\\/faminas-realiza-a-quarta-edicao-da-roda-de-profissoes\\\/#mainImage\"},\"datePublished\":\"2015-11-06T08:00:10-03:00\",\"dateModified\":\"2015-11-05T18:44:54-03:00\"},{\"@type\":\"WebSite\",\"@id\":\"https:\\\/\\\/anoticiaonline.com.br\\\/site\\\/#website\",\"url\":\"https:\\\/\\\/anoticiaonline.com.br\\\/site\\\/\",\"name\":\"A Not\\u00edcia Online\",\"description\":\"Noticias de Muria\\u00e9 e regi\\u00e3o\",\"inLanguage\":\"pt-BR\",\"publisher\":{\"@id\":\"https:\\\/\\\/anoticiaonline.com.br\\\/site\\\/#organization\"}}]}\n\t\t<\/script>\n\t\t<!-- All in One SEO -->\n\n","aioseo_head_json":{"title":"FAMINAS realiza a quarta edi\u00e7\u00e3o da \u201cRoda de Profiss\u00f5es\u201d - A Not\u00edcia Online","description":"Alunos do 3\u00ba ano do Ensino M\u00e9dio de todas as escolas de Muria\u00e9 e da regi\u00e3o participaram da \u201cIV Roda de Profiss\u00f5es\u201d, promovido pela FAMINAS na manh\u00e3 desta quarta-feira (4). Durante o evento, foi abordado um assunto que interessa aos jovens nesta fase da vida escolar: a escolha da profiss\u00e3o. \u00c9 neste momento que os","canonical_url":"https:\/\/anoticiaonline.com.br\/site\/faminas-realiza-a-quarta-edicao-da-roda-de-profissoes\/","robots":"max-image-preview:large","keywords":"","webmasterTools":{"miscellaneous":""},"schema":{"@context":"https:\/\/schema.org","@graph":[{"@type":"BlogPosting","@id":"https:\/\/anoticiaonline.com.br\/site\/faminas-realiza-a-quarta-edicao-da-roda-de-profissoes\/#blogposting","name":"FAMINAS realiza a quarta edi\u00e7\u00e3o da \u201cRoda de Profiss\u00f5es\u201d - A Not\u00edcia Online","headline":"FAMINAS realiza a quarta edi\u00e7\u00e3o da \u201cRoda de Profiss\u00f5es\u201d","author":{"@id":"https:\/\/anoticiaonline.com.br\/site\/author\/juliana\/#author"},"publisher":{"@id":"https:\/\/anoticiaonline.com.br\/site\/#organization"},"image":{"@type":"ImageObject","url":"https:\/\/anoticiaonline.com.br\/site\/wp-content\/uploads\/2015\/11\/DSC_0950.jpg","width":640,"height":424},"datePublished":"2015-11-06T08:00:10-03:00","dateModified":"2015-11-05T18:44:54-03:00","inLanguage":"pt-BR","mainEntityOfPage":{"@id":"https:\/\/anoticiaonline.com.br\/site\/faminas-realiza-a-quarta-edicao-da-roda-de-profissoes\/#webpage"},"isPartOf":{"@id":"https:\/\/anoticiaonline.com.br\/site\/faminas-realiza-a-quarta-edicao-da-roda-de-profissoes\/#webpage"},"articleSection":"Eventos, slide"},{"@type":"BreadcrumbList","@id":"https:\/\/anoticiaonline.com.br\/site\/faminas-realiza-a-quarta-edicao-da-roda-de-profissoes\/#breadcrumblist","itemListElement":[{"@type":"ListItem","@id":"https:\/\/anoticiaonline.com.br\/site#listItem","position":1,"name":"Home","item":"https:\/\/anoticiaonline.com.br\/site","nextItem":{"@type":"ListItem","@id":"https:\/\/anoticiaonline.com.br\/site\/categoria\/eventos\/#listItem","name":"Eventos"}},{"@type":"ListItem","@id":"https:\/\/anoticiaonline.com.br\/site\/categoria\/eventos\/#listItem","position":2,"name":"Eventos","item":"https:\/\/anoticiaonline.com.br\/site\/categoria\/eventos\/","nextItem":{"@type":"ListItem","@id":"https:\/\/anoticiaonline.com.br\/site\/faminas-realiza-a-quarta-edicao-da-roda-de-profissoes\/#listItem","name":"FAMINAS realiza a quarta edi\u00e7\u00e3o da \u201cRoda de Profiss\u00f5es\u201d"},"previousItem":{"@type":"ListItem","@id":"https:\/\/anoticiaonline.com.br\/site#listItem","name":"Home"}},{"@type":"ListItem","@id":"https:\/\/anoticiaonline.com.br\/site\/faminas-realiza-a-quarta-edicao-da-roda-de-profissoes\/#listItem","position":3,"name":"FAMINAS realiza a quarta edi\u00e7\u00e3o da \u201cRoda de Profiss\u00f5es\u201d","previousItem":{"@type":"ListItem","@id":"https:\/\/anoticiaonline.com.br\/site\/categoria\/eventos\/#listItem","name":"Eventos"}}]},{"@type":"Organization","@id":"https:\/\/anoticiaonline.com.br\/site\/#organization","name":"A Not\u00edcia Online","description":"Noticias de Muria\u00e9 e regi\u00e3o","url":"https:\/\/anoticiaonline.com.br\/site\/","logo":{"@type":"ImageObject","url":"https:\/\/scontent-gig4-1.xx.fbcdn.net\/v\/t39.30808-1\/270437624_4564083193639691_6907940295614233970_n.jpg?stp=dst-jpg_s200x200_tt6&_nc_cat=111&ccb=1-7&_nc_sid=f907e8&_nc_ohc=SM1wRlP3lJwQ7kNvwEPuBYA&_nc_oc=AdnqrjDN_BNjSSHWO-GbkIWH6fkGMLw4bqvL_NH6e2wMveX7G-rP2dAqsDSq1mJMOaY&_nc_zt=24&_nc_ht=scontent-gig4-1.xx&_nc_gid=AoBFJeGrT1hVaew_6rchkQ&oh=00_AfX7QmFGhQhG2jAllVgXCiM1ZrWgvtp80-Bfppyexh1QEg&oe=689E923C","@id":"https:\/\/anoticiaonline.com.br\/site\/faminas-realiza-a-quarta-edicao-da-roda-de-profissoes\/#organizationLogo"},"image":{"@id":"https:\/\/anoticiaonline.com.br\/site\/faminas-realiza-a-quarta-edicao-da-roda-de-profissoes\/#organizationLogo"}},{"@type":"Person","@id":"https:\/\/anoticiaonline.com.br\/site\/author\/juliana\/#author","url":"https:\/\/anoticiaonline.com.br\/site\/author\/juliana\/","name":"Juliana Laviola","image":{"@type":"ImageObject","@id":"https:\/\/anoticiaonline.com.br\/site\/faminas-realiza-a-quarta-edicao-da-roda-de-profissoes\/#authorImage","url":"https:\/\/secure.gravatar.com\/avatar\/b8d45f5c699b100dfaf0e543582f38f38bf94cb7ae3a5e9abf8d891a34773335?s=96&d=mm&r=g","width":96,"height":96,"caption":"Juliana Laviola"}},{"@type":"WebPage","@id":"https:\/\/anoticiaonline.com.br\/site\/faminas-realiza-a-quarta-edicao-da-roda-de-profissoes\/#webpage","url":"https:\/\/anoticiaonline.com.br\/site\/faminas-realiza-a-quarta-edicao-da-roda-de-profissoes\/","name":"FAMINAS realiza a quarta edi\u00e7\u00e3o da \u201cRoda de Profiss\u00f5es\u201d - A Not\u00edcia Online","description":"Alunos do 3\u00ba ano do Ensino M\u00e9dio de todas as escolas de Muria\u00e9 e da regi\u00e3o participaram da \u201cIV Roda de Profiss\u00f5es\u201d, promovido pela FAMINAS na manh\u00e3 desta quarta-feira (4). Durante o evento, foi abordado um assunto que interessa aos jovens nesta fase da vida escolar: a escolha da profiss\u00e3o. \u00c9 neste momento que os","inLanguage":"pt-BR","isPartOf":{"@id":"https:\/\/anoticiaonline.com.br\/site\/#website"},"breadcrumb":{"@id":"https:\/\/anoticiaonline.com.br\/site\/faminas-realiza-a-quarta-edicao-da-roda-de-profissoes\/#breadcrumblist"},"author":{"@id":"https:\/\/anoticiaonline.com.br\/site\/author\/juliana\/#author"},"creator":{"@id":"https:\/\/anoticiaonline.com.br\/site\/author\/juliana\/#author"},"image":{"@type":"ImageObject","url":"https:\/\/anoticiaonline.com.br\/site\/wp-content\/uploads\/2015\/11\/DSC_0950.jpg","@id":"https:\/\/anoticiaonline.com.br\/site\/faminas-realiza-a-quarta-edicao-da-roda-de-profissoes\/#mainImage","width":640,"height":424},"primaryImageOfPage":{"@id":"https:\/\/anoticiaonline.com.br\/site\/faminas-realiza-a-quarta-edicao-da-roda-de-profissoes\/#mainImage"},"datePublished":"2015-11-06T08:00:10-03:00","dateModified":"2015-11-05T18:44:54-03:00"},{"@type":"WebSite","@id":"https:\/\/anoticiaonline.com.br\/site\/#website","url":"https:\/\/anoticiaonline.com.br\/site\/","name":"A Not\u00edcia Online","description":"Noticias de Muria\u00e9 e regi\u00e3o","inLanguage":"pt-BR","publisher":{"@id":"https:\/\/anoticiaonline.com.br\/site\/#organization"}}]},"og:locale":"pt_BR","og:site_name":"A Not\u00edcia Online - Noticias de Muria\u00e9 e regi\u00e3o","og:type":"article","og:title":"FAMINAS realiza a quarta edi\u00e7\u00e3o da \u201cRoda de Profiss\u00f5es\u201d - A Not\u00edcia Online","og:description":"Alunos do 3\u00ba ano do Ensino M\u00e9dio de todas as escolas de Muria\u00e9 e da regi\u00e3o participaram da \u201cIV Roda de Profiss\u00f5es\u201d, promovido pela FAMINAS na manh\u00e3 desta quarta-feira (4). Durante o evento, foi abordado um assunto que interessa aos jovens nesta fase da vida escolar: a escolha da profiss\u00e3o. \u00c9 neste momento que os","og:url":"https:\/\/anoticiaonline.com.br\/site\/faminas-realiza-a-quarta-edicao-da-roda-de-profissoes\/","og:image":"https:\/\/scontent-gig4-1.xx.fbcdn.net\/v\/t39.30808-1\/270437624_4564083193639691_6907940295614233970_n.jpg?stp=dst-jpg_s200x200_tt6&#038;_nc_cat=111&#038;ccb=1-7&#038;_nc_sid=f907e8&#038;_nc_ohc=SM1wRlP3lJwQ7kNvwEPuBYA&#038;_nc_oc=AdnqrjDN_BNjSSHWO-GbkIWH6fkGMLw4bqvL_NH6e2wMveX7G-rP2dAqsDSq1mJMOaY&#038;_nc_zt=24&#038;_nc_ht=scontent-gig4-1.xx&#038;_nc_gid=AoBFJeGrT1hVaew_6rchkQ&#038;oh=00_AfX7QmFGhQhG2jAllVgXCiM1ZrWgvtp80-Bfppyexh1QEg&#038;oe=689E923C","og:image:secure_url":"https:\/\/scontent-gig4-1.xx.fbcdn.net\/v\/t39.30808-1\/270437624_4564083193639691_6907940295614233970_n.jpg?stp=dst-jpg_s200x200_tt6&#038;_nc_cat=111&#038;ccb=1-7&#038;_nc_sid=f907e8&#038;_nc_ohc=SM1wRlP3lJwQ7kNvwEPuBYA&#038;_nc_oc=AdnqrjDN_BNjSSHWO-GbkIWH6fkGMLw4bqvL_NH6e2wMveX7G-rP2dAqsDSq1mJMOaY&#038;_nc_zt=24&#038;_nc_ht=scontent-gig4-1.xx&#038;_nc_gid=AoBFJeGrT1hVaew_6rchkQ&#038;oh=00_AfX7QmFGhQhG2jAllVgXCiM1ZrWgvtp80-Bfppyexh1QEg&#038;oe=689E923C","article:published_time":"2015-11-06T11:00:10+00:00","article:modified_time":"2015-11-05T21:44:54+00:00","twitter:card":"summary_large_image","twitter:title":"FAMINAS realiza a quarta edi\u00e7\u00e3o da \u201cRoda de Profiss\u00f5es\u201d - A Not\u00edcia Online","twitter:description":"Alunos do 3\u00ba ano do Ensino M\u00e9dio de todas as escolas de Muria\u00e9 e da regi\u00e3o participaram da \u201cIV Roda de Profiss\u00f5es\u201d, promovido pela FAMINAS na manh\u00e3 desta quarta-feira (4). Durante o evento, foi abordado um assunto que interessa aos jovens nesta fase da vida escolar: a escolha da profiss\u00e3o. \u00c9 neste momento que os","twitter:image":"https:\/\/scontent-gig4-1.xx.fbcdn.net\/v\/t39.30808-1\/270437624_4564083193639691_6907940295614233970_n.jpg?stp=dst-jpg_s200x200_tt6&_nc_cat=111&ccb=1-7&_nc_sid=f907e8&_nc_ohc=SM1wRlP3lJwQ7kNvwEPuBYA&_nc_oc=AdnqrjDN_BNjSSHWO-GbkIWH6fkGMLw4bqvL_NH6e2wMveX7G-rP2dAqsDSq1mJMOaY&_nc_zt=24&_nc_ht=scontent-gig4-1.xx&_nc_gid=AoBFJeGrT1hVaew_6rchkQ&oh=00_AfX7QmFGhQhG2jAllVgXCiM1ZrWgvtp80-Bfppyexh1QEg&oe=689E923C"},"aioseo_meta_data":{"post_id":"5836","title":null,"description":null,"keywords":null,"keyphrases":null,"primary_term":null,"canonical_url":null,"og_title":null,"og_description":null,"og_object_type":"default","og_image_type":"default","og_image_url":null,"og_image_width":null,"og_image_height":null,"og_image_custom_url":null,"og_image_custom_fields":null,"og_video":null,"og_custom_url":null,"og_article_section":null,"og_article_tags":null,"twitter_use_og":false,"twitter_card":"default","twitter_image_type":"default","twitter_image_url":null,"twitter_image_custom_url":null,"twitter_image_custom_fields":null,"twitter_title":null,"twitter_description":null,"schema":{"blockGraphs":[],"customGraphs":[],"default":{"data":{"Article":[],"Course":[],"Dataset":[],"FAQPage":[],"Movie":[],"Person":[],"Product":[],"ProductReview":[],"Car":[],"Recipe":[],"Service":[],"SoftwareApplication":[],"WebPage":[]},"graphName":"","isEnabled":true},"graphs":[]},"schema_type":"default","schema_type_options":null,"pillar_content":false,"robots_default":true,"robots_noindex":false,"robots_noarchive":false,"robots_nosnippet":false,"robots_nofollow":false,"robots_noimageindex":false,"robots_noodp":false,"robots_notranslate":false,"robots_max_snippet":null,"robots_max_videopreview":null,"robots_max_imagepreview":"large","priority":null,"frequency":null,"local_seo":null,"breadcrumb_settings":null,"limit_modified_date":false,"ai":null,"created":"2025-08-16 13:50:40","updated":"2025-08-16 13:50:40","focus_keyword":null,"additional_keywords":null,"truseo_locale":null,"seo_analyzer_scan_date":null},"aioseo_breadcrumb":"<div class=\"aioseo-breadcrumbs\"><span class=\"aioseo-breadcrumb\">\n\t\t\t<a href=\"https:\/\/anoticiaonline.com.br\/site\" title=\"Home\">Home<\/a>\n\t\t<\/span><span class=\"aioseo-breadcrumb-separator\">&raquo;<\/span><span class=\"aioseo-breadcrumb\">\n\t\t\t<a href=\"https:\/\/anoticiaonline.com.br\/site\/categoria\/eventos\/\" title=\"Eventos\">Eventos<\/a>\n\t\t<\/span><span class=\"aioseo-breadcrumb-separator\">&raquo;<\/span><span class=\"aioseo-breadcrumb\">\n\t\t\tFAMINAS realiza a quarta edi\u00e7\u00e3o da \u201cRoda de Profiss\u00f5es\u201d\n\t\t<\/span><\/div>","aioseo_breadcrumb_json":[{"label":"Home","link":"https:\/\/anoticiaonline.com.br\/site"},{"label":"Eventos","link":"https:\/\/anoticiaonline.com.br\/site\/categoria\/eventos\/"},{"label":"FAMINAS realiza a quarta edi\u00e7\u00e3o da \u201cRoda de Profiss\u00f5es\u201d","link":"https:\/\/anoticiaonline.com.br\/site\/faminas-realiza-a-quarta-edicao-da-roda-de-profissoes\/"}],"views":150,"_links":{"self":[{"href":"https:\/\/anoticiaonline.com.br\/site\/wp-json\/wp\/v2\/posts\/5836","targetHints":{"allow":["GET"]}}],"collection":[{"href":"https:\/\/anoticiaonline.com.br\/site\/wp-json\/wp\/v2\/posts"}],"about":[{"href":"https:\/\/anoticiaonline.com.br\/site\/wp-json\/wp\/v2\/types\/post"}],"author":[{"embeddable":true,"href":"https:\/\/anoticiaonline.com.br\/site\/wp-json\/wp\/v2\/users\/2"}],"replies":[{"embeddable":true,"href":"https:\/\/anoticiaonline.com.br\/site\/wp-json\/wp\/v2\/comments?post=5836"}],"version-history":[{"count":0,"href":"https:\/\/anoticiaonline.com.br\/site\/wp-json\/wp\/v2\/posts\/5836\/revisions"}],"wp:featuredmedia":[{"embeddable":true,"href":"https:\/\/anoticiaonline.com.br\/site\/wp-json\/wp\/v2\/media\/5838"}],"wp:attachment":[{"href":"https:\/\/anoticiaonline.com.br\/site\/wp-json\/wp\/v2\/media?parent=5836"}],"wp:term":[{"taxonomy":"category","embeddable":true,"href":"https:\/\/anoticiaonline.com.br\/site\/wp-json\/wp\/v2\/categories?post=5836"},{"taxonomy":"post_tag","embeddable":true,"href":"https:\/\/anoticiaonline.com.br\/site\/wp-json\/wp\/v2\/tags?post=5836"}],"curies":[{"name":"wp","href":"https:\/\/api.w.org\/{rel}","templated":true}]}}