{"id":58304,"date":"2018-07-12T21:14:15","date_gmt":"2018-07-13T00:14:15","guid":{"rendered":"http:\/\/anoticiaonline.com.br\/site\/?p=58304"},"modified":"2018-07-12T21:14:15","modified_gmt":"2018-07-13T00:14:15","slug":"apae-de-muriae-realiza-sua-tradicional-festa-junina","status":"publish","type":"post","link":"https:\/\/anoticiaonline.com.br\/site\/apae-de-muriae-realiza-sua-tradicional-festa-junina\/","title":{"rendered":"APAE de Muria\u00e9 realiza sua tradicional Festa Junina"},"content":{"rendered":"<p><a href=\"https:\/\/anoticiaonline.com.br\/site\/wp-content\/uploads\/2018\/07\/b9f4d0b4-936c-4046-b48f-e65cc0b10d64.jpg\"><img fetchpriority=\"high\" decoding=\"async\" class=\"aligncenter size-full wp-image-58305\" src=\"https:\/\/anoticiaonline.com.br\/site\/wp-content\/uploads\/2018\/07\/b9f4d0b4-936c-4046-b48f-e65cc0b10d64.jpg\" alt=\"\" width=\"640\" height=\"480\" srcset=\"https:\/\/anoticiaonline.com.br\/site\/wp-content\/uploads\/2018\/07\/b9f4d0b4-936c-4046-b48f-e65cc0b10d64.jpg 640w, https:\/\/anoticiaonline.com.br\/site\/wp-content\/uploads\/2018\/07\/b9f4d0b4-936c-4046-b48f-e65cc0b10d64-300x225.jpg 300w\" sizes=\"(max-width: 640px) 100vw, 640px\" \/><\/a>Alunos da Escola Estadual de Educa\u00e7\u00e3o Especial usu\u00e1rios da APAE e seus familiares participaram da tradicional Festa Junina, realizada na noite de quarta-feira (11), na sede da entidade.<\/p>\n<p>O evento contou com apresenta\u00e7\u00f5es de quadrilha das crian\u00e7as, dos professores e funcion\u00e1rios, bingo, brincadeiras, comidas e doces t\u00edpicos.<\/p>\n<p>De acordo com a diretora da APAE-Muria\u00e9, Marise Santos de Andrade,\u00a0este \u00e9 mais um momento de descontra\u00e7\u00e3o e alegria para todos aqueles que possuem defici\u00eancia intelectual e m\u00faltipla. \u201c\u00c9 uma jun\u00e7\u00e3o da comunidade escolar, a parte cl\u00ednica da APAE e, especialmente, das fam\u00edlias. Aproveito a oportunidade para agradecer \u00e0 comunidade de Muria\u00e9, que sempre nos ajuda, aos patrocinadores, ao apoio das fam\u00edlias e todos que vieram nos prestigiar\u201d, conta.<\/p>\n<p>Val\u00e9ria Navarro, diretora da Escola Estadual de Educa\u00e7\u00e3o Especial Valter Vasconcelos, disse que o mais importante \u00e9 proporcionar felicidade \u00e0s crian\u00e7as. \u201cSem d\u00favida \u00e9 uma conquista para n\u00f3s ver os alunos felizes e brincando juntos neste momento. Toda a nossa equipe fica muito realizada ao v\u00ea-los aproveitando desta forma. Gostaria de deixar meu agradecimento \u00e0 comunidade muriaeense que realizou diversas doa\u00e7\u00f5es para que nossa festa fosse um grande sucesso\u201d, diz.<\/p>\n<p><a href=\"https:\/\/anoticiaonline.com.br\/site\/wp-content\/uploads\/2018\/07\/DSC_0686.jpg\"><img decoding=\"async\" class=\"aligncenter size-full wp-image-58310\" src=\"https:\/\/anoticiaonline.com.br\/site\/wp-content\/uploads\/2018\/07\/DSC_0686.jpg\" alt=\"\" width=\"640\" height=\"426\" srcset=\"https:\/\/anoticiaonline.com.br\/site\/wp-content\/uploads\/2018\/07\/DSC_0686.jpg 640w, https:\/\/anoticiaonline.com.br\/site\/wp-content\/uploads\/2018\/07\/DSC_0686-300x200.jpg 300w\" sizes=\"(max-width: 640px) 100vw, 640px\" \/><\/a> <a href=\"https:\/\/anoticiaonline.com.br\/site\/wp-content\/uploads\/2018\/07\/DSC_0675.jpg\"><img decoding=\"async\" class=\"aligncenter size-full wp-image-58309\" src=\"https:\/\/anoticiaonline.com.br\/site\/wp-content\/uploads\/2018\/07\/DSC_0675.jpg\" alt=\"\" width=\"640\" height=\"426\" srcset=\"https:\/\/anoticiaonline.com.br\/site\/wp-content\/uploads\/2018\/07\/DSC_0675.jpg 640w, https:\/\/anoticiaonline.com.br\/site\/wp-content\/uploads\/2018\/07\/DSC_0675-300x200.jpg 300w\" sizes=\"(max-width: 640px) 100vw, 640px\" \/><\/a> <a href=\"https:\/\/anoticiaonline.com.br\/site\/wp-content\/uploads\/2018\/07\/DSC_0668.jpg\"><img loading=\"lazy\" decoding=\"async\" class=\"aligncenter size-full wp-image-58308\" src=\"https:\/\/anoticiaonline.com.br\/site\/wp-content\/uploads\/2018\/07\/DSC_0668.jpg\" alt=\"\" width=\"356\" height=\"534\" srcset=\"https:\/\/anoticiaonline.com.br\/site\/wp-content\/uploads\/2018\/07\/DSC_0668.jpg 356w, https:\/\/anoticiaonline.com.br\/site\/wp-content\/uploads\/2018\/07\/DSC_0668-200x300.jpg 200w\" sizes=\"(max-width: 356px) 100vw, 356px\" \/><\/a> <a href=\"https:\/\/anoticiaonline.com.br\/site\/wp-content\/uploads\/2018\/07\/DSC_0666.jpg\"><img loading=\"lazy\" decoding=\"async\" class=\"aligncenter size-full wp-image-58307\" src=\"https:\/\/anoticiaonline.com.br\/site\/wp-content\/uploads\/2018\/07\/DSC_0666.jpg\" alt=\"\" width=\"640\" height=\"426\" srcset=\"https:\/\/anoticiaonline.com.br\/site\/wp-content\/uploads\/2018\/07\/DSC_0666.jpg 640w, https:\/\/anoticiaonline.com.br\/site\/wp-content\/uploads\/2018\/07\/DSC_0666-300x200.jpg 300w\" sizes=\"(max-width: 640px) 100vw, 640px\" \/><\/a> <a href=\"https:\/\/anoticiaonline.com.br\/site\/wp-content\/uploads\/2018\/07\/2ecb739c-bf1f-4e98-8576-469f09f94fb6.jpg\"><img loading=\"lazy\" decoding=\"async\" class=\"aligncenter size-full wp-image-58306\" src=\"https:\/\/anoticiaonline.com.br\/site\/wp-content\/uploads\/2018\/07\/2ecb739c-bf1f-4e98-8576-469f09f94fb6.jpg\" alt=\"\" width=\"640\" height=\"360\" srcset=\"https:\/\/anoticiaonline.com.br\/site\/wp-content\/uploads\/2018\/07\/2ecb739c-bf1f-4e98-8576-469f09f94fb6.jpg 640w, https:\/\/anoticiaonline.com.br\/site\/wp-content\/uploads\/2018\/07\/2ecb739c-bf1f-4e98-8576-469f09f94fb6-300x169.jpg 300w\" sizes=\"(max-width: 640px) 100vw, 640px\" \/><\/a><\/p>\n<p>&nbsp;<\/p>\n","protected":false},"excerpt":{"rendered":"<p>Alunos da Escola Estadual de Educa\u00e7\u00e3o Especial usu\u00e1rios da APAE e seus familiares participaram da tradicional Festa Junina, realizada na noite de quarta-feira (11), na sede da entidade. O evento contou com apresenta\u00e7\u00f5es de quadrilha das crian\u00e7as, dos professores e funcion\u00e1rios, bingo, brincadeiras, comidas e doces t\u00edpicos. De acordo com a diretora da APAE-Muria\u00e9, Marise &#8230; <a title=\"APAE de Muria\u00e9 realiza sua tradicional Festa Junina\" class=\"read-more\" href=\"https:\/\/anoticiaonline.com.br\/site\/apae-de-muriae-realiza-sua-tradicional-festa-junina\/\" aria-label=\"Read more about APAE de Muria\u00e9 realiza sua tradicional Festa Junina\">Ler mais<\/a><\/p>\n","protected":false},"author":7,"featured_media":58305,"comment_status":"open","ping_status":"open","sticky":false,"template":"","format":"standard","meta":{"_acf_changed":false,"_monsterinsights_skip_tracking":false,"footnotes":""},"categories":[30,24],"tags":[25,2815],"class_list":["post-58304","post","type-post","status-publish","format-standard","has-post-thumbnail","hentry","category-muriae","category-eventos","tag-apae","tag-valter-vasconcelos"],"acf":[],"aioseo_notices":[],"aioseo_head":"\n\t\t<!-- All in One SEO 5.0.0.1 - aioseo.com -->\n\t<meta name=\"description\" content=\"Alunos da Escola Estadual de Educa\u00e7\u00e3o Especial usu\u00e1rios da APAE e seus familiares participaram da tradicional Festa Junina, realizada na noite de quarta-feira (11), na sede da entidade. O evento contou com apresenta\u00e7\u00f5es de quadrilha das crian\u00e7as, dos professores e funcion\u00e1rios, bingo, brincadeiras, comidas e doces t\u00edpicos. De acordo com a diretora da APAE-Muria\u00e9, Marise\" \/>\n\t<meta name=\"robots\" content=\"max-image-preview:large\" \/>\n\t<meta name=\"author\" content=\"Leandro Bebiano\"\/>\n\t<link rel=\"canonical\" href=\"https:\/\/anoticiaonline.com.br\/site\/apae-de-muriae-realiza-sua-tradicional-festa-junina\/\" \/>\n\t<meta name=\"generator\" content=\"All in One SEO (AIOSEO) 5.0.0.1\" \/>\n\t\t<meta property=\"og:locale\" content=\"pt_BR\" \/>\n\t\t<meta property=\"og:site_name\" content=\"A Not\u00edcia Online - Noticias de Muria\u00e9 e regi\u00e3o\" \/>\n\t\t<meta property=\"og:type\" content=\"article\" \/>\n\t\t<meta property=\"og:title\" content=\"APAE de Muria\u00e9 realiza sua tradicional Festa Junina - A Not\u00edcia Online\" \/>\n\t\t<meta property=\"og:description\" content=\"Alunos da Escola Estadual de Educa\u00e7\u00e3o Especial usu\u00e1rios da APAE e seus familiares participaram da tradicional Festa Junina, realizada na noite de quarta-feira (11), na sede da entidade. O evento contou com apresenta\u00e7\u00f5es de quadrilha das crian\u00e7as, dos professores e funcion\u00e1rios, bingo, brincadeiras, comidas e doces t\u00edpicos. De acordo com a diretora da APAE-Muria\u00e9, Marise\" \/>\n\t\t<meta property=\"og:url\" content=\"https:\/\/anoticiaonline.com.br\/site\/apae-de-muriae-realiza-sua-tradicional-festa-junina\/\" \/>\n\t\t<meta property=\"og:image\" content=\"https:\/\/scontent-gig4-1.xx.fbcdn.net\/v\/t39.30808-1\/270437624_4564083193639691_6907940295614233970_n.jpg?stp=dst-jpg_s200x200_tt6&#038;_nc_cat=111&#038;ccb=1-7&#038;_nc_sid=f907e8&#038;_nc_ohc=SM1wRlP3lJwQ7kNvwEPuBYA&#038;_nc_oc=AdnqrjDN_BNjSSHWO-GbkIWH6fkGMLw4bqvL_NH6e2wMveX7G-rP2dAqsDSq1mJMOaY&#038;_nc_zt=24&#038;_nc_ht=scontent-gig4-1.xx&#038;_nc_gid=AoBFJeGrT1hVaew_6rchkQ&#038;oh=00_AfX7QmFGhQhG2jAllVgXCiM1ZrWgvtp80-Bfppyexh1QEg&#038;oe=689E923C\" \/>\n\t\t<meta property=\"og:image:secure_url\" content=\"https:\/\/scontent-gig4-1.xx.fbcdn.net\/v\/t39.30808-1\/270437624_4564083193639691_6907940295614233970_n.jpg?stp=dst-jpg_s200x200_tt6&#038;_nc_cat=111&#038;ccb=1-7&#038;_nc_sid=f907e8&#038;_nc_ohc=SM1wRlP3lJwQ7kNvwEPuBYA&#038;_nc_oc=AdnqrjDN_BNjSSHWO-GbkIWH6fkGMLw4bqvL_NH6e2wMveX7G-rP2dAqsDSq1mJMOaY&#038;_nc_zt=24&#038;_nc_ht=scontent-gig4-1.xx&#038;_nc_gid=AoBFJeGrT1hVaew_6rchkQ&#038;oh=00_AfX7QmFGhQhG2jAllVgXCiM1ZrWgvtp80-Bfppyexh1QEg&#038;oe=689E923C\" \/>\n\t\t<meta property=\"article:published_time\" content=\"2018-07-13T00:14:15+00:00\" \/>\n\t\t<meta property=\"article:modified_time\" content=\"2018-07-13T00:14:15+00:00\" \/>\n\t\t<meta name=\"twitter:card\" content=\"summary_large_image\" \/>\n\t\t<meta name=\"twitter:title\" content=\"APAE de Muria\u00e9 realiza sua tradicional Festa Junina - A Not\u00edcia Online\" \/>\n\t\t<meta name=\"twitter:description\" content=\"Alunos da Escola Estadual de Educa\u00e7\u00e3o Especial usu\u00e1rios da APAE e seus familiares participaram da tradicional Festa Junina, realizada na noite de quarta-feira (11), na sede da entidade. O evento contou com apresenta\u00e7\u00f5es de quadrilha das crian\u00e7as, dos professores e funcion\u00e1rios, bingo, brincadeiras, comidas e doces t\u00edpicos. De acordo com a diretora da APAE-Muria\u00e9, Marise\" \/>\n\t\t<meta name=\"twitter:image\" content=\"https:\/\/scontent-gig4-1.xx.fbcdn.net\/v\/t39.30808-1\/270437624_4564083193639691_6907940295614233970_n.jpg?stp=dst-jpg_s200x200_tt6&amp;_nc_cat=111&amp;ccb=1-7&amp;_nc_sid=f907e8&amp;_nc_ohc=SM1wRlP3lJwQ7kNvwEPuBYA&amp;_nc_oc=AdnqrjDN_BNjSSHWO-GbkIWH6fkGMLw4bqvL_NH6e2wMveX7G-rP2dAqsDSq1mJMOaY&amp;_nc_zt=24&amp;_nc_ht=scontent-gig4-1.xx&amp;_nc_gid=AoBFJeGrT1hVaew_6rchkQ&amp;oh=00_AfX7QmFGhQhG2jAllVgXCiM1ZrWgvtp80-Bfppyexh1QEg&amp;oe=689E923C\" \/>\n\t\t<script type=\"application\/ld+json\" class=\"aioseo-schema\">\n\t\t\t{\"@context\":\"https:\\\/\\\/schema.org\",\"@graph\":[{\"@type\":\"BlogPosting\",\"@id\":\"https:\\\/\\\/anoticiaonline.com.br\\\/site\\\/apae-de-muriae-realiza-sua-tradicional-festa-junina\\\/#blogposting\",\"name\":\"APAE de Muria\\u00e9 realiza sua tradicional Festa Junina - A Not\\u00edcia Online\",\"headline\":\"APAE de Muria\\u00e9 realiza sua tradicional Festa Junina\",\"author\":{\"@id\":\"https:\\\/\\\/anoticiaonline.com.br\\\/site\\\/author\\\/leandro\\\/#author\"},\"publisher\":{\"@id\":\"https:\\\/\\\/anoticiaonline.com.br\\\/site\\\/#organization\"},\"image\":{\"@type\":\"ImageObject\",\"url\":\"https:\\\/\\\/anoticiaonline.com.br\\\/site\\\/wp-content\\\/uploads\\\/2018\\\/07\\\/b9f4d0b4-936c-4046-b48f-e65cc0b10d64.jpg\",\"width\":640,\"height\":480},\"datePublished\":\"2018-07-12T21:14:15-03:00\",\"dateModified\":\"2018-07-12T21:14:15-03:00\",\"inLanguage\":\"pt-BR\",\"mainEntityOfPage\":{\"@id\":\"https:\\\/\\\/anoticiaonline.com.br\\\/site\\\/apae-de-muriae-realiza-sua-tradicional-festa-junina\\\/#webpage\"},\"isPartOf\":{\"@id\":\"https:\\\/\\\/anoticiaonline.com.br\\\/site\\\/apae-de-muriae-realiza-sua-tradicional-festa-junina\\\/#webpage\"},\"articleSection\":\"Blog, Eventos, Apae, Valter Vasconcelos\"},{\"@type\":\"BreadcrumbList\",\"@id\":\"https:\\\/\\\/anoticiaonline.com.br\\\/site\\\/apae-de-muriae-realiza-sua-tradicional-festa-junina\\\/#breadcrumblist\",\"itemListElement\":[{\"@type\":\"ListItem\",\"@id\":\"https:\\\/\\\/anoticiaonline.com.br\\\/site#listItem\",\"position\":1,\"name\":\"Home\",\"item\":\"https:\\\/\\\/anoticiaonline.com.br\\\/site\",\"nextItem\":{\"@type\":\"ListItem\",\"@id\":\"https:\\\/\\\/anoticiaonline.com.br\\\/site\\\/categoria\\\/eventos\\\/#listItem\",\"name\":\"Eventos\"}},{\"@type\":\"ListItem\",\"@id\":\"https:\\\/\\\/anoticiaonline.com.br\\\/site\\\/categoria\\\/eventos\\\/#listItem\",\"position\":2,\"name\":\"Eventos\",\"item\":\"https:\\\/\\\/anoticiaonline.com.br\\\/site\\\/categoria\\\/eventos\\\/\",\"nextItem\":{\"@type\":\"ListItem\",\"@id\":\"https:\\\/\\\/anoticiaonline.com.br\\\/site\\\/apae-de-muriae-realiza-sua-tradicional-festa-junina\\\/#listItem\",\"name\":\"APAE de Muria\\u00e9 realiza sua tradicional Festa Junina\"},\"previousItem\":{\"@type\":\"ListItem\",\"@id\":\"https:\\\/\\\/anoticiaonline.com.br\\\/site#listItem\",\"name\":\"Home\"}},{\"@type\":\"ListItem\",\"@id\":\"https:\\\/\\\/anoticiaonline.com.br\\\/site\\\/apae-de-muriae-realiza-sua-tradicional-festa-junina\\\/#listItem\",\"position\":3,\"name\":\"APAE de Muria\\u00e9 realiza sua tradicional Festa Junina\",\"previousItem\":{\"@type\":\"ListItem\",\"@id\":\"https:\\\/\\\/anoticiaonline.com.br\\\/site\\\/categoria\\\/eventos\\\/#listItem\",\"name\":\"Eventos\"}}]},{\"@type\":\"Organization\",\"@id\":\"https:\\\/\\\/anoticiaonline.com.br\\\/site\\\/#organization\",\"name\":\"A Not\\u00edcia Online\",\"description\":\"Noticias de Muria\\u00e9 e regi\\u00e3o\",\"url\":\"https:\\\/\\\/anoticiaonline.com.br\\\/site\\\/\",\"logo\":{\"@type\":\"ImageObject\",\"url\":\"https:\\\/\\\/scontent-gig4-1.xx.fbcdn.net\\\/v\\\/t39.30808-1\\\/270437624_4564083193639691_6907940295614233970_n.jpg?stp=dst-jpg_s200x200_tt6&_nc_cat=111&ccb=1-7&_nc_sid=f907e8&_nc_ohc=SM1wRlP3lJwQ7kNvwEPuBYA&_nc_oc=AdnqrjDN_BNjSSHWO-GbkIWH6fkGMLw4bqvL_NH6e2wMveX7G-rP2dAqsDSq1mJMOaY&_nc_zt=24&_nc_ht=scontent-gig4-1.xx&_nc_gid=AoBFJeGrT1hVaew_6rchkQ&oh=00_AfX7QmFGhQhG2jAllVgXCiM1ZrWgvtp80-Bfppyexh1QEg&oe=689E923C\",\"@id\":\"https:\\\/\\\/anoticiaonline.com.br\\\/site\\\/apae-de-muriae-realiza-sua-tradicional-festa-junina\\\/#organizationLogo\"},\"image\":{\"@id\":\"https:\\\/\\\/anoticiaonline.com.br\\\/site\\\/apae-de-muriae-realiza-sua-tradicional-festa-junina\\\/#organizationLogo\"}},{\"@type\":\"Person\",\"@id\":\"https:\\\/\\\/anoticiaonline.com.br\\\/site\\\/author\\\/leandro\\\/#author\",\"url\":\"https:\\\/\\\/anoticiaonline.com.br\\\/site\\\/author\\\/leandro\\\/\",\"name\":\"Leandro Bebiano\",\"image\":{\"@type\":\"ImageObject\",\"@id\":\"https:\\\/\\\/anoticiaonline.com.br\\\/site\\\/apae-de-muriae-realiza-sua-tradicional-festa-junina\\\/#authorImage\",\"url\":\"https:\\\/\\\/secure.gravatar.com\\\/avatar\\\/99966a20c143db97c8590c2013307c7c234a4cca48ed5657cbb47e22a400bd5f?s=96&d=mm&r=g\",\"width\":96,\"height\":96,\"caption\":\"Leandro Bebiano\"}},{\"@type\":\"WebPage\",\"@id\":\"https:\\\/\\\/anoticiaonline.com.br\\\/site\\\/apae-de-muriae-realiza-sua-tradicional-festa-junina\\\/#webpage\",\"url\":\"https:\\\/\\\/anoticiaonline.com.br\\\/site\\\/apae-de-muriae-realiza-sua-tradicional-festa-junina\\\/\",\"name\":\"APAE de Muria\\u00e9 realiza sua tradicional Festa Junina - A Not\\u00edcia Online\",\"description\":\"Alunos da Escola Estadual de Educa\\u00e7\\u00e3o Especial usu\\u00e1rios da APAE e seus familiares participaram da tradicional Festa Junina, realizada na noite de quarta-feira (11), na sede da entidade. O evento contou com apresenta\\u00e7\\u00f5es de quadrilha das crian\\u00e7as, dos professores e funcion\\u00e1rios, bingo, brincadeiras, comidas e doces t\\u00edpicos. De acordo com a diretora da APAE-Muria\\u00e9, Marise\",\"inLanguage\":\"pt-BR\",\"isPartOf\":{\"@id\":\"https:\\\/\\\/anoticiaonline.com.br\\\/site\\\/#website\"},\"breadcrumb\":{\"@id\":\"https:\\\/\\\/anoticiaonline.com.br\\\/site\\\/apae-de-muriae-realiza-sua-tradicional-festa-junina\\\/#breadcrumblist\"},\"author\":{\"@id\":\"https:\\\/\\\/anoticiaonline.com.br\\\/site\\\/author\\\/leandro\\\/#author\"},\"creator\":{\"@id\":\"https:\\\/\\\/anoticiaonline.com.br\\\/site\\\/author\\\/leandro\\\/#author\"},\"image\":{\"@type\":\"ImageObject\",\"url\":\"https:\\\/\\\/anoticiaonline.com.br\\\/site\\\/wp-content\\\/uploads\\\/2018\\\/07\\\/b9f4d0b4-936c-4046-b48f-e65cc0b10d64.jpg\",\"@id\":\"https:\\\/\\\/anoticiaonline.com.br\\\/site\\\/apae-de-muriae-realiza-sua-tradicional-festa-junina\\\/#mainImage\",\"width\":640,\"height\":480},\"primaryImageOfPage\":{\"@id\":\"https:\\\/\\\/anoticiaonline.com.br\\\/site\\\/apae-de-muriae-realiza-sua-tradicional-festa-junina\\\/#mainImage\"},\"datePublished\":\"2018-07-12T21:14:15-03:00\",\"dateModified\":\"2018-07-12T21:14:15-03:00\"},{\"@type\":\"WebSite\",\"@id\":\"https:\\\/\\\/anoticiaonline.com.br\\\/site\\\/#website\",\"url\":\"https:\\\/\\\/anoticiaonline.com.br\\\/site\\\/\",\"name\":\"A Not\\u00edcia Online\",\"description\":\"Noticias de Muria\\u00e9 e regi\\u00e3o\",\"inLanguage\":\"pt-BR\",\"publisher\":{\"@id\":\"https:\\\/\\\/anoticiaonline.com.br\\\/site\\\/#organization\"}}]}\n\t\t<\/script>\n\t\t<!-- All in One SEO -->\n\n","aioseo_head_json":{"title":"APAE de Muria\u00e9 realiza sua tradicional Festa Junina - A Not\u00edcia Online","description":"Alunos da Escola Estadual de Educa\u00e7\u00e3o Especial usu\u00e1rios da APAE e seus familiares participaram da tradicional Festa Junina, realizada na noite de quarta-feira (11), na sede da entidade. O evento contou com apresenta\u00e7\u00f5es de quadrilha das crian\u00e7as, dos professores e funcion\u00e1rios, bingo, brincadeiras, comidas e doces t\u00edpicos. De acordo com a diretora da APAE-Muria\u00e9, Marise","canonical_url":"https:\/\/anoticiaonline.com.br\/site\/apae-de-muriae-realiza-sua-tradicional-festa-junina\/","robots":"max-image-preview:large","keywords":"","webmasterTools":{"miscellaneous":""},"schema":{"@context":"https:\/\/schema.org","@graph":[{"@type":"BlogPosting","@id":"https:\/\/anoticiaonline.com.br\/site\/apae-de-muriae-realiza-sua-tradicional-festa-junina\/#blogposting","name":"APAE de Muria\u00e9 realiza sua tradicional Festa Junina - A Not\u00edcia Online","headline":"APAE de Muria\u00e9 realiza sua tradicional Festa Junina","author":{"@id":"https:\/\/anoticiaonline.com.br\/site\/author\/leandro\/#author"},"publisher":{"@id":"https:\/\/anoticiaonline.com.br\/site\/#organization"},"image":{"@type":"ImageObject","url":"https:\/\/anoticiaonline.com.br\/site\/wp-content\/uploads\/2018\/07\/b9f4d0b4-936c-4046-b48f-e65cc0b10d64.jpg","width":640,"height":480},"datePublished":"2018-07-12T21:14:15-03:00","dateModified":"2018-07-12T21:14:15-03:00","inLanguage":"pt-BR","mainEntityOfPage":{"@id":"https:\/\/anoticiaonline.com.br\/site\/apae-de-muriae-realiza-sua-tradicional-festa-junina\/#webpage"},"isPartOf":{"@id":"https:\/\/anoticiaonline.com.br\/site\/apae-de-muriae-realiza-sua-tradicional-festa-junina\/#webpage"},"articleSection":"Blog, Eventos, Apae, Valter Vasconcelos"},{"@type":"BreadcrumbList","@id":"https:\/\/anoticiaonline.com.br\/site\/apae-de-muriae-realiza-sua-tradicional-festa-junina\/#breadcrumblist","itemListElement":[{"@type":"ListItem","@id":"https:\/\/anoticiaonline.com.br\/site#listItem","position":1,"name":"Home","item":"https:\/\/anoticiaonline.com.br\/site","nextItem":{"@type":"ListItem","@id":"https:\/\/anoticiaonline.com.br\/site\/categoria\/eventos\/#listItem","name":"Eventos"}},{"@type":"ListItem","@id":"https:\/\/anoticiaonline.com.br\/site\/categoria\/eventos\/#listItem","position":2,"name":"Eventos","item":"https:\/\/anoticiaonline.com.br\/site\/categoria\/eventos\/","nextItem":{"@type":"ListItem","@id":"https:\/\/anoticiaonline.com.br\/site\/apae-de-muriae-realiza-sua-tradicional-festa-junina\/#listItem","name":"APAE de Muria\u00e9 realiza sua tradicional Festa Junina"},"previousItem":{"@type":"ListItem","@id":"https:\/\/anoticiaonline.com.br\/site#listItem","name":"Home"}},{"@type":"ListItem","@id":"https:\/\/anoticiaonline.com.br\/site\/apae-de-muriae-realiza-sua-tradicional-festa-junina\/#listItem","position":3,"name":"APAE de Muria\u00e9 realiza sua tradicional Festa Junina","previousItem":{"@type":"ListItem","@id":"https:\/\/anoticiaonline.com.br\/site\/categoria\/eventos\/#listItem","name":"Eventos"}}]},{"@type":"Organization","@id":"https:\/\/anoticiaonline.com.br\/site\/#organization","name":"A Not\u00edcia Online","description":"Noticias de Muria\u00e9 e regi\u00e3o","url":"https:\/\/anoticiaonline.com.br\/site\/","logo":{"@type":"ImageObject","url":"https:\/\/scontent-gig4-1.xx.fbcdn.net\/v\/t39.30808-1\/270437624_4564083193639691_6907940295614233970_n.jpg?stp=dst-jpg_s200x200_tt6&_nc_cat=111&ccb=1-7&_nc_sid=f907e8&_nc_ohc=SM1wRlP3lJwQ7kNvwEPuBYA&_nc_oc=AdnqrjDN_BNjSSHWO-GbkIWH6fkGMLw4bqvL_NH6e2wMveX7G-rP2dAqsDSq1mJMOaY&_nc_zt=24&_nc_ht=scontent-gig4-1.xx&_nc_gid=AoBFJeGrT1hVaew_6rchkQ&oh=00_AfX7QmFGhQhG2jAllVgXCiM1ZrWgvtp80-Bfppyexh1QEg&oe=689E923C","@id":"https:\/\/anoticiaonline.com.br\/site\/apae-de-muriae-realiza-sua-tradicional-festa-junina\/#organizationLogo"},"image":{"@id":"https:\/\/anoticiaonline.com.br\/site\/apae-de-muriae-realiza-sua-tradicional-festa-junina\/#organizationLogo"}},{"@type":"Person","@id":"https:\/\/anoticiaonline.com.br\/site\/author\/leandro\/#author","url":"https:\/\/anoticiaonline.com.br\/site\/author\/leandro\/","name":"Leandro Bebiano","image":{"@type":"ImageObject","@id":"https:\/\/anoticiaonline.com.br\/site\/apae-de-muriae-realiza-sua-tradicional-festa-junina\/#authorImage","url":"https:\/\/secure.gravatar.com\/avatar\/99966a20c143db97c8590c2013307c7c234a4cca48ed5657cbb47e22a400bd5f?s=96&d=mm&r=g","width":96,"height":96,"caption":"Leandro Bebiano"}},{"@type":"WebPage","@id":"https:\/\/anoticiaonline.com.br\/site\/apae-de-muriae-realiza-sua-tradicional-festa-junina\/#webpage","url":"https:\/\/anoticiaonline.com.br\/site\/apae-de-muriae-realiza-sua-tradicional-festa-junina\/","name":"APAE de Muria\u00e9 realiza sua tradicional Festa Junina - A Not\u00edcia Online","description":"Alunos da Escola Estadual de Educa\u00e7\u00e3o Especial usu\u00e1rios da APAE e seus familiares participaram da tradicional Festa Junina, realizada na noite de quarta-feira (11), na sede da entidade. O evento contou com apresenta\u00e7\u00f5es de quadrilha das crian\u00e7as, dos professores e funcion\u00e1rios, bingo, brincadeiras, comidas e doces t\u00edpicos. De acordo com a diretora da APAE-Muria\u00e9, Marise","inLanguage":"pt-BR","isPartOf":{"@id":"https:\/\/anoticiaonline.com.br\/site\/#website"},"breadcrumb":{"@id":"https:\/\/anoticiaonline.com.br\/site\/apae-de-muriae-realiza-sua-tradicional-festa-junina\/#breadcrumblist"},"author":{"@id":"https:\/\/anoticiaonline.com.br\/site\/author\/leandro\/#author"},"creator":{"@id":"https:\/\/anoticiaonline.com.br\/site\/author\/leandro\/#author"},"image":{"@type":"ImageObject","url":"https:\/\/anoticiaonline.com.br\/site\/wp-content\/uploads\/2018\/07\/b9f4d0b4-936c-4046-b48f-e65cc0b10d64.jpg","@id":"https:\/\/anoticiaonline.com.br\/site\/apae-de-muriae-realiza-sua-tradicional-festa-junina\/#mainImage","width":640,"height":480},"primaryImageOfPage":{"@id":"https:\/\/anoticiaonline.com.br\/site\/apae-de-muriae-realiza-sua-tradicional-festa-junina\/#mainImage"},"datePublished":"2018-07-12T21:14:15-03:00","dateModified":"2018-07-12T21:14:15-03:00"},{"@type":"WebSite","@id":"https:\/\/anoticiaonline.com.br\/site\/#website","url":"https:\/\/anoticiaonline.com.br\/site\/","name":"A Not\u00edcia Online","description":"Noticias de Muria\u00e9 e regi\u00e3o","inLanguage":"pt-BR","publisher":{"@id":"https:\/\/anoticiaonline.com.br\/site\/#organization"}}]},"og:locale":"pt_BR","og:site_name":"A Not\u00edcia Online - Noticias de Muria\u00e9 e regi\u00e3o","og:type":"article","og:title":"APAE de Muria\u00e9 realiza sua tradicional Festa Junina - A Not\u00edcia Online","og:description":"Alunos da Escola Estadual de Educa\u00e7\u00e3o Especial usu\u00e1rios da APAE e seus familiares participaram da tradicional Festa Junina, realizada na noite de quarta-feira (11), na sede da entidade. O evento contou com apresenta\u00e7\u00f5es de quadrilha das crian\u00e7as, dos professores e funcion\u00e1rios, bingo, brincadeiras, comidas e doces t\u00edpicos. De acordo com a diretora da APAE-Muria\u00e9, Marise","og:url":"https:\/\/anoticiaonline.com.br\/site\/apae-de-muriae-realiza-sua-tradicional-festa-junina\/","og:image":"https:\/\/scontent-gig4-1.xx.fbcdn.net\/v\/t39.30808-1\/270437624_4564083193639691_6907940295614233970_n.jpg?stp=dst-jpg_s200x200_tt6&#038;_nc_cat=111&#038;ccb=1-7&#038;_nc_sid=f907e8&#038;_nc_ohc=SM1wRlP3lJwQ7kNvwEPuBYA&#038;_nc_oc=AdnqrjDN_BNjSSHWO-GbkIWH6fkGMLw4bqvL_NH6e2wMveX7G-rP2dAqsDSq1mJMOaY&#038;_nc_zt=24&#038;_nc_ht=scontent-gig4-1.xx&#038;_nc_gid=AoBFJeGrT1hVaew_6rchkQ&#038;oh=00_AfX7QmFGhQhG2jAllVgXCiM1ZrWgvtp80-Bfppyexh1QEg&#038;oe=689E923C","og:image:secure_url":"https:\/\/scontent-gig4-1.xx.fbcdn.net\/v\/t39.30808-1\/270437624_4564083193639691_6907940295614233970_n.jpg?stp=dst-jpg_s200x200_tt6&#038;_nc_cat=111&#038;ccb=1-7&#038;_nc_sid=f907e8&#038;_nc_ohc=SM1wRlP3lJwQ7kNvwEPuBYA&#038;_nc_oc=AdnqrjDN_BNjSSHWO-GbkIWH6fkGMLw4bqvL_NH6e2wMveX7G-rP2dAqsDSq1mJMOaY&#038;_nc_zt=24&#038;_nc_ht=scontent-gig4-1.xx&#038;_nc_gid=AoBFJeGrT1hVaew_6rchkQ&#038;oh=00_AfX7QmFGhQhG2jAllVgXCiM1ZrWgvtp80-Bfppyexh1QEg&#038;oe=689E923C","article:published_time":"2018-07-13T00:14:15+00:00","article:modified_time":"2018-07-13T00:14:15+00:00","twitter:card":"summary_large_image","twitter:title":"APAE de Muria\u00e9 realiza sua tradicional Festa Junina - A Not\u00edcia Online","twitter:description":"Alunos da Escola Estadual de Educa\u00e7\u00e3o Especial usu\u00e1rios da APAE e seus familiares participaram da tradicional Festa Junina, realizada na noite de quarta-feira (11), na sede da entidade. O evento contou com apresenta\u00e7\u00f5es de quadrilha das crian\u00e7as, dos professores e funcion\u00e1rios, bingo, brincadeiras, comidas e doces t\u00edpicos. De acordo com a diretora da APAE-Muria\u00e9, Marise","twitter:image":"https:\/\/scontent-gig4-1.xx.fbcdn.net\/v\/t39.30808-1\/270437624_4564083193639691_6907940295614233970_n.jpg?stp=dst-jpg_s200x200_tt6&_nc_cat=111&ccb=1-7&_nc_sid=f907e8&_nc_ohc=SM1wRlP3lJwQ7kNvwEPuBYA&_nc_oc=AdnqrjDN_BNjSSHWO-GbkIWH6fkGMLw4bqvL_NH6e2wMveX7G-rP2dAqsDSq1mJMOaY&_nc_zt=24&_nc_ht=scontent-gig4-1.xx&_nc_gid=AoBFJeGrT1hVaew_6rchkQ&oh=00_AfX7QmFGhQhG2jAllVgXCiM1ZrWgvtp80-Bfppyexh1QEg&oe=689E923C"},"aioseo_meta_data":{"post_id":"58304","title":null,"description":null,"keywords":null,"keyphrases":null,"primary_term":null,"canonical_url":null,"og_title":null,"og_description":null,"og_object_type":"default","og_image_type":"default","og_image_url":null,"og_image_width":null,"og_image_height":null,"og_image_custom_url":null,"og_image_custom_fields":null,"og_video":null,"og_custom_url":null,"og_article_section":null,"og_article_tags":null,"twitter_use_og":false,"twitter_card":"default","twitter_image_type":"default","twitter_image_url":null,"twitter_image_custom_url":null,"twitter_image_custom_fields":null,"twitter_title":null,"twitter_description":null,"schema":{"blockGraphs":[],"customGraphs":[],"default":{"data":{"Article":[],"Course":[],"Dataset":[],"FAQPage":[],"Movie":[],"Person":[],"Product":[],"ProductReview":[],"Car":[],"Recipe":[],"Service":[],"SoftwareApplication":[],"WebPage":[]},"graphName":"","isEnabled":true},"graphs":[]},"schema_type":"default","schema_type_options":null,"pillar_content":false,"robots_default":true,"robots_noindex":false,"robots_noarchive":false,"robots_nosnippet":false,"robots_nofollow":false,"robots_noimageindex":false,"robots_noodp":false,"robots_notranslate":false,"robots_max_snippet":null,"robots_max_videopreview":null,"robots_max_imagepreview":"large","priority":null,"frequency":null,"local_seo":null,"breadcrumb_settings":null,"limit_modified_date":false,"ai":null,"created":"2025-08-16 21:14:19","updated":"2025-08-16 21:14:19","focus_keyword":null,"additional_keywords":null,"truseo_locale":null,"seo_analyzer_scan_date":null},"aioseo_breadcrumb":"<div class=\"aioseo-breadcrumbs\"><span class=\"aioseo-breadcrumb\">\n\t\t\t<a href=\"https:\/\/anoticiaonline.com.br\/site\" title=\"Home\">Home<\/a>\n\t\t<\/span><span class=\"aioseo-breadcrumb-separator\">&raquo;<\/span><span class=\"aioseo-breadcrumb\">\n\t\t\t<a href=\"https:\/\/anoticiaonline.com.br\/site\/categoria\/eventos\/\" title=\"Eventos\">Eventos<\/a>\n\t\t<\/span><span class=\"aioseo-breadcrumb-separator\">&raquo;<\/span><span class=\"aioseo-breadcrumb\">\n\t\t\tAPAE de Muria\u00e9 realiza sua tradicional Festa Junina\n\t\t<\/span><\/div>","aioseo_breadcrumb_json":[{"label":"Home","link":"https:\/\/anoticiaonline.com.br\/site"},{"label":"Eventos","link":"https:\/\/anoticiaonline.com.br\/site\/categoria\/eventos\/"},{"label":"APAE de Muria\u00e9 realiza sua tradicional Festa Junina","link":"https:\/\/anoticiaonline.com.br\/site\/apae-de-muriae-realiza-sua-tradicional-festa-junina\/"}],"views":190,"_links":{"self":[{"href":"https:\/\/anoticiaonline.com.br\/site\/wp-json\/wp\/v2\/posts\/58304","targetHints":{"allow":["GET"]}}],"collection":[{"href":"https:\/\/anoticiaonline.com.br\/site\/wp-json\/wp\/v2\/posts"}],"about":[{"href":"https:\/\/anoticiaonline.com.br\/site\/wp-json\/wp\/v2\/types\/post"}],"author":[{"embeddable":true,"href":"https:\/\/anoticiaonline.com.br\/site\/wp-json\/wp\/v2\/users\/7"}],"replies":[{"embeddable":true,"href":"https:\/\/anoticiaonline.com.br\/site\/wp-json\/wp\/v2\/comments?post=58304"}],"version-history":[{"count":0,"href":"https:\/\/anoticiaonline.com.br\/site\/wp-json\/wp\/v2\/posts\/58304\/revisions"}],"wp:featuredmedia":[{"embeddable":true,"href":"https:\/\/anoticiaonline.com.br\/site\/wp-json\/wp\/v2\/media\/58305"}],"wp:attachment":[{"href":"https:\/\/anoticiaonline.com.br\/site\/wp-json\/wp\/v2\/media?parent=58304"}],"wp:term":[{"taxonomy":"category","embeddable":true,"href":"https:\/\/anoticiaonline.com.br\/site\/wp-json\/wp\/v2\/categories?post=58304"},{"taxonomy":"post_tag","embeddable":true,"href":"https:\/\/anoticiaonline.com.br\/site\/wp-json\/wp\/v2\/tags?post=58304"}],"curies":[{"name":"wp","href":"https:\/\/api.w.org\/{rel}","templated":true}]}}