{"id":58293,"date":"2018-07-12T21:09:24","date_gmt":"2018-07-13T00:09:24","guid":{"rendered":"http:\/\/anoticiaonline.com.br\/site\/?p=58293"},"modified":"2018-07-12T21:10:08","modified_gmt":"2018-07-13T00:10:08","slug":"lider-chevrolet-muriae-recebe-certificacao-classe-a-pela-setima-vez","status":"publish","type":"post","link":"https:\/\/anoticiaonline.com.br\/site\/lider-chevrolet-muriae-recebe-certificacao-classe-a-pela-setima-vez\/","title":{"rendered":"L\u00edder Chevrolet Muria\u00e9 recebe certifica\u00e7\u00e3o Classe \u201cA\u201d pela s\u00e9tima vez"},"content":{"rendered":"<p><a href=\"https:\/\/anoticiaonline.com.br\/site\/wp-content\/uploads\/2018\/07\/IMG_0661_707x397.jpg\"><img fetchpriority=\"high\" decoding=\"async\" class=\"aligncenter size-full wp-image-58295\" src=\"https:\/\/anoticiaonline.com.br\/site\/wp-content\/uploads\/2018\/07\/IMG_0661_707x397.jpg\" alt=\"\" width=\"640\" height=\"359\" srcset=\"https:\/\/anoticiaonline.com.br\/site\/wp-content\/uploads\/2018\/07\/IMG_0661_707x397.jpg 640w, https:\/\/anoticiaonline.com.br\/site\/wp-content\/uploads\/2018\/07\/IMG_0661_707x397-300x168.jpg 300w\" sizes=\"(max-width: 640px) 100vw, 640px\" \/><\/a>Com 51 anos de exist\u00eancia, concession\u00e1ria L\u00edder Chevrolet de Muria\u00e9, recebeu, pela s\u00e9tima vez, na noite de segunda-feira (9), a certifica\u00e7\u00e3o Classe \u201cA\u201d por atender aos compromissos de manter os mais elevados \u00edndices e padr\u00f5es de suas opera\u00e7\u00f5es, garantindo o total entusiasmo do cliente Chevrolet.<\/p>\n<p>Presente no evento, Jos\u00e9 Braz, presidente do Grupo L\u00edder, disse que \u00e9 uma grande satisfa\u00e7\u00e3o para sua fam\u00edlia e sua equipe receber mais um grande reconhecimento como este. \u201c\u00c9 uma grande felicidade para n\u00f3s ter funcion\u00e1rios maravilhosos e competentes na L\u00edder Chevrolet. Sem d\u00favida, esta concession\u00e1ria \u00e9 um grande exemplo para outras empresas espalhadas pelo Brasil a fora. Estamos muito orgulhosos de todos os membros que alcan\u00e7aram mais uma certifica\u00e7\u00e3o\u201d, conta.<\/p>\n<p><a href=\"https:\/\/anoticiaonline.com.br\/site\/wp-content\/uploads\/2018\/07\/Festa-Junina-do-Colina-2018-Cartaz.jpg\"><img decoding=\"async\" class=\"aligncenter size-full wp-image-58296\" src=\"https:\/\/anoticiaonline.com.br\/site\/wp-content\/uploads\/2018\/07\/Festa-Junina-do-Colina-2018-Cartaz.jpg\" alt=\"\" width=\"640\" height=\"426\" srcset=\"https:\/\/anoticiaonline.com.br\/site\/wp-content\/uploads\/2018\/07\/Festa-Junina-do-Colina-2018-Cartaz.jpg 640w, https:\/\/anoticiaonline.com.br\/site\/wp-content\/uploads\/2018\/07\/Festa-Junina-do-Colina-2018-Cartaz-300x200.jpg 300w\" sizes=\"(max-width: 640px) 100vw, 640px\" \/><\/a>O deputado estadual, Braulio Braz, disse que, em 10 anos de exist\u00eancia da certifica\u00e7\u00e3o Classe \u201cA\u201d, esta \u00e9 a s\u00e9tima vez que a L\u00edder Chevrolet \u00e9 premiada. \u201cAntes de esta certifica\u00e7\u00e3o existir, a L\u00edder Chevrolet j\u00e1 havia recebido diversos reconhecimentos do tipo o que me deixa muito orgulhoso. Para receber estes pr\u00eamios \u00e9 sempre importante investir no atendimento ao cliente, oferecendo servi\u00e7os cada vez melhores. A L\u00edder Chevrolet, com matriz em Muria\u00e9, possui duas filiais, uma em Cataguases e outra em Leopoldina, e \u00e9 sempre importante valorizar o trabalho das tr\u00eas equipes, com colaboradores que trabalham com prazer e conduzem a empresa da melhor maneira poss\u00edvel\u201d, conta.<\/p>\n<p>Presente no evento, Laerte de Souza, gerente regional do Banco Chevrolet em Minas Gerais, disse que quando come\u00e7ou a atuar nos servi\u00e7os financeiros da Chevrolet, o Grupo L\u00edder foi o primeiro a ser atendido por ele. \u201c\u00c9 uma grande satisfa\u00e7\u00e3o ter a L\u00edder Chevrolet como nossa parceira, que figura como uma das \u2018Top Five\u2019 no Brasil todo e que atende todos os padr\u00f5es que a General Motors preconiza dentro do seu mercado de atua\u00e7\u00e3o. \u00c9 um orgulho para n\u00f3s fazer parte desta comemora\u00e7\u00e3o\u201d, conta.<\/p>\n<p>Raniere Leit\u00e3o Filho, coordenador de p\u00f3s-vendas da Chevrolet, disse que \u00e9 muito importante para a concession\u00e1ria receber esta classifica\u00e7\u00e3o. \u201cDigo isto, principalmente, em rela\u00e7\u00e3o ao setor que trabalho, o p\u00f3s-vendas. Atender o cliente ap\u00f3s a compra \u00e9 fundamental para cativ\u00e1-lo e mant\u00ea-lo ainda mais pr\u00f3ximo. Por isso, atendimento e oficinas com pe\u00e7as de qualidade s\u00e3o extremamente valiosos\u201d, diz.<\/p>\n<p><a href=\"https:\/\/anoticiaonline.com.br\/site\/wp-content\/uploads\/2018\/07\/IMG_0642_707x471.jpg\"><img decoding=\"async\" class=\"aligncenter size-full wp-image-58297\" src=\"https:\/\/anoticiaonline.com.br\/site\/wp-content\/uploads\/2018\/07\/IMG_0642_707x471.jpg\" alt=\"\" width=\"640\" height=\"426\" srcset=\"https:\/\/anoticiaonline.com.br\/site\/wp-content\/uploads\/2018\/07\/IMG_0642_707x471.jpg 640w, https:\/\/anoticiaonline.com.br\/site\/wp-content\/uploads\/2018\/07\/IMG_0642_707x471-300x200.jpg 300w\" sizes=\"(max-width: 640px) 100vw, 640px\" \/><\/a>Fernando Sales, gerente regional de opera\u00e7\u00f5es da Chevrolet Minas Gerais, disse que \u00e9 um orgulho participar da cerim\u00f4nia de premia\u00e7\u00e3o. \u201cEste \u00e9 o s\u00e9timo ano de classifica\u00e7\u00e3o \u201cA\u201d da L\u00edder Chevrolet nos \u00faltimos 10 anos, sem d\u00favida ela faz parte de um grupo seleto no pa\u00eds. Esta premia\u00e7\u00e3o mostra toda a compet\u00eancia e excel\u00eancia que a concession\u00e1ria vem conquistando. Para isto, a empresa atingiu os mais rigorosos \u00edndices exigidos pela Chevrolet junto \u00e0 rede de concession\u00e1rias como vendas, p\u00f3s-vendas, satisfa\u00e7\u00e3o do cliente, servi\u00e7os e indicadores financeiros alcan\u00e7ados nos \u00faltimos 12 meses\u201d, conta.<\/p>\n<p><a href=\"https:\/\/anoticiaonline.com.br\/site\/wp-content\/uploads\/2018\/07\/DSC_0495-1.jpg\"><img loading=\"lazy\" decoding=\"async\" class=\"aligncenter size-full wp-image-58298\" src=\"https:\/\/anoticiaonline.com.br\/site\/wp-content\/uploads\/2018\/07\/DSC_0495-1.jpg\" alt=\"\" width=\"640\" height=\"427\" srcset=\"https:\/\/anoticiaonline.com.br\/site\/wp-content\/uploads\/2018\/07\/DSC_0495-1.jpg 640w, https:\/\/anoticiaonline.com.br\/site\/wp-content\/uploads\/2018\/07\/DSC_0495-1-300x200.jpg 300w\" sizes=\"(max-width: 640px) 100vw, 640px\" \/><\/a> <a href=\"https:\/\/anoticiaonline.com.br\/site\/wp-content\/uploads\/2018\/07\/DSC_0546.jpg\"><img loading=\"lazy\" decoding=\"async\" class=\"aligncenter size-full wp-image-58299\" src=\"https:\/\/anoticiaonline.com.br\/site\/wp-content\/uploads\/2018\/07\/DSC_0546.jpg\" alt=\"\" width=\"640\" height=\"427\" srcset=\"https:\/\/anoticiaonline.com.br\/site\/wp-content\/uploads\/2018\/07\/DSC_0546.jpg 640w, https:\/\/anoticiaonline.com.br\/site\/wp-content\/uploads\/2018\/07\/DSC_0546-300x200.jpg 300w\" sizes=\"(max-width: 640px) 100vw, 640px\" \/><\/a> <a href=\"https:\/\/anoticiaonline.com.br\/site\/wp-content\/uploads\/2018\/07\/IMG_0645_707x490.jpg\"><img loading=\"lazy\" decoding=\"async\" class=\"aligncenter size-full wp-image-58300\" src=\"https:\/\/anoticiaonline.com.br\/site\/wp-content\/uploads\/2018\/07\/IMG_0645_707x490.jpg\" alt=\"\" width=\"640\" height=\"443\" srcset=\"https:\/\/anoticiaonline.com.br\/site\/wp-content\/uploads\/2018\/07\/IMG_0645_707x490.jpg 640w, https:\/\/anoticiaonline.com.br\/site\/wp-content\/uploads\/2018\/07\/IMG_0645_707x490-300x208.jpg 300w\" sizes=\"(max-width: 640px) 100vw, 640px\" \/><\/a> <a href=\"https:\/\/anoticiaonline.com.br\/site\/wp-content\/uploads\/2018\/07\/IMG_0658_707x357.jpg\"><img loading=\"lazy\" decoding=\"async\" class=\"aligncenter size-full wp-image-58301\" src=\"https:\/\/anoticiaonline.com.br\/site\/wp-content\/uploads\/2018\/07\/IMG_0658_707x357.jpg\" alt=\"\" width=\"640\" height=\"323\" srcset=\"https:\/\/anoticiaonline.com.br\/site\/wp-content\/uploads\/2018\/07\/IMG_0658_707x357.jpg 640w, https:\/\/anoticiaonline.com.br\/site\/wp-content\/uploads\/2018\/07\/IMG_0658_707x357-300x151.jpg 300w\" sizes=\"(max-width: 640px) 100vw, 640px\" \/><\/a>Chevrolet<\/p>\n","protected":false},"excerpt":{"rendered":"<p>Com 51 anos de exist\u00eancia, concession\u00e1ria L\u00edder Chevrolet de Muria\u00e9, recebeu, pela s\u00e9tima vez, na noite de segunda-feira (9), a certifica\u00e7\u00e3o Classe \u201cA\u201d por atender aos compromissos de manter os mais elevados \u00edndices e padr\u00f5es de suas opera\u00e7\u00f5es, garantindo o total entusiasmo do cliente Chevrolet. Presente no evento, Jos\u00e9 Braz, presidente do Grupo L\u00edder, disse &#8230; <a title=\"L\u00edder Chevrolet Muria\u00e9 recebe certifica\u00e7\u00e3o Classe \u201cA\u201d pela s\u00e9tima vez\" class=\"read-more\" href=\"https:\/\/anoticiaonline.com.br\/site\/lider-chevrolet-muriae-recebe-certificacao-classe-a-pela-setima-vez\/\" aria-label=\"Read more about L\u00edder Chevrolet Muria\u00e9 recebe certifica\u00e7\u00e3o Classe \u201cA\u201d pela s\u00e9tima vez\">Ler mais<\/a><\/p>\n","protected":false},"author":7,"featured_media":58300,"comment_status":"open","ping_status":"open","sticky":false,"template":"","format":"standard","meta":{"_acf_changed":false,"_monsterinsights_skip_tracking":false,"footnotes":""},"categories":[30,24],"tags":[2813,2814,2812],"class_list":["post-58293","post","type-post","status-publish","format-standard","has-post-thumbnail","hentry","category-muriae","category-eventos","tag-chrevrolet","tag-classe-a","tag-lider"],"acf":[],"aioseo_notices":[],"aioseo_head":"\n\t\t<!-- All in One SEO 5.0.0.1 - aioseo.com -->\n\t<meta name=\"description\" content=\"Com 51 anos de exist\u00eancia, concession\u00e1ria L\u00edder Chevrolet de Muria\u00e9, recebeu, pela s\u00e9tima vez, na noite de segunda-feira (9), a certifica\u00e7\u00e3o Classe \u201cA\u201d por atender aos compromissos de manter os mais elevados \u00edndices e padr\u00f5es de suas opera\u00e7\u00f5es, garantindo o total entusiasmo do cliente Chevrolet. Presente no evento, Jos\u00e9 Braz, presidente do Grupo L\u00edder, disse\" \/>\n\t<meta name=\"robots\" content=\"max-image-preview:large\" \/>\n\t<meta name=\"author\" content=\"Leandro Bebiano\"\/>\n\t<link rel=\"canonical\" href=\"https:\/\/anoticiaonline.com.br\/site\/lider-chevrolet-muriae-recebe-certificacao-classe-a-pela-setima-vez\/\" \/>\n\t<meta name=\"generator\" content=\"All in One SEO (AIOSEO) 5.0.0.1\" \/>\n\t\t<meta property=\"og:locale\" content=\"pt_BR\" \/>\n\t\t<meta property=\"og:site_name\" content=\"A Not\u00edcia Online - Noticias de Muria\u00e9 e regi\u00e3o\" \/>\n\t\t<meta property=\"og:type\" content=\"article\" \/>\n\t\t<meta property=\"og:title\" content=\"L\u00edder Chevrolet Muria\u00e9 recebe certifica\u00e7\u00e3o Classe \u201cA\u201d pela s\u00e9tima vez - A Not\u00edcia Online\" \/>\n\t\t<meta property=\"og:description\" content=\"Com 51 anos de exist\u00eancia, concession\u00e1ria L\u00edder Chevrolet de Muria\u00e9, recebeu, pela s\u00e9tima vez, na noite de segunda-feira (9), a certifica\u00e7\u00e3o Classe \u201cA\u201d por atender aos compromissos de manter os mais elevados \u00edndices e padr\u00f5es de suas opera\u00e7\u00f5es, garantindo o total entusiasmo do cliente Chevrolet. Presente no evento, Jos\u00e9 Braz, presidente do Grupo L\u00edder, disse\" \/>\n\t\t<meta property=\"og:url\" content=\"https:\/\/anoticiaonline.com.br\/site\/lider-chevrolet-muriae-recebe-certificacao-classe-a-pela-setima-vez\/\" \/>\n\t\t<meta property=\"og:image\" content=\"https:\/\/scontent-gig4-1.xx.fbcdn.net\/v\/t39.30808-1\/270437624_4564083193639691_6907940295614233970_n.jpg?stp=dst-jpg_s200x200_tt6&#038;_nc_cat=111&#038;ccb=1-7&#038;_nc_sid=f907e8&#038;_nc_ohc=SM1wRlP3lJwQ7kNvwEPuBYA&#038;_nc_oc=AdnqrjDN_BNjSSHWO-GbkIWH6fkGMLw4bqvL_NH6e2wMveX7G-rP2dAqsDSq1mJMOaY&#038;_nc_zt=24&#038;_nc_ht=scontent-gig4-1.xx&#038;_nc_gid=AoBFJeGrT1hVaew_6rchkQ&#038;oh=00_AfX7QmFGhQhG2jAllVgXCiM1ZrWgvtp80-Bfppyexh1QEg&#038;oe=689E923C\" \/>\n\t\t<meta property=\"og:image:secure_url\" content=\"https:\/\/scontent-gig4-1.xx.fbcdn.net\/v\/t39.30808-1\/270437624_4564083193639691_6907940295614233970_n.jpg?stp=dst-jpg_s200x200_tt6&#038;_nc_cat=111&#038;ccb=1-7&#038;_nc_sid=f907e8&#038;_nc_ohc=SM1wRlP3lJwQ7kNvwEPuBYA&#038;_nc_oc=AdnqrjDN_BNjSSHWO-GbkIWH6fkGMLw4bqvL_NH6e2wMveX7G-rP2dAqsDSq1mJMOaY&#038;_nc_zt=24&#038;_nc_ht=scontent-gig4-1.xx&#038;_nc_gid=AoBFJeGrT1hVaew_6rchkQ&#038;oh=00_AfX7QmFGhQhG2jAllVgXCiM1ZrWgvtp80-Bfppyexh1QEg&#038;oe=689E923C\" \/>\n\t\t<meta property=\"article:published_time\" content=\"2018-07-13T00:09:24+00:00\" \/>\n\t\t<meta property=\"article:modified_time\" content=\"2018-07-13T00:10:08+00:00\" \/>\n\t\t<meta name=\"twitter:card\" content=\"summary_large_image\" \/>\n\t\t<meta name=\"twitter:title\" content=\"L\u00edder Chevrolet Muria\u00e9 recebe certifica\u00e7\u00e3o Classe \u201cA\u201d pela s\u00e9tima vez - A Not\u00edcia Online\" \/>\n\t\t<meta name=\"twitter:description\" content=\"Com 51 anos de exist\u00eancia, concession\u00e1ria L\u00edder Chevrolet de Muria\u00e9, recebeu, pela s\u00e9tima vez, na noite de segunda-feira (9), a certifica\u00e7\u00e3o Classe \u201cA\u201d por atender aos compromissos de manter os mais elevados \u00edndices e padr\u00f5es de suas opera\u00e7\u00f5es, garantindo o total entusiasmo do cliente Chevrolet. Presente no evento, Jos\u00e9 Braz, presidente do Grupo L\u00edder, disse\" \/>\n\t\t<meta name=\"twitter:image\" content=\"https:\/\/scontent-gig4-1.xx.fbcdn.net\/v\/t39.30808-1\/270437624_4564083193639691_6907940295614233970_n.jpg?stp=dst-jpg_s200x200_tt6&amp;_nc_cat=111&amp;ccb=1-7&amp;_nc_sid=f907e8&amp;_nc_ohc=SM1wRlP3lJwQ7kNvwEPuBYA&amp;_nc_oc=AdnqrjDN_BNjSSHWO-GbkIWH6fkGMLw4bqvL_NH6e2wMveX7G-rP2dAqsDSq1mJMOaY&amp;_nc_zt=24&amp;_nc_ht=scontent-gig4-1.xx&amp;_nc_gid=AoBFJeGrT1hVaew_6rchkQ&amp;oh=00_AfX7QmFGhQhG2jAllVgXCiM1ZrWgvtp80-Bfppyexh1QEg&amp;oe=689E923C\" \/>\n\t\t<script type=\"application\/ld+json\" class=\"aioseo-schema\">\n\t\t\t{\"@context\":\"https:\\\/\\\/schema.org\",\"@graph\":[{\"@type\":\"BlogPosting\",\"@id\":\"https:\\\/\\\/anoticiaonline.com.br\\\/site\\\/lider-chevrolet-muriae-recebe-certificacao-classe-a-pela-setima-vez\\\/#blogposting\",\"name\":\"L\\u00edder Chevrolet Muria\\u00e9 recebe certifica\\u00e7\\u00e3o Classe \\u201cA\\u201d pela s\\u00e9tima vez - A Not\\u00edcia Online\",\"headline\":\"L\\u00edder Chevrolet Muria\\u00e9 recebe certifica\\u00e7\\u00e3o Classe \\u201cA\\u201d pela s\\u00e9tima vez\",\"author\":{\"@id\":\"https:\\\/\\\/anoticiaonline.com.br\\\/site\\\/author\\\/leandro\\\/#author\"},\"publisher\":{\"@id\":\"https:\\\/\\\/anoticiaonline.com.br\\\/site\\\/#organization\"},\"image\":{\"@type\":\"ImageObject\",\"url\":\"https:\\\/\\\/anoticiaonline.com.br\\\/site\\\/wp-content\\\/uploads\\\/2018\\\/07\\\/IMG_0645_707x490.jpg\",\"width\":640,\"height\":443},\"datePublished\":\"2018-07-12T21:09:24-03:00\",\"dateModified\":\"2018-07-12T21:10:08-03:00\",\"inLanguage\":\"pt-BR\",\"mainEntityOfPage\":{\"@id\":\"https:\\\/\\\/anoticiaonline.com.br\\\/site\\\/lider-chevrolet-muriae-recebe-certificacao-classe-a-pela-setima-vez\\\/#webpage\"},\"isPartOf\":{\"@id\":\"https:\\\/\\\/anoticiaonline.com.br\\\/site\\\/lider-chevrolet-muriae-recebe-certificacao-classe-a-pela-setima-vez\\\/#webpage\"},\"articleSection\":\"Blog, Eventos, Chrevrolet, Classe A, Lider\"},{\"@type\":\"BreadcrumbList\",\"@id\":\"https:\\\/\\\/anoticiaonline.com.br\\\/site\\\/lider-chevrolet-muriae-recebe-certificacao-classe-a-pela-setima-vez\\\/#breadcrumblist\",\"itemListElement\":[{\"@type\":\"ListItem\",\"@id\":\"https:\\\/\\\/anoticiaonline.com.br\\\/site#listItem\",\"position\":1,\"name\":\"Home\",\"item\":\"https:\\\/\\\/anoticiaonline.com.br\\\/site\",\"nextItem\":{\"@type\":\"ListItem\",\"@id\":\"https:\\\/\\\/anoticiaonline.com.br\\\/site\\\/categoria\\\/eventos\\\/#listItem\",\"name\":\"Eventos\"}},{\"@type\":\"ListItem\",\"@id\":\"https:\\\/\\\/anoticiaonline.com.br\\\/site\\\/categoria\\\/eventos\\\/#listItem\",\"position\":2,\"name\":\"Eventos\",\"item\":\"https:\\\/\\\/anoticiaonline.com.br\\\/site\\\/categoria\\\/eventos\\\/\",\"nextItem\":{\"@type\":\"ListItem\",\"@id\":\"https:\\\/\\\/anoticiaonline.com.br\\\/site\\\/lider-chevrolet-muriae-recebe-certificacao-classe-a-pela-setima-vez\\\/#listItem\",\"name\":\"L\\u00edder Chevrolet Muria\\u00e9 recebe certifica\\u00e7\\u00e3o Classe \\u201cA\\u201d pela s\\u00e9tima vez\"},\"previousItem\":{\"@type\":\"ListItem\",\"@id\":\"https:\\\/\\\/anoticiaonline.com.br\\\/site#listItem\",\"name\":\"Home\"}},{\"@type\":\"ListItem\",\"@id\":\"https:\\\/\\\/anoticiaonline.com.br\\\/site\\\/lider-chevrolet-muriae-recebe-certificacao-classe-a-pela-setima-vez\\\/#listItem\",\"position\":3,\"name\":\"L\\u00edder Chevrolet Muria\\u00e9 recebe certifica\\u00e7\\u00e3o Classe \\u201cA\\u201d pela s\\u00e9tima vez\",\"previousItem\":{\"@type\":\"ListItem\",\"@id\":\"https:\\\/\\\/anoticiaonline.com.br\\\/site\\\/categoria\\\/eventos\\\/#listItem\",\"name\":\"Eventos\"}}]},{\"@type\":\"Organization\",\"@id\":\"https:\\\/\\\/anoticiaonline.com.br\\\/site\\\/#organization\",\"name\":\"A Not\\u00edcia Online\",\"description\":\"Noticias de Muria\\u00e9 e regi\\u00e3o\",\"url\":\"https:\\\/\\\/anoticiaonline.com.br\\\/site\\\/\",\"logo\":{\"@type\":\"ImageObject\",\"url\":\"https:\\\/\\\/scontent-gig4-1.xx.fbcdn.net\\\/v\\\/t39.30808-1\\\/270437624_4564083193639691_6907940295614233970_n.jpg?stp=dst-jpg_s200x200_tt6&_nc_cat=111&ccb=1-7&_nc_sid=f907e8&_nc_ohc=SM1wRlP3lJwQ7kNvwEPuBYA&_nc_oc=AdnqrjDN_BNjSSHWO-GbkIWH6fkGMLw4bqvL_NH6e2wMveX7G-rP2dAqsDSq1mJMOaY&_nc_zt=24&_nc_ht=scontent-gig4-1.xx&_nc_gid=AoBFJeGrT1hVaew_6rchkQ&oh=00_AfX7QmFGhQhG2jAllVgXCiM1ZrWgvtp80-Bfppyexh1QEg&oe=689E923C\",\"@id\":\"https:\\\/\\\/anoticiaonline.com.br\\\/site\\\/lider-chevrolet-muriae-recebe-certificacao-classe-a-pela-setima-vez\\\/#organizationLogo\"},\"image\":{\"@id\":\"https:\\\/\\\/anoticiaonline.com.br\\\/site\\\/lider-chevrolet-muriae-recebe-certificacao-classe-a-pela-setima-vez\\\/#organizationLogo\"}},{\"@type\":\"Person\",\"@id\":\"https:\\\/\\\/anoticiaonline.com.br\\\/site\\\/author\\\/leandro\\\/#author\",\"url\":\"https:\\\/\\\/anoticiaonline.com.br\\\/site\\\/author\\\/leandro\\\/\",\"name\":\"Leandro Bebiano\",\"image\":{\"@type\":\"ImageObject\",\"@id\":\"https:\\\/\\\/anoticiaonline.com.br\\\/site\\\/lider-chevrolet-muriae-recebe-certificacao-classe-a-pela-setima-vez\\\/#authorImage\",\"url\":\"https:\\\/\\\/secure.gravatar.com\\\/avatar\\\/99966a20c143db97c8590c2013307c7c234a4cca48ed5657cbb47e22a400bd5f?s=96&d=mm&r=g\",\"width\":96,\"height\":96,\"caption\":\"Leandro Bebiano\"}},{\"@type\":\"WebPage\",\"@id\":\"https:\\\/\\\/anoticiaonline.com.br\\\/site\\\/lider-chevrolet-muriae-recebe-certificacao-classe-a-pela-setima-vez\\\/#webpage\",\"url\":\"https:\\\/\\\/anoticiaonline.com.br\\\/site\\\/lider-chevrolet-muriae-recebe-certificacao-classe-a-pela-setima-vez\\\/\",\"name\":\"L\\u00edder Chevrolet Muria\\u00e9 recebe certifica\\u00e7\\u00e3o Classe \\u201cA\\u201d pela s\\u00e9tima vez - A Not\\u00edcia Online\",\"description\":\"Com 51 anos de exist\\u00eancia, concession\\u00e1ria L\\u00edder Chevrolet de Muria\\u00e9, recebeu, pela s\\u00e9tima vez, na noite de segunda-feira (9), a certifica\\u00e7\\u00e3o Classe \\u201cA\\u201d por atender aos compromissos de manter os mais elevados \\u00edndices e padr\\u00f5es de suas opera\\u00e7\\u00f5es, garantindo o total entusiasmo do cliente Chevrolet. Presente no evento, Jos\\u00e9 Braz, presidente do Grupo L\\u00edder, disse\",\"inLanguage\":\"pt-BR\",\"isPartOf\":{\"@id\":\"https:\\\/\\\/anoticiaonline.com.br\\\/site\\\/#website\"},\"breadcrumb\":{\"@id\":\"https:\\\/\\\/anoticiaonline.com.br\\\/site\\\/lider-chevrolet-muriae-recebe-certificacao-classe-a-pela-setima-vez\\\/#breadcrumblist\"},\"author\":{\"@id\":\"https:\\\/\\\/anoticiaonline.com.br\\\/site\\\/author\\\/leandro\\\/#author\"},\"creator\":{\"@id\":\"https:\\\/\\\/anoticiaonline.com.br\\\/site\\\/author\\\/leandro\\\/#author\"},\"image\":{\"@type\":\"ImageObject\",\"url\":\"https:\\\/\\\/anoticiaonline.com.br\\\/site\\\/wp-content\\\/uploads\\\/2018\\\/07\\\/IMG_0645_707x490.jpg\",\"@id\":\"https:\\\/\\\/anoticiaonline.com.br\\\/site\\\/lider-chevrolet-muriae-recebe-certificacao-classe-a-pela-setima-vez\\\/#mainImage\",\"width\":640,\"height\":443},\"primaryImageOfPage\":{\"@id\":\"https:\\\/\\\/anoticiaonline.com.br\\\/site\\\/lider-chevrolet-muriae-recebe-certificacao-classe-a-pela-setima-vez\\\/#mainImage\"},\"datePublished\":\"2018-07-12T21:09:24-03:00\",\"dateModified\":\"2018-07-12T21:10:08-03:00\"},{\"@type\":\"WebSite\",\"@id\":\"https:\\\/\\\/anoticiaonline.com.br\\\/site\\\/#website\",\"url\":\"https:\\\/\\\/anoticiaonline.com.br\\\/site\\\/\",\"name\":\"A Not\\u00edcia Online\",\"description\":\"Noticias de Muria\\u00e9 e regi\\u00e3o\",\"inLanguage\":\"pt-BR\",\"publisher\":{\"@id\":\"https:\\\/\\\/anoticiaonline.com.br\\\/site\\\/#organization\"}}]}\n\t\t<\/script>\n\t\t<!-- All in One SEO -->\n\n","aioseo_head_json":{"title":"L\u00edder Chevrolet Muria\u00e9 recebe certifica\u00e7\u00e3o Classe \u201cA\u201d pela s\u00e9tima vez - A Not\u00edcia Online","description":"Com 51 anos de exist\u00eancia, concession\u00e1ria L\u00edder Chevrolet de Muria\u00e9, recebeu, pela s\u00e9tima vez, na noite de segunda-feira (9), a certifica\u00e7\u00e3o Classe \u201cA\u201d por atender aos compromissos de manter os mais elevados \u00edndices e padr\u00f5es de suas opera\u00e7\u00f5es, garantindo o total entusiasmo do cliente Chevrolet. Presente no evento, Jos\u00e9 Braz, presidente do Grupo L\u00edder, disse","canonical_url":"https:\/\/anoticiaonline.com.br\/site\/lider-chevrolet-muriae-recebe-certificacao-classe-a-pela-setima-vez\/","robots":"max-image-preview:large","keywords":"","webmasterTools":{"miscellaneous":""},"schema":{"@context":"https:\/\/schema.org","@graph":[{"@type":"BlogPosting","@id":"https:\/\/anoticiaonline.com.br\/site\/lider-chevrolet-muriae-recebe-certificacao-classe-a-pela-setima-vez\/#blogposting","name":"L\u00edder Chevrolet Muria\u00e9 recebe certifica\u00e7\u00e3o Classe \u201cA\u201d pela s\u00e9tima vez - A Not\u00edcia Online","headline":"L\u00edder Chevrolet Muria\u00e9 recebe certifica\u00e7\u00e3o Classe \u201cA\u201d pela s\u00e9tima vez","author":{"@id":"https:\/\/anoticiaonline.com.br\/site\/author\/leandro\/#author"},"publisher":{"@id":"https:\/\/anoticiaonline.com.br\/site\/#organization"},"image":{"@type":"ImageObject","url":"https:\/\/anoticiaonline.com.br\/site\/wp-content\/uploads\/2018\/07\/IMG_0645_707x490.jpg","width":640,"height":443},"datePublished":"2018-07-12T21:09:24-03:00","dateModified":"2018-07-12T21:10:08-03:00","inLanguage":"pt-BR","mainEntityOfPage":{"@id":"https:\/\/anoticiaonline.com.br\/site\/lider-chevrolet-muriae-recebe-certificacao-classe-a-pela-setima-vez\/#webpage"},"isPartOf":{"@id":"https:\/\/anoticiaonline.com.br\/site\/lider-chevrolet-muriae-recebe-certificacao-classe-a-pela-setima-vez\/#webpage"},"articleSection":"Blog, Eventos, Chrevrolet, Classe A, Lider"},{"@type":"BreadcrumbList","@id":"https:\/\/anoticiaonline.com.br\/site\/lider-chevrolet-muriae-recebe-certificacao-classe-a-pela-setima-vez\/#breadcrumblist","itemListElement":[{"@type":"ListItem","@id":"https:\/\/anoticiaonline.com.br\/site#listItem","position":1,"name":"Home","item":"https:\/\/anoticiaonline.com.br\/site","nextItem":{"@type":"ListItem","@id":"https:\/\/anoticiaonline.com.br\/site\/categoria\/eventos\/#listItem","name":"Eventos"}},{"@type":"ListItem","@id":"https:\/\/anoticiaonline.com.br\/site\/categoria\/eventos\/#listItem","position":2,"name":"Eventos","item":"https:\/\/anoticiaonline.com.br\/site\/categoria\/eventos\/","nextItem":{"@type":"ListItem","@id":"https:\/\/anoticiaonline.com.br\/site\/lider-chevrolet-muriae-recebe-certificacao-classe-a-pela-setima-vez\/#listItem","name":"L\u00edder Chevrolet Muria\u00e9 recebe certifica\u00e7\u00e3o Classe \u201cA\u201d pela s\u00e9tima vez"},"previousItem":{"@type":"ListItem","@id":"https:\/\/anoticiaonline.com.br\/site#listItem","name":"Home"}},{"@type":"ListItem","@id":"https:\/\/anoticiaonline.com.br\/site\/lider-chevrolet-muriae-recebe-certificacao-classe-a-pela-setima-vez\/#listItem","position":3,"name":"L\u00edder Chevrolet Muria\u00e9 recebe certifica\u00e7\u00e3o Classe \u201cA\u201d pela s\u00e9tima vez","previousItem":{"@type":"ListItem","@id":"https:\/\/anoticiaonline.com.br\/site\/categoria\/eventos\/#listItem","name":"Eventos"}}]},{"@type":"Organization","@id":"https:\/\/anoticiaonline.com.br\/site\/#organization","name":"A Not\u00edcia Online","description":"Noticias de Muria\u00e9 e regi\u00e3o","url":"https:\/\/anoticiaonline.com.br\/site\/","logo":{"@type":"ImageObject","url":"https:\/\/scontent-gig4-1.xx.fbcdn.net\/v\/t39.30808-1\/270437624_4564083193639691_6907940295614233970_n.jpg?stp=dst-jpg_s200x200_tt6&_nc_cat=111&ccb=1-7&_nc_sid=f907e8&_nc_ohc=SM1wRlP3lJwQ7kNvwEPuBYA&_nc_oc=AdnqrjDN_BNjSSHWO-GbkIWH6fkGMLw4bqvL_NH6e2wMveX7G-rP2dAqsDSq1mJMOaY&_nc_zt=24&_nc_ht=scontent-gig4-1.xx&_nc_gid=AoBFJeGrT1hVaew_6rchkQ&oh=00_AfX7QmFGhQhG2jAllVgXCiM1ZrWgvtp80-Bfppyexh1QEg&oe=689E923C","@id":"https:\/\/anoticiaonline.com.br\/site\/lider-chevrolet-muriae-recebe-certificacao-classe-a-pela-setima-vez\/#organizationLogo"},"image":{"@id":"https:\/\/anoticiaonline.com.br\/site\/lider-chevrolet-muriae-recebe-certificacao-classe-a-pela-setima-vez\/#organizationLogo"}},{"@type":"Person","@id":"https:\/\/anoticiaonline.com.br\/site\/author\/leandro\/#author","url":"https:\/\/anoticiaonline.com.br\/site\/author\/leandro\/","name":"Leandro Bebiano","image":{"@type":"ImageObject","@id":"https:\/\/anoticiaonline.com.br\/site\/lider-chevrolet-muriae-recebe-certificacao-classe-a-pela-setima-vez\/#authorImage","url":"https:\/\/secure.gravatar.com\/avatar\/99966a20c143db97c8590c2013307c7c234a4cca48ed5657cbb47e22a400bd5f?s=96&d=mm&r=g","width":96,"height":96,"caption":"Leandro Bebiano"}},{"@type":"WebPage","@id":"https:\/\/anoticiaonline.com.br\/site\/lider-chevrolet-muriae-recebe-certificacao-classe-a-pela-setima-vez\/#webpage","url":"https:\/\/anoticiaonline.com.br\/site\/lider-chevrolet-muriae-recebe-certificacao-classe-a-pela-setima-vez\/","name":"L\u00edder Chevrolet Muria\u00e9 recebe certifica\u00e7\u00e3o Classe \u201cA\u201d pela s\u00e9tima vez - A Not\u00edcia Online","description":"Com 51 anos de exist\u00eancia, concession\u00e1ria L\u00edder Chevrolet de Muria\u00e9, recebeu, pela s\u00e9tima vez, na noite de segunda-feira (9), a certifica\u00e7\u00e3o Classe \u201cA\u201d por atender aos compromissos de manter os mais elevados \u00edndices e padr\u00f5es de suas opera\u00e7\u00f5es, garantindo o total entusiasmo do cliente Chevrolet. Presente no evento, Jos\u00e9 Braz, presidente do Grupo L\u00edder, disse","inLanguage":"pt-BR","isPartOf":{"@id":"https:\/\/anoticiaonline.com.br\/site\/#website"},"breadcrumb":{"@id":"https:\/\/anoticiaonline.com.br\/site\/lider-chevrolet-muriae-recebe-certificacao-classe-a-pela-setima-vez\/#breadcrumblist"},"author":{"@id":"https:\/\/anoticiaonline.com.br\/site\/author\/leandro\/#author"},"creator":{"@id":"https:\/\/anoticiaonline.com.br\/site\/author\/leandro\/#author"},"image":{"@type":"ImageObject","url":"https:\/\/anoticiaonline.com.br\/site\/wp-content\/uploads\/2018\/07\/IMG_0645_707x490.jpg","@id":"https:\/\/anoticiaonline.com.br\/site\/lider-chevrolet-muriae-recebe-certificacao-classe-a-pela-setima-vez\/#mainImage","width":640,"height":443},"primaryImageOfPage":{"@id":"https:\/\/anoticiaonline.com.br\/site\/lider-chevrolet-muriae-recebe-certificacao-classe-a-pela-setima-vez\/#mainImage"},"datePublished":"2018-07-12T21:09:24-03:00","dateModified":"2018-07-12T21:10:08-03:00"},{"@type":"WebSite","@id":"https:\/\/anoticiaonline.com.br\/site\/#website","url":"https:\/\/anoticiaonline.com.br\/site\/","name":"A Not\u00edcia Online","description":"Noticias de Muria\u00e9 e regi\u00e3o","inLanguage":"pt-BR","publisher":{"@id":"https:\/\/anoticiaonline.com.br\/site\/#organization"}}]},"og:locale":"pt_BR","og:site_name":"A Not\u00edcia Online - Noticias de Muria\u00e9 e regi\u00e3o","og:type":"article","og:title":"L\u00edder Chevrolet Muria\u00e9 recebe certifica\u00e7\u00e3o Classe \u201cA\u201d pela s\u00e9tima vez - A Not\u00edcia Online","og:description":"Com 51 anos de exist\u00eancia, concession\u00e1ria L\u00edder Chevrolet de Muria\u00e9, recebeu, pela s\u00e9tima vez, na noite de segunda-feira (9), a certifica\u00e7\u00e3o Classe \u201cA\u201d por atender aos compromissos de manter os mais elevados \u00edndices e padr\u00f5es de suas opera\u00e7\u00f5es, garantindo o total entusiasmo do cliente Chevrolet. Presente no evento, Jos\u00e9 Braz, presidente do Grupo L\u00edder, disse","og:url":"https:\/\/anoticiaonline.com.br\/site\/lider-chevrolet-muriae-recebe-certificacao-classe-a-pela-setima-vez\/","og:image":"https:\/\/scontent-gig4-1.xx.fbcdn.net\/v\/t39.30808-1\/270437624_4564083193639691_6907940295614233970_n.jpg?stp=dst-jpg_s200x200_tt6&#038;_nc_cat=111&#038;ccb=1-7&#038;_nc_sid=f907e8&#038;_nc_ohc=SM1wRlP3lJwQ7kNvwEPuBYA&#038;_nc_oc=AdnqrjDN_BNjSSHWO-GbkIWH6fkGMLw4bqvL_NH6e2wMveX7G-rP2dAqsDSq1mJMOaY&#038;_nc_zt=24&#038;_nc_ht=scontent-gig4-1.xx&#038;_nc_gid=AoBFJeGrT1hVaew_6rchkQ&#038;oh=00_AfX7QmFGhQhG2jAllVgXCiM1ZrWgvtp80-Bfppyexh1QEg&#038;oe=689E923C","og:image:secure_url":"https:\/\/scontent-gig4-1.xx.fbcdn.net\/v\/t39.30808-1\/270437624_4564083193639691_6907940295614233970_n.jpg?stp=dst-jpg_s200x200_tt6&#038;_nc_cat=111&#038;ccb=1-7&#038;_nc_sid=f907e8&#038;_nc_ohc=SM1wRlP3lJwQ7kNvwEPuBYA&#038;_nc_oc=AdnqrjDN_BNjSSHWO-GbkIWH6fkGMLw4bqvL_NH6e2wMveX7G-rP2dAqsDSq1mJMOaY&#038;_nc_zt=24&#038;_nc_ht=scontent-gig4-1.xx&#038;_nc_gid=AoBFJeGrT1hVaew_6rchkQ&#038;oh=00_AfX7QmFGhQhG2jAllVgXCiM1ZrWgvtp80-Bfppyexh1QEg&#038;oe=689E923C","article:published_time":"2018-07-13T00:09:24+00:00","article:modified_time":"2018-07-13T00:10:08+00:00","twitter:card":"summary_large_image","twitter:title":"L\u00edder Chevrolet Muria\u00e9 recebe certifica\u00e7\u00e3o Classe \u201cA\u201d pela s\u00e9tima vez - A Not\u00edcia Online","twitter:description":"Com 51 anos de exist\u00eancia, concession\u00e1ria L\u00edder Chevrolet de Muria\u00e9, recebeu, pela s\u00e9tima vez, na noite de segunda-feira (9), a certifica\u00e7\u00e3o Classe \u201cA\u201d por atender aos compromissos de manter os mais elevados \u00edndices e padr\u00f5es de suas opera\u00e7\u00f5es, garantindo o total entusiasmo do cliente Chevrolet. Presente no evento, Jos\u00e9 Braz, presidente do Grupo L\u00edder, disse","twitter:image":"https:\/\/scontent-gig4-1.xx.fbcdn.net\/v\/t39.30808-1\/270437624_4564083193639691_6907940295614233970_n.jpg?stp=dst-jpg_s200x200_tt6&_nc_cat=111&ccb=1-7&_nc_sid=f907e8&_nc_ohc=SM1wRlP3lJwQ7kNvwEPuBYA&_nc_oc=AdnqrjDN_BNjSSHWO-GbkIWH6fkGMLw4bqvL_NH6e2wMveX7G-rP2dAqsDSq1mJMOaY&_nc_zt=24&_nc_ht=scontent-gig4-1.xx&_nc_gid=AoBFJeGrT1hVaew_6rchkQ&oh=00_AfX7QmFGhQhG2jAllVgXCiM1ZrWgvtp80-Bfppyexh1QEg&oe=689E923C"},"aioseo_meta_data":{"post_id":"58293","title":null,"description":null,"keywords":null,"keyphrases":null,"primary_term":null,"canonical_url":null,"og_title":null,"og_description":null,"og_object_type":"default","og_image_type":"default","og_image_url":null,"og_image_width":null,"og_image_height":null,"og_image_custom_url":null,"og_image_custom_fields":null,"og_video":null,"og_custom_url":null,"og_article_section":null,"og_article_tags":null,"twitter_use_og":false,"twitter_card":"default","twitter_image_type":"default","twitter_image_url":null,"twitter_image_custom_url":null,"twitter_image_custom_fields":null,"twitter_title":null,"twitter_description":null,"schema":{"blockGraphs":[],"customGraphs":[],"default":{"data":{"Article":[],"Course":[],"Dataset":[],"FAQPage":[],"Movie":[],"Person":[],"Product":[],"ProductReview":[],"Car":[],"Recipe":[],"Service":[],"SoftwareApplication":[],"WebPage":[]},"graphName":"","isEnabled":true},"graphs":[]},"schema_type":"default","schema_type_options":null,"pillar_content":false,"robots_default":true,"robots_noindex":false,"robots_noarchive":false,"robots_nosnippet":false,"robots_nofollow":false,"robots_noimageindex":false,"robots_noodp":false,"robots_notranslate":false,"robots_max_snippet":null,"robots_max_videopreview":null,"robots_max_imagepreview":"large","priority":null,"frequency":null,"local_seo":null,"breadcrumb_settings":null,"limit_modified_date":false,"ai":null,"created":"2025-08-16 21:13:27","updated":"2025-08-16 21:13:27","focus_keyword":null,"additional_keywords":null,"truseo_locale":null,"seo_analyzer_scan_date":null},"aioseo_breadcrumb":"<div class=\"aioseo-breadcrumbs\"><span class=\"aioseo-breadcrumb\">\n\t\t\t<a href=\"https:\/\/anoticiaonline.com.br\/site\" title=\"Home\">Home<\/a>\n\t\t<\/span><span class=\"aioseo-breadcrumb-separator\">&raquo;<\/span><span class=\"aioseo-breadcrumb\">\n\t\t\t<a href=\"https:\/\/anoticiaonline.com.br\/site\/categoria\/eventos\/\" title=\"Eventos\">Eventos<\/a>\n\t\t<\/span><span class=\"aioseo-breadcrumb-separator\">&raquo;<\/span><span class=\"aioseo-breadcrumb\">\n\t\t\tL\u00edder Chevrolet Muria\u00e9 recebe certifica\u00e7\u00e3o Classe \u201cA\u201d pela s\u00e9tima vez\n\t\t<\/span><\/div>","aioseo_breadcrumb_json":[{"label":"Home","link":"https:\/\/anoticiaonline.com.br\/site"},{"label":"Eventos","link":"https:\/\/anoticiaonline.com.br\/site\/categoria\/eventos\/"},{"label":"L\u00edder Chevrolet Muria\u00e9 recebe certifica\u00e7\u00e3o Classe \u201cA\u201d pela s\u00e9tima vez","link":"https:\/\/anoticiaonline.com.br\/site\/lider-chevrolet-muriae-recebe-certificacao-classe-a-pela-setima-vez\/"}],"views":168,"_links":{"self":[{"href":"https:\/\/anoticiaonline.com.br\/site\/wp-json\/wp\/v2\/posts\/58293","targetHints":{"allow":["GET"]}}],"collection":[{"href":"https:\/\/anoticiaonline.com.br\/site\/wp-json\/wp\/v2\/posts"}],"about":[{"href":"https:\/\/anoticiaonline.com.br\/site\/wp-json\/wp\/v2\/types\/post"}],"author":[{"embeddable":true,"href":"https:\/\/anoticiaonline.com.br\/site\/wp-json\/wp\/v2\/users\/7"}],"replies":[{"embeddable":true,"href":"https:\/\/anoticiaonline.com.br\/site\/wp-json\/wp\/v2\/comments?post=58293"}],"version-history":[{"count":0,"href":"https:\/\/anoticiaonline.com.br\/site\/wp-json\/wp\/v2\/posts\/58293\/revisions"}],"wp:featuredmedia":[{"embeddable":true,"href":"https:\/\/anoticiaonline.com.br\/site\/wp-json\/wp\/v2\/media\/58300"}],"wp:attachment":[{"href":"https:\/\/anoticiaonline.com.br\/site\/wp-json\/wp\/v2\/media?parent=58293"}],"wp:term":[{"taxonomy":"category","embeddable":true,"href":"https:\/\/anoticiaonline.com.br\/site\/wp-json\/wp\/v2\/categories?post=58293"},{"taxonomy":"post_tag","embeddable":true,"href":"https:\/\/anoticiaonline.com.br\/site\/wp-json\/wp\/v2\/tags?post=58293"}],"curies":[{"name":"wp","href":"https:\/\/api.w.org\/{rel}","templated":true}]}}