{"id":58270,"date":"2018-07-12T18:55:49","date_gmt":"2018-07-12T21:55:49","guid":{"rendered":"http:\/\/anoticiaonline.com.br\/site\/?p=58270"},"modified":"2018-07-12T18:56:53","modified_gmt":"2018-07-12T21:56:53","slug":"o-engodo-esta-no-ar","status":"publish","type":"post","link":"https:\/\/anoticiaonline.com.br\/site\/o-engodo-esta-no-ar\/","title":{"rendered":"O engodo est\u00e1 no ar"},"content":{"rendered":"<p>Francisco Laviola \u2013 13\/07\/2018<\/p>\n<p>Dizem os pol\u00edticos que a pol\u00edtica \u00e9 din\u00e2mica, e, portanto, n\u00e3o importa se os ferrenhos advers\u00e1rios de hoje sejam os eternos aliados de amanh\u00e3, desde que as alian\u00e7as sejam eternas enquanto durem &#8211; parafraseando Vin\u00edcius de Moraes. Claro que o poeta falou de amor e n\u00e3o de um contumaz entrela\u00e7amento de conchavos esp\u00farios, cujo foco principal est\u00e1 sempre numa pr\u00f3xima elei\u00e7\u00e3o, seja ela qual for. Claro que n\u00e3o deveria ser assim, mas a constante invers\u00e3o dos valores da representatividade pol\u00edtica passa uma ideia distorcida de que os fins justificam os meios.<\/p>\n<p>A falta de \u00e9tica e o fisiologismo barato continuam dando as cartas na pol\u00edtica brasileira, deixando a sociedade cada vez mais descrente nas principais institui\u00e7\u00f5es que sustentam o estado democr\u00e1tico de direito. Vale tudo em v\u00e9spera de elei\u00e7\u00e3o. A doen\u00e7a infectocontagiosa da imoralidade est\u00e1 em todos os \u00a0cantos dos poderes da Rep\u00fablica. A contamina\u00e7\u00e3o \u00e9 geral.<\/p>\n<p>O tumulto que se criou no domingo passado, por exemplo, em torno do ex-presidente Lula &#8211; o preso que foi solto e como n\u00e3o saiu da cadeia, ficou preso &#8211; diria Dilma Rousseff, \u00e9 mais uma queda de bra\u00e7o com a Justi\u00e7a, obra sistematicamente premeditada, arquitetada e bancada pelas lideran\u00e7as de esquerda, especialmente a milit\u00e2ncia petista, com o intuito de tumultuar, ao m\u00e1ximo que eles puderem, as elei\u00e7\u00f5es que acontecer\u00e3o em outubro.<\/p>\n<p>O imbr\u00f3glio \u00e9 t\u00e3o grande, que at\u00e9 a Justi\u00e7a, que tem o dever de dar seguran\u00e7a jur\u00eddica ao processo democr\u00e1tico, vai sendo levada pelo arrast\u00e3o de impropriedades e se mostrando inoperante, politizada, e principalmente, caracterizada por decis\u00f5es monocr\u00e1ticas suspeitas de compadrio. A decis\u00e3o de um desembargador levada a efeito, durante o seu plant\u00e3o de fim de semana, seria absolutamente normal se n\u00e3o tivesse por traz dela uma inten\u00e7\u00e3o sub-rept\u00edcia de burlar a pr\u00f3pria institui\u00e7\u00e3o a qual ele representa. Daria at\u00e9 para entender a decis\u00e3o como uma interpreta\u00e7\u00e3o diferente da legisla\u00e7\u00e3o, se o desembargador Rog\u00e9rio Favreto, signat\u00e1rio do alvar\u00e1 de soltura de Lula, antes de ser al\u00e7ado ao cargo atual, n\u00e3o tivesse ocupado quatro cargos diferentes no governo do ex-presidente, sendo ainda procurador-geral do munic\u00edpio de Porto Alegre, quando o petista Tasso Genro era prefeito da capital ga\u00facha. Ele tem, portanto, um vasto hist\u00f3rico de ex-militante petista. E colocar Lula fora da cadeia, ainda que por um dia que fosse, depois de ter sido condenado em segunda inst\u00e2ncia por \u00f3rg\u00e3o colegiado, obrigando este mesmo \u00f3rg\u00e3o a revogar uma decis\u00e3o sua, seria um prato cheio para fortalecer ainda mais a tese de que Lula \u00e9 um eterno perseguido do juiz Moro e da Corte que confirmou a sua condena\u00e7\u00e3o. O desembargador agiu com os olhos voltados para o passado, n\u00e3o para o futuro. Agiu de forma politizada, n\u00e3o como magistrado. \u00c9 essa banda podre dos tr\u00eas Poderes que teremos que expurgar em breve.<\/p>\n<p>Em outubro teremos elei\u00e7\u00f5es para presidente da Rep\u00fablica, governadores, senadores, deputados federais e estaduais. Mais uma vez os brasileiros ter\u00e3o a oportunidade de expulsar da pol\u00edtica tudo aquilo que n\u00e3o deu certo at\u00e9 agora. Mas teremos que ter muito cuidado nas escolhas, porque o engodo ainda vai continuar no ar.<\/p>\n","protected":false},"excerpt":{"rendered":"<p>Francisco Laviola \u2013 13\/07\/2018 Dizem os pol\u00edticos que a pol\u00edtica \u00e9 din\u00e2mica, e, portanto, n\u00e3o importa se os ferrenhos advers\u00e1rios de hoje sejam os eternos aliados de amanh\u00e3, desde que as alian\u00e7as sejam eternas enquanto durem &#8211; parafraseando Vin\u00edcius de Moraes. Claro que o poeta falou de amor e n\u00e3o de um contumaz entrela\u00e7amento de &#8230; <a title=\"O engodo est\u00e1 no ar\" class=\"read-more\" href=\"https:\/\/anoticiaonline.com.br\/site\/o-engodo-esta-no-ar\/\" aria-label=\"Read more about O engodo est\u00e1 no ar\">Ler mais<\/a><\/p>\n","protected":false},"author":2,"featured_media":0,"comment_status":"open","ping_status":"open","sticky":false,"template":"","format":"standard","meta":{"_acf_changed":false,"_monsterinsights_skip_tracking":false,"footnotes":""},"categories":[33],"tags":[],"class_list":["post-58270","post","type-post","status-publish","format-standard","hentry","category-politica-e-atualidades-francisco-laviola"],"acf":[],"aioseo_notices":[],"aioseo_head":"\n\t\t<!-- All in One SEO 5.0.0.1 - aioseo.com -->\n\t<meta name=\"description\" content=\"Francisco Laviola \u2013 13\/07\/2018 Dizem os pol\u00edticos que a pol\u00edtica \u00e9 din\u00e2mica, e, portanto, n\u00e3o importa se os ferrenhos advers\u00e1rios de hoje sejam os eternos aliados de amanh\u00e3, desde que as alian\u00e7as sejam eternas enquanto durem - parafraseando Vin\u00edcius de Moraes. Claro que o poeta falou de amor e n\u00e3o de um contumaz entrela\u00e7amento de\" \/>\n\t<meta name=\"robots\" content=\"max-image-preview:large\" \/>\n\t<meta name=\"author\" content=\"Juliana Laviola\"\/>\n\t<link rel=\"canonical\" href=\"https:\/\/anoticiaonline.com.br\/site\/o-engodo-esta-no-ar\/\" \/>\n\t<meta name=\"generator\" content=\"All in One SEO (AIOSEO) 5.0.0.1\" \/>\n\t\t<meta property=\"og:locale\" content=\"pt_BR\" \/>\n\t\t<meta property=\"og:site_name\" content=\"A Not\u00edcia Online - Noticias de Muria\u00e9 e regi\u00e3o\" \/>\n\t\t<meta property=\"og:type\" content=\"article\" \/>\n\t\t<meta property=\"og:title\" content=\"O engodo est\u00e1 no ar - A Not\u00edcia Online\" \/>\n\t\t<meta property=\"og:description\" content=\"Francisco Laviola \u2013 13\/07\/2018 Dizem os pol\u00edticos que a pol\u00edtica \u00e9 din\u00e2mica, e, portanto, n\u00e3o importa se os ferrenhos advers\u00e1rios de hoje sejam os eternos aliados de amanh\u00e3, desde que as alian\u00e7as sejam eternas enquanto durem - parafraseando Vin\u00edcius de Moraes. Claro que o poeta falou de amor e n\u00e3o de um contumaz entrela\u00e7amento de\" \/>\n\t\t<meta property=\"og:url\" content=\"https:\/\/anoticiaonline.com.br\/site\/o-engodo-esta-no-ar\/\" \/>\n\t\t<meta property=\"og:image\" content=\"https:\/\/scontent-gig4-1.xx.fbcdn.net\/v\/t39.30808-1\/270437624_4564083193639691_6907940295614233970_n.jpg?stp=dst-jpg_s200x200_tt6&#038;_nc_cat=111&#038;ccb=1-7&#038;_nc_sid=f907e8&#038;_nc_ohc=SM1wRlP3lJwQ7kNvwEPuBYA&#038;_nc_oc=AdnqrjDN_BNjSSHWO-GbkIWH6fkGMLw4bqvL_NH6e2wMveX7G-rP2dAqsDSq1mJMOaY&#038;_nc_zt=24&#038;_nc_ht=scontent-gig4-1.xx&#038;_nc_gid=AoBFJeGrT1hVaew_6rchkQ&#038;oh=00_AfX7QmFGhQhG2jAllVgXCiM1ZrWgvtp80-Bfppyexh1QEg&#038;oe=689E923C\" \/>\n\t\t<meta property=\"og:image:secure_url\" content=\"https:\/\/scontent-gig4-1.xx.fbcdn.net\/v\/t39.30808-1\/270437624_4564083193639691_6907940295614233970_n.jpg?stp=dst-jpg_s200x200_tt6&#038;_nc_cat=111&#038;ccb=1-7&#038;_nc_sid=f907e8&#038;_nc_ohc=SM1wRlP3lJwQ7kNvwEPuBYA&#038;_nc_oc=AdnqrjDN_BNjSSHWO-GbkIWH6fkGMLw4bqvL_NH6e2wMveX7G-rP2dAqsDSq1mJMOaY&#038;_nc_zt=24&#038;_nc_ht=scontent-gig4-1.xx&#038;_nc_gid=AoBFJeGrT1hVaew_6rchkQ&#038;oh=00_AfX7QmFGhQhG2jAllVgXCiM1ZrWgvtp80-Bfppyexh1QEg&#038;oe=689E923C\" \/>\n\t\t<meta property=\"article:published_time\" content=\"2018-07-12T21:55:49+00:00\" \/>\n\t\t<meta property=\"article:modified_time\" content=\"2018-07-12T21:56:53+00:00\" \/>\n\t\t<meta name=\"twitter:card\" content=\"summary_large_image\" \/>\n\t\t<meta name=\"twitter:title\" content=\"O engodo est\u00e1 no ar - A Not\u00edcia Online\" \/>\n\t\t<meta name=\"twitter:description\" content=\"Francisco Laviola \u2013 13\/07\/2018 Dizem os pol\u00edticos que a pol\u00edtica \u00e9 din\u00e2mica, e, portanto, n\u00e3o importa se os ferrenhos advers\u00e1rios de hoje sejam os eternos aliados de amanh\u00e3, desde que as alian\u00e7as sejam eternas enquanto durem - parafraseando Vin\u00edcius de Moraes. Claro que o poeta falou de amor e n\u00e3o de um contumaz entrela\u00e7amento de\" \/>\n\t\t<meta name=\"twitter:image\" content=\"https:\/\/scontent-gig4-1.xx.fbcdn.net\/v\/t39.30808-1\/270437624_4564083193639691_6907940295614233970_n.jpg?stp=dst-jpg_s200x200_tt6&amp;_nc_cat=111&amp;ccb=1-7&amp;_nc_sid=f907e8&amp;_nc_ohc=SM1wRlP3lJwQ7kNvwEPuBYA&amp;_nc_oc=AdnqrjDN_BNjSSHWO-GbkIWH6fkGMLw4bqvL_NH6e2wMveX7G-rP2dAqsDSq1mJMOaY&amp;_nc_zt=24&amp;_nc_ht=scontent-gig4-1.xx&amp;_nc_gid=AoBFJeGrT1hVaew_6rchkQ&amp;oh=00_AfX7QmFGhQhG2jAllVgXCiM1ZrWgvtp80-Bfppyexh1QEg&amp;oe=689E923C\" \/>\n\t\t<script type=\"application\/ld+json\" class=\"aioseo-schema\">\n\t\t\t{\"@context\":\"https:\\\/\\\/schema.org\",\"@graph\":[{\"@type\":\"BlogPosting\",\"@id\":\"https:\\\/\\\/anoticiaonline.com.br\\\/site\\\/o-engodo-esta-no-ar\\\/#blogposting\",\"name\":\"O engodo est\\u00e1 no ar - A Not\\u00edcia Online\",\"headline\":\"O engodo est\\u00e1 no ar\",\"author\":{\"@id\":\"https:\\\/\\\/anoticiaonline.com.br\\\/site\\\/author\\\/juliana\\\/#author\"},\"publisher\":{\"@id\":\"https:\\\/\\\/anoticiaonline.com.br\\\/site\\\/#organization\"},\"image\":{\"@type\":\"ImageObject\",\"url\":\"https:\\\/\\\/scontent-gig4-1.xx.fbcdn.net\\\/v\\\/t39.30808-1\\\/270437624_4564083193639691_6907940295614233970_n.jpg?stp=dst-jpg_s200x200_tt6&_nc_cat=111&ccb=1-7&_nc_sid=f907e8&_nc_ohc=SM1wRlP3lJwQ7kNvwEPuBYA&_nc_oc=AdnqrjDN_BNjSSHWO-GbkIWH6fkGMLw4bqvL_NH6e2wMveX7G-rP2dAqsDSq1mJMOaY&_nc_zt=24&_nc_ht=scontent-gig4-1.xx&_nc_gid=AoBFJeGrT1hVaew_6rchkQ&oh=00_AfX7QmFGhQhG2jAllVgXCiM1ZrWgvtp80-Bfppyexh1QEg&oe=689E923C\",\"@id\":\"https:\\\/\\\/anoticiaonline.com.br\\\/site\\\/#articleImage\"},\"datePublished\":\"2018-07-12T18:55:49-03:00\",\"dateModified\":\"2018-07-12T18:56:53-03:00\",\"inLanguage\":\"pt-BR\",\"mainEntityOfPage\":{\"@id\":\"https:\\\/\\\/anoticiaonline.com.br\\\/site\\\/o-engodo-esta-no-ar\\\/#webpage\"},\"isPartOf\":{\"@id\":\"https:\\\/\\\/anoticiaonline.com.br\\\/site\\\/o-engodo-esta-no-ar\\\/#webpage\"},\"articleSection\":\"Pol\\u00edtica e Atualidades - Francisco Laviola\"},{\"@type\":\"BreadcrumbList\",\"@id\":\"https:\\\/\\\/anoticiaonline.com.br\\\/site\\\/o-engodo-esta-no-ar\\\/#breadcrumblist\",\"itemListElement\":[{\"@type\":\"ListItem\",\"@id\":\"https:\\\/\\\/anoticiaonline.com.br\\\/site#listItem\",\"position\":1,\"name\":\"Home\",\"item\":\"https:\\\/\\\/anoticiaonline.com.br\\\/site\",\"nextItem\":{\"@type\":\"ListItem\",\"@id\":\"https:\\\/\\\/anoticiaonline.com.br\\\/site\\\/categoria\\\/colunistas\\\/#listItem\",\"name\":\"Colunistas\"}},{\"@type\":\"ListItem\",\"@id\":\"https:\\\/\\\/anoticiaonline.com.br\\\/site\\\/categoria\\\/colunistas\\\/#listItem\",\"position\":2,\"name\":\"Colunistas\",\"item\":\"https:\\\/\\\/anoticiaonline.com.br\\\/site\\\/categoria\\\/colunistas\\\/\",\"nextItem\":{\"@type\":\"ListItem\",\"@id\":\"https:\\\/\\\/anoticiaonline.com.br\\\/site\\\/categoria\\\/colunistas\\\/politica-e-atualidades-francisco-laviola\\\/#listItem\",\"name\":\"Pol\\u00edtica e Atualidades - Francisco Laviola\"},\"previousItem\":{\"@type\":\"ListItem\",\"@id\":\"https:\\\/\\\/anoticiaonline.com.br\\\/site#listItem\",\"name\":\"Home\"}},{\"@type\":\"ListItem\",\"@id\":\"https:\\\/\\\/anoticiaonline.com.br\\\/site\\\/categoria\\\/colunistas\\\/politica-e-atualidades-francisco-laviola\\\/#listItem\",\"position\":3,\"name\":\"Pol\\u00edtica e Atualidades - Francisco Laviola\",\"item\":\"https:\\\/\\\/anoticiaonline.com.br\\\/site\\\/categoria\\\/colunistas\\\/politica-e-atualidades-francisco-laviola\\\/\",\"nextItem\":{\"@type\":\"ListItem\",\"@id\":\"https:\\\/\\\/anoticiaonline.com.br\\\/site\\\/o-engodo-esta-no-ar\\\/#listItem\",\"name\":\"O engodo est\\u00e1 no ar\"},\"previousItem\":{\"@type\":\"ListItem\",\"@id\":\"https:\\\/\\\/anoticiaonline.com.br\\\/site\\\/categoria\\\/colunistas\\\/#listItem\",\"name\":\"Colunistas\"}},{\"@type\":\"ListItem\",\"@id\":\"https:\\\/\\\/anoticiaonline.com.br\\\/site\\\/o-engodo-esta-no-ar\\\/#listItem\",\"position\":4,\"name\":\"O engodo est\\u00e1 no ar\",\"previousItem\":{\"@type\":\"ListItem\",\"@id\":\"https:\\\/\\\/anoticiaonline.com.br\\\/site\\\/categoria\\\/colunistas\\\/politica-e-atualidades-francisco-laviola\\\/#listItem\",\"name\":\"Pol\\u00edtica e Atualidades - Francisco Laviola\"}}]},{\"@type\":\"Organization\",\"@id\":\"https:\\\/\\\/anoticiaonline.com.br\\\/site\\\/#organization\",\"name\":\"A Not\\u00edcia Online\",\"description\":\"Noticias de Muria\\u00e9 e regi\\u00e3o\",\"url\":\"https:\\\/\\\/anoticiaonline.com.br\\\/site\\\/\",\"logo\":{\"@type\":\"ImageObject\",\"url\":\"https:\\\/\\\/scontent-gig4-1.xx.fbcdn.net\\\/v\\\/t39.30808-1\\\/270437624_4564083193639691_6907940295614233970_n.jpg?stp=dst-jpg_s200x200_tt6&_nc_cat=111&ccb=1-7&_nc_sid=f907e8&_nc_ohc=SM1wRlP3lJwQ7kNvwEPuBYA&_nc_oc=AdnqrjDN_BNjSSHWO-GbkIWH6fkGMLw4bqvL_NH6e2wMveX7G-rP2dAqsDSq1mJMOaY&_nc_zt=24&_nc_ht=scontent-gig4-1.xx&_nc_gid=AoBFJeGrT1hVaew_6rchkQ&oh=00_AfX7QmFGhQhG2jAllVgXCiM1ZrWgvtp80-Bfppyexh1QEg&oe=689E923C\",\"@id\":\"https:\\\/\\\/anoticiaonline.com.br\\\/site\\\/o-engodo-esta-no-ar\\\/#organizationLogo\"},\"image\":{\"@id\":\"https:\\\/\\\/anoticiaonline.com.br\\\/site\\\/o-engodo-esta-no-ar\\\/#organizationLogo\"}},{\"@type\":\"Person\",\"@id\":\"https:\\\/\\\/anoticiaonline.com.br\\\/site\\\/author\\\/juliana\\\/#author\",\"url\":\"https:\\\/\\\/anoticiaonline.com.br\\\/site\\\/author\\\/juliana\\\/\",\"name\":\"Juliana Laviola\",\"image\":{\"@type\":\"ImageObject\",\"@id\":\"https:\\\/\\\/anoticiaonline.com.br\\\/site\\\/o-engodo-esta-no-ar\\\/#authorImage\",\"url\":\"https:\\\/\\\/secure.gravatar.com\\\/avatar\\\/b8d45f5c699b100dfaf0e543582f38f38bf94cb7ae3a5e9abf8d891a34773335?s=96&d=mm&r=g\",\"width\":96,\"height\":96,\"caption\":\"Juliana Laviola\"}},{\"@type\":\"WebPage\",\"@id\":\"https:\\\/\\\/anoticiaonline.com.br\\\/site\\\/o-engodo-esta-no-ar\\\/#webpage\",\"url\":\"https:\\\/\\\/anoticiaonline.com.br\\\/site\\\/o-engodo-esta-no-ar\\\/\",\"name\":\"O engodo est\\u00e1 no ar - A Not\\u00edcia Online\",\"description\":\"Francisco Laviola \\u2013 13\\\/07\\\/2018 Dizem os pol\\u00edticos que a pol\\u00edtica \\u00e9 din\\u00e2mica, e, portanto, n\\u00e3o importa se os ferrenhos advers\\u00e1rios de hoje sejam os eternos aliados de amanh\\u00e3, desde que as alian\\u00e7as sejam eternas enquanto durem - parafraseando Vin\\u00edcius de Moraes. Claro que o poeta falou de amor e n\\u00e3o de um contumaz entrela\\u00e7amento de\",\"inLanguage\":\"pt-BR\",\"isPartOf\":{\"@id\":\"https:\\\/\\\/anoticiaonline.com.br\\\/site\\\/#website\"},\"breadcrumb\":{\"@id\":\"https:\\\/\\\/anoticiaonline.com.br\\\/site\\\/o-engodo-esta-no-ar\\\/#breadcrumblist\"},\"author\":{\"@id\":\"https:\\\/\\\/anoticiaonline.com.br\\\/site\\\/author\\\/juliana\\\/#author\"},\"creator\":{\"@id\":\"https:\\\/\\\/anoticiaonline.com.br\\\/site\\\/author\\\/juliana\\\/#author\"},\"datePublished\":\"2018-07-12T18:55:49-03:00\",\"dateModified\":\"2018-07-12T18:56:53-03:00\"},{\"@type\":\"WebSite\",\"@id\":\"https:\\\/\\\/anoticiaonline.com.br\\\/site\\\/#website\",\"url\":\"https:\\\/\\\/anoticiaonline.com.br\\\/site\\\/\",\"name\":\"A Not\\u00edcia Online\",\"description\":\"Noticias de Muria\\u00e9 e regi\\u00e3o\",\"inLanguage\":\"pt-BR\",\"publisher\":{\"@id\":\"https:\\\/\\\/anoticiaonline.com.br\\\/site\\\/#organization\"}}]}\n\t\t<\/script>\n\t\t<!-- All in One SEO -->\n\n","aioseo_head_json":{"title":"O engodo est\u00e1 no ar - A Not\u00edcia Online","description":"Francisco Laviola \u2013 13\/07\/2018 Dizem os pol\u00edticos que a pol\u00edtica \u00e9 din\u00e2mica, e, portanto, n\u00e3o importa se os ferrenhos advers\u00e1rios de hoje sejam os eternos aliados de amanh\u00e3, desde que as alian\u00e7as sejam eternas enquanto durem - parafraseando Vin\u00edcius de Moraes. Claro que o poeta falou de amor e n\u00e3o de um contumaz entrela\u00e7amento de","canonical_url":"https:\/\/anoticiaonline.com.br\/site\/o-engodo-esta-no-ar\/","robots":"max-image-preview:large","keywords":"","webmasterTools":{"miscellaneous":""},"schema":{"@context":"https:\/\/schema.org","@graph":[{"@type":"BlogPosting","@id":"https:\/\/anoticiaonline.com.br\/site\/o-engodo-esta-no-ar\/#blogposting","name":"O engodo est\u00e1 no ar - A Not\u00edcia Online","headline":"O engodo est\u00e1 no ar","author":{"@id":"https:\/\/anoticiaonline.com.br\/site\/author\/juliana\/#author"},"publisher":{"@id":"https:\/\/anoticiaonline.com.br\/site\/#organization"},"image":{"@type":"ImageObject","url":"https:\/\/scontent-gig4-1.xx.fbcdn.net\/v\/t39.30808-1\/270437624_4564083193639691_6907940295614233970_n.jpg?stp=dst-jpg_s200x200_tt6&_nc_cat=111&ccb=1-7&_nc_sid=f907e8&_nc_ohc=SM1wRlP3lJwQ7kNvwEPuBYA&_nc_oc=AdnqrjDN_BNjSSHWO-GbkIWH6fkGMLw4bqvL_NH6e2wMveX7G-rP2dAqsDSq1mJMOaY&_nc_zt=24&_nc_ht=scontent-gig4-1.xx&_nc_gid=AoBFJeGrT1hVaew_6rchkQ&oh=00_AfX7QmFGhQhG2jAllVgXCiM1ZrWgvtp80-Bfppyexh1QEg&oe=689E923C","@id":"https:\/\/anoticiaonline.com.br\/site\/#articleImage"},"datePublished":"2018-07-12T18:55:49-03:00","dateModified":"2018-07-12T18:56:53-03:00","inLanguage":"pt-BR","mainEntityOfPage":{"@id":"https:\/\/anoticiaonline.com.br\/site\/o-engodo-esta-no-ar\/#webpage"},"isPartOf":{"@id":"https:\/\/anoticiaonline.com.br\/site\/o-engodo-esta-no-ar\/#webpage"},"articleSection":"Pol\u00edtica e Atualidades - Francisco Laviola"},{"@type":"BreadcrumbList","@id":"https:\/\/anoticiaonline.com.br\/site\/o-engodo-esta-no-ar\/#breadcrumblist","itemListElement":[{"@type":"ListItem","@id":"https:\/\/anoticiaonline.com.br\/site#listItem","position":1,"name":"Home","item":"https:\/\/anoticiaonline.com.br\/site","nextItem":{"@type":"ListItem","@id":"https:\/\/anoticiaonline.com.br\/site\/categoria\/colunistas\/#listItem","name":"Colunistas"}},{"@type":"ListItem","@id":"https:\/\/anoticiaonline.com.br\/site\/categoria\/colunistas\/#listItem","position":2,"name":"Colunistas","item":"https:\/\/anoticiaonline.com.br\/site\/categoria\/colunistas\/","nextItem":{"@type":"ListItem","@id":"https:\/\/anoticiaonline.com.br\/site\/categoria\/colunistas\/politica-e-atualidades-francisco-laviola\/#listItem","name":"Pol\u00edtica e Atualidades - Francisco Laviola"},"previousItem":{"@type":"ListItem","@id":"https:\/\/anoticiaonline.com.br\/site#listItem","name":"Home"}},{"@type":"ListItem","@id":"https:\/\/anoticiaonline.com.br\/site\/categoria\/colunistas\/politica-e-atualidades-francisco-laviola\/#listItem","position":3,"name":"Pol\u00edtica e Atualidades - Francisco Laviola","item":"https:\/\/anoticiaonline.com.br\/site\/categoria\/colunistas\/politica-e-atualidades-francisco-laviola\/","nextItem":{"@type":"ListItem","@id":"https:\/\/anoticiaonline.com.br\/site\/o-engodo-esta-no-ar\/#listItem","name":"O engodo est\u00e1 no ar"},"previousItem":{"@type":"ListItem","@id":"https:\/\/anoticiaonline.com.br\/site\/categoria\/colunistas\/#listItem","name":"Colunistas"}},{"@type":"ListItem","@id":"https:\/\/anoticiaonline.com.br\/site\/o-engodo-esta-no-ar\/#listItem","position":4,"name":"O engodo est\u00e1 no ar","previousItem":{"@type":"ListItem","@id":"https:\/\/anoticiaonline.com.br\/site\/categoria\/colunistas\/politica-e-atualidades-francisco-laviola\/#listItem","name":"Pol\u00edtica e Atualidades - Francisco Laviola"}}]},{"@type":"Organization","@id":"https:\/\/anoticiaonline.com.br\/site\/#organization","name":"A Not\u00edcia Online","description":"Noticias de Muria\u00e9 e regi\u00e3o","url":"https:\/\/anoticiaonline.com.br\/site\/","logo":{"@type":"ImageObject","url":"https:\/\/scontent-gig4-1.xx.fbcdn.net\/v\/t39.30808-1\/270437624_4564083193639691_6907940295614233970_n.jpg?stp=dst-jpg_s200x200_tt6&_nc_cat=111&ccb=1-7&_nc_sid=f907e8&_nc_ohc=SM1wRlP3lJwQ7kNvwEPuBYA&_nc_oc=AdnqrjDN_BNjSSHWO-GbkIWH6fkGMLw4bqvL_NH6e2wMveX7G-rP2dAqsDSq1mJMOaY&_nc_zt=24&_nc_ht=scontent-gig4-1.xx&_nc_gid=AoBFJeGrT1hVaew_6rchkQ&oh=00_AfX7QmFGhQhG2jAllVgXCiM1ZrWgvtp80-Bfppyexh1QEg&oe=689E923C","@id":"https:\/\/anoticiaonline.com.br\/site\/o-engodo-esta-no-ar\/#organizationLogo"},"image":{"@id":"https:\/\/anoticiaonline.com.br\/site\/o-engodo-esta-no-ar\/#organizationLogo"}},{"@type":"Person","@id":"https:\/\/anoticiaonline.com.br\/site\/author\/juliana\/#author","url":"https:\/\/anoticiaonline.com.br\/site\/author\/juliana\/","name":"Juliana Laviola","image":{"@type":"ImageObject","@id":"https:\/\/anoticiaonline.com.br\/site\/o-engodo-esta-no-ar\/#authorImage","url":"https:\/\/secure.gravatar.com\/avatar\/b8d45f5c699b100dfaf0e543582f38f38bf94cb7ae3a5e9abf8d891a34773335?s=96&d=mm&r=g","width":96,"height":96,"caption":"Juliana Laviola"}},{"@type":"WebPage","@id":"https:\/\/anoticiaonline.com.br\/site\/o-engodo-esta-no-ar\/#webpage","url":"https:\/\/anoticiaonline.com.br\/site\/o-engodo-esta-no-ar\/","name":"O engodo est\u00e1 no ar - A Not\u00edcia Online","description":"Francisco Laviola \u2013 13\/07\/2018 Dizem os pol\u00edticos que a pol\u00edtica \u00e9 din\u00e2mica, e, portanto, n\u00e3o importa se os ferrenhos advers\u00e1rios de hoje sejam os eternos aliados de amanh\u00e3, desde que as alian\u00e7as sejam eternas enquanto durem - parafraseando Vin\u00edcius de Moraes. Claro que o poeta falou de amor e n\u00e3o de um contumaz entrela\u00e7amento de","inLanguage":"pt-BR","isPartOf":{"@id":"https:\/\/anoticiaonline.com.br\/site\/#website"},"breadcrumb":{"@id":"https:\/\/anoticiaonline.com.br\/site\/o-engodo-esta-no-ar\/#breadcrumblist"},"author":{"@id":"https:\/\/anoticiaonline.com.br\/site\/author\/juliana\/#author"},"creator":{"@id":"https:\/\/anoticiaonline.com.br\/site\/author\/juliana\/#author"},"datePublished":"2018-07-12T18:55:49-03:00","dateModified":"2018-07-12T18:56:53-03:00"},{"@type":"WebSite","@id":"https:\/\/anoticiaonline.com.br\/site\/#website","url":"https:\/\/anoticiaonline.com.br\/site\/","name":"A Not\u00edcia Online","description":"Noticias de Muria\u00e9 e regi\u00e3o","inLanguage":"pt-BR","publisher":{"@id":"https:\/\/anoticiaonline.com.br\/site\/#organization"}}]},"og:locale":"pt_BR","og:site_name":"A Not\u00edcia Online - Noticias de Muria\u00e9 e regi\u00e3o","og:type":"article","og:title":"O engodo est\u00e1 no ar - A Not\u00edcia Online","og:description":"Francisco Laviola \u2013 13\/07\/2018 Dizem os pol\u00edticos que a pol\u00edtica \u00e9 din\u00e2mica, e, portanto, n\u00e3o importa se os ferrenhos advers\u00e1rios de hoje sejam os eternos aliados de amanh\u00e3, desde que as alian\u00e7as sejam eternas enquanto durem - parafraseando Vin\u00edcius de Moraes. Claro que o poeta falou de amor e n\u00e3o de um contumaz entrela\u00e7amento de","og:url":"https:\/\/anoticiaonline.com.br\/site\/o-engodo-esta-no-ar\/","og:image":"https:\/\/scontent-gig4-1.xx.fbcdn.net\/v\/t39.30808-1\/270437624_4564083193639691_6907940295614233970_n.jpg?stp=dst-jpg_s200x200_tt6&#038;_nc_cat=111&#038;ccb=1-7&#038;_nc_sid=f907e8&#038;_nc_ohc=SM1wRlP3lJwQ7kNvwEPuBYA&#038;_nc_oc=AdnqrjDN_BNjSSHWO-GbkIWH6fkGMLw4bqvL_NH6e2wMveX7G-rP2dAqsDSq1mJMOaY&#038;_nc_zt=24&#038;_nc_ht=scontent-gig4-1.xx&#038;_nc_gid=AoBFJeGrT1hVaew_6rchkQ&#038;oh=00_AfX7QmFGhQhG2jAllVgXCiM1ZrWgvtp80-Bfppyexh1QEg&#038;oe=689E923C","og:image:secure_url":"https:\/\/scontent-gig4-1.xx.fbcdn.net\/v\/t39.30808-1\/270437624_4564083193639691_6907940295614233970_n.jpg?stp=dst-jpg_s200x200_tt6&#038;_nc_cat=111&#038;ccb=1-7&#038;_nc_sid=f907e8&#038;_nc_ohc=SM1wRlP3lJwQ7kNvwEPuBYA&#038;_nc_oc=AdnqrjDN_BNjSSHWO-GbkIWH6fkGMLw4bqvL_NH6e2wMveX7G-rP2dAqsDSq1mJMOaY&#038;_nc_zt=24&#038;_nc_ht=scontent-gig4-1.xx&#038;_nc_gid=AoBFJeGrT1hVaew_6rchkQ&#038;oh=00_AfX7QmFGhQhG2jAllVgXCiM1ZrWgvtp80-Bfppyexh1QEg&#038;oe=689E923C","article:published_time":"2018-07-12T21:55:49+00:00","article:modified_time":"2018-07-12T21:56:53+00:00","twitter:card":"summary_large_image","twitter:title":"O engodo est\u00e1 no ar - A Not\u00edcia Online","twitter:description":"Francisco Laviola \u2013 13\/07\/2018 Dizem os pol\u00edticos que a pol\u00edtica \u00e9 din\u00e2mica, e, portanto, n\u00e3o importa se os ferrenhos advers\u00e1rios de hoje sejam os eternos aliados de amanh\u00e3, desde que as alian\u00e7as sejam eternas enquanto durem - parafraseando Vin\u00edcius de Moraes. Claro que o poeta falou de amor e n\u00e3o de um contumaz entrela\u00e7amento de","twitter:image":"https:\/\/scontent-gig4-1.xx.fbcdn.net\/v\/t39.30808-1\/270437624_4564083193639691_6907940295614233970_n.jpg?stp=dst-jpg_s200x200_tt6&_nc_cat=111&ccb=1-7&_nc_sid=f907e8&_nc_ohc=SM1wRlP3lJwQ7kNvwEPuBYA&_nc_oc=AdnqrjDN_BNjSSHWO-GbkIWH6fkGMLw4bqvL_NH6e2wMveX7G-rP2dAqsDSq1mJMOaY&_nc_zt=24&_nc_ht=scontent-gig4-1.xx&_nc_gid=AoBFJeGrT1hVaew_6rchkQ&oh=00_AfX7QmFGhQhG2jAllVgXCiM1ZrWgvtp80-Bfppyexh1QEg&oe=689E923C"},"aioseo_meta_data":{"post_id":"58270","title":null,"description":null,"keywords":null,"keyphrases":null,"primary_term":null,"canonical_url":null,"og_title":null,"og_description":null,"og_object_type":"default","og_image_type":"default","og_image_url":null,"og_image_width":null,"og_image_height":null,"og_image_custom_url":null,"og_image_custom_fields":null,"og_video":null,"og_custom_url":null,"og_article_section":null,"og_article_tags":null,"twitter_use_og":false,"twitter_card":"default","twitter_image_type":"default","twitter_image_url":null,"twitter_image_custom_url":null,"twitter_image_custom_fields":null,"twitter_title":null,"twitter_description":null,"schema":{"blockGraphs":[],"customGraphs":[],"default":{"data":{"Article":[],"Course":[],"Dataset":[],"FAQPage":[],"Movie":[],"Person":[],"Product":[],"ProductReview":[],"Car":[],"Recipe":[],"Service":[],"SoftwareApplication":[],"WebPage":[]},"graphName":"","isEnabled":true},"graphs":[]},"schema_type":"default","schema_type_options":null,"pillar_content":false,"robots_default":true,"robots_noindex":false,"robots_noarchive":false,"robots_nosnippet":false,"robots_nofollow":false,"robots_noimageindex":false,"robots_noodp":false,"robots_notranslate":false,"robots_max_snippet":null,"robots_max_videopreview":null,"robots_max_imagepreview":"large","priority":null,"frequency":null,"local_seo":null,"breadcrumb_settings":null,"limit_modified_date":false,"ai":null,"created":"2025-08-16 21:13:27","updated":"2025-08-16 21:13:27","focus_keyword":null,"additional_keywords":null,"truseo_locale":null,"seo_analyzer_scan_date":null},"aioseo_breadcrumb":"<div class=\"aioseo-breadcrumbs\"><span class=\"aioseo-breadcrumb\">\n\t\t\t<a href=\"https:\/\/anoticiaonline.com.br\/site\" title=\"Home\">Home<\/a>\n\t\t<\/span><span class=\"aioseo-breadcrumb-separator\">&raquo;<\/span><span class=\"aioseo-breadcrumb\">\n\t\t\t<a href=\"https:\/\/anoticiaonline.com.br\/site\/categoria\/colunistas\/\" title=\"Colunistas\">Colunistas<\/a>\n\t\t<\/span><span class=\"aioseo-breadcrumb-separator\">&raquo;<\/span><span class=\"aioseo-breadcrumb\">\n\t\t\t<a href=\"https:\/\/anoticiaonline.com.br\/site\/categoria\/colunistas\/politica-e-atualidades-francisco-laviola\/\" title=\"Pol\u00edtica e Atualidades - Francisco Laviola\">Pol\u00edtica e Atualidades - Francisco Laviola<\/a>\n\t\t<\/span><span class=\"aioseo-breadcrumb-separator\">&raquo;<\/span><span class=\"aioseo-breadcrumb\">\n\t\t\tO engodo est\u00e1 no ar\n\t\t<\/span><\/div>","aioseo_breadcrumb_json":[{"label":"Home","link":"https:\/\/anoticiaonline.com.br\/site"},{"label":"Colunistas","link":"https:\/\/anoticiaonline.com.br\/site\/categoria\/colunistas\/"},{"label":"Pol\u00edtica e Atualidades - Francisco Laviola","link":"https:\/\/anoticiaonline.com.br\/site\/categoria\/colunistas\/politica-e-atualidades-francisco-laviola\/"},{"label":"O engodo est\u00e1 no ar","link":"https:\/\/anoticiaonline.com.br\/site\/o-engodo-esta-no-ar\/"}],"views":151,"_links":{"self":[{"href":"https:\/\/anoticiaonline.com.br\/site\/wp-json\/wp\/v2\/posts\/58270","targetHints":{"allow":["GET"]}}],"collection":[{"href":"https:\/\/anoticiaonline.com.br\/site\/wp-json\/wp\/v2\/posts"}],"about":[{"href":"https:\/\/anoticiaonline.com.br\/site\/wp-json\/wp\/v2\/types\/post"}],"author":[{"embeddable":true,"href":"https:\/\/anoticiaonline.com.br\/site\/wp-json\/wp\/v2\/users\/2"}],"replies":[{"embeddable":true,"href":"https:\/\/anoticiaonline.com.br\/site\/wp-json\/wp\/v2\/comments?post=58270"}],"version-history":[{"count":0,"href":"https:\/\/anoticiaonline.com.br\/site\/wp-json\/wp\/v2\/posts\/58270\/revisions"}],"wp:attachment":[{"href":"https:\/\/anoticiaonline.com.br\/site\/wp-json\/wp\/v2\/media?parent=58270"}],"wp:term":[{"taxonomy":"category","embeddable":true,"href":"https:\/\/anoticiaonline.com.br\/site\/wp-json\/wp\/v2\/categories?post=58270"},{"taxonomy":"post_tag","embeddable":true,"href":"https:\/\/anoticiaonline.com.br\/site\/wp-json\/wp\/v2\/tags?post=58270"}],"curies":[{"name":"wp","href":"https:\/\/api.w.org\/{rel}","templated":true}]}}