{"id":58268,"date":"2018-07-12T18:53:15","date_gmt":"2018-07-12T21:53:15","guid":{"rendered":"http:\/\/anoticiaonline.com.br\/site\/?p=58268"},"modified":"2018-07-12T18:54:51","modified_gmt":"2018-07-12T21:54:51","slug":"a-vida-como-uma-bicicleta","status":"publish","type":"post","link":"https:\/\/anoticiaonline.com.br\/site\/a-vida-como-uma-bicicleta\/","title":{"rendered":"A VIDA COMO UMA BICICLETA"},"content":{"rendered":"<p>Adellunar Marge<\/p>\n<p>A an\u00e1lise e a tentativa de entendimento da vida sempre foi uma preocupa\u00e7\u00e3o dos seres humanos. Fil\u00f3sofos, poetas, te\u00f3logos, cientistas ou qualquer pessoa do senso comum sempre procuraram decifrar o enigma da exist\u00eancia. Einstein disse certa vez em uma entrevista que a vida \u00e9 um mist\u00e9rio. Os poetas e os escritores, principalmente, sempre usaram o artif\u00edcio da met\u00e1fora para abordarem o misterioso enigma da exist\u00eancia.<\/p>\n<p>A palavra met\u00e1fora surge de dois elementos gregos que a comp\u00f5em: \u201cMet\u00e1\u201d, que significa sobre e \u201cpherein\u201d, que significa transporte, mudan\u00e7a. Em literatura, podemos dizer \u201ctransporte ou mudan\u00e7a de sentido pr\u00f3prio em sentido figurado. Justamente neste sentido o escritor espanhol Javier Vidal-Quadras tra\u00e7a um paralelo entre a exist\u00eancia humana e uma bicicleta, em sua obra \u201cUm paseo em bicicleta por la vida\u201d. Javier Vidal-Quadras Trias de Bes, nascido em Barcelona em 1961, estabelece nesse livro uma met\u00e1fora da vida, utilizando a bicicleta. A compara\u00e7\u00e3o da bicicleta com a vida n\u00e3o \u00e9 um recurso novo na abordagem da exist\u00eancia.<\/p>\n<p>Albert Einstein, o renomado f\u00edsico autor da \u201cTeoria da Relatividade\u201d, afirmava que \u201ca vida \u00e9 como uma bicicleta. Para manter o equil\u00edbrio temos que seguir pedalando. Na vida a nossa op\u00e7\u00e3o \u00e9 pedalar ou&#8230;pedalar\u201d.<\/p>\n<p>H.G.Wells se referia \u00e0 bicicleta com uma maneira afetuosa, dizendo que a contempla\u00e7\u00e3o de uma pessoa andando de bicicleta devolvia a ele a esperan\u00e7a de um mundo melhor, pois o remetia \u00e0 lembran\u00e7a da inf\u00e2ncia e de toda a inoc\u00eancia que a caracteriza.<\/p>\n<p>Helen Keller disse certa vez que vencer a intoler\u00e2ncia requer do nosso c\u00e9rebro o mesmo esfor\u00e7o para nos manter equilibrados sobre uma bicicleta.<\/p>\n<p>Dolors Massot \u00e9 jornalista e professora universit\u00e1ria, Doutora pela Universidade Aut\u00f4noma de Barcelona, Especialista em Cultura e Moda e j\u00e1 assessorou empresas como a Prada, Carolina Herrera, Nina Ricci, Paco Rabanne e Nissan. Segundo Dolors, que analisa a citada obra de Vidal-Quadras, n\u00e3o poder\u00edamos dizer que o fil\u00f3sofo maced\u00f4nio Arist\u00f3teles tivesse comparado a exist\u00eancia com a bicicleta, pois esta ainda n\u00e3o existia em sua \u00e9poca, sendo uma inven\u00e7\u00e3o do s\u00e9c. XVIII, mas o estagirita disse alguma coisa semelhante, quando se referiu \u00e0s Bigas, aqueles carros de combate puxados por cavalos, afirmando que os cavaleiros sujeitavam os cavalos \u00e0s r\u00e9deas, decidindo a velocidade e a dire\u00e7\u00e3o desejadas, do mesmo modo como dominamos as paix\u00f5es, os sentimentos, a intelig\u00eancia e a vontade. Tal como o ciclista para o escritor espanhol.<\/p>\n<p>Para Javier Vidal-Quadras, o guid\u00e3o de uma bicicleta equivale \u00e0 intelig\u00eancia, orientando a trajet\u00f3ria, o destino do percurso, o que representa o meu interesse e o que gosto de fazer; As rodas poderiam ser comparadas ao sentimento e simbolizam o movimento, a din\u00e2mica da vida com suas subidas e descidas, a capacidade de adequa\u00e7\u00e3o ao que vamos encontrando na trajet\u00f3ria existencial, merc\u00ea dos obst\u00e1culos desviados, como se fora uma resposta a cada mudan\u00e7a de planos. Os pedais, esses s\u00e3o a vontade humana, o que d\u00e1 impulso \u00e0 vida, aquilo que nos faz ir sempre adiante e nos permite transformar em realidade o que a intelig\u00eancia contempla no horizonte da idealiza\u00e7\u00e3o. Os pedais seriam mesmo a decis\u00e3o de chegar ao destino. Sem o exerc\u00edcio dessa vontade nossa exist\u00eancia se resumiria, no m\u00e1ximo, \u00e0s boas inten\u00e7\u00f5es, apenas e ficar\u00edamos est\u00e1ticos em termos existenciais.<\/p>\n","protected":false},"excerpt":{"rendered":"<p>Adellunar Marge A an\u00e1lise e a tentativa de entendimento da vida sempre foi uma preocupa\u00e7\u00e3o dos seres humanos. Fil\u00f3sofos, poetas, te\u00f3logos, cientistas ou qualquer pessoa do senso comum sempre procuraram decifrar o enigma da exist\u00eancia. Einstein disse certa vez em uma entrevista que a vida \u00e9 um mist\u00e9rio. Os poetas e os escritores, principalmente, sempre &#8230; <a title=\"A VIDA COMO UMA BICICLETA\" class=\"read-more\" href=\"https:\/\/anoticiaonline.com.br\/site\/a-vida-como-uma-bicicleta\/\" aria-label=\"Read more about A VIDA COMO UMA BICICLETA\">Ler mais<\/a><\/p>\n","protected":false},"author":2,"featured_media":0,"comment_status":"open","ping_status":"open","sticky":false,"template":"","format":"standard","meta":{"_acf_changed":false,"_monsterinsights_skip_tracking":false,"footnotes":""},"categories":[36],"tags":[],"class_list":["post-58268","post","type-post","status-publish","format-standard","hentry","category-logos-adellunar-marge"],"acf":[],"aioseo_notices":[],"aioseo_head":"\n\t\t<!-- All in One SEO 5.0.0.1 - aioseo.com -->\n\t<meta name=\"description\" content=\"Adellunar Marge A an\u00e1lise e a tentativa de entendimento da vida sempre foi uma preocupa\u00e7\u00e3o dos seres humanos. Fil\u00f3sofos, poetas, te\u00f3logos, cientistas ou qualquer pessoa do senso comum sempre procuraram decifrar o enigma da exist\u00eancia. Einstein disse certa vez em uma entrevista que a vida \u00e9 um mist\u00e9rio. Os poetas e os escritores, principalmente, sempre\" \/>\n\t<meta name=\"robots\" content=\"max-image-preview:large\" \/>\n\t<meta name=\"author\" content=\"Juliana Laviola\"\/>\n\t<link rel=\"canonical\" href=\"https:\/\/anoticiaonline.com.br\/site\/a-vida-como-uma-bicicleta\/\" \/>\n\t<meta name=\"generator\" content=\"All in One SEO (AIOSEO) 5.0.0.1\" \/>\n\t\t<meta property=\"og:locale\" content=\"pt_BR\" \/>\n\t\t<meta property=\"og:site_name\" content=\"A Not\u00edcia Online - Noticias de Muria\u00e9 e regi\u00e3o\" \/>\n\t\t<meta property=\"og:type\" content=\"article\" \/>\n\t\t<meta property=\"og:title\" content=\"A VIDA COMO UMA BICICLETA - A Not\u00edcia Online\" \/>\n\t\t<meta property=\"og:description\" content=\"Adellunar Marge A an\u00e1lise e a tentativa de entendimento da vida sempre foi uma preocupa\u00e7\u00e3o dos seres humanos. Fil\u00f3sofos, poetas, te\u00f3logos, cientistas ou qualquer pessoa do senso comum sempre procuraram decifrar o enigma da exist\u00eancia. Einstein disse certa vez em uma entrevista que a vida \u00e9 um mist\u00e9rio. Os poetas e os escritores, principalmente, sempre\" \/>\n\t\t<meta property=\"og:url\" content=\"https:\/\/anoticiaonline.com.br\/site\/a-vida-como-uma-bicicleta\/\" \/>\n\t\t<meta property=\"og:image\" content=\"https:\/\/scontent-gig4-1.xx.fbcdn.net\/v\/t39.30808-1\/270437624_4564083193639691_6907940295614233970_n.jpg?stp=dst-jpg_s200x200_tt6&#038;_nc_cat=111&#038;ccb=1-7&#038;_nc_sid=f907e8&#038;_nc_ohc=SM1wRlP3lJwQ7kNvwEPuBYA&#038;_nc_oc=AdnqrjDN_BNjSSHWO-GbkIWH6fkGMLw4bqvL_NH6e2wMveX7G-rP2dAqsDSq1mJMOaY&#038;_nc_zt=24&#038;_nc_ht=scontent-gig4-1.xx&#038;_nc_gid=AoBFJeGrT1hVaew_6rchkQ&#038;oh=00_AfX7QmFGhQhG2jAllVgXCiM1ZrWgvtp80-Bfppyexh1QEg&#038;oe=689E923C\" \/>\n\t\t<meta property=\"og:image:secure_url\" content=\"https:\/\/scontent-gig4-1.xx.fbcdn.net\/v\/t39.30808-1\/270437624_4564083193639691_6907940295614233970_n.jpg?stp=dst-jpg_s200x200_tt6&#038;_nc_cat=111&#038;ccb=1-7&#038;_nc_sid=f907e8&#038;_nc_ohc=SM1wRlP3lJwQ7kNvwEPuBYA&#038;_nc_oc=AdnqrjDN_BNjSSHWO-GbkIWH6fkGMLw4bqvL_NH6e2wMveX7G-rP2dAqsDSq1mJMOaY&#038;_nc_zt=24&#038;_nc_ht=scontent-gig4-1.xx&#038;_nc_gid=AoBFJeGrT1hVaew_6rchkQ&#038;oh=00_AfX7QmFGhQhG2jAllVgXCiM1ZrWgvtp80-Bfppyexh1QEg&#038;oe=689E923C\" \/>\n\t\t<meta property=\"article:published_time\" content=\"2018-07-12T21:53:15+00:00\" \/>\n\t\t<meta property=\"article:modified_time\" content=\"2018-07-12T21:54:51+00:00\" \/>\n\t\t<meta name=\"twitter:card\" content=\"summary_large_image\" \/>\n\t\t<meta name=\"twitter:title\" content=\"A VIDA COMO UMA BICICLETA - A Not\u00edcia Online\" \/>\n\t\t<meta name=\"twitter:description\" content=\"Adellunar Marge A an\u00e1lise e a tentativa de entendimento da vida sempre foi uma preocupa\u00e7\u00e3o dos seres humanos. Fil\u00f3sofos, poetas, te\u00f3logos, cientistas ou qualquer pessoa do senso comum sempre procuraram decifrar o enigma da exist\u00eancia. Einstein disse certa vez em uma entrevista que a vida \u00e9 um mist\u00e9rio. Os poetas e os escritores, principalmente, sempre\" \/>\n\t\t<meta name=\"twitter:image\" content=\"https:\/\/scontent-gig4-1.xx.fbcdn.net\/v\/t39.30808-1\/270437624_4564083193639691_6907940295614233970_n.jpg?stp=dst-jpg_s200x200_tt6&amp;_nc_cat=111&amp;ccb=1-7&amp;_nc_sid=f907e8&amp;_nc_ohc=SM1wRlP3lJwQ7kNvwEPuBYA&amp;_nc_oc=AdnqrjDN_BNjSSHWO-GbkIWH6fkGMLw4bqvL_NH6e2wMveX7G-rP2dAqsDSq1mJMOaY&amp;_nc_zt=24&amp;_nc_ht=scontent-gig4-1.xx&amp;_nc_gid=AoBFJeGrT1hVaew_6rchkQ&amp;oh=00_AfX7QmFGhQhG2jAllVgXCiM1ZrWgvtp80-Bfppyexh1QEg&amp;oe=689E923C\" \/>\n\t\t<script type=\"application\/ld+json\" class=\"aioseo-schema\">\n\t\t\t{\"@context\":\"https:\\\/\\\/schema.org\",\"@graph\":[{\"@type\":\"BlogPosting\",\"@id\":\"https:\\\/\\\/anoticiaonline.com.br\\\/site\\\/a-vida-como-uma-bicicleta\\\/#blogposting\",\"name\":\"A VIDA COMO UMA BICICLETA - A Not\\u00edcia Online\",\"headline\":\"A VIDA COMO UMA BICICLETA\",\"author\":{\"@id\":\"https:\\\/\\\/anoticiaonline.com.br\\\/site\\\/author\\\/juliana\\\/#author\"},\"publisher\":{\"@id\":\"https:\\\/\\\/anoticiaonline.com.br\\\/site\\\/#organization\"},\"image\":{\"@type\":\"ImageObject\",\"url\":\"https:\\\/\\\/scontent-gig4-1.xx.fbcdn.net\\\/v\\\/t39.30808-1\\\/270437624_4564083193639691_6907940295614233970_n.jpg?stp=dst-jpg_s200x200_tt6&_nc_cat=111&ccb=1-7&_nc_sid=f907e8&_nc_ohc=SM1wRlP3lJwQ7kNvwEPuBYA&_nc_oc=AdnqrjDN_BNjSSHWO-GbkIWH6fkGMLw4bqvL_NH6e2wMveX7G-rP2dAqsDSq1mJMOaY&_nc_zt=24&_nc_ht=scontent-gig4-1.xx&_nc_gid=AoBFJeGrT1hVaew_6rchkQ&oh=00_AfX7QmFGhQhG2jAllVgXCiM1ZrWgvtp80-Bfppyexh1QEg&oe=689E923C\",\"@id\":\"https:\\\/\\\/anoticiaonline.com.br\\\/site\\\/#articleImage\"},\"datePublished\":\"2018-07-12T18:53:15-03:00\",\"dateModified\":\"2018-07-12T18:54:51-03:00\",\"inLanguage\":\"pt-BR\",\"mainEntityOfPage\":{\"@id\":\"https:\\\/\\\/anoticiaonline.com.br\\\/site\\\/a-vida-como-uma-bicicleta\\\/#webpage\"},\"isPartOf\":{\"@id\":\"https:\\\/\\\/anoticiaonline.com.br\\\/site\\\/a-vida-como-uma-bicicleta\\\/#webpage\"},\"articleSection\":\"Logos - Adellunar Marge\"},{\"@type\":\"BreadcrumbList\",\"@id\":\"https:\\\/\\\/anoticiaonline.com.br\\\/site\\\/a-vida-como-uma-bicicleta\\\/#breadcrumblist\",\"itemListElement\":[{\"@type\":\"ListItem\",\"@id\":\"https:\\\/\\\/anoticiaonline.com.br\\\/site#listItem\",\"position\":1,\"name\":\"Home\",\"item\":\"https:\\\/\\\/anoticiaonline.com.br\\\/site\",\"nextItem\":{\"@type\":\"ListItem\",\"@id\":\"https:\\\/\\\/anoticiaonline.com.br\\\/site\\\/categoria\\\/colunistas\\\/#listItem\",\"name\":\"Colunistas\"}},{\"@type\":\"ListItem\",\"@id\":\"https:\\\/\\\/anoticiaonline.com.br\\\/site\\\/categoria\\\/colunistas\\\/#listItem\",\"position\":2,\"name\":\"Colunistas\",\"item\":\"https:\\\/\\\/anoticiaonline.com.br\\\/site\\\/categoria\\\/colunistas\\\/\",\"nextItem\":{\"@type\":\"ListItem\",\"@id\":\"https:\\\/\\\/anoticiaonline.com.br\\\/site\\\/categoria\\\/colunistas\\\/logos-adellunar-marge\\\/#listItem\",\"name\":\"Logos - Adellunar Marge\"},\"previousItem\":{\"@type\":\"ListItem\",\"@id\":\"https:\\\/\\\/anoticiaonline.com.br\\\/site#listItem\",\"name\":\"Home\"}},{\"@type\":\"ListItem\",\"@id\":\"https:\\\/\\\/anoticiaonline.com.br\\\/site\\\/categoria\\\/colunistas\\\/logos-adellunar-marge\\\/#listItem\",\"position\":3,\"name\":\"Logos - Adellunar Marge\",\"item\":\"https:\\\/\\\/anoticiaonline.com.br\\\/site\\\/categoria\\\/colunistas\\\/logos-adellunar-marge\\\/\",\"nextItem\":{\"@type\":\"ListItem\",\"@id\":\"https:\\\/\\\/anoticiaonline.com.br\\\/site\\\/a-vida-como-uma-bicicleta\\\/#listItem\",\"name\":\"A VIDA COMO UMA BICICLETA\"},\"previousItem\":{\"@type\":\"ListItem\",\"@id\":\"https:\\\/\\\/anoticiaonline.com.br\\\/site\\\/categoria\\\/colunistas\\\/#listItem\",\"name\":\"Colunistas\"}},{\"@type\":\"ListItem\",\"@id\":\"https:\\\/\\\/anoticiaonline.com.br\\\/site\\\/a-vida-como-uma-bicicleta\\\/#listItem\",\"position\":4,\"name\":\"A VIDA COMO UMA BICICLETA\",\"previousItem\":{\"@type\":\"ListItem\",\"@id\":\"https:\\\/\\\/anoticiaonline.com.br\\\/site\\\/categoria\\\/colunistas\\\/logos-adellunar-marge\\\/#listItem\",\"name\":\"Logos - Adellunar Marge\"}}]},{\"@type\":\"Organization\",\"@id\":\"https:\\\/\\\/anoticiaonline.com.br\\\/site\\\/#organization\",\"name\":\"A Not\\u00edcia Online\",\"description\":\"Noticias de Muria\\u00e9 e regi\\u00e3o\",\"url\":\"https:\\\/\\\/anoticiaonline.com.br\\\/site\\\/\",\"logo\":{\"@type\":\"ImageObject\",\"url\":\"https:\\\/\\\/scontent-gig4-1.xx.fbcdn.net\\\/v\\\/t39.30808-1\\\/270437624_4564083193639691_6907940295614233970_n.jpg?stp=dst-jpg_s200x200_tt6&_nc_cat=111&ccb=1-7&_nc_sid=f907e8&_nc_ohc=SM1wRlP3lJwQ7kNvwEPuBYA&_nc_oc=AdnqrjDN_BNjSSHWO-GbkIWH6fkGMLw4bqvL_NH6e2wMveX7G-rP2dAqsDSq1mJMOaY&_nc_zt=24&_nc_ht=scontent-gig4-1.xx&_nc_gid=AoBFJeGrT1hVaew_6rchkQ&oh=00_AfX7QmFGhQhG2jAllVgXCiM1ZrWgvtp80-Bfppyexh1QEg&oe=689E923C\",\"@id\":\"https:\\\/\\\/anoticiaonline.com.br\\\/site\\\/a-vida-como-uma-bicicleta\\\/#organizationLogo\"},\"image\":{\"@id\":\"https:\\\/\\\/anoticiaonline.com.br\\\/site\\\/a-vida-como-uma-bicicleta\\\/#organizationLogo\"}},{\"@type\":\"Person\",\"@id\":\"https:\\\/\\\/anoticiaonline.com.br\\\/site\\\/author\\\/juliana\\\/#author\",\"url\":\"https:\\\/\\\/anoticiaonline.com.br\\\/site\\\/author\\\/juliana\\\/\",\"name\":\"Juliana Laviola\",\"image\":{\"@type\":\"ImageObject\",\"@id\":\"https:\\\/\\\/anoticiaonline.com.br\\\/site\\\/a-vida-como-uma-bicicleta\\\/#authorImage\",\"url\":\"https:\\\/\\\/secure.gravatar.com\\\/avatar\\\/b8d45f5c699b100dfaf0e543582f38f38bf94cb7ae3a5e9abf8d891a34773335?s=96&d=mm&r=g\",\"width\":96,\"height\":96,\"caption\":\"Juliana Laviola\"}},{\"@type\":\"WebPage\",\"@id\":\"https:\\\/\\\/anoticiaonline.com.br\\\/site\\\/a-vida-como-uma-bicicleta\\\/#webpage\",\"url\":\"https:\\\/\\\/anoticiaonline.com.br\\\/site\\\/a-vida-como-uma-bicicleta\\\/\",\"name\":\"A VIDA COMO UMA BICICLETA - A Not\\u00edcia Online\",\"description\":\"Adellunar Marge A an\\u00e1lise e a tentativa de entendimento da vida sempre foi uma preocupa\\u00e7\\u00e3o dos seres humanos. Fil\\u00f3sofos, poetas, te\\u00f3logos, cientistas ou qualquer pessoa do senso comum sempre procuraram decifrar o enigma da exist\\u00eancia. Einstein disse certa vez em uma entrevista que a vida \\u00e9 um mist\\u00e9rio. Os poetas e os escritores, principalmente, sempre\",\"inLanguage\":\"pt-BR\",\"isPartOf\":{\"@id\":\"https:\\\/\\\/anoticiaonline.com.br\\\/site\\\/#website\"},\"breadcrumb\":{\"@id\":\"https:\\\/\\\/anoticiaonline.com.br\\\/site\\\/a-vida-como-uma-bicicleta\\\/#breadcrumblist\"},\"author\":{\"@id\":\"https:\\\/\\\/anoticiaonline.com.br\\\/site\\\/author\\\/juliana\\\/#author\"},\"creator\":{\"@id\":\"https:\\\/\\\/anoticiaonline.com.br\\\/site\\\/author\\\/juliana\\\/#author\"},\"datePublished\":\"2018-07-12T18:53:15-03:00\",\"dateModified\":\"2018-07-12T18:54:51-03:00\"},{\"@type\":\"WebSite\",\"@id\":\"https:\\\/\\\/anoticiaonline.com.br\\\/site\\\/#website\",\"url\":\"https:\\\/\\\/anoticiaonline.com.br\\\/site\\\/\",\"name\":\"A Not\\u00edcia Online\",\"description\":\"Noticias de Muria\\u00e9 e regi\\u00e3o\",\"inLanguage\":\"pt-BR\",\"publisher\":{\"@id\":\"https:\\\/\\\/anoticiaonline.com.br\\\/site\\\/#organization\"}}]}\n\t\t<\/script>\n\t\t<!-- All in One SEO -->\n\n","aioseo_head_json":{"title":"A VIDA COMO UMA BICICLETA - A Not\u00edcia Online","description":"Adellunar Marge A an\u00e1lise e a tentativa de entendimento da vida sempre foi uma preocupa\u00e7\u00e3o dos seres humanos. Fil\u00f3sofos, poetas, te\u00f3logos, cientistas ou qualquer pessoa do senso comum sempre procuraram decifrar o enigma da exist\u00eancia. Einstein disse certa vez em uma entrevista que a vida \u00e9 um mist\u00e9rio. Os poetas e os escritores, principalmente, sempre","canonical_url":"https:\/\/anoticiaonline.com.br\/site\/a-vida-como-uma-bicicleta\/","robots":"max-image-preview:large","keywords":"","webmasterTools":{"miscellaneous":""},"schema":{"@context":"https:\/\/schema.org","@graph":[{"@type":"BlogPosting","@id":"https:\/\/anoticiaonline.com.br\/site\/a-vida-como-uma-bicicleta\/#blogposting","name":"A VIDA COMO UMA BICICLETA - A Not\u00edcia Online","headline":"A VIDA COMO UMA BICICLETA","author":{"@id":"https:\/\/anoticiaonline.com.br\/site\/author\/juliana\/#author"},"publisher":{"@id":"https:\/\/anoticiaonline.com.br\/site\/#organization"},"image":{"@type":"ImageObject","url":"https:\/\/scontent-gig4-1.xx.fbcdn.net\/v\/t39.30808-1\/270437624_4564083193639691_6907940295614233970_n.jpg?stp=dst-jpg_s200x200_tt6&_nc_cat=111&ccb=1-7&_nc_sid=f907e8&_nc_ohc=SM1wRlP3lJwQ7kNvwEPuBYA&_nc_oc=AdnqrjDN_BNjSSHWO-GbkIWH6fkGMLw4bqvL_NH6e2wMveX7G-rP2dAqsDSq1mJMOaY&_nc_zt=24&_nc_ht=scontent-gig4-1.xx&_nc_gid=AoBFJeGrT1hVaew_6rchkQ&oh=00_AfX7QmFGhQhG2jAllVgXCiM1ZrWgvtp80-Bfppyexh1QEg&oe=689E923C","@id":"https:\/\/anoticiaonline.com.br\/site\/#articleImage"},"datePublished":"2018-07-12T18:53:15-03:00","dateModified":"2018-07-12T18:54:51-03:00","inLanguage":"pt-BR","mainEntityOfPage":{"@id":"https:\/\/anoticiaonline.com.br\/site\/a-vida-como-uma-bicicleta\/#webpage"},"isPartOf":{"@id":"https:\/\/anoticiaonline.com.br\/site\/a-vida-como-uma-bicicleta\/#webpage"},"articleSection":"Logos - Adellunar Marge"},{"@type":"BreadcrumbList","@id":"https:\/\/anoticiaonline.com.br\/site\/a-vida-como-uma-bicicleta\/#breadcrumblist","itemListElement":[{"@type":"ListItem","@id":"https:\/\/anoticiaonline.com.br\/site#listItem","position":1,"name":"Home","item":"https:\/\/anoticiaonline.com.br\/site","nextItem":{"@type":"ListItem","@id":"https:\/\/anoticiaonline.com.br\/site\/categoria\/colunistas\/#listItem","name":"Colunistas"}},{"@type":"ListItem","@id":"https:\/\/anoticiaonline.com.br\/site\/categoria\/colunistas\/#listItem","position":2,"name":"Colunistas","item":"https:\/\/anoticiaonline.com.br\/site\/categoria\/colunistas\/","nextItem":{"@type":"ListItem","@id":"https:\/\/anoticiaonline.com.br\/site\/categoria\/colunistas\/logos-adellunar-marge\/#listItem","name":"Logos - Adellunar Marge"},"previousItem":{"@type":"ListItem","@id":"https:\/\/anoticiaonline.com.br\/site#listItem","name":"Home"}},{"@type":"ListItem","@id":"https:\/\/anoticiaonline.com.br\/site\/categoria\/colunistas\/logos-adellunar-marge\/#listItem","position":3,"name":"Logos - Adellunar Marge","item":"https:\/\/anoticiaonline.com.br\/site\/categoria\/colunistas\/logos-adellunar-marge\/","nextItem":{"@type":"ListItem","@id":"https:\/\/anoticiaonline.com.br\/site\/a-vida-como-uma-bicicleta\/#listItem","name":"A VIDA COMO UMA BICICLETA"},"previousItem":{"@type":"ListItem","@id":"https:\/\/anoticiaonline.com.br\/site\/categoria\/colunistas\/#listItem","name":"Colunistas"}},{"@type":"ListItem","@id":"https:\/\/anoticiaonline.com.br\/site\/a-vida-como-uma-bicicleta\/#listItem","position":4,"name":"A VIDA COMO UMA BICICLETA","previousItem":{"@type":"ListItem","@id":"https:\/\/anoticiaonline.com.br\/site\/categoria\/colunistas\/logos-adellunar-marge\/#listItem","name":"Logos - Adellunar Marge"}}]},{"@type":"Organization","@id":"https:\/\/anoticiaonline.com.br\/site\/#organization","name":"A Not\u00edcia Online","description":"Noticias de Muria\u00e9 e regi\u00e3o","url":"https:\/\/anoticiaonline.com.br\/site\/","logo":{"@type":"ImageObject","url":"https:\/\/scontent-gig4-1.xx.fbcdn.net\/v\/t39.30808-1\/270437624_4564083193639691_6907940295614233970_n.jpg?stp=dst-jpg_s200x200_tt6&_nc_cat=111&ccb=1-7&_nc_sid=f907e8&_nc_ohc=SM1wRlP3lJwQ7kNvwEPuBYA&_nc_oc=AdnqrjDN_BNjSSHWO-GbkIWH6fkGMLw4bqvL_NH6e2wMveX7G-rP2dAqsDSq1mJMOaY&_nc_zt=24&_nc_ht=scontent-gig4-1.xx&_nc_gid=AoBFJeGrT1hVaew_6rchkQ&oh=00_AfX7QmFGhQhG2jAllVgXCiM1ZrWgvtp80-Bfppyexh1QEg&oe=689E923C","@id":"https:\/\/anoticiaonline.com.br\/site\/a-vida-como-uma-bicicleta\/#organizationLogo"},"image":{"@id":"https:\/\/anoticiaonline.com.br\/site\/a-vida-como-uma-bicicleta\/#organizationLogo"}},{"@type":"Person","@id":"https:\/\/anoticiaonline.com.br\/site\/author\/juliana\/#author","url":"https:\/\/anoticiaonline.com.br\/site\/author\/juliana\/","name":"Juliana Laviola","image":{"@type":"ImageObject","@id":"https:\/\/anoticiaonline.com.br\/site\/a-vida-como-uma-bicicleta\/#authorImage","url":"https:\/\/secure.gravatar.com\/avatar\/b8d45f5c699b100dfaf0e543582f38f38bf94cb7ae3a5e9abf8d891a34773335?s=96&d=mm&r=g","width":96,"height":96,"caption":"Juliana Laviola"}},{"@type":"WebPage","@id":"https:\/\/anoticiaonline.com.br\/site\/a-vida-como-uma-bicicleta\/#webpage","url":"https:\/\/anoticiaonline.com.br\/site\/a-vida-como-uma-bicicleta\/","name":"A VIDA COMO UMA BICICLETA - A Not\u00edcia Online","description":"Adellunar Marge A an\u00e1lise e a tentativa de entendimento da vida sempre foi uma preocupa\u00e7\u00e3o dos seres humanos. Fil\u00f3sofos, poetas, te\u00f3logos, cientistas ou qualquer pessoa do senso comum sempre procuraram decifrar o enigma da exist\u00eancia. Einstein disse certa vez em uma entrevista que a vida \u00e9 um mist\u00e9rio. Os poetas e os escritores, principalmente, sempre","inLanguage":"pt-BR","isPartOf":{"@id":"https:\/\/anoticiaonline.com.br\/site\/#website"},"breadcrumb":{"@id":"https:\/\/anoticiaonline.com.br\/site\/a-vida-como-uma-bicicleta\/#breadcrumblist"},"author":{"@id":"https:\/\/anoticiaonline.com.br\/site\/author\/juliana\/#author"},"creator":{"@id":"https:\/\/anoticiaonline.com.br\/site\/author\/juliana\/#author"},"datePublished":"2018-07-12T18:53:15-03:00","dateModified":"2018-07-12T18:54:51-03:00"},{"@type":"WebSite","@id":"https:\/\/anoticiaonline.com.br\/site\/#website","url":"https:\/\/anoticiaonline.com.br\/site\/","name":"A Not\u00edcia Online","description":"Noticias de Muria\u00e9 e regi\u00e3o","inLanguage":"pt-BR","publisher":{"@id":"https:\/\/anoticiaonline.com.br\/site\/#organization"}}]},"og:locale":"pt_BR","og:site_name":"A Not\u00edcia Online - Noticias de Muria\u00e9 e regi\u00e3o","og:type":"article","og:title":"A VIDA COMO UMA BICICLETA - A Not\u00edcia Online","og:description":"Adellunar Marge A an\u00e1lise e a tentativa de entendimento da vida sempre foi uma preocupa\u00e7\u00e3o dos seres humanos. Fil\u00f3sofos, poetas, te\u00f3logos, cientistas ou qualquer pessoa do senso comum sempre procuraram decifrar o enigma da exist\u00eancia. Einstein disse certa vez em uma entrevista que a vida \u00e9 um mist\u00e9rio. Os poetas e os escritores, principalmente, sempre","og:url":"https:\/\/anoticiaonline.com.br\/site\/a-vida-como-uma-bicicleta\/","og:image":"https:\/\/scontent-gig4-1.xx.fbcdn.net\/v\/t39.30808-1\/270437624_4564083193639691_6907940295614233970_n.jpg?stp=dst-jpg_s200x200_tt6&#038;_nc_cat=111&#038;ccb=1-7&#038;_nc_sid=f907e8&#038;_nc_ohc=SM1wRlP3lJwQ7kNvwEPuBYA&#038;_nc_oc=AdnqrjDN_BNjSSHWO-GbkIWH6fkGMLw4bqvL_NH6e2wMveX7G-rP2dAqsDSq1mJMOaY&#038;_nc_zt=24&#038;_nc_ht=scontent-gig4-1.xx&#038;_nc_gid=AoBFJeGrT1hVaew_6rchkQ&#038;oh=00_AfX7QmFGhQhG2jAllVgXCiM1ZrWgvtp80-Bfppyexh1QEg&#038;oe=689E923C","og:image:secure_url":"https:\/\/scontent-gig4-1.xx.fbcdn.net\/v\/t39.30808-1\/270437624_4564083193639691_6907940295614233970_n.jpg?stp=dst-jpg_s200x200_tt6&#038;_nc_cat=111&#038;ccb=1-7&#038;_nc_sid=f907e8&#038;_nc_ohc=SM1wRlP3lJwQ7kNvwEPuBYA&#038;_nc_oc=AdnqrjDN_BNjSSHWO-GbkIWH6fkGMLw4bqvL_NH6e2wMveX7G-rP2dAqsDSq1mJMOaY&#038;_nc_zt=24&#038;_nc_ht=scontent-gig4-1.xx&#038;_nc_gid=AoBFJeGrT1hVaew_6rchkQ&#038;oh=00_AfX7QmFGhQhG2jAllVgXCiM1ZrWgvtp80-Bfppyexh1QEg&#038;oe=689E923C","article:published_time":"2018-07-12T21:53:15+00:00","article:modified_time":"2018-07-12T21:54:51+00:00","twitter:card":"summary_large_image","twitter:title":"A VIDA COMO UMA BICICLETA - A Not\u00edcia Online","twitter:description":"Adellunar Marge A an\u00e1lise e a tentativa de entendimento da vida sempre foi uma preocupa\u00e7\u00e3o dos seres humanos. Fil\u00f3sofos, poetas, te\u00f3logos, cientistas ou qualquer pessoa do senso comum sempre procuraram decifrar o enigma da exist\u00eancia. Einstein disse certa vez em uma entrevista que a vida \u00e9 um mist\u00e9rio. Os poetas e os escritores, principalmente, sempre","twitter:image":"https:\/\/scontent-gig4-1.xx.fbcdn.net\/v\/t39.30808-1\/270437624_4564083193639691_6907940295614233970_n.jpg?stp=dst-jpg_s200x200_tt6&_nc_cat=111&ccb=1-7&_nc_sid=f907e8&_nc_ohc=SM1wRlP3lJwQ7kNvwEPuBYA&_nc_oc=AdnqrjDN_BNjSSHWO-GbkIWH6fkGMLw4bqvL_NH6e2wMveX7G-rP2dAqsDSq1mJMOaY&_nc_zt=24&_nc_ht=scontent-gig4-1.xx&_nc_gid=AoBFJeGrT1hVaew_6rchkQ&oh=00_AfX7QmFGhQhG2jAllVgXCiM1ZrWgvtp80-Bfppyexh1QEg&oe=689E923C"},"aioseo_meta_data":{"post_id":"58268","title":null,"description":null,"keywords":null,"keyphrases":null,"primary_term":null,"canonical_url":null,"og_title":null,"og_description":null,"og_object_type":"default","og_image_type":"default","og_image_url":null,"og_image_width":null,"og_image_height":null,"og_image_custom_url":null,"og_image_custom_fields":null,"og_video":null,"og_custom_url":null,"og_article_section":null,"og_article_tags":null,"twitter_use_og":false,"twitter_card":"default","twitter_image_type":"default","twitter_image_url":null,"twitter_image_custom_url":null,"twitter_image_custom_fields":null,"twitter_title":null,"twitter_description":null,"schema":{"blockGraphs":[],"customGraphs":[],"default":{"data":{"Article":[],"Course":[],"Dataset":[],"FAQPage":[],"Movie":[],"Person":[],"Product":[],"ProductReview":[],"Car":[],"Recipe":[],"Service":[],"SoftwareApplication":[],"WebPage":[]},"graphName":"","isEnabled":true},"graphs":[]},"schema_type":"default","schema_type_options":null,"pillar_content":false,"robots_default":true,"robots_noindex":false,"robots_noarchive":false,"robots_nosnippet":false,"robots_nofollow":false,"robots_noimageindex":false,"robots_noodp":false,"robots_notranslate":false,"robots_max_snippet":null,"robots_max_videopreview":null,"robots_max_imagepreview":"large","priority":null,"frequency":null,"local_seo":null,"breadcrumb_settings":null,"limit_modified_date":false,"ai":null,"created":"2025-08-16 21:13:27","updated":"2025-08-16 21:13:27","focus_keyword":null,"additional_keywords":null,"truseo_locale":null,"seo_analyzer_scan_date":null},"aioseo_breadcrumb":"<div class=\"aioseo-breadcrumbs\"><span class=\"aioseo-breadcrumb\">\n\t\t\t<a href=\"https:\/\/anoticiaonline.com.br\/site\" title=\"Home\">Home<\/a>\n\t\t<\/span><span class=\"aioseo-breadcrumb-separator\">&raquo;<\/span><span class=\"aioseo-breadcrumb\">\n\t\t\t<a href=\"https:\/\/anoticiaonline.com.br\/site\/categoria\/colunistas\/\" title=\"Colunistas\">Colunistas<\/a>\n\t\t<\/span><span class=\"aioseo-breadcrumb-separator\">&raquo;<\/span><span class=\"aioseo-breadcrumb\">\n\t\t\t<a href=\"https:\/\/anoticiaonline.com.br\/site\/categoria\/colunistas\/logos-adellunar-marge\/\" title=\"Logos - Adellunar Marge\">Logos - Adellunar Marge<\/a>\n\t\t<\/span><span class=\"aioseo-breadcrumb-separator\">&raquo;<\/span><span class=\"aioseo-breadcrumb\">\n\t\t\tA VIDA COMO UMA BICICLETA\n\t\t<\/span><\/div>","aioseo_breadcrumb_json":[{"label":"Home","link":"https:\/\/anoticiaonline.com.br\/site"},{"label":"Colunistas","link":"https:\/\/anoticiaonline.com.br\/site\/categoria\/colunistas\/"},{"label":"Logos - Adellunar Marge","link":"https:\/\/anoticiaonline.com.br\/site\/categoria\/colunistas\/logos-adellunar-marge\/"},{"label":"A VIDA COMO UMA BICICLETA","link":"https:\/\/anoticiaonline.com.br\/site\/a-vida-como-uma-bicicleta\/"}],"views":153,"_links":{"self":[{"href":"https:\/\/anoticiaonline.com.br\/site\/wp-json\/wp\/v2\/posts\/58268","targetHints":{"allow":["GET"]}}],"collection":[{"href":"https:\/\/anoticiaonline.com.br\/site\/wp-json\/wp\/v2\/posts"}],"about":[{"href":"https:\/\/anoticiaonline.com.br\/site\/wp-json\/wp\/v2\/types\/post"}],"author":[{"embeddable":true,"href":"https:\/\/anoticiaonline.com.br\/site\/wp-json\/wp\/v2\/users\/2"}],"replies":[{"embeddable":true,"href":"https:\/\/anoticiaonline.com.br\/site\/wp-json\/wp\/v2\/comments?post=58268"}],"version-history":[{"count":0,"href":"https:\/\/anoticiaonline.com.br\/site\/wp-json\/wp\/v2\/posts\/58268\/revisions"}],"wp:attachment":[{"href":"https:\/\/anoticiaonline.com.br\/site\/wp-json\/wp\/v2\/media?parent=58268"}],"wp:term":[{"taxonomy":"category","embeddable":true,"href":"https:\/\/anoticiaonline.com.br\/site\/wp-json\/wp\/v2\/categories?post=58268"},{"taxonomy":"post_tag","embeddable":true,"href":"https:\/\/anoticiaonline.com.br\/site\/wp-json\/wp\/v2\/tags?post=58268"}],"curies":[{"name":"wp","href":"https:\/\/api.w.org\/{rel}","templated":true}]}}