{"id":58263,"date":"2018-07-12T18:28:49","date_gmt":"2018-07-12T21:28:49","guid":{"rendered":"http:\/\/anoticiaonline.com.br\/site\/?p=58263"},"modified":"2018-07-12T18:29:13","modified_gmt":"2018-07-12T21:29:13","slug":"central-de-bloqueio-de-celular-quer-reduzir-roubo-e-receptacao-de-aparelhos-em-minas","status":"publish","type":"post","link":"https:\/\/anoticiaonline.com.br\/site\/central-de-bloqueio-de-celular-quer-reduzir-roubo-e-receptacao-de-aparelhos-em-minas\/","title":{"rendered":"Central de Bloqueio de Celular quer reduzir roubo e recepta\u00e7\u00e3o de aparelhos em Minas"},"content":{"rendered":"<p><a href=\"https:\/\/anoticiaonline.com.br\/site\/wp-content\/uploads\/2018\/07\/Central-de-Bloqueio-de-Celular-quer-reduzir-roubo-e-recepta\u00e7\u00e3o-de-aparelhos-em-Minas.jpg\"><img fetchpriority=\"high\" decoding=\"async\" class=\"alignnone size-full wp-image-58264\" src=\"https:\/\/anoticiaonline.com.br\/site\/wp-content\/uploads\/2018\/07\/Central-de-Bloqueio-de-Celular-quer-reduzir-roubo-e-recepta\u00e7\u00e3o-de-aparelhos-em-Minas.jpg\" alt=\"\" width=\"640\" height=\"427\" srcset=\"https:\/\/anoticiaonline.com.br\/site\/wp-content\/uploads\/2018\/07\/Central-de-Bloqueio-de-Celular-quer-reduzir-roubo-e-recepta\u00e7\u00e3o-de-aparelhos-em-Minas.jpg 640w, https:\/\/anoticiaonline.com.br\/site\/wp-content\/uploads\/2018\/07\/Central-de-Bloqueio-de-Celular-quer-reduzir-roubo-e-recepta\u00e7\u00e3o-de-aparelhos-em-Minas-300x200.jpg 300w\" sizes=\"(max-width: 640px) 100vw, 640px\" \/><\/a><\/p>\n<p>Aparelhos de celulares roubados ou furtados agora poder\u00e3o ser bloqueados pelos usu\u00e1rios apenas com o n\u00famero da linha em Minas Gerais. \u00c9 que o Governo do Estado criou um servi\u00e7o que mescla tecnologia e gest\u00e3o de pessoas para garantir a desburocratiza\u00e7\u00e3o desse processo para o cidad\u00e3o e, ao mesmo tempo, inibir o roubo de celulares a partir da perda de valor de mercado de um dos principais objetos hoje utilizados como moeda no mundo do crime.<\/p>\n<p>A Central de Bloqueio de Celulares do Estado de Minas Gerais (Cbloc) vai operar um sistema online, hospedado na p\u00e1gina da Secretaria de Seguran\u00e7a P\u00fablica (Sesp), no qual o cidad\u00e3o vai solicitar o bloqueio do seu aparelho celular em menos de 3 cliques, fornecendo apenas o n\u00famero do celular e dados pessoais. Recebendo essa solicita\u00e7\u00e3o, do outro lado da \u201cconex\u00e3o\u201d estar\u00e3o profissionais da Secretaria de Seguran\u00e7a que v\u00e3o providenciar a inutiliza\u00e7\u00e3o do aparelho junto \u00e0 Ag\u00eancia Nacional de Telecomunica\u00e7\u00f5es (Anatel), em at\u00e9 24 horas. O lan\u00e7amento do servi\u00e7o acontece nesta sexta-feira, 06.7, ap\u00f3s visita do Governador ao Centro Integrado de Seguran\u00e7a P\u00fablica (Cisp).<\/p>\n<p>Atualmente, quando o cidad\u00e3o quer bloquear seu aparelho, precisa ter em m\u00e3os o n\u00famero do IMEI do telefone, que \u00e9 a Identifica\u00e7\u00e3o Internacional de Equipamento M\u00f3vel \u2013 o que dificilmente se tem depois que o aparelho \u00e9 subtra\u00eddo ou que a caixa do celular j\u00e1 foi para o lixo. De posse desse dado, ele precisa fazer um contato direto com a Anatel ou operadora, via telefone, e solicitar o impedimento. Com o novo servi\u00e7o do governo, v\u00edtimas de furto ou roubo conseguir\u00e3o garantir o bloqueio do seu aparelho de forma mais \u00e1gil, online e utilizando apenas o n\u00famero da linha.<\/p>\n<p>Mais seguran\u00e7a para o Estado e para o cidad\u00e3o &#8211; Ao bloquear o aparelho, o cidad\u00e3o n\u00e3o apenas tem a garantia de que quem cometeu o crime contra ele n\u00e3o vai utilizar o celular \u2013 acessando informa\u00e7\u00f5es pessoais como mensagens de texto e at\u00e9 de seguran\u00e7a, como caminhos di\u00e1rios salvos em aplicativos com GPS \u2013, mas tamb\u00e9m ir\u00e1 contribuir com a seguran\u00e7a p\u00fablica. Inutilizados, os aparelhos perdem valor de mercado e ficam menos atrativos para criminosos.<\/p>\n<p>Atualmente, apesar da diminui\u00e7\u00e3o de 27,6% no total de ocorr\u00eancias nas quais um celular foi roubado nos primeiros quatro meses de 2018, s\u00e3o 16.651 aparelhos subtra\u00eddos por este tipo de crime em Minas de janeiro a abril. Em 56,6% do total de roubos que aconteceram no Estado, h\u00e1 pelo menos um aparelho de celular entre os itens levados. As principais v\u00edtimas s\u00e3o do sexo feminino e t\u00eam entre 18 e 24 anos.<\/p>\n<p>Para potencializar o efeito da inutiliza\u00e7\u00e3o do aparelho com resultados para a seguran\u00e7a p\u00fablica, a CBLOC far\u00e1, pelo meio online, no site da Sesp, o bloqueio de equipamentos cujo registro da ocorr\u00eancia tenha acontecido at\u00e9 48 horas antes. Essa \u00e9 uma forma de ampliar a chance de a inutiliza\u00e7\u00e3o do celular acontecer ainda enquanto o equipamento estiver nas m\u00e3os do criminoso e receptador.<\/p>\n<p>Qualquer cidad\u00e3o, entretanto, pode pedir pelo bloqueio do aparelho mesmo passadas as 48 horas do registro da ocorr\u00eancia. Para isso, basta comparecer a uma unidade da pol\u00edcia militar ou civil e fazer a solicita\u00e7\u00e3o.<\/p>\n<p>Vale ressaltar, ainda, que apenas o aparelho celular \u00e9 bloqueado por meio da Cbloc. Ele n\u00e3o perder\u00e1 o n\u00famero da linha ou qualquer benef\u00edcio junto a operadora, se assim desejar. O bloqueio da linha, inclusive, por n\u00e3o se tratar de procedimento de seguran\u00e7a p\u00fablica, deve seguir o tr\u00e2mite normal hoje utilizado pelo dono do celular que foi roubado ou furtado: deve-se fazer contato junto a cada operadora.<\/p>\n<p><strong>Aparelhos oriundos do roubo de cargas para o mercado negro &#8211;<\/strong> A CBLOC tamb\u00e9m quer inibir o roubo de celulares que ainda n\u00e3o foram vendidos para os consumidores e dar uma resposta, tamb\u00e9m, ao mercado negro que se alimenta desse tipo de a\u00e7\u00e3o.<\/p>\n<p>O servi\u00e7o, disponibilizado na p\u00e1gina da Secretaria de Seguran\u00e7a, tamb\u00e9m permite que lojistas e transportadores bloqueiem de forma online aparelhos que foram subtra\u00eddos em crimes de roubo de carga, por exemplo. Para estes aparelhos, que ainda n\u00e3o est\u00e3o vinculados a uma operadora em espec\u00edfico, o sistema d\u00e1 a op\u00e7\u00e3o de bloqueio por meio do IMEI, estar\u00e1 dispon\u00edvel nas notas fiscais das compras e cargas.<\/p>\n<p><strong>Desbloqueio de Aparelhos Celulares &#8211;<\/strong> No caso de recupera\u00e7\u00e3o dos aparelhos roubados ou furtados por autoridades policiais, ser\u00e1 realizado contato com o propriet\u00e1rio. Ele, ent\u00e3o, dever\u00e1 se dirigir \u00e0 unidade policial solicitada para retirada do aparelho, mediante preenchimento do Termo de Restitui\u00e7\u00e3o. A autoridade ser\u00e1 a respons\u00e1vel, por meio de sistema pr\u00f3prio, pela realiza\u00e7\u00e3o do pedido de desbloqueio do aparelho via Ag\u00eancia Nacional de Telecomunica\u00e7\u00f5es (Anatel).<\/p>\n<p>Cr\u00e9ditos: ASCOM SEGOVMG<\/p>\n","protected":false},"excerpt":{"rendered":"<p>Aparelhos de celulares roubados ou furtados agora poder\u00e3o ser bloqueados pelos usu\u00e1rios apenas com o n\u00famero da linha em Minas Gerais. \u00c9 que o Governo do Estado criou um servi\u00e7o que mescla tecnologia e gest\u00e3o de pessoas para garantir a desburocratiza\u00e7\u00e3o desse processo para o cidad\u00e3o e, ao mesmo tempo, inibir o roubo de celulares &#8230; <a title=\"Central de Bloqueio de Celular quer reduzir roubo e recepta\u00e7\u00e3o de aparelhos em Minas\" class=\"read-more\" href=\"https:\/\/anoticiaonline.com.br\/site\/central-de-bloqueio-de-celular-quer-reduzir-roubo-e-receptacao-de-aparelhos-em-minas\/\" aria-label=\"Read more about Central de Bloqueio de Celular quer reduzir roubo e recepta\u00e7\u00e3o de aparelhos em Minas\">Ler mais<\/a><\/p>\n","protected":false},"author":2,"featured_media":58264,"comment_status":"open","ping_status":"open","sticky":false,"template":"","format":"standard","meta":{"_acf_changed":false,"_monsterinsights_skip_tracking":false,"footnotes":""},"categories":[30],"tags":[],"class_list":["post-58263","post","type-post","status-publish","format-standard","has-post-thumbnail","hentry","category-muriae"],"acf":[],"aioseo_notices":[],"aioseo_head":"\n\t\t<!-- All in One SEO 5.0.0.1 - aioseo.com -->\n\t<meta name=\"description\" content=\"Aparelhos de celulares roubados ou furtados agora poder\u00e3o ser bloqueados pelos usu\u00e1rios apenas com o n\u00famero da linha em Minas Gerais. \u00c9 que o Governo do Estado criou um servi\u00e7o que mescla tecnologia e gest\u00e3o de pessoas para garantir a desburocratiza\u00e7\u00e3o desse processo para o cidad\u00e3o e, ao mesmo tempo, inibir o roubo de celulares\" \/>\n\t<meta name=\"robots\" content=\"max-image-preview:large\" \/>\n\t<meta name=\"author\" content=\"Juliana Laviola\"\/>\n\t<link rel=\"canonical\" href=\"https:\/\/anoticiaonline.com.br\/site\/central-de-bloqueio-de-celular-quer-reduzir-roubo-e-receptacao-de-aparelhos-em-minas\/\" \/>\n\t<meta name=\"generator\" content=\"All in One SEO (AIOSEO) 5.0.0.1\" \/>\n\t\t<meta property=\"og:locale\" content=\"pt_BR\" \/>\n\t\t<meta property=\"og:site_name\" content=\"A Not\u00edcia Online - Noticias de Muria\u00e9 e regi\u00e3o\" \/>\n\t\t<meta property=\"og:type\" content=\"article\" \/>\n\t\t<meta property=\"og:title\" content=\"Central de Bloqueio de Celular quer reduzir roubo e recepta\u00e7\u00e3o de aparelhos em Minas - A Not\u00edcia Online\" \/>\n\t\t<meta property=\"og:description\" content=\"Aparelhos de celulares roubados ou furtados agora poder\u00e3o ser bloqueados pelos usu\u00e1rios apenas com o n\u00famero da linha em Minas Gerais. \u00c9 que o Governo do Estado criou um servi\u00e7o que mescla tecnologia e gest\u00e3o de pessoas para garantir a desburocratiza\u00e7\u00e3o desse processo para o cidad\u00e3o e, ao mesmo tempo, inibir o roubo de celulares\" \/>\n\t\t<meta property=\"og:url\" content=\"https:\/\/anoticiaonline.com.br\/site\/central-de-bloqueio-de-celular-quer-reduzir-roubo-e-receptacao-de-aparelhos-em-minas\/\" \/>\n\t\t<meta property=\"og:image\" content=\"https:\/\/scontent-gig4-1.xx.fbcdn.net\/v\/t39.30808-1\/270437624_4564083193639691_6907940295614233970_n.jpg?stp=dst-jpg_s200x200_tt6&#038;_nc_cat=111&#038;ccb=1-7&#038;_nc_sid=f907e8&#038;_nc_ohc=SM1wRlP3lJwQ7kNvwEPuBYA&#038;_nc_oc=AdnqrjDN_BNjSSHWO-GbkIWH6fkGMLw4bqvL_NH6e2wMveX7G-rP2dAqsDSq1mJMOaY&#038;_nc_zt=24&#038;_nc_ht=scontent-gig4-1.xx&#038;_nc_gid=AoBFJeGrT1hVaew_6rchkQ&#038;oh=00_AfX7QmFGhQhG2jAllVgXCiM1ZrWgvtp80-Bfppyexh1QEg&#038;oe=689E923C\" \/>\n\t\t<meta property=\"og:image:secure_url\" content=\"https:\/\/scontent-gig4-1.xx.fbcdn.net\/v\/t39.30808-1\/270437624_4564083193639691_6907940295614233970_n.jpg?stp=dst-jpg_s200x200_tt6&#038;_nc_cat=111&#038;ccb=1-7&#038;_nc_sid=f907e8&#038;_nc_ohc=SM1wRlP3lJwQ7kNvwEPuBYA&#038;_nc_oc=AdnqrjDN_BNjSSHWO-GbkIWH6fkGMLw4bqvL_NH6e2wMveX7G-rP2dAqsDSq1mJMOaY&#038;_nc_zt=24&#038;_nc_ht=scontent-gig4-1.xx&#038;_nc_gid=AoBFJeGrT1hVaew_6rchkQ&#038;oh=00_AfX7QmFGhQhG2jAllVgXCiM1ZrWgvtp80-Bfppyexh1QEg&#038;oe=689E923C\" \/>\n\t\t<meta property=\"article:published_time\" content=\"2018-07-12T21:28:49+00:00\" \/>\n\t\t<meta property=\"article:modified_time\" content=\"2018-07-12T21:29:13+00:00\" \/>\n\t\t<meta name=\"twitter:card\" content=\"summary_large_image\" \/>\n\t\t<meta name=\"twitter:title\" content=\"Central de Bloqueio de Celular quer reduzir roubo e recepta\u00e7\u00e3o de aparelhos em Minas - A Not\u00edcia Online\" \/>\n\t\t<meta name=\"twitter:description\" content=\"Aparelhos de celulares roubados ou furtados agora poder\u00e3o ser bloqueados pelos usu\u00e1rios apenas com o n\u00famero da linha em Minas Gerais. \u00c9 que o Governo do Estado criou um servi\u00e7o que mescla tecnologia e gest\u00e3o de pessoas para garantir a desburocratiza\u00e7\u00e3o desse processo para o cidad\u00e3o e, ao mesmo tempo, inibir o roubo de celulares\" \/>\n\t\t<meta name=\"twitter:image\" content=\"https:\/\/scontent-gig4-1.xx.fbcdn.net\/v\/t39.30808-1\/270437624_4564083193639691_6907940295614233970_n.jpg?stp=dst-jpg_s200x200_tt6&amp;_nc_cat=111&amp;ccb=1-7&amp;_nc_sid=f907e8&amp;_nc_ohc=SM1wRlP3lJwQ7kNvwEPuBYA&amp;_nc_oc=AdnqrjDN_BNjSSHWO-GbkIWH6fkGMLw4bqvL_NH6e2wMveX7G-rP2dAqsDSq1mJMOaY&amp;_nc_zt=24&amp;_nc_ht=scontent-gig4-1.xx&amp;_nc_gid=AoBFJeGrT1hVaew_6rchkQ&amp;oh=00_AfX7QmFGhQhG2jAllVgXCiM1ZrWgvtp80-Bfppyexh1QEg&amp;oe=689E923C\" \/>\n\t\t<script type=\"application\/ld+json\" class=\"aioseo-schema\">\n\t\t\t{\"@context\":\"https:\\\/\\\/schema.org\",\"@graph\":[{\"@type\":\"BlogPosting\",\"@id\":\"https:\\\/\\\/anoticiaonline.com.br\\\/site\\\/central-de-bloqueio-de-celular-quer-reduzir-roubo-e-receptacao-de-aparelhos-em-minas\\\/#blogposting\",\"name\":\"Central de Bloqueio de Celular quer reduzir roubo e recepta\\u00e7\\u00e3o de aparelhos em Minas - A Not\\u00edcia Online\",\"headline\":\"Central de Bloqueio de Celular quer reduzir roubo e recepta\\u00e7\\u00e3o de aparelhos em Minas\",\"author\":{\"@id\":\"https:\\\/\\\/anoticiaonline.com.br\\\/site\\\/author\\\/juliana\\\/#author\"},\"publisher\":{\"@id\":\"https:\\\/\\\/anoticiaonline.com.br\\\/site\\\/#organization\"},\"image\":{\"@type\":\"ImageObject\",\"url\":\"https:\\\/\\\/anoticiaonline.com.br\\\/site\\\/wp-content\\\/uploads\\\/2018\\\/07\\\/Central-de-Bloqueio-de-Celular-quer-reduzir-roubo-e-recepta\\u00e7\\u00e3o-de-aparelhos-em-Minas.jpg\",\"width\":640,\"height\":427},\"datePublished\":\"2018-07-12T18:28:49-03:00\",\"dateModified\":\"2018-07-12T18:29:13-03:00\",\"inLanguage\":\"pt-BR\",\"mainEntityOfPage\":{\"@id\":\"https:\\\/\\\/anoticiaonline.com.br\\\/site\\\/central-de-bloqueio-de-celular-quer-reduzir-roubo-e-receptacao-de-aparelhos-em-minas\\\/#webpage\"},\"isPartOf\":{\"@id\":\"https:\\\/\\\/anoticiaonline.com.br\\\/site\\\/central-de-bloqueio-de-celular-quer-reduzir-roubo-e-receptacao-de-aparelhos-em-minas\\\/#webpage\"},\"articleSection\":\"Blog\"},{\"@type\":\"BreadcrumbList\",\"@id\":\"https:\\\/\\\/anoticiaonline.com.br\\\/site\\\/central-de-bloqueio-de-celular-quer-reduzir-roubo-e-receptacao-de-aparelhos-em-minas\\\/#breadcrumblist\",\"itemListElement\":[{\"@type\":\"ListItem\",\"@id\":\"https:\\\/\\\/anoticiaonline.com.br\\\/site#listItem\",\"position\":1,\"name\":\"Home\",\"item\":\"https:\\\/\\\/anoticiaonline.com.br\\\/site\",\"nextItem\":{\"@type\":\"ListItem\",\"@id\":\"https:\\\/\\\/anoticiaonline.com.br\\\/site\\\/categoria\\\/muriae\\\/#listItem\",\"name\":\"Blog\"}},{\"@type\":\"ListItem\",\"@id\":\"https:\\\/\\\/anoticiaonline.com.br\\\/site\\\/categoria\\\/muriae\\\/#listItem\",\"position\":2,\"name\":\"Blog\",\"item\":\"https:\\\/\\\/anoticiaonline.com.br\\\/site\\\/categoria\\\/muriae\\\/\",\"nextItem\":{\"@type\":\"ListItem\",\"@id\":\"https:\\\/\\\/anoticiaonline.com.br\\\/site\\\/central-de-bloqueio-de-celular-quer-reduzir-roubo-e-receptacao-de-aparelhos-em-minas\\\/#listItem\",\"name\":\"Central de Bloqueio de Celular quer reduzir roubo e recepta\\u00e7\\u00e3o de aparelhos em Minas\"},\"previousItem\":{\"@type\":\"ListItem\",\"@id\":\"https:\\\/\\\/anoticiaonline.com.br\\\/site#listItem\",\"name\":\"Home\"}},{\"@type\":\"ListItem\",\"@id\":\"https:\\\/\\\/anoticiaonline.com.br\\\/site\\\/central-de-bloqueio-de-celular-quer-reduzir-roubo-e-receptacao-de-aparelhos-em-minas\\\/#listItem\",\"position\":3,\"name\":\"Central de Bloqueio de Celular quer reduzir roubo e recepta\\u00e7\\u00e3o de aparelhos em Minas\",\"previousItem\":{\"@type\":\"ListItem\",\"@id\":\"https:\\\/\\\/anoticiaonline.com.br\\\/site\\\/categoria\\\/muriae\\\/#listItem\",\"name\":\"Blog\"}}]},{\"@type\":\"Organization\",\"@id\":\"https:\\\/\\\/anoticiaonline.com.br\\\/site\\\/#organization\",\"name\":\"A Not\\u00edcia Online\",\"description\":\"Noticias de Muria\\u00e9 e regi\\u00e3o\",\"url\":\"https:\\\/\\\/anoticiaonline.com.br\\\/site\\\/\",\"logo\":{\"@type\":\"ImageObject\",\"url\":\"https:\\\/\\\/scontent-gig4-1.xx.fbcdn.net\\\/v\\\/t39.30808-1\\\/270437624_4564083193639691_6907940295614233970_n.jpg?stp=dst-jpg_s200x200_tt6&_nc_cat=111&ccb=1-7&_nc_sid=f907e8&_nc_ohc=SM1wRlP3lJwQ7kNvwEPuBYA&_nc_oc=AdnqrjDN_BNjSSHWO-GbkIWH6fkGMLw4bqvL_NH6e2wMveX7G-rP2dAqsDSq1mJMOaY&_nc_zt=24&_nc_ht=scontent-gig4-1.xx&_nc_gid=AoBFJeGrT1hVaew_6rchkQ&oh=00_AfX7QmFGhQhG2jAllVgXCiM1ZrWgvtp80-Bfppyexh1QEg&oe=689E923C\",\"@id\":\"https:\\\/\\\/anoticiaonline.com.br\\\/site\\\/central-de-bloqueio-de-celular-quer-reduzir-roubo-e-receptacao-de-aparelhos-em-minas\\\/#organizationLogo\"},\"image\":{\"@id\":\"https:\\\/\\\/anoticiaonline.com.br\\\/site\\\/central-de-bloqueio-de-celular-quer-reduzir-roubo-e-receptacao-de-aparelhos-em-minas\\\/#organizationLogo\"}},{\"@type\":\"Person\",\"@id\":\"https:\\\/\\\/anoticiaonline.com.br\\\/site\\\/author\\\/juliana\\\/#author\",\"url\":\"https:\\\/\\\/anoticiaonline.com.br\\\/site\\\/author\\\/juliana\\\/\",\"name\":\"Juliana Laviola\",\"image\":{\"@type\":\"ImageObject\",\"@id\":\"https:\\\/\\\/anoticiaonline.com.br\\\/site\\\/central-de-bloqueio-de-celular-quer-reduzir-roubo-e-receptacao-de-aparelhos-em-minas\\\/#authorImage\",\"url\":\"https:\\\/\\\/secure.gravatar.com\\\/avatar\\\/b8d45f5c699b100dfaf0e543582f38f38bf94cb7ae3a5e9abf8d891a34773335?s=96&d=mm&r=g\",\"width\":96,\"height\":96,\"caption\":\"Juliana Laviola\"}},{\"@type\":\"WebPage\",\"@id\":\"https:\\\/\\\/anoticiaonline.com.br\\\/site\\\/central-de-bloqueio-de-celular-quer-reduzir-roubo-e-receptacao-de-aparelhos-em-minas\\\/#webpage\",\"url\":\"https:\\\/\\\/anoticiaonline.com.br\\\/site\\\/central-de-bloqueio-de-celular-quer-reduzir-roubo-e-receptacao-de-aparelhos-em-minas\\\/\",\"name\":\"Central de Bloqueio de Celular quer reduzir roubo e recepta\\u00e7\\u00e3o de aparelhos em Minas - A Not\\u00edcia Online\",\"description\":\"Aparelhos de celulares roubados ou furtados agora poder\\u00e3o ser bloqueados pelos usu\\u00e1rios apenas com o n\\u00famero da linha em Minas Gerais. \\u00c9 que o Governo do Estado criou um servi\\u00e7o que mescla tecnologia e gest\\u00e3o de pessoas para garantir a desburocratiza\\u00e7\\u00e3o desse processo para o cidad\\u00e3o e, ao mesmo tempo, inibir o roubo de celulares\",\"inLanguage\":\"pt-BR\",\"isPartOf\":{\"@id\":\"https:\\\/\\\/anoticiaonline.com.br\\\/site\\\/#website\"},\"breadcrumb\":{\"@id\":\"https:\\\/\\\/anoticiaonline.com.br\\\/site\\\/central-de-bloqueio-de-celular-quer-reduzir-roubo-e-receptacao-de-aparelhos-em-minas\\\/#breadcrumblist\"},\"author\":{\"@id\":\"https:\\\/\\\/anoticiaonline.com.br\\\/site\\\/author\\\/juliana\\\/#author\"},\"creator\":{\"@id\":\"https:\\\/\\\/anoticiaonline.com.br\\\/site\\\/author\\\/juliana\\\/#author\"},\"image\":{\"@type\":\"ImageObject\",\"url\":\"https:\\\/\\\/anoticiaonline.com.br\\\/site\\\/wp-content\\\/uploads\\\/2018\\\/07\\\/Central-de-Bloqueio-de-Celular-quer-reduzir-roubo-e-recepta\\u00e7\\u00e3o-de-aparelhos-em-Minas.jpg\",\"@id\":\"https:\\\/\\\/anoticiaonline.com.br\\\/site\\\/central-de-bloqueio-de-celular-quer-reduzir-roubo-e-receptacao-de-aparelhos-em-minas\\\/#mainImage\",\"width\":640,\"height\":427},\"primaryImageOfPage\":{\"@id\":\"https:\\\/\\\/anoticiaonline.com.br\\\/site\\\/central-de-bloqueio-de-celular-quer-reduzir-roubo-e-receptacao-de-aparelhos-em-minas\\\/#mainImage\"},\"datePublished\":\"2018-07-12T18:28:49-03:00\",\"dateModified\":\"2018-07-12T18:29:13-03:00\"},{\"@type\":\"WebSite\",\"@id\":\"https:\\\/\\\/anoticiaonline.com.br\\\/site\\\/#website\",\"url\":\"https:\\\/\\\/anoticiaonline.com.br\\\/site\\\/\",\"name\":\"A Not\\u00edcia Online\",\"description\":\"Noticias de Muria\\u00e9 e regi\\u00e3o\",\"inLanguage\":\"pt-BR\",\"publisher\":{\"@id\":\"https:\\\/\\\/anoticiaonline.com.br\\\/site\\\/#organization\"}}]}\n\t\t<\/script>\n\t\t<!-- All in One SEO -->\n\n","aioseo_head_json":{"title":"Central de Bloqueio de Celular quer reduzir roubo e recepta\u00e7\u00e3o de aparelhos em Minas - A Not\u00edcia Online","description":"Aparelhos de celulares roubados ou furtados agora poder\u00e3o ser bloqueados pelos usu\u00e1rios apenas com o n\u00famero da linha em Minas Gerais. \u00c9 que o Governo do Estado criou um servi\u00e7o que mescla tecnologia e gest\u00e3o de pessoas para garantir a desburocratiza\u00e7\u00e3o desse processo para o cidad\u00e3o e, ao mesmo tempo, inibir o roubo de celulares","canonical_url":"https:\/\/anoticiaonline.com.br\/site\/central-de-bloqueio-de-celular-quer-reduzir-roubo-e-receptacao-de-aparelhos-em-minas\/","robots":"max-image-preview:large","keywords":"","webmasterTools":{"miscellaneous":""},"schema":{"@context":"https:\/\/schema.org","@graph":[{"@type":"BlogPosting","@id":"https:\/\/anoticiaonline.com.br\/site\/central-de-bloqueio-de-celular-quer-reduzir-roubo-e-receptacao-de-aparelhos-em-minas\/#blogposting","name":"Central de Bloqueio de Celular quer reduzir roubo e recepta\u00e7\u00e3o de aparelhos em Minas - A Not\u00edcia Online","headline":"Central de Bloqueio de Celular quer reduzir roubo e recepta\u00e7\u00e3o de aparelhos em Minas","author":{"@id":"https:\/\/anoticiaonline.com.br\/site\/author\/juliana\/#author"},"publisher":{"@id":"https:\/\/anoticiaonline.com.br\/site\/#organization"},"image":{"@type":"ImageObject","url":"https:\/\/anoticiaonline.com.br\/site\/wp-content\/uploads\/2018\/07\/Central-de-Bloqueio-de-Celular-quer-reduzir-roubo-e-recepta\u00e7\u00e3o-de-aparelhos-em-Minas.jpg","width":640,"height":427},"datePublished":"2018-07-12T18:28:49-03:00","dateModified":"2018-07-12T18:29:13-03:00","inLanguage":"pt-BR","mainEntityOfPage":{"@id":"https:\/\/anoticiaonline.com.br\/site\/central-de-bloqueio-de-celular-quer-reduzir-roubo-e-receptacao-de-aparelhos-em-minas\/#webpage"},"isPartOf":{"@id":"https:\/\/anoticiaonline.com.br\/site\/central-de-bloqueio-de-celular-quer-reduzir-roubo-e-receptacao-de-aparelhos-em-minas\/#webpage"},"articleSection":"Blog"},{"@type":"BreadcrumbList","@id":"https:\/\/anoticiaonline.com.br\/site\/central-de-bloqueio-de-celular-quer-reduzir-roubo-e-receptacao-de-aparelhos-em-minas\/#breadcrumblist","itemListElement":[{"@type":"ListItem","@id":"https:\/\/anoticiaonline.com.br\/site#listItem","position":1,"name":"Home","item":"https:\/\/anoticiaonline.com.br\/site","nextItem":{"@type":"ListItem","@id":"https:\/\/anoticiaonline.com.br\/site\/categoria\/muriae\/#listItem","name":"Blog"}},{"@type":"ListItem","@id":"https:\/\/anoticiaonline.com.br\/site\/categoria\/muriae\/#listItem","position":2,"name":"Blog","item":"https:\/\/anoticiaonline.com.br\/site\/categoria\/muriae\/","nextItem":{"@type":"ListItem","@id":"https:\/\/anoticiaonline.com.br\/site\/central-de-bloqueio-de-celular-quer-reduzir-roubo-e-receptacao-de-aparelhos-em-minas\/#listItem","name":"Central de Bloqueio de Celular quer reduzir roubo e recepta\u00e7\u00e3o de aparelhos em Minas"},"previousItem":{"@type":"ListItem","@id":"https:\/\/anoticiaonline.com.br\/site#listItem","name":"Home"}},{"@type":"ListItem","@id":"https:\/\/anoticiaonline.com.br\/site\/central-de-bloqueio-de-celular-quer-reduzir-roubo-e-receptacao-de-aparelhos-em-minas\/#listItem","position":3,"name":"Central de Bloqueio de Celular quer reduzir roubo e recepta\u00e7\u00e3o de aparelhos em Minas","previousItem":{"@type":"ListItem","@id":"https:\/\/anoticiaonline.com.br\/site\/categoria\/muriae\/#listItem","name":"Blog"}}]},{"@type":"Organization","@id":"https:\/\/anoticiaonline.com.br\/site\/#organization","name":"A Not\u00edcia Online","description":"Noticias de Muria\u00e9 e regi\u00e3o","url":"https:\/\/anoticiaonline.com.br\/site\/","logo":{"@type":"ImageObject","url":"https:\/\/scontent-gig4-1.xx.fbcdn.net\/v\/t39.30808-1\/270437624_4564083193639691_6907940295614233970_n.jpg?stp=dst-jpg_s200x200_tt6&_nc_cat=111&ccb=1-7&_nc_sid=f907e8&_nc_ohc=SM1wRlP3lJwQ7kNvwEPuBYA&_nc_oc=AdnqrjDN_BNjSSHWO-GbkIWH6fkGMLw4bqvL_NH6e2wMveX7G-rP2dAqsDSq1mJMOaY&_nc_zt=24&_nc_ht=scontent-gig4-1.xx&_nc_gid=AoBFJeGrT1hVaew_6rchkQ&oh=00_AfX7QmFGhQhG2jAllVgXCiM1ZrWgvtp80-Bfppyexh1QEg&oe=689E923C","@id":"https:\/\/anoticiaonline.com.br\/site\/central-de-bloqueio-de-celular-quer-reduzir-roubo-e-receptacao-de-aparelhos-em-minas\/#organizationLogo"},"image":{"@id":"https:\/\/anoticiaonline.com.br\/site\/central-de-bloqueio-de-celular-quer-reduzir-roubo-e-receptacao-de-aparelhos-em-minas\/#organizationLogo"}},{"@type":"Person","@id":"https:\/\/anoticiaonline.com.br\/site\/author\/juliana\/#author","url":"https:\/\/anoticiaonline.com.br\/site\/author\/juliana\/","name":"Juliana Laviola","image":{"@type":"ImageObject","@id":"https:\/\/anoticiaonline.com.br\/site\/central-de-bloqueio-de-celular-quer-reduzir-roubo-e-receptacao-de-aparelhos-em-minas\/#authorImage","url":"https:\/\/secure.gravatar.com\/avatar\/b8d45f5c699b100dfaf0e543582f38f38bf94cb7ae3a5e9abf8d891a34773335?s=96&d=mm&r=g","width":96,"height":96,"caption":"Juliana Laviola"}},{"@type":"WebPage","@id":"https:\/\/anoticiaonline.com.br\/site\/central-de-bloqueio-de-celular-quer-reduzir-roubo-e-receptacao-de-aparelhos-em-minas\/#webpage","url":"https:\/\/anoticiaonline.com.br\/site\/central-de-bloqueio-de-celular-quer-reduzir-roubo-e-receptacao-de-aparelhos-em-minas\/","name":"Central de Bloqueio de Celular quer reduzir roubo e recepta\u00e7\u00e3o de aparelhos em Minas - A Not\u00edcia Online","description":"Aparelhos de celulares roubados ou furtados agora poder\u00e3o ser bloqueados pelos usu\u00e1rios apenas com o n\u00famero da linha em Minas Gerais. \u00c9 que o Governo do Estado criou um servi\u00e7o que mescla tecnologia e gest\u00e3o de pessoas para garantir a desburocratiza\u00e7\u00e3o desse processo para o cidad\u00e3o e, ao mesmo tempo, inibir o roubo de celulares","inLanguage":"pt-BR","isPartOf":{"@id":"https:\/\/anoticiaonline.com.br\/site\/#website"},"breadcrumb":{"@id":"https:\/\/anoticiaonline.com.br\/site\/central-de-bloqueio-de-celular-quer-reduzir-roubo-e-receptacao-de-aparelhos-em-minas\/#breadcrumblist"},"author":{"@id":"https:\/\/anoticiaonline.com.br\/site\/author\/juliana\/#author"},"creator":{"@id":"https:\/\/anoticiaonline.com.br\/site\/author\/juliana\/#author"},"image":{"@type":"ImageObject","url":"https:\/\/anoticiaonline.com.br\/site\/wp-content\/uploads\/2018\/07\/Central-de-Bloqueio-de-Celular-quer-reduzir-roubo-e-recepta\u00e7\u00e3o-de-aparelhos-em-Minas.jpg","@id":"https:\/\/anoticiaonline.com.br\/site\/central-de-bloqueio-de-celular-quer-reduzir-roubo-e-receptacao-de-aparelhos-em-minas\/#mainImage","width":640,"height":427},"primaryImageOfPage":{"@id":"https:\/\/anoticiaonline.com.br\/site\/central-de-bloqueio-de-celular-quer-reduzir-roubo-e-receptacao-de-aparelhos-em-minas\/#mainImage"},"datePublished":"2018-07-12T18:28:49-03:00","dateModified":"2018-07-12T18:29:13-03:00"},{"@type":"WebSite","@id":"https:\/\/anoticiaonline.com.br\/site\/#website","url":"https:\/\/anoticiaonline.com.br\/site\/","name":"A Not\u00edcia Online","description":"Noticias de Muria\u00e9 e regi\u00e3o","inLanguage":"pt-BR","publisher":{"@id":"https:\/\/anoticiaonline.com.br\/site\/#organization"}}]},"og:locale":"pt_BR","og:site_name":"A Not\u00edcia Online - Noticias de Muria\u00e9 e regi\u00e3o","og:type":"article","og:title":"Central de Bloqueio de Celular quer reduzir roubo e recepta\u00e7\u00e3o de aparelhos em Minas - A Not\u00edcia Online","og:description":"Aparelhos de celulares roubados ou furtados agora poder\u00e3o ser bloqueados pelos usu\u00e1rios apenas com o n\u00famero da linha em Minas Gerais. \u00c9 que o Governo do Estado criou um servi\u00e7o que mescla tecnologia e gest\u00e3o de pessoas para garantir a desburocratiza\u00e7\u00e3o desse processo para o cidad\u00e3o e, ao mesmo tempo, inibir o roubo de celulares","og:url":"https:\/\/anoticiaonline.com.br\/site\/central-de-bloqueio-de-celular-quer-reduzir-roubo-e-receptacao-de-aparelhos-em-minas\/","og:image":"https:\/\/scontent-gig4-1.xx.fbcdn.net\/v\/t39.30808-1\/270437624_4564083193639691_6907940295614233970_n.jpg?stp=dst-jpg_s200x200_tt6&#038;_nc_cat=111&#038;ccb=1-7&#038;_nc_sid=f907e8&#038;_nc_ohc=SM1wRlP3lJwQ7kNvwEPuBYA&#038;_nc_oc=AdnqrjDN_BNjSSHWO-GbkIWH6fkGMLw4bqvL_NH6e2wMveX7G-rP2dAqsDSq1mJMOaY&#038;_nc_zt=24&#038;_nc_ht=scontent-gig4-1.xx&#038;_nc_gid=AoBFJeGrT1hVaew_6rchkQ&#038;oh=00_AfX7QmFGhQhG2jAllVgXCiM1ZrWgvtp80-Bfppyexh1QEg&#038;oe=689E923C","og:image:secure_url":"https:\/\/scontent-gig4-1.xx.fbcdn.net\/v\/t39.30808-1\/270437624_4564083193639691_6907940295614233970_n.jpg?stp=dst-jpg_s200x200_tt6&#038;_nc_cat=111&#038;ccb=1-7&#038;_nc_sid=f907e8&#038;_nc_ohc=SM1wRlP3lJwQ7kNvwEPuBYA&#038;_nc_oc=AdnqrjDN_BNjSSHWO-GbkIWH6fkGMLw4bqvL_NH6e2wMveX7G-rP2dAqsDSq1mJMOaY&#038;_nc_zt=24&#038;_nc_ht=scontent-gig4-1.xx&#038;_nc_gid=AoBFJeGrT1hVaew_6rchkQ&#038;oh=00_AfX7QmFGhQhG2jAllVgXCiM1ZrWgvtp80-Bfppyexh1QEg&#038;oe=689E923C","article:published_time":"2018-07-12T21:28:49+00:00","article:modified_time":"2018-07-12T21:29:13+00:00","twitter:card":"summary_large_image","twitter:title":"Central de Bloqueio de Celular quer reduzir roubo e recepta\u00e7\u00e3o de aparelhos em Minas - A Not\u00edcia Online","twitter:description":"Aparelhos de celulares roubados ou furtados agora poder\u00e3o ser bloqueados pelos usu\u00e1rios apenas com o n\u00famero da linha em Minas Gerais. \u00c9 que o Governo do Estado criou um servi\u00e7o que mescla tecnologia e gest\u00e3o de pessoas para garantir a desburocratiza\u00e7\u00e3o desse processo para o cidad\u00e3o e, ao mesmo tempo, inibir o roubo de celulares","twitter:image":"https:\/\/scontent-gig4-1.xx.fbcdn.net\/v\/t39.30808-1\/270437624_4564083193639691_6907940295614233970_n.jpg?stp=dst-jpg_s200x200_tt6&_nc_cat=111&ccb=1-7&_nc_sid=f907e8&_nc_ohc=SM1wRlP3lJwQ7kNvwEPuBYA&_nc_oc=AdnqrjDN_BNjSSHWO-GbkIWH6fkGMLw4bqvL_NH6e2wMveX7G-rP2dAqsDSq1mJMOaY&_nc_zt=24&_nc_ht=scontent-gig4-1.xx&_nc_gid=AoBFJeGrT1hVaew_6rchkQ&oh=00_AfX7QmFGhQhG2jAllVgXCiM1ZrWgvtp80-Bfppyexh1QEg&oe=689E923C"},"aioseo_meta_data":{"post_id":"58263","title":null,"description":null,"keywords":null,"keyphrases":null,"primary_term":null,"canonical_url":null,"og_title":null,"og_description":null,"og_object_type":"default","og_image_type":"default","og_image_url":null,"og_image_width":null,"og_image_height":null,"og_image_custom_url":null,"og_image_custom_fields":null,"og_video":null,"og_custom_url":null,"og_article_section":null,"og_article_tags":null,"twitter_use_og":false,"twitter_card":"default","twitter_image_type":"default","twitter_image_url":null,"twitter_image_custom_url":null,"twitter_image_custom_fields":null,"twitter_title":null,"twitter_description":null,"schema":{"blockGraphs":[],"customGraphs":[],"default":{"data":{"Article":[],"Course":[],"Dataset":[],"FAQPage":[],"Movie":[],"Person":[],"Product":[],"ProductReview":[],"Car":[],"Recipe":[],"Service":[],"SoftwareApplication":[],"WebPage":[]},"graphName":"","isEnabled":true},"graphs":[]},"schema_type":"default","schema_type_options":null,"pillar_content":false,"robots_default":true,"robots_noindex":false,"robots_noarchive":false,"robots_nosnippet":false,"robots_nofollow":false,"robots_noimageindex":false,"robots_noodp":false,"robots_notranslate":false,"robots_max_snippet":null,"robots_max_videopreview":null,"robots_max_imagepreview":"large","priority":null,"frequency":null,"local_seo":null,"breadcrumb_settings":null,"limit_modified_date":false,"ai":null,"created":"2025-08-16 21:13:27","updated":"2025-08-16 21:13:27","focus_keyword":null,"additional_keywords":null,"truseo_locale":null,"seo_analyzer_scan_date":null},"aioseo_breadcrumb":"<div class=\"aioseo-breadcrumbs\"><span class=\"aioseo-breadcrumb\">\n\t\t\t<a href=\"https:\/\/anoticiaonline.com.br\/site\" title=\"Home\">Home<\/a>\n\t\t<\/span><span class=\"aioseo-breadcrumb-separator\">&raquo;<\/span><span class=\"aioseo-breadcrumb\">\n\t\t\t<a href=\"https:\/\/anoticiaonline.com.br\/site\/categoria\/muriae\/\" title=\"Blog\">Blog<\/a>\n\t\t<\/span><span class=\"aioseo-breadcrumb-separator\">&raquo;<\/span><span class=\"aioseo-breadcrumb\">\n\t\t\tCentral de Bloqueio de Celular quer reduzir roubo e recepta\u00e7\u00e3o de aparelhos em Minas\n\t\t<\/span><\/div>","aioseo_breadcrumb_json":[{"label":"Home","link":"https:\/\/anoticiaonline.com.br\/site"},{"label":"Blog","link":"https:\/\/anoticiaonline.com.br\/site\/categoria\/muriae\/"},{"label":"Central de Bloqueio de Celular quer reduzir roubo e recepta\u00e7\u00e3o de aparelhos em Minas","link":"https:\/\/anoticiaonline.com.br\/site\/central-de-bloqueio-de-celular-quer-reduzir-roubo-e-receptacao-de-aparelhos-em-minas\/"}],"views":163,"_links":{"self":[{"href":"https:\/\/anoticiaonline.com.br\/site\/wp-json\/wp\/v2\/posts\/58263","targetHints":{"allow":["GET"]}}],"collection":[{"href":"https:\/\/anoticiaonline.com.br\/site\/wp-json\/wp\/v2\/posts"}],"about":[{"href":"https:\/\/anoticiaonline.com.br\/site\/wp-json\/wp\/v2\/types\/post"}],"author":[{"embeddable":true,"href":"https:\/\/anoticiaonline.com.br\/site\/wp-json\/wp\/v2\/users\/2"}],"replies":[{"embeddable":true,"href":"https:\/\/anoticiaonline.com.br\/site\/wp-json\/wp\/v2\/comments?post=58263"}],"version-history":[{"count":0,"href":"https:\/\/anoticiaonline.com.br\/site\/wp-json\/wp\/v2\/posts\/58263\/revisions"}],"wp:featuredmedia":[{"embeddable":true,"href":"https:\/\/anoticiaonline.com.br\/site\/wp-json\/wp\/v2\/media\/58264"}],"wp:attachment":[{"href":"https:\/\/anoticiaonline.com.br\/site\/wp-json\/wp\/v2\/media?parent=58263"}],"wp:term":[{"taxonomy":"category","embeddable":true,"href":"https:\/\/anoticiaonline.com.br\/site\/wp-json\/wp\/v2\/categories?post=58263"},{"taxonomy":"post_tag","embeddable":true,"href":"https:\/\/anoticiaonline.com.br\/site\/wp-json\/wp\/v2\/tags?post=58263"}],"curies":[{"name":"wp","href":"https:\/\/api.w.org\/{rel}","templated":true}]}}