{"id":58260,"date":"2018-07-12T17:56:12","date_gmt":"2018-07-12T20:56:12","guid":{"rendered":"http:\/\/anoticiaonline.com.br\/site\/?p=58260"},"modified":"2018-07-12T18:00:17","modified_gmt":"2018-07-12T21:00:17","slug":"profissionais-da-saude-sao-capacitados-sobre-cuidados-nutricionais-em-pacientes-com-feridas","status":"publish","type":"post","link":"https:\/\/anoticiaonline.com.br\/site\/profissionais-da-saude-sao-capacitados-sobre-cuidados-nutricionais-em-pacientes-com-feridas\/","title":{"rendered":"Profissionais da Sa\u00fade s\u00e3o capacitados sobre cuidados nutricionais em pacientes com feridas"},"content":{"rendered":"<p>Enfermeiros e nutricionistas que atuam nas Unidades B\u00e1sicas de Sa\u00fade (UBS\u2019s) de Muria\u00e9 foram capacitados sobre cuidados de enfermagem e nutricionais de pacientes com feridas. O evento aconteceu na tarde de quarta-feira (11), no audit\u00f3rio do Hospital S\u00e3o Paulo, com o objetivo de aprimorar os servi\u00e7os prestados e promover qualidade de vida aos muriaeenses.<\/p>\n<p>O conte\u00fado foi repassado por enfermeiro e nutricionistas do Grupo Nutrir e do Hospital S\u00e3o Paulo. Para a enfermeira da UBS Aeroporto, Ana Carolyna Assis, o evento foi importante para melhorar\u00a0o atendimento aos pacientes nas UBS\u2019s e tamb\u00e9m aos acamados. \u201cOs conhecimentos adquiridos foram de grande valia para n\u00f3s da Aten\u00e7\u00e3o Prim\u00e1ria, pois estamos no dia a dia com os pacientes e seus familiares, levando para eles informa\u00e7\u00f5es sobre a import\u00e2ncia da alimenta\u00e7\u00e3o saud\u00e1vel e de um suporte nutricional necess\u00e1rio para o tratamento de feridas. Uma de nossas fun\u00e7\u00f5es \u00e9 promover sa\u00fade e prevenir doen\u00e7as\u201d, conta.<\/p>\n<p>A parceria entre prefeitura, por meio do N\u00facleo de Educa\u00e7\u00e3o Permanente em Sa\u00fade, e Grupo Nutrir teve in\u00edcio em fevereiro, quando aconteceu o primeiro encontro, cujo tema foi \u201cTerapia Enteral\u201d, que \u00e9 o tratamento destinado a pessoas que n\u00e3o podem ou n\u00e3o conseguem se alimentar totalmente pela boca. Ao longo do ano acontecer\u00e3o outras capacita\u00e7\u00f5es. \u201cO objetivo desses treinamentos \u00e9 oferecer novos aprendizados para os profissionais da sa\u00fade, com o intuito de que possam aprender novas pr\u00e1ticas e, com isso, prestar atendimento melhor aos pacientes\u201d, conta a coordenadora do N\u00facleo, Giselle Novaes.<\/p>\n<p><a href=\"https:\/\/anoticiaonline.com.br\/site\/wp-content\/uploads\/2018\/07\/Profissionais-da-Sa\u00fade-s\u00e3o-capacitados-sobre-cuidados-nutricionais-em-pacientes-com-feridas.jpg\"><img fetchpriority=\"high\" decoding=\"async\" class=\"alignnone size-full wp-image-58261\" src=\"https:\/\/anoticiaonline.com.br\/site\/wp-content\/uploads\/2018\/07\/Profissionais-da-Sa\u00fade-s\u00e3o-capacitados-sobre-cuidados-nutricionais-em-pacientes-com-feridas.jpg\" alt=\"\" width=\"640\" height=\"427\" srcset=\"https:\/\/anoticiaonline.com.br\/site\/wp-content\/uploads\/2018\/07\/Profissionais-da-Sa\u00fade-s\u00e3o-capacitados-sobre-cuidados-nutricionais-em-pacientes-com-feridas.jpg 640w, https:\/\/anoticiaonline.com.br\/site\/wp-content\/uploads\/2018\/07\/Profissionais-da-Sa\u00fade-s\u00e3o-capacitados-sobre-cuidados-nutricionais-em-pacientes-com-feridas-300x200.jpg 300w\" sizes=\"(max-width: 640px) 100vw, 640px\" \/><\/a><\/p>\n<p>Cr\u00e9ditos: ASCOM PMM<\/p>\n","protected":false},"excerpt":{"rendered":"<p>Enfermeiros e nutricionistas que atuam nas Unidades B\u00e1sicas de Sa\u00fade (UBS\u2019s) de Muria\u00e9 foram capacitados sobre cuidados de enfermagem e nutricionais de pacientes com feridas. O evento aconteceu na tarde de quarta-feira (11), no audit\u00f3rio do Hospital S\u00e3o Paulo, com o objetivo de aprimorar os servi\u00e7os prestados e promover qualidade de vida aos muriaeenses. O &#8230; <a title=\"Profissionais da Sa\u00fade s\u00e3o capacitados sobre cuidados nutricionais em pacientes com feridas\" class=\"read-more\" href=\"https:\/\/anoticiaonline.com.br\/site\/profissionais-da-saude-sao-capacitados-sobre-cuidados-nutricionais-em-pacientes-com-feridas\/\" aria-label=\"Read more about Profissionais da Sa\u00fade s\u00e3o capacitados sobre cuidados nutricionais em pacientes com feridas\">Ler mais<\/a><\/p>\n","protected":false},"author":2,"featured_media":58261,"comment_status":"open","ping_status":"open","sticky":false,"template":"","format":"standard","meta":{"_acf_changed":false,"_monsterinsights_skip_tracking":false,"footnotes":""},"categories":[30],"tags":[148,74,894],"class_list":["post-58260","post","type-post","status-publish","format-standard","has-post-thumbnail","hentry","category-muriae","tag-hospital","tag-muriae","tag-pacientes"],"acf":[],"aioseo_notices":[],"aioseo_head":"\n\t\t<!-- All in One SEO 5.0.0.1 - aioseo.com -->\n\t<meta name=\"description\" content=\"Enfermeiros e nutricionistas que atuam nas Unidades B\u00e1sicas de Sa\u00fade (UBS\u2019s) de Muria\u00e9 foram capacitados sobre cuidados de enfermagem e nutricionais de pacientes com feridas. O evento aconteceu na tarde de quarta-feira (11), no audit\u00f3rio do Hospital S\u00e3o Paulo, com o objetivo de aprimorar os servi\u00e7os prestados e promover qualidade de vida aos muriaeenses. O\" \/>\n\t<meta name=\"robots\" content=\"max-image-preview:large\" \/>\n\t<meta name=\"author\" content=\"Juliana Laviola\"\/>\n\t<link rel=\"canonical\" href=\"https:\/\/anoticiaonline.com.br\/site\/profissionais-da-saude-sao-capacitados-sobre-cuidados-nutricionais-em-pacientes-com-feridas\/\" \/>\n\t<meta name=\"generator\" content=\"All in One SEO (AIOSEO) 5.0.0.1\" \/>\n\t\t<meta property=\"og:locale\" content=\"pt_BR\" \/>\n\t\t<meta property=\"og:site_name\" content=\"A Not\u00edcia Online - Noticias de Muria\u00e9 e regi\u00e3o\" \/>\n\t\t<meta property=\"og:type\" content=\"article\" \/>\n\t\t<meta property=\"og:title\" content=\"Profissionais da Sa\u00fade s\u00e3o capacitados sobre cuidados nutricionais em pacientes com feridas - A Not\u00edcia Online\" \/>\n\t\t<meta property=\"og:description\" content=\"Enfermeiros e nutricionistas que atuam nas Unidades B\u00e1sicas de Sa\u00fade (UBS\u2019s) de Muria\u00e9 foram capacitados sobre cuidados de enfermagem e nutricionais de pacientes com feridas. O evento aconteceu na tarde de quarta-feira (11), no audit\u00f3rio do Hospital S\u00e3o Paulo, com o objetivo de aprimorar os servi\u00e7os prestados e promover qualidade de vida aos muriaeenses. O\" \/>\n\t\t<meta property=\"og:url\" content=\"https:\/\/anoticiaonline.com.br\/site\/profissionais-da-saude-sao-capacitados-sobre-cuidados-nutricionais-em-pacientes-com-feridas\/\" \/>\n\t\t<meta property=\"og:image\" content=\"https:\/\/scontent-gig4-1.xx.fbcdn.net\/v\/t39.30808-1\/270437624_4564083193639691_6907940295614233970_n.jpg?stp=dst-jpg_s200x200_tt6&#038;_nc_cat=111&#038;ccb=1-7&#038;_nc_sid=f907e8&#038;_nc_ohc=SM1wRlP3lJwQ7kNvwEPuBYA&#038;_nc_oc=AdnqrjDN_BNjSSHWO-GbkIWH6fkGMLw4bqvL_NH6e2wMveX7G-rP2dAqsDSq1mJMOaY&#038;_nc_zt=24&#038;_nc_ht=scontent-gig4-1.xx&#038;_nc_gid=AoBFJeGrT1hVaew_6rchkQ&#038;oh=00_AfX7QmFGhQhG2jAllVgXCiM1ZrWgvtp80-Bfppyexh1QEg&#038;oe=689E923C\" \/>\n\t\t<meta property=\"og:image:secure_url\" content=\"https:\/\/scontent-gig4-1.xx.fbcdn.net\/v\/t39.30808-1\/270437624_4564083193639691_6907940295614233970_n.jpg?stp=dst-jpg_s200x200_tt6&#038;_nc_cat=111&#038;ccb=1-7&#038;_nc_sid=f907e8&#038;_nc_ohc=SM1wRlP3lJwQ7kNvwEPuBYA&#038;_nc_oc=AdnqrjDN_BNjSSHWO-GbkIWH6fkGMLw4bqvL_NH6e2wMveX7G-rP2dAqsDSq1mJMOaY&#038;_nc_zt=24&#038;_nc_ht=scontent-gig4-1.xx&#038;_nc_gid=AoBFJeGrT1hVaew_6rchkQ&#038;oh=00_AfX7QmFGhQhG2jAllVgXCiM1ZrWgvtp80-Bfppyexh1QEg&#038;oe=689E923C\" \/>\n\t\t<meta property=\"article:published_time\" content=\"2018-07-12T20:56:12+00:00\" \/>\n\t\t<meta property=\"article:modified_time\" content=\"2018-07-12T21:00:17+00:00\" \/>\n\t\t<meta name=\"twitter:card\" content=\"summary_large_image\" \/>\n\t\t<meta name=\"twitter:title\" content=\"Profissionais da Sa\u00fade s\u00e3o capacitados sobre cuidados nutricionais em pacientes com feridas - A Not\u00edcia Online\" \/>\n\t\t<meta name=\"twitter:description\" content=\"Enfermeiros e nutricionistas que atuam nas Unidades B\u00e1sicas de Sa\u00fade (UBS\u2019s) de Muria\u00e9 foram capacitados sobre cuidados de enfermagem e nutricionais de pacientes com feridas. O evento aconteceu na tarde de quarta-feira (11), no audit\u00f3rio do Hospital S\u00e3o Paulo, com o objetivo de aprimorar os servi\u00e7os prestados e promover qualidade de vida aos muriaeenses. O\" \/>\n\t\t<meta name=\"twitter:image\" content=\"https:\/\/scontent-gig4-1.xx.fbcdn.net\/v\/t39.30808-1\/270437624_4564083193639691_6907940295614233970_n.jpg?stp=dst-jpg_s200x200_tt6&amp;_nc_cat=111&amp;ccb=1-7&amp;_nc_sid=f907e8&amp;_nc_ohc=SM1wRlP3lJwQ7kNvwEPuBYA&amp;_nc_oc=AdnqrjDN_BNjSSHWO-GbkIWH6fkGMLw4bqvL_NH6e2wMveX7G-rP2dAqsDSq1mJMOaY&amp;_nc_zt=24&amp;_nc_ht=scontent-gig4-1.xx&amp;_nc_gid=AoBFJeGrT1hVaew_6rchkQ&amp;oh=00_AfX7QmFGhQhG2jAllVgXCiM1ZrWgvtp80-Bfppyexh1QEg&amp;oe=689E923C\" \/>\n\t\t<script type=\"application\/ld+json\" class=\"aioseo-schema\">\n\t\t\t{\"@context\":\"https:\\\/\\\/schema.org\",\"@graph\":[{\"@type\":\"BlogPosting\",\"@id\":\"https:\\\/\\\/anoticiaonline.com.br\\\/site\\\/profissionais-da-saude-sao-capacitados-sobre-cuidados-nutricionais-em-pacientes-com-feridas\\\/#blogposting\",\"name\":\"Profissionais da Sa\\u00fade s\\u00e3o capacitados sobre cuidados nutricionais em pacientes com feridas - A Not\\u00edcia Online\",\"headline\":\"Profissionais da Sa\\u00fade s\\u00e3o capacitados sobre cuidados nutricionais em pacientes com feridas\",\"author\":{\"@id\":\"https:\\\/\\\/anoticiaonline.com.br\\\/site\\\/author\\\/juliana\\\/#author\"},\"publisher\":{\"@id\":\"https:\\\/\\\/anoticiaonline.com.br\\\/site\\\/#organization\"},\"image\":{\"@type\":\"ImageObject\",\"url\":\"https:\\\/\\\/anoticiaonline.com.br\\\/site\\\/wp-content\\\/uploads\\\/2018\\\/07\\\/Profissionais-da-Sa\\u00fade-s\\u00e3o-capacitados-sobre-cuidados-nutricionais-em-pacientes-com-feridas.jpg\",\"width\":640,\"height\":427},\"datePublished\":\"2018-07-12T17:56:12-03:00\",\"dateModified\":\"2018-07-12T18:00:17-03:00\",\"inLanguage\":\"pt-BR\",\"mainEntityOfPage\":{\"@id\":\"https:\\\/\\\/anoticiaonline.com.br\\\/site\\\/profissionais-da-saude-sao-capacitados-sobre-cuidados-nutricionais-em-pacientes-com-feridas\\\/#webpage\"},\"isPartOf\":{\"@id\":\"https:\\\/\\\/anoticiaonline.com.br\\\/site\\\/profissionais-da-saude-sao-capacitados-sobre-cuidados-nutricionais-em-pacientes-com-feridas\\\/#webpage\"},\"articleSection\":\"Blog, hospital, Muria\\u00e9, pacientes\"},{\"@type\":\"BreadcrumbList\",\"@id\":\"https:\\\/\\\/anoticiaonline.com.br\\\/site\\\/profissionais-da-saude-sao-capacitados-sobre-cuidados-nutricionais-em-pacientes-com-feridas\\\/#breadcrumblist\",\"itemListElement\":[{\"@type\":\"ListItem\",\"@id\":\"https:\\\/\\\/anoticiaonline.com.br\\\/site#listItem\",\"position\":1,\"name\":\"Home\",\"item\":\"https:\\\/\\\/anoticiaonline.com.br\\\/site\",\"nextItem\":{\"@type\":\"ListItem\",\"@id\":\"https:\\\/\\\/anoticiaonline.com.br\\\/site\\\/categoria\\\/muriae\\\/#listItem\",\"name\":\"Blog\"}},{\"@type\":\"ListItem\",\"@id\":\"https:\\\/\\\/anoticiaonline.com.br\\\/site\\\/categoria\\\/muriae\\\/#listItem\",\"position\":2,\"name\":\"Blog\",\"item\":\"https:\\\/\\\/anoticiaonline.com.br\\\/site\\\/categoria\\\/muriae\\\/\",\"nextItem\":{\"@type\":\"ListItem\",\"@id\":\"https:\\\/\\\/anoticiaonline.com.br\\\/site\\\/profissionais-da-saude-sao-capacitados-sobre-cuidados-nutricionais-em-pacientes-com-feridas\\\/#listItem\",\"name\":\"Profissionais da Sa\\u00fade s\\u00e3o capacitados sobre cuidados nutricionais em pacientes com feridas\"},\"previousItem\":{\"@type\":\"ListItem\",\"@id\":\"https:\\\/\\\/anoticiaonline.com.br\\\/site#listItem\",\"name\":\"Home\"}},{\"@type\":\"ListItem\",\"@id\":\"https:\\\/\\\/anoticiaonline.com.br\\\/site\\\/profissionais-da-saude-sao-capacitados-sobre-cuidados-nutricionais-em-pacientes-com-feridas\\\/#listItem\",\"position\":3,\"name\":\"Profissionais da Sa\\u00fade s\\u00e3o capacitados sobre cuidados nutricionais em pacientes com feridas\",\"previousItem\":{\"@type\":\"ListItem\",\"@id\":\"https:\\\/\\\/anoticiaonline.com.br\\\/site\\\/categoria\\\/muriae\\\/#listItem\",\"name\":\"Blog\"}}]},{\"@type\":\"Organization\",\"@id\":\"https:\\\/\\\/anoticiaonline.com.br\\\/site\\\/#organization\",\"name\":\"A Not\\u00edcia Online\",\"description\":\"Noticias de Muria\\u00e9 e regi\\u00e3o\",\"url\":\"https:\\\/\\\/anoticiaonline.com.br\\\/site\\\/\",\"logo\":{\"@type\":\"ImageObject\",\"url\":\"https:\\\/\\\/scontent-gig4-1.xx.fbcdn.net\\\/v\\\/t39.30808-1\\\/270437624_4564083193639691_6907940295614233970_n.jpg?stp=dst-jpg_s200x200_tt6&_nc_cat=111&ccb=1-7&_nc_sid=f907e8&_nc_ohc=SM1wRlP3lJwQ7kNvwEPuBYA&_nc_oc=AdnqrjDN_BNjSSHWO-GbkIWH6fkGMLw4bqvL_NH6e2wMveX7G-rP2dAqsDSq1mJMOaY&_nc_zt=24&_nc_ht=scontent-gig4-1.xx&_nc_gid=AoBFJeGrT1hVaew_6rchkQ&oh=00_AfX7QmFGhQhG2jAllVgXCiM1ZrWgvtp80-Bfppyexh1QEg&oe=689E923C\",\"@id\":\"https:\\\/\\\/anoticiaonline.com.br\\\/site\\\/profissionais-da-saude-sao-capacitados-sobre-cuidados-nutricionais-em-pacientes-com-feridas\\\/#organizationLogo\"},\"image\":{\"@id\":\"https:\\\/\\\/anoticiaonline.com.br\\\/site\\\/profissionais-da-saude-sao-capacitados-sobre-cuidados-nutricionais-em-pacientes-com-feridas\\\/#organizationLogo\"}},{\"@type\":\"Person\",\"@id\":\"https:\\\/\\\/anoticiaonline.com.br\\\/site\\\/author\\\/juliana\\\/#author\",\"url\":\"https:\\\/\\\/anoticiaonline.com.br\\\/site\\\/author\\\/juliana\\\/\",\"name\":\"Juliana Laviola\",\"image\":{\"@type\":\"ImageObject\",\"@id\":\"https:\\\/\\\/anoticiaonline.com.br\\\/site\\\/profissionais-da-saude-sao-capacitados-sobre-cuidados-nutricionais-em-pacientes-com-feridas\\\/#authorImage\",\"url\":\"https:\\\/\\\/secure.gravatar.com\\\/avatar\\\/b8d45f5c699b100dfaf0e543582f38f38bf94cb7ae3a5e9abf8d891a34773335?s=96&d=mm&r=g\",\"width\":96,\"height\":96,\"caption\":\"Juliana Laviola\"}},{\"@type\":\"WebPage\",\"@id\":\"https:\\\/\\\/anoticiaonline.com.br\\\/site\\\/profissionais-da-saude-sao-capacitados-sobre-cuidados-nutricionais-em-pacientes-com-feridas\\\/#webpage\",\"url\":\"https:\\\/\\\/anoticiaonline.com.br\\\/site\\\/profissionais-da-saude-sao-capacitados-sobre-cuidados-nutricionais-em-pacientes-com-feridas\\\/\",\"name\":\"Profissionais da Sa\\u00fade s\\u00e3o capacitados sobre cuidados nutricionais em pacientes com feridas - A Not\\u00edcia Online\",\"description\":\"Enfermeiros e nutricionistas que atuam nas Unidades B\\u00e1sicas de Sa\\u00fade (UBS\\u2019s) de Muria\\u00e9 foram capacitados sobre cuidados de enfermagem e nutricionais de pacientes com feridas. O evento aconteceu na tarde de quarta-feira (11), no audit\\u00f3rio do Hospital S\\u00e3o Paulo, com o objetivo de aprimorar os servi\\u00e7os prestados e promover qualidade de vida aos muriaeenses. O\",\"inLanguage\":\"pt-BR\",\"isPartOf\":{\"@id\":\"https:\\\/\\\/anoticiaonline.com.br\\\/site\\\/#website\"},\"breadcrumb\":{\"@id\":\"https:\\\/\\\/anoticiaonline.com.br\\\/site\\\/profissionais-da-saude-sao-capacitados-sobre-cuidados-nutricionais-em-pacientes-com-feridas\\\/#breadcrumblist\"},\"author\":{\"@id\":\"https:\\\/\\\/anoticiaonline.com.br\\\/site\\\/author\\\/juliana\\\/#author\"},\"creator\":{\"@id\":\"https:\\\/\\\/anoticiaonline.com.br\\\/site\\\/author\\\/juliana\\\/#author\"},\"image\":{\"@type\":\"ImageObject\",\"url\":\"https:\\\/\\\/anoticiaonline.com.br\\\/site\\\/wp-content\\\/uploads\\\/2018\\\/07\\\/Profissionais-da-Sa\\u00fade-s\\u00e3o-capacitados-sobre-cuidados-nutricionais-em-pacientes-com-feridas.jpg\",\"@id\":\"https:\\\/\\\/anoticiaonline.com.br\\\/site\\\/profissionais-da-saude-sao-capacitados-sobre-cuidados-nutricionais-em-pacientes-com-feridas\\\/#mainImage\",\"width\":640,\"height\":427},\"primaryImageOfPage\":{\"@id\":\"https:\\\/\\\/anoticiaonline.com.br\\\/site\\\/profissionais-da-saude-sao-capacitados-sobre-cuidados-nutricionais-em-pacientes-com-feridas\\\/#mainImage\"},\"datePublished\":\"2018-07-12T17:56:12-03:00\",\"dateModified\":\"2018-07-12T18:00:17-03:00\"},{\"@type\":\"WebSite\",\"@id\":\"https:\\\/\\\/anoticiaonline.com.br\\\/site\\\/#website\",\"url\":\"https:\\\/\\\/anoticiaonline.com.br\\\/site\\\/\",\"name\":\"A Not\\u00edcia Online\",\"description\":\"Noticias de Muria\\u00e9 e regi\\u00e3o\",\"inLanguage\":\"pt-BR\",\"publisher\":{\"@id\":\"https:\\\/\\\/anoticiaonline.com.br\\\/site\\\/#organization\"}}]}\n\t\t<\/script>\n\t\t<!-- All in One SEO -->\n\n","aioseo_head_json":{"title":"Profissionais da Sa\u00fade s\u00e3o capacitados sobre cuidados nutricionais em pacientes com feridas - A Not\u00edcia Online","description":"Enfermeiros e nutricionistas que atuam nas Unidades B\u00e1sicas de Sa\u00fade (UBS\u2019s) de Muria\u00e9 foram capacitados sobre cuidados de enfermagem e nutricionais de pacientes com feridas. O evento aconteceu na tarde de quarta-feira (11), no audit\u00f3rio do Hospital S\u00e3o Paulo, com o objetivo de aprimorar os servi\u00e7os prestados e promover qualidade de vida aos muriaeenses. O","canonical_url":"https:\/\/anoticiaonline.com.br\/site\/profissionais-da-saude-sao-capacitados-sobre-cuidados-nutricionais-em-pacientes-com-feridas\/","robots":"max-image-preview:large","keywords":"","webmasterTools":{"miscellaneous":""},"schema":{"@context":"https:\/\/schema.org","@graph":[{"@type":"BlogPosting","@id":"https:\/\/anoticiaonline.com.br\/site\/profissionais-da-saude-sao-capacitados-sobre-cuidados-nutricionais-em-pacientes-com-feridas\/#blogposting","name":"Profissionais da Sa\u00fade s\u00e3o capacitados sobre cuidados nutricionais em pacientes com feridas - A Not\u00edcia Online","headline":"Profissionais da Sa\u00fade s\u00e3o capacitados sobre cuidados nutricionais em pacientes com feridas","author":{"@id":"https:\/\/anoticiaonline.com.br\/site\/author\/juliana\/#author"},"publisher":{"@id":"https:\/\/anoticiaonline.com.br\/site\/#organization"},"image":{"@type":"ImageObject","url":"https:\/\/anoticiaonline.com.br\/site\/wp-content\/uploads\/2018\/07\/Profissionais-da-Sa\u00fade-s\u00e3o-capacitados-sobre-cuidados-nutricionais-em-pacientes-com-feridas.jpg","width":640,"height":427},"datePublished":"2018-07-12T17:56:12-03:00","dateModified":"2018-07-12T18:00:17-03:00","inLanguage":"pt-BR","mainEntityOfPage":{"@id":"https:\/\/anoticiaonline.com.br\/site\/profissionais-da-saude-sao-capacitados-sobre-cuidados-nutricionais-em-pacientes-com-feridas\/#webpage"},"isPartOf":{"@id":"https:\/\/anoticiaonline.com.br\/site\/profissionais-da-saude-sao-capacitados-sobre-cuidados-nutricionais-em-pacientes-com-feridas\/#webpage"},"articleSection":"Blog, hospital, Muria\u00e9, pacientes"},{"@type":"BreadcrumbList","@id":"https:\/\/anoticiaonline.com.br\/site\/profissionais-da-saude-sao-capacitados-sobre-cuidados-nutricionais-em-pacientes-com-feridas\/#breadcrumblist","itemListElement":[{"@type":"ListItem","@id":"https:\/\/anoticiaonline.com.br\/site#listItem","position":1,"name":"Home","item":"https:\/\/anoticiaonline.com.br\/site","nextItem":{"@type":"ListItem","@id":"https:\/\/anoticiaonline.com.br\/site\/categoria\/muriae\/#listItem","name":"Blog"}},{"@type":"ListItem","@id":"https:\/\/anoticiaonline.com.br\/site\/categoria\/muriae\/#listItem","position":2,"name":"Blog","item":"https:\/\/anoticiaonline.com.br\/site\/categoria\/muriae\/","nextItem":{"@type":"ListItem","@id":"https:\/\/anoticiaonline.com.br\/site\/profissionais-da-saude-sao-capacitados-sobre-cuidados-nutricionais-em-pacientes-com-feridas\/#listItem","name":"Profissionais da Sa\u00fade s\u00e3o capacitados sobre cuidados nutricionais em pacientes com feridas"},"previousItem":{"@type":"ListItem","@id":"https:\/\/anoticiaonline.com.br\/site#listItem","name":"Home"}},{"@type":"ListItem","@id":"https:\/\/anoticiaonline.com.br\/site\/profissionais-da-saude-sao-capacitados-sobre-cuidados-nutricionais-em-pacientes-com-feridas\/#listItem","position":3,"name":"Profissionais da Sa\u00fade s\u00e3o capacitados sobre cuidados nutricionais em pacientes com feridas","previousItem":{"@type":"ListItem","@id":"https:\/\/anoticiaonline.com.br\/site\/categoria\/muriae\/#listItem","name":"Blog"}}]},{"@type":"Organization","@id":"https:\/\/anoticiaonline.com.br\/site\/#organization","name":"A Not\u00edcia Online","description":"Noticias de Muria\u00e9 e regi\u00e3o","url":"https:\/\/anoticiaonline.com.br\/site\/","logo":{"@type":"ImageObject","url":"https:\/\/scontent-gig4-1.xx.fbcdn.net\/v\/t39.30808-1\/270437624_4564083193639691_6907940295614233970_n.jpg?stp=dst-jpg_s200x200_tt6&_nc_cat=111&ccb=1-7&_nc_sid=f907e8&_nc_ohc=SM1wRlP3lJwQ7kNvwEPuBYA&_nc_oc=AdnqrjDN_BNjSSHWO-GbkIWH6fkGMLw4bqvL_NH6e2wMveX7G-rP2dAqsDSq1mJMOaY&_nc_zt=24&_nc_ht=scontent-gig4-1.xx&_nc_gid=AoBFJeGrT1hVaew_6rchkQ&oh=00_AfX7QmFGhQhG2jAllVgXCiM1ZrWgvtp80-Bfppyexh1QEg&oe=689E923C","@id":"https:\/\/anoticiaonline.com.br\/site\/profissionais-da-saude-sao-capacitados-sobre-cuidados-nutricionais-em-pacientes-com-feridas\/#organizationLogo"},"image":{"@id":"https:\/\/anoticiaonline.com.br\/site\/profissionais-da-saude-sao-capacitados-sobre-cuidados-nutricionais-em-pacientes-com-feridas\/#organizationLogo"}},{"@type":"Person","@id":"https:\/\/anoticiaonline.com.br\/site\/author\/juliana\/#author","url":"https:\/\/anoticiaonline.com.br\/site\/author\/juliana\/","name":"Juliana Laviola","image":{"@type":"ImageObject","@id":"https:\/\/anoticiaonline.com.br\/site\/profissionais-da-saude-sao-capacitados-sobre-cuidados-nutricionais-em-pacientes-com-feridas\/#authorImage","url":"https:\/\/secure.gravatar.com\/avatar\/b8d45f5c699b100dfaf0e543582f38f38bf94cb7ae3a5e9abf8d891a34773335?s=96&d=mm&r=g","width":96,"height":96,"caption":"Juliana Laviola"}},{"@type":"WebPage","@id":"https:\/\/anoticiaonline.com.br\/site\/profissionais-da-saude-sao-capacitados-sobre-cuidados-nutricionais-em-pacientes-com-feridas\/#webpage","url":"https:\/\/anoticiaonline.com.br\/site\/profissionais-da-saude-sao-capacitados-sobre-cuidados-nutricionais-em-pacientes-com-feridas\/","name":"Profissionais da Sa\u00fade s\u00e3o capacitados sobre cuidados nutricionais em pacientes com feridas - A Not\u00edcia Online","description":"Enfermeiros e nutricionistas que atuam nas Unidades B\u00e1sicas de Sa\u00fade (UBS\u2019s) de Muria\u00e9 foram capacitados sobre cuidados de enfermagem e nutricionais de pacientes com feridas. O evento aconteceu na tarde de quarta-feira (11), no audit\u00f3rio do Hospital S\u00e3o Paulo, com o objetivo de aprimorar os servi\u00e7os prestados e promover qualidade de vida aos muriaeenses. O","inLanguage":"pt-BR","isPartOf":{"@id":"https:\/\/anoticiaonline.com.br\/site\/#website"},"breadcrumb":{"@id":"https:\/\/anoticiaonline.com.br\/site\/profissionais-da-saude-sao-capacitados-sobre-cuidados-nutricionais-em-pacientes-com-feridas\/#breadcrumblist"},"author":{"@id":"https:\/\/anoticiaonline.com.br\/site\/author\/juliana\/#author"},"creator":{"@id":"https:\/\/anoticiaonline.com.br\/site\/author\/juliana\/#author"},"image":{"@type":"ImageObject","url":"https:\/\/anoticiaonline.com.br\/site\/wp-content\/uploads\/2018\/07\/Profissionais-da-Sa\u00fade-s\u00e3o-capacitados-sobre-cuidados-nutricionais-em-pacientes-com-feridas.jpg","@id":"https:\/\/anoticiaonline.com.br\/site\/profissionais-da-saude-sao-capacitados-sobre-cuidados-nutricionais-em-pacientes-com-feridas\/#mainImage","width":640,"height":427},"primaryImageOfPage":{"@id":"https:\/\/anoticiaonline.com.br\/site\/profissionais-da-saude-sao-capacitados-sobre-cuidados-nutricionais-em-pacientes-com-feridas\/#mainImage"},"datePublished":"2018-07-12T17:56:12-03:00","dateModified":"2018-07-12T18:00:17-03:00"},{"@type":"WebSite","@id":"https:\/\/anoticiaonline.com.br\/site\/#website","url":"https:\/\/anoticiaonline.com.br\/site\/","name":"A Not\u00edcia Online","description":"Noticias de Muria\u00e9 e regi\u00e3o","inLanguage":"pt-BR","publisher":{"@id":"https:\/\/anoticiaonline.com.br\/site\/#organization"}}]},"og:locale":"pt_BR","og:site_name":"A Not\u00edcia Online - Noticias de Muria\u00e9 e regi\u00e3o","og:type":"article","og:title":"Profissionais da Sa\u00fade s\u00e3o capacitados sobre cuidados nutricionais em pacientes com feridas - A Not\u00edcia Online","og:description":"Enfermeiros e nutricionistas que atuam nas Unidades B\u00e1sicas de Sa\u00fade (UBS\u2019s) de Muria\u00e9 foram capacitados sobre cuidados de enfermagem e nutricionais de pacientes com feridas. O evento aconteceu na tarde de quarta-feira (11), no audit\u00f3rio do Hospital S\u00e3o Paulo, com o objetivo de aprimorar os servi\u00e7os prestados e promover qualidade de vida aos muriaeenses. O","og:url":"https:\/\/anoticiaonline.com.br\/site\/profissionais-da-saude-sao-capacitados-sobre-cuidados-nutricionais-em-pacientes-com-feridas\/","og:image":"https:\/\/scontent-gig4-1.xx.fbcdn.net\/v\/t39.30808-1\/270437624_4564083193639691_6907940295614233970_n.jpg?stp=dst-jpg_s200x200_tt6&#038;_nc_cat=111&#038;ccb=1-7&#038;_nc_sid=f907e8&#038;_nc_ohc=SM1wRlP3lJwQ7kNvwEPuBYA&#038;_nc_oc=AdnqrjDN_BNjSSHWO-GbkIWH6fkGMLw4bqvL_NH6e2wMveX7G-rP2dAqsDSq1mJMOaY&#038;_nc_zt=24&#038;_nc_ht=scontent-gig4-1.xx&#038;_nc_gid=AoBFJeGrT1hVaew_6rchkQ&#038;oh=00_AfX7QmFGhQhG2jAllVgXCiM1ZrWgvtp80-Bfppyexh1QEg&#038;oe=689E923C","og:image:secure_url":"https:\/\/scontent-gig4-1.xx.fbcdn.net\/v\/t39.30808-1\/270437624_4564083193639691_6907940295614233970_n.jpg?stp=dst-jpg_s200x200_tt6&#038;_nc_cat=111&#038;ccb=1-7&#038;_nc_sid=f907e8&#038;_nc_ohc=SM1wRlP3lJwQ7kNvwEPuBYA&#038;_nc_oc=AdnqrjDN_BNjSSHWO-GbkIWH6fkGMLw4bqvL_NH6e2wMveX7G-rP2dAqsDSq1mJMOaY&#038;_nc_zt=24&#038;_nc_ht=scontent-gig4-1.xx&#038;_nc_gid=AoBFJeGrT1hVaew_6rchkQ&#038;oh=00_AfX7QmFGhQhG2jAllVgXCiM1ZrWgvtp80-Bfppyexh1QEg&#038;oe=689E923C","article:published_time":"2018-07-12T20:56:12+00:00","article:modified_time":"2018-07-12T21:00:17+00:00","twitter:card":"summary_large_image","twitter:title":"Profissionais da Sa\u00fade s\u00e3o capacitados sobre cuidados nutricionais em pacientes com feridas - A Not\u00edcia Online","twitter:description":"Enfermeiros e nutricionistas que atuam nas Unidades B\u00e1sicas de Sa\u00fade (UBS\u2019s) de Muria\u00e9 foram capacitados sobre cuidados de enfermagem e nutricionais de pacientes com feridas. O evento aconteceu na tarde de quarta-feira (11), no audit\u00f3rio do Hospital S\u00e3o Paulo, com o objetivo de aprimorar os servi\u00e7os prestados e promover qualidade de vida aos muriaeenses. O","twitter:image":"https:\/\/scontent-gig4-1.xx.fbcdn.net\/v\/t39.30808-1\/270437624_4564083193639691_6907940295614233970_n.jpg?stp=dst-jpg_s200x200_tt6&_nc_cat=111&ccb=1-7&_nc_sid=f907e8&_nc_ohc=SM1wRlP3lJwQ7kNvwEPuBYA&_nc_oc=AdnqrjDN_BNjSSHWO-GbkIWH6fkGMLw4bqvL_NH6e2wMveX7G-rP2dAqsDSq1mJMOaY&_nc_zt=24&_nc_ht=scontent-gig4-1.xx&_nc_gid=AoBFJeGrT1hVaew_6rchkQ&oh=00_AfX7QmFGhQhG2jAllVgXCiM1ZrWgvtp80-Bfppyexh1QEg&oe=689E923C"},"aioseo_meta_data":{"post_id":"58260","title":null,"description":null,"keywords":null,"keyphrases":null,"primary_term":null,"canonical_url":null,"og_title":null,"og_description":null,"og_object_type":"default","og_image_type":"default","og_image_url":null,"og_image_width":null,"og_image_height":null,"og_image_custom_url":null,"og_image_custom_fields":null,"og_video":null,"og_custom_url":null,"og_article_section":null,"og_article_tags":null,"twitter_use_og":false,"twitter_card":"default","twitter_image_type":"default","twitter_image_url":null,"twitter_image_custom_url":null,"twitter_image_custom_fields":null,"twitter_title":null,"twitter_description":null,"schema":{"blockGraphs":[],"customGraphs":[],"default":{"data":{"Article":[],"Course":[],"Dataset":[],"FAQPage":[],"Movie":[],"Person":[],"Product":[],"ProductReview":[],"Car":[],"Recipe":[],"Service":[],"SoftwareApplication":[],"WebPage":[]},"graphName":"","isEnabled":true},"graphs":[]},"schema_type":"default","schema_type_options":null,"pillar_content":false,"robots_default":true,"robots_noindex":false,"robots_noarchive":false,"robots_nosnippet":false,"robots_nofollow":false,"robots_noimageindex":false,"robots_noodp":false,"robots_notranslate":false,"robots_max_snippet":null,"robots_max_videopreview":null,"robots_max_imagepreview":"large","priority":null,"frequency":null,"local_seo":null,"breadcrumb_settings":null,"limit_modified_date":false,"ai":null,"created":"2025-08-16 21:13:27","updated":"2025-08-16 21:13:27","focus_keyword":null,"additional_keywords":null,"truseo_locale":null,"seo_analyzer_scan_date":null},"aioseo_breadcrumb":"<div class=\"aioseo-breadcrumbs\"><span class=\"aioseo-breadcrumb\">\n\t\t\t<a href=\"https:\/\/anoticiaonline.com.br\/site\" title=\"Home\">Home<\/a>\n\t\t<\/span><span class=\"aioseo-breadcrumb-separator\">&raquo;<\/span><span class=\"aioseo-breadcrumb\">\n\t\t\t<a href=\"https:\/\/anoticiaonline.com.br\/site\/categoria\/muriae\/\" title=\"Blog\">Blog<\/a>\n\t\t<\/span><span class=\"aioseo-breadcrumb-separator\">&raquo;<\/span><span class=\"aioseo-breadcrumb\">\n\t\t\tProfissionais da Sa\u00fade s\u00e3o capacitados sobre cuidados nutricionais em pacientes com feridas\n\t\t<\/span><\/div>","aioseo_breadcrumb_json":[{"label":"Home","link":"https:\/\/anoticiaonline.com.br\/site"},{"label":"Blog","link":"https:\/\/anoticiaonline.com.br\/site\/categoria\/muriae\/"},{"label":"Profissionais da Sa\u00fade s\u00e3o capacitados sobre cuidados nutricionais em pacientes com feridas","link":"https:\/\/anoticiaonline.com.br\/site\/profissionais-da-saude-sao-capacitados-sobre-cuidados-nutricionais-em-pacientes-com-feridas\/"}],"views":150,"_links":{"self":[{"href":"https:\/\/anoticiaonline.com.br\/site\/wp-json\/wp\/v2\/posts\/58260","targetHints":{"allow":["GET"]}}],"collection":[{"href":"https:\/\/anoticiaonline.com.br\/site\/wp-json\/wp\/v2\/posts"}],"about":[{"href":"https:\/\/anoticiaonline.com.br\/site\/wp-json\/wp\/v2\/types\/post"}],"author":[{"embeddable":true,"href":"https:\/\/anoticiaonline.com.br\/site\/wp-json\/wp\/v2\/users\/2"}],"replies":[{"embeddable":true,"href":"https:\/\/anoticiaonline.com.br\/site\/wp-json\/wp\/v2\/comments?post=58260"}],"version-history":[{"count":0,"href":"https:\/\/anoticiaonline.com.br\/site\/wp-json\/wp\/v2\/posts\/58260\/revisions"}],"wp:featuredmedia":[{"embeddable":true,"href":"https:\/\/anoticiaonline.com.br\/site\/wp-json\/wp\/v2\/media\/58261"}],"wp:attachment":[{"href":"https:\/\/anoticiaonline.com.br\/site\/wp-json\/wp\/v2\/media?parent=58260"}],"wp:term":[{"taxonomy":"category","embeddable":true,"href":"https:\/\/anoticiaonline.com.br\/site\/wp-json\/wp\/v2\/categories?post=58260"},{"taxonomy":"post_tag","embeddable":true,"href":"https:\/\/anoticiaonline.com.br\/site\/wp-json\/wp\/v2\/tags?post=58260"}],"curies":[{"name":"wp","href":"https:\/\/api.w.org\/{rel}","templated":true}]}}