{"id":58221,"date":"2018-07-09T17:36:51","date_gmt":"2018-07-09T20:36:51","guid":{"rendered":"http:\/\/anoticiaonline.com.br\/site\/?p=58221"},"modified":"2018-07-09T17:36:51","modified_gmt":"2018-07-09T20:36:51","slug":"profissionais-da-educacao-sao-capacitados-sobre-musicalizacao-infantil","status":"publish","type":"post","link":"https:\/\/anoticiaonline.com.br\/site\/profissionais-da-educacao-sao-capacitados-sobre-musicalizacao-infantil\/","title":{"rendered":"Profissionais da Educa\u00e7\u00e3o s\u00e3o capacitados sobre musicaliza\u00e7\u00e3o infantil"},"content":{"rendered":"<p>Cerca de 160 profissionais da rede municipal de ensino, entre professores, supervisores e diretores, foram capacitados sobre como trabalhar a m\u00fasica na Educa\u00e7\u00e3o Infantil. As oficinas aconteceram na \u00faltima ter\u00e7a e quarta-feira (3 e 4), na Escola Municipal Professora Odal\u00e9ia Oliveira Morais de Azevedo, na Barra. O objetivo \u00e9 aprimorar o processo de ensino-aprendizagem, por meio da musicalidade, realizado em sala de aula com os pequenos muriaeenses.<\/p>\n<p>Considerada importante ferramenta para a educa\u00e7\u00e3o infantil, a musicaliza\u00e7\u00e3o na inf\u00e2ncia contribui para o desenvolvimento psicomotor, socioafetivo, cognitivo e lingu\u00edstico, al\u00e9m de facilitar o processo de aprendizagem, criatividade e concentra\u00e7\u00e3o. \u201cA m\u00fasica possui um papel importante na Educa\u00e7\u00e3o Infantil e \u00e9 uma grande aliada no desenvolvimento saud\u00e1vel das crian\u00e7as. N\u00f3s j\u00e1 implantamos essa metodologia nas escolas de Muria\u00e9, pois a m\u00fasica ajuda em todas as fases e etapas do ensino\u201d, afirma a secret\u00e1ria Municipal de Educa\u00e7\u00e3o, Esporte e Lazer, Maria da Concei\u00e7\u00e3o Rodrigues, Nininha.<\/p>\n<p>A supervisora pedag\u00f3gica Cl\u00e9ia Lopes conta que as oficinas foram importantes para a reciclagem do conhecimento. \u201cA capacita\u00e7\u00e3o foi maravilhosa. Apresentou para n\u00f3s uma nova forma de trabalharmos a musicalidade no desenvolvimento da percep\u00e7\u00e3o da crian\u00e7a ao ouvir a m\u00fasica. \u00c9 sempre muito importante inovarmos e complementarmos o nosso conhecimento e metodologia\u201d, diz.<\/p>\n<p>Desde 2017, quando o Sistema Etapa P\u00fablico<strong>\u00a0<\/strong>(respons\u00e1vel pela produ\u00e7\u00e3o de material pedag\u00f3gico que trata as disciplinas de forma interativa, modernizando o ensino e dando mais dinamismo ao aprendizado)<strong>\u00a0<\/strong>foi implantado nas escolas municipais, j\u00e1 foram oferecidas diversas capacita\u00e7\u00f5es aos profissionais da Educa\u00e7\u00e3o Infantil, como oficinas de matem\u00e1tica, conta\u00e7\u00e3o de hist\u00f3rias, produ\u00e7\u00e3o textual, entre outras. A pr\u00f3xima ter\u00e1 como tema a Base Nacional Comum Curricular e est\u00e1 prevista para acontecer em outubro.<\/p>\n<p><a href=\"https:\/\/anoticiaonline.com.br\/site\/wp-content\/uploads\/2018\/07\/Profissionais-da-Educa\u00e7\u00e3o-s\u00e3o-capacitados-sobre-musicaliza\u00e7\u00e3o-infantil.jpg\"><img fetchpriority=\"high\" decoding=\"async\" class=\"alignnone size-full wp-image-58222\" src=\"https:\/\/anoticiaonline.com.br\/site\/wp-content\/uploads\/2018\/07\/Profissionais-da-Educa\u00e7\u00e3o-s\u00e3o-capacitados-sobre-musicaliza\u00e7\u00e3o-infantil.jpg\" alt=\"\" width=\"640\" height=\"427\" srcset=\"https:\/\/anoticiaonline.com.br\/site\/wp-content\/uploads\/2018\/07\/Profissionais-da-Educa\u00e7\u00e3o-s\u00e3o-capacitados-sobre-musicaliza\u00e7\u00e3o-infantil.jpg 640w, https:\/\/anoticiaonline.com.br\/site\/wp-content\/uploads\/2018\/07\/Profissionais-da-Educa\u00e7\u00e3o-s\u00e3o-capacitados-sobre-musicaliza\u00e7\u00e3o-infantil-300x200.jpg 300w\" sizes=\"(max-width: 640px) 100vw, 640px\" \/><\/a><\/p>\n<p>Cr\u00e9ditos: ASCOM PMM<\/p>\n","protected":false},"excerpt":{"rendered":"<p>Cerca de 160 profissionais da rede municipal de ensino, entre professores, supervisores e diretores, foram capacitados sobre como trabalhar a m\u00fasica na Educa\u00e7\u00e3o Infantil. As oficinas aconteceram na \u00faltima ter\u00e7a e quarta-feira (3 e 4), na Escola Municipal Professora Odal\u00e9ia Oliveira Morais de Azevedo, na Barra. O objetivo \u00e9 aprimorar o processo de ensino-aprendizagem, por &#8230; <a title=\"Profissionais da Educa\u00e7\u00e3o s\u00e3o capacitados sobre musicaliza\u00e7\u00e3o infantil\" class=\"read-more\" href=\"https:\/\/anoticiaonline.com.br\/site\/profissionais-da-educacao-sao-capacitados-sobre-musicalizacao-infantil\/\" aria-label=\"Read more about Profissionais da Educa\u00e7\u00e3o s\u00e3o capacitados sobre musicaliza\u00e7\u00e3o infantil\">Ler mais<\/a><\/p>\n","protected":false},"author":2,"featured_media":58222,"comment_status":"open","ping_status":"open","sticky":false,"template":"","format":"standard","meta":{"_acf_changed":false,"_monsterinsights_skip_tracking":false,"footnotes":""},"categories":[30],"tags":[],"class_list":["post-58221","post","type-post","status-publish","format-standard","has-post-thumbnail","hentry","category-muriae"],"acf":[],"aioseo_notices":[],"aioseo_head":"\n\t\t<!-- All in One SEO 5.0.0.1 - aioseo.com -->\n\t<meta name=\"description\" content=\"Cerca de 160 profissionais da rede municipal de ensino, entre professores, supervisores e diretores, foram capacitados sobre como trabalhar a m\u00fasica na Educa\u00e7\u00e3o Infantil. As oficinas aconteceram na \u00faltima ter\u00e7a e quarta-feira (3 e 4), na Escola Municipal Professora Odal\u00e9ia Oliveira Morais de Azevedo, na Barra. O objetivo \u00e9 aprimorar o processo de ensino-aprendizagem, por\" \/>\n\t<meta name=\"robots\" content=\"max-image-preview:large\" \/>\n\t<meta name=\"author\" content=\"Juliana Laviola\"\/>\n\t<link rel=\"canonical\" href=\"https:\/\/anoticiaonline.com.br\/site\/profissionais-da-educacao-sao-capacitados-sobre-musicalizacao-infantil\/\" \/>\n\t<meta name=\"generator\" content=\"All in One SEO (AIOSEO) 5.0.0.1\" \/>\n\t\t<meta property=\"og:locale\" content=\"pt_BR\" \/>\n\t\t<meta property=\"og:site_name\" content=\"A Not\u00edcia Online - Noticias de Muria\u00e9 e regi\u00e3o\" \/>\n\t\t<meta property=\"og:type\" content=\"article\" \/>\n\t\t<meta property=\"og:title\" content=\"Profissionais da Educa\u00e7\u00e3o s\u00e3o capacitados sobre musicaliza\u00e7\u00e3o infantil - A Not\u00edcia Online\" \/>\n\t\t<meta property=\"og:description\" content=\"Cerca de 160 profissionais da rede municipal de ensino, entre professores, supervisores e diretores, foram capacitados sobre como trabalhar a m\u00fasica na Educa\u00e7\u00e3o Infantil. As oficinas aconteceram na \u00faltima ter\u00e7a e quarta-feira (3 e 4), na Escola Municipal Professora Odal\u00e9ia Oliveira Morais de Azevedo, na Barra. O objetivo \u00e9 aprimorar o processo de ensino-aprendizagem, por\" \/>\n\t\t<meta property=\"og:url\" content=\"https:\/\/anoticiaonline.com.br\/site\/profissionais-da-educacao-sao-capacitados-sobre-musicalizacao-infantil\/\" \/>\n\t\t<meta property=\"og:image\" content=\"https:\/\/scontent-gig4-1.xx.fbcdn.net\/v\/t39.30808-1\/270437624_4564083193639691_6907940295614233970_n.jpg?stp=dst-jpg_s200x200_tt6&#038;_nc_cat=111&#038;ccb=1-7&#038;_nc_sid=f907e8&#038;_nc_ohc=SM1wRlP3lJwQ7kNvwEPuBYA&#038;_nc_oc=AdnqrjDN_BNjSSHWO-GbkIWH6fkGMLw4bqvL_NH6e2wMveX7G-rP2dAqsDSq1mJMOaY&#038;_nc_zt=24&#038;_nc_ht=scontent-gig4-1.xx&#038;_nc_gid=AoBFJeGrT1hVaew_6rchkQ&#038;oh=00_AfX7QmFGhQhG2jAllVgXCiM1ZrWgvtp80-Bfppyexh1QEg&#038;oe=689E923C\" \/>\n\t\t<meta property=\"og:image:secure_url\" content=\"https:\/\/scontent-gig4-1.xx.fbcdn.net\/v\/t39.30808-1\/270437624_4564083193639691_6907940295614233970_n.jpg?stp=dst-jpg_s200x200_tt6&#038;_nc_cat=111&#038;ccb=1-7&#038;_nc_sid=f907e8&#038;_nc_ohc=SM1wRlP3lJwQ7kNvwEPuBYA&#038;_nc_oc=AdnqrjDN_BNjSSHWO-GbkIWH6fkGMLw4bqvL_NH6e2wMveX7G-rP2dAqsDSq1mJMOaY&#038;_nc_zt=24&#038;_nc_ht=scontent-gig4-1.xx&#038;_nc_gid=AoBFJeGrT1hVaew_6rchkQ&#038;oh=00_AfX7QmFGhQhG2jAllVgXCiM1ZrWgvtp80-Bfppyexh1QEg&#038;oe=689E923C\" \/>\n\t\t<meta property=\"article:published_time\" content=\"2018-07-09T20:36:51+00:00\" \/>\n\t\t<meta property=\"article:modified_time\" content=\"2018-07-09T20:36:51+00:00\" \/>\n\t\t<meta name=\"twitter:card\" content=\"summary_large_image\" \/>\n\t\t<meta name=\"twitter:title\" content=\"Profissionais da Educa\u00e7\u00e3o s\u00e3o capacitados sobre musicaliza\u00e7\u00e3o infantil - A Not\u00edcia Online\" \/>\n\t\t<meta name=\"twitter:description\" content=\"Cerca de 160 profissionais da rede municipal de ensino, entre professores, supervisores e diretores, foram capacitados sobre como trabalhar a m\u00fasica na Educa\u00e7\u00e3o Infantil. As oficinas aconteceram na \u00faltima ter\u00e7a e quarta-feira (3 e 4), na Escola Municipal Professora Odal\u00e9ia Oliveira Morais de Azevedo, na Barra. O objetivo \u00e9 aprimorar o processo de ensino-aprendizagem, por\" \/>\n\t\t<meta name=\"twitter:image\" content=\"https:\/\/scontent-gig4-1.xx.fbcdn.net\/v\/t39.30808-1\/270437624_4564083193639691_6907940295614233970_n.jpg?stp=dst-jpg_s200x200_tt6&amp;_nc_cat=111&amp;ccb=1-7&amp;_nc_sid=f907e8&amp;_nc_ohc=SM1wRlP3lJwQ7kNvwEPuBYA&amp;_nc_oc=AdnqrjDN_BNjSSHWO-GbkIWH6fkGMLw4bqvL_NH6e2wMveX7G-rP2dAqsDSq1mJMOaY&amp;_nc_zt=24&amp;_nc_ht=scontent-gig4-1.xx&amp;_nc_gid=AoBFJeGrT1hVaew_6rchkQ&amp;oh=00_AfX7QmFGhQhG2jAllVgXCiM1ZrWgvtp80-Bfppyexh1QEg&amp;oe=689E923C\" \/>\n\t\t<script type=\"application\/ld+json\" class=\"aioseo-schema\">\n\t\t\t{\"@context\":\"https:\\\/\\\/schema.org\",\"@graph\":[{\"@type\":\"BlogPosting\",\"@id\":\"https:\\\/\\\/anoticiaonline.com.br\\\/site\\\/profissionais-da-educacao-sao-capacitados-sobre-musicalizacao-infantil\\\/#blogposting\",\"name\":\"Profissionais da Educa\\u00e7\\u00e3o s\\u00e3o capacitados sobre musicaliza\\u00e7\\u00e3o infantil - A Not\\u00edcia Online\",\"headline\":\"Profissionais da Educa\\u00e7\\u00e3o s\\u00e3o capacitados sobre musicaliza\\u00e7\\u00e3o infantil\",\"author\":{\"@id\":\"https:\\\/\\\/anoticiaonline.com.br\\\/site\\\/author\\\/juliana\\\/#author\"},\"publisher\":{\"@id\":\"https:\\\/\\\/anoticiaonline.com.br\\\/site\\\/#organization\"},\"image\":{\"@type\":\"ImageObject\",\"url\":\"https:\\\/\\\/anoticiaonline.com.br\\\/site\\\/wp-content\\\/uploads\\\/2018\\\/07\\\/Profissionais-da-Educa\\u00e7\\u00e3o-s\\u00e3o-capacitados-sobre-musicaliza\\u00e7\\u00e3o-infantil.jpg\",\"width\":640,\"height\":427},\"datePublished\":\"2018-07-09T17:36:51-03:00\",\"dateModified\":\"2018-07-09T17:36:51-03:00\",\"inLanguage\":\"pt-BR\",\"mainEntityOfPage\":{\"@id\":\"https:\\\/\\\/anoticiaonline.com.br\\\/site\\\/profissionais-da-educacao-sao-capacitados-sobre-musicalizacao-infantil\\\/#webpage\"},\"isPartOf\":{\"@id\":\"https:\\\/\\\/anoticiaonline.com.br\\\/site\\\/profissionais-da-educacao-sao-capacitados-sobre-musicalizacao-infantil\\\/#webpage\"},\"articleSection\":\"Blog\"},{\"@type\":\"BreadcrumbList\",\"@id\":\"https:\\\/\\\/anoticiaonline.com.br\\\/site\\\/profissionais-da-educacao-sao-capacitados-sobre-musicalizacao-infantil\\\/#breadcrumblist\",\"itemListElement\":[{\"@type\":\"ListItem\",\"@id\":\"https:\\\/\\\/anoticiaonline.com.br\\\/site#listItem\",\"position\":1,\"name\":\"Home\",\"item\":\"https:\\\/\\\/anoticiaonline.com.br\\\/site\",\"nextItem\":{\"@type\":\"ListItem\",\"@id\":\"https:\\\/\\\/anoticiaonline.com.br\\\/site\\\/categoria\\\/muriae\\\/#listItem\",\"name\":\"Blog\"}},{\"@type\":\"ListItem\",\"@id\":\"https:\\\/\\\/anoticiaonline.com.br\\\/site\\\/categoria\\\/muriae\\\/#listItem\",\"position\":2,\"name\":\"Blog\",\"item\":\"https:\\\/\\\/anoticiaonline.com.br\\\/site\\\/categoria\\\/muriae\\\/\",\"nextItem\":{\"@type\":\"ListItem\",\"@id\":\"https:\\\/\\\/anoticiaonline.com.br\\\/site\\\/profissionais-da-educacao-sao-capacitados-sobre-musicalizacao-infantil\\\/#listItem\",\"name\":\"Profissionais da Educa\\u00e7\\u00e3o s\\u00e3o capacitados sobre musicaliza\\u00e7\\u00e3o infantil\"},\"previousItem\":{\"@type\":\"ListItem\",\"@id\":\"https:\\\/\\\/anoticiaonline.com.br\\\/site#listItem\",\"name\":\"Home\"}},{\"@type\":\"ListItem\",\"@id\":\"https:\\\/\\\/anoticiaonline.com.br\\\/site\\\/profissionais-da-educacao-sao-capacitados-sobre-musicalizacao-infantil\\\/#listItem\",\"position\":3,\"name\":\"Profissionais da Educa\\u00e7\\u00e3o s\\u00e3o capacitados sobre musicaliza\\u00e7\\u00e3o infantil\",\"previousItem\":{\"@type\":\"ListItem\",\"@id\":\"https:\\\/\\\/anoticiaonline.com.br\\\/site\\\/categoria\\\/muriae\\\/#listItem\",\"name\":\"Blog\"}}]},{\"@type\":\"Organization\",\"@id\":\"https:\\\/\\\/anoticiaonline.com.br\\\/site\\\/#organization\",\"name\":\"A Not\\u00edcia Online\",\"description\":\"Noticias de Muria\\u00e9 e regi\\u00e3o\",\"url\":\"https:\\\/\\\/anoticiaonline.com.br\\\/site\\\/\",\"logo\":{\"@type\":\"ImageObject\",\"url\":\"https:\\\/\\\/scontent-gig4-1.xx.fbcdn.net\\\/v\\\/t39.30808-1\\\/270437624_4564083193639691_6907940295614233970_n.jpg?stp=dst-jpg_s200x200_tt6&_nc_cat=111&ccb=1-7&_nc_sid=f907e8&_nc_ohc=SM1wRlP3lJwQ7kNvwEPuBYA&_nc_oc=AdnqrjDN_BNjSSHWO-GbkIWH6fkGMLw4bqvL_NH6e2wMveX7G-rP2dAqsDSq1mJMOaY&_nc_zt=24&_nc_ht=scontent-gig4-1.xx&_nc_gid=AoBFJeGrT1hVaew_6rchkQ&oh=00_AfX7QmFGhQhG2jAllVgXCiM1ZrWgvtp80-Bfppyexh1QEg&oe=689E923C\",\"@id\":\"https:\\\/\\\/anoticiaonline.com.br\\\/site\\\/profissionais-da-educacao-sao-capacitados-sobre-musicalizacao-infantil\\\/#organizationLogo\"},\"image\":{\"@id\":\"https:\\\/\\\/anoticiaonline.com.br\\\/site\\\/profissionais-da-educacao-sao-capacitados-sobre-musicalizacao-infantil\\\/#organizationLogo\"}},{\"@type\":\"Person\",\"@id\":\"https:\\\/\\\/anoticiaonline.com.br\\\/site\\\/author\\\/juliana\\\/#author\",\"url\":\"https:\\\/\\\/anoticiaonline.com.br\\\/site\\\/author\\\/juliana\\\/\",\"name\":\"Juliana Laviola\",\"image\":{\"@type\":\"ImageObject\",\"@id\":\"https:\\\/\\\/anoticiaonline.com.br\\\/site\\\/profissionais-da-educacao-sao-capacitados-sobre-musicalizacao-infantil\\\/#authorImage\",\"url\":\"https:\\\/\\\/secure.gravatar.com\\\/avatar\\\/b8d45f5c699b100dfaf0e543582f38f38bf94cb7ae3a5e9abf8d891a34773335?s=96&d=mm&r=g\",\"width\":96,\"height\":96,\"caption\":\"Juliana Laviola\"}},{\"@type\":\"WebPage\",\"@id\":\"https:\\\/\\\/anoticiaonline.com.br\\\/site\\\/profissionais-da-educacao-sao-capacitados-sobre-musicalizacao-infantil\\\/#webpage\",\"url\":\"https:\\\/\\\/anoticiaonline.com.br\\\/site\\\/profissionais-da-educacao-sao-capacitados-sobre-musicalizacao-infantil\\\/\",\"name\":\"Profissionais da Educa\\u00e7\\u00e3o s\\u00e3o capacitados sobre musicaliza\\u00e7\\u00e3o infantil - A Not\\u00edcia Online\",\"description\":\"Cerca de 160 profissionais da rede municipal de ensino, entre professores, supervisores e diretores, foram capacitados sobre como trabalhar a m\\u00fasica na Educa\\u00e7\\u00e3o Infantil. As oficinas aconteceram na \\u00faltima ter\\u00e7a e quarta-feira (3 e 4), na Escola Municipal Professora Odal\\u00e9ia Oliveira Morais de Azevedo, na Barra. O objetivo \\u00e9 aprimorar o processo de ensino-aprendizagem, por\",\"inLanguage\":\"pt-BR\",\"isPartOf\":{\"@id\":\"https:\\\/\\\/anoticiaonline.com.br\\\/site\\\/#website\"},\"breadcrumb\":{\"@id\":\"https:\\\/\\\/anoticiaonline.com.br\\\/site\\\/profissionais-da-educacao-sao-capacitados-sobre-musicalizacao-infantil\\\/#breadcrumblist\"},\"author\":{\"@id\":\"https:\\\/\\\/anoticiaonline.com.br\\\/site\\\/author\\\/juliana\\\/#author\"},\"creator\":{\"@id\":\"https:\\\/\\\/anoticiaonline.com.br\\\/site\\\/author\\\/juliana\\\/#author\"},\"image\":{\"@type\":\"ImageObject\",\"url\":\"https:\\\/\\\/anoticiaonline.com.br\\\/site\\\/wp-content\\\/uploads\\\/2018\\\/07\\\/Profissionais-da-Educa\\u00e7\\u00e3o-s\\u00e3o-capacitados-sobre-musicaliza\\u00e7\\u00e3o-infantil.jpg\",\"@id\":\"https:\\\/\\\/anoticiaonline.com.br\\\/site\\\/profissionais-da-educacao-sao-capacitados-sobre-musicalizacao-infantil\\\/#mainImage\",\"width\":640,\"height\":427},\"primaryImageOfPage\":{\"@id\":\"https:\\\/\\\/anoticiaonline.com.br\\\/site\\\/profissionais-da-educacao-sao-capacitados-sobre-musicalizacao-infantil\\\/#mainImage\"},\"datePublished\":\"2018-07-09T17:36:51-03:00\",\"dateModified\":\"2018-07-09T17:36:51-03:00\"},{\"@type\":\"WebSite\",\"@id\":\"https:\\\/\\\/anoticiaonline.com.br\\\/site\\\/#website\",\"url\":\"https:\\\/\\\/anoticiaonline.com.br\\\/site\\\/\",\"name\":\"A Not\\u00edcia Online\",\"description\":\"Noticias de Muria\\u00e9 e regi\\u00e3o\",\"inLanguage\":\"pt-BR\",\"publisher\":{\"@id\":\"https:\\\/\\\/anoticiaonline.com.br\\\/site\\\/#organization\"}}]}\n\t\t<\/script>\n\t\t<!-- All in One SEO -->\n\n","aioseo_head_json":{"title":"Profissionais da Educa\u00e7\u00e3o s\u00e3o capacitados sobre musicaliza\u00e7\u00e3o infantil - A Not\u00edcia Online","description":"Cerca de 160 profissionais da rede municipal de ensino, entre professores, supervisores e diretores, foram capacitados sobre como trabalhar a m\u00fasica na Educa\u00e7\u00e3o Infantil. As oficinas aconteceram na \u00faltima ter\u00e7a e quarta-feira (3 e 4), na Escola Municipal Professora Odal\u00e9ia Oliveira Morais de Azevedo, na Barra. O objetivo \u00e9 aprimorar o processo de ensino-aprendizagem, por","canonical_url":"https:\/\/anoticiaonline.com.br\/site\/profissionais-da-educacao-sao-capacitados-sobre-musicalizacao-infantil\/","robots":"max-image-preview:large","keywords":"","webmasterTools":{"miscellaneous":""},"schema":{"@context":"https:\/\/schema.org","@graph":[{"@type":"BlogPosting","@id":"https:\/\/anoticiaonline.com.br\/site\/profissionais-da-educacao-sao-capacitados-sobre-musicalizacao-infantil\/#blogposting","name":"Profissionais da Educa\u00e7\u00e3o s\u00e3o capacitados sobre musicaliza\u00e7\u00e3o infantil - A Not\u00edcia Online","headline":"Profissionais da Educa\u00e7\u00e3o s\u00e3o capacitados sobre musicaliza\u00e7\u00e3o infantil","author":{"@id":"https:\/\/anoticiaonline.com.br\/site\/author\/juliana\/#author"},"publisher":{"@id":"https:\/\/anoticiaonline.com.br\/site\/#organization"},"image":{"@type":"ImageObject","url":"https:\/\/anoticiaonline.com.br\/site\/wp-content\/uploads\/2018\/07\/Profissionais-da-Educa\u00e7\u00e3o-s\u00e3o-capacitados-sobre-musicaliza\u00e7\u00e3o-infantil.jpg","width":640,"height":427},"datePublished":"2018-07-09T17:36:51-03:00","dateModified":"2018-07-09T17:36:51-03:00","inLanguage":"pt-BR","mainEntityOfPage":{"@id":"https:\/\/anoticiaonline.com.br\/site\/profissionais-da-educacao-sao-capacitados-sobre-musicalizacao-infantil\/#webpage"},"isPartOf":{"@id":"https:\/\/anoticiaonline.com.br\/site\/profissionais-da-educacao-sao-capacitados-sobre-musicalizacao-infantil\/#webpage"},"articleSection":"Blog"},{"@type":"BreadcrumbList","@id":"https:\/\/anoticiaonline.com.br\/site\/profissionais-da-educacao-sao-capacitados-sobre-musicalizacao-infantil\/#breadcrumblist","itemListElement":[{"@type":"ListItem","@id":"https:\/\/anoticiaonline.com.br\/site#listItem","position":1,"name":"Home","item":"https:\/\/anoticiaonline.com.br\/site","nextItem":{"@type":"ListItem","@id":"https:\/\/anoticiaonline.com.br\/site\/categoria\/muriae\/#listItem","name":"Blog"}},{"@type":"ListItem","@id":"https:\/\/anoticiaonline.com.br\/site\/categoria\/muriae\/#listItem","position":2,"name":"Blog","item":"https:\/\/anoticiaonline.com.br\/site\/categoria\/muriae\/","nextItem":{"@type":"ListItem","@id":"https:\/\/anoticiaonline.com.br\/site\/profissionais-da-educacao-sao-capacitados-sobre-musicalizacao-infantil\/#listItem","name":"Profissionais da Educa\u00e7\u00e3o s\u00e3o capacitados sobre musicaliza\u00e7\u00e3o infantil"},"previousItem":{"@type":"ListItem","@id":"https:\/\/anoticiaonline.com.br\/site#listItem","name":"Home"}},{"@type":"ListItem","@id":"https:\/\/anoticiaonline.com.br\/site\/profissionais-da-educacao-sao-capacitados-sobre-musicalizacao-infantil\/#listItem","position":3,"name":"Profissionais da Educa\u00e7\u00e3o s\u00e3o capacitados sobre musicaliza\u00e7\u00e3o infantil","previousItem":{"@type":"ListItem","@id":"https:\/\/anoticiaonline.com.br\/site\/categoria\/muriae\/#listItem","name":"Blog"}}]},{"@type":"Organization","@id":"https:\/\/anoticiaonline.com.br\/site\/#organization","name":"A Not\u00edcia Online","description":"Noticias de Muria\u00e9 e regi\u00e3o","url":"https:\/\/anoticiaonline.com.br\/site\/","logo":{"@type":"ImageObject","url":"https:\/\/scontent-gig4-1.xx.fbcdn.net\/v\/t39.30808-1\/270437624_4564083193639691_6907940295614233970_n.jpg?stp=dst-jpg_s200x200_tt6&_nc_cat=111&ccb=1-7&_nc_sid=f907e8&_nc_ohc=SM1wRlP3lJwQ7kNvwEPuBYA&_nc_oc=AdnqrjDN_BNjSSHWO-GbkIWH6fkGMLw4bqvL_NH6e2wMveX7G-rP2dAqsDSq1mJMOaY&_nc_zt=24&_nc_ht=scontent-gig4-1.xx&_nc_gid=AoBFJeGrT1hVaew_6rchkQ&oh=00_AfX7QmFGhQhG2jAllVgXCiM1ZrWgvtp80-Bfppyexh1QEg&oe=689E923C","@id":"https:\/\/anoticiaonline.com.br\/site\/profissionais-da-educacao-sao-capacitados-sobre-musicalizacao-infantil\/#organizationLogo"},"image":{"@id":"https:\/\/anoticiaonline.com.br\/site\/profissionais-da-educacao-sao-capacitados-sobre-musicalizacao-infantil\/#organizationLogo"}},{"@type":"Person","@id":"https:\/\/anoticiaonline.com.br\/site\/author\/juliana\/#author","url":"https:\/\/anoticiaonline.com.br\/site\/author\/juliana\/","name":"Juliana Laviola","image":{"@type":"ImageObject","@id":"https:\/\/anoticiaonline.com.br\/site\/profissionais-da-educacao-sao-capacitados-sobre-musicalizacao-infantil\/#authorImage","url":"https:\/\/secure.gravatar.com\/avatar\/b8d45f5c699b100dfaf0e543582f38f38bf94cb7ae3a5e9abf8d891a34773335?s=96&d=mm&r=g","width":96,"height":96,"caption":"Juliana Laviola"}},{"@type":"WebPage","@id":"https:\/\/anoticiaonline.com.br\/site\/profissionais-da-educacao-sao-capacitados-sobre-musicalizacao-infantil\/#webpage","url":"https:\/\/anoticiaonline.com.br\/site\/profissionais-da-educacao-sao-capacitados-sobre-musicalizacao-infantil\/","name":"Profissionais da Educa\u00e7\u00e3o s\u00e3o capacitados sobre musicaliza\u00e7\u00e3o infantil - A Not\u00edcia Online","description":"Cerca de 160 profissionais da rede municipal de ensino, entre professores, supervisores e diretores, foram capacitados sobre como trabalhar a m\u00fasica na Educa\u00e7\u00e3o Infantil. As oficinas aconteceram na \u00faltima ter\u00e7a e quarta-feira (3 e 4), na Escola Municipal Professora Odal\u00e9ia Oliveira Morais de Azevedo, na Barra. O objetivo \u00e9 aprimorar o processo de ensino-aprendizagem, por","inLanguage":"pt-BR","isPartOf":{"@id":"https:\/\/anoticiaonline.com.br\/site\/#website"},"breadcrumb":{"@id":"https:\/\/anoticiaonline.com.br\/site\/profissionais-da-educacao-sao-capacitados-sobre-musicalizacao-infantil\/#breadcrumblist"},"author":{"@id":"https:\/\/anoticiaonline.com.br\/site\/author\/juliana\/#author"},"creator":{"@id":"https:\/\/anoticiaonline.com.br\/site\/author\/juliana\/#author"},"image":{"@type":"ImageObject","url":"https:\/\/anoticiaonline.com.br\/site\/wp-content\/uploads\/2018\/07\/Profissionais-da-Educa\u00e7\u00e3o-s\u00e3o-capacitados-sobre-musicaliza\u00e7\u00e3o-infantil.jpg","@id":"https:\/\/anoticiaonline.com.br\/site\/profissionais-da-educacao-sao-capacitados-sobre-musicalizacao-infantil\/#mainImage","width":640,"height":427},"primaryImageOfPage":{"@id":"https:\/\/anoticiaonline.com.br\/site\/profissionais-da-educacao-sao-capacitados-sobre-musicalizacao-infantil\/#mainImage"},"datePublished":"2018-07-09T17:36:51-03:00","dateModified":"2018-07-09T17:36:51-03:00"},{"@type":"WebSite","@id":"https:\/\/anoticiaonline.com.br\/site\/#website","url":"https:\/\/anoticiaonline.com.br\/site\/","name":"A Not\u00edcia Online","description":"Noticias de Muria\u00e9 e regi\u00e3o","inLanguage":"pt-BR","publisher":{"@id":"https:\/\/anoticiaonline.com.br\/site\/#organization"}}]},"og:locale":"pt_BR","og:site_name":"A Not\u00edcia Online - Noticias de Muria\u00e9 e regi\u00e3o","og:type":"article","og:title":"Profissionais da Educa\u00e7\u00e3o s\u00e3o capacitados sobre musicaliza\u00e7\u00e3o infantil - A Not\u00edcia Online","og:description":"Cerca de 160 profissionais da rede municipal de ensino, entre professores, supervisores e diretores, foram capacitados sobre como trabalhar a m\u00fasica na Educa\u00e7\u00e3o Infantil. As oficinas aconteceram na \u00faltima ter\u00e7a e quarta-feira (3 e 4), na Escola Municipal Professora Odal\u00e9ia Oliveira Morais de Azevedo, na Barra. O objetivo \u00e9 aprimorar o processo de ensino-aprendizagem, por","og:url":"https:\/\/anoticiaonline.com.br\/site\/profissionais-da-educacao-sao-capacitados-sobre-musicalizacao-infantil\/","og:image":"https:\/\/scontent-gig4-1.xx.fbcdn.net\/v\/t39.30808-1\/270437624_4564083193639691_6907940295614233970_n.jpg?stp=dst-jpg_s200x200_tt6&#038;_nc_cat=111&#038;ccb=1-7&#038;_nc_sid=f907e8&#038;_nc_ohc=SM1wRlP3lJwQ7kNvwEPuBYA&#038;_nc_oc=AdnqrjDN_BNjSSHWO-GbkIWH6fkGMLw4bqvL_NH6e2wMveX7G-rP2dAqsDSq1mJMOaY&#038;_nc_zt=24&#038;_nc_ht=scontent-gig4-1.xx&#038;_nc_gid=AoBFJeGrT1hVaew_6rchkQ&#038;oh=00_AfX7QmFGhQhG2jAllVgXCiM1ZrWgvtp80-Bfppyexh1QEg&#038;oe=689E923C","og:image:secure_url":"https:\/\/scontent-gig4-1.xx.fbcdn.net\/v\/t39.30808-1\/270437624_4564083193639691_6907940295614233970_n.jpg?stp=dst-jpg_s200x200_tt6&#038;_nc_cat=111&#038;ccb=1-7&#038;_nc_sid=f907e8&#038;_nc_ohc=SM1wRlP3lJwQ7kNvwEPuBYA&#038;_nc_oc=AdnqrjDN_BNjSSHWO-GbkIWH6fkGMLw4bqvL_NH6e2wMveX7G-rP2dAqsDSq1mJMOaY&#038;_nc_zt=24&#038;_nc_ht=scontent-gig4-1.xx&#038;_nc_gid=AoBFJeGrT1hVaew_6rchkQ&#038;oh=00_AfX7QmFGhQhG2jAllVgXCiM1ZrWgvtp80-Bfppyexh1QEg&#038;oe=689E923C","article:published_time":"2018-07-09T20:36:51+00:00","article:modified_time":"2018-07-09T20:36:51+00:00","twitter:card":"summary_large_image","twitter:title":"Profissionais da Educa\u00e7\u00e3o s\u00e3o capacitados sobre musicaliza\u00e7\u00e3o infantil - A Not\u00edcia Online","twitter:description":"Cerca de 160 profissionais da rede municipal de ensino, entre professores, supervisores e diretores, foram capacitados sobre como trabalhar a m\u00fasica na Educa\u00e7\u00e3o Infantil. As oficinas aconteceram na \u00faltima ter\u00e7a e quarta-feira (3 e 4), na Escola Municipal Professora Odal\u00e9ia Oliveira Morais de Azevedo, na Barra. O objetivo \u00e9 aprimorar o processo de ensino-aprendizagem, por","twitter:image":"https:\/\/scontent-gig4-1.xx.fbcdn.net\/v\/t39.30808-1\/270437624_4564083193639691_6907940295614233970_n.jpg?stp=dst-jpg_s200x200_tt6&_nc_cat=111&ccb=1-7&_nc_sid=f907e8&_nc_ohc=SM1wRlP3lJwQ7kNvwEPuBYA&_nc_oc=AdnqrjDN_BNjSSHWO-GbkIWH6fkGMLw4bqvL_NH6e2wMveX7G-rP2dAqsDSq1mJMOaY&_nc_zt=24&_nc_ht=scontent-gig4-1.xx&_nc_gid=AoBFJeGrT1hVaew_6rchkQ&oh=00_AfX7QmFGhQhG2jAllVgXCiM1ZrWgvtp80-Bfppyexh1QEg&oe=689E923C"},"aioseo_meta_data":{"post_id":"58221","title":null,"description":null,"keywords":null,"keyphrases":null,"primary_term":null,"canonical_url":null,"og_title":null,"og_description":null,"og_object_type":"default","og_image_type":"default","og_image_url":null,"og_image_width":null,"og_image_height":null,"og_image_custom_url":null,"og_image_custom_fields":null,"og_video":null,"og_custom_url":null,"og_article_section":null,"og_article_tags":null,"twitter_use_og":false,"twitter_card":"default","twitter_image_type":"default","twitter_image_url":null,"twitter_image_custom_url":null,"twitter_image_custom_fields":null,"twitter_title":null,"twitter_description":null,"schema":{"blockGraphs":[],"customGraphs":[],"default":{"data":{"Article":[],"Course":[],"Dataset":[],"FAQPage":[],"Movie":[],"Person":[],"Product":[],"ProductReview":[],"Car":[],"Recipe":[],"Service":[],"SoftwareApplication":[],"WebPage":[]},"graphName":"","isEnabled":true},"graphs":[]},"schema_type":"default","schema_type_options":null,"pillar_content":false,"robots_default":true,"robots_noindex":false,"robots_noarchive":false,"robots_nosnippet":false,"robots_nofollow":false,"robots_noimageindex":false,"robots_noodp":false,"robots_notranslate":false,"robots_max_snippet":null,"robots_max_videopreview":null,"robots_max_imagepreview":"large","priority":null,"frequency":null,"local_seo":null,"breadcrumb_settings":null,"limit_modified_date":false,"ai":null,"created":"2025-08-16 21:12:33","updated":"2025-08-16 21:12:33","focus_keyword":null,"additional_keywords":null,"truseo_locale":null,"seo_analyzer_scan_date":null},"aioseo_breadcrumb":"<div class=\"aioseo-breadcrumbs\"><span class=\"aioseo-breadcrumb\">\n\t\t\t<a href=\"https:\/\/anoticiaonline.com.br\/site\" title=\"Home\">Home<\/a>\n\t\t<\/span><span class=\"aioseo-breadcrumb-separator\">&raquo;<\/span><span class=\"aioseo-breadcrumb\">\n\t\t\t<a href=\"https:\/\/anoticiaonline.com.br\/site\/categoria\/muriae\/\" title=\"Blog\">Blog<\/a>\n\t\t<\/span><span class=\"aioseo-breadcrumb-separator\">&raquo;<\/span><span class=\"aioseo-breadcrumb\">\n\t\t\tProfissionais da Educa\u00e7\u00e3o s\u00e3o capacitados sobre musicaliza\u00e7\u00e3o infantil\n\t\t<\/span><\/div>","aioseo_breadcrumb_json":[{"label":"Home","link":"https:\/\/anoticiaonline.com.br\/site"},{"label":"Blog","link":"https:\/\/anoticiaonline.com.br\/site\/categoria\/muriae\/"},{"label":"Profissionais da Educa\u00e7\u00e3o s\u00e3o capacitados sobre musicaliza\u00e7\u00e3o infantil","link":"https:\/\/anoticiaonline.com.br\/site\/profissionais-da-educacao-sao-capacitados-sobre-musicalizacao-infantil\/"}],"views":150,"_links":{"self":[{"href":"https:\/\/anoticiaonline.com.br\/site\/wp-json\/wp\/v2\/posts\/58221","targetHints":{"allow":["GET"]}}],"collection":[{"href":"https:\/\/anoticiaonline.com.br\/site\/wp-json\/wp\/v2\/posts"}],"about":[{"href":"https:\/\/anoticiaonline.com.br\/site\/wp-json\/wp\/v2\/types\/post"}],"author":[{"embeddable":true,"href":"https:\/\/anoticiaonline.com.br\/site\/wp-json\/wp\/v2\/users\/2"}],"replies":[{"embeddable":true,"href":"https:\/\/anoticiaonline.com.br\/site\/wp-json\/wp\/v2\/comments?post=58221"}],"version-history":[{"count":0,"href":"https:\/\/anoticiaonline.com.br\/site\/wp-json\/wp\/v2\/posts\/58221\/revisions"}],"wp:featuredmedia":[{"embeddable":true,"href":"https:\/\/anoticiaonline.com.br\/site\/wp-json\/wp\/v2\/media\/58222"}],"wp:attachment":[{"href":"https:\/\/anoticiaonline.com.br\/site\/wp-json\/wp\/v2\/media?parent=58221"}],"wp:term":[{"taxonomy":"category","embeddable":true,"href":"https:\/\/anoticiaonline.com.br\/site\/wp-json\/wp\/v2\/categories?post=58221"},{"taxonomy":"post_tag","embeddable":true,"href":"https:\/\/anoticiaonline.com.br\/site\/wp-json\/wp\/v2\/tags?post=58221"}],"curies":[{"name":"wp","href":"https:\/\/api.w.org\/{rel}","templated":true}]}}