{"id":58152,"date":"2018-07-05T21:04:47","date_gmt":"2018-07-06T00:04:47","guid":{"rendered":"http:\/\/anoticiaonline.com.br\/site\/?p=58152"},"modified":"2018-07-05T21:09:49","modified_gmt":"2018-07-06T00:09:49","slug":"alunos-da-esp-se-destacam-na-etapa-regional-do-jemg","status":"publish","type":"post","link":"https:\/\/anoticiaonline.com.br\/site\/alunos-da-esp-se-destacam-na-etapa-regional-do-jemg\/","title":{"rendered":"Alunos da ESP se destacam na etapa regional do JEMG"},"content":{"rendered":"<p>Alunos da Escola S\u00e3o Paulo (ESP) se destacaram na etapa microrregional dos Jogos Escolares de Minas Gerais (JEMG), que aconteceu de ter\u00e7a-feira (26) a s\u00e1bado (30), em Al\u00e9m Para\u00edba.<\/p>\n<p>Os atletas obtiveram excelentes resultados nas categorias de xadrez e handball. Segundo o professor Matheus Andr\u00e9 Marge, os alunos que se destacaram no campeonato de xadrez, s\u00e3o naturais de uma escola estadual localizada no distrito de Bom Jesus da Cachoeira.<\/p>\n<p>\u201cAp\u00f3s uma parceria com a Escola S\u00e3o Paulo, os alunos passaram a estudar em Muria\u00e9 e, automaticamente, come\u00e7aram a competir pela institui\u00e7\u00e3o de ensino. Minha ideia, ap\u00f3s o JEMG 2018, \u00e9 expandir o projeto na cidade atrav\u00e9s de uma Liga Municipal\u201d, conta.<\/p>\n<p><a href=\"https:\/\/anoticiaonline.com.br\/site\/wp-content\/uploads\/2018\/07\/0b1e1769-724b-4587-8f67-74b186e5b115.jpg\"><img fetchpriority=\"high\" decoding=\"async\" class=\"alignnone size-full wp-image-58154\" src=\"https:\/\/anoticiaonline.com.br\/site\/wp-content\/uploads\/2018\/07\/0b1e1769-724b-4587-8f67-74b186e5b115.jpg\" alt=\"\" width=\"640\" height=\"360\" srcset=\"https:\/\/anoticiaonline.com.br\/site\/wp-content\/uploads\/2018\/07\/0b1e1769-724b-4587-8f67-74b186e5b115.jpg 640w, https:\/\/anoticiaonline.com.br\/site\/wp-content\/uploads\/2018\/07\/0b1e1769-724b-4587-8f67-74b186e5b115-300x169.jpg 300w\" sizes=\"(max-width: 640px) 100vw, 640px\" \/><\/a> <a href=\"https:\/\/anoticiaonline.com.br\/site\/wp-content\/uploads\/2018\/07\/0f033f4b-b24c-4898-aecc-bddf4fdec456.jpg\"><img decoding=\"async\" class=\"alignnone size-full wp-image-58155\" src=\"https:\/\/anoticiaonline.com.br\/site\/wp-content\/uploads\/2018\/07\/0f033f4b-b24c-4898-aecc-bddf4fdec456.jpg\" alt=\"\" width=\"640\" height=\"359\" srcset=\"https:\/\/anoticiaonline.com.br\/site\/wp-content\/uploads\/2018\/07\/0f033f4b-b24c-4898-aecc-bddf4fdec456.jpg 640w, https:\/\/anoticiaonline.com.br\/site\/wp-content\/uploads\/2018\/07\/0f033f4b-b24c-4898-aecc-bddf4fdec456-300x168.jpg 300w\" sizes=\"(max-width: 640px) 100vw, 640px\" \/><\/a> <a href=\"https:\/\/anoticiaonline.com.br\/site\/wp-content\/uploads\/2018\/07\/3be57286-3b1a-452a-a25e-f03197396cfe.jpg\"><img decoding=\"async\" class=\"alignnone size-full wp-image-58156\" src=\"https:\/\/anoticiaonline.com.br\/site\/wp-content\/uploads\/2018\/07\/3be57286-3b1a-452a-a25e-f03197396cfe.jpg\" alt=\"\" width=\"640\" height=\"360\" srcset=\"https:\/\/anoticiaonline.com.br\/site\/wp-content\/uploads\/2018\/07\/3be57286-3b1a-452a-a25e-f03197396cfe.jpg 640w, https:\/\/anoticiaonline.com.br\/site\/wp-content\/uploads\/2018\/07\/3be57286-3b1a-452a-a25e-f03197396cfe-300x169.jpg 300w\" sizes=\"(max-width: 640px) 100vw, 640px\" \/><\/a> <a href=\"https:\/\/anoticiaonline.com.br\/site\/wp-content\/uploads\/2018\/07\/5ea22700-0ae1-4e1e-a7e3-98cfddced33c.jpg\"><img loading=\"lazy\" decoding=\"async\" class=\"alignnone size-full wp-image-58157\" src=\"https:\/\/anoticiaonline.com.br\/site\/wp-content\/uploads\/2018\/07\/5ea22700-0ae1-4e1e-a7e3-98cfddced33c.jpg\" alt=\"\" width=\"640\" height=\"480\" srcset=\"https:\/\/anoticiaonline.com.br\/site\/wp-content\/uploads\/2018\/07\/5ea22700-0ae1-4e1e-a7e3-98cfddced33c.jpg 640w, https:\/\/anoticiaonline.com.br\/site\/wp-content\/uploads\/2018\/07\/5ea22700-0ae1-4e1e-a7e3-98cfddced33c-300x225.jpg 300w\" sizes=\"(max-width: 640px) 100vw, 640px\" \/><\/a> <a href=\"https:\/\/anoticiaonline.com.br\/site\/wp-content\/uploads\/2018\/07\/19ca86a0-04a7-4124-a54b-93af9a591051.jpg\"><img loading=\"lazy\" decoding=\"async\" class=\"alignnone size-full wp-image-58158\" src=\"https:\/\/anoticiaonline.com.br\/site\/wp-content\/uploads\/2018\/07\/19ca86a0-04a7-4124-a54b-93af9a591051.jpg\" alt=\"\" width=\"640\" height=\"359\" srcset=\"https:\/\/anoticiaonline.com.br\/site\/wp-content\/uploads\/2018\/07\/19ca86a0-04a7-4124-a54b-93af9a591051.jpg 640w, https:\/\/anoticiaonline.com.br\/site\/wp-content\/uploads\/2018\/07\/19ca86a0-04a7-4124-a54b-93af9a591051-300x168.jpg 300w\" sizes=\"(max-width: 640px) 100vw, 640px\" \/><\/a> <a href=\"https:\/\/anoticiaonline.com.br\/site\/wp-content\/uploads\/2018\/07\/48ac5ac9-fdf4-4a7f-859c-0b2a14d74246.jpg\"><img loading=\"lazy\" decoding=\"async\" class=\"alignnone size-full wp-image-58159\" src=\"https:\/\/anoticiaonline.com.br\/site\/wp-content\/uploads\/2018\/07\/48ac5ac9-fdf4-4a7f-859c-0b2a14d74246.jpg\" alt=\"\" width=\"640\" height=\"359\" srcset=\"https:\/\/anoticiaonline.com.br\/site\/wp-content\/uploads\/2018\/07\/48ac5ac9-fdf4-4a7f-859c-0b2a14d74246.jpg 640w, https:\/\/anoticiaonline.com.br\/site\/wp-content\/uploads\/2018\/07\/48ac5ac9-fdf4-4a7f-859c-0b2a14d74246-300x168.jpg 300w\" sizes=\"(max-width: 640px) 100vw, 640px\" \/><\/a> <a href=\"https:\/\/anoticiaonline.com.br\/site\/wp-content\/uploads\/2018\/07\/be514301-b483-4db8-b361-7738336fc68b.jpg\"><img loading=\"lazy\" decoding=\"async\" class=\"alignnone size-full wp-image-58160\" src=\"https:\/\/anoticiaonline.com.br\/site\/wp-content\/uploads\/2018\/07\/be514301-b483-4db8-b361-7738336fc68b.jpg\" alt=\"\" width=\"300\" height=\"534\" srcset=\"https:\/\/anoticiaonline.com.br\/site\/wp-content\/uploads\/2018\/07\/be514301-b483-4db8-b361-7738336fc68b.jpg 300w, https:\/\/anoticiaonline.com.br\/site\/wp-content\/uploads\/2018\/07\/be514301-b483-4db8-b361-7738336fc68b-169x300.jpg 169w\" sizes=\"(max-width: 300px) 100vw, 300px\" \/><\/a> <a href=\"https:\/\/anoticiaonline.com.br\/site\/wp-content\/uploads\/2018\/07\/DSC_0005.jpg\"><img loading=\"lazy\" decoding=\"async\" class=\"alignnone size-full wp-image-58161\" src=\"https:\/\/anoticiaonline.com.br\/site\/wp-content\/uploads\/2018\/07\/DSC_0005.jpg\" alt=\"\" width=\"640\" height=\"426\" srcset=\"https:\/\/anoticiaonline.com.br\/site\/wp-content\/uploads\/2018\/07\/DSC_0005.jpg 640w, https:\/\/anoticiaonline.com.br\/site\/wp-content\/uploads\/2018\/07\/DSC_0005-300x200.jpg 300w\" sizes=\"(max-width: 640px) 100vw, 640px\" \/><\/a> <a href=\"https:\/\/anoticiaonline.com.br\/site\/wp-content\/uploads\/2018\/07\/DSC_0009.jpg\"><img loading=\"lazy\" decoding=\"async\" class=\"alignnone size-full wp-image-58162\" src=\"https:\/\/anoticiaonline.com.br\/site\/wp-content\/uploads\/2018\/07\/DSC_0009.jpg\" alt=\"\" width=\"356\" height=\"534\" srcset=\"https:\/\/anoticiaonline.com.br\/site\/wp-content\/uploads\/2018\/07\/DSC_0009.jpg 356w, https:\/\/anoticiaonline.com.br\/site\/wp-content\/uploads\/2018\/07\/DSC_0009-200x300.jpg 200w\" sizes=\"(max-width: 356px) 100vw, 356px\" \/><\/a><\/p>\n<p>Segundo o professor Matheus, a Escola S\u00e3o Paulo tem dado grandes oportunidades de estudos para estes alunos, que s\u00e3o extremamente dedicados. \u201cA ESP tem sido um grande elo entre o meu trabalho no distrito e aqui em Muria\u00e9, dando oportunidade para estes alunos crescerem e se desenvolverem na vida\u201d, diz o professor que trabalha com xadrez escolar, desde 2013, em institui\u00e7\u00f5es da Rede Estadual de Ensino.<\/p>\n<p>\u201cProcurei sempre implantar a atividade nas escolas por onde passei. A inten\u00e7\u00e3o foi utilizar o xadrez como um caminho para novas oportunidades. Sou formado em Educa\u00e7\u00e3o F\u00edsica e amante do xadrez, por isso fico feliz em ver que a modalidade \u00e9 considerada um esporte da mente, que valoriza o indiv\u00edduo. Espero que, cada vez mais alunos, n\u00e3o s\u00f3 da ESP, mas das redes estadual e municipal, possam ter o contato com o xadrez. Aproveito a oportunidade para agradecer ao professor Jos\u00e9 Nicodemos Couto, que tem ajudado neste pontap\u00e9 inicial da pr\u00e1tica do xadrez em Muria\u00e9\u201d, conta.<\/p>\n<p>De acordo com o professor, os alunos da ESP participaram, primeiramente, do JEM 2018, que foi muito disputado. \u201cAp\u00f3s a fase municipal, os alunos foram classificados para a etapa microrregional. Foram apenas quatro classificados nos dois m\u00f3dulos e nas categorias feminina e masculina. Os alunos obtiveram um excelente resultado para Muria\u00e9. Ao todo, tr\u00eas alunos conseguiram se classificar para a fase estadual do JEMG 2018, na cidade de Barbacena: Maria Clara Silva Lopes e Rhuan Braga de Freitas da ESP, e Maria Clara Braga Magalh\u00e3es, da Escola Estadual Jo\u00e3o Alves Bittencourt Sobrinho, do distrito de Bom Jesus da Cachoeira\u201d, conta.<\/p>\n<p>O professor de Educa\u00e7\u00e3o F\u00edsica, Danilo de Castro Goulart, disse que os alunos da ESP tamb\u00e9m disputaram Handball, em Al\u00e9m Para\u00edba, a fase regional do JEMG 2018.<\/p>\n<p>\u201cPara esta etapa, os alunos participaram, anteriormente, dos Jogos Estudantis de Muria\u00e9 (JEM), no qual alcan\u00e7aram o primeiro lugar. Com esta classifica\u00e7\u00e3o, os alunos seguiram para a microrregional do JEMG, que abrange 11 cidades da regi\u00e3o, tornando-se, tamb\u00e9m, campe\u00f5es, vencendo todos os jogos disputados. Assim, os atletas seguiram para a fase regional, que aconteceu em Al\u00e9m Para\u00edba, na \u00faltima semana, com duas vit\u00f3rias, uma derrota e um saldo de gols muito bom, alcan\u00e7ando o primeiro lugar da chave e a medalha de bronze na \u00faltima etapa da regional, pelo placar de 11 a 6. Os atletas voltaram pra casa felizes com a medalha, mas acredito que, mais do que a medalha no peito, foi o crescimento t\u00e9cnico e emocional de todos eles. Todos amadureceram bastante desde o primeiro jogo disputado, na fase municipal, at\u00e9 os \u00faltimos fora da cidade. Aproveito a oportunidade para agradecer aos pais, que sa\u00edram de Muria\u00e9 para acompanhar o desempenho de seus filhos neste momento importante da vida escolar. Sem d\u00favida, a rela\u00e7\u00e3o fam\u00edlia-escola \u00e9 tudo que um jovem precisa. Tamb\u00e9m agrade\u00e7o \u00e0 Escola S\u00e3o Paulo pelo incentivo, por voltar a participar destas competi\u00e7\u00f5es, al\u00e9m dos demais professores que ajudaram a formar nossos atletas desde a sua base\u201d, diz.<\/p>\n","protected":false},"excerpt":{"rendered":"<p>Alunos da Escola S\u00e3o Paulo (ESP) se destacaram na etapa microrregional dos Jogos Escolares de Minas Gerais (JEMG), que aconteceu de ter\u00e7a-feira (26) a s\u00e1bado (30), em Al\u00e9m Para\u00edba. Os atletas obtiveram excelentes resultados nas categorias de xadrez e handball. Segundo o professor Matheus Andr\u00e9 Marge, os alunos que se destacaram no campeonato de xadrez, &#8230; <a title=\"Alunos da ESP se destacam na etapa regional do JEMG\" class=\"read-more\" href=\"https:\/\/anoticiaonline.com.br\/site\/alunos-da-esp-se-destacam-na-etapa-regional-do-jemg\/\" aria-label=\"Read more about Alunos da ESP se destacam na etapa regional do JEMG\">Ler mais<\/a><\/p>\n","protected":false},"author":2,"featured_media":58157,"comment_status":"open","ping_status":"open","sticky":false,"template":"","format":"standard","meta":{"_acf_changed":false,"_monsterinsights_skip_tracking":false,"footnotes":""},"categories":[30],"tags":[249,91,74],"class_list":["post-58152","post","type-post","status-publish","format-standard","has-post-thumbnail","hentry","category-muriae","tag-escola-sao-paulo","tag-jemg","tag-muriae"],"acf":[],"aioseo_notices":[],"aioseo_head":"\n\t\t<!-- All in One SEO 5.0.0.1 - aioseo.com -->\n\t<meta name=\"description\" content=\"Alunos da Escola S\u00e3o Paulo (ESP) se destacaram na etapa microrregional dos Jogos Escolares de Minas Gerais (JEMG), que aconteceu de ter\u00e7a-feira (26) a s\u00e1bado (30), em Al\u00e9m Para\u00edba. Os atletas obtiveram excelentes resultados nas categorias de xadrez e handball. Segundo o professor Matheus Andr\u00e9 Marge, os alunos que se destacaram no campeonato de xadrez,\" \/>\n\t<meta name=\"robots\" content=\"max-image-preview:large\" \/>\n\t<meta name=\"author\" content=\"Juliana Laviola\"\/>\n\t<link rel=\"canonical\" href=\"https:\/\/anoticiaonline.com.br\/site\/alunos-da-esp-se-destacam-na-etapa-regional-do-jemg\/\" \/>\n\t<meta name=\"generator\" content=\"All in One SEO (AIOSEO) 5.0.0.1\" \/>\n\t\t<meta property=\"og:locale\" content=\"pt_BR\" \/>\n\t\t<meta property=\"og:site_name\" content=\"A Not\u00edcia Online - Noticias de Muria\u00e9 e regi\u00e3o\" \/>\n\t\t<meta property=\"og:type\" content=\"article\" \/>\n\t\t<meta property=\"og:title\" content=\"Alunos da ESP se destacam na etapa regional do JEMG - A Not\u00edcia Online\" \/>\n\t\t<meta property=\"og:description\" content=\"Alunos da Escola S\u00e3o Paulo (ESP) se destacaram na etapa microrregional dos Jogos Escolares de Minas Gerais (JEMG), que aconteceu de ter\u00e7a-feira (26) a s\u00e1bado (30), em Al\u00e9m Para\u00edba. Os atletas obtiveram excelentes resultados nas categorias de xadrez e handball. Segundo o professor Matheus Andr\u00e9 Marge, os alunos que se destacaram no campeonato de xadrez,\" \/>\n\t\t<meta property=\"og:url\" content=\"https:\/\/anoticiaonline.com.br\/site\/alunos-da-esp-se-destacam-na-etapa-regional-do-jemg\/\" \/>\n\t\t<meta property=\"og:image\" content=\"https:\/\/scontent-gig4-1.xx.fbcdn.net\/v\/t39.30808-1\/270437624_4564083193639691_6907940295614233970_n.jpg?stp=dst-jpg_s200x200_tt6&#038;_nc_cat=111&#038;ccb=1-7&#038;_nc_sid=f907e8&#038;_nc_ohc=SM1wRlP3lJwQ7kNvwEPuBYA&#038;_nc_oc=AdnqrjDN_BNjSSHWO-GbkIWH6fkGMLw4bqvL_NH6e2wMveX7G-rP2dAqsDSq1mJMOaY&#038;_nc_zt=24&#038;_nc_ht=scontent-gig4-1.xx&#038;_nc_gid=AoBFJeGrT1hVaew_6rchkQ&#038;oh=00_AfX7QmFGhQhG2jAllVgXCiM1ZrWgvtp80-Bfppyexh1QEg&#038;oe=689E923C\" \/>\n\t\t<meta property=\"og:image:secure_url\" content=\"https:\/\/scontent-gig4-1.xx.fbcdn.net\/v\/t39.30808-1\/270437624_4564083193639691_6907940295614233970_n.jpg?stp=dst-jpg_s200x200_tt6&#038;_nc_cat=111&#038;ccb=1-7&#038;_nc_sid=f907e8&#038;_nc_ohc=SM1wRlP3lJwQ7kNvwEPuBYA&#038;_nc_oc=AdnqrjDN_BNjSSHWO-GbkIWH6fkGMLw4bqvL_NH6e2wMveX7G-rP2dAqsDSq1mJMOaY&#038;_nc_zt=24&#038;_nc_ht=scontent-gig4-1.xx&#038;_nc_gid=AoBFJeGrT1hVaew_6rchkQ&#038;oh=00_AfX7QmFGhQhG2jAllVgXCiM1ZrWgvtp80-Bfppyexh1QEg&#038;oe=689E923C\" \/>\n\t\t<meta property=\"article:published_time\" content=\"2018-07-06T00:04:47+00:00\" \/>\n\t\t<meta property=\"article:modified_time\" content=\"2018-07-06T00:09:49+00:00\" \/>\n\t\t<meta name=\"twitter:card\" content=\"summary_large_image\" \/>\n\t\t<meta name=\"twitter:title\" content=\"Alunos da ESP se destacam na etapa regional do JEMG - A Not\u00edcia Online\" \/>\n\t\t<meta name=\"twitter:description\" content=\"Alunos da Escola S\u00e3o Paulo (ESP) se destacaram na etapa microrregional dos Jogos Escolares de Minas Gerais (JEMG), que aconteceu de ter\u00e7a-feira (26) a s\u00e1bado (30), em Al\u00e9m Para\u00edba. Os atletas obtiveram excelentes resultados nas categorias de xadrez e handball. Segundo o professor Matheus Andr\u00e9 Marge, os alunos que se destacaram no campeonato de xadrez,\" \/>\n\t\t<meta name=\"twitter:image\" content=\"https:\/\/scontent-gig4-1.xx.fbcdn.net\/v\/t39.30808-1\/270437624_4564083193639691_6907940295614233970_n.jpg?stp=dst-jpg_s200x200_tt6&amp;_nc_cat=111&amp;ccb=1-7&amp;_nc_sid=f907e8&amp;_nc_ohc=SM1wRlP3lJwQ7kNvwEPuBYA&amp;_nc_oc=AdnqrjDN_BNjSSHWO-GbkIWH6fkGMLw4bqvL_NH6e2wMveX7G-rP2dAqsDSq1mJMOaY&amp;_nc_zt=24&amp;_nc_ht=scontent-gig4-1.xx&amp;_nc_gid=AoBFJeGrT1hVaew_6rchkQ&amp;oh=00_AfX7QmFGhQhG2jAllVgXCiM1ZrWgvtp80-Bfppyexh1QEg&amp;oe=689E923C\" \/>\n\t\t<script type=\"application\/ld+json\" class=\"aioseo-schema\">\n\t\t\t{\"@context\":\"https:\\\/\\\/schema.org\",\"@graph\":[{\"@type\":\"BlogPosting\",\"@id\":\"https:\\\/\\\/anoticiaonline.com.br\\\/site\\\/alunos-da-esp-se-destacam-na-etapa-regional-do-jemg\\\/#blogposting\",\"name\":\"Alunos da ESP se destacam na etapa regional do JEMG - A Not\\u00edcia Online\",\"headline\":\"Alunos da ESP se destacam na etapa regional do JEMG\",\"author\":{\"@id\":\"https:\\\/\\\/anoticiaonline.com.br\\\/site\\\/author\\\/juliana\\\/#author\"},\"publisher\":{\"@id\":\"https:\\\/\\\/anoticiaonline.com.br\\\/site\\\/#organization\"},\"image\":{\"@type\":\"ImageObject\",\"url\":\"https:\\\/\\\/anoticiaonline.com.br\\\/site\\\/wp-content\\\/uploads\\\/2018\\\/07\\\/5ea22700-0ae1-4e1e-a7e3-98cfddced33c.jpg\",\"width\":640,\"height\":480},\"datePublished\":\"2018-07-05T21:04:47-03:00\",\"dateModified\":\"2018-07-05T21:09:49-03:00\",\"inLanguage\":\"pt-BR\",\"mainEntityOfPage\":{\"@id\":\"https:\\\/\\\/anoticiaonline.com.br\\\/site\\\/alunos-da-esp-se-destacam-na-etapa-regional-do-jemg\\\/#webpage\"},\"isPartOf\":{\"@id\":\"https:\\\/\\\/anoticiaonline.com.br\\\/site\\\/alunos-da-esp-se-destacam-na-etapa-regional-do-jemg\\\/#webpage\"},\"articleSection\":\"Blog, escola s\\u00e3o paulo, JEMG, Muria\\u00e9\"},{\"@type\":\"BreadcrumbList\",\"@id\":\"https:\\\/\\\/anoticiaonline.com.br\\\/site\\\/alunos-da-esp-se-destacam-na-etapa-regional-do-jemg\\\/#breadcrumblist\",\"itemListElement\":[{\"@type\":\"ListItem\",\"@id\":\"https:\\\/\\\/anoticiaonline.com.br\\\/site#listItem\",\"position\":1,\"name\":\"Home\",\"item\":\"https:\\\/\\\/anoticiaonline.com.br\\\/site\",\"nextItem\":{\"@type\":\"ListItem\",\"@id\":\"https:\\\/\\\/anoticiaonline.com.br\\\/site\\\/categoria\\\/muriae\\\/#listItem\",\"name\":\"Blog\"}},{\"@type\":\"ListItem\",\"@id\":\"https:\\\/\\\/anoticiaonline.com.br\\\/site\\\/categoria\\\/muriae\\\/#listItem\",\"position\":2,\"name\":\"Blog\",\"item\":\"https:\\\/\\\/anoticiaonline.com.br\\\/site\\\/categoria\\\/muriae\\\/\",\"nextItem\":{\"@type\":\"ListItem\",\"@id\":\"https:\\\/\\\/anoticiaonline.com.br\\\/site\\\/alunos-da-esp-se-destacam-na-etapa-regional-do-jemg\\\/#listItem\",\"name\":\"Alunos da ESP se destacam na etapa regional do JEMG\"},\"previousItem\":{\"@type\":\"ListItem\",\"@id\":\"https:\\\/\\\/anoticiaonline.com.br\\\/site#listItem\",\"name\":\"Home\"}},{\"@type\":\"ListItem\",\"@id\":\"https:\\\/\\\/anoticiaonline.com.br\\\/site\\\/alunos-da-esp-se-destacam-na-etapa-regional-do-jemg\\\/#listItem\",\"position\":3,\"name\":\"Alunos da ESP se destacam na etapa regional do JEMG\",\"previousItem\":{\"@type\":\"ListItem\",\"@id\":\"https:\\\/\\\/anoticiaonline.com.br\\\/site\\\/categoria\\\/muriae\\\/#listItem\",\"name\":\"Blog\"}}]},{\"@type\":\"Organization\",\"@id\":\"https:\\\/\\\/anoticiaonline.com.br\\\/site\\\/#organization\",\"name\":\"A Not\\u00edcia Online\",\"description\":\"Noticias de Muria\\u00e9 e regi\\u00e3o\",\"url\":\"https:\\\/\\\/anoticiaonline.com.br\\\/site\\\/\",\"logo\":{\"@type\":\"ImageObject\",\"url\":\"https:\\\/\\\/scontent-gig4-1.xx.fbcdn.net\\\/v\\\/t39.30808-1\\\/270437624_4564083193639691_6907940295614233970_n.jpg?stp=dst-jpg_s200x200_tt6&_nc_cat=111&ccb=1-7&_nc_sid=f907e8&_nc_ohc=SM1wRlP3lJwQ7kNvwEPuBYA&_nc_oc=AdnqrjDN_BNjSSHWO-GbkIWH6fkGMLw4bqvL_NH6e2wMveX7G-rP2dAqsDSq1mJMOaY&_nc_zt=24&_nc_ht=scontent-gig4-1.xx&_nc_gid=AoBFJeGrT1hVaew_6rchkQ&oh=00_AfX7QmFGhQhG2jAllVgXCiM1ZrWgvtp80-Bfppyexh1QEg&oe=689E923C\",\"@id\":\"https:\\\/\\\/anoticiaonline.com.br\\\/site\\\/alunos-da-esp-se-destacam-na-etapa-regional-do-jemg\\\/#organizationLogo\"},\"image\":{\"@id\":\"https:\\\/\\\/anoticiaonline.com.br\\\/site\\\/alunos-da-esp-se-destacam-na-etapa-regional-do-jemg\\\/#organizationLogo\"}},{\"@type\":\"Person\",\"@id\":\"https:\\\/\\\/anoticiaonline.com.br\\\/site\\\/author\\\/juliana\\\/#author\",\"url\":\"https:\\\/\\\/anoticiaonline.com.br\\\/site\\\/author\\\/juliana\\\/\",\"name\":\"Juliana Laviola\",\"image\":{\"@type\":\"ImageObject\",\"@id\":\"https:\\\/\\\/anoticiaonline.com.br\\\/site\\\/alunos-da-esp-se-destacam-na-etapa-regional-do-jemg\\\/#authorImage\",\"url\":\"https:\\\/\\\/secure.gravatar.com\\\/avatar\\\/b8d45f5c699b100dfaf0e543582f38f38bf94cb7ae3a5e9abf8d891a34773335?s=96&d=mm&r=g\",\"width\":96,\"height\":96,\"caption\":\"Juliana Laviola\"}},{\"@type\":\"WebPage\",\"@id\":\"https:\\\/\\\/anoticiaonline.com.br\\\/site\\\/alunos-da-esp-se-destacam-na-etapa-regional-do-jemg\\\/#webpage\",\"url\":\"https:\\\/\\\/anoticiaonline.com.br\\\/site\\\/alunos-da-esp-se-destacam-na-etapa-regional-do-jemg\\\/\",\"name\":\"Alunos da ESP se destacam na etapa regional do JEMG - A Not\\u00edcia Online\",\"description\":\"Alunos da Escola S\\u00e3o Paulo (ESP) se destacaram na etapa microrregional dos Jogos Escolares de Minas Gerais (JEMG), que aconteceu de ter\\u00e7a-feira (26) a s\\u00e1bado (30), em Al\\u00e9m Para\\u00edba. Os atletas obtiveram excelentes resultados nas categorias de xadrez e handball. Segundo o professor Matheus Andr\\u00e9 Marge, os alunos que se destacaram no campeonato de xadrez,\",\"inLanguage\":\"pt-BR\",\"isPartOf\":{\"@id\":\"https:\\\/\\\/anoticiaonline.com.br\\\/site\\\/#website\"},\"breadcrumb\":{\"@id\":\"https:\\\/\\\/anoticiaonline.com.br\\\/site\\\/alunos-da-esp-se-destacam-na-etapa-regional-do-jemg\\\/#breadcrumblist\"},\"author\":{\"@id\":\"https:\\\/\\\/anoticiaonline.com.br\\\/site\\\/author\\\/juliana\\\/#author\"},\"creator\":{\"@id\":\"https:\\\/\\\/anoticiaonline.com.br\\\/site\\\/author\\\/juliana\\\/#author\"},\"image\":{\"@type\":\"ImageObject\",\"url\":\"https:\\\/\\\/anoticiaonline.com.br\\\/site\\\/wp-content\\\/uploads\\\/2018\\\/07\\\/5ea22700-0ae1-4e1e-a7e3-98cfddced33c.jpg\",\"@id\":\"https:\\\/\\\/anoticiaonline.com.br\\\/site\\\/alunos-da-esp-se-destacam-na-etapa-regional-do-jemg\\\/#mainImage\",\"width\":640,\"height\":480},\"primaryImageOfPage\":{\"@id\":\"https:\\\/\\\/anoticiaonline.com.br\\\/site\\\/alunos-da-esp-se-destacam-na-etapa-regional-do-jemg\\\/#mainImage\"},\"datePublished\":\"2018-07-05T21:04:47-03:00\",\"dateModified\":\"2018-07-05T21:09:49-03:00\"},{\"@type\":\"WebSite\",\"@id\":\"https:\\\/\\\/anoticiaonline.com.br\\\/site\\\/#website\",\"url\":\"https:\\\/\\\/anoticiaonline.com.br\\\/site\\\/\",\"name\":\"A Not\\u00edcia Online\",\"description\":\"Noticias de Muria\\u00e9 e regi\\u00e3o\",\"inLanguage\":\"pt-BR\",\"publisher\":{\"@id\":\"https:\\\/\\\/anoticiaonline.com.br\\\/site\\\/#organization\"}}]}\n\t\t<\/script>\n\t\t<!-- All in One SEO -->\n\n","aioseo_head_json":{"title":"Alunos da ESP se destacam na etapa regional do JEMG - A Not\u00edcia Online","description":"Alunos da Escola S\u00e3o Paulo (ESP) se destacaram na etapa microrregional dos Jogos Escolares de Minas Gerais (JEMG), que aconteceu de ter\u00e7a-feira (26) a s\u00e1bado (30), em Al\u00e9m Para\u00edba. Os atletas obtiveram excelentes resultados nas categorias de xadrez e handball. Segundo o professor Matheus Andr\u00e9 Marge, os alunos que se destacaram no campeonato de xadrez,","canonical_url":"https:\/\/anoticiaonline.com.br\/site\/alunos-da-esp-se-destacam-na-etapa-regional-do-jemg\/","robots":"max-image-preview:large","keywords":"","webmasterTools":{"miscellaneous":""},"schema":{"@context":"https:\/\/schema.org","@graph":[{"@type":"BlogPosting","@id":"https:\/\/anoticiaonline.com.br\/site\/alunos-da-esp-se-destacam-na-etapa-regional-do-jemg\/#blogposting","name":"Alunos da ESP se destacam na etapa regional do JEMG - A Not\u00edcia Online","headline":"Alunos da ESP se destacam na etapa regional do JEMG","author":{"@id":"https:\/\/anoticiaonline.com.br\/site\/author\/juliana\/#author"},"publisher":{"@id":"https:\/\/anoticiaonline.com.br\/site\/#organization"},"image":{"@type":"ImageObject","url":"https:\/\/anoticiaonline.com.br\/site\/wp-content\/uploads\/2018\/07\/5ea22700-0ae1-4e1e-a7e3-98cfddced33c.jpg","width":640,"height":480},"datePublished":"2018-07-05T21:04:47-03:00","dateModified":"2018-07-05T21:09:49-03:00","inLanguage":"pt-BR","mainEntityOfPage":{"@id":"https:\/\/anoticiaonline.com.br\/site\/alunos-da-esp-se-destacam-na-etapa-regional-do-jemg\/#webpage"},"isPartOf":{"@id":"https:\/\/anoticiaonline.com.br\/site\/alunos-da-esp-se-destacam-na-etapa-regional-do-jemg\/#webpage"},"articleSection":"Blog, escola s\u00e3o paulo, JEMG, Muria\u00e9"},{"@type":"BreadcrumbList","@id":"https:\/\/anoticiaonline.com.br\/site\/alunos-da-esp-se-destacam-na-etapa-regional-do-jemg\/#breadcrumblist","itemListElement":[{"@type":"ListItem","@id":"https:\/\/anoticiaonline.com.br\/site#listItem","position":1,"name":"Home","item":"https:\/\/anoticiaonline.com.br\/site","nextItem":{"@type":"ListItem","@id":"https:\/\/anoticiaonline.com.br\/site\/categoria\/muriae\/#listItem","name":"Blog"}},{"@type":"ListItem","@id":"https:\/\/anoticiaonline.com.br\/site\/categoria\/muriae\/#listItem","position":2,"name":"Blog","item":"https:\/\/anoticiaonline.com.br\/site\/categoria\/muriae\/","nextItem":{"@type":"ListItem","@id":"https:\/\/anoticiaonline.com.br\/site\/alunos-da-esp-se-destacam-na-etapa-regional-do-jemg\/#listItem","name":"Alunos da ESP se destacam na etapa regional do JEMG"},"previousItem":{"@type":"ListItem","@id":"https:\/\/anoticiaonline.com.br\/site#listItem","name":"Home"}},{"@type":"ListItem","@id":"https:\/\/anoticiaonline.com.br\/site\/alunos-da-esp-se-destacam-na-etapa-regional-do-jemg\/#listItem","position":3,"name":"Alunos da ESP se destacam na etapa regional do JEMG","previousItem":{"@type":"ListItem","@id":"https:\/\/anoticiaonline.com.br\/site\/categoria\/muriae\/#listItem","name":"Blog"}}]},{"@type":"Organization","@id":"https:\/\/anoticiaonline.com.br\/site\/#organization","name":"A Not\u00edcia Online","description":"Noticias de Muria\u00e9 e regi\u00e3o","url":"https:\/\/anoticiaonline.com.br\/site\/","logo":{"@type":"ImageObject","url":"https:\/\/scontent-gig4-1.xx.fbcdn.net\/v\/t39.30808-1\/270437624_4564083193639691_6907940295614233970_n.jpg?stp=dst-jpg_s200x200_tt6&_nc_cat=111&ccb=1-7&_nc_sid=f907e8&_nc_ohc=SM1wRlP3lJwQ7kNvwEPuBYA&_nc_oc=AdnqrjDN_BNjSSHWO-GbkIWH6fkGMLw4bqvL_NH6e2wMveX7G-rP2dAqsDSq1mJMOaY&_nc_zt=24&_nc_ht=scontent-gig4-1.xx&_nc_gid=AoBFJeGrT1hVaew_6rchkQ&oh=00_AfX7QmFGhQhG2jAllVgXCiM1ZrWgvtp80-Bfppyexh1QEg&oe=689E923C","@id":"https:\/\/anoticiaonline.com.br\/site\/alunos-da-esp-se-destacam-na-etapa-regional-do-jemg\/#organizationLogo"},"image":{"@id":"https:\/\/anoticiaonline.com.br\/site\/alunos-da-esp-se-destacam-na-etapa-regional-do-jemg\/#organizationLogo"}},{"@type":"Person","@id":"https:\/\/anoticiaonline.com.br\/site\/author\/juliana\/#author","url":"https:\/\/anoticiaonline.com.br\/site\/author\/juliana\/","name":"Juliana Laviola","image":{"@type":"ImageObject","@id":"https:\/\/anoticiaonline.com.br\/site\/alunos-da-esp-se-destacam-na-etapa-regional-do-jemg\/#authorImage","url":"https:\/\/secure.gravatar.com\/avatar\/b8d45f5c699b100dfaf0e543582f38f38bf94cb7ae3a5e9abf8d891a34773335?s=96&d=mm&r=g","width":96,"height":96,"caption":"Juliana Laviola"}},{"@type":"WebPage","@id":"https:\/\/anoticiaonline.com.br\/site\/alunos-da-esp-se-destacam-na-etapa-regional-do-jemg\/#webpage","url":"https:\/\/anoticiaonline.com.br\/site\/alunos-da-esp-se-destacam-na-etapa-regional-do-jemg\/","name":"Alunos da ESP se destacam na etapa regional do JEMG - A Not\u00edcia Online","description":"Alunos da Escola S\u00e3o Paulo (ESP) se destacaram na etapa microrregional dos Jogos Escolares de Minas Gerais (JEMG), que aconteceu de ter\u00e7a-feira (26) a s\u00e1bado (30), em Al\u00e9m Para\u00edba. Os atletas obtiveram excelentes resultados nas categorias de xadrez e handball. Segundo o professor Matheus Andr\u00e9 Marge, os alunos que se destacaram no campeonato de xadrez,","inLanguage":"pt-BR","isPartOf":{"@id":"https:\/\/anoticiaonline.com.br\/site\/#website"},"breadcrumb":{"@id":"https:\/\/anoticiaonline.com.br\/site\/alunos-da-esp-se-destacam-na-etapa-regional-do-jemg\/#breadcrumblist"},"author":{"@id":"https:\/\/anoticiaonline.com.br\/site\/author\/juliana\/#author"},"creator":{"@id":"https:\/\/anoticiaonline.com.br\/site\/author\/juliana\/#author"},"image":{"@type":"ImageObject","url":"https:\/\/anoticiaonline.com.br\/site\/wp-content\/uploads\/2018\/07\/5ea22700-0ae1-4e1e-a7e3-98cfddced33c.jpg","@id":"https:\/\/anoticiaonline.com.br\/site\/alunos-da-esp-se-destacam-na-etapa-regional-do-jemg\/#mainImage","width":640,"height":480},"primaryImageOfPage":{"@id":"https:\/\/anoticiaonline.com.br\/site\/alunos-da-esp-se-destacam-na-etapa-regional-do-jemg\/#mainImage"},"datePublished":"2018-07-05T21:04:47-03:00","dateModified":"2018-07-05T21:09:49-03:00"},{"@type":"WebSite","@id":"https:\/\/anoticiaonline.com.br\/site\/#website","url":"https:\/\/anoticiaonline.com.br\/site\/","name":"A Not\u00edcia Online","description":"Noticias de Muria\u00e9 e regi\u00e3o","inLanguage":"pt-BR","publisher":{"@id":"https:\/\/anoticiaonline.com.br\/site\/#organization"}}]},"og:locale":"pt_BR","og:site_name":"A Not\u00edcia Online - Noticias de Muria\u00e9 e regi\u00e3o","og:type":"article","og:title":"Alunos da ESP se destacam na etapa regional do JEMG - A Not\u00edcia Online","og:description":"Alunos da Escola S\u00e3o Paulo (ESP) se destacaram na etapa microrregional dos Jogos Escolares de Minas Gerais (JEMG), que aconteceu de ter\u00e7a-feira (26) a s\u00e1bado (30), em Al\u00e9m Para\u00edba. Os atletas obtiveram excelentes resultados nas categorias de xadrez e handball. Segundo o professor Matheus Andr\u00e9 Marge, os alunos que se destacaram no campeonato de xadrez,","og:url":"https:\/\/anoticiaonline.com.br\/site\/alunos-da-esp-se-destacam-na-etapa-regional-do-jemg\/","og:image":"https:\/\/scontent-gig4-1.xx.fbcdn.net\/v\/t39.30808-1\/270437624_4564083193639691_6907940295614233970_n.jpg?stp=dst-jpg_s200x200_tt6&#038;_nc_cat=111&#038;ccb=1-7&#038;_nc_sid=f907e8&#038;_nc_ohc=SM1wRlP3lJwQ7kNvwEPuBYA&#038;_nc_oc=AdnqrjDN_BNjSSHWO-GbkIWH6fkGMLw4bqvL_NH6e2wMveX7G-rP2dAqsDSq1mJMOaY&#038;_nc_zt=24&#038;_nc_ht=scontent-gig4-1.xx&#038;_nc_gid=AoBFJeGrT1hVaew_6rchkQ&#038;oh=00_AfX7QmFGhQhG2jAllVgXCiM1ZrWgvtp80-Bfppyexh1QEg&#038;oe=689E923C","og:image:secure_url":"https:\/\/scontent-gig4-1.xx.fbcdn.net\/v\/t39.30808-1\/270437624_4564083193639691_6907940295614233970_n.jpg?stp=dst-jpg_s200x200_tt6&#038;_nc_cat=111&#038;ccb=1-7&#038;_nc_sid=f907e8&#038;_nc_ohc=SM1wRlP3lJwQ7kNvwEPuBYA&#038;_nc_oc=AdnqrjDN_BNjSSHWO-GbkIWH6fkGMLw4bqvL_NH6e2wMveX7G-rP2dAqsDSq1mJMOaY&#038;_nc_zt=24&#038;_nc_ht=scontent-gig4-1.xx&#038;_nc_gid=AoBFJeGrT1hVaew_6rchkQ&#038;oh=00_AfX7QmFGhQhG2jAllVgXCiM1ZrWgvtp80-Bfppyexh1QEg&#038;oe=689E923C","article:published_time":"2018-07-06T00:04:47+00:00","article:modified_time":"2018-07-06T00:09:49+00:00","twitter:card":"summary_large_image","twitter:title":"Alunos da ESP se destacam na etapa regional do JEMG - A Not\u00edcia Online","twitter:description":"Alunos da Escola S\u00e3o Paulo (ESP) se destacaram na etapa microrregional dos Jogos Escolares de Minas Gerais (JEMG), que aconteceu de ter\u00e7a-feira (26) a s\u00e1bado (30), em Al\u00e9m Para\u00edba. Os atletas obtiveram excelentes resultados nas categorias de xadrez e handball. Segundo o professor Matheus Andr\u00e9 Marge, os alunos que se destacaram no campeonato de xadrez,","twitter:image":"https:\/\/scontent-gig4-1.xx.fbcdn.net\/v\/t39.30808-1\/270437624_4564083193639691_6907940295614233970_n.jpg?stp=dst-jpg_s200x200_tt6&_nc_cat=111&ccb=1-7&_nc_sid=f907e8&_nc_ohc=SM1wRlP3lJwQ7kNvwEPuBYA&_nc_oc=AdnqrjDN_BNjSSHWO-GbkIWH6fkGMLw4bqvL_NH6e2wMveX7G-rP2dAqsDSq1mJMOaY&_nc_zt=24&_nc_ht=scontent-gig4-1.xx&_nc_gid=AoBFJeGrT1hVaew_6rchkQ&oh=00_AfX7QmFGhQhG2jAllVgXCiM1ZrWgvtp80-Bfppyexh1QEg&oe=689E923C"},"aioseo_meta_data":{"post_id":"58152","title":null,"description":null,"keywords":null,"keyphrases":null,"primary_term":null,"canonical_url":null,"og_title":null,"og_description":null,"og_object_type":"default","og_image_type":"default","og_image_url":null,"og_image_width":null,"og_image_height":null,"og_image_custom_url":null,"og_image_custom_fields":null,"og_video":null,"og_custom_url":null,"og_article_section":null,"og_article_tags":null,"twitter_use_og":false,"twitter_card":"default","twitter_image_type":"default","twitter_image_url":null,"twitter_image_custom_url":null,"twitter_image_custom_fields":null,"twitter_title":null,"twitter_description":null,"schema":{"blockGraphs":[],"customGraphs":[],"default":{"data":{"Article":[],"Course":[],"Dataset":[],"FAQPage":[],"Movie":[],"Person":[],"Product":[],"ProductReview":[],"Car":[],"Recipe":[],"Service":[],"SoftwareApplication":[],"WebPage":[]},"graphName":"","isEnabled":true},"graphs":[]},"schema_type":"default","schema_type_options":null,"pillar_content":false,"robots_default":true,"robots_noindex":false,"robots_noarchive":false,"robots_nosnippet":false,"robots_nofollow":false,"robots_noimageindex":false,"robots_noodp":false,"robots_notranslate":false,"robots_max_snippet":null,"robots_max_videopreview":null,"robots_max_imagepreview":"large","priority":null,"frequency":null,"local_seo":null,"breadcrumb_settings":null,"limit_modified_date":false,"ai":null,"created":"2025-08-16 21:12:03","updated":"2025-08-16 21:12:03","focus_keyword":null,"additional_keywords":null,"truseo_locale":null,"seo_analyzer_scan_date":null},"aioseo_breadcrumb":"<div class=\"aioseo-breadcrumbs\"><span class=\"aioseo-breadcrumb\">\n\t\t\t<a href=\"https:\/\/anoticiaonline.com.br\/site\" title=\"Home\">Home<\/a>\n\t\t<\/span><span class=\"aioseo-breadcrumb-separator\">&raquo;<\/span><span class=\"aioseo-breadcrumb\">\n\t\t\t<a href=\"https:\/\/anoticiaonline.com.br\/site\/categoria\/muriae\/\" title=\"Blog\">Blog<\/a>\n\t\t<\/span><span class=\"aioseo-breadcrumb-separator\">&raquo;<\/span><span class=\"aioseo-breadcrumb\">\n\t\t\tAlunos da ESP se destacam na etapa regional do JEMG\n\t\t<\/span><\/div>","aioseo_breadcrumb_json":[{"label":"Home","link":"https:\/\/anoticiaonline.com.br\/site"},{"label":"Blog","link":"https:\/\/anoticiaonline.com.br\/site\/categoria\/muriae\/"},{"label":"Alunos da ESP se destacam na etapa regional do JEMG","link":"https:\/\/anoticiaonline.com.br\/site\/alunos-da-esp-se-destacam-na-etapa-regional-do-jemg\/"}],"views":172,"_links":{"self":[{"href":"https:\/\/anoticiaonline.com.br\/site\/wp-json\/wp\/v2\/posts\/58152","targetHints":{"allow":["GET"]}}],"collection":[{"href":"https:\/\/anoticiaonline.com.br\/site\/wp-json\/wp\/v2\/posts"}],"about":[{"href":"https:\/\/anoticiaonline.com.br\/site\/wp-json\/wp\/v2\/types\/post"}],"author":[{"embeddable":true,"href":"https:\/\/anoticiaonline.com.br\/site\/wp-json\/wp\/v2\/users\/2"}],"replies":[{"embeddable":true,"href":"https:\/\/anoticiaonline.com.br\/site\/wp-json\/wp\/v2\/comments?post=58152"}],"version-history":[{"count":0,"href":"https:\/\/anoticiaonline.com.br\/site\/wp-json\/wp\/v2\/posts\/58152\/revisions"}],"wp:featuredmedia":[{"embeddable":true,"href":"https:\/\/anoticiaonline.com.br\/site\/wp-json\/wp\/v2\/media\/58157"}],"wp:attachment":[{"href":"https:\/\/anoticiaonline.com.br\/site\/wp-json\/wp\/v2\/media?parent=58152"}],"wp:term":[{"taxonomy":"category","embeddable":true,"href":"https:\/\/anoticiaonline.com.br\/site\/wp-json\/wp\/v2\/categories?post=58152"},{"taxonomy":"post_tag","embeddable":true,"href":"https:\/\/anoticiaonline.com.br\/site\/wp-json\/wp\/v2\/tags?post=58152"}],"curies":[{"name":"wp","href":"https:\/\/api.w.org\/{rel}","templated":true}]}}