{"id":58024,"date":"2018-07-05T19:35:12","date_gmt":"2018-07-05T22:35:12","guid":{"rendered":"http:\/\/anoticiaonline.com.br\/site\/?p=58024"},"modified":"2018-07-05T19:35:12","modified_gmt":"2018-07-05T22:35:12","slug":"dia-de-campo-e-realizado-no-distrito-de-macuco","status":"publish","type":"post","link":"https:\/\/anoticiaonline.com.br\/site\/dia-de-campo-e-realizado-no-distrito-de-macuco\/","title":{"rendered":"Dia de Campo \u00e9 realizado no distrito de Macuco"},"content":{"rendered":"<p>Foi realizado, no S\u00edtio Serrinha, propriedade de Ocimar Pires Gomes, na tarde de quarta-feira (4), o evento Dia de Campo, realizado pela prefeitura de Muria\u00e9, por meio da secretaria municipal de Agricultura e Meio Ambiente.<\/p>\n<p><a href=\"https:\/\/anoticiaonline.com.br\/site\/wp-content\/uploads\/2018\/07\/DSC_0075.jpg\"><img fetchpriority=\"high\" decoding=\"async\" class=\"alignnone size-full wp-image-58025\" src=\"https:\/\/anoticiaonline.com.br\/site\/wp-content\/uploads\/2018\/07\/DSC_0075.jpg\" alt=\"\" width=\"640\" height=\"427\" srcset=\"https:\/\/anoticiaonline.com.br\/site\/wp-content\/uploads\/2018\/07\/DSC_0075.jpg 640w, https:\/\/anoticiaonline.com.br\/site\/wp-content\/uploads\/2018\/07\/DSC_0075-300x200.jpg 300w\" sizes=\"(max-width: 640px) 100vw, 640px\" \/><\/a><\/p>\n<p>A programa\u00e7\u00e3o do evento contou com as palestras: \u201cAlimenta\u00e7\u00e3o e nutri\u00e7\u00e3o de vacas de leite \u2013 Forrageiras, ra\u00e7\u00e3o concentrada e minerais\u201d, ministrada pelo veterin\u00e1rio Ant\u00f4nio Domingues de Souza, coordenador t\u00e9cnico da Emater\/MG, de Juiz de Fora; \u201cMelhoramento gen\u00e9tico do gado leiteiro, cruzamento e escolha de touros\u201d, ministrada pelo veterin\u00e1rio Edson Curi, da Emater\/MG de Muria\u00e9; e \u201cManejo da fertilidade e conserva\u00e7\u00e3o do solo na produ\u00e7\u00e3o de forrageiras\u201d, ministrada pelo engenheiro agr\u00f4nomo Rodrigo Couto, coordenador t\u00e9cnico de bovinocultura da Emater\/MG, de Muria\u00e9. Ao final, o p\u00fablico presente participou de um sorteio de brindes e de um lanche.<\/p>\n<p>De acordo com o secret\u00e1rio municipal de Agricultura e Meio Ambiente, Manoel Carvalho, \u00e9 importante divulgar o trabalho do homem do campo da regi\u00e3o. \u201cQuando identificamos uma fam\u00edlia que trabalha unida e alcan\u00e7a bons resultados em sua produtividade, enxergamos como uma \u00f3tima unidade demonstrativa para outros produtores e agricultores locais. Por isso, a import\u00e2ncia de realizar estes eventos nestas propriedades, assim todos podem conhecer os sistemas utilizados e como funcionam. Atrav\u00e9s da agricultura familiar, o trabalhador consegue ter menos custos com m\u00e3o-de-obra e consegue atingir lucros favor\u00e1veis. Espero que todos os participantes voltem para suas propriedades ainda mais motivados\u201d, conta.<\/p>\n<p>Ocirmar Pires Gomes, propriet\u00e1rio do S\u00edtio Serrinha, onde aconteceu o Dia de Campo, disse que o evento \u00e9 de grande import\u00e2ncia para os agricultores. \u201cO Dia de Campo nos deixa ainda mais motivados a trabalhar com o gado e com a terra. \u00c9 muito bom poder receber ajuda e incentivo de outras empresas e do Poder P\u00fablico municipal. A cada dia que passa, sempre aprendo coisas novas sobre melhoramento gen\u00e9tico do gado leiteiro e tecnologias que beneficiam minha vida como produtor\u201d, conta.<\/p>\n<p>Jo\u00e3o Cruz, ex-secret\u00e1rio estadual de Agricultura de Minas Gerais, participou do Dia de Campo e aproveitou a oportunidade para parabenizar a prefeitura pela realiza\u00e7\u00e3o do evento. \u201cFoi com muita alegria que participei de mais um Dia de Campo realizado pela Prefeitura de Muria\u00e9. Este \u00e9 um evento que valoriza o trabalho do homem do campo na regi\u00e3o. Aproveito a oportunidade para parabenizar o senhor Ocimar Pires, do S\u00edtio Serrinha, pelas tarefas que vem realizando em sua propriedade\u201d, diz.<\/p>\n","protected":false},"excerpt":{"rendered":"<p>Foi realizado, no S\u00edtio Serrinha, propriedade de Ocimar Pires Gomes, na tarde de quarta-feira (4), o evento Dia de Campo, realizado pela prefeitura de Muria\u00e9, por meio da secretaria municipal de Agricultura e Meio Ambiente. A programa\u00e7\u00e3o do evento contou com as palestras: \u201cAlimenta\u00e7\u00e3o e nutri\u00e7\u00e3o de vacas de leite \u2013 Forrageiras, ra\u00e7\u00e3o concentrada e &#8230; <a title=\"Dia de Campo \u00e9 realizado no distrito de Macuco\" class=\"read-more\" href=\"https:\/\/anoticiaonline.com.br\/site\/dia-de-campo-e-realizado-no-distrito-de-macuco\/\" aria-label=\"Read more about Dia de Campo \u00e9 realizado no distrito de Macuco\">Ler mais<\/a><\/p>\n","protected":false},"author":2,"featured_media":58025,"comment_status":"open","ping_status":"open","sticky":false,"template":"","format":"standard","meta":{"_acf_changed":false,"_monsterinsights_skip_tracking":false,"footnotes":""},"categories":[30],"tags":[],"class_list":["post-58024","post","type-post","status-publish","format-standard","has-post-thumbnail","hentry","category-muriae"],"acf":[],"aioseo_notices":[],"aioseo_head":"\n\t\t<!-- All in One SEO 5.0.0.1 - aioseo.com -->\n\t<meta name=\"description\" content=\"Foi realizado, no S\u00edtio Serrinha, propriedade de Ocimar Pires Gomes, na tarde de quarta-feira (4), o evento Dia de Campo, realizado pela prefeitura de Muria\u00e9, por meio da secretaria municipal de Agricultura e Meio Ambiente. A programa\u00e7\u00e3o do evento contou com as palestras: \u201cAlimenta\u00e7\u00e3o e nutri\u00e7\u00e3o de vacas de leite \u2013 Forrageiras, ra\u00e7\u00e3o concentrada e\" \/>\n\t<meta name=\"robots\" content=\"max-image-preview:large\" \/>\n\t<meta name=\"author\" content=\"Juliana Laviola\"\/>\n\t<link rel=\"canonical\" href=\"https:\/\/anoticiaonline.com.br\/site\/dia-de-campo-e-realizado-no-distrito-de-macuco\/\" \/>\n\t<meta name=\"generator\" content=\"All in One SEO (AIOSEO) 5.0.0.1\" \/>\n\t\t<meta property=\"og:locale\" content=\"pt_BR\" \/>\n\t\t<meta property=\"og:site_name\" content=\"A Not\u00edcia Online - Noticias de Muria\u00e9 e regi\u00e3o\" \/>\n\t\t<meta property=\"og:type\" content=\"article\" \/>\n\t\t<meta property=\"og:title\" content=\"Dia de Campo \u00e9 realizado no distrito de Macuco - A Not\u00edcia Online\" \/>\n\t\t<meta property=\"og:description\" content=\"Foi realizado, no S\u00edtio Serrinha, propriedade de Ocimar Pires Gomes, na tarde de quarta-feira (4), o evento Dia de Campo, realizado pela prefeitura de Muria\u00e9, por meio da secretaria municipal de Agricultura e Meio Ambiente. A programa\u00e7\u00e3o do evento contou com as palestras: \u201cAlimenta\u00e7\u00e3o e nutri\u00e7\u00e3o de vacas de leite \u2013 Forrageiras, ra\u00e7\u00e3o concentrada e\" \/>\n\t\t<meta property=\"og:url\" content=\"https:\/\/anoticiaonline.com.br\/site\/dia-de-campo-e-realizado-no-distrito-de-macuco\/\" \/>\n\t\t<meta property=\"og:image\" content=\"https:\/\/scontent-gig4-1.xx.fbcdn.net\/v\/t39.30808-1\/270437624_4564083193639691_6907940295614233970_n.jpg?stp=dst-jpg_s200x200_tt6&#038;_nc_cat=111&#038;ccb=1-7&#038;_nc_sid=f907e8&#038;_nc_ohc=SM1wRlP3lJwQ7kNvwEPuBYA&#038;_nc_oc=AdnqrjDN_BNjSSHWO-GbkIWH6fkGMLw4bqvL_NH6e2wMveX7G-rP2dAqsDSq1mJMOaY&#038;_nc_zt=24&#038;_nc_ht=scontent-gig4-1.xx&#038;_nc_gid=AoBFJeGrT1hVaew_6rchkQ&#038;oh=00_AfX7QmFGhQhG2jAllVgXCiM1ZrWgvtp80-Bfppyexh1QEg&#038;oe=689E923C\" \/>\n\t\t<meta property=\"og:image:secure_url\" content=\"https:\/\/scontent-gig4-1.xx.fbcdn.net\/v\/t39.30808-1\/270437624_4564083193639691_6907940295614233970_n.jpg?stp=dst-jpg_s200x200_tt6&#038;_nc_cat=111&#038;ccb=1-7&#038;_nc_sid=f907e8&#038;_nc_ohc=SM1wRlP3lJwQ7kNvwEPuBYA&#038;_nc_oc=AdnqrjDN_BNjSSHWO-GbkIWH6fkGMLw4bqvL_NH6e2wMveX7G-rP2dAqsDSq1mJMOaY&#038;_nc_zt=24&#038;_nc_ht=scontent-gig4-1.xx&#038;_nc_gid=AoBFJeGrT1hVaew_6rchkQ&#038;oh=00_AfX7QmFGhQhG2jAllVgXCiM1ZrWgvtp80-Bfppyexh1QEg&#038;oe=689E923C\" \/>\n\t\t<meta property=\"article:published_time\" content=\"2018-07-05T22:35:12+00:00\" \/>\n\t\t<meta property=\"article:modified_time\" content=\"2018-07-05T22:35:12+00:00\" \/>\n\t\t<meta name=\"twitter:card\" content=\"summary_large_image\" \/>\n\t\t<meta name=\"twitter:title\" content=\"Dia de Campo \u00e9 realizado no distrito de Macuco - A Not\u00edcia Online\" \/>\n\t\t<meta name=\"twitter:description\" content=\"Foi realizado, no S\u00edtio Serrinha, propriedade de Ocimar Pires Gomes, na tarde de quarta-feira (4), o evento Dia de Campo, realizado pela prefeitura de Muria\u00e9, por meio da secretaria municipal de Agricultura e Meio Ambiente. A programa\u00e7\u00e3o do evento contou com as palestras: \u201cAlimenta\u00e7\u00e3o e nutri\u00e7\u00e3o de vacas de leite \u2013 Forrageiras, ra\u00e7\u00e3o concentrada e\" \/>\n\t\t<meta name=\"twitter:image\" content=\"https:\/\/scontent-gig4-1.xx.fbcdn.net\/v\/t39.30808-1\/270437624_4564083193639691_6907940295614233970_n.jpg?stp=dst-jpg_s200x200_tt6&amp;_nc_cat=111&amp;ccb=1-7&amp;_nc_sid=f907e8&amp;_nc_ohc=SM1wRlP3lJwQ7kNvwEPuBYA&amp;_nc_oc=AdnqrjDN_BNjSSHWO-GbkIWH6fkGMLw4bqvL_NH6e2wMveX7G-rP2dAqsDSq1mJMOaY&amp;_nc_zt=24&amp;_nc_ht=scontent-gig4-1.xx&amp;_nc_gid=AoBFJeGrT1hVaew_6rchkQ&amp;oh=00_AfX7QmFGhQhG2jAllVgXCiM1ZrWgvtp80-Bfppyexh1QEg&amp;oe=689E923C\" \/>\n\t\t<script type=\"application\/ld+json\" class=\"aioseo-schema\">\n\t\t\t{\"@context\":\"https:\\\/\\\/schema.org\",\"@graph\":[{\"@type\":\"BlogPosting\",\"@id\":\"https:\\\/\\\/anoticiaonline.com.br\\\/site\\\/dia-de-campo-e-realizado-no-distrito-de-macuco\\\/#blogposting\",\"name\":\"Dia de Campo \\u00e9 realizado no distrito de Macuco - A Not\\u00edcia Online\",\"headline\":\"Dia de Campo \\u00e9 realizado no distrito de Macuco\",\"author\":{\"@id\":\"https:\\\/\\\/anoticiaonline.com.br\\\/site\\\/author\\\/juliana\\\/#author\"},\"publisher\":{\"@id\":\"https:\\\/\\\/anoticiaonline.com.br\\\/site\\\/#organization\"},\"image\":{\"@type\":\"ImageObject\",\"url\":\"https:\\\/\\\/anoticiaonline.com.br\\\/site\\\/wp-content\\\/uploads\\\/2018\\\/07\\\/DSC_0075.jpg\",\"width\":640,\"height\":427},\"datePublished\":\"2018-07-05T19:35:12-03:00\",\"dateModified\":\"2018-07-05T19:35:12-03:00\",\"inLanguage\":\"pt-BR\",\"mainEntityOfPage\":{\"@id\":\"https:\\\/\\\/anoticiaonline.com.br\\\/site\\\/dia-de-campo-e-realizado-no-distrito-de-macuco\\\/#webpage\"},\"isPartOf\":{\"@id\":\"https:\\\/\\\/anoticiaonline.com.br\\\/site\\\/dia-de-campo-e-realizado-no-distrito-de-macuco\\\/#webpage\"},\"articleSection\":\"Blog\"},{\"@type\":\"BreadcrumbList\",\"@id\":\"https:\\\/\\\/anoticiaonline.com.br\\\/site\\\/dia-de-campo-e-realizado-no-distrito-de-macuco\\\/#breadcrumblist\",\"itemListElement\":[{\"@type\":\"ListItem\",\"@id\":\"https:\\\/\\\/anoticiaonline.com.br\\\/site#listItem\",\"position\":1,\"name\":\"Home\",\"item\":\"https:\\\/\\\/anoticiaonline.com.br\\\/site\",\"nextItem\":{\"@type\":\"ListItem\",\"@id\":\"https:\\\/\\\/anoticiaonline.com.br\\\/site\\\/categoria\\\/muriae\\\/#listItem\",\"name\":\"Blog\"}},{\"@type\":\"ListItem\",\"@id\":\"https:\\\/\\\/anoticiaonline.com.br\\\/site\\\/categoria\\\/muriae\\\/#listItem\",\"position\":2,\"name\":\"Blog\",\"item\":\"https:\\\/\\\/anoticiaonline.com.br\\\/site\\\/categoria\\\/muriae\\\/\",\"nextItem\":{\"@type\":\"ListItem\",\"@id\":\"https:\\\/\\\/anoticiaonline.com.br\\\/site\\\/dia-de-campo-e-realizado-no-distrito-de-macuco\\\/#listItem\",\"name\":\"Dia de Campo \\u00e9 realizado no distrito de Macuco\"},\"previousItem\":{\"@type\":\"ListItem\",\"@id\":\"https:\\\/\\\/anoticiaonline.com.br\\\/site#listItem\",\"name\":\"Home\"}},{\"@type\":\"ListItem\",\"@id\":\"https:\\\/\\\/anoticiaonline.com.br\\\/site\\\/dia-de-campo-e-realizado-no-distrito-de-macuco\\\/#listItem\",\"position\":3,\"name\":\"Dia de Campo \\u00e9 realizado no distrito de Macuco\",\"previousItem\":{\"@type\":\"ListItem\",\"@id\":\"https:\\\/\\\/anoticiaonline.com.br\\\/site\\\/categoria\\\/muriae\\\/#listItem\",\"name\":\"Blog\"}}]},{\"@type\":\"Organization\",\"@id\":\"https:\\\/\\\/anoticiaonline.com.br\\\/site\\\/#organization\",\"name\":\"A Not\\u00edcia Online\",\"description\":\"Noticias de Muria\\u00e9 e regi\\u00e3o\",\"url\":\"https:\\\/\\\/anoticiaonline.com.br\\\/site\\\/\",\"logo\":{\"@type\":\"ImageObject\",\"url\":\"https:\\\/\\\/scontent-gig4-1.xx.fbcdn.net\\\/v\\\/t39.30808-1\\\/270437624_4564083193639691_6907940295614233970_n.jpg?stp=dst-jpg_s200x200_tt6&_nc_cat=111&ccb=1-7&_nc_sid=f907e8&_nc_ohc=SM1wRlP3lJwQ7kNvwEPuBYA&_nc_oc=AdnqrjDN_BNjSSHWO-GbkIWH6fkGMLw4bqvL_NH6e2wMveX7G-rP2dAqsDSq1mJMOaY&_nc_zt=24&_nc_ht=scontent-gig4-1.xx&_nc_gid=AoBFJeGrT1hVaew_6rchkQ&oh=00_AfX7QmFGhQhG2jAllVgXCiM1ZrWgvtp80-Bfppyexh1QEg&oe=689E923C\",\"@id\":\"https:\\\/\\\/anoticiaonline.com.br\\\/site\\\/dia-de-campo-e-realizado-no-distrito-de-macuco\\\/#organizationLogo\"},\"image\":{\"@id\":\"https:\\\/\\\/anoticiaonline.com.br\\\/site\\\/dia-de-campo-e-realizado-no-distrito-de-macuco\\\/#organizationLogo\"}},{\"@type\":\"Person\",\"@id\":\"https:\\\/\\\/anoticiaonline.com.br\\\/site\\\/author\\\/juliana\\\/#author\",\"url\":\"https:\\\/\\\/anoticiaonline.com.br\\\/site\\\/author\\\/juliana\\\/\",\"name\":\"Juliana Laviola\",\"image\":{\"@type\":\"ImageObject\",\"@id\":\"https:\\\/\\\/anoticiaonline.com.br\\\/site\\\/dia-de-campo-e-realizado-no-distrito-de-macuco\\\/#authorImage\",\"url\":\"https:\\\/\\\/secure.gravatar.com\\\/avatar\\\/b8d45f5c699b100dfaf0e543582f38f38bf94cb7ae3a5e9abf8d891a34773335?s=96&d=mm&r=g\",\"width\":96,\"height\":96,\"caption\":\"Juliana Laviola\"}},{\"@type\":\"WebPage\",\"@id\":\"https:\\\/\\\/anoticiaonline.com.br\\\/site\\\/dia-de-campo-e-realizado-no-distrito-de-macuco\\\/#webpage\",\"url\":\"https:\\\/\\\/anoticiaonline.com.br\\\/site\\\/dia-de-campo-e-realizado-no-distrito-de-macuco\\\/\",\"name\":\"Dia de Campo \\u00e9 realizado no distrito de Macuco - A Not\\u00edcia Online\",\"description\":\"Foi realizado, no S\\u00edtio Serrinha, propriedade de Ocimar Pires Gomes, na tarde de quarta-feira (4), o evento Dia de Campo, realizado pela prefeitura de Muria\\u00e9, por meio da secretaria municipal de Agricultura e Meio Ambiente. A programa\\u00e7\\u00e3o do evento contou com as palestras: \\u201cAlimenta\\u00e7\\u00e3o e nutri\\u00e7\\u00e3o de vacas de leite \\u2013 Forrageiras, ra\\u00e7\\u00e3o concentrada e\",\"inLanguage\":\"pt-BR\",\"isPartOf\":{\"@id\":\"https:\\\/\\\/anoticiaonline.com.br\\\/site\\\/#website\"},\"breadcrumb\":{\"@id\":\"https:\\\/\\\/anoticiaonline.com.br\\\/site\\\/dia-de-campo-e-realizado-no-distrito-de-macuco\\\/#breadcrumblist\"},\"author\":{\"@id\":\"https:\\\/\\\/anoticiaonline.com.br\\\/site\\\/author\\\/juliana\\\/#author\"},\"creator\":{\"@id\":\"https:\\\/\\\/anoticiaonline.com.br\\\/site\\\/author\\\/juliana\\\/#author\"},\"image\":{\"@type\":\"ImageObject\",\"url\":\"https:\\\/\\\/anoticiaonline.com.br\\\/site\\\/wp-content\\\/uploads\\\/2018\\\/07\\\/DSC_0075.jpg\",\"@id\":\"https:\\\/\\\/anoticiaonline.com.br\\\/site\\\/dia-de-campo-e-realizado-no-distrito-de-macuco\\\/#mainImage\",\"width\":640,\"height\":427},\"primaryImageOfPage\":{\"@id\":\"https:\\\/\\\/anoticiaonline.com.br\\\/site\\\/dia-de-campo-e-realizado-no-distrito-de-macuco\\\/#mainImage\"},\"datePublished\":\"2018-07-05T19:35:12-03:00\",\"dateModified\":\"2018-07-05T19:35:12-03:00\"},{\"@type\":\"WebSite\",\"@id\":\"https:\\\/\\\/anoticiaonline.com.br\\\/site\\\/#website\",\"url\":\"https:\\\/\\\/anoticiaonline.com.br\\\/site\\\/\",\"name\":\"A Not\\u00edcia Online\",\"description\":\"Noticias de Muria\\u00e9 e regi\\u00e3o\",\"inLanguage\":\"pt-BR\",\"publisher\":{\"@id\":\"https:\\\/\\\/anoticiaonline.com.br\\\/site\\\/#organization\"}}]}\n\t\t<\/script>\n\t\t<!-- All in One SEO -->\n\n","aioseo_head_json":{"title":"Dia de Campo \u00e9 realizado no distrito de Macuco - A Not\u00edcia Online","description":"Foi realizado, no S\u00edtio Serrinha, propriedade de Ocimar Pires Gomes, na tarde de quarta-feira (4), o evento Dia de Campo, realizado pela prefeitura de Muria\u00e9, por meio da secretaria municipal de Agricultura e Meio Ambiente. A programa\u00e7\u00e3o do evento contou com as palestras: \u201cAlimenta\u00e7\u00e3o e nutri\u00e7\u00e3o de vacas de leite \u2013 Forrageiras, ra\u00e7\u00e3o concentrada e","canonical_url":"https:\/\/anoticiaonline.com.br\/site\/dia-de-campo-e-realizado-no-distrito-de-macuco\/","robots":"max-image-preview:large","keywords":"","webmasterTools":{"miscellaneous":""},"schema":{"@context":"https:\/\/schema.org","@graph":[{"@type":"BlogPosting","@id":"https:\/\/anoticiaonline.com.br\/site\/dia-de-campo-e-realizado-no-distrito-de-macuco\/#blogposting","name":"Dia de Campo \u00e9 realizado no distrito de Macuco - A Not\u00edcia Online","headline":"Dia de Campo \u00e9 realizado no distrito de Macuco","author":{"@id":"https:\/\/anoticiaonline.com.br\/site\/author\/juliana\/#author"},"publisher":{"@id":"https:\/\/anoticiaonline.com.br\/site\/#organization"},"image":{"@type":"ImageObject","url":"https:\/\/anoticiaonline.com.br\/site\/wp-content\/uploads\/2018\/07\/DSC_0075.jpg","width":640,"height":427},"datePublished":"2018-07-05T19:35:12-03:00","dateModified":"2018-07-05T19:35:12-03:00","inLanguage":"pt-BR","mainEntityOfPage":{"@id":"https:\/\/anoticiaonline.com.br\/site\/dia-de-campo-e-realizado-no-distrito-de-macuco\/#webpage"},"isPartOf":{"@id":"https:\/\/anoticiaonline.com.br\/site\/dia-de-campo-e-realizado-no-distrito-de-macuco\/#webpage"},"articleSection":"Blog"},{"@type":"BreadcrumbList","@id":"https:\/\/anoticiaonline.com.br\/site\/dia-de-campo-e-realizado-no-distrito-de-macuco\/#breadcrumblist","itemListElement":[{"@type":"ListItem","@id":"https:\/\/anoticiaonline.com.br\/site#listItem","position":1,"name":"Home","item":"https:\/\/anoticiaonline.com.br\/site","nextItem":{"@type":"ListItem","@id":"https:\/\/anoticiaonline.com.br\/site\/categoria\/muriae\/#listItem","name":"Blog"}},{"@type":"ListItem","@id":"https:\/\/anoticiaonline.com.br\/site\/categoria\/muriae\/#listItem","position":2,"name":"Blog","item":"https:\/\/anoticiaonline.com.br\/site\/categoria\/muriae\/","nextItem":{"@type":"ListItem","@id":"https:\/\/anoticiaonline.com.br\/site\/dia-de-campo-e-realizado-no-distrito-de-macuco\/#listItem","name":"Dia de Campo \u00e9 realizado no distrito de Macuco"},"previousItem":{"@type":"ListItem","@id":"https:\/\/anoticiaonline.com.br\/site#listItem","name":"Home"}},{"@type":"ListItem","@id":"https:\/\/anoticiaonline.com.br\/site\/dia-de-campo-e-realizado-no-distrito-de-macuco\/#listItem","position":3,"name":"Dia de Campo \u00e9 realizado no distrito de Macuco","previousItem":{"@type":"ListItem","@id":"https:\/\/anoticiaonline.com.br\/site\/categoria\/muriae\/#listItem","name":"Blog"}}]},{"@type":"Organization","@id":"https:\/\/anoticiaonline.com.br\/site\/#organization","name":"A Not\u00edcia Online","description":"Noticias de Muria\u00e9 e regi\u00e3o","url":"https:\/\/anoticiaonline.com.br\/site\/","logo":{"@type":"ImageObject","url":"https:\/\/scontent-gig4-1.xx.fbcdn.net\/v\/t39.30808-1\/270437624_4564083193639691_6907940295614233970_n.jpg?stp=dst-jpg_s200x200_tt6&_nc_cat=111&ccb=1-7&_nc_sid=f907e8&_nc_ohc=SM1wRlP3lJwQ7kNvwEPuBYA&_nc_oc=AdnqrjDN_BNjSSHWO-GbkIWH6fkGMLw4bqvL_NH6e2wMveX7G-rP2dAqsDSq1mJMOaY&_nc_zt=24&_nc_ht=scontent-gig4-1.xx&_nc_gid=AoBFJeGrT1hVaew_6rchkQ&oh=00_AfX7QmFGhQhG2jAllVgXCiM1ZrWgvtp80-Bfppyexh1QEg&oe=689E923C","@id":"https:\/\/anoticiaonline.com.br\/site\/dia-de-campo-e-realizado-no-distrito-de-macuco\/#organizationLogo"},"image":{"@id":"https:\/\/anoticiaonline.com.br\/site\/dia-de-campo-e-realizado-no-distrito-de-macuco\/#organizationLogo"}},{"@type":"Person","@id":"https:\/\/anoticiaonline.com.br\/site\/author\/juliana\/#author","url":"https:\/\/anoticiaonline.com.br\/site\/author\/juliana\/","name":"Juliana Laviola","image":{"@type":"ImageObject","@id":"https:\/\/anoticiaonline.com.br\/site\/dia-de-campo-e-realizado-no-distrito-de-macuco\/#authorImage","url":"https:\/\/secure.gravatar.com\/avatar\/b8d45f5c699b100dfaf0e543582f38f38bf94cb7ae3a5e9abf8d891a34773335?s=96&d=mm&r=g","width":96,"height":96,"caption":"Juliana Laviola"}},{"@type":"WebPage","@id":"https:\/\/anoticiaonline.com.br\/site\/dia-de-campo-e-realizado-no-distrito-de-macuco\/#webpage","url":"https:\/\/anoticiaonline.com.br\/site\/dia-de-campo-e-realizado-no-distrito-de-macuco\/","name":"Dia de Campo \u00e9 realizado no distrito de Macuco - A Not\u00edcia Online","description":"Foi realizado, no S\u00edtio Serrinha, propriedade de Ocimar Pires Gomes, na tarde de quarta-feira (4), o evento Dia de Campo, realizado pela prefeitura de Muria\u00e9, por meio da secretaria municipal de Agricultura e Meio Ambiente. A programa\u00e7\u00e3o do evento contou com as palestras: \u201cAlimenta\u00e7\u00e3o e nutri\u00e7\u00e3o de vacas de leite \u2013 Forrageiras, ra\u00e7\u00e3o concentrada e","inLanguage":"pt-BR","isPartOf":{"@id":"https:\/\/anoticiaonline.com.br\/site\/#website"},"breadcrumb":{"@id":"https:\/\/anoticiaonline.com.br\/site\/dia-de-campo-e-realizado-no-distrito-de-macuco\/#breadcrumblist"},"author":{"@id":"https:\/\/anoticiaonline.com.br\/site\/author\/juliana\/#author"},"creator":{"@id":"https:\/\/anoticiaonline.com.br\/site\/author\/juliana\/#author"},"image":{"@type":"ImageObject","url":"https:\/\/anoticiaonline.com.br\/site\/wp-content\/uploads\/2018\/07\/DSC_0075.jpg","@id":"https:\/\/anoticiaonline.com.br\/site\/dia-de-campo-e-realizado-no-distrito-de-macuco\/#mainImage","width":640,"height":427},"primaryImageOfPage":{"@id":"https:\/\/anoticiaonline.com.br\/site\/dia-de-campo-e-realizado-no-distrito-de-macuco\/#mainImage"},"datePublished":"2018-07-05T19:35:12-03:00","dateModified":"2018-07-05T19:35:12-03:00"},{"@type":"WebSite","@id":"https:\/\/anoticiaonline.com.br\/site\/#website","url":"https:\/\/anoticiaonline.com.br\/site\/","name":"A Not\u00edcia Online","description":"Noticias de Muria\u00e9 e regi\u00e3o","inLanguage":"pt-BR","publisher":{"@id":"https:\/\/anoticiaonline.com.br\/site\/#organization"}}]},"og:locale":"pt_BR","og:site_name":"A Not\u00edcia Online - Noticias de Muria\u00e9 e regi\u00e3o","og:type":"article","og:title":"Dia de Campo \u00e9 realizado no distrito de Macuco - A Not\u00edcia Online","og:description":"Foi realizado, no S\u00edtio Serrinha, propriedade de Ocimar Pires Gomes, na tarde de quarta-feira (4), o evento Dia de Campo, realizado pela prefeitura de Muria\u00e9, por meio da secretaria municipal de Agricultura e Meio Ambiente. A programa\u00e7\u00e3o do evento contou com as palestras: \u201cAlimenta\u00e7\u00e3o e nutri\u00e7\u00e3o de vacas de leite \u2013 Forrageiras, ra\u00e7\u00e3o concentrada e","og:url":"https:\/\/anoticiaonline.com.br\/site\/dia-de-campo-e-realizado-no-distrito-de-macuco\/","og:image":"https:\/\/scontent-gig4-1.xx.fbcdn.net\/v\/t39.30808-1\/270437624_4564083193639691_6907940295614233970_n.jpg?stp=dst-jpg_s200x200_tt6&#038;_nc_cat=111&#038;ccb=1-7&#038;_nc_sid=f907e8&#038;_nc_ohc=SM1wRlP3lJwQ7kNvwEPuBYA&#038;_nc_oc=AdnqrjDN_BNjSSHWO-GbkIWH6fkGMLw4bqvL_NH6e2wMveX7G-rP2dAqsDSq1mJMOaY&#038;_nc_zt=24&#038;_nc_ht=scontent-gig4-1.xx&#038;_nc_gid=AoBFJeGrT1hVaew_6rchkQ&#038;oh=00_AfX7QmFGhQhG2jAllVgXCiM1ZrWgvtp80-Bfppyexh1QEg&#038;oe=689E923C","og:image:secure_url":"https:\/\/scontent-gig4-1.xx.fbcdn.net\/v\/t39.30808-1\/270437624_4564083193639691_6907940295614233970_n.jpg?stp=dst-jpg_s200x200_tt6&#038;_nc_cat=111&#038;ccb=1-7&#038;_nc_sid=f907e8&#038;_nc_ohc=SM1wRlP3lJwQ7kNvwEPuBYA&#038;_nc_oc=AdnqrjDN_BNjSSHWO-GbkIWH6fkGMLw4bqvL_NH6e2wMveX7G-rP2dAqsDSq1mJMOaY&#038;_nc_zt=24&#038;_nc_ht=scontent-gig4-1.xx&#038;_nc_gid=AoBFJeGrT1hVaew_6rchkQ&#038;oh=00_AfX7QmFGhQhG2jAllVgXCiM1ZrWgvtp80-Bfppyexh1QEg&#038;oe=689E923C","article:published_time":"2018-07-05T22:35:12+00:00","article:modified_time":"2018-07-05T22:35:12+00:00","twitter:card":"summary_large_image","twitter:title":"Dia de Campo \u00e9 realizado no distrito de Macuco - A Not\u00edcia Online","twitter:description":"Foi realizado, no S\u00edtio Serrinha, propriedade de Ocimar Pires Gomes, na tarde de quarta-feira (4), o evento Dia de Campo, realizado pela prefeitura de Muria\u00e9, por meio da secretaria municipal de Agricultura e Meio Ambiente. A programa\u00e7\u00e3o do evento contou com as palestras: \u201cAlimenta\u00e7\u00e3o e nutri\u00e7\u00e3o de vacas de leite \u2013 Forrageiras, ra\u00e7\u00e3o concentrada e","twitter:image":"https:\/\/scontent-gig4-1.xx.fbcdn.net\/v\/t39.30808-1\/270437624_4564083193639691_6907940295614233970_n.jpg?stp=dst-jpg_s200x200_tt6&_nc_cat=111&ccb=1-7&_nc_sid=f907e8&_nc_ohc=SM1wRlP3lJwQ7kNvwEPuBYA&_nc_oc=AdnqrjDN_BNjSSHWO-GbkIWH6fkGMLw4bqvL_NH6e2wMveX7G-rP2dAqsDSq1mJMOaY&_nc_zt=24&_nc_ht=scontent-gig4-1.xx&_nc_gid=AoBFJeGrT1hVaew_6rchkQ&oh=00_AfX7QmFGhQhG2jAllVgXCiM1ZrWgvtp80-Bfppyexh1QEg&oe=689E923C"},"aioseo_meta_data":{"post_id":"58024","title":null,"description":null,"keywords":null,"keyphrases":null,"primary_term":null,"canonical_url":null,"og_title":null,"og_description":null,"og_object_type":"default","og_image_type":"default","og_image_url":null,"og_image_width":null,"og_image_height":null,"og_image_custom_url":null,"og_image_custom_fields":null,"og_video":null,"og_custom_url":null,"og_article_section":null,"og_article_tags":null,"twitter_use_og":false,"twitter_card":"default","twitter_image_type":"default","twitter_image_url":null,"twitter_image_custom_url":null,"twitter_image_custom_fields":null,"twitter_title":null,"twitter_description":null,"schema":{"blockGraphs":[],"customGraphs":[],"default":{"data":{"Article":[],"Course":[],"Dataset":[],"FAQPage":[],"Movie":[],"Person":[],"Product":[],"ProductReview":[],"Car":[],"Recipe":[],"Service":[],"SoftwareApplication":[],"WebPage":[]},"graphName":"","isEnabled":true},"graphs":[]},"schema_type":"default","schema_type_options":null,"pillar_content":false,"robots_default":true,"robots_noindex":false,"robots_noarchive":false,"robots_nosnippet":false,"robots_nofollow":false,"robots_noimageindex":false,"robots_noodp":false,"robots_notranslate":false,"robots_max_snippet":null,"robots_max_videopreview":null,"robots_max_imagepreview":"large","priority":null,"frequency":null,"local_seo":null,"breadcrumb_settings":null,"limit_modified_date":false,"ai":null,"created":"2025-08-16 21:10:43","updated":"2025-08-16 21:10:43","focus_keyword":null,"additional_keywords":null,"truseo_locale":null,"seo_analyzer_scan_date":null},"aioseo_breadcrumb":"<div class=\"aioseo-breadcrumbs\"><span class=\"aioseo-breadcrumb\">\n\t\t\t<a href=\"https:\/\/anoticiaonline.com.br\/site\" title=\"Home\">Home<\/a>\n\t\t<\/span><span class=\"aioseo-breadcrumb-separator\">&raquo;<\/span><span class=\"aioseo-breadcrumb\">\n\t\t\t<a href=\"https:\/\/anoticiaonline.com.br\/site\/categoria\/muriae\/\" title=\"Blog\">Blog<\/a>\n\t\t<\/span><span class=\"aioseo-breadcrumb-separator\">&raquo;<\/span><span class=\"aioseo-breadcrumb\">\n\t\t\tDia de Campo \u00e9 realizado no distrito de Macuco\n\t\t<\/span><\/div>","aioseo_breadcrumb_json":[{"label":"Home","link":"https:\/\/anoticiaonline.com.br\/site"},{"label":"Blog","link":"https:\/\/anoticiaonline.com.br\/site\/categoria\/muriae\/"},{"label":"Dia de Campo \u00e9 realizado no distrito de Macuco","link":"https:\/\/anoticiaonline.com.br\/site\/dia-de-campo-e-realizado-no-distrito-de-macuco\/"}],"views":144,"_links":{"self":[{"href":"https:\/\/anoticiaonline.com.br\/site\/wp-json\/wp\/v2\/posts\/58024","targetHints":{"allow":["GET"]}}],"collection":[{"href":"https:\/\/anoticiaonline.com.br\/site\/wp-json\/wp\/v2\/posts"}],"about":[{"href":"https:\/\/anoticiaonline.com.br\/site\/wp-json\/wp\/v2\/types\/post"}],"author":[{"embeddable":true,"href":"https:\/\/anoticiaonline.com.br\/site\/wp-json\/wp\/v2\/users\/2"}],"replies":[{"embeddable":true,"href":"https:\/\/anoticiaonline.com.br\/site\/wp-json\/wp\/v2\/comments?post=58024"}],"version-history":[{"count":0,"href":"https:\/\/anoticiaonline.com.br\/site\/wp-json\/wp\/v2\/posts\/58024\/revisions"}],"wp:featuredmedia":[{"embeddable":true,"href":"https:\/\/anoticiaonline.com.br\/site\/wp-json\/wp\/v2\/media\/58025"}],"wp:attachment":[{"href":"https:\/\/anoticiaonline.com.br\/site\/wp-json\/wp\/v2\/media?parent=58024"}],"wp:term":[{"taxonomy":"category","embeddable":true,"href":"https:\/\/anoticiaonline.com.br\/site\/wp-json\/wp\/v2\/categories?post=58024"},{"taxonomy":"post_tag","embeddable":true,"href":"https:\/\/anoticiaonline.com.br\/site\/wp-json\/wp\/v2\/tags?post=58024"}],"curies":[{"name":"wp","href":"https:\/\/api.w.org\/{rel}","templated":true}]}}