{"id":58009,"date":"2018-07-05T18:24:25","date_gmt":"2018-07-05T21:24:25","guid":{"rendered":"http:\/\/anoticiaonline.com.br\/site\/?p=58009"},"modified":"2018-07-05T18:24:25","modified_gmt":"2018-07-05T21:24:25","slug":"cine-veredas-exibe-os-incriveis-2","status":"publish","type":"post","link":"https:\/\/anoticiaonline.com.br\/site\/cine-veredas-exibe-os-incriveis-2\/","title":{"rendered":"Cine Veredas exibe \u201cOs Incr\u00edveis 2\u201d"},"content":{"rendered":"<p>O Cine Veredas exibe \u201cOs Incr\u00edveis 2\u201d. As vendas antecipadas dos ingressos s\u00e3o realizadas na Veredas Kids, na Pra\u00e7a Jo\u00e3o Pinheiro, 103, de segunda a sexta, das 10h \u00e0s 18h e, aos s\u00e1bados, das 9h \u00e0s 13h. A bilheteria abre sempre 1h antes da primeira sess\u00e3o do dia. Mais informa\u00e7\u00f5es podem ser obtidas pelos telefones 98819-9312 e 98865-6528. Verifique a classifica\u00e7\u00e3o dos filmes.<\/p>\n<p><a href=\"https:\/\/anoticiaonline.com.br\/site\/wp-content\/uploads\/2018\/07\/WhatsApp-Image-2018-07-04-at-15.29.39.jpeg\"><img fetchpriority=\"high\" decoding=\"async\" class=\"alignnone size-full wp-image-58010\" src=\"https:\/\/anoticiaonline.com.br\/site\/wp-content\/uploads\/2018\/07\/WhatsApp-Image-2018-07-04-at-15.29.39.jpeg\" alt=\"\" width=\"640\" height=\"427\" srcset=\"https:\/\/anoticiaonline.com.br\/site\/wp-content\/uploads\/2018\/07\/WhatsApp-Image-2018-07-04-at-15.29.39.jpeg 640w, https:\/\/anoticiaonline.com.br\/site\/wp-content\/uploads\/2018\/07\/WhatsApp-Image-2018-07-04-at-15.29.39-300x200.jpeg 300w\" sizes=\"(max-width: 640px) 100vw, 640px\" \/><\/a><\/p>\n<p><strong>SINOPSE DE \u201cOS INCR\u00cdVEIS 2\u201d &#8211; <\/strong>Quando Helena P\u00eara \u00e9 chamada para voltar a lutar contra o crime como a super-hero\u00edna Mulher-El\u00e1stica, cabe ao seu marido, Roberto, a tarefa de cuidar das crian\u00e7as, especialmente o beb\u00ea Zez\u00e9. O que ele n\u00e3o esperava era que o ca\u00e7ula da fam\u00edlia tamb\u00e9m tivesse superpoderes, que surgem sem qualquer controle.<\/p>\n","protected":false},"excerpt":{"rendered":"<p>O Cine Veredas exibe \u201cOs Incr\u00edveis 2\u201d. As vendas antecipadas dos ingressos s\u00e3o realizadas na Veredas Kids, na Pra\u00e7a Jo\u00e3o Pinheiro, 103, de segunda a sexta, das 10h \u00e0s 18h e, aos s\u00e1bados, das 9h \u00e0s 13h. A bilheteria abre sempre 1h antes da primeira sess\u00e3o do dia. Mais informa\u00e7\u00f5es podem ser obtidas pelos telefones &#8230; <a title=\"Cine Veredas exibe \u201cOs Incr\u00edveis 2\u201d\" class=\"read-more\" href=\"https:\/\/anoticiaonline.com.br\/site\/cine-veredas-exibe-os-incriveis-2\/\" aria-label=\"Read more about Cine Veredas exibe \u201cOs Incr\u00edveis 2\u201d\">Ler mais<\/a><\/p>\n","protected":false},"author":2,"featured_media":58010,"comment_status":"open","ping_status":"open","sticky":false,"template":"","format":"standard","meta":{"_acf_changed":false,"_monsterinsights_skip_tracking":false,"footnotes":""},"categories":[19],"tags":[161,64,1230,321,2797],"class_list":["post-58009","post","type-post","status-publish","format-standard","has-post-thumbnail","hentry","category-cultura","tag-cinema","tag-cultura","tag-diversao","tag-filmes","tag-incriveis-2"],"acf":[],"aioseo_notices":[],"aioseo_head":"\n\t\t<!-- All in One SEO 5.0.0.1 - aioseo.com -->\n\t<meta name=\"description\" content=\"O Cine Veredas exibe \u201cOs Incr\u00edveis 2\u201d. As vendas antecipadas dos ingressos s\u00e3o realizadas na Veredas Kids, na Pra\u00e7a Jo\u00e3o Pinheiro, 103, de segunda a sexta, das 10h \u00e0s 18h e, aos s\u00e1bados, das 9h \u00e0s 13h. A bilheteria abre sempre 1h antes da primeira sess\u00e3o do dia. Mais informa\u00e7\u00f5es podem ser obtidas pelos telefones\" \/>\n\t<meta name=\"robots\" content=\"max-image-preview:large\" \/>\n\t<meta name=\"author\" content=\"Juliana Laviola\"\/>\n\t<link rel=\"canonical\" href=\"https:\/\/anoticiaonline.com.br\/site\/cine-veredas-exibe-os-incriveis-2\/\" \/>\n\t<meta name=\"generator\" content=\"All in One SEO (AIOSEO) 5.0.0.1\" \/>\n\t\t<meta property=\"og:locale\" content=\"pt_BR\" \/>\n\t\t<meta property=\"og:site_name\" content=\"A Not\u00edcia Online - Noticias de Muria\u00e9 e regi\u00e3o\" \/>\n\t\t<meta property=\"og:type\" content=\"article\" \/>\n\t\t<meta property=\"og:title\" content=\"Cine Veredas exibe \u201cOs Incr\u00edveis 2\u201d - A Not\u00edcia Online\" \/>\n\t\t<meta property=\"og:description\" content=\"O Cine Veredas exibe \u201cOs Incr\u00edveis 2\u201d. As vendas antecipadas dos ingressos s\u00e3o realizadas na Veredas Kids, na Pra\u00e7a Jo\u00e3o Pinheiro, 103, de segunda a sexta, das 10h \u00e0s 18h e, aos s\u00e1bados, das 9h \u00e0s 13h. A bilheteria abre sempre 1h antes da primeira sess\u00e3o do dia. Mais informa\u00e7\u00f5es podem ser obtidas pelos telefones\" \/>\n\t\t<meta property=\"og:url\" content=\"https:\/\/anoticiaonline.com.br\/site\/cine-veredas-exibe-os-incriveis-2\/\" \/>\n\t\t<meta property=\"og:image\" content=\"https:\/\/scontent-gig4-1.xx.fbcdn.net\/v\/t39.30808-1\/270437624_4564083193639691_6907940295614233970_n.jpg?stp=dst-jpg_s200x200_tt6&#038;_nc_cat=111&#038;ccb=1-7&#038;_nc_sid=f907e8&#038;_nc_ohc=SM1wRlP3lJwQ7kNvwEPuBYA&#038;_nc_oc=AdnqrjDN_BNjSSHWO-GbkIWH6fkGMLw4bqvL_NH6e2wMveX7G-rP2dAqsDSq1mJMOaY&#038;_nc_zt=24&#038;_nc_ht=scontent-gig4-1.xx&#038;_nc_gid=AoBFJeGrT1hVaew_6rchkQ&#038;oh=00_AfX7QmFGhQhG2jAllVgXCiM1ZrWgvtp80-Bfppyexh1QEg&#038;oe=689E923C\" \/>\n\t\t<meta property=\"og:image:secure_url\" content=\"https:\/\/scontent-gig4-1.xx.fbcdn.net\/v\/t39.30808-1\/270437624_4564083193639691_6907940295614233970_n.jpg?stp=dst-jpg_s200x200_tt6&#038;_nc_cat=111&#038;ccb=1-7&#038;_nc_sid=f907e8&#038;_nc_ohc=SM1wRlP3lJwQ7kNvwEPuBYA&#038;_nc_oc=AdnqrjDN_BNjSSHWO-GbkIWH6fkGMLw4bqvL_NH6e2wMveX7G-rP2dAqsDSq1mJMOaY&#038;_nc_zt=24&#038;_nc_ht=scontent-gig4-1.xx&#038;_nc_gid=AoBFJeGrT1hVaew_6rchkQ&#038;oh=00_AfX7QmFGhQhG2jAllVgXCiM1ZrWgvtp80-Bfppyexh1QEg&#038;oe=689E923C\" \/>\n\t\t<meta property=\"article:published_time\" content=\"2018-07-05T21:24:25+00:00\" \/>\n\t\t<meta property=\"article:modified_time\" content=\"2018-07-05T21:24:25+00:00\" \/>\n\t\t<meta name=\"twitter:card\" content=\"summary_large_image\" \/>\n\t\t<meta name=\"twitter:title\" content=\"Cine Veredas exibe \u201cOs Incr\u00edveis 2\u201d - A Not\u00edcia Online\" \/>\n\t\t<meta name=\"twitter:description\" content=\"O Cine Veredas exibe \u201cOs Incr\u00edveis 2\u201d. As vendas antecipadas dos ingressos s\u00e3o realizadas na Veredas Kids, na Pra\u00e7a Jo\u00e3o Pinheiro, 103, de segunda a sexta, das 10h \u00e0s 18h e, aos s\u00e1bados, das 9h \u00e0s 13h. A bilheteria abre sempre 1h antes da primeira sess\u00e3o do dia. Mais informa\u00e7\u00f5es podem ser obtidas pelos telefones\" \/>\n\t\t<meta name=\"twitter:image\" content=\"https:\/\/scontent-gig4-1.xx.fbcdn.net\/v\/t39.30808-1\/270437624_4564083193639691_6907940295614233970_n.jpg?stp=dst-jpg_s200x200_tt6&amp;_nc_cat=111&amp;ccb=1-7&amp;_nc_sid=f907e8&amp;_nc_ohc=SM1wRlP3lJwQ7kNvwEPuBYA&amp;_nc_oc=AdnqrjDN_BNjSSHWO-GbkIWH6fkGMLw4bqvL_NH6e2wMveX7G-rP2dAqsDSq1mJMOaY&amp;_nc_zt=24&amp;_nc_ht=scontent-gig4-1.xx&amp;_nc_gid=AoBFJeGrT1hVaew_6rchkQ&amp;oh=00_AfX7QmFGhQhG2jAllVgXCiM1ZrWgvtp80-Bfppyexh1QEg&amp;oe=689E923C\" \/>\n\t\t<script type=\"application\/ld+json\" class=\"aioseo-schema\">\n\t\t\t{\"@context\":\"https:\\\/\\\/schema.org\",\"@graph\":[{\"@type\":\"BlogPosting\",\"@id\":\"https:\\\/\\\/anoticiaonline.com.br\\\/site\\\/cine-veredas-exibe-os-incriveis-2\\\/#blogposting\",\"name\":\"Cine Veredas exibe \\u201cOs Incr\\u00edveis 2\\u201d - A Not\\u00edcia Online\",\"headline\":\"Cine Veredas exibe \\u201cOs Incr\\u00edveis 2\\u201d\",\"author\":{\"@id\":\"https:\\\/\\\/anoticiaonline.com.br\\\/site\\\/author\\\/juliana\\\/#author\"},\"publisher\":{\"@id\":\"https:\\\/\\\/anoticiaonline.com.br\\\/site\\\/#organization\"},\"image\":{\"@type\":\"ImageObject\",\"url\":\"https:\\\/\\\/anoticiaonline.com.br\\\/site\\\/wp-content\\\/uploads\\\/2018\\\/07\\\/WhatsApp-Image-2018-07-04-at-15.29.39.jpeg\",\"width\":640,\"height\":427},\"datePublished\":\"2018-07-05T18:24:25-03:00\",\"dateModified\":\"2018-07-05T18:24:25-03:00\",\"inLanguage\":\"pt-BR\",\"mainEntityOfPage\":{\"@id\":\"https:\\\/\\\/anoticiaonline.com.br\\\/site\\\/cine-veredas-exibe-os-incriveis-2\\\/#webpage\"},\"isPartOf\":{\"@id\":\"https:\\\/\\\/anoticiaonline.com.br\\\/site\\\/cine-veredas-exibe-os-incriveis-2\\\/#webpage\"},\"articleSection\":\"Cultura, cinema, cultura, divers\\u00e3o, filmes, incr\\u00edveis 2\"},{\"@type\":\"BreadcrumbList\",\"@id\":\"https:\\\/\\\/anoticiaonline.com.br\\\/site\\\/cine-veredas-exibe-os-incriveis-2\\\/#breadcrumblist\",\"itemListElement\":[{\"@type\":\"ListItem\",\"@id\":\"https:\\\/\\\/anoticiaonline.com.br\\\/site#listItem\",\"position\":1,\"name\":\"Home\",\"item\":\"https:\\\/\\\/anoticiaonline.com.br\\\/site\",\"nextItem\":{\"@type\":\"ListItem\",\"@id\":\"https:\\\/\\\/anoticiaonline.com.br\\\/site\\\/categoria\\\/muriae\\\/#listItem\",\"name\":\"Blog\"}},{\"@type\":\"ListItem\",\"@id\":\"https:\\\/\\\/anoticiaonline.com.br\\\/site\\\/categoria\\\/muriae\\\/#listItem\",\"position\":2,\"name\":\"Blog\",\"item\":\"https:\\\/\\\/anoticiaonline.com.br\\\/site\\\/categoria\\\/muriae\\\/\",\"nextItem\":{\"@type\":\"ListItem\",\"@id\":\"https:\\\/\\\/anoticiaonline.com.br\\\/site\\\/categoria\\\/muriae\\\/cultura\\\/#listItem\",\"name\":\"Cultura\"},\"previousItem\":{\"@type\":\"ListItem\",\"@id\":\"https:\\\/\\\/anoticiaonline.com.br\\\/site#listItem\",\"name\":\"Home\"}},{\"@type\":\"ListItem\",\"@id\":\"https:\\\/\\\/anoticiaonline.com.br\\\/site\\\/categoria\\\/muriae\\\/cultura\\\/#listItem\",\"position\":3,\"name\":\"Cultura\",\"item\":\"https:\\\/\\\/anoticiaonline.com.br\\\/site\\\/categoria\\\/muriae\\\/cultura\\\/\",\"nextItem\":{\"@type\":\"ListItem\",\"@id\":\"https:\\\/\\\/anoticiaonline.com.br\\\/site\\\/cine-veredas-exibe-os-incriveis-2\\\/#listItem\",\"name\":\"Cine Veredas exibe \\u201cOs Incr\\u00edveis 2\\u201d\"},\"previousItem\":{\"@type\":\"ListItem\",\"@id\":\"https:\\\/\\\/anoticiaonline.com.br\\\/site\\\/categoria\\\/muriae\\\/#listItem\",\"name\":\"Blog\"}},{\"@type\":\"ListItem\",\"@id\":\"https:\\\/\\\/anoticiaonline.com.br\\\/site\\\/cine-veredas-exibe-os-incriveis-2\\\/#listItem\",\"position\":4,\"name\":\"Cine Veredas exibe \\u201cOs Incr\\u00edveis 2\\u201d\",\"previousItem\":{\"@type\":\"ListItem\",\"@id\":\"https:\\\/\\\/anoticiaonline.com.br\\\/site\\\/categoria\\\/muriae\\\/cultura\\\/#listItem\",\"name\":\"Cultura\"}}]},{\"@type\":\"Organization\",\"@id\":\"https:\\\/\\\/anoticiaonline.com.br\\\/site\\\/#organization\",\"name\":\"A Not\\u00edcia Online\",\"description\":\"Noticias de Muria\\u00e9 e regi\\u00e3o\",\"url\":\"https:\\\/\\\/anoticiaonline.com.br\\\/site\\\/\",\"logo\":{\"@type\":\"ImageObject\",\"url\":\"https:\\\/\\\/scontent-gig4-1.xx.fbcdn.net\\\/v\\\/t39.30808-1\\\/270437624_4564083193639691_6907940295614233970_n.jpg?stp=dst-jpg_s200x200_tt6&_nc_cat=111&ccb=1-7&_nc_sid=f907e8&_nc_ohc=SM1wRlP3lJwQ7kNvwEPuBYA&_nc_oc=AdnqrjDN_BNjSSHWO-GbkIWH6fkGMLw4bqvL_NH6e2wMveX7G-rP2dAqsDSq1mJMOaY&_nc_zt=24&_nc_ht=scontent-gig4-1.xx&_nc_gid=AoBFJeGrT1hVaew_6rchkQ&oh=00_AfX7QmFGhQhG2jAllVgXCiM1ZrWgvtp80-Bfppyexh1QEg&oe=689E923C\",\"@id\":\"https:\\\/\\\/anoticiaonline.com.br\\\/site\\\/cine-veredas-exibe-os-incriveis-2\\\/#organizationLogo\"},\"image\":{\"@id\":\"https:\\\/\\\/anoticiaonline.com.br\\\/site\\\/cine-veredas-exibe-os-incriveis-2\\\/#organizationLogo\"}},{\"@type\":\"Person\",\"@id\":\"https:\\\/\\\/anoticiaonline.com.br\\\/site\\\/author\\\/juliana\\\/#author\",\"url\":\"https:\\\/\\\/anoticiaonline.com.br\\\/site\\\/author\\\/juliana\\\/\",\"name\":\"Juliana Laviola\",\"image\":{\"@type\":\"ImageObject\",\"@id\":\"https:\\\/\\\/anoticiaonline.com.br\\\/site\\\/cine-veredas-exibe-os-incriveis-2\\\/#authorImage\",\"url\":\"https:\\\/\\\/secure.gravatar.com\\\/avatar\\\/b8d45f5c699b100dfaf0e543582f38f38bf94cb7ae3a5e9abf8d891a34773335?s=96&d=mm&r=g\",\"width\":96,\"height\":96,\"caption\":\"Juliana Laviola\"}},{\"@type\":\"WebPage\",\"@id\":\"https:\\\/\\\/anoticiaonline.com.br\\\/site\\\/cine-veredas-exibe-os-incriveis-2\\\/#webpage\",\"url\":\"https:\\\/\\\/anoticiaonline.com.br\\\/site\\\/cine-veredas-exibe-os-incriveis-2\\\/\",\"name\":\"Cine Veredas exibe \\u201cOs Incr\\u00edveis 2\\u201d - A Not\\u00edcia Online\",\"description\":\"O Cine Veredas exibe \\u201cOs Incr\\u00edveis 2\\u201d. As vendas antecipadas dos ingressos s\\u00e3o realizadas na Veredas Kids, na Pra\\u00e7a Jo\\u00e3o Pinheiro, 103, de segunda a sexta, das 10h \\u00e0s 18h e, aos s\\u00e1bados, das 9h \\u00e0s 13h. A bilheteria abre sempre 1h antes da primeira sess\\u00e3o do dia. Mais informa\\u00e7\\u00f5es podem ser obtidas pelos telefones\",\"inLanguage\":\"pt-BR\",\"isPartOf\":{\"@id\":\"https:\\\/\\\/anoticiaonline.com.br\\\/site\\\/#website\"},\"breadcrumb\":{\"@id\":\"https:\\\/\\\/anoticiaonline.com.br\\\/site\\\/cine-veredas-exibe-os-incriveis-2\\\/#breadcrumblist\"},\"author\":{\"@id\":\"https:\\\/\\\/anoticiaonline.com.br\\\/site\\\/author\\\/juliana\\\/#author\"},\"creator\":{\"@id\":\"https:\\\/\\\/anoticiaonline.com.br\\\/site\\\/author\\\/juliana\\\/#author\"},\"image\":{\"@type\":\"ImageObject\",\"url\":\"https:\\\/\\\/anoticiaonline.com.br\\\/site\\\/wp-content\\\/uploads\\\/2018\\\/07\\\/WhatsApp-Image-2018-07-04-at-15.29.39.jpeg\",\"@id\":\"https:\\\/\\\/anoticiaonline.com.br\\\/site\\\/cine-veredas-exibe-os-incriveis-2\\\/#mainImage\",\"width\":640,\"height\":427},\"primaryImageOfPage\":{\"@id\":\"https:\\\/\\\/anoticiaonline.com.br\\\/site\\\/cine-veredas-exibe-os-incriveis-2\\\/#mainImage\"},\"datePublished\":\"2018-07-05T18:24:25-03:00\",\"dateModified\":\"2018-07-05T18:24:25-03:00\"},{\"@type\":\"WebSite\",\"@id\":\"https:\\\/\\\/anoticiaonline.com.br\\\/site\\\/#website\",\"url\":\"https:\\\/\\\/anoticiaonline.com.br\\\/site\\\/\",\"name\":\"A Not\\u00edcia Online\",\"description\":\"Noticias de Muria\\u00e9 e regi\\u00e3o\",\"inLanguage\":\"pt-BR\",\"publisher\":{\"@id\":\"https:\\\/\\\/anoticiaonline.com.br\\\/site\\\/#organization\"}}]}\n\t\t<\/script>\n\t\t<!-- All in One SEO -->\n\n","aioseo_head_json":{"title":"Cine Veredas exibe \u201cOs Incr\u00edveis 2\u201d - A Not\u00edcia Online","description":"O Cine Veredas exibe \u201cOs Incr\u00edveis 2\u201d. As vendas antecipadas dos ingressos s\u00e3o realizadas na Veredas Kids, na Pra\u00e7a Jo\u00e3o Pinheiro, 103, de segunda a sexta, das 10h \u00e0s 18h e, aos s\u00e1bados, das 9h \u00e0s 13h. A bilheteria abre sempre 1h antes da primeira sess\u00e3o do dia. Mais informa\u00e7\u00f5es podem ser obtidas pelos telefones","canonical_url":"https:\/\/anoticiaonline.com.br\/site\/cine-veredas-exibe-os-incriveis-2\/","robots":"max-image-preview:large","keywords":"","webmasterTools":{"miscellaneous":""},"schema":{"@context":"https:\/\/schema.org","@graph":[{"@type":"BlogPosting","@id":"https:\/\/anoticiaonline.com.br\/site\/cine-veredas-exibe-os-incriveis-2\/#blogposting","name":"Cine Veredas exibe \u201cOs Incr\u00edveis 2\u201d - A Not\u00edcia Online","headline":"Cine Veredas exibe \u201cOs Incr\u00edveis 2\u201d","author":{"@id":"https:\/\/anoticiaonline.com.br\/site\/author\/juliana\/#author"},"publisher":{"@id":"https:\/\/anoticiaonline.com.br\/site\/#organization"},"image":{"@type":"ImageObject","url":"https:\/\/anoticiaonline.com.br\/site\/wp-content\/uploads\/2018\/07\/WhatsApp-Image-2018-07-04-at-15.29.39.jpeg","width":640,"height":427},"datePublished":"2018-07-05T18:24:25-03:00","dateModified":"2018-07-05T18:24:25-03:00","inLanguage":"pt-BR","mainEntityOfPage":{"@id":"https:\/\/anoticiaonline.com.br\/site\/cine-veredas-exibe-os-incriveis-2\/#webpage"},"isPartOf":{"@id":"https:\/\/anoticiaonline.com.br\/site\/cine-veredas-exibe-os-incriveis-2\/#webpage"},"articleSection":"Cultura, cinema, cultura, divers\u00e3o, filmes, incr\u00edveis 2"},{"@type":"BreadcrumbList","@id":"https:\/\/anoticiaonline.com.br\/site\/cine-veredas-exibe-os-incriveis-2\/#breadcrumblist","itemListElement":[{"@type":"ListItem","@id":"https:\/\/anoticiaonline.com.br\/site#listItem","position":1,"name":"Home","item":"https:\/\/anoticiaonline.com.br\/site","nextItem":{"@type":"ListItem","@id":"https:\/\/anoticiaonline.com.br\/site\/categoria\/muriae\/#listItem","name":"Blog"}},{"@type":"ListItem","@id":"https:\/\/anoticiaonline.com.br\/site\/categoria\/muriae\/#listItem","position":2,"name":"Blog","item":"https:\/\/anoticiaonline.com.br\/site\/categoria\/muriae\/","nextItem":{"@type":"ListItem","@id":"https:\/\/anoticiaonline.com.br\/site\/categoria\/muriae\/cultura\/#listItem","name":"Cultura"},"previousItem":{"@type":"ListItem","@id":"https:\/\/anoticiaonline.com.br\/site#listItem","name":"Home"}},{"@type":"ListItem","@id":"https:\/\/anoticiaonline.com.br\/site\/categoria\/muriae\/cultura\/#listItem","position":3,"name":"Cultura","item":"https:\/\/anoticiaonline.com.br\/site\/categoria\/muriae\/cultura\/","nextItem":{"@type":"ListItem","@id":"https:\/\/anoticiaonline.com.br\/site\/cine-veredas-exibe-os-incriveis-2\/#listItem","name":"Cine Veredas exibe \u201cOs Incr\u00edveis 2\u201d"},"previousItem":{"@type":"ListItem","@id":"https:\/\/anoticiaonline.com.br\/site\/categoria\/muriae\/#listItem","name":"Blog"}},{"@type":"ListItem","@id":"https:\/\/anoticiaonline.com.br\/site\/cine-veredas-exibe-os-incriveis-2\/#listItem","position":4,"name":"Cine Veredas exibe \u201cOs Incr\u00edveis 2\u201d","previousItem":{"@type":"ListItem","@id":"https:\/\/anoticiaonline.com.br\/site\/categoria\/muriae\/cultura\/#listItem","name":"Cultura"}}]},{"@type":"Organization","@id":"https:\/\/anoticiaonline.com.br\/site\/#organization","name":"A Not\u00edcia Online","description":"Noticias de Muria\u00e9 e regi\u00e3o","url":"https:\/\/anoticiaonline.com.br\/site\/","logo":{"@type":"ImageObject","url":"https:\/\/scontent-gig4-1.xx.fbcdn.net\/v\/t39.30808-1\/270437624_4564083193639691_6907940295614233970_n.jpg?stp=dst-jpg_s200x200_tt6&_nc_cat=111&ccb=1-7&_nc_sid=f907e8&_nc_ohc=SM1wRlP3lJwQ7kNvwEPuBYA&_nc_oc=AdnqrjDN_BNjSSHWO-GbkIWH6fkGMLw4bqvL_NH6e2wMveX7G-rP2dAqsDSq1mJMOaY&_nc_zt=24&_nc_ht=scontent-gig4-1.xx&_nc_gid=AoBFJeGrT1hVaew_6rchkQ&oh=00_AfX7QmFGhQhG2jAllVgXCiM1ZrWgvtp80-Bfppyexh1QEg&oe=689E923C","@id":"https:\/\/anoticiaonline.com.br\/site\/cine-veredas-exibe-os-incriveis-2\/#organizationLogo"},"image":{"@id":"https:\/\/anoticiaonline.com.br\/site\/cine-veredas-exibe-os-incriveis-2\/#organizationLogo"}},{"@type":"Person","@id":"https:\/\/anoticiaonline.com.br\/site\/author\/juliana\/#author","url":"https:\/\/anoticiaonline.com.br\/site\/author\/juliana\/","name":"Juliana Laviola","image":{"@type":"ImageObject","@id":"https:\/\/anoticiaonline.com.br\/site\/cine-veredas-exibe-os-incriveis-2\/#authorImage","url":"https:\/\/secure.gravatar.com\/avatar\/b8d45f5c699b100dfaf0e543582f38f38bf94cb7ae3a5e9abf8d891a34773335?s=96&d=mm&r=g","width":96,"height":96,"caption":"Juliana Laviola"}},{"@type":"WebPage","@id":"https:\/\/anoticiaonline.com.br\/site\/cine-veredas-exibe-os-incriveis-2\/#webpage","url":"https:\/\/anoticiaonline.com.br\/site\/cine-veredas-exibe-os-incriveis-2\/","name":"Cine Veredas exibe \u201cOs Incr\u00edveis 2\u201d - A Not\u00edcia Online","description":"O Cine Veredas exibe \u201cOs Incr\u00edveis 2\u201d. As vendas antecipadas dos ingressos s\u00e3o realizadas na Veredas Kids, na Pra\u00e7a Jo\u00e3o Pinheiro, 103, de segunda a sexta, das 10h \u00e0s 18h e, aos s\u00e1bados, das 9h \u00e0s 13h. A bilheteria abre sempre 1h antes da primeira sess\u00e3o do dia. Mais informa\u00e7\u00f5es podem ser obtidas pelos telefones","inLanguage":"pt-BR","isPartOf":{"@id":"https:\/\/anoticiaonline.com.br\/site\/#website"},"breadcrumb":{"@id":"https:\/\/anoticiaonline.com.br\/site\/cine-veredas-exibe-os-incriveis-2\/#breadcrumblist"},"author":{"@id":"https:\/\/anoticiaonline.com.br\/site\/author\/juliana\/#author"},"creator":{"@id":"https:\/\/anoticiaonline.com.br\/site\/author\/juliana\/#author"},"image":{"@type":"ImageObject","url":"https:\/\/anoticiaonline.com.br\/site\/wp-content\/uploads\/2018\/07\/WhatsApp-Image-2018-07-04-at-15.29.39.jpeg","@id":"https:\/\/anoticiaonline.com.br\/site\/cine-veredas-exibe-os-incriveis-2\/#mainImage","width":640,"height":427},"primaryImageOfPage":{"@id":"https:\/\/anoticiaonline.com.br\/site\/cine-veredas-exibe-os-incriveis-2\/#mainImage"},"datePublished":"2018-07-05T18:24:25-03:00","dateModified":"2018-07-05T18:24:25-03:00"},{"@type":"WebSite","@id":"https:\/\/anoticiaonline.com.br\/site\/#website","url":"https:\/\/anoticiaonline.com.br\/site\/","name":"A Not\u00edcia Online","description":"Noticias de Muria\u00e9 e regi\u00e3o","inLanguage":"pt-BR","publisher":{"@id":"https:\/\/anoticiaonline.com.br\/site\/#organization"}}]},"og:locale":"pt_BR","og:site_name":"A Not\u00edcia Online - Noticias de Muria\u00e9 e regi\u00e3o","og:type":"article","og:title":"Cine Veredas exibe \u201cOs Incr\u00edveis 2\u201d - A Not\u00edcia Online","og:description":"O Cine Veredas exibe \u201cOs Incr\u00edveis 2\u201d. As vendas antecipadas dos ingressos s\u00e3o realizadas na Veredas Kids, na Pra\u00e7a Jo\u00e3o Pinheiro, 103, de segunda a sexta, das 10h \u00e0s 18h e, aos s\u00e1bados, das 9h \u00e0s 13h. A bilheteria abre sempre 1h antes da primeira sess\u00e3o do dia. Mais informa\u00e7\u00f5es podem ser obtidas pelos telefones","og:url":"https:\/\/anoticiaonline.com.br\/site\/cine-veredas-exibe-os-incriveis-2\/","og:image":"https:\/\/scontent-gig4-1.xx.fbcdn.net\/v\/t39.30808-1\/270437624_4564083193639691_6907940295614233970_n.jpg?stp=dst-jpg_s200x200_tt6&#038;_nc_cat=111&#038;ccb=1-7&#038;_nc_sid=f907e8&#038;_nc_ohc=SM1wRlP3lJwQ7kNvwEPuBYA&#038;_nc_oc=AdnqrjDN_BNjSSHWO-GbkIWH6fkGMLw4bqvL_NH6e2wMveX7G-rP2dAqsDSq1mJMOaY&#038;_nc_zt=24&#038;_nc_ht=scontent-gig4-1.xx&#038;_nc_gid=AoBFJeGrT1hVaew_6rchkQ&#038;oh=00_AfX7QmFGhQhG2jAllVgXCiM1ZrWgvtp80-Bfppyexh1QEg&#038;oe=689E923C","og:image:secure_url":"https:\/\/scontent-gig4-1.xx.fbcdn.net\/v\/t39.30808-1\/270437624_4564083193639691_6907940295614233970_n.jpg?stp=dst-jpg_s200x200_tt6&#038;_nc_cat=111&#038;ccb=1-7&#038;_nc_sid=f907e8&#038;_nc_ohc=SM1wRlP3lJwQ7kNvwEPuBYA&#038;_nc_oc=AdnqrjDN_BNjSSHWO-GbkIWH6fkGMLw4bqvL_NH6e2wMveX7G-rP2dAqsDSq1mJMOaY&#038;_nc_zt=24&#038;_nc_ht=scontent-gig4-1.xx&#038;_nc_gid=AoBFJeGrT1hVaew_6rchkQ&#038;oh=00_AfX7QmFGhQhG2jAllVgXCiM1ZrWgvtp80-Bfppyexh1QEg&#038;oe=689E923C","article:published_time":"2018-07-05T21:24:25+00:00","article:modified_time":"2018-07-05T21:24:25+00:00","twitter:card":"summary_large_image","twitter:title":"Cine Veredas exibe \u201cOs Incr\u00edveis 2\u201d - A Not\u00edcia Online","twitter:description":"O Cine Veredas exibe \u201cOs Incr\u00edveis 2\u201d. As vendas antecipadas dos ingressos s\u00e3o realizadas na Veredas Kids, na Pra\u00e7a Jo\u00e3o Pinheiro, 103, de segunda a sexta, das 10h \u00e0s 18h e, aos s\u00e1bados, das 9h \u00e0s 13h. A bilheteria abre sempre 1h antes da primeira sess\u00e3o do dia. Mais informa\u00e7\u00f5es podem ser obtidas pelos telefones","twitter:image":"https:\/\/scontent-gig4-1.xx.fbcdn.net\/v\/t39.30808-1\/270437624_4564083193639691_6907940295614233970_n.jpg?stp=dst-jpg_s200x200_tt6&_nc_cat=111&ccb=1-7&_nc_sid=f907e8&_nc_ohc=SM1wRlP3lJwQ7kNvwEPuBYA&_nc_oc=AdnqrjDN_BNjSSHWO-GbkIWH6fkGMLw4bqvL_NH6e2wMveX7G-rP2dAqsDSq1mJMOaY&_nc_zt=24&_nc_ht=scontent-gig4-1.xx&_nc_gid=AoBFJeGrT1hVaew_6rchkQ&oh=00_AfX7QmFGhQhG2jAllVgXCiM1ZrWgvtp80-Bfppyexh1QEg&oe=689E923C"},"aioseo_meta_data":{"post_id":"58009","title":null,"description":null,"keywords":null,"keyphrases":null,"primary_term":null,"canonical_url":null,"og_title":null,"og_description":null,"og_object_type":"default","og_image_type":"default","og_image_url":null,"og_image_width":null,"og_image_height":null,"og_image_custom_url":null,"og_image_custom_fields":null,"og_video":null,"og_custom_url":null,"og_article_section":null,"og_article_tags":null,"twitter_use_og":false,"twitter_card":"default","twitter_image_type":"default","twitter_image_url":null,"twitter_image_custom_url":null,"twitter_image_custom_fields":null,"twitter_title":null,"twitter_description":null,"schema":{"blockGraphs":[],"customGraphs":[],"default":{"data":{"Article":[],"Course":[],"Dataset":[],"FAQPage":[],"Movie":[],"Person":[],"Product":[],"ProductReview":[],"Car":[],"Recipe":[],"Service":[],"SoftwareApplication":[],"WebPage":[]},"graphName":"","isEnabled":true},"graphs":[]},"schema_type":"default","schema_type_options":null,"pillar_content":false,"robots_default":true,"robots_noindex":false,"robots_noarchive":false,"robots_nosnippet":false,"robots_nofollow":false,"robots_noimageindex":false,"robots_noodp":false,"robots_notranslate":false,"robots_max_snippet":null,"robots_max_videopreview":null,"robots_max_imagepreview":"large","priority":null,"frequency":null,"local_seo":null,"breadcrumb_settings":null,"limit_modified_date":false,"ai":null,"created":"2025-08-16 21:10:43","updated":"2025-08-16 21:10:43","focus_keyword":null,"additional_keywords":null,"truseo_locale":null,"seo_analyzer_scan_date":null},"aioseo_breadcrumb":"<div class=\"aioseo-breadcrumbs\"><span class=\"aioseo-breadcrumb\">\n\t\t\t<a href=\"https:\/\/anoticiaonline.com.br\/site\" title=\"Home\">Home<\/a>\n\t\t<\/span><span class=\"aioseo-breadcrumb-separator\">&raquo;<\/span><span class=\"aioseo-breadcrumb\">\n\t\t\t<a href=\"https:\/\/anoticiaonline.com.br\/site\/categoria\/muriae\/\" title=\"Blog\">Blog<\/a>\n\t\t<\/span><span class=\"aioseo-breadcrumb-separator\">&raquo;<\/span><span class=\"aioseo-breadcrumb\">\n\t\t\t<a href=\"https:\/\/anoticiaonline.com.br\/site\/categoria\/muriae\/cultura\/\" title=\"Cultura\">Cultura<\/a>\n\t\t<\/span><span class=\"aioseo-breadcrumb-separator\">&raquo;<\/span><span class=\"aioseo-breadcrumb\">\n\t\t\tCine Veredas exibe \u201cOs Incr\u00edveis 2\u201d\n\t\t<\/span><\/div>","aioseo_breadcrumb_json":[{"label":"Home","link":"https:\/\/anoticiaonline.com.br\/site"},{"label":"Blog","link":"https:\/\/anoticiaonline.com.br\/site\/categoria\/muriae\/"},{"label":"Cultura","link":"https:\/\/anoticiaonline.com.br\/site\/categoria\/muriae\/cultura\/"},{"label":"Cine Veredas exibe \u201cOs Incr\u00edveis 2\u201d","link":"https:\/\/anoticiaonline.com.br\/site\/cine-veredas-exibe-os-incriveis-2\/"}],"views":158,"_links":{"self":[{"href":"https:\/\/anoticiaonline.com.br\/site\/wp-json\/wp\/v2\/posts\/58009","targetHints":{"allow":["GET"]}}],"collection":[{"href":"https:\/\/anoticiaonline.com.br\/site\/wp-json\/wp\/v2\/posts"}],"about":[{"href":"https:\/\/anoticiaonline.com.br\/site\/wp-json\/wp\/v2\/types\/post"}],"author":[{"embeddable":true,"href":"https:\/\/anoticiaonline.com.br\/site\/wp-json\/wp\/v2\/users\/2"}],"replies":[{"embeddable":true,"href":"https:\/\/anoticiaonline.com.br\/site\/wp-json\/wp\/v2\/comments?post=58009"}],"version-history":[{"count":0,"href":"https:\/\/anoticiaonline.com.br\/site\/wp-json\/wp\/v2\/posts\/58009\/revisions"}],"wp:featuredmedia":[{"embeddable":true,"href":"https:\/\/anoticiaonline.com.br\/site\/wp-json\/wp\/v2\/media\/58010"}],"wp:attachment":[{"href":"https:\/\/anoticiaonline.com.br\/site\/wp-json\/wp\/v2\/media?parent=58009"}],"wp:term":[{"taxonomy":"category","embeddable":true,"href":"https:\/\/anoticiaonline.com.br\/site\/wp-json\/wp\/v2\/categories?post=58009"},{"taxonomy":"post_tag","embeddable":true,"href":"https:\/\/anoticiaonline.com.br\/site\/wp-json\/wp\/v2\/tags?post=58009"}],"curies":[{"name":"wp","href":"https:\/\/api.w.org\/{rel}","templated":true}]}}