{"id":58001,"date":"2018-07-05T17:58:50","date_gmt":"2018-07-05T20:58:50","guid":{"rendered":"http:\/\/anoticiaonline.com.br\/site\/?p=58001"},"modified":"2018-07-05T18:06:39","modified_gmt":"2018-07-05T21:06:39","slug":"a-independencia-e-a-harmonia-dos-poderes-da-republica","status":"publish","type":"post","link":"https:\/\/anoticiaonline.com.br\/site\/a-independencia-e-a-harmonia-dos-poderes-da-republica\/","title":{"rendered":"A independ\u00eancia e a harmonia dos Poderes da Rep\u00fablica"},"content":{"rendered":"<p>Francisco Laviola \u2013 05\/07\/2018<\/p>\n<p>Diz a Constitui\u00e7\u00e3o Federal, em seu artigo 2\u00ba, que \u201cs\u00e3o Poderes da Uni\u00e3o, <strong>independentes<\/strong> e <strong>harm\u00f4nicos <\/strong>entre si, o Legislativo, o Executivo e o Judici\u00e1rio\u201d.<\/p>\n<p>Portanto, a independ\u00eancia e a harmonia entre os tr\u00eas Poderes da Rep\u00fablica s\u00e3o princ\u00edpios fundamentais de uma democracia plena e mais um servi\u00e7o prestado \u00e0 ordem e \u00e0 defesa de uma situa\u00e7\u00e3o pol\u00edtica, cuja express\u00e3o \u00e9 hoje t\u00e3o citada pelos operadores da pol\u00edtica brasileira: o Estado Democr\u00e1tico de Direito.<\/p>\n<p>Para que haja uma sintonia entre a independ\u00eancia e a harmonia preconizadas, \u00e9 necess\u00e1rio que cada um dos Poderes cumpra fielmente o seu papel, ou seja, que o Executivo governe observando as leis e a Constitui\u00e7\u00e3o; que o Legislativo exer\u00e7a as suas prerrogativas de fiscalizar o Executivo e cumpra o seu dever de legislar de forma eficiente e clara; e, que o Judici\u00e1rio possa julgar na forma da lei e no tempo mais curto poss\u00edvel tudo aquilo que estiver dentro da sua compet\u00eancia.<\/p>\n<p>O sistema democr\u00e1tico do pa\u00eds precisa ainda de muitos avan\u00e7os e um deles \u00e9, sem d\u00favida, a necessidade de harmonizar e dar uma maior din\u00e2mica aos Poderes da Uni\u00e3o, hoje emperrados pela burocracia p\u00fablica e pela m\u00e1 vontade pol\u00edtica de seus representantes. Existe no nosso sistema de governo uma cadeia de entraves burocr\u00e1ticos que inibe estes dois princ\u00edpios constitucionais. Um dos exemplos mais \u00a0contundentes \u00e9 a utiliza\u00e7\u00e3o em demasia das tais Medidas Provis\u00f3rias, que s\u00e3o editadas pelo Executivo e que tem que ser votadas pelo Congresso num prazo m\u00e1ximo de 30 dias.\u00a0 Como, na maioria das vezes, n\u00e3o s\u00e3o votadas dentro desse prazo, elas s\u00e3o reeditadas e acabam trancando a pauta do Legislativo e emperrando todo o processo de vota\u00e7\u00e3o de novos projetos de lei, num c\u00edrculo vicioso sem fim.<\/p>\n<p>Enquanto isso, o Judici\u00e1rio se v\u00ea \u00e0s voltas com um emaranhado de leis d\u00fabias e c\u00f3digos ultrapassados, que h\u00e1 muito tempo n\u00e3o atendem \u00e0s necessidades da sociedade, por causa da r\u00e1pida evolu\u00e7\u00e3o cient\u00edfica e tecnol\u00f3gica dos dias atuais. \u00a0O resultado \u00e9 a contamina\u00e7\u00e3o dos processos de julgamento de a\u00e7\u00f5es propostas, maculando a Institui\u00e7\u00e3o por v\u00edcios como a lentid\u00e3o ou decis\u00f5es que, invariavelmente, deixam a desejar no atendimento da presta\u00e7\u00e3o jurisdicional.<\/p>\n<p>Embora sejam Institui\u00e7\u00f5es independentes entre si, como reza a Constitui\u00e7\u00e3o, as mazelas caracterizadas pela burocracia p\u00fablica fazem com que, na pr\u00e1tica, um Poder \u00e0s vezes dependa do outro, sem contar as in\u00fameras interfer\u00eancias e at\u00e9 eventuais colis\u00f5es que, invariavelmente ocorrem, ficando prejudicados os preceitos constitucionais da independ\u00eancia e da harmonia entre os tr\u00eas Poderes.<\/p>\n","protected":false},"excerpt":{"rendered":"<p>Francisco Laviola \u2013 05\/07\/2018 Diz a Constitui\u00e7\u00e3o Federal, em seu artigo 2\u00ba, que \u201cs\u00e3o Poderes da Uni\u00e3o, independentes e harm\u00f4nicos entre si, o Legislativo, o Executivo e o Judici\u00e1rio\u201d. Portanto, a independ\u00eancia e a harmonia entre os tr\u00eas Poderes da Rep\u00fablica s\u00e3o princ\u00edpios fundamentais de uma democracia plena e mais um servi\u00e7o prestado \u00e0 ordem &#8230; <a title=\"A independ\u00eancia e a harmonia dos Poderes da Rep\u00fablica\" class=\"read-more\" href=\"https:\/\/anoticiaonline.com.br\/site\/a-independencia-e-a-harmonia-dos-poderes-da-republica\/\" aria-label=\"Read more about A independ\u00eancia e a harmonia dos Poderes da Rep\u00fablica\">Ler mais<\/a><\/p>\n","protected":false},"author":2,"featured_media":0,"comment_status":"open","ping_status":"open","sticky":false,"template":"","format":"standard","meta":{"_acf_changed":false,"_monsterinsights_skip_tracking":false,"footnotes":""},"categories":[33],"tags":[],"class_list":["post-58001","post","type-post","status-publish","format-standard","hentry","category-politica-e-atualidades-francisco-laviola"],"acf":[],"aioseo_notices":[],"aioseo_head":"\n\t\t<!-- All in One SEO 5.0.0.1 - aioseo.com -->\n\t<meta name=\"description\" content=\"Francisco Laviola \u2013 05\/07\/2018 Diz a Constitui\u00e7\u00e3o Federal, em seu artigo 2\u00ba, que \u201cs\u00e3o Poderes da Uni\u00e3o, independentes e harm\u00f4nicos entre si, o Legislativo, o Executivo e o Judici\u00e1rio\u201d. Portanto, a independ\u00eancia e a harmonia entre os tr\u00eas Poderes da Rep\u00fablica s\u00e3o princ\u00edpios fundamentais de uma democracia plena e mais um servi\u00e7o prestado \u00e0 ordem\" \/>\n\t<meta name=\"robots\" content=\"max-image-preview:large\" \/>\n\t<meta name=\"author\" content=\"Juliana Laviola\"\/>\n\t<link rel=\"canonical\" href=\"https:\/\/anoticiaonline.com.br\/site\/a-independencia-e-a-harmonia-dos-poderes-da-republica\/\" \/>\n\t<meta name=\"generator\" content=\"All in One SEO (AIOSEO) 5.0.0.1\" \/>\n\t\t<meta property=\"og:locale\" content=\"pt_BR\" \/>\n\t\t<meta property=\"og:site_name\" content=\"A Not\u00edcia Online - Noticias de Muria\u00e9 e regi\u00e3o\" \/>\n\t\t<meta property=\"og:type\" content=\"article\" \/>\n\t\t<meta property=\"og:title\" content=\"A independ\u00eancia e a harmonia dos Poderes da Rep\u00fablica - A Not\u00edcia Online\" \/>\n\t\t<meta property=\"og:description\" content=\"Francisco Laviola \u2013 05\/07\/2018 Diz a Constitui\u00e7\u00e3o Federal, em seu artigo 2\u00ba, que \u201cs\u00e3o Poderes da Uni\u00e3o, independentes e harm\u00f4nicos entre si, o Legislativo, o Executivo e o Judici\u00e1rio\u201d. Portanto, a independ\u00eancia e a harmonia entre os tr\u00eas Poderes da Rep\u00fablica s\u00e3o princ\u00edpios fundamentais de uma democracia plena e mais um servi\u00e7o prestado \u00e0 ordem\" \/>\n\t\t<meta property=\"og:url\" content=\"https:\/\/anoticiaonline.com.br\/site\/a-independencia-e-a-harmonia-dos-poderes-da-republica\/\" \/>\n\t\t<meta property=\"og:image\" content=\"https:\/\/scontent-gig4-1.xx.fbcdn.net\/v\/t39.30808-1\/270437624_4564083193639691_6907940295614233970_n.jpg?stp=dst-jpg_s200x200_tt6&#038;_nc_cat=111&#038;ccb=1-7&#038;_nc_sid=f907e8&#038;_nc_ohc=SM1wRlP3lJwQ7kNvwEPuBYA&#038;_nc_oc=AdnqrjDN_BNjSSHWO-GbkIWH6fkGMLw4bqvL_NH6e2wMveX7G-rP2dAqsDSq1mJMOaY&#038;_nc_zt=24&#038;_nc_ht=scontent-gig4-1.xx&#038;_nc_gid=AoBFJeGrT1hVaew_6rchkQ&#038;oh=00_AfX7QmFGhQhG2jAllVgXCiM1ZrWgvtp80-Bfppyexh1QEg&#038;oe=689E923C\" \/>\n\t\t<meta property=\"og:image:secure_url\" content=\"https:\/\/scontent-gig4-1.xx.fbcdn.net\/v\/t39.30808-1\/270437624_4564083193639691_6907940295614233970_n.jpg?stp=dst-jpg_s200x200_tt6&#038;_nc_cat=111&#038;ccb=1-7&#038;_nc_sid=f907e8&#038;_nc_ohc=SM1wRlP3lJwQ7kNvwEPuBYA&#038;_nc_oc=AdnqrjDN_BNjSSHWO-GbkIWH6fkGMLw4bqvL_NH6e2wMveX7G-rP2dAqsDSq1mJMOaY&#038;_nc_zt=24&#038;_nc_ht=scontent-gig4-1.xx&#038;_nc_gid=AoBFJeGrT1hVaew_6rchkQ&#038;oh=00_AfX7QmFGhQhG2jAllVgXCiM1ZrWgvtp80-Bfppyexh1QEg&#038;oe=689E923C\" \/>\n\t\t<meta property=\"article:published_time\" content=\"2018-07-05T20:58:50+00:00\" \/>\n\t\t<meta property=\"article:modified_time\" content=\"2018-07-05T21:06:39+00:00\" \/>\n\t\t<meta name=\"twitter:card\" content=\"summary_large_image\" \/>\n\t\t<meta name=\"twitter:title\" content=\"A independ\u00eancia e a harmonia dos Poderes da Rep\u00fablica - A Not\u00edcia Online\" \/>\n\t\t<meta name=\"twitter:description\" content=\"Francisco Laviola \u2013 05\/07\/2018 Diz a Constitui\u00e7\u00e3o Federal, em seu artigo 2\u00ba, que \u201cs\u00e3o Poderes da Uni\u00e3o, independentes e harm\u00f4nicos entre si, o Legislativo, o Executivo e o Judici\u00e1rio\u201d. Portanto, a independ\u00eancia e a harmonia entre os tr\u00eas Poderes da Rep\u00fablica s\u00e3o princ\u00edpios fundamentais de uma democracia plena e mais um servi\u00e7o prestado \u00e0 ordem\" \/>\n\t\t<meta name=\"twitter:image\" content=\"https:\/\/scontent-gig4-1.xx.fbcdn.net\/v\/t39.30808-1\/270437624_4564083193639691_6907940295614233970_n.jpg?stp=dst-jpg_s200x200_tt6&amp;_nc_cat=111&amp;ccb=1-7&amp;_nc_sid=f907e8&amp;_nc_ohc=SM1wRlP3lJwQ7kNvwEPuBYA&amp;_nc_oc=AdnqrjDN_BNjSSHWO-GbkIWH6fkGMLw4bqvL_NH6e2wMveX7G-rP2dAqsDSq1mJMOaY&amp;_nc_zt=24&amp;_nc_ht=scontent-gig4-1.xx&amp;_nc_gid=AoBFJeGrT1hVaew_6rchkQ&amp;oh=00_AfX7QmFGhQhG2jAllVgXCiM1ZrWgvtp80-Bfppyexh1QEg&amp;oe=689E923C\" \/>\n\t\t<script type=\"application\/ld+json\" class=\"aioseo-schema\">\n\t\t\t{\"@context\":\"https:\\\/\\\/schema.org\",\"@graph\":[{\"@type\":\"BlogPosting\",\"@id\":\"https:\\\/\\\/anoticiaonline.com.br\\\/site\\\/a-independencia-e-a-harmonia-dos-poderes-da-republica\\\/#blogposting\",\"name\":\"A independ\\u00eancia e a harmonia dos Poderes da Rep\\u00fablica - A Not\\u00edcia Online\",\"headline\":\"A independ\\u00eancia e a harmonia dos Poderes da Rep\\u00fablica\",\"author\":{\"@id\":\"https:\\\/\\\/anoticiaonline.com.br\\\/site\\\/author\\\/juliana\\\/#author\"},\"publisher\":{\"@id\":\"https:\\\/\\\/anoticiaonline.com.br\\\/site\\\/#organization\"},\"image\":{\"@type\":\"ImageObject\",\"url\":\"https:\\\/\\\/scontent-gig4-1.xx.fbcdn.net\\\/v\\\/t39.30808-1\\\/270437624_4564083193639691_6907940295614233970_n.jpg?stp=dst-jpg_s200x200_tt6&_nc_cat=111&ccb=1-7&_nc_sid=f907e8&_nc_ohc=SM1wRlP3lJwQ7kNvwEPuBYA&_nc_oc=AdnqrjDN_BNjSSHWO-GbkIWH6fkGMLw4bqvL_NH6e2wMveX7G-rP2dAqsDSq1mJMOaY&_nc_zt=24&_nc_ht=scontent-gig4-1.xx&_nc_gid=AoBFJeGrT1hVaew_6rchkQ&oh=00_AfX7QmFGhQhG2jAllVgXCiM1ZrWgvtp80-Bfppyexh1QEg&oe=689E923C\",\"@id\":\"https:\\\/\\\/anoticiaonline.com.br\\\/site\\\/#articleImage\"},\"datePublished\":\"2018-07-05T17:58:50-03:00\",\"dateModified\":\"2018-07-05T18:06:39-03:00\",\"inLanguage\":\"pt-BR\",\"mainEntityOfPage\":{\"@id\":\"https:\\\/\\\/anoticiaonline.com.br\\\/site\\\/a-independencia-e-a-harmonia-dos-poderes-da-republica\\\/#webpage\"},\"isPartOf\":{\"@id\":\"https:\\\/\\\/anoticiaonline.com.br\\\/site\\\/a-independencia-e-a-harmonia-dos-poderes-da-republica\\\/#webpage\"},\"articleSection\":\"Pol\\u00edtica e Atualidades - Francisco Laviola\"},{\"@type\":\"BreadcrumbList\",\"@id\":\"https:\\\/\\\/anoticiaonline.com.br\\\/site\\\/a-independencia-e-a-harmonia-dos-poderes-da-republica\\\/#breadcrumblist\",\"itemListElement\":[{\"@type\":\"ListItem\",\"@id\":\"https:\\\/\\\/anoticiaonline.com.br\\\/site#listItem\",\"position\":1,\"name\":\"Home\",\"item\":\"https:\\\/\\\/anoticiaonline.com.br\\\/site\",\"nextItem\":{\"@type\":\"ListItem\",\"@id\":\"https:\\\/\\\/anoticiaonline.com.br\\\/site\\\/categoria\\\/colunistas\\\/#listItem\",\"name\":\"Colunistas\"}},{\"@type\":\"ListItem\",\"@id\":\"https:\\\/\\\/anoticiaonline.com.br\\\/site\\\/categoria\\\/colunistas\\\/#listItem\",\"position\":2,\"name\":\"Colunistas\",\"item\":\"https:\\\/\\\/anoticiaonline.com.br\\\/site\\\/categoria\\\/colunistas\\\/\",\"nextItem\":{\"@type\":\"ListItem\",\"@id\":\"https:\\\/\\\/anoticiaonline.com.br\\\/site\\\/categoria\\\/colunistas\\\/politica-e-atualidades-francisco-laviola\\\/#listItem\",\"name\":\"Pol\\u00edtica e Atualidades - Francisco Laviola\"},\"previousItem\":{\"@type\":\"ListItem\",\"@id\":\"https:\\\/\\\/anoticiaonline.com.br\\\/site#listItem\",\"name\":\"Home\"}},{\"@type\":\"ListItem\",\"@id\":\"https:\\\/\\\/anoticiaonline.com.br\\\/site\\\/categoria\\\/colunistas\\\/politica-e-atualidades-francisco-laviola\\\/#listItem\",\"position\":3,\"name\":\"Pol\\u00edtica e Atualidades - Francisco Laviola\",\"item\":\"https:\\\/\\\/anoticiaonline.com.br\\\/site\\\/categoria\\\/colunistas\\\/politica-e-atualidades-francisco-laviola\\\/\",\"nextItem\":{\"@type\":\"ListItem\",\"@id\":\"https:\\\/\\\/anoticiaonline.com.br\\\/site\\\/a-independencia-e-a-harmonia-dos-poderes-da-republica\\\/#listItem\",\"name\":\"A independ\\u00eancia e a harmonia dos Poderes da Rep\\u00fablica\"},\"previousItem\":{\"@type\":\"ListItem\",\"@id\":\"https:\\\/\\\/anoticiaonline.com.br\\\/site\\\/categoria\\\/colunistas\\\/#listItem\",\"name\":\"Colunistas\"}},{\"@type\":\"ListItem\",\"@id\":\"https:\\\/\\\/anoticiaonline.com.br\\\/site\\\/a-independencia-e-a-harmonia-dos-poderes-da-republica\\\/#listItem\",\"position\":4,\"name\":\"A independ\\u00eancia e a harmonia dos Poderes da Rep\\u00fablica\",\"previousItem\":{\"@type\":\"ListItem\",\"@id\":\"https:\\\/\\\/anoticiaonline.com.br\\\/site\\\/categoria\\\/colunistas\\\/politica-e-atualidades-francisco-laviola\\\/#listItem\",\"name\":\"Pol\\u00edtica e Atualidades - Francisco Laviola\"}}]},{\"@type\":\"Organization\",\"@id\":\"https:\\\/\\\/anoticiaonline.com.br\\\/site\\\/#organization\",\"name\":\"A Not\\u00edcia Online\",\"description\":\"Noticias de Muria\\u00e9 e regi\\u00e3o\",\"url\":\"https:\\\/\\\/anoticiaonline.com.br\\\/site\\\/\",\"logo\":{\"@type\":\"ImageObject\",\"url\":\"https:\\\/\\\/scontent-gig4-1.xx.fbcdn.net\\\/v\\\/t39.30808-1\\\/270437624_4564083193639691_6907940295614233970_n.jpg?stp=dst-jpg_s200x200_tt6&_nc_cat=111&ccb=1-7&_nc_sid=f907e8&_nc_ohc=SM1wRlP3lJwQ7kNvwEPuBYA&_nc_oc=AdnqrjDN_BNjSSHWO-GbkIWH6fkGMLw4bqvL_NH6e2wMveX7G-rP2dAqsDSq1mJMOaY&_nc_zt=24&_nc_ht=scontent-gig4-1.xx&_nc_gid=AoBFJeGrT1hVaew_6rchkQ&oh=00_AfX7QmFGhQhG2jAllVgXCiM1ZrWgvtp80-Bfppyexh1QEg&oe=689E923C\",\"@id\":\"https:\\\/\\\/anoticiaonline.com.br\\\/site\\\/a-independencia-e-a-harmonia-dos-poderes-da-republica\\\/#organizationLogo\"},\"image\":{\"@id\":\"https:\\\/\\\/anoticiaonline.com.br\\\/site\\\/a-independencia-e-a-harmonia-dos-poderes-da-republica\\\/#organizationLogo\"}},{\"@type\":\"Person\",\"@id\":\"https:\\\/\\\/anoticiaonline.com.br\\\/site\\\/author\\\/juliana\\\/#author\",\"url\":\"https:\\\/\\\/anoticiaonline.com.br\\\/site\\\/author\\\/juliana\\\/\",\"name\":\"Juliana Laviola\",\"image\":{\"@type\":\"ImageObject\",\"@id\":\"https:\\\/\\\/anoticiaonline.com.br\\\/site\\\/a-independencia-e-a-harmonia-dos-poderes-da-republica\\\/#authorImage\",\"url\":\"https:\\\/\\\/secure.gravatar.com\\\/avatar\\\/b8d45f5c699b100dfaf0e543582f38f38bf94cb7ae3a5e9abf8d891a34773335?s=96&d=mm&r=g\",\"width\":96,\"height\":96,\"caption\":\"Juliana Laviola\"}},{\"@type\":\"WebPage\",\"@id\":\"https:\\\/\\\/anoticiaonline.com.br\\\/site\\\/a-independencia-e-a-harmonia-dos-poderes-da-republica\\\/#webpage\",\"url\":\"https:\\\/\\\/anoticiaonline.com.br\\\/site\\\/a-independencia-e-a-harmonia-dos-poderes-da-republica\\\/\",\"name\":\"A independ\\u00eancia e a harmonia dos Poderes da Rep\\u00fablica - A Not\\u00edcia Online\",\"description\":\"Francisco Laviola \\u2013 05\\\/07\\\/2018 Diz a Constitui\\u00e7\\u00e3o Federal, em seu artigo 2\\u00ba, que \\u201cs\\u00e3o Poderes da Uni\\u00e3o, independentes e harm\\u00f4nicos entre si, o Legislativo, o Executivo e o Judici\\u00e1rio\\u201d. Portanto, a independ\\u00eancia e a harmonia entre os tr\\u00eas Poderes da Rep\\u00fablica s\\u00e3o princ\\u00edpios fundamentais de uma democracia plena e mais um servi\\u00e7o prestado \\u00e0 ordem\",\"inLanguage\":\"pt-BR\",\"isPartOf\":{\"@id\":\"https:\\\/\\\/anoticiaonline.com.br\\\/site\\\/#website\"},\"breadcrumb\":{\"@id\":\"https:\\\/\\\/anoticiaonline.com.br\\\/site\\\/a-independencia-e-a-harmonia-dos-poderes-da-republica\\\/#breadcrumblist\"},\"author\":{\"@id\":\"https:\\\/\\\/anoticiaonline.com.br\\\/site\\\/author\\\/juliana\\\/#author\"},\"creator\":{\"@id\":\"https:\\\/\\\/anoticiaonline.com.br\\\/site\\\/author\\\/juliana\\\/#author\"},\"datePublished\":\"2018-07-05T17:58:50-03:00\",\"dateModified\":\"2018-07-05T18:06:39-03:00\"},{\"@type\":\"WebSite\",\"@id\":\"https:\\\/\\\/anoticiaonline.com.br\\\/site\\\/#website\",\"url\":\"https:\\\/\\\/anoticiaonline.com.br\\\/site\\\/\",\"name\":\"A Not\\u00edcia Online\",\"description\":\"Noticias de Muria\\u00e9 e regi\\u00e3o\",\"inLanguage\":\"pt-BR\",\"publisher\":{\"@id\":\"https:\\\/\\\/anoticiaonline.com.br\\\/site\\\/#organization\"}}]}\n\t\t<\/script>\n\t\t<!-- All in One SEO -->\n\n","aioseo_head_json":{"title":"A independ\u00eancia e a harmonia dos Poderes da Rep\u00fablica - A Not\u00edcia Online","description":"Francisco Laviola \u2013 05\/07\/2018 Diz a Constitui\u00e7\u00e3o Federal, em seu artigo 2\u00ba, que \u201cs\u00e3o Poderes da Uni\u00e3o, independentes e harm\u00f4nicos entre si, o Legislativo, o Executivo e o Judici\u00e1rio\u201d. Portanto, a independ\u00eancia e a harmonia entre os tr\u00eas Poderes da Rep\u00fablica s\u00e3o princ\u00edpios fundamentais de uma democracia plena e mais um servi\u00e7o prestado \u00e0 ordem","canonical_url":"https:\/\/anoticiaonline.com.br\/site\/a-independencia-e-a-harmonia-dos-poderes-da-republica\/","robots":"max-image-preview:large","keywords":"","webmasterTools":{"miscellaneous":""},"schema":{"@context":"https:\/\/schema.org","@graph":[{"@type":"BlogPosting","@id":"https:\/\/anoticiaonline.com.br\/site\/a-independencia-e-a-harmonia-dos-poderes-da-republica\/#blogposting","name":"A independ\u00eancia e a harmonia dos Poderes da Rep\u00fablica - A Not\u00edcia Online","headline":"A independ\u00eancia e a harmonia dos Poderes da Rep\u00fablica","author":{"@id":"https:\/\/anoticiaonline.com.br\/site\/author\/juliana\/#author"},"publisher":{"@id":"https:\/\/anoticiaonline.com.br\/site\/#organization"},"image":{"@type":"ImageObject","url":"https:\/\/scontent-gig4-1.xx.fbcdn.net\/v\/t39.30808-1\/270437624_4564083193639691_6907940295614233970_n.jpg?stp=dst-jpg_s200x200_tt6&_nc_cat=111&ccb=1-7&_nc_sid=f907e8&_nc_ohc=SM1wRlP3lJwQ7kNvwEPuBYA&_nc_oc=AdnqrjDN_BNjSSHWO-GbkIWH6fkGMLw4bqvL_NH6e2wMveX7G-rP2dAqsDSq1mJMOaY&_nc_zt=24&_nc_ht=scontent-gig4-1.xx&_nc_gid=AoBFJeGrT1hVaew_6rchkQ&oh=00_AfX7QmFGhQhG2jAllVgXCiM1ZrWgvtp80-Bfppyexh1QEg&oe=689E923C","@id":"https:\/\/anoticiaonline.com.br\/site\/#articleImage"},"datePublished":"2018-07-05T17:58:50-03:00","dateModified":"2018-07-05T18:06:39-03:00","inLanguage":"pt-BR","mainEntityOfPage":{"@id":"https:\/\/anoticiaonline.com.br\/site\/a-independencia-e-a-harmonia-dos-poderes-da-republica\/#webpage"},"isPartOf":{"@id":"https:\/\/anoticiaonline.com.br\/site\/a-independencia-e-a-harmonia-dos-poderes-da-republica\/#webpage"},"articleSection":"Pol\u00edtica e Atualidades - Francisco Laviola"},{"@type":"BreadcrumbList","@id":"https:\/\/anoticiaonline.com.br\/site\/a-independencia-e-a-harmonia-dos-poderes-da-republica\/#breadcrumblist","itemListElement":[{"@type":"ListItem","@id":"https:\/\/anoticiaonline.com.br\/site#listItem","position":1,"name":"Home","item":"https:\/\/anoticiaonline.com.br\/site","nextItem":{"@type":"ListItem","@id":"https:\/\/anoticiaonline.com.br\/site\/categoria\/colunistas\/#listItem","name":"Colunistas"}},{"@type":"ListItem","@id":"https:\/\/anoticiaonline.com.br\/site\/categoria\/colunistas\/#listItem","position":2,"name":"Colunistas","item":"https:\/\/anoticiaonline.com.br\/site\/categoria\/colunistas\/","nextItem":{"@type":"ListItem","@id":"https:\/\/anoticiaonline.com.br\/site\/categoria\/colunistas\/politica-e-atualidades-francisco-laviola\/#listItem","name":"Pol\u00edtica e Atualidades - Francisco Laviola"},"previousItem":{"@type":"ListItem","@id":"https:\/\/anoticiaonline.com.br\/site#listItem","name":"Home"}},{"@type":"ListItem","@id":"https:\/\/anoticiaonline.com.br\/site\/categoria\/colunistas\/politica-e-atualidades-francisco-laviola\/#listItem","position":3,"name":"Pol\u00edtica e Atualidades - Francisco Laviola","item":"https:\/\/anoticiaonline.com.br\/site\/categoria\/colunistas\/politica-e-atualidades-francisco-laviola\/","nextItem":{"@type":"ListItem","@id":"https:\/\/anoticiaonline.com.br\/site\/a-independencia-e-a-harmonia-dos-poderes-da-republica\/#listItem","name":"A independ\u00eancia e a harmonia dos Poderes da Rep\u00fablica"},"previousItem":{"@type":"ListItem","@id":"https:\/\/anoticiaonline.com.br\/site\/categoria\/colunistas\/#listItem","name":"Colunistas"}},{"@type":"ListItem","@id":"https:\/\/anoticiaonline.com.br\/site\/a-independencia-e-a-harmonia-dos-poderes-da-republica\/#listItem","position":4,"name":"A independ\u00eancia e a harmonia dos Poderes da Rep\u00fablica","previousItem":{"@type":"ListItem","@id":"https:\/\/anoticiaonline.com.br\/site\/categoria\/colunistas\/politica-e-atualidades-francisco-laviola\/#listItem","name":"Pol\u00edtica e Atualidades - Francisco Laviola"}}]},{"@type":"Organization","@id":"https:\/\/anoticiaonline.com.br\/site\/#organization","name":"A Not\u00edcia Online","description":"Noticias de Muria\u00e9 e regi\u00e3o","url":"https:\/\/anoticiaonline.com.br\/site\/","logo":{"@type":"ImageObject","url":"https:\/\/scontent-gig4-1.xx.fbcdn.net\/v\/t39.30808-1\/270437624_4564083193639691_6907940295614233970_n.jpg?stp=dst-jpg_s200x200_tt6&_nc_cat=111&ccb=1-7&_nc_sid=f907e8&_nc_ohc=SM1wRlP3lJwQ7kNvwEPuBYA&_nc_oc=AdnqrjDN_BNjSSHWO-GbkIWH6fkGMLw4bqvL_NH6e2wMveX7G-rP2dAqsDSq1mJMOaY&_nc_zt=24&_nc_ht=scontent-gig4-1.xx&_nc_gid=AoBFJeGrT1hVaew_6rchkQ&oh=00_AfX7QmFGhQhG2jAllVgXCiM1ZrWgvtp80-Bfppyexh1QEg&oe=689E923C","@id":"https:\/\/anoticiaonline.com.br\/site\/a-independencia-e-a-harmonia-dos-poderes-da-republica\/#organizationLogo"},"image":{"@id":"https:\/\/anoticiaonline.com.br\/site\/a-independencia-e-a-harmonia-dos-poderes-da-republica\/#organizationLogo"}},{"@type":"Person","@id":"https:\/\/anoticiaonline.com.br\/site\/author\/juliana\/#author","url":"https:\/\/anoticiaonline.com.br\/site\/author\/juliana\/","name":"Juliana Laviola","image":{"@type":"ImageObject","@id":"https:\/\/anoticiaonline.com.br\/site\/a-independencia-e-a-harmonia-dos-poderes-da-republica\/#authorImage","url":"https:\/\/secure.gravatar.com\/avatar\/b8d45f5c699b100dfaf0e543582f38f38bf94cb7ae3a5e9abf8d891a34773335?s=96&d=mm&r=g","width":96,"height":96,"caption":"Juliana Laviola"}},{"@type":"WebPage","@id":"https:\/\/anoticiaonline.com.br\/site\/a-independencia-e-a-harmonia-dos-poderes-da-republica\/#webpage","url":"https:\/\/anoticiaonline.com.br\/site\/a-independencia-e-a-harmonia-dos-poderes-da-republica\/","name":"A independ\u00eancia e a harmonia dos Poderes da Rep\u00fablica - A Not\u00edcia Online","description":"Francisco Laviola \u2013 05\/07\/2018 Diz a Constitui\u00e7\u00e3o Federal, em seu artigo 2\u00ba, que \u201cs\u00e3o Poderes da Uni\u00e3o, independentes e harm\u00f4nicos entre si, o Legislativo, o Executivo e o Judici\u00e1rio\u201d. Portanto, a independ\u00eancia e a harmonia entre os tr\u00eas Poderes da Rep\u00fablica s\u00e3o princ\u00edpios fundamentais de uma democracia plena e mais um servi\u00e7o prestado \u00e0 ordem","inLanguage":"pt-BR","isPartOf":{"@id":"https:\/\/anoticiaonline.com.br\/site\/#website"},"breadcrumb":{"@id":"https:\/\/anoticiaonline.com.br\/site\/a-independencia-e-a-harmonia-dos-poderes-da-republica\/#breadcrumblist"},"author":{"@id":"https:\/\/anoticiaonline.com.br\/site\/author\/juliana\/#author"},"creator":{"@id":"https:\/\/anoticiaonline.com.br\/site\/author\/juliana\/#author"},"datePublished":"2018-07-05T17:58:50-03:00","dateModified":"2018-07-05T18:06:39-03:00"},{"@type":"WebSite","@id":"https:\/\/anoticiaonline.com.br\/site\/#website","url":"https:\/\/anoticiaonline.com.br\/site\/","name":"A Not\u00edcia Online","description":"Noticias de Muria\u00e9 e regi\u00e3o","inLanguage":"pt-BR","publisher":{"@id":"https:\/\/anoticiaonline.com.br\/site\/#organization"}}]},"og:locale":"pt_BR","og:site_name":"A Not\u00edcia Online - Noticias de Muria\u00e9 e regi\u00e3o","og:type":"article","og:title":"A independ\u00eancia e a harmonia dos Poderes da Rep\u00fablica - A Not\u00edcia Online","og:description":"Francisco Laviola \u2013 05\/07\/2018 Diz a Constitui\u00e7\u00e3o Federal, em seu artigo 2\u00ba, que \u201cs\u00e3o Poderes da Uni\u00e3o, independentes e harm\u00f4nicos entre si, o Legislativo, o Executivo e o Judici\u00e1rio\u201d. Portanto, a independ\u00eancia e a harmonia entre os tr\u00eas Poderes da Rep\u00fablica s\u00e3o princ\u00edpios fundamentais de uma democracia plena e mais um servi\u00e7o prestado \u00e0 ordem","og:url":"https:\/\/anoticiaonline.com.br\/site\/a-independencia-e-a-harmonia-dos-poderes-da-republica\/","og:image":"https:\/\/scontent-gig4-1.xx.fbcdn.net\/v\/t39.30808-1\/270437624_4564083193639691_6907940295614233970_n.jpg?stp=dst-jpg_s200x200_tt6&#038;_nc_cat=111&#038;ccb=1-7&#038;_nc_sid=f907e8&#038;_nc_ohc=SM1wRlP3lJwQ7kNvwEPuBYA&#038;_nc_oc=AdnqrjDN_BNjSSHWO-GbkIWH6fkGMLw4bqvL_NH6e2wMveX7G-rP2dAqsDSq1mJMOaY&#038;_nc_zt=24&#038;_nc_ht=scontent-gig4-1.xx&#038;_nc_gid=AoBFJeGrT1hVaew_6rchkQ&#038;oh=00_AfX7QmFGhQhG2jAllVgXCiM1ZrWgvtp80-Bfppyexh1QEg&#038;oe=689E923C","og:image:secure_url":"https:\/\/scontent-gig4-1.xx.fbcdn.net\/v\/t39.30808-1\/270437624_4564083193639691_6907940295614233970_n.jpg?stp=dst-jpg_s200x200_tt6&#038;_nc_cat=111&#038;ccb=1-7&#038;_nc_sid=f907e8&#038;_nc_ohc=SM1wRlP3lJwQ7kNvwEPuBYA&#038;_nc_oc=AdnqrjDN_BNjSSHWO-GbkIWH6fkGMLw4bqvL_NH6e2wMveX7G-rP2dAqsDSq1mJMOaY&#038;_nc_zt=24&#038;_nc_ht=scontent-gig4-1.xx&#038;_nc_gid=AoBFJeGrT1hVaew_6rchkQ&#038;oh=00_AfX7QmFGhQhG2jAllVgXCiM1ZrWgvtp80-Bfppyexh1QEg&#038;oe=689E923C","article:published_time":"2018-07-05T20:58:50+00:00","article:modified_time":"2018-07-05T21:06:39+00:00","twitter:card":"summary_large_image","twitter:title":"A independ\u00eancia e a harmonia dos Poderes da Rep\u00fablica - A Not\u00edcia Online","twitter:description":"Francisco Laviola \u2013 05\/07\/2018 Diz a Constitui\u00e7\u00e3o Federal, em seu artigo 2\u00ba, que \u201cs\u00e3o Poderes da Uni\u00e3o, independentes e harm\u00f4nicos entre si, o Legislativo, o Executivo e o Judici\u00e1rio\u201d. Portanto, a independ\u00eancia e a harmonia entre os tr\u00eas Poderes da Rep\u00fablica s\u00e3o princ\u00edpios fundamentais de uma democracia plena e mais um servi\u00e7o prestado \u00e0 ordem","twitter:image":"https:\/\/scontent-gig4-1.xx.fbcdn.net\/v\/t39.30808-1\/270437624_4564083193639691_6907940295614233970_n.jpg?stp=dst-jpg_s200x200_tt6&_nc_cat=111&ccb=1-7&_nc_sid=f907e8&_nc_ohc=SM1wRlP3lJwQ7kNvwEPuBYA&_nc_oc=AdnqrjDN_BNjSSHWO-GbkIWH6fkGMLw4bqvL_NH6e2wMveX7G-rP2dAqsDSq1mJMOaY&_nc_zt=24&_nc_ht=scontent-gig4-1.xx&_nc_gid=AoBFJeGrT1hVaew_6rchkQ&oh=00_AfX7QmFGhQhG2jAllVgXCiM1ZrWgvtp80-Bfppyexh1QEg&oe=689E923C"},"aioseo_meta_data":{"post_id":"58001","title":null,"description":null,"keywords":null,"keyphrases":null,"primary_term":null,"canonical_url":null,"og_title":null,"og_description":null,"og_object_type":"default","og_image_type":"default","og_image_url":null,"og_image_width":null,"og_image_height":null,"og_image_custom_url":null,"og_image_custom_fields":null,"og_video":null,"og_custom_url":null,"og_article_section":null,"og_article_tags":null,"twitter_use_og":false,"twitter_card":"default","twitter_image_type":"default","twitter_image_url":null,"twitter_image_custom_url":null,"twitter_image_custom_fields":null,"twitter_title":null,"twitter_description":null,"schema":{"blockGraphs":[],"customGraphs":[],"default":{"data":{"Article":[],"Course":[],"Dataset":[],"FAQPage":[],"Movie":[],"Person":[],"Product":[],"ProductReview":[],"Car":[],"Recipe":[],"Service":[],"SoftwareApplication":[],"WebPage":[]},"graphName":"","isEnabled":true},"graphs":[]},"schema_type":"default","schema_type_options":null,"pillar_content":false,"robots_default":true,"robots_noindex":false,"robots_noarchive":false,"robots_nosnippet":false,"robots_nofollow":false,"robots_noimageindex":false,"robots_noodp":false,"robots_notranslate":false,"robots_max_snippet":null,"robots_max_videopreview":null,"robots_max_imagepreview":"large","priority":null,"frequency":null,"local_seo":null,"breadcrumb_settings":null,"limit_modified_date":false,"ai":null,"created":"2025-08-16 21:10:43","updated":"2025-08-16 21:10:43","focus_keyword":null,"additional_keywords":null,"truseo_locale":null,"seo_analyzer_scan_date":null},"aioseo_breadcrumb":"<div class=\"aioseo-breadcrumbs\"><span class=\"aioseo-breadcrumb\">\n\t\t\t<a href=\"https:\/\/anoticiaonline.com.br\/site\" title=\"Home\">Home<\/a>\n\t\t<\/span><span class=\"aioseo-breadcrumb-separator\">&raquo;<\/span><span class=\"aioseo-breadcrumb\">\n\t\t\t<a href=\"https:\/\/anoticiaonline.com.br\/site\/categoria\/colunistas\/\" title=\"Colunistas\">Colunistas<\/a>\n\t\t<\/span><span class=\"aioseo-breadcrumb-separator\">&raquo;<\/span><span class=\"aioseo-breadcrumb\">\n\t\t\t<a href=\"https:\/\/anoticiaonline.com.br\/site\/categoria\/colunistas\/politica-e-atualidades-francisco-laviola\/\" title=\"Pol\u00edtica e Atualidades - Francisco Laviola\">Pol\u00edtica e Atualidades - Francisco Laviola<\/a>\n\t\t<\/span><span class=\"aioseo-breadcrumb-separator\">&raquo;<\/span><span class=\"aioseo-breadcrumb\">\n\t\t\tA independ\u00eancia e a harmonia dos Poderes da Rep\u00fablica\n\t\t<\/span><\/div>","aioseo_breadcrumb_json":[{"label":"Home","link":"https:\/\/anoticiaonline.com.br\/site"},{"label":"Colunistas","link":"https:\/\/anoticiaonline.com.br\/site\/categoria\/colunistas\/"},{"label":"Pol\u00edtica e Atualidades - Francisco Laviola","link":"https:\/\/anoticiaonline.com.br\/site\/categoria\/colunistas\/politica-e-atualidades-francisco-laviola\/"},{"label":"A independ\u00eancia e a harmonia dos Poderes da Rep\u00fablica","link":"https:\/\/anoticiaonline.com.br\/site\/a-independencia-e-a-harmonia-dos-poderes-da-republica\/"}],"views":149,"_links":{"self":[{"href":"https:\/\/anoticiaonline.com.br\/site\/wp-json\/wp\/v2\/posts\/58001","targetHints":{"allow":["GET"]}}],"collection":[{"href":"https:\/\/anoticiaonline.com.br\/site\/wp-json\/wp\/v2\/posts"}],"about":[{"href":"https:\/\/anoticiaonline.com.br\/site\/wp-json\/wp\/v2\/types\/post"}],"author":[{"embeddable":true,"href":"https:\/\/anoticiaonline.com.br\/site\/wp-json\/wp\/v2\/users\/2"}],"replies":[{"embeddable":true,"href":"https:\/\/anoticiaonline.com.br\/site\/wp-json\/wp\/v2\/comments?post=58001"}],"version-history":[{"count":0,"href":"https:\/\/anoticiaonline.com.br\/site\/wp-json\/wp\/v2\/posts\/58001\/revisions"}],"wp:attachment":[{"href":"https:\/\/anoticiaonline.com.br\/site\/wp-json\/wp\/v2\/media?parent=58001"}],"wp:term":[{"taxonomy":"category","embeddable":true,"href":"https:\/\/anoticiaonline.com.br\/site\/wp-json\/wp\/v2\/categories?post=58001"},{"taxonomy":"post_tag","embeddable":true,"href":"https:\/\/anoticiaonline.com.br\/site\/wp-json\/wp\/v2\/tags?post=58001"}],"curies":[{"name":"wp","href":"https:\/\/api.w.org\/{rel}","templated":true}]}}