{"id":57993,"date":"2018-07-05T11:15:06","date_gmt":"2018-07-05T14:15:06","guid":{"rendered":"http:\/\/anoticiaonline.com.br\/site\/?p=57993"},"modified":"2018-07-05T11:15:06","modified_gmt":"2018-07-05T14:15:06","slug":"jornalista-carlos-viana-visita-a-fcv","status":"publish","type":"post","link":"https:\/\/anoticiaonline.com.br\/site\/jornalista-carlos-viana-visita-a-fcv\/","title":{"rendered":"Jornalista Carlos Viana visita a FCV"},"content":{"rendered":"<p>O jornalista mineiro, Carlos Viana, apresentador da TV Record e da R\u00e1dio Itatiaia, visitou na manh\u00e3 de quinta-feira (28), a Funda\u00e7\u00e3o Cristiano Varella (FCV), acompanhado do empres\u00e1rio e suplente de senador Lael Varella, idealizador da FCV, do deputado federal Misael Varella, do diretor administrativo, S\u00e9rgio Dias Henriques e do primeiro suplente do senador Anastasia, Alexandre Silveira.<\/p>\n<figure id=\"attachment_57994\" aria-describedby=\"caption-attachment-57994\" style=\"width: 630px\" class=\"wp-caption alignnone\"><a href=\"https:\/\/anoticiaonline.com.br\/site\/wp-content\/uploads\/2018\/07\/Jornalista-Carlos-Viana-visita-a-FCV.jpg\"><img fetchpriority=\"high\" decoding=\"async\" class=\"size-full wp-image-57994\" src=\"https:\/\/anoticiaonline.com.br\/site\/wp-content\/uploads\/2018\/07\/Jornalista-Carlos-Viana-visita-a-FCV.jpg\" alt=\"\" width=\"640\" height=\"427\" srcset=\"https:\/\/anoticiaonline.com.br\/site\/wp-content\/uploads\/2018\/07\/Jornalista-Carlos-Viana-visita-a-FCV.jpg 640w, https:\/\/anoticiaonline.com.br\/site\/wp-content\/uploads\/2018\/07\/Jornalista-Carlos-Viana-visita-a-FCV-300x200.jpg 300w\" sizes=\"(max-width: 640px) 100vw, 640px\" \/><\/a><figcaption id=\"caption-attachment-57994\" class=\"wp-caption-text\">S\u00e9rgio Henriques, Carlos Viana, Lael Varella e Misael Varella<\/figcaption><\/figure>\n<p><a href=\"https:\/\/anoticiaonline.com.br\/site\/wp-content\/uploads\/2018\/07\/Jornalista-Carlos-Viana-visita-a-FCV-2.jpg\"><img decoding=\"async\" class=\"alignnone size-full wp-image-57995\" src=\"https:\/\/anoticiaonline.com.br\/site\/wp-content\/uploads\/2018\/07\/Jornalista-Carlos-Viana-visita-a-FCV-2.jpg\" alt=\"\" width=\"640\" height=\"427\" srcset=\"https:\/\/anoticiaonline.com.br\/site\/wp-content\/uploads\/2018\/07\/Jornalista-Carlos-Viana-visita-a-FCV-2.jpg 640w, https:\/\/anoticiaonline.com.br\/site\/wp-content\/uploads\/2018\/07\/Jornalista-Carlos-Viana-visita-a-FCV-2-300x200.jpg 300w\" sizes=\"(max-width: 640px) 100vw, 640px\" \/><\/a> <a href=\"https:\/\/anoticiaonline.com.br\/site\/wp-content\/uploads\/2018\/07\/Jornalista-Carlos-Viana-visita-a-FCV-3.jpg\"><img decoding=\"async\" class=\"alignnone size-full wp-image-57996\" src=\"https:\/\/anoticiaonline.com.br\/site\/wp-content\/uploads\/2018\/07\/Jornalista-Carlos-Viana-visita-a-FCV-3.jpg\" alt=\"\" width=\"640\" height=\"427\" srcset=\"https:\/\/anoticiaonline.com.br\/site\/wp-content\/uploads\/2018\/07\/Jornalista-Carlos-Viana-visita-a-FCV-3.jpg 640w, https:\/\/anoticiaonline.com.br\/site\/wp-content\/uploads\/2018\/07\/Jornalista-Carlos-Viana-visita-a-FCV-3-300x200.jpg 300w\" sizes=\"(max-width: 640px) 100vw, 640px\" \/><\/a> <a href=\"https:\/\/anoticiaonline.com.br\/site\/wp-content\/uploads\/2018\/07\/Jornalista-Carlos-Viana-visita-a-FCV-4.jpg\"><img loading=\"lazy\" decoding=\"async\" class=\"alignnone size-full wp-image-57997\" src=\"https:\/\/anoticiaonline.com.br\/site\/wp-content\/uploads\/2018\/07\/Jornalista-Carlos-Viana-visita-a-FCV-4.jpg\" alt=\"\" width=\"640\" height=\"427\" srcset=\"https:\/\/anoticiaonline.com.br\/site\/wp-content\/uploads\/2018\/07\/Jornalista-Carlos-Viana-visita-a-FCV-4.jpg 640w, https:\/\/anoticiaonline.com.br\/site\/wp-content\/uploads\/2018\/07\/Jornalista-Carlos-Viana-visita-a-FCV-4-300x200.jpg 300w\" sizes=\"(max-width: 640px) 100vw, 640px\" \/><\/a><\/p>\n<p>A Funda\u00e7\u00e3o Cristiano Varella engloba o Hospital do C\u00e2ncer de Muria\u00e9, que teve oficializado o seu credenciamento junto ao Minist\u00e9rio da Sa\u00fade como Centro de Alta Complexidade em Oncologia (CACON) em 26 de novembro de 2002, e o in\u00edcio pleno de suas atividades a partir de janeiro de 2003, e o Memorial. Atualmente, atende a mais de duzentos e setenta munic\u00edpios da zona da mata mineira e adjac\u00eancias, com uma abrang\u00eancia populacional de mais de sete milh\u00f5es de habitantes.<\/p>\n<p>Carlos Viana, pr\u00e9-candidato, em Minas Gerais, a uma vaga ao Senado Federal disse, ap\u00f3s a visita, que a FCV possui a melhor estrutura para atendimento \u00e0 popula\u00e7\u00e3o atrav\u00e9s do SUS. \u201cPrimeiro porque conseguem administrar o recurso escasso de uma forma muito melhor que o pr\u00f3prio Poder P\u00fablico; segundo pela rapidez pela qual a equipe da Funda\u00e7\u00e3o consegue atender as pessoas. N\u00f3s sabemos que, em certas regi\u00f5es do Estado, uma mulher demora seis meses para conseguir atendimento ap\u00f3s receber o diagn\u00f3stico de c\u00e2ncer de mama, o que \u00e9 um absurdo, j\u00e1 que o tratamento contra o c\u00e2ncer, quanto mais r\u00e1pido for inicializado, mais chances a pessoa tem de se recuperar. Temos que trabalhar hoje, principalmente, com a preven\u00e7\u00e3o, e, por isso, as mulheres merecem uma aten\u00e7\u00e3o especial na realiza\u00e7\u00e3o de exames e, logo em seguida, a condi\u00e7\u00e3o de ser atendida rapidamente\u201d, conta.<\/p>\n<p>De acordo com o deputado federal, Misael Varella, foi uma grande satisfa\u00e7\u00e3o poder receber o jornalista e pr\u00e9-candidato ao Senado, na FCV, que atende, atualmente, 400 munic\u00edpios. \u201cPara mim, para o meu pai Lael, e para o S\u00e9rgio, \u00e9 um grande prazer ter Carlos Viana conosco nesta visita. Sabemos do seu compromisso em servir as pessoas, em especial aos mais necessitados, e de sua credibilidade devido ao seu trabalho no jornalismo mineiro\u201d, conta.<\/p>\n<p>O diretor administrativo da FCV, S\u00e9rgio Dias Henriques, disse que a visita de Carlos Viana teve como objetivo principal mostrar a import\u00e2ncia da institui\u00e7\u00e3o no cen\u00e1rio mineiro com rela\u00e7\u00e3o \u00e0 Oncologia. \u201cPara n\u00f3s \u00e9 uma visita muito importante, pois o jornalista possui grande conhecimento da atual situa\u00e7\u00e3o da sa\u00fade no Estado de Minas Gerais\u201d, diz.<\/p>\n","protected":false},"excerpt":{"rendered":"<p>O jornalista mineiro, Carlos Viana, apresentador da TV Record e da R\u00e1dio Itatiaia, visitou na manh\u00e3 de quinta-feira (28), a Funda\u00e7\u00e3o Cristiano Varella (FCV), acompanhado do empres\u00e1rio e suplente de senador Lael Varella, idealizador da FCV, do deputado federal Misael Varella, do diretor administrativo, S\u00e9rgio Dias Henriques e do primeiro suplente do senador Anastasia, Alexandre &#8230; <a title=\"Jornalista Carlos Viana visita a FCV\" class=\"read-more\" href=\"https:\/\/anoticiaonline.com.br\/site\/jornalista-carlos-viana-visita-a-fcv\/\" aria-label=\"Read more about Jornalista Carlos Viana visita a FCV\">Ler mais<\/a><\/p>\n","protected":false},"author":2,"featured_media":57994,"comment_status":"open","ping_status":"open","sticky":false,"template":"","format":"standard","meta":{"_acf_changed":false,"_monsterinsights_skip_tracking":false,"footnotes":""},"categories":[30],"tags":[2796,443,1865,817,74,1249],"class_list":["post-57993","post","type-post","status-publish","format-standard","has-post-thumbnail","hentry","category-muriae","tag-carlos-viana","tag-fcv","tag-lael-varella","tag-misael-varella","tag-muriae","tag-senado"],"acf":[],"aioseo_notices":[],"aioseo_head":"\n\t\t<!-- All in One SEO 5.0.0.1 - aioseo.com -->\n\t<meta name=\"description\" content=\"O jornalista mineiro, Carlos Viana, apresentador da TV Record e da R\u00e1dio Itatiaia, visitou na manh\u00e3 de quinta-feira (28), a Funda\u00e7\u00e3o Cristiano Varella (FCV), acompanhado do empres\u00e1rio e suplente de senador Lael Varella, idealizador da FCV, do deputado federal Misael Varella, do diretor administrativo, S\u00e9rgio Dias Henriques e do primeiro suplente do senador Anastasia, Alexandre\" \/>\n\t<meta name=\"robots\" content=\"max-image-preview:large\" \/>\n\t<meta name=\"author\" content=\"Juliana Laviola\"\/>\n\t<link rel=\"canonical\" href=\"https:\/\/anoticiaonline.com.br\/site\/jornalista-carlos-viana-visita-a-fcv\/\" \/>\n\t<meta name=\"generator\" content=\"All in One SEO (AIOSEO) 5.0.0.1\" \/>\n\t\t<meta property=\"og:locale\" content=\"pt_BR\" \/>\n\t\t<meta property=\"og:site_name\" content=\"A Not\u00edcia Online - Noticias de Muria\u00e9 e regi\u00e3o\" \/>\n\t\t<meta property=\"og:type\" content=\"article\" \/>\n\t\t<meta property=\"og:title\" content=\"Jornalista Carlos Viana visita a FCV - A Not\u00edcia Online\" \/>\n\t\t<meta property=\"og:description\" content=\"O jornalista mineiro, Carlos Viana, apresentador da TV Record e da R\u00e1dio Itatiaia, visitou na manh\u00e3 de quinta-feira (28), a Funda\u00e7\u00e3o Cristiano Varella (FCV), acompanhado do empres\u00e1rio e suplente de senador Lael Varella, idealizador da FCV, do deputado federal Misael Varella, do diretor administrativo, S\u00e9rgio Dias Henriques e do primeiro suplente do senador Anastasia, Alexandre\" \/>\n\t\t<meta property=\"og:url\" content=\"https:\/\/anoticiaonline.com.br\/site\/jornalista-carlos-viana-visita-a-fcv\/\" \/>\n\t\t<meta property=\"og:image\" content=\"https:\/\/scontent-gig4-1.xx.fbcdn.net\/v\/t39.30808-1\/270437624_4564083193639691_6907940295614233970_n.jpg?stp=dst-jpg_s200x200_tt6&#038;_nc_cat=111&#038;ccb=1-7&#038;_nc_sid=f907e8&#038;_nc_ohc=SM1wRlP3lJwQ7kNvwEPuBYA&#038;_nc_oc=AdnqrjDN_BNjSSHWO-GbkIWH6fkGMLw4bqvL_NH6e2wMveX7G-rP2dAqsDSq1mJMOaY&#038;_nc_zt=24&#038;_nc_ht=scontent-gig4-1.xx&#038;_nc_gid=AoBFJeGrT1hVaew_6rchkQ&#038;oh=00_AfX7QmFGhQhG2jAllVgXCiM1ZrWgvtp80-Bfppyexh1QEg&#038;oe=689E923C\" \/>\n\t\t<meta property=\"og:image:secure_url\" content=\"https:\/\/scontent-gig4-1.xx.fbcdn.net\/v\/t39.30808-1\/270437624_4564083193639691_6907940295614233970_n.jpg?stp=dst-jpg_s200x200_tt6&#038;_nc_cat=111&#038;ccb=1-7&#038;_nc_sid=f907e8&#038;_nc_ohc=SM1wRlP3lJwQ7kNvwEPuBYA&#038;_nc_oc=AdnqrjDN_BNjSSHWO-GbkIWH6fkGMLw4bqvL_NH6e2wMveX7G-rP2dAqsDSq1mJMOaY&#038;_nc_zt=24&#038;_nc_ht=scontent-gig4-1.xx&#038;_nc_gid=AoBFJeGrT1hVaew_6rchkQ&#038;oh=00_AfX7QmFGhQhG2jAllVgXCiM1ZrWgvtp80-Bfppyexh1QEg&#038;oe=689E923C\" \/>\n\t\t<meta property=\"article:published_time\" content=\"2018-07-05T14:15:06+00:00\" \/>\n\t\t<meta property=\"article:modified_time\" content=\"2018-07-05T14:15:06+00:00\" \/>\n\t\t<meta name=\"twitter:card\" content=\"summary_large_image\" \/>\n\t\t<meta name=\"twitter:title\" content=\"Jornalista Carlos Viana visita a FCV - A Not\u00edcia Online\" \/>\n\t\t<meta name=\"twitter:description\" content=\"O jornalista mineiro, Carlos Viana, apresentador da TV Record e da R\u00e1dio Itatiaia, visitou na manh\u00e3 de quinta-feira (28), a Funda\u00e7\u00e3o Cristiano Varella (FCV), acompanhado do empres\u00e1rio e suplente de senador Lael Varella, idealizador da FCV, do deputado federal Misael Varella, do diretor administrativo, S\u00e9rgio Dias Henriques e do primeiro suplente do senador Anastasia, Alexandre\" \/>\n\t\t<meta name=\"twitter:image\" content=\"https:\/\/scontent-gig4-1.xx.fbcdn.net\/v\/t39.30808-1\/270437624_4564083193639691_6907940295614233970_n.jpg?stp=dst-jpg_s200x200_tt6&amp;_nc_cat=111&amp;ccb=1-7&amp;_nc_sid=f907e8&amp;_nc_ohc=SM1wRlP3lJwQ7kNvwEPuBYA&amp;_nc_oc=AdnqrjDN_BNjSSHWO-GbkIWH6fkGMLw4bqvL_NH6e2wMveX7G-rP2dAqsDSq1mJMOaY&amp;_nc_zt=24&amp;_nc_ht=scontent-gig4-1.xx&amp;_nc_gid=AoBFJeGrT1hVaew_6rchkQ&amp;oh=00_AfX7QmFGhQhG2jAllVgXCiM1ZrWgvtp80-Bfppyexh1QEg&amp;oe=689E923C\" \/>\n\t\t<script type=\"application\/ld+json\" class=\"aioseo-schema\">\n\t\t\t{\"@context\":\"https:\\\/\\\/schema.org\",\"@graph\":[{\"@type\":\"BlogPosting\",\"@id\":\"https:\\\/\\\/anoticiaonline.com.br\\\/site\\\/jornalista-carlos-viana-visita-a-fcv\\\/#blogposting\",\"name\":\"Jornalista Carlos Viana visita a FCV - A Not\\u00edcia Online\",\"headline\":\"Jornalista Carlos Viana visita a FCV\",\"author\":{\"@id\":\"https:\\\/\\\/anoticiaonline.com.br\\\/site\\\/author\\\/juliana\\\/#author\"},\"publisher\":{\"@id\":\"https:\\\/\\\/anoticiaonline.com.br\\\/site\\\/#organization\"},\"image\":{\"@type\":\"ImageObject\",\"url\":\"https:\\\/\\\/anoticiaonline.com.br\\\/site\\\/wp-content\\\/uploads\\\/2018\\\/07\\\/Jornalista-Carlos-Viana-visita-a-FCV.jpg\",\"width\":640,\"height\":427,\"caption\":\"S\\u00e9rgio Henriques, Carlos Viana, Lael Varella e Misael Varella\"},\"datePublished\":\"2018-07-05T11:15:06-03:00\",\"dateModified\":\"2018-07-05T11:15:06-03:00\",\"inLanguage\":\"pt-BR\",\"mainEntityOfPage\":{\"@id\":\"https:\\\/\\\/anoticiaonline.com.br\\\/site\\\/jornalista-carlos-viana-visita-a-fcv\\\/#webpage\"},\"isPartOf\":{\"@id\":\"https:\\\/\\\/anoticiaonline.com.br\\\/site\\\/jornalista-carlos-viana-visita-a-fcv\\\/#webpage\"},\"articleSection\":\"Blog, carlos viana, fcv, Lael Varella, misael varella, Muria\\u00e9, senado\"},{\"@type\":\"BreadcrumbList\",\"@id\":\"https:\\\/\\\/anoticiaonline.com.br\\\/site\\\/jornalista-carlos-viana-visita-a-fcv\\\/#breadcrumblist\",\"itemListElement\":[{\"@type\":\"ListItem\",\"@id\":\"https:\\\/\\\/anoticiaonline.com.br\\\/site#listItem\",\"position\":1,\"name\":\"Home\",\"item\":\"https:\\\/\\\/anoticiaonline.com.br\\\/site\",\"nextItem\":{\"@type\":\"ListItem\",\"@id\":\"https:\\\/\\\/anoticiaonline.com.br\\\/site\\\/categoria\\\/muriae\\\/#listItem\",\"name\":\"Blog\"}},{\"@type\":\"ListItem\",\"@id\":\"https:\\\/\\\/anoticiaonline.com.br\\\/site\\\/categoria\\\/muriae\\\/#listItem\",\"position\":2,\"name\":\"Blog\",\"item\":\"https:\\\/\\\/anoticiaonline.com.br\\\/site\\\/categoria\\\/muriae\\\/\",\"nextItem\":{\"@type\":\"ListItem\",\"@id\":\"https:\\\/\\\/anoticiaonline.com.br\\\/site\\\/jornalista-carlos-viana-visita-a-fcv\\\/#listItem\",\"name\":\"Jornalista Carlos Viana visita a FCV\"},\"previousItem\":{\"@type\":\"ListItem\",\"@id\":\"https:\\\/\\\/anoticiaonline.com.br\\\/site#listItem\",\"name\":\"Home\"}},{\"@type\":\"ListItem\",\"@id\":\"https:\\\/\\\/anoticiaonline.com.br\\\/site\\\/jornalista-carlos-viana-visita-a-fcv\\\/#listItem\",\"position\":3,\"name\":\"Jornalista Carlos Viana visita a FCV\",\"previousItem\":{\"@type\":\"ListItem\",\"@id\":\"https:\\\/\\\/anoticiaonline.com.br\\\/site\\\/categoria\\\/muriae\\\/#listItem\",\"name\":\"Blog\"}}]},{\"@type\":\"Organization\",\"@id\":\"https:\\\/\\\/anoticiaonline.com.br\\\/site\\\/#organization\",\"name\":\"A Not\\u00edcia Online\",\"description\":\"Noticias de Muria\\u00e9 e regi\\u00e3o\",\"url\":\"https:\\\/\\\/anoticiaonline.com.br\\\/site\\\/\",\"logo\":{\"@type\":\"ImageObject\",\"url\":\"https:\\\/\\\/scontent-gig4-1.xx.fbcdn.net\\\/v\\\/t39.30808-1\\\/270437624_4564083193639691_6907940295614233970_n.jpg?stp=dst-jpg_s200x200_tt6&_nc_cat=111&ccb=1-7&_nc_sid=f907e8&_nc_ohc=SM1wRlP3lJwQ7kNvwEPuBYA&_nc_oc=AdnqrjDN_BNjSSHWO-GbkIWH6fkGMLw4bqvL_NH6e2wMveX7G-rP2dAqsDSq1mJMOaY&_nc_zt=24&_nc_ht=scontent-gig4-1.xx&_nc_gid=AoBFJeGrT1hVaew_6rchkQ&oh=00_AfX7QmFGhQhG2jAllVgXCiM1ZrWgvtp80-Bfppyexh1QEg&oe=689E923C\",\"@id\":\"https:\\\/\\\/anoticiaonline.com.br\\\/site\\\/jornalista-carlos-viana-visita-a-fcv\\\/#organizationLogo\"},\"image\":{\"@id\":\"https:\\\/\\\/anoticiaonline.com.br\\\/site\\\/jornalista-carlos-viana-visita-a-fcv\\\/#organizationLogo\"}},{\"@type\":\"Person\",\"@id\":\"https:\\\/\\\/anoticiaonline.com.br\\\/site\\\/author\\\/juliana\\\/#author\",\"url\":\"https:\\\/\\\/anoticiaonline.com.br\\\/site\\\/author\\\/juliana\\\/\",\"name\":\"Juliana Laviola\",\"image\":{\"@type\":\"ImageObject\",\"@id\":\"https:\\\/\\\/anoticiaonline.com.br\\\/site\\\/jornalista-carlos-viana-visita-a-fcv\\\/#authorImage\",\"url\":\"https:\\\/\\\/secure.gravatar.com\\\/avatar\\\/b8d45f5c699b100dfaf0e543582f38f38bf94cb7ae3a5e9abf8d891a34773335?s=96&d=mm&r=g\",\"width\":96,\"height\":96,\"caption\":\"Juliana Laviola\"}},{\"@type\":\"WebPage\",\"@id\":\"https:\\\/\\\/anoticiaonline.com.br\\\/site\\\/jornalista-carlos-viana-visita-a-fcv\\\/#webpage\",\"url\":\"https:\\\/\\\/anoticiaonline.com.br\\\/site\\\/jornalista-carlos-viana-visita-a-fcv\\\/\",\"name\":\"Jornalista Carlos Viana visita a FCV - A Not\\u00edcia Online\",\"description\":\"O jornalista mineiro, Carlos Viana, apresentador da TV Record e da R\\u00e1dio Itatiaia, visitou na manh\\u00e3 de quinta-feira (28), a Funda\\u00e7\\u00e3o Cristiano Varella (FCV), acompanhado do empres\\u00e1rio e suplente de senador Lael Varella, idealizador da FCV, do deputado federal Misael Varella, do diretor administrativo, S\\u00e9rgio Dias Henriques e do primeiro suplente do senador Anastasia, Alexandre\",\"inLanguage\":\"pt-BR\",\"isPartOf\":{\"@id\":\"https:\\\/\\\/anoticiaonline.com.br\\\/site\\\/#website\"},\"breadcrumb\":{\"@id\":\"https:\\\/\\\/anoticiaonline.com.br\\\/site\\\/jornalista-carlos-viana-visita-a-fcv\\\/#breadcrumblist\"},\"author\":{\"@id\":\"https:\\\/\\\/anoticiaonline.com.br\\\/site\\\/author\\\/juliana\\\/#author\"},\"creator\":{\"@id\":\"https:\\\/\\\/anoticiaonline.com.br\\\/site\\\/author\\\/juliana\\\/#author\"},\"image\":{\"@type\":\"ImageObject\",\"url\":\"https:\\\/\\\/anoticiaonline.com.br\\\/site\\\/wp-content\\\/uploads\\\/2018\\\/07\\\/Jornalista-Carlos-Viana-visita-a-FCV.jpg\",\"@id\":\"https:\\\/\\\/anoticiaonline.com.br\\\/site\\\/jornalista-carlos-viana-visita-a-fcv\\\/#mainImage\",\"width\":640,\"height\":427,\"caption\":\"S\\u00e9rgio Henriques, Carlos Viana, Lael Varella e Misael Varella\"},\"primaryImageOfPage\":{\"@id\":\"https:\\\/\\\/anoticiaonline.com.br\\\/site\\\/jornalista-carlos-viana-visita-a-fcv\\\/#mainImage\"},\"datePublished\":\"2018-07-05T11:15:06-03:00\",\"dateModified\":\"2018-07-05T11:15:06-03:00\"},{\"@type\":\"WebSite\",\"@id\":\"https:\\\/\\\/anoticiaonline.com.br\\\/site\\\/#website\",\"url\":\"https:\\\/\\\/anoticiaonline.com.br\\\/site\\\/\",\"name\":\"A Not\\u00edcia Online\",\"description\":\"Noticias de Muria\\u00e9 e regi\\u00e3o\",\"inLanguage\":\"pt-BR\",\"publisher\":{\"@id\":\"https:\\\/\\\/anoticiaonline.com.br\\\/site\\\/#organization\"}}]}\n\t\t<\/script>\n\t\t<!-- All in One SEO -->\n\n","aioseo_head_json":{"title":"Jornalista Carlos Viana visita a FCV - A Not\u00edcia Online","description":"O jornalista mineiro, Carlos Viana, apresentador da TV Record e da R\u00e1dio Itatiaia, visitou na manh\u00e3 de quinta-feira (28), a Funda\u00e7\u00e3o Cristiano Varella (FCV), acompanhado do empres\u00e1rio e suplente de senador Lael Varella, idealizador da FCV, do deputado federal Misael Varella, do diretor administrativo, S\u00e9rgio Dias Henriques e do primeiro suplente do senador Anastasia, Alexandre","canonical_url":"https:\/\/anoticiaonline.com.br\/site\/jornalista-carlos-viana-visita-a-fcv\/","robots":"max-image-preview:large","keywords":"","webmasterTools":{"miscellaneous":""},"schema":{"@context":"https:\/\/schema.org","@graph":[{"@type":"BlogPosting","@id":"https:\/\/anoticiaonline.com.br\/site\/jornalista-carlos-viana-visita-a-fcv\/#blogposting","name":"Jornalista Carlos Viana visita a FCV - A Not\u00edcia Online","headline":"Jornalista Carlos Viana visita a FCV","author":{"@id":"https:\/\/anoticiaonline.com.br\/site\/author\/juliana\/#author"},"publisher":{"@id":"https:\/\/anoticiaonline.com.br\/site\/#organization"},"image":{"@type":"ImageObject","url":"https:\/\/anoticiaonline.com.br\/site\/wp-content\/uploads\/2018\/07\/Jornalista-Carlos-Viana-visita-a-FCV.jpg","width":640,"height":427,"caption":"S\u00e9rgio Henriques, Carlos Viana, Lael Varella e Misael Varella"},"datePublished":"2018-07-05T11:15:06-03:00","dateModified":"2018-07-05T11:15:06-03:00","inLanguage":"pt-BR","mainEntityOfPage":{"@id":"https:\/\/anoticiaonline.com.br\/site\/jornalista-carlos-viana-visita-a-fcv\/#webpage"},"isPartOf":{"@id":"https:\/\/anoticiaonline.com.br\/site\/jornalista-carlos-viana-visita-a-fcv\/#webpage"},"articleSection":"Blog, carlos viana, fcv, Lael Varella, misael varella, Muria\u00e9, senado"},{"@type":"BreadcrumbList","@id":"https:\/\/anoticiaonline.com.br\/site\/jornalista-carlos-viana-visita-a-fcv\/#breadcrumblist","itemListElement":[{"@type":"ListItem","@id":"https:\/\/anoticiaonline.com.br\/site#listItem","position":1,"name":"Home","item":"https:\/\/anoticiaonline.com.br\/site","nextItem":{"@type":"ListItem","@id":"https:\/\/anoticiaonline.com.br\/site\/categoria\/muriae\/#listItem","name":"Blog"}},{"@type":"ListItem","@id":"https:\/\/anoticiaonline.com.br\/site\/categoria\/muriae\/#listItem","position":2,"name":"Blog","item":"https:\/\/anoticiaonline.com.br\/site\/categoria\/muriae\/","nextItem":{"@type":"ListItem","@id":"https:\/\/anoticiaonline.com.br\/site\/jornalista-carlos-viana-visita-a-fcv\/#listItem","name":"Jornalista Carlos Viana visita a FCV"},"previousItem":{"@type":"ListItem","@id":"https:\/\/anoticiaonline.com.br\/site#listItem","name":"Home"}},{"@type":"ListItem","@id":"https:\/\/anoticiaonline.com.br\/site\/jornalista-carlos-viana-visita-a-fcv\/#listItem","position":3,"name":"Jornalista Carlos Viana visita a FCV","previousItem":{"@type":"ListItem","@id":"https:\/\/anoticiaonline.com.br\/site\/categoria\/muriae\/#listItem","name":"Blog"}}]},{"@type":"Organization","@id":"https:\/\/anoticiaonline.com.br\/site\/#organization","name":"A Not\u00edcia Online","description":"Noticias de Muria\u00e9 e regi\u00e3o","url":"https:\/\/anoticiaonline.com.br\/site\/","logo":{"@type":"ImageObject","url":"https:\/\/scontent-gig4-1.xx.fbcdn.net\/v\/t39.30808-1\/270437624_4564083193639691_6907940295614233970_n.jpg?stp=dst-jpg_s200x200_tt6&_nc_cat=111&ccb=1-7&_nc_sid=f907e8&_nc_ohc=SM1wRlP3lJwQ7kNvwEPuBYA&_nc_oc=AdnqrjDN_BNjSSHWO-GbkIWH6fkGMLw4bqvL_NH6e2wMveX7G-rP2dAqsDSq1mJMOaY&_nc_zt=24&_nc_ht=scontent-gig4-1.xx&_nc_gid=AoBFJeGrT1hVaew_6rchkQ&oh=00_AfX7QmFGhQhG2jAllVgXCiM1ZrWgvtp80-Bfppyexh1QEg&oe=689E923C","@id":"https:\/\/anoticiaonline.com.br\/site\/jornalista-carlos-viana-visita-a-fcv\/#organizationLogo"},"image":{"@id":"https:\/\/anoticiaonline.com.br\/site\/jornalista-carlos-viana-visita-a-fcv\/#organizationLogo"}},{"@type":"Person","@id":"https:\/\/anoticiaonline.com.br\/site\/author\/juliana\/#author","url":"https:\/\/anoticiaonline.com.br\/site\/author\/juliana\/","name":"Juliana Laviola","image":{"@type":"ImageObject","@id":"https:\/\/anoticiaonline.com.br\/site\/jornalista-carlos-viana-visita-a-fcv\/#authorImage","url":"https:\/\/secure.gravatar.com\/avatar\/b8d45f5c699b100dfaf0e543582f38f38bf94cb7ae3a5e9abf8d891a34773335?s=96&d=mm&r=g","width":96,"height":96,"caption":"Juliana Laviola"}},{"@type":"WebPage","@id":"https:\/\/anoticiaonline.com.br\/site\/jornalista-carlos-viana-visita-a-fcv\/#webpage","url":"https:\/\/anoticiaonline.com.br\/site\/jornalista-carlos-viana-visita-a-fcv\/","name":"Jornalista Carlos Viana visita a FCV - A Not\u00edcia Online","description":"O jornalista mineiro, Carlos Viana, apresentador da TV Record e da R\u00e1dio Itatiaia, visitou na manh\u00e3 de quinta-feira (28), a Funda\u00e7\u00e3o Cristiano Varella (FCV), acompanhado do empres\u00e1rio e suplente de senador Lael Varella, idealizador da FCV, do deputado federal Misael Varella, do diretor administrativo, S\u00e9rgio Dias Henriques e do primeiro suplente do senador Anastasia, Alexandre","inLanguage":"pt-BR","isPartOf":{"@id":"https:\/\/anoticiaonline.com.br\/site\/#website"},"breadcrumb":{"@id":"https:\/\/anoticiaonline.com.br\/site\/jornalista-carlos-viana-visita-a-fcv\/#breadcrumblist"},"author":{"@id":"https:\/\/anoticiaonline.com.br\/site\/author\/juliana\/#author"},"creator":{"@id":"https:\/\/anoticiaonline.com.br\/site\/author\/juliana\/#author"},"image":{"@type":"ImageObject","url":"https:\/\/anoticiaonline.com.br\/site\/wp-content\/uploads\/2018\/07\/Jornalista-Carlos-Viana-visita-a-FCV.jpg","@id":"https:\/\/anoticiaonline.com.br\/site\/jornalista-carlos-viana-visita-a-fcv\/#mainImage","width":640,"height":427,"caption":"S\u00e9rgio Henriques, Carlos Viana, Lael Varella e Misael Varella"},"primaryImageOfPage":{"@id":"https:\/\/anoticiaonline.com.br\/site\/jornalista-carlos-viana-visita-a-fcv\/#mainImage"},"datePublished":"2018-07-05T11:15:06-03:00","dateModified":"2018-07-05T11:15:06-03:00"},{"@type":"WebSite","@id":"https:\/\/anoticiaonline.com.br\/site\/#website","url":"https:\/\/anoticiaonline.com.br\/site\/","name":"A Not\u00edcia Online","description":"Noticias de Muria\u00e9 e regi\u00e3o","inLanguage":"pt-BR","publisher":{"@id":"https:\/\/anoticiaonline.com.br\/site\/#organization"}}]},"og:locale":"pt_BR","og:site_name":"A Not\u00edcia Online - Noticias de Muria\u00e9 e regi\u00e3o","og:type":"article","og:title":"Jornalista Carlos Viana visita a FCV - A Not\u00edcia Online","og:description":"O jornalista mineiro, Carlos Viana, apresentador da TV Record e da R\u00e1dio Itatiaia, visitou na manh\u00e3 de quinta-feira (28), a Funda\u00e7\u00e3o Cristiano Varella (FCV), acompanhado do empres\u00e1rio e suplente de senador Lael Varella, idealizador da FCV, do deputado federal Misael Varella, do diretor administrativo, S\u00e9rgio Dias Henriques e do primeiro suplente do senador Anastasia, Alexandre","og:url":"https:\/\/anoticiaonline.com.br\/site\/jornalista-carlos-viana-visita-a-fcv\/","og:image":"https:\/\/scontent-gig4-1.xx.fbcdn.net\/v\/t39.30808-1\/270437624_4564083193639691_6907940295614233970_n.jpg?stp=dst-jpg_s200x200_tt6&#038;_nc_cat=111&#038;ccb=1-7&#038;_nc_sid=f907e8&#038;_nc_ohc=SM1wRlP3lJwQ7kNvwEPuBYA&#038;_nc_oc=AdnqrjDN_BNjSSHWO-GbkIWH6fkGMLw4bqvL_NH6e2wMveX7G-rP2dAqsDSq1mJMOaY&#038;_nc_zt=24&#038;_nc_ht=scontent-gig4-1.xx&#038;_nc_gid=AoBFJeGrT1hVaew_6rchkQ&#038;oh=00_AfX7QmFGhQhG2jAllVgXCiM1ZrWgvtp80-Bfppyexh1QEg&#038;oe=689E923C","og:image:secure_url":"https:\/\/scontent-gig4-1.xx.fbcdn.net\/v\/t39.30808-1\/270437624_4564083193639691_6907940295614233970_n.jpg?stp=dst-jpg_s200x200_tt6&#038;_nc_cat=111&#038;ccb=1-7&#038;_nc_sid=f907e8&#038;_nc_ohc=SM1wRlP3lJwQ7kNvwEPuBYA&#038;_nc_oc=AdnqrjDN_BNjSSHWO-GbkIWH6fkGMLw4bqvL_NH6e2wMveX7G-rP2dAqsDSq1mJMOaY&#038;_nc_zt=24&#038;_nc_ht=scontent-gig4-1.xx&#038;_nc_gid=AoBFJeGrT1hVaew_6rchkQ&#038;oh=00_AfX7QmFGhQhG2jAllVgXCiM1ZrWgvtp80-Bfppyexh1QEg&#038;oe=689E923C","article:published_time":"2018-07-05T14:15:06+00:00","article:modified_time":"2018-07-05T14:15:06+00:00","twitter:card":"summary_large_image","twitter:title":"Jornalista Carlos Viana visita a FCV - A Not\u00edcia Online","twitter:description":"O jornalista mineiro, Carlos Viana, apresentador da TV Record e da R\u00e1dio Itatiaia, visitou na manh\u00e3 de quinta-feira (28), a Funda\u00e7\u00e3o Cristiano Varella (FCV), acompanhado do empres\u00e1rio e suplente de senador Lael Varella, idealizador da FCV, do deputado federal Misael Varella, do diretor administrativo, S\u00e9rgio Dias Henriques e do primeiro suplente do senador Anastasia, Alexandre","twitter:image":"https:\/\/scontent-gig4-1.xx.fbcdn.net\/v\/t39.30808-1\/270437624_4564083193639691_6907940295614233970_n.jpg?stp=dst-jpg_s200x200_tt6&_nc_cat=111&ccb=1-7&_nc_sid=f907e8&_nc_ohc=SM1wRlP3lJwQ7kNvwEPuBYA&_nc_oc=AdnqrjDN_BNjSSHWO-GbkIWH6fkGMLw4bqvL_NH6e2wMveX7G-rP2dAqsDSq1mJMOaY&_nc_zt=24&_nc_ht=scontent-gig4-1.xx&_nc_gid=AoBFJeGrT1hVaew_6rchkQ&oh=00_AfX7QmFGhQhG2jAllVgXCiM1ZrWgvtp80-Bfppyexh1QEg&oe=689E923C"},"aioseo_meta_data":{"post_id":"57993","title":null,"description":null,"keywords":null,"keyphrases":null,"primary_term":null,"canonical_url":null,"og_title":null,"og_description":null,"og_object_type":"default","og_image_type":"default","og_image_url":null,"og_image_width":null,"og_image_height":null,"og_image_custom_url":null,"og_image_custom_fields":null,"og_video":null,"og_custom_url":null,"og_article_section":null,"og_article_tags":null,"twitter_use_og":false,"twitter_card":"default","twitter_image_type":"default","twitter_image_url":null,"twitter_image_custom_url":null,"twitter_image_custom_fields":null,"twitter_title":null,"twitter_description":null,"schema":{"blockGraphs":[],"customGraphs":[],"default":{"data":{"Article":[],"Course":[],"Dataset":[],"FAQPage":[],"Movie":[],"Person":[],"Product":[],"ProductReview":[],"Car":[],"Recipe":[],"Service":[],"SoftwareApplication":[],"WebPage":[]},"graphName":"","isEnabled":true},"graphs":[]},"schema_type":"default","schema_type_options":null,"pillar_content":false,"robots_default":true,"robots_noindex":false,"robots_noarchive":false,"robots_nosnippet":false,"robots_nofollow":false,"robots_noimageindex":false,"robots_noodp":false,"robots_notranslate":false,"robots_max_snippet":null,"robots_max_videopreview":null,"robots_max_imagepreview":"large","priority":null,"frequency":null,"local_seo":null,"breadcrumb_settings":null,"limit_modified_date":false,"ai":null,"created":"2025-08-16 21:10:43","updated":"2025-08-16 21:10:43","focus_keyword":null,"additional_keywords":null,"truseo_locale":null,"seo_analyzer_scan_date":null},"aioseo_breadcrumb":"<div class=\"aioseo-breadcrumbs\"><span class=\"aioseo-breadcrumb\">\n\t\t\t<a href=\"https:\/\/anoticiaonline.com.br\/site\" title=\"Home\">Home<\/a>\n\t\t<\/span><span class=\"aioseo-breadcrumb-separator\">&raquo;<\/span><span class=\"aioseo-breadcrumb\">\n\t\t\t<a href=\"https:\/\/anoticiaonline.com.br\/site\/categoria\/muriae\/\" title=\"Blog\">Blog<\/a>\n\t\t<\/span><span class=\"aioseo-breadcrumb-separator\">&raquo;<\/span><span class=\"aioseo-breadcrumb\">\n\t\t\tJornalista Carlos Viana visita a FCV\n\t\t<\/span><\/div>","aioseo_breadcrumb_json":[{"label":"Home","link":"https:\/\/anoticiaonline.com.br\/site"},{"label":"Blog","link":"https:\/\/anoticiaonline.com.br\/site\/categoria\/muriae\/"},{"label":"Jornalista Carlos Viana visita a FCV","link":"https:\/\/anoticiaonline.com.br\/site\/jornalista-carlos-viana-visita-a-fcv\/"}],"views":155,"_links":{"self":[{"href":"https:\/\/anoticiaonline.com.br\/site\/wp-json\/wp\/v2\/posts\/57993","targetHints":{"allow":["GET"]}}],"collection":[{"href":"https:\/\/anoticiaonline.com.br\/site\/wp-json\/wp\/v2\/posts"}],"about":[{"href":"https:\/\/anoticiaonline.com.br\/site\/wp-json\/wp\/v2\/types\/post"}],"author":[{"embeddable":true,"href":"https:\/\/anoticiaonline.com.br\/site\/wp-json\/wp\/v2\/users\/2"}],"replies":[{"embeddable":true,"href":"https:\/\/anoticiaonline.com.br\/site\/wp-json\/wp\/v2\/comments?post=57993"}],"version-history":[{"count":0,"href":"https:\/\/anoticiaonline.com.br\/site\/wp-json\/wp\/v2\/posts\/57993\/revisions"}],"wp:featuredmedia":[{"embeddable":true,"href":"https:\/\/anoticiaonline.com.br\/site\/wp-json\/wp\/v2\/media\/57994"}],"wp:attachment":[{"href":"https:\/\/anoticiaonline.com.br\/site\/wp-json\/wp\/v2\/media?parent=57993"}],"wp:term":[{"taxonomy":"category","embeddable":true,"href":"https:\/\/anoticiaonline.com.br\/site\/wp-json\/wp\/v2\/categories?post=57993"},{"taxonomy":"post_tag","embeddable":true,"href":"https:\/\/anoticiaonline.com.br\/site\/wp-json\/wp\/v2\/tags?post=57993"}],"curies":[{"name":"wp","href":"https:\/\/api.w.org\/{rel}","templated":true}]}}