{"id":57988,"date":"2018-07-05T10:47:38","date_gmt":"2018-07-05T13:47:38","guid":{"rendered":"http:\/\/anoticiaonline.com.br\/site\/?p=57988"},"modified":"2018-07-05T10:47:38","modified_gmt":"2018-07-05T13:47:38","slug":"leitura-e-diversao-no-dia-de-cooperar","status":"publish","type":"post","link":"https:\/\/anoticiaonline.com.br\/site\/leitura-e-diversao-no-dia-de-cooperar\/","title":{"rendered":"Leitura e divers\u00e3o no Dia de Cooperar"},"content":{"rendered":"<p><a href=\"https:\/\/anoticiaonline.com.br\/site\/wp-content\/uploads\/2018\/07\/Leitura-e-divers\u00e3o-no-Dia-de-Cooperar.jpg\"><img fetchpriority=\"high\" decoding=\"async\" class=\"alignnone size-full wp-image-57989\" src=\"https:\/\/anoticiaonline.com.br\/site\/wp-content\/uploads\/2018\/07\/Leitura-e-divers\u00e3o-no-Dia-de-Cooperar.jpg\" alt=\"\" width=\"640\" height=\"427\" srcset=\"https:\/\/anoticiaonline.com.br\/site\/wp-content\/uploads\/2018\/07\/Leitura-e-divers\u00e3o-no-Dia-de-Cooperar.jpg 640w, https:\/\/anoticiaonline.com.br\/site\/wp-content\/uploads\/2018\/07\/Leitura-e-divers\u00e3o-no-Dia-de-Cooperar-300x200.jpg 300w\" sizes=\"(max-width: 640px) 100vw, 640px\" \/><\/a> <a href=\"https:\/\/anoticiaonline.com.br\/site\/wp-content\/uploads\/2018\/07\/Leitura-e-divers\u00e3o-no-Dia-de-Cooperar-2.jpg\"><img decoding=\"async\" class=\"alignnone size-full wp-image-57990\" src=\"https:\/\/anoticiaonline.com.br\/site\/wp-content\/uploads\/2018\/07\/Leitura-e-divers\u00e3o-no-Dia-de-Cooperar-2.jpg\" alt=\"\" width=\"640\" height=\"427\" srcset=\"https:\/\/anoticiaonline.com.br\/site\/wp-content\/uploads\/2018\/07\/Leitura-e-divers\u00e3o-no-Dia-de-Cooperar-2.jpg 640w, https:\/\/anoticiaonline.com.br\/site\/wp-content\/uploads\/2018\/07\/Leitura-e-divers\u00e3o-no-Dia-de-Cooperar-2-300x200.jpg 300w\" sizes=\"(max-width: 640px) 100vw, 640px\" \/><\/a> <a href=\"https:\/\/anoticiaonline.com.br\/site\/wp-content\/uploads\/2018\/07\/Leitura-e-divers\u00e3o-no-Dia-de-Cooperar-3.jpg\"><img decoding=\"async\" class=\"alignnone size-full wp-image-57991\" src=\"https:\/\/anoticiaonline.com.br\/site\/wp-content\/uploads\/2018\/07\/Leitura-e-divers\u00e3o-no-Dia-de-Cooperar-3.jpg\" alt=\"\" width=\"640\" height=\"427\" srcset=\"https:\/\/anoticiaonline.com.br\/site\/wp-content\/uploads\/2018\/07\/Leitura-e-divers\u00e3o-no-Dia-de-Cooperar-3.jpg 640w, https:\/\/anoticiaonline.com.br\/site\/wp-content\/uploads\/2018\/07\/Leitura-e-divers\u00e3o-no-Dia-de-Cooperar-3-300x200.jpg 300w\" sizes=\"(max-width: 640px) 100vw, 640px\" \/><\/a><\/p>\n<p>Comemorado mundialmente, o Dia de Cooperar (Dia C) do Sicoob Credisudeste foi marcado, no \u00faltimo s\u00e1bado (30), por a\u00e7\u00f5es de incentivo \u00e0 leitura. As ag\u00eancias de S\u00e3o Francisco do Gl\u00f3ria e de Capara\u00f3 distribu\u00edram centenas de livros entre estudantes. A campanha de arrecada\u00e7\u00e3o mobilizou funcion\u00e1rios e cooperados no \u00faltimo m\u00eas.<\/p>\n<p>Em S\u00e3o Francisco, a Escola Municipal Ant\u00f4nio Franco Laviola se transformou na \u201cPra\u00e7a do Livro\u201d para 400 alunos da institui\u00e7\u00e3o. A programa\u00e7\u00e3o na parte da manh\u00e3 contou com roda de leitura, com a presen\u00e7a da escritora Andr\u00e9a do Valle, de Muria\u00e9, autora do livro \u201c<em>A Galinha dos Ovos Azuis<\/em>\u201d, teatro, m\u00fasica e divers\u00e3o e guloseimas para a crian\u00e7ada.<\/p>\n<p>Segundo a gerente da ag\u00eancia local, Solange do Prado Passos, toda a comunidade se envolveu para o Dia C. \u201cN\u00e3o fizemos nada por conta pr\u00f3pria. Os moradores ajudaram no lanche e na campanha dos livros\u201d, disse.<\/p>\n<p>Na oportunidade, os estudantes ainda receberam um kit com livro, giz de cera e blocos de anota\u00e7\u00e3o. O restante dos livros ser\u00e1 doado para a biblioteca da escola.<\/p>\n<p>Como forma de estimular a leitura entre os associados, ap\u00f3s a data, uma estante ficar\u00e1 na ag\u00eancia de S\u00e3o Francisco para a troca de livros. O sistema consiste em pegar um livro e deixar outro no lugar, de forma volunt\u00e1ria.<\/p>\n<p><strong>Biblioteca &#8211; <\/strong>Em Capara\u00f3, a campanha para arrecadar livros come\u00e7ou dia 7 de junho e terminou na sexta-feira (29), v\u00e9spera do Dia C para montar a biblioteca da Escola Municipal Eug\u00eanio Moraes, de Grumarim, zona rural do munic\u00edpio. A entrega dos arm\u00e1rios e dos livros pela ag\u00eancia local aconteceu no \u00faltimo s\u00e1bado (30).<\/p>\n<p>A biblioteca pr\u00f3pria \u00e9 um antigo sonho dos alunos, professores e diretoria da escola, que fica a 16 km da sede. Uma sala desocupada foi reservada para receber arm\u00e1rios novos e abrigar o acervo entregue pelo Sicoob Credisudeste.<\/p>\n<p>\u201cOs moradores do C\u00f3rrego do Grumarim tem h\u00e1bito de leitura. Quanto mais conhecimento, mais o cooperativismo na comunidade estar\u00e1 fortalecido\u201d, avalia a gerente da ag\u00eancia de Capara\u00f3, Giliane Peixoto de Matos.<\/p>\n<p>A diretora da escola, Michele Ol\u00edmpio Moreira, est\u00e1 feliz com a iniciativa da cooperativa de cr\u00e9dito. \u201cA campanha mostra a preocupa\u00e7\u00e3o do Sicoob com educa\u00e7\u00e3o e cultura, porque os livros s\u00e3o para sempre, para os alunos de hoje e os que v\u00e3o estar na escola amanh\u00e3\u201d, diz.<\/p>\n<p>A secret\u00e1ria Municipal de Educa\u00e7\u00e3o de Capara\u00f3, Maria Gisela Torres Brinati, enaltece a a\u00e7\u00e3o social em torno do Dia de Cooperar. \u201cAcho muito importante a campanha. Temos que ser solid\u00e1rios, trabalhar uns pelos outros. Viver com alegria e servir com alegria, n\u00e3o tem sentido se n\u00e3o for assim\u201d.<\/p>\n<p>Cr\u00e9ditos: ASCOM Sicoob Credisudeste<\/p>\n","protected":false},"excerpt":{"rendered":"<p>Comemorado mundialmente, o Dia de Cooperar (Dia C) do Sicoob Credisudeste foi marcado, no \u00faltimo s\u00e1bado (30), por a\u00e7\u00f5es de incentivo \u00e0 leitura. As ag\u00eancias de S\u00e3o Francisco do Gl\u00f3ria e de Capara\u00f3 distribu\u00edram centenas de livros entre estudantes. A campanha de arrecada\u00e7\u00e3o mobilizou funcion\u00e1rios e cooperados no \u00faltimo m\u00eas. Em S\u00e3o Francisco, a Escola &#8230; <a title=\"Leitura e divers\u00e3o no Dia de Cooperar\" class=\"read-more\" href=\"https:\/\/anoticiaonline.com.br\/site\/leitura-e-diversao-no-dia-de-cooperar\/\" aria-label=\"Read more about Leitura e divers\u00e3o no Dia de Cooperar\">Ler mais<\/a><\/p>\n","protected":false},"author":2,"featured_media":57989,"comment_status":"open","ping_status":"open","sticky":false,"template":"","format":"standard","meta":{"_acf_changed":false,"_monsterinsights_skip_tracking":false,"footnotes":""},"categories":[30,19],"tags":[2412,2794,2795,216,2533],"class_list":["post-57988","post","type-post","status-publish","format-standard","has-post-thumbnail","hentry","category-muriae","category-cultura","tag-biblioteca","tag-dia-de-cooperar","tag-laviola","tag-livro","tag-sicoob"],"acf":[],"aioseo_notices":[],"aioseo_head":"\n\t\t<!-- All in One SEO 5.0.0.1 - aioseo.com -->\n\t<meta name=\"description\" content=\"Comemorado mundialmente, o Dia de Cooperar (Dia C) do Sicoob Credisudeste foi marcado, no \u00faltimo s\u00e1bado (30), por a\u00e7\u00f5es de incentivo \u00e0 leitura. As ag\u00eancias de S\u00e3o Francisco do Gl\u00f3ria e de Capara\u00f3 distribu\u00edram centenas de livros entre estudantes. A campanha de arrecada\u00e7\u00e3o mobilizou funcion\u00e1rios e cooperados no \u00faltimo m\u00eas. Em S\u00e3o Francisco, a Escola\" \/>\n\t<meta name=\"robots\" content=\"max-image-preview:large\" \/>\n\t<meta name=\"author\" content=\"Juliana Laviola\"\/>\n\t<link rel=\"canonical\" href=\"https:\/\/anoticiaonline.com.br\/site\/leitura-e-diversao-no-dia-de-cooperar\/\" \/>\n\t<meta name=\"generator\" content=\"All in One SEO (AIOSEO) 5.0.0.1\" \/>\n\t\t<meta property=\"og:locale\" content=\"pt_BR\" \/>\n\t\t<meta property=\"og:site_name\" content=\"A Not\u00edcia Online - Noticias de Muria\u00e9 e regi\u00e3o\" \/>\n\t\t<meta property=\"og:type\" content=\"article\" \/>\n\t\t<meta property=\"og:title\" content=\"Leitura e divers\u00e3o no Dia de Cooperar - A Not\u00edcia Online\" \/>\n\t\t<meta property=\"og:description\" content=\"Comemorado mundialmente, o Dia de Cooperar (Dia C) do Sicoob Credisudeste foi marcado, no \u00faltimo s\u00e1bado (30), por a\u00e7\u00f5es de incentivo \u00e0 leitura. As ag\u00eancias de S\u00e3o Francisco do Gl\u00f3ria e de Capara\u00f3 distribu\u00edram centenas de livros entre estudantes. A campanha de arrecada\u00e7\u00e3o mobilizou funcion\u00e1rios e cooperados no \u00faltimo m\u00eas. Em S\u00e3o Francisco, a Escola\" \/>\n\t\t<meta property=\"og:url\" content=\"https:\/\/anoticiaonline.com.br\/site\/leitura-e-diversao-no-dia-de-cooperar\/\" \/>\n\t\t<meta property=\"og:image\" content=\"https:\/\/scontent-gig4-1.xx.fbcdn.net\/v\/t39.30808-1\/270437624_4564083193639691_6907940295614233970_n.jpg?stp=dst-jpg_s200x200_tt6&#038;_nc_cat=111&#038;ccb=1-7&#038;_nc_sid=f907e8&#038;_nc_ohc=SM1wRlP3lJwQ7kNvwEPuBYA&#038;_nc_oc=AdnqrjDN_BNjSSHWO-GbkIWH6fkGMLw4bqvL_NH6e2wMveX7G-rP2dAqsDSq1mJMOaY&#038;_nc_zt=24&#038;_nc_ht=scontent-gig4-1.xx&#038;_nc_gid=AoBFJeGrT1hVaew_6rchkQ&#038;oh=00_AfX7QmFGhQhG2jAllVgXCiM1ZrWgvtp80-Bfppyexh1QEg&#038;oe=689E923C\" \/>\n\t\t<meta property=\"og:image:secure_url\" content=\"https:\/\/scontent-gig4-1.xx.fbcdn.net\/v\/t39.30808-1\/270437624_4564083193639691_6907940295614233970_n.jpg?stp=dst-jpg_s200x200_tt6&#038;_nc_cat=111&#038;ccb=1-7&#038;_nc_sid=f907e8&#038;_nc_ohc=SM1wRlP3lJwQ7kNvwEPuBYA&#038;_nc_oc=AdnqrjDN_BNjSSHWO-GbkIWH6fkGMLw4bqvL_NH6e2wMveX7G-rP2dAqsDSq1mJMOaY&#038;_nc_zt=24&#038;_nc_ht=scontent-gig4-1.xx&#038;_nc_gid=AoBFJeGrT1hVaew_6rchkQ&#038;oh=00_AfX7QmFGhQhG2jAllVgXCiM1ZrWgvtp80-Bfppyexh1QEg&#038;oe=689E923C\" \/>\n\t\t<meta property=\"article:published_time\" content=\"2018-07-05T13:47:38+00:00\" \/>\n\t\t<meta property=\"article:modified_time\" content=\"2018-07-05T13:47:38+00:00\" \/>\n\t\t<meta name=\"twitter:card\" content=\"summary_large_image\" \/>\n\t\t<meta name=\"twitter:title\" content=\"Leitura e divers\u00e3o no Dia de Cooperar - A Not\u00edcia Online\" \/>\n\t\t<meta name=\"twitter:description\" content=\"Comemorado mundialmente, o Dia de Cooperar (Dia C) do Sicoob Credisudeste foi marcado, no \u00faltimo s\u00e1bado (30), por a\u00e7\u00f5es de incentivo \u00e0 leitura. As ag\u00eancias de S\u00e3o Francisco do Gl\u00f3ria e de Capara\u00f3 distribu\u00edram centenas de livros entre estudantes. A campanha de arrecada\u00e7\u00e3o mobilizou funcion\u00e1rios e cooperados no \u00faltimo m\u00eas. Em S\u00e3o Francisco, a Escola\" \/>\n\t\t<meta name=\"twitter:image\" content=\"https:\/\/scontent-gig4-1.xx.fbcdn.net\/v\/t39.30808-1\/270437624_4564083193639691_6907940295614233970_n.jpg?stp=dst-jpg_s200x200_tt6&amp;_nc_cat=111&amp;ccb=1-7&amp;_nc_sid=f907e8&amp;_nc_ohc=SM1wRlP3lJwQ7kNvwEPuBYA&amp;_nc_oc=AdnqrjDN_BNjSSHWO-GbkIWH6fkGMLw4bqvL_NH6e2wMveX7G-rP2dAqsDSq1mJMOaY&amp;_nc_zt=24&amp;_nc_ht=scontent-gig4-1.xx&amp;_nc_gid=AoBFJeGrT1hVaew_6rchkQ&amp;oh=00_AfX7QmFGhQhG2jAllVgXCiM1ZrWgvtp80-Bfppyexh1QEg&amp;oe=689E923C\" \/>\n\t\t<script type=\"application\/ld+json\" class=\"aioseo-schema\">\n\t\t\t{\"@context\":\"https:\\\/\\\/schema.org\",\"@graph\":[{\"@type\":\"BlogPosting\",\"@id\":\"https:\\\/\\\/anoticiaonline.com.br\\\/site\\\/leitura-e-diversao-no-dia-de-cooperar\\\/#blogposting\",\"name\":\"Leitura e divers\\u00e3o no Dia de Cooperar - A Not\\u00edcia Online\",\"headline\":\"Leitura e divers\\u00e3o no Dia de Cooperar\",\"author\":{\"@id\":\"https:\\\/\\\/anoticiaonline.com.br\\\/site\\\/author\\\/juliana\\\/#author\"},\"publisher\":{\"@id\":\"https:\\\/\\\/anoticiaonline.com.br\\\/site\\\/#organization\"},\"image\":{\"@type\":\"ImageObject\",\"url\":\"https:\\\/\\\/anoticiaonline.com.br\\\/site\\\/wp-content\\\/uploads\\\/2018\\\/07\\\/Leitura-e-divers\\u00e3o-no-Dia-de-Cooperar.jpg\",\"width\":640,\"height\":427},\"datePublished\":\"2018-07-05T10:47:38-03:00\",\"dateModified\":\"2018-07-05T10:47:38-03:00\",\"inLanguage\":\"pt-BR\",\"mainEntityOfPage\":{\"@id\":\"https:\\\/\\\/anoticiaonline.com.br\\\/site\\\/leitura-e-diversao-no-dia-de-cooperar\\\/#webpage\"},\"isPartOf\":{\"@id\":\"https:\\\/\\\/anoticiaonline.com.br\\\/site\\\/leitura-e-diversao-no-dia-de-cooperar\\\/#webpage\"},\"articleSection\":\"Blog, Cultura, biblioteca, dia de cooperar, laviola, livro, sicoob\"},{\"@type\":\"BreadcrumbList\",\"@id\":\"https:\\\/\\\/anoticiaonline.com.br\\\/site\\\/leitura-e-diversao-no-dia-de-cooperar\\\/#breadcrumblist\",\"itemListElement\":[{\"@type\":\"ListItem\",\"@id\":\"https:\\\/\\\/anoticiaonline.com.br\\\/site#listItem\",\"position\":1,\"name\":\"Home\",\"item\":\"https:\\\/\\\/anoticiaonline.com.br\\\/site\",\"nextItem\":{\"@type\":\"ListItem\",\"@id\":\"https:\\\/\\\/anoticiaonline.com.br\\\/site\\\/categoria\\\/muriae\\\/#listItem\",\"name\":\"Blog\"}},{\"@type\":\"ListItem\",\"@id\":\"https:\\\/\\\/anoticiaonline.com.br\\\/site\\\/categoria\\\/muriae\\\/#listItem\",\"position\":2,\"name\":\"Blog\",\"item\":\"https:\\\/\\\/anoticiaonline.com.br\\\/site\\\/categoria\\\/muriae\\\/\",\"nextItem\":{\"@type\":\"ListItem\",\"@id\":\"https:\\\/\\\/anoticiaonline.com.br\\\/site\\\/categoria\\\/muriae\\\/cultura\\\/#listItem\",\"name\":\"Cultura\"},\"previousItem\":{\"@type\":\"ListItem\",\"@id\":\"https:\\\/\\\/anoticiaonline.com.br\\\/site#listItem\",\"name\":\"Home\"}},{\"@type\":\"ListItem\",\"@id\":\"https:\\\/\\\/anoticiaonline.com.br\\\/site\\\/categoria\\\/muriae\\\/cultura\\\/#listItem\",\"position\":3,\"name\":\"Cultura\",\"item\":\"https:\\\/\\\/anoticiaonline.com.br\\\/site\\\/categoria\\\/muriae\\\/cultura\\\/\",\"nextItem\":{\"@type\":\"ListItem\",\"@id\":\"https:\\\/\\\/anoticiaonline.com.br\\\/site\\\/leitura-e-diversao-no-dia-de-cooperar\\\/#listItem\",\"name\":\"Leitura e divers\\u00e3o no Dia de Cooperar\"},\"previousItem\":{\"@type\":\"ListItem\",\"@id\":\"https:\\\/\\\/anoticiaonline.com.br\\\/site\\\/categoria\\\/muriae\\\/#listItem\",\"name\":\"Blog\"}},{\"@type\":\"ListItem\",\"@id\":\"https:\\\/\\\/anoticiaonline.com.br\\\/site\\\/leitura-e-diversao-no-dia-de-cooperar\\\/#listItem\",\"position\":4,\"name\":\"Leitura e divers\\u00e3o no Dia de Cooperar\",\"previousItem\":{\"@type\":\"ListItem\",\"@id\":\"https:\\\/\\\/anoticiaonline.com.br\\\/site\\\/categoria\\\/muriae\\\/cultura\\\/#listItem\",\"name\":\"Cultura\"}}]},{\"@type\":\"Organization\",\"@id\":\"https:\\\/\\\/anoticiaonline.com.br\\\/site\\\/#organization\",\"name\":\"A Not\\u00edcia Online\",\"description\":\"Noticias de Muria\\u00e9 e regi\\u00e3o\",\"url\":\"https:\\\/\\\/anoticiaonline.com.br\\\/site\\\/\",\"logo\":{\"@type\":\"ImageObject\",\"url\":\"https:\\\/\\\/scontent-gig4-1.xx.fbcdn.net\\\/v\\\/t39.30808-1\\\/270437624_4564083193639691_6907940295614233970_n.jpg?stp=dst-jpg_s200x200_tt6&_nc_cat=111&ccb=1-7&_nc_sid=f907e8&_nc_ohc=SM1wRlP3lJwQ7kNvwEPuBYA&_nc_oc=AdnqrjDN_BNjSSHWO-GbkIWH6fkGMLw4bqvL_NH6e2wMveX7G-rP2dAqsDSq1mJMOaY&_nc_zt=24&_nc_ht=scontent-gig4-1.xx&_nc_gid=AoBFJeGrT1hVaew_6rchkQ&oh=00_AfX7QmFGhQhG2jAllVgXCiM1ZrWgvtp80-Bfppyexh1QEg&oe=689E923C\",\"@id\":\"https:\\\/\\\/anoticiaonline.com.br\\\/site\\\/leitura-e-diversao-no-dia-de-cooperar\\\/#organizationLogo\"},\"image\":{\"@id\":\"https:\\\/\\\/anoticiaonline.com.br\\\/site\\\/leitura-e-diversao-no-dia-de-cooperar\\\/#organizationLogo\"}},{\"@type\":\"Person\",\"@id\":\"https:\\\/\\\/anoticiaonline.com.br\\\/site\\\/author\\\/juliana\\\/#author\",\"url\":\"https:\\\/\\\/anoticiaonline.com.br\\\/site\\\/author\\\/juliana\\\/\",\"name\":\"Juliana Laviola\",\"image\":{\"@type\":\"ImageObject\",\"@id\":\"https:\\\/\\\/anoticiaonline.com.br\\\/site\\\/leitura-e-diversao-no-dia-de-cooperar\\\/#authorImage\",\"url\":\"https:\\\/\\\/secure.gravatar.com\\\/avatar\\\/b8d45f5c699b100dfaf0e543582f38f38bf94cb7ae3a5e9abf8d891a34773335?s=96&d=mm&r=g\",\"width\":96,\"height\":96,\"caption\":\"Juliana Laviola\"}},{\"@type\":\"WebPage\",\"@id\":\"https:\\\/\\\/anoticiaonline.com.br\\\/site\\\/leitura-e-diversao-no-dia-de-cooperar\\\/#webpage\",\"url\":\"https:\\\/\\\/anoticiaonline.com.br\\\/site\\\/leitura-e-diversao-no-dia-de-cooperar\\\/\",\"name\":\"Leitura e divers\\u00e3o no Dia de Cooperar - A Not\\u00edcia Online\",\"description\":\"Comemorado mundialmente, o Dia de Cooperar (Dia C) do Sicoob Credisudeste foi marcado, no \\u00faltimo s\\u00e1bado (30), por a\\u00e7\\u00f5es de incentivo \\u00e0 leitura. As ag\\u00eancias de S\\u00e3o Francisco do Gl\\u00f3ria e de Capara\\u00f3 distribu\\u00edram centenas de livros entre estudantes. A campanha de arrecada\\u00e7\\u00e3o mobilizou funcion\\u00e1rios e cooperados no \\u00faltimo m\\u00eas. Em S\\u00e3o Francisco, a Escola\",\"inLanguage\":\"pt-BR\",\"isPartOf\":{\"@id\":\"https:\\\/\\\/anoticiaonline.com.br\\\/site\\\/#website\"},\"breadcrumb\":{\"@id\":\"https:\\\/\\\/anoticiaonline.com.br\\\/site\\\/leitura-e-diversao-no-dia-de-cooperar\\\/#breadcrumblist\"},\"author\":{\"@id\":\"https:\\\/\\\/anoticiaonline.com.br\\\/site\\\/author\\\/juliana\\\/#author\"},\"creator\":{\"@id\":\"https:\\\/\\\/anoticiaonline.com.br\\\/site\\\/author\\\/juliana\\\/#author\"},\"image\":{\"@type\":\"ImageObject\",\"url\":\"https:\\\/\\\/anoticiaonline.com.br\\\/site\\\/wp-content\\\/uploads\\\/2018\\\/07\\\/Leitura-e-divers\\u00e3o-no-Dia-de-Cooperar.jpg\",\"@id\":\"https:\\\/\\\/anoticiaonline.com.br\\\/site\\\/leitura-e-diversao-no-dia-de-cooperar\\\/#mainImage\",\"width\":640,\"height\":427},\"primaryImageOfPage\":{\"@id\":\"https:\\\/\\\/anoticiaonline.com.br\\\/site\\\/leitura-e-diversao-no-dia-de-cooperar\\\/#mainImage\"},\"datePublished\":\"2018-07-05T10:47:38-03:00\",\"dateModified\":\"2018-07-05T10:47:38-03:00\"},{\"@type\":\"WebSite\",\"@id\":\"https:\\\/\\\/anoticiaonline.com.br\\\/site\\\/#website\",\"url\":\"https:\\\/\\\/anoticiaonline.com.br\\\/site\\\/\",\"name\":\"A Not\\u00edcia Online\",\"description\":\"Noticias de Muria\\u00e9 e regi\\u00e3o\",\"inLanguage\":\"pt-BR\",\"publisher\":{\"@id\":\"https:\\\/\\\/anoticiaonline.com.br\\\/site\\\/#organization\"}}]}\n\t\t<\/script>\n\t\t<!-- All in One SEO -->\n\n","aioseo_head_json":{"title":"Leitura e divers\u00e3o no Dia de Cooperar - A Not\u00edcia Online","description":"Comemorado mundialmente, o Dia de Cooperar (Dia C) do Sicoob Credisudeste foi marcado, no \u00faltimo s\u00e1bado (30), por a\u00e7\u00f5es de incentivo \u00e0 leitura. As ag\u00eancias de S\u00e3o Francisco do Gl\u00f3ria e de Capara\u00f3 distribu\u00edram centenas de livros entre estudantes. A campanha de arrecada\u00e7\u00e3o mobilizou funcion\u00e1rios e cooperados no \u00faltimo m\u00eas. Em S\u00e3o Francisco, a Escola","canonical_url":"https:\/\/anoticiaonline.com.br\/site\/leitura-e-diversao-no-dia-de-cooperar\/","robots":"max-image-preview:large","keywords":"","webmasterTools":{"miscellaneous":""},"schema":{"@context":"https:\/\/schema.org","@graph":[{"@type":"BlogPosting","@id":"https:\/\/anoticiaonline.com.br\/site\/leitura-e-diversao-no-dia-de-cooperar\/#blogposting","name":"Leitura e divers\u00e3o no Dia de Cooperar - A Not\u00edcia Online","headline":"Leitura e divers\u00e3o no Dia de Cooperar","author":{"@id":"https:\/\/anoticiaonline.com.br\/site\/author\/juliana\/#author"},"publisher":{"@id":"https:\/\/anoticiaonline.com.br\/site\/#organization"},"image":{"@type":"ImageObject","url":"https:\/\/anoticiaonline.com.br\/site\/wp-content\/uploads\/2018\/07\/Leitura-e-divers\u00e3o-no-Dia-de-Cooperar.jpg","width":640,"height":427},"datePublished":"2018-07-05T10:47:38-03:00","dateModified":"2018-07-05T10:47:38-03:00","inLanguage":"pt-BR","mainEntityOfPage":{"@id":"https:\/\/anoticiaonline.com.br\/site\/leitura-e-diversao-no-dia-de-cooperar\/#webpage"},"isPartOf":{"@id":"https:\/\/anoticiaonline.com.br\/site\/leitura-e-diversao-no-dia-de-cooperar\/#webpage"},"articleSection":"Blog, Cultura, biblioteca, dia de cooperar, laviola, livro, sicoob"},{"@type":"BreadcrumbList","@id":"https:\/\/anoticiaonline.com.br\/site\/leitura-e-diversao-no-dia-de-cooperar\/#breadcrumblist","itemListElement":[{"@type":"ListItem","@id":"https:\/\/anoticiaonline.com.br\/site#listItem","position":1,"name":"Home","item":"https:\/\/anoticiaonline.com.br\/site","nextItem":{"@type":"ListItem","@id":"https:\/\/anoticiaonline.com.br\/site\/categoria\/muriae\/#listItem","name":"Blog"}},{"@type":"ListItem","@id":"https:\/\/anoticiaonline.com.br\/site\/categoria\/muriae\/#listItem","position":2,"name":"Blog","item":"https:\/\/anoticiaonline.com.br\/site\/categoria\/muriae\/","nextItem":{"@type":"ListItem","@id":"https:\/\/anoticiaonline.com.br\/site\/categoria\/muriae\/cultura\/#listItem","name":"Cultura"},"previousItem":{"@type":"ListItem","@id":"https:\/\/anoticiaonline.com.br\/site#listItem","name":"Home"}},{"@type":"ListItem","@id":"https:\/\/anoticiaonline.com.br\/site\/categoria\/muriae\/cultura\/#listItem","position":3,"name":"Cultura","item":"https:\/\/anoticiaonline.com.br\/site\/categoria\/muriae\/cultura\/","nextItem":{"@type":"ListItem","@id":"https:\/\/anoticiaonline.com.br\/site\/leitura-e-diversao-no-dia-de-cooperar\/#listItem","name":"Leitura e divers\u00e3o no Dia de Cooperar"},"previousItem":{"@type":"ListItem","@id":"https:\/\/anoticiaonline.com.br\/site\/categoria\/muriae\/#listItem","name":"Blog"}},{"@type":"ListItem","@id":"https:\/\/anoticiaonline.com.br\/site\/leitura-e-diversao-no-dia-de-cooperar\/#listItem","position":4,"name":"Leitura e divers\u00e3o no Dia de Cooperar","previousItem":{"@type":"ListItem","@id":"https:\/\/anoticiaonline.com.br\/site\/categoria\/muriae\/cultura\/#listItem","name":"Cultura"}}]},{"@type":"Organization","@id":"https:\/\/anoticiaonline.com.br\/site\/#organization","name":"A Not\u00edcia Online","description":"Noticias de Muria\u00e9 e regi\u00e3o","url":"https:\/\/anoticiaonline.com.br\/site\/","logo":{"@type":"ImageObject","url":"https:\/\/scontent-gig4-1.xx.fbcdn.net\/v\/t39.30808-1\/270437624_4564083193639691_6907940295614233970_n.jpg?stp=dst-jpg_s200x200_tt6&_nc_cat=111&ccb=1-7&_nc_sid=f907e8&_nc_ohc=SM1wRlP3lJwQ7kNvwEPuBYA&_nc_oc=AdnqrjDN_BNjSSHWO-GbkIWH6fkGMLw4bqvL_NH6e2wMveX7G-rP2dAqsDSq1mJMOaY&_nc_zt=24&_nc_ht=scontent-gig4-1.xx&_nc_gid=AoBFJeGrT1hVaew_6rchkQ&oh=00_AfX7QmFGhQhG2jAllVgXCiM1ZrWgvtp80-Bfppyexh1QEg&oe=689E923C","@id":"https:\/\/anoticiaonline.com.br\/site\/leitura-e-diversao-no-dia-de-cooperar\/#organizationLogo"},"image":{"@id":"https:\/\/anoticiaonline.com.br\/site\/leitura-e-diversao-no-dia-de-cooperar\/#organizationLogo"}},{"@type":"Person","@id":"https:\/\/anoticiaonline.com.br\/site\/author\/juliana\/#author","url":"https:\/\/anoticiaonline.com.br\/site\/author\/juliana\/","name":"Juliana Laviola","image":{"@type":"ImageObject","@id":"https:\/\/anoticiaonline.com.br\/site\/leitura-e-diversao-no-dia-de-cooperar\/#authorImage","url":"https:\/\/secure.gravatar.com\/avatar\/b8d45f5c699b100dfaf0e543582f38f38bf94cb7ae3a5e9abf8d891a34773335?s=96&d=mm&r=g","width":96,"height":96,"caption":"Juliana Laviola"}},{"@type":"WebPage","@id":"https:\/\/anoticiaonline.com.br\/site\/leitura-e-diversao-no-dia-de-cooperar\/#webpage","url":"https:\/\/anoticiaonline.com.br\/site\/leitura-e-diversao-no-dia-de-cooperar\/","name":"Leitura e divers\u00e3o no Dia de Cooperar - A Not\u00edcia Online","description":"Comemorado mundialmente, o Dia de Cooperar (Dia C) do Sicoob Credisudeste foi marcado, no \u00faltimo s\u00e1bado (30), por a\u00e7\u00f5es de incentivo \u00e0 leitura. As ag\u00eancias de S\u00e3o Francisco do Gl\u00f3ria e de Capara\u00f3 distribu\u00edram centenas de livros entre estudantes. A campanha de arrecada\u00e7\u00e3o mobilizou funcion\u00e1rios e cooperados no \u00faltimo m\u00eas. Em S\u00e3o Francisco, a Escola","inLanguage":"pt-BR","isPartOf":{"@id":"https:\/\/anoticiaonline.com.br\/site\/#website"},"breadcrumb":{"@id":"https:\/\/anoticiaonline.com.br\/site\/leitura-e-diversao-no-dia-de-cooperar\/#breadcrumblist"},"author":{"@id":"https:\/\/anoticiaonline.com.br\/site\/author\/juliana\/#author"},"creator":{"@id":"https:\/\/anoticiaonline.com.br\/site\/author\/juliana\/#author"},"image":{"@type":"ImageObject","url":"https:\/\/anoticiaonline.com.br\/site\/wp-content\/uploads\/2018\/07\/Leitura-e-divers\u00e3o-no-Dia-de-Cooperar.jpg","@id":"https:\/\/anoticiaonline.com.br\/site\/leitura-e-diversao-no-dia-de-cooperar\/#mainImage","width":640,"height":427},"primaryImageOfPage":{"@id":"https:\/\/anoticiaonline.com.br\/site\/leitura-e-diversao-no-dia-de-cooperar\/#mainImage"},"datePublished":"2018-07-05T10:47:38-03:00","dateModified":"2018-07-05T10:47:38-03:00"},{"@type":"WebSite","@id":"https:\/\/anoticiaonline.com.br\/site\/#website","url":"https:\/\/anoticiaonline.com.br\/site\/","name":"A Not\u00edcia Online","description":"Noticias de Muria\u00e9 e regi\u00e3o","inLanguage":"pt-BR","publisher":{"@id":"https:\/\/anoticiaonline.com.br\/site\/#organization"}}]},"og:locale":"pt_BR","og:site_name":"A Not\u00edcia Online - Noticias de Muria\u00e9 e regi\u00e3o","og:type":"article","og:title":"Leitura e divers\u00e3o no Dia de Cooperar - A Not\u00edcia Online","og:description":"Comemorado mundialmente, o Dia de Cooperar (Dia C) do Sicoob Credisudeste foi marcado, no \u00faltimo s\u00e1bado (30), por a\u00e7\u00f5es de incentivo \u00e0 leitura. As ag\u00eancias de S\u00e3o Francisco do Gl\u00f3ria e de Capara\u00f3 distribu\u00edram centenas de livros entre estudantes. A campanha de arrecada\u00e7\u00e3o mobilizou funcion\u00e1rios e cooperados no \u00faltimo m\u00eas. Em S\u00e3o Francisco, a Escola","og:url":"https:\/\/anoticiaonline.com.br\/site\/leitura-e-diversao-no-dia-de-cooperar\/","og:image":"https:\/\/scontent-gig4-1.xx.fbcdn.net\/v\/t39.30808-1\/270437624_4564083193639691_6907940295614233970_n.jpg?stp=dst-jpg_s200x200_tt6&#038;_nc_cat=111&#038;ccb=1-7&#038;_nc_sid=f907e8&#038;_nc_ohc=SM1wRlP3lJwQ7kNvwEPuBYA&#038;_nc_oc=AdnqrjDN_BNjSSHWO-GbkIWH6fkGMLw4bqvL_NH6e2wMveX7G-rP2dAqsDSq1mJMOaY&#038;_nc_zt=24&#038;_nc_ht=scontent-gig4-1.xx&#038;_nc_gid=AoBFJeGrT1hVaew_6rchkQ&#038;oh=00_AfX7QmFGhQhG2jAllVgXCiM1ZrWgvtp80-Bfppyexh1QEg&#038;oe=689E923C","og:image:secure_url":"https:\/\/scontent-gig4-1.xx.fbcdn.net\/v\/t39.30808-1\/270437624_4564083193639691_6907940295614233970_n.jpg?stp=dst-jpg_s200x200_tt6&#038;_nc_cat=111&#038;ccb=1-7&#038;_nc_sid=f907e8&#038;_nc_ohc=SM1wRlP3lJwQ7kNvwEPuBYA&#038;_nc_oc=AdnqrjDN_BNjSSHWO-GbkIWH6fkGMLw4bqvL_NH6e2wMveX7G-rP2dAqsDSq1mJMOaY&#038;_nc_zt=24&#038;_nc_ht=scontent-gig4-1.xx&#038;_nc_gid=AoBFJeGrT1hVaew_6rchkQ&#038;oh=00_AfX7QmFGhQhG2jAllVgXCiM1ZrWgvtp80-Bfppyexh1QEg&#038;oe=689E923C","article:published_time":"2018-07-05T13:47:38+00:00","article:modified_time":"2018-07-05T13:47:38+00:00","twitter:card":"summary_large_image","twitter:title":"Leitura e divers\u00e3o no Dia de Cooperar - A Not\u00edcia Online","twitter:description":"Comemorado mundialmente, o Dia de Cooperar (Dia C) do Sicoob Credisudeste foi marcado, no \u00faltimo s\u00e1bado (30), por a\u00e7\u00f5es de incentivo \u00e0 leitura. As ag\u00eancias de S\u00e3o Francisco do Gl\u00f3ria e de Capara\u00f3 distribu\u00edram centenas de livros entre estudantes. A campanha de arrecada\u00e7\u00e3o mobilizou funcion\u00e1rios e cooperados no \u00faltimo m\u00eas. Em S\u00e3o Francisco, a Escola","twitter:image":"https:\/\/scontent-gig4-1.xx.fbcdn.net\/v\/t39.30808-1\/270437624_4564083193639691_6907940295614233970_n.jpg?stp=dst-jpg_s200x200_tt6&_nc_cat=111&ccb=1-7&_nc_sid=f907e8&_nc_ohc=SM1wRlP3lJwQ7kNvwEPuBYA&_nc_oc=AdnqrjDN_BNjSSHWO-GbkIWH6fkGMLw4bqvL_NH6e2wMveX7G-rP2dAqsDSq1mJMOaY&_nc_zt=24&_nc_ht=scontent-gig4-1.xx&_nc_gid=AoBFJeGrT1hVaew_6rchkQ&oh=00_AfX7QmFGhQhG2jAllVgXCiM1ZrWgvtp80-Bfppyexh1QEg&oe=689E923C"},"aioseo_meta_data":{"post_id":"57988","title":null,"description":null,"keywords":null,"keyphrases":null,"primary_term":null,"canonical_url":null,"og_title":null,"og_description":null,"og_object_type":"default","og_image_type":"default","og_image_url":null,"og_image_width":null,"og_image_height":null,"og_image_custom_url":null,"og_image_custom_fields":null,"og_video":null,"og_custom_url":null,"og_article_section":null,"og_article_tags":null,"twitter_use_og":false,"twitter_card":"default","twitter_image_type":"default","twitter_image_url":null,"twitter_image_custom_url":null,"twitter_image_custom_fields":null,"twitter_title":null,"twitter_description":null,"schema":{"blockGraphs":[],"customGraphs":[],"default":{"data":{"Article":[],"Course":[],"Dataset":[],"FAQPage":[],"Movie":[],"Person":[],"Product":[],"ProductReview":[],"Car":[],"Recipe":[],"Service":[],"SoftwareApplication":[],"WebPage":[]},"graphName":"","isEnabled":true},"graphs":[]},"schema_type":"default","schema_type_options":null,"pillar_content":false,"robots_default":true,"robots_noindex":false,"robots_noarchive":false,"robots_nosnippet":false,"robots_nofollow":false,"robots_noimageindex":false,"robots_noodp":false,"robots_notranslate":false,"robots_max_snippet":null,"robots_max_videopreview":null,"robots_max_imagepreview":"large","priority":null,"frequency":null,"local_seo":null,"breadcrumb_settings":null,"limit_modified_date":false,"ai":null,"created":"2025-08-16 21:10:43","updated":"2025-08-16 21:10:43","focus_keyword":null,"additional_keywords":null,"truseo_locale":null,"seo_analyzer_scan_date":null},"aioseo_breadcrumb":"<div class=\"aioseo-breadcrumbs\"><span class=\"aioseo-breadcrumb\">\n\t\t\t<a href=\"https:\/\/anoticiaonline.com.br\/site\" title=\"Home\">Home<\/a>\n\t\t<\/span><span class=\"aioseo-breadcrumb-separator\">&raquo;<\/span><span class=\"aioseo-breadcrumb\">\n\t\t\t<a href=\"https:\/\/anoticiaonline.com.br\/site\/categoria\/muriae\/\" title=\"Blog\">Blog<\/a>\n\t\t<\/span><span class=\"aioseo-breadcrumb-separator\">&raquo;<\/span><span class=\"aioseo-breadcrumb\">\n\t\t\t<a href=\"https:\/\/anoticiaonline.com.br\/site\/categoria\/muriae\/cultura\/\" title=\"Cultura\">Cultura<\/a>\n\t\t<\/span><span class=\"aioseo-breadcrumb-separator\">&raquo;<\/span><span class=\"aioseo-breadcrumb\">\n\t\t\tLeitura e divers\u00e3o no Dia de Cooperar\n\t\t<\/span><\/div>","aioseo_breadcrumb_json":[{"label":"Home","link":"https:\/\/anoticiaonline.com.br\/site"},{"label":"Blog","link":"https:\/\/anoticiaonline.com.br\/site\/categoria\/muriae\/"},{"label":"Cultura","link":"https:\/\/anoticiaonline.com.br\/site\/categoria\/muriae\/cultura\/"},{"label":"Leitura e divers\u00e3o no Dia de Cooperar","link":"https:\/\/anoticiaonline.com.br\/site\/leitura-e-diversao-no-dia-de-cooperar\/"}],"views":150,"_links":{"self":[{"href":"https:\/\/anoticiaonline.com.br\/site\/wp-json\/wp\/v2\/posts\/57988","targetHints":{"allow":["GET"]}}],"collection":[{"href":"https:\/\/anoticiaonline.com.br\/site\/wp-json\/wp\/v2\/posts"}],"about":[{"href":"https:\/\/anoticiaonline.com.br\/site\/wp-json\/wp\/v2\/types\/post"}],"author":[{"embeddable":true,"href":"https:\/\/anoticiaonline.com.br\/site\/wp-json\/wp\/v2\/users\/2"}],"replies":[{"embeddable":true,"href":"https:\/\/anoticiaonline.com.br\/site\/wp-json\/wp\/v2\/comments?post=57988"}],"version-history":[{"count":0,"href":"https:\/\/anoticiaonline.com.br\/site\/wp-json\/wp\/v2\/posts\/57988\/revisions"}],"wp:featuredmedia":[{"embeddable":true,"href":"https:\/\/anoticiaonline.com.br\/site\/wp-json\/wp\/v2\/media\/57989"}],"wp:attachment":[{"href":"https:\/\/anoticiaonline.com.br\/site\/wp-json\/wp\/v2\/media?parent=57988"}],"wp:term":[{"taxonomy":"category","embeddable":true,"href":"https:\/\/anoticiaonline.com.br\/site\/wp-json\/wp\/v2\/categories?post=57988"},{"taxonomy":"post_tag","embeddable":true,"href":"https:\/\/anoticiaonline.com.br\/site\/wp-json\/wp\/v2\/tags?post=57988"}],"curies":[{"name":"wp","href":"https:\/\/api.w.org\/{rel}","templated":true}]}}