{"id":57970,"date":"2018-07-04T09:42:58","date_gmt":"2018-07-04T12:42:58","guid":{"rendered":"http:\/\/anoticiaonline.com.br\/site\/?p=57970"},"modified":"2018-07-04T10:44:34","modified_gmt":"2018-07-04T13:44:34","slug":"cristiano-banni-e-daniel-dividem-o-palco-com-a-dupla-zeze-di-camargo-e-luciano","status":"publish","type":"post","link":"https:\/\/anoticiaonline.com.br\/site\/cristiano-banni-e-daniel-dividem-o-palco-com-a-dupla-zeze-di-camargo-e-luciano\/","title":{"rendered":"Cristiano Banni e Daniel dividem o palco com a dupla Zez\u00e9 di Camargo e Luciano"},"content":{"rendered":"<p>Na sexta-feira (29), Cristiano Banni e Daniel estiveram na Infinity Hall, em Itaperuna (RJ), onde se apresentaram na abertura do show de Zez\u00e9 di Camargo e Luciano, em um projeto ac\u00fastico.<\/p>\n<p>Com a oportunidade de cantar no mesmo palco dos \u00eddolos Zez\u00e9 di Camargo e Luciano, os dois se emocionaram com o encontro. No camarim, os cantores bateram um papo sobre a carreira e se identificaram com a mesma hist\u00f3ria de vida.<\/p>\n<p>\u201cSenti uma ess\u00eancia na voz de voc\u00eas, uma forma diferente de cantar os cl\u00e1ssicos e \u2018mod\u00f5es de viola\u2019, algo que vem no sangue\u201d, comenta Luciano.<\/p>\n<p>\u201cEstava no camarim ouvindo a apresenta\u00e7\u00e3o de voc\u00eas, e posso afirmar que nesta gera\u00e7\u00e3o \u00e9 muito dif\u00edcil encontrar duplas t\u00e3o afinada como voc\u00eas\u201d, completa Zez\u00e9 di Camargo.<\/p>\n<p>\u201cFoi maravilhoso, eles nos desejaram muito sucesso e o p\u00fablico presente esteve muito animado. \u00c9 sinal de que estamos trilhando o caminho certo\u201d, afirmou Cristiano.<\/p>\n<p>\u201cA cada dia os nossos sonhos vem se realizando, atrav\u00e9s de parceiros como a Dimens\u00e3o, promovendo e nos proporcionando esses momentos. \u00c9 nas estradas que recebemos os melhores conselhos\u201d, comenta Daniel.<\/p>\n<p><a href=\"https:\/\/anoticiaonline.com.br\/site\/wp-content\/uploads\/2018\/07\/Cristiano-Banni-e-Daniel-dividem-o-palco-com-a-dupla-Zez\u00e9-di-Camargo-e-Luciano.jpg\"><img fetchpriority=\"high\" decoding=\"async\" class=\"alignnone size-full wp-image-57971\" src=\"https:\/\/anoticiaonline.com.br\/site\/wp-content\/uploads\/2018\/07\/Cristiano-Banni-e-Daniel-dividem-o-palco-com-a-dupla-Zez\u00e9-di-Camargo-e-Luciano.jpg\" alt=\"\" width=\"640\" height=\"427\" srcset=\"https:\/\/anoticiaonline.com.br\/site\/wp-content\/uploads\/2018\/07\/Cristiano-Banni-e-Daniel-dividem-o-palco-com-a-dupla-Zez\u00e9-di-Camargo-e-Luciano.jpg 640w, https:\/\/anoticiaonline.com.br\/site\/wp-content\/uploads\/2018\/07\/Cristiano-Banni-e-Daniel-dividem-o-palco-com-a-dupla-Zez\u00e9-di-Camargo-e-Luciano-300x200.jpg 300w\" sizes=\"(max-width: 640px) 100vw, 640px\" \/><\/a> <a href=\"https:\/\/anoticiaonline.com.br\/site\/wp-content\/uploads\/2018\/07\/Cristiano-Banni-e-Daniel-dividem-o-palco-com-a-dupla-Zez\u00e9-di-Camargo-e-Luciano-2.jpg\"><img decoding=\"async\" class=\"alignnone size-full wp-image-57972\" src=\"https:\/\/anoticiaonline.com.br\/site\/wp-content\/uploads\/2018\/07\/Cristiano-Banni-e-Daniel-dividem-o-palco-com-a-dupla-Zez\u00e9-di-Camargo-e-Luciano-2.jpg\" alt=\"\" width=\"640\" height=\"427\" srcset=\"https:\/\/anoticiaonline.com.br\/site\/wp-content\/uploads\/2018\/07\/Cristiano-Banni-e-Daniel-dividem-o-palco-com-a-dupla-Zez\u00e9-di-Camargo-e-Luciano-2.jpg 640w, https:\/\/anoticiaonline.com.br\/site\/wp-content\/uploads\/2018\/07\/Cristiano-Banni-e-Daniel-dividem-o-palco-com-a-dupla-Zez\u00e9-di-Camargo-e-Luciano-2-300x200.jpg 300w\" sizes=\"(max-width: 640px) 100vw, 640px\" \/><\/a><\/p>\n<p><strong>Sobre a dupla &#8211;<\/strong> Efeitos especiais, cenas em 3D, tecnologia (pain\u00e9is de LED), marcam a turn\u00ea 2018 de Cristiano Banni &amp; Daniel. A dupla leva ao p\u00fablico o melhor do sertanejo universit\u00e1rio, al\u00e9m das can\u00e7\u00f5es de autoria pr\u00f3pria e muita moda de viola, um dos grandes momentos do show. Apresentou nas maiores casas de shows em Belo Horizonte: Alambique, Observat\u00f3rio, Wood\u00b4s, e no Fifa Fan Fest, festa que faz parte do calend\u00e1rio oficial da Copa do Mundo.<\/p>\n<p>A dupla tamb\u00e9m conta com uma estrutura personalizada para a log\u00edstica de toda equipe. O sucesso das apresenta\u00e7\u00f5es pelos estados de Minas Gerais, Rio de Janeiro, Esp\u00edrito Santo e Bahia, tamb\u00e9m sido acompanhado pela participa\u00e7\u00e3o em shows de v\u00e1rios artistas consagrados como Naiara Azevedo, C\u00e9sar Menotti e Fabiano, Victor e L\u00e9o, Z\u00e9 Henrique e Gabriel, entre outros.<\/p>\n<p><a href=\"https:\/\/anoticiaonline.com.br\/site\/wp-content\/uploads\/2018\/07\/Cristiano-Banni-e-Daniel-dividem-o-palco-com-a-dupla-Zez\u00e9-di-Camargo-e-Luciano-3.jpg\"><img decoding=\"async\" class=\"alignnone size-full wp-image-57974\" src=\"https:\/\/anoticiaonline.com.br\/site\/wp-content\/uploads\/2018\/07\/Cristiano-Banni-e-Daniel-dividem-o-palco-com-a-dupla-Zez\u00e9-di-Camargo-e-Luciano-3.jpg\" alt=\"\" width=\"640\" height=\"427\" srcset=\"https:\/\/anoticiaonline.com.br\/site\/wp-content\/uploads\/2018\/07\/Cristiano-Banni-e-Daniel-dividem-o-palco-com-a-dupla-Zez\u00e9-di-Camargo-e-Luciano-3.jpg 640w, https:\/\/anoticiaonline.com.br\/site\/wp-content\/uploads\/2018\/07\/Cristiano-Banni-e-Daniel-dividem-o-palco-com-a-dupla-Zez\u00e9-di-Camargo-e-Luciano-3-300x200.jpg 300w\" sizes=\"(max-width: 640px) 100vw, 640px\" \/><\/a> <a href=\"https:\/\/anoticiaonline.com.br\/site\/wp-content\/uploads\/2018\/07\/Cristiano-Banni-e-Daniel-dividem-o-palco-com-a-dupla-Zez\u00e9-di-Camargo-e-Luciano-4.jpg\"><img loading=\"lazy\" decoding=\"async\" class=\"alignnone size-full wp-image-57975\" src=\"https:\/\/anoticiaonline.com.br\/site\/wp-content\/uploads\/2018\/07\/Cristiano-Banni-e-Daniel-dividem-o-palco-com-a-dupla-Zez\u00e9-di-Camargo-e-Luciano-4.jpg\" alt=\"\" width=\"640\" height=\"427\" srcset=\"https:\/\/anoticiaonline.com.br\/site\/wp-content\/uploads\/2018\/07\/Cristiano-Banni-e-Daniel-dividem-o-palco-com-a-dupla-Zez\u00e9-di-Camargo-e-Luciano-4.jpg 640w, https:\/\/anoticiaonline.com.br\/site\/wp-content\/uploads\/2018\/07\/Cristiano-Banni-e-Daniel-dividem-o-palco-com-a-dupla-Zez\u00e9-di-Camargo-e-Luciano-4-300x200.jpg 300w\" sizes=\"(max-width: 640px) 100vw, 640px\" \/><\/a> <a href=\"https:\/\/anoticiaonline.com.br\/site\/wp-content\/uploads\/2018\/07\/Cristiano-Banni-e-Daniel-dividem-o-palco-com-a-dupla-Zez\u00e9-di-Camargo-e-Luciano-5.jpg\"><img loading=\"lazy\" decoding=\"async\" class=\"alignnone size-full wp-image-57977\" src=\"https:\/\/anoticiaonline.com.br\/site\/wp-content\/uploads\/2018\/07\/Cristiano-Banni-e-Daniel-dividem-o-palco-com-a-dupla-Zez\u00e9-di-Camargo-e-Luciano-5.jpg\" alt=\"\" width=\"640\" height=\"427\" srcset=\"https:\/\/anoticiaonline.com.br\/site\/wp-content\/uploads\/2018\/07\/Cristiano-Banni-e-Daniel-dividem-o-palco-com-a-dupla-Zez\u00e9-di-Camargo-e-Luciano-5.jpg 640w, https:\/\/anoticiaonline.com.br\/site\/wp-content\/uploads\/2018\/07\/Cristiano-Banni-e-Daniel-dividem-o-palco-com-a-dupla-Zez\u00e9-di-Camargo-e-Luciano-5-300x200.jpg 300w\" sizes=\"(max-width: 640px) 100vw, 640px\" \/><\/a><\/p>\n<p>Cr\u00e9ditos: ASCOM Cristiano Banni e Daniel<\/p>\n","protected":false},"excerpt":{"rendered":"<p>Na sexta-feira (29), Cristiano Banni e Daniel estiveram na Infinity Hall, em Itaperuna (RJ), onde se apresentaram na abertura do show de Zez\u00e9 di Camargo e Luciano, em um projeto ac\u00fastico. Com a oportunidade de cantar no mesmo palco dos \u00eddolos Zez\u00e9 di Camargo e Luciano, os dois se emocionaram com o encontro. No camarim, &#8230; <a title=\"Cristiano Banni e Daniel dividem o palco com a dupla Zez\u00e9 di Camargo e Luciano\" class=\"read-more\" href=\"https:\/\/anoticiaonline.com.br\/site\/cristiano-banni-e-daniel-dividem-o-palco-com-a-dupla-zeze-di-camargo-e-luciano\/\" aria-label=\"Read more about Cristiano Banni e Daniel dividem o palco com a dupla Zez\u00e9 di Camargo e Luciano\">Ler mais<\/a><\/p>\n","protected":false},"author":2,"featured_media":57971,"comment_status":"open","ping_status":"open","sticky":false,"template":"","format":"standard","meta":{"_acf_changed":false,"_monsterinsights_skip_tracking":false,"footnotes":""},"categories":[19,6],"tags":[2787,2788,2785,2786,2790,854,404,892,1389,2789],"class_list":["post-57970","post","type-post","status-publish","format-standard","has-post-thumbnail","hentry","category-cultura","category-regiao","tag-cristiano-banni","tag-daniel","tag-dupla","tag-itaperuna","tag-luciano","tag-musica","tag-regiao","tag-sertanejo","tag-show","tag-zeze-di-camargo"],"acf":[],"aioseo_notices":[],"aioseo_head":"\n\t\t<!-- All in One SEO 5.0.0.1 - aioseo.com -->\n\t<meta name=\"description\" content=\"Na sexta-feira (29), Cristiano Banni e Daniel estiveram na Infinity Hall, em Itaperuna (RJ), onde se apresentaram na abertura do show de Zez\u00e9 di Camargo e Luciano, em um projeto ac\u00fastico. Com a oportunidade de cantar no mesmo palco dos \u00eddolos Zez\u00e9 di Camargo e Luciano, os dois se emocionaram com o encontro. No camarim,\" \/>\n\t<meta name=\"robots\" content=\"max-image-preview:large\" \/>\n\t<meta name=\"author\" content=\"Juliana Laviola\"\/>\n\t<link rel=\"canonical\" href=\"https:\/\/anoticiaonline.com.br\/site\/cristiano-banni-e-daniel-dividem-o-palco-com-a-dupla-zeze-di-camargo-e-luciano\/\" \/>\n\t<meta name=\"generator\" content=\"All in One SEO (AIOSEO) 5.0.0.1\" \/>\n\t\t<meta property=\"og:locale\" content=\"pt_BR\" \/>\n\t\t<meta property=\"og:site_name\" content=\"A Not\u00edcia Online - Noticias de Muria\u00e9 e regi\u00e3o\" \/>\n\t\t<meta property=\"og:type\" content=\"article\" \/>\n\t\t<meta property=\"og:title\" content=\"Cristiano Banni e Daniel dividem o palco com a dupla Zez\u00e9 di Camargo e Luciano - A Not\u00edcia Online\" \/>\n\t\t<meta property=\"og:description\" content=\"Na sexta-feira (29), Cristiano Banni e Daniel estiveram na Infinity Hall, em Itaperuna (RJ), onde se apresentaram na abertura do show de Zez\u00e9 di Camargo e Luciano, em um projeto ac\u00fastico. Com a oportunidade de cantar no mesmo palco dos \u00eddolos Zez\u00e9 di Camargo e Luciano, os dois se emocionaram com o encontro. No camarim,\" \/>\n\t\t<meta property=\"og:url\" content=\"https:\/\/anoticiaonline.com.br\/site\/cristiano-banni-e-daniel-dividem-o-palco-com-a-dupla-zeze-di-camargo-e-luciano\/\" \/>\n\t\t<meta property=\"og:image\" content=\"https:\/\/scontent-gig4-1.xx.fbcdn.net\/v\/t39.30808-1\/270437624_4564083193639691_6907940295614233970_n.jpg?stp=dst-jpg_s200x200_tt6&#038;_nc_cat=111&#038;ccb=1-7&#038;_nc_sid=f907e8&#038;_nc_ohc=SM1wRlP3lJwQ7kNvwEPuBYA&#038;_nc_oc=AdnqrjDN_BNjSSHWO-GbkIWH6fkGMLw4bqvL_NH6e2wMveX7G-rP2dAqsDSq1mJMOaY&#038;_nc_zt=24&#038;_nc_ht=scontent-gig4-1.xx&#038;_nc_gid=AoBFJeGrT1hVaew_6rchkQ&#038;oh=00_AfX7QmFGhQhG2jAllVgXCiM1ZrWgvtp80-Bfppyexh1QEg&#038;oe=689E923C\" \/>\n\t\t<meta property=\"og:image:secure_url\" content=\"https:\/\/scontent-gig4-1.xx.fbcdn.net\/v\/t39.30808-1\/270437624_4564083193639691_6907940295614233970_n.jpg?stp=dst-jpg_s200x200_tt6&#038;_nc_cat=111&#038;ccb=1-7&#038;_nc_sid=f907e8&#038;_nc_ohc=SM1wRlP3lJwQ7kNvwEPuBYA&#038;_nc_oc=AdnqrjDN_BNjSSHWO-GbkIWH6fkGMLw4bqvL_NH6e2wMveX7G-rP2dAqsDSq1mJMOaY&#038;_nc_zt=24&#038;_nc_ht=scontent-gig4-1.xx&#038;_nc_gid=AoBFJeGrT1hVaew_6rchkQ&#038;oh=00_AfX7QmFGhQhG2jAllVgXCiM1ZrWgvtp80-Bfppyexh1QEg&#038;oe=689E923C\" \/>\n\t\t<meta property=\"article:published_time\" content=\"2018-07-04T12:42:58+00:00\" \/>\n\t\t<meta property=\"article:modified_time\" content=\"2018-07-04T13:44:34+00:00\" \/>\n\t\t<meta name=\"twitter:card\" content=\"summary_large_image\" \/>\n\t\t<meta name=\"twitter:title\" content=\"Cristiano Banni e Daniel dividem o palco com a dupla Zez\u00e9 di Camargo e Luciano - A Not\u00edcia Online\" \/>\n\t\t<meta name=\"twitter:description\" content=\"Na sexta-feira (29), Cristiano Banni e Daniel estiveram na Infinity Hall, em Itaperuna (RJ), onde se apresentaram na abertura do show de Zez\u00e9 di Camargo e Luciano, em um projeto ac\u00fastico. Com a oportunidade de cantar no mesmo palco dos \u00eddolos Zez\u00e9 di Camargo e Luciano, os dois se emocionaram com o encontro. No camarim,\" \/>\n\t\t<meta name=\"twitter:image\" content=\"https:\/\/scontent-gig4-1.xx.fbcdn.net\/v\/t39.30808-1\/270437624_4564083193639691_6907940295614233970_n.jpg?stp=dst-jpg_s200x200_tt6&amp;_nc_cat=111&amp;ccb=1-7&amp;_nc_sid=f907e8&amp;_nc_ohc=SM1wRlP3lJwQ7kNvwEPuBYA&amp;_nc_oc=AdnqrjDN_BNjSSHWO-GbkIWH6fkGMLw4bqvL_NH6e2wMveX7G-rP2dAqsDSq1mJMOaY&amp;_nc_zt=24&amp;_nc_ht=scontent-gig4-1.xx&amp;_nc_gid=AoBFJeGrT1hVaew_6rchkQ&amp;oh=00_AfX7QmFGhQhG2jAllVgXCiM1ZrWgvtp80-Bfppyexh1QEg&amp;oe=689E923C\" \/>\n\t\t<script type=\"application\/ld+json\" class=\"aioseo-schema\">\n\t\t\t{\"@context\":\"https:\\\/\\\/schema.org\",\"@graph\":[{\"@type\":\"BlogPosting\",\"@id\":\"https:\\\/\\\/anoticiaonline.com.br\\\/site\\\/cristiano-banni-e-daniel-dividem-o-palco-com-a-dupla-zeze-di-camargo-e-luciano\\\/#blogposting\",\"name\":\"Cristiano Banni e Daniel dividem o palco com a dupla Zez\\u00e9 di Camargo e Luciano - A Not\\u00edcia Online\",\"headline\":\"Cristiano Banni e Daniel dividem o palco com a dupla Zez\\u00e9 di Camargo e Luciano\",\"author\":{\"@id\":\"https:\\\/\\\/anoticiaonline.com.br\\\/site\\\/author\\\/juliana\\\/#author\"},\"publisher\":{\"@id\":\"https:\\\/\\\/anoticiaonline.com.br\\\/site\\\/#organization\"},\"image\":{\"@type\":\"ImageObject\",\"url\":\"https:\\\/\\\/anoticiaonline.com.br\\\/site\\\/wp-content\\\/uploads\\\/2018\\\/07\\\/Cristiano-Banni-e-Daniel-dividem-o-palco-com-a-dupla-Zez\\u00e9-di-Camargo-e-Luciano.jpg\",\"width\":640,\"height\":427},\"datePublished\":\"2018-07-04T09:42:58-03:00\",\"dateModified\":\"2018-07-04T10:44:34-03:00\",\"inLanguage\":\"pt-BR\",\"mainEntityOfPage\":{\"@id\":\"https:\\\/\\\/anoticiaonline.com.br\\\/site\\\/cristiano-banni-e-daniel-dividem-o-palco-com-a-dupla-zeze-di-camargo-e-luciano\\\/#webpage\"},\"isPartOf\":{\"@id\":\"https:\\\/\\\/anoticiaonline.com.br\\\/site\\\/cristiano-banni-e-daniel-dividem-o-palco-com-a-dupla-zeze-di-camargo-e-luciano\\\/#webpage\"},\"articleSection\":\"Cultura, Regi\\u00e3o, cristiano banni, daniel, dupla, itaperuna, Luciano, m\\u00fasica, regi\\u00e3o, sertanejo, show, Zez\\u00e9 di Camargo\"},{\"@type\":\"BreadcrumbList\",\"@id\":\"https:\\\/\\\/anoticiaonline.com.br\\\/site\\\/cristiano-banni-e-daniel-dividem-o-palco-com-a-dupla-zeze-di-camargo-e-luciano\\\/#breadcrumblist\",\"itemListElement\":[{\"@type\":\"ListItem\",\"@id\":\"https:\\\/\\\/anoticiaonline.com.br\\\/site#listItem\",\"position\":1,\"name\":\"Home\",\"item\":\"https:\\\/\\\/anoticiaonline.com.br\\\/site\",\"nextItem\":{\"@type\":\"ListItem\",\"@id\":\"https:\\\/\\\/anoticiaonline.com.br\\\/site\\\/categoria\\\/muriae\\\/#listItem\",\"name\":\"Blog\"}},{\"@type\":\"ListItem\",\"@id\":\"https:\\\/\\\/anoticiaonline.com.br\\\/site\\\/categoria\\\/muriae\\\/#listItem\",\"position\":2,\"name\":\"Blog\",\"item\":\"https:\\\/\\\/anoticiaonline.com.br\\\/site\\\/categoria\\\/muriae\\\/\",\"nextItem\":{\"@type\":\"ListItem\",\"@id\":\"https:\\\/\\\/anoticiaonline.com.br\\\/site\\\/categoria\\\/muriae\\\/cultura\\\/#listItem\",\"name\":\"Cultura\"},\"previousItem\":{\"@type\":\"ListItem\",\"@id\":\"https:\\\/\\\/anoticiaonline.com.br\\\/site#listItem\",\"name\":\"Home\"}},{\"@type\":\"ListItem\",\"@id\":\"https:\\\/\\\/anoticiaonline.com.br\\\/site\\\/categoria\\\/muriae\\\/cultura\\\/#listItem\",\"position\":3,\"name\":\"Cultura\",\"item\":\"https:\\\/\\\/anoticiaonline.com.br\\\/site\\\/categoria\\\/muriae\\\/cultura\\\/\",\"nextItem\":{\"@type\":\"ListItem\",\"@id\":\"https:\\\/\\\/anoticiaonline.com.br\\\/site\\\/cristiano-banni-e-daniel-dividem-o-palco-com-a-dupla-zeze-di-camargo-e-luciano\\\/#listItem\",\"name\":\"Cristiano Banni e Daniel dividem o palco com a dupla Zez\\u00e9 di Camargo e Luciano\"},\"previousItem\":{\"@type\":\"ListItem\",\"@id\":\"https:\\\/\\\/anoticiaonline.com.br\\\/site\\\/categoria\\\/muriae\\\/#listItem\",\"name\":\"Blog\"}},{\"@type\":\"ListItem\",\"@id\":\"https:\\\/\\\/anoticiaonline.com.br\\\/site\\\/cristiano-banni-e-daniel-dividem-o-palco-com-a-dupla-zeze-di-camargo-e-luciano\\\/#listItem\",\"position\":4,\"name\":\"Cristiano Banni e Daniel dividem o palco com a dupla Zez\\u00e9 di Camargo e Luciano\",\"previousItem\":{\"@type\":\"ListItem\",\"@id\":\"https:\\\/\\\/anoticiaonline.com.br\\\/site\\\/categoria\\\/muriae\\\/cultura\\\/#listItem\",\"name\":\"Cultura\"}}]},{\"@type\":\"Organization\",\"@id\":\"https:\\\/\\\/anoticiaonline.com.br\\\/site\\\/#organization\",\"name\":\"A Not\\u00edcia Online\",\"description\":\"Noticias de Muria\\u00e9 e regi\\u00e3o\",\"url\":\"https:\\\/\\\/anoticiaonline.com.br\\\/site\\\/\",\"logo\":{\"@type\":\"ImageObject\",\"url\":\"https:\\\/\\\/scontent-gig4-1.xx.fbcdn.net\\\/v\\\/t39.30808-1\\\/270437624_4564083193639691_6907940295614233970_n.jpg?stp=dst-jpg_s200x200_tt6&_nc_cat=111&ccb=1-7&_nc_sid=f907e8&_nc_ohc=SM1wRlP3lJwQ7kNvwEPuBYA&_nc_oc=AdnqrjDN_BNjSSHWO-GbkIWH6fkGMLw4bqvL_NH6e2wMveX7G-rP2dAqsDSq1mJMOaY&_nc_zt=24&_nc_ht=scontent-gig4-1.xx&_nc_gid=AoBFJeGrT1hVaew_6rchkQ&oh=00_AfX7QmFGhQhG2jAllVgXCiM1ZrWgvtp80-Bfppyexh1QEg&oe=689E923C\",\"@id\":\"https:\\\/\\\/anoticiaonline.com.br\\\/site\\\/cristiano-banni-e-daniel-dividem-o-palco-com-a-dupla-zeze-di-camargo-e-luciano\\\/#organizationLogo\"},\"image\":{\"@id\":\"https:\\\/\\\/anoticiaonline.com.br\\\/site\\\/cristiano-banni-e-daniel-dividem-o-palco-com-a-dupla-zeze-di-camargo-e-luciano\\\/#organizationLogo\"}},{\"@type\":\"Person\",\"@id\":\"https:\\\/\\\/anoticiaonline.com.br\\\/site\\\/author\\\/juliana\\\/#author\",\"url\":\"https:\\\/\\\/anoticiaonline.com.br\\\/site\\\/author\\\/juliana\\\/\",\"name\":\"Juliana Laviola\",\"image\":{\"@type\":\"ImageObject\",\"@id\":\"https:\\\/\\\/anoticiaonline.com.br\\\/site\\\/cristiano-banni-e-daniel-dividem-o-palco-com-a-dupla-zeze-di-camargo-e-luciano\\\/#authorImage\",\"url\":\"https:\\\/\\\/secure.gravatar.com\\\/avatar\\\/b8d45f5c699b100dfaf0e543582f38f38bf94cb7ae3a5e9abf8d891a34773335?s=96&d=mm&r=g\",\"width\":96,\"height\":96,\"caption\":\"Juliana Laviola\"}},{\"@type\":\"WebPage\",\"@id\":\"https:\\\/\\\/anoticiaonline.com.br\\\/site\\\/cristiano-banni-e-daniel-dividem-o-palco-com-a-dupla-zeze-di-camargo-e-luciano\\\/#webpage\",\"url\":\"https:\\\/\\\/anoticiaonline.com.br\\\/site\\\/cristiano-banni-e-daniel-dividem-o-palco-com-a-dupla-zeze-di-camargo-e-luciano\\\/\",\"name\":\"Cristiano Banni e Daniel dividem o palco com a dupla Zez\\u00e9 di Camargo e Luciano - A Not\\u00edcia Online\",\"description\":\"Na sexta-feira (29), Cristiano Banni e Daniel estiveram na Infinity Hall, em Itaperuna (RJ), onde se apresentaram na abertura do show de Zez\\u00e9 di Camargo e Luciano, em um projeto ac\\u00fastico. Com a oportunidade de cantar no mesmo palco dos \\u00eddolos Zez\\u00e9 di Camargo e Luciano, os dois se emocionaram com o encontro. No camarim,\",\"inLanguage\":\"pt-BR\",\"isPartOf\":{\"@id\":\"https:\\\/\\\/anoticiaonline.com.br\\\/site\\\/#website\"},\"breadcrumb\":{\"@id\":\"https:\\\/\\\/anoticiaonline.com.br\\\/site\\\/cristiano-banni-e-daniel-dividem-o-palco-com-a-dupla-zeze-di-camargo-e-luciano\\\/#breadcrumblist\"},\"author\":{\"@id\":\"https:\\\/\\\/anoticiaonline.com.br\\\/site\\\/author\\\/juliana\\\/#author\"},\"creator\":{\"@id\":\"https:\\\/\\\/anoticiaonline.com.br\\\/site\\\/author\\\/juliana\\\/#author\"},\"image\":{\"@type\":\"ImageObject\",\"url\":\"https:\\\/\\\/anoticiaonline.com.br\\\/site\\\/wp-content\\\/uploads\\\/2018\\\/07\\\/Cristiano-Banni-e-Daniel-dividem-o-palco-com-a-dupla-Zez\\u00e9-di-Camargo-e-Luciano.jpg\",\"@id\":\"https:\\\/\\\/anoticiaonline.com.br\\\/site\\\/cristiano-banni-e-daniel-dividem-o-palco-com-a-dupla-zeze-di-camargo-e-luciano\\\/#mainImage\",\"width\":640,\"height\":427},\"primaryImageOfPage\":{\"@id\":\"https:\\\/\\\/anoticiaonline.com.br\\\/site\\\/cristiano-banni-e-daniel-dividem-o-palco-com-a-dupla-zeze-di-camargo-e-luciano\\\/#mainImage\"},\"datePublished\":\"2018-07-04T09:42:58-03:00\",\"dateModified\":\"2018-07-04T10:44:34-03:00\"},{\"@type\":\"WebSite\",\"@id\":\"https:\\\/\\\/anoticiaonline.com.br\\\/site\\\/#website\",\"url\":\"https:\\\/\\\/anoticiaonline.com.br\\\/site\\\/\",\"name\":\"A Not\\u00edcia Online\",\"description\":\"Noticias de Muria\\u00e9 e regi\\u00e3o\",\"inLanguage\":\"pt-BR\",\"publisher\":{\"@id\":\"https:\\\/\\\/anoticiaonline.com.br\\\/site\\\/#organization\"}}]}\n\t\t<\/script>\n\t\t<!-- All in One SEO -->\n\n","aioseo_head_json":{"title":"Cristiano Banni e Daniel dividem o palco com a dupla Zez\u00e9 di Camargo e Luciano - A Not\u00edcia Online","description":"Na sexta-feira (29), Cristiano Banni e Daniel estiveram na Infinity Hall, em Itaperuna (RJ), onde se apresentaram na abertura do show de Zez\u00e9 di Camargo e Luciano, em um projeto ac\u00fastico. Com a oportunidade de cantar no mesmo palco dos \u00eddolos Zez\u00e9 di Camargo e Luciano, os dois se emocionaram com o encontro. No camarim,","canonical_url":"https:\/\/anoticiaonline.com.br\/site\/cristiano-banni-e-daniel-dividem-o-palco-com-a-dupla-zeze-di-camargo-e-luciano\/","robots":"max-image-preview:large","keywords":"","webmasterTools":{"miscellaneous":""},"schema":{"@context":"https:\/\/schema.org","@graph":[{"@type":"BlogPosting","@id":"https:\/\/anoticiaonline.com.br\/site\/cristiano-banni-e-daniel-dividem-o-palco-com-a-dupla-zeze-di-camargo-e-luciano\/#blogposting","name":"Cristiano Banni e Daniel dividem o palco com a dupla Zez\u00e9 di Camargo e Luciano - A Not\u00edcia Online","headline":"Cristiano Banni e Daniel dividem o palco com a dupla Zez\u00e9 di Camargo e Luciano","author":{"@id":"https:\/\/anoticiaonline.com.br\/site\/author\/juliana\/#author"},"publisher":{"@id":"https:\/\/anoticiaonline.com.br\/site\/#organization"},"image":{"@type":"ImageObject","url":"https:\/\/anoticiaonline.com.br\/site\/wp-content\/uploads\/2018\/07\/Cristiano-Banni-e-Daniel-dividem-o-palco-com-a-dupla-Zez\u00e9-di-Camargo-e-Luciano.jpg","width":640,"height":427},"datePublished":"2018-07-04T09:42:58-03:00","dateModified":"2018-07-04T10:44:34-03:00","inLanguage":"pt-BR","mainEntityOfPage":{"@id":"https:\/\/anoticiaonline.com.br\/site\/cristiano-banni-e-daniel-dividem-o-palco-com-a-dupla-zeze-di-camargo-e-luciano\/#webpage"},"isPartOf":{"@id":"https:\/\/anoticiaonline.com.br\/site\/cristiano-banni-e-daniel-dividem-o-palco-com-a-dupla-zeze-di-camargo-e-luciano\/#webpage"},"articleSection":"Cultura, Regi\u00e3o, cristiano banni, daniel, dupla, itaperuna, Luciano, m\u00fasica, regi\u00e3o, sertanejo, show, Zez\u00e9 di Camargo"},{"@type":"BreadcrumbList","@id":"https:\/\/anoticiaonline.com.br\/site\/cristiano-banni-e-daniel-dividem-o-palco-com-a-dupla-zeze-di-camargo-e-luciano\/#breadcrumblist","itemListElement":[{"@type":"ListItem","@id":"https:\/\/anoticiaonline.com.br\/site#listItem","position":1,"name":"Home","item":"https:\/\/anoticiaonline.com.br\/site","nextItem":{"@type":"ListItem","@id":"https:\/\/anoticiaonline.com.br\/site\/categoria\/muriae\/#listItem","name":"Blog"}},{"@type":"ListItem","@id":"https:\/\/anoticiaonline.com.br\/site\/categoria\/muriae\/#listItem","position":2,"name":"Blog","item":"https:\/\/anoticiaonline.com.br\/site\/categoria\/muriae\/","nextItem":{"@type":"ListItem","@id":"https:\/\/anoticiaonline.com.br\/site\/categoria\/muriae\/cultura\/#listItem","name":"Cultura"},"previousItem":{"@type":"ListItem","@id":"https:\/\/anoticiaonline.com.br\/site#listItem","name":"Home"}},{"@type":"ListItem","@id":"https:\/\/anoticiaonline.com.br\/site\/categoria\/muriae\/cultura\/#listItem","position":3,"name":"Cultura","item":"https:\/\/anoticiaonline.com.br\/site\/categoria\/muriae\/cultura\/","nextItem":{"@type":"ListItem","@id":"https:\/\/anoticiaonline.com.br\/site\/cristiano-banni-e-daniel-dividem-o-palco-com-a-dupla-zeze-di-camargo-e-luciano\/#listItem","name":"Cristiano Banni e Daniel dividem o palco com a dupla Zez\u00e9 di Camargo e Luciano"},"previousItem":{"@type":"ListItem","@id":"https:\/\/anoticiaonline.com.br\/site\/categoria\/muriae\/#listItem","name":"Blog"}},{"@type":"ListItem","@id":"https:\/\/anoticiaonline.com.br\/site\/cristiano-banni-e-daniel-dividem-o-palco-com-a-dupla-zeze-di-camargo-e-luciano\/#listItem","position":4,"name":"Cristiano Banni e Daniel dividem o palco com a dupla Zez\u00e9 di Camargo e Luciano","previousItem":{"@type":"ListItem","@id":"https:\/\/anoticiaonline.com.br\/site\/categoria\/muriae\/cultura\/#listItem","name":"Cultura"}}]},{"@type":"Organization","@id":"https:\/\/anoticiaonline.com.br\/site\/#organization","name":"A Not\u00edcia Online","description":"Noticias de Muria\u00e9 e regi\u00e3o","url":"https:\/\/anoticiaonline.com.br\/site\/","logo":{"@type":"ImageObject","url":"https:\/\/scontent-gig4-1.xx.fbcdn.net\/v\/t39.30808-1\/270437624_4564083193639691_6907940295614233970_n.jpg?stp=dst-jpg_s200x200_tt6&_nc_cat=111&ccb=1-7&_nc_sid=f907e8&_nc_ohc=SM1wRlP3lJwQ7kNvwEPuBYA&_nc_oc=AdnqrjDN_BNjSSHWO-GbkIWH6fkGMLw4bqvL_NH6e2wMveX7G-rP2dAqsDSq1mJMOaY&_nc_zt=24&_nc_ht=scontent-gig4-1.xx&_nc_gid=AoBFJeGrT1hVaew_6rchkQ&oh=00_AfX7QmFGhQhG2jAllVgXCiM1ZrWgvtp80-Bfppyexh1QEg&oe=689E923C","@id":"https:\/\/anoticiaonline.com.br\/site\/cristiano-banni-e-daniel-dividem-o-palco-com-a-dupla-zeze-di-camargo-e-luciano\/#organizationLogo"},"image":{"@id":"https:\/\/anoticiaonline.com.br\/site\/cristiano-banni-e-daniel-dividem-o-palco-com-a-dupla-zeze-di-camargo-e-luciano\/#organizationLogo"}},{"@type":"Person","@id":"https:\/\/anoticiaonline.com.br\/site\/author\/juliana\/#author","url":"https:\/\/anoticiaonline.com.br\/site\/author\/juliana\/","name":"Juliana Laviola","image":{"@type":"ImageObject","@id":"https:\/\/anoticiaonline.com.br\/site\/cristiano-banni-e-daniel-dividem-o-palco-com-a-dupla-zeze-di-camargo-e-luciano\/#authorImage","url":"https:\/\/secure.gravatar.com\/avatar\/b8d45f5c699b100dfaf0e543582f38f38bf94cb7ae3a5e9abf8d891a34773335?s=96&d=mm&r=g","width":96,"height":96,"caption":"Juliana Laviola"}},{"@type":"WebPage","@id":"https:\/\/anoticiaonline.com.br\/site\/cristiano-banni-e-daniel-dividem-o-palco-com-a-dupla-zeze-di-camargo-e-luciano\/#webpage","url":"https:\/\/anoticiaonline.com.br\/site\/cristiano-banni-e-daniel-dividem-o-palco-com-a-dupla-zeze-di-camargo-e-luciano\/","name":"Cristiano Banni e Daniel dividem o palco com a dupla Zez\u00e9 di Camargo e Luciano - A Not\u00edcia Online","description":"Na sexta-feira (29), Cristiano Banni e Daniel estiveram na Infinity Hall, em Itaperuna (RJ), onde se apresentaram na abertura do show de Zez\u00e9 di Camargo e Luciano, em um projeto ac\u00fastico. Com a oportunidade de cantar no mesmo palco dos \u00eddolos Zez\u00e9 di Camargo e Luciano, os dois se emocionaram com o encontro. No camarim,","inLanguage":"pt-BR","isPartOf":{"@id":"https:\/\/anoticiaonline.com.br\/site\/#website"},"breadcrumb":{"@id":"https:\/\/anoticiaonline.com.br\/site\/cristiano-banni-e-daniel-dividem-o-palco-com-a-dupla-zeze-di-camargo-e-luciano\/#breadcrumblist"},"author":{"@id":"https:\/\/anoticiaonline.com.br\/site\/author\/juliana\/#author"},"creator":{"@id":"https:\/\/anoticiaonline.com.br\/site\/author\/juliana\/#author"},"image":{"@type":"ImageObject","url":"https:\/\/anoticiaonline.com.br\/site\/wp-content\/uploads\/2018\/07\/Cristiano-Banni-e-Daniel-dividem-o-palco-com-a-dupla-Zez\u00e9-di-Camargo-e-Luciano.jpg","@id":"https:\/\/anoticiaonline.com.br\/site\/cristiano-banni-e-daniel-dividem-o-palco-com-a-dupla-zeze-di-camargo-e-luciano\/#mainImage","width":640,"height":427},"primaryImageOfPage":{"@id":"https:\/\/anoticiaonline.com.br\/site\/cristiano-banni-e-daniel-dividem-o-palco-com-a-dupla-zeze-di-camargo-e-luciano\/#mainImage"},"datePublished":"2018-07-04T09:42:58-03:00","dateModified":"2018-07-04T10:44:34-03:00"},{"@type":"WebSite","@id":"https:\/\/anoticiaonline.com.br\/site\/#website","url":"https:\/\/anoticiaonline.com.br\/site\/","name":"A Not\u00edcia Online","description":"Noticias de Muria\u00e9 e regi\u00e3o","inLanguage":"pt-BR","publisher":{"@id":"https:\/\/anoticiaonline.com.br\/site\/#organization"}}]},"og:locale":"pt_BR","og:site_name":"A Not\u00edcia Online - Noticias de Muria\u00e9 e regi\u00e3o","og:type":"article","og:title":"Cristiano Banni e Daniel dividem o palco com a dupla Zez\u00e9 di Camargo e Luciano - A Not\u00edcia Online","og:description":"Na sexta-feira (29), Cristiano Banni e Daniel estiveram na Infinity Hall, em Itaperuna (RJ), onde se apresentaram na abertura do show de Zez\u00e9 di Camargo e Luciano, em um projeto ac\u00fastico. Com a oportunidade de cantar no mesmo palco dos \u00eddolos Zez\u00e9 di Camargo e Luciano, os dois se emocionaram com o encontro. No camarim,","og:url":"https:\/\/anoticiaonline.com.br\/site\/cristiano-banni-e-daniel-dividem-o-palco-com-a-dupla-zeze-di-camargo-e-luciano\/","og:image":"https:\/\/scontent-gig4-1.xx.fbcdn.net\/v\/t39.30808-1\/270437624_4564083193639691_6907940295614233970_n.jpg?stp=dst-jpg_s200x200_tt6&#038;_nc_cat=111&#038;ccb=1-7&#038;_nc_sid=f907e8&#038;_nc_ohc=SM1wRlP3lJwQ7kNvwEPuBYA&#038;_nc_oc=AdnqrjDN_BNjSSHWO-GbkIWH6fkGMLw4bqvL_NH6e2wMveX7G-rP2dAqsDSq1mJMOaY&#038;_nc_zt=24&#038;_nc_ht=scontent-gig4-1.xx&#038;_nc_gid=AoBFJeGrT1hVaew_6rchkQ&#038;oh=00_AfX7QmFGhQhG2jAllVgXCiM1ZrWgvtp80-Bfppyexh1QEg&#038;oe=689E923C","og:image:secure_url":"https:\/\/scontent-gig4-1.xx.fbcdn.net\/v\/t39.30808-1\/270437624_4564083193639691_6907940295614233970_n.jpg?stp=dst-jpg_s200x200_tt6&#038;_nc_cat=111&#038;ccb=1-7&#038;_nc_sid=f907e8&#038;_nc_ohc=SM1wRlP3lJwQ7kNvwEPuBYA&#038;_nc_oc=AdnqrjDN_BNjSSHWO-GbkIWH6fkGMLw4bqvL_NH6e2wMveX7G-rP2dAqsDSq1mJMOaY&#038;_nc_zt=24&#038;_nc_ht=scontent-gig4-1.xx&#038;_nc_gid=AoBFJeGrT1hVaew_6rchkQ&#038;oh=00_AfX7QmFGhQhG2jAllVgXCiM1ZrWgvtp80-Bfppyexh1QEg&#038;oe=689E923C","article:published_time":"2018-07-04T12:42:58+00:00","article:modified_time":"2018-07-04T13:44:34+00:00","twitter:card":"summary_large_image","twitter:title":"Cristiano Banni e Daniel dividem o palco com a dupla Zez\u00e9 di Camargo e Luciano - A Not\u00edcia Online","twitter:description":"Na sexta-feira (29), Cristiano Banni e Daniel estiveram na Infinity Hall, em Itaperuna (RJ), onde se apresentaram na abertura do show de Zez\u00e9 di Camargo e Luciano, em um projeto ac\u00fastico. Com a oportunidade de cantar no mesmo palco dos \u00eddolos Zez\u00e9 di Camargo e Luciano, os dois se emocionaram com o encontro. No camarim,","twitter:image":"https:\/\/scontent-gig4-1.xx.fbcdn.net\/v\/t39.30808-1\/270437624_4564083193639691_6907940295614233970_n.jpg?stp=dst-jpg_s200x200_tt6&_nc_cat=111&ccb=1-7&_nc_sid=f907e8&_nc_ohc=SM1wRlP3lJwQ7kNvwEPuBYA&_nc_oc=AdnqrjDN_BNjSSHWO-GbkIWH6fkGMLw4bqvL_NH6e2wMveX7G-rP2dAqsDSq1mJMOaY&_nc_zt=24&_nc_ht=scontent-gig4-1.xx&_nc_gid=AoBFJeGrT1hVaew_6rchkQ&oh=00_AfX7QmFGhQhG2jAllVgXCiM1ZrWgvtp80-Bfppyexh1QEg&oe=689E923C"},"aioseo_meta_data":{"post_id":"57970","title":null,"description":null,"keywords":null,"keyphrases":null,"primary_term":null,"canonical_url":null,"og_title":null,"og_description":null,"og_object_type":"default","og_image_type":"default","og_image_url":null,"og_image_width":null,"og_image_height":null,"og_image_custom_url":null,"og_image_custom_fields":null,"og_video":null,"og_custom_url":null,"og_article_section":null,"og_article_tags":null,"twitter_use_og":false,"twitter_card":"default","twitter_image_type":"default","twitter_image_url":null,"twitter_image_custom_url":null,"twitter_image_custom_fields":null,"twitter_title":null,"twitter_description":null,"schema":{"blockGraphs":[],"customGraphs":[],"default":{"data":{"Article":[],"Course":[],"Dataset":[],"FAQPage":[],"Movie":[],"Person":[],"Product":[],"ProductReview":[],"Car":[],"Recipe":[],"Service":[],"SoftwareApplication":[],"WebPage":[]},"graphName":"","isEnabled":true},"graphs":[]},"schema_type":"default","schema_type_options":null,"pillar_content":false,"robots_default":true,"robots_noindex":false,"robots_noarchive":false,"robots_nosnippet":false,"robots_nofollow":false,"robots_noimageindex":false,"robots_noodp":false,"robots_notranslate":false,"robots_max_snippet":null,"robots_max_videopreview":null,"robots_max_imagepreview":"large","priority":null,"frequency":null,"local_seo":null,"breadcrumb_settings":null,"limit_modified_date":false,"ai":null,"created":"2025-08-16 21:09:58","updated":"2025-08-16 21:09:58","focus_keyword":null,"additional_keywords":null,"truseo_locale":null,"seo_analyzer_scan_date":null},"aioseo_breadcrumb":"<div class=\"aioseo-breadcrumbs\"><span class=\"aioseo-breadcrumb\">\n\t\t\t<a href=\"https:\/\/anoticiaonline.com.br\/site\" title=\"Home\">Home<\/a>\n\t\t<\/span><span class=\"aioseo-breadcrumb-separator\">&raquo;<\/span><span class=\"aioseo-breadcrumb\">\n\t\t\t<a href=\"https:\/\/anoticiaonline.com.br\/site\/categoria\/muriae\/\" title=\"Blog\">Blog<\/a>\n\t\t<\/span><span class=\"aioseo-breadcrumb-separator\">&raquo;<\/span><span class=\"aioseo-breadcrumb\">\n\t\t\t<a href=\"https:\/\/anoticiaonline.com.br\/site\/categoria\/muriae\/cultura\/\" title=\"Cultura\">Cultura<\/a>\n\t\t<\/span><span class=\"aioseo-breadcrumb-separator\">&raquo;<\/span><span class=\"aioseo-breadcrumb\">\n\t\t\tCristiano Banni e Daniel dividem o palco com a dupla Zez\u00e9 di Camargo e Luciano\n\t\t<\/span><\/div>","aioseo_breadcrumb_json":[{"label":"Home","link":"https:\/\/anoticiaonline.com.br\/site"},{"label":"Blog","link":"https:\/\/anoticiaonline.com.br\/site\/categoria\/muriae\/"},{"label":"Cultura","link":"https:\/\/anoticiaonline.com.br\/site\/categoria\/muriae\/cultura\/"},{"label":"Cristiano Banni e Daniel dividem o palco com a dupla Zez\u00e9 di Camargo e Luciano","link":"https:\/\/anoticiaonline.com.br\/site\/cristiano-banni-e-daniel-dividem-o-palco-com-a-dupla-zeze-di-camargo-e-luciano\/"}],"views":159,"_links":{"self":[{"href":"https:\/\/anoticiaonline.com.br\/site\/wp-json\/wp\/v2\/posts\/57970","targetHints":{"allow":["GET"]}}],"collection":[{"href":"https:\/\/anoticiaonline.com.br\/site\/wp-json\/wp\/v2\/posts"}],"about":[{"href":"https:\/\/anoticiaonline.com.br\/site\/wp-json\/wp\/v2\/types\/post"}],"author":[{"embeddable":true,"href":"https:\/\/anoticiaonline.com.br\/site\/wp-json\/wp\/v2\/users\/2"}],"replies":[{"embeddable":true,"href":"https:\/\/anoticiaonline.com.br\/site\/wp-json\/wp\/v2\/comments?post=57970"}],"version-history":[{"count":0,"href":"https:\/\/anoticiaonline.com.br\/site\/wp-json\/wp\/v2\/posts\/57970\/revisions"}],"wp:featuredmedia":[{"embeddable":true,"href":"https:\/\/anoticiaonline.com.br\/site\/wp-json\/wp\/v2\/media\/57971"}],"wp:attachment":[{"href":"https:\/\/anoticiaonline.com.br\/site\/wp-json\/wp\/v2\/media?parent=57970"}],"wp:term":[{"taxonomy":"category","embeddable":true,"href":"https:\/\/anoticiaonline.com.br\/site\/wp-json\/wp\/v2\/categories?post=57970"},{"taxonomy":"post_tag","embeddable":true,"href":"https:\/\/anoticiaonline.com.br\/site\/wp-json\/wp\/v2\/tags?post=57970"}],"curies":[{"name":"wp","href":"https:\/\/api.w.org\/{rel}","templated":true}]}}