{"id":57684,"date":"2018-06-26T14:19:52","date_gmt":"2018-06-26T17:19:52","guid":{"rendered":"http:\/\/anoticiaonline.com.br\/site\/?p=57684"},"modified":"2018-06-26T14:19:52","modified_gmt":"2018-06-26T17:19:52","slug":"festa-junina-do-restaurante-da-charretinha-e-sucesso-mais-um-ano","status":"publish","type":"post","link":"https:\/\/anoticiaonline.com.br\/site\/festa-junina-do-restaurante-da-charretinha-e-sucesso-mais-um-ano\/","title":{"rendered":"Festa Junina do Restaurante da Charretinha \u00e9 sucesso mais um ano"},"content":{"rendered":"<p><a href=\"https:\/\/anoticiaonline.com.br\/site\/wp-content\/uploads\/2018\/06\/DSC_0513.jpg\"><img fetchpriority=\"high\" decoding=\"async\" class=\"aligncenter size-full wp-image-57685\" src=\"https:\/\/anoticiaonline.com.br\/site\/wp-content\/uploads\/2018\/06\/DSC_0513.jpg\" alt=\"\" width=\"640\" height=\"426\" srcset=\"https:\/\/anoticiaonline.com.br\/site\/wp-content\/uploads\/2018\/06\/DSC_0513.jpg 640w, https:\/\/anoticiaonline.com.br\/site\/wp-content\/uploads\/2018\/06\/DSC_0513-300x200.jpg 300w\" sizes=\"(max-width: 640px) 100vw, 640px\" \/><\/a>O Restaurante da Charretinha, localizado no Bairro Sofoc\u00f3, foi palco de mais uma tradicional festa junina. O ambiente recebeu decora\u00e7\u00e3o especial, onde foi montada uma excelente estrutura para receber o p\u00fablico na noite de s\u00e1bado (23), v\u00e9spera do Dia de S\u00e3o Jo\u00e3o.<\/p>\n<p>A festa contou com a apresenta\u00e7\u00e3o de Paulo Jr. e Banda, que colocou centenas de pessoas para dan\u00e7ar com um animado forr\u00f3. Todos os presentes puderam se deliciar com variados caldos, comidas t\u00edpicas, doces deliciosos, bolos, broas e diversas bebidas.<\/p>\n<p><a href=\"https:\/\/anoticiaonline.com.br\/site\/wp-content\/uploads\/2018\/06\/DSC_0457.jpg\"><img decoding=\"async\" class=\"aligncenter size-full wp-image-57686\" src=\"https:\/\/anoticiaonline.com.br\/site\/wp-content\/uploads\/2018\/06\/DSC_0457.jpg\" alt=\"\" width=\"640\" height=\"426\" srcset=\"https:\/\/anoticiaonline.com.br\/site\/wp-content\/uploads\/2018\/06\/DSC_0457.jpg 640w, https:\/\/anoticiaonline.com.br\/site\/wp-content\/uploads\/2018\/06\/DSC_0457-300x200.jpg 300w\" sizes=\"(max-width: 640px) 100vw, 640px\" \/><\/a>O casal propriet\u00e1rio do Restaurante da Charretinha, Marco Ant\u00f4nio e Roseane, juntamente com seu pai, Toninho, aproveitaram a oportunidade para agradecer o p\u00fablico que marcou presen\u00e7a, mais uma vez, na festa junina. \u201cEstamos muito satisfeitos com o sucesso da nossa festa junina, em um ambiente bacana e familiar. Temos certeza de que as pr\u00f3ximas edi\u00e7\u00f5es ter\u00e3o a mesma qualidade e estrutura. Nossa tend\u00eancia \u00e9 continuar com ainda mais melhorias, principalmente para o p\u00fablico infantil. Vale lembrar que nosso espa\u00e7o tamb\u00e9m pode ser utilizado para a realiza\u00e7\u00e3o de outros eventos como festas de anivers\u00e1rio, casamentos e confraterniza\u00e7\u00f5es corporativas\u201d, conta.<\/p>\n<p>O restaurante fica localizado na S\u00edtio da Charretinha (Sofoc\u00f3), oferecendo almo\u00e7o, aos s\u00e1bados, domingo e feriados com o melhor da comida mineira, com ambiente agrad\u00e1vel e \u00f3tima localiza\u00e7\u00e3o.<\/p>\n<p><img decoding=\"async\" class=\"ngg_displayed_gallery mceItem\" src=\"https:\/\/anoticiaonline.com.br\/site\/nextgen-attach_to_post\/preview\/id--57865\" \/><\/p>\n<p>&nbsp;<\/p>\n<p>&nbsp;<\/p>\n","protected":false},"excerpt":{"rendered":"<p>O Restaurante da Charretinha, localizado no Bairro Sofoc\u00f3, foi palco de mais uma tradicional festa junina. O ambiente recebeu decora\u00e7\u00e3o especial, onde foi montada uma excelente estrutura para receber o p\u00fablico na noite de s\u00e1bado (23), v\u00e9spera do Dia de S\u00e3o Jo\u00e3o. A festa contou com a apresenta\u00e7\u00e3o de Paulo Jr. e Banda, que colocou &#8230; <a title=\"Festa Junina do Restaurante da Charretinha \u00e9 sucesso mais um ano\" class=\"read-more\" href=\"https:\/\/anoticiaonline.com.br\/site\/festa-junina-do-restaurante-da-charretinha-e-sucesso-mais-um-ano\/\" aria-label=\"Read more about Festa Junina do Restaurante da Charretinha \u00e9 sucesso mais um ano\">Ler mais<\/a><\/p>\n","protected":false},"author":7,"featured_media":57685,"comment_status":"open","ping_status":"open","sticky":false,"template":"","format":"standard","meta":{"_acf_changed":false,"_monsterinsights_skip_tracking":false,"footnotes":""},"categories":[30,24],"tags":[54,2394],"class_list":["post-57684","post","type-post","status-publish","format-standard","has-post-thumbnail","hentry","category-muriae","category-eventos","tag-festa-junina","tag-restaurante-da-charretinha"],"acf":[],"aioseo_notices":[],"aioseo_head":"\n\t\t<!-- All in One SEO 5.0.0.1 - aioseo.com -->\n\t<meta name=\"description\" content=\"O Restaurante da Charretinha, localizado no Bairro Sofoc\u00f3, foi palco de mais uma tradicional festa junina. O ambiente recebeu decora\u00e7\u00e3o especial, onde foi montada uma excelente estrutura para receber o p\u00fablico na noite de s\u00e1bado (23), v\u00e9spera do Dia de S\u00e3o Jo\u00e3o. A festa contou com a apresenta\u00e7\u00e3o de Paulo Jr. e Banda, que colocou\" \/>\n\t<meta name=\"robots\" content=\"max-image-preview:large\" \/>\n\t<meta name=\"author\" content=\"Leandro Bebiano\"\/>\n\t<link rel=\"canonical\" href=\"https:\/\/anoticiaonline.com.br\/site\/festa-junina-do-restaurante-da-charretinha-e-sucesso-mais-um-ano\/\" \/>\n\t<meta name=\"generator\" content=\"All in One SEO (AIOSEO) 5.0.0.1\" \/>\n\t\t<meta property=\"og:locale\" content=\"pt_BR\" \/>\n\t\t<meta property=\"og:site_name\" content=\"A Not\u00edcia Online - Noticias de Muria\u00e9 e regi\u00e3o\" \/>\n\t\t<meta property=\"og:type\" content=\"article\" \/>\n\t\t<meta property=\"og:title\" content=\"Festa Junina do Restaurante da Charretinha \u00e9 sucesso mais um ano - A Not\u00edcia Online\" \/>\n\t\t<meta property=\"og:description\" content=\"O Restaurante da Charretinha, localizado no Bairro Sofoc\u00f3, foi palco de mais uma tradicional festa junina. O ambiente recebeu decora\u00e7\u00e3o especial, onde foi montada uma excelente estrutura para receber o p\u00fablico na noite de s\u00e1bado (23), v\u00e9spera do Dia de S\u00e3o Jo\u00e3o. A festa contou com a apresenta\u00e7\u00e3o de Paulo Jr. e Banda, que colocou\" \/>\n\t\t<meta property=\"og:url\" content=\"https:\/\/anoticiaonline.com.br\/site\/festa-junina-do-restaurante-da-charretinha-e-sucesso-mais-um-ano\/\" \/>\n\t\t<meta property=\"og:image\" content=\"https:\/\/scontent-gig4-1.xx.fbcdn.net\/v\/t39.30808-1\/270437624_4564083193639691_6907940295614233970_n.jpg?stp=dst-jpg_s200x200_tt6&#038;_nc_cat=111&#038;ccb=1-7&#038;_nc_sid=f907e8&#038;_nc_ohc=SM1wRlP3lJwQ7kNvwEPuBYA&#038;_nc_oc=AdnqrjDN_BNjSSHWO-GbkIWH6fkGMLw4bqvL_NH6e2wMveX7G-rP2dAqsDSq1mJMOaY&#038;_nc_zt=24&#038;_nc_ht=scontent-gig4-1.xx&#038;_nc_gid=AoBFJeGrT1hVaew_6rchkQ&#038;oh=00_AfX7QmFGhQhG2jAllVgXCiM1ZrWgvtp80-Bfppyexh1QEg&#038;oe=689E923C\" \/>\n\t\t<meta property=\"og:image:secure_url\" content=\"https:\/\/scontent-gig4-1.xx.fbcdn.net\/v\/t39.30808-1\/270437624_4564083193639691_6907940295614233970_n.jpg?stp=dst-jpg_s200x200_tt6&#038;_nc_cat=111&#038;ccb=1-7&#038;_nc_sid=f907e8&#038;_nc_ohc=SM1wRlP3lJwQ7kNvwEPuBYA&#038;_nc_oc=AdnqrjDN_BNjSSHWO-GbkIWH6fkGMLw4bqvL_NH6e2wMveX7G-rP2dAqsDSq1mJMOaY&#038;_nc_zt=24&#038;_nc_ht=scontent-gig4-1.xx&#038;_nc_gid=AoBFJeGrT1hVaew_6rchkQ&#038;oh=00_AfX7QmFGhQhG2jAllVgXCiM1ZrWgvtp80-Bfppyexh1QEg&#038;oe=689E923C\" \/>\n\t\t<meta property=\"article:published_time\" content=\"2018-06-26T17:19:52+00:00\" \/>\n\t\t<meta property=\"article:modified_time\" content=\"2018-06-26T17:19:52+00:00\" \/>\n\t\t<meta name=\"twitter:card\" content=\"summary_large_image\" \/>\n\t\t<meta name=\"twitter:title\" content=\"Festa Junina do Restaurante da Charretinha \u00e9 sucesso mais um ano - A Not\u00edcia Online\" \/>\n\t\t<meta name=\"twitter:description\" content=\"O Restaurante da Charretinha, localizado no Bairro Sofoc\u00f3, foi palco de mais uma tradicional festa junina. O ambiente recebeu decora\u00e7\u00e3o especial, onde foi montada uma excelente estrutura para receber o p\u00fablico na noite de s\u00e1bado (23), v\u00e9spera do Dia de S\u00e3o Jo\u00e3o. A festa contou com a apresenta\u00e7\u00e3o de Paulo Jr. e Banda, que colocou\" \/>\n\t\t<meta name=\"twitter:image\" content=\"https:\/\/scontent-gig4-1.xx.fbcdn.net\/v\/t39.30808-1\/270437624_4564083193639691_6907940295614233970_n.jpg?stp=dst-jpg_s200x200_tt6&amp;_nc_cat=111&amp;ccb=1-7&amp;_nc_sid=f907e8&amp;_nc_ohc=SM1wRlP3lJwQ7kNvwEPuBYA&amp;_nc_oc=AdnqrjDN_BNjSSHWO-GbkIWH6fkGMLw4bqvL_NH6e2wMveX7G-rP2dAqsDSq1mJMOaY&amp;_nc_zt=24&amp;_nc_ht=scontent-gig4-1.xx&amp;_nc_gid=AoBFJeGrT1hVaew_6rchkQ&amp;oh=00_AfX7QmFGhQhG2jAllVgXCiM1ZrWgvtp80-Bfppyexh1QEg&amp;oe=689E923C\" \/>\n\t\t<script type=\"application\/ld+json\" class=\"aioseo-schema\">\n\t\t\t{\"@context\":\"https:\\\/\\\/schema.org\",\"@graph\":[{\"@type\":\"BlogPosting\",\"@id\":\"https:\\\/\\\/anoticiaonline.com.br\\\/site\\\/festa-junina-do-restaurante-da-charretinha-e-sucesso-mais-um-ano\\\/#blogposting\",\"name\":\"Festa Junina do Restaurante da Charretinha \\u00e9 sucesso mais um ano - A Not\\u00edcia Online\",\"headline\":\"Festa Junina do Restaurante da Charretinha \\u00e9 sucesso mais um ano\",\"author\":{\"@id\":\"https:\\\/\\\/anoticiaonline.com.br\\\/site\\\/author\\\/leandro\\\/#author\"},\"publisher\":{\"@id\":\"https:\\\/\\\/anoticiaonline.com.br\\\/site\\\/#organization\"},\"image\":{\"@type\":\"ImageObject\",\"url\":\"https:\\\/\\\/anoticiaonline.com.br\\\/site\\\/wp-content\\\/uploads\\\/2018\\\/06\\\/DSC_0513.jpg\",\"width\":640,\"height\":426},\"datePublished\":\"2018-06-26T14:19:52-03:00\",\"dateModified\":\"2018-06-26T14:19:52-03:00\",\"inLanguage\":\"pt-BR\",\"mainEntityOfPage\":{\"@id\":\"https:\\\/\\\/anoticiaonline.com.br\\\/site\\\/festa-junina-do-restaurante-da-charretinha-e-sucesso-mais-um-ano\\\/#webpage\"},\"isPartOf\":{\"@id\":\"https:\\\/\\\/anoticiaonline.com.br\\\/site\\\/festa-junina-do-restaurante-da-charretinha-e-sucesso-mais-um-ano\\\/#webpage\"},\"articleSection\":\"Blog, Eventos, Festa Junina, Restaurante da Charretinha\"},{\"@type\":\"BreadcrumbList\",\"@id\":\"https:\\\/\\\/anoticiaonline.com.br\\\/site\\\/festa-junina-do-restaurante-da-charretinha-e-sucesso-mais-um-ano\\\/#breadcrumblist\",\"itemListElement\":[{\"@type\":\"ListItem\",\"@id\":\"https:\\\/\\\/anoticiaonline.com.br\\\/site#listItem\",\"position\":1,\"name\":\"Home\",\"item\":\"https:\\\/\\\/anoticiaonline.com.br\\\/site\",\"nextItem\":{\"@type\":\"ListItem\",\"@id\":\"https:\\\/\\\/anoticiaonline.com.br\\\/site\\\/categoria\\\/eventos\\\/#listItem\",\"name\":\"Eventos\"}},{\"@type\":\"ListItem\",\"@id\":\"https:\\\/\\\/anoticiaonline.com.br\\\/site\\\/categoria\\\/eventos\\\/#listItem\",\"position\":2,\"name\":\"Eventos\",\"item\":\"https:\\\/\\\/anoticiaonline.com.br\\\/site\\\/categoria\\\/eventos\\\/\",\"nextItem\":{\"@type\":\"ListItem\",\"@id\":\"https:\\\/\\\/anoticiaonline.com.br\\\/site\\\/festa-junina-do-restaurante-da-charretinha-e-sucesso-mais-um-ano\\\/#listItem\",\"name\":\"Festa Junina do Restaurante da Charretinha \\u00e9 sucesso mais um ano\"},\"previousItem\":{\"@type\":\"ListItem\",\"@id\":\"https:\\\/\\\/anoticiaonline.com.br\\\/site#listItem\",\"name\":\"Home\"}},{\"@type\":\"ListItem\",\"@id\":\"https:\\\/\\\/anoticiaonline.com.br\\\/site\\\/festa-junina-do-restaurante-da-charretinha-e-sucesso-mais-um-ano\\\/#listItem\",\"position\":3,\"name\":\"Festa Junina do Restaurante da Charretinha \\u00e9 sucesso mais um ano\",\"previousItem\":{\"@type\":\"ListItem\",\"@id\":\"https:\\\/\\\/anoticiaonline.com.br\\\/site\\\/categoria\\\/eventos\\\/#listItem\",\"name\":\"Eventos\"}}]},{\"@type\":\"Organization\",\"@id\":\"https:\\\/\\\/anoticiaonline.com.br\\\/site\\\/#organization\",\"name\":\"A Not\\u00edcia Online\",\"description\":\"Noticias de Muria\\u00e9 e regi\\u00e3o\",\"url\":\"https:\\\/\\\/anoticiaonline.com.br\\\/site\\\/\",\"logo\":{\"@type\":\"ImageObject\",\"url\":\"https:\\\/\\\/scontent-gig4-1.xx.fbcdn.net\\\/v\\\/t39.30808-1\\\/270437624_4564083193639691_6907940295614233970_n.jpg?stp=dst-jpg_s200x200_tt6&_nc_cat=111&ccb=1-7&_nc_sid=f907e8&_nc_ohc=SM1wRlP3lJwQ7kNvwEPuBYA&_nc_oc=AdnqrjDN_BNjSSHWO-GbkIWH6fkGMLw4bqvL_NH6e2wMveX7G-rP2dAqsDSq1mJMOaY&_nc_zt=24&_nc_ht=scontent-gig4-1.xx&_nc_gid=AoBFJeGrT1hVaew_6rchkQ&oh=00_AfX7QmFGhQhG2jAllVgXCiM1ZrWgvtp80-Bfppyexh1QEg&oe=689E923C\",\"@id\":\"https:\\\/\\\/anoticiaonline.com.br\\\/site\\\/festa-junina-do-restaurante-da-charretinha-e-sucesso-mais-um-ano\\\/#organizationLogo\"},\"image\":{\"@id\":\"https:\\\/\\\/anoticiaonline.com.br\\\/site\\\/festa-junina-do-restaurante-da-charretinha-e-sucesso-mais-um-ano\\\/#organizationLogo\"}},{\"@type\":\"Person\",\"@id\":\"https:\\\/\\\/anoticiaonline.com.br\\\/site\\\/author\\\/leandro\\\/#author\",\"url\":\"https:\\\/\\\/anoticiaonline.com.br\\\/site\\\/author\\\/leandro\\\/\",\"name\":\"Leandro Bebiano\",\"image\":{\"@type\":\"ImageObject\",\"@id\":\"https:\\\/\\\/anoticiaonline.com.br\\\/site\\\/festa-junina-do-restaurante-da-charretinha-e-sucesso-mais-um-ano\\\/#authorImage\",\"url\":\"https:\\\/\\\/secure.gravatar.com\\\/avatar\\\/99966a20c143db97c8590c2013307c7c234a4cca48ed5657cbb47e22a400bd5f?s=96&d=mm&r=g\",\"width\":96,\"height\":96,\"caption\":\"Leandro Bebiano\"}},{\"@type\":\"WebPage\",\"@id\":\"https:\\\/\\\/anoticiaonline.com.br\\\/site\\\/festa-junina-do-restaurante-da-charretinha-e-sucesso-mais-um-ano\\\/#webpage\",\"url\":\"https:\\\/\\\/anoticiaonline.com.br\\\/site\\\/festa-junina-do-restaurante-da-charretinha-e-sucesso-mais-um-ano\\\/\",\"name\":\"Festa Junina do Restaurante da Charretinha \\u00e9 sucesso mais um ano - A Not\\u00edcia Online\",\"description\":\"O Restaurante da Charretinha, localizado no Bairro Sofoc\\u00f3, foi palco de mais uma tradicional festa junina. O ambiente recebeu decora\\u00e7\\u00e3o especial, onde foi montada uma excelente estrutura para receber o p\\u00fablico na noite de s\\u00e1bado (23), v\\u00e9spera do Dia de S\\u00e3o Jo\\u00e3o. A festa contou com a apresenta\\u00e7\\u00e3o de Paulo Jr. e Banda, que colocou\",\"inLanguage\":\"pt-BR\",\"isPartOf\":{\"@id\":\"https:\\\/\\\/anoticiaonline.com.br\\\/site\\\/#website\"},\"breadcrumb\":{\"@id\":\"https:\\\/\\\/anoticiaonline.com.br\\\/site\\\/festa-junina-do-restaurante-da-charretinha-e-sucesso-mais-um-ano\\\/#breadcrumblist\"},\"author\":{\"@id\":\"https:\\\/\\\/anoticiaonline.com.br\\\/site\\\/author\\\/leandro\\\/#author\"},\"creator\":{\"@id\":\"https:\\\/\\\/anoticiaonline.com.br\\\/site\\\/author\\\/leandro\\\/#author\"},\"image\":{\"@type\":\"ImageObject\",\"url\":\"https:\\\/\\\/anoticiaonline.com.br\\\/site\\\/wp-content\\\/uploads\\\/2018\\\/06\\\/DSC_0513.jpg\",\"@id\":\"https:\\\/\\\/anoticiaonline.com.br\\\/site\\\/festa-junina-do-restaurante-da-charretinha-e-sucesso-mais-um-ano\\\/#mainImage\",\"width\":640,\"height\":426},\"primaryImageOfPage\":{\"@id\":\"https:\\\/\\\/anoticiaonline.com.br\\\/site\\\/festa-junina-do-restaurante-da-charretinha-e-sucesso-mais-um-ano\\\/#mainImage\"},\"datePublished\":\"2018-06-26T14:19:52-03:00\",\"dateModified\":\"2018-06-26T14:19:52-03:00\"},{\"@type\":\"WebSite\",\"@id\":\"https:\\\/\\\/anoticiaonline.com.br\\\/site\\\/#website\",\"url\":\"https:\\\/\\\/anoticiaonline.com.br\\\/site\\\/\",\"name\":\"A Not\\u00edcia Online\",\"description\":\"Noticias de Muria\\u00e9 e regi\\u00e3o\",\"inLanguage\":\"pt-BR\",\"publisher\":{\"@id\":\"https:\\\/\\\/anoticiaonline.com.br\\\/site\\\/#organization\"}}]}\n\t\t<\/script>\n\t\t<!-- All in One SEO -->\n\n","aioseo_head_json":{"title":"Festa Junina do Restaurante da Charretinha \u00e9 sucesso mais um ano - A Not\u00edcia Online","description":"O Restaurante da Charretinha, localizado no Bairro Sofoc\u00f3, foi palco de mais uma tradicional festa junina. O ambiente recebeu decora\u00e7\u00e3o especial, onde foi montada uma excelente estrutura para receber o p\u00fablico na noite de s\u00e1bado (23), v\u00e9spera do Dia de S\u00e3o Jo\u00e3o. A festa contou com a apresenta\u00e7\u00e3o de Paulo Jr. e Banda, que colocou","canonical_url":"https:\/\/anoticiaonline.com.br\/site\/festa-junina-do-restaurante-da-charretinha-e-sucesso-mais-um-ano\/","robots":"max-image-preview:large","keywords":"","webmasterTools":{"miscellaneous":""},"schema":{"@context":"https:\/\/schema.org","@graph":[{"@type":"BlogPosting","@id":"https:\/\/anoticiaonline.com.br\/site\/festa-junina-do-restaurante-da-charretinha-e-sucesso-mais-um-ano\/#blogposting","name":"Festa Junina do Restaurante da Charretinha \u00e9 sucesso mais um ano - A Not\u00edcia Online","headline":"Festa Junina do Restaurante da Charretinha \u00e9 sucesso mais um ano","author":{"@id":"https:\/\/anoticiaonline.com.br\/site\/author\/leandro\/#author"},"publisher":{"@id":"https:\/\/anoticiaonline.com.br\/site\/#organization"},"image":{"@type":"ImageObject","url":"https:\/\/anoticiaonline.com.br\/site\/wp-content\/uploads\/2018\/06\/DSC_0513.jpg","width":640,"height":426},"datePublished":"2018-06-26T14:19:52-03:00","dateModified":"2018-06-26T14:19:52-03:00","inLanguage":"pt-BR","mainEntityOfPage":{"@id":"https:\/\/anoticiaonline.com.br\/site\/festa-junina-do-restaurante-da-charretinha-e-sucesso-mais-um-ano\/#webpage"},"isPartOf":{"@id":"https:\/\/anoticiaonline.com.br\/site\/festa-junina-do-restaurante-da-charretinha-e-sucesso-mais-um-ano\/#webpage"},"articleSection":"Blog, Eventos, Festa Junina, Restaurante da Charretinha"},{"@type":"BreadcrumbList","@id":"https:\/\/anoticiaonline.com.br\/site\/festa-junina-do-restaurante-da-charretinha-e-sucesso-mais-um-ano\/#breadcrumblist","itemListElement":[{"@type":"ListItem","@id":"https:\/\/anoticiaonline.com.br\/site#listItem","position":1,"name":"Home","item":"https:\/\/anoticiaonline.com.br\/site","nextItem":{"@type":"ListItem","@id":"https:\/\/anoticiaonline.com.br\/site\/categoria\/eventos\/#listItem","name":"Eventos"}},{"@type":"ListItem","@id":"https:\/\/anoticiaonline.com.br\/site\/categoria\/eventos\/#listItem","position":2,"name":"Eventos","item":"https:\/\/anoticiaonline.com.br\/site\/categoria\/eventos\/","nextItem":{"@type":"ListItem","@id":"https:\/\/anoticiaonline.com.br\/site\/festa-junina-do-restaurante-da-charretinha-e-sucesso-mais-um-ano\/#listItem","name":"Festa Junina do Restaurante da Charretinha \u00e9 sucesso mais um ano"},"previousItem":{"@type":"ListItem","@id":"https:\/\/anoticiaonline.com.br\/site#listItem","name":"Home"}},{"@type":"ListItem","@id":"https:\/\/anoticiaonline.com.br\/site\/festa-junina-do-restaurante-da-charretinha-e-sucesso-mais-um-ano\/#listItem","position":3,"name":"Festa Junina do Restaurante da Charretinha \u00e9 sucesso mais um ano","previousItem":{"@type":"ListItem","@id":"https:\/\/anoticiaonline.com.br\/site\/categoria\/eventos\/#listItem","name":"Eventos"}}]},{"@type":"Organization","@id":"https:\/\/anoticiaonline.com.br\/site\/#organization","name":"A Not\u00edcia Online","description":"Noticias de Muria\u00e9 e regi\u00e3o","url":"https:\/\/anoticiaonline.com.br\/site\/","logo":{"@type":"ImageObject","url":"https:\/\/scontent-gig4-1.xx.fbcdn.net\/v\/t39.30808-1\/270437624_4564083193639691_6907940295614233970_n.jpg?stp=dst-jpg_s200x200_tt6&_nc_cat=111&ccb=1-7&_nc_sid=f907e8&_nc_ohc=SM1wRlP3lJwQ7kNvwEPuBYA&_nc_oc=AdnqrjDN_BNjSSHWO-GbkIWH6fkGMLw4bqvL_NH6e2wMveX7G-rP2dAqsDSq1mJMOaY&_nc_zt=24&_nc_ht=scontent-gig4-1.xx&_nc_gid=AoBFJeGrT1hVaew_6rchkQ&oh=00_AfX7QmFGhQhG2jAllVgXCiM1ZrWgvtp80-Bfppyexh1QEg&oe=689E923C","@id":"https:\/\/anoticiaonline.com.br\/site\/festa-junina-do-restaurante-da-charretinha-e-sucesso-mais-um-ano\/#organizationLogo"},"image":{"@id":"https:\/\/anoticiaonline.com.br\/site\/festa-junina-do-restaurante-da-charretinha-e-sucesso-mais-um-ano\/#organizationLogo"}},{"@type":"Person","@id":"https:\/\/anoticiaonline.com.br\/site\/author\/leandro\/#author","url":"https:\/\/anoticiaonline.com.br\/site\/author\/leandro\/","name":"Leandro Bebiano","image":{"@type":"ImageObject","@id":"https:\/\/anoticiaonline.com.br\/site\/festa-junina-do-restaurante-da-charretinha-e-sucesso-mais-um-ano\/#authorImage","url":"https:\/\/secure.gravatar.com\/avatar\/99966a20c143db97c8590c2013307c7c234a4cca48ed5657cbb47e22a400bd5f?s=96&d=mm&r=g","width":96,"height":96,"caption":"Leandro Bebiano"}},{"@type":"WebPage","@id":"https:\/\/anoticiaonline.com.br\/site\/festa-junina-do-restaurante-da-charretinha-e-sucesso-mais-um-ano\/#webpage","url":"https:\/\/anoticiaonline.com.br\/site\/festa-junina-do-restaurante-da-charretinha-e-sucesso-mais-um-ano\/","name":"Festa Junina do Restaurante da Charretinha \u00e9 sucesso mais um ano - A Not\u00edcia Online","description":"O Restaurante da Charretinha, localizado no Bairro Sofoc\u00f3, foi palco de mais uma tradicional festa junina. O ambiente recebeu decora\u00e7\u00e3o especial, onde foi montada uma excelente estrutura para receber o p\u00fablico na noite de s\u00e1bado (23), v\u00e9spera do Dia de S\u00e3o Jo\u00e3o. A festa contou com a apresenta\u00e7\u00e3o de Paulo Jr. e Banda, que colocou","inLanguage":"pt-BR","isPartOf":{"@id":"https:\/\/anoticiaonline.com.br\/site\/#website"},"breadcrumb":{"@id":"https:\/\/anoticiaonline.com.br\/site\/festa-junina-do-restaurante-da-charretinha-e-sucesso-mais-um-ano\/#breadcrumblist"},"author":{"@id":"https:\/\/anoticiaonline.com.br\/site\/author\/leandro\/#author"},"creator":{"@id":"https:\/\/anoticiaonline.com.br\/site\/author\/leandro\/#author"},"image":{"@type":"ImageObject","url":"https:\/\/anoticiaonline.com.br\/site\/wp-content\/uploads\/2018\/06\/DSC_0513.jpg","@id":"https:\/\/anoticiaonline.com.br\/site\/festa-junina-do-restaurante-da-charretinha-e-sucesso-mais-um-ano\/#mainImage","width":640,"height":426},"primaryImageOfPage":{"@id":"https:\/\/anoticiaonline.com.br\/site\/festa-junina-do-restaurante-da-charretinha-e-sucesso-mais-um-ano\/#mainImage"},"datePublished":"2018-06-26T14:19:52-03:00","dateModified":"2018-06-26T14:19:52-03:00"},{"@type":"WebSite","@id":"https:\/\/anoticiaonline.com.br\/site\/#website","url":"https:\/\/anoticiaonline.com.br\/site\/","name":"A Not\u00edcia Online","description":"Noticias de Muria\u00e9 e regi\u00e3o","inLanguage":"pt-BR","publisher":{"@id":"https:\/\/anoticiaonline.com.br\/site\/#organization"}}]},"og:locale":"pt_BR","og:site_name":"A Not\u00edcia Online - Noticias de Muria\u00e9 e regi\u00e3o","og:type":"article","og:title":"Festa Junina do Restaurante da Charretinha \u00e9 sucesso mais um ano - A Not\u00edcia Online","og:description":"O Restaurante da Charretinha, localizado no Bairro Sofoc\u00f3, foi palco de mais uma tradicional festa junina. O ambiente recebeu decora\u00e7\u00e3o especial, onde foi montada uma excelente estrutura para receber o p\u00fablico na noite de s\u00e1bado (23), v\u00e9spera do Dia de S\u00e3o Jo\u00e3o. A festa contou com a apresenta\u00e7\u00e3o de Paulo Jr. e Banda, que colocou","og:url":"https:\/\/anoticiaonline.com.br\/site\/festa-junina-do-restaurante-da-charretinha-e-sucesso-mais-um-ano\/","og:image":"https:\/\/scontent-gig4-1.xx.fbcdn.net\/v\/t39.30808-1\/270437624_4564083193639691_6907940295614233970_n.jpg?stp=dst-jpg_s200x200_tt6&#038;_nc_cat=111&#038;ccb=1-7&#038;_nc_sid=f907e8&#038;_nc_ohc=SM1wRlP3lJwQ7kNvwEPuBYA&#038;_nc_oc=AdnqrjDN_BNjSSHWO-GbkIWH6fkGMLw4bqvL_NH6e2wMveX7G-rP2dAqsDSq1mJMOaY&#038;_nc_zt=24&#038;_nc_ht=scontent-gig4-1.xx&#038;_nc_gid=AoBFJeGrT1hVaew_6rchkQ&#038;oh=00_AfX7QmFGhQhG2jAllVgXCiM1ZrWgvtp80-Bfppyexh1QEg&#038;oe=689E923C","og:image:secure_url":"https:\/\/scontent-gig4-1.xx.fbcdn.net\/v\/t39.30808-1\/270437624_4564083193639691_6907940295614233970_n.jpg?stp=dst-jpg_s200x200_tt6&#038;_nc_cat=111&#038;ccb=1-7&#038;_nc_sid=f907e8&#038;_nc_ohc=SM1wRlP3lJwQ7kNvwEPuBYA&#038;_nc_oc=AdnqrjDN_BNjSSHWO-GbkIWH6fkGMLw4bqvL_NH6e2wMveX7G-rP2dAqsDSq1mJMOaY&#038;_nc_zt=24&#038;_nc_ht=scontent-gig4-1.xx&#038;_nc_gid=AoBFJeGrT1hVaew_6rchkQ&#038;oh=00_AfX7QmFGhQhG2jAllVgXCiM1ZrWgvtp80-Bfppyexh1QEg&#038;oe=689E923C","article:published_time":"2018-06-26T17:19:52+00:00","article:modified_time":"2018-06-26T17:19:52+00:00","twitter:card":"summary_large_image","twitter:title":"Festa Junina do Restaurante da Charretinha \u00e9 sucesso mais um ano - A Not\u00edcia Online","twitter:description":"O Restaurante da Charretinha, localizado no Bairro Sofoc\u00f3, foi palco de mais uma tradicional festa junina. O ambiente recebeu decora\u00e7\u00e3o especial, onde foi montada uma excelente estrutura para receber o p\u00fablico na noite de s\u00e1bado (23), v\u00e9spera do Dia de S\u00e3o Jo\u00e3o. A festa contou com a apresenta\u00e7\u00e3o de Paulo Jr. e Banda, que colocou","twitter:image":"https:\/\/scontent-gig4-1.xx.fbcdn.net\/v\/t39.30808-1\/270437624_4564083193639691_6907940295614233970_n.jpg?stp=dst-jpg_s200x200_tt6&_nc_cat=111&ccb=1-7&_nc_sid=f907e8&_nc_ohc=SM1wRlP3lJwQ7kNvwEPuBYA&_nc_oc=AdnqrjDN_BNjSSHWO-GbkIWH6fkGMLw4bqvL_NH6e2wMveX7G-rP2dAqsDSq1mJMOaY&_nc_zt=24&_nc_ht=scontent-gig4-1.xx&_nc_gid=AoBFJeGrT1hVaew_6rchkQ&oh=00_AfX7QmFGhQhG2jAllVgXCiM1ZrWgvtp80-Bfppyexh1QEg&oe=689E923C"},"aioseo_meta_data":{"post_id":"57684","title":null,"description":null,"keywords":null,"keyphrases":null,"primary_term":null,"canonical_url":null,"og_title":null,"og_description":null,"og_object_type":"default","og_image_type":"default","og_image_url":null,"og_image_width":null,"og_image_height":null,"og_image_custom_url":null,"og_image_custom_fields":null,"og_video":null,"og_custom_url":null,"og_article_section":null,"og_article_tags":null,"twitter_use_og":false,"twitter_card":"default","twitter_image_type":"default","twitter_image_url":null,"twitter_image_custom_url":null,"twitter_image_custom_fields":null,"twitter_title":null,"twitter_description":null,"schema":{"blockGraphs":[],"customGraphs":[],"default":{"data":{"Article":[],"Course":[],"Dataset":[],"FAQPage":[],"Movie":[],"Person":[],"Product":[],"ProductReview":[],"Car":[],"Recipe":[],"Service":[],"SoftwareApplication":[],"WebPage":[]},"graphName":"","isEnabled":true},"graphs":[]},"schema_type":"default","schema_type_options":null,"pillar_content":false,"robots_default":true,"robots_noindex":false,"robots_noarchive":false,"robots_nosnippet":false,"robots_nofollow":false,"robots_noimageindex":false,"robots_noodp":false,"robots_notranslate":false,"robots_max_snippet":null,"robots_max_videopreview":null,"robots_max_imagepreview":"large","priority":null,"frequency":null,"local_seo":null,"breadcrumb_settings":null,"limit_modified_date":false,"ai":null,"created":"2025-08-16 21:08:18","updated":"2025-08-16 21:08:18","focus_keyword":null,"additional_keywords":null,"truseo_locale":null,"seo_analyzer_scan_date":null},"aioseo_breadcrumb":"<div class=\"aioseo-breadcrumbs\"><span class=\"aioseo-breadcrumb\">\n\t\t\t<a href=\"https:\/\/anoticiaonline.com.br\/site\" title=\"Home\">Home<\/a>\n\t\t<\/span><span class=\"aioseo-breadcrumb-separator\">&raquo;<\/span><span class=\"aioseo-breadcrumb\">\n\t\t\t<a href=\"https:\/\/anoticiaonline.com.br\/site\/categoria\/eventos\/\" title=\"Eventos\">Eventos<\/a>\n\t\t<\/span><span class=\"aioseo-breadcrumb-separator\">&raquo;<\/span><span class=\"aioseo-breadcrumb\">\n\t\t\tFesta Junina do Restaurante da Charretinha \u00e9 sucesso mais um ano\n\t\t<\/span><\/div>","aioseo_breadcrumb_json":[{"label":"Home","link":"https:\/\/anoticiaonline.com.br\/site"},{"label":"Eventos","link":"https:\/\/anoticiaonline.com.br\/site\/categoria\/eventos\/"},{"label":"Festa Junina do Restaurante da Charretinha \u00e9 sucesso mais um ano","link":"https:\/\/anoticiaonline.com.br\/site\/festa-junina-do-restaurante-da-charretinha-e-sucesso-mais-um-ano\/"}],"views":167,"_links":{"self":[{"href":"https:\/\/anoticiaonline.com.br\/site\/wp-json\/wp\/v2\/posts\/57684","targetHints":{"allow":["GET"]}}],"collection":[{"href":"https:\/\/anoticiaonline.com.br\/site\/wp-json\/wp\/v2\/posts"}],"about":[{"href":"https:\/\/anoticiaonline.com.br\/site\/wp-json\/wp\/v2\/types\/post"}],"author":[{"embeddable":true,"href":"https:\/\/anoticiaonline.com.br\/site\/wp-json\/wp\/v2\/users\/7"}],"replies":[{"embeddable":true,"href":"https:\/\/anoticiaonline.com.br\/site\/wp-json\/wp\/v2\/comments?post=57684"}],"version-history":[{"count":0,"href":"https:\/\/anoticiaonline.com.br\/site\/wp-json\/wp\/v2\/posts\/57684\/revisions"}],"wp:featuredmedia":[{"embeddable":true,"href":"https:\/\/anoticiaonline.com.br\/site\/wp-json\/wp\/v2\/media\/57685"}],"wp:attachment":[{"href":"https:\/\/anoticiaonline.com.br\/site\/wp-json\/wp\/v2\/media?parent=57684"}],"wp:term":[{"taxonomy":"category","embeddable":true,"href":"https:\/\/anoticiaonline.com.br\/site\/wp-json\/wp\/v2\/categories?post=57684"},{"taxonomy":"post_tag","embeddable":true,"href":"https:\/\/anoticiaonline.com.br\/site\/wp-json\/wp\/v2\/tags?post=57684"}],"curies":[{"name":"wp","href":"https:\/\/api.w.org\/{rel}","templated":true}]}}