{"id":57439,"date":"2018-06-21T18:31:32","date_gmt":"2018-06-21T21:31:32","guid":{"rendered":"http:\/\/anoticiaonline.com.br\/site\/?p=57439"},"modified":"2018-06-21T18:34:00","modified_gmt":"2018-06-21T21:34:00","slug":"professores-da-rede-estadual-de-ensino-fazem-manifestacao-em-muriae","status":"publish","type":"post","link":"https:\/\/anoticiaonline.com.br\/site\/professores-da-rede-estadual-de-ensino-fazem-manifestacao-em-muriae\/","title":{"rendered":"Professores da Rede Estadual de Ensino fazem manifesta\u00e7\u00e3o em Muria\u00e9"},"content":{"rendered":"<p><a href=\"https:\/\/anoticiaonline.com.br\/site\/wp-content\/uploads\/2018\/06\/DSC_0182.jpg\"><img fetchpriority=\"high\" decoding=\"async\" class=\"alignnone size-full wp-image-57440\" src=\"https:\/\/anoticiaonline.com.br\/site\/wp-content\/uploads\/2018\/06\/DSC_0182.jpg\" alt=\"\" width=\"640\" height=\"426\" srcset=\"https:\/\/anoticiaonline.com.br\/site\/wp-content\/uploads\/2018\/06\/DSC_0182.jpg 640w, https:\/\/anoticiaonline.com.br\/site\/wp-content\/uploads\/2018\/06\/DSC_0182-300x200.jpg 300w\" sizes=\"(max-width: 640px) 100vw, 640px\" \/><\/a><\/p>\n<p>Os professores e trabalhadores da educa\u00e7\u00e3o da Rede Estadual de Ensino fizeram, na tarde de quinta-feira (21), mais uma manifesta\u00e7\u00e3o cobrando do governo o pagamento integral da 1\u00aa parcela do m\u00eas de junho para todas as categorias do setor.<\/p>\n<p>At\u00e9 o momento cerca de oito, das 12 escolas estaduais do munic\u00edpio, est\u00e3o com as aulas suspensas desde o in\u00edcio do m\u00eas. Al\u00e9m de outras cidades da regi\u00e3o como Miradouro, Patroc\u00ednio do Muria\u00e9, Mira\u00ed, Bom Jesus e Bar\u00e3o do Monte Alto.<\/p>\n<p>De acordo com Sandra L\u00facia Couto Bittencout, professora e integrante da diretoria estadual do Sindicato \u00danico dos Trabalhadores em Educa\u00e7\u00e3o de Minas Gerais (Sind-UTE\/MG), o governo priorizou o pagamento da Pol\u00edcia Militar e os professores e aposentados da educa\u00e7\u00e3o est\u00e3o, at\u00e9 o momento, sem receber. \u201cAlguns profissionais receberam R$500. N\u00f3s queremos que o pagamento seja feito no pr\u00f3ximo 5\u00ba dia \u00fatil e que todos recebam. Continuaremos tamb\u00e9m de greve devido \u00e0 PEC do piso salarial que est\u00e1 na Assembleia e ainda n\u00e3o foi aprovada. N\u00f3s, educadores da ativa s\u00f3 voltaremos \u00e0s atividades quando todos receberem seu sal\u00e1rio, incluindo os aposentados. Por isso, pedimos aos pais dos alunos e todos da sociedade que nos ajude nessa luta, j\u00e1 que ningu\u00e9m vive \u2018de gra\u00e7a\u2019 neste Pa\u00eds. Precisamos do nosso dinheiro para pagar alimenta\u00e7\u00e3o, moradia e transporte\u201d, conta.<\/p>\n<p>Wesley de Souza Rodrigues, coordenador da subsede do Sind-UTE de Muria\u00e9, disse que j\u00e1 vem sendo uma pr\u00e1tica do governo dividir o sal\u00e1rio dos educadores em tr\u00eas parcelas. \u201cDe um tempo para c\u00e1, a primeira parcela vem sendo paga com atraso. Dessa forma, foi votado no \u00faltimo congresso do Sind-UTE\/MG que seria feita uma grave a partir do 5\u00ba dia \u00fatil do m\u00eas se o governo n\u00e3o pagasse a primeira parcela. Como o governo n\u00e3o pagou, a greve teve in\u00edcio no dia 11 de junho. Trabalhamos para o Estado e para o Pa\u00eds, merecemos ser tratados com respeito e dignidade. Ningu\u00e9m consegue trabalhar sem pagamento, o que estamos pedindo \u00e9 essencial\u201d, conta.<\/p>\n<p>Em mar\u00e7o de 2018, caravanas do Sind-UTE\/MG das subsedes da Zona da Mata (Ouro Preto, Carangola, Juiz de Fora, Barbacena, S\u00e3o Jo\u00e3o Del Rei, Vi\u00e7osa, Ponte Nova, Muria\u00e9 e cidades da regi\u00e3o: Eugen\u00f3polis, Mira\u00ed, Miradouro, Mariana), membros da Secretaria Regional de Ensino de Muria\u00e9, de Juiz de Fora, de Carangola e de demais cidades, concentraram-se na Pra\u00e7a Coronel Tib\u00farcio, na Barra, e percorreram as principais ruas e avenidas da cidade em ato contr\u00e1rio ao n\u00e3o cumprimento do acordo firmado entre a categoria e o Estado em 2015.<\/p>\n<p>Na \u00e9poca, tr\u00eas escolas da rede estadual de Muria\u00e9 aderiram totalmente \u00e0 greve, e outras tr\u00eas institui\u00e7\u00f5es, al\u00e9m da Secretaria Regional de Ensino da cidade, paralisaram parcialmente em ato que pede o cumprimento da Lei do Piso, contra a terceiriza\u00e7\u00e3o, contra a entrega das escolas \u00e0s organiza\u00e7\u00f5es sociais, contra o parcelamento de sal\u00e1rios e contra a militariza\u00e7\u00e3o das escolas p\u00fablicas.<\/p>\n<p><strong>Nota de esclarecimento do Sindicato \u00danico dos Trabalhadores em Educa\u00e7\u00e3o de Minas Gerais (Sind-UTE\/MG) sua p\u00e1gina do Facebook:<\/strong><\/p>\n<p>Na tarde desta quarta-feira, dia 20 de junho, o Sind-UTE\/MG foi informado pela Secretaria de Planejamento e Gest\u00e3o de que o governo fez o dep\u00f3sito do valor de at\u00e9 R$1.500,00 como restante da primeira parcela dos sal\u00e1rios para parte da categoria da educa\u00e7\u00e3o.<\/p>\n<p>A decis\u00e3o dos\/as trabalhadores\/as em educa\u00e7\u00e3o, definida na maior inst\u00e2ncia do Sindicato que \u00e9 seu Congresso Estatut\u00e1rio, \u00e9 a suspens\u00e3o das atividades at\u00e9 que os servidores da educa\u00e7\u00e3o recebam a primeira parcela dos sal\u00e1rios, sem distin\u00e7\u00e3o de cargo, vinculo ou condi\u00e7\u00e3o de ativo ou aposentado. O governo foi notificado desta decis\u00e3o no dia 5 de junho \u00faltimo.<\/p>\n<p>Como o governo ainda n\u00e3o efetuou o pagamento integral da primeira parcela para toda a categoria, esclarecemos que a suspens\u00e3o das atividades, conforme decis\u00e3o do Congresso, continua at\u00e9 que toda a categoria receba a primeira parcela integral do sal\u00e1rio.<\/p>\n","protected":false},"excerpt":{"rendered":"<p>Os professores e trabalhadores da educa\u00e7\u00e3o da Rede Estadual de Ensino fizeram, na tarde de quinta-feira (21), mais uma manifesta\u00e7\u00e3o cobrando do governo o pagamento integral da 1\u00aa parcela do m\u00eas de junho para todas as categorias do setor. At\u00e9 o momento cerca de oito, das 12 escolas estaduais do munic\u00edpio, est\u00e3o com as aulas &#8230; <a title=\"Professores da Rede Estadual de Ensino fazem manifesta\u00e7\u00e3o em Muria\u00e9\" class=\"read-more\" href=\"https:\/\/anoticiaonline.com.br\/site\/professores-da-rede-estadual-de-ensino-fazem-manifestacao-em-muriae\/\" aria-label=\"Read more about Professores da Rede Estadual de Ensino fazem manifesta\u00e7\u00e3o em Muria\u00e9\">Ler mais<\/a><\/p>\n","protected":false},"author":2,"featured_media":57440,"comment_status":"open","ping_status":"open","sticky":false,"template":"","format":"standard","meta":{"_acf_changed":false,"_monsterinsights_skip_tracking":false,"footnotes":""},"categories":[30],"tags":[165,929,74,1890],"class_list":["post-57439","post","type-post","status-publish","format-standard","has-post-thumbnail","hentry","category-muriae","tag-educacao","tag-manifestacao","tag-muriae","tag-professores"],"acf":[],"aioseo_notices":[],"aioseo_head":"\n\t\t<!-- All in One SEO 5.0.0.1 - aioseo.com -->\n\t<meta name=\"description\" content=\"Os professores e trabalhadores da educa\u00e7\u00e3o da Rede Estadual de Ensino fizeram, na tarde de quinta-feira (21), mais uma manifesta\u00e7\u00e3o cobrando do governo o pagamento integral da 1\u00aa parcela do m\u00eas de junho para todas as categorias do setor. At\u00e9 o momento cerca de oito, das 12 escolas estaduais do munic\u00edpio, est\u00e3o com as aulas\" \/>\n\t<meta name=\"robots\" content=\"max-image-preview:large\" \/>\n\t<meta name=\"author\" content=\"Juliana Laviola\"\/>\n\t<link rel=\"canonical\" href=\"https:\/\/anoticiaonline.com.br\/site\/professores-da-rede-estadual-de-ensino-fazem-manifestacao-em-muriae\/\" \/>\n\t<meta name=\"generator\" content=\"All in One SEO (AIOSEO) 5.0.0.1\" \/>\n\t\t<meta property=\"og:locale\" content=\"pt_BR\" \/>\n\t\t<meta property=\"og:site_name\" content=\"A Not\u00edcia Online - Noticias de Muria\u00e9 e regi\u00e3o\" \/>\n\t\t<meta property=\"og:type\" content=\"article\" \/>\n\t\t<meta property=\"og:title\" content=\"Professores da Rede Estadual de Ensino fazem manifesta\u00e7\u00e3o em Muria\u00e9 - A Not\u00edcia Online\" \/>\n\t\t<meta property=\"og:description\" content=\"Os professores e trabalhadores da educa\u00e7\u00e3o da Rede Estadual de Ensino fizeram, na tarde de quinta-feira (21), mais uma manifesta\u00e7\u00e3o cobrando do governo o pagamento integral da 1\u00aa parcela do m\u00eas de junho para todas as categorias do setor. At\u00e9 o momento cerca de oito, das 12 escolas estaduais do munic\u00edpio, est\u00e3o com as aulas\" \/>\n\t\t<meta property=\"og:url\" content=\"https:\/\/anoticiaonline.com.br\/site\/professores-da-rede-estadual-de-ensino-fazem-manifestacao-em-muriae\/\" \/>\n\t\t<meta property=\"og:image\" content=\"https:\/\/scontent-gig4-1.xx.fbcdn.net\/v\/t39.30808-1\/270437624_4564083193639691_6907940295614233970_n.jpg?stp=dst-jpg_s200x200_tt6&#038;_nc_cat=111&#038;ccb=1-7&#038;_nc_sid=f907e8&#038;_nc_ohc=SM1wRlP3lJwQ7kNvwEPuBYA&#038;_nc_oc=AdnqrjDN_BNjSSHWO-GbkIWH6fkGMLw4bqvL_NH6e2wMveX7G-rP2dAqsDSq1mJMOaY&#038;_nc_zt=24&#038;_nc_ht=scontent-gig4-1.xx&#038;_nc_gid=AoBFJeGrT1hVaew_6rchkQ&#038;oh=00_AfX7QmFGhQhG2jAllVgXCiM1ZrWgvtp80-Bfppyexh1QEg&#038;oe=689E923C\" \/>\n\t\t<meta property=\"og:image:secure_url\" content=\"https:\/\/scontent-gig4-1.xx.fbcdn.net\/v\/t39.30808-1\/270437624_4564083193639691_6907940295614233970_n.jpg?stp=dst-jpg_s200x200_tt6&#038;_nc_cat=111&#038;ccb=1-7&#038;_nc_sid=f907e8&#038;_nc_ohc=SM1wRlP3lJwQ7kNvwEPuBYA&#038;_nc_oc=AdnqrjDN_BNjSSHWO-GbkIWH6fkGMLw4bqvL_NH6e2wMveX7G-rP2dAqsDSq1mJMOaY&#038;_nc_zt=24&#038;_nc_ht=scontent-gig4-1.xx&#038;_nc_gid=AoBFJeGrT1hVaew_6rchkQ&#038;oh=00_AfX7QmFGhQhG2jAllVgXCiM1ZrWgvtp80-Bfppyexh1QEg&#038;oe=689E923C\" \/>\n\t\t<meta property=\"article:published_time\" content=\"2018-06-21T21:31:32+00:00\" \/>\n\t\t<meta property=\"article:modified_time\" content=\"2018-06-21T21:34:00+00:00\" \/>\n\t\t<meta name=\"twitter:card\" content=\"summary_large_image\" \/>\n\t\t<meta name=\"twitter:title\" content=\"Professores da Rede Estadual de Ensino fazem manifesta\u00e7\u00e3o em Muria\u00e9 - A Not\u00edcia Online\" \/>\n\t\t<meta name=\"twitter:description\" content=\"Os professores e trabalhadores da educa\u00e7\u00e3o da Rede Estadual de Ensino fizeram, na tarde de quinta-feira (21), mais uma manifesta\u00e7\u00e3o cobrando do governo o pagamento integral da 1\u00aa parcela do m\u00eas de junho para todas as categorias do setor. At\u00e9 o momento cerca de oito, das 12 escolas estaduais do munic\u00edpio, est\u00e3o com as aulas\" \/>\n\t\t<meta name=\"twitter:image\" content=\"https:\/\/scontent-gig4-1.xx.fbcdn.net\/v\/t39.30808-1\/270437624_4564083193639691_6907940295614233970_n.jpg?stp=dst-jpg_s200x200_tt6&amp;_nc_cat=111&amp;ccb=1-7&amp;_nc_sid=f907e8&amp;_nc_ohc=SM1wRlP3lJwQ7kNvwEPuBYA&amp;_nc_oc=AdnqrjDN_BNjSSHWO-GbkIWH6fkGMLw4bqvL_NH6e2wMveX7G-rP2dAqsDSq1mJMOaY&amp;_nc_zt=24&amp;_nc_ht=scontent-gig4-1.xx&amp;_nc_gid=AoBFJeGrT1hVaew_6rchkQ&amp;oh=00_AfX7QmFGhQhG2jAllVgXCiM1ZrWgvtp80-Bfppyexh1QEg&amp;oe=689E923C\" \/>\n\t\t<script type=\"application\/ld+json\" class=\"aioseo-schema\">\n\t\t\t{\"@context\":\"https:\\\/\\\/schema.org\",\"@graph\":[{\"@type\":\"BlogPosting\",\"@id\":\"https:\\\/\\\/anoticiaonline.com.br\\\/site\\\/professores-da-rede-estadual-de-ensino-fazem-manifestacao-em-muriae\\\/#blogposting\",\"name\":\"Professores da Rede Estadual de Ensino fazem manifesta\\u00e7\\u00e3o em Muria\\u00e9 - A Not\\u00edcia Online\",\"headline\":\"Professores da Rede Estadual de Ensino fazem manifesta\\u00e7\\u00e3o em Muria\\u00e9\",\"author\":{\"@id\":\"https:\\\/\\\/anoticiaonline.com.br\\\/site\\\/author\\\/juliana\\\/#author\"},\"publisher\":{\"@id\":\"https:\\\/\\\/anoticiaonline.com.br\\\/site\\\/#organization\"},\"image\":{\"@type\":\"ImageObject\",\"url\":\"https:\\\/\\\/anoticiaonline.com.br\\\/site\\\/wp-content\\\/uploads\\\/2018\\\/06\\\/DSC_0182.jpg\",\"width\":640,\"height\":426},\"datePublished\":\"2018-06-21T18:31:32-03:00\",\"dateModified\":\"2018-06-21T18:34:00-03:00\",\"inLanguage\":\"pt-BR\",\"mainEntityOfPage\":{\"@id\":\"https:\\\/\\\/anoticiaonline.com.br\\\/site\\\/professores-da-rede-estadual-de-ensino-fazem-manifestacao-em-muriae\\\/#webpage\"},\"isPartOf\":{\"@id\":\"https:\\\/\\\/anoticiaonline.com.br\\\/site\\\/professores-da-rede-estadual-de-ensino-fazem-manifestacao-em-muriae\\\/#webpage\"},\"articleSection\":\"Blog, Educa\\u00e7\\u00e3o, manifesta\\u00e7\\u00e3o, Muria\\u00e9, professores\"},{\"@type\":\"BreadcrumbList\",\"@id\":\"https:\\\/\\\/anoticiaonline.com.br\\\/site\\\/professores-da-rede-estadual-de-ensino-fazem-manifestacao-em-muriae\\\/#breadcrumblist\",\"itemListElement\":[{\"@type\":\"ListItem\",\"@id\":\"https:\\\/\\\/anoticiaonline.com.br\\\/site#listItem\",\"position\":1,\"name\":\"Home\",\"item\":\"https:\\\/\\\/anoticiaonline.com.br\\\/site\",\"nextItem\":{\"@type\":\"ListItem\",\"@id\":\"https:\\\/\\\/anoticiaonline.com.br\\\/site\\\/categoria\\\/muriae\\\/#listItem\",\"name\":\"Blog\"}},{\"@type\":\"ListItem\",\"@id\":\"https:\\\/\\\/anoticiaonline.com.br\\\/site\\\/categoria\\\/muriae\\\/#listItem\",\"position\":2,\"name\":\"Blog\",\"item\":\"https:\\\/\\\/anoticiaonline.com.br\\\/site\\\/categoria\\\/muriae\\\/\",\"nextItem\":{\"@type\":\"ListItem\",\"@id\":\"https:\\\/\\\/anoticiaonline.com.br\\\/site\\\/professores-da-rede-estadual-de-ensino-fazem-manifestacao-em-muriae\\\/#listItem\",\"name\":\"Professores da Rede Estadual de Ensino fazem manifesta\\u00e7\\u00e3o em Muria\\u00e9\"},\"previousItem\":{\"@type\":\"ListItem\",\"@id\":\"https:\\\/\\\/anoticiaonline.com.br\\\/site#listItem\",\"name\":\"Home\"}},{\"@type\":\"ListItem\",\"@id\":\"https:\\\/\\\/anoticiaonline.com.br\\\/site\\\/professores-da-rede-estadual-de-ensino-fazem-manifestacao-em-muriae\\\/#listItem\",\"position\":3,\"name\":\"Professores da Rede Estadual de Ensino fazem manifesta\\u00e7\\u00e3o em Muria\\u00e9\",\"previousItem\":{\"@type\":\"ListItem\",\"@id\":\"https:\\\/\\\/anoticiaonline.com.br\\\/site\\\/categoria\\\/muriae\\\/#listItem\",\"name\":\"Blog\"}}]},{\"@type\":\"Organization\",\"@id\":\"https:\\\/\\\/anoticiaonline.com.br\\\/site\\\/#organization\",\"name\":\"A Not\\u00edcia Online\",\"description\":\"Noticias de Muria\\u00e9 e regi\\u00e3o\",\"url\":\"https:\\\/\\\/anoticiaonline.com.br\\\/site\\\/\",\"logo\":{\"@type\":\"ImageObject\",\"url\":\"https:\\\/\\\/scontent-gig4-1.xx.fbcdn.net\\\/v\\\/t39.30808-1\\\/270437624_4564083193639691_6907940295614233970_n.jpg?stp=dst-jpg_s200x200_tt6&_nc_cat=111&ccb=1-7&_nc_sid=f907e8&_nc_ohc=SM1wRlP3lJwQ7kNvwEPuBYA&_nc_oc=AdnqrjDN_BNjSSHWO-GbkIWH6fkGMLw4bqvL_NH6e2wMveX7G-rP2dAqsDSq1mJMOaY&_nc_zt=24&_nc_ht=scontent-gig4-1.xx&_nc_gid=AoBFJeGrT1hVaew_6rchkQ&oh=00_AfX7QmFGhQhG2jAllVgXCiM1ZrWgvtp80-Bfppyexh1QEg&oe=689E923C\",\"@id\":\"https:\\\/\\\/anoticiaonline.com.br\\\/site\\\/professores-da-rede-estadual-de-ensino-fazem-manifestacao-em-muriae\\\/#organizationLogo\"},\"image\":{\"@id\":\"https:\\\/\\\/anoticiaonline.com.br\\\/site\\\/professores-da-rede-estadual-de-ensino-fazem-manifestacao-em-muriae\\\/#organizationLogo\"}},{\"@type\":\"Person\",\"@id\":\"https:\\\/\\\/anoticiaonline.com.br\\\/site\\\/author\\\/juliana\\\/#author\",\"url\":\"https:\\\/\\\/anoticiaonline.com.br\\\/site\\\/author\\\/juliana\\\/\",\"name\":\"Juliana Laviola\",\"image\":{\"@type\":\"ImageObject\",\"@id\":\"https:\\\/\\\/anoticiaonline.com.br\\\/site\\\/professores-da-rede-estadual-de-ensino-fazem-manifestacao-em-muriae\\\/#authorImage\",\"url\":\"https:\\\/\\\/secure.gravatar.com\\\/avatar\\\/b8d45f5c699b100dfaf0e543582f38f38bf94cb7ae3a5e9abf8d891a34773335?s=96&d=mm&r=g\",\"width\":96,\"height\":96,\"caption\":\"Juliana Laviola\"}},{\"@type\":\"WebPage\",\"@id\":\"https:\\\/\\\/anoticiaonline.com.br\\\/site\\\/professores-da-rede-estadual-de-ensino-fazem-manifestacao-em-muriae\\\/#webpage\",\"url\":\"https:\\\/\\\/anoticiaonline.com.br\\\/site\\\/professores-da-rede-estadual-de-ensino-fazem-manifestacao-em-muriae\\\/\",\"name\":\"Professores da Rede Estadual de Ensino fazem manifesta\\u00e7\\u00e3o em Muria\\u00e9 - A Not\\u00edcia Online\",\"description\":\"Os professores e trabalhadores da educa\\u00e7\\u00e3o da Rede Estadual de Ensino fizeram, na tarde de quinta-feira (21), mais uma manifesta\\u00e7\\u00e3o cobrando do governo o pagamento integral da 1\\u00aa parcela do m\\u00eas de junho para todas as categorias do setor. At\\u00e9 o momento cerca de oito, das 12 escolas estaduais do munic\\u00edpio, est\\u00e3o com as aulas\",\"inLanguage\":\"pt-BR\",\"isPartOf\":{\"@id\":\"https:\\\/\\\/anoticiaonline.com.br\\\/site\\\/#website\"},\"breadcrumb\":{\"@id\":\"https:\\\/\\\/anoticiaonline.com.br\\\/site\\\/professores-da-rede-estadual-de-ensino-fazem-manifestacao-em-muriae\\\/#breadcrumblist\"},\"author\":{\"@id\":\"https:\\\/\\\/anoticiaonline.com.br\\\/site\\\/author\\\/juliana\\\/#author\"},\"creator\":{\"@id\":\"https:\\\/\\\/anoticiaonline.com.br\\\/site\\\/author\\\/juliana\\\/#author\"},\"image\":{\"@type\":\"ImageObject\",\"url\":\"https:\\\/\\\/anoticiaonline.com.br\\\/site\\\/wp-content\\\/uploads\\\/2018\\\/06\\\/DSC_0182.jpg\",\"@id\":\"https:\\\/\\\/anoticiaonline.com.br\\\/site\\\/professores-da-rede-estadual-de-ensino-fazem-manifestacao-em-muriae\\\/#mainImage\",\"width\":640,\"height\":426},\"primaryImageOfPage\":{\"@id\":\"https:\\\/\\\/anoticiaonline.com.br\\\/site\\\/professores-da-rede-estadual-de-ensino-fazem-manifestacao-em-muriae\\\/#mainImage\"},\"datePublished\":\"2018-06-21T18:31:32-03:00\",\"dateModified\":\"2018-06-21T18:34:00-03:00\"},{\"@type\":\"WebSite\",\"@id\":\"https:\\\/\\\/anoticiaonline.com.br\\\/site\\\/#website\",\"url\":\"https:\\\/\\\/anoticiaonline.com.br\\\/site\\\/\",\"name\":\"A Not\\u00edcia Online\",\"description\":\"Noticias de Muria\\u00e9 e regi\\u00e3o\",\"inLanguage\":\"pt-BR\",\"publisher\":{\"@id\":\"https:\\\/\\\/anoticiaonline.com.br\\\/site\\\/#organization\"}}]}\n\t\t<\/script>\n\t\t<!-- All in One SEO -->\n\n","aioseo_head_json":{"title":"Professores da Rede Estadual de Ensino fazem manifesta\u00e7\u00e3o em Muria\u00e9 - A Not\u00edcia Online","description":"Os professores e trabalhadores da educa\u00e7\u00e3o da Rede Estadual de Ensino fizeram, na tarde de quinta-feira (21), mais uma manifesta\u00e7\u00e3o cobrando do governo o pagamento integral da 1\u00aa parcela do m\u00eas de junho para todas as categorias do setor. At\u00e9 o momento cerca de oito, das 12 escolas estaduais do munic\u00edpio, est\u00e3o com as aulas","canonical_url":"https:\/\/anoticiaonline.com.br\/site\/professores-da-rede-estadual-de-ensino-fazem-manifestacao-em-muriae\/","robots":"max-image-preview:large","keywords":"","webmasterTools":{"miscellaneous":""},"schema":{"@context":"https:\/\/schema.org","@graph":[{"@type":"BlogPosting","@id":"https:\/\/anoticiaonline.com.br\/site\/professores-da-rede-estadual-de-ensino-fazem-manifestacao-em-muriae\/#blogposting","name":"Professores da Rede Estadual de Ensino fazem manifesta\u00e7\u00e3o em Muria\u00e9 - A Not\u00edcia Online","headline":"Professores da Rede Estadual de Ensino fazem manifesta\u00e7\u00e3o em Muria\u00e9","author":{"@id":"https:\/\/anoticiaonline.com.br\/site\/author\/juliana\/#author"},"publisher":{"@id":"https:\/\/anoticiaonline.com.br\/site\/#organization"},"image":{"@type":"ImageObject","url":"https:\/\/anoticiaonline.com.br\/site\/wp-content\/uploads\/2018\/06\/DSC_0182.jpg","width":640,"height":426},"datePublished":"2018-06-21T18:31:32-03:00","dateModified":"2018-06-21T18:34:00-03:00","inLanguage":"pt-BR","mainEntityOfPage":{"@id":"https:\/\/anoticiaonline.com.br\/site\/professores-da-rede-estadual-de-ensino-fazem-manifestacao-em-muriae\/#webpage"},"isPartOf":{"@id":"https:\/\/anoticiaonline.com.br\/site\/professores-da-rede-estadual-de-ensino-fazem-manifestacao-em-muriae\/#webpage"},"articleSection":"Blog, Educa\u00e7\u00e3o, manifesta\u00e7\u00e3o, Muria\u00e9, professores"},{"@type":"BreadcrumbList","@id":"https:\/\/anoticiaonline.com.br\/site\/professores-da-rede-estadual-de-ensino-fazem-manifestacao-em-muriae\/#breadcrumblist","itemListElement":[{"@type":"ListItem","@id":"https:\/\/anoticiaonline.com.br\/site#listItem","position":1,"name":"Home","item":"https:\/\/anoticiaonline.com.br\/site","nextItem":{"@type":"ListItem","@id":"https:\/\/anoticiaonline.com.br\/site\/categoria\/muriae\/#listItem","name":"Blog"}},{"@type":"ListItem","@id":"https:\/\/anoticiaonline.com.br\/site\/categoria\/muriae\/#listItem","position":2,"name":"Blog","item":"https:\/\/anoticiaonline.com.br\/site\/categoria\/muriae\/","nextItem":{"@type":"ListItem","@id":"https:\/\/anoticiaonline.com.br\/site\/professores-da-rede-estadual-de-ensino-fazem-manifestacao-em-muriae\/#listItem","name":"Professores da Rede Estadual de Ensino fazem manifesta\u00e7\u00e3o em Muria\u00e9"},"previousItem":{"@type":"ListItem","@id":"https:\/\/anoticiaonline.com.br\/site#listItem","name":"Home"}},{"@type":"ListItem","@id":"https:\/\/anoticiaonline.com.br\/site\/professores-da-rede-estadual-de-ensino-fazem-manifestacao-em-muriae\/#listItem","position":3,"name":"Professores da Rede Estadual de Ensino fazem manifesta\u00e7\u00e3o em Muria\u00e9","previousItem":{"@type":"ListItem","@id":"https:\/\/anoticiaonline.com.br\/site\/categoria\/muriae\/#listItem","name":"Blog"}}]},{"@type":"Organization","@id":"https:\/\/anoticiaonline.com.br\/site\/#organization","name":"A Not\u00edcia Online","description":"Noticias de Muria\u00e9 e regi\u00e3o","url":"https:\/\/anoticiaonline.com.br\/site\/","logo":{"@type":"ImageObject","url":"https:\/\/scontent-gig4-1.xx.fbcdn.net\/v\/t39.30808-1\/270437624_4564083193639691_6907940295614233970_n.jpg?stp=dst-jpg_s200x200_tt6&_nc_cat=111&ccb=1-7&_nc_sid=f907e8&_nc_ohc=SM1wRlP3lJwQ7kNvwEPuBYA&_nc_oc=AdnqrjDN_BNjSSHWO-GbkIWH6fkGMLw4bqvL_NH6e2wMveX7G-rP2dAqsDSq1mJMOaY&_nc_zt=24&_nc_ht=scontent-gig4-1.xx&_nc_gid=AoBFJeGrT1hVaew_6rchkQ&oh=00_AfX7QmFGhQhG2jAllVgXCiM1ZrWgvtp80-Bfppyexh1QEg&oe=689E923C","@id":"https:\/\/anoticiaonline.com.br\/site\/professores-da-rede-estadual-de-ensino-fazem-manifestacao-em-muriae\/#organizationLogo"},"image":{"@id":"https:\/\/anoticiaonline.com.br\/site\/professores-da-rede-estadual-de-ensino-fazem-manifestacao-em-muriae\/#organizationLogo"}},{"@type":"Person","@id":"https:\/\/anoticiaonline.com.br\/site\/author\/juliana\/#author","url":"https:\/\/anoticiaonline.com.br\/site\/author\/juliana\/","name":"Juliana Laviola","image":{"@type":"ImageObject","@id":"https:\/\/anoticiaonline.com.br\/site\/professores-da-rede-estadual-de-ensino-fazem-manifestacao-em-muriae\/#authorImage","url":"https:\/\/secure.gravatar.com\/avatar\/b8d45f5c699b100dfaf0e543582f38f38bf94cb7ae3a5e9abf8d891a34773335?s=96&d=mm&r=g","width":96,"height":96,"caption":"Juliana Laviola"}},{"@type":"WebPage","@id":"https:\/\/anoticiaonline.com.br\/site\/professores-da-rede-estadual-de-ensino-fazem-manifestacao-em-muriae\/#webpage","url":"https:\/\/anoticiaonline.com.br\/site\/professores-da-rede-estadual-de-ensino-fazem-manifestacao-em-muriae\/","name":"Professores da Rede Estadual de Ensino fazem manifesta\u00e7\u00e3o em Muria\u00e9 - A Not\u00edcia Online","description":"Os professores e trabalhadores da educa\u00e7\u00e3o da Rede Estadual de Ensino fizeram, na tarde de quinta-feira (21), mais uma manifesta\u00e7\u00e3o cobrando do governo o pagamento integral da 1\u00aa parcela do m\u00eas de junho para todas as categorias do setor. At\u00e9 o momento cerca de oito, das 12 escolas estaduais do munic\u00edpio, est\u00e3o com as aulas","inLanguage":"pt-BR","isPartOf":{"@id":"https:\/\/anoticiaonline.com.br\/site\/#website"},"breadcrumb":{"@id":"https:\/\/anoticiaonline.com.br\/site\/professores-da-rede-estadual-de-ensino-fazem-manifestacao-em-muriae\/#breadcrumblist"},"author":{"@id":"https:\/\/anoticiaonline.com.br\/site\/author\/juliana\/#author"},"creator":{"@id":"https:\/\/anoticiaonline.com.br\/site\/author\/juliana\/#author"},"image":{"@type":"ImageObject","url":"https:\/\/anoticiaonline.com.br\/site\/wp-content\/uploads\/2018\/06\/DSC_0182.jpg","@id":"https:\/\/anoticiaonline.com.br\/site\/professores-da-rede-estadual-de-ensino-fazem-manifestacao-em-muriae\/#mainImage","width":640,"height":426},"primaryImageOfPage":{"@id":"https:\/\/anoticiaonline.com.br\/site\/professores-da-rede-estadual-de-ensino-fazem-manifestacao-em-muriae\/#mainImage"},"datePublished":"2018-06-21T18:31:32-03:00","dateModified":"2018-06-21T18:34:00-03:00"},{"@type":"WebSite","@id":"https:\/\/anoticiaonline.com.br\/site\/#website","url":"https:\/\/anoticiaonline.com.br\/site\/","name":"A Not\u00edcia Online","description":"Noticias de Muria\u00e9 e regi\u00e3o","inLanguage":"pt-BR","publisher":{"@id":"https:\/\/anoticiaonline.com.br\/site\/#organization"}}]},"og:locale":"pt_BR","og:site_name":"A Not\u00edcia Online - Noticias de Muria\u00e9 e regi\u00e3o","og:type":"article","og:title":"Professores da Rede Estadual de Ensino fazem manifesta\u00e7\u00e3o em Muria\u00e9 - A Not\u00edcia Online","og:description":"Os professores e trabalhadores da educa\u00e7\u00e3o da Rede Estadual de Ensino fizeram, na tarde de quinta-feira (21), mais uma manifesta\u00e7\u00e3o cobrando do governo o pagamento integral da 1\u00aa parcela do m\u00eas de junho para todas as categorias do setor. At\u00e9 o momento cerca de oito, das 12 escolas estaduais do munic\u00edpio, est\u00e3o com as aulas","og:url":"https:\/\/anoticiaonline.com.br\/site\/professores-da-rede-estadual-de-ensino-fazem-manifestacao-em-muriae\/","og:image":"https:\/\/scontent-gig4-1.xx.fbcdn.net\/v\/t39.30808-1\/270437624_4564083193639691_6907940295614233970_n.jpg?stp=dst-jpg_s200x200_tt6&#038;_nc_cat=111&#038;ccb=1-7&#038;_nc_sid=f907e8&#038;_nc_ohc=SM1wRlP3lJwQ7kNvwEPuBYA&#038;_nc_oc=AdnqrjDN_BNjSSHWO-GbkIWH6fkGMLw4bqvL_NH6e2wMveX7G-rP2dAqsDSq1mJMOaY&#038;_nc_zt=24&#038;_nc_ht=scontent-gig4-1.xx&#038;_nc_gid=AoBFJeGrT1hVaew_6rchkQ&#038;oh=00_AfX7QmFGhQhG2jAllVgXCiM1ZrWgvtp80-Bfppyexh1QEg&#038;oe=689E923C","og:image:secure_url":"https:\/\/scontent-gig4-1.xx.fbcdn.net\/v\/t39.30808-1\/270437624_4564083193639691_6907940295614233970_n.jpg?stp=dst-jpg_s200x200_tt6&#038;_nc_cat=111&#038;ccb=1-7&#038;_nc_sid=f907e8&#038;_nc_ohc=SM1wRlP3lJwQ7kNvwEPuBYA&#038;_nc_oc=AdnqrjDN_BNjSSHWO-GbkIWH6fkGMLw4bqvL_NH6e2wMveX7G-rP2dAqsDSq1mJMOaY&#038;_nc_zt=24&#038;_nc_ht=scontent-gig4-1.xx&#038;_nc_gid=AoBFJeGrT1hVaew_6rchkQ&#038;oh=00_AfX7QmFGhQhG2jAllVgXCiM1ZrWgvtp80-Bfppyexh1QEg&#038;oe=689E923C","article:published_time":"2018-06-21T21:31:32+00:00","article:modified_time":"2018-06-21T21:34:00+00:00","twitter:card":"summary_large_image","twitter:title":"Professores da Rede Estadual de Ensino fazem manifesta\u00e7\u00e3o em Muria\u00e9 - A Not\u00edcia Online","twitter:description":"Os professores e trabalhadores da educa\u00e7\u00e3o da Rede Estadual de Ensino fizeram, na tarde de quinta-feira (21), mais uma manifesta\u00e7\u00e3o cobrando do governo o pagamento integral da 1\u00aa parcela do m\u00eas de junho para todas as categorias do setor. At\u00e9 o momento cerca de oito, das 12 escolas estaduais do munic\u00edpio, est\u00e3o com as aulas","twitter:image":"https:\/\/scontent-gig4-1.xx.fbcdn.net\/v\/t39.30808-1\/270437624_4564083193639691_6907940295614233970_n.jpg?stp=dst-jpg_s200x200_tt6&_nc_cat=111&ccb=1-7&_nc_sid=f907e8&_nc_ohc=SM1wRlP3lJwQ7kNvwEPuBYA&_nc_oc=AdnqrjDN_BNjSSHWO-GbkIWH6fkGMLw4bqvL_NH6e2wMveX7G-rP2dAqsDSq1mJMOaY&_nc_zt=24&_nc_ht=scontent-gig4-1.xx&_nc_gid=AoBFJeGrT1hVaew_6rchkQ&oh=00_AfX7QmFGhQhG2jAllVgXCiM1ZrWgvtp80-Bfppyexh1QEg&oe=689E923C"},"aioseo_meta_data":{"post_id":"57439","title":null,"description":null,"keywords":null,"keyphrases":null,"primary_term":null,"canonical_url":null,"og_title":null,"og_description":null,"og_object_type":"default","og_image_type":"default","og_image_url":null,"og_image_width":null,"og_image_height":null,"og_image_custom_url":null,"og_image_custom_fields":null,"og_video":null,"og_custom_url":null,"og_article_section":null,"og_article_tags":null,"twitter_use_og":false,"twitter_card":"default","twitter_image_type":"default","twitter_image_url":null,"twitter_image_custom_url":null,"twitter_image_custom_fields":null,"twitter_title":null,"twitter_description":null,"schema":{"blockGraphs":[],"customGraphs":[],"default":{"data":{"Article":[],"Course":[],"Dataset":[],"FAQPage":[],"Movie":[],"Person":[],"Product":[],"ProductReview":[],"Car":[],"Recipe":[],"Service":[],"SoftwareApplication":[],"WebPage":[]},"graphName":"","isEnabled":true},"graphs":[]},"schema_type":"default","schema_type_options":null,"pillar_content":false,"robots_default":true,"robots_noindex":false,"robots_noarchive":false,"robots_nosnippet":false,"robots_nofollow":false,"robots_noimageindex":false,"robots_noodp":false,"robots_notranslate":false,"robots_max_snippet":null,"robots_max_videopreview":null,"robots_max_imagepreview":"large","priority":null,"frequency":null,"local_seo":null,"breadcrumb_settings":null,"limit_modified_date":false,"ai":null,"created":"2025-08-16 21:07:19","updated":"2025-08-16 21:07:19","focus_keyword":null,"additional_keywords":null,"truseo_locale":null,"seo_analyzer_scan_date":null},"aioseo_breadcrumb":"<div class=\"aioseo-breadcrumbs\"><span class=\"aioseo-breadcrumb\">\n\t\t\t<a href=\"https:\/\/anoticiaonline.com.br\/site\" title=\"Home\">Home<\/a>\n\t\t<\/span><span class=\"aioseo-breadcrumb-separator\">&raquo;<\/span><span class=\"aioseo-breadcrumb\">\n\t\t\t<a href=\"https:\/\/anoticiaonline.com.br\/site\/categoria\/muriae\/\" title=\"Blog\">Blog<\/a>\n\t\t<\/span><span class=\"aioseo-breadcrumb-separator\">&raquo;<\/span><span class=\"aioseo-breadcrumb\">\n\t\t\tProfessores da Rede Estadual de Ensino fazem manifesta\u00e7\u00e3o em Muria\u00e9\n\t\t<\/span><\/div>","aioseo_breadcrumb_json":[{"label":"Home","link":"https:\/\/anoticiaonline.com.br\/site"},{"label":"Blog","link":"https:\/\/anoticiaonline.com.br\/site\/categoria\/muriae\/"},{"label":"Professores da Rede Estadual de Ensino fazem manifesta\u00e7\u00e3o em Muria\u00e9","link":"https:\/\/anoticiaonline.com.br\/site\/professores-da-rede-estadual-de-ensino-fazem-manifestacao-em-muriae\/"}],"views":136,"_links":{"self":[{"href":"https:\/\/anoticiaonline.com.br\/site\/wp-json\/wp\/v2\/posts\/57439","targetHints":{"allow":["GET"]}}],"collection":[{"href":"https:\/\/anoticiaonline.com.br\/site\/wp-json\/wp\/v2\/posts"}],"about":[{"href":"https:\/\/anoticiaonline.com.br\/site\/wp-json\/wp\/v2\/types\/post"}],"author":[{"embeddable":true,"href":"https:\/\/anoticiaonline.com.br\/site\/wp-json\/wp\/v2\/users\/2"}],"replies":[{"embeddable":true,"href":"https:\/\/anoticiaonline.com.br\/site\/wp-json\/wp\/v2\/comments?post=57439"}],"version-history":[{"count":0,"href":"https:\/\/anoticiaonline.com.br\/site\/wp-json\/wp\/v2\/posts\/57439\/revisions"}],"wp:featuredmedia":[{"embeddable":true,"href":"https:\/\/anoticiaonline.com.br\/site\/wp-json\/wp\/v2\/media\/57440"}],"wp:attachment":[{"href":"https:\/\/anoticiaonline.com.br\/site\/wp-json\/wp\/v2\/media?parent=57439"}],"wp:term":[{"taxonomy":"category","embeddable":true,"href":"https:\/\/anoticiaonline.com.br\/site\/wp-json\/wp\/v2\/categories?post=57439"},{"taxonomy":"post_tag","embeddable":true,"href":"https:\/\/anoticiaonline.com.br\/site\/wp-json\/wp\/v2\/tags?post=57439"}],"curies":[{"name":"wp","href":"https:\/\/api.w.org\/{rel}","templated":true}]}}