{"id":57415,"date":"2018-06-21T17:44:45","date_gmt":"2018-06-21T20:44:45","guid":{"rendered":"http:\/\/anoticiaonline.com.br\/site\/?p=57415"},"modified":"2018-06-21T17:44:45","modified_gmt":"2018-06-21T20:44:45","slug":"arraias-levam-diversao-para-cras-de-muriae","status":"publish","type":"post","link":"https:\/\/anoticiaonline.com.br\/site\/arraias-levam-diversao-para-cras-de-muriae\/","title":{"rendered":"\u201cArrai\u00e1s\u201d levam divers\u00e3o para CRAS de Muria\u00e9"},"content":{"rendered":"<p>Alegria e divers\u00e3o prometem marcar os \u201carrai\u00e1s\u201d dos Centros de Refer\u00eancia de Assist\u00eancia Social (CRAS) de Muria\u00e9. A primeira festa come\u00e7ou na tarde de ter\u00e7a-feira (19), no CRAS Santa Terezinha, com o objetivo de manter as tradi\u00e7\u00f5es juninas e fortalecer v\u00ednculos de usu\u00e1rios dos servi\u00e7os sociais.<\/p>\n<p>A programa\u00e7\u00e3o inclui apresenta\u00e7\u00f5es art\u00edsticas e brincadeiras como pescaria. Tamb\u00e9m s\u00e3o servidas comidas e bebidas t\u00edpicas. \u201cEventos como estes promovem uni\u00e3o entre os usu\u00e1rios e suas fam\u00edlias. O legal dessa festa \u00e9 isso, fazer a jun\u00e7\u00e3o entre fam\u00edlia, crian\u00e7as, adolescentes e funcion\u00e1rios do CRAS\u201d, diz a moradora e produtora cultural do Santa Terezinha, Shirley Melo. \u201cO objetivo desta festa junina \u00e9 fortalecer o v\u00ednculo entre as fam\u00edlias atendidas e comunidade local, al\u00e9m de ser um momento de lazer e divers\u00e3o. \u00c9 tamb\u00e9m uma oportunidade de mostrarmos ao p\u00fablico o trabalho que desenvolvemos no dispositivo\u201d, afirma a coordenadora do CRAS Santa Terezinha, Cirlene Alamino.<\/p>\n<p><a href=\"https:\/\/anoticiaonline.com.br\/site\/wp-content\/uploads\/2018\/06\/\u201cArrai\u00e1s\u201d-levam-divers\u00e3o-para-CRAS-de-Muria\u00e9-2.jpg\"><img fetchpriority=\"high\" decoding=\"async\" class=\"alignnone size-full wp-image-57417\" src=\"https:\/\/anoticiaonline.com.br\/site\/wp-content\/uploads\/2018\/06\/\u201cArrai\u00e1s\u201d-levam-divers\u00e3o-para-CRAS-de-Muria\u00e9-2.jpg\" alt=\"\" width=\"640\" height=\"427\" srcset=\"https:\/\/anoticiaonline.com.br\/site\/wp-content\/uploads\/2018\/06\/\u201cArrai\u00e1s\u201d-levam-divers\u00e3o-para-CRAS-de-Muria\u00e9-2.jpg 640w, https:\/\/anoticiaonline.com.br\/site\/wp-content\/uploads\/2018\/06\/\u201cArrai\u00e1s\u201d-levam-divers\u00e3o-para-CRAS-de-Muria\u00e9-2-300x200.jpg 300w\" sizes=\"(max-width: 640px) 100vw, 640px\" \/><\/a><\/p>\n<p>At\u00e9 o dia 24 de julho, outros CRAS e institui\u00e7\u00f5es que est\u00e3o inseridos na pol\u00edtica socioassistencial receber\u00e3o as festas, como a Casa Lar, o Centro de Conviv\u00eancia para Idosos e o projeto AABB Comunidade. \u201cAtividades como esta s\u00e3o importantes para valorizar as manifesta\u00e7\u00f5es culturais da comunidade, visto que esses locais s\u00e3o muito ricos em cultura. Al\u00e9m disso, esses eventos promovem divers\u00e3o e a integra\u00e7\u00e3o das fam\u00edlias, principalmente das crian\u00e7as e adolescentes que participam dos servi\u00e7os\u201d, diz a assessora t\u00e9cnica da Secretaria Municipal de Desenvolvimento Social, Giselle Braga.<\/p>\n<p><a href=\"https:\/\/anoticiaonline.com.br\/site\/wp-content\/uploads\/2018\/06\/\u201cArrai\u00e1s\u201d-levam-divers\u00e3o-para-CRAS-de-Muria\u00e9.jpg\"><img decoding=\"async\" class=\"alignnone size-full wp-image-57416\" src=\"https:\/\/anoticiaonline.com.br\/site\/wp-content\/uploads\/2018\/06\/\u201cArrai\u00e1s\u201d-levam-divers\u00e3o-para-CRAS-de-Muria\u00e9.jpg\" alt=\"\" width=\"640\" height=\"427\" srcset=\"https:\/\/anoticiaonline.com.br\/site\/wp-content\/uploads\/2018\/06\/\u201cArrai\u00e1s\u201d-levam-divers\u00e3o-para-CRAS-de-Muria\u00e9.jpg 640w, https:\/\/anoticiaonline.com.br\/site\/wp-content\/uploads\/2018\/06\/\u201cArrai\u00e1s\u201d-levam-divers\u00e3o-para-CRAS-de-Muria\u00e9-300x200.jpg 300w\" sizes=\"(max-width: 640px) 100vw, 640px\" \/><\/a><\/p>\n<p>Cr\u00e9ditos: ASCOM PMM<\/p>\n","protected":false},"excerpt":{"rendered":"<p>Alegria e divers\u00e3o prometem marcar os \u201carrai\u00e1s\u201d dos Centros de Refer\u00eancia de Assist\u00eancia Social (CRAS) de Muria\u00e9. A primeira festa come\u00e7ou na tarde de ter\u00e7a-feira (19), no CRAS Santa Terezinha, com o objetivo de manter as tradi\u00e7\u00f5es juninas e fortalecer v\u00ednculos de usu\u00e1rios dos servi\u00e7os sociais. A programa\u00e7\u00e3o inclui apresenta\u00e7\u00f5es art\u00edsticas e brincadeiras como pescaria. &#8230; <a title=\"\u201cArrai\u00e1s\u201d levam divers\u00e3o para CRAS de Muria\u00e9\" class=\"read-more\" href=\"https:\/\/anoticiaonline.com.br\/site\/arraias-levam-diversao-para-cras-de-muriae\/\" aria-label=\"Read more about \u201cArrai\u00e1s\u201d levam divers\u00e3o para CRAS de Muria\u00e9\">Ler mais<\/a><\/p>\n","protected":false},"author":2,"featured_media":57417,"comment_status":"open","ping_status":"open","sticky":false,"template":"","format":"standard","meta":{"_acf_changed":false,"_monsterinsights_skip_tracking":false,"footnotes":""},"categories":[30],"tags":[2763,825,54,74],"class_list":["post-57415","post","type-post","status-publish","format-standard","has-post-thumbnail","hentry","category-muriae","tag-arraia","tag-cras","tag-festa-junina","tag-muriae"],"acf":[],"aioseo_notices":[],"aioseo_head":"\n\t\t<!-- All in One SEO 5.0.0.1 - aioseo.com -->\n\t<meta name=\"description\" content=\"Alegria e divers\u00e3o prometem marcar os \u201carrai\u00e1s\u201d dos Centros de Refer\u00eancia de Assist\u00eancia Social (CRAS) de Muria\u00e9. A primeira festa come\u00e7ou na tarde de ter\u00e7a-feira (19), no CRAS Santa Terezinha, com o objetivo de manter as tradi\u00e7\u00f5es juninas e fortalecer v\u00ednculos de usu\u00e1rios dos servi\u00e7os sociais. A programa\u00e7\u00e3o inclui apresenta\u00e7\u00f5es art\u00edsticas e brincadeiras como pescaria.\" \/>\n\t<meta name=\"robots\" content=\"max-image-preview:large\" \/>\n\t<meta name=\"author\" content=\"Juliana Laviola\"\/>\n\t<link rel=\"canonical\" href=\"https:\/\/anoticiaonline.com.br\/site\/arraias-levam-diversao-para-cras-de-muriae\/\" \/>\n\t<meta name=\"generator\" content=\"All in One SEO (AIOSEO) 5.0.0.1\" \/>\n\t\t<meta property=\"og:locale\" content=\"pt_BR\" \/>\n\t\t<meta property=\"og:site_name\" content=\"A Not\u00edcia Online - Noticias de Muria\u00e9 e regi\u00e3o\" \/>\n\t\t<meta property=\"og:type\" content=\"article\" \/>\n\t\t<meta property=\"og:title\" content=\"\u201cArrai\u00e1s\u201d levam divers\u00e3o para CRAS de Muria\u00e9 - A Not\u00edcia Online\" \/>\n\t\t<meta property=\"og:description\" content=\"Alegria e divers\u00e3o prometem marcar os \u201carrai\u00e1s\u201d dos Centros de Refer\u00eancia de Assist\u00eancia Social (CRAS) de Muria\u00e9. A primeira festa come\u00e7ou na tarde de ter\u00e7a-feira (19), no CRAS Santa Terezinha, com o objetivo de manter as tradi\u00e7\u00f5es juninas e fortalecer v\u00ednculos de usu\u00e1rios dos servi\u00e7os sociais. A programa\u00e7\u00e3o inclui apresenta\u00e7\u00f5es art\u00edsticas e brincadeiras como pescaria.\" \/>\n\t\t<meta property=\"og:url\" content=\"https:\/\/anoticiaonline.com.br\/site\/arraias-levam-diversao-para-cras-de-muriae\/\" \/>\n\t\t<meta property=\"og:image\" content=\"https:\/\/scontent-gig4-1.xx.fbcdn.net\/v\/t39.30808-1\/270437624_4564083193639691_6907940295614233970_n.jpg?stp=dst-jpg_s200x200_tt6&#038;_nc_cat=111&#038;ccb=1-7&#038;_nc_sid=f907e8&#038;_nc_ohc=SM1wRlP3lJwQ7kNvwEPuBYA&#038;_nc_oc=AdnqrjDN_BNjSSHWO-GbkIWH6fkGMLw4bqvL_NH6e2wMveX7G-rP2dAqsDSq1mJMOaY&#038;_nc_zt=24&#038;_nc_ht=scontent-gig4-1.xx&#038;_nc_gid=AoBFJeGrT1hVaew_6rchkQ&#038;oh=00_AfX7QmFGhQhG2jAllVgXCiM1ZrWgvtp80-Bfppyexh1QEg&#038;oe=689E923C\" \/>\n\t\t<meta property=\"og:image:secure_url\" content=\"https:\/\/scontent-gig4-1.xx.fbcdn.net\/v\/t39.30808-1\/270437624_4564083193639691_6907940295614233970_n.jpg?stp=dst-jpg_s200x200_tt6&#038;_nc_cat=111&#038;ccb=1-7&#038;_nc_sid=f907e8&#038;_nc_ohc=SM1wRlP3lJwQ7kNvwEPuBYA&#038;_nc_oc=AdnqrjDN_BNjSSHWO-GbkIWH6fkGMLw4bqvL_NH6e2wMveX7G-rP2dAqsDSq1mJMOaY&#038;_nc_zt=24&#038;_nc_ht=scontent-gig4-1.xx&#038;_nc_gid=AoBFJeGrT1hVaew_6rchkQ&#038;oh=00_AfX7QmFGhQhG2jAllVgXCiM1ZrWgvtp80-Bfppyexh1QEg&#038;oe=689E923C\" \/>\n\t\t<meta property=\"article:published_time\" content=\"2018-06-21T20:44:45+00:00\" \/>\n\t\t<meta property=\"article:modified_time\" content=\"2018-06-21T20:44:45+00:00\" \/>\n\t\t<meta name=\"twitter:card\" content=\"summary_large_image\" \/>\n\t\t<meta name=\"twitter:title\" content=\"\u201cArrai\u00e1s\u201d levam divers\u00e3o para CRAS de Muria\u00e9 - A Not\u00edcia Online\" \/>\n\t\t<meta name=\"twitter:description\" content=\"Alegria e divers\u00e3o prometem marcar os \u201carrai\u00e1s\u201d dos Centros de Refer\u00eancia de Assist\u00eancia Social (CRAS) de Muria\u00e9. A primeira festa come\u00e7ou na tarde de ter\u00e7a-feira (19), no CRAS Santa Terezinha, com o objetivo de manter as tradi\u00e7\u00f5es juninas e fortalecer v\u00ednculos de usu\u00e1rios dos servi\u00e7os sociais. A programa\u00e7\u00e3o inclui apresenta\u00e7\u00f5es art\u00edsticas e brincadeiras como pescaria.\" \/>\n\t\t<meta name=\"twitter:image\" content=\"https:\/\/scontent-gig4-1.xx.fbcdn.net\/v\/t39.30808-1\/270437624_4564083193639691_6907940295614233970_n.jpg?stp=dst-jpg_s200x200_tt6&amp;_nc_cat=111&amp;ccb=1-7&amp;_nc_sid=f907e8&amp;_nc_ohc=SM1wRlP3lJwQ7kNvwEPuBYA&amp;_nc_oc=AdnqrjDN_BNjSSHWO-GbkIWH6fkGMLw4bqvL_NH6e2wMveX7G-rP2dAqsDSq1mJMOaY&amp;_nc_zt=24&amp;_nc_ht=scontent-gig4-1.xx&amp;_nc_gid=AoBFJeGrT1hVaew_6rchkQ&amp;oh=00_AfX7QmFGhQhG2jAllVgXCiM1ZrWgvtp80-Bfppyexh1QEg&amp;oe=689E923C\" \/>\n\t\t<script type=\"application\/ld+json\" class=\"aioseo-schema\">\n\t\t\t{\"@context\":\"https:\\\/\\\/schema.org\",\"@graph\":[{\"@type\":\"BlogPosting\",\"@id\":\"https:\\\/\\\/anoticiaonline.com.br\\\/site\\\/arraias-levam-diversao-para-cras-de-muriae\\\/#blogposting\",\"name\":\"\\u201cArrai\\u00e1s\\u201d levam divers\\u00e3o para CRAS de Muria\\u00e9 - A Not\\u00edcia Online\",\"headline\":\"\\u201cArrai\\u00e1s\\u201d levam divers\\u00e3o para CRAS de Muria\\u00e9\",\"author\":{\"@id\":\"https:\\\/\\\/anoticiaonline.com.br\\\/site\\\/author\\\/juliana\\\/#author\"},\"publisher\":{\"@id\":\"https:\\\/\\\/anoticiaonline.com.br\\\/site\\\/#organization\"},\"image\":{\"@type\":\"ImageObject\",\"url\":\"https:\\\/\\\/anoticiaonline.com.br\\\/site\\\/wp-content\\\/uploads\\\/2018\\\/06\\\/\\u201cArrai\\u00e1s\\u201d-levam-divers\\u00e3o-para-CRAS-de-Muria\\u00e9-2.jpg\",\"width\":640,\"height\":427},\"datePublished\":\"2018-06-21T17:44:45-03:00\",\"dateModified\":\"2018-06-21T17:44:45-03:00\",\"inLanguage\":\"pt-BR\",\"mainEntityOfPage\":{\"@id\":\"https:\\\/\\\/anoticiaonline.com.br\\\/site\\\/arraias-levam-diversao-para-cras-de-muriae\\\/#webpage\"},\"isPartOf\":{\"@id\":\"https:\\\/\\\/anoticiaonline.com.br\\\/site\\\/arraias-levam-diversao-para-cras-de-muriae\\\/#webpage\"},\"articleSection\":\"Blog, arrai\\u00e1, CRAS, Festa Junina, Muria\\u00e9\"},{\"@type\":\"BreadcrumbList\",\"@id\":\"https:\\\/\\\/anoticiaonline.com.br\\\/site\\\/arraias-levam-diversao-para-cras-de-muriae\\\/#breadcrumblist\",\"itemListElement\":[{\"@type\":\"ListItem\",\"@id\":\"https:\\\/\\\/anoticiaonline.com.br\\\/site#listItem\",\"position\":1,\"name\":\"Home\",\"item\":\"https:\\\/\\\/anoticiaonline.com.br\\\/site\",\"nextItem\":{\"@type\":\"ListItem\",\"@id\":\"https:\\\/\\\/anoticiaonline.com.br\\\/site\\\/categoria\\\/muriae\\\/#listItem\",\"name\":\"Blog\"}},{\"@type\":\"ListItem\",\"@id\":\"https:\\\/\\\/anoticiaonline.com.br\\\/site\\\/categoria\\\/muriae\\\/#listItem\",\"position\":2,\"name\":\"Blog\",\"item\":\"https:\\\/\\\/anoticiaonline.com.br\\\/site\\\/categoria\\\/muriae\\\/\",\"nextItem\":{\"@type\":\"ListItem\",\"@id\":\"https:\\\/\\\/anoticiaonline.com.br\\\/site\\\/arraias-levam-diversao-para-cras-de-muriae\\\/#listItem\",\"name\":\"\\u201cArrai\\u00e1s\\u201d levam divers\\u00e3o para CRAS de Muria\\u00e9\"},\"previousItem\":{\"@type\":\"ListItem\",\"@id\":\"https:\\\/\\\/anoticiaonline.com.br\\\/site#listItem\",\"name\":\"Home\"}},{\"@type\":\"ListItem\",\"@id\":\"https:\\\/\\\/anoticiaonline.com.br\\\/site\\\/arraias-levam-diversao-para-cras-de-muriae\\\/#listItem\",\"position\":3,\"name\":\"\\u201cArrai\\u00e1s\\u201d levam divers\\u00e3o para CRAS de Muria\\u00e9\",\"previousItem\":{\"@type\":\"ListItem\",\"@id\":\"https:\\\/\\\/anoticiaonline.com.br\\\/site\\\/categoria\\\/muriae\\\/#listItem\",\"name\":\"Blog\"}}]},{\"@type\":\"Organization\",\"@id\":\"https:\\\/\\\/anoticiaonline.com.br\\\/site\\\/#organization\",\"name\":\"A Not\\u00edcia Online\",\"description\":\"Noticias de Muria\\u00e9 e regi\\u00e3o\",\"url\":\"https:\\\/\\\/anoticiaonline.com.br\\\/site\\\/\",\"logo\":{\"@type\":\"ImageObject\",\"url\":\"https:\\\/\\\/scontent-gig4-1.xx.fbcdn.net\\\/v\\\/t39.30808-1\\\/270437624_4564083193639691_6907940295614233970_n.jpg?stp=dst-jpg_s200x200_tt6&_nc_cat=111&ccb=1-7&_nc_sid=f907e8&_nc_ohc=SM1wRlP3lJwQ7kNvwEPuBYA&_nc_oc=AdnqrjDN_BNjSSHWO-GbkIWH6fkGMLw4bqvL_NH6e2wMveX7G-rP2dAqsDSq1mJMOaY&_nc_zt=24&_nc_ht=scontent-gig4-1.xx&_nc_gid=AoBFJeGrT1hVaew_6rchkQ&oh=00_AfX7QmFGhQhG2jAllVgXCiM1ZrWgvtp80-Bfppyexh1QEg&oe=689E923C\",\"@id\":\"https:\\\/\\\/anoticiaonline.com.br\\\/site\\\/arraias-levam-diversao-para-cras-de-muriae\\\/#organizationLogo\"},\"image\":{\"@id\":\"https:\\\/\\\/anoticiaonline.com.br\\\/site\\\/arraias-levam-diversao-para-cras-de-muriae\\\/#organizationLogo\"}},{\"@type\":\"Person\",\"@id\":\"https:\\\/\\\/anoticiaonline.com.br\\\/site\\\/author\\\/juliana\\\/#author\",\"url\":\"https:\\\/\\\/anoticiaonline.com.br\\\/site\\\/author\\\/juliana\\\/\",\"name\":\"Juliana Laviola\",\"image\":{\"@type\":\"ImageObject\",\"@id\":\"https:\\\/\\\/anoticiaonline.com.br\\\/site\\\/arraias-levam-diversao-para-cras-de-muriae\\\/#authorImage\",\"url\":\"https:\\\/\\\/secure.gravatar.com\\\/avatar\\\/b8d45f5c699b100dfaf0e543582f38f38bf94cb7ae3a5e9abf8d891a34773335?s=96&d=mm&r=g\",\"width\":96,\"height\":96,\"caption\":\"Juliana Laviola\"}},{\"@type\":\"WebPage\",\"@id\":\"https:\\\/\\\/anoticiaonline.com.br\\\/site\\\/arraias-levam-diversao-para-cras-de-muriae\\\/#webpage\",\"url\":\"https:\\\/\\\/anoticiaonline.com.br\\\/site\\\/arraias-levam-diversao-para-cras-de-muriae\\\/\",\"name\":\"\\u201cArrai\\u00e1s\\u201d levam divers\\u00e3o para CRAS de Muria\\u00e9 - A Not\\u00edcia Online\",\"description\":\"Alegria e divers\\u00e3o prometem marcar os \\u201carrai\\u00e1s\\u201d dos Centros de Refer\\u00eancia de Assist\\u00eancia Social (CRAS) de Muria\\u00e9. A primeira festa come\\u00e7ou na tarde de ter\\u00e7a-feira (19), no CRAS Santa Terezinha, com o objetivo de manter as tradi\\u00e7\\u00f5es juninas e fortalecer v\\u00ednculos de usu\\u00e1rios dos servi\\u00e7os sociais. A programa\\u00e7\\u00e3o inclui apresenta\\u00e7\\u00f5es art\\u00edsticas e brincadeiras como pescaria.\",\"inLanguage\":\"pt-BR\",\"isPartOf\":{\"@id\":\"https:\\\/\\\/anoticiaonline.com.br\\\/site\\\/#website\"},\"breadcrumb\":{\"@id\":\"https:\\\/\\\/anoticiaonline.com.br\\\/site\\\/arraias-levam-diversao-para-cras-de-muriae\\\/#breadcrumblist\"},\"author\":{\"@id\":\"https:\\\/\\\/anoticiaonline.com.br\\\/site\\\/author\\\/juliana\\\/#author\"},\"creator\":{\"@id\":\"https:\\\/\\\/anoticiaonline.com.br\\\/site\\\/author\\\/juliana\\\/#author\"},\"image\":{\"@type\":\"ImageObject\",\"url\":\"https:\\\/\\\/anoticiaonline.com.br\\\/site\\\/wp-content\\\/uploads\\\/2018\\\/06\\\/\\u201cArrai\\u00e1s\\u201d-levam-divers\\u00e3o-para-CRAS-de-Muria\\u00e9-2.jpg\",\"@id\":\"https:\\\/\\\/anoticiaonline.com.br\\\/site\\\/arraias-levam-diversao-para-cras-de-muriae\\\/#mainImage\",\"width\":640,\"height\":427},\"primaryImageOfPage\":{\"@id\":\"https:\\\/\\\/anoticiaonline.com.br\\\/site\\\/arraias-levam-diversao-para-cras-de-muriae\\\/#mainImage\"},\"datePublished\":\"2018-06-21T17:44:45-03:00\",\"dateModified\":\"2018-06-21T17:44:45-03:00\"},{\"@type\":\"WebSite\",\"@id\":\"https:\\\/\\\/anoticiaonline.com.br\\\/site\\\/#website\",\"url\":\"https:\\\/\\\/anoticiaonline.com.br\\\/site\\\/\",\"name\":\"A Not\\u00edcia Online\",\"description\":\"Noticias de Muria\\u00e9 e regi\\u00e3o\",\"inLanguage\":\"pt-BR\",\"publisher\":{\"@id\":\"https:\\\/\\\/anoticiaonline.com.br\\\/site\\\/#organization\"}}]}\n\t\t<\/script>\n\t\t<!-- All in One SEO -->\n\n","aioseo_head_json":{"title":"\u201cArrai\u00e1s\u201d levam divers\u00e3o para CRAS de Muria\u00e9 - A Not\u00edcia Online","description":"Alegria e divers\u00e3o prometem marcar os \u201carrai\u00e1s\u201d dos Centros de Refer\u00eancia de Assist\u00eancia Social (CRAS) de Muria\u00e9. A primeira festa come\u00e7ou na tarde de ter\u00e7a-feira (19), no CRAS Santa Terezinha, com o objetivo de manter as tradi\u00e7\u00f5es juninas e fortalecer v\u00ednculos de usu\u00e1rios dos servi\u00e7os sociais. A programa\u00e7\u00e3o inclui apresenta\u00e7\u00f5es art\u00edsticas e brincadeiras como pescaria.","canonical_url":"https:\/\/anoticiaonline.com.br\/site\/arraias-levam-diversao-para-cras-de-muriae\/","robots":"max-image-preview:large","keywords":"","webmasterTools":{"miscellaneous":""},"schema":{"@context":"https:\/\/schema.org","@graph":[{"@type":"BlogPosting","@id":"https:\/\/anoticiaonline.com.br\/site\/arraias-levam-diversao-para-cras-de-muriae\/#blogposting","name":"\u201cArrai\u00e1s\u201d levam divers\u00e3o para CRAS de Muria\u00e9 - A Not\u00edcia Online","headline":"\u201cArrai\u00e1s\u201d levam divers\u00e3o para CRAS de Muria\u00e9","author":{"@id":"https:\/\/anoticiaonline.com.br\/site\/author\/juliana\/#author"},"publisher":{"@id":"https:\/\/anoticiaonline.com.br\/site\/#organization"},"image":{"@type":"ImageObject","url":"https:\/\/anoticiaonline.com.br\/site\/wp-content\/uploads\/2018\/06\/\u201cArrai\u00e1s\u201d-levam-divers\u00e3o-para-CRAS-de-Muria\u00e9-2.jpg","width":640,"height":427},"datePublished":"2018-06-21T17:44:45-03:00","dateModified":"2018-06-21T17:44:45-03:00","inLanguage":"pt-BR","mainEntityOfPage":{"@id":"https:\/\/anoticiaonline.com.br\/site\/arraias-levam-diversao-para-cras-de-muriae\/#webpage"},"isPartOf":{"@id":"https:\/\/anoticiaonline.com.br\/site\/arraias-levam-diversao-para-cras-de-muriae\/#webpage"},"articleSection":"Blog, arrai\u00e1, CRAS, Festa Junina, Muria\u00e9"},{"@type":"BreadcrumbList","@id":"https:\/\/anoticiaonline.com.br\/site\/arraias-levam-diversao-para-cras-de-muriae\/#breadcrumblist","itemListElement":[{"@type":"ListItem","@id":"https:\/\/anoticiaonline.com.br\/site#listItem","position":1,"name":"Home","item":"https:\/\/anoticiaonline.com.br\/site","nextItem":{"@type":"ListItem","@id":"https:\/\/anoticiaonline.com.br\/site\/categoria\/muriae\/#listItem","name":"Blog"}},{"@type":"ListItem","@id":"https:\/\/anoticiaonline.com.br\/site\/categoria\/muriae\/#listItem","position":2,"name":"Blog","item":"https:\/\/anoticiaonline.com.br\/site\/categoria\/muriae\/","nextItem":{"@type":"ListItem","@id":"https:\/\/anoticiaonline.com.br\/site\/arraias-levam-diversao-para-cras-de-muriae\/#listItem","name":"\u201cArrai\u00e1s\u201d levam divers\u00e3o para CRAS de Muria\u00e9"},"previousItem":{"@type":"ListItem","@id":"https:\/\/anoticiaonline.com.br\/site#listItem","name":"Home"}},{"@type":"ListItem","@id":"https:\/\/anoticiaonline.com.br\/site\/arraias-levam-diversao-para-cras-de-muriae\/#listItem","position":3,"name":"\u201cArrai\u00e1s\u201d levam divers\u00e3o para CRAS de Muria\u00e9","previousItem":{"@type":"ListItem","@id":"https:\/\/anoticiaonline.com.br\/site\/categoria\/muriae\/#listItem","name":"Blog"}}]},{"@type":"Organization","@id":"https:\/\/anoticiaonline.com.br\/site\/#organization","name":"A Not\u00edcia Online","description":"Noticias de Muria\u00e9 e regi\u00e3o","url":"https:\/\/anoticiaonline.com.br\/site\/","logo":{"@type":"ImageObject","url":"https:\/\/scontent-gig4-1.xx.fbcdn.net\/v\/t39.30808-1\/270437624_4564083193639691_6907940295614233970_n.jpg?stp=dst-jpg_s200x200_tt6&_nc_cat=111&ccb=1-7&_nc_sid=f907e8&_nc_ohc=SM1wRlP3lJwQ7kNvwEPuBYA&_nc_oc=AdnqrjDN_BNjSSHWO-GbkIWH6fkGMLw4bqvL_NH6e2wMveX7G-rP2dAqsDSq1mJMOaY&_nc_zt=24&_nc_ht=scontent-gig4-1.xx&_nc_gid=AoBFJeGrT1hVaew_6rchkQ&oh=00_AfX7QmFGhQhG2jAllVgXCiM1ZrWgvtp80-Bfppyexh1QEg&oe=689E923C","@id":"https:\/\/anoticiaonline.com.br\/site\/arraias-levam-diversao-para-cras-de-muriae\/#organizationLogo"},"image":{"@id":"https:\/\/anoticiaonline.com.br\/site\/arraias-levam-diversao-para-cras-de-muriae\/#organizationLogo"}},{"@type":"Person","@id":"https:\/\/anoticiaonline.com.br\/site\/author\/juliana\/#author","url":"https:\/\/anoticiaonline.com.br\/site\/author\/juliana\/","name":"Juliana Laviola","image":{"@type":"ImageObject","@id":"https:\/\/anoticiaonline.com.br\/site\/arraias-levam-diversao-para-cras-de-muriae\/#authorImage","url":"https:\/\/secure.gravatar.com\/avatar\/b8d45f5c699b100dfaf0e543582f38f38bf94cb7ae3a5e9abf8d891a34773335?s=96&d=mm&r=g","width":96,"height":96,"caption":"Juliana Laviola"}},{"@type":"WebPage","@id":"https:\/\/anoticiaonline.com.br\/site\/arraias-levam-diversao-para-cras-de-muriae\/#webpage","url":"https:\/\/anoticiaonline.com.br\/site\/arraias-levam-diversao-para-cras-de-muriae\/","name":"\u201cArrai\u00e1s\u201d levam divers\u00e3o para CRAS de Muria\u00e9 - A Not\u00edcia Online","description":"Alegria e divers\u00e3o prometem marcar os \u201carrai\u00e1s\u201d dos Centros de Refer\u00eancia de Assist\u00eancia Social (CRAS) de Muria\u00e9. A primeira festa come\u00e7ou na tarde de ter\u00e7a-feira (19), no CRAS Santa Terezinha, com o objetivo de manter as tradi\u00e7\u00f5es juninas e fortalecer v\u00ednculos de usu\u00e1rios dos servi\u00e7os sociais. A programa\u00e7\u00e3o inclui apresenta\u00e7\u00f5es art\u00edsticas e brincadeiras como pescaria.","inLanguage":"pt-BR","isPartOf":{"@id":"https:\/\/anoticiaonline.com.br\/site\/#website"},"breadcrumb":{"@id":"https:\/\/anoticiaonline.com.br\/site\/arraias-levam-diversao-para-cras-de-muriae\/#breadcrumblist"},"author":{"@id":"https:\/\/anoticiaonline.com.br\/site\/author\/juliana\/#author"},"creator":{"@id":"https:\/\/anoticiaonline.com.br\/site\/author\/juliana\/#author"},"image":{"@type":"ImageObject","url":"https:\/\/anoticiaonline.com.br\/site\/wp-content\/uploads\/2018\/06\/\u201cArrai\u00e1s\u201d-levam-divers\u00e3o-para-CRAS-de-Muria\u00e9-2.jpg","@id":"https:\/\/anoticiaonline.com.br\/site\/arraias-levam-diversao-para-cras-de-muriae\/#mainImage","width":640,"height":427},"primaryImageOfPage":{"@id":"https:\/\/anoticiaonline.com.br\/site\/arraias-levam-diversao-para-cras-de-muriae\/#mainImage"},"datePublished":"2018-06-21T17:44:45-03:00","dateModified":"2018-06-21T17:44:45-03:00"},{"@type":"WebSite","@id":"https:\/\/anoticiaonline.com.br\/site\/#website","url":"https:\/\/anoticiaonline.com.br\/site\/","name":"A Not\u00edcia Online","description":"Noticias de Muria\u00e9 e regi\u00e3o","inLanguage":"pt-BR","publisher":{"@id":"https:\/\/anoticiaonline.com.br\/site\/#organization"}}]},"og:locale":"pt_BR","og:site_name":"A Not\u00edcia Online - Noticias de Muria\u00e9 e regi\u00e3o","og:type":"article","og:title":"\u201cArrai\u00e1s\u201d levam divers\u00e3o para CRAS de Muria\u00e9 - A Not\u00edcia Online","og:description":"Alegria e divers\u00e3o prometem marcar os \u201carrai\u00e1s\u201d dos Centros de Refer\u00eancia de Assist\u00eancia Social (CRAS) de Muria\u00e9. A primeira festa come\u00e7ou na tarde de ter\u00e7a-feira (19), no CRAS Santa Terezinha, com o objetivo de manter as tradi\u00e7\u00f5es juninas e fortalecer v\u00ednculos de usu\u00e1rios dos servi\u00e7os sociais. A programa\u00e7\u00e3o inclui apresenta\u00e7\u00f5es art\u00edsticas e brincadeiras como pescaria.","og:url":"https:\/\/anoticiaonline.com.br\/site\/arraias-levam-diversao-para-cras-de-muriae\/","og:image":"https:\/\/scontent-gig4-1.xx.fbcdn.net\/v\/t39.30808-1\/270437624_4564083193639691_6907940295614233970_n.jpg?stp=dst-jpg_s200x200_tt6&#038;_nc_cat=111&#038;ccb=1-7&#038;_nc_sid=f907e8&#038;_nc_ohc=SM1wRlP3lJwQ7kNvwEPuBYA&#038;_nc_oc=AdnqrjDN_BNjSSHWO-GbkIWH6fkGMLw4bqvL_NH6e2wMveX7G-rP2dAqsDSq1mJMOaY&#038;_nc_zt=24&#038;_nc_ht=scontent-gig4-1.xx&#038;_nc_gid=AoBFJeGrT1hVaew_6rchkQ&#038;oh=00_AfX7QmFGhQhG2jAllVgXCiM1ZrWgvtp80-Bfppyexh1QEg&#038;oe=689E923C","og:image:secure_url":"https:\/\/scontent-gig4-1.xx.fbcdn.net\/v\/t39.30808-1\/270437624_4564083193639691_6907940295614233970_n.jpg?stp=dst-jpg_s200x200_tt6&#038;_nc_cat=111&#038;ccb=1-7&#038;_nc_sid=f907e8&#038;_nc_ohc=SM1wRlP3lJwQ7kNvwEPuBYA&#038;_nc_oc=AdnqrjDN_BNjSSHWO-GbkIWH6fkGMLw4bqvL_NH6e2wMveX7G-rP2dAqsDSq1mJMOaY&#038;_nc_zt=24&#038;_nc_ht=scontent-gig4-1.xx&#038;_nc_gid=AoBFJeGrT1hVaew_6rchkQ&#038;oh=00_AfX7QmFGhQhG2jAllVgXCiM1ZrWgvtp80-Bfppyexh1QEg&#038;oe=689E923C","article:published_time":"2018-06-21T20:44:45+00:00","article:modified_time":"2018-06-21T20:44:45+00:00","twitter:card":"summary_large_image","twitter:title":"\u201cArrai\u00e1s\u201d levam divers\u00e3o para CRAS de Muria\u00e9 - A Not\u00edcia Online","twitter:description":"Alegria e divers\u00e3o prometem marcar os \u201carrai\u00e1s\u201d dos Centros de Refer\u00eancia de Assist\u00eancia Social (CRAS) de Muria\u00e9. A primeira festa come\u00e7ou na tarde de ter\u00e7a-feira (19), no CRAS Santa Terezinha, com o objetivo de manter as tradi\u00e7\u00f5es juninas e fortalecer v\u00ednculos de usu\u00e1rios dos servi\u00e7os sociais. A programa\u00e7\u00e3o inclui apresenta\u00e7\u00f5es art\u00edsticas e brincadeiras como pescaria.","twitter:image":"https:\/\/scontent-gig4-1.xx.fbcdn.net\/v\/t39.30808-1\/270437624_4564083193639691_6907940295614233970_n.jpg?stp=dst-jpg_s200x200_tt6&_nc_cat=111&ccb=1-7&_nc_sid=f907e8&_nc_ohc=SM1wRlP3lJwQ7kNvwEPuBYA&_nc_oc=AdnqrjDN_BNjSSHWO-GbkIWH6fkGMLw4bqvL_NH6e2wMveX7G-rP2dAqsDSq1mJMOaY&_nc_zt=24&_nc_ht=scontent-gig4-1.xx&_nc_gid=AoBFJeGrT1hVaew_6rchkQ&oh=00_AfX7QmFGhQhG2jAllVgXCiM1ZrWgvtp80-Bfppyexh1QEg&oe=689E923C"},"aioseo_meta_data":{"post_id":"57415","title":null,"description":null,"keywords":null,"keyphrases":null,"primary_term":null,"canonical_url":null,"og_title":null,"og_description":null,"og_object_type":"default","og_image_type":"default","og_image_url":null,"og_image_width":null,"og_image_height":null,"og_image_custom_url":null,"og_image_custom_fields":null,"og_video":null,"og_custom_url":null,"og_article_section":null,"og_article_tags":null,"twitter_use_og":false,"twitter_card":"default","twitter_image_type":"default","twitter_image_url":null,"twitter_image_custom_url":null,"twitter_image_custom_fields":null,"twitter_title":null,"twitter_description":null,"schema":{"blockGraphs":[],"customGraphs":[],"default":{"data":{"Article":[],"Course":[],"Dataset":[],"FAQPage":[],"Movie":[],"Person":[],"Product":[],"ProductReview":[],"Car":[],"Recipe":[],"Service":[],"SoftwareApplication":[],"WebPage":[]},"graphName":"","isEnabled":true},"graphs":[]},"schema_type":"default","schema_type_options":null,"pillar_content":false,"robots_default":true,"robots_noindex":false,"robots_noarchive":false,"robots_nosnippet":false,"robots_nofollow":false,"robots_noimageindex":false,"robots_noodp":false,"robots_notranslate":false,"robots_max_snippet":null,"robots_max_videopreview":null,"robots_max_imagepreview":"large","priority":null,"frequency":null,"local_seo":null,"breadcrumb_settings":null,"limit_modified_date":false,"ai":null,"created":"2025-08-16 21:06:23","updated":"2025-08-16 21:06:23","focus_keyword":null,"additional_keywords":null,"truseo_locale":null,"seo_analyzer_scan_date":null},"aioseo_breadcrumb":"<div class=\"aioseo-breadcrumbs\"><span class=\"aioseo-breadcrumb\">\n\t\t\t<a href=\"https:\/\/anoticiaonline.com.br\/site\" title=\"Home\">Home<\/a>\n\t\t<\/span><span class=\"aioseo-breadcrumb-separator\">&raquo;<\/span><span class=\"aioseo-breadcrumb\">\n\t\t\t<a href=\"https:\/\/anoticiaonline.com.br\/site\/categoria\/muriae\/\" title=\"Blog\">Blog<\/a>\n\t\t<\/span><span class=\"aioseo-breadcrumb-separator\">&raquo;<\/span><span class=\"aioseo-breadcrumb\">\n\t\t\t\u201cArrai\u00e1s\u201d levam divers\u00e3o para CRAS de Muria\u00e9\n\t\t<\/span><\/div>","aioseo_breadcrumb_json":[{"label":"Home","link":"https:\/\/anoticiaonline.com.br\/site"},{"label":"Blog","link":"https:\/\/anoticiaonline.com.br\/site\/categoria\/muriae\/"},{"label":"\u201cArrai\u00e1s\u201d levam divers\u00e3o para CRAS de Muria\u00e9","link":"https:\/\/anoticiaonline.com.br\/site\/arraias-levam-diversao-para-cras-de-muriae\/"}],"views":118,"_links":{"self":[{"href":"https:\/\/anoticiaonline.com.br\/site\/wp-json\/wp\/v2\/posts\/57415","targetHints":{"allow":["GET"]}}],"collection":[{"href":"https:\/\/anoticiaonline.com.br\/site\/wp-json\/wp\/v2\/posts"}],"about":[{"href":"https:\/\/anoticiaonline.com.br\/site\/wp-json\/wp\/v2\/types\/post"}],"author":[{"embeddable":true,"href":"https:\/\/anoticiaonline.com.br\/site\/wp-json\/wp\/v2\/users\/2"}],"replies":[{"embeddable":true,"href":"https:\/\/anoticiaonline.com.br\/site\/wp-json\/wp\/v2\/comments?post=57415"}],"version-history":[{"count":0,"href":"https:\/\/anoticiaonline.com.br\/site\/wp-json\/wp\/v2\/posts\/57415\/revisions"}],"wp:featuredmedia":[{"embeddable":true,"href":"https:\/\/anoticiaonline.com.br\/site\/wp-json\/wp\/v2\/media\/57417"}],"wp:attachment":[{"href":"https:\/\/anoticiaonline.com.br\/site\/wp-json\/wp\/v2\/media?parent=57415"}],"wp:term":[{"taxonomy":"category","embeddable":true,"href":"https:\/\/anoticiaonline.com.br\/site\/wp-json\/wp\/v2\/categories?post=57415"},{"taxonomy":"post_tag","embeddable":true,"href":"https:\/\/anoticiaonline.com.br\/site\/wp-json\/wp\/v2\/tags?post=57415"}],"curies":[{"name":"wp","href":"https:\/\/api.w.org\/{rel}","templated":true}]}}