{"id":57378,"date":"2018-06-21T16:55:52","date_gmt":"2018-06-21T19:55:52","guid":{"rendered":"http:\/\/anoticiaonline.com.br\/site\/?p=57378"},"modified":"2018-06-21T16:55:52","modified_gmt":"2018-06-21T19:55:52","slug":"jorge-ribeiro-fala-sobre-a-nova-diretoria-do-sindicato-dos-empregados-em-estabelecimentos-bancarios-de-muriae-e-regiao","status":"publish","type":"post","link":"https:\/\/anoticiaonline.com.br\/site\/jorge-ribeiro-fala-sobre-a-nova-diretoria-do-sindicato-dos-empregados-em-estabelecimentos-bancarios-de-muriae-e-regiao\/","title":{"rendered":"Jorge Ribeiro fala sobre a nova diretoria do Sindicato dos Empregados em Estabelecimentos Banc\u00e1rios de Muria\u00e9 e Regi\u00e3o"},"content":{"rendered":"<p><a href=\"https:\/\/anoticiaonline.com.br\/site\/wp-content\/uploads\/2018\/06\/DSC_0766-1.jpg\"><img fetchpriority=\"high\" decoding=\"async\" class=\"aligncenter size-full wp-image-57379\" src=\"https:\/\/anoticiaonline.com.br\/site\/wp-content\/uploads\/2018\/06\/DSC_0766-1.jpg\" alt=\"\" width=\"640\" height=\"427\" srcset=\"https:\/\/anoticiaonline.com.br\/site\/wp-content\/uploads\/2018\/06\/DSC_0766-1.jpg 640w, https:\/\/anoticiaonline.com.br\/site\/wp-content\/uploads\/2018\/06\/DSC_0766-1-300x200.jpg 300w\" sizes=\"(max-width: 640px) 100vw, 640px\" \/><\/a>O diretor executivo do Sindicato dos Empregados em Estabelecimentos Banc\u00e1rios de Muria\u00e9 e Regi\u00e3o (SEEB), diretor efetivo da Federa\u00e7\u00e3o dos Empregados em Estabelecimentos Banc\u00e1rios de Minas Gerais, Goi\u00e1s, Tocantins e Distrito Federal (FEEB MG\/GO\/TO\/DF) e militante do movimento dos banc\u00e1rios h\u00e1 quase seis d\u00e9cadas, Jorge Ribeiro, falou sobre a nova diretoria do Sindicato, que tomou posse no \u00faltimo s\u00e1bado (16), durante cerim\u00f4nia solene em Muria\u00e9.<\/p>\n<p>Eleita em mar\u00e7o deste ano, a nova diretoria da entidade ser\u00e1 presidida por Gilvan Gon\u00e7alves at\u00e9 junho de 2023. Em 1977, Jorge Ribeiro se tornou presidente do Sindicato, permanecendo at\u00e9 o ano de 1995, quando Adilson Rodrigues Pereira assumiu a presid\u00eancia at\u00e9 junho de 2018.<\/p>\n<p>Com 71 anos de exist\u00eancia, o Sindicato participou de encontros em todo o territ\u00f3rio nacional, alcan\u00e7ando diversos benef\u00edcios para a categoria como aux\u00edlios nas \u00e1reas de alimenta\u00e7\u00e3o, moradia, qualifica\u00e7\u00e3o, educa\u00e7\u00e3o e outros mais.<\/p>\n<p>\u201cO Sindicato dos Empregados em Estabelecimentos Banc\u00e1rios de Muria\u00e9 e Regi\u00e3o sempre lutou pelas concilia\u00e7\u00f5es entre patr\u00e3o e empregado e, nisso, o Sindicato vem, persistentemente, tentando realizar este trabalho que beneficia n\u00e3o s\u00f3 os banc\u00e1rios, mas toda a sociedade, conquistando distribui\u00e7\u00e3o de renda, melhorias na sa\u00fade e na educa\u00e7\u00e3o. Gostaria de desejar muito sucesso ao Gilvan nesta nova administra\u00e7\u00e3o, pois ele possui total compet\u00eancia para estar neste cargo. Que ele saiba que pode sempre contar com o apoio dos diretores\u201d, conta.<\/p>\n<p>Em nome da entidade e da categoria, Jorge Ribeiro cumprimenta e agradece o companheiro Adilson Rodrigues Pereira pela sua grandiosa, eficiente, determinada e corajosa administra\u00e7\u00e3o nestes 23 anos como presidente do Sindicato dos Empregados em Estabelecimentos Banc\u00e1rios de Muria\u00e9 e Regi\u00e3o, transferindo todas as vit\u00f3rias conquistadas em benef\u00edcio \u00e0 categoria. \u201cSomos muito gratos e felizes por nosso Sindicato estar entre os melhores do Pa\u00eds\u201d, finaliza.<\/p>\n<p><a href=\"https:\/\/anoticiaonline.com.br\/site\/wp-content\/uploads\/2018\/06\/DSC_0793-1.jpg\"><img decoding=\"async\" class=\"aligncenter size-full wp-image-57380\" src=\"https:\/\/anoticiaonline.com.br\/site\/wp-content\/uploads\/2018\/06\/DSC_0793-1.jpg\" alt=\"\" width=\"640\" height=\"427\" srcset=\"https:\/\/anoticiaonline.com.br\/site\/wp-content\/uploads\/2018\/06\/DSC_0793-1.jpg 640w, https:\/\/anoticiaonline.com.br\/site\/wp-content\/uploads\/2018\/06\/DSC_0793-1-300x200.jpg 300w\" sizes=\"(max-width: 640px) 100vw, 640px\" \/><\/a> <a href=\"https:\/\/anoticiaonline.com.br\/site\/wp-content\/uploads\/2018\/06\/DSC_0934-1.jpg\"><img decoding=\"async\" class=\"aligncenter size-full wp-image-57381\" src=\"https:\/\/anoticiaonline.com.br\/site\/wp-content\/uploads\/2018\/06\/DSC_0934-1.jpg\" alt=\"\" width=\"640\" height=\"426\" srcset=\"https:\/\/anoticiaonline.com.br\/site\/wp-content\/uploads\/2018\/06\/DSC_0934-1.jpg 640w, https:\/\/anoticiaonline.com.br\/site\/wp-content\/uploads\/2018\/06\/DSC_0934-1-300x200.jpg 300w\" sizes=\"(max-width: 640px) 100vw, 640px\" \/><\/a> <a href=\"https:\/\/anoticiaonline.com.br\/site\/wp-content\/uploads\/2018\/06\/DSC_0977-2.jpg\"><img loading=\"lazy\" decoding=\"async\" class=\"aligncenter size-full wp-image-57382\" src=\"https:\/\/anoticiaonline.com.br\/site\/wp-content\/uploads\/2018\/06\/DSC_0977-2.jpg\" alt=\"\" width=\"640\" height=\"426\" srcset=\"https:\/\/anoticiaonline.com.br\/site\/wp-content\/uploads\/2018\/06\/DSC_0977-2.jpg 640w, https:\/\/anoticiaonline.com.br\/site\/wp-content\/uploads\/2018\/06\/DSC_0977-2-300x200.jpg 300w\" sizes=\"(max-width: 640px) 100vw, 640px\" \/><\/a><\/p>\n","protected":false},"excerpt":{"rendered":"<p>O diretor executivo do Sindicato dos Empregados em Estabelecimentos Banc\u00e1rios de Muria\u00e9 e Regi\u00e3o (SEEB), diretor efetivo da Federa\u00e7\u00e3o dos Empregados em Estabelecimentos Banc\u00e1rios de Minas Gerais, Goi\u00e1s, Tocantins e Distrito Federal (FEEB MG\/GO\/TO\/DF) e militante do movimento dos banc\u00e1rios h\u00e1 quase seis d\u00e9cadas, Jorge Ribeiro, falou sobre a nova diretoria do Sindicato, que tomou &#8230; <a title=\"Jorge Ribeiro fala sobre a nova diretoria do Sindicato dos Empregados em Estabelecimentos Banc\u00e1rios de Muria\u00e9 e Regi\u00e3o\" class=\"read-more\" href=\"https:\/\/anoticiaonline.com.br\/site\/jorge-ribeiro-fala-sobre-a-nova-diretoria-do-sindicato-dos-empregados-em-estabelecimentos-bancarios-de-muriae-e-regiao\/\" aria-label=\"Read more about Jorge Ribeiro fala sobre a nova diretoria do Sindicato dos Empregados em Estabelecimentos Banc\u00e1rios de Muria\u00e9 e Regi\u00e3o\">Ler mais<\/a><\/p>\n","protected":false},"author":7,"featured_media":57379,"comment_status":"open","ping_status":"open","sticky":false,"template":"","format":"standard","meta":{"_acf_changed":false,"_monsterinsights_skip_tracking":false,"footnotes":""},"categories":[30,24],"tags":[],"class_list":["post-57378","post","type-post","status-publish","format-standard","has-post-thumbnail","hentry","category-muriae","category-eventos"],"acf":[],"aioseo_notices":[],"aioseo_head":"\n\t\t<!-- All in One SEO 5.0.0.1 - aioseo.com -->\n\t<meta name=\"description\" content=\"O diretor executivo do Sindicato dos Empregados em Estabelecimentos Banc\u00e1rios de Muria\u00e9 e Regi\u00e3o (SEEB), diretor efetivo da Federa\u00e7\u00e3o dos Empregados em Estabelecimentos Banc\u00e1rios de Minas Gerais, Goi\u00e1s, Tocantins e Distrito Federal (FEEB MG\/GO\/TO\/DF) e militante do movimento dos banc\u00e1rios h\u00e1 quase seis d\u00e9cadas, Jorge Ribeiro, falou sobre a nova diretoria do Sindicato, que tomou\" \/>\n\t<meta name=\"robots\" content=\"max-image-preview:large\" \/>\n\t<meta name=\"author\" content=\"Leandro Bebiano\"\/>\n\t<link rel=\"canonical\" href=\"https:\/\/anoticiaonline.com.br\/site\/jorge-ribeiro-fala-sobre-a-nova-diretoria-do-sindicato-dos-empregados-em-estabelecimentos-bancarios-de-muriae-e-regiao\/\" \/>\n\t<meta name=\"generator\" content=\"All in One SEO (AIOSEO) 5.0.0.1\" \/>\n\t\t<meta property=\"og:locale\" content=\"pt_BR\" \/>\n\t\t<meta property=\"og:site_name\" content=\"A Not\u00edcia Online - Noticias de Muria\u00e9 e regi\u00e3o\" \/>\n\t\t<meta property=\"og:type\" content=\"article\" \/>\n\t\t<meta property=\"og:title\" content=\"Jorge Ribeiro fala sobre a nova diretoria do Sindicato dos Empregados em Estabelecimentos Banc\u00e1rios de Muria\u00e9 e Regi\u00e3o - A Not\u00edcia Online\" \/>\n\t\t<meta property=\"og:description\" content=\"O diretor executivo do Sindicato dos Empregados em Estabelecimentos Banc\u00e1rios de Muria\u00e9 e Regi\u00e3o (SEEB), diretor efetivo da Federa\u00e7\u00e3o dos Empregados em Estabelecimentos Banc\u00e1rios de Minas Gerais, Goi\u00e1s, Tocantins e Distrito Federal (FEEB MG\/GO\/TO\/DF) e militante do movimento dos banc\u00e1rios h\u00e1 quase seis d\u00e9cadas, Jorge Ribeiro, falou sobre a nova diretoria do Sindicato, que tomou\" \/>\n\t\t<meta property=\"og:url\" content=\"https:\/\/anoticiaonline.com.br\/site\/jorge-ribeiro-fala-sobre-a-nova-diretoria-do-sindicato-dos-empregados-em-estabelecimentos-bancarios-de-muriae-e-regiao\/\" \/>\n\t\t<meta property=\"og:image\" content=\"https:\/\/scontent-gig4-1.xx.fbcdn.net\/v\/t39.30808-1\/270437624_4564083193639691_6907940295614233970_n.jpg?stp=dst-jpg_s200x200_tt6&#038;_nc_cat=111&#038;ccb=1-7&#038;_nc_sid=f907e8&#038;_nc_ohc=SM1wRlP3lJwQ7kNvwEPuBYA&#038;_nc_oc=AdnqrjDN_BNjSSHWO-GbkIWH6fkGMLw4bqvL_NH6e2wMveX7G-rP2dAqsDSq1mJMOaY&#038;_nc_zt=24&#038;_nc_ht=scontent-gig4-1.xx&#038;_nc_gid=AoBFJeGrT1hVaew_6rchkQ&#038;oh=00_AfX7QmFGhQhG2jAllVgXCiM1ZrWgvtp80-Bfppyexh1QEg&#038;oe=689E923C\" \/>\n\t\t<meta property=\"og:image:secure_url\" content=\"https:\/\/scontent-gig4-1.xx.fbcdn.net\/v\/t39.30808-1\/270437624_4564083193639691_6907940295614233970_n.jpg?stp=dst-jpg_s200x200_tt6&#038;_nc_cat=111&#038;ccb=1-7&#038;_nc_sid=f907e8&#038;_nc_ohc=SM1wRlP3lJwQ7kNvwEPuBYA&#038;_nc_oc=AdnqrjDN_BNjSSHWO-GbkIWH6fkGMLw4bqvL_NH6e2wMveX7G-rP2dAqsDSq1mJMOaY&#038;_nc_zt=24&#038;_nc_ht=scontent-gig4-1.xx&#038;_nc_gid=AoBFJeGrT1hVaew_6rchkQ&#038;oh=00_AfX7QmFGhQhG2jAllVgXCiM1ZrWgvtp80-Bfppyexh1QEg&#038;oe=689E923C\" \/>\n\t\t<meta property=\"article:published_time\" content=\"2018-06-21T19:55:52+00:00\" \/>\n\t\t<meta property=\"article:modified_time\" content=\"2018-06-21T19:55:52+00:00\" \/>\n\t\t<meta name=\"twitter:card\" content=\"summary_large_image\" \/>\n\t\t<meta name=\"twitter:title\" content=\"Jorge Ribeiro fala sobre a nova diretoria do Sindicato dos Empregados em Estabelecimentos Banc\u00e1rios de Muria\u00e9 e Regi\u00e3o - A Not\u00edcia Online\" \/>\n\t\t<meta name=\"twitter:description\" content=\"O diretor executivo do Sindicato dos Empregados em Estabelecimentos Banc\u00e1rios de Muria\u00e9 e Regi\u00e3o (SEEB), diretor efetivo da Federa\u00e7\u00e3o dos Empregados em Estabelecimentos Banc\u00e1rios de Minas Gerais, Goi\u00e1s, Tocantins e Distrito Federal (FEEB MG\/GO\/TO\/DF) e militante do movimento dos banc\u00e1rios h\u00e1 quase seis d\u00e9cadas, Jorge Ribeiro, falou sobre a nova diretoria do Sindicato, que tomou\" \/>\n\t\t<meta name=\"twitter:image\" content=\"https:\/\/scontent-gig4-1.xx.fbcdn.net\/v\/t39.30808-1\/270437624_4564083193639691_6907940295614233970_n.jpg?stp=dst-jpg_s200x200_tt6&amp;_nc_cat=111&amp;ccb=1-7&amp;_nc_sid=f907e8&amp;_nc_ohc=SM1wRlP3lJwQ7kNvwEPuBYA&amp;_nc_oc=AdnqrjDN_BNjSSHWO-GbkIWH6fkGMLw4bqvL_NH6e2wMveX7G-rP2dAqsDSq1mJMOaY&amp;_nc_zt=24&amp;_nc_ht=scontent-gig4-1.xx&amp;_nc_gid=AoBFJeGrT1hVaew_6rchkQ&amp;oh=00_AfX7QmFGhQhG2jAllVgXCiM1ZrWgvtp80-Bfppyexh1QEg&amp;oe=689E923C\" \/>\n\t\t<script type=\"application\/ld+json\" class=\"aioseo-schema\">\n\t\t\t{\"@context\":\"https:\\\/\\\/schema.org\",\"@graph\":[{\"@type\":\"BlogPosting\",\"@id\":\"https:\\\/\\\/anoticiaonline.com.br\\\/site\\\/jorge-ribeiro-fala-sobre-a-nova-diretoria-do-sindicato-dos-empregados-em-estabelecimentos-bancarios-de-muriae-e-regiao\\\/#blogposting\",\"name\":\"Jorge Ribeiro fala sobre a nova diretoria do Sindicato dos Empregados em Estabelecimentos Banc\\u00e1rios de Muria\\u00e9 e Regi\\u00e3o - A Not\\u00edcia Online\",\"headline\":\"Jorge Ribeiro fala sobre a nova diretoria do Sindicato dos Empregados em Estabelecimentos Banc\\u00e1rios de Muria\\u00e9 e Regi\\u00e3o\",\"author\":{\"@id\":\"https:\\\/\\\/anoticiaonline.com.br\\\/site\\\/author\\\/leandro\\\/#author\"},\"publisher\":{\"@id\":\"https:\\\/\\\/anoticiaonline.com.br\\\/site\\\/#organization\"},\"image\":{\"@type\":\"ImageObject\",\"url\":\"https:\\\/\\\/anoticiaonline.com.br\\\/site\\\/wp-content\\\/uploads\\\/2018\\\/06\\\/DSC_0766-1.jpg\",\"width\":640,\"height\":427},\"datePublished\":\"2018-06-21T16:55:52-03:00\",\"dateModified\":\"2018-06-21T16:55:52-03:00\",\"inLanguage\":\"pt-BR\",\"mainEntityOfPage\":{\"@id\":\"https:\\\/\\\/anoticiaonline.com.br\\\/site\\\/jorge-ribeiro-fala-sobre-a-nova-diretoria-do-sindicato-dos-empregados-em-estabelecimentos-bancarios-de-muriae-e-regiao\\\/#webpage\"},\"isPartOf\":{\"@id\":\"https:\\\/\\\/anoticiaonline.com.br\\\/site\\\/jorge-ribeiro-fala-sobre-a-nova-diretoria-do-sindicato-dos-empregados-em-estabelecimentos-bancarios-de-muriae-e-regiao\\\/#webpage\"},\"articleSection\":\"Blog, Eventos\"},{\"@type\":\"BreadcrumbList\",\"@id\":\"https:\\\/\\\/anoticiaonline.com.br\\\/site\\\/jorge-ribeiro-fala-sobre-a-nova-diretoria-do-sindicato-dos-empregados-em-estabelecimentos-bancarios-de-muriae-e-regiao\\\/#breadcrumblist\",\"itemListElement\":[{\"@type\":\"ListItem\",\"@id\":\"https:\\\/\\\/anoticiaonline.com.br\\\/site#listItem\",\"position\":1,\"name\":\"Home\",\"item\":\"https:\\\/\\\/anoticiaonline.com.br\\\/site\",\"nextItem\":{\"@type\":\"ListItem\",\"@id\":\"https:\\\/\\\/anoticiaonline.com.br\\\/site\\\/categoria\\\/eventos\\\/#listItem\",\"name\":\"Eventos\"}},{\"@type\":\"ListItem\",\"@id\":\"https:\\\/\\\/anoticiaonline.com.br\\\/site\\\/categoria\\\/eventos\\\/#listItem\",\"position\":2,\"name\":\"Eventos\",\"item\":\"https:\\\/\\\/anoticiaonline.com.br\\\/site\\\/categoria\\\/eventos\\\/\",\"nextItem\":{\"@type\":\"ListItem\",\"@id\":\"https:\\\/\\\/anoticiaonline.com.br\\\/site\\\/jorge-ribeiro-fala-sobre-a-nova-diretoria-do-sindicato-dos-empregados-em-estabelecimentos-bancarios-de-muriae-e-regiao\\\/#listItem\",\"name\":\"Jorge Ribeiro fala sobre a nova diretoria do Sindicato dos Empregados em Estabelecimentos Banc\\u00e1rios de Muria\\u00e9 e Regi\\u00e3o\"},\"previousItem\":{\"@type\":\"ListItem\",\"@id\":\"https:\\\/\\\/anoticiaonline.com.br\\\/site#listItem\",\"name\":\"Home\"}},{\"@type\":\"ListItem\",\"@id\":\"https:\\\/\\\/anoticiaonline.com.br\\\/site\\\/jorge-ribeiro-fala-sobre-a-nova-diretoria-do-sindicato-dos-empregados-em-estabelecimentos-bancarios-de-muriae-e-regiao\\\/#listItem\",\"position\":3,\"name\":\"Jorge Ribeiro fala sobre a nova diretoria do Sindicato dos Empregados em Estabelecimentos Banc\\u00e1rios de Muria\\u00e9 e Regi\\u00e3o\",\"previousItem\":{\"@type\":\"ListItem\",\"@id\":\"https:\\\/\\\/anoticiaonline.com.br\\\/site\\\/categoria\\\/eventos\\\/#listItem\",\"name\":\"Eventos\"}}]},{\"@type\":\"Organization\",\"@id\":\"https:\\\/\\\/anoticiaonline.com.br\\\/site\\\/#organization\",\"name\":\"A Not\\u00edcia Online\",\"description\":\"Noticias de Muria\\u00e9 e regi\\u00e3o\",\"url\":\"https:\\\/\\\/anoticiaonline.com.br\\\/site\\\/\",\"logo\":{\"@type\":\"ImageObject\",\"url\":\"https:\\\/\\\/scontent-gig4-1.xx.fbcdn.net\\\/v\\\/t39.30808-1\\\/270437624_4564083193639691_6907940295614233970_n.jpg?stp=dst-jpg_s200x200_tt6&_nc_cat=111&ccb=1-7&_nc_sid=f907e8&_nc_ohc=SM1wRlP3lJwQ7kNvwEPuBYA&_nc_oc=AdnqrjDN_BNjSSHWO-GbkIWH6fkGMLw4bqvL_NH6e2wMveX7G-rP2dAqsDSq1mJMOaY&_nc_zt=24&_nc_ht=scontent-gig4-1.xx&_nc_gid=AoBFJeGrT1hVaew_6rchkQ&oh=00_AfX7QmFGhQhG2jAllVgXCiM1ZrWgvtp80-Bfppyexh1QEg&oe=689E923C\",\"@id\":\"https:\\\/\\\/anoticiaonline.com.br\\\/site\\\/jorge-ribeiro-fala-sobre-a-nova-diretoria-do-sindicato-dos-empregados-em-estabelecimentos-bancarios-de-muriae-e-regiao\\\/#organizationLogo\"},\"image\":{\"@id\":\"https:\\\/\\\/anoticiaonline.com.br\\\/site\\\/jorge-ribeiro-fala-sobre-a-nova-diretoria-do-sindicato-dos-empregados-em-estabelecimentos-bancarios-de-muriae-e-regiao\\\/#organizationLogo\"}},{\"@type\":\"Person\",\"@id\":\"https:\\\/\\\/anoticiaonline.com.br\\\/site\\\/author\\\/leandro\\\/#author\",\"url\":\"https:\\\/\\\/anoticiaonline.com.br\\\/site\\\/author\\\/leandro\\\/\",\"name\":\"Leandro Bebiano\",\"image\":{\"@type\":\"ImageObject\",\"@id\":\"https:\\\/\\\/anoticiaonline.com.br\\\/site\\\/jorge-ribeiro-fala-sobre-a-nova-diretoria-do-sindicato-dos-empregados-em-estabelecimentos-bancarios-de-muriae-e-regiao\\\/#authorImage\",\"url\":\"https:\\\/\\\/secure.gravatar.com\\\/avatar\\\/99966a20c143db97c8590c2013307c7c234a4cca48ed5657cbb47e22a400bd5f?s=96&d=mm&r=g\",\"width\":96,\"height\":96,\"caption\":\"Leandro Bebiano\"}},{\"@type\":\"WebPage\",\"@id\":\"https:\\\/\\\/anoticiaonline.com.br\\\/site\\\/jorge-ribeiro-fala-sobre-a-nova-diretoria-do-sindicato-dos-empregados-em-estabelecimentos-bancarios-de-muriae-e-regiao\\\/#webpage\",\"url\":\"https:\\\/\\\/anoticiaonline.com.br\\\/site\\\/jorge-ribeiro-fala-sobre-a-nova-diretoria-do-sindicato-dos-empregados-em-estabelecimentos-bancarios-de-muriae-e-regiao\\\/\",\"name\":\"Jorge Ribeiro fala sobre a nova diretoria do Sindicato dos Empregados em Estabelecimentos Banc\\u00e1rios de Muria\\u00e9 e Regi\\u00e3o - A Not\\u00edcia Online\",\"description\":\"O diretor executivo do Sindicato dos Empregados em Estabelecimentos Banc\\u00e1rios de Muria\\u00e9 e Regi\\u00e3o (SEEB), diretor efetivo da Federa\\u00e7\\u00e3o dos Empregados em Estabelecimentos Banc\\u00e1rios de Minas Gerais, Goi\\u00e1s, Tocantins e Distrito Federal (FEEB MG\\\/GO\\\/TO\\\/DF) e militante do movimento dos banc\\u00e1rios h\\u00e1 quase seis d\\u00e9cadas, Jorge Ribeiro, falou sobre a nova diretoria do Sindicato, que tomou\",\"inLanguage\":\"pt-BR\",\"isPartOf\":{\"@id\":\"https:\\\/\\\/anoticiaonline.com.br\\\/site\\\/#website\"},\"breadcrumb\":{\"@id\":\"https:\\\/\\\/anoticiaonline.com.br\\\/site\\\/jorge-ribeiro-fala-sobre-a-nova-diretoria-do-sindicato-dos-empregados-em-estabelecimentos-bancarios-de-muriae-e-regiao\\\/#breadcrumblist\"},\"author\":{\"@id\":\"https:\\\/\\\/anoticiaonline.com.br\\\/site\\\/author\\\/leandro\\\/#author\"},\"creator\":{\"@id\":\"https:\\\/\\\/anoticiaonline.com.br\\\/site\\\/author\\\/leandro\\\/#author\"},\"image\":{\"@type\":\"ImageObject\",\"url\":\"https:\\\/\\\/anoticiaonline.com.br\\\/site\\\/wp-content\\\/uploads\\\/2018\\\/06\\\/DSC_0766-1.jpg\",\"@id\":\"https:\\\/\\\/anoticiaonline.com.br\\\/site\\\/jorge-ribeiro-fala-sobre-a-nova-diretoria-do-sindicato-dos-empregados-em-estabelecimentos-bancarios-de-muriae-e-regiao\\\/#mainImage\",\"width\":640,\"height\":427},\"primaryImageOfPage\":{\"@id\":\"https:\\\/\\\/anoticiaonline.com.br\\\/site\\\/jorge-ribeiro-fala-sobre-a-nova-diretoria-do-sindicato-dos-empregados-em-estabelecimentos-bancarios-de-muriae-e-regiao\\\/#mainImage\"},\"datePublished\":\"2018-06-21T16:55:52-03:00\",\"dateModified\":\"2018-06-21T16:55:52-03:00\"},{\"@type\":\"WebSite\",\"@id\":\"https:\\\/\\\/anoticiaonline.com.br\\\/site\\\/#website\",\"url\":\"https:\\\/\\\/anoticiaonline.com.br\\\/site\\\/\",\"name\":\"A Not\\u00edcia Online\",\"description\":\"Noticias de Muria\\u00e9 e regi\\u00e3o\",\"inLanguage\":\"pt-BR\",\"publisher\":{\"@id\":\"https:\\\/\\\/anoticiaonline.com.br\\\/site\\\/#organization\"}}]}\n\t\t<\/script>\n\t\t<!-- All in One SEO -->\n\n","aioseo_head_json":{"title":"Jorge Ribeiro fala sobre a nova diretoria do Sindicato dos Empregados em Estabelecimentos Banc\u00e1rios de Muria\u00e9 e Regi\u00e3o - A Not\u00edcia Online","description":"O diretor executivo do Sindicato dos Empregados em Estabelecimentos Banc\u00e1rios de Muria\u00e9 e Regi\u00e3o (SEEB), diretor efetivo da Federa\u00e7\u00e3o dos Empregados em Estabelecimentos Banc\u00e1rios de Minas Gerais, Goi\u00e1s, Tocantins e Distrito Federal (FEEB MG\/GO\/TO\/DF) e militante do movimento dos banc\u00e1rios h\u00e1 quase seis d\u00e9cadas, Jorge Ribeiro, falou sobre a nova diretoria do Sindicato, que tomou","canonical_url":"https:\/\/anoticiaonline.com.br\/site\/jorge-ribeiro-fala-sobre-a-nova-diretoria-do-sindicato-dos-empregados-em-estabelecimentos-bancarios-de-muriae-e-regiao\/","robots":"max-image-preview:large","keywords":"","webmasterTools":{"miscellaneous":""},"schema":{"@context":"https:\/\/schema.org","@graph":[{"@type":"BlogPosting","@id":"https:\/\/anoticiaonline.com.br\/site\/jorge-ribeiro-fala-sobre-a-nova-diretoria-do-sindicato-dos-empregados-em-estabelecimentos-bancarios-de-muriae-e-regiao\/#blogposting","name":"Jorge Ribeiro fala sobre a nova diretoria do Sindicato dos Empregados em Estabelecimentos Banc\u00e1rios de Muria\u00e9 e Regi\u00e3o - A Not\u00edcia Online","headline":"Jorge Ribeiro fala sobre a nova diretoria do Sindicato dos Empregados em Estabelecimentos Banc\u00e1rios de Muria\u00e9 e Regi\u00e3o","author":{"@id":"https:\/\/anoticiaonline.com.br\/site\/author\/leandro\/#author"},"publisher":{"@id":"https:\/\/anoticiaonline.com.br\/site\/#organization"},"image":{"@type":"ImageObject","url":"https:\/\/anoticiaonline.com.br\/site\/wp-content\/uploads\/2018\/06\/DSC_0766-1.jpg","width":640,"height":427},"datePublished":"2018-06-21T16:55:52-03:00","dateModified":"2018-06-21T16:55:52-03:00","inLanguage":"pt-BR","mainEntityOfPage":{"@id":"https:\/\/anoticiaonline.com.br\/site\/jorge-ribeiro-fala-sobre-a-nova-diretoria-do-sindicato-dos-empregados-em-estabelecimentos-bancarios-de-muriae-e-regiao\/#webpage"},"isPartOf":{"@id":"https:\/\/anoticiaonline.com.br\/site\/jorge-ribeiro-fala-sobre-a-nova-diretoria-do-sindicato-dos-empregados-em-estabelecimentos-bancarios-de-muriae-e-regiao\/#webpage"},"articleSection":"Blog, Eventos"},{"@type":"BreadcrumbList","@id":"https:\/\/anoticiaonline.com.br\/site\/jorge-ribeiro-fala-sobre-a-nova-diretoria-do-sindicato-dos-empregados-em-estabelecimentos-bancarios-de-muriae-e-regiao\/#breadcrumblist","itemListElement":[{"@type":"ListItem","@id":"https:\/\/anoticiaonline.com.br\/site#listItem","position":1,"name":"Home","item":"https:\/\/anoticiaonline.com.br\/site","nextItem":{"@type":"ListItem","@id":"https:\/\/anoticiaonline.com.br\/site\/categoria\/eventos\/#listItem","name":"Eventos"}},{"@type":"ListItem","@id":"https:\/\/anoticiaonline.com.br\/site\/categoria\/eventos\/#listItem","position":2,"name":"Eventos","item":"https:\/\/anoticiaonline.com.br\/site\/categoria\/eventos\/","nextItem":{"@type":"ListItem","@id":"https:\/\/anoticiaonline.com.br\/site\/jorge-ribeiro-fala-sobre-a-nova-diretoria-do-sindicato-dos-empregados-em-estabelecimentos-bancarios-de-muriae-e-regiao\/#listItem","name":"Jorge Ribeiro fala sobre a nova diretoria do Sindicato dos Empregados em Estabelecimentos Banc\u00e1rios de Muria\u00e9 e Regi\u00e3o"},"previousItem":{"@type":"ListItem","@id":"https:\/\/anoticiaonline.com.br\/site#listItem","name":"Home"}},{"@type":"ListItem","@id":"https:\/\/anoticiaonline.com.br\/site\/jorge-ribeiro-fala-sobre-a-nova-diretoria-do-sindicato-dos-empregados-em-estabelecimentos-bancarios-de-muriae-e-regiao\/#listItem","position":3,"name":"Jorge Ribeiro fala sobre a nova diretoria do Sindicato dos Empregados em Estabelecimentos Banc\u00e1rios de Muria\u00e9 e Regi\u00e3o","previousItem":{"@type":"ListItem","@id":"https:\/\/anoticiaonline.com.br\/site\/categoria\/eventos\/#listItem","name":"Eventos"}}]},{"@type":"Organization","@id":"https:\/\/anoticiaonline.com.br\/site\/#organization","name":"A Not\u00edcia Online","description":"Noticias de Muria\u00e9 e regi\u00e3o","url":"https:\/\/anoticiaonline.com.br\/site\/","logo":{"@type":"ImageObject","url":"https:\/\/scontent-gig4-1.xx.fbcdn.net\/v\/t39.30808-1\/270437624_4564083193639691_6907940295614233970_n.jpg?stp=dst-jpg_s200x200_tt6&_nc_cat=111&ccb=1-7&_nc_sid=f907e8&_nc_ohc=SM1wRlP3lJwQ7kNvwEPuBYA&_nc_oc=AdnqrjDN_BNjSSHWO-GbkIWH6fkGMLw4bqvL_NH6e2wMveX7G-rP2dAqsDSq1mJMOaY&_nc_zt=24&_nc_ht=scontent-gig4-1.xx&_nc_gid=AoBFJeGrT1hVaew_6rchkQ&oh=00_AfX7QmFGhQhG2jAllVgXCiM1ZrWgvtp80-Bfppyexh1QEg&oe=689E923C","@id":"https:\/\/anoticiaonline.com.br\/site\/jorge-ribeiro-fala-sobre-a-nova-diretoria-do-sindicato-dos-empregados-em-estabelecimentos-bancarios-de-muriae-e-regiao\/#organizationLogo"},"image":{"@id":"https:\/\/anoticiaonline.com.br\/site\/jorge-ribeiro-fala-sobre-a-nova-diretoria-do-sindicato-dos-empregados-em-estabelecimentos-bancarios-de-muriae-e-regiao\/#organizationLogo"}},{"@type":"Person","@id":"https:\/\/anoticiaonline.com.br\/site\/author\/leandro\/#author","url":"https:\/\/anoticiaonline.com.br\/site\/author\/leandro\/","name":"Leandro Bebiano","image":{"@type":"ImageObject","@id":"https:\/\/anoticiaonline.com.br\/site\/jorge-ribeiro-fala-sobre-a-nova-diretoria-do-sindicato-dos-empregados-em-estabelecimentos-bancarios-de-muriae-e-regiao\/#authorImage","url":"https:\/\/secure.gravatar.com\/avatar\/99966a20c143db97c8590c2013307c7c234a4cca48ed5657cbb47e22a400bd5f?s=96&d=mm&r=g","width":96,"height":96,"caption":"Leandro Bebiano"}},{"@type":"WebPage","@id":"https:\/\/anoticiaonline.com.br\/site\/jorge-ribeiro-fala-sobre-a-nova-diretoria-do-sindicato-dos-empregados-em-estabelecimentos-bancarios-de-muriae-e-regiao\/#webpage","url":"https:\/\/anoticiaonline.com.br\/site\/jorge-ribeiro-fala-sobre-a-nova-diretoria-do-sindicato-dos-empregados-em-estabelecimentos-bancarios-de-muriae-e-regiao\/","name":"Jorge Ribeiro fala sobre a nova diretoria do Sindicato dos Empregados em Estabelecimentos Banc\u00e1rios de Muria\u00e9 e Regi\u00e3o - A Not\u00edcia Online","description":"O diretor executivo do Sindicato dos Empregados em Estabelecimentos Banc\u00e1rios de Muria\u00e9 e Regi\u00e3o (SEEB), diretor efetivo da Federa\u00e7\u00e3o dos Empregados em Estabelecimentos Banc\u00e1rios de Minas Gerais, Goi\u00e1s, Tocantins e Distrito Federal (FEEB MG\/GO\/TO\/DF) e militante do movimento dos banc\u00e1rios h\u00e1 quase seis d\u00e9cadas, Jorge Ribeiro, falou sobre a nova diretoria do Sindicato, que tomou","inLanguage":"pt-BR","isPartOf":{"@id":"https:\/\/anoticiaonline.com.br\/site\/#website"},"breadcrumb":{"@id":"https:\/\/anoticiaonline.com.br\/site\/jorge-ribeiro-fala-sobre-a-nova-diretoria-do-sindicato-dos-empregados-em-estabelecimentos-bancarios-de-muriae-e-regiao\/#breadcrumblist"},"author":{"@id":"https:\/\/anoticiaonline.com.br\/site\/author\/leandro\/#author"},"creator":{"@id":"https:\/\/anoticiaonline.com.br\/site\/author\/leandro\/#author"},"image":{"@type":"ImageObject","url":"https:\/\/anoticiaonline.com.br\/site\/wp-content\/uploads\/2018\/06\/DSC_0766-1.jpg","@id":"https:\/\/anoticiaonline.com.br\/site\/jorge-ribeiro-fala-sobre-a-nova-diretoria-do-sindicato-dos-empregados-em-estabelecimentos-bancarios-de-muriae-e-regiao\/#mainImage","width":640,"height":427},"primaryImageOfPage":{"@id":"https:\/\/anoticiaonline.com.br\/site\/jorge-ribeiro-fala-sobre-a-nova-diretoria-do-sindicato-dos-empregados-em-estabelecimentos-bancarios-de-muriae-e-regiao\/#mainImage"},"datePublished":"2018-06-21T16:55:52-03:00","dateModified":"2018-06-21T16:55:52-03:00"},{"@type":"WebSite","@id":"https:\/\/anoticiaonline.com.br\/site\/#website","url":"https:\/\/anoticiaonline.com.br\/site\/","name":"A Not\u00edcia Online","description":"Noticias de Muria\u00e9 e regi\u00e3o","inLanguage":"pt-BR","publisher":{"@id":"https:\/\/anoticiaonline.com.br\/site\/#organization"}}]},"og:locale":"pt_BR","og:site_name":"A Not\u00edcia Online - Noticias de Muria\u00e9 e regi\u00e3o","og:type":"article","og:title":"Jorge Ribeiro fala sobre a nova diretoria do Sindicato dos Empregados em Estabelecimentos Banc\u00e1rios de Muria\u00e9 e Regi\u00e3o - A Not\u00edcia Online","og:description":"O diretor executivo do Sindicato dos Empregados em Estabelecimentos Banc\u00e1rios de Muria\u00e9 e Regi\u00e3o (SEEB), diretor efetivo da Federa\u00e7\u00e3o dos Empregados em Estabelecimentos Banc\u00e1rios de Minas Gerais, Goi\u00e1s, Tocantins e Distrito Federal (FEEB MG\/GO\/TO\/DF) e militante do movimento dos banc\u00e1rios h\u00e1 quase seis d\u00e9cadas, Jorge Ribeiro, falou sobre a nova diretoria do Sindicato, que tomou","og:url":"https:\/\/anoticiaonline.com.br\/site\/jorge-ribeiro-fala-sobre-a-nova-diretoria-do-sindicato-dos-empregados-em-estabelecimentos-bancarios-de-muriae-e-regiao\/","og:image":"https:\/\/scontent-gig4-1.xx.fbcdn.net\/v\/t39.30808-1\/270437624_4564083193639691_6907940295614233970_n.jpg?stp=dst-jpg_s200x200_tt6&#038;_nc_cat=111&#038;ccb=1-7&#038;_nc_sid=f907e8&#038;_nc_ohc=SM1wRlP3lJwQ7kNvwEPuBYA&#038;_nc_oc=AdnqrjDN_BNjSSHWO-GbkIWH6fkGMLw4bqvL_NH6e2wMveX7G-rP2dAqsDSq1mJMOaY&#038;_nc_zt=24&#038;_nc_ht=scontent-gig4-1.xx&#038;_nc_gid=AoBFJeGrT1hVaew_6rchkQ&#038;oh=00_AfX7QmFGhQhG2jAllVgXCiM1ZrWgvtp80-Bfppyexh1QEg&#038;oe=689E923C","og:image:secure_url":"https:\/\/scontent-gig4-1.xx.fbcdn.net\/v\/t39.30808-1\/270437624_4564083193639691_6907940295614233970_n.jpg?stp=dst-jpg_s200x200_tt6&#038;_nc_cat=111&#038;ccb=1-7&#038;_nc_sid=f907e8&#038;_nc_ohc=SM1wRlP3lJwQ7kNvwEPuBYA&#038;_nc_oc=AdnqrjDN_BNjSSHWO-GbkIWH6fkGMLw4bqvL_NH6e2wMveX7G-rP2dAqsDSq1mJMOaY&#038;_nc_zt=24&#038;_nc_ht=scontent-gig4-1.xx&#038;_nc_gid=AoBFJeGrT1hVaew_6rchkQ&#038;oh=00_AfX7QmFGhQhG2jAllVgXCiM1ZrWgvtp80-Bfppyexh1QEg&#038;oe=689E923C","article:published_time":"2018-06-21T19:55:52+00:00","article:modified_time":"2018-06-21T19:55:52+00:00","twitter:card":"summary_large_image","twitter:title":"Jorge Ribeiro fala sobre a nova diretoria do Sindicato dos Empregados em Estabelecimentos Banc\u00e1rios de Muria\u00e9 e Regi\u00e3o - A Not\u00edcia Online","twitter:description":"O diretor executivo do Sindicato dos Empregados em Estabelecimentos Banc\u00e1rios de Muria\u00e9 e Regi\u00e3o (SEEB), diretor efetivo da Federa\u00e7\u00e3o dos Empregados em Estabelecimentos Banc\u00e1rios de Minas Gerais, Goi\u00e1s, Tocantins e Distrito Federal (FEEB MG\/GO\/TO\/DF) e militante do movimento dos banc\u00e1rios h\u00e1 quase seis d\u00e9cadas, Jorge Ribeiro, falou sobre a nova diretoria do Sindicato, que tomou","twitter:image":"https:\/\/scontent-gig4-1.xx.fbcdn.net\/v\/t39.30808-1\/270437624_4564083193639691_6907940295614233970_n.jpg?stp=dst-jpg_s200x200_tt6&_nc_cat=111&ccb=1-7&_nc_sid=f907e8&_nc_ohc=SM1wRlP3lJwQ7kNvwEPuBYA&_nc_oc=AdnqrjDN_BNjSSHWO-GbkIWH6fkGMLw4bqvL_NH6e2wMveX7G-rP2dAqsDSq1mJMOaY&_nc_zt=24&_nc_ht=scontent-gig4-1.xx&_nc_gid=AoBFJeGrT1hVaew_6rchkQ&oh=00_AfX7QmFGhQhG2jAllVgXCiM1ZrWgvtp80-Bfppyexh1QEg&oe=689E923C"},"aioseo_meta_data":{"post_id":"57378","title":null,"description":null,"keywords":null,"keyphrases":null,"primary_term":null,"canonical_url":null,"og_title":null,"og_description":null,"og_object_type":"default","og_image_type":"default","og_image_url":null,"og_image_width":null,"og_image_height":null,"og_image_custom_url":null,"og_image_custom_fields":null,"og_video":null,"og_custom_url":null,"og_article_section":null,"og_article_tags":null,"twitter_use_og":false,"twitter_card":"default","twitter_image_type":"default","twitter_image_url":null,"twitter_image_custom_url":null,"twitter_image_custom_fields":null,"twitter_title":null,"twitter_description":null,"schema":{"blockGraphs":[],"customGraphs":[],"default":{"data":{"Article":[],"Course":[],"Dataset":[],"FAQPage":[],"Movie":[],"Person":[],"Product":[],"ProductReview":[],"Car":[],"Recipe":[],"Service":[],"SoftwareApplication":[],"WebPage":[]},"graphName":"","isEnabled":true},"graphs":[]},"schema_type":"default","schema_type_options":null,"pillar_content":false,"robots_default":true,"robots_noindex":false,"robots_noarchive":false,"robots_nosnippet":false,"robots_nofollow":false,"robots_noimageindex":false,"robots_noodp":false,"robots_notranslate":false,"robots_max_snippet":null,"robots_max_videopreview":null,"robots_max_imagepreview":"large","priority":null,"frequency":null,"local_seo":null,"breadcrumb_settings":null,"limit_modified_date":false,"ai":null,"created":"2025-08-16 21:06:23","updated":"2025-08-16 21:06:23","focus_keyword":null,"additional_keywords":null,"truseo_locale":null,"seo_analyzer_scan_date":null},"aioseo_breadcrumb":"<div class=\"aioseo-breadcrumbs\"><span class=\"aioseo-breadcrumb\">\n\t\t\t<a href=\"https:\/\/anoticiaonline.com.br\/site\" title=\"Home\">Home<\/a>\n\t\t<\/span><span class=\"aioseo-breadcrumb-separator\">&raquo;<\/span><span class=\"aioseo-breadcrumb\">\n\t\t\t<a href=\"https:\/\/anoticiaonline.com.br\/site\/categoria\/eventos\/\" title=\"Eventos\">Eventos<\/a>\n\t\t<\/span><span class=\"aioseo-breadcrumb-separator\">&raquo;<\/span><span class=\"aioseo-breadcrumb\">\n\t\t\tJorge Ribeiro fala sobre a nova diretoria do Sindicato dos Empregados em Estabelecimentos Banc\u00e1rios de Muria\u00e9 e Regi\u00e3o\n\t\t<\/span><\/div>","aioseo_breadcrumb_json":[{"label":"Home","link":"https:\/\/anoticiaonline.com.br\/site"},{"label":"Eventos","link":"https:\/\/anoticiaonline.com.br\/site\/categoria\/eventos\/"},{"label":"Jorge Ribeiro fala sobre a nova diretoria do Sindicato dos Empregados em Estabelecimentos Banc\u00e1rios de Muria\u00e9 e Regi\u00e3o","link":"https:\/\/anoticiaonline.com.br\/site\/jorge-ribeiro-fala-sobre-a-nova-diretoria-do-sindicato-dos-empregados-em-estabelecimentos-bancarios-de-muriae-e-regiao\/"}],"views":166,"_links":{"self":[{"href":"https:\/\/anoticiaonline.com.br\/site\/wp-json\/wp\/v2\/posts\/57378","targetHints":{"allow":["GET"]}}],"collection":[{"href":"https:\/\/anoticiaonline.com.br\/site\/wp-json\/wp\/v2\/posts"}],"about":[{"href":"https:\/\/anoticiaonline.com.br\/site\/wp-json\/wp\/v2\/types\/post"}],"author":[{"embeddable":true,"href":"https:\/\/anoticiaonline.com.br\/site\/wp-json\/wp\/v2\/users\/7"}],"replies":[{"embeddable":true,"href":"https:\/\/anoticiaonline.com.br\/site\/wp-json\/wp\/v2\/comments?post=57378"}],"version-history":[{"count":0,"href":"https:\/\/anoticiaonline.com.br\/site\/wp-json\/wp\/v2\/posts\/57378\/revisions"}],"wp:featuredmedia":[{"embeddable":true,"href":"https:\/\/anoticiaonline.com.br\/site\/wp-json\/wp\/v2\/media\/57379"}],"wp:attachment":[{"href":"https:\/\/anoticiaonline.com.br\/site\/wp-json\/wp\/v2\/media?parent=57378"}],"wp:term":[{"taxonomy":"category","embeddable":true,"href":"https:\/\/anoticiaonline.com.br\/site\/wp-json\/wp\/v2\/categories?post=57378"},{"taxonomy":"post_tag","embeddable":true,"href":"https:\/\/anoticiaonline.com.br\/site\/wp-json\/wp\/v2\/tags?post=57378"}],"curies":[{"name":"wp","href":"https:\/\/api.w.org\/{rel}","templated":true}]}}