{"id":57311,"date":"2018-06-21T14:29:09","date_gmt":"2018-06-21T17:29:09","guid":{"rendered":"http:\/\/anoticiaonline.com.br\/site\/?p=57311"},"modified":"2018-06-21T14:29:09","modified_gmt":"2018-06-21T17:29:09","slug":"festa-de-ervalia-anima-regiao-com-shows-variados","status":"publish","type":"post","link":"https:\/\/anoticiaonline.com.br\/site\/festa-de-ervalia-anima-regiao-com-shows-variados\/","title":{"rendered":"Festa de Erv\u00e1lia anima regi\u00e3o com shows variados"},"content":{"rendered":"<p><a href=\"https:\/\/anoticiaonline.com.br\/site\/wp-content\/uploads\/2018\/06\/DSC_2031.jpg\"><img fetchpriority=\"high\" decoding=\"async\" class=\"aligncenter size-full wp-image-57312\" src=\"https:\/\/anoticiaonline.com.br\/site\/wp-content\/uploads\/2018\/06\/DSC_2031.jpg\" alt=\"\" width=\"640\" height=\"424\" srcset=\"https:\/\/anoticiaonline.com.br\/site\/wp-content\/uploads\/2018\/06\/DSC_2031.jpg 640w, https:\/\/anoticiaonline.com.br\/site\/wp-content\/uploads\/2018\/06\/DSC_2031-300x199.jpg 300w\" sizes=\"(max-width: 640px) 100vw, 640px\" \/><\/a>A Festa de Erv\u00e1lia, evento realizado no Parque Exposi\u00e7\u00f5es entre os dias 15 e 17 de junho, para comemorar os 79 anos de emancipa\u00e7\u00e3o, agitou a regi\u00e3o com shows variados, com uma das duplas sertanejas mais conhecidas do Brasil, C\u00e9sar Menotti &amp; Fabiano, que subiu ao palco no s\u00e1bado (16).<\/p>\n<p>A programa\u00e7\u00e3o incluiu tamb\u00e9m\u00a0a banda Lex Luthor, Trio Parada Dura, Raquel L\u00eddia, Honoratto Santiago, Matheus Luccato e outros.<\/p>\n<p>Em entrevista, o prefeito de Erv\u00e1lia, Elo\u00edsio Cunha, disse que esta festa foi planejada h\u00e1, aproximadamente, seis meses. \u201cTivemos que estabelecer metas no or\u00e7amento para realizar uma festa na qual o povo de Erv\u00e1lia, t\u00e3o merecedor, pudesse curtir com seus amigos e familiares da melhor maneira poss\u00edvel. Aproveito a oportunidade para agradecer a presen\u00e7a do prefeito de Belo Horizonte, Alexandre Kalil, dos deputados federais Marcelo Aro e Reginaldo Lopes, das assessorias do deputado federal Misael Varella e do suplente de senador, Lael Varella, do deputado estadual Durval \u00c2ngelo e outros companheiros que prestigiaram o evento\u201d, conta.<\/p>\n<p>Mauro Godinho, vice-prefeito de Erv\u00e1lia, disse que a festa foi feita especialmente para o povo da cidade, mas foi um grande prazer receber tantas pessoas de outros munic\u00edpios da regi\u00e3o. \u201cMesmo com o pa\u00eds atravessando uma crise financeira, estamos cumprindo nossas promessas de campanha e festejando com toda a popula\u00e7\u00e3o e demais visitantes. Agrade\u00e7o a todos que vieram nos prestigiar\u201d, conta.<\/p>\n<p><a href=\"https:\/\/anoticiaonline.com.br\/site\/wp-content\/uploads\/2018\/06\/IMG_E8631.jpg\"><img decoding=\"async\" class=\"aligncenter size-full wp-image-57313\" src=\"https:\/\/anoticiaonline.com.br\/site\/wp-content\/uploads\/2018\/06\/IMG_E8631.jpg\" alt=\"\" width=\"640\" height=\"354\" srcset=\"https:\/\/anoticiaonline.com.br\/site\/wp-content\/uploads\/2018\/06\/IMG_E8631.jpg 640w, https:\/\/anoticiaonline.com.br\/site\/wp-content\/uploads\/2018\/06\/IMG_E8631-300x166.jpg 300w\" sizes=\"(max-width: 640px) 100vw, 640px\" \/><\/a>O deputado estadual, Durval \u00c2ngelo, disse que esteve na Festa para representar o governador de Minas Gerais, Fernando Pimentel. \u201cVim trazer o abra\u00e7o do governador a todos da cidade e fazer o an\u00fancio de uma obra de cal\u00e7amento, avaliada em R$200 mil, e outra, avaliada em R$500 mil, que ser\u00e1 entregue nos pr\u00f3ximos dias. Esta foi uma demonstra\u00e7\u00e3o feita pelo governador para a cidade de Erv\u00e1lia em reconhecimento da boa administra\u00e7\u00e3o do Elo\u00edsio e do Mauro, que fazem a diferen\u00e7a\u201d, conta.<\/p>\n<p>O deputado federal, Reginaldo Lopes, desejou \u00e0 popula\u00e7\u00e3o de Erv\u00e1lia muita felicidade e muito sucesso. \u201cSabemos que todo o pa\u00eds passa por um dif\u00edcil momento econ\u00f4mico e pol\u00edtico, mas o povo brasileiro possui um dinamismo e tenho a convic\u00e7\u00e3o de que n\u00f3s iremos superar esta crise com muito trabalho e determina\u00e7\u00e3o. Na condi\u00e7\u00e3o de deputado federal, tenho trabalhado muito por Erv\u00e1lia, procurando sempre responder \u00e0s demandas da cidade, como a inaugura\u00e7\u00e3o da creche, resultado de uma emenda que quase R$ 1 milh\u00e3o, al\u00e9m da libera\u00e7\u00e3o de um caminh\u00e3o pipa, um cal\u00e7amento de R$300 mil e mais R$200 mil para o custeio da sa\u00fade. Agora, estamos planejando dois projetos importantes: dois portais para a entrada da cidade juntamente com a rodovi\u00e1ria, na qual estamos aguardando a inaugura\u00e7\u00e3o do terreno. Aproveito para cumprimentar Elo\u00edsio pelo trabalho competente e dedicado que ele vem desenvolvendo na cidade, em menos de dois anos de mandato\u201d, diz.<\/p>\n<p>Marcelo Aro, deputado federal, disse que ficou orgulhoso em ter recebido o convite para este momento t\u00e3o especial para a popula\u00e7\u00e3o de Erv\u00e1lia. \u201c\u00c9 um momento de festa, de comemora\u00e7\u00e3o e de presta\u00e7\u00e3o de contas do nosso trabalho, feito em Bras\u00edlia, ao povo da cidade. N\u00f3s destinamos diversos recursos, sobretudo para a \u00e1rea da sa\u00fade. Para o prefeito Elo\u00edsio e o vice-prefeito Mauro s\u00f3 tenho os melhores adjetivos poss\u00edveis. S\u00e3o pessoas extraordin\u00e1rias, com carisma e lideran\u00e7a \u00edmpar, que sabem fazer pol\u00edtica e administrar com lealdade. N\u00e3o \u00e9 a toa que hoje agregam aqui v\u00e1rios prefeitos da regi\u00e3o, da capital mineira e tantos deputados aqui presentes\u201d, conta.<\/p>\n<p>Alexandre Kalil, prefeito de Belo Horizonte, disse que ficou feliz em conhecer a cidade, apresentada pelo prefeito Elo\u00edsio. \u201cAproveitei a oportunidade para apresentar o meu candidato ao Senado, que \u00e9 o Carlos Vianna, no qual considero uma pessoa correta para representar nosso Estado. Gostaria de agradecer a gentileza e a generosidade deste povo acolhedor, caracter\u00edstica extremamente importante das pessoas do interior de Minas Gerais. Muito obrigado\u201d, conta.<\/p>\n<p>Carlos Vianna, jornalista da TV Record Minas e da R\u00e1dio Itatiaia, disse que foi uma alegria muito grande poder conhecer uma cidade da qual ele ouviu falar muito. \u201cErv\u00e1lia \u00e9 refer\u00eancia em toda a regi\u00e3o na quest\u00e3o do atendimento m\u00e9dico, do Parque de Exposi\u00e7\u00f5es, al\u00e9m de ter uma hist\u00f3ria impressionante nestes 79 anos. Fiquei muito feliz em ter sido convidado pessoalmente pelo prefeito e a cidade est\u00e1 de parab\u00e9ns, estou encantado. Estou percorrendo Minas Gerais, colocando o meu nome \u00e0 disposi\u00e7\u00e3o pelo Partido Humanista da Solidariedade (PHS) para o Senado e tenho sido muito bem recebido. Espero que, sendo eleito, possa colaborar com os munic\u00edpios atrav\u00e9s e um novo pacto, sem atraso nos recebimentos de recursos do governo estadual e federal\u201d, conta.<\/p>\n<p><a href=\"https:\/\/anoticiaonline.com.br\/site\/wp-content\/uploads\/2018\/06\/475e589d-9d2d-464d-9e73-f6ccfcac8e1f.jpg\"><img decoding=\"async\" class=\"aligncenter size-full wp-image-57314\" src=\"https:\/\/anoticiaonline.com.br\/site\/wp-content\/uploads\/2018\/06\/475e589d-9d2d-464d-9e73-f6ccfcac8e1f.jpg\" alt=\"\" width=\"640\" height=\"480\" srcset=\"https:\/\/anoticiaonline.com.br\/site\/wp-content\/uploads\/2018\/06\/475e589d-9d2d-464d-9e73-f6ccfcac8e1f.jpg 640w, https:\/\/anoticiaonline.com.br\/site\/wp-content\/uploads\/2018\/06\/475e589d-9d2d-464d-9e73-f6ccfcac8e1f-300x225.jpg 300w\" sizes=\"(max-width: 640px) 100vw, 640px\" \/><\/a> <a href=\"https:\/\/anoticiaonline.com.br\/site\/wp-content\/uploads\/2018\/06\/DSC_1917.jpg\"><img loading=\"lazy\" decoding=\"async\" class=\"aligncenter size-full wp-image-57315\" src=\"https:\/\/anoticiaonline.com.br\/site\/wp-content\/uploads\/2018\/06\/DSC_1917.jpg\" alt=\"\" width=\"640\" height=\"424\" srcset=\"https:\/\/anoticiaonline.com.br\/site\/wp-content\/uploads\/2018\/06\/DSC_1917.jpg 640w, https:\/\/anoticiaonline.com.br\/site\/wp-content\/uploads\/2018\/06\/DSC_1917-300x199.jpg 300w\" sizes=\"(max-width: 640px) 100vw, 640px\" \/><\/a> <a href=\"https:\/\/anoticiaonline.com.br\/site\/wp-content\/uploads\/2018\/06\/DSC_1920.jpg\"><img loading=\"lazy\" decoding=\"async\" class=\"aligncenter size-full wp-image-57316\" src=\"https:\/\/anoticiaonline.com.br\/site\/wp-content\/uploads\/2018\/06\/DSC_1920.jpg\" alt=\"\" width=\"640\" height=\"424\" srcset=\"https:\/\/anoticiaonline.com.br\/site\/wp-content\/uploads\/2018\/06\/DSC_1920.jpg 640w, https:\/\/anoticiaonline.com.br\/site\/wp-content\/uploads\/2018\/06\/DSC_1920-300x199.jpg 300w\" sizes=\"(max-width: 640px) 100vw, 640px\" \/><\/a> <a href=\"https:\/\/anoticiaonline.com.br\/site\/wp-content\/uploads\/2018\/06\/DSC_1922.jpg\"><img loading=\"lazy\" decoding=\"async\" class=\"aligncenter size-full wp-image-57317\" src=\"https:\/\/anoticiaonline.com.br\/site\/wp-content\/uploads\/2018\/06\/DSC_1922.jpg\" alt=\"\" width=\"640\" height=\"424\" srcset=\"https:\/\/anoticiaonline.com.br\/site\/wp-content\/uploads\/2018\/06\/DSC_1922.jpg 640w, https:\/\/anoticiaonline.com.br\/site\/wp-content\/uploads\/2018\/06\/DSC_1922-300x199.jpg 300w\" sizes=\"(max-width: 640px) 100vw, 640px\" \/><\/a> <a href=\"https:\/\/anoticiaonline.com.br\/site\/wp-content\/uploads\/2018\/06\/DSC_1929.jpg\"><img loading=\"lazy\" decoding=\"async\" class=\"aligncenter size-full wp-image-57318\" src=\"https:\/\/anoticiaonline.com.br\/site\/wp-content\/uploads\/2018\/06\/DSC_1929.jpg\" alt=\"\" width=\"640\" height=\"424\" srcset=\"https:\/\/anoticiaonline.com.br\/site\/wp-content\/uploads\/2018\/06\/DSC_1929.jpg 640w, https:\/\/anoticiaonline.com.br\/site\/wp-content\/uploads\/2018\/06\/DSC_1929-300x199.jpg 300w\" sizes=\"(max-width: 640px) 100vw, 640px\" \/><\/a> <a href=\"https:\/\/anoticiaonline.com.br\/site\/wp-content\/uploads\/2018\/06\/DSC_1933.jpg\"><img loading=\"lazy\" decoding=\"async\" class=\"aligncenter size-full wp-image-57319\" src=\"https:\/\/anoticiaonline.com.br\/site\/wp-content\/uploads\/2018\/06\/DSC_1933.jpg\" alt=\"\" width=\"640\" height=\"424\" srcset=\"https:\/\/anoticiaonline.com.br\/site\/wp-content\/uploads\/2018\/06\/DSC_1933.jpg 640w, https:\/\/anoticiaonline.com.br\/site\/wp-content\/uploads\/2018\/06\/DSC_1933-300x199.jpg 300w\" sizes=\"(max-width: 640px) 100vw, 640px\" \/><\/a> <a href=\"https:\/\/anoticiaonline.com.br\/site\/wp-content\/uploads\/2018\/06\/DSC_1947.jpg\"><img loading=\"lazy\" decoding=\"async\" class=\"aligncenter size-full wp-image-57320\" src=\"https:\/\/anoticiaonline.com.br\/site\/wp-content\/uploads\/2018\/06\/DSC_1947.jpg\" alt=\"\" width=\"640\" height=\"424\" srcset=\"https:\/\/anoticiaonline.com.br\/site\/wp-content\/uploads\/2018\/06\/DSC_1947.jpg 640w, https:\/\/anoticiaonline.com.br\/site\/wp-content\/uploads\/2018\/06\/DSC_1947-300x199.jpg 300w\" sizes=\"(max-width: 640px) 100vw, 640px\" \/><\/a> <a href=\"https:\/\/anoticiaonline.com.br\/site\/wp-content\/uploads\/2018\/06\/DSC_1954.jpg\"><img loading=\"lazy\" decoding=\"async\" class=\"aligncenter size-full wp-image-57321\" src=\"https:\/\/anoticiaonline.com.br\/site\/wp-content\/uploads\/2018\/06\/DSC_1954.jpg\" alt=\"\" width=\"640\" height=\"424\" srcset=\"https:\/\/anoticiaonline.com.br\/site\/wp-content\/uploads\/2018\/06\/DSC_1954.jpg 640w, https:\/\/anoticiaonline.com.br\/site\/wp-content\/uploads\/2018\/06\/DSC_1954-300x199.jpg 300w\" sizes=\"(max-width: 640px) 100vw, 640px\" \/><\/a> <a href=\"https:\/\/anoticiaonline.com.br\/site\/wp-content\/uploads\/2018\/06\/DSC_1955.jpg\"><img loading=\"lazy\" decoding=\"async\" class=\"aligncenter size-full wp-image-57322\" src=\"https:\/\/anoticiaonline.com.br\/site\/wp-content\/uploads\/2018\/06\/DSC_1955.jpg\" alt=\"\" width=\"354\" height=\"534\" srcset=\"https:\/\/anoticiaonline.com.br\/site\/wp-content\/uploads\/2018\/06\/DSC_1955.jpg 354w, https:\/\/anoticiaonline.com.br\/site\/wp-content\/uploads\/2018\/06\/DSC_1955-199x300.jpg 199w\" sizes=\"(max-width: 354px) 100vw, 354px\" \/><\/a> <a href=\"https:\/\/anoticiaonline.com.br\/site\/wp-content\/uploads\/2018\/06\/DSC_1967.jpg\"><img loading=\"lazy\" decoding=\"async\" class=\"aligncenter size-full wp-image-57323\" src=\"https:\/\/anoticiaonline.com.br\/site\/wp-content\/uploads\/2018\/06\/DSC_1967.jpg\" alt=\"\" width=\"640\" height=\"424\" srcset=\"https:\/\/anoticiaonline.com.br\/site\/wp-content\/uploads\/2018\/06\/DSC_1967.jpg 640w, https:\/\/anoticiaonline.com.br\/site\/wp-content\/uploads\/2018\/06\/DSC_1967-300x199.jpg 300w\" sizes=\"(max-width: 640px) 100vw, 640px\" \/><\/a> <a href=\"https:\/\/anoticiaonline.com.br\/site\/wp-content\/uploads\/2018\/06\/DSC_1976.jpg\"><img loading=\"lazy\" decoding=\"async\" class=\"aligncenter size-full wp-image-57324\" src=\"https:\/\/anoticiaonline.com.br\/site\/wp-content\/uploads\/2018\/06\/DSC_1976.jpg\" alt=\"\" width=\"640\" height=\"424\" srcset=\"https:\/\/anoticiaonline.com.br\/site\/wp-content\/uploads\/2018\/06\/DSC_1976.jpg 640w, https:\/\/anoticiaonline.com.br\/site\/wp-content\/uploads\/2018\/06\/DSC_1976-300x199.jpg 300w\" sizes=\"(max-width: 640px) 100vw, 640px\" \/><\/a> <a href=\"https:\/\/anoticiaonline.com.br\/site\/wp-content\/uploads\/2018\/06\/DSC_1989.jpg\"><img loading=\"lazy\" decoding=\"async\" class=\"aligncenter size-full wp-image-57325\" src=\"https:\/\/anoticiaonline.com.br\/site\/wp-content\/uploads\/2018\/06\/DSC_1989.jpg\" alt=\"\" width=\"640\" height=\"424\" srcset=\"https:\/\/anoticiaonline.com.br\/site\/wp-content\/uploads\/2018\/06\/DSC_1989.jpg 640w, https:\/\/anoticiaonline.com.br\/site\/wp-content\/uploads\/2018\/06\/DSC_1989-300x199.jpg 300w\" sizes=\"(max-width: 640px) 100vw, 640px\" \/><\/a> <a href=\"https:\/\/anoticiaonline.com.br\/site\/wp-content\/uploads\/2018\/06\/DSC_2004.jpg\"><img loading=\"lazy\" decoding=\"async\" class=\"aligncenter size-full wp-image-57326\" src=\"https:\/\/anoticiaonline.com.br\/site\/wp-content\/uploads\/2018\/06\/DSC_2004.jpg\" alt=\"\" width=\"640\" height=\"424\" srcset=\"https:\/\/anoticiaonline.com.br\/site\/wp-content\/uploads\/2018\/06\/DSC_2004.jpg 640w, https:\/\/anoticiaonline.com.br\/site\/wp-content\/uploads\/2018\/06\/DSC_2004-300x199.jpg 300w\" sizes=\"(max-width: 640px) 100vw, 640px\" \/><\/a> <a href=\"https:\/\/anoticiaonline.com.br\/site\/wp-content\/uploads\/2018\/06\/DSC_2018.jpg\"><img loading=\"lazy\" decoding=\"async\" class=\"aligncenter size-full wp-image-57327\" src=\"https:\/\/anoticiaonline.com.br\/site\/wp-content\/uploads\/2018\/06\/DSC_2018.jpg\" alt=\"\" width=\"640\" height=\"424\" srcset=\"https:\/\/anoticiaonline.com.br\/site\/wp-content\/uploads\/2018\/06\/DSC_2018.jpg 640w, https:\/\/anoticiaonline.com.br\/site\/wp-content\/uploads\/2018\/06\/DSC_2018-300x199.jpg 300w\" sizes=\"(max-width: 640px) 100vw, 640px\" \/><\/a> <a href=\"https:\/\/anoticiaonline.com.br\/site\/wp-content\/uploads\/2018\/06\/DSC_2028.jpg\"><img loading=\"lazy\" decoding=\"async\" class=\"aligncenter size-full wp-image-57328\" src=\"https:\/\/anoticiaonline.com.br\/site\/wp-content\/uploads\/2018\/06\/DSC_2028.jpg\" alt=\"\" width=\"640\" height=\"424\" srcset=\"https:\/\/anoticiaonline.com.br\/site\/wp-content\/uploads\/2018\/06\/DSC_2028.jpg 640w, https:\/\/anoticiaonline.com.br\/site\/wp-content\/uploads\/2018\/06\/DSC_2028-300x199.jpg 300w\" sizes=\"(max-width: 640px) 100vw, 640px\" \/><\/a> <a href=\"https:\/\/anoticiaonline.com.br\/site\/wp-content\/uploads\/2018\/06\/DSC_2036.jpg\"><img loading=\"lazy\" decoding=\"async\" class=\"aligncenter size-full wp-image-57329\" src=\"https:\/\/anoticiaonline.com.br\/site\/wp-content\/uploads\/2018\/06\/DSC_2036.jpg\" alt=\"\" width=\"640\" height=\"424\" srcset=\"https:\/\/anoticiaonline.com.br\/site\/wp-content\/uploads\/2018\/06\/DSC_2036.jpg 640w, https:\/\/anoticiaonline.com.br\/site\/wp-content\/uploads\/2018\/06\/DSC_2036-300x199.jpg 300w\" sizes=\"(max-width: 640px) 100vw, 640px\" \/><\/a> <a href=\"https:\/\/anoticiaonline.com.br\/site\/wp-content\/uploads\/2018\/06\/IMG_E8610.jpg\"><img loading=\"lazy\" decoding=\"async\" class=\"aligncenter size-full wp-image-57330\" src=\"https:\/\/anoticiaonline.com.br\/site\/wp-content\/uploads\/2018\/06\/IMG_E8610.jpg\" alt=\"\" width=\"640\" height=\"480\" srcset=\"https:\/\/anoticiaonline.com.br\/site\/wp-content\/uploads\/2018\/06\/IMG_E8610.jpg 640w, https:\/\/anoticiaonline.com.br\/site\/wp-content\/uploads\/2018\/06\/IMG_E8610-300x225.jpg 300w\" sizes=\"(max-width: 640px) 100vw, 640px\" \/><\/a><\/p>\n","protected":false},"excerpt":{"rendered":"<p>A Festa de Erv\u00e1lia, evento realizado no Parque Exposi\u00e7\u00f5es entre os dias 15 e 17 de junho, para comemorar os 79 anos de emancipa\u00e7\u00e3o, agitou a regi\u00e3o com shows variados, com uma das duplas sertanejas mais conhecidas do Brasil, C\u00e9sar Menotti &amp; Fabiano, que subiu ao palco no s\u00e1bado (16). A programa\u00e7\u00e3o incluiu tamb\u00e9m\u00a0a banda &#8230; <a title=\"Festa de Erv\u00e1lia anima regi\u00e3o com shows variados\" class=\"read-more\" href=\"https:\/\/anoticiaonline.com.br\/site\/festa-de-ervalia-anima-regiao-com-shows-variados\/\" aria-label=\"Read more about Festa de Erv\u00e1lia anima regi\u00e3o com shows variados\">Ler mais<\/a><\/p>\n","protected":false},"author":7,"featured_media":57312,"comment_status":"open","ping_status":"open","sticky":false,"template":"","format":"standard","meta":{"_acf_changed":false,"_monsterinsights_skip_tracking":false,"footnotes":""},"categories":[24,6],"tags":[2759,2758,2761,2760],"class_list":["post-57311","post","type-post","status-publish","format-standard","has-post-thumbnail","hentry","category-eventos","category-regiao","tag-cesar-monotti-e-fabiano","tag-festa-ervalia","tag-lex-luthor","tag-trio-parada-dura"],"acf":[],"aioseo_notices":[],"aioseo_head":"\n\t\t<!-- All in One SEO 5.0.0.1 - aioseo.com -->\n\t<meta name=\"description\" content=\"A Festa de Erv\u00e1lia, evento realizado no Parque Exposi\u00e7\u00f5es entre os dias 15 e 17 de junho, para comemorar os 79 anos de emancipa\u00e7\u00e3o, agitou a regi\u00e3o com shows variados, com uma das duplas sertanejas mais conhecidas do Brasil, C\u00e9sar Menotti &amp; Fabiano, que subiu ao palco no s\u00e1bado (16). A programa\u00e7\u00e3o incluiu tamb\u00e9m a banda\" \/>\n\t<meta name=\"robots\" content=\"max-image-preview:large\" \/>\n\t<meta name=\"author\" content=\"Leandro Bebiano\"\/>\n\t<link rel=\"canonical\" href=\"https:\/\/anoticiaonline.com.br\/site\/festa-de-ervalia-anima-regiao-com-shows-variados\/\" \/>\n\t<meta name=\"generator\" content=\"All in One SEO (AIOSEO) 5.0.0.1\" \/>\n\t\t<meta property=\"og:locale\" content=\"pt_BR\" \/>\n\t\t<meta property=\"og:site_name\" content=\"A Not\u00edcia Online - Noticias de Muria\u00e9 e regi\u00e3o\" \/>\n\t\t<meta property=\"og:type\" content=\"article\" \/>\n\t\t<meta property=\"og:title\" content=\"Festa de Erv\u00e1lia anima regi\u00e3o com shows variados - A Not\u00edcia Online\" \/>\n\t\t<meta property=\"og:description\" content=\"A Festa de Erv\u00e1lia, evento realizado no Parque Exposi\u00e7\u00f5es entre os dias 15 e 17 de junho, para comemorar os 79 anos de emancipa\u00e7\u00e3o, agitou a regi\u00e3o com shows variados, com uma das duplas sertanejas mais conhecidas do Brasil, C\u00e9sar Menotti &amp; Fabiano, que subiu ao palco no s\u00e1bado (16). A programa\u00e7\u00e3o incluiu tamb\u00e9m a banda\" \/>\n\t\t<meta property=\"og:url\" content=\"https:\/\/anoticiaonline.com.br\/site\/festa-de-ervalia-anima-regiao-com-shows-variados\/\" \/>\n\t\t<meta property=\"og:image\" content=\"https:\/\/scontent-gig4-1.xx.fbcdn.net\/v\/t39.30808-1\/270437624_4564083193639691_6907940295614233970_n.jpg?stp=dst-jpg_s200x200_tt6&#038;_nc_cat=111&#038;ccb=1-7&#038;_nc_sid=f907e8&#038;_nc_ohc=SM1wRlP3lJwQ7kNvwEPuBYA&#038;_nc_oc=AdnqrjDN_BNjSSHWO-GbkIWH6fkGMLw4bqvL_NH6e2wMveX7G-rP2dAqsDSq1mJMOaY&#038;_nc_zt=24&#038;_nc_ht=scontent-gig4-1.xx&#038;_nc_gid=AoBFJeGrT1hVaew_6rchkQ&#038;oh=00_AfX7QmFGhQhG2jAllVgXCiM1ZrWgvtp80-Bfppyexh1QEg&#038;oe=689E923C\" \/>\n\t\t<meta property=\"og:image:secure_url\" content=\"https:\/\/scontent-gig4-1.xx.fbcdn.net\/v\/t39.30808-1\/270437624_4564083193639691_6907940295614233970_n.jpg?stp=dst-jpg_s200x200_tt6&#038;_nc_cat=111&#038;ccb=1-7&#038;_nc_sid=f907e8&#038;_nc_ohc=SM1wRlP3lJwQ7kNvwEPuBYA&#038;_nc_oc=AdnqrjDN_BNjSSHWO-GbkIWH6fkGMLw4bqvL_NH6e2wMveX7G-rP2dAqsDSq1mJMOaY&#038;_nc_zt=24&#038;_nc_ht=scontent-gig4-1.xx&#038;_nc_gid=AoBFJeGrT1hVaew_6rchkQ&#038;oh=00_AfX7QmFGhQhG2jAllVgXCiM1ZrWgvtp80-Bfppyexh1QEg&#038;oe=689E923C\" \/>\n\t\t<meta property=\"article:published_time\" content=\"2018-06-21T17:29:09+00:00\" \/>\n\t\t<meta property=\"article:modified_time\" content=\"2018-06-21T17:29:09+00:00\" \/>\n\t\t<meta name=\"twitter:card\" content=\"summary_large_image\" \/>\n\t\t<meta name=\"twitter:title\" content=\"Festa de Erv\u00e1lia anima regi\u00e3o com shows variados - A Not\u00edcia Online\" \/>\n\t\t<meta name=\"twitter:description\" content=\"A Festa de Erv\u00e1lia, evento realizado no Parque Exposi\u00e7\u00f5es entre os dias 15 e 17 de junho, para comemorar os 79 anos de emancipa\u00e7\u00e3o, agitou a regi\u00e3o com shows variados, com uma das duplas sertanejas mais conhecidas do Brasil, C\u00e9sar Menotti &amp; Fabiano, que subiu ao palco no s\u00e1bado (16). A programa\u00e7\u00e3o incluiu tamb\u00e9m a banda\" \/>\n\t\t<meta name=\"twitter:image\" content=\"https:\/\/scontent-gig4-1.xx.fbcdn.net\/v\/t39.30808-1\/270437624_4564083193639691_6907940295614233970_n.jpg?stp=dst-jpg_s200x200_tt6&amp;_nc_cat=111&amp;ccb=1-7&amp;_nc_sid=f907e8&amp;_nc_ohc=SM1wRlP3lJwQ7kNvwEPuBYA&amp;_nc_oc=AdnqrjDN_BNjSSHWO-GbkIWH6fkGMLw4bqvL_NH6e2wMveX7G-rP2dAqsDSq1mJMOaY&amp;_nc_zt=24&amp;_nc_ht=scontent-gig4-1.xx&amp;_nc_gid=AoBFJeGrT1hVaew_6rchkQ&amp;oh=00_AfX7QmFGhQhG2jAllVgXCiM1ZrWgvtp80-Bfppyexh1QEg&amp;oe=689E923C\" \/>\n\t\t<script type=\"application\/ld+json\" class=\"aioseo-schema\">\n\t\t\t{\"@context\":\"https:\\\/\\\/schema.org\",\"@graph\":[{\"@type\":\"BlogPosting\",\"@id\":\"https:\\\/\\\/anoticiaonline.com.br\\\/site\\\/festa-de-ervalia-anima-regiao-com-shows-variados\\\/#blogposting\",\"name\":\"Festa de Erv\\u00e1lia anima regi\\u00e3o com shows variados - A Not\\u00edcia Online\",\"headline\":\"Festa de Erv\\u00e1lia anima regi\\u00e3o com shows variados\",\"author\":{\"@id\":\"https:\\\/\\\/anoticiaonline.com.br\\\/site\\\/author\\\/leandro\\\/#author\"},\"publisher\":{\"@id\":\"https:\\\/\\\/anoticiaonline.com.br\\\/site\\\/#organization\"},\"image\":{\"@type\":\"ImageObject\",\"url\":\"https:\\\/\\\/anoticiaonline.com.br\\\/site\\\/wp-content\\\/uploads\\\/2018\\\/06\\\/DSC_2031.jpg\",\"width\":640,\"height\":424},\"datePublished\":\"2018-06-21T14:29:09-03:00\",\"dateModified\":\"2018-06-21T14:29:09-03:00\",\"inLanguage\":\"pt-BR\",\"mainEntityOfPage\":{\"@id\":\"https:\\\/\\\/anoticiaonline.com.br\\\/site\\\/festa-de-ervalia-anima-regiao-com-shows-variados\\\/#webpage\"},\"isPartOf\":{\"@id\":\"https:\\\/\\\/anoticiaonline.com.br\\\/site\\\/festa-de-ervalia-anima-regiao-com-shows-variados\\\/#webpage\"},\"articleSection\":\"Eventos, Regi\\u00e3o, C\\u00e9sar Monotti e Fabiano, Festa Erv\\u00e1lia, Lex Luthor, Trio Parada Dura\"},{\"@type\":\"BreadcrumbList\",\"@id\":\"https:\\\/\\\/anoticiaonline.com.br\\\/site\\\/festa-de-ervalia-anima-regiao-com-shows-variados\\\/#breadcrumblist\",\"itemListElement\":[{\"@type\":\"ListItem\",\"@id\":\"https:\\\/\\\/anoticiaonline.com.br\\\/site#listItem\",\"position\":1,\"name\":\"Home\",\"item\":\"https:\\\/\\\/anoticiaonline.com.br\\\/site\",\"nextItem\":{\"@type\":\"ListItem\",\"@id\":\"https:\\\/\\\/anoticiaonline.com.br\\\/site\\\/categoria\\\/regiao\\\/#listItem\",\"name\":\"Regi\\u00e3o\"}},{\"@type\":\"ListItem\",\"@id\":\"https:\\\/\\\/anoticiaonline.com.br\\\/site\\\/categoria\\\/regiao\\\/#listItem\",\"position\":2,\"name\":\"Regi\\u00e3o\",\"item\":\"https:\\\/\\\/anoticiaonline.com.br\\\/site\\\/categoria\\\/regiao\\\/\",\"nextItem\":{\"@type\":\"ListItem\",\"@id\":\"https:\\\/\\\/anoticiaonline.com.br\\\/site\\\/festa-de-ervalia-anima-regiao-com-shows-variados\\\/#listItem\",\"name\":\"Festa de Erv\\u00e1lia anima regi\\u00e3o com shows variados\"},\"previousItem\":{\"@type\":\"ListItem\",\"@id\":\"https:\\\/\\\/anoticiaonline.com.br\\\/site#listItem\",\"name\":\"Home\"}},{\"@type\":\"ListItem\",\"@id\":\"https:\\\/\\\/anoticiaonline.com.br\\\/site\\\/festa-de-ervalia-anima-regiao-com-shows-variados\\\/#listItem\",\"position\":3,\"name\":\"Festa de Erv\\u00e1lia anima regi\\u00e3o com shows variados\",\"previousItem\":{\"@type\":\"ListItem\",\"@id\":\"https:\\\/\\\/anoticiaonline.com.br\\\/site\\\/categoria\\\/regiao\\\/#listItem\",\"name\":\"Regi\\u00e3o\"}}]},{\"@type\":\"Organization\",\"@id\":\"https:\\\/\\\/anoticiaonline.com.br\\\/site\\\/#organization\",\"name\":\"A Not\\u00edcia Online\",\"description\":\"Noticias de Muria\\u00e9 e regi\\u00e3o\",\"url\":\"https:\\\/\\\/anoticiaonline.com.br\\\/site\\\/\",\"logo\":{\"@type\":\"ImageObject\",\"url\":\"https:\\\/\\\/scontent-gig4-1.xx.fbcdn.net\\\/v\\\/t39.30808-1\\\/270437624_4564083193639691_6907940295614233970_n.jpg?stp=dst-jpg_s200x200_tt6&_nc_cat=111&ccb=1-7&_nc_sid=f907e8&_nc_ohc=SM1wRlP3lJwQ7kNvwEPuBYA&_nc_oc=AdnqrjDN_BNjSSHWO-GbkIWH6fkGMLw4bqvL_NH6e2wMveX7G-rP2dAqsDSq1mJMOaY&_nc_zt=24&_nc_ht=scontent-gig4-1.xx&_nc_gid=AoBFJeGrT1hVaew_6rchkQ&oh=00_AfX7QmFGhQhG2jAllVgXCiM1ZrWgvtp80-Bfppyexh1QEg&oe=689E923C\",\"@id\":\"https:\\\/\\\/anoticiaonline.com.br\\\/site\\\/festa-de-ervalia-anima-regiao-com-shows-variados\\\/#organizationLogo\"},\"image\":{\"@id\":\"https:\\\/\\\/anoticiaonline.com.br\\\/site\\\/festa-de-ervalia-anima-regiao-com-shows-variados\\\/#organizationLogo\"}},{\"@type\":\"Person\",\"@id\":\"https:\\\/\\\/anoticiaonline.com.br\\\/site\\\/author\\\/leandro\\\/#author\",\"url\":\"https:\\\/\\\/anoticiaonline.com.br\\\/site\\\/author\\\/leandro\\\/\",\"name\":\"Leandro Bebiano\",\"image\":{\"@type\":\"ImageObject\",\"@id\":\"https:\\\/\\\/anoticiaonline.com.br\\\/site\\\/festa-de-ervalia-anima-regiao-com-shows-variados\\\/#authorImage\",\"url\":\"https:\\\/\\\/secure.gravatar.com\\\/avatar\\\/99966a20c143db97c8590c2013307c7c234a4cca48ed5657cbb47e22a400bd5f?s=96&d=mm&r=g\",\"width\":96,\"height\":96,\"caption\":\"Leandro Bebiano\"}},{\"@type\":\"WebPage\",\"@id\":\"https:\\\/\\\/anoticiaonline.com.br\\\/site\\\/festa-de-ervalia-anima-regiao-com-shows-variados\\\/#webpage\",\"url\":\"https:\\\/\\\/anoticiaonline.com.br\\\/site\\\/festa-de-ervalia-anima-regiao-com-shows-variados\\\/\",\"name\":\"Festa de Erv\\u00e1lia anima regi\\u00e3o com shows variados - A Not\\u00edcia Online\",\"description\":\"A Festa de Erv\\u00e1lia, evento realizado no Parque Exposi\\u00e7\\u00f5es entre os dias 15 e 17 de junho, para comemorar os 79 anos de emancipa\\u00e7\\u00e3o, agitou a regi\\u00e3o com shows variados, com uma das duplas sertanejas mais conhecidas do Brasil, C\\u00e9sar Menotti & Fabiano, que subiu ao palco no s\\u00e1bado (16). A programa\\u00e7\\u00e3o incluiu tamb\\u00e9m a banda\",\"inLanguage\":\"pt-BR\",\"isPartOf\":{\"@id\":\"https:\\\/\\\/anoticiaonline.com.br\\\/site\\\/#website\"},\"breadcrumb\":{\"@id\":\"https:\\\/\\\/anoticiaonline.com.br\\\/site\\\/festa-de-ervalia-anima-regiao-com-shows-variados\\\/#breadcrumblist\"},\"author\":{\"@id\":\"https:\\\/\\\/anoticiaonline.com.br\\\/site\\\/author\\\/leandro\\\/#author\"},\"creator\":{\"@id\":\"https:\\\/\\\/anoticiaonline.com.br\\\/site\\\/author\\\/leandro\\\/#author\"},\"image\":{\"@type\":\"ImageObject\",\"url\":\"https:\\\/\\\/anoticiaonline.com.br\\\/site\\\/wp-content\\\/uploads\\\/2018\\\/06\\\/DSC_2031.jpg\",\"@id\":\"https:\\\/\\\/anoticiaonline.com.br\\\/site\\\/festa-de-ervalia-anima-regiao-com-shows-variados\\\/#mainImage\",\"width\":640,\"height\":424},\"primaryImageOfPage\":{\"@id\":\"https:\\\/\\\/anoticiaonline.com.br\\\/site\\\/festa-de-ervalia-anima-regiao-com-shows-variados\\\/#mainImage\"},\"datePublished\":\"2018-06-21T14:29:09-03:00\",\"dateModified\":\"2018-06-21T14:29:09-03:00\"},{\"@type\":\"WebSite\",\"@id\":\"https:\\\/\\\/anoticiaonline.com.br\\\/site\\\/#website\",\"url\":\"https:\\\/\\\/anoticiaonline.com.br\\\/site\\\/\",\"name\":\"A Not\\u00edcia Online\",\"description\":\"Noticias de Muria\\u00e9 e regi\\u00e3o\",\"inLanguage\":\"pt-BR\",\"publisher\":{\"@id\":\"https:\\\/\\\/anoticiaonline.com.br\\\/site\\\/#organization\"}}]}\n\t\t<\/script>\n\t\t<!-- All in One SEO -->\n\n","aioseo_head_json":{"title":"Festa de Erv\u00e1lia anima regi\u00e3o com shows variados - A Not\u00edcia Online","description":"A Festa de Erv\u00e1lia, evento realizado no Parque Exposi\u00e7\u00f5es entre os dias 15 e 17 de junho, para comemorar os 79 anos de emancipa\u00e7\u00e3o, agitou a regi\u00e3o com shows variados, com uma das duplas sertanejas mais conhecidas do Brasil, C\u00e9sar Menotti & Fabiano, que subiu ao palco no s\u00e1bado (16). A programa\u00e7\u00e3o incluiu tamb\u00e9m a banda","canonical_url":"https:\/\/anoticiaonline.com.br\/site\/festa-de-ervalia-anima-regiao-com-shows-variados\/","robots":"max-image-preview:large","keywords":"","webmasterTools":{"miscellaneous":""},"schema":{"@context":"https:\/\/schema.org","@graph":[{"@type":"BlogPosting","@id":"https:\/\/anoticiaonline.com.br\/site\/festa-de-ervalia-anima-regiao-com-shows-variados\/#blogposting","name":"Festa de Erv\u00e1lia anima regi\u00e3o com shows variados - A Not\u00edcia Online","headline":"Festa de Erv\u00e1lia anima regi\u00e3o com shows variados","author":{"@id":"https:\/\/anoticiaonline.com.br\/site\/author\/leandro\/#author"},"publisher":{"@id":"https:\/\/anoticiaonline.com.br\/site\/#organization"},"image":{"@type":"ImageObject","url":"https:\/\/anoticiaonline.com.br\/site\/wp-content\/uploads\/2018\/06\/DSC_2031.jpg","width":640,"height":424},"datePublished":"2018-06-21T14:29:09-03:00","dateModified":"2018-06-21T14:29:09-03:00","inLanguage":"pt-BR","mainEntityOfPage":{"@id":"https:\/\/anoticiaonline.com.br\/site\/festa-de-ervalia-anima-regiao-com-shows-variados\/#webpage"},"isPartOf":{"@id":"https:\/\/anoticiaonline.com.br\/site\/festa-de-ervalia-anima-regiao-com-shows-variados\/#webpage"},"articleSection":"Eventos, Regi\u00e3o, C\u00e9sar Monotti e Fabiano, Festa Erv\u00e1lia, Lex Luthor, Trio Parada Dura"},{"@type":"BreadcrumbList","@id":"https:\/\/anoticiaonline.com.br\/site\/festa-de-ervalia-anima-regiao-com-shows-variados\/#breadcrumblist","itemListElement":[{"@type":"ListItem","@id":"https:\/\/anoticiaonline.com.br\/site#listItem","position":1,"name":"Home","item":"https:\/\/anoticiaonline.com.br\/site","nextItem":{"@type":"ListItem","@id":"https:\/\/anoticiaonline.com.br\/site\/categoria\/regiao\/#listItem","name":"Regi\u00e3o"}},{"@type":"ListItem","@id":"https:\/\/anoticiaonline.com.br\/site\/categoria\/regiao\/#listItem","position":2,"name":"Regi\u00e3o","item":"https:\/\/anoticiaonline.com.br\/site\/categoria\/regiao\/","nextItem":{"@type":"ListItem","@id":"https:\/\/anoticiaonline.com.br\/site\/festa-de-ervalia-anima-regiao-com-shows-variados\/#listItem","name":"Festa de Erv\u00e1lia anima regi\u00e3o com shows variados"},"previousItem":{"@type":"ListItem","@id":"https:\/\/anoticiaonline.com.br\/site#listItem","name":"Home"}},{"@type":"ListItem","@id":"https:\/\/anoticiaonline.com.br\/site\/festa-de-ervalia-anima-regiao-com-shows-variados\/#listItem","position":3,"name":"Festa de Erv\u00e1lia anima regi\u00e3o com shows variados","previousItem":{"@type":"ListItem","@id":"https:\/\/anoticiaonline.com.br\/site\/categoria\/regiao\/#listItem","name":"Regi\u00e3o"}}]},{"@type":"Organization","@id":"https:\/\/anoticiaonline.com.br\/site\/#organization","name":"A Not\u00edcia Online","description":"Noticias de Muria\u00e9 e regi\u00e3o","url":"https:\/\/anoticiaonline.com.br\/site\/","logo":{"@type":"ImageObject","url":"https:\/\/scontent-gig4-1.xx.fbcdn.net\/v\/t39.30808-1\/270437624_4564083193639691_6907940295614233970_n.jpg?stp=dst-jpg_s200x200_tt6&_nc_cat=111&ccb=1-7&_nc_sid=f907e8&_nc_ohc=SM1wRlP3lJwQ7kNvwEPuBYA&_nc_oc=AdnqrjDN_BNjSSHWO-GbkIWH6fkGMLw4bqvL_NH6e2wMveX7G-rP2dAqsDSq1mJMOaY&_nc_zt=24&_nc_ht=scontent-gig4-1.xx&_nc_gid=AoBFJeGrT1hVaew_6rchkQ&oh=00_AfX7QmFGhQhG2jAllVgXCiM1ZrWgvtp80-Bfppyexh1QEg&oe=689E923C","@id":"https:\/\/anoticiaonline.com.br\/site\/festa-de-ervalia-anima-regiao-com-shows-variados\/#organizationLogo"},"image":{"@id":"https:\/\/anoticiaonline.com.br\/site\/festa-de-ervalia-anima-regiao-com-shows-variados\/#organizationLogo"}},{"@type":"Person","@id":"https:\/\/anoticiaonline.com.br\/site\/author\/leandro\/#author","url":"https:\/\/anoticiaonline.com.br\/site\/author\/leandro\/","name":"Leandro Bebiano","image":{"@type":"ImageObject","@id":"https:\/\/anoticiaonline.com.br\/site\/festa-de-ervalia-anima-regiao-com-shows-variados\/#authorImage","url":"https:\/\/secure.gravatar.com\/avatar\/99966a20c143db97c8590c2013307c7c234a4cca48ed5657cbb47e22a400bd5f?s=96&d=mm&r=g","width":96,"height":96,"caption":"Leandro Bebiano"}},{"@type":"WebPage","@id":"https:\/\/anoticiaonline.com.br\/site\/festa-de-ervalia-anima-regiao-com-shows-variados\/#webpage","url":"https:\/\/anoticiaonline.com.br\/site\/festa-de-ervalia-anima-regiao-com-shows-variados\/","name":"Festa de Erv\u00e1lia anima regi\u00e3o com shows variados - A Not\u00edcia Online","description":"A Festa de Erv\u00e1lia, evento realizado no Parque Exposi\u00e7\u00f5es entre os dias 15 e 17 de junho, para comemorar os 79 anos de emancipa\u00e7\u00e3o, agitou a regi\u00e3o com shows variados, com uma das duplas sertanejas mais conhecidas do Brasil, C\u00e9sar Menotti & Fabiano, que subiu ao palco no s\u00e1bado (16). A programa\u00e7\u00e3o incluiu tamb\u00e9m a banda","inLanguage":"pt-BR","isPartOf":{"@id":"https:\/\/anoticiaonline.com.br\/site\/#website"},"breadcrumb":{"@id":"https:\/\/anoticiaonline.com.br\/site\/festa-de-ervalia-anima-regiao-com-shows-variados\/#breadcrumblist"},"author":{"@id":"https:\/\/anoticiaonline.com.br\/site\/author\/leandro\/#author"},"creator":{"@id":"https:\/\/anoticiaonline.com.br\/site\/author\/leandro\/#author"},"image":{"@type":"ImageObject","url":"https:\/\/anoticiaonline.com.br\/site\/wp-content\/uploads\/2018\/06\/DSC_2031.jpg","@id":"https:\/\/anoticiaonline.com.br\/site\/festa-de-ervalia-anima-regiao-com-shows-variados\/#mainImage","width":640,"height":424},"primaryImageOfPage":{"@id":"https:\/\/anoticiaonline.com.br\/site\/festa-de-ervalia-anima-regiao-com-shows-variados\/#mainImage"},"datePublished":"2018-06-21T14:29:09-03:00","dateModified":"2018-06-21T14:29:09-03:00"},{"@type":"WebSite","@id":"https:\/\/anoticiaonline.com.br\/site\/#website","url":"https:\/\/anoticiaonline.com.br\/site\/","name":"A Not\u00edcia Online","description":"Noticias de Muria\u00e9 e regi\u00e3o","inLanguage":"pt-BR","publisher":{"@id":"https:\/\/anoticiaonline.com.br\/site\/#organization"}}]},"og:locale":"pt_BR","og:site_name":"A Not\u00edcia Online - Noticias de Muria\u00e9 e regi\u00e3o","og:type":"article","og:title":"Festa de Erv\u00e1lia anima regi\u00e3o com shows variados - A Not\u00edcia Online","og:description":"A Festa de Erv\u00e1lia, evento realizado no Parque Exposi\u00e7\u00f5es entre os dias 15 e 17 de junho, para comemorar os 79 anos de emancipa\u00e7\u00e3o, agitou a regi\u00e3o com shows variados, com uma das duplas sertanejas mais conhecidas do Brasil, C\u00e9sar Menotti &amp; Fabiano, que subiu ao palco no s\u00e1bado (16). A programa\u00e7\u00e3o incluiu tamb\u00e9m a banda","og:url":"https:\/\/anoticiaonline.com.br\/site\/festa-de-ervalia-anima-regiao-com-shows-variados\/","og:image":"https:\/\/scontent-gig4-1.xx.fbcdn.net\/v\/t39.30808-1\/270437624_4564083193639691_6907940295614233970_n.jpg?stp=dst-jpg_s200x200_tt6&#038;_nc_cat=111&#038;ccb=1-7&#038;_nc_sid=f907e8&#038;_nc_ohc=SM1wRlP3lJwQ7kNvwEPuBYA&#038;_nc_oc=AdnqrjDN_BNjSSHWO-GbkIWH6fkGMLw4bqvL_NH6e2wMveX7G-rP2dAqsDSq1mJMOaY&#038;_nc_zt=24&#038;_nc_ht=scontent-gig4-1.xx&#038;_nc_gid=AoBFJeGrT1hVaew_6rchkQ&#038;oh=00_AfX7QmFGhQhG2jAllVgXCiM1ZrWgvtp80-Bfppyexh1QEg&#038;oe=689E923C","og:image:secure_url":"https:\/\/scontent-gig4-1.xx.fbcdn.net\/v\/t39.30808-1\/270437624_4564083193639691_6907940295614233970_n.jpg?stp=dst-jpg_s200x200_tt6&#038;_nc_cat=111&#038;ccb=1-7&#038;_nc_sid=f907e8&#038;_nc_ohc=SM1wRlP3lJwQ7kNvwEPuBYA&#038;_nc_oc=AdnqrjDN_BNjSSHWO-GbkIWH6fkGMLw4bqvL_NH6e2wMveX7G-rP2dAqsDSq1mJMOaY&#038;_nc_zt=24&#038;_nc_ht=scontent-gig4-1.xx&#038;_nc_gid=AoBFJeGrT1hVaew_6rchkQ&#038;oh=00_AfX7QmFGhQhG2jAllVgXCiM1ZrWgvtp80-Bfppyexh1QEg&#038;oe=689E923C","article:published_time":"2018-06-21T17:29:09+00:00","article:modified_time":"2018-06-21T17:29:09+00:00","twitter:card":"summary_large_image","twitter:title":"Festa de Erv\u00e1lia anima regi\u00e3o com shows variados - A Not\u00edcia Online","twitter:description":"A Festa de Erv\u00e1lia, evento realizado no Parque Exposi\u00e7\u00f5es entre os dias 15 e 17 de junho, para comemorar os 79 anos de emancipa\u00e7\u00e3o, agitou a regi\u00e3o com shows variados, com uma das duplas sertanejas mais conhecidas do Brasil, C\u00e9sar Menotti &amp; Fabiano, que subiu ao palco no s\u00e1bado (16). A programa\u00e7\u00e3o incluiu tamb\u00e9m a banda","twitter:image":"https:\/\/scontent-gig4-1.xx.fbcdn.net\/v\/t39.30808-1\/270437624_4564083193639691_6907940295614233970_n.jpg?stp=dst-jpg_s200x200_tt6&_nc_cat=111&ccb=1-7&_nc_sid=f907e8&_nc_ohc=SM1wRlP3lJwQ7kNvwEPuBYA&_nc_oc=AdnqrjDN_BNjSSHWO-GbkIWH6fkGMLw4bqvL_NH6e2wMveX7G-rP2dAqsDSq1mJMOaY&_nc_zt=24&_nc_ht=scontent-gig4-1.xx&_nc_gid=AoBFJeGrT1hVaew_6rchkQ&oh=00_AfX7QmFGhQhG2jAllVgXCiM1ZrWgvtp80-Bfppyexh1QEg&oe=689E923C"},"aioseo_meta_data":{"post_id":"57311","title":null,"description":null,"keywords":null,"keyphrases":null,"primary_term":null,"canonical_url":null,"og_title":null,"og_description":null,"og_object_type":"default","og_image_type":"default","og_image_url":null,"og_image_width":null,"og_image_height":null,"og_image_custom_url":null,"og_image_custom_fields":null,"og_video":null,"og_custom_url":null,"og_article_section":null,"og_article_tags":null,"twitter_use_og":false,"twitter_card":"default","twitter_image_type":"default","twitter_image_url":null,"twitter_image_custom_url":null,"twitter_image_custom_fields":null,"twitter_title":null,"twitter_description":null,"schema":{"blockGraphs":[],"customGraphs":[],"default":{"data":{"Article":[],"Course":[],"Dataset":[],"FAQPage":[],"Movie":[],"Person":[],"Product":[],"ProductReview":[],"Car":[],"Recipe":[],"Service":[],"SoftwareApplication":[],"WebPage":[]},"graphName":"","isEnabled":true},"graphs":[]},"schema_type":"default","schema_type_options":null,"pillar_content":false,"robots_default":true,"robots_noindex":false,"robots_noarchive":false,"robots_nosnippet":false,"robots_nofollow":false,"robots_noimageindex":false,"robots_noodp":false,"robots_notranslate":false,"robots_max_snippet":null,"robots_max_videopreview":null,"robots_max_imagepreview":"large","priority":null,"frequency":null,"local_seo":null,"breadcrumb_settings":null,"limit_modified_date":false,"ai":null,"created":"2025-08-16 21:05:19","updated":"2025-08-16 21:05:19","focus_keyword":null,"additional_keywords":null,"truseo_locale":null,"seo_analyzer_scan_date":null},"aioseo_breadcrumb":"<div class=\"aioseo-breadcrumbs\"><span class=\"aioseo-breadcrumb\">\n\t\t\t<a href=\"https:\/\/anoticiaonline.com.br\/site\" title=\"Home\">Home<\/a>\n\t\t<\/span><span class=\"aioseo-breadcrumb-separator\">&raquo;<\/span><span class=\"aioseo-breadcrumb\">\n\t\t\t<a href=\"https:\/\/anoticiaonline.com.br\/site\/categoria\/regiao\/\" title=\"Regi\u00e3o\">Regi\u00e3o<\/a>\n\t\t<\/span><span class=\"aioseo-breadcrumb-separator\">&raquo;<\/span><span class=\"aioseo-breadcrumb\">\n\t\t\tFesta de Erv\u00e1lia anima regi\u00e3o com shows variados\n\t\t<\/span><\/div>","aioseo_breadcrumb_json":[{"label":"Home","link":"https:\/\/anoticiaonline.com.br\/site"},{"label":"Regi\u00e3o","link":"https:\/\/anoticiaonline.com.br\/site\/categoria\/regiao\/"},{"label":"Festa de Erv\u00e1lia anima regi\u00e3o com shows variados","link":"https:\/\/anoticiaonline.com.br\/site\/festa-de-ervalia-anima-regiao-com-shows-variados\/"}],"views":162,"_links":{"self":[{"href":"https:\/\/anoticiaonline.com.br\/site\/wp-json\/wp\/v2\/posts\/57311","targetHints":{"allow":["GET"]}}],"collection":[{"href":"https:\/\/anoticiaonline.com.br\/site\/wp-json\/wp\/v2\/posts"}],"about":[{"href":"https:\/\/anoticiaonline.com.br\/site\/wp-json\/wp\/v2\/types\/post"}],"author":[{"embeddable":true,"href":"https:\/\/anoticiaonline.com.br\/site\/wp-json\/wp\/v2\/users\/7"}],"replies":[{"embeddable":true,"href":"https:\/\/anoticiaonline.com.br\/site\/wp-json\/wp\/v2\/comments?post=57311"}],"version-history":[{"count":0,"href":"https:\/\/anoticiaonline.com.br\/site\/wp-json\/wp\/v2\/posts\/57311\/revisions"}],"wp:featuredmedia":[{"embeddable":true,"href":"https:\/\/anoticiaonline.com.br\/site\/wp-json\/wp\/v2\/media\/57312"}],"wp:attachment":[{"href":"https:\/\/anoticiaonline.com.br\/site\/wp-json\/wp\/v2\/media?parent=57311"}],"wp:term":[{"taxonomy":"category","embeddable":true,"href":"https:\/\/anoticiaonline.com.br\/site\/wp-json\/wp\/v2\/categories?post=57311"},{"taxonomy":"post_tag","embeddable":true,"href":"https:\/\/anoticiaonline.com.br\/site\/wp-json\/wp\/v2\/tags?post=57311"}],"curies":[{"name":"wp","href":"https:\/\/api.w.org\/{rel}","templated":true}]}}