{"id":57238,"date":"2018-06-14T22:53:04","date_gmt":"2018-06-15T01:53:04","guid":{"rendered":"http:\/\/anoticiaonline.com.br\/site\/?p=57238"},"modified":"2018-06-14T22:53:04","modified_gmt":"2018-06-15T01:53:04","slug":"sociarte-14-06","status":"publish","type":"post","link":"https:\/\/anoticiaonline.com.br\/site\/sociarte-14-06\/","title":{"rendered":"Sociarte 14\/06"},"content":{"rendered":"<p><strong>Parab\u00e9ns, Jorge<\/strong><\/p>\n<p>O querido Jorge Augusto Marum completou 15 anos na segunda-feira (11), mas comemorou a chegada da nova idade junto com sua m\u00e3e, Ivete F\u00e9lix Marum, familiares e amigos, no \u00faltimo domingo (10). Parab\u00e9ns, Jorge! Muita sa\u00fade e felicidade sempre!<\/p>\n<p><a href=\"https:\/\/anoticiaonline.com.br\/site\/wp-content\/uploads\/2018\/06\/Parab\u00e9ns-Jorge.jpeg\"><img fetchpriority=\"high\" decoding=\"async\" class=\"alignnone size-full wp-image-57239\" src=\"https:\/\/anoticiaonline.com.br\/site\/wp-content\/uploads\/2018\/06\/Parab\u00e9ns-Jorge.jpeg\" alt=\"\" width=\"539\" height=\"359\" srcset=\"https:\/\/anoticiaonline.com.br\/site\/wp-content\/uploads\/2018\/06\/Parab\u00e9ns-Jorge.jpeg 539w, https:\/\/anoticiaonline.com.br\/site\/wp-content\/uploads\/2018\/06\/Parab\u00e9ns-Jorge-300x200.jpeg 300w\" sizes=\"(max-width: 539px) 100vw, 539px\" \/><\/a><\/p>\n<p><strong>Bem-vindo, Murylo <\/strong><\/p>\n<p>O fofo, Murylo Jos\u00e9 Dias Ribeiro, chegou ao mundo no dia 17 de maio, no Hospital S\u00e3o Paulo. Ele \u00e9 filho do vereador Maycon Jos\u00e9 Ribeiro, o \u201cMaycon do Zim\u201d, e Aline Dias Ribeiro. A ele desejamos muita sa\u00fade e felicidade!<\/p>\n<p><a href=\"https:\/\/anoticiaonline.com.br\/site\/wp-content\/uploads\/2018\/06\/Bem-vindo-Murylo.jpeg\"><img decoding=\"async\" class=\"alignnone size-full wp-image-57240\" src=\"https:\/\/anoticiaonline.com.br\/site\/wp-content\/uploads\/2018\/06\/Bem-vindo-Murylo.jpeg\" alt=\"\" width=\"360\" height=\"640\" srcset=\"https:\/\/anoticiaonline.com.br\/site\/wp-content\/uploads\/2018\/06\/Bem-vindo-Murylo.jpeg 360w, https:\/\/anoticiaonline.com.br\/site\/wp-content\/uploads\/2018\/06\/Bem-vindo-Murylo-169x300.jpeg 169w\" sizes=\"(max-width: 360px) 100vw, 360px\" \/><\/a><\/p>\n<p><strong>2 anos de Laura<\/strong><\/p>\n<p>O tema \u201cPeppa Pig\u201d foi o tema escolhido para a gatinha Laura Silva Cavalhier comemorar seus 2 anos ao lado da mam\u00e3e karem Monique Ferreira da Silva, do papai Francisco Eust\u00e1quio Andrade Cavalhier, do irm\u00e3o Gabriel e demais familiares na casa da vov\u00f3 Petinha Ferreira, no dia 7 de junho. Parab\u00e9ns, Laura! Tudo de melhor pra voc\u00ea!<\/p>\n<p><a href=\"https:\/\/anoticiaonline.com.br\/site\/wp-content\/uploads\/2018\/06\/2-anos-de-Laura.jpeg\"><img decoding=\"async\" class=\"alignnone size-full wp-image-57241\" src=\"https:\/\/anoticiaonline.com.br\/site\/wp-content\/uploads\/2018\/06\/2-anos-de-Laura.jpeg\" alt=\"\" width=\"640\" height=\"359\" srcset=\"https:\/\/anoticiaonline.com.br\/site\/wp-content\/uploads\/2018\/06\/2-anos-de-Laura.jpeg 640w, https:\/\/anoticiaonline.com.br\/site\/wp-content\/uploads\/2018\/06\/2-anos-de-Laura-300x168.jpeg 300w\" sizes=\"(max-width: 640px) 100vw, 640px\" \/><\/a><\/p>\n<p><strong>Parab\u00e9ns, M\u00e1rcio<\/strong><\/p>\n<p>Nosso amigo M\u00e1rcio Rog\u00e9rio Dias J\u00fanior tamb\u00e9m comemorou idade nova na segunda-feira (11). Ele \u00e9 filho de L\u00facia Eli Pimentel da Silva e M\u00e1rcio Rog\u00e9rio Dias. A ele desejamos muitas alegrias neste novo ciclo!<\/p>\n<p><a href=\"https:\/\/anoticiaonline.com.br\/site\/wp-content\/uploads\/2018\/06\/Parab\u00e9ns-M\u00e1rcio.jpeg\"><img loading=\"lazy\" decoding=\"async\" class=\"alignnone size-full wp-image-57242\" src=\"https:\/\/anoticiaonline.com.br\/site\/wp-content\/uploads\/2018\/06\/Parab\u00e9ns-M\u00e1rcio.jpeg\" alt=\"\" width=\"640\" height=\"640\" srcset=\"https:\/\/anoticiaonline.com.br\/site\/wp-content\/uploads\/2018\/06\/Parab\u00e9ns-M\u00e1rcio.jpeg 640w, https:\/\/anoticiaonline.com.br\/site\/wp-content\/uploads\/2018\/06\/Parab\u00e9ns-M\u00e1rcio-150x150.jpeg 150w, https:\/\/anoticiaonline.com.br\/site\/wp-content\/uploads\/2018\/06\/Parab\u00e9ns-M\u00e1rcio-300x300.jpeg 300w, https:\/\/anoticiaonline.com.br\/site\/wp-content\/uploads\/2018\/06\/Parab\u00e9ns-M\u00e1rcio-144x144.jpeg 144w\" sizes=\"(max-width: 640px) 100vw, 640px\" \/><\/a><\/p>\n<p><strong>Parab\u00e9ns, Glaucione<\/strong><\/p>\n<p>A querida Glaucione Elizete Ribeiro Silva, filha de Ivanira da Silva Ribeiro e Milton Elizete Ribeiro, comemorou seu anivers\u00e1rio na sexta-feira (1). Parab\u00e9ns, Glaucione! Muita felicidade em sua vida!<\/p>\n<p><a href=\"https:\/\/anoticiaonline.com.br\/site\/wp-content\/uploads\/2018\/06\/Parab\u00e9ns-Glaucione.jpeg\"><img loading=\"lazy\" decoding=\"async\" class=\"alignnone size-full wp-image-57243\" src=\"https:\/\/anoticiaonline.com.br\/site\/wp-content\/uploads\/2018\/06\/Parab\u00e9ns-Glaucione.jpeg\" alt=\"\" width=\"360\" height=\"640\" srcset=\"https:\/\/anoticiaonline.com.br\/site\/wp-content\/uploads\/2018\/06\/Parab\u00e9ns-Glaucione.jpeg 360w, https:\/\/anoticiaonline.com.br\/site\/wp-content\/uploads\/2018\/06\/Parab\u00e9ns-Glaucione-169x300.jpeg 169w\" sizes=\"(max-width: 360px) 100vw, 360px\" \/><\/a><\/p>\n<p><strong>1 ano de Maria Ant\u00f4nia<\/strong><\/p>\n<p>A gatinha, Maria Ant\u00f4nia Falce Domingos Silva, completou seu primeiro aninho em uma festa no sal\u00e3o da igreja Santa Terezinha, cujo tema escolhido foi \u201cMoana\u201d, no dia 12 de junho, ao lado da mam\u00e3e Raylla Falce Domingos e do papai Pedro Junio Souza Silva. Parab\u00e9ns, Maria Ant\u00f4nia.<\/p>\n<p><a href=\"https:\/\/anoticiaonline.com.br\/site\/wp-content\/uploads\/2018\/06\/1-ano-de-Maria-Ant\u00f4nia.jpeg\"><img loading=\"lazy\" decoding=\"async\" class=\"alignnone size-full wp-image-57244\" src=\"https:\/\/anoticiaonline.com.br\/site\/wp-content\/uploads\/2018\/06\/1-ano-de-Maria-Ant\u00f4nia.jpeg\" alt=\"\" width=\"425\" height=\"640\" srcset=\"https:\/\/anoticiaonline.com.br\/site\/wp-content\/uploads\/2018\/06\/1-ano-de-Maria-Ant\u00f4nia.jpeg 425w, https:\/\/anoticiaonline.com.br\/site\/wp-content\/uploads\/2018\/06\/1-ano-de-Maria-Ant\u00f4nia-199x300.jpeg 199w\" sizes=\"(max-width: 425px) 100vw, 425px\" \/><\/a><\/p>\n<p><strong>Parab\u00e9ns, Handerson<\/strong><\/p>\n<p>Harderson Martins, representante da f\u00e1brica Granvita na Zona da Mata Mineira e regi\u00e3o noroeste do Rio de Janeiro, comemorou idade nova no dia 12 de junho. Ele \u00e9 casado com Mariele Martins e pai de Gabriel Martins e Jo\u00e3o Pedro Martins. Parab\u00e9ns, Handerson!<\/p>\n<p><a href=\"https:\/\/anoticiaonline.com.br\/site\/wp-content\/uploads\/2018\/06\/Parab\u00e9ns-Handerson.jpeg\"><img loading=\"lazy\" decoding=\"async\" class=\"alignnone size-full wp-image-57245\" src=\"https:\/\/anoticiaonline.com.br\/site\/wp-content\/uploads\/2018\/06\/Parab\u00e9ns-Handerson.jpeg\" alt=\"\" width=\"593\" height=\"395\" srcset=\"https:\/\/anoticiaonline.com.br\/site\/wp-content\/uploads\/2018\/06\/Parab\u00e9ns-Handerson.jpeg 593w, https:\/\/anoticiaonline.com.br\/site\/wp-content\/uploads\/2018\/06\/Parab\u00e9ns-Handerson-300x200.jpeg 300w\" sizes=\"(max-width: 593px) 100vw, 593px\" \/><\/a><\/p>\n","protected":false},"excerpt":{"rendered":"<p>Parab\u00e9ns, Jorge O querido Jorge Augusto Marum completou 15 anos na segunda-feira (11), mas comemorou a chegada da nova idade junto com sua m\u00e3e, Ivete F\u00e9lix Marum, familiares e amigos, no \u00faltimo domingo (10). Parab\u00e9ns, Jorge! Muita sa\u00fade e felicidade sempre! Bem-vindo, Murylo O fofo, Murylo Jos\u00e9 Dias Ribeiro, chegou ao mundo no dia 17 &#8230; <a title=\"Sociarte 14\/06\" class=\"read-more\" href=\"https:\/\/anoticiaonline.com.br\/site\/sociarte-14-06\/\" aria-label=\"Read more about Sociarte 14\/06\">Ler mais<\/a><\/p>\n","protected":false},"author":2,"featured_media":0,"comment_status":"open","ping_status":"open","sticky":false,"template":"","format":"standard","meta":{"_acf_changed":false,"_monsterinsights_skip_tracking":false,"footnotes":""},"categories":[38],"tags":[],"class_list":["post-57238","post","type-post","status-publish","format-standard","hentry","category-sociarte"],"acf":[],"aioseo_notices":[],"aioseo_head":"\n\t\t<!-- All in One SEO 5.0.0.1 - aioseo.com -->\n\t<meta name=\"description\" content=\"Parab\u00e9ns, Jorge O querido Jorge Augusto Marum completou 15 anos na segunda-feira (11), mas comemorou a chegada da nova idade junto com sua m\u00e3e, Ivete F\u00e9lix Marum, familiares e amigos, no \u00faltimo domingo (10). Parab\u00e9ns, Jorge! Muita sa\u00fade e felicidade sempre! Bem-vindo, Murylo O fofo, Murylo Jos\u00e9 Dias Ribeiro, chegou ao mundo no dia 17\" \/>\n\t<meta name=\"robots\" content=\"max-image-preview:large\" \/>\n\t<meta name=\"author\" content=\"Juliana Laviola\"\/>\n\t<link rel=\"canonical\" href=\"https:\/\/anoticiaonline.com.br\/site\/sociarte-14-06\/\" \/>\n\t<meta name=\"generator\" content=\"All in One SEO (AIOSEO) 5.0.0.1\" \/>\n\t\t<meta property=\"og:locale\" content=\"pt_BR\" \/>\n\t\t<meta property=\"og:site_name\" content=\"A Not\u00edcia Online - Noticias de Muria\u00e9 e regi\u00e3o\" \/>\n\t\t<meta property=\"og:type\" content=\"article\" \/>\n\t\t<meta property=\"og:title\" content=\"Sociarte 14\/06 - A Not\u00edcia Online\" \/>\n\t\t<meta property=\"og:description\" content=\"Parab\u00e9ns, Jorge O querido Jorge Augusto Marum completou 15 anos na segunda-feira (11), mas comemorou a chegada da nova idade junto com sua m\u00e3e, Ivete F\u00e9lix Marum, familiares e amigos, no \u00faltimo domingo (10). Parab\u00e9ns, Jorge! Muita sa\u00fade e felicidade sempre! Bem-vindo, Murylo O fofo, Murylo Jos\u00e9 Dias Ribeiro, chegou ao mundo no dia 17\" \/>\n\t\t<meta property=\"og:url\" content=\"https:\/\/anoticiaonline.com.br\/site\/sociarte-14-06\/\" \/>\n\t\t<meta property=\"og:image\" content=\"https:\/\/scontent-gig4-1.xx.fbcdn.net\/v\/t39.30808-1\/270437624_4564083193639691_6907940295614233970_n.jpg?stp=dst-jpg_s200x200_tt6&#038;_nc_cat=111&#038;ccb=1-7&#038;_nc_sid=f907e8&#038;_nc_ohc=SM1wRlP3lJwQ7kNvwEPuBYA&#038;_nc_oc=AdnqrjDN_BNjSSHWO-GbkIWH6fkGMLw4bqvL_NH6e2wMveX7G-rP2dAqsDSq1mJMOaY&#038;_nc_zt=24&#038;_nc_ht=scontent-gig4-1.xx&#038;_nc_gid=AoBFJeGrT1hVaew_6rchkQ&#038;oh=00_AfX7QmFGhQhG2jAllVgXCiM1ZrWgvtp80-Bfppyexh1QEg&#038;oe=689E923C\" \/>\n\t\t<meta property=\"og:image:secure_url\" content=\"https:\/\/scontent-gig4-1.xx.fbcdn.net\/v\/t39.30808-1\/270437624_4564083193639691_6907940295614233970_n.jpg?stp=dst-jpg_s200x200_tt6&#038;_nc_cat=111&#038;ccb=1-7&#038;_nc_sid=f907e8&#038;_nc_ohc=SM1wRlP3lJwQ7kNvwEPuBYA&#038;_nc_oc=AdnqrjDN_BNjSSHWO-GbkIWH6fkGMLw4bqvL_NH6e2wMveX7G-rP2dAqsDSq1mJMOaY&#038;_nc_zt=24&#038;_nc_ht=scontent-gig4-1.xx&#038;_nc_gid=AoBFJeGrT1hVaew_6rchkQ&#038;oh=00_AfX7QmFGhQhG2jAllVgXCiM1ZrWgvtp80-Bfppyexh1QEg&#038;oe=689E923C\" \/>\n\t\t<meta property=\"article:published_time\" content=\"2018-06-15T01:53:04+00:00\" \/>\n\t\t<meta property=\"article:modified_time\" content=\"2018-06-15T01:53:04+00:00\" \/>\n\t\t<meta name=\"twitter:card\" content=\"summary_large_image\" \/>\n\t\t<meta name=\"twitter:title\" content=\"Sociarte 14\/06 - A Not\u00edcia Online\" \/>\n\t\t<meta name=\"twitter:description\" content=\"Parab\u00e9ns, Jorge O querido Jorge Augusto Marum completou 15 anos na segunda-feira (11), mas comemorou a chegada da nova idade junto com sua m\u00e3e, Ivete F\u00e9lix Marum, familiares e amigos, no \u00faltimo domingo (10). Parab\u00e9ns, Jorge! Muita sa\u00fade e felicidade sempre! Bem-vindo, Murylo O fofo, Murylo Jos\u00e9 Dias Ribeiro, chegou ao mundo no dia 17\" \/>\n\t\t<meta name=\"twitter:image\" content=\"https:\/\/scontent-gig4-1.xx.fbcdn.net\/v\/t39.30808-1\/270437624_4564083193639691_6907940295614233970_n.jpg?stp=dst-jpg_s200x200_tt6&amp;_nc_cat=111&amp;ccb=1-7&amp;_nc_sid=f907e8&amp;_nc_ohc=SM1wRlP3lJwQ7kNvwEPuBYA&amp;_nc_oc=AdnqrjDN_BNjSSHWO-GbkIWH6fkGMLw4bqvL_NH6e2wMveX7G-rP2dAqsDSq1mJMOaY&amp;_nc_zt=24&amp;_nc_ht=scontent-gig4-1.xx&amp;_nc_gid=AoBFJeGrT1hVaew_6rchkQ&amp;oh=00_AfX7QmFGhQhG2jAllVgXCiM1ZrWgvtp80-Bfppyexh1QEg&amp;oe=689E923C\" \/>\n\t\t<script type=\"application\/ld+json\" class=\"aioseo-schema\">\n\t\t\t{\"@context\":\"https:\\\/\\\/schema.org\",\"@graph\":[{\"@type\":\"BlogPosting\",\"@id\":\"https:\\\/\\\/anoticiaonline.com.br\\\/site\\\/sociarte-14-06\\\/#blogposting\",\"name\":\"Sociarte 14\\\/06 - A Not\\u00edcia Online\",\"headline\":\"Sociarte 14\\\/06\",\"author\":{\"@id\":\"https:\\\/\\\/anoticiaonline.com.br\\\/site\\\/author\\\/juliana\\\/#author\"},\"publisher\":{\"@id\":\"https:\\\/\\\/anoticiaonline.com.br\\\/site\\\/#organization\"},\"image\":{\"@type\":\"ImageObject\",\"url\":\"https:\\\/\\\/anoticiaonline.com.br\\\/site\\\/wp-content\\\/uploads\\\/2018\\\/06\\\/Parab\\u00e9ns-Jorge.jpeg\",\"@id\":\"https:\\\/\\\/anoticiaonline.com.br\\\/site\\\/sociarte-14-06\\\/#articleImage\",\"width\":539,\"height\":359},\"datePublished\":\"2018-06-14T22:53:04-03:00\",\"dateModified\":\"2018-06-14T22:53:04-03:00\",\"inLanguage\":\"pt-BR\",\"mainEntityOfPage\":{\"@id\":\"https:\\\/\\\/anoticiaonline.com.br\\\/site\\\/sociarte-14-06\\\/#webpage\"},\"isPartOf\":{\"@id\":\"https:\\\/\\\/anoticiaonline.com.br\\\/site\\\/sociarte-14-06\\\/#webpage\"},\"articleSection\":\"Sociarte\"},{\"@type\":\"BreadcrumbList\",\"@id\":\"https:\\\/\\\/anoticiaonline.com.br\\\/site\\\/sociarte-14-06\\\/#breadcrumblist\",\"itemListElement\":[{\"@type\":\"ListItem\",\"@id\":\"https:\\\/\\\/anoticiaonline.com.br\\\/site#listItem\",\"position\":1,\"name\":\"Home\",\"item\":\"https:\\\/\\\/anoticiaonline.com.br\\\/site\",\"nextItem\":{\"@type\":\"ListItem\",\"@id\":\"https:\\\/\\\/anoticiaonline.com.br\\\/site\\\/categoria\\\/colunistas\\\/#listItem\",\"name\":\"Colunistas\"}},{\"@type\":\"ListItem\",\"@id\":\"https:\\\/\\\/anoticiaonline.com.br\\\/site\\\/categoria\\\/colunistas\\\/#listItem\",\"position\":2,\"name\":\"Colunistas\",\"item\":\"https:\\\/\\\/anoticiaonline.com.br\\\/site\\\/categoria\\\/colunistas\\\/\",\"nextItem\":{\"@type\":\"ListItem\",\"@id\":\"https:\\\/\\\/anoticiaonline.com.br\\\/site\\\/categoria\\\/colunistas\\\/sociarte\\\/#listItem\",\"name\":\"Sociarte\"},\"previousItem\":{\"@type\":\"ListItem\",\"@id\":\"https:\\\/\\\/anoticiaonline.com.br\\\/site#listItem\",\"name\":\"Home\"}},{\"@type\":\"ListItem\",\"@id\":\"https:\\\/\\\/anoticiaonline.com.br\\\/site\\\/categoria\\\/colunistas\\\/sociarte\\\/#listItem\",\"position\":3,\"name\":\"Sociarte\",\"item\":\"https:\\\/\\\/anoticiaonline.com.br\\\/site\\\/categoria\\\/colunistas\\\/sociarte\\\/\",\"nextItem\":{\"@type\":\"ListItem\",\"@id\":\"https:\\\/\\\/anoticiaonline.com.br\\\/site\\\/sociarte-14-06\\\/#listItem\",\"name\":\"Sociarte 14\\\/06\"},\"previousItem\":{\"@type\":\"ListItem\",\"@id\":\"https:\\\/\\\/anoticiaonline.com.br\\\/site\\\/categoria\\\/colunistas\\\/#listItem\",\"name\":\"Colunistas\"}},{\"@type\":\"ListItem\",\"@id\":\"https:\\\/\\\/anoticiaonline.com.br\\\/site\\\/sociarte-14-06\\\/#listItem\",\"position\":4,\"name\":\"Sociarte 14\\\/06\",\"previousItem\":{\"@type\":\"ListItem\",\"@id\":\"https:\\\/\\\/anoticiaonline.com.br\\\/site\\\/categoria\\\/colunistas\\\/sociarte\\\/#listItem\",\"name\":\"Sociarte\"}}]},{\"@type\":\"Organization\",\"@id\":\"https:\\\/\\\/anoticiaonline.com.br\\\/site\\\/#organization\",\"name\":\"A Not\\u00edcia Online\",\"description\":\"Noticias de Muria\\u00e9 e regi\\u00e3o\",\"url\":\"https:\\\/\\\/anoticiaonline.com.br\\\/site\\\/\",\"logo\":{\"@type\":\"ImageObject\",\"url\":\"https:\\\/\\\/scontent-gig4-1.xx.fbcdn.net\\\/v\\\/t39.30808-1\\\/270437624_4564083193639691_6907940295614233970_n.jpg?stp=dst-jpg_s200x200_tt6&_nc_cat=111&ccb=1-7&_nc_sid=f907e8&_nc_ohc=SM1wRlP3lJwQ7kNvwEPuBYA&_nc_oc=AdnqrjDN_BNjSSHWO-GbkIWH6fkGMLw4bqvL_NH6e2wMveX7G-rP2dAqsDSq1mJMOaY&_nc_zt=24&_nc_ht=scontent-gig4-1.xx&_nc_gid=AoBFJeGrT1hVaew_6rchkQ&oh=00_AfX7QmFGhQhG2jAllVgXCiM1ZrWgvtp80-Bfppyexh1QEg&oe=689E923C\",\"@id\":\"https:\\\/\\\/anoticiaonline.com.br\\\/site\\\/sociarte-14-06\\\/#organizationLogo\"},\"image\":{\"@id\":\"https:\\\/\\\/anoticiaonline.com.br\\\/site\\\/sociarte-14-06\\\/#organizationLogo\"}},{\"@type\":\"Person\",\"@id\":\"https:\\\/\\\/anoticiaonline.com.br\\\/site\\\/author\\\/juliana\\\/#author\",\"url\":\"https:\\\/\\\/anoticiaonline.com.br\\\/site\\\/author\\\/juliana\\\/\",\"name\":\"Juliana Laviola\",\"image\":{\"@type\":\"ImageObject\",\"@id\":\"https:\\\/\\\/anoticiaonline.com.br\\\/site\\\/sociarte-14-06\\\/#authorImage\",\"url\":\"https:\\\/\\\/secure.gravatar.com\\\/avatar\\\/b8d45f5c699b100dfaf0e543582f38f38bf94cb7ae3a5e9abf8d891a34773335?s=96&d=mm&r=g\",\"width\":96,\"height\":96,\"caption\":\"Juliana Laviola\"}},{\"@type\":\"WebPage\",\"@id\":\"https:\\\/\\\/anoticiaonline.com.br\\\/site\\\/sociarte-14-06\\\/#webpage\",\"url\":\"https:\\\/\\\/anoticiaonline.com.br\\\/site\\\/sociarte-14-06\\\/\",\"name\":\"Sociarte 14\\\/06 - A Not\\u00edcia Online\",\"description\":\"Parab\\u00e9ns, Jorge O querido Jorge Augusto Marum completou 15 anos na segunda-feira (11), mas comemorou a chegada da nova idade junto com sua m\\u00e3e, Ivete F\\u00e9lix Marum, familiares e amigos, no \\u00faltimo domingo (10). Parab\\u00e9ns, Jorge! Muita sa\\u00fade e felicidade sempre! Bem-vindo, Murylo O fofo, Murylo Jos\\u00e9 Dias Ribeiro, chegou ao mundo no dia 17\",\"inLanguage\":\"pt-BR\",\"isPartOf\":{\"@id\":\"https:\\\/\\\/anoticiaonline.com.br\\\/site\\\/#website\"},\"breadcrumb\":{\"@id\":\"https:\\\/\\\/anoticiaonline.com.br\\\/site\\\/sociarte-14-06\\\/#breadcrumblist\"},\"author\":{\"@id\":\"https:\\\/\\\/anoticiaonline.com.br\\\/site\\\/author\\\/juliana\\\/#author\"},\"creator\":{\"@id\":\"https:\\\/\\\/anoticiaonline.com.br\\\/site\\\/author\\\/juliana\\\/#author\"},\"datePublished\":\"2018-06-14T22:53:04-03:00\",\"dateModified\":\"2018-06-14T22:53:04-03:00\"},{\"@type\":\"WebSite\",\"@id\":\"https:\\\/\\\/anoticiaonline.com.br\\\/site\\\/#website\",\"url\":\"https:\\\/\\\/anoticiaonline.com.br\\\/site\\\/\",\"name\":\"A Not\\u00edcia Online\",\"description\":\"Noticias de Muria\\u00e9 e regi\\u00e3o\",\"inLanguage\":\"pt-BR\",\"publisher\":{\"@id\":\"https:\\\/\\\/anoticiaonline.com.br\\\/site\\\/#organization\"}}]}\n\t\t<\/script>\n\t\t<!-- All in One SEO -->\n\n","aioseo_head_json":{"title":"Sociarte 14\/06 - A Not\u00edcia Online","description":"Parab\u00e9ns, Jorge O querido Jorge Augusto Marum completou 15 anos na segunda-feira (11), mas comemorou a chegada da nova idade junto com sua m\u00e3e, Ivete F\u00e9lix Marum, familiares e amigos, no \u00faltimo domingo (10). Parab\u00e9ns, Jorge! Muita sa\u00fade e felicidade sempre! Bem-vindo, Murylo O fofo, Murylo Jos\u00e9 Dias Ribeiro, chegou ao mundo no dia 17","canonical_url":"https:\/\/anoticiaonline.com.br\/site\/sociarte-14-06\/","robots":"max-image-preview:large","keywords":"","webmasterTools":{"miscellaneous":""},"schema":{"@context":"https:\/\/schema.org","@graph":[{"@type":"BlogPosting","@id":"https:\/\/anoticiaonline.com.br\/site\/sociarte-14-06\/#blogposting","name":"Sociarte 14\/06 - A Not\u00edcia Online","headline":"Sociarte 14\/06","author":{"@id":"https:\/\/anoticiaonline.com.br\/site\/author\/juliana\/#author"},"publisher":{"@id":"https:\/\/anoticiaonline.com.br\/site\/#organization"},"image":{"@type":"ImageObject","url":"https:\/\/anoticiaonline.com.br\/site\/wp-content\/uploads\/2018\/06\/Parab\u00e9ns-Jorge.jpeg","@id":"https:\/\/anoticiaonline.com.br\/site\/sociarte-14-06\/#articleImage","width":539,"height":359},"datePublished":"2018-06-14T22:53:04-03:00","dateModified":"2018-06-14T22:53:04-03:00","inLanguage":"pt-BR","mainEntityOfPage":{"@id":"https:\/\/anoticiaonline.com.br\/site\/sociarte-14-06\/#webpage"},"isPartOf":{"@id":"https:\/\/anoticiaonline.com.br\/site\/sociarte-14-06\/#webpage"},"articleSection":"Sociarte"},{"@type":"BreadcrumbList","@id":"https:\/\/anoticiaonline.com.br\/site\/sociarte-14-06\/#breadcrumblist","itemListElement":[{"@type":"ListItem","@id":"https:\/\/anoticiaonline.com.br\/site#listItem","position":1,"name":"Home","item":"https:\/\/anoticiaonline.com.br\/site","nextItem":{"@type":"ListItem","@id":"https:\/\/anoticiaonline.com.br\/site\/categoria\/colunistas\/#listItem","name":"Colunistas"}},{"@type":"ListItem","@id":"https:\/\/anoticiaonline.com.br\/site\/categoria\/colunistas\/#listItem","position":2,"name":"Colunistas","item":"https:\/\/anoticiaonline.com.br\/site\/categoria\/colunistas\/","nextItem":{"@type":"ListItem","@id":"https:\/\/anoticiaonline.com.br\/site\/categoria\/colunistas\/sociarte\/#listItem","name":"Sociarte"},"previousItem":{"@type":"ListItem","@id":"https:\/\/anoticiaonline.com.br\/site#listItem","name":"Home"}},{"@type":"ListItem","@id":"https:\/\/anoticiaonline.com.br\/site\/categoria\/colunistas\/sociarte\/#listItem","position":3,"name":"Sociarte","item":"https:\/\/anoticiaonline.com.br\/site\/categoria\/colunistas\/sociarte\/","nextItem":{"@type":"ListItem","@id":"https:\/\/anoticiaonline.com.br\/site\/sociarte-14-06\/#listItem","name":"Sociarte 14\/06"},"previousItem":{"@type":"ListItem","@id":"https:\/\/anoticiaonline.com.br\/site\/categoria\/colunistas\/#listItem","name":"Colunistas"}},{"@type":"ListItem","@id":"https:\/\/anoticiaonline.com.br\/site\/sociarte-14-06\/#listItem","position":4,"name":"Sociarte 14\/06","previousItem":{"@type":"ListItem","@id":"https:\/\/anoticiaonline.com.br\/site\/categoria\/colunistas\/sociarte\/#listItem","name":"Sociarte"}}]},{"@type":"Organization","@id":"https:\/\/anoticiaonline.com.br\/site\/#organization","name":"A Not\u00edcia Online","description":"Noticias de Muria\u00e9 e regi\u00e3o","url":"https:\/\/anoticiaonline.com.br\/site\/","logo":{"@type":"ImageObject","url":"https:\/\/scontent-gig4-1.xx.fbcdn.net\/v\/t39.30808-1\/270437624_4564083193639691_6907940295614233970_n.jpg?stp=dst-jpg_s200x200_tt6&_nc_cat=111&ccb=1-7&_nc_sid=f907e8&_nc_ohc=SM1wRlP3lJwQ7kNvwEPuBYA&_nc_oc=AdnqrjDN_BNjSSHWO-GbkIWH6fkGMLw4bqvL_NH6e2wMveX7G-rP2dAqsDSq1mJMOaY&_nc_zt=24&_nc_ht=scontent-gig4-1.xx&_nc_gid=AoBFJeGrT1hVaew_6rchkQ&oh=00_AfX7QmFGhQhG2jAllVgXCiM1ZrWgvtp80-Bfppyexh1QEg&oe=689E923C","@id":"https:\/\/anoticiaonline.com.br\/site\/sociarte-14-06\/#organizationLogo"},"image":{"@id":"https:\/\/anoticiaonline.com.br\/site\/sociarte-14-06\/#organizationLogo"}},{"@type":"Person","@id":"https:\/\/anoticiaonline.com.br\/site\/author\/juliana\/#author","url":"https:\/\/anoticiaonline.com.br\/site\/author\/juliana\/","name":"Juliana Laviola","image":{"@type":"ImageObject","@id":"https:\/\/anoticiaonline.com.br\/site\/sociarte-14-06\/#authorImage","url":"https:\/\/secure.gravatar.com\/avatar\/b8d45f5c699b100dfaf0e543582f38f38bf94cb7ae3a5e9abf8d891a34773335?s=96&d=mm&r=g","width":96,"height":96,"caption":"Juliana Laviola"}},{"@type":"WebPage","@id":"https:\/\/anoticiaonline.com.br\/site\/sociarte-14-06\/#webpage","url":"https:\/\/anoticiaonline.com.br\/site\/sociarte-14-06\/","name":"Sociarte 14\/06 - A Not\u00edcia Online","description":"Parab\u00e9ns, Jorge O querido Jorge Augusto Marum completou 15 anos na segunda-feira (11), mas comemorou a chegada da nova idade junto com sua m\u00e3e, Ivete F\u00e9lix Marum, familiares e amigos, no \u00faltimo domingo (10). Parab\u00e9ns, Jorge! Muita sa\u00fade e felicidade sempre! Bem-vindo, Murylo O fofo, Murylo Jos\u00e9 Dias Ribeiro, chegou ao mundo no dia 17","inLanguage":"pt-BR","isPartOf":{"@id":"https:\/\/anoticiaonline.com.br\/site\/#website"},"breadcrumb":{"@id":"https:\/\/anoticiaonline.com.br\/site\/sociarte-14-06\/#breadcrumblist"},"author":{"@id":"https:\/\/anoticiaonline.com.br\/site\/author\/juliana\/#author"},"creator":{"@id":"https:\/\/anoticiaonline.com.br\/site\/author\/juliana\/#author"},"datePublished":"2018-06-14T22:53:04-03:00","dateModified":"2018-06-14T22:53:04-03:00"},{"@type":"WebSite","@id":"https:\/\/anoticiaonline.com.br\/site\/#website","url":"https:\/\/anoticiaonline.com.br\/site\/","name":"A Not\u00edcia Online","description":"Noticias de Muria\u00e9 e regi\u00e3o","inLanguage":"pt-BR","publisher":{"@id":"https:\/\/anoticiaonline.com.br\/site\/#organization"}}]},"og:locale":"pt_BR","og:site_name":"A Not\u00edcia Online - Noticias de Muria\u00e9 e regi\u00e3o","og:type":"article","og:title":"Sociarte 14\/06 - A Not\u00edcia Online","og:description":"Parab\u00e9ns, Jorge O querido Jorge Augusto Marum completou 15 anos na segunda-feira (11), mas comemorou a chegada da nova idade junto com sua m\u00e3e, Ivete F\u00e9lix Marum, familiares e amigos, no \u00faltimo domingo (10). Parab\u00e9ns, Jorge! Muita sa\u00fade e felicidade sempre! Bem-vindo, Murylo O fofo, Murylo Jos\u00e9 Dias Ribeiro, chegou ao mundo no dia 17","og:url":"https:\/\/anoticiaonline.com.br\/site\/sociarte-14-06\/","og:image":"https:\/\/scontent-gig4-1.xx.fbcdn.net\/v\/t39.30808-1\/270437624_4564083193639691_6907940295614233970_n.jpg?stp=dst-jpg_s200x200_tt6&#038;_nc_cat=111&#038;ccb=1-7&#038;_nc_sid=f907e8&#038;_nc_ohc=SM1wRlP3lJwQ7kNvwEPuBYA&#038;_nc_oc=AdnqrjDN_BNjSSHWO-GbkIWH6fkGMLw4bqvL_NH6e2wMveX7G-rP2dAqsDSq1mJMOaY&#038;_nc_zt=24&#038;_nc_ht=scontent-gig4-1.xx&#038;_nc_gid=AoBFJeGrT1hVaew_6rchkQ&#038;oh=00_AfX7QmFGhQhG2jAllVgXCiM1ZrWgvtp80-Bfppyexh1QEg&#038;oe=689E923C","og:image:secure_url":"https:\/\/scontent-gig4-1.xx.fbcdn.net\/v\/t39.30808-1\/270437624_4564083193639691_6907940295614233970_n.jpg?stp=dst-jpg_s200x200_tt6&#038;_nc_cat=111&#038;ccb=1-7&#038;_nc_sid=f907e8&#038;_nc_ohc=SM1wRlP3lJwQ7kNvwEPuBYA&#038;_nc_oc=AdnqrjDN_BNjSSHWO-GbkIWH6fkGMLw4bqvL_NH6e2wMveX7G-rP2dAqsDSq1mJMOaY&#038;_nc_zt=24&#038;_nc_ht=scontent-gig4-1.xx&#038;_nc_gid=AoBFJeGrT1hVaew_6rchkQ&#038;oh=00_AfX7QmFGhQhG2jAllVgXCiM1ZrWgvtp80-Bfppyexh1QEg&#038;oe=689E923C","article:published_time":"2018-06-15T01:53:04+00:00","article:modified_time":"2018-06-15T01:53:04+00:00","twitter:card":"summary_large_image","twitter:title":"Sociarte 14\/06 - A Not\u00edcia Online","twitter:description":"Parab\u00e9ns, Jorge O querido Jorge Augusto Marum completou 15 anos na segunda-feira (11), mas comemorou a chegada da nova idade junto com sua m\u00e3e, Ivete F\u00e9lix Marum, familiares e amigos, no \u00faltimo domingo (10). Parab\u00e9ns, Jorge! Muita sa\u00fade e felicidade sempre! Bem-vindo, Murylo O fofo, Murylo Jos\u00e9 Dias Ribeiro, chegou ao mundo no dia 17","twitter:image":"https:\/\/scontent-gig4-1.xx.fbcdn.net\/v\/t39.30808-1\/270437624_4564083193639691_6907940295614233970_n.jpg?stp=dst-jpg_s200x200_tt6&_nc_cat=111&ccb=1-7&_nc_sid=f907e8&_nc_ohc=SM1wRlP3lJwQ7kNvwEPuBYA&_nc_oc=AdnqrjDN_BNjSSHWO-GbkIWH6fkGMLw4bqvL_NH6e2wMveX7G-rP2dAqsDSq1mJMOaY&_nc_zt=24&_nc_ht=scontent-gig4-1.xx&_nc_gid=AoBFJeGrT1hVaew_6rchkQ&oh=00_AfX7QmFGhQhG2jAllVgXCiM1ZrWgvtp80-Bfppyexh1QEg&oe=689E923C"},"aioseo_meta_data":{"post_id":"57238","title":null,"description":null,"keywords":null,"keyphrases":null,"primary_term":null,"canonical_url":null,"og_title":null,"og_description":null,"og_object_type":"default","og_image_type":"default","og_image_url":null,"og_image_width":null,"og_image_height":null,"og_image_custom_url":null,"og_image_custom_fields":null,"og_video":null,"og_custom_url":null,"og_article_section":null,"og_article_tags":null,"twitter_use_og":false,"twitter_card":"default","twitter_image_type":"default","twitter_image_url":null,"twitter_image_custom_url":null,"twitter_image_custom_fields":null,"twitter_title":null,"twitter_description":null,"schema":{"blockGraphs":[],"customGraphs":[],"default":{"data":{"Article":[],"Course":[],"Dataset":[],"FAQPage":[],"Movie":[],"Person":[],"Product":[],"ProductReview":[],"Car":[],"Recipe":[],"Service":[],"SoftwareApplication":[],"WebPage":[]},"graphName":"","isEnabled":true},"graphs":[]},"schema_type":"default","schema_type_options":null,"pillar_content":false,"robots_default":true,"robots_noindex":false,"robots_noarchive":false,"robots_nosnippet":false,"robots_nofollow":false,"robots_noimageindex":false,"robots_noodp":false,"robots_notranslate":false,"robots_max_snippet":null,"robots_max_videopreview":null,"robots_max_imagepreview":"large","priority":null,"frequency":null,"local_seo":null,"breadcrumb_settings":null,"limit_modified_date":false,"ai":null,"created":"2025-08-16 21:05:19","updated":"2025-08-16 21:05:19","focus_keyword":null,"additional_keywords":null,"truseo_locale":null,"seo_analyzer_scan_date":null},"aioseo_breadcrumb":"<div class=\"aioseo-breadcrumbs\"><span class=\"aioseo-breadcrumb\">\n\t\t\t<a href=\"https:\/\/anoticiaonline.com.br\/site\" title=\"Home\">Home<\/a>\n\t\t<\/span><span class=\"aioseo-breadcrumb-separator\">&raquo;<\/span><span class=\"aioseo-breadcrumb\">\n\t\t\t<a href=\"https:\/\/anoticiaonline.com.br\/site\/categoria\/colunistas\/\" title=\"Colunistas\">Colunistas<\/a>\n\t\t<\/span><span class=\"aioseo-breadcrumb-separator\">&raquo;<\/span><span class=\"aioseo-breadcrumb\">\n\t\t\t<a href=\"https:\/\/anoticiaonline.com.br\/site\/categoria\/colunistas\/sociarte\/\" title=\"Sociarte\">Sociarte<\/a>\n\t\t<\/span><span class=\"aioseo-breadcrumb-separator\">&raquo;<\/span><span class=\"aioseo-breadcrumb\">\n\t\t\tSociarte 14\/06\n\t\t<\/span><\/div>","aioseo_breadcrumb_json":[{"label":"Home","link":"https:\/\/anoticiaonline.com.br\/site"},{"label":"Colunistas","link":"https:\/\/anoticiaonline.com.br\/site\/categoria\/colunistas\/"},{"label":"Sociarte","link":"https:\/\/anoticiaonline.com.br\/site\/categoria\/colunistas\/sociarte\/"},{"label":"Sociarte 14\/06","link":"https:\/\/anoticiaonline.com.br\/site\/sociarte-14-06\/"}],"views":126,"_links":{"self":[{"href":"https:\/\/anoticiaonline.com.br\/site\/wp-json\/wp\/v2\/posts\/57238","targetHints":{"allow":["GET"]}}],"collection":[{"href":"https:\/\/anoticiaonline.com.br\/site\/wp-json\/wp\/v2\/posts"}],"about":[{"href":"https:\/\/anoticiaonline.com.br\/site\/wp-json\/wp\/v2\/types\/post"}],"author":[{"embeddable":true,"href":"https:\/\/anoticiaonline.com.br\/site\/wp-json\/wp\/v2\/users\/2"}],"replies":[{"embeddable":true,"href":"https:\/\/anoticiaonline.com.br\/site\/wp-json\/wp\/v2\/comments?post=57238"}],"version-history":[{"count":0,"href":"https:\/\/anoticiaonline.com.br\/site\/wp-json\/wp\/v2\/posts\/57238\/revisions"}],"wp:attachment":[{"href":"https:\/\/anoticiaonline.com.br\/site\/wp-json\/wp\/v2\/media?parent=57238"}],"wp:term":[{"taxonomy":"category","embeddable":true,"href":"https:\/\/anoticiaonline.com.br\/site\/wp-json\/wp\/v2\/categories?post=57238"},{"taxonomy":"post_tag","embeddable":true,"href":"https:\/\/anoticiaonline.com.br\/site\/wp-json\/wp\/v2\/tags?post=57238"}],"curies":[{"name":"wp","href":"https:\/\/api.w.org\/{rel}","templated":true}]}}