{"id":57089,"date":"2018-06-14T17:40:46","date_gmt":"2018-06-14T20:40:46","guid":{"rendered":"http:\/\/anoticiaonline.com.br\/site\/?p=57089"},"modified":"2018-06-14T17:40:46","modified_gmt":"2018-06-14T20:40:46","slug":"47o-bpm-comemora-11-anos-com-solenidade-no-memorial-da-fcv","status":"publish","type":"post","link":"https:\/\/anoticiaonline.com.br\/site\/47o-bpm-comemora-11-anos-com-solenidade-no-memorial-da-fcv\/","title":{"rendered":"47\u00ba BPM comemora 11 anos com solenidade no Memorial da FCV"},"content":{"rendered":"<p><a href=\"https:\/\/anoticiaonline.com.br\/site\/wp-content\/uploads\/2018\/06\/47\u00ba-BPM-comemora-11-anos-com-solenidade-no-Memorial-da-FCV-5.jpg\"><img fetchpriority=\"high\" decoding=\"async\" class=\"alignnone size-full wp-image-57090\" src=\"https:\/\/anoticiaonline.com.br\/site\/wp-content\/uploads\/2018\/06\/47\u00ba-BPM-comemora-11-anos-com-solenidade-no-Memorial-da-FCV-5.jpg\" alt=\"\" width=\"640\" height=\"427\" srcset=\"https:\/\/anoticiaonline.com.br\/site\/wp-content\/uploads\/2018\/06\/47\u00ba-BPM-comemora-11-anos-com-solenidade-no-Memorial-da-FCV-5.jpg 640w, https:\/\/anoticiaonline.com.br\/site\/wp-content\/uploads\/2018\/06\/47\u00ba-BPM-comemora-11-anos-com-solenidade-no-Memorial-da-FCV-5-300x200.jpg 300w\" sizes=\"(max-width: 640px) 100vw, 640px\" \/><\/a> <a href=\"https:\/\/anoticiaonline.com.br\/site\/wp-content\/uploads\/2018\/06\/47\u00ba-BPM-comemora-11-anos-com-solenidade-no-Memorial-da-FCV.jpg\"><img decoding=\"async\" class=\"alignnone size-full wp-image-57091\" src=\"https:\/\/anoticiaonline.com.br\/site\/wp-content\/uploads\/2018\/06\/47\u00ba-BPM-comemora-11-anos-com-solenidade-no-Memorial-da-FCV.jpg\" alt=\"\" width=\"640\" height=\"427\" srcset=\"https:\/\/anoticiaonline.com.br\/site\/wp-content\/uploads\/2018\/06\/47\u00ba-BPM-comemora-11-anos-com-solenidade-no-Memorial-da-FCV.jpg 640w, https:\/\/anoticiaonline.com.br\/site\/wp-content\/uploads\/2018\/06\/47\u00ba-BPM-comemora-11-anos-com-solenidade-no-Memorial-da-FCV-300x200.jpg 300w\" sizes=\"(max-width: 640px) 100vw, 640px\" \/><\/a> <a href=\"https:\/\/anoticiaonline.com.br\/site\/wp-content\/uploads\/2018\/06\/47\u00ba-BPM-comemora-11-anos-com-solenidade-no-Memorial-da-FCV-2.jpg\"><img decoding=\"async\" class=\"alignnone size-full wp-image-57092\" src=\"https:\/\/anoticiaonline.com.br\/site\/wp-content\/uploads\/2018\/06\/47\u00ba-BPM-comemora-11-anos-com-solenidade-no-Memorial-da-FCV-2.jpg\" alt=\"\" width=\"640\" height=\"427\" srcset=\"https:\/\/anoticiaonline.com.br\/site\/wp-content\/uploads\/2018\/06\/47\u00ba-BPM-comemora-11-anos-com-solenidade-no-Memorial-da-FCV-2.jpg 640w, https:\/\/anoticiaonline.com.br\/site\/wp-content\/uploads\/2018\/06\/47\u00ba-BPM-comemora-11-anos-com-solenidade-no-Memorial-da-FCV-2-300x200.jpg 300w\" sizes=\"(max-width: 640px) 100vw, 640px\" \/><\/a> <a href=\"https:\/\/anoticiaonline.com.br\/site\/wp-content\/uploads\/2018\/06\/47\u00ba-BPM-comemora-11-anos-com-solenidade-no-Memorial-da-FCV-3.jpg\"><img loading=\"lazy\" decoding=\"async\" class=\"alignnone size-full wp-image-57093\" src=\"https:\/\/anoticiaonline.com.br\/site\/wp-content\/uploads\/2018\/06\/47\u00ba-BPM-comemora-11-anos-com-solenidade-no-Memorial-da-FCV-3.jpg\" alt=\"\" width=\"640\" height=\"427\" srcset=\"https:\/\/anoticiaonline.com.br\/site\/wp-content\/uploads\/2018\/06\/47\u00ba-BPM-comemora-11-anos-com-solenidade-no-Memorial-da-FCV-3.jpg 640w, https:\/\/anoticiaonline.com.br\/site\/wp-content\/uploads\/2018\/06\/47\u00ba-BPM-comemora-11-anos-com-solenidade-no-Memorial-da-FCV-3-300x200.jpg 300w\" sizes=\"(max-width: 640px) 100vw, 640px\" \/><\/a> <a href=\"https:\/\/anoticiaonline.com.br\/site\/wp-content\/uploads\/2018\/06\/47\u00ba-BPM-comemora-11-anos-com-solenidade-no-Memorial-da-FCV-4.jpg\"><img loading=\"lazy\" decoding=\"async\" class=\"alignnone size-full wp-image-57094\" src=\"https:\/\/anoticiaonline.com.br\/site\/wp-content\/uploads\/2018\/06\/47\u00ba-BPM-comemora-11-anos-com-solenidade-no-Memorial-da-FCV-4.jpg\" alt=\"\" width=\"640\" height=\"427\" srcset=\"https:\/\/anoticiaonline.com.br\/site\/wp-content\/uploads\/2018\/06\/47\u00ba-BPM-comemora-11-anos-com-solenidade-no-Memorial-da-FCV-4.jpg 640w, https:\/\/anoticiaonline.com.br\/site\/wp-content\/uploads\/2018\/06\/47\u00ba-BPM-comemora-11-anos-com-solenidade-no-Memorial-da-FCV-4-300x200.jpg 300w\" sizes=\"(max-width: 640px) 100vw, 640px\" \/><\/a><\/p>\n<p>O 47\u00ba Batalh\u00e3o de Pol\u00edcia Militar (BPM), implantado em 27 de abril de 2007, comemorou\u00a011 anos de servi\u00e7os prestados a Muria\u00e9 e regi\u00e3o durante cerim\u00f4nia solene no Memorial da Funda\u00e7\u00e3o Cristiano Varella, na manh\u00e3 de quinta-feira (14).<\/p>\n<p>Considerado o \u201cGuardi\u00e3o da Divisa\u201d, o 47\u00ba BPM atua na cidade e mais 17 munic\u00edpios da regi\u00e3o. A cerim\u00f4nia celebrou\u00a0os 243 anos da PMMG, e foi marcada por homenagens a militares e personalidades parceiras da unidade.<\/p>\n<p>Veja a lista dos homenageados:<\/p>\n<p><strong>Militares que receberam a medalha do M\u00e9rito Militar:<\/strong><\/p>\n<p><strong>Grau ouro &#8211; <\/strong>2\u00ba Tem. PM Anderson Giovane N. Ferreira<\/p>\n<p><strong>Grau prata &#8211; C<\/strong>ap PM QOR Ant\u00f4nio Carlos Torres<\/p>\n<p>1\u00b0 Ten PM Jorge Roberto Marcos<\/p>\n<p>Sub Ten PM Rog\u00e9rio L\u00facio de Oliveira Silva<\/p>\n<p>1\u00b0 Sgt PM Marcelo Silva<\/p>\n<p>2\u00b0 Sgt Ronan Elizeu Campos<\/p>\n<p>2\u00ba Sgt Marcelo Oliveira Moraes<\/p>\n<p>2\u00ba Sgt PM Jorge Marcelo Vaz<\/p>\n<p>2\u00ba Sgt PM Mauro Pedro Lopes de Abreu<\/p>\n<p>2\u00ba Sgt PM Paulo Cesar Moreira<\/p>\n<p>3\u00ba Sgt PM Micheline do Carmo Silva Rangel<\/p>\n<p>3\u00ba Sgt Adilson Carlos Gomes<\/p>\n<p>3\u00ba Sgt PM Eli de F\u00e1tima Santos<\/p>\n<p>3\u00ba Sgt PM Marcos Rubi Gravel de Oliveira<\/p>\n<p>3\u00ba Sgt PM Idael Paulo de Souza<\/p>\n<p>3\u00b0 Sgt PM Jos\u00e9 Domingos da Silva<\/p>\n<p>3\u00b0 Sgt PM Luis Carlos de Oliveira Francisco<\/p>\n<p>3\u00ba Sgt PM Sidiclei Xavier Borges<\/p>\n<p>3\u00ba Sgt PM Luiz Carlos Neves<\/p>\n<p>3\u00ba Sgt PM Paulino In\u00e1cio de Souza<\/p>\n<p>3\u00ba Sgt PM Ronnie de Oliveira Santos<\/p>\n<p>3\u00ba Sgt PM Paulo Cesar Brum Gon\u00e7alves<\/p>\n<p>3\u00ba Sgt PM Leandro Ribeiro dos Santos<\/p>\n<p>3\u00ba Sgt PM Rog\u00e9rio Jos\u00e9 Corr\u00eaa<\/p>\n<p>3\u00ba Sgt PM Cristiano Vera Cruz Pompei<\/p>\n<p>3\u00ba Sgt PM Alessandro de Oliveira Lopes<\/p>\n<p>3\u00ba Sgt PM Luis Carlos Silva Aguiar<\/p>\n<p>Cb PM Fernando S\u00e9rgio Sevidanes Bousada<\/p>\n<p><strong>Grau bronze &#8211; <\/strong>2\u00ba Ten PM Thiago Morais de Almeida Lemes<\/p>\n<p>1\u00b0 Sgt PM Sandro Henrique Oliveira Muguet<\/p>\n<p>1\u00ba Sgt PM Vladimir Ramos Gusman<\/p>\n<p>2\u00b0 Sgt PM Gleidson Solon da Silveira<\/p>\n<p>2\u00b0Sgt PM Roberto Rodrigues Agrelos<\/p>\n<p>2\u00b0 Sgt Pm Augusto Gomes da Nobrega<\/p>\n<p>2\u00b0 Sgt PM Ralf de Andrade Maciel<\/p>\n<p>3\u00b0 Sgt PM Carlos Antonio Marques dos Santos<\/p>\n<p>3\u00b0 Sgt PM Julio Cesar Gomes<\/p>\n<p>3\u00ba Sgt PM Ronaldo Martins de Azevedo<\/p>\n<p>3\u00b0 Sgt PM Dami\u00e3o Angelo da C Soares<\/p>\n<p>3\u00b0 Sgt PM Jos\u00e9 Carlos de Souza Santiago<\/p>\n<p>3\u00b0 Sgt PM Andrea Ferreira da Silva Correa<\/p>\n<p>3\u00b0 Sgt PM Gelson Alves Xavier<\/p>\n<p>3\u00b0 Sgt PM Anderson de Oliveira Silva<\/p>\n<p>Cb PM Jo\u00e3o Carlos Martins Machado<\/p>\n<p>Cb PM Felipe Tadeu Gammaro<\/p>\n<p>Cb PM Carlos Alberto Taconi<\/p>\n<p>Cb PM Ednilson Jos\u00e9 de Souza<\/p>\n<p>Cb PM Diego Manuel da Silva<\/p>\n<p>Cb PM Jos\u00e9 Adriano Leite Xavier<\/p>\n<p>Cb PM Marcos Jos\u00e9 da Silva<\/p>\n<p>Cb PM Vinicius Barbosa Manhanini<\/p>\n<p>Cb PM Julio Cesar Mizael Silva<\/p>\n<p>Cb PM Fabiano Santos Morais<\/p>\n<p>Cb PM Luiz Fernando Ribeiro Ferreira<\/p>\n<p>Cb PM Heigon Henrique dos Santos Vital<\/p>\n<p>Cb PM Eric Adriano Marcelino de Souza<\/p>\n<p>Cb PM Fl\u00e1vio Ferreira de Mesquita<\/p>\n<p>Cb PM Piter Marques de Morais<\/p>\n<p>Cb PM Eduardo Muniz de Souza<\/p>\n<p>Cb PM Venilson Assis Muniz<\/p>\n<p>Cb PM Eliza Ataliba Silva Barbosa<\/p>\n<p>Cb PM Nelson Souza Resende<\/p>\n<p>Cb PM Jos\u00e9 Gilton Domingos<\/p>\n<p>Cb PM Valdemar Luis de Barros<\/p>\n<p><strong>Guardi\u00e3o da Divisa &#8211; <\/strong>Ely Demarque de Oliveira<\/p>\n<p>Geraldo Vergilino de Freitas Junior<\/p>\n<p>Rodrigo Furtado de Miranda<\/p>\n<p>Walder Costa dos Santos<\/p>\n<p>Jackeline Ferreira Rangel<\/p>\n<p>Jo\u00e3o Ernani de Lima Marreco<\/p>\n<p>Almiro Marques de Lacerda Filho<\/p>\n<p>Jos\u00e9 Geraldo Ramos<\/p>\n<p>1\u00ba Ten PM Reinaldo Felippe Feres Laviola<\/p>\n<p>2\u00ba Ten PM Hudson Filipi Chempe<\/p>\n<p>2\u00ba Ten PM Felipe Costa Montenegro<\/p>\n<p>2\u00ba Sgt PM Sydney Soares Leite<\/p>\n<p>3\u00ba Sgt PM Marinho Bonif\u00e1cio da Silva<\/p>\n<p><strong>Certificado de Dever Cumprido &#8211; <\/strong>Ten Cel PM Dian Carlo Pimentel Miranda<\/p>\n<p>Cap PM Marcelo Avelar Rezende<\/p>\n<p>1\u00ba Ten PM Selma Carla Ferreira<\/p>\n<p>Sub Ten PM Cosme Jos\u00e9 Lopes Silva<\/p>\n<p>Sub Ten PM Virgilio Justiniano Alves Neto<\/p>\n<p>Sub Ten PM Cosme Jos\u00e9 Lopes Silva<\/p>\n<p>1\u00ba Sgt PM Arilson Francisco C. Peixoto.<\/p>\n<p>2\u00b0 Sgt PM Edson Benedito<\/p>\n<p>2\u00ba Sgt PM F\u00e1bio Sergio Tancredi Brand\u00e3o Jr.<\/p>\n<p>2\u00ba Sgt PM Janilson Pacheco Pereira<\/p>\n<p>2\u00ba Sgt PM Zenilda Nery da Silva<\/p>\n<p>2\u00ba Sgt PM Ronaldo S\u00e9rgio de Souza<\/p>\n<p>2\u00ba Sgt PM Geraldo da Rocha de Souza<\/p>\n<p>2\u00ba Sgt PM Valdeci Faustino da Silva<\/p>\n<p>2\u00ba Sgt PM Venet Correia Silva Pe\u00e7anha<\/p>\n<p>3\u00ba Sgt PM Rog\u00e9rio Jos\u00e9 Correa<\/p>\n<p>3\u00ba Sgt PM Valdo Marques da Silva<\/p>\n<p>3\u00ba Sgt PM Wanderley Lima Freitas<\/p>\n<p>3\u00ba Sgt PM Carlos Magno Crespo da Silva<\/p>\n<p>3\u00ba Sgt PM Pedro Paulo Leal<\/p>\n<p>3\u00ba Sgt PM Cristovam Luciano Alves Ferreira<\/p>\n<p>Cb PM Carlos Alberto Taconi<\/p>\n<p><strong>Medalha do M\u00e9rito Marechal Argolo \u2013 <\/strong>Ten Cel PM Joedson Flaviano Gomes<\/p>\n<p>Luciana de Oliveira Archete<\/p>\n","protected":false},"excerpt":{"rendered":"<p>O 47\u00ba Batalh\u00e3o de Pol\u00edcia Militar (BPM), implantado em 27 de abril de 2007, comemorou\u00a011 anos de servi\u00e7os prestados a Muria\u00e9 e regi\u00e3o durante cerim\u00f4nia solene no Memorial da Funda\u00e7\u00e3o Cristiano Varella, na manh\u00e3 de quinta-feira (14). Considerado o \u201cGuardi\u00e3o da Divisa\u201d, o 47\u00ba BPM atua na cidade e mais 17 munic\u00edpios da regi\u00e3o. A &#8230; <a title=\"47\u00ba BPM comemora 11 anos com solenidade no Memorial da FCV\" class=\"read-more\" href=\"https:\/\/anoticiaonline.com.br\/site\/47o-bpm-comemora-11-anos-com-solenidade-no-memorial-da-fcv\/\" aria-label=\"Read more about 47\u00ba BPM comemora 11 anos com solenidade no Memorial da FCV\">Ler mais<\/a><\/p>\n","protected":false},"author":2,"featured_media":57090,"comment_status":"open","ping_status":"open","sticky":false,"template":"","format":"standard","meta":{"_acf_changed":false,"_monsterinsights_skip_tracking":false,"footnotes":""},"categories":[30],"tags":[1408,277,278],"class_list":["post-57089","post","type-post","status-publish","format-standard","has-post-thumbnail","hentry","category-muriae","tag-11-anos","tag-47-bpm","tag-pmmg"],"acf":[],"aioseo_notices":[],"aioseo_head":"\n\t\t<!-- All in One SEO 5.0.0.1 - aioseo.com -->\n\t<meta name=\"description\" content=\"O 47\u00ba Batalh\u00e3o de Pol\u00edcia Militar (BPM), implantado em 27 de abril de 2007, comemorou 11 anos de servi\u00e7os prestados a Muria\u00e9 e regi\u00e3o durante cerim\u00f4nia solene no Memorial da Funda\u00e7\u00e3o Cristiano Varella, na manh\u00e3 de quinta-feira (14). Considerado o \u201cGuardi\u00e3o da Divisa\u201d, o 47\u00ba BPM atua na cidade e mais 17 munic\u00edpios da regi\u00e3o. A\" \/>\n\t<meta name=\"robots\" content=\"max-image-preview:large\" \/>\n\t<meta name=\"author\" content=\"Juliana Laviola\"\/>\n\t<link rel=\"canonical\" href=\"https:\/\/anoticiaonline.com.br\/site\/47o-bpm-comemora-11-anos-com-solenidade-no-memorial-da-fcv\/\" \/>\n\t<meta name=\"generator\" content=\"All in One SEO (AIOSEO) 5.0.0.1\" \/>\n\t\t<meta property=\"og:locale\" content=\"pt_BR\" \/>\n\t\t<meta property=\"og:site_name\" content=\"A Not\u00edcia Online - Noticias de Muria\u00e9 e regi\u00e3o\" \/>\n\t\t<meta property=\"og:type\" content=\"article\" \/>\n\t\t<meta property=\"og:title\" content=\"47\u00ba BPM comemora 11 anos com solenidade no Memorial da FCV - A Not\u00edcia Online\" \/>\n\t\t<meta property=\"og:description\" content=\"O 47\u00ba Batalh\u00e3o de Pol\u00edcia Militar (BPM), implantado em 27 de abril de 2007, comemorou 11 anos de servi\u00e7os prestados a Muria\u00e9 e regi\u00e3o durante cerim\u00f4nia solene no Memorial da Funda\u00e7\u00e3o Cristiano Varella, na manh\u00e3 de quinta-feira (14). Considerado o \u201cGuardi\u00e3o da Divisa\u201d, o 47\u00ba BPM atua na cidade e mais 17 munic\u00edpios da regi\u00e3o. A\" \/>\n\t\t<meta property=\"og:url\" content=\"https:\/\/anoticiaonline.com.br\/site\/47o-bpm-comemora-11-anos-com-solenidade-no-memorial-da-fcv\/\" \/>\n\t\t<meta property=\"og:image\" content=\"https:\/\/scontent-gig4-1.xx.fbcdn.net\/v\/t39.30808-1\/270437624_4564083193639691_6907940295614233970_n.jpg?stp=dst-jpg_s200x200_tt6&#038;_nc_cat=111&#038;ccb=1-7&#038;_nc_sid=f907e8&#038;_nc_ohc=SM1wRlP3lJwQ7kNvwEPuBYA&#038;_nc_oc=AdnqrjDN_BNjSSHWO-GbkIWH6fkGMLw4bqvL_NH6e2wMveX7G-rP2dAqsDSq1mJMOaY&#038;_nc_zt=24&#038;_nc_ht=scontent-gig4-1.xx&#038;_nc_gid=AoBFJeGrT1hVaew_6rchkQ&#038;oh=00_AfX7QmFGhQhG2jAllVgXCiM1ZrWgvtp80-Bfppyexh1QEg&#038;oe=689E923C\" \/>\n\t\t<meta property=\"og:image:secure_url\" content=\"https:\/\/scontent-gig4-1.xx.fbcdn.net\/v\/t39.30808-1\/270437624_4564083193639691_6907940295614233970_n.jpg?stp=dst-jpg_s200x200_tt6&#038;_nc_cat=111&#038;ccb=1-7&#038;_nc_sid=f907e8&#038;_nc_ohc=SM1wRlP3lJwQ7kNvwEPuBYA&#038;_nc_oc=AdnqrjDN_BNjSSHWO-GbkIWH6fkGMLw4bqvL_NH6e2wMveX7G-rP2dAqsDSq1mJMOaY&#038;_nc_zt=24&#038;_nc_ht=scontent-gig4-1.xx&#038;_nc_gid=AoBFJeGrT1hVaew_6rchkQ&#038;oh=00_AfX7QmFGhQhG2jAllVgXCiM1ZrWgvtp80-Bfppyexh1QEg&#038;oe=689E923C\" \/>\n\t\t<meta property=\"article:published_time\" content=\"2018-06-14T20:40:46+00:00\" \/>\n\t\t<meta property=\"article:modified_time\" content=\"2018-06-14T20:40:46+00:00\" \/>\n\t\t<meta name=\"twitter:card\" content=\"summary_large_image\" \/>\n\t\t<meta name=\"twitter:title\" content=\"47\u00ba BPM comemora 11 anos com solenidade no Memorial da FCV - A Not\u00edcia Online\" \/>\n\t\t<meta name=\"twitter:description\" content=\"O 47\u00ba Batalh\u00e3o de Pol\u00edcia Militar (BPM), implantado em 27 de abril de 2007, comemorou 11 anos de servi\u00e7os prestados a Muria\u00e9 e regi\u00e3o durante cerim\u00f4nia solene no Memorial da Funda\u00e7\u00e3o Cristiano Varella, na manh\u00e3 de quinta-feira (14). Considerado o \u201cGuardi\u00e3o da Divisa\u201d, o 47\u00ba BPM atua na cidade e mais 17 munic\u00edpios da regi\u00e3o. A\" \/>\n\t\t<meta name=\"twitter:image\" content=\"https:\/\/scontent-gig4-1.xx.fbcdn.net\/v\/t39.30808-1\/270437624_4564083193639691_6907940295614233970_n.jpg?stp=dst-jpg_s200x200_tt6&amp;_nc_cat=111&amp;ccb=1-7&amp;_nc_sid=f907e8&amp;_nc_ohc=SM1wRlP3lJwQ7kNvwEPuBYA&amp;_nc_oc=AdnqrjDN_BNjSSHWO-GbkIWH6fkGMLw4bqvL_NH6e2wMveX7G-rP2dAqsDSq1mJMOaY&amp;_nc_zt=24&amp;_nc_ht=scontent-gig4-1.xx&amp;_nc_gid=AoBFJeGrT1hVaew_6rchkQ&amp;oh=00_AfX7QmFGhQhG2jAllVgXCiM1ZrWgvtp80-Bfppyexh1QEg&amp;oe=689E923C\" \/>\n\t\t<script type=\"application\/ld+json\" class=\"aioseo-schema\">\n\t\t\t{\"@context\":\"https:\\\/\\\/schema.org\",\"@graph\":[{\"@type\":\"BlogPosting\",\"@id\":\"https:\\\/\\\/anoticiaonline.com.br\\\/site\\\/47o-bpm-comemora-11-anos-com-solenidade-no-memorial-da-fcv\\\/#blogposting\",\"name\":\"47\\u00ba BPM comemora 11 anos com solenidade no Memorial da FCV - A Not\\u00edcia Online\",\"headline\":\"47\\u00ba BPM comemora 11 anos com solenidade no Memorial da FCV\",\"author\":{\"@id\":\"https:\\\/\\\/anoticiaonline.com.br\\\/site\\\/author\\\/juliana\\\/#author\"},\"publisher\":{\"@id\":\"https:\\\/\\\/anoticiaonline.com.br\\\/site\\\/#organization\"},\"image\":{\"@type\":\"ImageObject\",\"url\":\"https:\\\/\\\/anoticiaonline.com.br\\\/site\\\/wp-content\\\/uploads\\\/2018\\\/06\\\/47\\u00ba-BPM-comemora-11-anos-com-solenidade-no-Memorial-da-FCV-5.jpg\",\"width\":640,\"height\":427},\"datePublished\":\"2018-06-14T17:40:46-03:00\",\"dateModified\":\"2018-06-14T17:40:46-03:00\",\"inLanguage\":\"pt-BR\",\"mainEntityOfPage\":{\"@id\":\"https:\\\/\\\/anoticiaonline.com.br\\\/site\\\/47o-bpm-comemora-11-anos-com-solenidade-no-memorial-da-fcv\\\/#webpage\"},\"isPartOf\":{\"@id\":\"https:\\\/\\\/anoticiaonline.com.br\\\/site\\\/47o-bpm-comemora-11-anos-com-solenidade-no-memorial-da-fcv\\\/#webpage\"},\"articleSection\":\"Blog, 11 anos, 47 BPM, pmmg\"},{\"@type\":\"BreadcrumbList\",\"@id\":\"https:\\\/\\\/anoticiaonline.com.br\\\/site\\\/47o-bpm-comemora-11-anos-com-solenidade-no-memorial-da-fcv\\\/#breadcrumblist\",\"itemListElement\":[{\"@type\":\"ListItem\",\"@id\":\"https:\\\/\\\/anoticiaonline.com.br\\\/site#listItem\",\"position\":1,\"name\":\"Home\",\"item\":\"https:\\\/\\\/anoticiaonline.com.br\\\/site\",\"nextItem\":{\"@type\":\"ListItem\",\"@id\":\"https:\\\/\\\/anoticiaonline.com.br\\\/site\\\/categoria\\\/muriae\\\/#listItem\",\"name\":\"Blog\"}},{\"@type\":\"ListItem\",\"@id\":\"https:\\\/\\\/anoticiaonline.com.br\\\/site\\\/categoria\\\/muriae\\\/#listItem\",\"position\":2,\"name\":\"Blog\",\"item\":\"https:\\\/\\\/anoticiaonline.com.br\\\/site\\\/categoria\\\/muriae\\\/\",\"nextItem\":{\"@type\":\"ListItem\",\"@id\":\"https:\\\/\\\/anoticiaonline.com.br\\\/site\\\/47o-bpm-comemora-11-anos-com-solenidade-no-memorial-da-fcv\\\/#listItem\",\"name\":\"47\\u00ba BPM comemora 11 anos com solenidade no Memorial da FCV\"},\"previousItem\":{\"@type\":\"ListItem\",\"@id\":\"https:\\\/\\\/anoticiaonline.com.br\\\/site#listItem\",\"name\":\"Home\"}},{\"@type\":\"ListItem\",\"@id\":\"https:\\\/\\\/anoticiaonline.com.br\\\/site\\\/47o-bpm-comemora-11-anos-com-solenidade-no-memorial-da-fcv\\\/#listItem\",\"position\":3,\"name\":\"47\\u00ba BPM comemora 11 anos com solenidade no Memorial da FCV\",\"previousItem\":{\"@type\":\"ListItem\",\"@id\":\"https:\\\/\\\/anoticiaonline.com.br\\\/site\\\/categoria\\\/muriae\\\/#listItem\",\"name\":\"Blog\"}}]},{\"@type\":\"Organization\",\"@id\":\"https:\\\/\\\/anoticiaonline.com.br\\\/site\\\/#organization\",\"name\":\"A Not\\u00edcia Online\",\"description\":\"Noticias de Muria\\u00e9 e regi\\u00e3o\",\"url\":\"https:\\\/\\\/anoticiaonline.com.br\\\/site\\\/\",\"logo\":{\"@type\":\"ImageObject\",\"url\":\"https:\\\/\\\/scontent-gig4-1.xx.fbcdn.net\\\/v\\\/t39.30808-1\\\/270437624_4564083193639691_6907940295614233970_n.jpg?stp=dst-jpg_s200x200_tt6&_nc_cat=111&ccb=1-7&_nc_sid=f907e8&_nc_ohc=SM1wRlP3lJwQ7kNvwEPuBYA&_nc_oc=AdnqrjDN_BNjSSHWO-GbkIWH6fkGMLw4bqvL_NH6e2wMveX7G-rP2dAqsDSq1mJMOaY&_nc_zt=24&_nc_ht=scontent-gig4-1.xx&_nc_gid=AoBFJeGrT1hVaew_6rchkQ&oh=00_AfX7QmFGhQhG2jAllVgXCiM1ZrWgvtp80-Bfppyexh1QEg&oe=689E923C\",\"@id\":\"https:\\\/\\\/anoticiaonline.com.br\\\/site\\\/47o-bpm-comemora-11-anos-com-solenidade-no-memorial-da-fcv\\\/#organizationLogo\"},\"image\":{\"@id\":\"https:\\\/\\\/anoticiaonline.com.br\\\/site\\\/47o-bpm-comemora-11-anos-com-solenidade-no-memorial-da-fcv\\\/#organizationLogo\"}},{\"@type\":\"Person\",\"@id\":\"https:\\\/\\\/anoticiaonline.com.br\\\/site\\\/author\\\/juliana\\\/#author\",\"url\":\"https:\\\/\\\/anoticiaonline.com.br\\\/site\\\/author\\\/juliana\\\/\",\"name\":\"Juliana Laviola\",\"image\":{\"@type\":\"ImageObject\",\"@id\":\"https:\\\/\\\/anoticiaonline.com.br\\\/site\\\/47o-bpm-comemora-11-anos-com-solenidade-no-memorial-da-fcv\\\/#authorImage\",\"url\":\"https:\\\/\\\/secure.gravatar.com\\\/avatar\\\/b8d45f5c699b100dfaf0e543582f38f38bf94cb7ae3a5e9abf8d891a34773335?s=96&d=mm&r=g\",\"width\":96,\"height\":96,\"caption\":\"Juliana Laviola\"}},{\"@type\":\"WebPage\",\"@id\":\"https:\\\/\\\/anoticiaonline.com.br\\\/site\\\/47o-bpm-comemora-11-anos-com-solenidade-no-memorial-da-fcv\\\/#webpage\",\"url\":\"https:\\\/\\\/anoticiaonline.com.br\\\/site\\\/47o-bpm-comemora-11-anos-com-solenidade-no-memorial-da-fcv\\\/\",\"name\":\"47\\u00ba BPM comemora 11 anos com solenidade no Memorial da FCV - A Not\\u00edcia Online\",\"description\":\"O 47\\u00ba Batalh\\u00e3o de Pol\\u00edcia Militar (BPM), implantado em 27 de abril de 2007, comemorou 11 anos de servi\\u00e7os prestados a Muria\\u00e9 e regi\\u00e3o durante cerim\\u00f4nia solene no Memorial da Funda\\u00e7\\u00e3o Cristiano Varella, na manh\\u00e3 de quinta-feira (14). Considerado o \\u201cGuardi\\u00e3o da Divisa\\u201d, o 47\\u00ba BPM atua na cidade e mais 17 munic\\u00edpios da regi\\u00e3o. A\",\"inLanguage\":\"pt-BR\",\"isPartOf\":{\"@id\":\"https:\\\/\\\/anoticiaonline.com.br\\\/site\\\/#website\"},\"breadcrumb\":{\"@id\":\"https:\\\/\\\/anoticiaonline.com.br\\\/site\\\/47o-bpm-comemora-11-anos-com-solenidade-no-memorial-da-fcv\\\/#breadcrumblist\"},\"author\":{\"@id\":\"https:\\\/\\\/anoticiaonline.com.br\\\/site\\\/author\\\/juliana\\\/#author\"},\"creator\":{\"@id\":\"https:\\\/\\\/anoticiaonline.com.br\\\/site\\\/author\\\/juliana\\\/#author\"},\"image\":{\"@type\":\"ImageObject\",\"url\":\"https:\\\/\\\/anoticiaonline.com.br\\\/site\\\/wp-content\\\/uploads\\\/2018\\\/06\\\/47\\u00ba-BPM-comemora-11-anos-com-solenidade-no-Memorial-da-FCV-5.jpg\",\"@id\":\"https:\\\/\\\/anoticiaonline.com.br\\\/site\\\/47o-bpm-comemora-11-anos-com-solenidade-no-memorial-da-fcv\\\/#mainImage\",\"width\":640,\"height\":427},\"primaryImageOfPage\":{\"@id\":\"https:\\\/\\\/anoticiaonline.com.br\\\/site\\\/47o-bpm-comemora-11-anos-com-solenidade-no-memorial-da-fcv\\\/#mainImage\"},\"datePublished\":\"2018-06-14T17:40:46-03:00\",\"dateModified\":\"2018-06-14T17:40:46-03:00\"},{\"@type\":\"WebSite\",\"@id\":\"https:\\\/\\\/anoticiaonline.com.br\\\/site\\\/#website\",\"url\":\"https:\\\/\\\/anoticiaonline.com.br\\\/site\\\/\",\"name\":\"A Not\\u00edcia Online\",\"description\":\"Noticias de Muria\\u00e9 e regi\\u00e3o\",\"inLanguage\":\"pt-BR\",\"publisher\":{\"@id\":\"https:\\\/\\\/anoticiaonline.com.br\\\/site\\\/#organization\"}}]}\n\t\t<\/script>\n\t\t<!-- All in One SEO -->\n\n","aioseo_head_json":{"title":"47\u00ba BPM comemora 11 anos com solenidade no Memorial da FCV - A Not\u00edcia Online","description":"O 47\u00ba Batalh\u00e3o de Pol\u00edcia Militar (BPM), implantado em 27 de abril de 2007, comemorou 11 anos de servi\u00e7os prestados a Muria\u00e9 e regi\u00e3o durante cerim\u00f4nia solene no Memorial da Funda\u00e7\u00e3o Cristiano Varella, na manh\u00e3 de quinta-feira (14). Considerado o \u201cGuardi\u00e3o da Divisa\u201d, o 47\u00ba BPM atua na cidade e mais 17 munic\u00edpios da regi\u00e3o. A","canonical_url":"https:\/\/anoticiaonline.com.br\/site\/47o-bpm-comemora-11-anos-com-solenidade-no-memorial-da-fcv\/","robots":"max-image-preview:large","keywords":"","webmasterTools":{"miscellaneous":""},"schema":{"@context":"https:\/\/schema.org","@graph":[{"@type":"BlogPosting","@id":"https:\/\/anoticiaonline.com.br\/site\/47o-bpm-comemora-11-anos-com-solenidade-no-memorial-da-fcv\/#blogposting","name":"47\u00ba BPM comemora 11 anos com solenidade no Memorial da FCV - A Not\u00edcia Online","headline":"47\u00ba BPM comemora 11 anos com solenidade no Memorial da FCV","author":{"@id":"https:\/\/anoticiaonline.com.br\/site\/author\/juliana\/#author"},"publisher":{"@id":"https:\/\/anoticiaonline.com.br\/site\/#organization"},"image":{"@type":"ImageObject","url":"https:\/\/anoticiaonline.com.br\/site\/wp-content\/uploads\/2018\/06\/47\u00ba-BPM-comemora-11-anos-com-solenidade-no-Memorial-da-FCV-5.jpg","width":640,"height":427},"datePublished":"2018-06-14T17:40:46-03:00","dateModified":"2018-06-14T17:40:46-03:00","inLanguage":"pt-BR","mainEntityOfPage":{"@id":"https:\/\/anoticiaonline.com.br\/site\/47o-bpm-comemora-11-anos-com-solenidade-no-memorial-da-fcv\/#webpage"},"isPartOf":{"@id":"https:\/\/anoticiaonline.com.br\/site\/47o-bpm-comemora-11-anos-com-solenidade-no-memorial-da-fcv\/#webpage"},"articleSection":"Blog, 11 anos, 47 BPM, pmmg"},{"@type":"BreadcrumbList","@id":"https:\/\/anoticiaonline.com.br\/site\/47o-bpm-comemora-11-anos-com-solenidade-no-memorial-da-fcv\/#breadcrumblist","itemListElement":[{"@type":"ListItem","@id":"https:\/\/anoticiaonline.com.br\/site#listItem","position":1,"name":"Home","item":"https:\/\/anoticiaonline.com.br\/site","nextItem":{"@type":"ListItem","@id":"https:\/\/anoticiaonline.com.br\/site\/categoria\/muriae\/#listItem","name":"Blog"}},{"@type":"ListItem","@id":"https:\/\/anoticiaonline.com.br\/site\/categoria\/muriae\/#listItem","position":2,"name":"Blog","item":"https:\/\/anoticiaonline.com.br\/site\/categoria\/muriae\/","nextItem":{"@type":"ListItem","@id":"https:\/\/anoticiaonline.com.br\/site\/47o-bpm-comemora-11-anos-com-solenidade-no-memorial-da-fcv\/#listItem","name":"47\u00ba BPM comemora 11 anos com solenidade no Memorial da FCV"},"previousItem":{"@type":"ListItem","@id":"https:\/\/anoticiaonline.com.br\/site#listItem","name":"Home"}},{"@type":"ListItem","@id":"https:\/\/anoticiaonline.com.br\/site\/47o-bpm-comemora-11-anos-com-solenidade-no-memorial-da-fcv\/#listItem","position":3,"name":"47\u00ba BPM comemora 11 anos com solenidade no Memorial da FCV","previousItem":{"@type":"ListItem","@id":"https:\/\/anoticiaonline.com.br\/site\/categoria\/muriae\/#listItem","name":"Blog"}}]},{"@type":"Organization","@id":"https:\/\/anoticiaonline.com.br\/site\/#organization","name":"A Not\u00edcia Online","description":"Noticias de Muria\u00e9 e regi\u00e3o","url":"https:\/\/anoticiaonline.com.br\/site\/","logo":{"@type":"ImageObject","url":"https:\/\/scontent-gig4-1.xx.fbcdn.net\/v\/t39.30808-1\/270437624_4564083193639691_6907940295614233970_n.jpg?stp=dst-jpg_s200x200_tt6&_nc_cat=111&ccb=1-7&_nc_sid=f907e8&_nc_ohc=SM1wRlP3lJwQ7kNvwEPuBYA&_nc_oc=AdnqrjDN_BNjSSHWO-GbkIWH6fkGMLw4bqvL_NH6e2wMveX7G-rP2dAqsDSq1mJMOaY&_nc_zt=24&_nc_ht=scontent-gig4-1.xx&_nc_gid=AoBFJeGrT1hVaew_6rchkQ&oh=00_AfX7QmFGhQhG2jAllVgXCiM1ZrWgvtp80-Bfppyexh1QEg&oe=689E923C","@id":"https:\/\/anoticiaonline.com.br\/site\/47o-bpm-comemora-11-anos-com-solenidade-no-memorial-da-fcv\/#organizationLogo"},"image":{"@id":"https:\/\/anoticiaonline.com.br\/site\/47o-bpm-comemora-11-anos-com-solenidade-no-memorial-da-fcv\/#organizationLogo"}},{"@type":"Person","@id":"https:\/\/anoticiaonline.com.br\/site\/author\/juliana\/#author","url":"https:\/\/anoticiaonline.com.br\/site\/author\/juliana\/","name":"Juliana Laviola","image":{"@type":"ImageObject","@id":"https:\/\/anoticiaonline.com.br\/site\/47o-bpm-comemora-11-anos-com-solenidade-no-memorial-da-fcv\/#authorImage","url":"https:\/\/secure.gravatar.com\/avatar\/b8d45f5c699b100dfaf0e543582f38f38bf94cb7ae3a5e9abf8d891a34773335?s=96&d=mm&r=g","width":96,"height":96,"caption":"Juliana Laviola"}},{"@type":"WebPage","@id":"https:\/\/anoticiaonline.com.br\/site\/47o-bpm-comemora-11-anos-com-solenidade-no-memorial-da-fcv\/#webpage","url":"https:\/\/anoticiaonline.com.br\/site\/47o-bpm-comemora-11-anos-com-solenidade-no-memorial-da-fcv\/","name":"47\u00ba BPM comemora 11 anos com solenidade no Memorial da FCV - A Not\u00edcia Online","description":"O 47\u00ba Batalh\u00e3o de Pol\u00edcia Militar (BPM), implantado em 27 de abril de 2007, comemorou 11 anos de servi\u00e7os prestados a Muria\u00e9 e regi\u00e3o durante cerim\u00f4nia solene no Memorial da Funda\u00e7\u00e3o Cristiano Varella, na manh\u00e3 de quinta-feira (14). Considerado o \u201cGuardi\u00e3o da Divisa\u201d, o 47\u00ba BPM atua na cidade e mais 17 munic\u00edpios da regi\u00e3o. A","inLanguage":"pt-BR","isPartOf":{"@id":"https:\/\/anoticiaonline.com.br\/site\/#website"},"breadcrumb":{"@id":"https:\/\/anoticiaonline.com.br\/site\/47o-bpm-comemora-11-anos-com-solenidade-no-memorial-da-fcv\/#breadcrumblist"},"author":{"@id":"https:\/\/anoticiaonline.com.br\/site\/author\/juliana\/#author"},"creator":{"@id":"https:\/\/anoticiaonline.com.br\/site\/author\/juliana\/#author"},"image":{"@type":"ImageObject","url":"https:\/\/anoticiaonline.com.br\/site\/wp-content\/uploads\/2018\/06\/47\u00ba-BPM-comemora-11-anos-com-solenidade-no-Memorial-da-FCV-5.jpg","@id":"https:\/\/anoticiaonline.com.br\/site\/47o-bpm-comemora-11-anos-com-solenidade-no-memorial-da-fcv\/#mainImage","width":640,"height":427},"primaryImageOfPage":{"@id":"https:\/\/anoticiaonline.com.br\/site\/47o-bpm-comemora-11-anos-com-solenidade-no-memorial-da-fcv\/#mainImage"},"datePublished":"2018-06-14T17:40:46-03:00","dateModified":"2018-06-14T17:40:46-03:00"},{"@type":"WebSite","@id":"https:\/\/anoticiaonline.com.br\/site\/#website","url":"https:\/\/anoticiaonline.com.br\/site\/","name":"A Not\u00edcia Online","description":"Noticias de Muria\u00e9 e regi\u00e3o","inLanguage":"pt-BR","publisher":{"@id":"https:\/\/anoticiaonline.com.br\/site\/#organization"}}]},"og:locale":"pt_BR","og:site_name":"A Not\u00edcia Online - Noticias de Muria\u00e9 e regi\u00e3o","og:type":"article","og:title":"47\u00ba BPM comemora 11 anos com solenidade no Memorial da FCV - A Not\u00edcia Online","og:description":"O 47\u00ba Batalh\u00e3o de Pol\u00edcia Militar (BPM), implantado em 27 de abril de 2007, comemorou 11 anos de servi\u00e7os prestados a Muria\u00e9 e regi\u00e3o durante cerim\u00f4nia solene no Memorial da Funda\u00e7\u00e3o Cristiano Varella, na manh\u00e3 de quinta-feira (14). Considerado o \u201cGuardi\u00e3o da Divisa\u201d, o 47\u00ba BPM atua na cidade e mais 17 munic\u00edpios da regi\u00e3o. A","og:url":"https:\/\/anoticiaonline.com.br\/site\/47o-bpm-comemora-11-anos-com-solenidade-no-memorial-da-fcv\/","og:image":"https:\/\/scontent-gig4-1.xx.fbcdn.net\/v\/t39.30808-1\/270437624_4564083193639691_6907940295614233970_n.jpg?stp=dst-jpg_s200x200_tt6&#038;_nc_cat=111&#038;ccb=1-7&#038;_nc_sid=f907e8&#038;_nc_ohc=SM1wRlP3lJwQ7kNvwEPuBYA&#038;_nc_oc=AdnqrjDN_BNjSSHWO-GbkIWH6fkGMLw4bqvL_NH6e2wMveX7G-rP2dAqsDSq1mJMOaY&#038;_nc_zt=24&#038;_nc_ht=scontent-gig4-1.xx&#038;_nc_gid=AoBFJeGrT1hVaew_6rchkQ&#038;oh=00_AfX7QmFGhQhG2jAllVgXCiM1ZrWgvtp80-Bfppyexh1QEg&#038;oe=689E923C","og:image:secure_url":"https:\/\/scontent-gig4-1.xx.fbcdn.net\/v\/t39.30808-1\/270437624_4564083193639691_6907940295614233970_n.jpg?stp=dst-jpg_s200x200_tt6&#038;_nc_cat=111&#038;ccb=1-7&#038;_nc_sid=f907e8&#038;_nc_ohc=SM1wRlP3lJwQ7kNvwEPuBYA&#038;_nc_oc=AdnqrjDN_BNjSSHWO-GbkIWH6fkGMLw4bqvL_NH6e2wMveX7G-rP2dAqsDSq1mJMOaY&#038;_nc_zt=24&#038;_nc_ht=scontent-gig4-1.xx&#038;_nc_gid=AoBFJeGrT1hVaew_6rchkQ&#038;oh=00_AfX7QmFGhQhG2jAllVgXCiM1ZrWgvtp80-Bfppyexh1QEg&#038;oe=689E923C","article:published_time":"2018-06-14T20:40:46+00:00","article:modified_time":"2018-06-14T20:40:46+00:00","twitter:card":"summary_large_image","twitter:title":"47\u00ba BPM comemora 11 anos com solenidade no Memorial da FCV - A Not\u00edcia Online","twitter:description":"O 47\u00ba Batalh\u00e3o de Pol\u00edcia Militar (BPM), implantado em 27 de abril de 2007, comemorou 11 anos de servi\u00e7os prestados a Muria\u00e9 e regi\u00e3o durante cerim\u00f4nia solene no Memorial da Funda\u00e7\u00e3o Cristiano Varella, na manh\u00e3 de quinta-feira (14). Considerado o \u201cGuardi\u00e3o da Divisa\u201d, o 47\u00ba BPM atua na cidade e mais 17 munic\u00edpios da regi\u00e3o. A","twitter:image":"https:\/\/scontent-gig4-1.xx.fbcdn.net\/v\/t39.30808-1\/270437624_4564083193639691_6907940295614233970_n.jpg?stp=dst-jpg_s200x200_tt6&_nc_cat=111&ccb=1-7&_nc_sid=f907e8&_nc_ohc=SM1wRlP3lJwQ7kNvwEPuBYA&_nc_oc=AdnqrjDN_BNjSSHWO-GbkIWH6fkGMLw4bqvL_NH6e2wMveX7G-rP2dAqsDSq1mJMOaY&_nc_zt=24&_nc_ht=scontent-gig4-1.xx&_nc_gid=AoBFJeGrT1hVaew_6rchkQ&oh=00_AfX7QmFGhQhG2jAllVgXCiM1ZrWgvtp80-Bfppyexh1QEg&oe=689E923C"},"aioseo_meta_data":{"post_id":"57089","title":null,"description":null,"keywords":null,"keyphrases":null,"primary_term":null,"canonical_url":null,"og_title":null,"og_description":null,"og_object_type":"default","og_image_type":"default","og_image_url":null,"og_image_width":null,"og_image_height":null,"og_image_custom_url":null,"og_image_custom_fields":null,"og_video":null,"og_custom_url":null,"og_article_section":null,"og_article_tags":null,"twitter_use_og":false,"twitter_card":"default","twitter_image_type":"default","twitter_image_url":null,"twitter_image_custom_url":null,"twitter_image_custom_fields":null,"twitter_title":null,"twitter_description":null,"schema":{"blockGraphs":[],"customGraphs":[],"default":{"data":{"Article":[],"Course":[],"Dataset":[],"FAQPage":[],"Movie":[],"Person":[],"Product":[],"ProductReview":[],"Car":[],"Recipe":[],"Service":[],"SoftwareApplication":[],"WebPage":[]},"graphName":"","isEnabled":true},"graphs":[]},"schema_type":"default","schema_type_options":null,"pillar_content":false,"robots_default":true,"robots_noindex":false,"robots_noarchive":false,"robots_nosnippet":false,"robots_nofollow":false,"robots_noimageindex":false,"robots_noodp":false,"robots_notranslate":false,"robots_max_snippet":null,"robots_max_videopreview":null,"robots_max_imagepreview":"large","priority":null,"frequency":null,"local_seo":null,"breadcrumb_settings":null,"limit_modified_date":false,"ai":null,"created":"2025-08-16 21:04:27","updated":"2025-08-16 21:04:27","focus_keyword":null,"additional_keywords":null,"truseo_locale":null,"seo_analyzer_scan_date":null},"aioseo_breadcrumb":"<div class=\"aioseo-breadcrumbs\"><span class=\"aioseo-breadcrumb\">\n\t\t\t<a href=\"https:\/\/anoticiaonline.com.br\/site\" title=\"Home\">Home<\/a>\n\t\t<\/span><span class=\"aioseo-breadcrumb-separator\">&raquo;<\/span><span class=\"aioseo-breadcrumb\">\n\t\t\t<a href=\"https:\/\/anoticiaonline.com.br\/site\/categoria\/muriae\/\" title=\"Blog\">Blog<\/a>\n\t\t<\/span><span class=\"aioseo-breadcrumb-separator\">&raquo;<\/span><span class=\"aioseo-breadcrumb\">\n\t\t\t47\u00ba BPM comemora 11 anos com solenidade no Memorial da FCV\n\t\t<\/span><\/div>","aioseo_breadcrumb_json":[{"label":"Home","link":"https:\/\/anoticiaonline.com.br\/site"},{"label":"Blog","link":"https:\/\/anoticiaonline.com.br\/site\/categoria\/muriae\/"},{"label":"47\u00ba BPM comemora 11 anos com solenidade no Memorial da FCV","link":"https:\/\/anoticiaonline.com.br\/site\/47o-bpm-comemora-11-anos-com-solenidade-no-memorial-da-fcv\/"}],"views":215,"_links":{"self":[{"href":"https:\/\/anoticiaonline.com.br\/site\/wp-json\/wp\/v2\/posts\/57089","targetHints":{"allow":["GET"]}}],"collection":[{"href":"https:\/\/anoticiaonline.com.br\/site\/wp-json\/wp\/v2\/posts"}],"about":[{"href":"https:\/\/anoticiaonline.com.br\/site\/wp-json\/wp\/v2\/types\/post"}],"author":[{"embeddable":true,"href":"https:\/\/anoticiaonline.com.br\/site\/wp-json\/wp\/v2\/users\/2"}],"replies":[{"embeddable":true,"href":"https:\/\/anoticiaonline.com.br\/site\/wp-json\/wp\/v2\/comments?post=57089"}],"version-history":[{"count":0,"href":"https:\/\/anoticiaonline.com.br\/site\/wp-json\/wp\/v2\/posts\/57089\/revisions"}],"wp:featuredmedia":[{"embeddable":true,"href":"https:\/\/anoticiaonline.com.br\/site\/wp-json\/wp\/v2\/media\/57090"}],"wp:attachment":[{"href":"https:\/\/anoticiaonline.com.br\/site\/wp-json\/wp\/v2\/media?parent=57089"}],"wp:term":[{"taxonomy":"category","embeddable":true,"href":"https:\/\/anoticiaonline.com.br\/site\/wp-json\/wp\/v2\/categories?post=57089"},{"taxonomy":"post_tag","embeddable":true,"href":"https:\/\/anoticiaonline.com.br\/site\/wp-json\/wp\/v2\/tags?post=57089"}],"curies":[{"name":"wp","href":"https:\/\/api.w.org\/{rel}","templated":true}]}}