{"id":57060,"date":"2018-06-13T15:57:38","date_gmt":"2018-06-13T18:57:38","guid":{"rendered":"http:\/\/anoticiaonline.com.br\/site\/?p=57060"},"modified":"2018-06-13T15:57:38","modified_gmt":"2018-06-13T18:57:38","slug":"gerentes-do-sicoob-credisudeste-participam-de-intercambio-na-europa","status":"publish","type":"post","link":"https:\/\/anoticiaonline.com.br\/site\/gerentes-do-sicoob-credisudeste-participam-de-intercambio-na-europa\/","title":{"rendered":"Gerentes do Sicoob Credisudeste participam de interc\u00e2mbio na Europa"},"content":{"rendered":"<p><a href=\"https:\/\/anoticiaonline.com.br\/site\/wp-content\/uploads\/2018\/06\/Gerentes-do-Sicoob-Credisudeste-participam-de-interc\u00e2mbio-na-Europa-2.jpg\"><img fetchpriority=\"high\" decoding=\"async\" class=\"alignnone size-full wp-image-57061\" src=\"https:\/\/anoticiaonline.com.br\/site\/wp-content\/uploads\/2018\/06\/Gerentes-do-Sicoob-Credisudeste-participam-de-interc\u00e2mbio-na-Europa-2.jpg\" alt=\"\" width=\"640\" height=\"427\" srcset=\"https:\/\/anoticiaonline.com.br\/site\/wp-content\/uploads\/2018\/06\/Gerentes-do-Sicoob-Credisudeste-participam-de-interc\u00e2mbio-na-Europa-2.jpg 640w, https:\/\/anoticiaonline.com.br\/site\/wp-content\/uploads\/2018\/06\/Gerentes-do-Sicoob-Credisudeste-participam-de-interc\u00e2mbio-na-Europa-2-300x200.jpg 300w\" sizes=\"(max-width: 640px) 100vw, 640px\" \/><\/a> <a href=\"https:\/\/anoticiaonline.com.br\/site\/wp-content\/uploads\/2018\/06\/Gerentes-do-Sicoob-Credisudeste-participam-de-interc\u00e2mbio-na-Europa.jpg\"><img decoding=\"async\" class=\"alignnone size-full wp-image-57062\" src=\"https:\/\/anoticiaonline.com.br\/site\/wp-content\/uploads\/2018\/06\/Gerentes-do-Sicoob-Credisudeste-participam-de-interc\u00e2mbio-na-Europa.jpg\" alt=\"\" width=\"640\" height=\"427\" srcset=\"https:\/\/anoticiaonline.com.br\/site\/wp-content\/uploads\/2018\/06\/Gerentes-do-Sicoob-Credisudeste-participam-de-interc\u00e2mbio-na-Europa.jpg 640w, https:\/\/anoticiaonline.com.br\/site\/wp-content\/uploads\/2018\/06\/Gerentes-do-Sicoob-Credisudeste-participam-de-interc\u00e2mbio-na-Europa-300x200.jpg 300w\" sizes=\"(max-width: 640px) 100vw, 640px\" \/><\/a><\/p>\n<p>Durante o m\u00eas de maio de 2018, duas gerentes do Sicoob Credisudeste tiveram a oportunidade de conhecer a realidade das cooperativas europeias. Alemanha e Portugal foram os destinos dos interc\u00e2mbios com dura\u00e7\u00e3o de uma semana, custeados pelo Bancoob e pela Seguradora MinaSeg, respectivamente. A ideia \u00e9 introduzir as boas pr\u00e1ticas verificadas na Europa na rotina da cooperativa.<\/p>\n<p>Rafaela Brisa (gerente da ag\u00eancia de Alto Capara\u00f3) e Fabiana Piller (gerente da ag\u00eancia de Oriz\u00e2nia) foram sorteadas entre os gerentes do Sicoob Credisudeste que atingiram metas de comercializa\u00e7\u00e3o de produtos em 2017. No caso da Rafaela, a oportunidade surgiu ap\u00f3s a Credisudeste ser premiada pelo Bancoob devido ao desempenho na campanha de vendas do produto \u201ccobran\u00e7a banc\u00e1ria\u201d realizada no ano de 2017.<\/p>\n<p>J\u00e1 Fabiana foi sorteada entre os gerentes que cumpriram as metas de vendas do produto seguro no ano de 2017. A viagem para Portugal foi custeada pela Seguradora MinaSeg, parceira do Sicoob Credisudeste. \u201cMuito orgulhosa por receber uma oportunidade \u00fanica, foi gra\u00e7as \u00e0 dedica\u00e7\u00e3o profissional de toda a equipe\u201d, disse a gerente de Oriz\u00e2nia.<\/p>\n<p>Segundo Fabiana, durante sete dias ela esteve em contato com os 25 maiores vendedores de seguros Zurich do Brasil. A comitiva brasileira foi formada por 70 pessoas dentre c\u00f4njuges e gerentes regionais de cada Estado.<\/p>\n<p>A gerente enumera v\u00e1rias experi\u00eancias em terras lusitanas, mas afirma se espelhar em um caso espec\u00edfico. \u201cConheci um homem com trinta anos dedicados \u00e0 mesma empresa, que possui no rosto o sorriso de quem ainda est\u00e1 s\u00f3 come\u00e7ando. Vou levar essa experi\u00eancia para a minha vida sempre\u201d.<\/p>\n<p>De acordo com o gerente geral do Sicoob Credisudeste, Allan Hott, a cooperativa de cr\u00e9dito adota como crit\u00e9rio sortear entre os funcion\u00e1rios com bons resultados em campanhas comerciais as viagens provenientes de premia\u00e7\u00e3o do Bancoob e seguradoras parceiras.<\/p>\n<p>Ap\u00f3s as viagens, o compromisso dos gerentes \u00e9 dar o testemunho \u00e0 equipe de trabalho e propor a aplicabilidade das boas pr\u00e1ticas vistas no interc\u00e2mbio na cooperativa. \u201cN\u00f3s da diretoria nos sentimos muito orgulhosos em poder proporcionar essa oportunidade aos funcion\u00e1rios. Pouqu\u00edssimas empresas no Brasil e no mundo t\u00eam essa chance. Se continuarmos obtendo excelente desempenho, essa oportunidade ser\u00e1 concedida a outros funcion\u00e1rios\u201d, aposta Hott.<\/p>\n<p>Cr\u00e9ditos: ASCOM Sicoob Credisudeste<\/p>\n","protected":false},"excerpt":{"rendered":"<p>Durante o m\u00eas de maio de 2018, duas gerentes do Sicoob Credisudeste tiveram a oportunidade de conhecer a realidade das cooperativas europeias. Alemanha e Portugal foram os destinos dos interc\u00e2mbios com dura\u00e7\u00e3o de uma semana, custeados pelo Bancoob e pela Seguradora MinaSeg, respectivamente. A ideia \u00e9 introduzir as boas pr\u00e1ticas verificadas na Europa na rotina &#8230; <a title=\"Gerentes do Sicoob Credisudeste participam de interc\u00e2mbio na Europa\" class=\"read-more\" href=\"https:\/\/anoticiaonline.com.br\/site\/gerentes-do-sicoob-credisudeste-participam-de-intercambio-na-europa\/\" aria-label=\"Read more about Gerentes do Sicoob Credisudeste participam de interc\u00e2mbio na Europa\">Ler mais<\/a><\/p>\n","protected":false},"author":2,"featured_media":57061,"comment_status":"open","ping_status":"open","sticky":false,"template":"","format":"standard","meta":{"_acf_changed":false,"_monsterinsights_skip_tracking":false,"footnotes":""},"categories":[6],"tags":[1540,2734,2735,596],"class_list":["post-57060","post","type-post","status-publish","format-standard","has-post-thumbnail","hentry","category-regiao","tag-europa","tag-gerentes","tag-intercambio","tag-sicoob-credisudeste"],"acf":[],"aioseo_notices":[],"aioseo_head":"\n\t\t<!-- All in One SEO 5.0.0.1 - aioseo.com -->\n\t<meta name=\"description\" content=\"Durante o m\u00eas de maio de 2018, duas gerentes do Sicoob Credisudeste tiveram a oportunidade de conhecer a realidade das cooperativas europeias. Alemanha e Portugal foram os destinos dos interc\u00e2mbios com dura\u00e7\u00e3o de uma semana, custeados pelo Bancoob e pela Seguradora MinaSeg, respectivamente. A ideia \u00e9 introduzir as boas pr\u00e1ticas verificadas na Europa na rotina\" \/>\n\t<meta name=\"robots\" content=\"max-image-preview:large\" \/>\n\t<meta name=\"author\" content=\"Juliana Laviola\"\/>\n\t<link rel=\"canonical\" href=\"https:\/\/anoticiaonline.com.br\/site\/gerentes-do-sicoob-credisudeste-participam-de-intercambio-na-europa\/\" \/>\n\t<meta name=\"generator\" content=\"All in One SEO (AIOSEO) 5.0.0.1\" \/>\n\t\t<meta property=\"og:locale\" content=\"pt_BR\" \/>\n\t\t<meta property=\"og:site_name\" content=\"A Not\u00edcia Online - Noticias de Muria\u00e9 e regi\u00e3o\" \/>\n\t\t<meta property=\"og:type\" content=\"article\" \/>\n\t\t<meta property=\"og:title\" content=\"Gerentes do Sicoob Credisudeste participam de interc\u00e2mbio na Europa - A Not\u00edcia Online\" \/>\n\t\t<meta property=\"og:description\" content=\"Durante o m\u00eas de maio de 2018, duas gerentes do Sicoob Credisudeste tiveram a oportunidade de conhecer a realidade das cooperativas europeias. Alemanha e Portugal foram os destinos dos interc\u00e2mbios com dura\u00e7\u00e3o de uma semana, custeados pelo Bancoob e pela Seguradora MinaSeg, respectivamente. A ideia \u00e9 introduzir as boas pr\u00e1ticas verificadas na Europa na rotina\" \/>\n\t\t<meta property=\"og:url\" content=\"https:\/\/anoticiaonline.com.br\/site\/gerentes-do-sicoob-credisudeste-participam-de-intercambio-na-europa\/\" \/>\n\t\t<meta property=\"og:image\" content=\"https:\/\/scontent-gig4-1.xx.fbcdn.net\/v\/t39.30808-1\/270437624_4564083193639691_6907940295614233970_n.jpg?stp=dst-jpg_s200x200_tt6&#038;_nc_cat=111&#038;ccb=1-7&#038;_nc_sid=f907e8&#038;_nc_ohc=SM1wRlP3lJwQ7kNvwEPuBYA&#038;_nc_oc=AdnqrjDN_BNjSSHWO-GbkIWH6fkGMLw4bqvL_NH6e2wMveX7G-rP2dAqsDSq1mJMOaY&#038;_nc_zt=24&#038;_nc_ht=scontent-gig4-1.xx&#038;_nc_gid=AoBFJeGrT1hVaew_6rchkQ&#038;oh=00_AfX7QmFGhQhG2jAllVgXCiM1ZrWgvtp80-Bfppyexh1QEg&#038;oe=689E923C\" \/>\n\t\t<meta property=\"og:image:secure_url\" content=\"https:\/\/scontent-gig4-1.xx.fbcdn.net\/v\/t39.30808-1\/270437624_4564083193639691_6907940295614233970_n.jpg?stp=dst-jpg_s200x200_tt6&#038;_nc_cat=111&#038;ccb=1-7&#038;_nc_sid=f907e8&#038;_nc_ohc=SM1wRlP3lJwQ7kNvwEPuBYA&#038;_nc_oc=AdnqrjDN_BNjSSHWO-GbkIWH6fkGMLw4bqvL_NH6e2wMveX7G-rP2dAqsDSq1mJMOaY&#038;_nc_zt=24&#038;_nc_ht=scontent-gig4-1.xx&#038;_nc_gid=AoBFJeGrT1hVaew_6rchkQ&#038;oh=00_AfX7QmFGhQhG2jAllVgXCiM1ZrWgvtp80-Bfppyexh1QEg&#038;oe=689E923C\" \/>\n\t\t<meta property=\"article:published_time\" content=\"2018-06-13T18:57:38+00:00\" \/>\n\t\t<meta property=\"article:modified_time\" content=\"2018-06-13T18:57:38+00:00\" \/>\n\t\t<meta name=\"twitter:card\" content=\"summary_large_image\" \/>\n\t\t<meta name=\"twitter:title\" content=\"Gerentes do Sicoob Credisudeste participam de interc\u00e2mbio na Europa - A Not\u00edcia Online\" \/>\n\t\t<meta name=\"twitter:description\" content=\"Durante o m\u00eas de maio de 2018, duas gerentes do Sicoob Credisudeste tiveram a oportunidade de conhecer a realidade das cooperativas europeias. Alemanha e Portugal foram os destinos dos interc\u00e2mbios com dura\u00e7\u00e3o de uma semana, custeados pelo Bancoob e pela Seguradora MinaSeg, respectivamente. A ideia \u00e9 introduzir as boas pr\u00e1ticas verificadas na Europa na rotina\" \/>\n\t\t<meta name=\"twitter:image\" content=\"https:\/\/scontent-gig4-1.xx.fbcdn.net\/v\/t39.30808-1\/270437624_4564083193639691_6907940295614233970_n.jpg?stp=dst-jpg_s200x200_tt6&amp;_nc_cat=111&amp;ccb=1-7&amp;_nc_sid=f907e8&amp;_nc_ohc=SM1wRlP3lJwQ7kNvwEPuBYA&amp;_nc_oc=AdnqrjDN_BNjSSHWO-GbkIWH6fkGMLw4bqvL_NH6e2wMveX7G-rP2dAqsDSq1mJMOaY&amp;_nc_zt=24&amp;_nc_ht=scontent-gig4-1.xx&amp;_nc_gid=AoBFJeGrT1hVaew_6rchkQ&amp;oh=00_AfX7QmFGhQhG2jAllVgXCiM1ZrWgvtp80-Bfppyexh1QEg&amp;oe=689E923C\" \/>\n\t\t<script type=\"application\/ld+json\" class=\"aioseo-schema\">\n\t\t\t{\"@context\":\"https:\\\/\\\/schema.org\",\"@graph\":[{\"@type\":\"BlogPosting\",\"@id\":\"https:\\\/\\\/anoticiaonline.com.br\\\/site\\\/gerentes-do-sicoob-credisudeste-participam-de-intercambio-na-europa\\\/#blogposting\",\"name\":\"Gerentes do Sicoob Credisudeste participam de interc\\u00e2mbio na Europa - A Not\\u00edcia Online\",\"headline\":\"Gerentes do Sicoob Credisudeste participam de interc\\u00e2mbio na Europa\",\"author\":{\"@id\":\"https:\\\/\\\/anoticiaonline.com.br\\\/site\\\/author\\\/juliana\\\/#author\"},\"publisher\":{\"@id\":\"https:\\\/\\\/anoticiaonline.com.br\\\/site\\\/#organization\"},\"image\":{\"@type\":\"ImageObject\",\"url\":\"https:\\\/\\\/anoticiaonline.com.br\\\/site\\\/wp-content\\\/uploads\\\/2018\\\/06\\\/Gerentes-do-Sicoob-Credisudeste-participam-de-interc\\u00e2mbio-na-Europa-2.jpg\",\"width\":640,\"height\":427},\"datePublished\":\"2018-06-13T15:57:38-03:00\",\"dateModified\":\"2018-06-13T15:57:38-03:00\",\"inLanguage\":\"pt-BR\",\"mainEntityOfPage\":{\"@id\":\"https:\\\/\\\/anoticiaonline.com.br\\\/site\\\/gerentes-do-sicoob-credisudeste-participam-de-intercambio-na-europa\\\/#webpage\"},\"isPartOf\":{\"@id\":\"https:\\\/\\\/anoticiaonline.com.br\\\/site\\\/gerentes-do-sicoob-credisudeste-participam-de-intercambio-na-europa\\\/#webpage\"},\"articleSection\":\"Regi\\u00e3o, Europa, gerentes, interc\\u00e2mbio, SICOOB\\u00a0 CREDISUDESTE\"},{\"@type\":\"BreadcrumbList\",\"@id\":\"https:\\\/\\\/anoticiaonline.com.br\\\/site\\\/gerentes-do-sicoob-credisudeste-participam-de-intercambio-na-europa\\\/#breadcrumblist\",\"itemListElement\":[{\"@type\":\"ListItem\",\"@id\":\"https:\\\/\\\/anoticiaonline.com.br\\\/site#listItem\",\"position\":1,\"name\":\"Home\",\"item\":\"https:\\\/\\\/anoticiaonline.com.br\\\/site\",\"nextItem\":{\"@type\":\"ListItem\",\"@id\":\"https:\\\/\\\/anoticiaonline.com.br\\\/site\\\/categoria\\\/regiao\\\/#listItem\",\"name\":\"Regi\\u00e3o\"}},{\"@type\":\"ListItem\",\"@id\":\"https:\\\/\\\/anoticiaonline.com.br\\\/site\\\/categoria\\\/regiao\\\/#listItem\",\"position\":2,\"name\":\"Regi\\u00e3o\",\"item\":\"https:\\\/\\\/anoticiaonline.com.br\\\/site\\\/categoria\\\/regiao\\\/\",\"nextItem\":{\"@type\":\"ListItem\",\"@id\":\"https:\\\/\\\/anoticiaonline.com.br\\\/site\\\/gerentes-do-sicoob-credisudeste-participam-de-intercambio-na-europa\\\/#listItem\",\"name\":\"Gerentes do Sicoob Credisudeste participam de interc\\u00e2mbio na Europa\"},\"previousItem\":{\"@type\":\"ListItem\",\"@id\":\"https:\\\/\\\/anoticiaonline.com.br\\\/site#listItem\",\"name\":\"Home\"}},{\"@type\":\"ListItem\",\"@id\":\"https:\\\/\\\/anoticiaonline.com.br\\\/site\\\/gerentes-do-sicoob-credisudeste-participam-de-intercambio-na-europa\\\/#listItem\",\"position\":3,\"name\":\"Gerentes do Sicoob Credisudeste participam de interc\\u00e2mbio na Europa\",\"previousItem\":{\"@type\":\"ListItem\",\"@id\":\"https:\\\/\\\/anoticiaonline.com.br\\\/site\\\/categoria\\\/regiao\\\/#listItem\",\"name\":\"Regi\\u00e3o\"}}]},{\"@type\":\"Organization\",\"@id\":\"https:\\\/\\\/anoticiaonline.com.br\\\/site\\\/#organization\",\"name\":\"A Not\\u00edcia Online\",\"description\":\"Noticias de Muria\\u00e9 e regi\\u00e3o\",\"url\":\"https:\\\/\\\/anoticiaonline.com.br\\\/site\\\/\",\"logo\":{\"@type\":\"ImageObject\",\"url\":\"https:\\\/\\\/scontent-gig4-1.xx.fbcdn.net\\\/v\\\/t39.30808-1\\\/270437624_4564083193639691_6907940295614233970_n.jpg?stp=dst-jpg_s200x200_tt6&_nc_cat=111&ccb=1-7&_nc_sid=f907e8&_nc_ohc=SM1wRlP3lJwQ7kNvwEPuBYA&_nc_oc=AdnqrjDN_BNjSSHWO-GbkIWH6fkGMLw4bqvL_NH6e2wMveX7G-rP2dAqsDSq1mJMOaY&_nc_zt=24&_nc_ht=scontent-gig4-1.xx&_nc_gid=AoBFJeGrT1hVaew_6rchkQ&oh=00_AfX7QmFGhQhG2jAllVgXCiM1ZrWgvtp80-Bfppyexh1QEg&oe=689E923C\",\"@id\":\"https:\\\/\\\/anoticiaonline.com.br\\\/site\\\/gerentes-do-sicoob-credisudeste-participam-de-intercambio-na-europa\\\/#organizationLogo\"},\"image\":{\"@id\":\"https:\\\/\\\/anoticiaonline.com.br\\\/site\\\/gerentes-do-sicoob-credisudeste-participam-de-intercambio-na-europa\\\/#organizationLogo\"}},{\"@type\":\"Person\",\"@id\":\"https:\\\/\\\/anoticiaonline.com.br\\\/site\\\/author\\\/juliana\\\/#author\",\"url\":\"https:\\\/\\\/anoticiaonline.com.br\\\/site\\\/author\\\/juliana\\\/\",\"name\":\"Juliana Laviola\",\"image\":{\"@type\":\"ImageObject\",\"@id\":\"https:\\\/\\\/anoticiaonline.com.br\\\/site\\\/gerentes-do-sicoob-credisudeste-participam-de-intercambio-na-europa\\\/#authorImage\",\"url\":\"https:\\\/\\\/secure.gravatar.com\\\/avatar\\\/b8d45f5c699b100dfaf0e543582f38f38bf94cb7ae3a5e9abf8d891a34773335?s=96&d=mm&r=g\",\"width\":96,\"height\":96,\"caption\":\"Juliana Laviola\"}},{\"@type\":\"WebPage\",\"@id\":\"https:\\\/\\\/anoticiaonline.com.br\\\/site\\\/gerentes-do-sicoob-credisudeste-participam-de-intercambio-na-europa\\\/#webpage\",\"url\":\"https:\\\/\\\/anoticiaonline.com.br\\\/site\\\/gerentes-do-sicoob-credisudeste-participam-de-intercambio-na-europa\\\/\",\"name\":\"Gerentes do Sicoob Credisudeste participam de interc\\u00e2mbio na Europa - A Not\\u00edcia Online\",\"description\":\"Durante o m\\u00eas de maio de 2018, duas gerentes do Sicoob Credisudeste tiveram a oportunidade de conhecer a realidade das cooperativas europeias. Alemanha e Portugal foram os destinos dos interc\\u00e2mbios com dura\\u00e7\\u00e3o de uma semana, custeados pelo Bancoob e pela Seguradora MinaSeg, respectivamente. A ideia \\u00e9 introduzir as boas pr\\u00e1ticas verificadas na Europa na rotina\",\"inLanguage\":\"pt-BR\",\"isPartOf\":{\"@id\":\"https:\\\/\\\/anoticiaonline.com.br\\\/site\\\/#website\"},\"breadcrumb\":{\"@id\":\"https:\\\/\\\/anoticiaonline.com.br\\\/site\\\/gerentes-do-sicoob-credisudeste-participam-de-intercambio-na-europa\\\/#breadcrumblist\"},\"author\":{\"@id\":\"https:\\\/\\\/anoticiaonline.com.br\\\/site\\\/author\\\/juliana\\\/#author\"},\"creator\":{\"@id\":\"https:\\\/\\\/anoticiaonline.com.br\\\/site\\\/author\\\/juliana\\\/#author\"},\"image\":{\"@type\":\"ImageObject\",\"url\":\"https:\\\/\\\/anoticiaonline.com.br\\\/site\\\/wp-content\\\/uploads\\\/2018\\\/06\\\/Gerentes-do-Sicoob-Credisudeste-participam-de-interc\\u00e2mbio-na-Europa-2.jpg\",\"@id\":\"https:\\\/\\\/anoticiaonline.com.br\\\/site\\\/gerentes-do-sicoob-credisudeste-participam-de-intercambio-na-europa\\\/#mainImage\",\"width\":640,\"height\":427},\"primaryImageOfPage\":{\"@id\":\"https:\\\/\\\/anoticiaonline.com.br\\\/site\\\/gerentes-do-sicoob-credisudeste-participam-de-intercambio-na-europa\\\/#mainImage\"},\"datePublished\":\"2018-06-13T15:57:38-03:00\",\"dateModified\":\"2018-06-13T15:57:38-03:00\"},{\"@type\":\"WebSite\",\"@id\":\"https:\\\/\\\/anoticiaonline.com.br\\\/site\\\/#website\",\"url\":\"https:\\\/\\\/anoticiaonline.com.br\\\/site\\\/\",\"name\":\"A Not\\u00edcia Online\",\"description\":\"Noticias de Muria\\u00e9 e regi\\u00e3o\",\"inLanguage\":\"pt-BR\",\"publisher\":{\"@id\":\"https:\\\/\\\/anoticiaonline.com.br\\\/site\\\/#organization\"}}]}\n\t\t<\/script>\n\t\t<!-- All in One SEO -->\n\n","aioseo_head_json":{"title":"Gerentes do Sicoob Credisudeste participam de interc\u00e2mbio na Europa - A Not\u00edcia Online","description":"Durante o m\u00eas de maio de 2018, duas gerentes do Sicoob Credisudeste tiveram a oportunidade de conhecer a realidade das cooperativas europeias. Alemanha e Portugal foram os destinos dos interc\u00e2mbios com dura\u00e7\u00e3o de uma semana, custeados pelo Bancoob e pela Seguradora MinaSeg, respectivamente. A ideia \u00e9 introduzir as boas pr\u00e1ticas verificadas na Europa na rotina","canonical_url":"https:\/\/anoticiaonline.com.br\/site\/gerentes-do-sicoob-credisudeste-participam-de-intercambio-na-europa\/","robots":"max-image-preview:large","keywords":"","webmasterTools":{"miscellaneous":""},"schema":{"@context":"https:\/\/schema.org","@graph":[{"@type":"BlogPosting","@id":"https:\/\/anoticiaonline.com.br\/site\/gerentes-do-sicoob-credisudeste-participam-de-intercambio-na-europa\/#blogposting","name":"Gerentes do Sicoob Credisudeste participam de interc\u00e2mbio na Europa - A Not\u00edcia Online","headline":"Gerentes do Sicoob Credisudeste participam de interc\u00e2mbio na Europa","author":{"@id":"https:\/\/anoticiaonline.com.br\/site\/author\/juliana\/#author"},"publisher":{"@id":"https:\/\/anoticiaonline.com.br\/site\/#organization"},"image":{"@type":"ImageObject","url":"https:\/\/anoticiaonline.com.br\/site\/wp-content\/uploads\/2018\/06\/Gerentes-do-Sicoob-Credisudeste-participam-de-interc\u00e2mbio-na-Europa-2.jpg","width":640,"height":427},"datePublished":"2018-06-13T15:57:38-03:00","dateModified":"2018-06-13T15:57:38-03:00","inLanguage":"pt-BR","mainEntityOfPage":{"@id":"https:\/\/anoticiaonline.com.br\/site\/gerentes-do-sicoob-credisudeste-participam-de-intercambio-na-europa\/#webpage"},"isPartOf":{"@id":"https:\/\/anoticiaonline.com.br\/site\/gerentes-do-sicoob-credisudeste-participam-de-intercambio-na-europa\/#webpage"},"articleSection":"Regi\u00e3o, Europa, gerentes, interc\u00e2mbio, SICOOB\u00a0 CREDISUDESTE"},{"@type":"BreadcrumbList","@id":"https:\/\/anoticiaonline.com.br\/site\/gerentes-do-sicoob-credisudeste-participam-de-intercambio-na-europa\/#breadcrumblist","itemListElement":[{"@type":"ListItem","@id":"https:\/\/anoticiaonline.com.br\/site#listItem","position":1,"name":"Home","item":"https:\/\/anoticiaonline.com.br\/site","nextItem":{"@type":"ListItem","@id":"https:\/\/anoticiaonline.com.br\/site\/categoria\/regiao\/#listItem","name":"Regi\u00e3o"}},{"@type":"ListItem","@id":"https:\/\/anoticiaonline.com.br\/site\/categoria\/regiao\/#listItem","position":2,"name":"Regi\u00e3o","item":"https:\/\/anoticiaonline.com.br\/site\/categoria\/regiao\/","nextItem":{"@type":"ListItem","@id":"https:\/\/anoticiaonline.com.br\/site\/gerentes-do-sicoob-credisudeste-participam-de-intercambio-na-europa\/#listItem","name":"Gerentes do Sicoob Credisudeste participam de interc\u00e2mbio na Europa"},"previousItem":{"@type":"ListItem","@id":"https:\/\/anoticiaonline.com.br\/site#listItem","name":"Home"}},{"@type":"ListItem","@id":"https:\/\/anoticiaonline.com.br\/site\/gerentes-do-sicoob-credisudeste-participam-de-intercambio-na-europa\/#listItem","position":3,"name":"Gerentes do Sicoob Credisudeste participam de interc\u00e2mbio na Europa","previousItem":{"@type":"ListItem","@id":"https:\/\/anoticiaonline.com.br\/site\/categoria\/regiao\/#listItem","name":"Regi\u00e3o"}}]},{"@type":"Organization","@id":"https:\/\/anoticiaonline.com.br\/site\/#organization","name":"A Not\u00edcia Online","description":"Noticias de Muria\u00e9 e regi\u00e3o","url":"https:\/\/anoticiaonline.com.br\/site\/","logo":{"@type":"ImageObject","url":"https:\/\/scontent-gig4-1.xx.fbcdn.net\/v\/t39.30808-1\/270437624_4564083193639691_6907940295614233970_n.jpg?stp=dst-jpg_s200x200_tt6&_nc_cat=111&ccb=1-7&_nc_sid=f907e8&_nc_ohc=SM1wRlP3lJwQ7kNvwEPuBYA&_nc_oc=AdnqrjDN_BNjSSHWO-GbkIWH6fkGMLw4bqvL_NH6e2wMveX7G-rP2dAqsDSq1mJMOaY&_nc_zt=24&_nc_ht=scontent-gig4-1.xx&_nc_gid=AoBFJeGrT1hVaew_6rchkQ&oh=00_AfX7QmFGhQhG2jAllVgXCiM1ZrWgvtp80-Bfppyexh1QEg&oe=689E923C","@id":"https:\/\/anoticiaonline.com.br\/site\/gerentes-do-sicoob-credisudeste-participam-de-intercambio-na-europa\/#organizationLogo"},"image":{"@id":"https:\/\/anoticiaonline.com.br\/site\/gerentes-do-sicoob-credisudeste-participam-de-intercambio-na-europa\/#organizationLogo"}},{"@type":"Person","@id":"https:\/\/anoticiaonline.com.br\/site\/author\/juliana\/#author","url":"https:\/\/anoticiaonline.com.br\/site\/author\/juliana\/","name":"Juliana Laviola","image":{"@type":"ImageObject","@id":"https:\/\/anoticiaonline.com.br\/site\/gerentes-do-sicoob-credisudeste-participam-de-intercambio-na-europa\/#authorImage","url":"https:\/\/secure.gravatar.com\/avatar\/b8d45f5c699b100dfaf0e543582f38f38bf94cb7ae3a5e9abf8d891a34773335?s=96&d=mm&r=g","width":96,"height":96,"caption":"Juliana Laviola"}},{"@type":"WebPage","@id":"https:\/\/anoticiaonline.com.br\/site\/gerentes-do-sicoob-credisudeste-participam-de-intercambio-na-europa\/#webpage","url":"https:\/\/anoticiaonline.com.br\/site\/gerentes-do-sicoob-credisudeste-participam-de-intercambio-na-europa\/","name":"Gerentes do Sicoob Credisudeste participam de interc\u00e2mbio na Europa - A Not\u00edcia Online","description":"Durante o m\u00eas de maio de 2018, duas gerentes do Sicoob Credisudeste tiveram a oportunidade de conhecer a realidade das cooperativas europeias. Alemanha e Portugal foram os destinos dos interc\u00e2mbios com dura\u00e7\u00e3o de uma semana, custeados pelo Bancoob e pela Seguradora MinaSeg, respectivamente. A ideia \u00e9 introduzir as boas pr\u00e1ticas verificadas na Europa na rotina","inLanguage":"pt-BR","isPartOf":{"@id":"https:\/\/anoticiaonline.com.br\/site\/#website"},"breadcrumb":{"@id":"https:\/\/anoticiaonline.com.br\/site\/gerentes-do-sicoob-credisudeste-participam-de-intercambio-na-europa\/#breadcrumblist"},"author":{"@id":"https:\/\/anoticiaonline.com.br\/site\/author\/juliana\/#author"},"creator":{"@id":"https:\/\/anoticiaonline.com.br\/site\/author\/juliana\/#author"},"image":{"@type":"ImageObject","url":"https:\/\/anoticiaonline.com.br\/site\/wp-content\/uploads\/2018\/06\/Gerentes-do-Sicoob-Credisudeste-participam-de-interc\u00e2mbio-na-Europa-2.jpg","@id":"https:\/\/anoticiaonline.com.br\/site\/gerentes-do-sicoob-credisudeste-participam-de-intercambio-na-europa\/#mainImage","width":640,"height":427},"primaryImageOfPage":{"@id":"https:\/\/anoticiaonline.com.br\/site\/gerentes-do-sicoob-credisudeste-participam-de-intercambio-na-europa\/#mainImage"},"datePublished":"2018-06-13T15:57:38-03:00","dateModified":"2018-06-13T15:57:38-03:00"},{"@type":"WebSite","@id":"https:\/\/anoticiaonline.com.br\/site\/#website","url":"https:\/\/anoticiaonline.com.br\/site\/","name":"A Not\u00edcia Online","description":"Noticias de Muria\u00e9 e regi\u00e3o","inLanguage":"pt-BR","publisher":{"@id":"https:\/\/anoticiaonline.com.br\/site\/#organization"}}]},"og:locale":"pt_BR","og:site_name":"A Not\u00edcia Online - Noticias de Muria\u00e9 e regi\u00e3o","og:type":"article","og:title":"Gerentes do Sicoob Credisudeste participam de interc\u00e2mbio na Europa - A Not\u00edcia Online","og:description":"Durante o m\u00eas de maio de 2018, duas gerentes do Sicoob Credisudeste tiveram a oportunidade de conhecer a realidade das cooperativas europeias. Alemanha e Portugal foram os destinos dos interc\u00e2mbios com dura\u00e7\u00e3o de uma semana, custeados pelo Bancoob e pela Seguradora MinaSeg, respectivamente. A ideia \u00e9 introduzir as boas pr\u00e1ticas verificadas na Europa na rotina","og:url":"https:\/\/anoticiaonline.com.br\/site\/gerentes-do-sicoob-credisudeste-participam-de-intercambio-na-europa\/","og:image":"https:\/\/scontent-gig4-1.xx.fbcdn.net\/v\/t39.30808-1\/270437624_4564083193639691_6907940295614233970_n.jpg?stp=dst-jpg_s200x200_tt6&#038;_nc_cat=111&#038;ccb=1-7&#038;_nc_sid=f907e8&#038;_nc_ohc=SM1wRlP3lJwQ7kNvwEPuBYA&#038;_nc_oc=AdnqrjDN_BNjSSHWO-GbkIWH6fkGMLw4bqvL_NH6e2wMveX7G-rP2dAqsDSq1mJMOaY&#038;_nc_zt=24&#038;_nc_ht=scontent-gig4-1.xx&#038;_nc_gid=AoBFJeGrT1hVaew_6rchkQ&#038;oh=00_AfX7QmFGhQhG2jAllVgXCiM1ZrWgvtp80-Bfppyexh1QEg&#038;oe=689E923C","og:image:secure_url":"https:\/\/scontent-gig4-1.xx.fbcdn.net\/v\/t39.30808-1\/270437624_4564083193639691_6907940295614233970_n.jpg?stp=dst-jpg_s200x200_tt6&#038;_nc_cat=111&#038;ccb=1-7&#038;_nc_sid=f907e8&#038;_nc_ohc=SM1wRlP3lJwQ7kNvwEPuBYA&#038;_nc_oc=AdnqrjDN_BNjSSHWO-GbkIWH6fkGMLw4bqvL_NH6e2wMveX7G-rP2dAqsDSq1mJMOaY&#038;_nc_zt=24&#038;_nc_ht=scontent-gig4-1.xx&#038;_nc_gid=AoBFJeGrT1hVaew_6rchkQ&#038;oh=00_AfX7QmFGhQhG2jAllVgXCiM1ZrWgvtp80-Bfppyexh1QEg&#038;oe=689E923C","article:published_time":"2018-06-13T18:57:38+00:00","article:modified_time":"2018-06-13T18:57:38+00:00","twitter:card":"summary_large_image","twitter:title":"Gerentes do Sicoob Credisudeste participam de interc\u00e2mbio na Europa - A Not\u00edcia Online","twitter:description":"Durante o m\u00eas de maio de 2018, duas gerentes do Sicoob Credisudeste tiveram a oportunidade de conhecer a realidade das cooperativas europeias. Alemanha e Portugal foram os destinos dos interc\u00e2mbios com dura\u00e7\u00e3o de uma semana, custeados pelo Bancoob e pela Seguradora MinaSeg, respectivamente. A ideia \u00e9 introduzir as boas pr\u00e1ticas verificadas na Europa na rotina","twitter:image":"https:\/\/scontent-gig4-1.xx.fbcdn.net\/v\/t39.30808-1\/270437624_4564083193639691_6907940295614233970_n.jpg?stp=dst-jpg_s200x200_tt6&_nc_cat=111&ccb=1-7&_nc_sid=f907e8&_nc_ohc=SM1wRlP3lJwQ7kNvwEPuBYA&_nc_oc=AdnqrjDN_BNjSSHWO-GbkIWH6fkGMLw4bqvL_NH6e2wMveX7G-rP2dAqsDSq1mJMOaY&_nc_zt=24&_nc_ht=scontent-gig4-1.xx&_nc_gid=AoBFJeGrT1hVaew_6rchkQ&oh=00_AfX7QmFGhQhG2jAllVgXCiM1ZrWgvtp80-Bfppyexh1QEg&oe=689E923C"},"aioseo_meta_data":{"post_id":"57060","title":null,"description":null,"keywords":null,"keyphrases":null,"primary_term":null,"canonical_url":null,"og_title":null,"og_description":null,"og_object_type":"default","og_image_type":"default","og_image_url":null,"og_image_width":null,"og_image_height":null,"og_image_custom_url":null,"og_image_custom_fields":null,"og_video":null,"og_custom_url":null,"og_article_section":null,"og_article_tags":null,"twitter_use_og":false,"twitter_card":"default","twitter_image_type":"default","twitter_image_url":null,"twitter_image_custom_url":null,"twitter_image_custom_fields":null,"twitter_title":null,"twitter_description":null,"schema":{"blockGraphs":[],"customGraphs":[],"default":{"data":{"Article":[],"Course":[],"Dataset":[],"FAQPage":[],"Movie":[],"Person":[],"Product":[],"ProductReview":[],"Car":[],"Recipe":[],"Service":[],"SoftwareApplication":[],"WebPage":[]},"graphName":"","isEnabled":true},"graphs":[]},"schema_type":"default","schema_type_options":null,"pillar_content":false,"robots_default":true,"robots_noindex":false,"robots_noarchive":false,"robots_nosnippet":false,"robots_nofollow":false,"robots_noimageindex":false,"robots_noodp":false,"robots_notranslate":false,"robots_max_snippet":null,"robots_max_videopreview":null,"robots_max_imagepreview":"large","priority":null,"frequency":null,"local_seo":null,"breadcrumb_settings":null,"limit_modified_date":false,"ai":null,"created":"2025-08-16 21:03:27","updated":"2025-08-16 21:03:27","focus_keyword":null,"additional_keywords":null,"truseo_locale":null,"seo_analyzer_scan_date":null},"aioseo_breadcrumb":"<div class=\"aioseo-breadcrumbs\"><span class=\"aioseo-breadcrumb\">\n\t\t\t<a href=\"https:\/\/anoticiaonline.com.br\/site\" title=\"Home\">Home<\/a>\n\t\t<\/span><span class=\"aioseo-breadcrumb-separator\">&raquo;<\/span><span class=\"aioseo-breadcrumb\">\n\t\t\t<a href=\"https:\/\/anoticiaonline.com.br\/site\/categoria\/regiao\/\" title=\"Regi\u00e3o\">Regi\u00e3o<\/a>\n\t\t<\/span><span class=\"aioseo-breadcrumb-separator\">&raquo;<\/span><span class=\"aioseo-breadcrumb\">\n\t\t\tGerentes do Sicoob Credisudeste participam de interc\u00e2mbio na Europa\n\t\t<\/span><\/div>","aioseo_breadcrumb_json":[{"label":"Home","link":"https:\/\/anoticiaonline.com.br\/site"},{"label":"Regi\u00e3o","link":"https:\/\/anoticiaonline.com.br\/site\/categoria\/regiao\/"},{"label":"Gerentes do Sicoob Credisudeste participam de interc\u00e2mbio na Europa","link":"https:\/\/anoticiaonline.com.br\/site\/gerentes-do-sicoob-credisudeste-participam-de-intercambio-na-europa\/"}],"views":171,"_links":{"self":[{"href":"https:\/\/anoticiaonline.com.br\/site\/wp-json\/wp\/v2\/posts\/57060","targetHints":{"allow":["GET"]}}],"collection":[{"href":"https:\/\/anoticiaonline.com.br\/site\/wp-json\/wp\/v2\/posts"}],"about":[{"href":"https:\/\/anoticiaonline.com.br\/site\/wp-json\/wp\/v2\/types\/post"}],"author":[{"embeddable":true,"href":"https:\/\/anoticiaonline.com.br\/site\/wp-json\/wp\/v2\/users\/2"}],"replies":[{"embeddable":true,"href":"https:\/\/anoticiaonline.com.br\/site\/wp-json\/wp\/v2\/comments?post=57060"}],"version-history":[{"count":0,"href":"https:\/\/anoticiaonline.com.br\/site\/wp-json\/wp\/v2\/posts\/57060\/revisions"}],"wp:featuredmedia":[{"embeddable":true,"href":"https:\/\/anoticiaonline.com.br\/site\/wp-json\/wp\/v2\/media\/57061"}],"wp:attachment":[{"href":"https:\/\/anoticiaonline.com.br\/site\/wp-json\/wp\/v2\/media?parent=57060"}],"wp:term":[{"taxonomy":"category","embeddable":true,"href":"https:\/\/anoticiaonline.com.br\/site\/wp-json\/wp\/v2\/categories?post=57060"},{"taxonomy":"post_tag","embeddable":true,"href":"https:\/\/anoticiaonline.com.br\/site\/wp-json\/wp\/v2\/tags?post=57060"}],"curies":[{"name":"wp","href":"https:\/\/api.w.org\/{rel}","templated":true}]}}