{"id":57047,"date":"2018-06-12T16:00:18","date_gmt":"2018-06-12T19:00:18","guid":{"rendered":"http:\/\/anoticiaonline.com.br\/site\/?p=57047"},"modified":"2018-06-12T16:00:18","modified_gmt":"2018-06-12T19:00:18","slug":"festa-da-cidade-de-ervalia-tera-shows-de-cesar-menotti-fabiano-e-trio-parada-dura","status":"publish","type":"post","link":"https:\/\/anoticiaonline.com.br\/site\/festa-da-cidade-de-ervalia-tera-shows-de-cesar-menotti-fabiano-e-trio-parada-dura\/","title":{"rendered":"Festa da Cidade de Erv\u00e1lia ter\u00e1 shows de C\u00e9sar Menotti &#038; Fabiano e Trio Parada Dura"},"content":{"rendered":"<p class=\"m_-5692476678502238431gmail-m_-6231519237930693602gmail-m_-8545879129155389890gmail-MsoNoSpacing\"><a href=\"https:\/\/anoticiaonline.com.br\/site\/wp-content\/uploads\/2018\/06\/Festa-da-Cidade-de-Erv\u00e1lia.jpg\"><img fetchpriority=\"high\" decoding=\"async\" class=\"aligncenter size-full wp-image-57048\" src=\"https:\/\/anoticiaonline.com.br\/site\/wp-content\/uploads\/2018\/06\/Festa-da-Cidade-de-Erv\u00e1lia.jpg\" alt=\"\" width=\"640\" height=\"441\" srcset=\"https:\/\/anoticiaonline.com.br\/site\/wp-content\/uploads\/2018\/06\/Festa-da-Cidade-de-Erv\u00e1lia.jpg 640w, https:\/\/anoticiaonline.com.br\/site\/wp-content\/uploads\/2018\/06\/Festa-da-Cidade-de-Erv\u00e1lia-300x207.jpg 300w\" sizes=\"(max-width: 640px) 100vw, 640px\" \/><\/a>A tradicional Festa da Cidade de Erv\u00e1lia ter\u00e1 em sua programa\u00e7\u00e3o shows de renome nacional, como a dupla C\u00e9sar Menotti &amp; Fabiano e a banda sertaneja Trio Parada Dura. O evento acontece neste final de semana, entre os dias 15 e 17 deste m\u00eas, no Parque de Exposi\u00e7\u00f5es do munic\u00edpio.<\/p>\n<p class=\"m_-5692476678502238431gmail-m_-6231519237930693602gmail-m_-8545879129155389890gmail-MsoNoSpacing\">A festa, que comemora os 79 anos de emancipa\u00e7\u00e3o pol\u00edtico-administrativa de Erv\u00e1lia, contar\u00e1 tamb\u00e9m com shows de bandas regionais e participa\u00e7\u00e3o de DJ\u2019s todos os dias. A entrada \u00e9 gratuita nos tr\u00eas dias de evento.<\/p>\n<p class=\"m_-5692476678502238431gmail-m_-6231519237930693602gmail-m_-8545879129155389890gmail-MsoNoSpacing\">Na sexta-feira (15), sobem ao palco a Banda Lex Luthor, a dupla Victor &amp; Fabiano e Nova M\u00e1quina. No s\u00e1bado (16), C\u00e9sar Menotti &amp; Fabiano prometem agitar o p\u00fablico com os maiores sucessos da carreira. Neste dia, tamb\u00e9m haver\u00e1 show de Raquel Lidia. O \u00faltimo dia de festa &#8211; no domingo (17) \u2013 ser\u00e1 marcado pelas apresenta\u00e7\u00f5es de Honoratto &amp; Santiago, Matheus Lucatto e pelo aguardado show de Trio Parada Dura.<\/p>\n<p class=\"m_-5692476678502238431gmail-m_-6231519237930693602gmail-m_-8545879129155389890gmail-MsoNoSpacing\"><b>Servi\u00e7o:<\/b><\/p>\n<p class=\"m_-5692476678502238431gmail-m_-6231519237930693602gmail-m_-8545879129155389890gmail-MsoNoSpacing\"><b>Festa da Cidade de Erv\u00e1lia:<\/b><\/p>\n<p class=\"m_-5692476678502238431gmail-m_-6231519237930693602gmail-m_-8545879129155389890gmail-MsoNoSpacing\">Data: entre 15 e 17 de junho<\/p>\n<p class=\"m_-5692476678502238431gmail-m_-6231519237930693602gmail-m_-8545879129155389890gmail-MsoNoSpacing\">Local: Parque de Exposi\u00e7\u00f5es de Erv\u00e1lia<\/p>\n<p class=\"m_-5692476678502238431gmail-m_-6231519237930693602gmail-m_-8545879129155389890gmail-MsoNoSpacing\">Programa\u00e7\u00e3o:<\/p>\n<p class=\"m_-5692476678502238431gmail-m_-6231519237930693602gmail-m_-8545879129155389890gmail-MsoNoSpacing\">\u00a0&#8211; Sexta-feira (15): Lex Luthor, Victor &amp; Fabiano e Nova M\u00e1quina<\/p>\n<p class=\"m_-5692476678502238431gmail-m_2292548439202192959gmail-MsoNoSpacing\">\u00a0&#8211; S\u00e1bado (16): C\u00e9sar Menotti &amp; Fabiano e Raquel Lidia<\/p>\n<p class=\"m_-5692476678502238431gmail-m_2292548439202192959gmail-MsoNoSpacing\">\u00a0&#8211; Domingo (17): Trio Parada Dura, Honoratto &amp; Santiago e Matheus Lucatto<\/p>\n<p class=\"m_-5692476678502238431gmail-m_2292548439202192959gmail-MsoNoSpacing\"><i>Entrada gratuita<\/i><\/p>\n","protected":false},"excerpt":{"rendered":"<p>A tradicional Festa da Cidade de Erv\u00e1lia ter\u00e1 em sua programa\u00e7\u00e3o shows de renome nacional, como a dupla C\u00e9sar Menotti &amp; Fabiano e a banda sertaneja Trio Parada Dura. O evento acontece neste final de semana, entre os dias 15 e 17 deste m\u00eas, no Parque de Exposi\u00e7\u00f5es do munic\u00edpio. A festa, que comemora os &#8230; <a title=\"Festa da Cidade de Erv\u00e1lia ter\u00e1 shows de C\u00e9sar Menotti &#038; Fabiano e Trio Parada Dura\" class=\"read-more\" href=\"https:\/\/anoticiaonline.com.br\/site\/festa-da-cidade-de-ervalia-tera-shows-de-cesar-menotti-fabiano-e-trio-parada-dura\/\" aria-label=\"Read more about Festa da Cidade de Erv\u00e1lia ter\u00e1 shows de C\u00e9sar Menotti &#038; Fabiano e Trio Parada Dura\">Ler mais<\/a><\/p>\n","protected":false},"author":7,"featured_media":57048,"comment_status":"open","ping_status":"open","sticky":false,"template":"","format":"standard","meta":{"_acf_changed":false,"_monsterinsights_skip_tracking":false,"footnotes":""},"categories":[24,6],"tags":[169,40],"class_list":["post-57047","post","type-post","status-publish","format-standard","has-post-thumbnail","hentry","category-eventos","category-regiao","tag-ervalia","tag-exposicao"],"acf":[],"aioseo_notices":[],"aioseo_head":"\n\t\t<!-- All in One SEO 5.0.0.1 - aioseo.com -->\n\t<meta name=\"description\" content=\"A tradicional Festa da Cidade de Erv\u00e1lia ter\u00e1 em sua programa\u00e7\u00e3o shows de renome nacional, como a dupla C\u00e9sar Menotti &amp; Fabiano e a banda sertaneja Trio Parada Dura. O evento acontece neste final de semana, entre os dias 15 e 17 deste m\u00eas, no Parque de Exposi\u00e7\u00f5es do munic\u00edpio. A festa, que comemora os\" \/>\n\t<meta name=\"robots\" content=\"max-image-preview:large\" \/>\n\t<meta name=\"author\" content=\"Leandro Bebiano\"\/>\n\t<link rel=\"canonical\" href=\"https:\/\/anoticiaonline.com.br\/site\/festa-da-cidade-de-ervalia-tera-shows-de-cesar-menotti-fabiano-e-trio-parada-dura\/\" \/>\n\t<meta name=\"generator\" content=\"All in One SEO (AIOSEO) 5.0.0.1\" \/>\n\t\t<meta property=\"og:locale\" content=\"pt_BR\" \/>\n\t\t<meta property=\"og:site_name\" content=\"A Not\u00edcia Online - Noticias de Muria\u00e9 e regi\u00e3o\" \/>\n\t\t<meta property=\"og:type\" content=\"article\" \/>\n\t\t<meta property=\"og:title\" content=\"Festa da Cidade de Erv\u00e1lia ter\u00e1 shows de C\u00e9sar Menotti &amp; Fabiano e Trio Parada Dura - A Not\u00edcia Online\" \/>\n\t\t<meta property=\"og:description\" content=\"A tradicional Festa da Cidade de Erv\u00e1lia ter\u00e1 em sua programa\u00e7\u00e3o shows de renome nacional, como a dupla C\u00e9sar Menotti &amp; Fabiano e a banda sertaneja Trio Parada Dura. O evento acontece neste final de semana, entre os dias 15 e 17 deste m\u00eas, no Parque de Exposi\u00e7\u00f5es do munic\u00edpio. A festa, que comemora os\" \/>\n\t\t<meta property=\"og:url\" content=\"https:\/\/anoticiaonline.com.br\/site\/festa-da-cidade-de-ervalia-tera-shows-de-cesar-menotti-fabiano-e-trio-parada-dura\/\" \/>\n\t\t<meta property=\"og:image\" content=\"https:\/\/scontent-gig4-1.xx.fbcdn.net\/v\/t39.30808-1\/270437624_4564083193639691_6907940295614233970_n.jpg?stp=dst-jpg_s200x200_tt6&#038;_nc_cat=111&#038;ccb=1-7&#038;_nc_sid=f907e8&#038;_nc_ohc=SM1wRlP3lJwQ7kNvwEPuBYA&#038;_nc_oc=AdnqrjDN_BNjSSHWO-GbkIWH6fkGMLw4bqvL_NH6e2wMveX7G-rP2dAqsDSq1mJMOaY&#038;_nc_zt=24&#038;_nc_ht=scontent-gig4-1.xx&#038;_nc_gid=AoBFJeGrT1hVaew_6rchkQ&#038;oh=00_AfX7QmFGhQhG2jAllVgXCiM1ZrWgvtp80-Bfppyexh1QEg&#038;oe=689E923C\" \/>\n\t\t<meta property=\"og:image:secure_url\" content=\"https:\/\/scontent-gig4-1.xx.fbcdn.net\/v\/t39.30808-1\/270437624_4564083193639691_6907940295614233970_n.jpg?stp=dst-jpg_s200x200_tt6&#038;_nc_cat=111&#038;ccb=1-7&#038;_nc_sid=f907e8&#038;_nc_ohc=SM1wRlP3lJwQ7kNvwEPuBYA&#038;_nc_oc=AdnqrjDN_BNjSSHWO-GbkIWH6fkGMLw4bqvL_NH6e2wMveX7G-rP2dAqsDSq1mJMOaY&#038;_nc_zt=24&#038;_nc_ht=scontent-gig4-1.xx&#038;_nc_gid=AoBFJeGrT1hVaew_6rchkQ&#038;oh=00_AfX7QmFGhQhG2jAllVgXCiM1ZrWgvtp80-Bfppyexh1QEg&#038;oe=689E923C\" \/>\n\t\t<meta property=\"article:published_time\" content=\"2018-06-12T19:00:18+00:00\" \/>\n\t\t<meta property=\"article:modified_time\" content=\"2018-06-12T19:00:18+00:00\" \/>\n\t\t<meta name=\"twitter:card\" content=\"summary_large_image\" \/>\n\t\t<meta name=\"twitter:title\" content=\"Festa da Cidade de Erv\u00e1lia ter\u00e1 shows de C\u00e9sar Menotti &amp; Fabiano e Trio Parada Dura - A Not\u00edcia Online\" \/>\n\t\t<meta name=\"twitter:description\" content=\"A tradicional Festa da Cidade de Erv\u00e1lia ter\u00e1 em sua programa\u00e7\u00e3o shows de renome nacional, como a dupla C\u00e9sar Menotti &amp; Fabiano e a banda sertaneja Trio Parada Dura. O evento acontece neste final de semana, entre os dias 15 e 17 deste m\u00eas, no Parque de Exposi\u00e7\u00f5es do munic\u00edpio. A festa, que comemora os\" \/>\n\t\t<meta name=\"twitter:image\" content=\"https:\/\/scontent-gig4-1.xx.fbcdn.net\/v\/t39.30808-1\/270437624_4564083193639691_6907940295614233970_n.jpg?stp=dst-jpg_s200x200_tt6&amp;_nc_cat=111&amp;ccb=1-7&amp;_nc_sid=f907e8&amp;_nc_ohc=SM1wRlP3lJwQ7kNvwEPuBYA&amp;_nc_oc=AdnqrjDN_BNjSSHWO-GbkIWH6fkGMLw4bqvL_NH6e2wMveX7G-rP2dAqsDSq1mJMOaY&amp;_nc_zt=24&amp;_nc_ht=scontent-gig4-1.xx&amp;_nc_gid=AoBFJeGrT1hVaew_6rchkQ&amp;oh=00_AfX7QmFGhQhG2jAllVgXCiM1ZrWgvtp80-Bfppyexh1QEg&amp;oe=689E923C\" \/>\n\t\t<script type=\"application\/ld+json\" class=\"aioseo-schema\">\n\t\t\t{\"@context\":\"https:\\\/\\\/schema.org\",\"@graph\":[{\"@type\":\"BlogPosting\",\"@id\":\"https:\\\/\\\/anoticiaonline.com.br\\\/site\\\/festa-da-cidade-de-ervalia-tera-shows-de-cesar-menotti-fabiano-e-trio-parada-dura\\\/#blogposting\",\"name\":\"Festa da Cidade de Erv\\u00e1lia ter\\u00e1 shows de C\\u00e9sar Menotti & Fabiano e Trio Parada Dura - A Not\\u00edcia Online\",\"headline\":\"Festa da Cidade de Erv\\u00e1lia ter\\u00e1 shows de C\\u00e9sar Menotti &#038; Fabiano e Trio Parada Dura\",\"author\":{\"@id\":\"https:\\\/\\\/anoticiaonline.com.br\\\/site\\\/author\\\/leandro\\\/#author\"},\"publisher\":{\"@id\":\"https:\\\/\\\/anoticiaonline.com.br\\\/site\\\/#organization\"},\"image\":{\"@type\":\"ImageObject\",\"url\":\"https:\\\/\\\/anoticiaonline.com.br\\\/site\\\/wp-content\\\/uploads\\\/2018\\\/06\\\/Festa-da-Cidade-de-Erv\\u00e1lia.jpg\",\"width\":640,\"height\":441},\"datePublished\":\"2018-06-12T16:00:18-03:00\",\"dateModified\":\"2018-06-12T16:00:18-03:00\",\"inLanguage\":\"pt-BR\",\"mainEntityOfPage\":{\"@id\":\"https:\\\/\\\/anoticiaonline.com.br\\\/site\\\/festa-da-cidade-de-ervalia-tera-shows-de-cesar-menotti-fabiano-e-trio-parada-dura\\\/#webpage\"},\"isPartOf\":{\"@id\":\"https:\\\/\\\/anoticiaonline.com.br\\\/site\\\/festa-da-cidade-de-ervalia-tera-shows-de-cesar-menotti-fabiano-e-trio-parada-dura\\\/#webpage\"},\"articleSection\":\"Eventos, Regi\\u00e3o, erv\\u00e1lia, exposi\\u00e7\\u00e3o\"},{\"@type\":\"BreadcrumbList\",\"@id\":\"https:\\\/\\\/anoticiaonline.com.br\\\/site\\\/festa-da-cidade-de-ervalia-tera-shows-de-cesar-menotti-fabiano-e-trio-parada-dura\\\/#breadcrumblist\",\"itemListElement\":[{\"@type\":\"ListItem\",\"@id\":\"https:\\\/\\\/anoticiaonline.com.br\\\/site#listItem\",\"position\":1,\"name\":\"Home\",\"item\":\"https:\\\/\\\/anoticiaonline.com.br\\\/site\",\"nextItem\":{\"@type\":\"ListItem\",\"@id\":\"https:\\\/\\\/anoticiaonline.com.br\\\/site\\\/categoria\\\/regiao\\\/#listItem\",\"name\":\"Regi\\u00e3o\"}},{\"@type\":\"ListItem\",\"@id\":\"https:\\\/\\\/anoticiaonline.com.br\\\/site\\\/categoria\\\/regiao\\\/#listItem\",\"position\":2,\"name\":\"Regi\\u00e3o\",\"item\":\"https:\\\/\\\/anoticiaonline.com.br\\\/site\\\/categoria\\\/regiao\\\/\",\"nextItem\":{\"@type\":\"ListItem\",\"@id\":\"https:\\\/\\\/anoticiaonline.com.br\\\/site\\\/festa-da-cidade-de-ervalia-tera-shows-de-cesar-menotti-fabiano-e-trio-parada-dura\\\/#listItem\",\"name\":\"Festa da Cidade de Erv\\u00e1lia ter\\u00e1 shows de C\\u00e9sar Menotti &#038; Fabiano e Trio Parada Dura\"},\"previousItem\":{\"@type\":\"ListItem\",\"@id\":\"https:\\\/\\\/anoticiaonline.com.br\\\/site#listItem\",\"name\":\"Home\"}},{\"@type\":\"ListItem\",\"@id\":\"https:\\\/\\\/anoticiaonline.com.br\\\/site\\\/festa-da-cidade-de-ervalia-tera-shows-de-cesar-menotti-fabiano-e-trio-parada-dura\\\/#listItem\",\"position\":3,\"name\":\"Festa da Cidade de Erv\\u00e1lia ter\\u00e1 shows de C\\u00e9sar Menotti &#038; Fabiano e Trio Parada Dura\",\"previousItem\":{\"@type\":\"ListItem\",\"@id\":\"https:\\\/\\\/anoticiaonline.com.br\\\/site\\\/categoria\\\/regiao\\\/#listItem\",\"name\":\"Regi\\u00e3o\"}}]},{\"@type\":\"Organization\",\"@id\":\"https:\\\/\\\/anoticiaonline.com.br\\\/site\\\/#organization\",\"name\":\"A Not\\u00edcia Online\",\"description\":\"Noticias de Muria\\u00e9 e regi\\u00e3o\",\"url\":\"https:\\\/\\\/anoticiaonline.com.br\\\/site\\\/\",\"logo\":{\"@type\":\"ImageObject\",\"url\":\"https:\\\/\\\/scontent-gig4-1.xx.fbcdn.net\\\/v\\\/t39.30808-1\\\/270437624_4564083193639691_6907940295614233970_n.jpg?stp=dst-jpg_s200x200_tt6&_nc_cat=111&ccb=1-7&_nc_sid=f907e8&_nc_ohc=SM1wRlP3lJwQ7kNvwEPuBYA&_nc_oc=AdnqrjDN_BNjSSHWO-GbkIWH6fkGMLw4bqvL_NH6e2wMveX7G-rP2dAqsDSq1mJMOaY&_nc_zt=24&_nc_ht=scontent-gig4-1.xx&_nc_gid=AoBFJeGrT1hVaew_6rchkQ&oh=00_AfX7QmFGhQhG2jAllVgXCiM1ZrWgvtp80-Bfppyexh1QEg&oe=689E923C\",\"@id\":\"https:\\\/\\\/anoticiaonline.com.br\\\/site\\\/festa-da-cidade-de-ervalia-tera-shows-de-cesar-menotti-fabiano-e-trio-parada-dura\\\/#organizationLogo\"},\"image\":{\"@id\":\"https:\\\/\\\/anoticiaonline.com.br\\\/site\\\/festa-da-cidade-de-ervalia-tera-shows-de-cesar-menotti-fabiano-e-trio-parada-dura\\\/#organizationLogo\"}},{\"@type\":\"Person\",\"@id\":\"https:\\\/\\\/anoticiaonline.com.br\\\/site\\\/author\\\/leandro\\\/#author\",\"url\":\"https:\\\/\\\/anoticiaonline.com.br\\\/site\\\/author\\\/leandro\\\/\",\"name\":\"Leandro Bebiano\",\"image\":{\"@type\":\"ImageObject\",\"@id\":\"https:\\\/\\\/anoticiaonline.com.br\\\/site\\\/festa-da-cidade-de-ervalia-tera-shows-de-cesar-menotti-fabiano-e-trio-parada-dura\\\/#authorImage\",\"url\":\"https:\\\/\\\/secure.gravatar.com\\\/avatar\\\/99966a20c143db97c8590c2013307c7c234a4cca48ed5657cbb47e22a400bd5f?s=96&d=mm&r=g\",\"width\":96,\"height\":96,\"caption\":\"Leandro Bebiano\"}},{\"@type\":\"WebPage\",\"@id\":\"https:\\\/\\\/anoticiaonline.com.br\\\/site\\\/festa-da-cidade-de-ervalia-tera-shows-de-cesar-menotti-fabiano-e-trio-parada-dura\\\/#webpage\",\"url\":\"https:\\\/\\\/anoticiaonline.com.br\\\/site\\\/festa-da-cidade-de-ervalia-tera-shows-de-cesar-menotti-fabiano-e-trio-parada-dura\\\/\",\"name\":\"Festa da Cidade de Erv\\u00e1lia ter\\u00e1 shows de C\\u00e9sar Menotti & Fabiano e Trio Parada Dura - A Not\\u00edcia Online\",\"description\":\"A tradicional Festa da Cidade de Erv\\u00e1lia ter\\u00e1 em sua programa\\u00e7\\u00e3o shows de renome nacional, como a dupla C\\u00e9sar Menotti & Fabiano e a banda sertaneja Trio Parada Dura. O evento acontece neste final de semana, entre os dias 15 e 17 deste m\\u00eas, no Parque de Exposi\\u00e7\\u00f5es do munic\\u00edpio. A festa, que comemora os\",\"inLanguage\":\"pt-BR\",\"isPartOf\":{\"@id\":\"https:\\\/\\\/anoticiaonline.com.br\\\/site\\\/#website\"},\"breadcrumb\":{\"@id\":\"https:\\\/\\\/anoticiaonline.com.br\\\/site\\\/festa-da-cidade-de-ervalia-tera-shows-de-cesar-menotti-fabiano-e-trio-parada-dura\\\/#breadcrumblist\"},\"author\":{\"@id\":\"https:\\\/\\\/anoticiaonline.com.br\\\/site\\\/author\\\/leandro\\\/#author\"},\"creator\":{\"@id\":\"https:\\\/\\\/anoticiaonline.com.br\\\/site\\\/author\\\/leandro\\\/#author\"},\"image\":{\"@type\":\"ImageObject\",\"url\":\"https:\\\/\\\/anoticiaonline.com.br\\\/site\\\/wp-content\\\/uploads\\\/2018\\\/06\\\/Festa-da-Cidade-de-Erv\\u00e1lia.jpg\",\"@id\":\"https:\\\/\\\/anoticiaonline.com.br\\\/site\\\/festa-da-cidade-de-ervalia-tera-shows-de-cesar-menotti-fabiano-e-trio-parada-dura\\\/#mainImage\",\"width\":640,\"height\":441},\"primaryImageOfPage\":{\"@id\":\"https:\\\/\\\/anoticiaonline.com.br\\\/site\\\/festa-da-cidade-de-ervalia-tera-shows-de-cesar-menotti-fabiano-e-trio-parada-dura\\\/#mainImage\"},\"datePublished\":\"2018-06-12T16:00:18-03:00\",\"dateModified\":\"2018-06-12T16:00:18-03:00\"},{\"@type\":\"WebSite\",\"@id\":\"https:\\\/\\\/anoticiaonline.com.br\\\/site\\\/#website\",\"url\":\"https:\\\/\\\/anoticiaonline.com.br\\\/site\\\/\",\"name\":\"A Not\\u00edcia Online\",\"description\":\"Noticias de Muria\\u00e9 e regi\\u00e3o\",\"inLanguage\":\"pt-BR\",\"publisher\":{\"@id\":\"https:\\\/\\\/anoticiaonline.com.br\\\/site\\\/#organization\"}}]}\n\t\t<\/script>\n\t\t<!-- All in One SEO -->\n\n","aioseo_head_json":{"title":"Festa da Cidade de Erv\u00e1lia ter\u00e1 shows de C\u00e9sar Menotti & Fabiano e Trio Parada Dura - A Not\u00edcia Online","description":"A tradicional Festa da Cidade de Erv\u00e1lia ter\u00e1 em sua programa\u00e7\u00e3o shows de renome nacional, como a dupla C\u00e9sar Menotti & Fabiano e a banda sertaneja Trio Parada Dura. O evento acontece neste final de semana, entre os dias 15 e 17 deste m\u00eas, no Parque de Exposi\u00e7\u00f5es do munic\u00edpio. A festa, que comemora os","canonical_url":"https:\/\/anoticiaonline.com.br\/site\/festa-da-cidade-de-ervalia-tera-shows-de-cesar-menotti-fabiano-e-trio-parada-dura\/","robots":"max-image-preview:large","keywords":"","webmasterTools":{"miscellaneous":""},"schema":{"@context":"https:\/\/schema.org","@graph":[{"@type":"BlogPosting","@id":"https:\/\/anoticiaonline.com.br\/site\/festa-da-cidade-de-ervalia-tera-shows-de-cesar-menotti-fabiano-e-trio-parada-dura\/#blogposting","name":"Festa da Cidade de Erv\u00e1lia ter\u00e1 shows de C\u00e9sar Menotti & Fabiano e Trio Parada Dura - A Not\u00edcia Online","headline":"Festa da Cidade de Erv\u00e1lia ter\u00e1 shows de C\u00e9sar Menotti &#038; Fabiano e Trio Parada Dura","author":{"@id":"https:\/\/anoticiaonline.com.br\/site\/author\/leandro\/#author"},"publisher":{"@id":"https:\/\/anoticiaonline.com.br\/site\/#organization"},"image":{"@type":"ImageObject","url":"https:\/\/anoticiaonline.com.br\/site\/wp-content\/uploads\/2018\/06\/Festa-da-Cidade-de-Erv\u00e1lia.jpg","width":640,"height":441},"datePublished":"2018-06-12T16:00:18-03:00","dateModified":"2018-06-12T16:00:18-03:00","inLanguage":"pt-BR","mainEntityOfPage":{"@id":"https:\/\/anoticiaonline.com.br\/site\/festa-da-cidade-de-ervalia-tera-shows-de-cesar-menotti-fabiano-e-trio-parada-dura\/#webpage"},"isPartOf":{"@id":"https:\/\/anoticiaonline.com.br\/site\/festa-da-cidade-de-ervalia-tera-shows-de-cesar-menotti-fabiano-e-trio-parada-dura\/#webpage"},"articleSection":"Eventos, Regi\u00e3o, erv\u00e1lia, exposi\u00e7\u00e3o"},{"@type":"BreadcrumbList","@id":"https:\/\/anoticiaonline.com.br\/site\/festa-da-cidade-de-ervalia-tera-shows-de-cesar-menotti-fabiano-e-trio-parada-dura\/#breadcrumblist","itemListElement":[{"@type":"ListItem","@id":"https:\/\/anoticiaonline.com.br\/site#listItem","position":1,"name":"Home","item":"https:\/\/anoticiaonline.com.br\/site","nextItem":{"@type":"ListItem","@id":"https:\/\/anoticiaonline.com.br\/site\/categoria\/regiao\/#listItem","name":"Regi\u00e3o"}},{"@type":"ListItem","@id":"https:\/\/anoticiaonline.com.br\/site\/categoria\/regiao\/#listItem","position":2,"name":"Regi\u00e3o","item":"https:\/\/anoticiaonline.com.br\/site\/categoria\/regiao\/","nextItem":{"@type":"ListItem","@id":"https:\/\/anoticiaonline.com.br\/site\/festa-da-cidade-de-ervalia-tera-shows-de-cesar-menotti-fabiano-e-trio-parada-dura\/#listItem","name":"Festa da Cidade de Erv\u00e1lia ter\u00e1 shows de C\u00e9sar Menotti &#038; Fabiano e Trio Parada Dura"},"previousItem":{"@type":"ListItem","@id":"https:\/\/anoticiaonline.com.br\/site#listItem","name":"Home"}},{"@type":"ListItem","@id":"https:\/\/anoticiaonline.com.br\/site\/festa-da-cidade-de-ervalia-tera-shows-de-cesar-menotti-fabiano-e-trio-parada-dura\/#listItem","position":3,"name":"Festa da Cidade de Erv\u00e1lia ter\u00e1 shows de C\u00e9sar Menotti &#038; Fabiano e Trio Parada Dura","previousItem":{"@type":"ListItem","@id":"https:\/\/anoticiaonline.com.br\/site\/categoria\/regiao\/#listItem","name":"Regi\u00e3o"}}]},{"@type":"Organization","@id":"https:\/\/anoticiaonline.com.br\/site\/#organization","name":"A Not\u00edcia Online","description":"Noticias de Muria\u00e9 e regi\u00e3o","url":"https:\/\/anoticiaonline.com.br\/site\/","logo":{"@type":"ImageObject","url":"https:\/\/scontent-gig4-1.xx.fbcdn.net\/v\/t39.30808-1\/270437624_4564083193639691_6907940295614233970_n.jpg?stp=dst-jpg_s200x200_tt6&_nc_cat=111&ccb=1-7&_nc_sid=f907e8&_nc_ohc=SM1wRlP3lJwQ7kNvwEPuBYA&_nc_oc=AdnqrjDN_BNjSSHWO-GbkIWH6fkGMLw4bqvL_NH6e2wMveX7G-rP2dAqsDSq1mJMOaY&_nc_zt=24&_nc_ht=scontent-gig4-1.xx&_nc_gid=AoBFJeGrT1hVaew_6rchkQ&oh=00_AfX7QmFGhQhG2jAllVgXCiM1ZrWgvtp80-Bfppyexh1QEg&oe=689E923C","@id":"https:\/\/anoticiaonline.com.br\/site\/festa-da-cidade-de-ervalia-tera-shows-de-cesar-menotti-fabiano-e-trio-parada-dura\/#organizationLogo"},"image":{"@id":"https:\/\/anoticiaonline.com.br\/site\/festa-da-cidade-de-ervalia-tera-shows-de-cesar-menotti-fabiano-e-trio-parada-dura\/#organizationLogo"}},{"@type":"Person","@id":"https:\/\/anoticiaonline.com.br\/site\/author\/leandro\/#author","url":"https:\/\/anoticiaonline.com.br\/site\/author\/leandro\/","name":"Leandro Bebiano","image":{"@type":"ImageObject","@id":"https:\/\/anoticiaonline.com.br\/site\/festa-da-cidade-de-ervalia-tera-shows-de-cesar-menotti-fabiano-e-trio-parada-dura\/#authorImage","url":"https:\/\/secure.gravatar.com\/avatar\/99966a20c143db97c8590c2013307c7c234a4cca48ed5657cbb47e22a400bd5f?s=96&d=mm&r=g","width":96,"height":96,"caption":"Leandro Bebiano"}},{"@type":"WebPage","@id":"https:\/\/anoticiaonline.com.br\/site\/festa-da-cidade-de-ervalia-tera-shows-de-cesar-menotti-fabiano-e-trio-parada-dura\/#webpage","url":"https:\/\/anoticiaonline.com.br\/site\/festa-da-cidade-de-ervalia-tera-shows-de-cesar-menotti-fabiano-e-trio-parada-dura\/","name":"Festa da Cidade de Erv\u00e1lia ter\u00e1 shows de C\u00e9sar Menotti & Fabiano e Trio Parada Dura - A Not\u00edcia Online","description":"A tradicional Festa da Cidade de Erv\u00e1lia ter\u00e1 em sua programa\u00e7\u00e3o shows de renome nacional, como a dupla C\u00e9sar Menotti & Fabiano e a banda sertaneja Trio Parada Dura. O evento acontece neste final de semana, entre os dias 15 e 17 deste m\u00eas, no Parque de Exposi\u00e7\u00f5es do munic\u00edpio. A festa, que comemora os","inLanguage":"pt-BR","isPartOf":{"@id":"https:\/\/anoticiaonline.com.br\/site\/#website"},"breadcrumb":{"@id":"https:\/\/anoticiaonline.com.br\/site\/festa-da-cidade-de-ervalia-tera-shows-de-cesar-menotti-fabiano-e-trio-parada-dura\/#breadcrumblist"},"author":{"@id":"https:\/\/anoticiaonline.com.br\/site\/author\/leandro\/#author"},"creator":{"@id":"https:\/\/anoticiaonline.com.br\/site\/author\/leandro\/#author"},"image":{"@type":"ImageObject","url":"https:\/\/anoticiaonline.com.br\/site\/wp-content\/uploads\/2018\/06\/Festa-da-Cidade-de-Erv\u00e1lia.jpg","@id":"https:\/\/anoticiaonline.com.br\/site\/festa-da-cidade-de-ervalia-tera-shows-de-cesar-menotti-fabiano-e-trio-parada-dura\/#mainImage","width":640,"height":441},"primaryImageOfPage":{"@id":"https:\/\/anoticiaonline.com.br\/site\/festa-da-cidade-de-ervalia-tera-shows-de-cesar-menotti-fabiano-e-trio-parada-dura\/#mainImage"},"datePublished":"2018-06-12T16:00:18-03:00","dateModified":"2018-06-12T16:00:18-03:00"},{"@type":"WebSite","@id":"https:\/\/anoticiaonline.com.br\/site\/#website","url":"https:\/\/anoticiaonline.com.br\/site\/","name":"A Not\u00edcia Online","description":"Noticias de Muria\u00e9 e regi\u00e3o","inLanguage":"pt-BR","publisher":{"@id":"https:\/\/anoticiaonline.com.br\/site\/#organization"}}]},"og:locale":"pt_BR","og:site_name":"A Not\u00edcia Online - Noticias de Muria\u00e9 e regi\u00e3o","og:type":"article","og:title":"Festa da Cidade de Erv\u00e1lia ter\u00e1 shows de C\u00e9sar Menotti &amp; Fabiano e Trio Parada Dura - A Not\u00edcia Online","og:description":"A tradicional Festa da Cidade de Erv\u00e1lia ter\u00e1 em sua programa\u00e7\u00e3o shows de renome nacional, como a dupla C\u00e9sar Menotti &amp; Fabiano e a banda sertaneja Trio Parada Dura. O evento acontece neste final de semana, entre os dias 15 e 17 deste m\u00eas, no Parque de Exposi\u00e7\u00f5es do munic\u00edpio. A festa, que comemora os","og:url":"https:\/\/anoticiaonline.com.br\/site\/festa-da-cidade-de-ervalia-tera-shows-de-cesar-menotti-fabiano-e-trio-parada-dura\/","og:image":"https:\/\/scontent-gig4-1.xx.fbcdn.net\/v\/t39.30808-1\/270437624_4564083193639691_6907940295614233970_n.jpg?stp=dst-jpg_s200x200_tt6&#038;_nc_cat=111&#038;ccb=1-7&#038;_nc_sid=f907e8&#038;_nc_ohc=SM1wRlP3lJwQ7kNvwEPuBYA&#038;_nc_oc=AdnqrjDN_BNjSSHWO-GbkIWH6fkGMLw4bqvL_NH6e2wMveX7G-rP2dAqsDSq1mJMOaY&#038;_nc_zt=24&#038;_nc_ht=scontent-gig4-1.xx&#038;_nc_gid=AoBFJeGrT1hVaew_6rchkQ&#038;oh=00_AfX7QmFGhQhG2jAllVgXCiM1ZrWgvtp80-Bfppyexh1QEg&#038;oe=689E923C","og:image:secure_url":"https:\/\/scontent-gig4-1.xx.fbcdn.net\/v\/t39.30808-1\/270437624_4564083193639691_6907940295614233970_n.jpg?stp=dst-jpg_s200x200_tt6&#038;_nc_cat=111&#038;ccb=1-7&#038;_nc_sid=f907e8&#038;_nc_ohc=SM1wRlP3lJwQ7kNvwEPuBYA&#038;_nc_oc=AdnqrjDN_BNjSSHWO-GbkIWH6fkGMLw4bqvL_NH6e2wMveX7G-rP2dAqsDSq1mJMOaY&#038;_nc_zt=24&#038;_nc_ht=scontent-gig4-1.xx&#038;_nc_gid=AoBFJeGrT1hVaew_6rchkQ&#038;oh=00_AfX7QmFGhQhG2jAllVgXCiM1ZrWgvtp80-Bfppyexh1QEg&#038;oe=689E923C","article:published_time":"2018-06-12T19:00:18+00:00","article:modified_time":"2018-06-12T19:00:18+00:00","twitter:card":"summary_large_image","twitter:title":"Festa da Cidade de Erv\u00e1lia ter\u00e1 shows de C\u00e9sar Menotti &amp; Fabiano e Trio Parada Dura - A Not\u00edcia Online","twitter:description":"A tradicional Festa da Cidade de Erv\u00e1lia ter\u00e1 em sua programa\u00e7\u00e3o shows de renome nacional, como a dupla C\u00e9sar Menotti &amp; Fabiano e a banda sertaneja Trio Parada Dura. O evento acontece neste final de semana, entre os dias 15 e 17 deste m\u00eas, no Parque de Exposi\u00e7\u00f5es do munic\u00edpio. A festa, que comemora os","twitter:image":"https:\/\/scontent-gig4-1.xx.fbcdn.net\/v\/t39.30808-1\/270437624_4564083193639691_6907940295614233970_n.jpg?stp=dst-jpg_s200x200_tt6&_nc_cat=111&ccb=1-7&_nc_sid=f907e8&_nc_ohc=SM1wRlP3lJwQ7kNvwEPuBYA&_nc_oc=AdnqrjDN_BNjSSHWO-GbkIWH6fkGMLw4bqvL_NH6e2wMveX7G-rP2dAqsDSq1mJMOaY&_nc_zt=24&_nc_ht=scontent-gig4-1.xx&_nc_gid=AoBFJeGrT1hVaew_6rchkQ&oh=00_AfX7QmFGhQhG2jAllVgXCiM1ZrWgvtp80-Bfppyexh1QEg&oe=689E923C"},"aioseo_meta_data":{"post_id":"57047","title":null,"description":null,"keywords":null,"keyphrases":null,"primary_term":null,"canonical_url":null,"og_title":null,"og_description":null,"og_object_type":"default","og_image_type":"default","og_image_url":null,"og_image_width":null,"og_image_height":null,"og_image_custom_url":null,"og_image_custom_fields":null,"og_video":null,"og_custom_url":null,"og_article_section":null,"og_article_tags":null,"twitter_use_og":false,"twitter_card":"default","twitter_image_type":"default","twitter_image_url":null,"twitter_image_custom_url":null,"twitter_image_custom_fields":null,"twitter_title":null,"twitter_description":null,"schema":{"blockGraphs":[],"customGraphs":[],"default":{"data":{"Article":[],"Course":[],"Dataset":[],"FAQPage":[],"Movie":[],"Person":[],"Product":[],"ProductReview":[],"Car":[],"Recipe":[],"Service":[],"SoftwareApplication":[],"WebPage":[]},"graphName":"","isEnabled":true},"graphs":[]},"schema_type":"default","schema_type_options":null,"pillar_content":false,"robots_default":true,"robots_noindex":false,"robots_noarchive":false,"robots_nosnippet":false,"robots_nofollow":false,"robots_noimageindex":false,"robots_noodp":false,"robots_notranslate":false,"robots_max_snippet":null,"robots_max_videopreview":null,"robots_max_imagepreview":"large","priority":null,"frequency":null,"local_seo":null,"breadcrumb_settings":null,"limit_modified_date":false,"ai":null,"created":"2025-08-16 21:03:27","updated":"2025-08-16 21:03:27","focus_keyword":null,"additional_keywords":null,"truseo_locale":null,"seo_analyzer_scan_date":null},"aioseo_breadcrumb":"<div class=\"aioseo-breadcrumbs\"><span class=\"aioseo-breadcrumb\">\n\t\t\t<a href=\"https:\/\/anoticiaonline.com.br\/site\" title=\"Home\">Home<\/a>\n\t\t<\/span><span class=\"aioseo-breadcrumb-separator\">&raquo;<\/span><span class=\"aioseo-breadcrumb\">\n\t\t\t<a href=\"https:\/\/anoticiaonline.com.br\/site\/categoria\/regiao\/\" title=\"Regi\u00e3o\">Regi\u00e3o<\/a>\n\t\t<\/span><span class=\"aioseo-breadcrumb-separator\">&raquo;<\/span><span class=\"aioseo-breadcrumb\">\n\t\t\tFesta da Cidade de Erv\u00e1lia ter\u00e1 shows de C\u00e9sar Menotti &amp; Fabiano e Trio Parada Dura\n\t\t<\/span><\/div>","aioseo_breadcrumb_json":[{"label":"Home","link":"https:\/\/anoticiaonline.com.br\/site"},{"label":"Regi\u00e3o","link":"https:\/\/anoticiaonline.com.br\/site\/categoria\/regiao\/"},{"label":"Festa da Cidade de Erv\u00e1lia ter\u00e1 shows de C\u00e9sar Menotti &#038; Fabiano e Trio Parada Dura","link":"https:\/\/anoticiaonline.com.br\/site\/festa-da-cidade-de-ervalia-tera-shows-de-cesar-menotti-fabiano-e-trio-parada-dura\/"}],"views":190,"_links":{"self":[{"href":"https:\/\/anoticiaonline.com.br\/site\/wp-json\/wp\/v2\/posts\/57047","targetHints":{"allow":["GET"]}}],"collection":[{"href":"https:\/\/anoticiaonline.com.br\/site\/wp-json\/wp\/v2\/posts"}],"about":[{"href":"https:\/\/anoticiaonline.com.br\/site\/wp-json\/wp\/v2\/types\/post"}],"author":[{"embeddable":true,"href":"https:\/\/anoticiaonline.com.br\/site\/wp-json\/wp\/v2\/users\/7"}],"replies":[{"embeddable":true,"href":"https:\/\/anoticiaonline.com.br\/site\/wp-json\/wp\/v2\/comments?post=57047"}],"version-history":[{"count":0,"href":"https:\/\/anoticiaonline.com.br\/site\/wp-json\/wp\/v2\/posts\/57047\/revisions"}],"wp:featuredmedia":[{"embeddable":true,"href":"https:\/\/anoticiaonline.com.br\/site\/wp-json\/wp\/v2\/media\/57048"}],"wp:attachment":[{"href":"https:\/\/anoticiaonline.com.br\/site\/wp-json\/wp\/v2\/media?parent=57047"}],"wp:term":[{"taxonomy":"category","embeddable":true,"href":"https:\/\/anoticiaonline.com.br\/site\/wp-json\/wp\/v2\/categories?post=57047"},{"taxonomy":"post_tag","embeddable":true,"href":"https:\/\/anoticiaonline.com.br\/site\/wp-json\/wp\/v2\/tags?post=57047"}],"curies":[{"name":"wp","href":"https:\/\/api.w.org\/{rel}","templated":true}]}}