{"id":56937,"date":"2018-06-07T16:36:22","date_gmt":"2018-06-07T19:36:22","guid":{"rendered":"http:\/\/anoticiaonline.com.br\/site\/?p=56937"},"modified":"2018-06-07T16:36:22","modified_gmt":"2018-06-07T19:36:22","slug":"as-licoes-da-greve-nos-transportes","status":"publish","type":"post","link":"https:\/\/anoticiaonline.com.br\/site\/as-licoes-da-greve-nos-transportes\/","title":{"rendered":"AS LI\u00c7\u00d5ES DA GREVE NOS TRANSPORTES"},"content":{"rendered":"<p>Adellunar Marge<\/p>\n<p>Se administrar uma casa n\u00e3o \u00e9 f\u00e1cil e exige cautelas e planejamento, imaginem administrar uma na\u00e7\u00e3o inteira, com suas crises e insatisfa\u00e7\u00f5es populares, com a diversidade de cores ideol\u00f3gicas e as conseq\u00fcentes f\u00f3rmulas que cada um pensa que \u00e9 a melhor para os destinos do pa\u00eds. Ainda mais um imenso pa\u00eds como o nosso que comportaria dentro das suas fronteiras grande parte dos pa\u00edses das Europa. Mas as crises excitam as mentes na busca de solu\u00e7\u00f5es.<\/p>\n<p>A greve nos transportes, por exemplo, deixou algumas li\u00e7\u00f5es importantes para o nosso pa\u00eds. De in\u00edcio constatou-se a independ\u00eancia do setor, que n\u00e3o permitiu que fac\u00e7\u00f5es pol\u00edticas pegassem carona no processo, tentando \u201cmisturar as coisas\u201d. Algumas entidades, useiras e vezeiras dessas situa\u00e7\u00f5es bem que tentaram. Mas o que ficou mais do que demonstrado foi a extrema depend\u00eancia da economia brasileira em rela\u00e7\u00e3o ao transporte rodovi\u00e1rio.<\/p>\n<p>O erro \u00e9 antigo. Iniciou-se nos meados dos anos de mil novecentos e cinq\u00fcenta, com a chegada de Juscelino Kubitschek \u00e0 Presid\u00eancia do pa\u00eds.<\/p>\n<p>Com a proposta de fazer 50 anos de progresso em cinco anos de governo, JK iniciou o maior processo de industrializa\u00e7\u00e3o ocorrido no Brasil, atraindo para o nosso pa\u00eds as montadoras de ve\u00edculos. N\u00e3o resta d\u00favida que a arrancada industrial alavancou o crescimento da economia, mas, justamente em fun\u00e7\u00e3o da falta de um planejamento, trouxe as conseq\u00fc\u00eancias inevit\u00e1veis do hist\u00f3rico \u00eaxodo rural, o incha\u00e7o dos grandes centros e a faveliza\u00e7\u00e3o, uma vez que as montadoras e as f\u00e1bricas de autope\u00e7as foram se localizando principalmente no eixo Rio-S\u00e3o Paulo em sua fase inicial, sem o devido planejamento para receber t\u00e3o intenso fluxo migrat\u00f3rio.<\/p>\n<p>Optando pelo transporte rodovi\u00e1rio, extremamente caro em um pa\u00eds de dimens\u00f5es continentais, o Brasil relegou a segundo e terceiro plano as ferrovias e hidrovias. Sem falar na necessidade onerosa de constru\u00e7\u00e3o de extensas redes de estradas, normalmente sem a qualidade necess\u00e1ria para suportar o intenso tr\u00e2nsito de ve\u00edculos pesados.<\/p>\n<p>Os \u201ccaminhos rodovi\u00e1rios\u201d que possu\u00edmos, chamados de rodovias, como o trecho entre Leopoldina e Juiz de Fora, sem acostamento, repleta de buracos e com intenso tr\u00e2nsito de caminh\u00f5es e carretas, transforma aquele pequeno percurso de 80 km em um tormento e um exerc\u00edcio permanente de per\u00edcia dos motoristas.<\/p>\n<p>\u00c9 claro que temos que levar em conta ainda que o custo elevad\u00edssimo do transporte rodovi\u00e1rio de cargas, em fun\u00e7\u00e3o de combust\u00edveis, pneus e manuten\u00e7\u00e3o de ve\u00edculos para cobrirem t\u00e3o longas dist\u00e2ncias na imensid\u00e3o do nosso pa\u00eds, onera o custo dos produtos e vai pesar no bolso do consumidor final. Transportar mercadorias dos Estados do Sul ou Sudeste para os Estados do Norte e Nordeste do pa\u00eds em \u201clombo de carretas\u201d s\u00f3 \u00e9 imagin\u00e1vel mesmo no Brasil.<\/p>\n<p>Os Governos Militares bem que tentaram, principalmente na era Geisel, implantar as ferrovias, com a instala\u00e7\u00e3o e moderniza\u00e7\u00e3o da FNV-F\u00e1brica Nacional de Vag\u00f5es. Mas n\u00e3o \u00e9 f\u00e1cil lutar contra o lobby da montadoras que t\u00eam na fabrica\u00e7\u00e3o de ve\u00edculos pesados e das auto-pe\u00e7as, uma fonte inesgot\u00e1vel de lucros. Ferrovias e hidrovias ainda continuar\u00e3o fazendo parte do sonho de todos n\u00f3s.<\/p>\n<p>Ap\u00f3s tantas d\u00e9cadas de equ\u00edvocos n\u00e3o ser\u00e1 f\u00e1cil trocar os transportes rodovi\u00e1rios de longo trajeto por linhas ferrovi\u00e1rias. A substitui\u00e7\u00e3o tem que ser a m\u00e9dio prazo pois a desacelera\u00e7\u00e3o da ind\u00fastria de caminh\u00f5es e das auto-pe\u00e7as de montagem e reposi\u00e7\u00e3o levaria a um elevado n\u00edvel de desemprego e a um caos econ\u00f4mico.<\/p>\n<p>A passagem tem que ser lenta e planejada para que o pa\u00eds se adapte. \u201cCinquenta anos em cinco\u201d, como queria Juscelino, s\u00f3 demonstrou o que j\u00e1 afirmava o mais antigo dos ditados populares, que a pressa \u00e9 inimiga da perfei\u00e7\u00e3o.<\/p>\n","protected":false},"excerpt":{"rendered":"<p>Adellunar Marge Se administrar uma casa n\u00e3o \u00e9 f\u00e1cil e exige cautelas e planejamento, imaginem administrar uma na\u00e7\u00e3o inteira, com suas crises e insatisfa\u00e7\u00f5es populares, com a diversidade de cores ideol\u00f3gicas e as conseq\u00fcentes f\u00f3rmulas que cada um pensa que \u00e9 a melhor para os destinos do pa\u00eds. Ainda mais um imenso pa\u00eds como o &#8230; <a title=\"AS LI\u00c7\u00d5ES DA GREVE NOS TRANSPORTES\" class=\"read-more\" href=\"https:\/\/anoticiaonline.com.br\/site\/as-licoes-da-greve-nos-transportes\/\" aria-label=\"Read more about AS LI\u00c7\u00d5ES DA GREVE NOS TRANSPORTES\">Ler mais<\/a><\/p>\n","protected":false},"author":2,"featured_media":0,"comment_status":"open","ping_status":"open","sticky":false,"template":"","format":"standard","meta":{"_acf_changed":false,"_monsterinsights_skip_tracking":false,"footnotes":""},"categories":[36],"tags":[],"class_list":["post-56937","post","type-post","status-publish","format-standard","hentry","category-logos-adellunar-marge"],"acf":[],"aioseo_notices":[],"aioseo_head":"\n\t\t<!-- All in One SEO 5.0.0.1 - aioseo.com -->\n\t<meta name=\"description\" content=\"Adellunar Marge Se administrar uma casa n\u00e3o \u00e9 f\u00e1cil e exige cautelas e planejamento, imaginem administrar uma na\u00e7\u00e3o inteira, com suas crises e insatisfa\u00e7\u00f5es populares, com a diversidade de cores ideol\u00f3gicas e as conseq\u00fcentes f\u00f3rmulas que cada um pensa que \u00e9 a melhor para os destinos do pa\u00eds. Ainda mais um imenso pa\u00eds como o\" \/>\n\t<meta name=\"robots\" content=\"max-image-preview:large\" \/>\n\t<meta name=\"author\" content=\"Juliana Laviola\"\/>\n\t<link rel=\"canonical\" href=\"https:\/\/anoticiaonline.com.br\/site\/as-licoes-da-greve-nos-transportes\/\" \/>\n\t<meta name=\"generator\" content=\"All in One SEO (AIOSEO) 5.0.0.1\" \/>\n\t\t<meta property=\"og:locale\" content=\"pt_BR\" \/>\n\t\t<meta property=\"og:site_name\" content=\"A Not\u00edcia Online - Noticias de Muria\u00e9 e regi\u00e3o\" \/>\n\t\t<meta property=\"og:type\" content=\"article\" \/>\n\t\t<meta property=\"og:title\" content=\"AS LI\u00c7\u00d5ES DA GREVE NOS TRANSPORTES - A Not\u00edcia Online\" \/>\n\t\t<meta property=\"og:description\" content=\"Adellunar Marge Se administrar uma casa n\u00e3o \u00e9 f\u00e1cil e exige cautelas e planejamento, imaginem administrar uma na\u00e7\u00e3o inteira, com suas crises e insatisfa\u00e7\u00f5es populares, com a diversidade de cores ideol\u00f3gicas e as conseq\u00fcentes f\u00f3rmulas que cada um pensa que \u00e9 a melhor para os destinos do pa\u00eds. Ainda mais um imenso pa\u00eds como o\" \/>\n\t\t<meta property=\"og:url\" content=\"https:\/\/anoticiaonline.com.br\/site\/as-licoes-da-greve-nos-transportes\/\" \/>\n\t\t<meta property=\"og:image\" content=\"https:\/\/scontent-gig4-1.xx.fbcdn.net\/v\/t39.30808-1\/270437624_4564083193639691_6907940295614233970_n.jpg?stp=dst-jpg_s200x200_tt6&#038;_nc_cat=111&#038;ccb=1-7&#038;_nc_sid=f907e8&#038;_nc_ohc=SM1wRlP3lJwQ7kNvwEPuBYA&#038;_nc_oc=AdnqrjDN_BNjSSHWO-GbkIWH6fkGMLw4bqvL_NH6e2wMveX7G-rP2dAqsDSq1mJMOaY&#038;_nc_zt=24&#038;_nc_ht=scontent-gig4-1.xx&#038;_nc_gid=AoBFJeGrT1hVaew_6rchkQ&#038;oh=00_AfX7QmFGhQhG2jAllVgXCiM1ZrWgvtp80-Bfppyexh1QEg&#038;oe=689E923C\" \/>\n\t\t<meta property=\"og:image:secure_url\" content=\"https:\/\/scontent-gig4-1.xx.fbcdn.net\/v\/t39.30808-1\/270437624_4564083193639691_6907940295614233970_n.jpg?stp=dst-jpg_s200x200_tt6&#038;_nc_cat=111&#038;ccb=1-7&#038;_nc_sid=f907e8&#038;_nc_ohc=SM1wRlP3lJwQ7kNvwEPuBYA&#038;_nc_oc=AdnqrjDN_BNjSSHWO-GbkIWH6fkGMLw4bqvL_NH6e2wMveX7G-rP2dAqsDSq1mJMOaY&#038;_nc_zt=24&#038;_nc_ht=scontent-gig4-1.xx&#038;_nc_gid=AoBFJeGrT1hVaew_6rchkQ&#038;oh=00_AfX7QmFGhQhG2jAllVgXCiM1ZrWgvtp80-Bfppyexh1QEg&#038;oe=689E923C\" \/>\n\t\t<meta property=\"article:published_time\" content=\"2018-06-07T19:36:22+00:00\" \/>\n\t\t<meta property=\"article:modified_time\" content=\"2018-06-07T19:36:22+00:00\" \/>\n\t\t<meta name=\"twitter:card\" content=\"summary_large_image\" \/>\n\t\t<meta name=\"twitter:title\" content=\"AS LI\u00c7\u00d5ES DA GREVE NOS TRANSPORTES - A Not\u00edcia Online\" \/>\n\t\t<meta name=\"twitter:description\" content=\"Adellunar Marge Se administrar uma casa n\u00e3o \u00e9 f\u00e1cil e exige cautelas e planejamento, imaginem administrar uma na\u00e7\u00e3o inteira, com suas crises e insatisfa\u00e7\u00f5es populares, com a diversidade de cores ideol\u00f3gicas e as conseq\u00fcentes f\u00f3rmulas que cada um pensa que \u00e9 a melhor para os destinos do pa\u00eds. Ainda mais um imenso pa\u00eds como o\" \/>\n\t\t<meta name=\"twitter:image\" content=\"https:\/\/scontent-gig4-1.xx.fbcdn.net\/v\/t39.30808-1\/270437624_4564083193639691_6907940295614233970_n.jpg?stp=dst-jpg_s200x200_tt6&amp;_nc_cat=111&amp;ccb=1-7&amp;_nc_sid=f907e8&amp;_nc_ohc=SM1wRlP3lJwQ7kNvwEPuBYA&amp;_nc_oc=AdnqrjDN_BNjSSHWO-GbkIWH6fkGMLw4bqvL_NH6e2wMveX7G-rP2dAqsDSq1mJMOaY&amp;_nc_zt=24&amp;_nc_ht=scontent-gig4-1.xx&amp;_nc_gid=AoBFJeGrT1hVaew_6rchkQ&amp;oh=00_AfX7QmFGhQhG2jAllVgXCiM1ZrWgvtp80-Bfppyexh1QEg&amp;oe=689E923C\" \/>\n\t\t<script type=\"application\/ld+json\" class=\"aioseo-schema\">\n\t\t\t{\"@context\":\"https:\\\/\\\/schema.org\",\"@graph\":[{\"@type\":\"BlogPosting\",\"@id\":\"https:\\\/\\\/anoticiaonline.com.br\\\/site\\\/as-licoes-da-greve-nos-transportes\\\/#blogposting\",\"name\":\"AS LI\\u00c7\\u00d5ES DA GREVE NOS TRANSPORTES - A Not\\u00edcia Online\",\"headline\":\"AS LI\\u00c7\\u00d5ES DA GREVE NOS TRANSPORTES\",\"author\":{\"@id\":\"https:\\\/\\\/anoticiaonline.com.br\\\/site\\\/author\\\/juliana\\\/#author\"},\"publisher\":{\"@id\":\"https:\\\/\\\/anoticiaonline.com.br\\\/site\\\/#organization\"},\"image\":{\"@type\":\"ImageObject\",\"url\":\"https:\\\/\\\/scontent-gig4-1.xx.fbcdn.net\\\/v\\\/t39.30808-1\\\/270437624_4564083193639691_6907940295614233970_n.jpg?stp=dst-jpg_s200x200_tt6&_nc_cat=111&ccb=1-7&_nc_sid=f907e8&_nc_ohc=SM1wRlP3lJwQ7kNvwEPuBYA&_nc_oc=AdnqrjDN_BNjSSHWO-GbkIWH6fkGMLw4bqvL_NH6e2wMveX7G-rP2dAqsDSq1mJMOaY&_nc_zt=24&_nc_ht=scontent-gig4-1.xx&_nc_gid=AoBFJeGrT1hVaew_6rchkQ&oh=00_AfX7QmFGhQhG2jAllVgXCiM1ZrWgvtp80-Bfppyexh1QEg&oe=689E923C\",\"@id\":\"https:\\\/\\\/anoticiaonline.com.br\\\/site\\\/#articleImage\"},\"datePublished\":\"2018-06-07T16:36:22-03:00\",\"dateModified\":\"2018-06-07T16:36:22-03:00\",\"inLanguage\":\"pt-BR\",\"mainEntityOfPage\":{\"@id\":\"https:\\\/\\\/anoticiaonline.com.br\\\/site\\\/as-licoes-da-greve-nos-transportes\\\/#webpage\"},\"isPartOf\":{\"@id\":\"https:\\\/\\\/anoticiaonline.com.br\\\/site\\\/as-licoes-da-greve-nos-transportes\\\/#webpage\"},\"articleSection\":\"Logos - Adellunar Marge\"},{\"@type\":\"BreadcrumbList\",\"@id\":\"https:\\\/\\\/anoticiaonline.com.br\\\/site\\\/as-licoes-da-greve-nos-transportes\\\/#breadcrumblist\",\"itemListElement\":[{\"@type\":\"ListItem\",\"@id\":\"https:\\\/\\\/anoticiaonline.com.br\\\/site#listItem\",\"position\":1,\"name\":\"Home\",\"item\":\"https:\\\/\\\/anoticiaonline.com.br\\\/site\",\"nextItem\":{\"@type\":\"ListItem\",\"@id\":\"https:\\\/\\\/anoticiaonline.com.br\\\/site\\\/categoria\\\/colunistas\\\/#listItem\",\"name\":\"Colunistas\"}},{\"@type\":\"ListItem\",\"@id\":\"https:\\\/\\\/anoticiaonline.com.br\\\/site\\\/categoria\\\/colunistas\\\/#listItem\",\"position\":2,\"name\":\"Colunistas\",\"item\":\"https:\\\/\\\/anoticiaonline.com.br\\\/site\\\/categoria\\\/colunistas\\\/\",\"nextItem\":{\"@type\":\"ListItem\",\"@id\":\"https:\\\/\\\/anoticiaonline.com.br\\\/site\\\/categoria\\\/colunistas\\\/logos-adellunar-marge\\\/#listItem\",\"name\":\"Logos - Adellunar Marge\"},\"previousItem\":{\"@type\":\"ListItem\",\"@id\":\"https:\\\/\\\/anoticiaonline.com.br\\\/site#listItem\",\"name\":\"Home\"}},{\"@type\":\"ListItem\",\"@id\":\"https:\\\/\\\/anoticiaonline.com.br\\\/site\\\/categoria\\\/colunistas\\\/logos-adellunar-marge\\\/#listItem\",\"position\":3,\"name\":\"Logos - Adellunar Marge\",\"item\":\"https:\\\/\\\/anoticiaonline.com.br\\\/site\\\/categoria\\\/colunistas\\\/logos-adellunar-marge\\\/\",\"nextItem\":{\"@type\":\"ListItem\",\"@id\":\"https:\\\/\\\/anoticiaonline.com.br\\\/site\\\/as-licoes-da-greve-nos-transportes\\\/#listItem\",\"name\":\"AS LI\\u00c7\\u00d5ES DA GREVE NOS TRANSPORTES\"},\"previousItem\":{\"@type\":\"ListItem\",\"@id\":\"https:\\\/\\\/anoticiaonline.com.br\\\/site\\\/categoria\\\/colunistas\\\/#listItem\",\"name\":\"Colunistas\"}},{\"@type\":\"ListItem\",\"@id\":\"https:\\\/\\\/anoticiaonline.com.br\\\/site\\\/as-licoes-da-greve-nos-transportes\\\/#listItem\",\"position\":4,\"name\":\"AS LI\\u00c7\\u00d5ES DA GREVE NOS TRANSPORTES\",\"previousItem\":{\"@type\":\"ListItem\",\"@id\":\"https:\\\/\\\/anoticiaonline.com.br\\\/site\\\/categoria\\\/colunistas\\\/logos-adellunar-marge\\\/#listItem\",\"name\":\"Logos - Adellunar Marge\"}}]},{\"@type\":\"Organization\",\"@id\":\"https:\\\/\\\/anoticiaonline.com.br\\\/site\\\/#organization\",\"name\":\"A Not\\u00edcia Online\",\"description\":\"Noticias de Muria\\u00e9 e regi\\u00e3o\",\"url\":\"https:\\\/\\\/anoticiaonline.com.br\\\/site\\\/\",\"logo\":{\"@type\":\"ImageObject\",\"url\":\"https:\\\/\\\/scontent-gig4-1.xx.fbcdn.net\\\/v\\\/t39.30808-1\\\/270437624_4564083193639691_6907940295614233970_n.jpg?stp=dst-jpg_s200x200_tt6&_nc_cat=111&ccb=1-7&_nc_sid=f907e8&_nc_ohc=SM1wRlP3lJwQ7kNvwEPuBYA&_nc_oc=AdnqrjDN_BNjSSHWO-GbkIWH6fkGMLw4bqvL_NH6e2wMveX7G-rP2dAqsDSq1mJMOaY&_nc_zt=24&_nc_ht=scontent-gig4-1.xx&_nc_gid=AoBFJeGrT1hVaew_6rchkQ&oh=00_AfX7QmFGhQhG2jAllVgXCiM1ZrWgvtp80-Bfppyexh1QEg&oe=689E923C\",\"@id\":\"https:\\\/\\\/anoticiaonline.com.br\\\/site\\\/as-licoes-da-greve-nos-transportes\\\/#organizationLogo\"},\"image\":{\"@id\":\"https:\\\/\\\/anoticiaonline.com.br\\\/site\\\/as-licoes-da-greve-nos-transportes\\\/#organizationLogo\"}},{\"@type\":\"Person\",\"@id\":\"https:\\\/\\\/anoticiaonline.com.br\\\/site\\\/author\\\/juliana\\\/#author\",\"url\":\"https:\\\/\\\/anoticiaonline.com.br\\\/site\\\/author\\\/juliana\\\/\",\"name\":\"Juliana Laviola\",\"image\":{\"@type\":\"ImageObject\",\"@id\":\"https:\\\/\\\/anoticiaonline.com.br\\\/site\\\/as-licoes-da-greve-nos-transportes\\\/#authorImage\",\"url\":\"https:\\\/\\\/secure.gravatar.com\\\/avatar\\\/b8d45f5c699b100dfaf0e543582f38f38bf94cb7ae3a5e9abf8d891a34773335?s=96&d=mm&r=g\",\"width\":96,\"height\":96,\"caption\":\"Juliana Laviola\"}},{\"@type\":\"WebPage\",\"@id\":\"https:\\\/\\\/anoticiaonline.com.br\\\/site\\\/as-licoes-da-greve-nos-transportes\\\/#webpage\",\"url\":\"https:\\\/\\\/anoticiaonline.com.br\\\/site\\\/as-licoes-da-greve-nos-transportes\\\/\",\"name\":\"AS LI\\u00c7\\u00d5ES DA GREVE NOS TRANSPORTES - A Not\\u00edcia Online\",\"description\":\"Adellunar Marge Se administrar uma casa n\\u00e3o \\u00e9 f\\u00e1cil e exige cautelas e planejamento, imaginem administrar uma na\\u00e7\\u00e3o inteira, com suas crises e insatisfa\\u00e7\\u00f5es populares, com a diversidade de cores ideol\\u00f3gicas e as conseq\\u00fcentes f\\u00f3rmulas que cada um pensa que \\u00e9 a melhor para os destinos do pa\\u00eds. Ainda mais um imenso pa\\u00eds como o\",\"inLanguage\":\"pt-BR\",\"isPartOf\":{\"@id\":\"https:\\\/\\\/anoticiaonline.com.br\\\/site\\\/#website\"},\"breadcrumb\":{\"@id\":\"https:\\\/\\\/anoticiaonline.com.br\\\/site\\\/as-licoes-da-greve-nos-transportes\\\/#breadcrumblist\"},\"author\":{\"@id\":\"https:\\\/\\\/anoticiaonline.com.br\\\/site\\\/author\\\/juliana\\\/#author\"},\"creator\":{\"@id\":\"https:\\\/\\\/anoticiaonline.com.br\\\/site\\\/author\\\/juliana\\\/#author\"},\"datePublished\":\"2018-06-07T16:36:22-03:00\",\"dateModified\":\"2018-06-07T16:36:22-03:00\"},{\"@type\":\"WebSite\",\"@id\":\"https:\\\/\\\/anoticiaonline.com.br\\\/site\\\/#website\",\"url\":\"https:\\\/\\\/anoticiaonline.com.br\\\/site\\\/\",\"name\":\"A Not\\u00edcia Online\",\"description\":\"Noticias de Muria\\u00e9 e regi\\u00e3o\",\"inLanguage\":\"pt-BR\",\"publisher\":{\"@id\":\"https:\\\/\\\/anoticiaonline.com.br\\\/site\\\/#organization\"}}]}\n\t\t<\/script>\n\t\t<!-- All in One SEO -->\n\n","aioseo_head_json":{"title":"AS LI\u00c7\u00d5ES DA GREVE NOS TRANSPORTES - A Not\u00edcia Online","description":"Adellunar Marge Se administrar uma casa n\u00e3o \u00e9 f\u00e1cil e exige cautelas e planejamento, imaginem administrar uma na\u00e7\u00e3o inteira, com suas crises e insatisfa\u00e7\u00f5es populares, com a diversidade de cores ideol\u00f3gicas e as conseq\u00fcentes f\u00f3rmulas que cada um pensa que \u00e9 a melhor para os destinos do pa\u00eds. Ainda mais um imenso pa\u00eds como o","canonical_url":"https:\/\/anoticiaonline.com.br\/site\/as-licoes-da-greve-nos-transportes\/","robots":"max-image-preview:large","keywords":"","webmasterTools":{"miscellaneous":""},"schema":{"@context":"https:\/\/schema.org","@graph":[{"@type":"BlogPosting","@id":"https:\/\/anoticiaonline.com.br\/site\/as-licoes-da-greve-nos-transportes\/#blogposting","name":"AS LI\u00c7\u00d5ES DA GREVE NOS TRANSPORTES - A Not\u00edcia Online","headline":"AS LI\u00c7\u00d5ES DA GREVE NOS TRANSPORTES","author":{"@id":"https:\/\/anoticiaonline.com.br\/site\/author\/juliana\/#author"},"publisher":{"@id":"https:\/\/anoticiaonline.com.br\/site\/#organization"},"image":{"@type":"ImageObject","url":"https:\/\/scontent-gig4-1.xx.fbcdn.net\/v\/t39.30808-1\/270437624_4564083193639691_6907940295614233970_n.jpg?stp=dst-jpg_s200x200_tt6&_nc_cat=111&ccb=1-7&_nc_sid=f907e8&_nc_ohc=SM1wRlP3lJwQ7kNvwEPuBYA&_nc_oc=AdnqrjDN_BNjSSHWO-GbkIWH6fkGMLw4bqvL_NH6e2wMveX7G-rP2dAqsDSq1mJMOaY&_nc_zt=24&_nc_ht=scontent-gig4-1.xx&_nc_gid=AoBFJeGrT1hVaew_6rchkQ&oh=00_AfX7QmFGhQhG2jAllVgXCiM1ZrWgvtp80-Bfppyexh1QEg&oe=689E923C","@id":"https:\/\/anoticiaonline.com.br\/site\/#articleImage"},"datePublished":"2018-06-07T16:36:22-03:00","dateModified":"2018-06-07T16:36:22-03:00","inLanguage":"pt-BR","mainEntityOfPage":{"@id":"https:\/\/anoticiaonline.com.br\/site\/as-licoes-da-greve-nos-transportes\/#webpage"},"isPartOf":{"@id":"https:\/\/anoticiaonline.com.br\/site\/as-licoes-da-greve-nos-transportes\/#webpage"},"articleSection":"Logos - Adellunar Marge"},{"@type":"BreadcrumbList","@id":"https:\/\/anoticiaonline.com.br\/site\/as-licoes-da-greve-nos-transportes\/#breadcrumblist","itemListElement":[{"@type":"ListItem","@id":"https:\/\/anoticiaonline.com.br\/site#listItem","position":1,"name":"Home","item":"https:\/\/anoticiaonline.com.br\/site","nextItem":{"@type":"ListItem","@id":"https:\/\/anoticiaonline.com.br\/site\/categoria\/colunistas\/#listItem","name":"Colunistas"}},{"@type":"ListItem","@id":"https:\/\/anoticiaonline.com.br\/site\/categoria\/colunistas\/#listItem","position":2,"name":"Colunistas","item":"https:\/\/anoticiaonline.com.br\/site\/categoria\/colunistas\/","nextItem":{"@type":"ListItem","@id":"https:\/\/anoticiaonline.com.br\/site\/categoria\/colunistas\/logos-adellunar-marge\/#listItem","name":"Logos - Adellunar Marge"},"previousItem":{"@type":"ListItem","@id":"https:\/\/anoticiaonline.com.br\/site#listItem","name":"Home"}},{"@type":"ListItem","@id":"https:\/\/anoticiaonline.com.br\/site\/categoria\/colunistas\/logos-adellunar-marge\/#listItem","position":3,"name":"Logos - Adellunar Marge","item":"https:\/\/anoticiaonline.com.br\/site\/categoria\/colunistas\/logos-adellunar-marge\/","nextItem":{"@type":"ListItem","@id":"https:\/\/anoticiaonline.com.br\/site\/as-licoes-da-greve-nos-transportes\/#listItem","name":"AS LI\u00c7\u00d5ES DA GREVE NOS TRANSPORTES"},"previousItem":{"@type":"ListItem","@id":"https:\/\/anoticiaonline.com.br\/site\/categoria\/colunistas\/#listItem","name":"Colunistas"}},{"@type":"ListItem","@id":"https:\/\/anoticiaonline.com.br\/site\/as-licoes-da-greve-nos-transportes\/#listItem","position":4,"name":"AS LI\u00c7\u00d5ES DA GREVE NOS TRANSPORTES","previousItem":{"@type":"ListItem","@id":"https:\/\/anoticiaonline.com.br\/site\/categoria\/colunistas\/logos-adellunar-marge\/#listItem","name":"Logos - Adellunar Marge"}}]},{"@type":"Organization","@id":"https:\/\/anoticiaonline.com.br\/site\/#organization","name":"A Not\u00edcia Online","description":"Noticias de Muria\u00e9 e regi\u00e3o","url":"https:\/\/anoticiaonline.com.br\/site\/","logo":{"@type":"ImageObject","url":"https:\/\/scontent-gig4-1.xx.fbcdn.net\/v\/t39.30808-1\/270437624_4564083193639691_6907940295614233970_n.jpg?stp=dst-jpg_s200x200_tt6&_nc_cat=111&ccb=1-7&_nc_sid=f907e8&_nc_ohc=SM1wRlP3lJwQ7kNvwEPuBYA&_nc_oc=AdnqrjDN_BNjSSHWO-GbkIWH6fkGMLw4bqvL_NH6e2wMveX7G-rP2dAqsDSq1mJMOaY&_nc_zt=24&_nc_ht=scontent-gig4-1.xx&_nc_gid=AoBFJeGrT1hVaew_6rchkQ&oh=00_AfX7QmFGhQhG2jAllVgXCiM1ZrWgvtp80-Bfppyexh1QEg&oe=689E923C","@id":"https:\/\/anoticiaonline.com.br\/site\/as-licoes-da-greve-nos-transportes\/#organizationLogo"},"image":{"@id":"https:\/\/anoticiaonline.com.br\/site\/as-licoes-da-greve-nos-transportes\/#organizationLogo"}},{"@type":"Person","@id":"https:\/\/anoticiaonline.com.br\/site\/author\/juliana\/#author","url":"https:\/\/anoticiaonline.com.br\/site\/author\/juliana\/","name":"Juliana Laviola","image":{"@type":"ImageObject","@id":"https:\/\/anoticiaonline.com.br\/site\/as-licoes-da-greve-nos-transportes\/#authorImage","url":"https:\/\/secure.gravatar.com\/avatar\/b8d45f5c699b100dfaf0e543582f38f38bf94cb7ae3a5e9abf8d891a34773335?s=96&d=mm&r=g","width":96,"height":96,"caption":"Juliana Laviola"}},{"@type":"WebPage","@id":"https:\/\/anoticiaonline.com.br\/site\/as-licoes-da-greve-nos-transportes\/#webpage","url":"https:\/\/anoticiaonline.com.br\/site\/as-licoes-da-greve-nos-transportes\/","name":"AS LI\u00c7\u00d5ES DA GREVE NOS TRANSPORTES - A Not\u00edcia Online","description":"Adellunar Marge Se administrar uma casa n\u00e3o \u00e9 f\u00e1cil e exige cautelas e planejamento, imaginem administrar uma na\u00e7\u00e3o inteira, com suas crises e insatisfa\u00e7\u00f5es populares, com a diversidade de cores ideol\u00f3gicas e as conseq\u00fcentes f\u00f3rmulas que cada um pensa que \u00e9 a melhor para os destinos do pa\u00eds. Ainda mais um imenso pa\u00eds como o","inLanguage":"pt-BR","isPartOf":{"@id":"https:\/\/anoticiaonline.com.br\/site\/#website"},"breadcrumb":{"@id":"https:\/\/anoticiaonline.com.br\/site\/as-licoes-da-greve-nos-transportes\/#breadcrumblist"},"author":{"@id":"https:\/\/anoticiaonline.com.br\/site\/author\/juliana\/#author"},"creator":{"@id":"https:\/\/anoticiaonline.com.br\/site\/author\/juliana\/#author"},"datePublished":"2018-06-07T16:36:22-03:00","dateModified":"2018-06-07T16:36:22-03:00"},{"@type":"WebSite","@id":"https:\/\/anoticiaonline.com.br\/site\/#website","url":"https:\/\/anoticiaonline.com.br\/site\/","name":"A Not\u00edcia Online","description":"Noticias de Muria\u00e9 e regi\u00e3o","inLanguage":"pt-BR","publisher":{"@id":"https:\/\/anoticiaonline.com.br\/site\/#organization"}}]},"og:locale":"pt_BR","og:site_name":"A Not\u00edcia Online - Noticias de Muria\u00e9 e regi\u00e3o","og:type":"article","og:title":"AS LI\u00c7\u00d5ES DA GREVE NOS TRANSPORTES - A Not\u00edcia Online","og:description":"Adellunar Marge Se administrar uma casa n\u00e3o \u00e9 f\u00e1cil e exige cautelas e planejamento, imaginem administrar uma na\u00e7\u00e3o inteira, com suas crises e insatisfa\u00e7\u00f5es populares, com a diversidade de cores ideol\u00f3gicas e as conseq\u00fcentes f\u00f3rmulas que cada um pensa que \u00e9 a melhor para os destinos do pa\u00eds. Ainda mais um imenso pa\u00eds como o","og:url":"https:\/\/anoticiaonline.com.br\/site\/as-licoes-da-greve-nos-transportes\/","og:image":"https:\/\/scontent-gig4-1.xx.fbcdn.net\/v\/t39.30808-1\/270437624_4564083193639691_6907940295614233970_n.jpg?stp=dst-jpg_s200x200_tt6&#038;_nc_cat=111&#038;ccb=1-7&#038;_nc_sid=f907e8&#038;_nc_ohc=SM1wRlP3lJwQ7kNvwEPuBYA&#038;_nc_oc=AdnqrjDN_BNjSSHWO-GbkIWH6fkGMLw4bqvL_NH6e2wMveX7G-rP2dAqsDSq1mJMOaY&#038;_nc_zt=24&#038;_nc_ht=scontent-gig4-1.xx&#038;_nc_gid=AoBFJeGrT1hVaew_6rchkQ&#038;oh=00_AfX7QmFGhQhG2jAllVgXCiM1ZrWgvtp80-Bfppyexh1QEg&#038;oe=689E923C","og:image:secure_url":"https:\/\/scontent-gig4-1.xx.fbcdn.net\/v\/t39.30808-1\/270437624_4564083193639691_6907940295614233970_n.jpg?stp=dst-jpg_s200x200_tt6&#038;_nc_cat=111&#038;ccb=1-7&#038;_nc_sid=f907e8&#038;_nc_ohc=SM1wRlP3lJwQ7kNvwEPuBYA&#038;_nc_oc=AdnqrjDN_BNjSSHWO-GbkIWH6fkGMLw4bqvL_NH6e2wMveX7G-rP2dAqsDSq1mJMOaY&#038;_nc_zt=24&#038;_nc_ht=scontent-gig4-1.xx&#038;_nc_gid=AoBFJeGrT1hVaew_6rchkQ&#038;oh=00_AfX7QmFGhQhG2jAllVgXCiM1ZrWgvtp80-Bfppyexh1QEg&#038;oe=689E923C","article:published_time":"2018-06-07T19:36:22+00:00","article:modified_time":"2018-06-07T19:36:22+00:00","twitter:card":"summary_large_image","twitter:title":"AS LI\u00c7\u00d5ES DA GREVE NOS TRANSPORTES - A Not\u00edcia Online","twitter:description":"Adellunar Marge Se administrar uma casa n\u00e3o \u00e9 f\u00e1cil e exige cautelas e planejamento, imaginem administrar uma na\u00e7\u00e3o inteira, com suas crises e insatisfa\u00e7\u00f5es populares, com a diversidade de cores ideol\u00f3gicas e as conseq\u00fcentes f\u00f3rmulas que cada um pensa que \u00e9 a melhor para os destinos do pa\u00eds. Ainda mais um imenso pa\u00eds como o","twitter:image":"https:\/\/scontent-gig4-1.xx.fbcdn.net\/v\/t39.30808-1\/270437624_4564083193639691_6907940295614233970_n.jpg?stp=dst-jpg_s200x200_tt6&_nc_cat=111&ccb=1-7&_nc_sid=f907e8&_nc_ohc=SM1wRlP3lJwQ7kNvwEPuBYA&_nc_oc=AdnqrjDN_BNjSSHWO-GbkIWH6fkGMLw4bqvL_NH6e2wMveX7G-rP2dAqsDSq1mJMOaY&_nc_zt=24&_nc_ht=scontent-gig4-1.xx&_nc_gid=AoBFJeGrT1hVaew_6rchkQ&oh=00_AfX7QmFGhQhG2jAllVgXCiM1ZrWgvtp80-Bfppyexh1QEg&oe=689E923C"},"aioseo_meta_data":{"post_id":"56937","title":null,"description":null,"keywords":null,"keyphrases":null,"primary_term":null,"canonical_url":null,"og_title":null,"og_description":null,"og_object_type":"default","og_image_type":"default","og_image_url":null,"og_image_width":null,"og_image_height":null,"og_image_custom_url":null,"og_image_custom_fields":null,"og_video":null,"og_custom_url":null,"og_article_section":null,"og_article_tags":null,"twitter_use_og":false,"twitter_card":"default","twitter_image_type":"default","twitter_image_url":null,"twitter_image_custom_url":null,"twitter_image_custom_fields":null,"twitter_title":null,"twitter_description":null,"schema":{"blockGraphs":[],"customGraphs":[],"default":{"data":{"Article":[],"Course":[],"Dataset":[],"FAQPage":[],"Movie":[],"Person":[],"Product":[],"ProductReview":[],"Car":[],"Recipe":[],"Service":[],"SoftwareApplication":[],"WebPage":[]},"graphName":"","isEnabled":true},"graphs":[]},"schema_type":"default","schema_type_options":null,"pillar_content":false,"robots_default":true,"robots_noindex":false,"robots_noarchive":false,"robots_nosnippet":false,"robots_nofollow":false,"robots_noimageindex":false,"robots_noodp":false,"robots_notranslate":false,"robots_max_snippet":null,"robots_max_videopreview":null,"robots_max_imagepreview":"large","priority":null,"frequency":null,"local_seo":null,"breadcrumb_settings":null,"limit_modified_date":false,"ai":null,"created":"2025-08-16 21:02:32","updated":"2025-08-16 21:02:32","focus_keyword":null,"additional_keywords":null,"truseo_locale":null,"seo_analyzer_scan_date":null},"aioseo_breadcrumb":"<div class=\"aioseo-breadcrumbs\"><span class=\"aioseo-breadcrumb\">\n\t\t\t<a href=\"https:\/\/anoticiaonline.com.br\/site\" title=\"Home\">Home<\/a>\n\t\t<\/span><span class=\"aioseo-breadcrumb-separator\">&raquo;<\/span><span class=\"aioseo-breadcrumb\">\n\t\t\t<a href=\"https:\/\/anoticiaonline.com.br\/site\/categoria\/colunistas\/\" title=\"Colunistas\">Colunistas<\/a>\n\t\t<\/span><span class=\"aioseo-breadcrumb-separator\">&raquo;<\/span><span class=\"aioseo-breadcrumb\">\n\t\t\t<a href=\"https:\/\/anoticiaonline.com.br\/site\/categoria\/colunistas\/logos-adellunar-marge\/\" title=\"Logos - Adellunar Marge\">Logos - Adellunar Marge<\/a>\n\t\t<\/span><span class=\"aioseo-breadcrumb-separator\">&raquo;<\/span><span class=\"aioseo-breadcrumb\">\n\t\t\tAS LI\u00c7\u00d5ES DA GREVE NOS TRANSPORTES\n\t\t<\/span><\/div>","aioseo_breadcrumb_json":[{"label":"Home","link":"https:\/\/anoticiaonline.com.br\/site"},{"label":"Colunistas","link":"https:\/\/anoticiaonline.com.br\/site\/categoria\/colunistas\/"},{"label":"Logos - Adellunar Marge","link":"https:\/\/anoticiaonline.com.br\/site\/categoria\/colunistas\/logos-adellunar-marge\/"},{"label":"AS LI\u00c7\u00d5ES DA GREVE NOS TRANSPORTES","link":"https:\/\/anoticiaonline.com.br\/site\/as-licoes-da-greve-nos-transportes\/"}],"views":152,"_links":{"self":[{"href":"https:\/\/anoticiaonline.com.br\/site\/wp-json\/wp\/v2\/posts\/56937","targetHints":{"allow":["GET"]}}],"collection":[{"href":"https:\/\/anoticiaonline.com.br\/site\/wp-json\/wp\/v2\/posts"}],"about":[{"href":"https:\/\/anoticiaonline.com.br\/site\/wp-json\/wp\/v2\/types\/post"}],"author":[{"embeddable":true,"href":"https:\/\/anoticiaonline.com.br\/site\/wp-json\/wp\/v2\/users\/2"}],"replies":[{"embeddable":true,"href":"https:\/\/anoticiaonline.com.br\/site\/wp-json\/wp\/v2\/comments?post=56937"}],"version-history":[{"count":0,"href":"https:\/\/anoticiaonline.com.br\/site\/wp-json\/wp\/v2\/posts\/56937\/revisions"}],"wp:attachment":[{"href":"https:\/\/anoticiaonline.com.br\/site\/wp-json\/wp\/v2\/media?parent=56937"}],"wp:term":[{"taxonomy":"category","embeddable":true,"href":"https:\/\/anoticiaonline.com.br\/site\/wp-json\/wp\/v2\/categories?post=56937"},{"taxonomy":"post_tag","embeddable":true,"href":"https:\/\/anoticiaonline.com.br\/site\/wp-json\/wp\/v2\/tags?post=56937"}],"curies":[{"name":"wp","href":"https:\/\/api.w.org\/{rel}","templated":true}]}}