{"id":56933,"date":"2018-06-07T16:21:29","date_gmt":"2018-06-07T19:21:29","guid":{"rendered":"http:\/\/anoticiaonline.com.br\/site\/?p=56933"},"modified":"2018-06-07T16:21:29","modified_gmt":"2018-06-07T19:21:29","slug":"lar-ozanam-precisa-de-doacoes-para-o-inverno","status":"publish","type":"post","link":"https:\/\/anoticiaonline.com.br\/site\/lar-ozanam-precisa-de-doacoes-para-o-inverno\/","title":{"rendered":"Lar Ozanam precisa de doa\u00e7\u00f5es para o inverno"},"content":{"rendered":"<p>Com 60 anos de hist\u00f3ria e, desde 1992, localizado no Bairro Planalto, o Lar Ozanam atende, atualmente, 48 idosos. A institui\u00e7\u00e3o, que \u00e9 filantr\u00f3pica, recebe doa\u00e7\u00f5es diversas dos muriaeenses de tempos em tempo. Dessa vez, a casa de repouso necessita da doa\u00e7\u00e3o de roupas de frio, mantas, cobertores e meias em bom estado, al\u00e9m de len\u00e7os umedecidos e fraldas geri\u00e1tricas.<\/p>\n<p>\u00c9lder Moreira da Silva, diretor administrativo do Lar Ozanam, disse que a popula\u00e7\u00e3o atende prontamente os pedidos e entrega as doa\u00e7\u00f5es no local. Segundo ele, infelizmente, as condi\u00e7\u00f5es para buscar os donativos s\u00e3o limitadas.<\/p>\n<p>\u201cRecebemos doa\u00e7\u00f5es de empresas e de pessoas que est\u00e3o sempre dispostas a ajudar. Agrade\u00e7o, desde j\u00e1, a colabora\u00e7\u00e3o daqueles que podem nos ajudar com estes itens essenciais e que Deus aben\u00e7oe a todos\u201d, disse.<\/p>\n<p>Os que desejam ajudar podem entrar em contato com o Lar Ozanam pelo telefone: 3722-4367.<\/p>\n<p><a href=\"https:\/\/anoticiaonline.com.br\/site\/wp-content\/uploads\/2018\/06\/Lar-Ozanam-precisa-de-doa\u00e7\u00f5es-para-o-inverno.jpg\"><img fetchpriority=\"high\" decoding=\"async\" class=\"alignnone size-full wp-image-56934\" src=\"https:\/\/anoticiaonline.com.br\/site\/wp-content\/uploads\/2018\/06\/Lar-Ozanam-precisa-de-doa\u00e7\u00f5es-para-o-inverno.jpg\" alt=\"\" width=\"640\" height=\"427\" srcset=\"https:\/\/anoticiaonline.com.br\/site\/wp-content\/uploads\/2018\/06\/Lar-Ozanam-precisa-de-doa\u00e7\u00f5es-para-o-inverno.jpg 640w, https:\/\/anoticiaonline.com.br\/site\/wp-content\/uploads\/2018\/06\/Lar-Ozanam-precisa-de-doa\u00e7\u00f5es-para-o-inverno-300x200.jpg 300w\" sizes=\"(max-width: 640px) 100vw, 640px\" \/><\/a> <a href=\"https:\/\/anoticiaonline.com.br\/site\/wp-content\/uploads\/2018\/06\/Lar-Ozanam-precisa-de-doa\u00e7\u00f5es-para-o-inverno-2.jpg\"><img decoding=\"async\" class=\"alignnone size-full wp-image-56935\" src=\"https:\/\/anoticiaonline.com.br\/site\/wp-content\/uploads\/2018\/06\/Lar-Ozanam-precisa-de-doa\u00e7\u00f5es-para-o-inverno-2.jpg\" alt=\"\" width=\"640\" height=\"427\" srcset=\"https:\/\/anoticiaonline.com.br\/site\/wp-content\/uploads\/2018\/06\/Lar-Ozanam-precisa-de-doa\u00e7\u00f5es-para-o-inverno-2.jpg 640w, https:\/\/anoticiaonline.com.br\/site\/wp-content\/uploads\/2018\/06\/Lar-Ozanam-precisa-de-doa\u00e7\u00f5es-para-o-inverno-2-300x200.jpg 300w\" sizes=\"(max-width: 640px) 100vw, 640px\" \/><\/a><\/p>\n","protected":false},"excerpt":{"rendered":"<p>Com 60 anos de hist\u00f3ria e, desde 1992, localizado no Bairro Planalto, o Lar Ozanam atende, atualmente, 48 idosos. A institui\u00e7\u00e3o, que \u00e9 filantr\u00f3pica, recebe doa\u00e7\u00f5es diversas dos muriaeenses de tempos em tempo. Dessa vez, a casa de repouso necessita da doa\u00e7\u00e3o de roupas de frio, mantas, cobertores e meias em bom estado, al\u00e9m de &#8230; <a title=\"Lar Ozanam precisa de doa\u00e7\u00f5es para o inverno\" class=\"read-more\" href=\"https:\/\/anoticiaonline.com.br\/site\/lar-ozanam-precisa-de-doacoes-para-o-inverno\/\" aria-label=\"Read more about Lar Ozanam precisa de doa\u00e7\u00f5es para o inverno\">Ler mais<\/a><\/p>\n","protected":false},"author":2,"featured_media":56934,"comment_status":"open","ping_status":"open","sticky":false,"template":"","format":"standard","meta":{"_acf_changed":false,"_monsterinsights_skip_tracking":false,"footnotes":""},"categories":[30],"tags":[2726,492,2728,128,2727],"class_list":["post-56933","post","type-post","status-publish","format-standard","has-post-thumbnail","hentry","category-muriae","tag-doacoes","tag-idosos","tag-inverno","tag-lar-ozanam","tag-voluntariado"],"acf":[],"aioseo_notices":[],"aioseo_head":"\n\t\t<!-- All in One SEO 5.0.0.1 - aioseo.com -->\n\t<meta name=\"description\" content=\"Com 60 anos de hist\u00f3ria e, desde 1992, localizado no Bairro Planalto, o Lar Ozanam atende, atualmente, 48 idosos. A institui\u00e7\u00e3o, que \u00e9 filantr\u00f3pica, recebe doa\u00e7\u00f5es diversas dos muriaeenses de tempos em tempo. Dessa vez, a casa de repouso necessita da doa\u00e7\u00e3o de roupas de frio, mantas, cobertores e meias em bom estado, al\u00e9m de\" \/>\n\t<meta name=\"robots\" content=\"max-image-preview:large\" \/>\n\t<meta name=\"author\" content=\"Juliana Laviola\"\/>\n\t<link rel=\"canonical\" href=\"https:\/\/anoticiaonline.com.br\/site\/lar-ozanam-precisa-de-doacoes-para-o-inverno\/\" \/>\n\t<meta name=\"generator\" content=\"All in One SEO (AIOSEO) 5.0.0.1\" \/>\n\t\t<meta property=\"og:locale\" content=\"pt_BR\" \/>\n\t\t<meta property=\"og:site_name\" content=\"A Not\u00edcia Online - Noticias de Muria\u00e9 e regi\u00e3o\" \/>\n\t\t<meta property=\"og:type\" content=\"article\" \/>\n\t\t<meta property=\"og:title\" content=\"Lar Ozanam precisa de doa\u00e7\u00f5es para o inverno - A Not\u00edcia Online\" \/>\n\t\t<meta property=\"og:description\" content=\"Com 60 anos de hist\u00f3ria e, desde 1992, localizado no Bairro Planalto, o Lar Ozanam atende, atualmente, 48 idosos. A institui\u00e7\u00e3o, que \u00e9 filantr\u00f3pica, recebe doa\u00e7\u00f5es diversas dos muriaeenses de tempos em tempo. Dessa vez, a casa de repouso necessita da doa\u00e7\u00e3o de roupas de frio, mantas, cobertores e meias em bom estado, al\u00e9m de\" \/>\n\t\t<meta property=\"og:url\" content=\"https:\/\/anoticiaonline.com.br\/site\/lar-ozanam-precisa-de-doacoes-para-o-inverno\/\" \/>\n\t\t<meta property=\"og:image\" content=\"https:\/\/scontent-gig4-1.xx.fbcdn.net\/v\/t39.30808-1\/270437624_4564083193639691_6907940295614233970_n.jpg?stp=dst-jpg_s200x200_tt6&#038;_nc_cat=111&#038;ccb=1-7&#038;_nc_sid=f907e8&#038;_nc_ohc=SM1wRlP3lJwQ7kNvwEPuBYA&#038;_nc_oc=AdnqrjDN_BNjSSHWO-GbkIWH6fkGMLw4bqvL_NH6e2wMveX7G-rP2dAqsDSq1mJMOaY&#038;_nc_zt=24&#038;_nc_ht=scontent-gig4-1.xx&#038;_nc_gid=AoBFJeGrT1hVaew_6rchkQ&#038;oh=00_AfX7QmFGhQhG2jAllVgXCiM1ZrWgvtp80-Bfppyexh1QEg&#038;oe=689E923C\" \/>\n\t\t<meta property=\"og:image:secure_url\" content=\"https:\/\/scontent-gig4-1.xx.fbcdn.net\/v\/t39.30808-1\/270437624_4564083193639691_6907940295614233970_n.jpg?stp=dst-jpg_s200x200_tt6&#038;_nc_cat=111&#038;ccb=1-7&#038;_nc_sid=f907e8&#038;_nc_ohc=SM1wRlP3lJwQ7kNvwEPuBYA&#038;_nc_oc=AdnqrjDN_BNjSSHWO-GbkIWH6fkGMLw4bqvL_NH6e2wMveX7G-rP2dAqsDSq1mJMOaY&#038;_nc_zt=24&#038;_nc_ht=scontent-gig4-1.xx&#038;_nc_gid=AoBFJeGrT1hVaew_6rchkQ&#038;oh=00_AfX7QmFGhQhG2jAllVgXCiM1ZrWgvtp80-Bfppyexh1QEg&#038;oe=689E923C\" \/>\n\t\t<meta property=\"article:published_time\" content=\"2018-06-07T19:21:29+00:00\" \/>\n\t\t<meta property=\"article:modified_time\" content=\"2018-06-07T19:21:29+00:00\" \/>\n\t\t<meta name=\"twitter:card\" content=\"summary_large_image\" \/>\n\t\t<meta name=\"twitter:title\" content=\"Lar Ozanam precisa de doa\u00e7\u00f5es para o inverno - A Not\u00edcia Online\" \/>\n\t\t<meta name=\"twitter:description\" content=\"Com 60 anos de hist\u00f3ria e, desde 1992, localizado no Bairro Planalto, o Lar Ozanam atende, atualmente, 48 idosos. A institui\u00e7\u00e3o, que \u00e9 filantr\u00f3pica, recebe doa\u00e7\u00f5es diversas dos muriaeenses de tempos em tempo. Dessa vez, a casa de repouso necessita da doa\u00e7\u00e3o de roupas de frio, mantas, cobertores e meias em bom estado, al\u00e9m de\" \/>\n\t\t<meta name=\"twitter:image\" content=\"https:\/\/scontent-gig4-1.xx.fbcdn.net\/v\/t39.30808-1\/270437624_4564083193639691_6907940295614233970_n.jpg?stp=dst-jpg_s200x200_tt6&amp;_nc_cat=111&amp;ccb=1-7&amp;_nc_sid=f907e8&amp;_nc_ohc=SM1wRlP3lJwQ7kNvwEPuBYA&amp;_nc_oc=AdnqrjDN_BNjSSHWO-GbkIWH6fkGMLw4bqvL_NH6e2wMveX7G-rP2dAqsDSq1mJMOaY&amp;_nc_zt=24&amp;_nc_ht=scontent-gig4-1.xx&amp;_nc_gid=AoBFJeGrT1hVaew_6rchkQ&amp;oh=00_AfX7QmFGhQhG2jAllVgXCiM1ZrWgvtp80-Bfppyexh1QEg&amp;oe=689E923C\" \/>\n\t\t<script type=\"application\/ld+json\" class=\"aioseo-schema\">\n\t\t\t{\"@context\":\"https:\\\/\\\/schema.org\",\"@graph\":[{\"@type\":\"BlogPosting\",\"@id\":\"https:\\\/\\\/anoticiaonline.com.br\\\/site\\\/lar-ozanam-precisa-de-doacoes-para-o-inverno\\\/#blogposting\",\"name\":\"Lar Ozanam precisa de doa\\u00e7\\u00f5es para o inverno - A Not\\u00edcia Online\",\"headline\":\"Lar Ozanam precisa de doa\\u00e7\\u00f5es para o inverno\",\"author\":{\"@id\":\"https:\\\/\\\/anoticiaonline.com.br\\\/site\\\/author\\\/juliana\\\/#author\"},\"publisher\":{\"@id\":\"https:\\\/\\\/anoticiaonline.com.br\\\/site\\\/#organization\"},\"image\":{\"@type\":\"ImageObject\",\"url\":\"https:\\\/\\\/anoticiaonline.com.br\\\/site\\\/wp-content\\\/uploads\\\/2018\\\/06\\\/Lar-Ozanam-precisa-de-doa\\u00e7\\u00f5es-para-o-inverno.jpg\",\"width\":640,\"height\":427},\"datePublished\":\"2018-06-07T16:21:29-03:00\",\"dateModified\":\"2018-06-07T16:21:29-03:00\",\"inLanguage\":\"pt-BR\",\"mainEntityOfPage\":{\"@id\":\"https:\\\/\\\/anoticiaonline.com.br\\\/site\\\/lar-ozanam-precisa-de-doacoes-para-o-inverno\\\/#webpage\"},\"isPartOf\":{\"@id\":\"https:\\\/\\\/anoticiaonline.com.br\\\/site\\\/lar-ozanam-precisa-de-doacoes-para-o-inverno\\\/#webpage\"},\"articleSection\":\"Blog, doa\\u00e7\\u00f5es, idosos, inverno, lar ozanam, voluntariado\"},{\"@type\":\"BreadcrumbList\",\"@id\":\"https:\\\/\\\/anoticiaonline.com.br\\\/site\\\/lar-ozanam-precisa-de-doacoes-para-o-inverno\\\/#breadcrumblist\",\"itemListElement\":[{\"@type\":\"ListItem\",\"@id\":\"https:\\\/\\\/anoticiaonline.com.br\\\/site#listItem\",\"position\":1,\"name\":\"Home\",\"item\":\"https:\\\/\\\/anoticiaonline.com.br\\\/site\",\"nextItem\":{\"@type\":\"ListItem\",\"@id\":\"https:\\\/\\\/anoticiaonline.com.br\\\/site\\\/categoria\\\/muriae\\\/#listItem\",\"name\":\"Blog\"}},{\"@type\":\"ListItem\",\"@id\":\"https:\\\/\\\/anoticiaonline.com.br\\\/site\\\/categoria\\\/muriae\\\/#listItem\",\"position\":2,\"name\":\"Blog\",\"item\":\"https:\\\/\\\/anoticiaonline.com.br\\\/site\\\/categoria\\\/muriae\\\/\",\"nextItem\":{\"@type\":\"ListItem\",\"@id\":\"https:\\\/\\\/anoticiaonline.com.br\\\/site\\\/lar-ozanam-precisa-de-doacoes-para-o-inverno\\\/#listItem\",\"name\":\"Lar Ozanam precisa de doa\\u00e7\\u00f5es para o inverno\"},\"previousItem\":{\"@type\":\"ListItem\",\"@id\":\"https:\\\/\\\/anoticiaonline.com.br\\\/site#listItem\",\"name\":\"Home\"}},{\"@type\":\"ListItem\",\"@id\":\"https:\\\/\\\/anoticiaonline.com.br\\\/site\\\/lar-ozanam-precisa-de-doacoes-para-o-inverno\\\/#listItem\",\"position\":3,\"name\":\"Lar Ozanam precisa de doa\\u00e7\\u00f5es para o inverno\",\"previousItem\":{\"@type\":\"ListItem\",\"@id\":\"https:\\\/\\\/anoticiaonline.com.br\\\/site\\\/categoria\\\/muriae\\\/#listItem\",\"name\":\"Blog\"}}]},{\"@type\":\"Organization\",\"@id\":\"https:\\\/\\\/anoticiaonline.com.br\\\/site\\\/#organization\",\"name\":\"A Not\\u00edcia Online\",\"description\":\"Noticias de Muria\\u00e9 e regi\\u00e3o\",\"url\":\"https:\\\/\\\/anoticiaonline.com.br\\\/site\\\/\",\"logo\":{\"@type\":\"ImageObject\",\"url\":\"https:\\\/\\\/scontent-gig4-1.xx.fbcdn.net\\\/v\\\/t39.30808-1\\\/270437624_4564083193639691_6907940295614233970_n.jpg?stp=dst-jpg_s200x200_tt6&_nc_cat=111&ccb=1-7&_nc_sid=f907e8&_nc_ohc=SM1wRlP3lJwQ7kNvwEPuBYA&_nc_oc=AdnqrjDN_BNjSSHWO-GbkIWH6fkGMLw4bqvL_NH6e2wMveX7G-rP2dAqsDSq1mJMOaY&_nc_zt=24&_nc_ht=scontent-gig4-1.xx&_nc_gid=AoBFJeGrT1hVaew_6rchkQ&oh=00_AfX7QmFGhQhG2jAllVgXCiM1ZrWgvtp80-Bfppyexh1QEg&oe=689E923C\",\"@id\":\"https:\\\/\\\/anoticiaonline.com.br\\\/site\\\/lar-ozanam-precisa-de-doacoes-para-o-inverno\\\/#organizationLogo\"},\"image\":{\"@id\":\"https:\\\/\\\/anoticiaonline.com.br\\\/site\\\/lar-ozanam-precisa-de-doacoes-para-o-inverno\\\/#organizationLogo\"}},{\"@type\":\"Person\",\"@id\":\"https:\\\/\\\/anoticiaonline.com.br\\\/site\\\/author\\\/juliana\\\/#author\",\"url\":\"https:\\\/\\\/anoticiaonline.com.br\\\/site\\\/author\\\/juliana\\\/\",\"name\":\"Juliana Laviola\",\"image\":{\"@type\":\"ImageObject\",\"@id\":\"https:\\\/\\\/anoticiaonline.com.br\\\/site\\\/lar-ozanam-precisa-de-doacoes-para-o-inverno\\\/#authorImage\",\"url\":\"https:\\\/\\\/secure.gravatar.com\\\/avatar\\\/b8d45f5c699b100dfaf0e543582f38f38bf94cb7ae3a5e9abf8d891a34773335?s=96&d=mm&r=g\",\"width\":96,\"height\":96,\"caption\":\"Juliana Laviola\"}},{\"@type\":\"WebPage\",\"@id\":\"https:\\\/\\\/anoticiaonline.com.br\\\/site\\\/lar-ozanam-precisa-de-doacoes-para-o-inverno\\\/#webpage\",\"url\":\"https:\\\/\\\/anoticiaonline.com.br\\\/site\\\/lar-ozanam-precisa-de-doacoes-para-o-inverno\\\/\",\"name\":\"Lar Ozanam precisa de doa\\u00e7\\u00f5es para o inverno - A Not\\u00edcia Online\",\"description\":\"Com 60 anos de hist\\u00f3ria e, desde 1992, localizado no Bairro Planalto, o Lar Ozanam atende, atualmente, 48 idosos. A institui\\u00e7\\u00e3o, que \\u00e9 filantr\\u00f3pica, recebe doa\\u00e7\\u00f5es diversas dos muriaeenses de tempos em tempo. Dessa vez, a casa de repouso necessita da doa\\u00e7\\u00e3o de roupas de frio, mantas, cobertores e meias em bom estado, al\\u00e9m de\",\"inLanguage\":\"pt-BR\",\"isPartOf\":{\"@id\":\"https:\\\/\\\/anoticiaonline.com.br\\\/site\\\/#website\"},\"breadcrumb\":{\"@id\":\"https:\\\/\\\/anoticiaonline.com.br\\\/site\\\/lar-ozanam-precisa-de-doacoes-para-o-inverno\\\/#breadcrumblist\"},\"author\":{\"@id\":\"https:\\\/\\\/anoticiaonline.com.br\\\/site\\\/author\\\/juliana\\\/#author\"},\"creator\":{\"@id\":\"https:\\\/\\\/anoticiaonline.com.br\\\/site\\\/author\\\/juliana\\\/#author\"},\"image\":{\"@type\":\"ImageObject\",\"url\":\"https:\\\/\\\/anoticiaonline.com.br\\\/site\\\/wp-content\\\/uploads\\\/2018\\\/06\\\/Lar-Ozanam-precisa-de-doa\\u00e7\\u00f5es-para-o-inverno.jpg\",\"@id\":\"https:\\\/\\\/anoticiaonline.com.br\\\/site\\\/lar-ozanam-precisa-de-doacoes-para-o-inverno\\\/#mainImage\",\"width\":640,\"height\":427},\"primaryImageOfPage\":{\"@id\":\"https:\\\/\\\/anoticiaonline.com.br\\\/site\\\/lar-ozanam-precisa-de-doacoes-para-o-inverno\\\/#mainImage\"},\"datePublished\":\"2018-06-07T16:21:29-03:00\",\"dateModified\":\"2018-06-07T16:21:29-03:00\"},{\"@type\":\"WebSite\",\"@id\":\"https:\\\/\\\/anoticiaonline.com.br\\\/site\\\/#website\",\"url\":\"https:\\\/\\\/anoticiaonline.com.br\\\/site\\\/\",\"name\":\"A Not\\u00edcia Online\",\"description\":\"Noticias de Muria\\u00e9 e regi\\u00e3o\",\"inLanguage\":\"pt-BR\",\"publisher\":{\"@id\":\"https:\\\/\\\/anoticiaonline.com.br\\\/site\\\/#organization\"}}]}\n\t\t<\/script>\n\t\t<!-- All in One SEO -->\n\n","aioseo_head_json":{"title":"Lar Ozanam precisa de doa\u00e7\u00f5es para o inverno - A Not\u00edcia Online","description":"Com 60 anos de hist\u00f3ria e, desde 1992, localizado no Bairro Planalto, o Lar Ozanam atende, atualmente, 48 idosos. A institui\u00e7\u00e3o, que \u00e9 filantr\u00f3pica, recebe doa\u00e7\u00f5es diversas dos muriaeenses de tempos em tempo. Dessa vez, a casa de repouso necessita da doa\u00e7\u00e3o de roupas de frio, mantas, cobertores e meias em bom estado, al\u00e9m de","canonical_url":"https:\/\/anoticiaonline.com.br\/site\/lar-ozanam-precisa-de-doacoes-para-o-inverno\/","robots":"max-image-preview:large","keywords":"","webmasterTools":{"miscellaneous":""},"schema":{"@context":"https:\/\/schema.org","@graph":[{"@type":"BlogPosting","@id":"https:\/\/anoticiaonline.com.br\/site\/lar-ozanam-precisa-de-doacoes-para-o-inverno\/#blogposting","name":"Lar Ozanam precisa de doa\u00e7\u00f5es para o inverno - A Not\u00edcia Online","headline":"Lar Ozanam precisa de doa\u00e7\u00f5es para o inverno","author":{"@id":"https:\/\/anoticiaonline.com.br\/site\/author\/juliana\/#author"},"publisher":{"@id":"https:\/\/anoticiaonline.com.br\/site\/#organization"},"image":{"@type":"ImageObject","url":"https:\/\/anoticiaonline.com.br\/site\/wp-content\/uploads\/2018\/06\/Lar-Ozanam-precisa-de-doa\u00e7\u00f5es-para-o-inverno.jpg","width":640,"height":427},"datePublished":"2018-06-07T16:21:29-03:00","dateModified":"2018-06-07T16:21:29-03:00","inLanguage":"pt-BR","mainEntityOfPage":{"@id":"https:\/\/anoticiaonline.com.br\/site\/lar-ozanam-precisa-de-doacoes-para-o-inverno\/#webpage"},"isPartOf":{"@id":"https:\/\/anoticiaonline.com.br\/site\/lar-ozanam-precisa-de-doacoes-para-o-inverno\/#webpage"},"articleSection":"Blog, doa\u00e7\u00f5es, idosos, inverno, lar ozanam, voluntariado"},{"@type":"BreadcrumbList","@id":"https:\/\/anoticiaonline.com.br\/site\/lar-ozanam-precisa-de-doacoes-para-o-inverno\/#breadcrumblist","itemListElement":[{"@type":"ListItem","@id":"https:\/\/anoticiaonline.com.br\/site#listItem","position":1,"name":"Home","item":"https:\/\/anoticiaonline.com.br\/site","nextItem":{"@type":"ListItem","@id":"https:\/\/anoticiaonline.com.br\/site\/categoria\/muriae\/#listItem","name":"Blog"}},{"@type":"ListItem","@id":"https:\/\/anoticiaonline.com.br\/site\/categoria\/muriae\/#listItem","position":2,"name":"Blog","item":"https:\/\/anoticiaonline.com.br\/site\/categoria\/muriae\/","nextItem":{"@type":"ListItem","@id":"https:\/\/anoticiaonline.com.br\/site\/lar-ozanam-precisa-de-doacoes-para-o-inverno\/#listItem","name":"Lar Ozanam precisa de doa\u00e7\u00f5es para o inverno"},"previousItem":{"@type":"ListItem","@id":"https:\/\/anoticiaonline.com.br\/site#listItem","name":"Home"}},{"@type":"ListItem","@id":"https:\/\/anoticiaonline.com.br\/site\/lar-ozanam-precisa-de-doacoes-para-o-inverno\/#listItem","position":3,"name":"Lar Ozanam precisa de doa\u00e7\u00f5es para o inverno","previousItem":{"@type":"ListItem","@id":"https:\/\/anoticiaonline.com.br\/site\/categoria\/muriae\/#listItem","name":"Blog"}}]},{"@type":"Organization","@id":"https:\/\/anoticiaonline.com.br\/site\/#organization","name":"A Not\u00edcia Online","description":"Noticias de Muria\u00e9 e regi\u00e3o","url":"https:\/\/anoticiaonline.com.br\/site\/","logo":{"@type":"ImageObject","url":"https:\/\/scontent-gig4-1.xx.fbcdn.net\/v\/t39.30808-1\/270437624_4564083193639691_6907940295614233970_n.jpg?stp=dst-jpg_s200x200_tt6&_nc_cat=111&ccb=1-7&_nc_sid=f907e8&_nc_ohc=SM1wRlP3lJwQ7kNvwEPuBYA&_nc_oc=AdnqrjDN_BNjSSHWO-GbkIWH6fkGMLw4bqvL_NH6e2wMveX7G-rP2dAqsDSq1mJMOaY&_nc_zt=24&_nc_ht=scontent-gig4-1.xx&_nc_gid=AoBFJeGrT1hVaew_6rchkQ&oh=00_AfX7QmFGhQhG2jAllVgXCiM1ZrWgvtp80-Bfppyexh1QEg&oe=689E923C","@id":"https:\/\/anoticiaonline.com.br\/site\/lar-ozanam-precisa-de-doacoes-para-o-inverno\/#organizationLogo"},"image":{"@id":"https:\/\/anoticiaonline.com.br\/site\/lar-ozanam-precisa-de-doacoes-para-o-inverno\/#organizationLogo"}},{"@type":"Person","@id":"https:\/\/anoticiaonline.com.br\/site\/author\/juliana\/#author","url":"https:\/\/anoticiaonline.com.br\/site\/author\/juliana\/","name":"Juliana Laviola","image":{"@type":"ImageObject","@id":"https:\/\/anoticiaonline.com.br\/site\/lar-ozanam-precisa-de-doacoes-para-o-inverno\/#authorImage","url":"https:\/\/secure.gravatar.com\/avatar\/b8d45f5c699b100dfaf0e543582f38f38bf94cb7ae3a5e9abf8d891a34773335?s=96&d=mm&r=g","width":96,"height":96,"caption":"Juliana Laviola"}},{"@type":"WebPage","@id":"https:\/\/anoticiaonline.com.br\/site\/lar-ozanam-precisa-de-doacoes-para-o-inverno\/#webpage","url":"https:\/\/anoticiaonline.com.br\/site\/lar-ozanam-precisa-de-doacoes-para-o-inverno\/","name":"Lar Ozanam precisa de doa\u00e7\u00f5es para o inverno - A Not\u00edcia Online","description":"Com 60 anos de hist\u00f3ria e, desde 1992, localizado no Bairro Planalto, o Lar Ozanam atende, atualmente, 48 idosos. A institui\u00e7\u00e3o, que \u00e9 filantr\u00f3pica, recebe doa\u00e7\u00f5es diversas dos muriaeenses de tempos em tempo. Dessa vez, a casa de repouso necessita da doa\u00e7\u00e3o de roupas de frio, mantas, cobertores e meias em bom estado, al\u00e9m de","inLanguage":"pt-BR","isPartOf":{"@id":"https:\/\/anoticiaonline.com.br\/site\/#website"},"breadcrumb":{"@id":"https:\/\/anoticiaonline.com.br\/site\/lar-ozanam-precisa-de-doacoes-para-o-inverno\/#breadcrumblist"},"author":{"@id":"https:\/\/anoticiaonline.com.br\/site\/author\/juliana\/#author"},"creator":{"@id":"https:\/\/anoticiaonline.com.br\/site\/author\/juliana\/#author"},"image":{"@type":"ImageObject","url":"https:\/\/anoticiaonline.com.br\/site\/wp-content\/uploads\/2018\/06\/Lar-Ozanam-precisa-de-doa\u00e7\u00f5es-para-o-inverno.jpg","@id":"https:\/\/anoticiaonline.com.br\/site\/lar-ozanam-precisa-de-doacoes-para-o-inverno\/#mainImage","width":640,"height":427},"primaryImageOfPage":{"@id":"https:\/\/anoticiaonline.com.br\/site\/lar-ozanam-precisa-de-doacoes-para-o-inverno\/#mainImage"},"datePublished":"2018-06-07T16:21:29-03:00","dateModified":"2018-06-07T16:21:29-03:00"},{"@type":"WebSite","@id":"https:\/\/anoticiaonline.com.br\/site\/#website","url":"https:\/\/anoticiaonline.com.br\/site\/","name":"A Not\u00edcia Online","description":"Noticias de Muria\u00e9 e regi\u00e3o","inLanguage":"pt-BR","publisher":{"@id":"https:\/\/anoticiaonline.com.br\/site\/#organization"}}]},"og:locale":"pt_BR","og:site_name":"A Not\u00edcia Online - Noticias de Muria\u00e9 e regi\u00e3o","og:type":"article","og:title":"Lar Ozanam precisa de doa\u00e7\u00f5es para o inverno - A Not\u00edcia Online","og:description":"Com 60 anos de hist\u00f3ria e, desde 1992, localizado no Bairro Planalto, o Lar Ozanam atende, atualmente, 48 idosos. A institui\u00e7\u00e3o, que \u00e9 filantr\u00f3pica, recebe doa\u00e7\u00f5es diversas dos muriaeenses de tempos em tempo. Dessa vez, a casa de repouso necessita da doa\u00e7\u00e3o de roupas de frio, mantas, cobertores e meias em bom estado, al\u00e9m de","og:url":"https:\/\/anoticiaonline.com.br\/site\/lar-ozanam-precisa-de-doacoes-para-o-inverno\/","og:image":"https:\/\/scontent-gig4-1.xx.fbcdn.net\/v\/t39.30808-1\/270437624_4564083193639691_6907940295614233970_n.jpg?stp=dst-jpg_s200x200_tt6&#038;_nc_cat=111&#038;ccb=1-7&#038;_nc_sid=f907e8&#038;_nc_ohc=SM1wRlP3lJwQ7kNvwEPuBYA&#038;_nc_oc=AdnqrjDN_BNjSSHWO-GbkIWH6fkGMLw4bqvL_NH6e2wMveX7G-rP2dAqsDSq1mJMOaY&#038;_nc_zt=24&#038;_nc_ht=scontent-gig4-1.xx&#038;_nc_gid=AoBFJeGrT1hVaew_6rchkQ&#038;oh=00_AfX7QmFGhQhG2jAllVgXCiM1ZrWgvtp80-Bfppyexh1QEg&#038;oe=689E923C","og:image:secure_url":"https:\/\/scontent-gig4-1.xx.fbcdn.net\/v\/t39.30808-1\/270437624_4564083193639691_6907940295614233970_n.jpg?stp=dst-jpg_s200x200_tt6&#038;_nc_cat=111&#038;ccb=1-7&#038;_nc_sid=f907e8&#038;_nc_ohc=SM1wRlP3lJwQ7kNvwEPuBYA&#038;_nc_oc=AdnqrjDN_BNjSSHWO-GbkIWH6fkGMLw4bqvL_NH6e2wMveX7G-rP2dAqsDSq1mJMOaY&#038;_nc_zt=24&#038;_nc_ht=scontent-gig4-1.xx&#038;_nc_gid=AoBFJeGrT1hVaew_6rchkQ&#038;oh=00_AfX7QmFGhQhG2jAllVgXCiM1ZrWgvtp80-Bfppyexh1QEg&#038;oe=689E923C","article:published_time":"2018-06-07T19:21:29+00:00","article:modified_time":"2018-06-07T19:21:29+00:00","twitter:card":"summary_large_image","twitter:title":"Lar Ozanam precisa de doa\u00e7\u00f5es para o inverno - A Not\u00edcia Online","twitter:description":"Com 60 anos de hist\u00f3ria e, desde 1992, localizado no Bairro Planalto, o Lar Ozanam atende, atualmente, 48 idosos. A institui\u00e7\u00e3o, que \u00e9 filantr\u00f3pica, recebe doa\u00e7\u00f5es diversas dos muriaeenses de tempos em tempo. Dessa vez, a casa de repouso necessita da doa\u00e7\u00e3o de roupas de frio, mantas, cobertores e meias em bom estado, al\u00e9m de","twitter:image":"https:\/\/scontent-gig4-1.xx.fbcdn.net\/v\/t39.30808-1\/270437624_4564083193639691_6907940295614233970_n.jpg?stp=dst-jpg_s200x200_tt6&_nc_cat=111&ccb=1-7&_nc_sid=f907e8&_nc_ohc=SM1wRlP3lJwQ7kNvwEPuBYA&_nc_oc=AdnqrjDN_BNjSSHWO-GbkIWH6fkGMLw4bqvL_NH6e2wMveX7G-rP2dAqsDSq1mJMOaY&_nc_zt=24&_nc_ht=scontent-gig4-1.xx&_nc_gid=AoBFJeGrT1hVaew_6rchkQ&oh=00_AfX7QmFGhQhG2jAllVgXCiM1ZrWgvtp80-Bfppyexh1QEg&oe=689E923C"},"aioseo_meta_data":{"post_id":"56933","title":null,"description":null,"keywords":null,"keyphrases":null,"primary_term":null,"canonical_url":null,"og_title":null,"og_description":null,"og_object_type":"default","og_image_type":"default","og_image_url":null,"og_image_width":null,"og_image_height":null,"og_image_custom_url":null,"og_image_custom_fields":null,"og_video":null,"og_custom_url":null,"og_article_section":null,"og_article_tags":null,"twitter_use_og":false,"twitter_card":"default","twitter_image_type":"default","twitter_image_url":null,"twitter_image_custom_url":null,"twitter_image_custom_fields":null,"twitter_title":null,"twitter_description":null,"schema":{"blockGraphs":[],"customGraphs":[],"default":{"data":{"Article":[],"Course":[],"Dataset":[],"FAQPage":[],"Movie":[],"Person":[],"Product":[],"ProductReview":[],"Car":[],"Recipe":[],"Service":[],"SoftwareApplication":[],"WebPage":[]},"graphName":"","isEnabled":true},"graphs":[]},"schema_type":"default","schema_type_options":null,"pillar_content":false,"robots_default":true,"robots_noindex":false,"robots_noarchive":false,"robots_nosnippet":false,"robots_nofollow":false,"robots_noimageindex":false,"robots_noodp":false,"robots_notranslate":false,"robots_max_snippet":null,"robots_max_videopreview":null,"robots_max_imagepreview":"large","priority":null,"frequency":null,"local_seo":null,"breadcrumb_settings":null,"limit_modified_date":false,"ai":null,"created":"2025-08-16 21:02:32","updated":"2025-08-16 21:02:32","focus_keyword":null,"additional_keywords":null,"truseo_locale":null,"seo_analyzer_scan_date":null},"aioseo_breadcrumb":"<div class=\"aioseo-breadcrumbs\"><span class=\"aioseo-breadcrumb\">\n\t\t\t<a href=\"https:\/\/anoticiaonline.com.br\/site\" title=\"Home\">Home<\/a>\n\t\t<\/span><span class=\"aioseo-breadcrumb-separator\">&raquo;<\/span><span class=\"aioseo-breadcrumb\">\n\t\t\t<a href=\"https:\/\/anoticiaonline.com.br\/site\/categoria\/muriae\/\" title=\"Blog\">Blog<\/a>\n\t\t<\/span><span class=\"aioseo-breadcrumb-separator\">&raquo;<\/span><span class=\"aioseo-breadcrumb\">\n\t\t\tLar Ozanam precisa de doa\u00e7\u00f5es para o inverno\n\t\t<\/span><\/div>","aioseo_breadcrumb_json":[{"label":"Home","link":"https:\/\/anoticiaonline.com.br\/site"},{"label":"Blog","link":"https:\/\/anoticiaonline.com.br\/site\/categoria\/muriae\/"},{"label":"Lar Ozanam precisa de doa\u00e7\u00f5es para o inverno","link":"https:\/\/anoticiaonline.com.br\/site\/lar-ozanam-precisa-de-doacoes-para-o-inverno\/"}],"views":155,"_links":{"self":[{"href":"https:\/\/anoticiaonline.com.br\/site\/wp-json\/wp\/v2\/posts\/56933","targetHints":{"allow":["GET"]}}],"collection":[{"href":"https:\/\/anoticiaonline.com.br\/site\/wp-json\/wp\/v2\/posts"}],"about":[{"href":"https:\/\/anoticiaonline.com.br\/site\/wp-json\/wp\/v2\/types\/post"}],"author":[{"embeddable":true,"href":"https:\/\/anoticiaonline.com.br\/site\/wp-json\/wp\/v2\/users\/2"}],"replies":[{"embeddable":true,"href":"https:\/\/anoticiaonline.com.br\/site\/wp-json\/wp\/v2\/comments?post=56933"}],"version-history":[{"count":0,"href":"https:\/\/anoticiaonline.com.br\/site\/wp-json\/wp\/v2\/posts\/56933\/revisions"}],"wp:featuredmedia":[{"embeddable":true,"href":"https:\/\/anoticiaonline.com.br\/site\/wp-json\/wp\/v2\/media\/56934"}],"wp:attachment":[{"href":"https:\/\/anoticiaonline.com.br\/site\/wp-json\/wp\/v2\/media?parent=56933"}],"wp:term":[{"taxonomy":"category","embeddable":true,"href":"https:\/\/anoticiaonline.com.br\/site\/wp-json\/wp\/v2\/categories?post=56933"},{"taxonomy":"post_tag","embeddable":true,"href":"https:\/\/anoticiaonline.com.br\/site\/wp-json\/wp\/v2\/tags?post=56933"}],"curies":[{"name":"wp","href":"https:\/\/api.w.org\/{rel}","templated":true}]}}