{"id":56617,"date":"2018-05-30T20:57:08","date_gmt":"2018-05-30T23:57:08","guid":{"rendered":"http:\/\/anoticiaonline.com.br\/site\/?p=56617"},"modified":"2018-05-30T20:57:08","modified_gmt":"2018-05-30T23:57:08","slug":"encontro-de-jovens-rurais-aborda-gestao-e-cooperativismo-de-credito","status":"publish","type":"post","link":"https:\/\/anoticiaonline.com.br\/site\/encontro-de-jovens-rurais-aborda-gestao-e-cooperativismo-de-credito\/","title":{"rendered":"Encontro de Jovens Rurais aborda gest\u00e3o e cooperativismo de cr\u00e9dito"},"content":{"rendered":"<p>Cerca de 300 estudantes lotaram o audit\u00f3rio da C\u00e2mara Municipal de Manhua\u00e7u (MG), no \u00faltimo dia 22, durante o Encontro de Jovens Rurais do Polo Matas de Minas, realizado pela Empresa de Assist\u00eancia T\u00e9cnica e Extens\u00e3o Rural do Estado de Minas Gerais (Emater-MG), em parceria com os poderes Legislativo e Executivo.<\/p>\n<p>O p\u00fablico formado por estudantes do Ensino M\u00e9dio, matriculados em escolas da zona da mata mineira, participou de uma tarde de discuss\u00f5es. Foram abordados temas como a gest\u00e3o das propriedades rurais com a utiliza\u00e7\u00e3o das novas tecnologias da informa\u00e7\u00e3o e o cooperativismo de cr\u00e9dito.<\/p>\n<p>O Sicoob Credisudeste ficou a cargo desse \u00faltimo tema e levou 30 estudantes para participar das palestras. O estudante do 3\u00ba ano Mateus Mendon\u00e7a, de S\u00e3o Francisco do Gl\u00f3ria, foi um deles. \u201cFoi um ganho de conhecimento extraordin\u00e1rio, conheci aplicativos para melhorar nosso trabalho no campo que est\u00e3o perto da nossa realidade. Agrade\u00e7o mais uma vez o apoio da cooperativa\u201d, disse.<\/p>\n<p>O presidente do conselho administrativo, do Sicoob Credisudeste, Paulo Alexandre de Oliveira Carvalho, destaca que o objetivo do Encontro foi levar conhecimento aos jovens rurais. \u201cN\u00f3s temos uma dificuldade grande no campo, que \u00e9 a sucess\u00e3o familiar. O campo est\u00e1 ficando idoso, e se n\u00e3o tiver o jovem com vontade de ficar, incentivado a produzir e com acesso a cr\u00e9dito e assist\u00eancia t\u00e9cnica, essa sucess\u00e3o natural n\u00e3o acontece\u201d, disse.<\/p>\n<p>Paulo Alexandre de Oliveira Carvalho, \u00e9 importante tamb\u00e9m o jovem conhecer o cooperativismo de cr\u00e9dito para a sucess\u00e3o familiar ocorrer tamb\u00e9m no \u00e2mbito das cooperativas. \u201cMais cedo ou mais tarde, esse jovem vai precisar dos servi\u00e7os banc\u00e1rios. E \u00e9 interessante que eles os acessem por meio das cooperativas, e n\u00e3o dos bancos comerciais, porque ter\u00e3o vantagens e vir\u00e3o a ser sucessores dos seus pais\u201d.<\/p>\n<p>Al\u00e9m do Sicoob Credisudeste, o evento teve apoio das prefeituras, c\u00e2maras, sindicatos dos Trabalhadores e dos Produtores Rurais, escolas fam\u00edlias agr\u00edcolas (EFAs), Instituto Federal Sudeste de Minas (Campus Manhua\u00e7u), Conselho Municipal de Desenvolvimento Rural Sustent\u00e1vel (CMDRS), Coocaf\u00e9 e Coorpol.<\/p>\n<p><a href=\"https:\/\/anoticiaonline.com.br\/site\/wp-content\/uploads\/2018\/05\/Encontro-de-Jovens-Rurais-aborda-gest\u00e3o-e-cooperativismo-de-cr\u00e9dito.jpg\"><img fetchpriority=\"high\" decoding=\"async\" class=\"alignnone size-full wp-image-56622\" src=\"https:\/\/anoticiaonline.com.br\/site\/wp-content\/uploads\/2018\/05\/Encontro-de-Jovens-Rurais-aborda-gest\u00e3o-e-cooperativismo-de-cr\u00e9dito.jpg\" alt=\"\" width=\"640\" height=\"427\" srcset=\"https:\/\/anoticiaonline.com.br\/site\/wp-content\/uploads\/2018\/05\/Encontro-de-Jovens-Rurais-aborda-gest\u00e3o-e-cooperativismo-de-cr\u00e9dito.jpg 640w, https:\/\/anoticiaonline.com.br\/site\/wp-content\/uploads\/2018\/05\/Encontro-de-Jovens-Rurais-aborda-gest\u00e3o-e-cooperativismo-de-cr\u00e9dito-300x200.jpg 300w\" sizes=\"(max-width: 640px) 100vw, 640px\" \/><\/a><\/p>\n<p>Cr\u00e9ditos: ASCOM Sicoob Credisudeste<\/p>\n","protected":false},"excerpt":{"rendered":"<p>Cerca de 300 estudantes lotaram o audit\u00f3rio da C\u00e2mara Municipal de Manhua\u00e7u (MG), no \u00faltimo dia 22, durante o Encontro de Jovens Rurais do Polo Matas de Minas, realizado pela Empresa de Assist\u00eancia T\u00e9cnica e Extens\u00e3o Rural do Estado de Minas Gerais (Emater-MG), em parceria com os poderes Legislativo e Executivo. O p\u00fablico formado por &#8230; <a title=\"Encontro de Jovens Rurais aborda gest\u00e3o e cooperativismo de cr\u00e9dito\" class=\"read-more\" href=\"https:\/\/anoticiaonline.com.br\/site\/encontro-de-jovens-rurais-aborda-gestao-e-cooperativismo-de-credito\/\" aria-label=\"Read more about Encontro de Jovens Rurais aborda gest\u00e3o e cooperativismo de cr\u00e9dito\">Ler mais<\/a><\/p>\n","protected":false},"author":2,"featured_media":56622,"comment_status":"open","ping_status":"open","sticky":false,"template":"","format":"standard","meta":{"_acf_changed":false,"_monsterinsights_skip_tracking":false,"footnotes":""},"categories":[30],"tags":[749,557,74,596],"class_list":["post-56617","post","type-post","status-publish","format-standard","has-post-thumbnail","hentry","category-muriae","tag-encontro","tag-jovens","tag-muriae","tag-sicoob-credisudeste"],"acf":[],"aioseo_notices":[],"aioseo_head":"\n\t\t<!-- All in One SEO 5.0.0.1 - aioseo.com -->\n\t<meta name=\"description\" content=\"Cerca de 300 estudantes lotaram o audit\u00f3rio da C\u00e2mara Municipal de Manhua\u00e7u (MG), no \u00faltimo dia 22, durante o Encontro de Jovens Rurais do Polo Matas de Minas, realizado pela Empresa de Assist\u00eancia T\u00e9cnica e Extens\u00e3o Rural do Estado de Minas Gerais (Emater-MG), em parceria com os poderes Legislativo e Executivo. O p\u00fablico formado por\" \/>\n\t<meta name=\"robots\" content=\"max-image-preview:large\" \/>\n\t<meta name=\"author\" content=\"Juliana Laviola\"\/>\n\t<link rel=\"canonical\" href=\"https:\/\/anoticiaonline.com.br\/site\/encontro-de-jovens-rurais-aborda-gestao-e-cooperativismo-de-credito\/\" \/>\n\t<meta name=\"generator\" content=\"All in One SEO (AIOSEO) 5.0.0.1\" \/>\n\t\t<meta property=\"og:locale\" content=\"pt_BR\" \/>\n\t\t<meta property=\"og:site_name\" content=\"A Not\u00edcia Online - Noticias de Muria\u00e9 e regi\u00e3o\" \/>\n\t\t<meta property=\"og:type\" content=\"article\" \/>\n\t\t<meta property=\"og:title\" content=\"Encontro de Jovens Rurais aborda gest\u00e3o e cooperativismo de cr\u00e9dito - A Not\u00edcia Online\" \/>\n\t\t<meta property=\"og:description\" content=\"Cerca de 300 estudantes lotaram o audit\u00f3rio da C\u00e2mara Municipal de Manhua\u00e7u (MG), no \u00faltimo dia 22, durante o Encontro de Jovens Rurais do Polo Matas de Minas, realizado pela Empresa de Assist\u00eancia T\u00e9cnica e Extens\u00e3o Rural do Estado de Minas Gerais (Emater-MG), em parceria com os poderes Legislativo e Executivo. O p\u00fablico formado por\" \/>\n\t\t<meta property=\"og:url\" content=\"https:\/\/anoticiaonline.com.br\/site\/encontro-de-jovens-rurais-aborda-gestao-e-cooperativismo-de-credito\/\" \/>\n\t\t<meta property=\"og:image\" content=\"https:\/\/scontent-gig4-1.xx.fbcdn.net\/v\/t39.30808-1\/270437624_4564083193639691_6907940295614233970_n.jpg?stp=dst-jpg_s200x200_tt6&#038;_nc_cat=111&#038;ccb=1-7&#038;_nc_sid=f907e8&#038;_nc_ohc=SM1wRlP3lJwQ7kNvwEPuBYA&#038;_nc_oc=AdnqrjDN_BNjSSHWO-GbkIWH6fkGMLw4bqvL_NH6e2wMveX7G-rP2dAqsDSq1mJMOaY&#038;_nc_zt=24&#038;_nc_ht=scontent-gig4-1.xx&#038;_nc_gid=AoBFJeGrT1hVaew_6rchkQ&#038;oh=00_AfX7QmFGhQhG2jAllVgXCiM1ZrWgvtp80-Bfppyexh1QEg&#038;oe=689E923C\" \/>\n\t\t<meta property=\"og:image:secure_url\" content=\"https:\/\/scontent-gig4-1.xx.fbcdn.net\/v\/t39.30808-1\/270437624_4564083193639691_6907940295614233970_n.jpg?stp=dst-jpg_s200x200_tt6&#038;_nc_cat=111&#038;ccb=1-7&#038;_nc_sid=f907e8&#038;_nc_ohc=SM1wRlP3lJwQ7kNvwEPuBYA&#038;_nc_oc=AdnqrjDN_BNjSSHWO-GbkIWH6fkGMLw4bqvL_NH6e2wMveX7G-rP2dAqsDSq1mJMOaY&#038;_nc_zt=24&#038;_nc_ht=scontent-gig4-1.xx&#038;_nc_gid=AoBFJeGrT1hVaew_6rchkQ&#038;oh=00_AfX7QmFGhQhG2jAllVgXCiM1ZrWgvtp80-Bfppyexh1QEg&#038;oe=689E923C\" \/>\n\t\t<meta property=\"article:published_time\" content=\"2018-05-30T23:57:08+00:00\" \/>\n\t\t<meta property=\"article:modified_time\" content=\"2018-05-30T23:57:08+00:00\" \/>\n\t\t<meta name=\"twitter:card\" content=\"summary_large_image\" \/>\n\t\t<meta name=\"twitter:title\" content=\"Encontro de Jovens Rurais aborda gest\u00e3o e cooperativismo de cr\u00e9dito - A Not\u00edcia Online\" \/>\n\t\t<meta name=\"twitter:description\" content=\"Cerca de 300 estudantes lotaram o audit\u00f3rio da C\u00e2mara Municipal de Manhua\u00e7u (MG), no \u00faltimo dia 22, durante o Encontro de Jovens Rurais do Polo Matas de Minas, realizado pela Empresa de Assist\u00eancia T\u00e9cnica e Extens\u00e3o Rural do Estado de Minas Gerais (Emater-MG), em parceria com os poderes Legislativo e Executivo. O p\u00fablico formado por\" \/>\n\t\t<meta name=\"twitter:image\" content=\"https:\/\/scontent-gig4-1.xx.fbcdn.net\/v\/t39.30808-1\/270437624_4564083193639691_6907940295614233970_n.jpg?stp=dst-jpg_s200x200_tt6&amp;_nc_cat=111&amp;ccb=1-7&amp;_nc_sid=f907e8&amp;_nc_ohc=SM1wRlP3lJwQ7kNvwEPuBYA&amp;_nc_oc=AdnqrjDN_BNjSSHWO-GbkIWH6fkGMLw4bqvL_NH6e2wMveX7G-rP2dAqsDSq1mJMOaY&amp;_nc_zt=24&amp;_nc_ht=scontent-gig4-1.xx&amp;_nc_gid=AoBFJeGrT1hVaew_6rchkQ&amp;oh=00_AfX7QmFGhQhG2jAllVgXCiM1ZrWgvtp80-Bfppyexh1QEg&amp;oe=689E923C\" \/>\n\t\t<script type=\"application\/ld+json\" class=\"aioseo-schema\">\n\t\t\t{\"@context\":\"https:\\\/\\\/schema.org\",\"@graph\":[{\"@type\":\"BlogPosting\",\"@id\":\"https:\\\/\\\/anoticiaonline.com.br\\\/site\\\/encontro-de-jovens-rurais-aborda-gestao-e-cooperativismo-de-credito\\\/#blogposting\",\"name\":\"Encontro de Jovens Rurais aborda gest\\u00e3o e cooperativismo de cr\\u00e9dito - A Not\\u00edcia Online\",\"headline\":\"Encontro de Jovens Rurais aborda gest\\u00e3o e cooperativismo de cr\\u00e9dito\",\"author\":{\"@id\":\"https:\\\/\\\/anoticiaonline.com.br\\\/site\\\/author\\\/juliana\\\/#author\"},\"publisher\":{\"@id\":\"https:\\\/\\\/anoticiaonline.com.br\\\/site\\\/#organization\"},\"image\":{\"@type\":\"ImageObject\",\"url\":\"https:\\\/\\\/anoticiaonline.com.br\\\/site\\\/wp-content\\\/uploads\\\/2018\\\/05\\\/Encontro-de-Jovens-Rurais-aborda-gest\\u00e3o-e-cooperativismo-de-cr\\u00e9dito.jpg\",\"width\":640,\"height\":427},\"datePublished\":\"2018-05-30T20:57:08-03:00\",\"dateModified\":\"2018-05-30T20:57:08-03:00\",\"inLanguage\":\"pt-BR\",\"mainEntityOfPage\":{\"@id\":\"https:\\\/\\\/anoticiaonline.com.br\\\/site\\\/encontro-de-jovens-rurais-aborda-gestao-e-cooperativismo-de-credito\\\/#webpage\"},\"isPartOf\":{\"@id\":\"https:\\\/\\\/anoticiaonline.com.br\\\/site\\\/encontro-de-jovens-rurais-aborda-gestao-e-cooperativismo-de-credito\\\/#webpage\"},\"articleSection\":\"Blog, encontro, jovens, Muria\\u00e9, SICOOB\\u00a0 CREDISUDESTE\"},{\"@type\":\"BreadcrumbList\",\"@id\":\"https:\\\/\\\/anoticiaonline.com.br\\\/site\\\/encontro-de-jovens-rurais-aborda-gestao-e-cooperativismo-de-credito\\\/#breadcrumblist\",\"itemListElement\":[{\"@type\":\"ListItem\",\"@id\":\"https:\\\/\\\/anoticiaonline.com.br\\\/site#listItem\",\"position\":1,\"name\":\"Home\",\"item\":\"https:\\\/\\\/anoticiaonline.com.br\\\/site\",\"nextItem\":{\"@type\":\"ListItem\",\"@id\":\"https:\\\/\\\/anoticiaonline.com.br\\\/site\\\/categoria\\\/muriae\\\/#listItem\",\"name\":\"Blog\"}},{\"@type\":\"ListItem\",\"@id\":\"https:\\\/\\\/anoticiaonline.com.br\\\/site\\\/categoria\\\/muriae\\\/#listItem\",\"position\":2,\"name\":\"Blog\",\"item\":\"https:\\\/\\\/anoticiaonline.com.br\\\/site\\\/categoria\\\/muriae\\\/\",\"nextItem\":{\"@type\":\"ListItem\",\"@id\":\"https:\\\/\\\/anoticiaonline.com.br\\\/site\\\/encontro-de-jovens-rurais-aborda-gestao-e-cooperativismo-de-credito\\\/#listItem\",\"name\":\"Encontro de Jovens Rurais aborda gest\\u00e3o e cooperativismo de cr\\u00e9dito\"},\"previousItem\":{\"@type\":\"ListItem\",\"@id\":\"https:\\\/\\\/anoticiaonline.com.br\\\/site#listItem\",\"name\":\"Home\"}},{\"@type\":\"ListItem\",\"@id\":\"https:\\\/\\\/anoticiaonline.com.br\\\/site\\\/encontro-de-jovens-rurais-aborda-gestao-e-cooperativismo-de-credito\\\/#listItem\",\"position\":3,\"name\":\"Encontro de Jovens Rurais aborda gest\\u00e3o e cooperativismo de cr\\u00e9dito\",\"previousItem\":{\"@type\":\"ListItem\",\"@id\":\"https:\\\/\\\/anoticiaonline.com.br\\\/site\\\/categoria\\\/muriae\\\/#listItem\",\"name\":\"Blog\"}}]},{\"@type\":\"Organization\",\"@id\":\"https:\\\/\\\/anoticiaonline.com.br\\\/site\\\/#organization\",\"name\":\"A Not\\u00edcia Online\",\"description\":\"Noticias de Muria\\u00e9 e regi\\u00e3o\",\"url\":\"https:\\\/\\\/anoticiaonline.com.br\\\/site\\\/\",\"logo\":{\"@type\":\"ImageObject\",\"url\":\"https:\\\/\\\/scontent-gig4-1.xx.fbcdn.net\\\/v\\\/t39.30808-1\\\/270437624_4564083193639691_6907940295614233970_n.jpg?stp=dst-jpg_s200x200_tt6&_nc_cat=111&ccb=1-7&_nc_sid=f907e8&_nc_ohc=SM1wRlP3lJwQ7kNvwEPuBYA&_nc_oc=AdnqrjDN_BNjSSHWO-GbkIWH6fkGMLw4bqvL_NH6e2wMveX7G-rP2dAqsDSq1mJMOaY&_nc_zt=24&_nc_ht=scontent-gig4-1.xx&_nc_gid=AoBFJeGrT1hVaew_6rchkQ&oh=00_AfX7QmFGhQhG2jAllVgXCiM1ZrWgvtp80-Bfppyexh1QEg&oe=689E923C\",\"@id\":\"https:\\\/\\\/anoticiaonline.com.br\\\/site\\\/encontro-de-jovens-rurais-aborda-gestao-e-cooperativismo-de-credito\\\/#organizationLogo\"},\"image\":{\"@id\":\"https:\\\/\\\/anoticiaonline.com.br\\\/site\\\/encontro-de-jovens-rurais-aborda-gestao-e-cooperativismo-de-credito\\\/#organizationLogo\"}},{\"@type\":\"Person\",\"@id\":\"https:\\\/\\\/anoticiaonline.com.br\\\/site\\\/author\\\/juliana\\\/#author\",\"url\":\"https:\\\/\\\/anoticiaonline.com.br\\\/site\\\/author\\\/juliana\\\/\",\"name\":\"Juliana Laviola\",\"image\":{\"@type\":\"ImageObject\",\"@id\":\"https:\\\/\\\/anoticiaonline.com.br\\\/site\\\/encontro-de-jovens-rurais-aborda-gestao-e-cooperativismo-de-credito\\\/#authorImage\",\"url\":\"https:\\\/\\\/secure.gravatar.com\\\/avatar\\\/b8d45f5c699b100dfaf0e543582f38f38bf94cb7ae3a5e9abf8d891a34773335?s=96&d=mm&r=g\",\"width\":96,\"height\":96,\"caption\":\"Juliana Laviola\"}},{\"@type\":\"WebPage\",\"@id\":\"https:\\\/\\\/anoticiaonline.com.br\\\/site\\\/encontro-de-jovens-rurais-aborda-gestao-e-cooperativismo-de-credito\\\/#webpage\",\"url\":\"https:\\\/\\\/anoticiaonline.com.br\\\/site\\\/encontro-de-jovens-rurais-aborda-gestao-e-cooperativismo-de-credito\\\/\",\"name\":\"Encontro de Jovens Rurais aborda gest\\u00e3o e cooperativismo de cr\\u00e9dito - A Not\\u00edcia Online\",\"description\":\"Cerca de 300 estudantes lotaram o audit\\u00f3rio da C\\u00e2mara Municipal de Manhua\\u00e7u (MG), no \\u00faltimo dia 22, durante o Encontro de Jovens Rurais do Polo Matas de Minas, realizado pela Empresa de Assist\\u00eancia T\\u00e9cnica e Extens\\u00e3o Rural do Estado de Minas Gerais (Emater-MG), em parceria com os poderes Legislativo e Executivo. O p\\u00fablico formado por\",\"inLanguage\":\"pt-BR\",\"isPartOf\":{\"@id\":\"https:\\\/\\\/anoticiaonline.com.br\\\/site\\\/#website\"},\"breadcrumb\":{\"@id\":\"https:\\\/\\\/anoticiaonline.com.br\\\/site\\\/encontro-de-jovens-rurais-aborda-gestao-e-cooperativismo-de-credito\\\/#breadcrumblist\"},\"author\":{\"@id\":\"https:\\\/\\\/anoticiaonline.com.br\\\/site\\\/author\\\/juliana\\\/#author\"},\"creator\":{\"@id\":\"https:\\\/\\\/anoticiaonline.com.br\\\/site\\\/author\\\/juliana\\\/#author\"},\"image\":{\"@type\":\"ImageObject\",\"url\":\"https:\\\/\\\/anoticiaonline.com.br\\\/site\\\/wp-content\\\/uploads\\\/2018\\\/05\\\/Encontro-de-Jovens-Rurais-aborda-gest\\u00e3o-e-cooperativismo-de-cr\\u00e9dito.jpg\",\"@id\":\"https:\\\/\\\/anoticiaonline.com.br\\\/site\\\/encontro-de-jovens-rurais-aborda-gestao-e-cooperativismo-de-credito\\\/#mainImage\",\"width\":640,\"height\":427},\"primaryImageOfPage\":{\"@id\":\"https:\\\/\\\/anoticiaonline.com.br\\\/site\\\/encontro-de-jovens-rurais-aborda-gestao-e-cooperativismo-de-credito\\\/#mainImage\"},\"datePublished\":\"2018-05-30T20:57:08-03:00\",\"dateModified\":\"2018-05-30T20:57:08-03:00\"},{\"@type\":\"WebSite\",\"@id\":\"https:\\\/\\\/anoticiaonline.com.br\\\/site\\\/#website\",\"url\":\"https:\\\/\\\/anoticiaonline.com.br\\\/site\\\/\",\"name\":\"A Not\\u00edcia Online\",\"description\":\"Noticias de Muria\\u00e9 e regi\\u00e3o\",\"inLanguage\":\"pt-BR\",\"publisher\":{\"@id\":\"https:\\\/\\\/anoticiaonline.com.br\\\/site\\\/#organization\"}}]}\n\t\t<\/script>\n\t\t<!-- All in One SEO -->\n\n","aioseo_head_json":{"title":"Encontro de Jovens Rurais aborda gest\u00e3o e cooperativismo de cr\u00e9dito - A Not\u00edcia Online","description":"Cerca de 300 estudantes lotaram o audit\u00f3rio da C\u00e2mara Municipal de Manhua\u00e7u (MG), no \u00faltimo dia 22, durante o Encontro de Jovens Rurais do Polo Matas de Minas, realizado pela Empresa de Assist\u00eancia T\u00e9cnica e Extens\u00e3o Rural do Estado de Minas Gerais (Emater-MG), em parceria com os poderes Legislativo e Executivo. O p\u00fablico formado por","canonical_url":"https:\/\/anoticiaonline.com.br\/site\/encontro-de-jovens-rurais-aborda-gestao-e-cooperativismo-de-credito\/","robots":"max-image-preview:large","keywords":"","webmasterTools":{"miscellaneous":""},"schema":{"@context":"https:\/\/schema.org","@graph":[{"@type":"BlogPosting","@id":"https:\/\/anoticiaonline.com.br\/site\/encontro-de-jovens-rurais-aborda-gestao-e-cooperativismo-de-credito\/#blogposting","name":"Encontro de Jovens Rurais aborda gest\u00e3o e cooperativismo de cr\u00e9dito - A Not\u00edcia Online","headline":"Encontro de Jovens Rurais aborda gest\u00e3o e cooperativismo de cr\u00e9dito","author":{"@id":"https:\/\/anoticiaonline.com.br\/site\/author\/juliana\/#author"},"publisher":{"@id":"https:\/\/anoticiaonline.com.br\/site\/#organization"},"image":{"@type":"ImageObject","url":"https:\/\/anoticiaonline.com.br\/site\/wp-content\/uploads\/2018\/05\/Encontro-de-Jovens-Rurais-aborda-gest\u00e3o-e-cooperativismo-de-cr\u00e9dito.jpg","width":640,"height":427},"datePublished":"2018-05-30T20:57:08-03:00","dateModified":"2018-05-30T20:57:08-03:00","inLanguage":"pt-BR","mainEntityOfPage":{"@id":"https:\/\/anoticiaonline.com.br\/site\/encontro-de-jovens-rurais-aborda-gestao-e-cooperativismo-de-credito\/#webpage"},"isPartOf":{"@id":"https:\/\/anoticiaonline.com.br\/site\/encontro-de-jovens-rurais-aborda-gestao-e-cooperativismo-de-credito\/#webpage"},"articleSection":"Blog, encontro, jovens, Muria\u00e9, SICOOB\u00a0 CREDISUDESTE"},{"@type":"BreadcrumbList","@id":"https:\/\/anoticiaonline.com.br\/site\/encontro-de-jovens-rurais-aborda-gestao-e-cooperativismo-de-credito\/#breadcrumblist","itemListElement":[{"@type":"ListItem","@id":"https:\/\/anoticiaonline.com.br\/site#listItem","position":1,"name":"Home","item":"https:\/\/anoticiaonline.com.br\/site","nextItem":{"@type":"ListItem","@id":"https:\/\/anoticiaonline.com.br\/site\/categoria\/muriae\/#listItem","name":"Blog"}},{"@type":"ListItem","@id":"https:\/\/anoticiaonline.com.br\/site\/categoria\/muriae\/#listItem","position":2,"name":"Blog","item":"https:\/\/anoticiaonline.com.br\/site\/categoria\/muriae\/","nextItem":{"@type":"ListItem","@id":"https:\/\/anoticiaonline.com.br\/site\/encontro-de-jovens-rurais-aborda-gestao-e-cooperativismo-de-credito\/#listItem","name":"Encontro de Jovens Rurais aborda gest\u00e3o e cooperativismo de cr\u00e9dito"},"previousItem":{"@type":"ListItem","@id":"https:\/\/anoticiaonline.com.br\/site#listItem","name":"Home"}},{"@type":"ListItem","@id":"https:\/\/anoticiaonline.com.br\/site\/encontro-de-jovens-rurais-aborda-gestao-e-cooperativismo-de-credito\/#listItem","position":3,"name":"Encontro de Jovens Rurais aborda gest\u00e3o e cooperativismo de cr\u00e9dito","previousItem":{"@type":"ListItem","@id":"https:\/\/anoticiaonline.com.br\/site\/categoria\/muriae\/#listItem","name":"Blog"}}]},{"@type":"Organization","@id":"https:\/\/anoticiaonline.com.br\/site\/#organization","name":"A Not\u00edcia Online","description":"Noticias de Muria\u00e9 e regi\u00e3o","url":"https:\/\/anoticiaonline.com.br\/site\/","logo":{"@type":"ImageObject","url":"https:\/\/scontent-gig4-1.xx.fbcdn.net\/v\/t39.30808-1\/270437624_4564083193639691_6907940295614233970_n.jpg?stp=dst-jpg_s200x200_tt6&_nc_cat=111&ccb=1-7&_nc_sid=f907e8&_nc_ohc=SM1wRlP3lJwQ7kNvwEPuBYA&_nc_oc=AdnqrjDN_BNjSSHWO-GbkIWH6fkGMLw4bqvL_NH6e2wMveX7G-rP2dAqsDSq1mJMOaY&_nc_zt=24&_nc_ht=scontent-gig4-1.xx&_nc_gid=AoBFJeGrT1hVaew_6rchkQ&oh=00_AfX7QmFGhQhG2jAllVgXCiM1ZrWgvtp80-Bfppyexh1QEg&oe=689E923C","@id":"https:\/\/anoticiaonline.com.br\/site\/encontro-de-jovens-rurais-aborda-gestao-e-cooperativismo-de-credito\/#organizationLogo"},"image":{"@id":"https:\/\/anoticiaonline.com.br\/site\/encontro-de-jovens-rurais-aborda-gestao-e-cooperativismo-de-credito\/#organizationLogo"}},{"@type":"Person","@id":"https:\/\/anoticiaonline.com.br\/site\/author\/juliana\/#author","url":"https:\/\/anoticiaonline.com.br\/site\/author\/juliana\/","name":"Juliana Laviola","image":{"@type":"ImageObject","@id":"https:\/\/anoticiaonline.com.br\/site\/encontro-de-jovens-rurais-aborda-gestao-e-cooperativismo-de-credito\/#authorImage","url":"https:\/\/secure.gravatar.com\/avatar\/b8d45f5c699b100dfaf0e543582f38f38bf94cb7ae3a5e9abf8d891a34773335?s=96&d=mm&r=g","width":96,"height":96,"caption":"Juliana Laviola"}},{"@type":"WebPage","@id":"https:\/\/anoticiaonline.com.br\/site\/encontro-de-jovens-rurais-aborda-gestao-e-cooperativismo-de-credito\/#webpage","url":"https:\/\/anoticiaonline.com.br\/site\/encontro-de-jovens-rurais-aborda-gestao-e-cooperativismo-de-credito\/","name":"Encontro de Jovens Rurais aborda gest\u00e3o e cooperativismo de cr\u00e9dito - A Not\u00edcia Online","description":"Cerca de 300 estudantes lotaram o audit\u00f3rio da C\u00e2mara Municipal de Manhua\u00e7u (MG), no \u00faltimo dia 22, durante o Encontro de Jovens Rurais do Polo Matas de Minas, realizado pela Empresa de Assist\u00eancia T\u00e9cnica e Extens\u00e3o Rural do Estado de Minas Gerais (Emater-MG), em parceria com os poderes Legislativo e Executivo. O p\u00fablico formado por","inLanguage":"pt-BR","isPartOf":{"@id":"https:\/\/anoticiaonline.com.br\/site\/#website"},"breadcrumb":{"@id":"https:\/\/anoticiaonline.com.br\/site\/encontro-de-jovens-rurais-aborda-gestao-e-cooperativismo-de-credito\/#breadcrumblist"},"author":{"@id":"https:\/\/anoticiaonline.com.br\/site\/author\/juliana\/#author"},"creator":{"@id":"https:\/\/anoticiaonline.com.br\/site\/author\/juliana\/#author"},"image":{"@type":"ImageObject","url":"https:\/\/anoticiaonline.com.br\/site\/wp-content\/uploads\/2018\/05\/Encontro-de-Jovens-Rurais-aborda-gest\u00e3o-e-cooperativismo-de-cr\u00e9dito.jpg","@id":"https:\/\/anoticiaonline.com.br\/site\/encontro-de-jovens-rurais-aborda-gestao-e-cooperativismo-de-credito\/#mainImage","width":640,"height":427},"primaryImageOfPage":{"@id":"https:\/\/anoticiaonline.com.br\/site\/encontro-de-jovens-rurais-aborda-gestao-e-cooperativismo-de-credito\/#mainImage"},"datePublished":"2018-05-30T20:57:08-03:00","dateModified":"2018-05-30T20:57:08-03:00"},{"@type":"WebSite","@id":"https:\/\/anoticiaonline.com.br\/site\/#website","url":"https:\/\/anoticiaonline.com.br\/site\/","name":"A Not\u00edcia Online","description":"Noticias de Muria\u00e9 e regi\u00e3o","inLanguage":"pt-BR","publisher":{"@id":"https:\/\/anoticiaonline.com.br\/site\/#organization"}}]},"og:locale":"pt_BR","og:site_name":"A Not\u00edcia Online - Noticias de Muria\u00e9 e regi\u00e3o","og:type":"article","og:title":"Encontro de Jovens Rurais aborda gest\u00e3o e cooperativismo de cr\u00e9dito - A Not\u00edcia Online","og:description":"Cerca de 300 estudantes lotaram o audit\u00f3rio da C\u00e2mara Municipal de Manhua\u00e7u (MG), no \u00faltimo dia 22, durante o Encontro de Jovens Rurais do Polo Matas de Minas, realizado pela Empresa de Assist\u00eancia T\u00e9cnica e Extens\u00e3o Rural do Estado de Minas Gerais (Emater-MG), em parceria com os poderes Legislativo e Executivo. O p\u00fablico formado por","og:url":"https:\/\/anoticiaonline.com.br\/site\/encontro-de-jovens-rurais-aborda-gestao-e-cooperativismo-de-credito\/","og:image":"https:\/\/scontent-gig4-1.xx.fbcdn.net\/v\/t39.30808-1\/270437624_4564083193639691_6907940295614233970_n.jpg?stp=dst-jpg_s200x200_tt6&#038;_nc_cat=111&#038;ccb=1-7&#038;_nc_sid=f907e8&#038;_nc_ohc=SM1wRlP3lJwQ7kNvwEPuBYA&#038;_nc_oc=AdnqrjDN_BNjSSHWO-GbkIWH6fkGMLw4bqvL_NH6e2wMveX7G-rP2dAqsDSq1mJMOaY&#038;_nc_zt=24&#038;_nc_ht=scontent-gig4-1.xx&#038;_nc_gid=AoBFJeGrT1hVaew_6rchkQ&#038;oh=00_AfX7QmFGhQhG2jAllVgXCiM1ZrWgvtp80-Bfppyexh1QEg&#038;oe=689E923C","og:image:secure_url":"https:\/\/scontent-gig4-1.xx.fbcdn.net\/v\/t39.30808-1\/270437624_4564083193639691_6907940295614233970_n.jpg?stp=dst-jpg_s200x200_tt6&#038;_nc_cat=111&#038;ccb=1-7&#038;_nc_sid=f907e8&#038;_nc_ohc=SM1wRlP3lJwQ7kNvwEPuBYA&#038;_nc_oc=AdnqrjDN_BNjSSHWO-GbkIWH6fkGMLw4bqvL_NH6e2wMveX7G-rP2dAqsDSq1mJMOaY&#038;_nc_zt=24&#038;_nc_ht=scontent-gig4-1.xx&#038;_nc_gid=AoBFJeGrT1hVaew_6rchkQ&#038;oh=00_AfX7QmFGhQhG2jAllVgXCiM1ZrWgvtp80-Bfppyexh1QEg&#038;oe=689E923C","article:published_time":"2018-05-30T23:57:08+00:00","article:modified_time":"2018-05-30T23:57:08+00:00","twitter:card":"summary_large_image","twitter:title":"Encontro de Jovens Rurais aborda gest\u00e3o e cooperativismo de cr\u00e9dito - A Not\u00edcia Online","twitter:description":"Cerca de 300 estudantes lotaram o audit\u00f3rio da C\u00e2mara Municipal de Manhua\u00e7u (MG), no \u00faltimo dia 22, durante o Encontro de Jovens Rurais do Polo Matas de Minas, realizado pela Empresa de Assist\u00eancia T\u00e9cnica e Extens\u00e3o Rural do Estado de Minas Gerais (Emater-MG), em parceria com os poderes Legislativo e Executivo. O p\u00fablico formado por","twitter:image":"https:\/\/scontent-gig4-1.xx.fbcdn.net\/v\/t39.30808-1\/270437624_4564083193639691_6907940295614233970_n.jpg?stp=dst-jpg_s200x200_tt6&_nc_cat=111&ccb=1-7&_nc_sid=f907e8&_nc_ohc=SM1wRlP3lJwQ7kNvwEPuBYA&_nc_oc=AdnqrjDN_BNjSSHWO-GbkIWH6fkGMLw4bqvL_NH6e2wMveX7G-rP2dAqsDSq1mJMOaY&_nc_zt=24&_nc_ht=scontent-gig4-1.xx&_nc_gid=AoBFJeGrT1hVaew_6rchkQ&oh=00_AfX7QmFGhQhG2jAllVgXCiM1ZrWgvtp80-Bfppyexh1QEg&oe=689E923C"},"aioseo_meta_data":{"post_id":"56617","title":null,"description":null,"keywords":null,"keyphrases":null,"primary_term":null,"canonical_url":null,"og_title":null,"og_description":null,"og_object_type":"default","og_image_type":"default","og_image_url":null,"og_image_width":null,"og_image_height":null,"og_image_custom_url":null,"og_image_custom_fields":null,"og_video":null,"og_custom_url":null,"og_article_section":null,"og_article_tags":null,"twitter_use_og":false,"twitter_card":"default","twitter_image_type":"default","twitter_image_url":null,"twitter_image_custom_url":null,"twitter_image_custom_fields":null,"twitter_title":null,"twitter_description":null,"schema":{"blockGraphs":[],"customGraphs":[],"default":{"data":{"Article":[],"Course":[],"Dataset":[],"FAQPage":[],"Movie":[],"Person":[],"Product":[],"ProductReview":[],"Car":[],"Recipe":[],"Service":[],"SoftwareApplication":[],"WebPage":[]},"graphName":"","isEnabled":true},"graphs":[]},"schema_type":"default","schema_type_options":null,"pillar_content":false,"robots_default":true,"robots_noindex":false,"robots_noarchive":false,"robots_nosnippet":false,"robots_nofollow":false,"robots_noimageindex":false,"robots_noodp":false,"robots_notranslate":false,"robots_max_snippet":null,"robots_max_videopreview":null,"robots_max_imagepreview":"large","priority":null,"frequency":null,"local_seo":null,"breadcrumb_settings":null,"limit_modified_date":false,"ai":null,"created":"2025-08-16 20:57:17","updated":"2025-08-16 20:57:17","focus_keyword":null,"additional_keywords":null,"truseo_locale":null,"seo_analyzer_scan_date":null},"aioseo_breadcrumb":"<div class=\"aioseo-breadcrumbs\"><span class=\"aioseo-breadcrumb\">\n\t\t\t<a href=\"https:\/\/anoticiaonline.com.br\/site\" title=\"Home\">Home<\/a>\n\t\t<\/span><span class=\"aioseo-breadcrumb-separator\">&raquo;<\/span><span class=\"aioseo-breadcrumb\">\n\t\t\t<a href=\"https:\/\/anoticiaonline.com.br\/site\/categoria\/muriae\/\" title=\"Blog\">Blog<\/a>\n\t\t<\/span><span class=\"aioseo-breadcrumb-separator\">&raquo;<\/span><span class=\"aioseo-breadcrumb\">\n\t\t\tEncontro de Jovens Rurais aborda gest\u00e3o e cooperativismo de cr\u00e9dito\n\t\t<\/span><\/div>","aioseo_breadcrumb_json":[{"label":"Home","link":"https:\/\/anoticiaonline.com.br\/site"},{"label":"Blog","link":"https:\/\/anoticiaonline.com.br\/site\/categoria\/muriae\/"},{"label":"Encontro de Jovens Rurais aborda gest\u00e3o e cooperativismo de cr\u00e9dito","link":"https:\/\/anoticiaonline.com.br\/site\/encontro-de-jovens-rurais-aborda-gestao-e-cooperativismo-de-credito\/"}],"views":145,"_links":{"self":[{"href":"https:\/\/anoticiaonline.com.br\/site\/wp-json\/wp\/v2\/posts\/56617","targetHints":{"allow":["GET"]}}],"collection":[{"href":"https:\/\/anoticiaonline.com.br\/site\/wp-json\/wp\/v2\/posts"}],"about":[{"href":"https:\/\/anoticiaonline.com.br\/site\/wp-json\/wp\/v2\/types\/post"}],"author":[{"embeddable":true,"href":"https:\/\/anoticiaonline.com.br\/site\/wp-json\/wp\/v2\/users\/2"}],"replies":[{"embeddable":true,"href":"https:\/\/anoticiaonline.com.br\/site\/wp-json\/wp\/v2\/comments?post=56617"}],"version-history":[{"count":0,"href":"https:\/\/anoticiaonline.com.br\/site\/wp-json\/wp\/v2\/posts\/56617\/revisions"}],"wp:featuredmedia":[{"embeddable":true,"href":"https:\/\/anoticiaonline.com.br\/site\/wp-json\/wp\/v2\/media\/56622"}],"wp:attachment":[{"href":"https:\/\/anoticiaonline.com.br\/site\/wp-json\/wp\/v2\/media?parent=56617"}],"wp:term":[{"taxonomy":"category","embeddable":true,"href":"https:\/\/anoticiaonline.com.br\/site\/wp-json\/wp\/v2\/categories?post=56617"},{"taxonomy":"post_tag","embeddable":true,"href":"https:\/\/anoticiaonline.com.br\/site\/wp-json\/wp\/v2\/tags?post=56617"}],"curies":[{"name":"wp","href":"https:\/\/api.w.org\/{rel}","templated":true}]}}