{"id":56614,"date":"2018-05-30T20:51:45","date_gmt":"2018-05-30T23:51:45","guid":{"rendered":"http:\/\/anoticiaonline.com.br\/site\/?p=56614"},"modified":"2018-05-30T20:51:45","modified_gmt":"2018-05-30T23:51:45","slug":"campanha-de-vacinacao-contra-gripe-e-prorrogada-para-15-de-junho","status":"publish","type":"post","link":"https:\/\/anoticiaonline.com.br\/site\/campanha-de-vacinacao-contra-gripe-e-prorrogada-para-15-de-junho\/","title":{"rendered":"Campanha de vacina\u00e7\u00e3o contra gripe \u00e9 prorrogada para 15 de junho"},"content":{"rendered":"<p>A campanha de vacina\u00e7\u00e3o contra gripe, que terminaria na quarta-feira (30) em Muria\u00e9, foi prorrogada para dia 15 de junho, em fun\u00e7\u00e3o da greve do transporte rodovi\u00e1rio. As doses est\u00e3o sendo aplicadas em todas as unidades de sa\u00fade da cidade e distritos, institui\u00e7\u00f5es mantidas pela Prefeitura, entre 8h e 16h30min. O objetivo da a\u00e7\u00e3o \u00e9 imunizar os muriaeenses contra a doen\u00e7a durante o per\u00edodo de maior circula\u00e7\u00e3o dos v\u00edrus.<\/p>\n<p>At\u00e9 ter\u00e7a-feira (29), 82,72% do grupo priorit\u00e1rio havia recebido a dose. A meta \u00e9 vacinar 90% dos p\u00fablicos-alvo, que \u00e9 formado por crian\u00e7as de 6 meses a 5 anos incompletos, gr\u00e1vidas, pu\u00e9rperas (at\u00e9 45 dias p\u00f3s-parto), pessoas com 60 anos ou mais, com doen\u00e7as cr\u00f4nicas e outras categorias de risco cl\u00ednico, popula\u00e7\u00e3o privada de liberdade, funcion\u00e1rios do sistema prisional, jovens que cumprem medidas socioeducativas, professores e trabalhadores da sa\u00fade.<\/p>\n<p><a href=\"https:\/\/anoticiaonline.com.br\/site\/wp-content\/uploads\/2018\/05\/Campanha-de-vacina\u00e7\u00e3o-contra-gripe-\u00e9-prorrogada-para-15-de-junho.jpg\"><img fetchpriority=\"high\" decoding=\"async\" class=\"alignnone size-full wp-image-56615\" src=\"https:\/\/anoticiaonline.com.br\/site\/wp-content\/uploads\/2018\/05\/Campanha-de-vacina\u00e7\u00e3o-contra-gripe-\u00e9-prorrogada-para-15-de-junho.jpg\" alt=\"\" width=\"640\" height=\"427\" srcset=\"https:\/\/anoticiaonline.com.br\/site\/wp-content\/uploads\/2018\/05\/Campanha-de-vacina\u00e7\u00e3o-contra-gripe-\u00e9-prorrogada-para-15-de-junho.jpg 640w, https:\/\/anoticiaonline.com.br\/site\/wp-content\/uploads\/2018\/05\/Campanha-de-vacina\u00e7\u00e3o-contra-gripe-\u00e9-prorrogada-para-15-de-junho-300x200.jpg 300w\" sizes=\"(max-width: 640px) 100vw, 640px\" \/><\/a><\/p>\n<p>Cr\u00e9ditos: ASCOM PMM<\/p>\n","protected":false},"excerpt":{"rendered":"<p>A campanha de vacina\u00e7\u00e3o contra gripe, que terminaria na quarta-feira (30) em Muria\u00e9, foi prorrogada para dia 15 de junho, em fun\u00e7\u00e3o da greve do transporte rodovi\u00e1rio. As doses est\u00e3o sendo aplicadas em todas as unidades de sa\u00fade da cidade e distritos, institui\u00e7\u00f5es mantidas pela Prefeitura, entre 8h e 16h30min. O objetivo da a\u00e7\u00e3o \u00e9 &#8230; <a title=\"Campanha de vacina\u00e7\u00e3o contra gripe \u00e9 prorrogada para 15 de junho\" class=\"read-more\" href=\"https:\/\/anoticiaonline.com.br\/site\/campanha-de-vacinacao-contra-gripe-e-prorrogada-para-15-de-junho\/\" aria-label=\"Read more about Campanha de vacina\u00e7\u00e3o contra gripe \u00e9 prorrogada para 15 de junho\">Ler mais<\/a><\/p>\n","protected":false},"author":2,"featured_media":56615,"comment_status":"open","ping_status":"open","sticky":false,"template":"","format":"standard","meta":{"_acf_changed":false,"_monsterinsights_skip_tracking":false,"footnotes":""},"categories":[30],"tags":[232,74,51],"class_list":["post-56614","post","type-post","status-publish","format-standard","has-post-thumbnail","hentry","category-muriae","tag-campanha","tag-muriae","tag-saude"],"acf":[],"aioseo_notices":[],"aioseo_head":"\n\t\t<!-- All in One SEO 5.0.0.1 - aioseo.com -->\n\t<meta name=\"description\" content=\"A campanha de vacina\u00e7\u00e3o contra gripe, que terminaria na quarta-feira (30) em Muria\u00e9, foi prorrogada para dia 15 de junho, em fun\u00e7\u00e3o da greve do transporte rodovi\u00e1rio. As doses est\u00e3o sendo aplicadas em todas as unidades de sa\u00fade da cidade e distritos, institui\u00e7\u00f5es mantidas pela Prefeitura, entre 8h e 16h30min. O objetivo da a\u00e7\u00e3o \u00e9\" \/>\n\t<meta name=\"robots\" content=\"max-image-preview:large\" \/>\n\t<meta name=\"author\" content=\"Juliana Laviola\"\/>\n\t<link rel=\"canonical\" href=\"https:\/\/anoticiaonline.com.br\/site\/campanha-de-vacinacao-contra-gripe-e-prorrogada-para-15-de-junho\/\" \/>\n\t<meta name=\"generator\" content=\"All in One SEO (AIOSEO) 5.0.0.1\" \/>\n\t\t<meta property=\"og:locale\" content=\"pt_BR\" \/>\n\t\t<meta property=\"og:site_name\" content=\"A Not\u00edcia Online - Noticias de Muria\u00e9 e regi\u00e3o\" \/>\n\t\t<meta property=\"og:type\" content=\"article\" \/>\n\t\t<meta property=\"og:title\" content=\"Campanha de vacina\u00e7\u00e3o contra gripe \u00e9 prorrogada para 15 de junho - A Not\u00edcia Online\" \/>\n\t\t<meta property=\"og:description\" content=\"A campanha de vacina\u00e7\u00e3o contra gripe, que terminaria na quarta-feira (30) em Muria\u00e9, foi prorrogada para dia 15 de junho, em fun\u00e7\u00e3o da greve do transporte rodovi\u00e1rio. As doses est\u00e3o sendo aplicadas em todas as unidades de sa\u00fade da cidade e distritos, institui\u00e7\u00f5es mantidas pela Prefeitura, entre 8h e 16h30min. O objetivo da a\u00e7\u00e3o \u00e9\" \/>\n\t\t<meta property=\"og:url\" content=\"https:\/\/anoticiaonline.com.br\/site\/campanha-de-vacinacao-contra-gripe-e-prorrogada-para-15-de-junho\/\" \/>\n\t\t<meta property=\"og:image\" content=\"https:\/\/scontent-gig4-1.xx.fbcdn.net\/v\/t39.30808-1\/270437624_4564083193639691_6907940295614233970_n.jpg?stp=dst-jpg_s200x200_tt6&#038;_nc_cat=111&#038;ccb=1-7&#038;_nc_sid=f907e8&#038;_nc_ohc=SM1wRlP3lJwQ7kNvwEPuBYA&#038;_nc_oc=AdnqrjDN_BNjSSHWO-GbkIWH6fkGMLw4bqvL_NH6e2wMveX7G-rP2dAqsDSq1mJMOaY&#038;_nc_zt=24&#038;_nc_ht=scontent-gig4-1.xx&#038;_nc_gid=AoBFJeGrT1hVaew_6rchkQ&#038;oh=00_AfX7QmFGhQhG2jAllVgXCiM1ZrWgvtp80-Bfppyexh1QEg&#038;oe=689E923C\" \/>\n\t\t<meta property=\"og:image:secure_url\" content=\"https:\/\/scontent-gig4-1.xx.fbcdn.net\/v\/t39.30808-1\/270437624_4564083193639691_6907940295614233970_n.jpg?stp=dst-jpg_s200x200_tt6&#038;_nc_cat=111&#038;ccb=1-7&#038;_nc_sid=f907e8&#038;_nc_ohc=SM1wRlP3lJwQ7kNvwEPuBYA&#038;_nc_oc=AdnqrjDN_BNjSSHWO-GbkIWH6fkGMLw4bqvL_NH6e2wMveX7G-rP2dAqsDSq1mJMOaY&#038;_nc_zt=24&#038;_nc_ht=scontent-gig4-1.xx&#038;_nc_gid=AoBFJeGrT1hVaew_6rchkQ&#038;oh=00_AfX7QmFGhQhG2jAllVgXCiM1ZrWgvtp80-Bfppyexh1QEg&#038;oe=689E923C\" \/>\n\t\t<meta property=\"article:published_time\" content=\"2018-05-30T23:51:45+00:00\" \/>\n\t\t<meta property=\"article:modified_time\" content=\"2018-05-30T23:51:45+00:00\" \/>\n\t\t<meta name=\"twitter:card\" content=\"summary_large_image\" \/>\n\t\t<meta name=\"twitter:title\" content=\"Campanha de vacina\u00e7\u00e3o contra gripe \u00e9 prorrogada para 15 de junho - A Not\u00edcia Online\" \/>\n\t\t<meta name=\"twitter:description\" content=\"A campanha de vacina\u00e7\u00e3o contra gripe, que terminaria na quarta-feira (30) em Muria\u00e9, foi prorrogada para dia 15 de junho, em fun\u00e7\u00e3o da greve do transporte rodovi\u00e1rio. As doses est\u00e3o sendo aplicadas em todas as unidades de sa\u00fade da cidade e distritos, institui\u00e7\u00f5es mantidas pela Prefeitura, entre 8h e 16h30min. O objetivo da a\u00e7\u00e3o \u00e9\" \/>\n\t\t<meta name=\"twitter:image\" content=\"https:\/\/scontent-gig4-1.xx.fbcdn.net\/v\/t39.30808-1\/270437624_4564083193639691_6907940295614233970_n.jpg?stp=dst-jpg_s200x200_tt6&amp;_nc_cat=111&amp;ccb=1-7&amp;_nc_sid=f907e8&amp;_nc_ohc=SM1wRlP3lJwQ7kNvwEPuBYA&amp;_nc_oc=AdnqrjDN_BNjSSHWO-GbkIWH6fkGMLw4bqvL_NH6e2wMveX7G-rP2dAqsDSq1mJMOaY&amp;_nc_zt=24&amp;_nc_ht=scontent-gig4-1.xx&amp;_nc_gid=AoBFJeGrT1hVaew_6rchkQ&amp;oh=00_AfX7QmFGhQhG2jAllVgXCiM1ZrWgvtp80-Bfppyexh1QEg&amp;oe=689E923C\" \/>\n\t\t<script type=\"application\/ld+json\" class=\"aioseo-schema\">\n\t\t\t{\"@context\":\"https:\\\/\\\/schema.org\",\"@graph\":[{\"@type\":\"BlogPosting\",\"@id\":\"https:\\\/\\\/anoticiaonline.com.br\\\/site\\\/campanha-de-vacinacao-contra-gripe-e-prorrogada-para-15-de-junho\\\/#blogposting\",\"name\":\"Campanha de vacina\\u00e7\\u00e3o contra gripe \\u00e9 prorrogada para 15 de junho - A Not\\u00edcia Online\",\"headline\":\"Campanha de vacina\\u00e7\\u00e3o contra gripe \\u00e9 prorrogada para 15 de junho\",\"author\":{\"@id\":\"https:\\\/\\\/anoticiaonline.com.br\\\/site\\\/author\\\/juliana\\\/#author\"},\"publisher\":{\"@id\":\"https:\\\/\\\/anoticiaonline.com.br\\\/site\\\/#organization\"},\"image\":{\"@type\":\"ImageObject\",\"url\":\"https:\\\/\\\/anoticiaonline.com.br\\\/site\\\/wp-content\\\/uploads\\\/2018\\\/05\\\/Campanha-de-vacina\\u00e7\\u00e3o-contra-gripe-\\u00e9-prorrogada-para-15-de-junho.jpg\",\"width\":640,\"height\":427},\"datePublished\":\"2018-05-30T20:51:45-03:00\",\"dateModified\":\"2018-05-30T20:51:45-03:00\",\"inLanguage\":\"pt-BR\",\"mainEntityOfPage\":{\"@id\":\"https:\\\/\\\/anoticiaonline.com.br\\\/site\\\/campanha-de-vacinacao-contra-gripe-e-prorrogada-para-15-de-junho\\\/#webpage\"},\"isPartOf\":{\"@id\":\"https:\\\/\\\/anoticiaonline.com.br\\\/site\\\/campanha-de-vacinacao-contra-gripe-e-prorrogada-para-15-de-junho\\\/#webpage\"},\"articleSection\":\"Blog, campanha, Muria\\u00e9, sa\\u00fade\"},{\"@type\":\"BreadcrumbList\",\"@id\":\"https:\\\/\\\/anoticiaonline.com.br\\\/site\\\/campanha-de-vacinacao-contra-gripe-e-prorrogada-para-15-de-junho\\\/#breadcrumblist\",\"itemListElement\":[{\"@type\":\"ListItem\",\"@id\":\"https:\\\/\\\/anoticiaonline.com.br\\\/site#listItem\",\"position\":1,\"name\":\"Home\",\"item\":\"https:\\\/\\\/anoticiaonline.com.br\\\/site\",\"nextItem\":{\"@type\":\"ListItem\",\"@id\":\"https:\\\/\\\/anoticiaonline.com.br\\\/site\\\/categoria\\\/muriae\\\/#listItem\",\"name\":\"Blog\"}},{\"@type\":\"ListItem\",\"@id\":\"https:\\\/\\\/anoticiaonline.com.br\\\/site\\\/categoria\\\/muriae\\\/#listItem\",\"position\":2,\"name\":\"Blog\",\"item\":\"https:\\\/\\\/anoticiaonline.com.br\\\/site\\\/categoria\\\/muriae\\\/\",\"nextItem\":{\"@type\":\"ListItem\",\"@id\":\"https:\\\/\\\/anoticiaonline.com.br\\\/site\\\/campanha-de-vacinacao-contra-gripe-e-prorrogada-para-15-de-junho\\\/#listItem\",\"name\":\"Campanha de vacina\\u00e7\\u00e3o contra gripe \\u00e9 prorrogada para 15 de junho\"},\"previousItem\":{\"@type\":\"ListItem\",\"@id\":\"https:\\\/\\\/anoticiaonline.com.br\\\/site#listItem\",\"name\":\"Home\"}},{\"@type\":\"ListItem\",\"@id\":\"https:\\\/\\\/anoticiaonline.com.br\\\/site\\\/campanha-de-vacinacao-contra-gripe-e-prorrogada-para-15-de-junho\\\/#listItem\",\"position\":3,\"name\":\"Campanha de vacina\\u00e7\\u00e3o contra gripe \\u00e9 prorrogada para 15 de junho\",\"previousItem\":{\"@type\":\"ListItem\",\"@id\":\"https:\\\/\\\/anoticiaonline.com.br\\\/site\\\/categoria\\\/muriae\\\/#listItem\",\"name\":\"Blog\"}}]},{\"@type\":\"Organization\",\"@id\":\"https:\\\/\\\/anoticiaonline.com.br\\\/site\\\/#organization\",\"name\":\"A Not\\u00edcia Online\",\"description\":\"Noticias de Muria\\u00e9 e regi\\u00e3o\",\"url\":\"https:\\\/\\\/anoticiaonline.com.br\\\/site\\\/\",\"logo\":{\"@type\":\"ImageObject\",\"url\":\"https:\\\/\\\/scontent-gig4-1.xx.fbcdn.net\\\/v\\\/t39.30808-1\\\/270437624_4564083193639691_6907940295614233970_n.jpg?stp=dst-jpg_s200x200_tt6&_nc_cat=111&ccb=1-7&_nc_sid=f907e8&_nc_ohc=SM1wRlP3lJwQ7kNvwEPuBYA&_nc_oc=AdnqrjDN_BNjSSHWO-GbkIWH6fkGMLw4bqvL_NH6e2wMveX7G-rP2dAqsDSq1mJMOaY&_nc_zt=24&_nc_ht=scontent-gig4-1.xx&_nc_gid=AoBFJeGrT1hVaew_6rchkQ&oh=00_AfX7QmFGhQhG2jAllVgXCiM1ZrWgvtp80-Bfppyexh1QEg&oe=689E923C\",\"@id\":\"https:\\\/\\\/anoticiaonline.com.br\\\/site\\\/campanha-de-vacinacao-contra-gripe-e-prorrogada-para-15-de-junho\\\/#organizationLogo\"},\"image\":{\"@id\":\"https:\\\/\\\/anoticiaonline.com.br\\\/site\\\/campanha-de-vacinacao-contra-gripe-e-prorrogada-para-15-de-junho\\\/#organizationLogo\"}},{\"@type\":\"Person\",\"@id\":\"https:\\\/\\\/anoticiaonline.com.br\\\/site\\\/author\\\/juliana\\\/#author\",\"url\":\"https:\\\/\\\/anoticiaonline.com.br\\\/site\\\/author\\\/juliana\\\/\",\"name\":\"Juliana Laviola\",\"image\":{\"@type\":\"ImageObject\",\"@id\":\"https:\\\/\\\/anoticiaonline.com.br\\\/site\\\/campanha-de-vacinacao-contra-gripe-e-prorrogada-para-15-de-junho\\\/#authorImage\",\"url\":\"https:\\\/\\\/secure.gravatar.com\\\/avatar\\\/b8d45f5c699b100dfaf0e543582f38f38bf94cb7ae3a5e9abf8d891a34773335?s=96&d=mm&r=g\",\"width\":96,\"height\":96,\"caption\":\"Juliana Laviola\"}},{\"@type\":\"WebPage\",\"@id\":\"https:\\\/\\\/anoticiaonline.com.br\\\/site\\\/campanha-de-vacinacao-contra-gripe-e-prorrogada-para-15-de-junho\\\/#webpage\",\"url\":\"https:\\\/\\\/anoticiaonline.com.br\\\/site\\\/campanha-de-vacinacao-contra-gripe-e-prorrogada-para-15-de-junho\\\/\",\"name\":\"Campanha de vacina\\u00e7\\u00e3o contra gripe \\u00e9 prorrogada para 15 de junho - A Not\\u00edcia Online\",\"description\":\"A campanha de vacina\\u00e7\\u00e3o contra gripe, que terminaria na quarta-feira (30) em Muria\\u00e9, foi prorrogada para dia 15 de junho, em fun\\u00e7\\u00e3o da greve do transporte rodovi\\u00e1rio. As doses est\\u00e3o sendo aplicadas em todas as unidades de sa\\u00fade da cidade e distritos, institui\\u00e7\\u00f5es mantidas pela Prefeitura, entre 8h e 16h30min. O objetivo da a\\u00e7\\u00e3o \\u00e9\",\"inLanguage\":\"pt-BR\",\"isPartOf\":{\"@id\":\"https:\\\/\\\/anoticiaonline.com.br\\\/site\\\/#website\"},\"breadcrumb\":{\"@id\":\"https:\\\/\\\/anoticiaonline.com.br\\\/site\\\/campanha-de-vacinacao-contra-gripe-e-prorrogada-para-15-de-junho\\\/#breadcrumblist\"},\"author\":{\"@id\":\"https:\\\/\\\/anoticiaonline.com.br\\\/site\\\/author\\\/juliana\\\/#author\"},\"creator\":{\"@id\":\"https:\\\/\\\/anoticiaonline.com.br\\\/site\\\/author\\\/juliana\\\/#author\"},\"image\":{\"@type\":\"ImageObject\",\"url\":\"https:\\\/\\\/anoticiaonline.com.br\\\/site\\\/wp-content\\\/uploads\\\/2018\\\/05\\\/Campanha-de-vacina\\u00e7\\u00e3o-contra-gripe-\\u00e9-prorrogada-para-15-de-junho.jpg\",\"@id\":\"https:\\\/\\\/anoticiaonline.com.br\\\/site\\\/campanha-de-vacinacao-contra-gripe-e-prorrogada-para-15-de-junho\\\/#mainImage\",\"width\":640,\"height\":427},\"primaryImageOfPage\":{\"@id\":\"https:\\\/\\\/anoticiaonline.com.br\\\/site\\\/campanha-de-vacinacao-contra-gripe-e-prorrogada-para-15-de-junho\\\/#mainImage\"},\"datePublished\":\"2018-05-30T20:51:45-03:00\",\"dateModified\":\"2018-05-30T20:51:45-03:00\"},{\"@type\":\"WebSite\",\"@id\":\"https:\\\/\\\/anoticiaonline.com.br\\\/site\\\/#website\",\"url\":\"https:\\\/\\\/anoticiaonline.com.br\\\/site\\\/\",\"name\":\"A Not\\u00edcia Online\",\"description\":\"Noticias de Muria\\u00e9 e regi\\u00e3o\",\"inLanguage\":\"pt-BR\",\"publisher\":{\"@id\":\"https:\\\/\\\/anoticiaonline.com.br\\\/site\\\/#organization\"}}]}\n\t\t<\/script>\n\t\t<!-- All in One SEO -->\n\n","aioseo_head_json":{"title":"Campanha de vacina\u00e7\u00e3o contra gripe \u00e9 prorrogada para 15 de junho - A Not\u00edcia Online","description":"A campanha de vacina\u00e7\u00e3o contra gripe, que terminaria na quarta-feira (30) em Muria\u00e9, foi prorrogada para dia 15 de junho, em fun\u00e7\u00e3o da greve do transporte rodovi\u00e1rio. As doses est\u00e3o sendo aplicadas em todas as unidades de sa\u00fade da cidade e distritos, institui\u00e7\u00f5es mantidas pela Prefeitura, entre 8h e 16h30min. O objetivo da a\u00e7\u00e3o \u00e9","canonical_url":"https:\/\/anoticiaonline.com.br\/site\/campanha-de-vacinacao-contra-gripe-e-prorrogada-para-15-de-junho\/","robots":"max-image-preview:large","keywords":"","webmasterTools":{"miscellaneous":""},"schema":{"@context":"https:\/\/schema.org","@graph":[{"@type":"BlogPosting","@id":"https:\/\/anoticiaonline.com.br\/site\/campanha-de-vacinacao-contra-gripe-e-prorrogada-para-15-de-junho\/#blogposting","name":"Campanha de vacina\u00e7\u00e3o contra gripe \u00e9 prorrogada para 15 de junho - A Not\u00edcia Online","headline":"Campanha de vacina\u00e7\u00e3o contra gripe \u00e9 prorrogada para 15 de junho","author":{"@id":"https:\/\/anoticiaonline.com.br\/site\/author\/juliana\/#author"},"publisher":{"@id":"https:\/\/anoticiaonline.com.br\/site\/#organization"},"image":{"@type":"ImageObject","url":"https:\/\/anoticiaonline.com.br\/site\/wp-content\/uploads\/2018\/05\/Campanha-de-vacina\u00e7\u00e3o-contra-gripe-\u00e9-prorrogada-para-15-de-junho.jpg","width":640,"height":427},"datePublished":"2018-05-30T20:51:45-03:00","dateModified":"2018-05-30T20:51:45-03:00","inLanguage":"pt-BR","mainEntityOfPage":{"@id":"https:\/\/anoticiaonline.com.br\/site\/campanha-de-vacinacao-contra-gripe-e-prorrogada-para-15-de-junho\/#webpage"},"isPartOf":{"@id":"https:\/\/anoticiaonline.com.br\/site\/campanha-de-vacinacao-contra-gripe-e-prorrogada-para-15-de-junho\/#webpage"},"articleSection":"Blog, campanha, Muria\u00e9, sa\u00fade"},{"@type":"BreadcrumbList","@id":"https:\/\/anoticiaonline.com.br\/site\/campanha-de-vacinacao-contra-gripe-e-prorrogada-para-15-de-junho\/#breadcrumblist","itemListElement":[{"@type":"ListItem","@id":"https:\/\/anoticiaonline.com.br\/site#listItem","position":1,"name":"Home","item":"https:\/\/anoticiaonline.com.br\/site","nextItem":{"@type":"ListItem","@id":"https:\/\/anoticiaonline.com.br\/site\/categoria\/muriae\/#listItem","name":"Blog"}},{"@type":"ListItem","@id":"https:\/\/anoticiaonline.com.br\/site\/categoria\/muriae\/#listItem","position":2,"name":"Blog","item":"https:\/\/anoticiaonline.com.br\/site\/categoria\/muriae\/","nextItem":{"@type":"ListItem","@id":"https:\/\/anoticiaonline.com.br\/site\/campanha-de-vacinacao-contra-gripe-e-prorrogada-para-15-de-junho\/#listItem","name":"Campanha de vacina\u00e7\u00e3o contra gripe \u00e9 prorrogada para 15 de junho"},"previousItem":{"@type":"ListItem","@id":"https:\/\/anoticiaonline.com.br\/site#listItem","name":"Home"}},{"@type":"ListItem","@id":"https:\/\/anoticiaonline.com.br\/site\/campanha-de-vacinacao-contra-gripe-e-prorrogada-para-15-de-junho\/#listItem","position":3,"name":"Campanha de vacina\u00e7\u00e3o contra gripe \u00e9 prorrogada para 15 de junho","previousItem":{"@type":"ListItem","@id":"https:\/\/anoticiaonline.com.br\/site\/categoria\/muriae\/#listItem","name":"Blog"}}]},{"@type":"Organization","@id":"https:\/\/anoticiaonline.com.br\/site\/#organization","name":"A Not\u00edcia Online","description":"Noticias de Muria\u00e9 e regi\u00e3o","url":"https:\/\/anoticiaonline.com.br\/site\/","logo":{"@type":"ImageObject","url":"https:\/\/scontent-gig4-1.xx.fbcdn.net\/v\/t39.30808-1\/270437624_4564083193639691_6907940295614233970_n.jpg?stp=dst-jpg_s200x200_tt6&_nc_cat=111&ccb=1-7&_nc_sid=f907e8&_nc_ohc=SM1wRlP3lJwQ7kNvwEPuBYA&_nc_oc=AdnqrjDN_BNjSSHWO-GbkIWH6fkGMLw4bqvL_NH6e2wMveX7G-rP2dAqsDSq1mJMOaY&_nc_zt=24&_nc_ht=scontent-gig4-1.xx&_nc_gid=AoBFJeGrT1hVaew_6rchkQ&oh=00_AfX7QmFGhQhG2jAllVgXCiM1ZrWgvtp80-Bfppyexh1QEg&oe=689E923C","@id":"https:\/\/anoticiaonline.com.br\/site\/campanha-de-vacinacao-contra-gripe-e-prorrogada-para-15-de-junho\/#organizationLogo"},"image":{"@id":"https:\/\/anoticiaonline.com.br\/site\/campanha-de-vacinacao-contra-gripe-e-prorrogada-para-15-de-junho\/#organizationLogo"}},{"@type":"Person","@id":"https:\/\/anoticiaonline.com.br\/site\/author\/juliana\/#author","url":"https:\/\/anoticiaonline.com.br\/site\/author\/juliana\/","name":"Juliana Laviola","image":{"@type":"ImageObject","@id":"https:\/\/anoticiaonline.com.br\/site\/campanha-de-vacinacao-contra-gripe-e-prorrogada-para-15-de-junho\/#authorImage","url":"https:\/\/secure.gravatar.com\/avatar\/b8d45f5c699b100dfaf0e543582f38f38bf94cb7ae3a5e9abf8d891a34773335?s=96&d=mm&r=g","width":96,"height":96,"caption":"Juliana Laviola"}},{"@type":"WebPage","@id":"https:\/\/anoticiaonline.com.br\/site\/campanha-de-vacinacao-contra-gripe-e-prorrogada-para-15-de-junho\/#webpage","url":"https:\/\/anoticiaonline.com.br\/site\/campanha-de-vacinacao-contra-gripe-e-prorrogada-para-15-de-junho\/","name":"Campanha de vacina\u00e7\u00e3o contra gripe \u00e9 prorrogada para 15 de junho - A Not\u00edcia Online","description":"A campanha de vacina\u00e7\u00e3o contra gripe, que terminaria na quarta-feira (30) em Muria\u00e9, foi prorrogada para dia 15 de junho, em fun\u00e7\u00e3o da greve do transporte rodovi\u00e1rio. As doses est\u00e3o sendo aplicadas em todas as unidades de sa\u00fade da cidade e distritos, institui\u00e7\u00f5es mantidas pela Prefeitura, entre 8h e 16h30min. O objetivo da a\u00e7\u00e3o \u00e9","inLanguage":"pt-BR","isPartOf":{"@id":"https:\/\/anoticiaonline.com.br\/site\/#website"},"breadcrumb":{"@id":"https:\/\/anoticiaonline.com.br\/site\/campanha-de-vacinacao-contra-gripe-e-prorrogada-para-15-de-junho\/#breadcrumblist"},"author":{"@id":"https:\/\/anoticiaonline.com.br\/site\/author\/juliana\/#author"},"creator":{"@id":"https:\/\/anoticiaonline.com.br\/site\/author\/juliana\/#author"},"image":{"@type":"ImageObject","url":"https:\/\/anoticiaonline.com.br\/site\/wp-content\/uploads\/2018\/05\/Campanha-de-vacina\u00e7\u00e3o-contra-gripe-\u00e9-prorrogada-para-15-de-junho.jpg","@id":"https:\/\/anoticiaonline.com.br\/site\/campanha-de-vacinacao-contra-gripe-e-prorrogada-para-15-de-junho\/#mainImage","width":640,"height":427},"primaryImageOfPage":{"@id":"https:\/\/anoticiaonline.com.br\/site\/campanha-de-vacinacao-contra-gripe-e-prorrogada-para-15-de-junho\/#mainImage"},"datePublished":"2018-05-30T20:51:45-03:00","dateModified":"2018-05-30T20:51:45-03:00"},{"@type":"WebSite","@id":"https:\/\/anoticiaonline.com.br\/site\/#website","url":"https:\/\/anoticiaonline.com.br\/site\/","name":"A Not\u00edcia Online","description":"Noticias de Muria\u00e9 e regi\u00e3o","inLanguage":"pt-BR","publisher":{"@id":"https:\/\/anoticiaonline.com.br\/site\/#organization"}}]},"og:locale":"pt_BR","og:site_name":"A Not\u00edcia Online - Noticias de Muria\u00e9 e regi\u00e3o","og:type":"article","og:title":"Campanha de vacina\u00e7\u00e3o contra gripe \u00e9 prorrogada para 15 de junho - A Not\u00edcia Online","og:description":"A campanha de vacina\u00e7\u00e3o contra gripe, que terminaria na quarta-feira (30) em Muria\u00e9, foi prorrogada para dia 15 de junho, em fun\u00e7\u00e3o da greve do transporte rodovi\u00e1rio. As doses est\u00e3o sendo aplicadas em todas as unidades de sa\u00fade da cidade e distritos, institui\u00e7\u00f5es mantidas pela Prefeitura, entre 8h e 16h30min. O objetivo da a\u00e7\u00e3o \u00e9","og:url":"https:\/\/anoticiaonline.com.br\/site\/campanha-de-vacinacao-contra-gripe-e-prorrogada-para-15-de-junho\/","og:image":"https:\/\/scontent-gig4-1.xx.fbcdn.net\/v\/t39.30808-1\/270437624_4564083193639691_6907940295614233970_n.jpg?stp=dst-jpg_s200x200_tt6&#038;_nc_cat=111&#038;ccb=1-7&#038;_nc_sid=f907e8&#038;_nc_ohc=SM1wRlP3lJwQ7kNvwEPuBYA&#038;_nc_oc=AdnqrjDN_BNjSSHWO-GbkIWH6fkGMLw4bqvL_NH6e2wMveX7G-rP2dAqsDSq1mJMOaY&#038;_nc_zt=24&#038;_nc_ht=scontent-gig4-1.xx&#038;_nc_gid=AoBFJeGrT1hVaew_6rchkQ&#038;oh=00_AfX7QmFGhQhG2jAllVgXCiM1ZrWgvtp80-Bfppyexh1QEg&#038;oe=689E923C","og:image:secure_url":"https:\/\/scontent-gig4-1.xx.fbcdn.net\/v\/t39.30808-1\/270437624_4564083193639691_6907940295614233970_n.jpg?stp=dst-jpg_s200x200_tt6&#038;_nc_cat=111&#038;ccb=1-7&#038;_nc_sid=f907e8&#038;_nc_ohc=SM1wRlP3lJwQ7kNvwEPuBYA&#038;_nc_oc=AdnqrjDN_BNjSSHWO-GbkIWH6fkGMLw4bqvL_NH6e2wMveX7G-rP2dAqsDSq1mJMOaY&#038;_nc_zt=24&#038;_nc_ht=scontent-gig4-1.xx&#038;_nc_gid=AoBFJeGrT1hVaew_6rchkQ&#038;oh=00_AfX7QmFGhQhG2jAllVgXCiM1ZrWgvtp80-Bfppyexh1QEg&#038;oe=689E923C","article:published_time":"2018-05-30T23:51:45+00:00","article:modified_time":"2018-05-30T23:51:45+00:00","twitter:card":"summary_large_image","twitter:title":"Campanha de vacina\u00e7\u00e3o contra gripe \u00e9 prorrogada para 15 de junho - A Not\u00edcia Online","twitter:description":"A campanha de vacina\u00e7\u00e3o contra gripe, que terminaria na quarta-feira (30) em Muria\u00e9, foi prorrogada para dia 15 de junho, em fun\u00e7\u00e3o da greve do transporte rodovi\u00e1rio. As doses est\u00e3o sendo aplicadas em todas as unidades de sa\u00fade da cidade e distritos, institui\u00e7\u00f5es mantidas pela Prefeitura, entre 8h e 16h30min. O objetivo da a\u00e7\u00e3o \u00e9","twitter:image":"https:\/\/scontent-gig4-1.xx.fbcdn.net\/v\/t39.30808-1\/270437624_4564083193639691_6907940295614233970_n.jpg?stp=dst-jpg_s200x200_tt6&_nc_cat=111&ccb=1-7&_nc_sid=f907e8&_nc_ohc=SM1wRlP3lJwQ7kNvwEPuBYA&_nc_oc=AdnqrjDN_BNjSSHWO-GbkIWH6fkGMLw4bqvL_NH6e2wMveX7G-rP2dAqsDSq1mJMOaY&_nc_zt=24&_nc_ht=scontent-gig4-1.xx&_nc_gid=AoBFJeGrT1hVaew_6rchkQ&oh=00_AfX7QmFGhQhG2jAllVgXCiM1ZrWgvtp80-Bfppyexh1QEg&oe=689E923C"},"aioseo_meta_data":{"post_id":"56614","title":null,"description":null,"keywords":null,"keyphrases":null,"primary_term":null,"canonical_url":null,"og_title":null,"og_description":null,"og_object_type":"default","og_image_type":"default","og_image_url":null,"og_image_width":null,"og_image_height":null,"og_image_custom_url":null,"og_image_custom_fields":null,"og_video":null,"og_custom_url":null,"og_article_section":null,"og_article_tags":null,"twitter_use_og":false,"twitter_card":"default","twitter_image_type":"default","twitter_image_url":null,"twitter_image_custom_url":null,"twitter_image_custom_fields":null,"twitter_title":null,"twitter_description":null,"schema":{"blockGraphs":[],"customGraphs":[],"default":{"data":{"Article":[],"Course":[],"Dataset":[],"FAQPage":[],"Movie":[],"Person":[],"Product":[],"ProductReview":[],"Car":[],"Recipe":[],"Service":[],"SoftwareApplication":[],"WebPage":[]},"graphName":"","isEnabled":true},"graphs":[]},"schema_type":"default","schema_type_options":null,"pillar_content":false,"robots_default":true,"robots_noindex":false,"robots_noarchive":false,"robots_nosnippet":false,"robots_nofollow":false,"robots_noimageindex":false,"robots_noodp":false,"robots_notranslate":false,"robots_max_snippet":null,"robots_max_videopreview":null,"robots_max_imagepreview":"large","priority":null,"frequency":null,"local_seo":null,"breadcrumb_settings":null,"limit_modified_date":false,"ai":null,"created":"2025-08-16 20:57:17","updated":"2025-08-16 20:57:17","focus_keyword":null,"additional_keywords":null,"truseo_locale":null,"seo_analyzer_scan_date":null},"aioseo_breadcrumb":"<div class=\"aioseo-breadcrumbs\"><span class=\"aioseo-breadcrumb\">\n\t\t\t<a href=\"https:\/\/anoticiaonline.com.br\/site\" title=\"Home\">Home<\/a>\n\t\t<\/span><span class=\"aioseo-breadcrumb-separator\">&raquo;<\/span><span class=\"aioseo-breadcrumb\">\n\t\t\t<a href=\"https:\/\/anoticiaonline.com.br\/site\/categoria\/muriae\/\" title=\"Blog\">Blog<\/a>\n\t\t<\/span><span class=\"aioseo-breadcrumb-separator\">&raquo;<\/span><span class=\"aioseo-breadcrumb\">\n\t\t\tCampanha de vacina\u00e7\u00e3o contra gripe \u00e9 prorrogada para 15 de junho\n\t\t<\/span><\/div>","aioseo_breadcrumb_json":[{"label":"Home","link":"https:\/\/anoticiaonline.com.br\/site"},{"label":"Blog","link":"https:\/\/anoticiaonline.com.br\/site\/categoria\/muriae\/"},{"label":"Campanha de vacina\u00e7\u00e3o contra gripe \u00e9 prorrogada para 15 de junho","link":"https:\/\/anoticiaonline.com.br\/site\/campanha-de-vacinacao-contra-gripe-e-prorrogada-para-15-de-junho\/"}],"views":154,"_links":{"self":[{"href":"https:\/\/anoticiaonline.com.br\/site\/wp-json\/wp\/v2\/posts\/56614","targetHints":{"allow":["GET"]}}],"collection":[{"href":"https:\/\/anoticiaonline.com.br\/site\/wp-json\/wp\/v2\/posts"}],"about":[{"href":"https:\/\/anoticiaonline.com.br\/site\/wp-json\/wp\/v2\/types\/post"}],"author":[{"embeddable":true,"href":"https:\/\/anoticiaonline.com.br\/site\/wp-json\/wp\/v2\/users\/2"}],"replies":[{"embeddable":true,"href":"https:\/\/anoticiaonline.com.br\/site\/wp-json\/wp\/v2\/comments?post=56614"}],"version-history":[{"count":0,"href":"https:\/\/anoticiaonline.com.br\/site\/wp-json\/wp\/v2\/posts\/56614\/revisions"}],"wp:featuredmedia":[{"embeddable":true,"href":"https:\/\/anoticiaonline.com.br\/site\/wp-json\/wp\/v2\/media\/56615"}],"wp:attachment":[{"href":"https:\/\/anoticiaonline.com.br\/site\/wp-json\/wp\/v2\/media?parent=56614"}],"wp:term":[{"taxonomy":"category","embeddable":true,"href":"https:\/\/anoticiaonline.com.br\/site\/wp-json\/wp\/v2\/categories?post=56614"},{"taxonomy":"post_tag","embeddable":true,"href":"https:\/\/anoticiaonline.com.br\/site\/wp-json\/wp\/v2\/tags?post=56614"}],"curies":[{"name":"wp","href":"https:\/\/api.w.org\/{rel}","templated":true}]}}