{"id":56545,"date":"2018-05-24T20:27:13","date_gmt":"2018-05-24T23:27:13","guid":{"rendered":"http:\/\/anoticiaonline.com.br\/site\/?p=56545"},"modified":"2018-05-24T20:30:06","modified_gmt":"2018-05-24T23:30:06","slug":"vitor-valverde-recebe-medalha-do-merito-muriaeense-jose-alencar-gomes-da-silva","status":"publish","type":"post","link":"https:\/\/anoticiaonline.com.br\/site\/vitor-valverde-recebe-medalha-do-merito-muriaeense-jose-alencar-gomes-da-silva\/","title":{"rendered":"Vitor Valverde recebe medalha do M\u00e9rito Muriaeense \u201cJos\u00e9 Alencar Gomes da Silva\u201d"},"content":{"rendered":"<p><a href=\"https:\/\/anoticiaonline.com.br\/site\/wp-content\/uploads\/2018\/05\/DSC_0002.jpg\"><img fetchpriority=\"high\" decoding=\"async\" class=\"aligncenter size-full wp-image-56546\" src=\"https:\/\/anoticiaonline.com.br\/site\/wp-content\/uploads\/2018\/05\/DSC_0002.jpg\" alt=\"\" width=\"640\" height=\"428\" srcset=\"https:\/\/anoticiaonline.com.br\/site\/wp-content\/uploads\/2018\/05\/DSC_0002.jpg 640w, https:\/\/anoticiaonline.com.br\/site\/wp-content\/uploads\/2018\/05\/DSC_0002-300x201.jpg 300w\" sizes=\"(max-width: 640px) 100vw, 640px\" \/><\/a> <a href=\"https:\/\/anoticiaonline.com.br\/site\/wp-content\/uploads\/2018\/05\/DSC_0009.jpg\"><img decoding=\"async\" class=\"aligncenter size-full wp-image-56547\" src=\"https:\/\/anoticiaonline.com.br\/site\/wp-content\/uploads\/2018\/05\/DSC_0009.jpg\" alt=\"\" width=\"640\" height=\"427\" srcset=\"https:\/\/anoticiaonline.com.br\/site\/wp-content\/uploads\/2018\/05\/DSC_0009.jpg 640w, https:\/\/anoticiaonline.com.br\/site\/wp-content\/uploads\/2018\/05\/DSC_0009-300x200.jpg 300w\" sizes=\"(max-width: 640px) 100vw, 640px\" \/><\/a><a href=\"https:\/\/anoticiaonline.com.br\/site\/wp-content\/uploads\/2018\/05\/DSC_0137-1.jpg\"><img decoding=\"async\" class=\"aligncenter size-full wp-image-56551\" src=\"https:\/\/anoticiaonline.com.br\/site\/wp-content\/uploads\/2018\/05\/DSC_0137-1.jpg\" alt=\"\" width=\"640\" height=\"424\" srcset=\"https:\/\/anoticiaonline.com.br\/site\/wp-content\/uploads\/2018\/05\/DSC_0137-1.jpg 640w, https:\/\/anoticiaonline.com.br\/site\/wp-content\/uploads\/2018\/05\/DSC_0137-1-300x199.jpg 300w\" sizes=\"(max-width: 640px) 100vw, 640px\" \/><\/a><a href=\"https:\/\/anoticiaonline.com.br\/site\/wp-content\/uploads\/2018\/05\/DSC_1298.jpg\"><img loading=\"lazy\" decoding=\"async\" class=\"aligncenter size-full wp-image-56556\" src=\"https:\/\/anoticiaonline.com.br\/site\/wp-content\/uploads\/2018\/05\/DSC_1298.jpg\" alt=\"\" width=\"640\" height=\"433\" srcset=\"https:\/\/anoticiaonline.com.br\/site\/wp-content\/uploads\/2018\/05\/DSC_1298.jpg 640w, https:\/\/anoticiaonline.com.br\/site\/wp-content\/uploads\/2018\/05\/DSC_1298-300x203.jpg 300w\" sizes=\"(max-width: 640px) 100vw, 640px\" \/><\/a>Vitor Valverde recebeu, na noite de quarta-feira (16), a medalha do M\u00e9rito Muriaeense \u201cJos\u00e9 Alencar Gomes da Silva\u201d. A condecora\u00e7\u00e3o, criada em 2013, \u00e9 concedida anualmente a pessoas que tenham contribu\u00eddo para o desenvolvimento de Muria\u00e9, em comemora\u00e7\u00e3o pelos 163 anos de emancipa\u00e7\u00e3o pol\u00edtico-administrativa da cidade.<\/p>\n<p>Mesmo ainda bastante jovem Vitor Valverde acumula experi\u00eancias em sua trajet\u00f3ria profissional. Bacharel em Direito, historiador e com tr\u00eas especializa\u00e7\u00f5es na \u00e1rea de gest\u00e3o, \u00e9 tamb\u00e9m doutorando na \u00e1rea de Direito e Filosofia. \u00c9 membro da Anistia Internacional Brasileira e das sociedades brasileiras da Computa\u00e7\u00e3o e do Progresso da Ci\u00eancia.<\/p>\n<p>Com vasta experi\u00eancia na \u00e1rea p\u00fablica, foi presidente do Instituto Hist\u00f3rico e Geogr\u00e1fico, comandante da Guarda Municipal e secret\u00e1rio municipal de Inform\u00e1tica e de Administra\u00e7\u00e3o e Recursos Humanos em Juiz de Fora. J\u00e1 em Belo Horizonte, atuou na prefeitura como assessor especial, secret\u00e1rio municipal de Governo e adjunto de Planejamento e Gest\u00e3o, al\u00e9m de superintendente de Limpeza Urbana. No \u00e2mbito estadual, ocupou cargos tamb\u00e9m no Governo de Minas, na Secretaria de Estado de Sa\u00fade e na Assembleia Legislativa.<\/p>\n<p><a href=\"https:\/\/anoticiaonline.com.br\/site\/wp-content\/uploads\/2018\/05\/DSC_0013-1.jpg\"><img loading=\"lazy\" decoding=\"async\" class=\"aligncenter size-full wp-image-56548\" src=\"https:\/\/anoticiaonline.com.br\/site\/wp-content\/uploads\/2018\/05\/DSC_0013-1.jpg\" alt=\"\" width=\"640\" height=\"427\" srcset=\"https:\/\/anoticiaonline.com.br\/site\/wp-content\/uploads\/2018\/05\/DSC_0013-1.jpg 640w, https:\/\/anoticiaonline.com.br\/site\/wp-content\/uploads\/2018\/05\/DSC_0013-1-300x200.jpg 300w\" sizes=\"(max-width: 640px) 100vw, 640px\" \/><\/a><\/p>\n<p><a href=\"https:\/\/anoticiaonline.com.br\/site\/wp-content\/uploads\/2018\/05\/DSC_0142.jpg\"><img loading=\"lazy\" decoding=\"async\" class=\"aligncenter size-full wp-image-56552\" src=\"https:\/\/anoticiaonline.com.br\/site\/wp-content\/uploads\/2018\/05\/DSC_0142.jpg\" alt=\"\" width=\"424\" height=\"640\" srcset=\"https:\/\/anoticiaonline.com.br\/site\/wp-content\/uploads\/2018\/05\/DSC_0142.jpg 424w, https:\/\/anoticiaonline.com.br\/site\/wp-content\/uploads\/2018\/05\/DSC_0142-199x300.jpg 199w\" sizes=\"(max-width: 424px) 100vw, 424px\" \/><\/a><\/p>\n<p><a href=\"https:\/\/anoticiaonline.com.br\/site\/wp-content\/uploads\/2018\/05\/DSC_0511.jpg\"><img loading=\"lazy\" decoding=\"async\" class=\"aligncenter size-full wp-image-56555\" src=\"https:\/\/anoticiaonline.com.br\/site\/wp-content\/uploads\/2018\/05\/DSC_0511.jpg\" alt=\"\" width=\"640\" height=\"427\" srcset=\"https:\/\/anoticiaonline.com.br\/site\/wp-content\/uploads\/2018\/05\/DSC_0511.jpg 640w, https:\/\/anoticiaonline.com.br\/site\/wp-content\/uploads\/2018\/05\/DSC_0511-300x200.jpg 300w\" sizes=\"(max-width: 640px) 100vw, 640px\" \/><\/a><\/p>\n<p><a href=\"https:\/\/anoticiaonline.com.br\/site\/wp-content\/uploads\/2018\/05\/DSC_0027.jpg\"><img loading=\"lazy\" decoding=\"async\" class=\"aligncenter size-full wp-image-56549\" src=\"https:\/\/anoticiaonline.com.br\/site\/wp-content\/uploads\/2018\/05\/DSC_0027.jpg\" alt=\"\" width=\"640\" height=\"427\" srcset=\"https:\/\/anoticiaonline.com.br\/site\/wp-content\/uploads\/2018\/05\/DSC_0027.jpg 640w, https:\/\/anoticiaonline.com.br\/site\/wp-content\/uploads\/2018\/05\/DSC_0027-300x200.jpg 300w\" sizes=\"(max-width: 640px) 100vw, 640px\" \/><\/a><a href=\"https:\/\/anoticiaonline.com.br\/site\/wp-content\/uploads\/2018\/05\/DSC_0312.jpg\"><img loading=\"lazy\" decoding=\"async\" class=\"aligncenter size-full wp-image-56553\" src=\"https:\/\/anoticiaonline.com.br\/site\/wp-content\/uploads\/2018\/05\/DSC_0312.jpg\" alt=\"\" width=\"640\" height=\"424\" srcset=\"https:\/\/anoticiaonline.com.br\/site\/wp-content\/uploads\/2018\/05\/DSC_0312.jpg 640w, https:\/\/anoticiaonline.com.br\/site\/wp-content\/uploads\/2018\/05\/DSC_0312-300x199.jpg 300w\" sizes=\"(max-width: 640px) 100vw, 640px\" \/><\/a><\/p>\n","protected":false},"excerpt":{"rendered":"<p>Vitor Valverde recebeu, na noite de quarta-feira (16), a medalha do M\u00e9rito Muriaeense \u201cJos\u00e9 Alencar Gomes da Silva\u201d. A condecora\u00e7\u00e3o, criada em 2013, \u00e9 concedida anualmente a pessoas que tenham contribu\u00eddo para o desenvolvimento de Muria\u00e9, em comemora\u00e7\u00e3o pelos 163 anos de emancipa\u00e7\u00e3o pol\u00edtico-administrativa da cidade. Mesmo ainda bastante jovem Vitor Valverde acumula experi\u00eancias em &#8230; <a title=\"Vitor Valverde recebe medalha do M\u00e9rito Muriaeense \u201cJos\u00e9 Alencar Gomes da Silva\u201d\" class=\"read-more\" href=\"https:\/\/anoticiaonline.com.br\/site\/vitor-valverde-recebe-medalha-do-merito-muriaeense-jose-alencar-gomes-da-silva\/\" aria-label=\"Read more about Vitor Valverde recebe medalha do M\u00e9rito Muriaeense \u201cJos\u00e9 Alencar Gomes da Silva\u201d\">Ler mais<\/a><\/p>\n","protected":false},"author":2,"featured_media":56556,"comment_status":"open","ping_status":"open","sticky":false,"template":"","format":"standard","meta":{"_acf_changed":false,"_monsterinsights_skip_tracking":false,"footnotes":""},"categories":[30],"tags":[2679,2678,2569,2601,2575,2568,2682,2681,2680,2677],"class_list":["post-56545","post","type-post","status-publish","format-standard","has-post-thumbnail","hentry","category-muriae","tag-comandante-da-guarda-municipal","tag-instituto-historico-e-geografico","tag-jose-alencar-gomes-da-silva","tag-medalha-do-merito-muriaeense","tag-medalha-do-merito-muriaeense-jose-alencar-gomes-da-silva","tag-merito-muriaeense-jose-alencar-gomes-da-silva","tag-secretaria-de-estado-de-saude","tag-secretario-municipal-de-governo-e-adjunto-de-planejamento-e-gestao","tag-secretario-municipal-de-informatica-e-de-administracao-e-recursos-humanos-em-juiz-de-fora","tag-vitor-valverde"],"acf":[],"aioseo_notices":[],"aioseo_head":"\n\t\t<!-- All in One SEO 5.0.0.1 - aioseo.com -->\n\t<meta name=\"description\" content=\"Vitor Valverde recebeu, na noite de quarta-feira (16), a medalha do M\u00e9rito Muriaeense \u201cJos\u00e9 Alencar Gomes da Silva\u201d. A condecora\u00e7\u00e3o, criada em 2013, \u00e9 concedida anualmente a pessoas que tenham contribu\u00eddo para o desenvolvimento de Muria\u00e9, em comemora\u00e7\u00e3o pelos 163 anos de emancipa\u00e7\u00e3o pol\u00edtico-administrativa da cidade. Mesmo ainda bastante jovem Vitor Valverde acumula experi\u00eancias em\" \/>\n\t<meta name=\"robots\" content=\"max-image-preview:large\" \/>\n\t<meta name=\"author\" content=\"Juliana Laviola\"\/>\n\t<link rel=\"canonical\" href=\"https:\/\/anoticiaonline.com.br\/site\/vitor-valverde-recebe-medalha-do-merito-muriaeense-jose-alencar-gomes-da-silva\/\" \/>\n\t<meta name=\"generator\" content=\"All in One SEO (AIOSEO) 5.0.0.1\" \/>\n\t\t<meta property=\"og:locale\" content=\"pt_BR\" \/>\n\t\t<meta property=\"og:site_name\" content=\"A Not\u00edcia Online - Noticias de Muria\u00e9 e regi\u00e3o\" \/>\n\t\t<meta property=\"og:type\" content=\"article\" \/>\n\t\t<meta property=\"og:title\" content=\"Vitor Valverde recebe medalha do M\u00e9rito Muriaeense \u201cJos\u00e9 Alencar Gomes da Silva\u201d - A Not\u00edcia Online\" \/>\n\t\t<meta property=\"og:description\" content=\"Vitor Valverde recebeu, na noite de quarta-feira (16), a medalha do M\u00e9rito Muriaeense \u201cJos\u00e9 Alencar Gomes da Silva\u201d. A condecora\u00e7\u00e3o, criada em 2013, \u00e9 concedida anualmente a pessoas que tenham contribu\u00eddo para o desenvolvimento de Muria\u00e9, em comemora\u00e7\u00e3o pelos 163 anos de emancipa\u00e7\u00e3o pol\u00edtico-administrativa da cidade. Mesmo ainda bastante jovem Vitor Valverde acumula experi\u00eancias em\" \/>\n\t\t<meta property=\"og:url\" content=\"https:\/\/anoticiaonline.com.br\/site\/vitor-valverde-recebe-medalha-do-merito-muriaeense-jose-alencar-gomes-da-silva\/\" \/>\n\t\t<meta property=\"og:image\" content=\"https:\/\/scontent-gig4-1.xx.fbcdn.net\/v\/t39.30808-1\/270437624_4564083193639691_6907940295614233970_n.jpg?stp=dst-jpg_s200x200_tt6&#038;_nc_cat=111&#038;ccb=1-7&#038;_nc_sid=f907e8&#038;_nc_ohc=SM1wRlP3lJwQ7kNvwEPuBYA&#038;_nc_oc=AdnqrjDN_BNjSSHWO-GbkIWH6fkGMLw4bqvL_NH6e2wMveX7G-rP2dAqsDSq1mJMOaY&#038;_nc_zt=24&#038;_nc_ht=scontent-gig4-1.xx&#038;_nc_gid=AoBFJeGrT1hVaew_6rchkQ&#038;oh=00_AfX7QmFGhQhG2jAllVgXCiM1ZrWgvtp80-Bfppyexh1QEg&#038;oe=689E923C\" \/>\n\t\t<meta property=\"og:image:secure_url\" content=\"https:\/\/scontent-gig4-1.xx.fbcdn.net\/v\/t39.30808-1\/270437624_4564083193639691_6907940295614233970_n.jpg?stp=dst-jpg_s200x200_tt6&#038;_nc_cat=111&#038;ccb=1-7&#038;_nc_sid=f907e8&#038;_nc_ohc=SM1wRlP3lJwQ7kNvwEPuBYA&#038;_nc_oc=AdnqrjDN_BNjSSHWO-GbkIWH6fkGMLw4bqvL_NH6e2wMveX7G-rP2dAqsDSq1mJMOaY&#038;_nc_zt=24&#038;_nc_ht=scontent-gig4-1.xx&#038;_nc_gid=AoBFJeGrT1hVaew_6rchkQ&#038;oh=00_AfX7QmFGhQhG2jAllVgXCiM1ZrWgvtp80-Bfppyexh1QEg&#038;oe=689E923C\" \/>\n\t\t<meta property=\"article:published_time\" content=\"2018-05-24T23:27:13+00:00\" \/>\n\t\t<meta property=\"article:modified_time\" content=\"2018-05-24T23:30:06+00:00\" \/>\n\t\t<meta name=\"twitter:card\" content=\"summary_large_image\" \/>\n\t\t<meta name=\"twitter:title\" content=\"Vitor Valverde recebe medalha do M\u00e9rito Muriaeense \u201cJos\u00e9 Alencar Gomes da Silva\u201d - A Not\u00edcia Online\" \/>\n\t\t<meta name=\"twitter:description\" content=\"Vitor Valverde recebeu, na noite de quarta-feira (16), a medalha do M\u00e9rito Muriaeense \u201cJos\u00e9 Alencar Gomes da Silva\u201d. A condecora\u00e7\u00e3o, criada em 2013, \u00e9 concedida anualmente a pessoas que tenham contribu\u00eddo para o desenvolvimento de Muria\u00e9, em comemora\u00e7\u00e3o pelos 163 anos de emancipa\u00e7\u00e3o pol\u00edtico-administrativa da cidade. Mesmo ainda bastante jovem Vitor Valverde acumula experi\u00eancias em\" \/>\n\t\t<meta name=\"twitter:image\" content=\"https:\/\/scontent-gig4-1.xx.fbcdn.net\/v\/t39.30808-1\/270437624_4564083193639691_6907940295614233970_n.jpg?stp=dst-jpg_s200x200_tt6&amp;_nc_cat=111&amp;ccb=1-7&amp;_nc_sid=f907e8&amp;_nc_ohc=SM1wRlP3lJwQ7kNvwEPuBYA&amp;_nc_oc=AdnqrjDN_BNjSSHWO-GbkIWH6fkGMLw4bqvL_NH6e2wMveX7G-rP2dAqsDSq1mJMOaY&amp;_nc_zt=24&amp;_nc_ht=scontent-gig4-1.xx&amp;_nc_gid=AoBFJeGrT1hVaew_6rchkQ&amp;oh=00_AfX7QmFGhQhG2jAllVgXCiM1ZrWgvtp80-Bfppyexh1QEg&amp;oe=689E923C\" \/>\n\t\t<script type=\"application\/ld+json\" class=\"aioseo-schema\">\n\t\t\t{\"@context\":\"https:\\\/\\\/schema.org\",\"@graph\":[{\"@type\":\"BlogPosting\",\"@id\":\"https:\\\/\\\/anoticiaonline.com.br\\\/site\\\/vitor-valverde-recebe-medalha-do-merito-muriaeense-jose-alencar-gomes-da-silva\\\/#blogposting\",\"name\":\"Vitor Valverde recebe medalha do M\\u00e9rito Muriaeense \\u201cJos\\u00e9 Alencar Gomes da Silva\\u201d - A Not\\u00edcia Online\",\"headline\":\"Vitor Valverde recebe medalha do M\\u00e9rito Muriaeense \\u201cJos\\u00e9 Alencar Gomes da Silva\\u201d\",\"author\":{\"@id\":\"https:\\\/\\\/anoticiaonline.com.br\\\/site\\\/author\\\/juliana\\\/#author\"},\"publisher\":{\"@id\":\"https:\\\/\\\/anoticiaonline.com.br\\\/site\\\/#organization\"},\"image\":{\"@type\":\"ImageObject\",\"url\":\"https:\\\/\\\/anoticiaonline.com.br\\\/site\\\/wp-content\\\/uploads\\\/2018\\\/05\\\/DSC_1298.jpg\",\"width\":640,\"height\":433},\"datePublished\":\"2018-05-24T20:27:13-03:00\",\"dateModified\":\"2018-05-24T20:30:06-03:00\",\"inLanguage\":\"pt-BR\",\"mainEntityOfPage\":{\"@id\":\"https:\\\/\\\/anoticiaonline.com.br\\\/site\\\/vitor-valverde-recebe-medalha-do-merito-muriaeense-jose-alencar-gomes-da-silva\\\/#webpage\"},\"isPartOf\":{\"@id\":\"https:\\\/\\\/anoticiaonline.com.br\\\/site\\\/vitor-valverde-recebe-medalha-do-merito-muriaeense-jose-alencar-gomes-da-silva\\\/#webpage\"},\"articleSection\":\"Blog, comandante da Guarda Municipal, Instituto Hist\\u00f3rico e Geogr\\u00e1fico, Jos\\u00e9 Alencar Gomes da Silva, medalha do M\\u00e9rito Muriaeense, medalha do M\\u00e9rito Muriaeense \\u201cJos\\u00e9 Alencar Gomes da Silva\\u201d, M\\u00e9rito Muriaeense \\u201cJos\\u00e9 Alencar Gomes da Silva\\u201d, Secretaria de Estado de Sa\\u00fade, secret\\u00e1rio municipal de Governo e adjunto de Planejamento e Gest\\u00e3o, secret\\u00e1rio municipal de Inform\\u00e1tica e de Administra\\u00e7\\u00e3o e Recursos Humanos em Juiz de Fora, Vitor Valverde\"},{\"@type\":\"BreadcrumbList\",\"@id\":\"https:\\\/\\\/anoticiaonline.com.br\\\/site\\\/vitor-valverde-recebe-medalha-do-merito-muriaeense-jose-alencar-gomes-da-silva\\\/#breadcrumblist\",\"itemListElement\":[{\"@type\":\"ListItem\",\"@id\":\"https:\\\/\\\/anoticiaonline.com.br\\\/site#listItem\",\"position\":1,\"name\":\"Home\",\"item\":\"https:\\\/\\\/anoticiaonline.com.br\\\/site\",\"nextItem\":{\"@type\":\"ListItem\",\"@id\":\"https:\\\/\\\/anoticiaonline.com.br\\\/site\\\/categoria\\\/muriae\\\/#listItem\",\"name\":\"Blog\"}},{\"@type\":\"ListItem\",\"@id\":\"https:\\\/\\\/anoticiaonline.com.br\\\/site\\\/categoria\\\/muriae\\\/#listItem\",\"position\":2,\"name\":\"Blog\",\"item\":\"https:\\\/\\\/anoticiaonline.com.br\\\/site\\\/categoria\\\/muriae\\\/\",\"nextItem\":{\"@type\":\"ListItem\",\"@id\":\"https:\\\/\\\/anoticiaonline.com.br\\\/site\\\/vitor-valverde-recebe-medalha-do-merito-muriaeense-jose-alencar-gomes-da-silva\\\/#listItem\",\"name\":\"Vitor Valverde recebe medalha do M\\u00e9rito Muriaeense \\u201cJos\\u00e9 Alencar Gomes da Silva\\u201d\"},\"previousItem\":{\"@type\":\"ListItem\",\"@id\":\"https:\\\/\\\/anoticiaonline.com.br\\\/site#listItem\",\"name\":\"Home\"}},{\"@type\":\"ListItem\",\"@id\":\"https:\\\/\\\/anoticiaonline.com.br\\\/site\\\/vitor-valverde-recebe-medalha-do-merito-muriaeense-jose-alencar-gomes-da-silva\\\/#listItem\",\"position\":3,\"name\":\"Vitor Valverde recebe medalha do M\\u00e9rito Muriaeense \\u201cJos\\u00e9 Alencar Gomes da Silva\\u201d\",\"previousItem\":{\"@type\":\"ListItem\",\"@id\":\"https:\\\/\\\/anoticiaonline.com.br\\\/site\\\/categoria\\\/muriae\\\/#listItem\",\"name\":\"Blog\"}}]},{\"@type\":\"Organization\",\"@id\":\"https:\\\/\\\/anoticiaonline.com.br\\\/site\\\/#organization\",\"name\":\"A Not\\u00edcia Online\",\"description\":\"Noticias de Muria\\u00e9 e regi\\u00e3o\",\"url\":\"https:\\\/\\\/anoticiaonline.com.br\\\/site\\\/\",\"logo\":{\"@type\":\"ImageObject\",\"url\":\"https:\\\/\\\/scontent-gig4-1.xx.fbcdn.net\\\/v\\\/t39.30808-1\\\/270437624_4564083193639691_6907940295614233970_n.jpg?stp=dst-jpg_s200x200_tt6&_nc_cat=111&ccb=1-7&_nc_sid=f907e8&_nc_ohc=SM1wRlP3lJwQ7kNvwEPuBYA&_nc_oc=AdnqrjDN_BNjSSHWO-GbkIWH6fkGMLw4bqvL_NH6e2wMveX7G-rP2dAqsDSq1mJMOaY&_nc_zt=24&_nc_ht=scontent-gig4-1.xx&_nc_gid=AoBFJeGrT1hVaew_6rchkQ&oh=00_AfX7QmFGhQhG2jAllVgXCiM1ZrWgvtp80-Bfppyexh1QEg&oe=689E923C\",\"@id\":\"https:\\\/\\\/anoticiaonline.com.br\\\/site\\\/vitor-valverde-recebe-medalha-do-merito-muriaeense-jose-alencar-gomes-da-silva\\\/#organizationLogo\"},\"image\":{\"@id\":\"https:\\\/\\\/anoticiaonline.com.br\\\/site\\\/vitor-valverde-recebe-medalha-do-merito-muriaeense-jose-alencar-gomes-da-silva\\\/#organizationLogo\"}},{\"@type\":\"Person\",\"@id\":\"https:\\\/\\\/anoticiaonline.com.br\\\/site\\\/author\\\/juliana\\\/#author\",\"url\":\"https:\\\/\\\/anoticiaonline.com.br\\\/site\\\/author\\\/juliana\\\/\",\"name\":\"Juliana Laviola\",\"image\":{\"@type\":\"ImageObject\",\"@id\":\"https:\\\/\\\/anoticiaonline.com.br\\\/site\\\/vitor-valverde-recebe-medalha-do-merito-muriaeense-jose-alencar-gomes-da-silva\\\/#authorImage\",\"url\":\"https:\\\/\\\/secure.gravatar.com\\\/avatar\\\/b8d45f5c699b100dfaf0e543582f38f38bf94cb7ae3a5e9abf8d891a34773335?s=96&d=mm&r=g\",\"width\":96,\"height\":96,\"caption\":\"Juliana Laviola\"}},{\"@type\":\"WebPage\",\"@id\":\"https:\\\/\\\/anoticiaonline.com.br\\\/site\\\/vitor-valverde-recebe-medalha-do-merito-muriaeense-jose-alencar-gomes-da-silva\\\/#webpage\",\"url\":\"https:\\\/\\\/anoticiaonline.com.br\\\/site\\\/vitor-valverde-recebe-medalha-do-merito-muriaeense-jose-alencar-gomes-da-silva\\\/\",\"name\":\"Vitor Valverde recebe medalha do M\\u00e9rito Muriaeense \\u201cJos\\u00e9 Alencar Gomes da Silva\\u201d - A Not\\u00edcia Online\",\"description\":\"Vitor Valverde recebeu, na noite de quarta-feira (16), a medalha do M\\u00e9rito Muriaeense \\u201cJos\\u00e9 Alencar Gomes da Silva\\u201d. A condecora\\u00e7\\u00e3o, criada em 2013, \\u00e9 concedida anualmente a pessoas que tenham contribu\\u00eddo para o desenvolvimento de Muria\\u00e9, em comemora\\u00e7\\u00e3o pelos 163 anos de emancipa\\u00e7\\u00e3o pol\\u00edtico-administrativa da cidade. Mesmo ainda bastante jovem Vitor Valverde acumula experi\\u00eancias em\",\"inLanguage\":\"pt-BR\",\"isPartOf\":{\"@id\":\"https:\\\/\\\/anoticiaonline.com.br\\\/site\\\/#website\"},\"breadcrumb\":{\"@id\":\"https:\\\/\\\/anoticiaonline.com.br\\\/site\\\/vitor-valverde-recebe-medalha-do-merito-muriaeense-jose-alencar-gomes-da-silva\\\/#breadcrumblist\"},\"author\":{\"@id\":\"https:\\\/\\\/anoticiaonline.com.br\\\/site\\\/author\\\/juliana\\\/#author\"},\"creator\":{\"@id\":\"https:\\\/\\\/anoticiaonline.com.br\\\/site\\\/author\\\/juliana\\\/#author\"},\"image\":{\"@type\":\"ImageObject\",\"url\":\"https:\\\/\\\/anoticiaonline.com.br\\\/site\\\/wp-content\\\/uploads\\\/2018\\\/05\\\/DSC_1298.jpg\",\"@id\":\"https:\\\/\\\/anoticiaonline.com.br\\\/site\\\/vitor-valverde-recebe-medalha-do-merito-muriaeense-jose-alencar-gomes-da-silva\\\/#mainImage\",\"width\":640,\"height\":433},\"primaryImageOfPage\":{\"@id\":\"https:\\\/\\\/anoticiaonline.com.br\\\/site\\\/vitor-valverde-recebe-medalha-do-merito-muriaeense-jose-alencar-gomes-da-silva\\\/#mainImage\"},\"datePublished\":\"2018-05-24T20:27:13-03:00\",\"dateModified\":\"2018-05-24T20:30:06-03:00\"},{\"@type\":\"WebSite\",\"@id\":\"https:\\\/\\\/anoticiaonline.com.br\\\/site\\\/#website\",\"url\":\"https:\\\/\\\/anoticiaonline.com.br\\\/site\\\/\",\"name\":\"A Not\\u00edcia Online\",\"description\":\"Noticias de Muria\\u00e9 e regi\\u00e3o\",\"inLanguage\":\"pt-BR\",\"publisher\":{\"@id\":\"https:\\\/\\\/anoticiaonline.com.br\\\/site\\\/#organization\"}}]}\n\t\t<\/script>\n\t\t<!-- All in One SEO -->\n\n","aioseo_head_json":{"title":"Vitor Valverde recebe medalha do M\u00e9rito Muriaeense \u201cJos\u00e9 Alencar Gomes da Silva\u201d - A Not\u00edcia Online","description":"Vitor Valverde recebeu, na noite de quarta-feira (16), a medalha do M\u00e9rito Muriaeense \u201cJos\u00e9 Alencar Gomes da Silva\u201d. A condecora\u00e7\u00e3o, criada em 2013, \u00e9 concedida anualmente a pessoas que tenham contribu\u00eddo para o desenvolvimento de Muria\u00e9, em comemora\u00e7\u00e3o pelos 163 anos de emancipa\u00e7\u00e3o pol\u00edtico-administrativa da cidade. Mesmo ainda bastante jovem Vitor Valverde acumula experi\u00eancias em","canonical_url":"https:\/\/anoticiaonline.com.br\/site\/vitor-valverde-recebe-medalha-do-merito-muriaeense-jose-alencar-gomes-da-silva\/","robots":"max-image-preview:large","keywords":"","webmasterTools":{"miscellaneous":""},"schema":{"@context":"https:\/\/schema.org","@graph":[{"@type":"BlogPosting","@id":"https:\/\/anoticiaonline.com.br\/site\/vitor-valverde-recebe-medalha-do-merito-muriaeense-jose-alencar-gomes-da-silva\/#blogposting","name":"Vitor Valverde recebe medalha do M\u00e9rito Muriaeense \u201cJos\u00e9 Alencar Gomes da Silva\u201d - A Not\u00edcia Online","headline":"Vitor Valverde recebe medalha do M\u00e9rito Muriaeense \u201cJos\u00e9 Alencar Gomes da Silva\u201d","author":{"@id":"https:\/\/anoticiaonline.com.br\/site\/author\/juliana\/#author"},"publisher":{"@id":"https:\/\/anoticiaonline.com.br\/site\/#organization"},"image":{"@type":"ImageObject","url":"https:\/\/anoticiaonline.com.br\/site\/wp-content\/uploads\/2018\/05\/DSC_1298.jpg","width":640,"height":433},"datePublished":"2018-05-24T20:27:13-03:00","dateModified":"2018-05-24T20:30:06-03:00","inLanguage":"pt-BR","mainEntityOfPage":{"@id":"https:\/\/anoticiaonline.com.br\/site\/vitor-valverde-recebe-medalha-do-merito-muriaeense-jose-alencar-gomes-da-silva\/#webpage"},"isPartOf":{"@id":"https:\/\/anoticiaonline.com.br\/site\/vitor-valverde-recebe-medalha-do-merito-muriaeense-jose-alencar-gomes-da-silva\/#webpage"},"articleSection":"Blog, comandante da Guarda Municipal, Instituto Hist\u00f3rico e Geogr\u00e1fico, Jos\u00e9 Alencar Gomes da Silva, medalha do M\u00e9rito Muriaeense, medalha do M\u00e9rito Muriaeense \u201cJos\u00e9 Alencar Gomes da Silva\u201d, M\u00e9rito Muriaeense \u201cJos\u00e9 Alencar Gomes da Silva\u201d, Secretaria de Estado de Sa\u00fade, secret\u00e1rio municipal de Governo e adjunto de Planejamento e Gest\u00e3o, secret\u00e1rio municipal de Inform\u00e1tica e de Administra\u00e7\u00e3o e Recursos Humanos em Juiz de Fora, Vitor Valverde"},{"@type":"BreadcrumbList","@id":"https:\/\/anoticiaonline.com.br\/site\/vitor-valverde-recebe-medalha-do-merito-muriaeense-jose-alencar-gomes-da-silva\/#breadcrumblist","itemListElement":[{"@type":"ListItem","@id":"https:\/\/anoticiaonline.com.br\/site#listItem","position":1,"name":"Home","item":"https:\/\/anoticiaonline.com.br\/site","nextItem":{"@type":"ListItem","@id":"https:\/\/anoticiaonline.com.br\/site\/categoria\/muriae\/#listItem","name":"Blog"}},{"@type":"ListItem","@id":"https:\/\/anoticiaonline.com.br\/site\/categoria\/muriae\/#listItem","position":2,"name":"Blog","item":"https:\/\/anoticiaonline.com.br\/site\/categoria\/muriae\/","nextItem":{"@type":"ListItem","@id":"https:\/\/anoticiaonline.com.br\/site\/vitor-valverde-recebe-medalha-do-merito-muriaeense-jose-alencar-gomes-da-silva\/#listItem","name":"Vitor Valverde recebe medalha do M\u00e9rito Muriaeense \u201cJos\u00e9 Alencar Gomes da Silva\u201d"},"previousItem":{"@type":"ListItem","@id":"https:\/\/anoticiaonline.com.br\/site#listItem","name":"Home"}},{"@type":"ListItem","@id":"https:\/\/anoticiaonline.com.br\/site\/vitor-valverde-recebe-medalha-do-merito-muriaeense-jose-alencar-gomes-da-silva\/#listItem","position":3,"name":"Vitor Valverde recebe medalha do M\u00e9rito Muriaeense \u201cJos\u00e9 Alencar Gomes da Silva\u201d","previousItem":{"@type":"ListItem","@id":"https:\/\/anoticiaonline.com.br\/site\/categoria\/muriae\/#listItem","name":"Blog"}}]},{"@type":"Organization","@id":"https:\/\/anoticiaonline.com.br\/site\/#organization","name":"A Not\u00edcia Online","description":"Noticias de Muria\u00e9 e regi\u00e3o","url":"https:\/\/anoticiaonline.com.br\/site\/","logo":{"@type":"ImageObject","url":"https:\/\/scontent-gig4-1.xx.fbcdn.net\/v\/t39.30808-1\/270437624_4564083193639691_6907940295614233970_n.jpg?stp=dst-jpg_s200x200_tt6&_nc_cat=111&ccb=1-7&_nc_sid=f907e8&_nc_ohc=SM1wRlP3lJwQ7kNvwEPuBYA&_nc_oc=AdnqrjDN_BNjSSHWO-GbkIWH6fkGMLw4bqvL_NH6e2wMveX7G-rP2dAqsDSq1mJMOaY&_nc_zt=24&_nc_ht=scontent-gig4-1.xx&_nc_gid=AoBFJeGrT1hVaew_6rchkQ&oh=00_AfX7QmFGhQhG2jAllVgXCiM1ZrWgvtp80-Bfppyexh1QEg&oe=689E923C","@id":"https:\/\/anoticiaonline.com.br\/site\/vitor-valverde-recebe-medalha-do-merito-muriaeense-jose-alencar-gomes-da-silva\/#organizationLogo"},"image":{"@id":"https:\/\/anoticiaonline.com.br\/site\/vitor-valverde-recebe-medalha-do-merito-muriaeense-jose-alencar-gomes-da-silva\/#organizationLogo"}},{"@type":"Person","@id":"https:\/\/anoticiaonline.com.br\/site\/author\/juliana\/#author","url":"https:\/\/anoticiaonline.com.br\/site\/author\/juliana\/","name":"Juliana Laviola","image":{"@type":"ImageObject","@id":"https:\/\/anoticiaonline.com.br\/site\/vitor-valverde-recebe-medalha-do-merito-muriaeense-jose-alencar-gomes-da-silva\/#authorImage","url":"https:\/\/secure.gravatar.com\/avatar\/b8d45f5c699b100dfaf0e543582f38f38bf94cb7ae3a5e9abf8d891a34773335?s=96&d=mm&r=g","width":96,"height":96,"caption":"Juliana Laviola"}},{"@type":"WebPage","@id":"https:\/\/anoticiaonline.com.br\/site\/vitor-valverde-recebe-medalha-do-merito-muriaeense-jose-alencar-gomes-da-silva\/#webpage","url":"https:\/\/anoticiaonline.com.br\/site\/vitor-valverde-recebe-medalha-do-merito-muriaeense-jose-alencar-gomes-da-silva\/","name":"Vitor Valverde recebe medalha do M\u00e9rito Muriaeense \u201cJos\u00e9 Alencar Gomes da Silva\u201d - A Not\u00edcia Online","description":"Vitor Valverde recebeu, na noite de quarta-feira (16), a medalha do M\u00e9rito Muriaeense \u201cJos\u00e9 Alencar Gomes da Silva\u201d. A condecora\u00e7\u00e3o, criada em 2013, \u00e9 concedida anualmente a pessoas que tenham contribu\u00eddo para o desenvolvimento de Muria\u00e9, em comemora\u00e7\u00e3o pelos 163 anos de emancipa\u00e7\u00e3o pol\u00edtico-administrativa da cidade. Mesmo ainda bastante jovem Vitor Valverde acumula experi\u00eancias em","inLanguage":"pt-BR","isPartOf":{"@id":"https:\/\/anoticiaonline.com.br\/site\/#website"},"breadcrumb":{"@id":"https:\/\/anoticiaonline.com.br\/site\/vitor-valverde-recebe-medalha-do-merito-muriaeense-jose-alencar-gomes-da-silva\/#breadcrumblist"},"author":{"@id":"https:\/\/anoticiaonline.com.br\/site\/author\/juliana\/#author"},"creator":{"@id":"https:\/\/anoticiaonline.com.br\/site\/author\/juliana\/#author"},"image":{"@type":"ImageObject","url":"https:\/\/anoticiaonline.com.br\/site\/wp-content\/uploads\/2018\/05\/DSC_1298.jpg","@id":"https:\/\/anoticiaonline.com.br\/site\/vitor-valverde-recebe-medalha-do-merito-muriaeense-jose-alencar-gomes-da-silva\/#mainImage","width":640,"height":433},"primaryImageOfPage":{"@id":"https:\/\/anoticiaonline.com.br\/site\/vitor-valverde-recebe-medalha-do-merito-muriaeense-jose-alencar-gomes-da-silva\/#mainImage"},"datePublished":"2018-05-24T20:27:13-03:00","dateModified":"2018-05-24T20:30:06-03:00"},{"@type":"WebSite","@id":"https:\/\/anoticiaonline.com.br\/site\/#website","url":"https:\/\/anoticiaonline.com.br\/site\/","name":"A Not\u00edcia Online","description":"Noticias de Muria\u00e9 e regi\u00e3o","inLanguage":"pt-BR","publisher":{"@id":"https:\/\/anoticiaonline.com.br\/site\/#organization"}}]},"og:locale":"pt_BR","og:site_name":"A Not\u00edcia Online - Noticias de Muria\u00e9 e regi\u00e3o","og:type":"article","og:title":"Vitor Valverde recebe medalha do M\u00e9rito Muriaeense \u201cJos\u00e9 Alencar Gomes da Silva\u201d - A Not\u00edcia Online","og:description":"Vitor Valverde recebeu, na noite de quarta-feira (16), a medalha do M\u00e9rito Muriaeense \u201cJos\u00e9 Alencar Gomes da Silva\u201d. A condecora\u00e7\u00e3o, criada em 2013, \u00e9 concedida anualmente a pessoas que tenham contribu\u00eddo para o desenvolvimento de Muria\u00e9, em comemora\u00e7\u00e3o pelos 163 anos de emancipa\u00e7\u00e3o pol\u00edtico-administrativa da cidade. Mesmo ainda bastante jovem Vitor Valverde acumula experi\u00eancias em","og:url":"https:\/\/anoticiaonline.com.br\/site\/vitor-valverde-recebe-medalha-do-merito-muriaeense-jose-alencar-gomes-da-silva\/","og:image":"https:\/\/scontent-gig4-1.xx.fbcdn.net\/v\/t39.30808-1\/270437624_4564083193639691_6907940295614233970_n.jpg?stp=dst-jpg_s200x200_tt6&#038;_nc_cat=111&#038;ccb=1-7&#038;_nc_sid=f907e8&#038;_nc_ohc=SM1wRlP3lJwQ7kNvwEPuBYA&#038;_nc_oc=AdnqrjDN_BNjSSHWO-GbkIWH6fkGMLw4bqvL_NH6e2wMveX7G-rP2dAqsDSq1mJMOaY&#038;_nc_zt=24&#038;_nc_ht=scontent-gig4-1.xx&#038;_nc_gid=AoBFJeGrT1hVaew_6rchkQ&#038;oh=00_AfX7QmFGhQhG2jAllVgXCiM1ZrWgvtp80-Bfppyexh1QEg&#038;oe=689E923C","og:image:secure_url":"https:\/\/scontent-gig4-1.xx.fbcdn.net\/v\/t39.30808-1\/270437624_4564083193639691_6907940295614233970_n.jpg?stp=dst-jpg_s200x200_tt6&#038;_nc_cat=111&#038;ccb=1-7&#038;_nc_sid=f907e8&#038;_nc_ohc=SM1wRlP3lJwQ7kNvwEPuBYA&#038;_nc_oc=AdnqrjDN_BNjSSHWO-GbkIWH6fkGMLw4bqvL_NH6e2wMveX7G-rP2dAqsDSq1mJMOaY&#038;_nc_zt=24&#038;_nc_ht=scontent-gig4-1.xx&#038;_nc_gid=AoBFJeGrT1hVaew_6rchkQ&#038;oh=00_AfX7QmFGhQhG2jAllVgXCiM1ZrWgvtp80-Bfppyexh1QEg&#038;oe=689E923C","article:published_time":"2018-05-24T23:27:13+00:00","article:modified_time":"2018-05-24T23:30:06+00:00","twitter:card":"summary_large_image","twitter:title":"Vitor Valverde recebe medalha do M\u00e9rito Muriaeense \u201cJos\u00e9 Alencar Gomes da Silva\u201d - A Not\u00edcia Online","twitter:description":"Vitor Valverde recebeu, na noite de quarta-feira (16), a medalha do M\u00e9rito Muriaeense \u201cJos\u00e9 Alencar Gomes da Silva\u201d. A condecora\u00e7\u00e3o, criada em 2013, \u00e9 concedida anualmente a pessoas que tenham contribu\u00eddo para o desenvolvimento de Muria\u00e9, em comemora\u00e7\u00e3o pelos 163 anos de emancipa\u00e7\u00e3o pol\u00edtico-administrativa da cidade. Mesmo ainda bastante jovem Vitor Valverde acumula experi\u00eancias em","twitter:image":"https:\/\/scontent-gig4-1.xx.fbcdn.net\/v\/t39.30808-1\/270437624_4564083193639691_6907940295614233970_n.jpg?stp=dst-jpg_s200x200_tt6&_nc_cat=111&ccb=1-7&_nc_sid=f907e8&_nc_ohc=SM1wRlP3lJwQ7kNvwEPuBYA&_nc_oc=AdnqrjDN_BNjSSHWO-GbkIWH6fkGMLw4bqvL_NH6e2wMveX7G-rP2dAqsDSq1mJMOaY&_nc_zt=24&_nc_ht=scontent-gig4-1.xx&_nc_gid=AoBFJeGrT1hVaew_6rchkQ&oh=00_AfX7QmFGhQhG2jAllVgXCiM1ZrWgvtp80-Bfppyexh1QEg&oe=689E923C"},"aioseo_meta_data":{"post_id":"56545","title":null,"description":null,"keywords":null,"keyphrases":null,"primary_term":null,"canonical_url":null,"og_title":null,"og_description":null,"og_object_type":"default","og_image_type":"default","og_image_url":null,"og_image_width":null,"og_image_height":null,"og_image_custom_url":null,"og_image_custom_fields":null,"og_video":null,"og_custom_url":null,"og_article_section":null,"og_article_tags":null,"twitter_use_og":false,"twitter_card":"default","twitter_image_type":"default","twitter_image_url":null,"twitter_image_custom_url":null,"twitter_image_custom_fields":null,"twitter_title":null,"twitter_description":null,"schema":{"blockGraphs":[],"customGraphs":[],"default":{"data":{"Article":[],"Course":[],"Dataset":[],"FAQPage":[],"Movie":[],"Person":[],"Product":[],"ProductReview":[],"Car":[],"Recipe":[],"Service":[],"SoftwareApplication":[],"WebPage":[]},"graphName":"","isEnabled":true},"graphs":[]},"schema_type":"default","schema_type_options":null,"pillar_content":false,"robots_default":true,"robots_noindex":false,"robots_noarchive":false,"robots_nosnippet":false,"robots_nofollow":false,"robots_noimageindex":false,"robots_noodp":false,"robots_notranslate":false,"robots_max_snippet":null,"robots_max_videopreview":null,"robots_max_imagepreview":"large","priority":null,"frequency":null,"local_seo":null,"breadcrumb_settings":null,"limit_modified_date":false,"ai":null,"created":"2025-08-16 20:56:30","updated":"2025-08-16 20:56:30","focus_keyword":null,"additional_keywords":null,"truseo_locale":null,"seo_analyzer_scan_date":null},"aioseo_breadcrumb":"<div class=\"aioseo-breadcrumbs\"><span class=\"aioseo-breadcrumb\">\n\t\t\t<a href=\"https:\/\/anoticiaonline.com.br\/site\" title=\"Home\">Home<\/a>\n\t\t<\/span><span class=\"aioseo-breadcrumb-separator\">&raquo;<\/span><span class=\"aioseo-breadcrumb\">\n\t\t\t<a href=\"https:\/\/anoticiaonline.com.br\/site\/categoria\/muriae\/\" title=\"Blog\">Blog<\/a>\n\t\t<\/span><span class=\"aioseo-breadcrumb-separator\">&raquo;<\/span><span class=\"aioseo-breadcrumb\">\n\t\t\tVitor Valverde recebe medalha do M\u00e9rito Muriaeense \u201cJos\u00e9 Alencar Gomes da Silva\u201d\n\t\t<\/span><\/div>","aioseo_breadcrumb_json":[{"label":"Home","link":"https:\/\/anoticiaonline.com.br\/site"},{"label":"Blog","link":"https:\/\/anoticiaonline.com.br\/site\/categoria\/muriae\/"},{"label":"Vitor Valverde recebe medalha do M\u00e9rito Muriaeense \u201cJos\u00e9 Alencar Gomes da Silva\u201d","link":"https:\/\/anoticiaonline.com.br\/site\/vitor-valverde-recebe-medalha-do-merito-muriaeense-jose-alencar-gomes-da-silva\/"}],"views":175,"_links":{"self":[{"href":"https:\/\/anoticiaonline.com.br\/site\/wp-json\/wp\/v2\/posts\/56545","targetHints":{"allow":["GET"]}}],"collection":[{"href":"https:\/\/anoticiaonline.com.br\/site\/wp-json\/wp\/v2\/posts"}],"about":[{"href":"https:\/\/anoticiaonline.com.br\/site\/wp-json\/wp\/v2\/types\/post"}],"author":[{"embeddable":true,"href":"https:\/\/anoticiaonline.com.br\/site\/wp-json\/wp\/v2\/users\/2"}],"replies":[{"embeddable":true,"href":"https:\/\/anoticiaonline.com.br\/site\/wp-json\/wp\/v2\/comments?post=56545"}],"version-history":[{"count":0,"href":"https:\/\/anoticiaonline.com.br\/site\/wp-json\/wp\/v2\/posts\/56545\/revisions"}],"wp:featuredmedia":[{"embeddable":true,"href":"https:\/\/anoticiaonline.com.br\/site\/wp-json\/wp\/v2\/media\/56556"}],"wp:attachment":[{"href":"https:\/\/anoticiaonline.com.br\/site\/wp-json\/wp\/v2\/media?parent=56545"}],"wp:term":[{"taxonomy":"category","embeddable":true,"href":"https:\/\/anoticiaonline.com.br\/site\/wp-json\/wp\/v2\/categories?post=56545"},{"taxonomy":"post_tag","embeddable":true,"href":"https:\/\/anoticiaonline.com.br\/site\/wp-json\/wp\/v2\/tags?post=56545"}],"curies":[{"name":"wp","href":"https:\/\/api.w.org\/{rel}","templated":true}]}}