{"id":56452,"date":"2018-05-24T19:37:58","date_gmt":"2018-05-24T22:37:58","guid":{"rendered":"http:\/\/anoticiaonline.com.br\/site\/?p=56452"},"modified":"2018-05-24T19:38:43","modified_gmt":"2018-05-24T22:38:43","slug":"mais-vida-e-inaugurada-em-muriae","status":"publish","type":"post","link":"https:\/\/anoticiaonline.com.br\/site\/mais-vida-e-inaugurada-em-muriae\/","title":{"rendered":"Mais Vida \u00e9 inaugurada em Muria\u00e9"},"content":{"rendered":"<p><a href=\"https:\/\/anoticiaonline.com.br\/site\/wp-content\/uploads\/2018\/05\/4c119cd2-8be9-4b9f-8ee4-d1fb22c5ec8e.jpg\"><img fetchpriority=\"high\" decoding=\"async\" class=\"aligncenter size-full wp-image-56464\" src=\"https:\/\/anoticiaonline.com.br\/site\/wp-content\/uploads\/2018\/05\/4c119cd2-8be9-4b9f-8ee4-d1fb22c5ec8e.jpg\" alt=\"\" width=\"640\" height=\"480\" srcset=\"https:\/\/anoticiaonline.com.br\/site\/wp-content\/uploads\/2018\/05\/4c119cd2-8be9-4b9f-8ee4-d1fb22c5ec8e.jpg 640w, https:\/\/anoticiaonline.com.br\/site\/wp-content\/uploads\/2018\/05\/4c119cd2-8be9-4b9f-8ee4-d1fb22c5ec8e-300x225.jpg 300w\" sizes=\"(max-width: 640px) 100vw, 640px\" \/><\/a><a href=\"https:\/\/anoticiaonline.com.br\/site\/wp-content\/uploads\/2018\/05\/9fd890ee-57d8-4205-8e61-09a8d87b4f03.jpg\"><img decoding=\"async\" class=\"aligncenter size-full wp-image-56466\" src=\"https:\/\/anoticiaonline.com.br\/site\/wp-content\/uploads\/2018\/05\/9fd890ee-57d8-4205-8e61-09a8d87b4f03.jpg\" alt=\"\" width=\"480\" height=\"640\" srcset=\"https:\/\/anoticiaonline.com.br\/site\/wp-content\/uploads\/2018\/05\/9fd890ee-57d8-4205-8e61-09a8d87b4f03.jpg 480w, https:\/\/anoticiaonline.com.br\/site\/wp-content\/uploads\/2018\/05\/9fd890ee-57d8-4205-8e61-09a8d87b4f03-225x300.jpg 225w\" sizes=\"(max-width: 480px) 100vw, 480px\" \/><\/a><a href=\"https:\/\/anoticiaonline.com.br\/site\/wp-content\/uploads\/2018\/05\/3456932c-ef6a-47ea-9e18-18e7103921b0.jpg\"><img decoding=\"async\" class=\"aligncenter size-full wp-image-56469\" src=\"https:\/\/anoticiaonline.com.br\/site\/wp-content\/uploads\/2018\/05\/3456932c-ef6a-47ea-9e18-18e7103921b0.jpg\" alt=\"\" width=\"640\" height=\"480\" srcset=\"https:\/\/anoticiaonline.com.br\/site\/wp-content\/uploads\/2018\/05\/3456932c-ef6a-47ea-9e18-18e7103921b0.jpg 640w, https:\/\/anoticiaonline.com.br\/site\/wp-content\/uploads\/2018\/05\/3456932c-ef6a-47ea-9e18-18e7103921b0-300x225.jpg 300w\" sizes=\"(max-width: 640px) 100vw, 640px\" \/><\/a><a href=\"https:\/\/anoticiaonline.com.br\/site\/wp-content\/uploads\/2018\/05\/ce74f70e-1e3d-4189-af3e-9c8794a2a5d3.jpg\"><img loading=\"lazy\" decoding=\"async\" class=\"aligncenter size-full wp-image-56475\" src=\"https:\/\/anoticiaonline.com.br\/site\/wp-content\/uploads\/2018\/05\/ce74f70e-1e3d-4189-af3e-9c8794a2a5d3.jpg\" alt=\"\" width=\"480\" height=\"640\" srcset=\"https:\/\/anoticiaonline.com.br\/site\/wp-content\/uploads\/2018\/05\/ce74f70e-1e3d-4189-af3e-9c8794a2a5d3.jpg 480w, https:\/\/anoticiaonline.com.br\/site\/wp-content\/uploads\/2018\/05\/ce74f70e-1e3d-4189-af3e-9c8794a2a5d3-225x300.jpg 225w\" sizes=\"(max-width: 480px) 100vw, 480px\" \/><\/a> <a href=\"https:\/\/anoticiaonline.com.br\/site\/wp-content\/uploads\/2018\/05\/d6448b5c-478d-45a7-a8c3-7afa3a2b22c7.jpg\"><img loading=\"lazy\" decoding=\"async\" class=\"aligncenter size-full wp-image-56478\" src=\"https:\/\/anoticiaonline.com.br\/site\/wp-content\/uploads\/2018\/05\/d6448b5c-478d-45a7-a8c3-7afa3a2b22c7.jpg\" alt=\"\" width=\"480\" height=\"640\" srcset=\"https:\/\/anoticiaonline.com.br\/site\/wp-content\/uploads\/2018\/05\/d6448b5c-478d-45a7-a8c3-7afa3a2b22c7.jpg 480w, https:\/\/anoticiaonline.com.br\/site\/wp-content\/uploads\/2018\/05\/d6448b5c-478d-45a7-a8c3-7afa3a2b22c7-225x300.jpg 225w\" sizes=\"(max-width: 480px) 100vw, 480px\" \/><\/a><a href=\"https:\/\/anoticiaonline.com.br\/site\/wp-content\/uploads\/2018\/05\/fd92cd8b-22d8-4438-b289-b32cb24a18b2.jpg\"><img loading=\"lazy\" decoding=\"async\" class=\"aligncenter size-full wp-image-56483\" src=\"https:\/\/anoticiaonline.com.br\/site\/wp-content\/uploads\/2018\/05\/fd92cd8b-22d8-4438-b289-b32cb24a18b2.jpg\" alt=\"\" width=\"480\" height=\"640\" srcset=\"https:\/\/anoticiaonline.com.br\/site\/wp-content\/uploads\/2018\/05\/fd92cd8b-22d8-4438-b289-b32cb24a18b2.jpg 480w, https:\/\/anoticiaonline.com.br\/site\/wp-content\/uploads\/2018\/05\/fd92cd8b-22d8-4438-b289-b32cb24a18b2-225x300.jpg 225w\" sizes=\"(max-width: 480px) 100vw, 480px\" \/><\/a>A Mais Vida, especializada em alimentos fitness e suplementos, foi inaugurada na manh\u00e3 de quarta-feira (23), no centro de Muria\u00e9, em um ambiente agrad\u00e1vel e bem localizado. Na ocasi\u00e3o, foram servidas v\u00e1rias del\u00edcias saud\u00e1veis para clientes e amigos degustarem durante a apresenta\u00e7\u00e3o do empreendimento, que \u00e9, sem d\u00favida, um novo conceito para quem deseja manter a boa forma, cuidar da sa\u00fade e do bem-estar.<\/p>\n<p>De propriedade da empres\u00e1ria Priscila Presley Santana Alves, a loja oferecer\u00e1 doces, bolos e salgados com baixa caloria, alimentos para veganos e vegetarianos, vitaminas e produtos de reposi\u00e7\u00e3o hormonal, como a melatonina em c\u00e1psula, que auxilia na regula\u00e7\u00e3o do sono. \u201cTemos tamb\u00e9m uma grande variedade de suplementos e pre\u00e7os acess\u00edveis para todos os p\u00fablicos, tanto para aqueles que praticam atividades f\u00edsicas ou para os que possuem alguma restri\u00e7\u00e3o alimentar\u201d, conta.<\/p>\n<p>Na semana de inaugura\u00e7\u00e3o, a Mais Vida est\u00e1 oferecendo 15% de desconto \u00e0 vista e 10% no cart\u00e3o de cr\u00e9dito em toda a sua linha de produtos nacionais e importados. \u201cNossa inten\u00e7\u00e3o \u00e9 que todos possam vir conhecer nossas novidade<strong>s<\/strong>. Aproveito a oportunidade para agradecer aqueles que j\u00e1 estiveram conosco durante nosso evento de inaugura\u00e7\u00e3o e tamb\u00e9m pelas mensagens de incentivo em nossas redes sociais\u201d, diz.<\/p>\n<p>A Mais Vida est\u00e1 localizada na Avenida Constantino Pinto, n\u00famero 217, loja A e envia produtos para todo o pa\u00eds. Hor\u00e1rio de funcionamento: de segunda a sexta-feira, das 9h \u00e0s 19h e, aos s\u00e1bados, das 9h \u00e0s 14h. Instagram: @lojamaisvida_. Whatsapp: (32) 99811-5342. Telefone: (32) 3721-6395.<\/p>\n<p><a href=\"https:\/\/anoticiaonline.com.br\/site\/wp-content\/uploads\/2018\/05\/18dc576b-8646-4275-be54-a5cc182b8394.jpg\"><img loading=\"lazy\" decoding=\"async\" class=\"aligncenter size-full wp-image-56467\" src=\"https:\/\/anoticiaonline.com.br\/site\/wp-content\/uploads\/2018\/05\/18dc576b-8646-4275-be54-a5cc182b8394.jpg\" alt=\"\" width=\"640\" height=\"480\" srcset=\"https:\/\/anoticiaonline.com.br\/site\/wp-content\/uploads\/2018\/05\/18dc576b-8646-4275-be54-a5cc182b8394.jpg 640w, https:\/\/anoticiaonline.com.br\/site\/wp-content\/uploads\/2018\/05\/18dc576b-8646-4275-be54-a5cc182b8394-300x225.jpg 300w\" sizes=\"(max-width: 640px) 100vw, 640px\" \/><\/a><\/p>\n<p><a href=\"https:\/\/anoticiaonline.com.br\/site\/wp-content\/uploads\/2018\/05\/e6f539e1-701c-4fce-9a1d-ec1d92be5deb.jpg\"><img loading=\"lazy\" decoding=\"async\" class=\"aligncenter size-full wp-image-56482\" src=\"https:\/\/anoticiaonline.com.br\/site\/wp-content\/uploads\/2018\/05\/e6f539e1-701c-4fce-9a1d-ec1d92be5deb.jpg\" alt=\"\" width=\"480\" height=\"640\" srcset=\"https:\/\/anoticiaonline.com.br\/site\/wp-content\/uploads\/2018\/05\/e6f539e1-701c-4fce-9a1d-ec1d92be5deb.jpg 480w, https:\/\/anoticiaonline.com.br\/site\/wp-content\/uploads\/2018\/05\/e6f539e1-701c-4fce-9a1d-ec1d92be5deb-225x300.jpg 225w\" sizes=\"(max-width: 480px) 100vw, 480px\" \/><\/a><a href=\"https:\/\/anoticiaonline.com.br\/site\/wp-content\/uploads\/2018\/05\/aba7f132-d0aa-49a9-82c6-ca33e4e690a4.jpg\"><img loading=\"lazy\" decoding=\"async\" class=\"aligncenter size-full wp-image-56470\" src=\"https:\/\/anoticiaonline.com.br\/site\/wp-content\/uploads\/2018\/05\/aba7f132-d0aa-49a9-82c6-ca33e4e690a4.jpg\" alt=\"\" width=\"640\" height=\"480\" srcset=\"https:\/\/anoticiaonline.com.br\/site\/wp-content\/uploads\/2018\/05\/aba7f132-d0aa-49a9-82c6-ca33e4e690a4.jpg 640w, https:\/\/anoticiaonline.com.br\/site\/wp-content\/uploads\/2018\/05\/aba7f132-d0aa-49a9-82c6-ca33e4e690a4-300x225.jpg 300w\" sizes=\"(max-width: 640px) 100vw, 640px\" \/><\/a><\/p>\n<p><a href=\"https:\/\/anoticiaonline.com.br\/site\/wp-content\/uploads\/2018\/05\/2a0489ad-8a3d-42cb-85e2-edbef9eedb02.jpg\"><img loading=\"lazy\" decoding=\"async\" class=\"aligncenter size-full wp-image-56463\" src=\"https:\/\/anoticiaonline.com.br\/site\/wp-content\/uploads\/2018\/05\/2a0489ad-8a3d-42cb-85e2-edbef9eedb02.jpg\" alt=\"\" width=\"640\" height=\"480\" srcset=\"https:\/\/anoticiaonline.com.br\/site\/wp-content\/uploads\/2018\/05\/2a0489ad-8a3d-42cb-85e2-edbef9eedb02.jpg 640w, https:\/\/anoticiaonline.com.br\/site\/wp-content\/uploads\/2018\/05\/2a0489ad-8a3d-42cb-85e2-edbef9eedb02-300x225.jpg 300w\" sizes=\"(max-width: 640px) 100vw, 640px\" \/><\/a><a href=\"https:\/\/anoticiaonline.com.br\/site\/wp-content\/uploads\/2018\/05\/058924a4-cab4-4d15-a91f-342d1ae3f285.jpg\"><img loading=\"lazy\" decoding=\"async\" class=\"aligncenter size-full wp-image-56468\" src=\"https:\/\/anoticiaonline.com.br\/site\/wp-content\/uploads\/2018\/05\/058924a4-cab4-4d15-a91f-342d1ae3f285.jpg\" alt=\"\" width=\"480\" height=\"640\" srcset=\"https:\/\/anoticiaonline.com.br\/site\/wp-content\/uploads\/2018\/05\/058924a4-cab4-4d15-a91f-342d1ae3f285.jpg 480w, https:\/\/anoticiaonline.com.br\/site\/wp-content\/uploads\/2018\/05\/058924a4-cab4-4d15-a91f-342d1ae3f285-225x300.jpg 225w\" sizes=\"(max-width: 480px) 100vw, 480px\" \/><\/a><\/p>\n","protected":false},"excerpt":{"rendered":"<p>A Mais Vida, especializada em alimentos fitness e suplementos, foi inaugurada na manh\u00e3 de quarta-feira (23), no centro de Muria\u00e9, em um ambiente agrad\u00e1vel e bem localizado. Na ocasi\u00e3o, foram servidas v\u00e1rias del\u00edcias saud\u00e1veis para clientes e amigos degustarem durante a apresenta\u00e7\u00e3o do empreendimento, que \u00e9, sem d\u00favida, um novo conceito para quem deseja manter &#8230; <a title=\"Mais Vida \u00e9 inaugurada em Muria\u00e9\" class=\"read-more\" href=\"https:\/\/anoticiaonline.com.br\/site\/mais-vida-e-inaugurada-em-muriae\/\" aria-label=\"Read more about Mais Vida \u00e9 inaugurada em Muria\u00e9\">Ler mais<\/a><\/p>\n","protected":false},"author":2,"featured_media":56464,"comment_status":"open","ping_status":"open","sticky":false,"template":"","format":"standard","meta":{"_acf_changed":false,"_monsterinsights_skip_tracking":false,"footnotes":""},"categories":[1],"tags":[2659,2666,805,2662,2661,1276,2663,2665,2664,2658,2668,2669,2667,2095,2660],"class_list":["post-56452","post","type-post","status-publish","format-standard","has-post-thumbnail","hentry","category-gerais","tag-alimentos-fitness","tag-alimentos-para-veganos","tag-avenida-constantino-pinto","tag-bolos-com-baixa-caloria","tag-bolos-e-salgados-com-baixa-caloria","tag-doces","tag-doces-com-baixa-caloria","tag-instagram","tag-lojamaisvida","tag-mais-vida","tag-melatonina-em-capsula","tag-regulacao-do-sono","tag-reposicao-hormonal","tag-suplementos","tag-suplementos-muriae"],"acf":[],"aioseo_notices":[],"aioseo_head":"\n\t\t<!-- All in One SEO 5.0.0.1 - aioseo.com -->\n\t<meta name=\"description\" content=\"A Mais Vida, especializada em alimentos fitness e suplementos, foi inaugurada na manh\u00e3 de quarta-feira (23), no centro de Muria\u00e9, em um ambiente agrad\u00e1vel e bem localizado. Na ocasi\u00e3o, foram servidas v\u00e1rias del\u00edcias saud\u00e1veis para clientes e amigos degustarem durante a apresenta\u00e7\u00e3o do empreendimento, que \u00e9, sem d\u00favida, um novo conceito para quem deseja manter\" \/>\n\t<meta name=\"robots\" content=\"max-image-preview:large\" \/>\n\t<meta name=\"author\" content=\"Juliana Laviola\"\/>\n\t<link rel=\"canonical\" href=\"https:\/\/anoticiaonline.com.br\/site\/mais-vida-e-inaugurada-em-muriae\/\" \/>\n\t<meta name=\"generator\" content=\"All in One SEO (AIOSEO) 5.0.0.1\" \/>\n\t\t<meta property=\"og:locale\" content=\"pt_BR\" \/>\n\t\t<meta property=\"og:site_name\" content=\"A Not\u00edcia Online - Noticias de Muria\u00e9 e regi\u00e3o\" \/>\n\t\t<meta property=\"og:type\" content=\"article\" \/>\n\t\t<meta property=\"og:title\" content=\"Mais Vida \u00e9 inaugurada em Muria\u00e9 - A Not\u00edcia Online\" \/>\n\t\t<meta property=\"og:description\" content=\"A Mais Vida, especializada em alimentos fitness e suplementos, foi inaugurada na manh\u00e3 de quarta-feira (23), no centro de Muria\u00e9, em um ambiente agrad\u00e1vel e bem localizado. Na ocasi\u00e3o, foram servidas v\u00e1rias del\u00edcias saud\u00e1veis para clientes e amigos degustarem durante a apresenta\u00e7\u00e3o do empreendimento, que \u00e9, sem d\u00favida, um novo conceito para quem deseja manter\" \/>\n\t\t<meta property=\"og:url\" content=\"https:\/\/anoticiaonline.com.br\/site\/mais-vida-e-inaugurada-em-muriae\/\" \/>\n\t\t<meta property=\"og:image\" content=\"https:\/\/scontent-gig4-1.xx.fbcdn.net\/v\/t39.30808-1\/270437624_4564083193639691_6907940295614233970_n.jpg?stp=dst-jpg_s200x200_tt6&#038;_nc_cat=111&#038;ccb=1-7&#038;_nc_sid=f907e8&#038;_nc_ohc=SM1wRlP3lJwQ7kNvwEPuBYA&#038;_nc_oc=AdnqrjDN_BNjSSHWO-GbkIWH6fkGMLw4bqvL_NH6e2wMveX7G-rP2dAqsDSq1mJMOaY&#038;_nc_zt=24&#038;_nc_ht=scontent-gig4-1.xx&#038;_nc_gid=AoBFJeGrT1hVaew_6rchkQ&#038;oh=00_AfX7QmFGhQhG2jAllVgXCiM1ZrWgvtp80-Bfppyexh1QEg&#038;oe=689E923C\" \/>\n\t\t<meta property=\"og:image:secure_url\" content=\"https:\/\/scontent-gig4-1.xx.fbcdn.net\/v\/t39.30808-1\/270437624_4564083193639691_6907940295614233970_n.jpg?stp=dst-jpg_s200x200_tt6&#038;_nc_cat=111&#038;ccb=1-7&#038;_nc_sid=f907e8&#038;_nc_ohc=SM1wRlP3lJwQ7kNvwEPuBYA&#038;_nc_oc=AdnqrjDN_BNjSSHWO-GbkIWH6fkGMLw4bqvL_NH6e2wMveX7G-rP2dAqsDSq1mJMOaY&#038;_nc_zt=24&#038;_nc_ht=scontent-gig4-1.xx&#038;_nc_gid=AoBFJeGrT1hVaew_6rchkQ&#038;oh=00_AfX7QmFGhQhG2jAllVgXCiM1ZrWgvtp80-Bfppyexh1QEg&#038;oe=689E923C\" \/>\n\t\t<meta property=\"article:published_time\" content=\"2018-05-24T22:37:58+00:00\" \/>\n\t\t<meta property=\"article:modified_time\" content=\"2018-05-24T22:38:43+00:00\" \/>\n\t\t<meta name=\"twitter:card\" content=\"summary_large_image\" \/>\n\t\t<meta name=\"twitter:title\" content=\"Mais Vida \u00e9 inaugurada em Muria\u00e9 - A Not\u00edcia Online\" \/>\n\t\t<meta name=\"twitter:description\" content=\"A Mais Vida, especializada em alimentos fitness e suplementos, foi inaugurada na manh\u00e3 de quarta-feira (23), no centro de Muria\u00e9, em um ambiente agrad\u00e1vel e bem localizado. Na ocasi\u00e3o, foram servidas v\u00e1rias del\u00edcias saud\u00e1veis para clientes e amigos degustarem durante a apresenta\u00e7\u00e3o do empreendimento, que \u00e9, sem d\u00favida, um novo conceito para quem deseja manter\" \/>\n\t\t<meta name=\"twitter:image\" content=\"https:\/\/scontent-gig4-1.xx.fbcdn.net\/v\/t39.30808-1\/270437624_4564083193639691_6907940295614233970_n.jpg?stp=dst-jpg_s200x200_tt6&amp;_nc_cat=111&amp;ccb=1-7&amp;_nc_sid=f907e8&amp;_nc_ohc=SM1wRlP3lJwQ7kNvwEPuBYA&amp;_nc_oc=AdnqrjDN_BNjSSHWO-GbkIWH6fkGMLw4bqvL_NH6e2wMveX7G-rP2dAqsDSq1mJMOaY&amp;_nc_zt=24&amp;_nc_ht=scontent-gig4-1.xx&amp;_nc_gid=AoBFJeGrT1hVaew_6rchkQ&amp;oh=00_AfX7QmFGhQhG2jAllVgXCiM1ZrWgvtp80-Bfppyexh1QEg&amp;oe=689E923C\" \/>\n\t\t<script type=\"application\/ld+json\" class=\"aioseo-schema\">\n\t\t\t{\"@context\":\"https:\\\/\\\/schema.org\",\"@graph\":[{\"@type\":\"BlogPosting\",\"@id\":\"https:\\\/\\\/anoticiaonline.com.br\\\/site\\\/mais-vida-e-inaugurada-em-muriae\\\/#blogposting\",\"name\":\"Mais Vida \\u00e9 inaugurada em Muria\\u00e9 - A Not\\u00edcia Online\",\"headline\":\"Mais Vida \\u00e9 inaugurada em Muria\\u00e9\",\"author\":{\"@id\":\"https:\\\/\\\/anoticiaonline.com.br\\\/site\\\/author\\\/juliana\\\/#author\"},\"publisher\":{\"@id\":\"https:\\\/\\\/anoticiaonline.com.br\\\/site\\\/#organization\"},\"image\":{\"@type\":\"ImageObject\",\"url\":\"https:\\\/\\\/anoticiaonline.com.br\\\/site\\\/wp-content\\\/uploads\\\/2018\\\/05\\\/4c119cd2-8be9-4b9f-8ee4-d1fb22c5ec8e.jpg\",\"width\":640,\"height\":480},\"datePublished\":\"2018-05-24T19:37:58-03:00\",\"dateModified\":\"2018-05-24T19:38:43-03:00\",\"inLanguage\":\"pt-BR\",\"mainEntityOfPage\":{\"@id\":\"https:\\\/\\\/anoticiaonline.com.br\\\/site\\\/mais-vida-e-inaugurada-em-muriae\\\/#webpage\"},\"isPartOf\":{\"@id\":\"https:\\\/\\\/anoticiaonline.com.br\\\/site\\\/mais-vida-e-inaugurada-em-muriae\\\/#webpage\"},\"articleSection\":\"Gerais, alimentos fitness, alimentos para veganos, Avenida Constantino Pinto, bolos com baixa caloria, bolos e salgados com baixa caloria, doces, doces com baixa caloria, Instagram, lojamaisvida, Mais Vida, melatonina em c\\u00e1psula, regula\\u00e7\\u00e3o do sono, reposi\\u00e7\\u00e3o hormonal, suplementos, suplementos Muria\\u00e9\"},{\"@type\":\"BreadcrumbList\",\"@id\":\"https:\\\/\\\/anoticiaonline.com.br\\\/site\\\/mais-vida-e-inaugurada-em-muriae\\\/#breadcrumblist\",\"itemListElement\":[{\"@type\":\"ListItem\",\"@id\":\"https:\\\/\\\/anoticiaonline.com.br\\\/site#listItem\",\"position\":1,\"name\":\"Home\",\"item\":\"https:\\\/\\\/anoticiaonline.com.br\\\/site\",\"nextItem\":{\"@type\":\"ListItem\",\"@id\":\"https:\\\/\\\/anoticiaonline.com.br\\\/site\\\/categoria\\\/gerais\\\/#listItem\",\"name\":\"Gerais\"}},{\"@type\":\"ListItem\",\"@id\":\"https:\\\/\\\/anoticiaonline.com.br\\\/site\\\/categoria\\\/gerais\\\/#listItem\",\"position\":2,\"name\":\"Gerais\",\"item\":\"https:\\\/\\\/anoticiaonline.com.br\\\/site\\\/categoria\\\/gerais\\\/\",\"nextItem\":{\"@type\":\"ListItem\",\"@id\":\"https:\\\/\\\/anoticiaonline.com.br\\\/site\\\/mais-vida-e-inaugurada-em-muriae\\\/#listItem\",\"name\":\"Mais Vida \\u00e9 inaugurada em Muria\\u00e9\"},\"previousItem\":{\"@type\":\"ListItem\",\"@id\":\"https:\\\/\\\/anoticiaonline.com.br\\\/site#listItem\",\"name\":\"Home\"}},{\"@type\":\"ListItem\",\"@id\":\"https:\\\/\\\/anoticiaonline.com.br\\\/site\\\/mais-vida-e-inaugurada-em-muriae\\\/#listItem\",\"position\":3,\"name\":\"Mais Vida \\u00e9 inaugurada em Muria\\u00e9\",\"previousItem\":{\"@type\":\"ListItem\",\"@id\":\"https:\\\/\\\/anoticiaonline.com.br\\\/site\\\/categoria\\\/gerais\\\/#listItem\",\"name\":\"Gerais\"}}]},{\"@type\":\"Organization\",\"@id\":\"https:\\\/\\\/anoticiaonline.com.br\\\/site\\\/#organization\",\"name\":\"A Not\\u00edcia Online\",\"description\":\"Noticias de Muria\\u00e9 e regi\\u00e3o\",\"url\":\"https:\\\/\\\/anoticiaonline.com.br\\\/site\\\/\",\"logo\":{\"@type\":\"ImageObject\",\"url\":\"https:\\\/\\\/scontent-gig4-1.xx.fbcdn.net\\\/v\\\/t39.30808-1\\\/270437624_4564083193639691_6907940295614233970_n.jpg?stp=dst-jpg_s200x200_tt6&_nc_cat=111&ccb=1-7&_nc_sid=f907e8&_nc_ohc=SM1wRlP3lJwQ7kNvwEPuBYA&_nc_oc=AdnqrjDN_BNjSSHWO-GbkIWH6fkGMLw4bqvL_NH6e2wMveX7G-rP2dAqsDSq1mJMOaY&_nc_zt=24&_nc_ht=scontent-gig4-1.xx&_nc_gid=AoBFJeGrT1hVaew_6rchkQ&oh=00_AfX7QmFGhQhG2jAllVgXCiM1ZrWgvtp80-Bfppyexh1QEg&oe=689E923C\",\"@id\":\"https:\\\/\\\/anoticiaonline.com.br\\\/site\\\/mais-vida-e-inaugurada-em-muriae\\\/#organizationLogo\"},\"image\":{\"@id\":\"https:\\\/\\\/anoticiaonline.com.br\\\/site\\\/mais-vida-e-inaugurada-em-muriae\\\/#organizationLogo\"}},{\"@type\":\"Person\",\"@id\":\"https:\\\/\\\/anoticiaonline.com.br\\\/site\\\/author\\\/juliana\\\/#author\",\"url\":\"https:\\\/\\\/anoticiaonline.com.br\\\/site\\\/author\\\/juliana\\\/\",\"name\":\"Juliana Laviola\",\"image\":{\"@type\":\"ImageObject\",\"@id\":\"https:\\\/\\\/anoticiaonline.com.br\\\/site\\\/mais-vida-e-inaugurada-em-muriae\\\/#authorImage\",\"url\":\"https:\\\/\\\/secure.gravatar.com\\\/avatar\\\/b8d45f5c699b100dfaf0e543582f38f38bf94cb7ae3a5e9abf8d891a34773335?s=96&d=mm&r=g\",\"width\":96,\"height\":96,\"caption\":\"Juliana Laviola\"}},{\"@type\":\"WebPage\",\"@id\":\"https:\\\/\\\/anoticiaonline.com.br\\\/site\\\/mais-vida-e-inaugurada-em-muriae\\\/#webpage\",\"url\":\"https:\\\/\\\/anoticiaonline.com.br\\\/site\\\/mais-vida-e-inaugurada-em-muriae\\\/\",\"name\":\"Mais Vida \\u00e9 inaugurada em Muria\\u00e9 - A Not\\u00edcia Online\",\"description\":\"A Mais Vida, especializada em alimentos fitness e suplementos, foi inaugurada na manh\\u00e3 de quarta-feira (23), no centro de Muria\\u00e9, em um ambiente agrad\\u00e1vel e bem localizado. Na ocasi\\u00e3o, foram servidas v\\u00e1rias del\\u00edcias saud\\u00e1veis para clientes e amigos degustarem durante a apresenta\\u00e7\\u00e3o do empreendimento, que \\u00e9, sem d\\u00favida, um novo conceito para quem deseja manter\",\"inLanguage\":\"pt-BR\",\"isPartOf\":{\"@id\":\"https:\\\/\\\/anoticiaonline.com.br\\\/site\\\/#website\"},\"breadcrumb\":{\"@id\":\"https:\\\/\\\/anoticiaonline.com.br\\\/site\\\/mais-vida-e-inaugurada-em-muriae\\\/#breadcrumblist\"},\"author\":{\"@id\":\"https:\\\/\\\/anoticiaonline.com.br\\\/site\\\/author\\\/juliana\\\/#author\"},\"creator\":{\"@id\":\"https:\\\/\\\/anoticiaonline.com.br\\\/site\\\/author\\\/juliana\\\/#author\"},\"image\":{\"@type\":\"ImageObject\",\"url\":\"https:\\\/\\\/anoticiaonline.com.br\\\/site\\\/wp-content\\\/uploads\\\/2018\\\/05\\\/4c119cd2-8be9-4b9f-8ee4-d1fb22c5ec8e.jpg\",\"@id\":\"https:\\\/\\\/anoticiaonline.com.br\\\/site\\\/mais-vida-e-inaugurada-em-muriae\\\/#mainImage\",\"width\":640,\"height\":480},\"primaryImageOfPage\":{\"@id\":\"https:\\\/\\\/anoticiaonline.com.br\\\/site\\\/mais-vida-e-inaugurada-em-muriae\\\/#mainImage\"},\"datePublished\":\"2018-05-24T19:37:58-03:00\",\"dateModified\":\"2018-05-24T19:38:43-03:00\"},{\"@type\":\"WebSite\",\"@id\":\"https:\\\/\\\/anoticiaonline.com.br\\\/site\\\/#website\",\"url\":\"https:\\\/\\\/anoticiaonline.com.br\\\/site\\\/\",\"name\":\"A Not\\u00edcia Online\",\"description\":\"Noticias de Muria\\u00e9 e regi\\u00e3o\",\"inLanguage\":\"pt-BR\",\"publisher\":{\"@id\":\"https:\\\/\\\/anoticiaonline.com.br\\\/site\\\/#organization\"}}]}\n\t\t<\/script>\n\t\t<!-- All in One SEO -->\n\n","aioseo_head_json":{"title":"Mais Vida \u00e9 inaugurada em Muria\u00e9 - A Not\u00edcia Online","description":"A Mais Vida, especializada em alimentos fitness e suplementos, foi inaugurada na manh\u00e3 de quarta-feira (23), no centro de Muria\u00e9, em um ambiente agrad\u00e1vel e bem localizado. Na ocasi\u00e3o, foram servidas v\u00e1rias del\u00edcias saud\u00e1veis para clientes e amigos degustarem durante a apresenta\u00e7\u00e3o do empreendimento, que \u00e9, sem d\u00favida, um novo conceito para quem deseja manter","canonical_url":"https:\/\/anoticiaonline.com.br\/site\/mais-vida-e-inaugurada-em-muriae\/","robots":"max-image-preview:large","keywords":"","webmasterTools":{"miscellaneous":""},"schema":{"@context":"https:\/\/schema.org","@graph":[{"@type":"BlogPosting","@id":"https:\/\/anoticiaonline.com.br\/site\/mais-vida-e-inaugurada-em-muriae\/#blogposting","name":"Mais Vida \u00e9 inaugurada em Muria\u00e9 - A Not\u00edcia Online","headline":"Mais Vida \u00e9 inaugurada em Muria\u00e9","author":{"@id":"https:\/\/anoticiaonline.com.br\/site\/author\/juliana\/#author"},"publisher":{"@id":"https:\/\/anoticiaonline.com.br\/site\/#organization"},"image":{"@type":"ImageObject","url":"https:\/\/anoticiaonline.com.br\/site\/wp-content\/uploads\/2018\/05\/4c119cd2-8be9-4b9f-8ee4-d1fb22c5ec8e.jpg","width":640,"height":480},"datePublished":"2018-05-24T19:37:58-03:00","dateModified":"2018-05-24T19:38:43-03:00","inLanguage":"pt-BR","mainEntityOfPage":{"@id":"https:\/\/anoticiaonline.com.br\/site\/mais-vida-e-inaugurada-em-muriae\/#webpage"},"isPartOf":{"@id":"https:\/\/anoticiaonline.com.br\/site\/mais-vida-e-inaugurada-em-muriae\/#webpage"},"articleSection":"Gerais, alimentos fitness, alimentos para veganos, Avenida Constantino Pinto, bolos com baixa caloria, bolos e salgados com baixa caloria, doces, doces com baixa caloria, Instagram, lojamaisvida, Mais Vida, melatonina em c\u00e1psula, regula\u00e7\u00e3o do sono, reposi\u00e7\u00e3o hormonal, suplementos, suplementos Muria\u00e9"},{"@type":"BreadcrumbList","@id":"https:\/\/anoticiaonline.com.br\/site\/mais-vida-e-inaugurada-em-muriae\/#breadcrumblist","itemListElement":[{"@type":"ListItem","@id":"https:\/\/anoticiaonline.com.br\/site#listItem","position":1,"name":"Home","item":"https:\/\/anoticiaonline.com.br\/site","nextItem":{"@type":"ListItem","@id":"https:\/\/anoticiaonline.com.br\/site\/categoria\/gerais\/#listItem","name":"Gerais"}},{"@type":"ListItem","@id":"https:\/\/anoticiaonline.com.br\/site\/categoria\/gerais\/#listItem","position":2,"name":"Gerais","item":"https:\/\/anoticiaonline.com.br\/site\/categoria\/gerais\/","nextItem":{"@type":"ListItem","@id":"https:\/\/anoticiaonline.com.br\/site\/mais-vida-e-inaugurada-em-muriae\/#listItem","name":"Mais Vida \u00e9 inaugurada em Muria\u00e9"},"previousItem":{"@type":"ListItem","@id":"https:\/\/anoticiaonline.com.br\/site#listItem","name":"Home"}},{"@type":"ListItem","@id":"https:\/\/anoticiaonline.com.br\/site\/mais-vida-e-inaugurada-em-muriae\/#listItem","position":3,"name":"Mais Vida \u00e9 inaugurada em Muria\u00e9","previousItem":{"@type":"ListItem","@id":"https:\/\/anoticiaonline.com.br\/site\/categoria\/gerais\/#listItem","name":"Gerais"}}]},{"@type":"Organization","@id":"https:\/\/anoticiaonline.com.br\/site\/#organization","name":"A Not\u00edcia Online","description":"Noticias de Muria\u00e9 e regi\u00e3o","url":"https:\/\/anoticiaonline.com.br\/site\/","logo":{"@type":"ImageObject","url":"https:\/\/scontent-gig4-1.xx.fbcdn.net\/v\/t39.30808-1\/270437624_4564083193639691_6907940295614233970_n.jpg?stp=dst-jpg_s200x200_tt6&_nc_cat=111&ccb=1-7&_nc_sid=f907e8&_nc_ohc=SM1wRlP3lJwQ7kNvwEPuBYA&_nc_oc=AdnqrjDN_BNjSSHWO-GbkIWH6fkGMLw4bqvL_NH6e2wMveX7G-rP2dAqsDSq1mJMOaY&_nc_zt=24&_nc_ht=scontent-gig4-1.xx&_nc_gid=AoBFJeGrT1hVaew_6rchkQ&oh=00_AfX7QmFGhQhG2jAllVgXCiM1ZrWgvtp80-Bfppyexh1QEg&oe=689E923C","@id":"https:\/\/anoticiaonline.com.br\/site\/mais-vida-e-inaugurada-em-muriae\/#organizationLogo"},"image":{"@id":"https:\/\/anoticiaonline.com.br\/site\/mais-vida-e-inaugurada-em-muriae\/#organizationLogo"}},{"@type":"Person","@id":"https:\/\/anoticiaonline.com.br\/site\/author\/juliana\/#author","url":"https:\/\/anoticiaonline.com.br\/site\/author\/juliana\/","name":"Juliana Laviola","image":{"@type":"ImageObject","@id":"https:\/\/anoticiaonline.com.br\/site\/mais-vida-e-inaugurada-em-muriae\/#authorImage","url":"https:\/\/secure.gravatar.com\/avatar\/b8d45f5c699b100dfaf0e543582f38f38bf94cb7ae3a5e9abf8d891a34773335?s=96&d=mm&r=g","width":96,"height":96,"caption":"Juliana Laviola"}},{"@type":"WebPage","@id":"https:\/\/anoticiaonline.com.br\/site\/mais-vida-e-inaugurada-em-muriae\/#webpage","url":"https:\/\/anoticiaonline.com.br\/site\/mais-vida-e-inaugurada-em-muriae\/","name":"Mais Vida \u00e9 inaugurada em Muria\u00e9 - A Not\u00edcia Online","description":"A Mais Vida, especializada em alimentos fitness e suplementos, foi inaugurada na manh\u00e3 de quarta-feira (23), no centro de Muria\u00e9, em um ambiente agrad\u00e1vel e bem localizado. Na ocasi\u00e3o, foram servidas v\u00e1rias del\u00edcias saud\u00e1veis para clientes e amigos degustarem durante a apresenta\u00e7\u00e3o do empreendimento, que \u00e9, sem d\u00favida, um novo conceito para quem deseja manter","inLanguage":"pt-BR","isPartOf":{"@id":"https:\/\/anoticiaonline.com.br\/site\/#website"},"breadcrumb":{"@id":"https:\/\/anoticiaonline.com.br\/site\/mais-vida-e-inaugurada-em-muriae\/#breadcrumblist"},"author":{"@id":"https:\/\/anoticiaonline.com.br\/site\/author\/juliana\/#author"},"creator":{"@id":"https:\/\/anoticiaonline.com.br\/site\/author\/juliana\/#author"},"image":{"@type":"ImageObject","url":"https:\/\/anoticiaonline.com.br\/site\/wp-content\/uploads\/2018\/05\/4c119cd2-8be9-4b9f-8ee4-d1fb22c5ec8e.jpg","@id":"https:\/\/anoticiaonline.com.br\/site\/mais-vida-e-inaugurada-em-muriae\/#mainImage","width":640,"height":480},"primaryImageOfPage":{"@id":"https:\/\/anoticiaonline.com.br\/site\/mais-vida-e-inaugurada-em-muriae\/#mainImage"},"datePublished":"2018-05-24T19:37:58-03:00","dateModified":"2018-05-24T19:38:43-03:00"},{"@type":"WebSite","@id":"https:\/\/anoticiaonline.com.br\/site\/#website","url":"https:\/\/anoticiaonline.com.br\/site\/","name":"A Not\u00edcia Online","description":"Noticias de Muria\u00e9 e regi\u00e3o","inLanguage":"pt-BR","publisher":{"@id":"https:\/\/anoticiaonline.com.br\/site\/#organization"}}]},"og:locale":"pt_BR","og:site_name":"A Not\u00edcia Online - Noticias de Muria\u00e9 e regi\u00e3o","og:type":"article","og:title":"Mais Vida \u00e9 inaugurada em Muria\u00e9 - A Not\u00edcia Online","og:description":"A Mais Vida, especializada em alimentos fitness e suplementos, foi inaugurada na manh\u00e3 de quarta-feira (23), no centro de Muria\u00e9, em um ambiente agrad\u00e1vel e bem localizado. Na ocasi\u00e3o, foram servidas v\u00e1rias del\u00edcias saud\u00e1veis para clientes e amigos degustarem durante a apresenta\u00e7\u00e3o do empreendimento, que \u00e9, sem d\u00favida, um novo conceito para quem deseja manter","og:url":"https:\/\/anoticiaonline.com.br\/site\/mais-vida-e-inaugurada-em-muriae\/","og:image":"https:\/\/scontent-gig4-1.xx.fbcdn.net\/v\/t39.30808-1\/270437624_4564083193639691_6907940295614233970_n.jpg?stp=dst-jpg_s200x200_tt6&#038;_nc_cat=111&#038;ccb=1-7&#038;_nc_sid=f907e8&#038;_nc_ohc=SM1wRlP3lJwQ7kNvwEPuBYA&#038;_nc_oc=AdnqrjDN_BNjSSHWO-GbkIWH6fkGMLw4bqvL_NH6e2wMveX7G-rP2dAqsDSq1mJMOaY&#038;_nc_zt=24&#038;_nc_ht=scontent-gig4-1.xx&#038;_nc_gid=AoBFJeGrT1hVaew_6rchkQ&#038;oh=00_AfX7QmFGhQhG2jAllVgXCiM1ZrWgvtp80-Bfppyexh1QEg&#038;oe=689E923C","og:image:secure_url":"https:\/\/scontent-gig4-1.xx.fbcdn.net\/v\/t39.30808-1\/270437624_4564083193639691_6907940295614233970_n.jpg?stp=dst-jpg_s200x200_tt6&#038;_nc_cat=111&#038;ccb=1-7&#038;_nc_sid=f907e8&#038;_nc_ohc=SM1wRlP3lJwQ7kNvwEPuBYA&#038;_nc_oc=AdnqrjDN_BNjSSHWO-GbkIWH6fkGMLw4bqvL_NH6e2wMveX7G-rP2dAqsDSq1mJMOaY&#038;_nc_zt=24&#038;_nc_ht=scontent-gig4-1.xx&#038;_nc_gid=AoBFJeGrT1hVaew_6rchkQ&#038;oh=00_AfX7QmFGhQhG2jAllVgXCiM1ZrWgvtp80-Bfppyexh1QEg&#038;oe=689E923C","article:published_time":"2018-05-24T22:37:58+00:00","article:modified_time":"2018-05-24T22:38:43+00:00","twitter:card":"summary_large_image","twitter:title":"Mais Vida \u00e9 inaugurada em Muria\u00e9 - A Not\u00edcia Online","twitter:description":"A Mais Vida, especializada em alimentos fitness e suplementos, foi inaugurada na manh\u00e3 de quarta-feira (23), no centro de Muria\u00e9, em um ambiente agrad\u00e1vel e bem localizado. Na ocasi\u00e3o, foram servidas v\u00e1rias del\u00edcias saud\u00e1veis para clientes e amigos degustarem durante a apresenta\u00e7\u00e3o do empreendimento, que \u00e9, sem d\u00favida, um novo conceito para quem deseja manter","twitter:image":"https:\/\/scontent-gig4-1.xx.fbcdn.net\/v\/t39.30808-1\/270437624_4564083193639691_6907940295614233970_n.jpg?stp=dst-jpg_s200x200_tt6&_nc_cat=111&ccb=1-7&_nc_sid=f907e8&_nc_ohc=SM1wRlP3lJwQ7kNvwEPuBYA&_nc_oc=AdnqrjDN_BNjSSHWO-GbkIWH6fkGMLw4bqvL_NH6e2wMveX7G-rP2dAqsDSq1mJMOaY&_nc_zt=24&_nc_ht=scontent-gig4-1.xx&_nc_gid=AoBFJeGrT1hVaew_6rchkQ&oh=00_AfX7QmFGhQhG2jAllVgXCiM1ZrWgvtp80-Bfppyexh1QEg&oe=689E923C"},"aioseo_meta_data":{"post_id":"56452","title":null,"description":null,"keywords":null,"keyphrases":null,"primary_term":null,"canonical_url":null,"og_title":null,"og_description":null,"og_object_type":"default","og_image_type":"default","og_image_url":null,"og_image_width":null,"og_image_height":null,"og_image_custom_url":null,"og_image_custom_fields":null,"og_video":null,"og_custom_url":null,"og_article_section":null,"og_article_tags":null,"twitter_use_og":false,"twitter_card":"default","twitter_image_type":"default","twitter_image_url":null,"twitter_image_custom_url":null,"twitter_image_custom_fields":null,"twitter_title":null,"twitter_description":null,"schema":{"blockGraphs":[],"customGraphs":[],"default":{"data":{"Article":[],"Course":[],"Dataset":[],"FAQPage":[],"Movie":[],"Person":[],"Product":[],"ProductReview":[],"Car":[],"Recipe":[],"Service":[],"SoftwareApplication":[],"WebPage":[]},"graphName":"","isEnabled":true},"graphs":[]},"schema_type":"default","schema_type_options":null,"pillar_content":false,"robots_default":true,"robots_noindex":false,"robots_noarchive":false,"robots_nosnippet":false,"robots_nofollow":false,"robots_noimageindex":false,"robots_noodp":false,"robots_notranslate":false,"robots_max_snippet":null,"robots_max_videopreview":null,"robots_max_imagepreview":"large","priority":null,"frequency":null,"local_seo":null,"breadcrumb_settings":null,"limit_modified_date":false,"ai":null,"created":"2025-08-16 20:55:19","updated":"2025-08-16 20:55:19","focus_keyword":null,"additional_keywords":null,"truseo_locale":null,"seo_analyzer_scan_date":null},"aioseo_breadcrumb":"<div class=\"aioseo-breadcrumbs\"><span class=\"aioseo-breadcrumb\">\n\t\t\t<a href=\"https:\/\/anoticiaonline.com.br\/site\" title=\"Home\">Home<\/a>\n\t\t<\/span><span class=\"aioseo-breadcrumb-separator\">&raquo;<\/span><span class=\"aioseo-breadcrumb\">\n\t\t\t<a href=\"https:\/\/anoticiaonline.com.br\/site\/categoria\/gerais\/\" title=\"Gerais\">Gerais<\/a>\n\t\t<\/span><span class=\"aioseo-breadcrumb-separator\">&raquo;<\/span><span class=\"aioseo-breadcrumb\">\n\t\t\tMais Vida \u00e9 inaugurada em Muria\u00e9\n\t\t<\/span><\/div>","aioseo_breadcrumb_json":[{"label":"Home","link":"https:\/\/anoticiaonline.com.br\/site"},{"label":"Gerais","link":"https:\/\/anoticiaonline.com.br\/site\/categoria\/gerais\/"},{"label":"Mais Vida \u00e9 inaugurada em Muria\u00e9","link":"https:\/\/anoticiaonline.com.br\/site\/mais-vida-e-inaugurada-em-muriae\/"}],"views":310,"_links":{"self":[{"href":"https:\/\/anoticiaonline.com.br\/site\/wp-json\/wp\/v2\/posts\/56452","targetHints":{"allow":["GET"]}}],"collection":[{"href":"https:\/\/anoticiaonline.com.br\/site\/wp-json\/wp\/v2\/posts"}],"about":[{"href":"https:\/\/anoticiaonline.com.br\/site\/wp-json\/wp\/v2\/types\/post"}],"author":[{"embeddable":true,"href":"https:\/\/anoticiaonline.com.br\/site\/wp-json\/wp\/v2\/users\/2"}],"replies":[{"embeddable":true,"href":"https:\/\/anoticiaonline.com.br\/site\/wp-json\/wp\/v2\/comments?post=56452"}],"version-history":[{"count":0,"href":"https:\/\/anoticiaonline.com.br\/site\/wp-json\/wp\/v2\/posts\/56452\/revisions"}],"wp:featuredmedia":[{"embeddable":true,"href":"https:\/\/anoticiaonline.com.br\/site\/wp-json\/wp\/v2\/media\/56464"}],"wp:attachment":[{"href":"https:\/\/anoticiaonline.com.br\/site\/wp-json\/wp\/v2\/media?parent=56452"}],"wp:term":[{"taxonomy":"category","embeddable":true,"href":"https:\/\/anoticiaonline.com.br\/site\/wp-json\/wp\/v2\/categories?post=56452"},{"taxonomy":"post_tag","embeddable":true,"href":"https:\/\/anoticiaonline.com.br\/site\/wp-json\/wp\/v2\/tags?post=56452"}],"curies":[{"name":"wp","href":"https:\/\/api.w.org\/{rel}","templated":true}]}}