{"id":56348,"date":"2018-05-24T16:48:32","date_gmt":"2018-05-24T19:48:32","guid":{"rendered":"http:\/\/anoticiaonline.com.br\/site\/?p=56348"},"modified":"2018-05-24T16:48:32","modified_gmt":"2018-05-24T19:48:32","slug":"devido-a-falta-de-combustivel-viacao-uniao-reduz-linhas-de-onibus-na-cidade","status":"publish","type":"post","link":"https:\/\/anoticiaonline.com.br\/site\/devido-a-falta-de-combustivel-viacao-uniao-reduz-linhas-de-onibus-na-cidade\/","title":{"rendered":"Devido \u00e0 falta de combust\u00edvel, Via\u00e7\u00e3o Uni\u00e3o reduz linhas de \u00f4nibus na cidade"},"content":{"rendered":"<p>Em virtude da escassez do combust\u00edvel na cidade, provocada pela greve dos caminhoneiros, que protestam contra o aumento do pre\u00e7o da gasolina, a Via\u00e7\u00e3o Uni\u00e3o come\u00e7ou a atender, desde a quinta-feira (24), em escala reduzida de hor\u00e1rios.<\/p>\n<p>\u201cTeremos que diminuir momentaneamente algumas linhas de \u00f4nibus por causa da falta de combust\u00edvel para abastecer os ve\u00edculos. Repudiamos os aumentos sucessivos de combust\u00edveis, os quais prejudicam diretamente a vida dos cidad\u00e3os brasileiros\u201d, afirma a diretoria da empresa. A Via\u00e7\u00e3o Uni\u00e3o informa, atrav\u00e9s de sua assessoria, que, caso a greve persista, o transporte coletivo urbano ficar\u00e1 comprometido em Muria\u00e9.<\/p>\n<p>Vale frisar que a redu\u00e7\u00e3o dos hor\u00e1rios acontecer\u00e1 at\u00e9 que o reabastecimento dos combust\u00edveis seja normalizado. \u201cA empresa conta com a compreens\u00e3o de todos e espera que a situa\u00e7\u00e3o retorne \u00e0 sua normalidade o mais breve poss\u00edvel\u201d, completa.<\/p>\n<p><strong>Segue abaixo a rela\u00e7\u00e3o das linhas que ser\u00e3o alteradas:<\/strong><\/p>\n<p>Aeroporto: atendimento normal<\/p>\n<p>Encoberta: recolhido<\/p>\n<p>S\u00e3o Francisco: atendimento normal<\/p>\n<p>Gaspar: 1 \u00f4nibus integral e 1 intermedi\u00e1rio (6h \u00e0s 08h\/11h \u00e0s 13h\/17h \u00e0s 19h)<\/p>\n<p>Santana: 2 \u00f4nibus integral<\/p>\n<p>Bela Vista: 1 \u00f4nibus integral e 1 intermedi\u00e1rio (6h \u00e0s 8h\/11h \u00e0s 13h\/17h \u00e0s 19h)<\/p>\n<p>Inconfid\u00eancia: 1 \u00f4nibus integral e 1 intermedi\u00e1rio (6h \u00e0s 8h\/11h \u00e0s 13h\/17h \u00e0s 19h)<\/p>\n<p>Circular: 1 \u00f4nibus integral<\/p>\n<p>Planalto: 1 \u00f4nibus integral e 1 intermedi\u00e1rio (06h as 08h\/11h as13h\/17h as 19h)<\/p>\n<p>Napole\u00e3o: atendimento normal<\/p>\n<p>Jo\u00e3o XXIII: 1 \u00f4nibus integral<\/p>\n<p>S\u00e3o Jos\u00e9: 1 \u00f4nibus integral e 1 intermedi\u00e1rio (6h \u00e0s 8h\/11h \u00e0s 13h\/17h \u00e0s 19h)<\/p>\n<p>Cardoso de Melo: 1 \u00f4nibus integral e 1 intermedi\u00e1rio (6h \u00e0s 8h\/11h \u00e0s 13h\/17h \u00e0s 19h)<\/p>\n<p>S\u00e3o Joaquim (Santo Ant\u00f4nio): recolhido<\/p>\n<p>S\u00e3o Joaquim (Marambaia): atendimento normal<\/p>\n<p>As linhas que t\u00eam especiais n\u00e3o ir\u00e3o rodar.<\/p>\n<p><a href=\"https:\/\/anoticiaonline.com.br\/site\/wp-content\/uploads\/2018\/05\/Devido-\u00e0-falta-de-combust\u00edvel-Via\u00e7\u00e3o-Uni\u00e3o-reduz-linhas-de-\u00f4nibus-na-cidade.jpg\"><img fetchpriority=\"high\" decoding=\"async\" class=\"alignnone size-full wp-image-56349\" src=\"https:\/\/anoticiaonline.com.br\/site\/wp-content\/uploads\/2018\/05\/Devido-\u00e0-falta-de-combust\u00edvel-Via\u00e7\u00e3o-Uni\u00e3o-reduz-linhas-de-\u00f4nibus-na-cidade.jpg\" alt=\"\" width=\"640\" height=\"427\" srcset=\"https:\/\/anoticiaonline.com.br\/site\/wp-content\/uploads\/2018\/05\/Devido-\u00e0-falta-de-combust\u00edvel-Via\u00e7\u00e3o-Uni\u00e3o-reduz-linhas-de-\u00f4nibus-na-cidade.jpg 640w, https:\/\/anoticiaonline.com.br\/site\/wp-content\/uploads\/2018\/05\/Devido-\u00e0-falta-de-combust\u00edvel-Via\u00e7\u00e3o-Uni\u00e3o-reduz-linhas-de-\u00f4nibus-na-cidade-300x200.jpg 300w\" sizes=\"(max-width: 640px) 100vw, 640px\" \/><\/a><\/p>\n<p>Cr\u00e9ditos: ASCOM Via\u00e7\u00e3o Uni\u00e3o<\/p>\n","protected":false},"excerpt":{"rendered":"<p>Em virtude da escassez do combust\u00edvel na cidade, provocada pela greve dos caminhoneiros, que protestam contra o aumento do pre\u00e7o da gasolina, a Via\u00e7\u00e3o Uni\u00e3o come\u00e7ou a atender, desde a quinta-feira (24), em escala reduzida de hor\u00e1rios. \u201cTeremos que diminuir momentaneamente algumas linhas de \u00f4nibus por causa da falta de combust\u00edvel para abastecer os ve\u00edculos. &#8230; <a title=\"Devido \u00e0 falta de combust\u00edvel, Via\u00e7\u00e3o Uni\u00e3o reduz linhas de \u00f4nibus na cidade\" class=\"read-more\" href=\"https:\/\/anoticiaonline.com.br\/site\/devido-a-falta-de-combustivel-viacao-uniao-reduz-linhas-de-onibus-na-cidade\/\" aria-label=\"Read more about Devido \u00e0 falta de combust\u00edvel, Via\u00e7\u00e3o Uni\u00e3o reduz linhas de \u00f4nibus na cidade\">Ler mais<\/a><\/p>\n","protected":false},"author":2,"featured_media":56349,"comment_status":"open","ping_status":"open","sticky":false,"template":"","format":"standard","meta":{"_acf_changed":false,"_monsterinsights_skip_tracking":false,"footnotes":""},"categories":[30,45],"tags":[2639,2638,2637,74,400,414,2386],"class_list":["post-56348","post","type-post","status-publish","format-standard","has-post-thumbnail","hentry","category-muriae","category-transito","tag-caminhoneiros","tag-gasolina","tag-greve","tag-muriae","tag-onibus","tag-transito","tag-viacao-uniao"],"acf":[],"aioseo_notices":[],"aioseo_head":"\n\t\t<!-- All in One SEO 5.0.0.1 - aioseo.com -->\n\t<meta name=\"description\" content=\"Em virtude da escassez do combust\u00edvel na cidade, provocada pela greve dos caminhoneiros, que protestam contra o aumento do pre\u00e7o da gasolina, a Via\u00e7\u00e3o Uni\u00e3o come\u00e7ou a atender, desde a quinta-feira (24), em escala reduzida de hor\u00e1rios. \u201cTeremos que diminuir momentaneamente algumas linhas de \u00f4nibus por causa da falta de combust\u00edvel para abastecer os ve\u00edculos.\" \/>\n\t<meta name=\"robots\" content=\"max-image-preview:large\" \/>\n\t<meta name=\"author\" content=\"Juliana Laviola\"\/>\n\t<link rel=\"canonical\" href=\"https:\/\/anoticiaonline.com.br\/site\/devido-a-falta-de-combustivel-viacao-uniao-reduz-linhas-de-onibus-na-cidade\/\" \/>\n\t<meta name=\"generator\" content=\"All in One SEO (AIOSEO) 5.0.0.1\" \/>\n\t\t<meta property=\"og:locale\" content=\"pt_BR\" \/>\n\t\t<meta property=\"og:site_name\" content=\"A Not\u00edcia Online - Noticias de Muria\u00e9 e regi\u00e3o\" \/>\n\t\t<meta property=\"og:type\" content=\"article\" \/>\n\t\t<meta property=\"og:title\" content=\"Devido \u00e0 falta de combust\u00edvel, Via\u00e7\u00e3o Uni\u00e3o reduz linhas de \u00f4nibus na cidade - A Not\u00edcia Online\" \/>\n\t\t<meta property=\"og:description\" content=\"Em virtude da escassez do combust\u00edvel na cidade, provocada pela greve dos caminhoneiros, que protestam contra o aumento do pre\u00e7o da gasolina, a Via\u00e7\u00e3o Uni\u00e3o come\u00e7ou a atender, desde a quinta-feira (24), em escala reduzida de hor\u00e1rios. \u201cTeremos que diminuir momentaneamente algumas linhas de \u00f4nibus por causa da falta de combust\u00edvel para abastecer os ve\u00edculos.\" \/>\n\t\t<meta property=\"og:url\" content=\"https:\/\/anoticiaonline.com.br\/site\/devido-a-falta-de-combustivel-viacao-uniao-reduz-linhas-de-onibus-na-cidade\/\" \/>\n\t\t<meta property=\"og:image\" content=\"https:\/\/scontent-gig4-1.xx.fbcdn.net\/v\/t39.30808-1\/270437624_4564083193639691_6907940295614233970_n.jpg?stp=dst-jpg_s200x200_tt6&#038;_nc_cat=111&#038;ccb=1-7&#038;_nc_sid=f907e8&#038;_nc_ohc=SM1wRlP3lJwQ7kNvwEPuBYA&#038;_nc_oc=AdnqrjDN_BNjSSHWO-GbkIWH6fkGMLw4bqvL_NH6e2wMveX7G-rP2dAqsDSq1mJMOaY&#038;_nc_zt=24&#038;_nc_ht=scontent-gig4-1.xx&#038;_nc_gid=AoBFJeGrT1hVaew_6rchkQ&#038;oh=00_AfX7QmFGhQhG2jAllVgXCiM1ZrWgvtp80-Bfppyexh1QEg&#038;oe=689E923C\" \/>\n\t\t<meta property=\"og:image:secure_url\" content=\"https:\/\/scontent-gig4-1.xx.fbcdn.net\/v\/t39.30808-1\/270437624_4564083193639691_6907940295614233970_n.jpg?stp=dst-jpg_s200x200_tt6&#038;_nc_cat=111&#038;ccb=1-7&#038;_nc_sid=f907e8&#038;_nc_ohc=SM1wRlP3lJwQ7kNvwEPuBYA&#038;_nc_oc=AdnqrjDN_BNjSSHWO-GbkIWH6fkGMLw4bqvL_NH6e2wMveX7G-rP2dAqsDSq1mJMOaY&#038;_nc_zt=24&#038;_nc_ht=scontent-gig4-1.xx&#038;_nc_gid=AoBFJeGrT1hVaew_6rchkQ&#038;oh=00_AfX7QmFGhQhG2jAllVgXCiM1ZrWgvtp80-Bfppyexh1QEg&#038;oe=689E923C\" \/>\n\t\t<meta property=\"article:published_time\" content=\"2018-05-24T19:48:32+00:00\" \/>\n\t\t<meta property=\"article:modified_time\" content=\"2018-05-24T19:48:32+00:00\" \/>\n\t\t<meta name=\"twitter:card\" content=\"summary_large_image\" \/>\n\t\t<meta name=\"twitter:title\" content=\"Devido \u00e0 falta de combust\u00edvel, Via\u00e7\u00e3o Uni\u00e3o reduz linhas de \u00f4nibus na cidade - A Not\u00edcia Online\" \/>\n\t\t<meta name=\"twitter:description\" content=\"Em virtude da escassez do combust\u00edvel na cidade, provocada pela greve dos caminhoneiros, que protestam contra o aumento do pre\u00e7o da gasolina, a Via\u00e7\u00e3o Uni\u00e3o come\u00e7ou a atender, desde a quinta-feira (24), em escala reduzida de hor\u00e1rios. \u201cTeremos que diminuir momentaneamente algumas linhas de \u00f4nibus por causa da falta de combust\u00edvel para abastecer os ve\u00edculos.\" \/>\n\t\t<meta name=\"twitter:image\" content=\"https:\/\/scontent-gig4-1.xx.fbcdn.net\/v\/t39.30808-1\/270437624_4564083193639691_6907940295614233970_n.jpg?stp=dst-jpg_s200x200_tt6&amp;_nc_cat=111&amp;ccb=1-7&amp;_nc_sid=f907e8&amp;_nc_ohc=SM1wRlP3lJwQ7kNvwEPuBYA&amp;_nc_oc=AdnqrjDN_BNjSSHWO-GbkIWH6fkGMLw4bqvL_NH6e2wMveX7G-rP2dAqsDSq1mJMOaY&amp;_nc_zt=24&amp;_nc_ht=scontent-gig4-1.xx&amp;_nc_gid=AoBFJeGrT1hVaew_6rchkQ&amp;oh=00_AfX7QmFGhQhG2jAllVgXCiM1ZrWgvtp80-Bfppyexh1QEg&amp;oe=689E923C\" \/>\n\t\t<script type=\"application\/ld+json\" class=\"aioseo-schema\">\n\t\t\t{\"@context\":\"https:\\\/\\\/schema.org\",\"@graph\":[{\"@type\":\"BlogPosting\",\"@id\":\"https:\\\/\\\/anoticiaonline.com.br\\\/site\\\/devido-a-falta-de-combustivel-viacao-uniao-reduz-linhas-de-onibus-na-cidade\\\/#blogposting\",\"name\":\"Devido \\u00e0 falta de combust\\u00edvel, Via\\u00e7\\u00e3o Uni\\u00e3o reduz linhas de \\u00f4nibus na cidade - A Not\\u00edcia Online\",\"headline\":\"Devido \\u00e0 falta de combust\\u00edvel, Via\\u00e7\\u00e3o Uni\\u00e3o reduz linhas de \\u00f4nibus na cidade\",\"author\":{\"@id\":\"https:\\\/\\\/anoticiaonline.com.br\\\/site\\\/author\\\/juliana\\\/#author\"},\"publisher\":{\"@id\":\"https:\\\/\\\/anoticiaonline.com.br\\\/site\\\/#organization\"},\"image\":{\"@type\":\"ImageObject\",\"url\":\"https:\\\/\\\/anoticiaonline.com.br\\\/site\\\/wp-content\\\/uploads\\\/2018\\\/05\\\/Devido-\\u00e0-falta-de-combust\\u00edvel-Via\\u00e7\\u00e3o-Uni\\u00e3o-reduz-linhas-de-\\u00f4nibus-na-cidade.jpg\",\"width\":640,\"height\":427},\"datePublished\":\"2018-05-24T16:48:32-03:00\",\"dateModified\":\"2018-05-24T16:48:32-03:00\",\"inLanguage\":\"pt-BR\",\"mainEntityOfPage\":{\"@id\":\"https:\\\/\\\/anoticiaonline.com.br\\\/site\\\/devido-a-falta-de-combustivel-viacao-uniao-reduz-linhas-de-onibus-na-cidade\\\/#webpage\"},\"isPartOf\":{\"@id\":\"https:\\\/\\\/anoticiaonline.com.br\\\/site\\\/devido-a-falta-de-combustivel-viacao-uniao-reduz-linhas-de-onibus-na-cidade\\\/#webpage\"},\"articleSection\":\"Blog, Tr\\u00e2nsito, caminhoneiros, gasolina, greve, Muria\\u00e9, \\u00f4nibus, tr\\u00e2nsito, via\\u00e7\\u00e3o uni\\u00e3o\"},{\"@type\":\"BreadcrumbList\",\"@id\":\"https:\\\/\\\/anoticiaonline.com.br\\\/site\\\/devido-a-falta-de-combustivel-viacao-uniao-reduz-linhas-de-onibus-na-cidade\\\/#breadcrumblist\",\"itemListElement\":[{\"@type\":\"ListItem\",\"@id\":\"https:\\\/\\\/anoticiaonline.com.br\\\/site#listItem\",\"position\":1,\"name\":\"Home\",\"item\":\"https:\\\/\\\/anoticiaonline.com.br\\\/site\",\"nextItem\":{\"@type\":\"ListItem\",\"@id\":\"https:\\\/\\\/anoticiaonline.com.br\\\/site\\\/categoria\\\/muriae\\\/#listItem\",\"name\":\"Blog\"}},{\"@type\":\"ListItem\",\"@id\":\"https:\\\/\\\/anoticiaonline.com.br\\\/site\\\/categoria\\\/muriae\\\/#listItem\",\"position\":2,\"name\":\"Blog\",\"item\":\"https:\\\/\\\/anoticiaonline.com.br\\\/site\\\/categoria\\\/muriae\\\/\",\"nextItem\":{\"@type\":\"ListItem\",\"@id\":\"https:\\\/\\\/anoticiaonline.com.br\\\/site\\\/categoria\\\/muriae\\\/transito\\\/#listItem\",\"name\":\"Tr\\u00e2nsito\"},\"previousItem\":{\"@type\":\"ListItem\",\"@id\":\"https:\\\/\\\/anoticiaonline.com.br\\\/site#listItem\",\"name\":\"Home\"}},{\"@type\":\"ListItem\",\"@id\":\"https:\\\/\\\/anoticiaonline.com.br\\\/site\\\/categoria\\\/muriae\\\/transito\\\/#listItem\",\"position\":3,\"name\":\"Tr\\u00e2nsito\",\"item\":\"https:\\\/\\\/anoticiaonline.com.br\\\/site\\\/categoria\\\/muriae\\\/transito\\\/\",\"nextItem\":{\"@type\":\"ListItem\",\"@id\":\"https:\\\/\\\/anoticiaonline.com.br\\\/site\\\/devido-a-falta-de-combustivel-viacao-uniao-reduz-linhas-de-onibus-na-cidade\\\/#listItem\",\"name\":\"Devido \\u00e0 falta de combust\\u00edvel, Via\\u00e7\\u00e3o Uni\\u00e3o reduz linhas de \\u00f4nibus na cidade\"},\"previousItem\":{\"@type\":\"ListItem\",\"@id\":\"https:\\\/\\\/anoticiaonline.com.br\\\/site\\\/categoria\\\/muriae\\\/#listItem\",\"name\":\"Blog\"}},{\"@type\":\"ListItem\",\"@id\":\"https:\\\/\\\/anoticiaonline.com.br\\\/site\\\/devido-a-falta-de-combustivel-viacao-uniao-reduz-linhas-de-onibus-na-cidade\\\/#listItem\",\"position\":4,\"name\":\"Devido \\u00e0 falta de combust\\u00edvel, Via\\u00e7\\u00e3o Uni\\u00e3o reduz linhas de \\u00f4nibus na cidade\",\"previousItem\":{\"@type\":\"ListItem\",\"@id\":\"https:\\\/\\\/anoticiaonline.com.br\\\/site\\\/categoria\\\/muriae\\\/transito\\\/#listItem\",\"name\":\"Tr\\u00e2nsito\"}}]},{\"@type\":\"Organization\",\"@id\":\"https:\\\/\\\/anoticiaonline.com.br\\\/site\\\/#organization\",\"name\":\"A Not\\u00edcia Online\",\"description\":\"Noticias de Muria\\u00e9 e regi\\u00e3o\",\"url\":\"https:\\\/\\\/anoticiaonline.com.br\\\/site\\\/\",\"logo\":{\"@type\":\"ImageObject\",\"url\":\"https:\\\/\\\/scontent-gig4-1.xx.fbcdn.net\\\/v\\\/t39.30808-1\\\/270437624_4564083193639691_6907940295614233970_n.jpg?stp=dst-jpg_s200x200_tt6&_nc_cat=111&ccb=1-7&_nc_sid=f907e8&_nc_ohc=SM1wRlP3lJwQ7kNvwEPuBYA&_nc_oc=AdnqrjDN_BNjSSHWO-GbkIWH6fkGMLw4bqvL_NH6e2wMveX7G-rP2dAqsDSq1mJMOaY&_nc_zt=24&_nc_ht=scontent-gig4-1.xx&_nc_gid=AoBFJeGrT1hVaew_6rchkQ&oh=00_AfX7QmFGhQhG2jAllVgXCiM1ZrWgvtp80-Bfppyexh1QEg&oe=689E923C\",\"@id\":\"https:\\\/\\\/anoticiaonline.com.br\\\/site\\\/devido-a-falta-de-combustivel-viacao-uniao-reduz-linhas-de-onibus-na-cidade\\\/#organizationLogo\"},\"image\":{\"@id\":\"https:\\\/\\\/anoticiaonline.com.br\\\/site\\\/devido-a-falta-de-combustivel-viacao-uniao-reduz-linhas-de-onibus-na-cidade\\\/#organizationLogo\"}},{\"@type\":\"Person\",\"@id\":\"https:\\\/\\\/anoticiaonline.com.br\\\/site\\\/author\\\/juliana\\\/#author\",\"url\":\"https:\\\/\\\/anoticiaonline.com.br\\\/site\\\/author\\\/juliana\\\/\",\"name\":\"Juliana Laviola\",\"image\":{\"@type\":\"ImageObject\",\"@id\":\"https:\\\/\\\/anoticiaonline.com.br\\\/site\\\/devido-a-falta-de-combustivel-viacao-uniao-reduz-linhas-de-onibus-na-cidade\\\/#authorImage\",\"url\":\"https:\\\/\\\/secure.gravatar.com\\\/avatar\\\/b8d45f5c699b100dfaf0e543582f38f38bf94cb7ae3a5e9abf8d891a34773335?s=96&d=mm&r=g\",\"width\":96,\"height\":96,\"caption\":\"Juliana Laviola\"}},{\"@type\":\"WebPage\",\"@id\":\"https:\\\/\\\/anoticiaonline.com.br\\\/site\\\/devido-a-falta-de-combustivel-viacao-uniao-reduz-linhas-de-onibus-na-cidade\\\/#webpage\",\"url\":\"https:\\\/\\\/anoticiaonline.com.br\\\/site\\\/devido-a-falta-de-combustivel-viacao-uniao-reduz-linhas-de-onibus-na-cidade\\\/\",\"name\":\"Devido \\u00e0 falta de combust\\u00edvel, Via\\u00e7\\u00e3o Uni\\u00e3o reduz linhas de \\u00f4nibus na cidade - A Not\\u00edcia Online\",\"description\":\"Em virtude da escassez do combust\\u00edvel na cidade, provocada pela greve dos caminhoneiros, que protestam contra o aumento do pre\\u00e7o da gasolina, a Via\\u00e7\\u00e3o Uni\\u00e3o come\\u00e7ou a atender, desde a quinta-feira (24), em escala reduzida de hor\\u00e1rios. \\u201cTeremos que diminuir momentaneamente algumas linhas de \\u00f4nibus por causa da falta de combust\\u00edvel para abastecer os ve\\u00edculos.\",\"inLanguage\":\"pt-BR\",\"isPartOf\":{\"@id\":\"https:\\\/\\\/anoticiaonline.com.br\\\/site\\\/#website\"},\"breadcrumb\":{\"@id\":\"https:\\\/\\\/anoticiaonline.com.br\\\/site\\\/devido-a-falta-de-combustivel-viacao-uniao-reduz-linhas-de-onibus-na-cidade\\\/#breadcrumblist\"},\"author\":{\"@id\":\"https:\\\/\\\/anoticiaonline.com.br\\\/site\\\/author\\\/juliana\\\/#author\"},\"creator\":{\"@id\":\"https:\\\/\\\/anoticiaonline.com.br\\\/site\\\/author\\\/juliana\\\/#author\"},\"image\":{\"@type\":\"ImageObject\",\"url\":\"https:\\\/\\\/anoticiaonline.com.br\\\/site\\\/wp-content\\\/uploads\\\/2018\\\/05\\\/Devido-\\u00e0-falta-de-combust\\u00edvel-Via\\u00e7\\u00e3o-Uni\\u00e3o-reduz-linhas-de-\\u00f4nibus-na-cidade.jpg\",\"@id\":\"https:\\\/\\\/anoticiaonline.com.br\\\/site\\\/devido-a-falta-de-combustivel-viacao-uniao-reduz-linhas-de-onibus-na-cidade\\\/#mainImage\",\"width\":640,\"height\":427},\"primaryImageOfPage\":{\"@id\":\"https:\\\/\\\/anoticiaonline.com.br\\\/site\\\/devido-a-falta-de-combustivel-viacao-uniao-reduz-linhas-de-onibus-na-cidade\\\/#mainImage\"},\"datePublished\":\"2018-05-24T16:48:32-03:00\",\"dateModified\":\"2018-05-24T16:48:32-03:00\"},{\"@type\":\"WebSite\",\"@id\":\"https:\\\/\\\/anoticiaonline.com.br\\\/site\\\/#website\",\"url\":\"https:\\\/\\\/anoticiaonline.com.br\\\/site\\\/\",\"name\":\"A Not\\u00edcia Online\",\"description\":\"Noticias de Muria\\u00e9 e regi\\u00e3o\",\"inLanguage\":\"pt-BR\",\"publisher\":{\"@id\":\"https:\\\/\\\/anoticiaonline.com.br\\\/site\\\/#organization\"}}]}\n\t\t<\/script>\n\t\t<!-- All in One SEO -->\n\n","aioseo_head_json":{"title":"Devido \u00e0 falta de combust\u00edvel, Via\u00e7\u00e3o Uni\u00e3o reduz linhas de \u00f4nibus na cidade - A Not\u00edcia Online","description":"Em virtude da escassez do combust\u00edvel na cidade, provocada pela greve dos caminhoneiros, que protestam contra o aumento do pre\u00e7o da gasolina, a Via\u00e7\u00e3o Uni\u00e3o come\u00e7ou a atender, desde a quinta-feira (24), em escala reduzida de hor\u00e1rios. \u201cTeremos que diminuir momentaneamente algumas linhas de \u00f4nibus por causa da falta de combust\u00edvel para abastecer os ve\u00edculos.","canonical_url":"https:\/\/anoticiaonline.com.br\/site\/devido-a-falta-de-combustivel-viacao-uniao-reduz-linhas-de-onibus-na-cidade\/","robots":"max-image-preview:large","keywords":"","webmasterTools":{"miscellaneous":""},"schema":{"@context":"https:\/\/schema.org","@graph":[{"@type":"BlogPosting","@id":"https:\/\/anoticiaonline.com.br\/site\/devido-a-falta-de-combustivel-viacao-uniao-reduz-linhas-de-onibus-na-cidade\/#blogposting","name":"Devido \u00e0 falta de combust\u00edvel, Via\u00e7\u00e3o Uni\u00e3o reduz linhas de \u00f4nibus na cidade - A Not\u00edcia Online","headline":"Devido \u00e0 falta de combust\u00edvel, Via\u00e7\u00e3o Uni\u00e3o reduz linhas de \u00f4nibus na cidade","author":{"@id":"https:\/\/anoticiaonline.com.br\/site\/author\/juliana\/#author"},"publisher":{"@id":"https:\/\/anoticiaonline.com.br\/site\/#organization"},"image":{"@type":"ImageObject","url":"https:\/\/anoticiaonline.com.br\/site\/wp-content\/uploads\/2018\/05\/Devido-\u00e0-falta-de-combust\u00edvel-Via\u00e7\u00e3o-Uni\u00e3o-reduz-linhas-de-\u00f4nibus-na-cidade.jpg","width":640,"height":427},"datePublished":"2018-05-24T16:48:32-03:00","dateModified":"2018-05-24T16:48:32-03:00","inLanguage":"pt-BR","mainEntityOfPage":{"@id":"https:\/\/anoticiaonline.com.br\/site\/devido-a-falta-de-combustivel-viacao-uniao-reduz-linhas-de-onibus-na-cidade\/#webpage"},"isPartOf":{"@id":"https:\/\/anoticiaonline.com.br\/site\/devido-a-falta-de-combustivel-viacao-uniao-reduz-linhas-de-onibus-na-cidade\/#webpage"},"articleSection":"Blog, Tr\u00e2nsito, caminhoneiros, gasolina, greve, Muria\u00e9, \u00f4nibus, tr\u00e2nsito, via\u00e7\u00e3o uni\u00e3o"},{"@type":"BreadcrumbList","@id":"https:\/\/anoticiaonline.com.br\/site\/devido-a-falta-de-combustivel-viacao-uniao-reduz-linhas-de-onibus-na-cidade\/#breadcrumblist","itemListElement":[{"@type":"ListItem","@id":"https:\/\/anoticiaonline.com.br\/site#listItem","position":1,"name":"Home","item":"https:\/\/anoticiaonline.com.br\/site","nextItem":{"@type":"ListItem","@id":"https:\/\/anoticiaonline.com.br\/site\/categoria\/muriae\/#listItem","name":"Blog"}},{"@type":"ListItem","@id":"https:\/\/anoticiaonline.com.br\/site\/categoria\/muriae\/#listItem","position":2,"name":"Blog","item":"https:\/\/anoticiaonline.com.br\/site\/categoria\/muriae\/","nextItem":{"@type":"ListItem","@id":"https:\/\/anoticiaonline.com.br\/site\/categoria\/muriae\/transito\/#listItem","name":"Tr\u00e2nsito"},"previousItem":{"@type":"ListItem","@id":"https:\/\/anoticiaonline.com.br\/site#listItem","name":"Home"}},{"@type":"ListItem","@id":"https:\/\/anoticiaonline.com.br\/site\/categoria\/muriae\/transito\/#listItem","position":3,"name":"Tr\u00e2nsito","item":"https:\/\/anoticiaonline.com.br\/site\/categoria\/muriae\/transito\/","nextItem":{"@type":"ListItem","@id":"https:\/\/anoticiaonline.com.br\/site\/devido-a-falta-de-combustivel-viacao-uniao-reduz-linhas-de-onibus-na-cidade\/#listItem","name":"Devido \u00e0 falta de combust\u00edvel, Via\u00e7\u00e3o Uni\u00e3o reduz linhas de \u00f4nibus na cidade"},"previousItem":{"@type":"ListItem","@id":"https:\/\/anoticiaonline.com.br\/site\/categoria\/muriae\/#listItem","name":"Blog"}},{"@type":"ListItem","@id":"https:\/\/anoticiaonline.com.br\/site\/devido-a-falta-de-combustivel-viacao-uniao-reduz-linhas-de-onibus-na-cidade\/#listItem","position":4,"name":"Devido \u00e0 falta de combust\u00edvel, Via\u00e7\u00e3o Uni\u00e3o reduz linhas de \u00f4nibus na cidade","previousItem":{"@type":"ListItem","@id":"https:\/\/anoticiaonline.com.br\/site\/categoria\/muriae\/transito\/#listItem","name":"Tr\u00e2nsito"}}]},{"@type":"Organization","@id":"https:\/\/anoticiaonline.com.br\/site\/#organization","name":"A Not\u00edcia Online","description":"Noticias de Muria\u00e9 e regi\u00e3o","url":"https:\/\/anoticiaonline.com.br\/site\/","logo":{"@type":"ImageObject","url":"https:\/\/scontent-gig4-1.xx.fbcdn.net\/v\/t39.30808-1\/270437624_4564083193639691_6907940295614233970_n.jpg?stp=dst-jpg_s200x200_tt6&_nc_cat=111&ccb=1-7&_nc_sid=f907e8&_nc_ohc=SM1wRlP3lJwQ7kNvwEPuBYA&_nc_oc=AdnqrjDN_BNjSSHWO-GbkIWH6fkGMLw4bqvL_NH6e2wMveX7G-rP2dAqsDSq1mJMOaY&_nc_zt=24&_nc_ht=scontent-gig4-1.xx&_nc_gid=AoBFJeGrT1hVaew_6rchkQ&oh=00_AfX7QmFGhQhG2jAllVgXCiM1ZrWgvtp80-Bfppyexh1QEg&oe=689E923C","@id":"https:\/\/anoticiaonline.com.br\/site\/devido-a-falta-de-combustivel-viacao-uniao-reduz-linhas-de-onibus-na-cidade\/#organizationLogo"},"image":{"@id":"https:\/\/anoticiaonline.com.br\/site\/devido-a-falta-de-combustivel-viacao-uniao-reduz-linhas-de-onibus-na-cidade\/#organizationLogo"}},{"@type":"Person","@id":"https:\/\/anoticiaonline.com.br\/site\/author\/juliana\/#author","url":"https:\/\/anoticiaonline.com.br\/site\/author\/juliana\/","name":"Juliana Laviola","image":{"@type":"ImageObject","@id":"https:\/\/anoticiaonline.com.br\/site\/devido-a-falta-de-combustivel-viacao-uniao-reduz-linhas-de-onibus-na-cidade\/#authorImage","url":"https:\/\/secure.gravatar.com\/avatar\/b8d45f5c699b100dfaf0e543582f38f38bf94cb7ae3a5e9abf8d891a34773335?s=96&d=mm&r=g","width":96,"height":96,"caption":"Juliana Laviola"}},{"@type":"WebPage","@id":"https:\/\/anoticiaonline.com.br\/site\/devido-a-falta-de-combustivel-viacao-uniao-reduz-linhas-de-onibus-na-cidade\/#webpage","url":"https:\/\/anoticiaonline.com.br\/site\/devido-a-falta-de-combustivel-viacao-uniao-reduz-linhas-de-onibus-na-cidade\/","name":"Devido \u00e0 falta de combust\u00edvel, Via\u00e7\u00e3o Uni\u00e3o reduz linhas de \u00f4nibus na cidade - A Not\u00edcia Online","description":"Em virtude da escassez do combust\u00edvel na cidade, provocada pela greve dos caminhoneiros, que protestam contra o aumento do pre\u00e7o da gasolina, a Via\u00e7\u00e3o Uni\u00e3o come\u00e7ou a atender, desde a quinta-feira (24), em escala reduzida de hor\u00e1rios. \u201cTeremos que diminuir momentaneamente algumas linhas de \u00f4nibus por causa da falta de combust\u00edvel para abastecer os ve\u00edculos.","inLanguage":"pt-BR","isPartOf":{"@id":"https:\/\/anoticiaonline.com.br\/site\/#website"},"breadcrumb":{"@id":"https:\/\/anoticiaonline.com.br\/site\/devido-a-falta-de-combustivel-viacao-uniao-reduz-linhas-de-onibus-na-cidade\/#breadcrumblist"},"author":{"@id":"https:\/\/anoticiaonline.com.br\/site\/author\/juliana\/#author"},"creator":{"@id":"https:\/\/anoticiaonline.com.br\/site\/author\/juliana\/#author"},"image":{"@type":"ImageObject","url":"https:\/\/anoticiaonline.com.br\/site\/wp-content\/uploads\/2018\/05\/Devido-\u00e0-falta-de-combust\u00edvel-Via\u00e7\u00e3o-Uni\u00e3o-reduz-linhas-de-\u00f4nibus-na-cidade.jpg","@id":"https:\/\/anoticiaonline.com.br\/site\/devido-a-falta-de-combustivel-viacao-uniao-reduz-linhas-de-onibus-na-cidade\/#mainImage","width":640,"height":427},"primaryImageOfPage":{"@id":"https:\/\/anoticiaonline.com.br\/site\/devido-a-falta-de-combustivel-viacao-uniao-reduz-linhas-de-onibus-na-cidade\/#mainImage"},"datePublished":"2018-05-24T16:48:32-03:00","dateModified":"2018-05-24T16:48:32-03:00"},{"@type":"WebSite","@id":"https:\/\/anoticiaonline.com.br\/site\/#website","url":"https:\/\/anoticiaonline.com.br\/site\/","name":"A Not\u00edcia Online","description":"Noticias de Muria\u00e9 e regi\u00e3o","inLanguage":"pt-BR","publisher":{"@id":"https:\/\/anoticiaonline.com.br\/site\/#organization"}}]},"og:locale":"pt_BR","og:site_name":"A Not\u00edcia Online - Noticias de Muria\u00e9 e regi\u00e3o","og:type":"article","og:title":"Devido \u00e0 falta de combust\u00edvel, Via\u00e7\u00e3o Uni\u00e3o reduz linhas de \u00f4nibus na cidade - A Not\u00edcia Online","og:description":"Em virtude da escassez do combust\u00edvel na cidade, provocada pela greve dos caminhoneiros, que protestam contra o aumento do pre\u00e7o da gasolina, a Via\u00e7\u00e3o Uni\u00e3o come\u00e7ou a atender, desde a quinta-feira (24), em escala reduzida de hor\u00e1rios. \u201cTeremos que diminuir momentaneamente algumas linhas de \u00f4nibus por causa da falta de combust\u00edvel para abastecer os ve\u00edculos.","og:url":"https:\/\/anoticiaonline.com.br\/site\/devido-a-falta-de-combustivel-viacao-uniao-reduz-linhas-de-onibus-na-cidade\/","og:image":"https:\/\/scontent-gig4-1.xx.fbcdn.net\/v\/t39.30808-1\/270437624_4564083193639691_6907940295614233970_n.jpg?stp=dst-jpg_s200x200_tt6&#038;_nc_cat=111&#038;ccb=1-7&#038;_nc_sid=f907e8&#038;_nc_ohc=SM1wRlP3lJwQ7kNvwEPuBYA&#038;_nc_oc=AdnqrjDN_BNjSSHWO-GbkIWH6fkGMLw4bqvL_NH6e2wMveX7G-rP2dAqsDSq1mJMOaY&#038;_nc_zt=24&#038;_nc_ht=scontent-gig4-1.xx&#038;_nc_gid=AoBFJeGrT1hVaew_6rchkQ&#038;oh=00_AfX7QmFGhQhG2jAllVgXCiM1ZrWgvtp80-Bfppyexh1QEg&#038;oe=689E923C","og:image:secure_url":"https:\/\/scontent-gig4-1.xx.fbcdn.net\/v\/t39.30808-1\/270437624_4564083193639691_6907940295614233970_n.jpg?stp=dst-jpg_s200x200_tt6&#038;_nc_cat=111&#038;ccb=1-7&#038;_nc_sid=f907e8&#038;_nc_ohc=SM1wRlP3lJwQ7kNvwEPuBYA&#038;_nc_oc=AdnqrjDN_BNjSSHWO-GbkIWH6fkGMLw4bqvL_NH6e2wMveX7G-rP2dAqsDSq1mJMOaY&#038;_nc_zt=24&#038;_nc_ht=scontent-gig4-1.xx&#038;_nc_gid=AoBFJeGrT1hVaew_6rchkQ&#038;oh=00_AfX7QmFGhQhG2jAllVgXCiM1ZrWgvtp80-Bfppyexh1QEg&#038;oe=689E923C","article:published_time":"2018-05-24T19:48:32+00:00","article:modified_time":"2018-05-24T19:48:32+00:00","twitter:card":"summary_large_image","twitter:title":"Devido \u00e0 falta de combust\u00edvel, Via\u00e7\u00e3o Uni\u00e3o reduz linhas de \u00f4nibus na cidade - A Not\u00edcia Online","twitter:description":"Em virtude da escassez do combust\u00edvel na cidade, provocada pela greve dos caminhoneiros, que protestam contra o aumento do pre\u00e7o da gasolina, a Via\u00e7\u00e3o Uni\u00e3o come\u00e7ou a atender, desde a quinta-feira (24), em escala reduzida de hor\u00e1rios. \u201cTeremos que diminuir momentaneamente algumas linhas de \u00f4nibus por causa da falta de combust\u00edvel para abastecer os ve\u00edculos.","twitter:image":"https:\/\/scontent-gig4-1.xx.fbcdn.net\/v\/t39.30808-1\/270437624_4564083193639691_6907940295614233970_n.jpg?stp=dst-jpg_s200x200_tt6&_nc_cat=111&ccb=1-7&_nc_sid=f907e8&_nc_ohc=SM1wRlP3lJwQ7kNvwEPuBYA&_nc_oc=AdnqrjDN_BNjSSHWO-GbkIWH6fkGMLw4bqvL_NH6e2wMveX7G-rP2dAqsDSq1mJMOaY&_nc_zt=24&_nc_ht=scontent-gig4-1.xx&_nc_gid=AoBFJeGrT1hVaew_6rchkQ&oh=00_AfX7QmFGhQhG2jAllVgXCiM1ZrWgvtp80-Bfppyexh1QEg&oe=689E923C"},"aioseo_meta_data":{"post_id":"56348","title":null,"description":null,"keywords":null,"keyphrases":null,"primary_term":null,"canonical_url":null,"og_title":null,"og_description":null,"og_object_type":"default","og_image_type":"default","og_image_url":null,"og_image_width":null,"og_image_height":null,"og_image_custom_url":null,"og_image_custom_fields":null,"og_video":null,"og_custom_url":null,"og_article_section":null,"og_article_tags":null,"twitter_use_og":false,"twitter_card":"default","twitter_image_type":"default","twitter_image_url":null,"twitter_image_custom_url":null,"twitter_image_custom_fields":null,"twitter_title":null,"twitter_description":null,"schema":{"blockGraphs":[],"customGraphs":[],"default":{"data":{"Article":[],"Course":[],"Dataset":[],"FAQPage":[],"Movie":[],"Person":[],"Product":[],"ProductReview":[],"Car":[],"Recipe":[],"Service":[],"SoftwareApplication":[],"WebPage":[]},"graphName":"","isEnabled":true},"graphs":[]},"schema_type":"default","schema_type_options":null,"pillar_content":false,"robots_default":true,"robots_noindex":false,"robots_noarchive":false,"robots_nosnippet":false,"robots_nofollow":false,"robots_noimageindex":false,"robots_noodp":false,"robots_notranslate":false,"robots_max_snippet":null,"robots_max_videopreview":null,"robots_max_imagepreview":"large","priority":null,"frequency":null,"local_seo":null,"breadcrumb_settings":null,"limit_modified_date":false,"ai":null,"created":"2025-08-16 20:55:19","updated":"2025-08-16 20:55:19","focus_keyword":null,"additional_keywords":null,"truseo_locale":null,"seo_analyzer_scan_date":null},"aioseo_breadcrumb":"<div class=\"aioseo-breadcrumbs\"><span class=\"aioseo-breadcrumb\">\n\t\t\t<a href=\"https:\/\/anoticiaonline.com.br\/site\" title=\"Home\">Home<\/a>\n\t\t<\/span><span class=\"aioseo-breadcrumb-separator\">&raquo;<\/span><span class=\"aioseo-breadcrumb\">\n\t\t\t<a href=\"https:\/\/anoticiaonline.com.br\/site\/categoria\/muriae\/\" title=\"Blog\">Blog<\/a>\n\t\t<\/span><span class=\"aioseo-breadcrumb-separator\">&raquo;<\/span><span class=\"aioseo-breadcrumb\">\n\t\t\t<a href=\"https:\/\/anoticiaonline.com.br\/site\/categoria\/muriae\/transito\/\" title=\"Tr\u00e2nsito\">Tr\u00e2nsito<\/a>\n\t\t<\/span><span class=\"aioseo-breadcrumb-separator\">&raquo;<\/span><span class=\"aioseo-breadcrumb\">\n\t\t\tDevido \u00e0 falta de combust\u00edvel, Via\u00e7\u00e3o Uni\u00e3o reduz linhas de \u00f4nibus na cidade\n\t\t<\/span><\/div>","aioseo_breadcrumb_json":[{"label":"Home","link":"https:\/\/anoticiaonline.com.br\/site"},{"label":"Blog","link":"https:\/\/anoticiaonline.com.br\/site\/categoria\/muriae\/"},{"label":"Tr\u00e2nsito","link":"https:\/\/anoticiaonline.com.br\/site\/categoria\/muriae\/transito\/"},{"label":"Devido \u00e0 falta de combust\u00edvel, Via\u00e7\u00e3o Uni\u00e3o reduz linhas de \u00f4nibus na cidade","link":"https:\/\/anoticiaonline.com.br\/site\/devido-a-falta-de-combustivel-viacao-uniao-reduz-linhas-de-onibus-na-cidade\/"}],"views":133,"_links":{"self":[{"href":"https:\/\/anoticiaonline.com.br\/site\/wp-json\/wp\/v2\/posts\/56348","targetHints":{"allow":["GET"]}}],"collection":[{"href":"https:\/\/anoticiaonline.com.br\/site\/wp-json\/wp\/v2\/posts"}],"about":[{"href":"https:\/\/anoticiaonline.com.br\/site\/wp-json\/wp\/v2\/types\/post"}],"author":[{"embeddable":true,"href":"https:\/\/anoticiaonline.com.br\/site\/wp-json\/wp\/v2\/users\/2"}],"replies":[{"embeddable":true,"href":"https:\/\/anoticiaonline.com.br\/site\/wp-json\/wp\/v2\/comments?post=56348"}],"version-history":[{"count":0,"href":"https:\/\/anoticiaonline.com.br\/site\/wp-json\/wp\/v2\/posts\/56348\/revisions"}],"wp:featuredmedia":[{"embeddable":true,"href":"https:\/\/anoticiaonline.com.br\/site\/wp-json\/wp\/v2\/media\/56349"}],"wp:attachment":[{"href":"https:\/\/anoticiaonline.com.br\/site\/wp-json\/wp\/v2\/media?parent=56348"}],"wp:term":[{"taxonomy":"category","embeddable":true,"href":"https:\/\/anoticiaonline.com.br\/site\/wp-json\/wp\/v2\/categories?post=56348"},{"taxonomy":"post_tag","embeddable":true,"href":"https:\/\/anoticiaonline.com.br\/site\/wp-json\/wp\/v2\/tags?post=56348"}],"curies":[{"name":"wp","href":"https:\/\/api.w.org\/{rel}","templated":true}]}}