{"id":56333,"date":"2018-05-23T10:11:07","date_gmt":"2018-05-23T13:11:07","guid":{"rendered":"http:\/\/anoticiaonline.com.br\/site\/?p=56333"},"modified":"2018-05-23T10:11:07","modified_gmt":"2018-05-23T13:11:07","slug":"semana-de-luta-antimanicomial-debate-inclusao-social-de-pacientes","status":"publish","type":"post","link":"https:\/\/anoticiaonline.com.br\/site\/semana-de-luta-antimanicomial-debate-inclusao-social-de-pacientes\/","title":{"rendered":"Semana de Luta Antimanicomial debate inclus\u00e3o social de pacientes"},"content":{"rendered":"<p>Promover o debate sobre a import\u00e2ncia da inclus\u00e3o social de pessoas com transtornos mentais e usu\u00e1rios de \u00e1lcool e outras drogas, apresentando a eles novas possibilidades de conv\u00edvio social, foi o objetivo da Semana de Luta Antimanicomial de Muria\u00e9.<\/p>\n<p>A programa\u00e7\u00e3o, que come\u00e7ou na \u00faltima segunda e terminou na sexta-feira, entre os dias 14 e 18, incluiu roda de conversa no Coreto envolvendo pacientes, alunos de Medicina e Psicologia do Centro Universit\u00e1rio Unifaminas, al\u00e9m de enfermeiros da rede municipal de sa\u00fade; exposi\u00e7\u00e3o de quadros dos pacientes do Centro de Aten\u00e7\u00e3o Psicossocial (CAPS \u00c1lcool e Drogas e CAPS II), panfletagem, exposi\u00e7\u00e3o de artesanato confeccionado pelos pr\u00f3prios pacientes, palestras e capacita\u00e7\u00e3o para os profissionais da rede socioassistencial e dos N\u00facleos de Apoio \u00e0 Sa\u00fade Familiar. Os desfiles de pacientes do CAPS, exaltando o tema \u201cSa\u00fade mental no alvo da moda\u201d, no Complexo Cristo Redentor, finalizaram as atividades da Semana.<\/p>\n<p>A coordenadora de Sa\u00fade Mental da Secretaria de Sa\u00fade, Cinthia Muglia, considera a Semana da Luta Antimanicomial como \u201cum marco\u201d para a cidade. \u201cAl\u00e9m de evidenciar o que j\u00e1 \u00e9 oferecido e a reformula\u00e7\u00e3o dos outros servi\u00e7os de sa\u00fade mental, colocamos nossos pacientes em evid\u00eancia, mostrando para eles, familiares e sociedade o quanto nossa luta n\u00e3o \u00e9 somente contra os manic\u00f4mios, mas contra o preconceito e o julgamento. Conseguimos que eles se colocassem numa posi\u00e7\u00e3o de integrantes da sociedade, como realmente o s\u00e3o, de dignidade, empoderamento e supera\u00e7\u00e3o\u201d, diz.<\/p>\n<p>A Semana em Muria\u00e9 surgiu em comemora\u00e7\u00e3o ao Dia Nacional da Luta Antimanicomial (18 de maio). O movimento combate a ideia de que pessoas com transtornos mentais devem ser isoladas, buscando, ao contr\u00e1rio, a conviv\u00eancia pr\u00f3xima \u00e0 fam\u00edlia e \u00e0 comunidade e, principalmente, o respeito aos direitos humanos.<\/p>\n<p>M\u00e3e de um paciente acompanhado pelo CAPS, Ivany Ven\u00e2ncio conta que o servi\u00e7o possibilitou a melhoria do quadro de sa\u00fade do filho. \u201cEle foi muito bem acolhido. N\u00e3o tem mais surto e j\u00e1 est\u00e1 fazendo o desmame dos rem\u00e9dios. Est\u00e1 progredindo muito bem. Hoje ele consegue ver um futuro para sua vida, e eu, enquanto m\u00e3e, fico muito feliz com esse resultado\u201d, diz.<\/p>\n<p><a href=\"https:\/\/anoticiaonline.com.br\/site\/wp-content\/uploads\/2018\/05\/01.jpg\"><img fetchpriority=\"high\" decoding=\"async\" class=\"alignnone size-full wp-image-56334\" src=\"https:\/\/anoticiaonline.com.br\/site\/wp-content\/uploads\/2018\/05\/01.jpg\" alt=\"\" width=\"640\" height=\"427\" srcset=\"https:\/\/anoticiaonline.com.br\/site\/wp-content\/uploads\/2018\/05\/01.jpg 640w, https:\/\/anoticiaonline.com.br\/site\/wp-content\/uploads\/2018\/05\/01-300x200.jpg 300w\" sizes=\"(max-width: 640px) 100vw, 640px\" \/><\/a> <a href=\"https:\/\/anoticiaonline.com.br\/site\/wp-content\/uploads\/2018\/05\/02.jpg\"><img decoding=\"async\" class=\"alignnone size-full wp-image-56335\" src=\"https:\/\/anoticiaonline.com.br\/site\/wp-content\/uploads\/2018\/05\/02.jpg\" alt=\"\" width=\"640\" height=\"427\" srcset=\"https:\/\/anoticiaonline.com.br\/site\/wp-content\/uploads\/2018\/05\/02.jpg 640w, https:\/\/anoticiaonline.com.br\/site\/wp-content\/uploads\/2018\/05\/02-300x200.jpg 300w\" sizes=\"(max-width: 640px) 100vw, 640px\" \/><\/a> <a href=\"https:\/\/anoticiaonline.com.br\/site\/wp-content\/uploads\/2018\/05\/02-1.jpg\"><img decoding=\"async\" class=\"alignnone size-full wp-image-56336\" src=\"https:\/\/anoticiaonline.com.br\/site\/wp-content\/uploads\/2018\/05\/02-1.jpg\" alt=\"\" width=\"640\" height=\"427\" srcset=\"https:\/\/anoticiaonline.com.br\/site\/wp-content\/uploads\/2018\/05\/02-1.jpg 640w, https:\/\/anoticiaonline.com.br\/site\/wp-content\/uploads\/2018\/05\/02-1-300x200.jpg 300w\" sizes=\"(max-width: 640px) 100vw, 640px\" \/><\/a> <a href=\"https:\/\/anoticiaonline.com.br\/site\/wp-content\/uploads\/2018\/05\/IMG_1012.jpg\"><img loading=\"lazy\" decoding=\"async\" class=\"alignnone size-full wp-image-56337\" src=\"https:\/\/anoticiaonline.com.br\/site\/wp-content\/uploads\/2018\/05\/IMG_1012.jpg\" alt=\"\" width=\"640\" height=\"427\" srcset=\"https:\/\/anoticiaonline.com.br\/site\/wp-content\/uploads\/2018\/05\/IMG_1012.jpg 640w, https:\/\/anoticiaonline.com.br\/site\/wp-content\/uploads\/2018\/05\/IMG_1012-300x200.jpg 300w\" sizes=\"(max-width: 640px) 100vw, 640px\" \/><\/a><\/p>\n<p>Cr\u00e9ditos: ASCOM PMM<\/p>\n","protected":false},"excerpt":{"rendered":"<p>Promover o debate sobre a import\u00e2ncia da inclus\u00e3o social de pessoas com transtornos mentais e usu\u00e1rios de \u00e1lcool e outras drogas, apresentando a eles novas possibilidades de conv\u00edvio social, foi o objetivo da Semana de Luta Antimanicomial de Muria\u00e9. A programa\u00e7\u00e3o, que come\u00e7ou na \u00faltima segunda e terminou na sexta-feira, entre os dias 14 e &#8230; <a title=\"Semana de Luta Antimanicomial debate inclus\u00e3o social de pacientes\" class=\"read-more\" href=\"https:\/\/anoticiaonline.com.br\/site\/semana-de-luta-antimanicomial-debate-inclusao-social-de-pacientes\/\" aria-label=\"Read more about Semana de Luta Antimanicomial debate inclus\u00e3o social de pacientes\">Ler mais<\/a><\/p>\n","protected":false},"author":2,"featured_media":56337,"comment_status":"open","ping_status":"open","sticky":false,"template":"","format":"standard","meta":{"_acf_changed":false,"_monsterinsights_skip_tracking":false,"footnotes":""},"categories":[30],"tags":[2218,2635,74,502,2634],"class_list":["post-56333","post","type-post","status-publish","format-standard","has-post-thumbnail","hentry","category-muriae","tag-debate","tag-luta-antimanicomial","tag-muriae","tag-psicologia","tag-psiquiatria"],"acf":[],"aioseo_notices":[],"aioseo_head":"\n\t\t<!-- All in One SEO 5.0.0.1 - aioseo.com -->\n\t<meta name=\"description\" content=\"Promover o debate sobre a import\u00e2ncia da inclus\u00e3o social de pessoas com transtornos mentais e usu\u00e1rios de \u00e1lcool e outras drogas, apresentando a eles novas possibilidades de conv\u00edvio social, foi o objetivo da Semana de Luta Antimanicomial de Muria\u00e9. A programa\u00e7\u00e3o, que come\u00e7ou na \u00faltima segunda e terminou na sexta-feira, entre os dias 14 e\" \/>\n\t<meta name=\"robots\" content=\"max-image-preview:large\" \/>\n\t<meta name=\"author\" content=\"Juliana Laviola\"\/>\n\t<link rel=\"canonical\" href=\"https:\/\/anoticiaonline.com.br\/site\/semana-de-luta-antimanicomial-debate-inclusao-social-de-pacientes\/\" \/>\n\t<meta name=\"generator\" content=\"All in One SEO (AIOSEO) 5.0.0.1\" \/>\n\t\t<meta property=\"og:locale\" content=\"pt_BR\" \/>\n\t\t<meta property=\"og:site_name\" content=\"A Not\u00edcia Online - Noticias de Muria\u00e9 e regi\u00e3o\" \/>\n\t\t<meta property=\"og:type\" content=\"article\" \/>\n\t\t<meta property=\"og:title\" content=\"Semana de Luta Antimanicomial debate inclus\u00e3o social de pacientes - A Not\u00edcia Online\" \/>\n\t\t<meta property=\"og:description\" content=\"Promover o debate sobre a import\u00e2ncia da inclus\u00e3o social de pessoas com transtornos mentais e usu\u00e1rios de \u00e1lcool e outras drogas, apresentando a eles novas possibilidades de conv\u00edvio social, foi o objetivo da Semana de Luta Antimanicomial de Muria\u00e9. A programa\u00e7\u00e3o, que come\u00e7ou na \u00faltima segunda e terminou na sexta-feira, entre os dias 14 e\" \/>\n\t\t<meta property=\"og:url\" content=\"https:\/\/anoticiaonline.com.br\/site\/semana-de-luta-antimanicomial-debate-inclusao-social-de-pacientes\/\" \/>\n\t\t<meta property=\"og:image\" content=\"https:\/\/scontent-gig4-1.xx.fbcdn.net\/v\/t39.30808-1\/270437624_4564083193639691_6907940295614233970_n.jpg?stp=dst-jpg_s200x200_tt6&#038;_nc_cat=111&#038;ccb=1-7&#038;_nc_sid=f907e8&#038;_nc_ohc=SM1wRlP3lJwQ7kNvwEPuBYA&#038;_nc_oc=AdnqrjDN_BNjSSHWO-GbkIWH6fkGMLw4bqvL_NH6e2wMveX7G-rP2dAqsDSq1mJMOaY&#038;_nc_zt=24&#038;_nc_ht=scontent-gig4-1.xx&#038;_nc_gid=AoBFJeGrT1hVaew_6rchkQ&#038;oh=00_AfX7QmFGhQhG2jAllVgXCiM1ZrWgvtp80-Bfppyexh1QEg&#038;oe=689E923C\" \/>\n\t\t<meta property=\"og:image:secure_url\" content=\"https:\/\/scontent-gig4-1.xx.fbcdn.net\/v\/t39.30808-1\/270437624_4564083193639691_6907940295614233970_n.jpg?stp=dst-jpg_s200x200_tt6&#038;_nc_cat=111&#038;ccb=1-7&#038;_nc_sid=f907e8&#038;_nc_ohc=SM1wRlP3lJwQ7kNvwEPuBYA&#038;_nc_oc=AdnqrjDN_BNjSSHWO-GbkIWH6fkGMLw4bqvL_NH6e2wMveX7G-rP2dAqsDSq1mJMOaY&#038;_nc_zt=24&#038;_nc_ht=scontent-gig4-1.xx&#038;_nc_gid=AoBFJeGrT1hVaew_6rchkQ&#038;oh=00_AfX7QmFGhQhG2jAllVgXCiM1ZrWgvtp80-Bfppyexh1QEg&#038;oe=689E923C\" \/>\n\t\t<meta property=\"article:published_time\" content=\"2018-05-23T13:11:07+00:00\" \/>\n\t\t<meta property=\"article:modified_time\" content=\"2018-05-23T13:11:07+00:00\" \/>\n\t\t<meta name=\"twitter:card\" content=\"summary_large_image\" \/>\n\t\t<meta name=\"twitter:title\" content=\"Semana de Luta Antimanicomial debate inclus\u00e3o social de pacientes - A Not\u00edcia Online\" \/>\n\t\t<meta name=\"twitter:description\" content=\"Promover o debate sobre a import\u00e2ncia da inclus\u00e3o social de pessoas com transtornos mentais e usu\u00e1rios de \u00e1lcool e outras drogas, apresentando a eles novas possibilidades de conv\u00edvio social, foi o objetivo da Semana de Luta Antimanicomial de Muria\u00e9. A programa\u00e7\u00e3o, que come\u00e7ou na \u00faltima segunda e terminou na sexta-feira, entre os dias 14 e\" \/>\n\t\t<meta name=\"twitter:image\" content=\"https:\/\/scontent-gig4-1.xx.fbcdn.net\/v\/t39.30808-1\/270437624_4564083193639691_6907940295614233970_n.jpg?stp=dst-jpg_s200x200_tt6&amp;_nc_cat=111&amp;ccb=1-7&amp;_nc_sid=f907e8&amp;_nc_ohc=SM1wRlP3lJwQ7kNvwEPuBYA&amp;_nc_oc=AdnqrjDN_BNjSSHWO-GbkIWH6fkGMLw4bqvL_NH6e2wMveX7G-rP2dAqsDSq1mJMOaY&amp;_nc_zt=24&amp;_nc_ht=scontent-gig4-1.xx&amp;_nc_gid=AoBFJeGrT1hVaew_6rchkQ&amp;oh=00_AfX7QmFGhQhG2jAllVgXCiM1ZrWgvtp80-Bfppyexh1QEg&amp;oe=689E923C\" \/>\n\t\t<script type=\"application\/ld+json\" class=\"aioseo-schema\">\n\t\t\t{\"@context\":\"https:\\\/\\\/schema.org\",\"@graph\":[{\"@type\":\"BlogPosting\",\"@id\":\"https:\\\/\\\/anoticiaonline.com.br\\\/site\\\/semana-de-luta-antimanicomial-debate-inclusao-social-de-pacientes\\\/#blogposting\",\"name\":\"Semana de Luta Antimanicomial debate inclus\\u00e3o social de pacientes - A Not\\u00edcia Online\",\"headline\":\"Semana de Luta Antimanicomial debate inclus\\u00e3o social de pacientes\",\"author\":{\"@id\":\"https:\\\/\\\/anoticiaonline.com.br\\\/site\\\/author\\\/juliana\\\/#author\"},\"publisher\":{\"@id\":\"https:\\\/\\\/anoticiaonline.com.br\\\/site\\\/#organization\"},\"image\":{\"@type\":\"ImageObject\",\"url\":\"https:\\\/\\\/anoticiaonline.com.br\\\/site\\\/wp-content\\\/uploads\\\/2018\\\/05\\\/IMG_1012.jpg\",\"width\":640,\"height\":427},\"datePublished\":\"2018-05-23T10:11:07-03:00\",\"dateModified\":\"2018-05-23T10:11:07-03:00\",\"inLanguage\":\"pt-BR\",\"mainEntityOfPage\":{\"@id\":\"https:\\\/\\\/anoticiaonline.com.br\\\/site\\\/semana-de-luta-antimanicomial-debate-inclusao-social-de-pacientes\\\/#webpage\"},\"isPartOf\":{\"@id\":\"https:\\\/\\\/anoticiaonline.com.br\\\/site\\\/semana-de-luta-antimanicomial-debate-inclusao-social-de-pacientes\\\/#webpage\"},\"articleSection\":\"Blog, debate, luta antimanicomial, Muria\\u00e9, psicologia, psiquiatria\"},{\"@type\":\"BreadcrumbList\",\"@id\":\"https:\\\/\\\/anoticiaonline.com.br\\\/site\\\/semana-de-luta-antimanicomial-debate-inclusao-social-de-pacientes\\\/#breadcrumblist\",\"itemListElement\":[{\"@type\":\"ListItem\",\"@id\":\"https:\\\/\\\/anoticiaonline.com.br\\\/site#listItem\",\"position\":1,\"name\":\"Home\",\"item\":\"https:\\\/\\\/anoticiaonline.com.br\\\/site\",\"nextItem\":{\"@type\":\"ListItem\",\"@id\":\"https:\\\/\\\/anoticiaonline.com.br\\\/site\\\/categoria\\\/muriae\\\/#listItem\",\"name\":\"Blog\"}},{\"@type\":\"ListItem\",\"@id\":\"https:\\\/\\\/anoticiaonline.com.br\\\/site\\\/categoria\\\/muriae\\\/#listItem\",\"position\":2,\"name\":\"Blog\",\"item\":\"https:\\\/\\\/anoticiaonline.com.br\\\/site\\\/categoria\\\/muriae\\\/\",\"nextItem\":{\"@type\":\"ListItem\",\"@id\":\"https:\\\/\\\/anoticiaonline.com.br\\\/site\\\/semana-de-luta-antimanicomial-debate-inclusao-social-de-pacientes\\\/#listItem\",\"name\":\"Semana de Luta Antimanicomial debate inclus\\u00e3o social de pacientes\"},\"previousItem\":{\"@type\":\"ListItem\",\"@id\":\"https:\\\/\\\/anoticiaonline.com.br\\\/site#listItem\",\"name\":\"Home\"}},{\"@type\":\"ListItem\",\"@id\":\"https:\\\/\\\/anoticiaonline.com.br\\\/site\\\/semana-de-luta-antimanicomial-debate-inclusao-social-de-pacientes\\\/#listItem\",\"position\":3,\"name\":\"Semana de Luta Antimanicomial debate inclus\\u00e3o social de pacientes\",\"previousItem\":{\"@type\":\"ListItem\",\"@id\":\"https:\\\/\\\/anoticiaonline.com.br\\\/site\\\/categoria\\\/muriae\\\/#listItem\",\"name\":\"Blog\"}}]},{\"@type\":\"Organization\",\"@id\":\"https:\\\/\\\/anoticiaonline.com.br\\\/site\\\/#organization\",\"name\":\"A Not\\u00edcia Online\",\"description\":\"Noticias de Muria\\u00e9 e regi\\u00e3o\",\"url\":\"https:\\\/\\\/anoticiaonline.com.br\\\/site\\\/\",\"logo\":{\"@type\":\"ImageObject\",\"url\":\"https:\\\/\\\/scontent-gig4-1.xx.fbcdn.net\\\/v\\\/t39.30808-1\\\/270437624_4564083193639691_6907940295614233970_n.jpg?stp=dst-jpg_s200x200_tt6&_nc_cat=111&ccb=1-7&_nc_sid=f907e8&_nc_ohc=SM1wRlP3lJwQ7kNvwEPuBYA&_nc_oc=AdnqrjDN_BNjSSHWO-GbkIWH6fkGMLw4bqvL_NH6e2wMveX7G-rP2dAqsDSq1mJMOaY&_nc_zt=24&_nc_ht=scontent-gig4-1.xx&_nc_gid=AoBFJeGrT1hVaew_6rchkQ&oh=00_AfX7QmFGhQhG2jAllVgXCiM1ZrWgvtp80-Bfppyexh1QEg&oe=689E923C\",\"@id\":\"https:\\\/\\\/anoticiaonline.com.br\\\/site\\\/semana-de-luta-antimanicomial-debate-inclusao-social-de-pacientes\\\/#organizationLogo\"},\"image\":{\"@id\":\"https:\\\/\\\/anoticiaonline.com.br\\\/site\\\/semana-de-luta-antimanicomial-debate-inclusao-social-de-pacientes\\\/#organizationLogo\"}},{\"@type\":\"Person\",\"@id\":\"https:\\\/\\\/anoticiaonline.com.br\\\/site\\\/author\\\/juliana\\\/#author\",\"url\":\"https:\\\/\\\/anoticiaonline.com.br\\\/site\\\/author\\\/juliana\\\/\",\"name\":\"Juliana Laviola\",\"image\":{\"@type\":\"ImageObject\",\"@id\":\"https:\\\/\\\/anoticiaonline.com.br\\\/site\\\/semana-de-luta-antimanicomial-debate-inclusao-social-de-pacientes\\\/#authorImage\",\"url\":\"https:\\\/\\\/secure.gravatar.com\\\/avatar\\\/b8d45f5c699b100dfaf0e543582f38f38bf94cb7ae3a5e9abf8d891a34773335?s=96&d=mm&r=g\",\"width\":96,\"height\":96,\"caption\":\"Juliana Laviola\"}},{\"@type\":\"WebPage\",\"@id\":\"https:\\\/\\\/anoticiaonline.com.br\\\/site\\\/semana-de-luta-antimanicomial-debate-inclusao-social-de-pacientes\\\/#webpage\",\"url\":\"https:\\\/\\\/anoticiaonline.com.br\\\/site\\\/semana-de-luta-antimanicomial-debate-inclusao-social-de-pacientes\\\/\",\"name\":\"Semana de Luta Antimanicomial debate inclus\\u00e3o social de pacientes - A Not\\u00edcia Online\",\"description\":\"Promover o debate sobre a import\\u00e2ncia da inclus\\u00e3o social de pessoas com transtornos mentais e usu\\u00e1rios de \\u00e1lcool e outras drogas, apresentando a eles novas possibilidades de conv\\u00edvio social, foi o objetivo da Semana de Luta Antimanicomial de Muria\\u00e9. A programa\\u00e7\\u00e3o, que come\\u00e7ou na \\u00faltima segunda e terminou na sexta-feira, entre os dias 14 e\",\"inLanguage\":\"pt-BR\",\"isPartOf\":{\"@id\":\"https:\\\/\\\/anoticiaonline.com.br\\\/site\\\/#website\"},\"breadcrumb\":{\"@id\":\"https:\\\/\\\/anoticiaonline.com.br\\\/site\\\/semana-de-luta-antimanicomial-debate-inclusao-social-de-pacientes\\\/#breadcrumblist\"},\"author\":{\"@id\":\"https:\\\/\\\/anoticiaonline.com.br\\\/site\\\/author\\\/juliana\\\/#author\"},\"creator\":{\"@id\":\"https:\\\/\\\/anoticiaonline.com.br\\\/site\\\/author\\\/juliana\\\/#author\"},\"image\":{\"@type\":\"ImageObject\",\"url\":\"https:\\\/\\\/anoticiaonline.com.br\\\/site\\\/wp-content\\\/uploads\\\/2018\\\/05\\\/IMG_1012.jpg\",\"@id\":\"https:\\\/\\\/anoticiaonline.com.br\\\/site\\\/semana-de-luta-antimanicomial-debate-inclusao-social-de-pacientes\\\/#mainImage\",\"width\":640,\"height\":427},\"primaryImageOfPage\":{\"@id\":\"https:\\\/\\\/anoticiaonline.com.br\\\/site\\\/semana-de-luta-antimanicomial-debate-inclusao-social-de-pacientes\\\/#mainImage\"},\"datePublished\":\"2018-05-23T10:11:07-03:00\",\"dateModified\":\"2018-05-23T10:11:07-03:00\"},{\"@type\":\"WebSite\",\"@id\":\"https:\\\/\\\/anoticiaonline.com.br\\\/site\\\/#website\",\"url\":\"https:\\\/\\\/anoticiaonline.com.br\\\/site\\\/\",\"name\":\"A Not\\u00edcia Online\",\"description\":\"Noticias de Muria\\u00e9 e regi\\u00e3o\",\"inLanguage\":\"pt-BR\",\"publisher\":{\"@id\":\"https:\\\/\\\/anoticiaonline.com.br\\\/site\\\/#organization\"}}]}\n\t\t<\/script>\n\t\t<!-- All in One SEO -->\n\n","aioseo_head_json":{"title":"Semana de Luta Antimanicomial debate inclus\u00e3o social de pacientes - A Not\u00edcia Online","description":"Promover o debate sobre a import\u00e2ncia da inclus\u00e3o social de pessoas com transtornos mentais e usu\u00e1rios de \u00e1lcool e outras drogas, apresentando a eles novas possibilidades de conv\u00edvio social, foi o objetivo da Semana de Luta Antimanicomial de Muria\u00e9. A programa\u00e7\u00e3o, que come\u00e7ou na \u00faltima segunda e terminou na sexta-feira, entre os dias 14 e","canonical_url":"https:\/\/anoticiaonline.com.br\/site\/semana-de-luta-antimanicomial-debate-inclusao-social-de-pacientes\/","robots":"max-image-preview:large","keywords":"","webmasterTools":{"miscellaneous":""},"schema":{"@context":"https:\/\/schema.org","@graph":[{"@type":"BlogPosting","@id":"https:\/\/anoticiaonline.com.br\/site\/semana-de-luta-antimanicomial-debate-inclusao-social-de-pacientes\/#blogposting","name":"Semana de Luta Antimanicomial debate inclus\u00e3o social de pacientes - A Not\u00edcia Online","headline":"Semana de Luta Antimanicomial debate inclus\u00e3o social de pacientes","author":{"@id":"https:\/\/anoticiaonline.com.br\/site\/author\/juliana\/#author"},"publisher":{"@id":"https:\/\/anoticiaonline.com.br\/site\/#organization"},"image":{"@type":"ImageObject","url":"https:\/\/anoticiaonline.com.br\/site\/wp-content\/uploads\/2018\/05\/IMG_1012.jpg","width":640,"height":427},"datePublished":"2018-05-23T10:11:07-03:00","dateModified":"2018-05-23T10:11:07-03:00","inLanguage":"pt-BR","mainEntityOfPage":{"@id":"https:\/\/anoticiaonline.com.br\/site\/semana-de-luta-antimanicomial-debate-inclusao-social-de-pacientes\/#webpage"},"isPartOf":{"@id":"https:\/\/anoticiaonline.com.br\/site\/semana-de-luta-antimanicomial-debate-inclusao-social-de-pacientes\/#webpage"},"articleSection":"Blog, debate, luta antimanicomial, Muria\u00e9, psicologia, psiquiatria"},{"@type":"BreadcrumbList","@id":"https:\/\/anoticiaonline.com.br\/site\/semana-de-luta-antimanicomial-debate-inclusao-social-de-pacientes\/#breadcrumblist","itemListElement":[{"@type":"ListItem","@id":"https:\/\/anoticiaonline.com.br\/site#listItem","position":1,"name":"Home","item":"https:\/\/anoticiaonline.com.br\/site","nextItem":{"@type":"ListItem","@id":"https:\/\/anoticiaonline.com.br\/site\/categoria\/muriae\/#listItem","name":"Blog"}},{"@type":"ListItem","@id":"https:\/\/anoticiaonline.com.br\/site\/categoria\/muriae\/#listItem","position":2,"name":"Blog","item":"https:\/\/anoticiaonline.com.br\/site\/categoria\/muriae\/","nextItem":{"@type":"ListItem","@id":"https:\/\/anoticiaonline.com.br\/site\/semana-de-luta-antimanicomial-debate-inclusao-social-de-pacientes\/#listItem","name":"Semana de Luta Antimanicomial debate inclus\u00e3o social de pacientes"},"previousItem":{"@type":"ListItem","@id":"https:\/\/anoticiaonline.com.br\/site#listItem","name":"Home"}},{"@type":"ListItem","@id":"https:\/\/anoticiaonline.com.br\/site\/semana-de-luta-antimanicomial-debate-inclusao-social-de-pacientes\/#listItem","position":3,"name":"Semana de Luta Antimanicomial debate inclus\u00e3o social de pacientes","previousItem":{"@type":"ListItem","@id":"https:\/\/anoticiaonline.com.br\/site\/categoria\/muriae\/#listItem","name":"Blog"}}]},{"@type":"Organization","@id":"https:\/\/anoticiaonline.com.br\/site\/#organization","name":"A Not\u00edcia Online","description":"Noticias de Muria\u00e9 e regi\u00e3o","url":"https:\/\/anoticiaonline.com.br\/site\/","logo":{"@type":"ImageObject","url":"https:\/\/scontent-gig4-1.xx.fbcdn.net\/v\/t39.30808-1\/270437624_4564083193639691_6907940295614233970_n.jpg?stp=dst-jpg_s200x200_tt6&_nc_cat=111&ccb=1-7&_nc_sid=f907e8&_nc_ohc=SM1wRlP3lJwQ7kNvwEPuBYA&_nc_oc=AdnqrjDN_BNjSSHWO-GbkIWH6fkGMLw4bqvL_NH6e2wMveX7G-rP2dAqsDSq1mJMOaY&_nc_zt=24&_nc_ht=scontent-gig4-1.xx&_nc_gid=AoBFJeGrT1hVaew_6rchkQ&oh=00_AfX7QmFGhQhG2jAllVgXCiM1ZrWgvtp80-Bfppyexh1QEg&oe=689E923C","@id":"https:\/\/anoticiaonline.com.br\/site\/semana-de-luta-antimanicomial-debate-inclusao-social-de-pacientes\/#organizationLogo"},"image":{"@id":"https:\/\/anoticiaonline.com.br\/site\/semana-de-luta-antimanicomial-debate-inclusao-social-de-pacientes\/#organizationLogo"}},{"@type":"Person","@id":"https:\/\/anoticiaonline.com.br\/site\/author\/juliana\/#author","url":"https:\/\/anoticiaonline.com.br\/site\/author\/juliana\/","name":"Juliana Laviola","image":{"@type":"ImageObject","@id":"https:\/\/anoticiaonline.com.br\/site\/semana-de-luta-antimanicomial-debate-inclusao-social-de-pacientes\/#authorImage","url":"https:\/\/secure.gravatar.com\/avatar\/b8d45f5c699b100dfaf0e543582f38f38bf94cb7ae3a5e9abf8d891a34773335?s=96&d=mm&r=g","width":96,"height":96,"caption":"Juliana Laviola"}},{"@type":"WebPage","@id":"https:\/\/anoticiaonline.com.br\/site\/semana-de-luta-antimanicomial-debate-inclusao-social-de-pacientes\/#webpage","url":"https:\/\/anoticiaonline.com.br\/site\/semana-de-luta-antimanicomial-debate-inclusao-social-de-pacientes\/","name":"Semana de Luta Antimanicomial debate inclus\u00e3o social de pacientes - A Not\u00edcia Online","description":"Promover o debate sobre a import\u00e2ncia da inclus\u00e3o social de pessoas com transtornos mentais e usu\u00e1rios de \u00e1lcool e outras drogas, apresentando a eles novas possibilidades de conv\u00edvio social, foi o objetivo da Semana de Luta Antimanicomial de Muria\u00e9. A programa\u00e7\u00e3o, que come\u00e7ou na \u00faltima segunda e terminou na sexta-feira, entre os dias 14 e","inLanguage":"pt-BR","isPartOf":{"@id":"https:\/\/anoticiaonline.com.br\/site\/#website"},"breadcrumb":{"@id":"https:\/\/anoticiaonline.com.br\/site\/semana-de-luta-antimanicomial-debate-inclusao-social-de-pacientes\/#breadcrumblist"},"author":{"@id":"https:\/\/anoticiaonline.com.br\/site\/author\/juliana\/#author"},"creator":{"@id":"https:\/\/anoticiaonline.com.br\/site\/author\/juliana\/#author"},"image":{"@type":"ImageObject","url":"https:\/\/anoticiaonline.com.br\/site\/wp-content\/uploads\/2018\/05\/IMG_1012.jpg","@id":"https:\/\/anoticiaonline.com.br\/site\/semana-de-luta-antimanicomial-debate-inclusao-social-de-pacientes\/#mainImage","width":640,"height":427},"primaryImageOfPage":{"@id":"https:\/\/anoticiaonline.com.br\/site\/semana-de-luta-antimanicomial-debate-inclusao-social-de-pacientes\/#mainImage"},"datePublished":"2018-05-23T10:11:07-03:00","dateModified":"2018-05-23T10:11:07-03:00"},{"@type":"WebSite","@id":"https:\/\/anoticiaonline.com.br\/site\/#website","url":"https:\/\/anoticiaonline.com.br\/site\/","name":"A Not\u00edcia Online","description":"Noticias de Muria\u00e9 e regi\u00e3o","inLanguage":"pt-BR","publisher":{"@id":"https:\/\/anoticiaonline.com.br\/site\/#organization"}}]},"og:locale":"pt_BR","og:site_name":"A Not\u00edcia Online - Noticias de Muria\u00e9 e regi\u00e3o","og:type":"article","og:title":"Semana de Luta Antimanicomial debate inclus\u00e3o social de pacientes - A Not\u00edcia Online","og:description":"Promover o debate sobre a import\u00e2ncia da inclus\u00e3o social de pessoas com transtornos mentais e usu\u00e1rios de \u00e1lcool e outras drogas, apresentando a eles novas possibilidades de conv\u00edvio social, foi o objetivo da Semana de Luta Antimanicomial de Muria\u00e9. A programa\u00e7\u00e3o, que come\u00e7ou na \u00faltima segunda e terminou na sexta-feira, entre os dias 14 e","og:url":"https:\/\/anoticiaonline.com.br\/site\/semana-de-luta-antimanicomial-debate-inclusao-social-de-pacientes\/","og:image":"https:\/\/scontent-gig4-1.xx.fbcdn.net\/v\/t39.30808-1\/270437624_4564083193639691_6907940295614233970_n.jpg?stp=dst-jpg_s200x200_tt6&#038;_nc_cat=111&#038;ccb=1-7&#038;_nc_sid=f907e8&#038;_nc_ohc=SM1wRlP3lJwQ7kNvwEPuBYA&#038;_nc_oc=AdnqrjDN_BNjSSHWO-GbkIWH6fkGMLw4bqvL_NH6e2wMveX7G-rP2dAqsDSq1mJMOaY&#038;_nc_zt=24&#038;_nc_ht=scontent-gig4-1.xx&#038;_nc_gid=AoBFJeGrT1hVaew_6rchkQ&#038;oh=00_AfX7QmFGhQhG2jAllVgXCiM1ZrWgvtp80-Bfppyexh1QEg&#038;oe=689E923C","og:image:secure_url":"https:\/\/scontent-gig4-1.xx.fbcdn.net\/v\/t39.30808-1\/270437624_4564083193639691_6907940295614233970_n.jpg?stp=dst-jpg_s200x200_tt6&#038;_nc_cat=111&#038;ccb=1-7&#038;_nc_sid=f907e8&#038;_nc_ohc=SM1wRlP3lJwQ7kNvwEPuBYA&#038;_nc_oc=AdnqrjDN_BNjSSHWO-GbkIWH6fkGMLw4bqvL_NH6e2wMveX7G-rP2dAqsDSq1mJMOaY&#038;_nc_zt=24&#038;_nc_ht=scontent-gig4-1.xx&#038;_nc_gid=AoBFJeGrT1hVaew_6rchkQ&#038;oh=00_AfX7QmFGhQhG2jAllVgXCiM1ZrWgvtp80-Bfppyexh1QEg&#038;oe=689E923C","article:published_time":"2018-05-23T13:11:07+00:00","article:modified_time":"2018-05-23T13:11:07+00:00","twitter:card":"summary_large_image","twitter:title":"Semana de Luta Antimanicomial debate inclus\u00e3o social de pacientes - A Not\u00edcia Online","twitter:description":"Promover o debate sobre a import\u00e2ncia da inclus\u00e3o social de pessoas com transtornos mentais e usu\u00e1rios de \u00e1lcool e outras drogas, apresentando a eles novas possibilidades de conv\u00edvio social, foi o objetivo da Semana de Luta Antimanicomial de Muria\u00e9. A programa\u00e7\u00e3o, que come\u00e7ou na \u00faltima segunda e terminou na sexta-feira, entre os dias 14 e","twitter:image":"https:\/\/scontent-gig4-1.xx.fbcdn.net\/v\/t39.30808-1\/270437624_4564083193639691_6907940295614233970_n.jpg?stp=dst-jpg_s200x200_tt6&_nc_cat=111&ccb=1-7&_nc_sid=f907e8&_nc_ohc=SM1wRlP3lJwQ7kNvwEPuBYA&_nc_oc=AdnqrjDN_BNjSSHWO-GbkIWH6fkGMLw4bqvL_NH6e2wMveX7G-rP2dAqsDSq1mJMOaY&_nc_zt=24&_nc_ht=scontent-gig4-1.xx&_nc_gid=AoBFJeGrT1hVaew_6rchkQ&oh=00_AfX7QmFGhQhG2jAllVgXCiM1ZrWgvtp80-Bfppyexh1QEg&oe=689E923C"},"aioseo_meta_data":{"post_id":"56333","title":null,"description":null,"keywords":null,"keyphrases":null,"primary_term":null,"canonical_url":null,"og_title":null,"og_description":null,"og_object_type":"default","og_image_type":"default","og_image_url":null,"og_image_width":null,"og_image_height":null,"og_image_custom_url":null,"og_image_custom_fields":null,"og_video":null,"og_custom_url":null,"og_article_section":null,"og_article_tags":null,"twitter_use_og":false,"twitter_card":"default","twitter_image_type":"default","twitter_image_url":null,"twitter_image_custom_url":null,"twitter_image_custom_fields":null,"twitter_title":null,"twitter_description":null,"schema":{"blockGraphs":[],"customGraphs":[],"default":{"data":{"Article":[],"Course":[],"Dataset":[],"FAQPage":[],"Movie":[],"Person":[],"Product":[],"ProductReview":[],"Car":[],"Recipe":[],"Service":[],"SoftwareApplication":[],"WebPage":[]},"graphName":"","isEnabled":true},"graphs":[]},"schema_type":"default","schema_type_options":null,"pillar_content":false,"robots_default":true,"robots_noindex":false,"robots_noarchive":false,"robots_nosnippet":false,"robots_nofollow":false,"robots_noimageindex":false,"robots_noodp":false,"robots_notranslate":false,"robots_max_snippet":null,"robots_max_videopreview":null,"robots_max_imagepreview":"large","priority":null,"frequency":null,"local_seo":null,"breadcrumb_settings":null,"limit_modified_date":false,"ai":null,"created":"2025-08-16 20:53:05","updated":"2025-08-16 20:53:05","focus_keyword":null,"additional_keywords":null,"truseo_locale":null,"seo_analyzer_scan_date":null},"aioseo_breadcrumb":"<div class=\"aioseo-breadcrumbs\"><span class=\"aioseo-breadcrumb\">\n\t\t\t<a href=\"https:\/\/anoticiaonline.com.br\/site\" title=\"Home\">Home<\/a>\n\t\t<\/span><span class=\"aioseo-breadcrumb-separator\">&raquo;<\/span><span class=\"aioseo-breadcrumb\">\n\t\t\t<a href=\"https:\/\/anoticiaonline.com.br\/site\/categoria\/muriae\/\" title=\"Blog\">Blog<\/a>\n\t\t<\/span><span class=\"aioseo-breadcrumb-separator\">&raquo;<\/span><span class=\"aioseo-breadcrumb\">\n\t\t\tSemana de Luta Antimanicomial debate inclus\u00e3o social de pacientes\n\t\t<\/span><\/div>","aioseo_breadcrumb_json":[{"label":"Home","link":"https:\/\/anoticiaonline.com.br\/site"},{"label":"Blog","link":"https:\/\/anoticiaonline.com.br\/site\/categoria\/muriae\/"},{"label":"Semana de Luta Antimanicomial debate inclus\u00e3o social de pacientes","link":"https:\/\/anoticiaonline.com.br\/site\/semana-de-luta-antimanicomial-debate-inclusao-social-de-pacientes\/"}],"views":141,"_links":{"self":[{"href":"https:\/\/anoticiaonline.com.br\/site\/wp-json\/wp\/v2\/posts\/56333","targetHints":{"allow":["GET"]}}],"collection":[{"href":"https:\/\/anoticiaonline.com.br\/site\/wp-json\/wp\/v2\/posts"}],"about":[{"href":"https:\/\/anoticiaonline.com.br\/site\/wp-json\/wp\/v2\/types\/post"}],"author":[{"embeddable":true,"href":"https:\/\/anoticiaonline.com.br\/site\/wp-json\/wp\/v2\/users\/2"}],"replies":[{"embeddable":true,"href":"https:\/\/anoticiaonline.com.br\/site\/wp-json\/wp\/v2\/comments?post=56333"}],"version-history":[{"count":0,"href":"https:\/\/anoticiaonline.com.br\/site\/wp-json\/wp\/v2\/posts\/56333\/revisions"}],"wp:featuredmedia":[{"embeddable":true,"href":"https:\/\/anoticiaonline.com.br\/site\/wp-json\/wp\/v2\/media\/56337"}],"wp:attachment":[{"href":"https:\/\/anoticiaonline.com.br\/site\/wp-json\/wp\/v2\/media?parent=56333"}],"wp:term":[{"taxonomy":"category","embeddable":true,"href":"https:\/\/anoticiaonline.com.br\/site\/wp-json\/wp\/v2\/categories?post=56333"},{"taxonomy":"post_tag","embeddable":true,"href":"https:\/\/anoticiaonline.com.br\/site\/wp-json\/wp\/v2\/tags?post=56333"}],"curies":[{"name":"wp","href":"https:\/\/api.w.org\/{rel}","templated":true}]}}