{"id":56262,"date":"2018-05-18T14:39:48","date_gmt":"2018-05-18T17:39:48","guid":{"rendered":"http:\/\/anoticiaonline.com.br\/site\/?p=56262"},"modified":"2018-05-21T15:07:01","modified_gmt":"2018-05-21T18:07:01","slug":"mamae-fitness-academia-do-colina-prepara-evento-especial-para-associadas","status":"publish","type":"post","link":"https:\/\/anoticiaonline.com.br\/site\/mamae-fitness-academia-do-colina-prepara-evento-especial-para-associadas\/","title":{"rendered":"Mam\u00e3e Fitness: Academia do Colina prepara evento especial para associadas"},"content":{"rendered":"<p><a href=\"https:\/\/anoticiaonline.com.br\/site\/wp-content\/uploads\/2018\/05\/DSC_0510.jpg\"><img fetchpriority=\"high\" decoding=\"async\" class=\"aligncenter size-full wp-image-56263\" src=\"https:\/\/anoticiaonline.com.br\/site\/wp-content\/uploads\/2018\/05\/DSC_0510.jpg\" alt=\"\" width=\"640\" height=\"427\" srcset=\"https:\/\/anoticiaonline.com.br\/site\/wp-content\/uploads\/2018\/05\/DSC_0510.jpg 640w, https:\/\/anoticiaonline.com.br\/site\/wp-content\/uploads\/2018\/05\/DSC_0510-300x200.jpg 300w\" sizes=\"(max-width: 640px) 100vw, 640px\" \/><\/a>Para comemorar o Dia das M\u00e3es de forma alegre e saud\u00e1vel, a Academia do Colina Country Clube preparou uma aula especial para as mam\u00e3es associadas, na manh\u00e3 do \u00faltimo s\u00e1bado (12), junto com um delicioso caf\u00e9 da manh\u00e3.<\/p>\n<p>De acordo com o presidente do clube, Ant\u00f4nio Gomes de Sousa, a iniciativa do evento partiu dos professores da Academia do Colina.<\/p>\n<p>\u201cA Academia tem se tornado um grande destaque com a promo\u00e7\u00e3o de diversos eventos dentro e fora das depend\u00eancias do clube, como a aula funcional realizada no fim do m\u00eas de abril, no Complexo do Cristo Redentor. Aproveito a oportunidade para agradecer \u00e0s associadas que participaram da aula especial e, tamb\u00e9m, aos professores Leonardo, Renan e Camila, al\u00e9m de parabenizar a todas as mam\u00e3es pelo seu dia\u201d, conta.<\/p>\n<p>Rita de C\u00e1ssia Brum, esposa do presidente, disse que a ocasi\u00e3o foi uma \u00f3tima oportunidade para valorizar o papel das m\u00e3es na sociedade. \u201cGostaria de desejar um feliz Dia das M\u00e3es para todas as nossas associadas e para as frequentadoras da nossa Academia\u201d, diz.<\/p>\n<p>Camila Borel, professora da Academia do Colina, disse que manh\u00e3 de atividades f\u00edsicas foi um momento para comemorar a data. \u201cAproveitamos a data para promover uma manh\u00e3 fitness n\u00e3o s\u00f3 para as m\u00e3es que frequentam a Academia do Colina, mas tamb\u00e9m para todas as associadas, promovendo a intera\u00e7\u00e3o e incentivando a atividade f\u00edsica. Por isso, ensinamos pr\u00e1ticas b\u00e1sicas aproveitando todo o espa\u00e7o do nosso clube\u201d, explica.<\/p>\n<p>Leonardo Almeida Ladeira, que atua na sala de muscula\u00e7\u00e3o da Academia do Colina, disse que o evento foi muito importante tamb\u00e9m para a socializa\u00e7\u00e3o das m\u00e3es que frequentam o clube. \u201cAl\u00e9m do incentivo \u00e0 pr\u00e1tica esportiva, as atividades unem associadas e frequentadoras da academia\u201d, conta.<\/p>\n<p>Renan da Silva Ara\u00fajo, tamb\u00e9m educador f\u00edsico, disse que a aula superou as expectativas da equipe de professores da Academia do Colina. \u201cTivemos uma grande procura na \u00faltima semana pela lista de inscri\u00e7\u00f5es para a aula especial. Espero que elas possam participar conosco nas pr\u00f3ximas oportunidades\u201d, diz.<\/p>\n<p>A s\u00f3cia Ivonete Lacerda Andrade aprovou a manh\u00e3 fitness realizada no Colina. \u201cAchei uma iniciativa muito boa, pois as m\u00e3es s\u00e3o parte fundamental de qualquer \u00e2mbito familiar. Gostei de presenciar a homenagem do clube, pelo incentivo \u00e0 pr\u00e1tica das atividades f\u00edsicas, t\u00e3o importante na vida do ser humano, e pelo delicioso caf\u00e9 da manh\u00e3\u201d, conta.<\/p>\n<p>Aberta para s\u00f3cios e n\u00e3o s\u00f3cios do clube, a Academia do Colina funciona de segunda a sexta-feira, das 6h \u00e0s 12h e das 14h \u00e0s 21h. Aos s\u00e1bados, a academia funciona das 8h \u00e0s 11h. O valor da mensalidade para associados \u00e9 de apenas R$50 e, para os n\u00e3o associados, R$65. Ap\u00f3s a avalia\u00e7\u00e3o (valor R$30), os usu\u00e1rios podem participar de aulas coletivas e na sala de muscula\u00e7\u00e3o. Para os interessados em praticar jiu-jitsu, a Academia oferece aulas atrav\u00e9s de professores da franquia Gracie Barra, com taxa mensalidade de R$50 para s\u00f3cios e R$70 para n\u00e3o s\u00f3cios.<\/p>\n<p><a href=\"https:\/\/anoticiaonline.com.br\/site\/wp-content\/uploads\/2018\/05\/DSC_0405.jpg\"><img decoding=\"async\" class=\"aligncenter size-full wp-image-56264\" src=\"https:\/\/anoticiaonline.com.br\/site\/wp-content\/uploads\/2018\/05\/DSC_0405.jpg\" alt=\"\" width=\"640\" height=\"427\" srcset=\"https:\/\/anoticiaonline.com.br\/site\/wp-content\/uploads\/2018\/05\/DSC_0405.jpg 640w, https:\/\/anoticiaonline.com.br\/site\/wp-content\/uploads\/2018\/05\/DSC_0405-300x200.jpg 300w\" sizes=\"(max-width: 640px) 100vw, 640px\" \/><\/a> <a href=\"https:\/\/anoticiaonline.com.br\/site\/wp-content\/uploads\/2018\/05\/DSC_0411.jpg\"><img decoding=\"async\" class=\"aligncenter size-full wp-image-56265\" src=\"https:\/\/anoticiaonline.com.br\/site\/wp-content\/uploads\/2018\/05\/DSC_0411.jpg\" alt=\"\" width=\"640\" height=\"427\" srcset=\"https:\/\/anoticiaonline.com.br\/site\/wp-content\/uploads\/2018\/05\/DSC_0411.jpg 640w, https:\/\/anoticiaonline.com.br\/site\/wp-content\/uploads\/2018\/05\/DSC_0411-300x200.jpg 300w\" sizes=\"(max-width: 640px) 100vw, 640px\" \/><\/a> <a href=\"https:\/\/anoticiaonline.com.br\/site\/wp-content\/uploads\/2018\/05\/DSC_0414.jpg\"><img loading=\"lazy\" decoding=\"async\" class=\"aligncenter size-full wp-image-56266\" src=\"https:\/\/anoticiaonline.com.br\/site\/wp-content\/uploads\/2018\/05\/DSC_0414.jpg\" alt=\"\" width=\"640\" height=\"427\" srcset=\"https:\/\/anoticiaonline.com.br\/site\/wp-content\/uploads\/2018\/05\/DSC_0414.jpg 640w, https:\/\/anoticiaonline.com.br\/site\/wp-content\/uploads\/2018\/05\/DSC_0414-300x200.jpg 300w\" sizes=\"(max-width: 640px) 100vw, 640px\" \/><\/a> <a href=\"https:\/\/anoticiaonline.com.br\/site\/wp-content\/uploads\/2018\/05\/DSC_0438.jpg\"><img loading=\"lazy\" decoding=\"async\" class=\"aligncenter size-full wp-image-56267\" src=\"https:\/\/anoticiaonline.com.br\/site\/wp-content\/uploads\/2018\/05\/DSC_0438.jpg\" alt=\"\" width=\"640\" height=\"427\" srcset=\"https:\/\/anoticiaonline.com.br\/site\/wp-content\/uploads\/2018\/05\/DSC_0438.jpg 640w, https:\/\/anoticiaonline.com.br\/site\/wp-content\/uploads\/2018\/05\/DSC_0438-300x200.jpg 300w\" sizes=\"(max-width: 640px) 100vw, 640px\" \/><\/a> <a href=\"https:\/\/anoticiaonline.com.br\/site\/wp-content\/uploads\/2018\/05\/DSC_0445.jpg\"><img loading=\"lazy\" decoding=\"async\" class=\"aligncenter size-full wp-image-56268\" src=\"https:\/\/anoticiaonline.com.br\/site\/wp-content\/uploads\/2018\/05\/DSC_0445.jpg\" alt=\"\" width=\"640\" height=\"427\" srcset=\"https:\/\/anoticiaonline.com.br\/site\/wp-content\/uploads\/2018\/05\/DSC_0445.jpg 640w, https:\/\/anoticiaonline.com.br\/site\/wp-content\/uploads\/2018\/05\/DSC_0445-300x200.jpg 300w\" sizes=\"(max-width: 640px) 100vw, 640px\" \/><\/a> <a href=\"https:\/\/anoticiaonline.com.br\/site\/wp-content\/uploads\/2018\/05\/DSC_0447.jpg\"><img loading=\"lazy\" decoding=\"async\" class=\"aligncenter size-full wp-image-56269\" src=\"https:\/\/anoticiaonline.com.br\/site\/wp-content\/uploads\/2018\/05\/DSC_0447.jpg\" alt=\"\" width=\"640\" height=\"427\" srcset=\"https:\/\/anoticiaonline.com.br\/site\/wp-content\/uploads\/2018\/05\/DSC_0447.jpg 640w, https:\/\/anoticiaonline.com.br\/site\/wp-content\/uploads\/2018\/05\/DSC_0447-300x200.jpg 300w\" sizes=\"(max-width: 640px) 100vw, 640px\" \/><\/a> <a href=\"https:\/\/anoticiaonline.com.br\/site\/wp-content\/uploads\/2018\/05\/DSC_0450.jpg\"><img loading=\"lazy\" decoding=\"async\" class=\"aligncenter size-full wp-image-56270\" src=\"https:\/\/anoticiaonline.com.br\/site\/wp-content\/uploads\/2018\/05\/DSC_0450.jpg\" alt=\"\" width=\"640\" height=\"427\" srcset=\"https:\/\/anoticiaonline.com.br\/site\/wp-content\/uploads\/2018\/05\/DSC_0450.jpg 640w, https:\/\/anoticiaonline.com.br\/site\/wp-content\/uploads\/2018\/05\/DSC_0450-300x200.jpg 300w\" sizes=\"(max-width: 640px) 100vw, 640px\" \/><\/a> <a href=\"https:\/\/anoticiaonline.com.br\/site\/wp-content\/uploads\/2018\/05\/DSC_0452.jpg\"><img loading=\"lazy\" decoding=\"async\" class=\"aligncenter size-full wp-image-56271\" src=\"https:\/\/anoticiaonline.com.br\/site\/wp-content\/uploads\/2018\/05\/DSC_0452.jpg\" alt=\"\" width=\"640\" height=\"427\" srcset=\"https:\/\/anoticiaonline.com.br\/site\/wp-content\/uploads\/2018\/05\/DSC_0452.jpg 640w, https:\/\/anoticiaonline.com.br\/site\/wp-content\/uploads\/2018\/05\/DSC_0452-300x200.jpg 300w\" sizes=\"(max-width: 640px) 100vw, 640px\" \/><\/a> <a href=\"https:\/\/anoticiaonline.com.br\/site\/wp-content\/uploads\/2018\/05\/DSC_0463.jpg\"><img loading=\"lazy\" decoding=\"async\" class=\"aligncenter size-full wp-image-56272\" src=\"https:\/\/anoticiaonline.com.br\/site\/wp-content\/uploads\/2018\/05\/DSC_0463.jpg\" alt=\"\" width=\"640\" height=\"427\" srcset=\"https:\/\/anoticiaonline.com.br\/site\/wp-content\/uploads\/2018\/05\/DSC_0463.jpg 640w, https:\/\/anoticiaonline.com.br\/site\/wp-content\/uploads\/2018\/05\/DSC_0463-300x200.jpg 300w\" sizes=\"(max-width: 640px) 100vw, 640px\" \/><\/a> <a href=\"https:\/\/anoticiaonline.com.br\/site\/wp-content\/uploads\/2018\/05\/DSC_0470.jpg\"><img loading=\"lazy\" decoding=\"async\" class=\"aligncenter size-full wp-image-56273\" src=\"https:\/\/anoticiaonline.com.br\/site\/wp-content\/uploads\/2018\/05\/DSC_0470.jpg\" alt=\"\" width=\"640\" height=\"427\" srcset=\"https:\/\/anoticiaonline.com.br\/site\/wp-content\/uploads\/2018\/05\/DSC_0470.jpg 640w, https:\/\/anoticiaonline.com.br\/site\/wp-content\/uploads\/2018\/05\/DSC_0470-300x200.jpg 300w\" sizes=\"(max-width: 640px) 100vw, 640px\" \/><\/a> <a href=\"https:\/\/anoticiaonline.com.br\/site\/wp-content\/uploads\/2018\/05\/DSC_0473.jpg\"><img loading=\"lazy\" decoding=\"async\" class=\"aligncenter size-full wp-image-56274\" src=\"https:\/\/anoticiaonline.com.br\/site\/wp-content\/uploads\/2018\/05\/DSC_0473.jpg\" alt=\"\" width=\"640\" height=\"427\" srcset=\"https:\/\/anoticiaonline.com.br\/site\/wp-content\/uploads\/2018\/05\/DSC_0473.jpg 640w, https:\/\/anoticiaonline.com.br\/site\/wp-content\/uploads\/2018\/05\/DSC_0473-300x200.jpg 300w\" sizes=\"(max-width: 640px) 100vw, 640px\" \/><\/a> <a href=\"https:\/\/anoticiaonline.com.br\/site\/wp-content\/uploads\/2018\/05\/DSC_0499-1.jpg\"><img loading=\"lazy\" decoding=\"async\" class=\"aligncenter size-full wp-image-56275\" src=\"https:\/\/anoticiaonline.com.br\/site\/wp-content\/uploads\/2018\/05\/DSC_0499-1.jpg\" alt=\"\" width=\"640\" height=\"427\" srcset=\"https:\/\/anoticiaonline.com.br\/site\/wp-content\/uploads\/2018\/05\/DSC_0499-1.jpg 640w, https:\/\/anoticiaonline.com.br\/site\/wp-content\/uploads\/2018\/05\/DSC_0499-1-300x200.jpg 300w\" sizes=\"(max-width: 640px) 100vw, 640px\" \/><\/a> <a href=\"https:\/\/anoticiaonline.com.br\/site\/wp-content\/uploads\/2018\/05\/DSC_0503.jpg\"><img loading=\"lazy\" decoding=\"async\" class=\"aligncenter size-full wp-image-56276\" src=\"https:\/\/anoticiaonline.com.br\/site\/wp-content\/uploads\/2018\/05\/DSC_0503.jpg\" alt=\"\" width=\"640\" height=\"427\" srcset=\"https:\/\/anoticiaonline.com.br\/site\/wp-content\/uploads\/2018\/05\/DSC_0503.jpg 640w, https:\/\/anoticiaonline.com.br\/site\/wp-content\/uploads\/2018\/05\/DSC_0503-300x200.jpg 300w\" sizes=\"(max-width: 640px) 100vw, 640px\" \/><\/a> <a href=\"https:\/\/anoticiaonline.com.br\/site\/wp-content\/uploads\/2018\/05\/DSC_0513-2.jpg\"><img loading=\"lazy\" decoding=\"async\" class=\"aligncenter size-full wp-image-56277\" src=\"https:\/\/anoticiaonline.com.br\/site\/wp-content\/uploads\/2018\/05\/DSC_0513-2.jpg\" alt=\"\" width=\"640\" height=\"427\" srcset=\"https:\/\/anoticiaonline.com.br\/site\/wp-content\/uploads\/2018\/05\/DSC_0513-2.jpg 640w, https:\/\/anoticiaonline.com.br\/site\/wp-content\/uploads\/2018\/05\/DSC_0513-2-300x200.jpg 300w\" sizes=\"(max-width: 640px) 100vw, 640px\" \/><\/a> <a href=\"https:\/\/anoticiaonline.com.br\/site\/wp-content\/uploads\/2018\/05\/DSC_0517.jpg\"><img loading=\"lazy\" decoding=\"async\" class=\"aligncenter size-full wp-image-56278\" src=\"https:\/\/anoticiaonline.com.br\/site\/wp-content\/uploads\/2018\/05\/DSC_0517.jpg\" alt=\"\" width=\"640\" height=\"427\" srcset=\"https:\/\/anoticiaonline.com.br\/site\/wp-content\/uploads\/2018\/05\/DSC_0517.jpg 640w, https:\/\/anoticiaonline.com.br\/site\/wp-content\/uploads\/2018\/05\/DSC_0517-300x200.jpg 300w\" sizes=\"(max-width: 640px) 100vw, 640px\" \/><\/a> <a href=\"https:\/\/anoticiaonline.com.br\/site\/wp-content\/uploads\/2018\/05\/DSC_0519.jpg\"><img loading=\"lazy\" decoding=\"async\" class=\"aligncenter size-full wp-image-56279\" src=\"https:\/\/anoticiaonline.com.br\/site\/wp-content\/uploads\/2018\/05\/DSC_0519.jpg\" alt=\"\" width=\"640\" height=\"427\" srcset=\"https:\/\/anoticiaonline.com.br\/site\/wp-content\/uploads\/2018\/05\/DSC_0519.jpg 640w, https:\/\/anoticiaonline.com.br\/site\/wp-content\/uploads\/2018\/05\/DSC_0519-300x200.jpg 300w\" sizes=\"(max-width: 640px) 100vw, 640px\" \/><\/a> <a href=\"https:\/\/anoticiaonline.com.br\/site\/wp-content\/uploads\/2018\/05\/DSC_0520.jpg\"><img loading=\"lazy\" decoding=\"async\" class=\"aligncenter size-full wp-image-56280\" src=\"https:\/\/anoticiaonline.com.br\/site\/wp-content\/uploads\/2018\/05\/DSC_0520.jpg\" alt=\"\" width=\"640\" height=\"427\" srcset=\"https:\/\/anoticiaonline.com.br\/site\/wp-content\/uploads\/2018\/05\/DSC_0520.jpg 640w, https:\/\/anoticiaonline.com.br\/site\/wp-content\/uploads\/2018\/05\/DSC_0520-300x200.jpg 300w\" sizes=\"(max-width: 640px) 100vw, 640px\" \/><\/a> <a href=\"https:\/\/anoticiaonline.com.br\/site\/wp-content\/uploads\/2018\/05\/DSC_0521.jpg\"><img loading=\"lazy\" decoding=\"async\" class=\"aligncenter size-full wp-image-56281\" src=\"https:\/\/anoticiaonline.com.br\/site\/wp-content\/uploads\/2018\/05\/DSC_0521.jpg\" alt=\"\" width=\"427\" height=\"640\" srcset=\"https:\/\/anoticiaonline.com.br\/site\/wp-content\/uploads\/2018\/05\/DSC_0521.jpg 427w, https:\/\/anoticiaonline.com.br\/site\/wp-content\/uploads\/2018\/05\/DSC_0521-200x300.jpg 200w\" sizes=\"(max-width: 427px) 100vw, 427px\" \/><\/a> <a href=\"https:\/\/anoticiaonline.com.br\/site\/wp-content\/uploads\/2018\/05\/DSC_0523.jpg\"><img loading=\"lazy\" decoding=\"async\" class=\"aligncenter size-full wp-image-56282\" src=\"https:\/\/anoticiaonline.com.br\/site\/wp-content\/uploads\/2018\/05\/DSC_0523.jpg\" alt=\"\" width=\"640\" height=\"427\" srcset=\"https:\/\/anoticiaonline.com.br\/site\/wp-content\/uploads\/2018\/05\/DSC_0523.jpg 640w, https:\/\/anoticiaonline.com.br\/site\/wp-content\/uploads\/2018\/05\/DSC_0523-300x200.jpg 300w\" sizes=\"(max-width: 640px) 100vw, 640px\" \/><\/a> <a href=\"https:\/\/anoticiaonline.com.br\/site\/wp-content\/uploads\/2018\/05\/DSC_0530.jpg\"><img loading=\"lazy\" decoding=\"async\" class=\"aligncenter size-full wp-image-56283\" src=\"https:\/\/anoticiaonline.com.br\/site\/wp-content\/uploads\/2018\/05\/DSC_0530.jpg\" alt=\"\" width=\"640\" height=\"427\" srcset=\"https:\/\/anoticiaonline.com.br\/site\/wp-content\/uploads\/2018\/05\/DSC_0530.jpg 640w, https:\/\/anoticiaonline.com.br\/site\/wp-content\/uploads\/2018\/05\/DSC_0530-300x200.jpg 300w\" sizes=\"(max-width: 640px) 100vw, 640px\" \/><\/a> <a href=\"https:\/\/anoticiaonline.com.br\/site\/wp-content\/uploads\/2018\/05\/DSC_0534.jpg\"><img loading=\"lazy\" decoding=\"async\" class=\"aligncenter size-full wp-image-56284\" src=\"https:\/\/anoticiaonline.com.br\/site\/wp-content\/uploads\/2018\/05\/DSC_0534.jpg\" alt=\"\" width=\"640\" height=\"427\" srcset=\"https:\/\/anoticiaonline.com.br\/site\/wp-content\/uploads\/2018\/05\/DSC_0534.jpg 640w, https:\/\/anoticiaonline.com.br\/site\/wp-content\/uploads\/2018\/05\/DSC_0534-300x200.jpg 300w\" sizes=\"(max-width: 640px) 100vw, 640px\" \/><\/a>\u00e3es<\/p>\n","protected":false},"excerpt":{"rendered":"<p>Para comemorar o Dia das M\u00e3es de forma alegre e saud\u00e1vel, a Academia do Colina Country Clube preparou uma aula especial para as mam\u00e3es associadas, na manh\u00e3 do \u00faltimo s\u00e1bado (12), junto com um delicioso caf\u00e9 da manh\u00e3. De acordo com o presidente do clube, Ant\u00f4nio Gomes de Sousa, a iniciativa do evento partiu dos &#8230; <a title=\"Mam\u00e3e Fitness: Academia do Colina prepara evento especial para associadas\" class=\"read-more\" href=\"https:\/\/anoticiaonline.com.br\/site\/mamae-fitness-academia-do-colina-prepara-evento-especial-para-associadas\/\" aria-label=\"Read more about Mam\u00e3e Fitness: Academia do Colina prepara evento especial para associadas\">Ler mais<\/a><\/p>\n","protected":false},"author":2,"featured_media":56263,"comment_status":"open","ping_status":"open","sticky":false,"template":"","format":"standard","meta":{"_acf_changed":false,"_monsterinsights_skip_tracking":false,"footnotes":""},"categories":[30,24],"tags":[28,2628],"class_list":["post-56262","post","type-post","status-publish","format-standard","has-post-thumbnail","hentry","category-muriae","category-eventos","tag-colina","tag-mae"],"acf":[],"aioseo_notices":[],"aioseo_head":"\n\t\t<!-- All in One SEO 5.0.0.1 - aioseo.com -->\n\t<meta name=\"description\" content=\"Para comemorar o Dia das M\u00e3es de forma alegre e saud\u00e1vel, a Academia do Colina Country Clube preparou uma aula especial para as mam\u00e3es associadas, na manh\u00e3 do \u00faltimo s\u00e1bado (12), junto com um delicioso caf\u00e9 da manh\u00e3. De acordo com o presidente do clube, Ant\u00f4nio Gomes de Sousa, a iniciativa do evento partiu dos\" \/>\n\t<meta name=\"robots\" content=\"max-image-preview:large\" \/>\n\t<meta name=\"author\" content=\"Juliana Laviola\"\/>\n\t<link rel=\"canonical\" href=\"https:\/\/anoticiaonline.com.br\/site\/mamae-fitness-academia-do-colina-prepara-evento-especial-para-associadas\/\" \/>\n\t<meta name=\"generator\" content=\"All in One SEO (AIOSEO) 5.0.0.1\" \/>\n\t\t<meta property=\"og:locale\" content=\"pt_BR\" \/>\n\t\t<meta property=\"og:site_name\" content=\"A Not\u00edcia Online - Noticias de Muria\u00e9 e regi\u00e3o\" \/>\n\t\t<meta property=\"og:type\" content=\"article\" \/>\n\t\t<meta property=\"og:title\" content=\"Mam\u00e3e Fitness: Academia do Colina prepara evento especial para associadas - A Not\u00edcia Online\" \/>\n\t\t<meta property=\"og:description\" content=\"Para comemorar o Dia das M\u00e3es de forma alegre e saud\u00e1vel, a Academia do Colina Country Clube preparou uma aula especial para as mam\u00e3es associadas, na manh\u00e3 do \u00faltimo s\u00e1bado (12), junto com um delicioso caf\u00e9 da manh\u00e3. De acordo com o presidente do clube, Ant\u00f4nio Gomes de Sousa, a iniciativa do evento partiu dos\" \/>\n\t\t<meta property=\"og:url\" content=\"https:\/\/anoticiaonline.com.br\/site\/mamae-fitness-academia-do-colina-prepara-evento-especial-para-associadas\/\" \/>\n\t\t<meta property=\"og:image\" content=\"https:\/\/scontent-gig4-1.xx.fbcdn.net\/v\/t39.30808-1\/270437624_4564083193639691_6907940295614233970_n.jpg?stp=dst-jpg_s200x200_tt6&#038;_nc_cat=111&#038;ccb=1-7&#038;_nc_sid=f907e8&#038;_nc_ohc=SM1wRlP3lJwQ7kNvwEPuBYA&#038;_nc_oc=AdnqrjDN_BNjSSHWO-GbkIWH6fkGMLw4bqvL_NH6e2wMveX7G-rP2dAqsDSq1mJMOaY&#038;_nc_zt=24&#038;_nc_ht=scontent-gig4-1.xx&#038;_nc_gid=AoBFJeGrT1hVaew_6rchkQ&#038;oh=00_AfX7QmFGhQhG2jAllVgXCiM1ZrWgvtp80-Bfppyexh1QEg&#038;oe=689E923C\" \/>\n\t\t<meta property=\"og:image:secure_url\" content=\"https:\/\/scontent-gig4-1.xx.fbcdn.net\/v\/t39.30808-1\/270437624_4564083193639691_6907940295614233970_n.jpg?stp=dst-jpg_s200x200_tt6&#038;_nc_cat=111&#038;ccb=1-7&#038;_nc_sid=f907e8&#038;_nc_ohc=SM1wRlP3lJwQ7kNvwEPuBYA&#038;_nc_oc=AdnqrjDN_BNjSSHWO-GbkIWH6fkGMLw4bqvL_NH6e2wMveX7G-rP2dAqsDSq1mJMOaY&#038;_nc_zt=24&#038;_nc_ht=scontent-gig4-1.xx&#038;_nc_gid=AoBFJeGrT1hVaew_6rchkQ&#038;oh=00_AfX7QmFGhQhG2jAllVgXCiM1ZrWgvtp80-Bfppyexh1QEg&#038;oe=689E923C\" \/>\n\t\t<meta property=\"article:published_time\" content=\"2018-05-18T17:39:48+00:00\" \/>\n\t\t<meta property=\"article:modified_time\" content=\"2018-05-21T18:07:01+00:00\" \/>\n\t\t<meta name=\"twitter:card\" content=\"summary_large_image\" \/>\n\t\t<meta name=\"twitter:title\" content=\"Mam\u00e3e Fitness: Academia do Colina prepara evento especial para associadas - A Not\u00edcia Online\" \/>\n\t\t<meta name=\"twitter:description\" content=\"Para comemorar o Dia das M\u00e3es de forma alegre e saud\u00e1vel, a Academia do Colina Country Clube preparou uma aula especial para as mam\u00e3es associadas, na manh\u00e3 do \u00faltimo s\u00e1bado (12), junto com um delicioso caf\u00e9 da manh\u00e3. De acordo com o presidente do clube, Ant\u00f4nio Gomes de Sousa, a iniciativa do evento partiu dos\" \/>\n\t\t<meta name=\"twitter:image\" content=\"https:\/\/scontent-gig4-1.xx.fbcdn.net\/v\/t39.30808-1\/270437624_4564083193639691_6907940295614233970_n.jpg?stp=dst-jpg_s200x200_tt6&amp;_nc_cat=111&amp;ccb=1-7&amp;_nc_sid=f907e8&amp;_nc_ohc=SM1wRlP3lJwQ7kNvwEPuBYA&amp;_nc_oc=AdnqrjDN_BNjSSHWO-GbkIWH6fkGMLw4bqvL_NH6e2wMveX7G-rP2dAqsDSq1mJMOaY&amp;_nc_zt=24&amp;_nc_ht=scontent-gig4-1.xx&amp;_nc_gid=AoBFJeGrT1hVaew_6rchkQ&amp;oh=00_AfX7QmFGhQhG2jAllVgXCiM1ZrWgvtp80-Bfppyexh1QEg&amp;oe=689E923C\" \/>\n\t\t<script type=\"application\/ld+json\" class=\"aioseo-schema\">\n\t\t\t{\"@context\":\"https:\\\/\\\/schema.org\",\"@graph\":[{\"@type\":\"BlogPosting\",\"@id\":\"https:\\\/\\\/anoticiaonline.com.br\\\/site\\\/mamae-fitness-academia-do-colina-prepara-evento-especial-para-associadas\\\/#blogposting\",\"name\":\"Mam\\u00e3e Fitness: Academia do Colina prepara evento especial para associadas - A Not\\u00edcia Online\",\"headline\":\"Mam\\u00e3e Fitness: Academia do Colina prepara evento especial para associadas\",\"author\":{\"@id\":\"https:\\\/\\\/anoticiaonline.com.br\\\/site\\\/author\\\/juliana\\\/#author\"},\"publisher\":{\"@id\":\"https:\\\/\\\/anoticiaonline.com.br\\\/site\\\/#organization\"},\"image\":{\"@type\":\"ImageObject\",\"url\":\"https:\\\/\\\/anoticiaonline.com.br\\\/site\\\/wp-content\\\/uploads\\\/2018\\\/05\\\/DSC_0510.jpg\",\"width\":640,\"height\":427},\"datePublished\":\"2018-05-18T14:39:48-03:00\",\"dateModified\":\"2018-05-21T15:07:01-03:00\",\"inLanguage\":\"pt-BR\",\"mainEntityOfPage\":{\"@id\":\"https:\\\/\\\/anoticiaonline.com.br\\\/site\\\/mamae-fitness-academia-do-colina-prepara-evento-especial-para-associadas\\\/#webpage\"},\"isPartOf\":{\"@id\":\"https:\\\/\\\/anoticiaonline.com.br\\\/site\\\/mamae-fitness-academia-do-colina-prepara-evento-especial-para-associadas\\\/#webpage\"},\"articleSection\":\"Blog, Eventos, Colina, M\\u00e3e\"},{\"@type\":\"BreadcrumbList\",\"@id\":\"https:\\\/\\\/anoticiaonline.com.br\\\/site\\\/mamae-fitness-academia-do-colina-prepara-evento-especial-para-associadas\\\/#breadcrumblist\",\"itemListElement\":[{\"@type\":\"ListItem\",\"@id\":\"https:\\\/\\\/anoticiaonline.com.br\\\/site#listItem\",\"position\":1,\"name\":\"Home\",\"item\":\"https:\\\/\\\/anoticiaonline.com.br\\\/site\",\"nextItem\":{\"@type\":\"ListItem\",\"@id\":\"https:\\\/\\\/anoticiaonline.com.br\\\/site\\\/categoria\\\/eventos\\\/#listItem\",\"name\":\"Eventos\"}},{\"@type\":\"ListItem\",\"@id\":\"https:\\\/\\\/anoticiaonline.com.br\\\/site\\\/categoria\\\/eventos\\\/#listItem\",\"position\":2,\"name\":\"Eventos\",\"item\":\"https:\\\/\\\/anoticiaonline.com.br\\\/site\\\/categoria\\\/eventos\\\/\",\"nextItem\":{\"@type\":\"ListItem\",\"@id\":\"https:\\\/\\\/anoticiaonline.com.br\\\/site\\\/mamae-fitness-academia-do-colina-prepara-evento-especial-para-associadas\\\/#listItem\",\"name\":\"Mam\\u00e3e Fitness: Academia do Colina prepara evento especial para associadas\"},\"previousItem\":{\"@type\":\"ListItem\",\"@id\":\"https:\\\/\\\/anoticiaonline.com.br\\\/site#listItem\",\"name\":\"Home\"}},{\"@type\":\"ListItem\",\"@id\":\"https:\\\/\\\/anoticiaonline.com.br\\\/site\\\/mamae-fitness-academia-do-colina-prepara-evento-especial-para-associadas\\\/#listItem\",\"position\":3,\"name\":\"Mam\\u00e3e Fitness: Academia do Colina prepara evento especial para associadas\",\"previousItem\":{\"@type\":\"ListItem\",\"@id\":\"https:\\\/\\\/anoticiaonline.com.br\\\/site\\\/categoria\\\/eventos\\\/#listItem\",\"name\":\"Eventos\"}}]},{\"@type\":\"Organization\",\"@id\":\"https:\\\/\\\/anoticiaonline.com.br\\\/site\\\/#organization\",\"name\":\"A Not\\u00edcia Online\",\"description\":\"Noticias de Muria\\u00e9 e regi\\u00e3o\",\"url\":\"https:\\\/\\\/anoticiaonline.com.br\\\/site\\\/\",\"logo\":{\"@type\":\"ImageObject\",\"url\":\"https:\\\/\\\/scontent-gig4-1.xx.fbcdn.net\\\/v\\\/t39.30808-1\\\/270437624_4564083193639691_6907940295614233970_n.jpg?stp=dst-jpg_s200x200_tt6&_nc_cat=111&ccb=1-7&_nc_sid=f907e8&_nc_ohc=SM1wRlP3lJwQ7kNvwEPuBYA&_nc_oc=AdnqrjDN_BNjSSHWO-GbkIWH6fkGMLw4bqvL_NH6e2wMveX7G-rP2dAqsDSq1mJMOaY&_nc_zt=24&_nc_ht=scontent-gig4-1.xx&_nc_gid=AoBFJeGrT1hVaew_6rchkQ&oh=00_AfX7QmFGhQhG2jAllVgXCiM1ZrWgvtp80-Bfppyexh1QEg&oe=689E923C\",\"@id\":\"https:\\\/\\\/anoticiaonline.com.br\\\/site\\\/mamae-fitness-academia-do-colina-prepara-evento-especial-para-associadas\\\/#organizationLogo\"},\"image\":{\"@id\":\"https:\\\/\\\/anoticiaonline.com.br\\\/site\\\/mamae-fitness-academia-do-colina-prepara-evento-especial-para-associadas\\\/#organizationLogo\"}},{\"@type\":\"Person\",\"@id\":\"https:\\\/\\\/anoticiaonline.com.br\\\/site\\\/author\\\/juliana\\\/#author\",\"url\":\"https:\\\/\\\/anoticiaonline.com.br\\\/site\\\/author\\\/juliana\\\/\",\"name\":\"Juliana Laviola\",\"image\":{\"@type\":\"ImageObject\",\"@id\":\"https:\\\/\\\/anoticiaonline.com.br\\\/site\\\/mamae-fitness-academia-do-colina-prepara-evento-especial-para-associadas\\\/#authorImage\",\"url\":\"https:\\\/\\\/secure.gravatar.com\\\/avatar\\\/b8d45f5c699b100dfaf0e543582f38f38bf94cb7ae3a5e9abf8d891a34773335?s=96&d=mm&r=g\",\"width\":96,\"height\":96,\"caption\":\"Juliana Laviola\"}},{\"@type\":\"WebPage\",\"@id\":\"https:\\\/\\\/anoticiaonline.com.br\\\/site\\\/mamae-fitness-academia-do-colina-prepara-evento-especial-para-associadas\\\/#webpage\",\"url\":\"https:\\\/\\\/anoticiaonline.com.br\\\/site\\\/mamae-fitness-academia-do-colina-prepara-evento-especial-para-associadas\\\/\",\"name\":\"Mam\\u00e3e Fitness: Academia do Colina prepara evento especial para associadas - A Not\\u00edcia Online\",\"description\":\"Para comemorar o Dia das M\\u00e3es de forma alegre e saud\\u00e1vel, a Academia do Colina Country Clube preparou uma aula especial para as mam\\u00e3es associadas, na manh\\u00e3 do \\u00faltimo s\\u00e1bado (12), junto com um delicioso caf\\u00e9 da manh\\u00e3. De acordo com o presidente do clube, Ant\\u00f4nio Gomes de Sousa, a iniciativa do evento partiu dos\",\"inLanguage\":\"pt-BR\",\"isPartOf\":{\"@id\":\"https:\\\/\\\/anoticiaonline.com.br\\\/site\\\/#website\"},\"breadcrumb\":{\"@id\":\"https:\\\/\\\/anoticiaonline.com.br\\\/site\\\/mamae-fitness-academia-do-colina-prepara-evento-especial-para-associadas\\\/#breadcrumblist\"},\"author\":{\"@id\":\"https:\\\/\\\/anoticiaonline.com.br\\\/site\\\/author\\\/juliana\\\/#author\"},\"creator\":{\"@id\":\"https:\\\/\\\/anoticiaonline.com.br\\\/site\\\/author\\\/juliana\\\/#author\"},\"image\":{\"@type\":\"ImageObject\",\"url\":\"https:\\\/\\\/anoticiaonline.com.br\\\/site\\\/wp-content\\\/uploads\\\/2018\\\/05\\\/DSC_0510.jpg\",\"@id\":\"https:\\\/\\\/anoticiaonline.com.br\\\/site\\\/mamae-fitness-academia-do-colina-prepara-evento-especial-para-associadas\\\/#mainImage\",\"width\":640,\"height\":427},\"primaryImageOfPage\":{\"@id\":\"https:\\\/\\\/anoticiaonline.com.br\\\/site\\\/mamae-fitness-academia-do-colina-prepara-evento-especial-para-associadas\\\/#mainImage\"},\"datePublished\":\"2018-05-18T14:39:48-03:00\",\"dateModified\":\"2018-05-21T15:07:01-03:00\"},{\"@type\":\"WebSite\",\"@id\":\"https:\\\/\\\/anoticiaonline.com.br\\\/site\\\/#website\",\"url\":\"https:\\\/\\\/anoticiaonline.com.br\\\/site\\\/\",\"name\":\"A Not\\u00edcia Online\",\"description\":\"Noticias de Muria\\u00e9 e regi\\u00e3o\",\"inLanguage\":\"pt-BR\",\"publisher\":{\"@id\":\"https:\\\/\\\/anoticiaonline.com.br\\\/site\\\/#organization\"}}]}\n\t\t<\/script>\n\t\t<!-- All in One SEO -->\n\n","aioseo_head_json":{"title":"Mam\u00e3e Fitness: Academia do Colina prepara evento especial para associadas - A Not\u00edcia Online","description":"Para comemorar o Dia das M\u00e3es de forma alegre e saud\u00e1vel, a Academia do Colina Country Clube preparou uma aula especial para as mam\u00e3es associadas, na manh\u00e3 do \u00faltimo s\u00e1bado (12), junto com um delicioso caf\u00e9 da manh\u00e3. De acordo com o presidente do clube, Ant\u00f4nio Gomes de Sousa, a iniciativa do evento partiu dos","canonical_url":"https:\/\/anoticiaonline.com.br\/site\/mamae-fitness-academia-do-colina-prepara-evento-especial-para-associadas\/","robots":"max-image-preview:large","keywords":"","webmasterTools":{"miscellaneous":""},"schema":{"@context":"https:\/\/schema.org","@graph":[{"@type":"BlogPosting","@id":"https:\/\/anoticiaonline.com.br\/site\/mamae-fitness-academia-do-colina-prepara-evento-especial-para-associadas\/#blogposting","name":"Mam\u00e3e Fitness: Academia do Colina prepara evento especial para associadas - A Not\u00edcia Online","headline":"Mam\u00e3e Fitness: Academia do Colina prepara evento especial para associadas","author":{"@id":"https:\/\/anoticiaonline.com.br\/site\/author\/juliana\/#author"},"publisher":{"@id":"https:\/\/anoticiaonline.com.br\/site\/#organization"},"image":{"@type":"ImageObject","url":"https:\/\/anoticiaonline.com.br\/site\/wp-content\/uploads\/2018\/05\/DSC_0510.jpg","width":640,"height":427},"datePublished":"2018-05-18T14:39:48-03:00","dateModified":"2018-05-21T15:07:01-03:00","inLanguage":"pt-BR","mainEntityOfPage":{"@id":"https:\/\/anoticiaonline.com.br\/site\/mamae-fitness-academia-do-colina-prepara-evento-especial-para-associadas\/#webpage"},"isPartOf":{"@id":"https:\/\/anoticiaonline.com.br\/site\/mamae-fitness-academia-do-colina-prepara-evento-especial-para-associadas\/#webpage"},"articleSection":"Blog, Eventos, Colina, M\u00e3e"},{"@type":"BreadcrumbList","@id":"https:\/\/anoticiaonline.com.br\/site\/mamae-fitness-academia-do-colina-prepara-evento-especial-para-associadas\/#breadcrumblist","itemListElement":[{"@type":"ListItem","@id":"https:\/\/anoticiaonline.com.br\/site#listItem","position":1,"name":"Home","item":"https:\/\/anoticiaonline.com.br\/site","nextItem":{"@type":"ListItem","@id":"https:\/\/anoticiaonline.com.br\/site\/categoria\/eventos\/#listItem","name":"Eventos"}},{"@type":"ListItem","@id":"https:\/\/anoticiaonline.com.br\/site\/categoria\/eventos\/#listItem","position":2,"name":"Eventos","item":"https:\/\/anoticiaonline.com.br\/site\/categoria\/eventos\/","nextItem":{"@type":"ListItem","@id":"https:\/\/anoticiaonline.com.br\/site\/mamae-fitness-academia-do-colina-prepara-evento-especial-para-associadas\/#listItem","name":"Mam\u00e3e Fitness: Academia do Colina prepara evento especial para associadas"},"previousItem":{"@type":"ListItem","@id":"https:\/\/anoticiaonline.com.br\/site#listItem","name":"Home"}},{"@type":"ListItem","@id":"https:\/\/anoticiaonline.com.br\/site\/mamae-fitness-academia-do-colina-prepara-evento-especial-para-associadas\/#listItem","position":3,"name":"Mam\u00e3e Fitness: Academia do Colina prepara evento especial para associadas","previousItem":{"@type":"ListItem","@id":"https:\/\/anoticiaonline.com.br\/site\/categoria\/eventos\/#listItem","name":"Eventos"}}]},{"@type":"Organization","@id":"https:\/\/anoticiaonline.com.br\/site\/#organization","name":"A Not\u00edcia Online","description":"Noticias de Muria\u00e9 e regi\u00e3o","url":"https:\/\/anoticiaonline.com.br\/site\/","logo":{"@type":"ImageObject","url":"https:\/\/scontent-gig4-1.xx.fbcdn.net\/v\/t39.30808-1\/270437624_4564083193639691_6907940295614233970_n.jpg?stp=dst-jpg_s200x200_tt6&_nc_cat=111&ccb=1-7&_nc_sid=f907e8&_nc_ohc=SM1wRlP3lJwQ7kNvwEPuBYA&_nc_oc=AdnqrjDN_BNjSSHWO-GbkIWH6fkGMLw4bqvL_NH6e2wMveX7G-rP2dAqsDSq1mJMOaY&_nc_zt=24&_nc_ht=scontent-gig4-1.xx&_nc_gid=AoBFJeGrT1hVaew_6rchkQ&oh=00_AfX7QmFGhQhG2jAllVgXCiM1ZrWgvtp80-Bfppyexh1QEg&oe=689E923C","@id":"https:\/\/anoticiaonline.com.br\/site\/mamae-fitness-academia-do-colina-prepara-evento-especial-para-associadas\/#organizationLogo"},"image":{"@id":"https:\/\/anoticiaonline.com.br\/site\/mamae-fitness-academia-do-colina-prepara-evento-especial-para-associadas\/#organizationLogo"}},{"@type":"Person","@id":"https:\/\/anoticiaonline.com.br\/site\/author\/juliana\/#author","url":"https:\/\/anoticiaonline.com.br\/site\/author\/juliana\/","name":"Juliana Laviola","image":{"@type":"ImageObject","@id":"https:\/\/anoticiaonline.com.br\/site\/mamae-fitness-academia-do-colina-prepara-evento-especial-para-associadas\/#authorImage","url":"https:\/\/secure.gravatar.com\/avatar\/b8d45f5c699b100dfaf0e543582f38f38bf94cb7ae3a5e9abf8d891a34773335?s=96&d=mm&r=g","width":96,"height":96,"caption":"Juliana Laviola"}},{"@type":"WebPage","@id":"https:\/\/anoticiaonline.com.br\/site\/mamae-fitness-academia-do-colina-prepara-evento-especial-para-associadas\/#webpage","url":"https:\/\/anoticiaonline.com.br\/site\/mamae-fitness-academia-do-colina-prepara-evento-especial-para-associadas\/","name":"Mam\u00e3e Fitness: Academia do Colina prepara evento especial para associadas - A Not\u00edcia Online","description":"Para comemorar o Dia das M\u00e3es de forma alegre e saud\u00e1vel, a Academia do Colina Country Clube preparou uma aula especial para as mam\u00e3es associadas, na manh\u00e3 do \u00faltimo s\u00e1bado (12), junto com um delicioso caf\u00e9 da manh\u00e3. De acordo com o presidente do clube, Ant\u00f4nio Gomes de Sousa, a iniciativa do evento partiu dos","inLanguage":"pt-BR","isPartOf":{"@id":"https:\/\/anoticiaonline.com.br\/site\/#website"},"breadcrumb":{"@id":"https:\/\/anoticiaonline.com.br\/site\/mamae-fitness-academia-do-colina-prepara-evento-especial-para-associadas\/#breadcrumblist"},"author":{"@id":"https:\/\/anoticiaonline.com.br\/site\/author\/juliana\/#author"},"creator":{"@id":"https:\/\/anoticiaonline.com.br\/site\/author\/juliana\/#author"},"image":{"@type":"ImageObject","url":"https:\/\/anoticiaonline.com.br\/site\/wp-content\/uploads\/2018\/05\/DSC_0510.jpg","@id":"https:\/\/anoticiaonline.com.br\/site\/mamae-fitness-academia-do-colina-prepara-evento-especial-para-associadas\/#mainImage","width":640,"height":427},"primaryImageOfPage":{"@id":"https:\/\/anoticiaonline.com.br\/site\/mamae-fitness-academia-do-colina-prepara-evento-especial-para-associadas\/#mainImage"},"datePublished":"2018-05-18T14:39:48-03:00","dateModified":"2018-05-21T15:07:01-03:00"},{"@type":"WebSite","@id":"https:\/\/anoticiaonline.com.br\/site\/#website","url":"https:\/\/anoticiaonline.com.br\/site\/","name":"A Not\u00edcia Online","description":"Noticias de Muria\u00e9 e regi\u00e3o","inLanguage":"pt-BR","publisher":{"@id":"https:\/\/anoticiaonline.com.br\/site\/#organization"}}]},"og:locale":"pt_BR","og:site_name":"A Not\u00edcia Online - Noticias de Muria\u00e9 e regi\u00e3o","og:type":"article","og:title":"Mam\u00e3e Fitness: Academia do Colina prepara evento especial para associadas - A Not\u00edcia Online","og:description":"Para comemorar o Dia das M\u00e3es de forma alegre e saud\u00e1vel, a Academia do Colina Country Clube preparou uma aula especial para as mam\u00e3es associadas, na manh\u00e3 do \u00faltimo s\u00e1bado (12), junto com um delicioso caf\u00e9 da manh\u00e3. De acordo com o presidente do clube, Ant\u00f4nio Gomes de Sousa, a iniciativa do evento partiu dos","og:url":"https:\/\/anoticiaonline.com.br\/site\/mamae-fitness-academia-do-colina-prepara-evento-especial-para-associadas\/","og:image":"https:\/\/scontent-gig4-1.xx.fbcdn.net\/v\/t39.30808-1\/270437624_4564083193639691_6907940295614233970_n.jpg?stp=dst-jpg_s200x200_tt6&#038;_nc_cat=111&#038;ccb=1-7&#038;_nc_sid=f907e8&#038;_nc_ohc=SM1wRlP3lJwQ7kNvwEPuBYA&#038;_nc_oc=AdnqrjDN_BNjSSHWO-GbkIWH6fkGMLw4bqvL_NH6e2wMveX7G-rP2dAqsDSq1mJMOaY&#038;_nc_zt=24&#038;_nc_ht=scontent-gig4-1.xx&#038;_nc_gid=AoBFJeGrT1hVaew_6rchkQ&#038;oh=00_AfX7QmFGhQhG2jAllVgXCiM1ZrWgvtp80-Bfppyexh1QEg&#038;oe=689E923C","og:image:secure_url":"https:\/\/scontent-gig4-1.xx.fbcdn.net\/v\/t39.30808-1\/270437624_4564083193639691_6907940295614233970_n.jpg?stp=dst-jpg_s200x200_tt6&#038;_nc_cat=111&#038;ccb=1-7&#038;_nc_sid=f907e8&#038;_nc_ohc=SM1wRlP3lJwQ7kNvwEPuBYA&#038;_nc_oc=AdnqrjDN_BNjSSHWO-GbkIWH6fkGMLw4bqvL_NH6e2wMveX7G-rP2dAqsDSq1mJMOaY&#038;_nc_zt=24&#038;_nc_ht=scontent-gig4-1.xx&#038;_nc_gid=AoBFJeGrT1hVaew_6rchkQ&#038;oh=00_AfX7QmFGhQhG2jAllVgXCiM1ZrWgvtp80-Bfppyexh1QEg&#038;oe=689E923C","article:published_time":"2018-05-18T17:39:48+00:00","article:modified_time":"2018-05-21T18:07:01+00:00","twitter:card":"summary_large_image","twitter:title":"Mam\u00e3e Fitness: Academia do Colina prepara evento especial para associadas - A Not\u00edcia Online","twitter:description":"Para comemorar o Dia das M\u00e3es de forma alegre e saud\u00e1vel, a Academia do Colina Country Clube preparou uma aula especial para as mam\u00e3es associadas, na manh\u00e3 do \u00faltimo s\u00e1bado (12), junto com um delicioso caf\u00e9 da manh\u00e3. De acordo com o presidente do clube, Ant\u00f4nio Gomes de Sousa, a iniciativa do evento partiu dos","twitter:image":"https:\/\/scontent-gig4-1.xx.fbcdn.net\/v\/t39.30808-1\/270437624_4564083193639691_6907940295614233970_n.jpg?stp=dst-jpg_s200x200_tt6&_nc_cat=111&ccb=1-7&_nc_sid=f907e8&_nc_ohc=SM1wRlP3lJwQ7kNvwEPuBYA&_nc_oc=AdnqrjDN_BNjSSHWO-GbkIWH6fkGMLw4bqvL_NH6e2wMveX7G-rP2dAqsDSq1mJMOaY&_nc_zt=24&_nc_ht=scontent-gig4-1.xx&_nc_gid=AoBFJeGrT1hVaew_6rchkQ&oh=00_AfX7QmFGhQhG2jAllVgXCiM1ZrWgvtp80-Bfppyexh1QEg&oe=689E923C"},"aioseo_meta_data":{"post_id":"56262","title":null,"description":null,"keywords":null,"keyphrases":null,"primary_term":null,"canonical_url":null,"og_title":null,"og_description":null,"og_object_type":"default","og_image_type":"default","og_image_url":null,"og_image_width":null,"og_image_height":null,"og_image_custom_url":null,"og_image_custom_fields":null,"og_video":null,"og_custom_url":null,"og_article_section":null,"og_article_tags":null,"twitter_use_og":false,"twitter_card":"default","twitter_image_type":"default","twitter_image_url":null,"twitter_image_custom_url":null,"twitter_image_custom_fields":null,"twitter_title":null,"twitter_description":null,"schema":{"blockGraphs":[],"customGraphs":[],"default":{"data":{"Article":[],"Course":[],"Dataset":[],"FAQPage":[],"Movie":[],"Person":[],"Product":[],"ProductReview":[],"Car":[],"Recipe":[],"Service":[],"SoftwareApplication":[],"WebPage":[]},"graphName":"","isEnabled":true},"graphs":[]},"schema_type":"default","schema_type_options":null,"pillar_content":false,"robots_default":true,"robots_noindex":false,"robots_noarchive":false,"robots_nosnippet":false,"robots_nofollow":false,"robots_noimageindex":false,"robots_noodp":false,"robots_notranslate":false,"robots_max_snippet":null,"robots_max_videopreview":null,"robots_max_imagepreview":"large","priority":null,"frequency":null,"local_seo":null,"breadcrumb_settings":null,"limit_modified_date":false,"ai":null,"created":"2025-08-16 20:53:05","updated":"2025-08-16 20:53:05","focus_keyword":null,"additional_keywords":null,"truseo_locale":null,"seo_analyzer_scan_date":null},"aioseo_breadcrumb":"<div class=\"aioseo-breadcrumbs\"><span class=\"aioseo-breadcrumb\">\n\t\t\t<a href=\"https:\/\/anoticiaonline.com.br\/site\" title=\"Home\">Home<\/a>\n\t\t<\/span><span class=\"aioseo-breadcrumb-separator\">&raquo;<\/span><span class=\"aioseo-breadcrumb\">\n\t\t\t<a href=\"https:\/\/anoticiaonline.com.br\/site\/categoria\/eventos\/\" title=\"Eventos\">Eventos<\/a>\n\t\t<\/span><span class=\"aioseo-breadcrumb-separator\">&raquo;<\/span><span class=\"aioseo-breadcrumb\">\n\t\t\tMam\u00e3e Fitness: Academia do Colina prepara evento especial para associadas\n\t\t<\/span><\/div>","aioseo_breadcrumb_json":[{"label":"Home","link":"https:\/\/anoticiaonline.com.br\/site"},{"label":"Eventos","link":"https:\/\/anoticiaonline.com.br\/site\/categoria\/eventos\/"},{"label":"Mam\u00e3e Fitness: Academia do Colina prepara evento especial para associadas","link":"https:\/\/anoticiaonline.com.br\/site\/mamae-fitness-academia-do-colina-prepara-evento-especial-para-associadas\/"}],"views":152,"_links":{"self":[{"href":"https:\/\/anoticiaonline.com.br\/site\/wp-json\/wp\/v2\/posts\/56262","targetHints":{"allow":["GET"]}}],"collection":[{"href":"https:\/\/anoticiaonline.com.br\/site\/wp-json\/wp\/v2\/posts"}],"about":[{"href":"https:\/\/anoticiaonline.com.br\/site\/wp-json\/wp\/v2\/types\/post"}],"author":[{"embeddable":true,"href":"https:\/\/anoticiaonline.com.br\/site\/wp-json\/wp\/v2\/users\/2"}],"replies":[{"embeddable":true,"href":"https:\/\/anoticiaonline.com.br\/site\/wp-json\/wp\/v2\/comments?post=56262"}],"version-history":[{"count":0,"href":"https:\/\/anoticiaonline.com.br\/site\/wp-json\/wp\/v2\/posts\/56262\/revisions"}],"wp:featuredmedia":[{"embeddable":true,"href":"https:\/\/anoticiaonline.com.br\/site\/wp-json\/wp\/v2\/media\/56263"}],"wp:attachment":[{"href":"https:\/\/anoticiaonline.com.br\/site\/wp-json\/wp\/v2\/media?parent=56262"}],"wp:term":[{"taxonomy":"category","embeddable":true,"href":"https:\/\/anoticiaonline.com.br\/site\/wp-json\/wp\/v2\/categories?post=56262"},{"taxonomy":"post_tag","embeddable":true,"href":"https:\/\/anoticiaonline.com.br\/site\/wp-json\/wp\/v2\/tags?post=56262"}],"curies":[{"name":"wp","href":"https:\/\/api.w.org\/{rel}","templated":true}]}}