{"id":56164,"date":"2018-05-17T22:51:22","date_gmt":"2018-05-18T01:51:22","guid":{"rendered":"http:\/\/anoticiaonline.com.br\/site\/?p=56164"},"modified":"2018-05-17T22:51:22","modified_gmt":"2018-05-18T01:51:22","slug":"nelio-monteiro-recebe-medalha-do-merito-muriaeense-jose-alencar-gomes-da-silva","status":"publish","type":"post","link":"https:\/\/anoticiaonline.com.br\/site\/nelio-monteiro-recebe-medalha-do-merito-muriaeense-jose-alencar-gomes-da-silva\/","title":{"rendered":"Nelio Monteiro recebe medalha do M\u00e9rito Muriaeense \u201cJos\u00e9 Alencar Gomes da Silva\u201d"},"content":{"rendered":"<p><a href=\"https:\/\/anoticiaonline.com.br\/site\/wp-content\/uploads\/2018\/05\/DSC_1254.jpg\"><img fetchpriority=\"high\" decoding=\"async\" class=\"aligncenter size-full wp-image-56170\" src=\"https:\/\/anoticiaonline.com.br\/site\/wp-content\/uploads\/2018\/05\/DSC_1254.jpg\" alt=\"\" width=\"640\" height=\"427\" srcset=\"https:\/\/anoticiaonline.com.br\/site\/wp-content\/uploads\/2018\/05\/DSC_1254.jpg 640w, https:\/\/anoticiaonline.com.br\/site\/wp-content\/uploads\/2018\/05\/DSC_1254-300x200.jpg 300w\" sizes=\"(max-width: 640px) 100vw, 640px\" \/><\/a>Nelio Monteiro recebeu, na noite de quarta-feira (16), a medalha do M\u00e9rito Muriaeense \u201cJos\u00e9 Alencar Gomes da Silva\u201d. A condecora\u00e7\u00e3o, criada em 2013, \u00e9 concedida anualmente a pessoas que tenham contribu\u00eddo para o desenvolvimento de Muria\u00e9, em comemora\u00e7\u00e3o pelos 163 anos de emancipa\u00e7\u00e3o pol\u00edtico-administrativa da cidade.<\/p>\n<p>Natural de Muria\u00e9, Nelio Monteiro \u00e9 casado h\u00e1 28 anos com a pedagoga Heloisa Helena Pereira Monteiro e pai dos jovens Gabriel e Daniel. Possui forma\u00e7\u00e3o em Teologia, Psicologia e Lideran\u00e7a Avan\u00e7ada.<\/p>\n<p>\u00c9 membro da Junta de Educa\u00e7\u00e3o e do Conselho Diretor da Conven\u00e7\u00e3o Batista Mineira. Em nossa cidade, atua h\u00e1 28 anos como pastor na Igreja Batista Parque Safira, trabalhando sempre em prol da evangeliza\u00e7\u00e3o e do fortalecimento da f\u00e9 junto aos fi\u00e9is.<\/p>\n<p><a href=\"https:\/\/anoticiaonline.com.br\/site\/wp-content\/uploads\/2018\/05\/DSC_0286.jpg\"><img decoding=\"async\" class=\"aligncenter size-full wp-image-56169\" src=\"https:\/\/anoticiaonline.com.br\/site\/wp-content\/uploads\/2018\/05\/DSC_0286.jpg\" alt=\"\" width=\"424\" height=\"640\" srcset=\"https:\/\/anoticiaonline.com.br\/site\/wp-content\/uploads\/2018\/05\/DSC_0286.jpg 424w, https:\/\/anoticiaonline.com.br\/site\/wp-content\/uploads\/2018\/05\/DSC_0286-199x300.jpg 199w\" sizes=\"(max-width: 424px) 100vw, 424px\" \/><\/a><\/p>\n","protected":false},"excerpt":{"rendered":"<p>Nelio Monteiro recebeu, na noite de quarta-feira (16), a medalha do M\u00e9rito Muriaeense \u201cJos\u00e9 Alencar Gomes da Silva\u201d. A condecora\u00e7\u00e3o, criada em 2013, \u00e9 concedida anualmente a pessoas que tenham contribu\u00eddo para o desenvolvimento de Muria\u00e9, em comemora\u00e7\u00e3o pelos 163 anos de emancipa\u00e7\u00e3o pol\u00edtico-administrativa da cidade. Natural de Muria\u00e9, Nelio Monteiro \u00e9 casado h\u00e1 28 &#8230; <a title=\"Nelio Monteiro recebe medalha do M\u00e9rito Muriaeense \u201cJos\u00e9 Alencar Gomes da Silva\u201d\" class=\"read-more\" href=\"https:\/\/anoticiaonline.com.br\/site\/nelio-monteiro-recebe-medalha-do-merito-muriaeense-jose-alencar-gomes-da-silva\/\" aria-label=\"Read more about Nelio Monteiro recebe medalha do M\u00e9rito Muriaeense \u201cJos\u00e9 Alencar Gomes da Silva\u201d\">Ler mais<\/a><\/p>\n","protected":false},"author":2,"featured_media":56170,"comment_status":"open","ping_status":"open","sticky":false,"template":"","format":"standard","meta":{"_acf_changed":false,"_monsterinsights_skip_tracking":false,"footnotes":""},"categories":[1],"tags":[2622,2623,2569,2621,298,2576,2568,2619,726,2624,502,2620],"class_list":["post-56164","post","type-post","status-publish","format-standard","has-post-thumbnail","hentry","category-gerais","tag-conselho-diretor-da-convencao-batista-mineira","tag-igreja-batista-parque-safira","tag-jose-alencar-gomes-da-silva","tag-lideranca-avancada","tag-medalha","tag-merito-muriaeense","tag-merito-muriaeense-jose-alencar-gomes-da-silva","tag-nelio-monteiro","tag-pastor","tag-pastor-na-igreja-batista-parque-safira","tag-psicologia","tag-teologia"],"acf":[],"aioseo_notices":[],"aioseo_head":"\n\t\t<!-- All in One SEO 5.0.0.1 - aioseo.com -->\n\t<meta name=\"description\" content=\"Nelio Monteiro recebeu, na noite de quarta-feira (16), a medalha do M\u00e9rito Muriaeense \u201cJos\u00e9 Alencar Gomes da Silva\u201d. A condecora\u00e7\u00e3o, criada em 2013, \u00e9 concedida anualmente a pessoas que tenham contribu\u00eddo para o desenvolvimento de Muria\u00e9, em comemora\u00e7\u00e3o pelos 163 anos de emancipa\u00e7\u00e3o pol\u00edtico-administrativa da cidade. Natural de Muria\u00e9, Nelio Monteiro \u00e9 casado h\u00e1 28\" \/>\n\t<meta name=\"robots\" content=\"max-image-preview:large\" \/>\n\t<meta name=\"author\" content=\"Juliana Laviola\"\/>\n\t<link rel=\"canonical\" href=\"https:\/\/anoticiaonline.com.br\/site\/nelio-monteiro-recebe-medalha-do-merito-muriaeense-jose-alencar-gomes-da-silva\/\" \/>\n\t<meta name=\"generator\" content=\"All in One SEO (AIOSEO) 5.0.0.1\" \/>\n\t\t<meta property=\"og:locale\" content=\"pt_BR\" \/>\n\t\t<meta property=\"og:site_name\" content=\"A Not\u00edcia Online - Noticias de Muria\u00e9 e regi\u00e3o\" \/>\n\t\t<meta property=\"og:type\" content=\"article\" \/>\n\t\t<meta property=\"og:title\" content=\"Nelio Monteiro recebe medalha do M\u00e9rito Muriaeense \u201cJos\u00e9 Alencar Gomes da Silva\u201d - A Not\u00edcia Online\" \/>\n\t\t<meta property=\"og:description\" content=\"Nelio Monteiro recebeu, na noite de quarta-feira (16), a medalha do M\u00e9rito Muriaeense \u201cJos\u00e9 Alencar Gomes da Silva\u201d. A condecora\u00e7\u00e3o, criada em 2013, \u00e9 concedida anualmente a pessoas que tenham contribu\u00eddo para o desenvolvimento de Muria\u00e9, em comemora\u00e7\u00e3o pelos 163 anos de emancipa\u00e7\u00e3o pol\u00edtico-administrativa da cidade. Natural de Muria\u00e9, Nelio Monteiro \u00e9 casado h\u00e1 28\" \/>\n\t\t<meta property=\"og:url\" content=\"https:\/\/anoticiaonline.com.br\/site\/nelio-monteiro-recebe-medalha-do-merito-muriaeense-jose-alencar-gomes-da-silva\/\" \/>\n\t\t<meta property=\"og:image\" content=\"https:\/\/scontent-gig4-1.xx.fbcdn.net\/v\/t39.30808-1\/270437624_4564083193639691_6907940295614233970_n.jpg?stp=dst-jpg_s200x200_tt6&#038;_nc_cat=111&#038;ccb=1-7&#038;_nc_sid=f907e8&#038;_nc_ohc=SM1wRlP3lJwQ7kNvwEPuBYA&#038;_nc_oc=AdnqrjDN_BNjSSHWO-GbkIWH6fkGMLw4bqvL_NH6e2wMveX7G-rP2dAqsDSq1mJMOaY&#038;_nc_zt=24&#038;_nc_ht=scontent-gig4-1.xx&#038;_nc_gid=AoBFJeGrT1hVaew_6rchkQ&#038;oh=00_AfX7QmFGhQhG2jAllVgXCiM1ZrWgvtp80-Bfppyexh1QEg&#038;oe=689E923C\" \/>\n\t\t<meta property=\"og:image:secure_url\" content=\"https:\/\/scontent-gig4-1.xx.fbcdn.net\/v\/t39.30808-1\/270437624_4564083193639691_6907940295614233970_n.jpg?stp=dst-jpg_s200x200_tt6&#038;_nc_cat=111&#038;ccb=1-7&#038;_nc_sid=f907e8&#038;_nc_ohc=SM1wRlP3lJwQ7kNvwEPuBYA&#038;_nc_oc=AdnqrjDN_BNjSSHWO-GbkIWH6fkGMLw4bqvL_NH6e2wMveX7G-rP2dAqsDSq1mJMOaY&#038;_nc_zt=24&#038;_nc_ht=scontent-gig4-1.xx&#038;_nc_gid=AoBFJeGrT1hVaew_6rchkQ&#038;oh=00_AfX7QmFGhQhG2jAllVgXCiM1ZrWgvtp80-Bfppyexh1QEg&#038;oe=689E923C\" \/>\n\t\t<meta property=\"article:published_time\" content=\"2018-05-18T01:51:22+00:00\" \/>\n\t\t<meta property=\"article:modified_time\" content=\"2018-05-18T01:51:22+00:00\" \/>\n\t\t<meta name=\"twitter:card\" content=\"summary_large_image\" \/>\n\t\t<meta name=\"twitter:title\" content=\"Nelio Monteiro recebe medalha do M\u00e9rito Muriaeense \u201cJos\u00e9 Alencar Gomes da Silva\u201d - A Not\u00edcia Online\" \/>\n\t\t<meta name=\"twitter:description\" content=\"Nelio Monteiro recebeu, na noite de quarta-feira (16), a medalha do M\u00e9rito Muriaeense \u201cJos\u00e9 Alencar Gomes da Silva\u201d. A condecora\u00e7\u00e3o, criada em 2013, \u00e9 concedida anualmente a pessoas que tenham contribu\u00eddo para o desenvolvimento de Muria\u00e9, em comemora\u00e7\u00e3o pelos 163 anos de emancipa\u00e7\u00e3o pol\u00edtico-administrativa da cidade. Natural de Muria\u00e9, Nelio Monteiro \u00e9 casado h\u00e1 28\" \/>\n\t\t<meta name=\"twitter:image\" content=\"https:\/\/scontent-gig4-1.xx.fbcdn.net\/v\/t39.30808-1\/270437624_4564083193639691_6907940295614233970_n.jpg?stp=dst-jpg_s200x200_tt6&amp;_nc_cat=111&amp;ccb=1-7&amp;_nc_sid=f907e8&amp;_nc_ohc=SM1wRlP3lJwQ7kNvwEPuBYA&amp;_nc_oc=AdnqrjDN_BNjSSHWO-GbkIWH6fkGMLw4bqvL_NH6e2wMveX7G-rP2dAqsDSq1mJMOaY&amp;_nc_zt=24&amp;_nc_ht=scontent-gig4-1.xx&amp;_nc_gid=AoBFJeGrT1hVaew_6rchkQ&amp;oh=00_AfX7QmFGhQhG2jAllVgXCiM1ZrWgvtp80-Bfppyexh1QEg&amp;oe=689E923C\" \/>\n\t\t<script type=\"application\/ld+json\" class=\"aioseo-schema\">\n\t\t\t{\"@context\":\"https:\\\/\\\/schema.org\",\"@graph\":[{\"@type\":\"BlogPosting\",\"@id\":\"https:\\\/\\\/anoticiaonline.com.br\\\/site\\\/nelio-monteiro-recebe-medalha-do-merito-muriaeense-jose-alencar-gomes-da-silva\\\/#blogposting\",\"name\":\"Nelio Monteiro recebe medalha do M\\u00e9rito Muriaeense \\u201cJos\\u00e9 Alencar Gomes da Silva\\u201d - A Not\\u00edcia Online\",\"headline\":\"Nelio Monteiro recebe medalha do M\\u00e9rito Muriaeense \\u201cJos\\u00e9 Alencar Gomes da Silva\\u201d\",\"author\":{\"@id\":\"https:\\\/\\\/anoticiaonline.com.br\\\/site\\\/author\\\/juliana\\\/#author\"},\"publisher\":{\"@id\":\"https:\\\/\\\/anoticiaonline.com.br\\\/site\\\/#organization\"},\"image\":{\"@type\":\"ImageObject\",\"url\":\"https:\\\/\\\/anoticiaonline.com.br\\\/site\\\/wp-content\\\/uploads\\\/2018\\\/05\\\/DSC_1254.jpg\",\"width\":640,\"height\":427},\"datePublished\":\"2018-05-17T22:51:22-03:00\",\"dateModified\":\"2018-05-17T22:51:22-03:00\",\"inLanguage\":\"pt-BR\",\"mainEntityOfPage\":{\"@id\":\"https:\\\/\\\/anoticiaonline.com.br\\\/site\\\/nelio-monteiro-recebe-medalha-do-merito-muriaeense-jose-alencar-gomes-da-silva\\\/#webpage\"},\"isPartOf\":{\"@id\":\"https:\\\/\\\/anoticiaonline.com.br\\\/site\\\/nelio-monteiro-recebe-medalha-do-merito-muriaeense-jose-alencar-gomes-da-silva\\\/#webpage\"},\"articleSection\":\"Gerais, Conselho Diretor da Conven\\u00e7\\u00e3o Batista Mineira, Igreja Batista Parque Safira, Jos\\u00e9 Alencar Gomes da Silva, Lideran\\u00e7a Avan\\u00e7ada, medalha, M\\u00e9rito Muriaeense, M\\u00e9rito Muriaeense \\u201cJos\\u00e9 Alencar Gomes da Silva\\u201d, Nelio Monteiro, pastor, pastor na Igreja Batista Parque Safira, psicologia, Teologia\"},{\"@type\":\"BreadcrumbList\",\"@id\":\"https:\\\/\\\/anoticiaonline.com.br\\\/site\\\/nelio-monteiro-recebe-medalha-do-merito-muriaeense-jose-alencar-gomes-da-silva\\\/#breadcrumblist\",\"itemListElement\":[{\"@type\":\"ListItem\",\"@id\":\"https:\\\/\\\/anoticiaonline.com.br\\\/site#listItem\",\"position\":1,\"name\":\"Home\",\"item\":\"https:\\\/\\\/anoticiaonline.com.br\\\/site\",\"nextItem\":{\"@type\":\"ListItem\",\"@id\":\"https:\\\/\\\/anoticiaonline.com.br\\\/site\\\/categoria\\\/gerais\\\/#listItem\",\"name\":\"Gerais\"}},{\"@type\":\"ListItem\",\"@id\":\"https:\\\/\\\/anoticiaonline.com.br\\\/site\\\/categoria\\\/gerais\\\/#listItem\",\"position\":2,\"name\":\"Gerais\",\"item\":\"https:\\\/\\\/anoticiaonline.com.br\\\/site\\\/categoria\\\/gerais\\\/\",\"nextItem\":{\"@type\":\"ListItem\",\"@id\":\"https:\\\/\\\/anoticiaonline.com.br\\\/site\\\/nelio-monteiro-recebe-medalha-do-merito-muriaeense-jose-alencar-gomes-da-silva\\\/#listItem\",\"name\":\"Nelio Monteiro recebe medalha do M\\u00e9rito Muriaeense \\u201cJos\\u00e9 Alencar Gomes da Silva\\u201d\"},\"previousItem\":{\"@type\":\"ListItem\",\"@id\":\"https:\\\/\\\/anoticiaonline.com.br\\\/site#listItem\",\"name\":\"Home\"}},{\"@type\":\"ListItem\",\"@id\":\"https:\\\/\\\/anoticiaonline.com.br\\\/site\\\/nelio-monteiro-recebe-medalha-do-merito-muriaeense-jose-alencar-gomes-da-silva\\\/#listItem\",\"position\":3,\"name\":\"Nelio Monteiro recebe medalha do M\\u00e9rito Muriaeense \\u201cJos\\u00e9 Alencar Gomes da Silva\\u201d\",\"previousItem\":{\"@type\":\"ListItem\",\"@id\":\"https:\\\/\\\/anoticiaonline.com.br\\\/site\\\/categoria\\\/gerais\\\/#listItem\",\"name\":\"Gerais\"}}]},{\"@type\":\"Organization\",\"@id\":\"https:\\\/\\\/anoticiaonline.com.br\\\/site\\\/#organization\",\"name\":\"A Not\\u00edcia Online\",\"description\":\"Noticias de Muria\\u00e9 e regi\\u00e3o\",\"url\":\"https:\\\/\\\/anoticiaonline.com.br\\\/site\\\/\",\"logo\":{\"@type\":\"ImageObject\",\"url\":\"https:\\\/\\\/scontent-gig4-1.xx.fbcdn.net\\\/v\\\/t39.30808-1\\\/270437624_4564083193639691_6907940295614233970_n.jpg?stp=dst-jpg_s200x200_tt6&_nc_cat=111&ccb=1-7&_nc_sid=f907e8&_nc_ohc=SM1wRlP3lJwQ7kNvwEPuBYA&_nc_oc=AdnqrjDN_BNjSSHWO-GbkIWH6fkGMLw4bqvL_NH6e2wMveX7G-rP2dAqsDSq1mJMOaY&_nc_zt=24&_nc_ht=scontent-gig4-1.xx&_nc_gid=AoBFJeGrT1hVaew_6rchkQ&oh=00_AfX7QmFGhQhG2jAllVgXCiM1ZrWgvtp80-Bfppyexh1QEg&oe=689E923C\",\"@id\":\"https:\\\/\\\/anoticiaonline.com.br\\\/site\\\/nelio-monteiro-recebe-medalha-do-merito-muriaeense-jose-alencar-gomes-da-silva\\\/#organizationLogo\"},\"image\":{\"@id\":\"https:\\\/\\\/anoticiaonline.com.br\\\/site\\\/nelio-monteiro-recebe-medalha-do-merito-muriaeense-jose-alencar-gomes-da-silva\\\/#organizationLogo\"}},{\"@type\":\"Person\",\"@id\":\"https:\\\/\\\/anoticiaonline.com.br\\\/site\\\/author\\\/juliana\\\/#author\",\"url\":\"https:\\\/\\\/anoticiaonline.com.br\\\/site\\\/author\\\/juliana\\\/\",\"name\":\"Juliana Laviola\",\"image\":{\"@type\":\"ImageObject\",\"@id\":\"https:\\\/\\\/anoticiaonline.com.br\\\/site\\\/nelio-monteiro-recebe-medalha-do-merito-muriaeense-jose-alencar-gomes-da-silva\\\/#authorImage\",\"url\":\"https:\\\/\\\/secure.gravatar.com\\\/avatar\\\/b8d45f5c699b100dfaf0e543582f38f38bf94cb7ae3a5e9abf8d891a34773335?s=96&d=mm&r=g\",\"width\":96,\"height\":96,\"caption\":\"Juliana Laviola\"}},{\"@type\":\"WebPage\",\"@id\":\"https:\\\/\\\/anoticiaonline.com.br\\\/site\\\/nelio-monteiro-recebe-medalha-do-merito-muriaeense-jose-alencar-gomes-da-silva\\\/#webpage\",\"url\":\"https:\\\/\\\/anoticiaonline.com.br\\\/site\\\/nelio-monteiro-recebe-medalha-do-merito-muriaeense-jose-alencar-gomes-da-silva\\\/\",\"name\":\"Nelio Monteiro recebe medalha do M\\u00e9rito Muriaeense \\u201cJos\\u00e9 Alencar Gomes da Silva\\u201d - A Not\\u00edcia Online\",\"description\":\"Nelio Monteiro recebeu, na noite de quarta-feira (16), a medalha do M\\u00e9rito Muriaeense \\u201cJos\\u00e9 Alencar Gomes da Silva\\u201d. A condecora\\u00e7\\u00e3o, criada em 2013, \\u00e9 concedida anualmente a pessoas que tenham contribu\\u00eddo para o desenvolvimento de Muria\\u00e9, em comemora\\u00e7\\u00e3o pelos 163 anos de emancipa\\u00e7\\u00e3o pol\\u00edtico-administrativa da cidade. Natural de Muria\\u00e9, Nelio Monteiro \\u00e9 casado h\\u00e1 28\",\"inLanguage\":\"pt-BR\",\"isPartOf\":{\"@id\":\"https:\\\/\\\/anoticiaonline.com.br\\\/site\\\/#website\"},\"breadcrumb\":{\"@id\":\"https:\\\/\\\/anoticiaonline.com.br\\\/site\\\/nelio-monteiro-recebe-medalha-do-merito-muriaeense-jose-alencar-gomes-da-silva\\\/#breadcrumblist\"},\"author\":{\"@id\":\"https:\\\/\\\/anoticiaonline.com.br\\\/site\\\/author\\\/juliana\\\/#author\"},\"creator\":{\"@id\":\"https:\\\/\\\/anoticiaonline.com.br\\\/site\\\/author\\\/juliana\\\/#author\"},\"image\":{\"@type\":\"ImageObject\",\"url\":\"https:\\\/\\\/anoticiaonline.com.br\\\/site\\\/wp-content\\\/uploads\\\/2018\\\/05\\\/DSC_1254.jpg\",\"@id\":\"https:\\\/\\\/anoticiaonline.com.br\\\/site\\\/nelio-monteiro-recebe-medalha-do-merito-muriaeense-jose-alencar-gomes-da-silva\\\/#mainImage\",\"width\":640,\"height\":427},\"primaryImageOfPage\":{\"@id\":\"https:\\\/\\\/anoticiaonline.com.br\\\/site\\\/nelio-monteiro-recebe-medalha-do-merito-muriaeense-jose-alencar-gomes-da-silva\\\/#mainImage\"},\"datePublished\":\"2018-05-17T22:51:22-03:00\",\"dateModified\":\"2018-05-17T22:51:22-03:00\"},{\"@type\":\"WebSite\",\"@id\":\"https:\\\/\\\/anoticiaonline.com.br\\\/site\\\/#website\",\"url\":\"https:\\\/\\\/anoticiaonline.com.br\\\/site\\\/\",\"name\":\"A Not\\u00edcia Online\",\"description\":\"Noticias de Muria\\u00e9 e regi\\u00e3o\",\"inLanguage\":\"pt-BR\",\"publisher\":{\"@id\":\"https:\\\/\\\/anoticiaonline.com.br\\\/site\\\/#organization\"}}]}\n\t\t<\/script>\n\t\t<!-- All in One SEO -->\n\n","aioseo_head_json":{"title":"Nelio Monteiro recebe medalha do M\u00e9rito Muriaeense \u201cJos\u00e9 Alencar Gomes da Silva\u201d - A Not\u00edcia Online","description":"Nelio Monteiro recebeu, na noite de quarta-feira (16), a medalha do M\u00e9rito Muriaeense \u201cJos\u00e9 Alencar Gomes da Silva\u201d. A condecora\u00e7\u00e3o, criada em 2013, \u00e9 concedida anualmente a pessoas que tenham contribu\u00eddo para o desenvolvimento de Muria\u00e9, em comemora\u00e7\u00e3o pelos 163 anos de emancipa\u00e7\u00e3o pol\u00edtico-administrativa da cidade. Natural de Muria\u00e9, Nelio Monteiro \u00e9 casado h\u00e1 28","canonical_url":"https:\/\/anoticiaonline.com.br\/site\/nelio-monteiro-recebe-medalha-do-merito-muriaeense-jose-alencar-gomes-da-silva\/","robots":"max-image-preview:large","keywords":"","webmasterTools":{"miscellaneous":""},"schema":{"@context":"https:\/\/schema.org","@graph":[{"@type":"BlogPosting","@id":"https:\/\/anoticiaonline.com.br\/site\/nelio-monteiro-recebe-medalha-do-merito-muriaeense-jose-alencar-gomes-da-silva\/#blogposting","name":"Nelio Monteiro recebe medalha do M\u00e9rito Muriaeense \u201cJos\u00e9 Alencar Gomes da Silva\u201d - A Not\u00edcia Online","headline":"Nelio Monteiro recebe medalha do M\u00e9rito Muriaeense \u201cJos\u00e9 Alencar Gomes da Silva\u201d","author":{"@id":"https:\/\/anoticiaonline.com.br\/site\/author\/juliana\/#author"},"publisher":{"@id":"https:\/\/anoticiaonline.com.br\/site\/#organization"},"image":{"@type":"ImageObject","url":"https:\/\/anoticiaonline.com.br\/site\/wp-content\/uploads\/2018\/05\/DSC_1254.jpg","width":640,"height":427},"datePublished":"2018-05-17T22:51:22-03:00","dateModified":"2018-05-17T22:51:22-03:00","inLanguage":"pt-BR","mainEntityOfPage":{"@id":"https:\/\/anoticiaonline.com.br\/site\/nelio-monteiro-recebe-medalha-do-merito-muriaeense-jose-alencar-gomes-da-silva\/#webpage"},"isPartOf":{"@id":"https:\/\/anoticiaonline.com.br\/site\/nelio-monteiro-recebe-medalha-do-merito-muriaeense-jose-alencar-gomes-da-silva\/#webpage"},"articleSection":"Gerais, Conselho Diretor da Conven\u00e7\u00e3o Batista Mineira, Igreja Batista Parque Safira, Jos\u00e9 Alencar Gomes da Silva, Lideran\u00e7a Avan\u00e7ada, medalha, M\u00e9rito Muriaeense, M\u00e9rito Muriaeense \u201cJos\u00e9 Alencar Gomes da Silva\u201d, Nelio Monteiro, pastor, pastor na Igreja Batista Parque Safira, psicologia, Teologia"},{"@type":"BreadcrumbList","@id":"https:\/\/anoticiaonline.com.br\/site\/nelio-monteiro-recebe-medalha-do-merito-muriaeense-jose-alencar-gomes-da-silva\/#breadcrumblist","itemListElement":[{"@type":"ListItem","@id":"https:\/\/anoticiaonline.com.br\/site#listItem","position":1,"name":"Home","item":"https:\/\/anoticiaonline.com.br\/site","nextItem":{"@type":"ListItem","@id":"https:\/\/anoticiaonline.com.br\/site\/categoria\/gerais\/#listItem","name":"Gerais"}},{"@type":"ListItem","@id":"https:\/\/anoticiaonline.com.br\/site\/categoria\/gerais\/#listItem","position":2,"name":"Gerais","item":"https:\/\/anoticiaonline.com.br\/site\/categoria\/gerais\/","nextItem":{"@type":"ListItem","@id":"https:\/\/anoticiaonline.com.br\/site\/nelio-monteiro-recebe-medalha-do-merito-muriaeense-jose-alencar-gomes-da-silva\/#listItem","name":"Nelio Monteiro recebe medalha do M\u00e9rito Muriaeense \u201cJos\u00e9 Alencar Gomes da Silva\u201d"},"previousItem":{"@type":"ListItem","@id":"https:\/\/anoticiaonline.com.br\/site#listItem","name":"Home"}},{"@type":"ListItem","@id":"https:\/\/anoticiaonline.com.br\/site\/nelio-monteiro-recebe-medalha-do-merito-muriaeense-jose-alencar-gomes-da-silva\/#listItem","position":3,"name":"Nelio Monteiro recebe medalha do M\u00e9rito Muriaeense \u201cJos\u00e9 Alencar Gomes da Silva\u201d","previousItem":{"@type":"ListItem","@id":"https:\/\/anoticiaonline.com.br\/site\/categoria\/gerais\/#listItem","name":"Gerais"}}]},{"@type":"Organization","@id":"https:\/\/anoticiaonline.com.br\/site\/#organization","name":"A Not\u00edcia Online","description":"Noticias de Muria\u00e9 e regi\u00e3o","url":"https:\/\/anoticiaonline.com.br\/site\/","logo":{"@type":"ImageObject","url":"https:\/\/scontent-gig4-1.xx.fbcdn.net\/v\/t39.30808-1\/270437624_4564083193639691_6907940295614233970_n.jpg?stp=dst-jpg_s200x200_tt6&_nc_cat=111&ccb=1-7&_nc_sid=f907e8&_nc_ohc=SM1wRlP3lJwQ7kNvwEPuBYA&_nc_oc=AdnqrjDN_BNjSSHWO-GbkIWH6fkGMLw4bqvL_NH6e2wMveX7G-rP2dAqsDSq1mJMOaY&_nc_zt=24&_nc_ht=scontent-gig4-1.xx&_nc_gid=AoBFJeGrT1hVaew_6rchkQ&oh=00_AfX7QmFGhQhG2jAllVgXCiM1ZrWgvtp80-Bfppyexh1QEg&oe=689E923C","@id":"https:\/\/anoticiaonline.com.br\/site\/nelio-monteiro-recebe-medalha-do-merito-muriaeense-jose-alencar-gomes-da-silva\/#organizationLogo"},"image":{"@id":"https:\/\/anoticiaonline.com.br\/site\/nelio-monteiro-recebe-medalha-do-merito-muriaeense-jose-alencar-gomes-da-silva\/#organizationLogo"}},{"@type":"Person","@id":"https:\/\/anoticiaonline.com.br\/site\/author\/juliana\/#author","url":"https:\/\/anoticiaonline.com.br\/site\/author\/juliana\/","name":"Juliana Laviola","image":{"@type":"ImageObject","@id":"https:\/\/anoticiaonline.com.br\/site\/nelio-monteiro-recebe-medalha-do-merito-muriaeense-jose-alencar-gomes-da-silva\/#authorImage","url":"https:\/\/secure.gravatar.com\/avatar\/b8d45f5c699b100dfaf0e543582f38f38bf94cb7ae3a5e9abf8d891a34773335?s=96&d=mm&r=g","width":96,"height":96,"caption":"Juliana Laviola"}},{"@type":"WebPage","@id":"https:\/\/anoticiaonline.com.br\/site\/nelio-monteiro-recebe-medalha-do-merito-muriaeense-jose-alencar-gomes-da-silva\/#webpage","url":"https:\/\/anoticiaonline.com.br\/site\/nelio-monteiro-recebe-medalha-do-merito-muriaeense-jose-alencar-gomes-da-silva\/","name":"Nelio Monteiro recebe medalha do M\u00e9rito Muriaeense \u201cJos\u00e9 Alencar Gomes da Silva\u201d - A Not\u00edcia Online","description":"Nelio Monteiro recebeu, na noite de quarta-feira (16), a medalha do M\u00e9rito Muriaeense \u201cJos\u00e9 Alencar Gomes da Silva\u201d. A condecora\u00e7\u00e3o, criada em 2013, \u00e9 concedida anualmente a pessoas que tenham contribu\u00eddo para o desenvolvimento de Muria\u00e9, em comemora\u00e7\u00e3o pelos 163 anos de emancipa\u00e7\u00e3o pol\u00edtico-administrativa da cidade. Natural de Muria\u00e9, Nelio Monteiro \u00e9 casado h\u00e1 28","inLanguage":"pt-BR","isPartOf":{"@id":"https:\/\/anoticiaonline.com.br\/site\/#website"},"breadcrumb":{"@id":"https:\/\/anoticiaonline.com.br\/site\/nelio-monteiro-recebe-medalha-do-merito-muriaeense-jose-alencar-gomes-da-silva\/#breadcrumblist"},"author":{"@id":"https:\/\/anoticiaonline.com.br\/site\/author\/juliana\/#author"},"creator":{"@id":"https:\/\/anoticiaonline.com.br\/site\/author\/juliana\/#author"},"image":{"@type":"ImageObject","url":"https:\/\/anoticiaonline.com.br\/site\/wp-content\/uploads\/2018\/05\/DSC_1254.jpg","@id":"https:\/\/anoticiaonline.com.br\/site\/nelio-monteiro-recebe-medalha-do-merito-muriaeense-jose-alencar-gomes-da-silva\/#mainImage","width":640,"height":427},"primaryImageOfPage":{"@id":"https:\/\/anoticiaonline.com.br\/site\/nelio-monteiro-recebe-medalha-do-merito-muriaeense-jose-alencar-gomes-da-silva\/#mainImage"},"datePublished":"2018-05-17T22:51:22-03:00","dateModified":"2018-05-17T22:51:22-03:00"},{"@type":"WebSite","@id":"https:\/\/anoticiaonline.com.br\/site\/#website","url":"https:\/\/anoticiaonline.com.br\/site\/","name":"A Not\u00edcia Online","description":"Noticias de Muria\u00e9 e regi\u00e3o","inLanguage":"pt-BR","publisher":{"@id":"https:\/\/anoticiaonline.com.br\/site\/#organization"}}]},"og:locale":"pt_BR","og:site_name":"A Not\u00edcia Online - Noticias de Muria\u00e9 e regi\u00e3o","og:type":"article","og:title":"Nelio Monteiro recebe medalha do M\u00e9rito Muriaeense \u201cJos\u00e9 Alencar Gomes da Silva\u201d - A Not\u00edcia Online","og:description":"Nelio Monteiro recebeu, na noite de quarta-feira (16), a medalha do M\u00e9rito Muriaeense \u201cJos\u00e9 Alencar Gomes da Silva\u201d. A condecora\u00e7\u00e3o, criada em 2013, \u00e9 concedida anualmente a pessoas que tenham contribu\u00eddo para o desenvolvimento de Muria\u00e9, em comemora\u00e7\u00e3o pelos 163 anos de emancipa\u00e7\u00e3o pol\u00edtico-administrativa da cidade. Natural de Muria\u00e9, Nelio Monteiro \u00e9 casado h\u00e1 28","og:url":"https:\/\/anoticiaonline.com.br\/site\/nelio-monteiro-recebe-medalha-do-merito-muriaeense-jose-alencar-gomes-da-silva\/","og:image":"https:\/\/scontent-gig4-1.xx.fbcdn.net\/v\/t39.30808-1\/270437624_4564083193639691_6907940295614233970_n.jpg?stp=dst-jpg_s200x200_tt6&#038;_nc_cat=111&#038;ccb=1-7&#038;_nc_sid=f907e8&#038;_nc_ohc=SM1wRlP3lJwQ7kNvwEPuBYA&#038;_nc_oc=AdnqrjDN_BNjSSHWO-GbkIWH6fkGMLw4bqvL_NH6e2wMveX7G-rP2dAqsDSq1mJMOaY&#038;_nc_zt=24&#038;_nc_ht=scontent-gig4-1.xx&#038;_nc_gid=AoBFJeGrT1hVaew_6rchkQ&#038;oh=00_AfX7QmFGhQhG2jAllVgXCiM1ZrWgvtp80-Bfppyexh1QEg&#038;oe=689E923C","og:image:secure_url":"https:\/\/scontent-gig4-1.xx.fbcdn.net\/v\/t39.30808-1\/270437624_4564083193639691_6907940295614233970_n.jpg?stp=dst-jpg_s200x200_tt6&#038;_nc_cat=111&#038;ccb=1-7&#038;_nc_sid=f907e8&#038;_nc_ohc=SM1wRlP3lJwQ7kNvwEPuBYA&#038;_nc_oc=AdnqrjDN_BNjSSHWO-GbkIWH6fkGMLw4bqvL_NH6e2wMveX7G-rP2dAqsDSq1mJMOaY&#038;_nc_zt=24&#038;_nc_ht=scontent-gig4-1.xx&#038;_nc_gid=AoBFJeGrT1hVaew_6rchkQ&#038;oh=00_AfX7QmFGhQhG2jAllVgXCiM1ZrWgvtp80-Bfppyexh1QEg&#038;oe=689E923C","article:published_time":"2018-05-18T01:51:22+00:00","article:modified_time":"2018-05-18T01:51:22+00:00","twitter:card":"summary_large_image","twitter:title":"Nelio Monteiro recebe medalha do M\u00e9rito Muriaeense \u201cJos\u00e9 Alencar Gomes da Silva\u201d - A Not\u00edcia Online","twitter:description":"Nelio Monteiro recebeu, na noite de quarta-feira (16), a medalha do M\u00e9rito Muriaeense \u201cJos\u00e9 Alencar Gomes da Silva\u201d. A condecora\u00e7\u00e3o, criada em 2013, \u00e9 concedida anualmente a pessoas que tenham contribu\u00eddo para o desenvolvimento de Muria\u00e9, em comemora\u00e7\u00e3o pelos 163 anos de emancipa\u00e7\u00e3o pol\u00edtico-administrativa da cidade. Natural de Muria\u00e9, Nelio Monteiro \u00e9 casado h\u00e1 28","twitter:image":"https:\/\/scontent-gig4-1.xx.fbcdn.net\/v\/t39.30808-1\/270437624_4564083193639691_6907940295614233970_n.jpg?stp=dst-jpg_s200x200_tt6&_nc_cat=111&ccb=1-7&_nc_sid=f907e8&_nc_ohc=SM1wRlP3lJwQ7kNvwEPuBYA&_nc_oc=AdnqrjDN_BNjSSHWO-GbkIWH6fkGMLw4bqvL_NH6e2wMveX7G-rP2dAqsDSq1mJMOaY&_nc_zt=24&_nc_ht=scontent-gig4-1.xx&_nc_gid=AoBFJeGrT1hVaew_6rchkQ&oh=00_AfX7QmFGhQhG2jAllVgXCiM1ZrWgvtp80-Bfppyexh1QEg&oe=689E923C"},"aioseo_meta_data":{"post_id":"56164","title":null,"description":null,"keywords":null,"keyphrases":null,"primary_term":null,"canonical_url":null,"og_title":null,"og_description":null,"og_object_type":"default","og_image_type":"default","og_image_url":null,"og_image_width":null,"og_image_height":null,"og_image_custom_url":null,"og_image_custom_fields":null,"og_video":null,"og_custom_url":null,"og_article_section":null,"og_article_tags":null,"twitter_use_og":false,"twitter_card":"default","twitter_image_type":"default","twitter_image_url":null,"twitter_image_custom_url":null,"twitter_image_custom_fields":null,"twitter_title":null,"twitter_description":null,"schema":{"blockGraphs":[],"customGraphs":[],"default":{"data":{"Article":[],"Course":[],"Dataset":[],"FAQPage":[],"Movie":[],"Person":[],"Product":[],"ProductReview":[],"Car":[],"Recipe":[],"Service":[],"SoftwareApplication":[],"WebPage":[]},"graphName":"","isEnabled":true},"graphs":[]},"schema_type":"default","schema_type_options":null,"pillar_content":false,"robots_default":true,"robots_noindex":false,"robots_noarchive":false,"robots_nosnippet":false,"robots_nofollow":false,"robots_noimageindex":false,"robots_noodp":false,"robots_notranslate":false,"robots_max_snippet":null,"robots_max_videopreview":null,"robots_max_imagepreview":"large","priority":null,"frequency":null,"local_seo":null,"breadcrumb_settings":null,"limit_modified_date":false,"ai":null,"created":"2025-08-16 20:53:05","updated":"2025-08-16 20:53:05","focus_keyword":null,"additional_keywords":null,"truseo_locale":null,"seo_analyzer_scan_date":null},"aioseo_breadcrumb":"<div class=\"aioseo-breadcrumbs\"><span class=\"aioseo-breadcrumb\">\n\t\t\t<a href=\"https:\/\/anoticiaonline.com.br\/site\" title=\"Home\">Home<\/a>\n\t\t<\/span><span class=\"aioseo-breadcrumb-separator\">&raquo;<\/span><span class=\"aioseo-breadcrumb\">\n\t\t\t<a href=\"https:\/\/anoticiaonline.com.br\/site\/categoria\/gerais\/\" title=\"Gerais\">Gerais<\/a>\n\t\t<\/span><span class=\"aioseo-breadcrumb-separator\">&raquo;<\/span><span class=\"aioseo-breadcrumb\">\n\t\t\tNelio Monteiro recebe medalha do M\u00e9rito Muriaeense \u201cJos\u00e9 Alencar Gomes da Silva\u201d\n\t\t<\/span><\/div>","aioseo_breadcrumb_json":[{"label":"Home","link":"https:\/\/anoticiaonline.com.br\/site"},{"label":"Gerais","link":"https:\/\/anoticiaonline.com.br\/site\/categoria\/gerais\/"},{"label":"Nelio Monteiro recebe medalha do M\u00e9rito Muriaeense \u201cJos\u00e9 Alencar Gomes da Silva\u201d","link":"https:\/\/anoticiaonline.com.br\/site\/nelio-monteiro-recebe-medalha-do-merito-muriaeense-jose-alencar-gomes-da-silva\/"}],"views":174,"_links":{"self":[{"href":"https:\/\/anoticiaonline.com.br\/site\/wp-json\/wp\/v2\/posts\/56164","targetHints":{"allow":["GET"]}}],"collection":[{"href":"https:\/\/anoticiaonline.com.br\/site\/wp-json\/wp\/v2\/posts"}],"about":[{"href":"https:\/\/anoticiaonline.com.br\/site\/wp-json\/wp\/v2\/types\/post"}],"author":[{"embeddable":true,"href":"https:\/\/anoticiaonline.com.br\/site\/wp-json\/wp\/v2\/users\/2"}],"replies":[{"embeddable":true,"href":"https:\/\/anoticiaonline.com.br\/site\/wp-json\/wp\/v2\/comments?post=56164"}],"version-history":[{"count":0,"href":"https:\/\/anoticiaonline.com.br\/site\/wp-json\/wp\/v2\/posts\/56164\/revisions"}],"wp:featuredmedia":[{"embeddable":true,"href":"https:\/\/anoticiaonline.com.br\/site\/wp-json\/wp\/v2\/media\/56170"}],"wp:attachment":[{"href":"https:\/\/anoticiaonline.com.br\/site\/wp-json\/wp\/v2\/media?parent=56164"}],"wp:term":[{"taxonomy":"category","embeddable":true,"href":"https:\/\/anoticiaonline.com.br\/site\/wp-json\/wp\/v2\/categories?post=56164"},{"taxonomy":"post_tag","embeddable":true,"href":"https:\/\/anoticiaonline.com.br\/site\/wp-json\/wp\/v2\/tags?post=56164"}],"curies":[{"name":"wp","href":"https:\/\/api.w.org\/{rel}","templated":true}]}}