{"id":56162,"date":"2018-05-17T22:55:32","date_gmt":"2018-05-18T01:55:32","guid":{"rendered":"http:\/\/anoticiaonline.com.br\/site\/?p=56162"},"modified":"2018-05-17T23:02:22","modified_gmt":"2018-05-18T02:02:22","slug":"deputado-federal-mario-heringer-recebe-medalha-do-merito-muriaeense-jose-alencar-gomes-da-silva","status":"publish","type":"post","link":"https:\/\/anoticiaonline.com.br\/site\/deputado-federal-mario-heringer-recebe-medalha-do-merito-muriaeense-jose-alencar-gomes-da-silva\/","title":{"rendered":"Deputado federal M\u00e1rio Heringer recebe medalha do M\u00e9rito Muriaeense \u201cJos\u00e9 Alencar Gomes da Silva\u201d"},"content":{"rendered":"<p><a href=\"https:\/\/anoticiaonline.com.br\/site\/wp-content\/uploads\/2018\/05\/DSC_0160.jpg\"><img fetchpriority=\"high\" decoding=\"async\" class=\"aligncenter size-full wp-image-56168\" src=\"https:\/\/anoticiaonline.com.br\/site\/wp-content\/uploads\/2018\/05\/DSC_0160.jpg\" alt=\"\" width=\"640\" height=\"427\" srcset=\"https:\/\/anoticiaonline.com.br\/site\/wp-content\/uploads\/2018\/05\/DSC_0160.jpg 640w, https:\/\/anoticiaonline.com.br\/site\/wp-content\/uploads\/2018\/05\/DSC_0160-300x200.jpg 300w\" sizes=\"(max-width: 640px) 100vw, 640px\" \/><\/a><a href=\"https:\/\/anoticiaonline.com.br\/site\/wp-content\/uploads\/2018\/05\/DSC_1231.jpg\"><img decoding=\"async\" class=\"aligncenter size-full wp-image-56173\" src=\"https:\/\/anoticiaonline.com.br\/site\/wp-content\/uploads\/2018\/05\/DSC_1231.jpg\" alt=\"\" width=\"640\" height=\"427\" srcset=\"https:\/\/anoticiaonline.com.br\/site\/wp-content\/uploads\/2018\/05\/DSC_1231.jpg 640w, https:\/\/anoticiaonline.com.br\/site\/wp-content\/uploads\/2018\/05\/DSC_1231-300x200.jpg 300w\" sizes=\"(max-width: 640px) 100vw, 640px\" \/><\/a> <a href=\"https:\/\/anoticiaonline.com.br\/site\/wp-content\/uploads\/2018\/05\/DSC_1234.jpg\"><img decoding=\"async\" class=\"aligncenter size-full wp-image-56175\" src=\"https:\/\/anoticiaonline.com.br\/site\/wp-content\/uploads\/2018\/05\/DSC_1234.jpg\" alt=\"\" width=\"640\" height=\"427\" srcset=\"https:\/\/anoticiaonline.com.br\/site\/wp-content\/uploads\/2018\/05\/DSC_1234.jpg 640w, https:\/\/anoticiaonline.com.br\/site\/wp-content\/uploads\/2018\/05\/DSC_1234-300x200.jpg 300w\" sizes=\"(max-width: 640px) 100vw, 640px\" \/><\/a>O deputado federal M\u00e1rio Heringer (PDT\/MG) recebeu, na noite de quarta-feira (16), a medalha do M\u00e9rito Muriaeense \u201cJos\u00e9 Alencar Gomes da Silva\u201d. A condecora\u00e7\u00e3o, criada em 2013, \u00e9 concedida anualmente a pessoas que tenham contribu\u00eddo para o desenvolvimento de Muria\u00e9, em comemora\u00e7\u00e3o pelos 163 anos de emancipa\u00e7\u00e3o pol\u00edtico-administrativa da cidade.<\/p>\n<p>Muria\u00e9 foi indicada a receber R$ 500 mil para investimento em obras de infraestrutura, por meio de emenda parlamentar do deputado federal Dr. M\u00e1rio Heringer. O parlamentar encaminhou of\u00edcio ao prefeito Ioannis Konstantinos Grammatikopoulos e ao vice-prefeito Marcos Guarino, informando a respeito da verba e orientando a prefeitura a elaborar proposta junto ao Sistema de Conv\u00eanios (Siconv).<\/p>\n<p>Na Zona da Mata, em 2018, M\u00e1rio Heringer indicou em emenda R$ 5 milh\u00f5es, sendo R$ 1 milh\u00e3o para obras de infraestrutura e o restante para a \u00e1rea da Sa\u00fade.<\/p>\n<p><strong>\u00a0<\/strong><strong>Hist\u00f3rico &#8211;<\/strong> Natural de Manhumirim, Dr. M\u00e1rio Heringer tem 63 anos de idade. \u00c9 m\u00e9dico ortopedista por forma\u00e7\u00e3o e trabalha tamb\u00e9m na vida p\u00fablica, exercendo atualmente seu quarto mandato como deputado federal.<\/p>\n<p>Na C\u00e2mara dos Deputados, j\u00e1 desempenhou diferentes fun\u00e7\u00f5es, tais como a de secret\u00e1rio de Rela\u00e7\u00f5es Internacionais, coordenador da bancada mineira, ouvidor geral, al\u00e9m de presidente da Comiss\u00e3o de Direitos Humanos e Minorias. Atualmente, integra comiss\u00f5es \u2013 dentre elas Comiss\u00e3o de Seguridade Social e Fam\u00edlia, a que analisa o desastre da barragem em Mariana e a que estuda normas a serem aplicadas em processos licitat\u00f3rios p\u00fablicos.<\/p>\n<p><a href=\"https:\/\/anoticiaonline.com.br\/site\/wp-content\/uploads\/2018\/05\/DSC_0292.jpg\"><img loading=\"lazy\" decoding=\"async\" class=\"aligncenter size-full wp-image-56171\" src=\"https:\/\/anoticiaonline.com.br\/site\/wp-content\/uploads\/2018\/05\/DSC_0292.jpg\" alt=\"\" width=\"424\" height=\"640\" srcset=\"https:\/\/anoticiaonline.com.br\/site\/wp-content\/uploads\/2018\/05\/DSC_0292.jpg 424w, https:\/\/anoticiaonline.com.br\/site\/wp-content\/uploads\/2018\/05\/DSC_0292-199x300.jpg 199w\" sizes=\"(max-width: 424px) 100vw, 424px\" \/><\/a><\/p>\n<p><a href=\"https:\/\/anoticiaonline.com.br\/site\/wp-content\/uploads\/2018\/05\/DSC_0849.jpg\"><img loading=\"lazy\" decoding=\"async\" class=\"aligncenter size-full wp-image-56172\" src=\"https:\/\/anoticiaonline.com.br\/site\/wp-content\/uploads\/2018\/05\/DSC_0849.jpg\" alt=\"\" width=\"640\" height=\"427\" srcset=\"https:\/\/anoticiaonline.com.br\/site\/wp-content\/uploads\/2018\/05\/DSC_0849.jpg 640w, https:\/\/anoticiaonline.com.br\/site\/wp-content\/uploads\/2018\/05\/DSC_0849-300x200.jpg 300w\" sizes=\"(max-width: 640px) 100vw, 640px\" \/><\/a><\/p>\n<p><a href=\"https:\/\/anoticiaonline.com.br\/site\/wp-content\/uploads\/2018\/05\/DSC_0151.jpg\"><img loading=\"lazy\" decoding=\"async\" class=\"aligncenter size-full wp-image-56166\" src=\"https:\/\/anoticiaonline.com.br\/site\/wp-content\/uploads\/2018\/05\/DSC_0151.jpg\" alt=\"\" width=\"640\" height=\"427\" srcset=\"https:\/\/anoticiaonline.com.br\/site\/wp-content\/uploads\/2018\/05\/DSC_0151.jpg 640w, https:\/\/anoticiaonline.com.br\/site\/wp-content\/uploads\/2018\/05\/DSC_0151-300x200.jpg 300w\" sizes=\"(max-width: 640px) 100vw, 640px\" \/><\/a><\/p>\n<p>&nbsp;<\/p>\n","protected":false},"excerpt":{"rendered":"<p>O deputado federal M\u00e1rio Heringer (PDT\/MG) recebeu, na noite de quarta-feira (16), a medalha do M\u00e9rito Muriaeense \u201cJos\u00e9 Alencar Gomes da Silva\u201d. A condecora\u00e7\u00e3o, criada em 2013, \u00e9 concedida anualmente a pessoas que tenham contribu\u00eddo para o desenvolvimento de Muria\u00e9, em comemora\u00e7\u00e3o pelos 163 anos de emancipa\u00e7\u00e3o pol\u00edtico-administrativa da cidade. Muria\u00e9 foi indicada a receber &#8230; <a title=\"Deputado federal M\u00e1rio Heringer recebe medalha do M\u00e9rito Muriaeense \u201cJos\u00e9 Alencar Gomes da Silva\u201d\" class=\"read-more\" href=\"https:\/\/anoticiaonline.com.br\/site\/deputado-federal-mario-heringer-recebe-medalha-do-merito-muriaeense-jose-alencar-gomes-da-silva\/\" aria-label=\"Read more about Deputado federal M\u00e1rio Heringer recebe medalha do M\u00e9rito Muriaeense \u201cJos\u00e9 Alencar Gomes da Silva\u201d\">Ler mais<\/a><\/p>\n","protected":false},"author":2,"featured_media":56175,"comment_status":"open","ping_status":"open","sticky":false,"template":"","format":"standard","meta":{"_acf_changed":false,"_monsterinsights_skip_tracking":false,"footnotes":""},"categories":[1],"tags":[2625,2626,2569,298,2576,2568],"class_list":["post-56162","post","type-post","status-publish","format-standard","has-post-thumbnail","hentry","category-gerais","tag-deputado-federal-mario-heringer","tag-deputado-federal-mario-heringer-pdt-mg","tag-jose-alencar-gomes-da-silva","tag-medalha","tag-merito-muriaeense","tag-merito-muriaeense-jose-alencar-gomes-da-silva"],"acf":[],"aioseo_notices":[],"aioseo_head":"\n\t\t<!-- All in One SEO 5.0.0.1 - aioseo.com -->\n\t<meta name=\"description\" content=\"O deputado federal M\u00e1rio Heringer (PDT\/MG) recebeu, na noite de quarta-feira (16), a medalha do M\u00e9rito Muriaeense \u201cJos\u00e9 Alencar Gomes da Silva\u201d. A condecora\u00e7\u00e3o, criada em 2013, \u00e9 concedida anualmente a pessoas que tenham contribu\u00eddo para o desenvolvimento de Muria\u00e9, em comemora\u00e7\u00e3o pelos 163 anos de emancipa\u00e7\u00e3o pol\u00edtico-administrativa da cidade. Muria\u00e9 foi indicada a receber\" \/>\n\t<meta name=\"robots\" content=\"max-image-preview:large\" \/>\n\t<meta name=\"author\" content=\"Juliana Laviola\"\/>\n\t<link rel=\"canonical\" href=\"https:\/\/anoticiaonline.com.br\/site\/deputado-federal-mario-heringer-recebe-medalha-do-merito-muriaeense-jose-alencar-gomes-da-silva\/\" \/>\n\t<meta name=\"generator\" content=\"All in One SEO (AIOSEO) 5.0.0.1\" \/>\n\t\t<meta property=\"og:locale\" content=\"pt_BR\" \/>\n\t\t<meta property=\"og:site_name\" content=\"A Not\u00edcia Online - Noticias de Muria\u00e9 e regi\u00e3o\" \/>\n\t\t<meta property=\"og:type\" content=\"article\" \/>\n\t\t<meta property=\"og:title\" content=\"Deputado federal M\u00e1rio Heringer recebe medalha do M\u00e9rito Muriaeense \u201cJos\u00e9 Alencar Gomes da Silva\u201d - A Not\u00edcia Online\" \/>\n\t\t<meta property=\"og:description\" content=\"O deputado federal M\u00e1rio Heringer (PDT\/MG) recebeu, na noite de quarta-feira (16), a medalha do M\u00e9rito Muriaeense \u201cJos\u00e9 Alencar Gomes da Silva\u201d. A condecora\u00e7\u00e3o, criada em 2013, \u00e9 concedida anualmente a pessoas que tenham contribu\u00eddo para o desenvolvimento de Muria\u00e9, em comemora\u00e7\u00e3o pelos 163 anos de emancipa\u00e7\u00e3o pol\u00edtico-administrativa da cidade. Muria\u00e9 foi indicada a receber\" \/>\n\t\t<meta property=\"og:url\" content=\"https:\/\/anoticiaonline.com.br\/site\/deputado-federal-mario-heringer-recebe-medalha-do-merito-muriaeense-jose-alencar-gomes-da-silva\/\" \/>\n\t\t<meta property=\"og:image\" content=\"https:\/\/scontent-gig4-1.xx.fbcdn.net\/v\/t39.30808-1\/270437624_4564083193639691_6907940295614233970_n.jpg?stp=dst-jpg_s200x200_tt6&#038;_nc_cat=111&#038;ccb=1-7&#038;_nc_sid=f907e8&#038;_nc_ohc=SM1wRlP3lJwQ7kNvwEPuBYA&#038;_nc_oc=AdnqrjDN_BNjSSHWO-GbkIWH6fkGMLw4bqvL_NH6e2wMveX7G-rP2dAqsDSq1mJMOaY&#038;_nc_zt=24&#038;_nc_ht=scontent-gig4-1.xx&#038;_nc_gid=AoBFJeGrT1hVaew_6rchkQ&#038;oh=00_AfX7QmFGhQhG2jAllVgXCiM1ZrWgvtp80-Bfppyexh1QEg&#038;oe=689E923C\" \/>\n\t\t<meta property=\"og:image:secure_url\" content=\"https:\/\/scontent-gig4-1.xx.fbcdn.net\/v\/t39.30808-1\/270437624_4564083193639691_6907940295614233970_n.jpg?stp=dst-jpg_s200x200_tt6&#038;_nc_cat=111&#038;ccb=1-7&#038;_nc_sid=f907e8&#038;_nc_ohc=SM1wRlP3lJwQ7kNvwEPuBYA&#038;_nc_oc=AdnqrjDN_BNjSSHWO-GbkIWH6fkGMLw4bqvL_NH6e2wMveX7G-rP2dAqsDSq1mJMOaY&#038;_nc_zt=24&#038;_nc_ht=scontent-gig4-1.xx&#038;_nc_gid=AoBFJeGrT1hVaew_6rchkQ&#038;oh=00_AfX7QmFGhQhG2jAllVgXCiM1ZrWgvtp80-Bfppyexh1QEg&#038;oe=689E923C\" \/>\n\t\t<meta property=\"article:published_time\" content=\"2018-05-18T01:55:32+00:00\" \/>\n\t\t<meta property=\"article:modified_time\" content=\"2018-05-18T02:02:22+00:00\" \/>\n\t\t<meta name=\"twitter:card\" content=\"summary_large_image\" \/>\n\t\t<meta name=\"twitter:title\" content=\"Deputado federal M\u00e1rio Heringer recebe medalha do M\u00e9rito Muriaeense \u201cJos\u00e9 Alencar Gomes da Silva\u201d - A Not\u00edcia Online\" \/>\n\t\t<meta name=\"twitter:description\" content=\"O deputado federal M\u00e1rio Heringer (PDT\/MG) recebeu, na noite de quarta-feira (16), a medalha do M\u00e9rito Muriaeense \u201cJos\u00e9 Alencar Gomes da Silva\u201d. A condecora\u00e7\u00e3o, criada em 2013, \u00e9 concedida anualmente a pessoas que tenham contribu\u00eddo para o desenvolvimento de Muria\u00e9, em comemora\u00e7\u00e3o pelos 163 anos de emancipa\u00e7\u00e3o pol\u00edtico-administrativa da cidade. Muria\u00e9 foi indicada a receber\" \/>\n\t\t<meta name=\"twitter:image\" content=\"https:\/\/scontent-gig4-1.xx.fbcdn.net\/v\/t39.30808-1\/270437624_4564083193639691_6907940295614233970_n.jpg?stp=dst-jpg_s200x200_tt6&amp;_nc_cat=111&amp;ccb=1-7&amp;_nc_sid=f907e8&amp;_nc_ohc=SM1wRlP3lJwQ7kNvwEPuBYA&amp;_nc_oc=AdnqrjDN_BNjSSHWO-GbkIWH6fkGMLw4bqvL_NH6e2wMveX7G-rP2dAqsDSq1mJMOaY&amp;_nc_zt=24&amp;_nc_ht=scontent-gig4-1.xx&amp;_nc_gid=AoBFJeGrT1hVaew_6rchkQ&amp;oh=00_AfX7QmFGhQhG2jAllVgXCiM1ZrWgvtp80-Bfppyexh1QEg&amp;oe=689E923C\" \/>\n\t\t<script type=\"application\/ld+json\" class=\"aioseo-schema\">\n\t\t\t{\"@context\":\"https:\\\/\\\/schema.org\",\"@graph\":[{\"@type\":\"BlogPosting\",\"@id\":\"https:\\\/\\\/anoticiaonline.com.br\\\/site\\\/deputado-federal-mario-heringer-recebe-medalha-do-merito-muriaeense-jose-alencar-gomes-da-silva\\\/#blogposting\",\"name\":\"Deputado federal M\\u00e1rio Heringer recebe medalha do M\\u00e9rito Muriaeense \\u201cJos\\u00e9 Alencar Gomes da Silva\\u201d - A Not\\u00edcia Online\",\"headline\":\"Deputado federal M\\u00e1rio Heringer recebe medalha do M\\u00e9rito Muriaeense \\u201cJos\\u00e9 Alencar Gomes da Silva\\u201d\",\"author\":{\"@id\":\"https:\\\/\\\/anoticiaonline.com.br\\\/site\\\/author\\\/juliana\\\/#author\"},\"publisher\":{\"@id\":\"https:\\\/\\\/anoticiaonline.com.br\\\/site\\\/#organization\"},\"image\":{\"@type\":\"ImageObject\",\"url\":\"https:\\\/\\\/anoticiaonline.com.br\\\/site\\\/wp-content\\\/uploads\\\/2018\\\/05\\\/DSC_1234.jpg\",\"width\":640,\"height\":427},\"datePublished\":\"2018-05-17T22:55:32-03:00\",\"dateModified\":\"2018-05-17T23:02:22-03:00\",\"inLanguage\":\"pt-BR\",\"mainEntityOfPage\":{\"@id\":\"https:\\\/\\\/anoticiaonline.com.br\\\/site\\\/deputado-federal-mario-heringer-recebe-medalha-do-merito-muriaeense-jose-alencar-gomes-da-silva\\\/#webpage\"},\"isPartOf\":{\"@id\":\"https:\\\/\\\/anoticiaonline.com.br\\\/site\\\/deputado-federal-mario-heringer-recebe-medalha-do-merito-muriaeense-jose-alencar-gomes-da-silva\\\/#webpage\"},\"articleSection\":\"Gerais, Deputado federal M\\u00e1rio Heringer, deputado federal M\\u00e1rio Heringer (PDT\\\/MG), Jos\\u00e9 Alencar Gomes da Silva, medalha, M\\u00e9rito Muriaeense, M\\u00e9rito Muriaeense \\u201cJos\\u00e9 Alencar Gomes da Silva\\u201d\"},{\"@type\":\"BreadcrumbList\",\"@id\":\"https:\\\/\\\/anoticiaonline.com.br\\\/site\\\/deputado-federal-mario-heringer-recebe-medalha-do-merito-muriaeense-jose-alencar-gomes-da-silva\\\/#breadcrumblist\",\"itemListElement\":[{\"@type\":\"ListItem\",\"@id\":\"https:\\\/\\\/anoticiaonline.com.br\\\/site#listItem\",\"position\":1,\"name\":\"Home\",\"item\":\"https:\\\/\\\/anoticiaonline.com.br\\\/site\",\"nextItem\":{\"@type\":\"ListItem\",\"@id\":\"https:\\\/\\\/anoticiaonline.com.br\\\/site\\\/categoria\\\/gerais\\\/#listItem\",\"name\":\"Gerais\"}},{\"@type\":\"ListItem\",\"@id\":\"https:\\\/\\\/anoticiaonline.com.br\\\/site\\\/categoria\\\/gerais\\\/#listItem\",\"position\":2,\"name\":\"Gerais\",\"item\":\"https:\\\/\\\/anoticiaonline.com.br\\\/site\\\/categoria\\\/gerais\\\/\",\"nextItem\":{\"@type\":\"ListItem\",\"@id\":\"https:\\\/\\\/anoticiaonline.com.br\\\/site\\\/deputado-federal-mario-heringer-recebe-medalha-do-merito-muriaeense-jose-alencar-gomes-da-silva\\\/#listItem\",\"name\":\"Deputado federal M\\u00e1rio Heringer recebe medalha do M\\u00e9rito Muriaeense \\u201cJos\\u00e9 Alencar Gomes da Silva\\u201d\"},\"previousItem\":{\"@type\":\"ListItem\",\"@id\":\"https:\\\/\\\/anoticiaonline.com.br\\\/site#listItem\",\"name\":\"Home\"}},{\"@type\":\"ListItem\",\"@id\":\"https:\\\/\\\/anoticiaonline.com.br\\\/site\\\/deputado-federal-mario-heringer-recebe-medalha-do-merito-muriaeense-jose-alencar-gomes-da-silva\\\/#listItem\",\"position\":3,\"name\":\"Deputado federal M\\u00e1rio Heringer recebe medalha do M\\u00e9rito Muriaeense \\u201cJos\\u00e9 Alencar Gomes da Silva\\u201d\",\"previousItem\":{\"@type\":\"ListItem\",\"@id\":\"https:\\\/\\\/anoticiaonline.com.br\\\/site\\\/categoria\\\/gerais\\\/#listItem\",\"name\":\"Gerais\"}}]},{\"@type\":\"Organization\",\"@id\":\"https:\\\/\\\/anoticiaonline.com.br\\\/site\\\/#organization\",\"name\":\"A Not\\u00edcia Online\",\"description\":\"Noticias de Muria\\u00e9 e regi\\u00e3o\",\"url\":\"https:\\\/\\\/anoticiaonline.com.br\\\/site\\\/\",\"logo\":{\"@type\":\"ImageObject\",\"url\":\"https:\\\/\\\/scontent-gig4-1.xx.fbcdn.net\\\/v\\\/t39.30808-1\\\/270437624_4564083193639691_6907940295614233970_n.jpg?stp=dst-jpg_s200x200_tt6&_nc_cat=111&ccb=1-7&_nc_sid=f907e8&_nc_ohc=SM1wRlP3lJwQ7kNvwEPuBYA&_nc_oc=AdnqrjDN_BNjSSHWO-GbkIWH6fkGMLw4bqvL_NH6e2wMveX7G-rP2dAqsDSq1mJMOaY&_nc_zt=24&_nc_ht=scontent-gig4-1.xx&_nc_gid=AoBFJeGrT1hVaew_6rchkQ&oh=00_AfX7QmFGhQhG2jAllVgXCiM1ZrWgvtp80-Bfppyexh1QEg&oe=689E923C\",\"@id\":\"https:\\\/\\\/anoticiaonline.com.br\\\/site\\\/deputado-federal-mario-heringer-recebe-medalha-do-merito-muriaeense-jose-alencar-gomes-da-silva\\\/#organizationLogo\"},\"image\":{\"@id\":\"https:\\\/\\\/anoticiaonline.com.br\\\/site\\\/deputado-federal-mario-heringer-recebe-medalha-do-merito-muriaeense-jose-alencar-gomes-da-silva\\\/#organizationLogo\"}},{\"@type\":\"Person\",\"@id\":\"https:\\\/\\\/anoticiaonline.com.br\\\/site\\\/author\\\/juliana\\\/#author\",\"url\":\"https:\\\/\\\/anoticiaonline.com.br\\\/site\\\/author\\\/juliana\\\/\",\"name\":\"Juliana Laviola\",\"image\":{\"@type\":\"ImageObject\",\"@id\":\"https:\\\/\\\/anoticiaonline.com.br\\\/site\\\/deputado-federal-mario-heringer-recebe-medalha-do-merito-muriaeense-jose-alencar-gomes-da-silva\\\/#authorImage\",\"url\":\"https:\\\/\\\/secure.gravatar.com\\\/avatar\\\/b8d45f5c699b100dfaf0e543582f38f38bf94cb7ae3a5e9abf8d891a34773335?s=96&d=mm&r=g\",\"width\":96,\"height\":96,\"caption\":\"Juliana Laviola\"}},{\"@type\":\"WebPage\",\"@id\":\"https:\\\/\\\/anoticiaonline.com.br\\\/site\\\/deputado-federal-mario-heringer-recebe-medalha-do-merito-muriaeense-jose-alencar-gomes-da-silva\\\/#webpage\",\"url\":\"https:\\\/\\\/anoticiaonline.com.br\\\/site\\\/deputado-federal-mario-heringer-recebe-medalha-do-merito-muriaeense-jose-alencar-gomes-da-silva\\\/\",\"name\":\"Deputado federal M\\u00e1rio Heringer recebe medalha do M\\u00e9rito Muriaeense \\u201cJos\\u00e9 Alencar Gomes da Silva\\u201d - A Not\\u00edcia Online\",\"description\":\"O deputado federal M\\u00e1rio Heringer (PDT\\\/MG) recebeu, na noite de quarta-feira (16), a medalha do M\\u00e9rito Muriaeense \\u201cJos\\u00e9 Alencar Gomes da Silva\\u201d. A condecora\\u00e7\\u00e3o, criada em 2013, \\u00e9 concedida anualmente a pessoas que tenham contribu\\u00eddo para o desenvolvimento de Muria\\u00e9, em comemora\\u00e7\\u00e3o pelos 163 anos de emancipa\\u00e7\\u00e3o pol\\u00edtico-administrativa da cidade. Muria\\u00e9 foi indicada a receber\",\"inLanguage\":\"pt-BR\",\"isPartOf\":{\"@id\":\"https:\\\/\\\/anoticiaonline.com.br\\\/site\\\/#website\"},\"breadcrumb\":{\"@id\":\"https:\\\/\\\/anoticiaonline.com.br\\\/site\\\/deputado-federal-mario-heringer-recebe-medalha-do-merito-muriaeense-jose-alencar-gomes-da-silva\\\/#breadcrumblist\"},\"author\":{\"@id\":\"https:\\\/\\\/anoticiaonline.com.br\\\/site\\\/author\\\/juliana\\\/#author\"},\"creator\":{\"@id\":\"https:\\\/\\\/anoticiaonline.com.br\\\/site\\\/author\\\/juliana\\\/#author\"},\"image\":{\"@type\":\"ImageObject\",\"url\":\"https:\\\/\\\/anoticiaonline.com.br\\\/site\\\/wp-content\\\/uploads\\\/2018\\\/05\\\/DSC_1234.jpg\",\"@id\":\"https:\\\/\\\/anoticiaonline.com.br\\\/site\\\/deputado-federal-mario-heringer-recebe-medalha-do-merito-muriaeense-jose-alencar-gomes-da-silva\\\/#mainImage\",\"width\":640,\"height\":427},\"primaryImageOfPage\":{\"@id\":\"https:\\\/\\\/anoticiaonline.com.br\\\/site\\\/deputado-federal-mario-heringer-recebe-medalha-do-merito-muriaeense-jose-alencar-gomes-da-silva\\\/#mainImage\"},\"datePublished\":\"2018-05-17T22:55:32-03:00\",\"dateModified\":\"2018-05-17T23:02:22-03:00\"},{\"@type\":\"WebSite\",\"@id\":\"https:\\\/\\\/anoticiaonline.com.br\\\/site\\\/#website\",\"url\":\"https:\\\/\\\/anoticiaonline.com.br\\\/site\\\/\",\"name\":\"A Not\\u00edcia Online\",\"description\":\"Noticias de Muria\\u00e9 e regi\\u00e3o\",\"inLanguage\":\"pt-BR\",\"publisher\":{\"@id\":\"https:\\\/\\\/anoticiaonline.com.br\\\/site\\\/#organization\"}}]}\n\t\t<\/script>\n\t\t<!-- All in One SEO -->\n\n","aioseo_head_json":{"title":"Deputado federal M\u00e1rio Heringer recebe medalha do M\u00e9rito Muriaeense \u201cJos\u00e9 Alencar Gomes da Silva\u201d - A Not\u00edcia Online","description":"O deputado federal M\u00e1rio Heringer (PDT\/MG) recebeu, na noite de quarta-feira (16), a medalha do M\u00e9rito Muriaeense \u201cJos\u00e9 Alencar Gomes da Silva\u201d. A condecora\u00e7\u00e3o, criada em 2013, \u00e9 concedida anualmente a pessoas que tenham contribu\u00eddo para o desenvolvimento de Muria\u00e9, em comemora\u00e7\u00e3o pelos 163 anos de emancipa\u00e7\u00e3o pol\u00edtico-administrativa da cidade. Muria\u00e9 foi indicada a receber","canonical_url":"https:\/\/anoticiaonline.com.br\/site\/deputado-federal-mario-heringer-recebe-medalha-do-merito-muriaeense-jose-alencar-gomes-da-silva\/","robots":"max-image-preview:large","keywords":"","webmasterTools":{"miscellaneous":""},"schema":{"@context":"https:\/\/schema.org","@graph":[{"@type":"BlogPosting","@id":"https:\/\/anoticiaonline.com.br\/site\/deputado-federal-mario-heringer-recebe-medalha-do-merito-muriaeense-jose-alencar-gomes-da-silva\/#blogposting","name":"Deputado federal M\u00e1rio Heringer recebe medalha do M\u00e9rito Muriaeense \u201cJos\u00e9 Alencar Gomes da Silva\u201d - A Not\u00edcia Online","headline":"Deputado federal M\u00e1rio Heringer recebe medalha do M\u00e9rito Muriaeense \u201cJos\u00e9 Alencar Gomes da Silva\u201d","author":{"@id":"https:\/\/anoticiaonline.com.br\/site\/author\/juliana\/#author"},"publisher":{"@id":"https:\/\/anoticiaonline.com.br\/site\/#organization"},"image":{"@type":"ImageObject","url":"https:\/\/anoticiaonline.com.br\/site\/wp-content\/uploads\/2018\/05\/DSC_1234.jpg","width":640,"height":427},"datePublished":"2018-05-17T22:55:32-03:00","dateModified":"2018-05-17T23:02:22-03:00","inLanguage":"pt-BR","mainEntityOfPage":{"@id":"https:\/\/anoticiaonline.com.br\/site\/deputado-federal-mario-heringer-recebe-medalha-do-merito-muriaeense-jose-alencar-gomes-da-silva\/#webpage"},"isPartOf":{"@id":"https:\/\/anoticiaonline.com.br\/site\/deputado-federal-mario-heringer-recebe-medalha-do-merito-muriaeense-jose-alencar-gomes-da-silva\/#webpage"},"articleSection":"Gerais, Deputado federal M\u00e1rio Heringer, deputado federal M\u00e1rio Heringer (PDT\/MG), Jos\u00e9 Alencar Gomes da Silva, medalha, M\u00e9rito Muriaeense, M\u00e9rito Muriaeense \u201cJos\u00e9 Alencar Gomes da Silva\u201d"},{"@type":"BreadcrumbList","@id":"https:\/\/anoticiaonline.com.br\/site\/deputado-federal-mario-heringer-recebe-medalha-do-merito-muriaeense-jose-alencar-gomes-da-silva\/#breadcrumblist","itemListElement":[{"@type":"ListItem","@id":"https:\/\/anoticiaonline.com.br\/site#listItem","position":1,"name":"Home","item":"https:\/\/anoticiaonline.com.br\/site","nextItem":{"@type":"ListItem","@id":"https:\/\/anoticiaonline.com.br\/site\/categoria\/gerais\/#listItem","name":"Gerais"}},{"@type":"ListItem","@id":"https:\/\/anoticiaonline.com.br\/site\/categoria\/gerais\/#listItem","position":2,"name":"Gerais","item":"https:\/\/anoticiaonline.com.br\/site\/categoria\/gerais\/","nextItem":{"@type":"ListItem","@id":"https:\/\/anoticiaonline.com.br\/site\/deputado-federal-mario-heringer-recebe-medalha-do-merito-muriaeense-jose-alencar-gomes-da-silva\/#listItem","name":"Deputado federal M\u00e1rio Heringer recebe medalha do M\u00e9rito Muriaeense \u201cJos\u00e9 Alencar Gomes da Silva\u201d"},"previousItem":{"@type":"ListItem","@id":"https:\/\/anoticiaonline.com.br\/site#listItem","name":"Home"}},{"@type":"ListItem","@id":"https:\/\/anoticiaonline.com.br\/site\/deputado-federal-mario-heringer-recebe-medalha-do-merito-muriaeense-jose-alencar-gomes-da-silva\/#listItem","position":3,"name":"Deputado federal M\u00e1rio Heringer recebe medalha do M\u00e9rito Muriaeense \u201cJos\u00e9 Alencar Gomes da Silva\u201d","previousItem":{"@type":"ListItem","@id":"https:\/\/anoticiaonline.com.br\/site\/categoria\/gerais\/#listItem","name":"Gerais"}}]},{"@type":"Organization","@id":"https:\/\/anoticiaonline.com.br\/site\/#organization","name":"A Not\u00edcia Online","description":"Noticias de Muria\u00e9 e regi\u00e3o","url":"https:\/\/anoticiaonline.com.br\/site\/","logo":{"@type":"ImageObject","url":"https:\/\/scontent-gig4-1.xx.fbcdn.net\/v\/t39.30808-1\/270437624_4564083193639691_6907940295614233970_n.jpg?stp=dst-jpg_s200x200_tt6&_nc_cat=111&ccb=1-7&_nc_sid=f907e8&_nc_ohc=SM1wRlP3lJwQ7kNvwEPuBYA&_nc_oc=AdnqrjDN_BNjSSHWO-GbkIWH6fkGMLw4bqvL_NH6e2wMveX7G-rP2dAqsDSq1mJMOaY&_nc_zt=24&_nc_ht=scontent-gig4-1.xx&_nc_gid=AoBFJeGrT1hVaew_6rchkQ&oh=00_AfX7QmFGhQhG2jAllVgXCiM1ZrWgvtp80-Bfppyexh1QEg&oe=689E923C","@id":"https:\/\/anoticiaonline.com.br\/site\/deputado-federal-mario-heringer-recebe-medalha-do-merito-muriaeense-jose-alencar-gomes-da-silva\/#organizationLogo"},"image":{"@id":"https:\/\/anoticiaonline.com.br\/site\/deputado-federal-mario-heringer-recebe-medalha-do-merito-muriaeense-jose-alencar-gomes-da-silva\/#organizationLogo"}},{"@type":"Person","@id":"https:\/\/anoticiaonline.com.br\/site\/author\/juliana\/#author","url":"https:\/\/anoticiaonline.com.br\/site\/author\/juliana\/","name":"Juliana Laviola","image":{"@type":"ImageObject","@id":"https:\/\/anoticiaonline.com.br\/site\/deputado-federal-mario-heringer-recebe-medalha-do-merito-muriaeense-jose-alencar-gomes-da-silva\/#authorImage","url":"https:\/\/secure.gravatar.com\/avatar\/b8d45f5c699b100dfaf0e543582f38f38bf94cb7ae3a5e9abf8d891a34773335?s=96&d=mm&r=g","width":96,"height":96,"caption":"Juliana Laviola"}},{"@type":"WebPage","@id":"https:\/\/anoticiaonline.com.br\/site\/deputado-federal-mario-heringer-recebe-medalha-do-merito-muriaeense-jose-alencar-gomes-da-silva\/#webpage","url":"https:\/\/anoticiaonline.com.br\/site\/deputado-federal-mario-heringer-recebe-medalha-do-merito-muriaeense-jose-alencar-gomes-da-silva\/","name":"Deputado federal M\u00e1rio Heringer recebe medalha do M\u00e9rito Muriaeense \u201cJos\u00e9 Alencar Gomes da Silva\u201d - A Not\u00edcia Online","description":"O deputado federal M\u00e1rio Heringer (PDT\/MG) recebeu, na noite de quarta-feira (16), a medalha do M\u00e9rito Muriaeense \u201cJos\u00e9 Alencar Gomes da Silva\u201d. A condecora\u00e7\u00e3o, criada em 2013, \u00e9 concedida anualmente a pessoas que tenham contribu\u00eddo para o desenvolvimento de Muria\u00e9, em comemora\u00e7\u00e3o pelos 163 anos de emancipa\u00e7\u00e3o pol\u00edtico-administrativa da cidade. Muria\u00e9 foi indicada a receber","inLanguage":"pt-BR","isPartOf":{"@id":"https:\/\/anoticiaonline.com.br\/site\/#website"},"breadcrumb":{"@id":"https:\/\/anoticiaonline.com.br\/site\/deputado-federal-mario-heringer-recebe-medalha-do-merito-muriaeense-jose-alencar-gomes-da-silva\/#breadcrumblist"},"author":{"@id":"https:\/\/anoticiaonline.com.br\/site\/author\/juliana\/#author"},"creator":{"@id":"https:\/\/anoticiaonline.com.br\/site\/author\/juliana\/#author"},"image":{"@type":"ImageObject","url":"https:\/\/anoticiaonline.com.br\/site\/wp-content\/uploads\/2018\/05\/DSC_1234.jpg","@id":"https:\/\/anoticiaonline.com.br\/site\/deputado-federal-mario-heringer-recebe-medalha-do-merito-muriaeense-jose-alencar-gomes-da-silva\/#mainImage","width":640,"height":427},"primaryImageOfPage":{"@id":"https:\/\/anoticiaonline.com.br\/site\/deputado-federal-mario-heringer-recebe-medalha-do-merito-muriaeense-jose-alencar-gomes-da-silva\/#mainImage"},"datePublished":"2018-05-17T22:55:32-03:00","dateModified":"2018-05-17T23:02:22-03:00"},{"@type":"WebSite","@id":"https:\/\/anoticiaonline.com.br\/site\/#website","url":"https:\/\/anoticiaonline.com.br\/site\/","name":"A Not\u00edcia Online","description":"Noticias de Muria\u00e9 e regi\u00e3o","inLanguage":"pt-BR","publisher":{"@id":"https:\/\/anoticiaonline.com.br\/site\/#organization"}}]},"og:locale":"pt_BR","og:site_name":"A Not\u00edcia Online - Noticias de Muria\u00e9 e regi\u00e3o","og:type":"article","og:title":"Deputado federal M\u00e1rio Heringer recebe medalha do M\u00e9rito Muriaeense \u201cJos\u00e9 Alencar Gomes da Silva\u201d - A Not\u00edcia Online","og:description":"O deputado federal M\u00e1rio Heringer (PDT\/MG) recebeu, na noite de quarta-feira (16), a medalha do M\u00e9rito Muriaeense \u201cJos\u00e9 Alencar Gomes da Silva\u201d. A condecora\u00e7\u00e3o, criada em 2013, \u00e9 concedida anualmente a pessoas que tenham contribu\u00eddo para o desenvolvimento de Muria\u00e9, em comemora\u00e7\u00e3o pelos 163 anos de emancipa\u00e7\u00e3o pol\u00edtico-administrativa da cidade. Muria\u00e9 foi indicada a receber","og:url":"https:\/\/anoticiaonline.com.br\/site\/deputado-federal-mario-heringer-recebe-medalha-do-merito-muriaeense-jose-alencar-gomes-da-silva\/","og:image":"https:\/\/scontent-gig4-1.xx.fbcdn.net\/v\/t39.30808-1\/270437624_4564083193639691_6907940295614233970_n.jpg?stp=dst-jpg_s200x200_tt6&#038;_nc_cat=111&#038;ccb=1-7&#038;_nc_sid=f907e8&#038;_nc_ohc=SM1wRlP3lJwQ7kNvwEPuBYA&#038;_nc_oc=AdnqrjDN_BNjSSHWO-GbkIWH6fkGMLw4bqvL_NH6e2wMveX7G-rP2dAqsDSq1mJMOaY&#038;_nc_zt=24&#038;_nc_ht=scontent-gig4-1.xx&#038;_nc_gid=AoBFJeGrT1hVaew_6rchkQ&#038;oh=00_AfX7QmFGhQhG2jAllVgXCiM1ZrWgvtp80-Bfppyexh1QEg&#038;oe=689E923C","og:image:secure_url":"https:\/\/scontent-gig4-1.xx.fbcdn.net\/v\/t39.30808-1\/270437624_4564083193639691_6907940295614233970_n.jpg?stp=dst-jpg_s200x200_tt6&#038;_nc_cat=111&#038;ccb=1-7&#038;_nc_sid=f907e8&#038;_nc_ohc=SM1wRlP3lJwQ7kNvwEPuBYA&#038;_nc_oc=AdnqrjDN_BNjSSHWO-GbkIWH6fkGMLw4bqvL_NH6e2wMveX7G-rP2dAqsDSq1mJMOaY&#038;_nc_zt=24&#038;_nc_ht=scontent-gig4-1.xx&#038;_nc_gid=AoBFJeGrT1hVaew_6rchkQ&#038;oh=00_AfX7QmFGhQhG2jAllVgXCiM1ZrWgvtp80-Bfppyexh1QEg&#038;oe=689E923C","article:published_time":"2018-05-18T01:55:32+00:00","article:modified_time":"2018-05-18T02:02:22+00:00","twitter:card":"summary_large_image","twitter:title":"Deputado federal M\u00e1rio Heringer recebe medalha do M\u00e9rito Muriaeense \u201cJos\u00e9 Alencar Gomes da Silva\u201d - A Not\u00edcia Online","twitter:description":"O deputado federal M\u00e1rio Heringer (PDT\/MG) recebeu, na noite de quarta-feira (16), a medalha do M\u00e9rito Muriaeense \u201cJos\u00e9 Alencar Gomes da Silva\u201d. A condecora\u00e7\u00e3o, criada em 2013, \u00e9 concedida anualmente a pessoas que tenham contribu\u00eddo para o desenvolvimento de Muria\u00e9, em comemora\u00e7\u00e3o pelos 163 anos de emancipa\u00e7\u00e3o pol\u00edtico-administrativa da cidade. Muria\u00e9 foi indicada a receber","twitter:image":"https:\/\/scontent-gig4-1.xx.fbcdn.net\/v\/t39.30808-1\/270437624_4564083193639691_6907940295614233970_n.jpg?stp=dst-jpg_s200x200_tt6&_nc_cat=111&ccb=1-7&_nc_sid=f907e8&_nc_ohc=SM1wRlP3lJwQ7kNvwEPuBYA&_nc_oc=AdnqrjDN_BNjSSHWO-GbkIWH6fkGMLw4bqvL_NH6e2wMveX7G-rP2dAqsDSq1mJMOaY&_nc_zt=24&_nc_ht=scontent-gig4-1.xx&_nc_gid=AoBFJeGrT1hVaew_6rchkQ&oh=00_AfX7QmFGhQhG2jAllVgXCiM1ZrWgvtp80-Bfppyexh1QEg&oe=689E923C"},"aioseo_meta_data":{"post_id":"56162","title":null,"description":null,"keywords":null,"keyphrases":null,"primary_term":null,"canonical_url":null,"og_title":null,"og_description":null,"og_object_type":"default","og_image_type":"default","og_image_url":null,"og_image_width":null,"og_image_height":null,"og_image_custom_url":null,"og_image_custom_fields":null,"og_video":null,"og_custom_url":null,"og_article_section":null,"og_article_tags":null,"twitter_use_og":false,"twitter_card":"default","twitter_image_type":"default","twitter_image_url":null,"twitter_image_custom_url":null,"twitter_image_custom_fields":null,"twitter_title":null,"twitter_description":null,"schema":{"blockGraphs":[],"customGraphs":[],"default":{"data":{"Article":[],"Course":[],"Dataset":[],"FAQPage":[],"Movie":[],"Person":[],"Product":[],"ProductReview":[],"Car":[],"Recipe":[],"Service":[],"SoftwareApplication":[],"WebPage":[]},"graphName":"","isEnabled":true},"graphs":[]},"schema_type":"default","schema_type_options":null,"pillar_content":false,"robots_default":true,"robots_noindex":false,"robots_noarchive":false,"robots_nosnippet":false,"robots_nofollow":false,"robots_noimageindex":false,"robots_noodp":false,"robots_notranslate":false,"robots_max_snippet":null,"robots_max_videopreview":null,"robots_max_imagepreview":"large","priority":null,"frequency":null,"local_seo":null,"breadcrumb_settings":null,"limit_modified_date":false,"ai":null,"created":"2025-08-16 20:53:05","updated":"2025-08-16 20:53:05","focus_keyword":null,"additional_keywords":null,"truseo_locale":null,"seo_analyzer_scan_date":null},"aioseo_breadcrumb":"<div class=\"aioseo-breadcrumbs\"><span class=\"aioseo-breadcrumb\">\n\t\t\t<a href=\"https:\/\/anoticiaonline.com.br\/site\" title=\"Home\">Home<\/a>\n\t\t<\/span><span class=\"aioseo-breadcrumb-separator\">&raquo;<\/span><span class=\"aioseo-breadcrumb\">\n\t\t\t<a href=\"https:\/\/anoticiaonline.com.br\/site\/categoria\/gerais\/\" title=\"Gerais\">Gerais<\/a>\n\t\t<\/span><span class=\"aioseo-breadcrumb-separator\">&raquo;<\/span><span class=\"aioseo-breadcrumb\">\n\t\t\tDeputado federal M\u00e1rio Heringer recebe medalha do M\u00e9rito Muriaeense \u201cJos\u00e9 Alencar Gomes da Silva\u201d\n\t\t<\/span><\/div>","aioseo_breadcrumb_json":[{"label":"Home","link":"https:\/\/anoticiaonline.com.br\/site"},{"label":"Gerais","link":"https:\/\/anoticiaonline.com.br\/site\/categoria\/gerais\/"},{"label":"Deputado federal M\u00e1rio Heringer recebe medalha do M\u00e9rito Muriaeense \u201cJos\u00e9 Alencar Gomes da Silva\u201d","link":"https:\/\/anoticiaonline.com.br\/site\/deputado-federal-mario-heringer-recebe-medalha-do-merito-muriaeense-jose-alencar-gomes-da-silva\/"}],"views":129,"_links":{"self":[{"href":"https:\/\/anoticiaonline.com.br\/site\/wp-json\/wp\/v2\/posts\/56162","targetHints":{"allow":["GET"]}}],"collection":[{"href":"https:\/\/anoticiaonline.com.br\/site\/wp-json\/wp\/v2\/posts"}],"about":[{"href":"https:\/\/anoticiaonline.com.br\/site\/wp-json\/wp\/v2\/types\/post"}],"author":[{"embeddable":true,"href":"https:\/\/anoticiaonline.com.br\/site\/wp-json\/wp\/v2\/users\/2"}],"replies":[{"embeddable":true,"href":"https:\/\/anoticiaonline.com.br\/site\/wp-json\/wp\/v2\/comments?post=56162"}],"version-history":[{"count":0,"href":"https:\/\/anoticiaonline.com.br\/site\/wp-json\/wp\/v2\/posts\/56162\/revisions"}],"wp:featuredmedia":[{"embeddable":true,"href":"https:\/\/anoticiaonline.com.br\/site\/wp-json\/wp\/v2\/media\/56175"}],"wp:attachment":[{"href":"https:\/\/anoticiaonline.com.br\/site\/wp-json\/wp\/v2\/media?parent=56162"}],"wp:term":[{"taxonomy":"category","embeddable":true,"href":"https:\/\/anoticiaonline.com.br\/site\/wp-json\/wp\/v2\/categories?post=56162"},{"taxonomy":"post_tag","embeddable":true,"href":"https:\/\/anoticiaonline.com.br\/site\/wp-json\/wp\/v2\/tags?post=56162"}],"curies":[{"name":"wp","href":"https:\/\/api.w.org\/{rel}","templated":true}]}}