{"id":56151,"date":"2018-05-17T22:38:10","date_gmt":"2018-05-18T01:38:10","guid":{"rendered":"http:\/\/anoticiaonline.com.br\/site\/?p=56151"},"modified":"2018-05-17T22:38:10","modified_gmt":"2018-05-18T01:38:10","slug":"pracas-da-cidade-sao-revitalizadas","status":"publish","type":"post","link":"https:\/\/anoticiaonline.com.br\/site\/pracas-da-cidade-sao-revitalizadas\/","title":{"rendered":"Pra\u00e7as da cidade s\u00e3o revitalizadas"},"content":{"rendered":"<p>As pra\u00e7as de Muria\u00e9 est\u00e3o recebendo um programa de revitaliza\u00e7\u00e3o. Na sexta-feira (11), a Pra\u00e7a S\u00e3o Paulo\u00a0recebeu novas esp\u00e9cies de plantas e reforma dos canteiros. O objetivo do servi\u00e7o \u00e9 tornar as \u00e1reas comuns mais aconchegantes e coloridas, atraindo crian\u00e7as, jovens e adultos para atividades de entretenimento e conviv\u00eancia.<\/p>\n<p>Nos canteiros da pra\u00e7a foram inseridas mudas de mor\u00e9ia (dietes iridioides), dracenas rosa (cordylaine terminalis), dionaeas e alp\u00ednias vermelhas (alp\u00ednia purpurata). \u201cEstamos realizando um trabalho paisag\u00edstico para alegrar os nossos jardins e convidar as pessoas a desfrutarem de momentos de lazer em um lugar agrad\u00e1vel\u201d, disse a zootecnista Carla Pereira.<\/p>\n<p>Os moradores da regi\u00e3o ficaram satisfeitos com as revitaliza\u00e7\u00f5es. \u201cAs melhorias nos canteiros valorizaram muito a pra\u00e7a. A pintura da quadra tamb\u00e9m clareou o local. As crian\u00e7as est\u00e3o observando mais o espa\u00e7o, achando interessante e curioso. Tenho visto os estudantes parados e encantados com a nova paisagem. A cobertura feita de tela ajudar\u00e1 muito a evitar que a bola seja lan\u00e7ada fora do ambiente fechado por alambrado, n\u00e3o incomodando aos frequentadores da pra\u00e7a. A reestrutura\u00e7\u00e3o ficou \u00f3tima\u201d, informou a moradora das adjac\u00eancias, Resen\u00e9a Neri.<\/p>\n<p>Todas as pra\u00e7as da cidade dever\u00e3o receber o programa de mutir\u00e3o de limpeza para restaura\u00e7\u00e3o dos canteiros. \u201cFaremos a limpeza nas pra\u00e7as do Ros\u00e1rio, CAIC, S\u00e3o Crist\u00f3v\u00e3o, S\u00e3o Francisco, os arredores da Avenida Constantino Pinto e Centro Administrativo. Em breve, a nossa equipe de Parques e Jardins estar\u00e1 atuando na reestrutura\u00e7\u00e3o destes locais\u201d, informou o secret\u00e1rio de Agricultura e Meio Ambiente, Manoel Carvalho.<\/p>\n<p><a href=\"https:\/\/anoticiaonline.com.br\/site\/wp-content\/uploads\/2018\/05\/Pra\u00e7as-da-cidade-s\u00e3o-revitalizadas.jpg\"><img fetchpriority=\"high\" decoding=\"async\" class=\"alignnone size-full wp-image-56154\" src=\"https:\/\/anoticiaonline.com.br\/site\/wp-content\/uploads\/2018\/05\/Pra\u00e7as-da-cidade-s\u00e3o-revitalizadas.jpg\" alt=\"\" width=\"640\" height=\"427\" srcset=\"https:\/\/anoticiaonline.com.br\/site\/wp-content\/uploads\/2018\/05\/Pra\u00e7as-da-cidade-s\u00e3o-revitalizadas.jpg 640w, https:\/\/anoticiaonline.com.br\/site\/wp-content\/uploads\/2018\/05\/Pra\u00e7as-da-cidade-s\u00e3o-revitalizadas-300x200.jpg 300w\" sizes=\"(max-width: 640px) 100vw, 640px\" \/><\/a><\/p>\n<p>Cr\u00e9ditos: ASCOM PMM<\/p>\n","protected":false},"excerpt":{"rendered":"<p>As pra\u00e7as de Muria\u00e9 est\u00e3o recebendo um programa de revitaliza\u00e7\u00e3o. Na sexta-feira (11), a Pra\u00e7a S\u00e3o Paulo\u00a0recebeu novas esp\u00e9cies de plantas e reforma dos canteiros. O objetivo do servi\u00e7o \u00e9 tornar as \u00e1reas comuns mais aconchegantes e coloridas, atraindo crian\u00e7as, jovens e adultos para atividades de entretenimento e conviv\u00eancia. Nos canteiros da pra\u00e7a foram inseridas &#8230; <a title=\"Pra\u00e7as da cidade s\u00e3o revitalizadas\" class=\"read-more\" href=\"https:\/\/anoticiaonline.com.br\/site\/pracas-da-cidade-sao-revitalizadas\/\" aria-label=\"Read more about Pra\u00e7as da cidade s\u00e3o revitalizadas\">Ler mais<\/a><\/p>\n","protected":false},"author":2,"featured_media":56154,"comment_status":"open","ping_status":"open","sticky":false,"template":"","format":"standard","meta":{"_acf_changed":false,"_monsterinsights_skip_tracking":false,"footnotes":""},"categories":[30],"tags":[74,2612,246,2613],"class_list":["post-56151","post","type-post","status-publish","format-standard","has-post-thumbnail","hentry","category-muriae","tag-muriae","tag-pracas","tag-prefeitura","tag-revitalizacao"],"acf":[],"aioseo_notices":[],"aioseo_head":"\n\t\t<!-- All in One SEO 5.0.0.1 - aioseo.com -->\n\t<meta name=\"description\" content=\"As pra\u00e7as de Muria\u00e9 est\u00e3o recebendo um programa de revitaliza\u00e7\u00e3o. Na sexta-feira (11), a Pra\u00e7a S\u00e3o Paulo recebeu novas esp\u00e9cies de plantas e reforma dos canteiros. O objetivo do servi\u00e7o \u00e9 tornar as \u00e1reas comuns mais aconchegantes e coloridas, atraindo crian\u00e7as, jovens e adultos para atividades de entretenimento e conviv\u00eancia. Nos canteiros da pra\u00e7a foram inseridas\" \/>\n\t<meta name=\"robots\" content=\"max-image-preview:large\" \/>\n\t<meta name=\"author\" content=\"Juliana Laviola\"\/>\n\t<link rel=\"canonical\" href=\"https:\/\/anoticiaonline.com.br\/site\/pracas-da-cidade-sao-revitalizadas\/\" \/>\n\t<meta name=\"generator\" content=\"All in One SEO (AIOSEO) 5.0.0.1\" \/>\n\t\t<meta property=\"og:locale\" content=\"pt_BR\" \/>\n\t\t<meta property=\"og:site_name\" content=\"A Not\u00edcia Online - Noticias de Muria\u00e9 e regi\u00e3o\" \/>\n\t\t<meta property=\"og:type\" content=\"article\" \/>\n\t\t<meta property=\"og:title\" content=\"Pra\u00e7as da cidade s\u00e3o revitalizadas - A Not\u00edcia Online\" \/>\n\t\t<meta property=\"og:description\" content=\"As pra\u00e7as de Muria\u00e9 est\u00e3o recebendo um programa de revitaliza\u00e7\u00e3o. Na sexta-feira (11), a Pra\u00e7a S\u00e3o Paulo recebeu novas esp\u00e9cies de plantas e reforma dos canteiros. O objetivo do servi\u00e7o \u00e9 tornar as \u00e1reas comuns mais aconchegantes e coloridas, atraindo crian\u00e7as, jovens e adultos para atividades de entretenimento e conviv\u00eancia. Nos canteiros da pra\u00e7a foram inseridas\" \/>\n\t\t<meta property=\"og:url\" content=\"https:\/\/anoticiaonline.com.br\/site\/pracas-da-cidade-sao-revitalizadas\/\" \/>\n\t\t<meta property=\"og:image\" content=\"https:\/\/scontent-gig4-1.xx.fbcdn.net\/v\/t39.30808-1\/270437624_4564083193639691_6907940295614233970_n.jpg?stp=dst-jpg_s200x200_tt6&#038;_nc_cat=111&#038;ccb=1-7&#038;_nc_sid=f907e8&#038;_nc_ohc=SM1wRlP3lJwQ7kNvwEPuBYA&#038;_nc_oc=AdnqrjDN_BNjSSHWO-GbkIWH6fkGMLw4bqvL_NH6e2wMveX7G-rP2dAqsDSq1mJMOaY&#038;_nc_zt=24&#038;_nc_ht=scontent-gig4-1.xx&#038;_nc_gid=AoBFJeGrT1hVaew_6rchkQ&#038;oh=00_AfX7QmFGhQhG2jAllVgXCiM1ZrWgvtp80-Bfppyexh1QEg&#038;oe=689E923C\" \/>\n\t\t<meta property=\"og:image:secure_url\" content=\"https:\/\/scontent-gig4-1.xx.fbcdn.net\/v\/t39.30808-1\/270437624_4564083193639691_6907940295614233970_n.jpg?stp=dst-jpg_s200x200_tt6&#038;_nc_cat=111&#038;ccb=1-7&#038;_nc_sid=f907e8&#038;_nc_ohc=SM1wRlP3lJwQ7kNvwEPuBYA&#038;_nc_oc=AdnqrjDN_BNjSSHWO-GbkIWH6fkGMLw4bqvL_NH6e2wMveX7G-rP2dAqsDSq1mJMOaY&#038;_nc_zt=24&#038;_nc_ht=scontent-gig4-1.xx&#038;_nc_gid=AoBFJeGrT1hVaew_6rchkQ&#038;oh=00_AfX7QmFGhQhG2jAllVgXCiM1ZrWgvtp80-Bfppyexh1QEg&#038;oe=689E923C\" \/>\n\t\t<meta property=\"article:published_time\" content=\"2018-05-18T01:38:10+00:00\" \/>\n\t\t<meta property=\"article:modified_time\" content=\"2018-05-18T01:38:10+00:00\" \/>\n\t\t<meta name=\"twitter:card\" content=\"summary_large_image\" \/>\n\t\t<meta name=\"twitter:title\" content=\"Pra\u00e7as da cidade s\u00e3o revitalizadas - A Not\u00edcia Online\" \/>\n\t\t<meta name=\"twitter:description\" content=\"As pra\u00e7as de Muria\u00e9 est\u00e3o recebendo um programa de revitaliza\u00e7\u00e3o. Na sexta-feira (11), a Pra\u00e7a S\u00e3o Paulo recebeu novas esp\u00e9cies de plantas e reforma dos canteiros. O objetivo do servi\u00e7o \u00e9 tornar as \u00e1reas comuns mais aconchegantes e coloridas, atraindo crian\u00e7as, jovens e adultos para atividades de entretenimento e conviv\u00eancia. Nos canteiros da pra\u00e7a foram inseridas\" \/>\n\t\t<meta name=\"twitter:image\" content=\"https:\/\/scontent-gig4-1.xx.fbcdn.net\/v\/t39.30808-1\/270437624_4564083193639691_6907940295614233970_n.jpg?stp=dst-jpg_s200x200_tt6&amp;_nc_cat=111&amp;ccb=1-7&amp;_nc_sid=f907e8&amp;_nc_ohc=SM1wRlP3lJwQ7kNvwEPuBYA&amp;_nc_oc=AdnqrjDN_BNjSSHWO-GbkIWH6fkGMLw4bqvL_NH6e2wMveX7G-rP2dAqsDSq1mJMOaY&amp;_nc_zt=24&amp;_nc_ht=scontent-gig4-1.xx&amp;_nc_gid=AoBFJeGrT1hVaew_6rchkQ&amp;oh=00_AfX7QmFGhQhG2jAllVgXCiM1ZrWgvtp80-Bfppyexh1QEg&amp;oe=689E923C\" \/>\n\t\t<script type=\"application\/ld+json\" class=\"aioseo-schema\">\n\t\t\t{\"@context\":\"https:\\\/\\\/schema.org\",\"@graph\":[{\"@type\":\"BlogPosting\",\"@id\":\"https:\\\/\\\/anoticiaonline.com.br\\\/site\\\/pracas-da-cidade-sao-revitalizadas\\\/#blogposting\",\"name\":\"Pra\\u00e7as da cidade s\\u00e3o revitalizadas - A Not\\u00edcia Online\",\"headline\":\"Pra\\u00e7as da cidade s\\u00e3o revitalizadas\",\"author\":{\"@id\":\"https:\\\/\\\/anoticiaonline.com.br\\\/site\\\/author\\\/juliana\\\/#author\"},\"publisher\":{\"@id\":\"https:\\\/\\\/anoticiaonline.com.br\\\/site\\\/#organization\"},\"image\":{\"@type\":\"ImageObject\",\"url\":\"https:\\\/\\\/anoticiaonline.com.br\\\/site\\\/wp-content\\\/uploads\\\/2018\\\/05\\\/Pra\\u00e7as-da-cidade-s\\u00e3o-revitalizadas.jpg\",\"width\":640,\"height\":427},\"datePublished\":\"2018-05-17T22:38:10-03:00\",\"dateModified\":\"2018-05-17T22:38:10-03:00\",\"inLanguage\":\"pt-BR\",\"mainEntityOfPage\":{\"@id\":\"https:\\\/\\\/anoticiaonline.com.br\\\/site\\\/pracas-da-cidade-sao-revitalizadas\\\/#webpage\"},\"isPartOf\":{\"@id\":\"https:\\\/\\\/anoticiaonline.com.br\\\/site\\\/pracas-da-cidade-sao-revitalizadas\\\/#webpage\"},\"articleSection\":\"Blog, Muria\\u00e9, pra\\u00e7as, prefeitura, revitaliza\\u00e7\\u00e3o\"},{\"@type\":\"BreadcrumbList\",\"@id\":\"https:\\\/\\\/anoticiaonline.com.br\\\/site\\\/pracas-da-cidade-sao-revitalizadas\\\/#breadcrumblist\",\"itemListElement\":[{\"@type\":\"ListItem\",\"@id\":\"https:\\\/\\\/anoticiaonline.com.br\\\/site#listItem\",\"position\":1,\"name\":\"Home\",\"item\":\"https:\\\/\\\/anoticiaonline.com.br\\\/site\",\"nextItem\":{\"@type\":\"ListItem\",\"@id\":\"https:\\\/\\\/anoticiaonline.com.br\\\/site\\\/categoria\\\/muriae\\\/#listItem\",\"name\":\"Blog\"}},{\"@type\":\"ListItem\",\"@id\":\"https:\\\/\\\/anoticiaonline.com.br\\\/site\\\/categoria\\\/muriae\\\/#listItem\",\"position\":2,\"name\":\"Blog\",\"item\":\"https:\\\/\\\/anoticiaonline.com.br\\\/site\\\/categoria\\\/muriae\\\/\",\"nextItem\":{\"@type\":\"ListItem\",\"@id\":\"https:\\\/\\\/anoticiaonline.com.br\\\/site\\\/pracas-da-cidade-sao-revitalizadas\\\/#listItem\",\"name\":\"Pra\\u00e7as da cidade s\\u00e3o revitalizadas\"},\"previousItem\":{\"@type\":\"ListItem\",\"@id\":\"https:\\\/\\\/anoticiaonline.com.br\\\/site#listItem\",\"name\":\"Home\"}},{\"@type\":\"ListItem\",\"@id\":\"https:\\\/\\\/anoticiaonline.com.br\\\/site\\\/pracas-da-cidade-sao-revitalizadas\\\/#listItem\",\"position\":3,\"name\":\"Pra\\u00e7as da cidade s\\u00e3o revitalizadas\",\"previousItem\":{\"@type\":\"ListItem\",\"@id\":\"https:\\\/\\\/anoticiaonline.com.br\\\/site\\\/categoria\\\/muriae\\\/#listItem\",\"name\":\"Blog\"}}]},{\"@type\":\"Organization\",\"@id\":\"https:\\\/\\\/anoticiaonline.com.br\\\/site\\\/#organization\",\"name\":\"A Not\\u00edcia Online\",\"description\":\"Noticias de Muria\\u00e9 e regi\\u00e3o\",\"url\":\"https:\\\/\\\/anoticiaonline.com.br\\\/site\\\/\",\"logo\":{\"@type\":\"ImageObject\",\"url\":\"https:\\\/\\\/scontent-gig4-1.xx.fbcdn.net\\\/v\\\/t39.30808-1\\\/270437624_4564083193639691_6907940295614233970_n.jpg?stp=dst-jpg_s200x200_tt6&_nc_cat=111&ccb=1-7&_nc_sid=f907e8&_nc_ohc=SM1wRlP3lJwQ7kNvwEPuBYA&_nc_oc=AdnqrjDN_BNjSSHWO-GbkIWH6fkGMLw4bqvL_NH6e2wMveX7G-rP2dAqsDSq1mJMOaY&_nc_zt=24&_nc_ht=scontent-gig4-1.xx&_nc_gid=AoBFJeGrT1hVaew_6rchkQ&oh=00_AfX7QmFGhQhG2jAllVgXCiM1ZrWgvtp80-Bfppyexh1QEg&oe=689E923C\",\"@id\":\"https:\\\/\\\/anoticiaonline.com.br\\\/site\\\/pracas-da-cidade-sao-revitalizadas\\\/#organizationLogo\"},\"image\":{\"@id\":\"https:\\\/\\\/anoticiaonline.com.br\\\/site\\\/pracas-da-cidade-sao-revitalizadas\\\/#organizationLogo\"}},{\"@type\":\"Person\",\"@id\":\"https:\\\/\\\/anoticiaonline.com.br\\\/site\\\/author\\\/juliana\\\/#author\",\"url\":\"https:\\\/\\\/anoticiaonline.com.br\\\/site\\\/author\\\/juliana\\\/\",\"name\":\"Juliana Laviola\",\"image\":{\"@type\":\"ImageObject\",\"@id\":\"https:\\\/\\\/anoticiaonline.com.br\\\/site\\\/pracas-da-cidade-sao-revitalizadas\\\/#authorImage\",\"url\":\"https:\\\/\\\/secure.gravatar.com\\\/avatar\\\/b8d45f5c699b100dfaf0e543582f38f38bf94cb7ae3a5e9abf8d891a34773335?s=96&d=mm&r=g\",\"width\":96,\"height\":96,\"caption\":\"Juliana Laviola\"}},{\"@type\":\"WebPage\",\"@id\":\"https:\\\/\\\/anoticiaonline.com.br\\\/site\\\/pracas-da-cidade-sao-revitalizadas\\\/#webpage\",\"url\":\"https:\\\/\\\/anoticiaonline.com.br\\\/site\\\/pracas-da-cidade-sao-revitalizadas\\\/\",\"name\":\"Pra\\u00e7as da cidade s\\u00e3o revitalizadas - A Not\\u00edcia Online\",\"description\":\"As pra\\u00e7as de Muria\\u00e9 est\\u00e3o recebendo um programa de revitaliza\\u00e7\\u00e3o. Na sexta-feira (11), a Pra\\u00e7a S\\u00e3o Paulo recebeu novas esp\\u00e9cies de plantas e reforma dos canteiros. O objetivo do servi\\u00e7o \\u00e9 tornar as \\u00e1reas comuns mais aconchegantes e coloridas, atraindo crian\\u00e7as, jovens e adultos para atividades de entretenimento e conviv\\u00eancia. Nos canteiros da pra\\u00e7a foram inseridas\",\"inLanguage\":\"pt-BR\",\"isPartOf\":{\"@id\":\"https:\\\/\\\/anoticiaonline.com.br\\\/site\\\/#website\"},\"breadcrumb\":{\"@id\":\"https:\\\/\\\/anoticiaonline.com.br\\\/site\\\/pracas-da-cidade-sao-revitalizadas\\\/#breadcrumblist\"},\"author\":{\"@id\":\"https:\\\/\\\/anoticiaonline.com.br\\\/site\\\/author\\\/juliana\\\/#author\"},\"creator\":{\"@id\":\"https:\\\/\\\/anoticiaonline.com.br\\\/site\\\/author\\\/juliana\\\/#author\"},\"image\":{\"@type\":\"ImageObject\",\"url\":\"https:\\\/\\\/anoticiaonline.com.br\\\/site\\\/wp-content\\\/uploads\\\/2018\\\/05\\\/Pra\\u00e7as-da-cidade-s\\u00e3o-revitalizadas.jpg\",\"@id\":\"https:\\\/\\\/anoticiaonline.com.br\\\/site\\\/pracas-da-cidade-sao-revitalizadas\\\/#mainImage\",\"width\":640,\"height\":427},\"primaryImageOfPage\":{\"@id\":\"https:\\\/\\\/anoticiaonline.com.br\\\/site\\\/pracas-da-cidade-sao-revitalizadas\\\/#mainImage\"},\"datePublished\":\"2018-05-17T22:38:10-03:00\",\"dateModified\":\"2018-05-17T22:38:10-03:00\"},{\"@type\":\"WebSite\",\"@id\":\"https:\\\/\\\/anoticiaonline.com.br\\\/site\\\/#website\",\"url\":\"https:\\\/\\\/anoticiaonline.com.br\\\/site\\\/\",\"name\":\"A Not\\u00edcia Online\",\"description\":\"Noticias de Muria\\u00e9 e regi\\u00e3o\",\"inLanguage\":\"pt-BR\",\"publisher\":{\"@id\":\"https:\\\/\\\/anoticiaonline.com.br\\\/site\\\/#organization\"}}]}\n\t\t<\/script>\n\t\t<!-- All in One SEO -->\n\n","aioseo_head_json":{"title":"Pra\u00e7as da cidade s\u00e3o revitalizadas - A Not\u00edcia Online","description":"As pra\u00e7as de Muria\u00e9 est\u00e3o recebendo um programa de revitaliza\u00e7\u00e3o. Na sexta-feira (11), a Pra\u00e7a S\u00e3o Paulo recebeu novas esp\u00e9cies de plantas e reforma dos canteiros. O objetivo do servi\u00e7o \u00e9 tornar as \u00e1reas comuns mais aconchegantes e coloridas, atraindo crian\u00e7as, jovens e adultos para atividades de entretenimento e conviv\u00eancia. Nos canteiros da pra\u00e7a foram inseridas","canonical_url":"https:\/\/anoticiaonline.com.br\/site\/pracas-da-cidade-sao-revitalizadas\/","robots":"max-image-preview:large","keywords":"","webmasterTools":{"miscellaneous":""},"schema":{"@context":"https:\/\/schema.org","@graph":[{"@type":"BlogPosting","@id":"https:\/\/anoticiaonline.com.br\/site\/pracas-da-cidade-sao-revitalizadas\/#blogposting","name":"Pra\u00e7as da cidade s\u00e3o revitalizadas - A Not\u00edcia Online","headline":"Pra\u00e7as da cidade s\u00e3o revitalizadas","author":{"@id":"https:\/\/anoticiaonline.com.br\/site\/author\/juliana\/#author"},"publisher":{"@id":"https:\/\/anoticiaonline.com.br\/site\/#organization"},"image":{"@type":"ImageObject","url":"https:\/\/anoticiaonline.com.br\/site\/wp-content\/uploads\/2018\/05\/Pra\u00e7as-da-cidade-s\u00e3o-revitalizadas.jpg","width":640,"height":427},"datePublished":"2018-05-17T22:38:10-03:00","dateModified":"2018-05-17T22:38:10-03:00","inLanguage":"pt-BR","mainEntityOfPage":{"@id":"https:\/\/anoticiaonline.com.br\/site\/pracas-da-cidade-sao-revitalizadas\/#webpage"},"isPartOf":{"@id":"https:\/\/anoticiaonline.com.br\/site\/pracas-da-cidade-sao-revitalizadas\/#webpage"},"articleSection":"Blog, Muria\u00e9, pra\u00e7as, prefeitura, revitaliza\u00e7\u00e3o"},{"@type":"BreadcrumbList","@id":"https:\/\/anoticiaonline.com.br\/site\/pracas-da-cidade-sao-revitalizadas\/#breadcrumblist","itemListElement":[{"@type":"ListItem","@id":"https:\/\/anoticiaonline.com.br\/site#listItem","position":1,"name":"Home","item":"https:\/\/anoticiaonline.com.br\/site","nextItem":{"@type":"ListItem","@id":"https:\/\/anoticiaonline.com.br\/site\/categoria\/muriae\/#listItem","name":"Blog"}},{"@type":"ListItem","@id":"https:\/\/anoticiaonline.com.br\/site\/categoria\/muriae\/#listItem","position":2,"name":"Blog","item":"https:\/\/anoticiaonline.com.br\/site\/categoria\/muriae\/","nextItem":{"@type":"ListItem","@id":"https:\/\/anoticiaonline.com.br\/site\/pracas-da-cidade-sao-revitalizadas\/#listItem","name":"Pra\u00e7as da cidade s\u00e3o revitalizadas"},"previousItem":{"@type":"ListItem","@id":"https:\/\/anoticiaonline.com.br\/site#listItem","name":"Home"}},{"@type":"ListItem","@id":"https:\/\/anoticiaonline.com.br\/site\/pracas-da-cidade-sao-revitalizadas\/#listItem","position":3,"name":"Pra\u00e7as da cidade s\u00e3o revitalizadas","previousItem":{"@type":"ListItem","@id":"https:\/\/anoticiaonline.com.br\/site\/categoria\/muriae\/#listItem","name":"Blog"}}]},{"@type":"Organization","@id":"https:\/\/anoticiaonline.com.br\/site\/#organization","name":"A Not\u00edcia Online","description":"Noticias de Muria\u00e9 e regi\u00e3o","url":"https:\/\/anoticiaonline.com.br\/site\/","logo":{"@type":"ImageObject","url":"https:\/\/scontent-gig4-1.xx.fbcdn.net\/v\/t39.30808-1\/270437624_4564083193639691_6907940295614233970_n.jpg?stp=dst-jpg_s200x200_tt6&_nc_cat=111&ccb=1-7&_nc_sid=f907e8&_nc_ohc=SM1wRlP3lJwQ7kNvwEPuBYA&_nc_oc=AdnqrjDN_BNjSSHWO-GbkIWH6fkGMLw4bqvL_NH6e2wMveX7G-rP2dAqsDSq1mJMOaY&_nc_zt=24&_nc_ht=scontent-gig4-1.xx&_nc_gid=AoBFJeGrT1hVaew_6rchkQ&oh=00_AfX7QmFGhQhG2jAllVgXCiM1ZrWgvtp80-Bfppyexh1QEg&oe=689E923C","@id":"https:\/\/anoticiaonline.com.br\/site\/pracas-da-cidade-sao-revitalizadas\/#organizationLogo"},"image":{"@id":"https:\/\/anoticiaonline.com.br\/site\/pracas-da-cidade-sao-revitalizadas\/#organizationLogo"}},{"@type":"Person","@id":"https:\/\/anoticiaonline.com.br\/site\/author\/juliana\/#author","url":"https:\/\/anoticiaonline.com.br\/site\/author\/juliana\/","name":"Juliana Laviola","image":{"@type":"ImageObject","@id":"https:\/\/anoticiaonline.com.br\/site\/pracas-da-cidade-sao-revitalizadas\/#authorImage","url":"https:\/\/secure.gravatar.com\/avatar\/b8d45f5c699b100dfaf0e543582f38f38bf94cb7ae3a5e9abf8d891a34773335?s=96&d=mm&r=g","width":96,"height":96,"caption":"Juliana Laviola"}},{"@type":"WebPage","@id":"https:\/\/anoticiaonline.com.br\/site\/pracas-da-cidade-sao-revitalizadas\/#webpage","url":"https:\/\/anoticiaonline.com.br\/site\/pracas-da-cidade-sao-revitalizadas\/","name":"Pra\u00e7as da cidade s\u00e3o revitalizadas - A Not\u00edcia Online","description":"As pra\u00e7as de Muria\u00e9 est\u00e3o recebendo um programa de revitaliza\u00e7\u00e3o. Na sexta-feira (11), a Pra\u00e7a S\u00e3o Paulo recebeu novas esp\u00e9cies de plantas e reforma dos canteiros. O objetivo do servi\u00e7o \u00e9 tornar as \u00e1reas comuns mais aconchegantes e coloridas, atraindo crian\u00e7as, jovens e adultos para atividades de entretenimento e conviv\u00eancia. Nos canteiros da pra\u00e7a foram inseridas","inLanguage":"pt-BR","isPartOf":{"@id":"https:\/\/anoticiaonline.com.br\/site\/#website"},"breadcrumb":{"@id":"https:\/\/anoticiaonline.com.br\/site\/pracas-da-cidade-sao-revitalizadas\/#breadcrumblist"},"author":{"@id":"https:\/\/anoticiaonline.com.br\/site\/author\/juliana\/#author"},"creator":{"@id":"https:\/\/anoticiaonline.com.br\/site\/author\/juliana\/#author"},"image":{"@type":"ImageObject","url":"https:\/\/anoticiaonline.com.br\/site\/wp-content\/uploads\/2018\/05\/Pra\u00e7as-da-cidade-s\u00e3o-revitalizadas.jpg","@id":"https:\/\/anoticiaonline.com.br\/site\/pracas-da-cidade-sao-revitalizadas\/#mainImage","width":640,"height":427},"primaryImageOfPage":{"@id":"https:\/\/anoticiaonline.com.br\/site\/pracas-da-cidade-sao-revitalizadas\/#mainImage"},"datePublished":"2018-05-17T22:38:10-03:00","dateModified":"2018-05-17T22:38:10-03:00"},{"@type":"WebSite","@id":"https:\/\/anoticiaonline.com.br\/site\/#website","url":"https:\/\/anoticiaonline.com.br\/site\/","name":"A Not\u00edcia Online","description":"Noticias de Muria\u00e9 e regi\u00e3o","inLanguage":"pt-BR","publisher":{"@id":"https:\/\/anoticiaonline.com.br\/site\/#organization"}}]},"og:locale":"pt_BR","og:site_name":"A Not\u00edcia Online - Noticias de Muria\u00e9 e regi\u00e3o","og:type":"article","og:title":"Pra\u00e7as da cidade s\u00e3o revitalizadas - A Not\u00edcia Online","og:description":"As pra\u00e7as de Muria\u00e9 est\u00e3o recebendo um programa de revitaliza\u00e7\u00e3o. Na sexta-feira (11), a Pra\u00e7a S\u00e3o Paulo recebeu novas esp\u00e9cies de plantas e reforma dos canteiros. O objetivo do servi\u00e7o \u00e9 tornar as \u00e1reas comuns mais aconchegantes e coloridas, atraindo crian\u00e7as, jovens e adultos para atividades de entretenimento e conviv\u00eancia. Nos canteiros da pra\u00e7a foram inseridas","og:url":"https:\/\/anoticiaonline.com.br\/site\/pracas-da-cidade-sao-revitalizadas\/","og:image":"https:\/\/scontent-gig4-1.xx.fbcdn.net\/v\/t39.30808-1\/270437624_4564083193639691_6907940295614233970_n.jpg?stp=dst-jpg_s200x200_tt6&#038;_nc_cat=111&#038;ccb=1-7&#038;_nc_sid=f907e8&#038;_nc_ohc=SM1wRlP3lJwQ7kNvwEPuBYA&#038;_nc_oc=AdnqrjDN_BNjSSHWO-GbkIWH6fkGMLw4bqvL_NH6e2wMveX7G-rP2dAqsDSq1mJMOaY&#038;_nc_zt=24&#038;_nc_ht=scontent-gig4-1.xx&#038;_nc_gid=AoBFJeGrT1hVaew_6rchkQ&#038;oh=00_AfX7QmFGhQhG2jAllVgXCiM1ZrWgvtp80-Bfppyexh1QEg&#038;oe=689E923C","og:image:secure_url":"https:\/\/scontent-gig4-1.xx.fbcdn.net\/v\/t39.30808-1\/270437624_4564083193639691_6907940295614233970_n.jpg?stp=dst-jpg_s200x200_tt6&#038;_nc_cat=111&#038;ccb=1-7&#038;_nc_sid=f907e8&#038;_nc_ohc=SM1wRlP3lJwQ7kNvwEPuBYA&#038;_nc_oc=AdnqrjDN_BNjSSHWO-GbkIWH6fkGMLw4bqvL_NH6e2wMveX7G-rP2dAqsDSq1mJMOaY&#038;_nc_zt=24&#038;_nc_ht=scontent-gig4-1.xx&#038;_nc_gid=AoBFJeGrT1hVaew_6rchkQ&#038;oh=00_AfX7QmFGhQhG2jAllVgXCiM1ZrWgvtp80-Bfppyexh1QEg&#038;oe=689E923C","article:published_time":"2018-05-18T01:38:10+00:00","article:modified_time":"2018-05-18T01:38:10+00:00","twitter:card":"summary_large_image","twitter:title":"Pra\u00e7as da cidade s\u00e3o revitalizadas - A Not\u00edcia Online","twitter:description":"As pra\u00e7as de Muria\u00e9 est\u00e3o recebendo um programa de revitaliza\u00e7\u00e3o. Na sexta-feira (11), a Pra\u00e7a S\u00e3o Paulo recebeu novas esp\u00e9cies de plantas e reforma dos canteiros. O objetivo do servi\u00e7o \u00e9 tornar as \u00e1reas comuns mais aconchegantes e coloridas, atraindo crian\u00e7as, jovens e adultos para atividades de entretenimento e conviv\u00eancia. Nos canteiros da pra\u00e7a foram inseridas","twitter:image":"https:\/\/scontent-gig4-1.xx.fbcdn.net\/v\/t39.30808-1\/270437624_4564083193639691_6907940295614233970_n.jpg?stp=dst-jpg_s200x200_tt6&_nc_cat=111&ccb=1-7&_nc_sid=f907e8&_nc_ohc=SM1wRlP3lJwQ7kNvwEPuBYA&_nc_oc=AdnqrjDN_BNjSSHWO-GbkIWH6fkGMLw4bqvL_NH6e2wMveX7G-rP2dAqsDSq1mJMOaY&_nc_zt=24&_nc_ht=scontent-gig4-1.xx&_nc_gid=AoBFJeGrT1hVaew_6rchkQ&oh=00_AfX7QmFGhQhG2jAllVgXCiM1ZrWgvtp80-Bfppyexh1QEg&oe=689E923C"},"aioseo_meta_data":{"post_id":"56151","title":null,"description":null,"keywords":null,"keyphrases":null,"primary_term":null,"canonical_url":null,"og_title":null,"og_description":null,"og_object_type":"default","og_image_type":"default","og_image_url":null,"og_image_width":null,"og_image_height":null,"og_image_custom_url":null,"og_image_custom_fields":null,"og_video":null,"og_custom_url":null,"og_article_section":null,"og_article_tags":null,"twitter_use_og":false,"twitter_card":"default","twitter_image_type":"default","twitter_image_url":null,"twitter_image_custom_url":null,"twitter_image_custom_fields":null,"twitter_title":null,"twitter_description":null,"schema":{"blockGraphs":[],"customGraphs":[],"default":{"data":{"Article":[],"Course":[],"Dataset":[],"FAQPage":[],"Movie":[],"Person":[],"Product":[],"ProductReview":[],"Car":[],"Recipe":[],"Service":[],"SoftwareApplication":[],"WebPage":[]},"graphName":"","isEnabled":true},"graphs":[]},"schema_type":"default","schema_type_options":null,"pillar_content":false,"robots_default":true,"robots_noindex":false,"robots_noarchive":false,"robots_nosnippet":false,"robots_nofollow":false,"robots_noimageindex":false,"robots_noodp":false,"robots_notranslate":false,"robots_max_snippet":null,"robots_max_videopreview":null,"robots_max_imagepreview":"large","priority":null,"frequency":null,"local_seo":null,"breadcrumb_settings":null,"limit_modified_date":false,"ai":null,"created":"2025-08-16 20:52:25","updated":"2025-08-16 20:52:25","focus_keyword":null,"additional_keywords":null,"truseo_locale":null,"seo_analyzer_scan_date":null},"aioseo_breadcrumb":"<div class=\"aioseo-breadcrumbs\"><span class=\"aioseo-breadcrumb\">\n\t\t\t<a href=\"https:\/\/anoticiaonline.com.br\/site\" title=\"Home\">Home<\/a>\n\t\t<\/span><span class=\"aioseo-breadcrumb-separator\">&raquo;<\/span><span class=\"aioseo-breadcrumb\">\n\t\t\t<a href=\"https:\/\/anoticiaonline.com.br\/site\/categoria\/muriae\/\" title=\"Blog\">Blog<\/a>\n\t\t<\/span><span class=\"aioseo-breadcrumb-separator\">&raquo;<\/span><span class=\"aioseo-breadcrumb\">\n\t\t\tPra\u00e7as da cidade s\u00e3o revitalizadas\n\t\t<\/span><\/div>","aioseo_breadcrumb_json":[{"label":"Home","link":"https:\/\/anoticiaonline.com.br\/site"},{"label":"Blog","link":"https:\/\/anoticiaonline.com.br\/site\/categoria\/muriae\/"},{"label":"Pra\u00e7as da cidade s\u00e3o revitalizadas","link":"https:\/\/anoticiaonline.com.br\/site\/pracas-da-cidade-sao-revitalizadas\/"}],"views":160,"_links":{"self":[{"href":"https:\/\/anoticiaonline.com.br\/site\/wp-json\/wp\/v2\/posts\/56151","targetHints":{"allow":["GET"]}}],"collection":[{"href":"https:\/\/anoticiaonline.com.br\/site\/wp-json\/wp\/v2\/posts"}],"about":[{"href":"https:\/\/anoticiaonline.com.br\/site\/wp-json\/wp\/v2\/types\/post"}],"author":[{"embeddable":true,"href":"https:\/\/anoticiaonline.com.br\/site\/wp-json\/wp\/v2\/users\/2"}],"replies":[{"embeddable":true,"href":"https:\/\/anoticiaonline.com.br\/site\/wp-json\/wp\/v2\/comments?post=56151"}],"version-history":[{"count":0,"href":"https:\/\/anoticiaonline.com.br\/site\/wp-json\/wp\/v2\/posts\/56151\/revisions"}],"wp:featuredmedia":[{"embeddable":true,"href":"https:\/\/anoticiaonline.com.br\/site\/wp-json\/wp\/v2\/media\/56154"}],"wp:attachment":[{"href":"https:\/\/anoticiaonline.com.br\/site\/wp-json\/wp\/v2\/media?parent=56151"}],"wp:term":[{"taxonomy":"category","embeddable":true,"href":"https:\/\/anoticiaonline.com.br\/site\/wp-json\/wp\/v2\/categories?post=56151"},{"taxonomy":"post_tag","embeddable":true,"href":"https:\/\/anoticiaonline.com.br\/site\/wp-json\/wp\/v2\/tags?post=56151"}],"curies":[{"name":"wp","href":"https:\/\/api.w.org\/{rel}","templated":true}]}}